{"id":45656,"date":"2026-04-26T13:50:08","date_gmt":"2026-04-26T13:50:08","guid":{"rendered":"https:\/\/lobosnews.com.ar\/index.php\/2026\/04\/26\/el-romantico-gesto-de-maia-reficco-a-franco-colapinto-en-publico-previo-a-su-exhibicion-en-buenos-aires\/"},"modified":"2026-04-26T14:44:08","modified_gmt":"2026-04-26T14:44:08","slug":"el-romantico-gesto-de-maia-reficco-a-franco-colapinto-en-publico-previo-a-su-exhibicion-en-buenos-aires","status":"publish","type":"post","link":"https:\/\/lobosnews.com.ar\/index.php\/2026\/04\/26\/el-romantico-gesto-de-maia-reficco-a-franco-colapinto-en-publico-previo-a-su-exhibicion-en-buenos-aires\/","title":{"rendered":"El rom\u00e1ntico gesto de Maia Reficco a Franco Colapinto en p\u00fablico previo a su exhibici\u00f3n en Buenos Aires"},"content":{"rendered":"<p><b>El romance entre<\/b><span class=\"waslinkname\"><b> Franco Colapinto <\/b><\/span><b>y <\/b><span class=\"waslinkname\"><b>Maia Reficco<\/b><\/span><b> se consolida como uno de los m\u00e1s comentados<\/b> del momento y ya dej\u00f3 de ser solo un rumor para convertirse en una realidad a la vista de todos. En las \u00faltimas semanas, la pareja comenz\u00f3 a mostrarse cada vez m\u00e1s unida en Buenos Aires, justo cuando el piloto se prepara para <span class=\"waslinkname\">su exhibici\u00f3n en Palermo<\/span> y ambos disfrutan de la ciudad sin preocuparse por la discreci\u00f3n que marc\u00f3 el inicio de su historia. Un reciente video viral, <b>sumado a las apariciones p\u00fablicas y los gestos de cari\u00f1o por parte de la actriz, termin\u00f3 por confirmar que el v\u00ednculo<\/b> atraviesa un presente de pura conexi\u00f3n y complicidad.<\/p>\n<p>A horas de la esperada exhibici\u00f3n de Colapinto, un video viralizado por la cuenta <i><b>Far\u00e1ndula Show<\/b><\/i><i> <\/i>dej\u00f3 en claro que la relaci\u00f3n atraviesa un momento de plena conexi\u00f3n. Durante una salida a una bodega en Cardales,<b> la actriz y cantante fue registrada mirando a Franco con una expresi\u00f3n de absoluta devoci\u00f3n y ternura, hipnotizada por el amor que siente por el piloto<\/b>. La escena, breve pero elocuente, muestra a Maia sonriente, con la mirada fija en Colapinto, mientras \u00e9l le habla y ambos comparten un momento de complicidad y alegr\u00eda. El video r\u00e1pidamente sum\u00f3 miles de reproducciones y comentarios, y dej\u00f3 en claro que la pareja vive un presente de pura cercan\u00eda y emoci\u00f3n.<\/p>\n<p>Los comentarios de los fans no se hicieron esperar y apuntaron directo al gesto de Maia hacia Franco. \u201c<b>Est\u00e1n muy enamorados<\/b>\u201d; \u201c\u00a1Viva la pareja!\u201d; \u201cLo bien que come Maia Reficco\u201d; \u201c<b>Que sean felices<\/b>\u201d; \u201c<b>Amo c\u00f3mo lo mira a \u00e9l<\/b>\u201d, fueron solo algunos de los mensajes que se multiplicaron en X, antes conocida como Twitter.<\/p>\n<p><img fetchpriority=\"high\" decoding=\"async\" src=\"https:\/\/lobosnews.com.ar\/wp-content\/uploads\/2026\/04\/el-romantico-gesto-de-maia-reficco-a-franco-colapinto-en-publico-previo-a-su-exhibicion-en-buenos-aires.jpg\" alt=\"Franco Colapinto y Maia Reficco, sonriendo, se mostraron juntos en un restaurante de Cardales, confirmando as\u00ed su relaci\u00f3n (Captura de video)\" height=\"1504\" width=\"1157\"\/><\/p>\n<p>Los detalles del romance, que viene cosechando reacciones desde hace d\u00edas, se conocieron en marzo cuando<span class=\"waslinkname\"><b> Gustavo M\u00e9ndez<\/b><\/span><span class=\"waslinkname\"> revel\u00f3 en<i><b> La Ma\u00f1ana con Moria <\/b><\/i><\/span>(El Trece) que el piloto y la cantante hab\u00edan iniciado su historia juntos durante el verano. Desde entonces, las pistas y confirmaciones no pararon de llegar. <span class=\"waslinkname\">Este s\u00e1bado, el periodista sum\u00f3 <\/span>nuevos datos que dan cuenta del presente de la pareja: \u201cFranco Colapinto y Maia Reficco ya no se esconden. <b>Est\u00e1n parando en el Park Hyatt, en el Palacio Duhau, en el barrio de Recoleta. Y escuchen lo que hizo Colapinto anoche. Prepar\u00f3 la suite con p\u00e9talos de rosas incluido adentro del jacuzzi, con champagne para celebrar este amor<\/b>. Tambi\u00e9n a Colapinto, en otra habitaci\u00f3n del tercer piso, lo est\u00e1 acompa\u00f1ando su mam\u00e1. As\u00ed que este domingo aparentemente se viene la oficializaci\u00f3n de este noviazgo que te cont\u00e9 el 23 de marzo en <i>La Ma\u00f1ana <\/i>con Moria y que se recontra confirm\u00f3. Franco Colapinto y Maia Reficco, re enamorados\u201d.<\/p>\n<p>La relaci\u00f3n dej\u00f3 de ser solo un rumor y empez\u00f3 a desplegarse en la vida social de Buenos Aires. Este fin de semana, <b>la pareja fue vista durante el mediod\u00eda del s\u00e1bado junto a un grupo de amigos almorzando en un restaurante de Cardales<\/b>, a donde llegaron en helic\u00f3ptero, sumando un toque de glamour y sorpresa al encuentro. Las c\u00e1maras de los presentes captaron a Franco y Maia abrazados, sonrientes y disfrutando de la jornada. En una de las postales m\u00e1s comentadas, Maia luce una blusa blanca y una chaqueta rosa claro, mientras Franco aparece con un su\u00e9ter verde oliva. Ambos se muestran distendidos y felices, rodeados de naturaleza y amigos, en un clima de total relajaci\u00f3n.<\/p>\n<p><img loading=\"lazy\" decoding=\"async\" src=\"https:\/\/lobosnews.com.ar\/wp-content\/uploads\/2026\/04\/el-romantico-gesto-de-maia-reficco-a-franco-colapinto-en-publico-previo-a-su-exhibicion-en-buenos-aires-1.jpg\" alt=\"Franco Colapinto y Maia Reficco fueron vistos juntos durante un almuerzo en un restaurante de Cardales, confirmando as\u00ed su relaci\u00f3n (SQP\/Instagram)\" height=\"2096\" width=\"1179\"\/><\/p>\n<p>Otra de las im\u00e1genes, compartida por la cuenta de Instagram de<i> SQP<\/i> (Am\u00e9rica), el programa que conduce<span class=\"waslinkname\"><b> Yanina Latorre<\/b><\/span>, mostraba a<b> la pareja paseando juntos por la Estancia Vigil. Caminan sonrientes, en actitud natural y sin intentar ocultar su v\u00ednculo<\/b>, confirmando que la relaci\u00f3n atraviesa un gran momento. Las fotos reflejan gestos de cari\u00f1o, abrazos y una complicidad que trasciende la pantalla y las redes.<\/p>\n<p>El furor por el romance crece con cada aparici\u00f3n p\u00fablica y cada gesto. Lejos de la discreci\u00f3n que marc\u00f3 los primeros encuentros, Franco y Maia disfrutan de su amor y lo comparten con familiares, amigos y seguidores. El gesto de Maia, mir\u00e1ndolo a Franco como \u201chipnotizada\u201d, se convirti\u00f3 en el s\u00edmbolo de una historia que hoy es celebrada por los fans y que promete seguir sumando cap\u00edtulos en la agenda medi\u00e1tica y sentimental de la temporada.<\/p>\n","protected":false},"excerpt":{"rendered":"<p>El romance entre Franco Colapinto y Maia Reficco se consolida como uno de los m\u00e1s comentados del momento y ya dej\u00f3 de ser solo un rumor para convertirse en una realidad a la vista de todos. En las \u00faltimas semanas, la pareja comenz\u00f3 a mostrarse cada vez m\u00e1s unida en Buenos Aires, justo cuando el&#8230;<\/p>\n","protected":false},"author":1,"featured_media":45663,"comment_status":"open","ping_status":"closed","sticky":false,"template":"","format":"standard","meta":{"_jetpack_memberships_contains_paid_content":false,"footnotes":""},"categories":[79],"tags":[],"class_list":["post-45656","post","type-post","status-publish","format-standard","has-post-thumbnail","hentry","category-cine-y-series"],"magazineBlocksPostFeaturedMedia":{"thumbnail":"https:\/\/lobosnews.com.ar\/wp-content\/uploads\/2026\/04\/el-romantico-gesto-de-maia-reficco-a-franco-colapinto-en-publico-previo-a-su-exhibicion-en-buenos-aires-3-150x150.jpg","medium":"https:\/\/lobosnews.com.ar\/wp-content\/uploads\/2026\/04\/el-romantico-gesto-de-maia-reficco-a-franco-colapinto-en-publico-previo-a-su-exhibicion-en-buenos-aires-3-169x300.jpg","medium_large":"https:\/\/lobosnews.com.ar\/wp-content\/uploads\/2026\/04\/el-romantico-gesto-de-maia-reficco-a-franco-colapinto-en-publico-previo-a-su-exhibicion-en-buenos-aires-3-768x1365.jpg","large":"https:\/\/lobosnews.com.ar\/wp-content\/uploads\/2026\/04\/el-romantico-gesto-de-maia-reficco-a-franco-colapinto-en-publico-previo-a-su-exhibicion-en-buenos-aires-3-576x1024.jpg","1536x1536":"https:\/\/lobosnews.com.ar\/wp-content\/uploads\/2026\/04\/el-romantico-gesto-de-maia-reficco-a-franco-colapinto-en-publico-previo-a-su-exhibicion-en-buenos-aires-3-864x1536.jpg","2048x2048":"https:\/\/lobosnews.com.ar\/wp-content\/uploads\/2026\/04\/el-romantico-gesto-de-maia-reficco-a-franco-colapinto-en-publico-previo-a-su-exhibicion-en-buenos-aires-3-1152x2048.jpg","newsmatic-featured":"https:\/\/lobosnews.com.ar\/wp-content\/uploads\/2026\/04\/el-romantico-gesto-de-maia-reficco-a-franco-colapinto-en-publico-previo-a-su-exhibicion-en-buenos-aires-3-820x545.jpg","newsmatic-list":"https:\/\/lobosnews.com.ar\/wp-content\/uploads\/2026\/04\/el-romantico-gesto-de-maia-reficco-a-franco-colapinto-en-publico-previo-a-su-exhibicion-en-buenos-aires-3-600x400.jpg","newsmatic-thumb":"https:\/\/lobosnews.com.ar\/wp-content\/uploads\/2026\/04\/el-romantico-gesto-de-maia-reficco-a-franco-colapinto-en-publico-previo-a-su-exhibicion-en-buenos-aires-3-300x200.jpg","newsmatic-small":"https:\/\/lobosnews.com.ar\/wp-content\/uploads\/2026\/04\/el-romantico-gesto-de-maia-reficco-a-franco-colapinto-en-publico-previo-a-su-exhibicion-en-buenos-aires-3-150x95.jpg","newsmatic-grid":"https:\/\/lobosnews.com.ar\/wp-content\/uploads\/2026\/04\/el-romantico-gesto-de-maia-reficco-a-franco-colapinto-en-publico-previo-a-su-exhibicion-en-buenos-aires-3-400x250.jpg"},"magazineBlocksPostAuthor":{"name":"admin","avatar":"https:\/\/secure.gravatar.com\/avatar\/76e419471a2083bc3ceab22a763dbbf9b0c1bd15a6214cf3280e2c2dde4580f9?s=96&d=mm&r=g"},"magazineBlocksPostCommentsNumber":"0","magazineBlocksPostExcerpt":"El romance entre Franco Colapinto y Maia Reficco se consolida como uno de los m\u00e1s comentados del momento y ya dej\u00f3 de ser solo un rumor para convertirse en una realidad a la vista de todos. En las \u00faltimas semanas, la pareja comenz\u00f3 a mostrarse cada vez m\u00e1s unida en Buenos Aires, justo cuando el...","magazineBlocksPostCategories":["Cine y Series"],"magazineBlocksPostViewCount":4,"magazineBlocksPostReadTime":4,"magazine_blocks_featured_image_url":{"full":["https:\/\/lobosnews.com.ar\/wp-content\/uploads\/2026\/04\/el-romantico-gesto-de-maia-reficco-a-franco-colapinto-en-publico-previo-a-su-exhibicion-en-buenos-aires-3.jpg",1179,2096,false],"medium":["https:\/\/lobosnews.com.ar\/wp-content\/uploads\/2026\/04\/el-romantico-gesto-de-maia-reficco-a-franco-colapinto-en-publico-previo-a-su-exhibicion-en-buenos-aires-3-169x300.jpg",169,300,true],"thumbnail":["https:\/\/lobosnews.com.ar\/wp-content\/uploads\/2026\/04\/el-romantico-gesto-de-maia-reficco-a-franco-colapinto-en-publico-previo-a-su-exhibicion-en-buenos-aires-3-150x150.jpg",150,150,true]},"magazine_blocks_author":{"display_name":"admin","author_link":"https:\/\/lobosnews.com.ar\/index.php\/author\/lobos-news\/"},"magazine_blocks_comment":0,"magazine_blocks_author_image":"https:\/\/secure.gravatar.com\/avatar\/76e419471a2083bc3ceab22a763dbbf9b0c1bd15a6214cf3280e2c2dde4580f9?s=96&d=mm&r=g","magazine_blocks_category":"<a href=\"#\" class=\"category-link category-link-79\">Cine y Series<\/a>","yoast_head":"<!-- This site is optimized with the Yoast SEO plugin v26.6 - https:\/\/yoast.com\/wordpress\/plugins\/seo\/ -->\n<title>El rom\u00e1ntico gesto de Maia Reficco a Franco Colapinto en p\u00fablico previo a su exhibici\u00f3n en Buenos Aires - Lobos News<\/title>\n<meta name=\"robots\" content=\"index, follow, max-snippet:-1, max-image-preview:large, max-video-preview:-1\" \/>\n<link rel=\"canonical\" href=\"https:\/\/lobosnews.com.ar\/index.php\/2026\/04\/26\/el-romantico-gesto-de-maia-reficco-a-franco-colapinto-en-publico-previo-a-su-exhibicion-en-buenos-aires\/\" \/>\n<meta property=\"og:locale\" content=\"es_ES\" \/>\n<meta property=\"og:type\" content=\"article\" \/>\n<meta property=\"og:title\" content=\"El rom\u00e1ntico gesto de Maia Reficco a Franco Colapinto en p\u00fablico previo a su exhibici\u00f3n en Buenos Aires - Lobos News\" \/>\n<meta property=\"og:description\" content=\"El romance entre Franco Colapinto y Maia Reficco se consolida como uno de los m\u00e1s comentados del momento y ya dej\u00f3 de ser solo un rumor para convertirse en una realidad a la vista de todos. En las \u00faltimas semanas, la pareja comenz\u00f3 a mostrarse cada vez m\u00e1s unida en Buenos Aires, justo cuando el...\" \/>\n<meta property=\"og:url\" content=\"https:\/\/lobosnews.com.ar\/index.php\/2026\/04\/26\/el-romantico-gesto-de-maia-reficco-a-franco-colapinto-en-publico-previo-a-su-exhibicion-en-buenos-aires\/\" \/>\n<meta property=\"og:site_name\" content=\"Lobos News\" \/>\n<meta property=\"article:published_time\" content=\"2026-04-26T13:50:08+00:00\" \/>\n<meta property=\"article:modified_time\" content=\"2026-04-26T14:44:08+00:00\" \/>\n<meta property=\"og:image\" content=\"https:\/\/lobosnews.com.ar\/wp-content\/uploads\/2026\/04\/el-romantico-gesto-de-maia-reficco-a-franco-colapinto-en-publico-previo-a-su-exhibicion-en-buenos-aires.jpg\" \/>\n<meta name=\"author\" content=\"admin\" \/>\n<meta name=\"twitter:card\" content=\"summary_large_image\" \/>\n<meta name=\"twitter:label1\" content=\"Escrito por\" \/>\n\t<meta name=\"twitter:data1\" content=\"admin\" \/>\n\t<meta name=\"twitter:label2\" content=\"Tiempo de lectura\" \/>\n\t<meta name=\"twitter:data2\" content=\"4 minutos\" \/>\n<script type=\"application\/ld+json\" class=\"yoast-schema-graph\">{\"@context\":\"https:\/\/schema.org\",\"@graph\":[{\"@type\":\"Article\",\"@id\":\"https:\/\/lobosnews.com.ar\/index.php\/2026\/04\/26\/el-romantico-gesto-de-maia-reficco-a-franco-colapinto-en-publico-previo-a-su-exhibicion-en-buenos-aires\/#article\",\"isPartOf\":{\"@id\":\"https:\/\/lobosnews.com.ar\/index.php\/2026\/04\/26\/el-romantico-gesto-de-maia-reficco-a-franco-colapinto-en-publico-previo-a-su-exhibicion-en-buenos-aires\/\"},\"author\":{\"name\":\"admin\",\"@id\":\"https:\/\/lobosnews.com.ar\/#\/schema\/person\/232422a593d5c541dd9aef6aaed10943\"},\"headline\":\"El rom\u00e1ntico gesto de Maia Reficco a Franco Colapinto en p\u00fablico previo a su exhibici\u00f3n en Buenos Aires\",\"datePublished\":\"2026-04-26T13:50:08+00:00\",\"dateModified\":\"2026-04-26T14:44:08+00:00\",\"mainEntityOfPage\":{\"@id\":\"https:\/\/lobosnews.com.ar\/index.php\/2026\/04\/26\/el-romantico-gesto-de-maia-reficco-a-franco-colapinto-en-publico-previo-a-su-exhibicion-en-buenos-aires\/\"},\"wordCount\":775,\"commentCount\":0,\"publisher\":{\"@id\":\"https:\/\/lobosnews.com.ar\/#organization\"},\"image\":{\"@id\":\"https:\/\/lobosnews.com.ar\/index.php\/2026\/04\/26\/el-romantico-gesto-de-maia-reficco-a-franco-colapinto-en-publico-previo-a-su-exhibicion-en-buenos-aires\/#primaryimage\"},\"thumbnailUrl\":\"https:\/\/lobosnews.com.ar\/wp-content\/uploads\/2026\/04\/el-romantico-gesto-de-maia-reficco-a-franco-colapinto-en-publico-previo-a-su-exhibicion-en-buenos-aires-3.jpg\",\"articleSection\":[\"Cine y Series\"],\"inLanguage\":\"es\",\"potentialAction\":[{\"@type\":\"CommentAction\",\"name\":\"Comment\",\"target\":[\"https:\/\/lobosnews.com.ar\/index.php\/2026\/04\/26\/el-romantico-gesto-de-maia-reficco-a-franco-colapinto-en-publico-previo-a-su-exhibicion-en-buenos-aires\/#respond\"]}]},{\"@type\":\"WebPage\",\"@id\":\"https:\/\/lobosnews.com.ar\/index.php\/2026\/04\/26\/el-romantico-gesto-de-maia-reficco-a-franco-colapinto-en-publico-previo-a-su-exhibicion-en-buenos-aires\/\",\"url\":\"https:\/\/lobosnews.com.ar\/index.php\/2026\/04\/26\/el-romantico-gesto-de-maia-reficco-a-franco-colapinto-en-publico-previo-a-su-exhibicion-en-buenos-aires\/\",\"name\":\"El rom\u00e1ntico gesto de Maia Reficco a Franco Colapinto en p\u00fablico previo a su exhibici\u00f3n en Buenos Aires - Lobos News\",\"isPartOf\":{\"@id\":\"https:\/\/lobosnews.com.ar\/#website\"},\"primaryImageOfPage\":{\"@id\":\"https:\/\/lobosnews.com.ar\/index.php\/2026\/04\/26\/el-romantico-gesto-de-maia-reficco-a-franco-colapinto-en-publico-previo-a-su-exhibicion-en-buenos-aires\/#primaryimage\"},\"image\":{\"@id\":\"https:\/\/lobosnews.com.ar\/index.php\/2026\/04\/26\/el-romantico-gesto-de-maia-reficco-a-franco-colapinto-en-publico-previo-a-su-exhibicion-en-buenos-aires\/#primaryimage\"},\"thumbnailUrl\":\"https:\/\/lobosnews.com.ar\/wp-content\/uploads\/2026\/04\/el-romantico-gesto-de-maia-reficco-a-franco-colapinto-en-publico-previo-a-su-exhibicion-en-buenos-aires-3.jpg\",\"datePublished\":\"2026-04-26T13:50:08+00:00\",\"dateModified\":\"2026-04-26T14:44:08+00:00\",\"breadcrumb\":{\"@id\":\"https:\/\/lobosnews.com.ar\/index.php\/2026\/04\/26\/el-romantico-gesto-de-maia-reficco-a-franco-colapinto-en-publico-previo-a-su-exhibicion-en-buenos-aires\/#breadcrumb\"},\"inLanguage\":\"es\",\"potentialAction\":[{\"@type\":\"ReadAction\",\"target\":[\"https:\/\/lobosnews.com.ar\/index.php\/2026\/04\/26\/el-romantico-gesto-de-maia-reficco-a-franco-colapinto-en-publico-previo-a-su-exhibicion-en-buenos-aires\/\"]}]},{\"@type\":\"ImageObject\",\"inLanguage\":\"es\",\"@id\":\"https:\/\/lobosnews.com.ar\/index.php\/2026\/04\/26\/el-romantico-gesto-de-maia-reficco-a-franco-colapinto-en-publico-previo-a-su-exhibicion-en-buenos-aires\/#primaryimage\",\"url\":\"https:\/\/lobosnews.com.ar\/wp-content\/uploads\/2026\/04\/el-romantico-gesto-de-maia-reficco-a-franco-colapinto-en-publico-previo-a-su-exhibicion-en-buenos-aires-3.jpg\",\"contentUrl\":\"https:\/\/lobosnews.com.ar\/wp-content\/uploads\/2026\/04\/el-romantico-gesto-de-maia-reficco-a-franco-colapinto-en-publico-previo-a-su-exhibicion-en-buenos-aires-3.jpg\",\"width\":1179,\"height\":2096,\"caption\":\"El rom\u00e1ntico gesto de Maia Reficco a Franco Colapinto en p\u00fablico previo a su exhibici\u00f3n en Buenos Aires\"},{\"@type\":\"BreadcrumbList\",\"@id\":\"https:\/\/lobosnews.com.ar\/index.php\/2026\/04\/26\/el-romantico-gesto-de-maia-reficco-a-franco-colapinto-en-publico-previo-a-su-exhibicion-en-buenos-aires\/#breadcrumb\",\"itemListElement\":[{\"@type\":\"ListItem\",\"position\":1,\"name\":\"Portada\",\"item\":\"https:\/\/lobosnews.com.ar\/\"},{\"@type\":\"ListItem\",\"position\":2,\"name\":\"El rom\u00e1ntico gesto de Maia Reficco a Franco Colapinto en p\u00fablico previo a su exhibici\u00f3n en Buenos Aires\"}]},{\"@type\":\"WebSite\",\"@id\":\"https:\/\/lobosnews.com.ar\/#website\",\"url\":\"https:\/\/lobosnews.com.ar\/\",\"name\":\"Lobos News\",\"description\":\"Informaci\u00f3n a cada instante\",\"publisher\":{\"@id\":\"https:\/\/lobosnews.com.ar\/#organization\"},\"potentialAction\":[{\"@type\":\"SearchAction\",\"target\":{\"@type\":\"EntryPoint\",\"urlTemplate\":\"https:\/\/lobosnews.com.ar\/?s={search_term_string}\"},\"query-input\":{\"@type\":\"PropertyValueSpecification\",\"valueRequired\":true,\"valueName\":\"search_term_string\"}}],\"inLanguage\":\"es\"},{\"@type\":\"Organization\",\"@id\":\"https:\/\/lobosnews.com.ar\/#organization\",\"name\":\"Lobos News\",\"url\":\"https:\/\/lobosnews.com.ar\/\",\"logo\":{\"@type\":\"ImageObject\",\"inLanguage\":\"es\",\"@id\":\"https:\/\/lobosnews.com.ar\/#\/schema\/logo\/image\/\",\"url\":\"https:\/\/lobosnews.com.ar\/wp-content\/uploads\/2026\/01\/logo-lobosnews.png\",\"contentUrl\":\"https:\/\/lobosnews.com.ar\/wp-content\/uploads\/2026\/01\/logo-lobosnews.png\",\"width\":500,\"height\":200,\"caption\":\"Lobos News\"},\"image\":{\"@id\":\"https:\/\/lobosnews.com.ar\/#\/schema\/logo\/image\/\"}},{\"@type\":\"Person\",\"@id\":\"https:\/\/lobosnews.com.ar\/#\/schema\/person\/232422a593d5c541dd9aef6aaed10943\",\"name\":\"admin\",\"image\":{\"@type\":\"ImageObject\",\"inLanguage\":\"es\",\"@id\":\"https:\/\/lobosnews.com.ar\/#\/schema\/person\/image\/\",\"url\":\"https:\/\/secure.gravatar.com\/avatar\/76e419471a2083bc3ceab22a763dbbf9b0c1bd15a6214cf3280e2c2dde4580f9?s=96&d=mm&r=g\",\"contentUrl\":\"https:\/\/secure.gravatar.com\/avatar\/76e419471a2083bc3ceab22a763dbbf9b0c1bd15a6214cf3280e2c2dde4580f9?s=96&d=mm&r=g\",\"caption\":\"admin\"},\"sameAs\":[\"https:\/\/lobosnews.com.ar\"],\"url\":\"https:\/\/lobosnews.com.ar\/index.php\/author\/lobos-news\/\"}]}<\/script>\n<!-- \/ Yoast SEO plugin. -->","yoast_head_json":{"title":"El rom\u00e1ntico gesto de Maia Reficco a Franco Colapinto en p\u00fablico previo a su exhibici\u00f3n en Buenos Aires - Lobos News","robots":{"index":"index","follow":"follow","max-snippet":"max-snippet:-1","max-image-preview":"max-image-preview:large","max-video-preview":"max-video-preview:-1"},"canonical":"https:\/\/lobosnews.com.ar\/index.php\/2026\/04\/26\/el-romantico-gesto-de-maia-reficco-a-franco-colapinto-en-publico-previo-a-su-exhibicion-en-buenos-aires\/","og_locale":"es_ES","og_type":"article","og_title":"El rom\u00e1ntico gesto de Maia Reficco a Franco Colapinto en p\u00fablico previo a su exhibici\u00f3n en Buenos Aires - Lobos News","og_description":"El romance entre Franco Colapinto y Maia Reficco se consolida como uno de los m\u00e1s comentados del momento y ya dej\u00f3 de ser solo un rumor para convertirse en una realidad a la vista de todos. En las \u00faltimas semanas, la pareja comenz\u00f3 a mostrarse cada vez m\u00e1s unida en Buenos Aires, justo cuando el...","og_url":"https:\/\/lobosnews.com.ar\/index.php\/2026\/04\/26\/el-romantico-gesto-de-maia-reficco-a-franco-colapinto-en-publico-previo-a-su-exhibicion-en-buenos-aires\/","og_site_name":"Lobos News","article_published_time":"2026-04-26T13:50:08+00:00","article_modified_time":"2026-04-26T14:44:08+00:00","og_image":[{"url":"https:\/\/lobosnews.com.ar\/wp-content\/uploads\/2026\/04\/el-romantico-gesto-de-maia-reficco-a-franco-colapinto-en-publico-previo-a-su-exhibicion-en-buenos-aires.jpg","type":"","width":"","height":""}],"author":"admin","twitter_card":"summary_large_image","twitter_misc":{"Escrito por":"admin","Tiempo de lectura":"4 minutos"},"schema":{"@context":"https:\/\/schema.org","@graph":[{"@type":"Article","@id":"https:\/\/lobosnews.com.ar\/index.php\/2026\/04\/26\/el-romantico-gesto-de-maia-reficco-a-franco-colapinto-en-publico-previo-a-su-exhibicion-en-buenos-aires\/#article","isPartOf":{"@id":"https:\/\/lobosnews.com.ar\/index.php\/2026\/04\/26\/el-romantico-gesto-de-maia-reficco-a-franco-colapinto-en-publico-previo-a-su-exhibicion-en-buenos-aires\/"},"author":{"name":"admin","@id":"https:\/\/lobosnews.com.ar\/#\/schema\/person\/232422a593d5c541dd9aef6aaed10943"},"headline":"El rom\u00e1ntico gesto de Maia Reficco a Franco Colapinto en p\u00fablico previo a su exhibici\u00f3n en Buenos Aires","datePublished":"2026-04-26T13:50:08+00:00","dateModified":"2026-04-26T14:44:08+00:00","mainEntityOfPage":{"@id":"https:\/\/lobosnews.com.ar\/index.php\/2026\/04\/26\/el-romantico-gesto-de-maia-reficco-a-franco-colapinto-en-publico-previo-a-su-exhibicion-en-buenos-aires\/"},"wordCount":775,"commentCount":0,"publisher":{"@id":"https:\/\/lobosnews.com.ar\/#organization"},"image":{"@id":"https:\/\/lobosnews.com.ar\/index.php\/2026\/04\/26\/el-romantico-gesto-de-maia-reficco-a-franco-colapinto-en-publico-previo-a-su-exhibicion-en-buenos-aires\/#primaryimage"},"thumbnailUrl":"https:\/\/lobosnews.com.ar\/wp-content\/uploads\/2026\/04\/el-romantico-gesto-de-maia-reficco-a-franco-colapinto-en-publico-previo-a-su-exhibicion-en-buenos-aires-3.jpg","articleSection":["Cine y Series"],"inLanguage":"es","potentialAction":[{"@type":"CommentAction","name":"Comment","target":["https:\/\/lobosnews.com.ar\/index.php\/2026\/04\/26\/el-romantico-gesto-de-maia-reficco-a-franco-colapinto-en-publico-previo-a-su-exhibicion-en-buenos-aires\/#respond"]}]},{"@type":"WebPage","@id":"https:\/\/lobosnews.com.ar\/index.php\/2026\/04\/26\/el-romantico-gesto-de-maia-reficco-a-franco-colapinto-en-publico-previo-a-su-exhibicion-en-buenos-aires\/","url":"https:\/\/lobosnews.com.ar\/index.php\/2026\/04\/26\/el-romantico-gesto-de-maia-reficco-a-franco-colapinto-en-publico-previo-a-su-exhibicion-en-buenos-aires\/","name":"El rom\u00e1ntico gesto de Maia Reficco a Franco Colapinto en p\u00fablico previo a su exhibici\u00f3n en Buenos Aires - Lobos News","isPartOf":{"@id":"https:\/\/lobosnews.com.ar\/#website"},"primaryImageOfPage":{"@id":"https:\/\/lobosnews.com.ar\/index.php\/2026\/04\/26\/el-romantico-gesto-de-maia-reficco-a-franco-colapinto-en-publico-previo-a-su-exhibicion-en-buenos-aires\/#primaryimage"},"image":{"@id":"https:\/\/lobosnews.com.ar\/index.php\/2026\/04\/26\/el-romantico-gesto-de-maia-reficco-a-franco-colapinto-en-publico-previo-a-su-exhibicion-en-buenos-aires\/#primaryimage"},"thumbnailUrl":"https:\/\/lobosnews.com.ar\/wp-content\/uploads\/2026\/04\/el-romantico-gesto-de-maia-reficco-a-franco-colapinto-en-publico-previo-a-su-exhibicion-en-buenos-aires-3.jpg","datePublished":"2026-04-26T13:50:08+00:00","dateModified":"2026-04-26T14:44:08+00:00","breadcrumb":{"@id":"https:\/\/lobosnews.com.ar\/index.php\/2026\/04\/26\/el-romantico-gesto-de-maia-reficco-a-franco-colapinto-en-publico-previo-a-su-exhibicion-en-buenos-aires\/#breadcrumb"},"inLanguage":"es","potentialAction":[{"@type":"ReadAction","target":["https:\/\/lobosnews.com.ar\/index.php\/2026\/04\/26\/el-romantico-gesto-de-maia-reficco-a-franco-colapinto-en-publico-previo-a-su-exhibicion-en-buenos-aires\/"]}]},{"@type":"ImageObject","inLanguage":"es","@id":"https:\/\/lobosnews.com.ar\/index.php\/2026\/04\/26\/el-romantico-gesto-de-maia-reficco-a-franco-colapinto-en-publico-previo-a-su-exhibicion-en-buenos-aires\/#primaryimage","url":"https:\/\/lobosnews.com.ar\/wp-content\/uploads\/2026\/04\/el-romantico-gesto-de-maia-reficco-a-franco-colapinto-en-publico-previo-a-su-exhibicion-en-buenos-aires-3.jpg","contentUrl":"https:\/\/lobosnews.com.ar\/wp-content\/uploads\/2026\/04\/el-romantico-gesto-de-maia-reficco-a-franco-colapinto-en-publico-previo-a-su-exhibicion-en-buenos-aires-3.jpg","width":1179,"height":2096,"caption":"El rom\u00e1ntico gesto de Maia Reficco a Franco Colapinto en p\u00fablico previo a su exhibici\u00f3n en Buenos Aires"},{"@type":"BreadcrumbList","@id":"https:\/\/lobosnews.com.ar\/index.php\/2026\/04\/26\/el-romantico-gesto-de-maia-reficco-a-franco-colapinto-en-publico-previo-a-su-exhibicion-en-buenos-aires\/#breadcrumb","itemListElement":[{"@type":"ListItem","position":1,"name":"Portada","item":"https:\/\/lobosnews.com.ar\/"},{"@type":"ListItem","position":2,"name":"El rom\u00e1ntico gesto de Maia Reficco a Franco Colapinto en p\u00fablico previo a su exhibici\u00f3n en Buenos Aires"}]},{"@type":"WebSite","@id":"https:\/\/lobosnews.com.ar\/#website","url":"https:\/\/lobosnews.com.ar\/","name":"Lobos News","description":"Informaci\u00f3n a cada instante","publisher":{"@id":"https:\/\/lobosnews.com.ar\/#organization"},"potentialAction":[{"@type":"SearchAction","target":{"@type":"EntryPoint","urlTemplate":"https:\/\/lobosnews.com.ar\/?s={search_term_string}"},"query-input":{"@type":"PropertyValueSpecification","valueRequired":true,"valueName":"search_term_string"}}],"inLanguage":"es"},{"@type":"Organization","@id":"https:\/\/lobosnews.com.ar\/#organization","name":"Lobos News","url":"https:\/\/lobosnews.com.ar\/","logo":{"@type":"ImageObject","inLanguage":"es","@id":"https:\/\/lobosnews.com.ar\/#\/schema\/logo\/image\/","url":"https:\/\/lobosnews.com.ar\/wp-content\/uploads\/2026\/01\/logo-lobosnews.png","contentUrl":"https:\/\/lobosnews.com.ar\/wp-content\/uploads\/2026\/01\/logo-lobosnews.png","width":500,"height":200,"caption":"Lobos News"},"image":{"@id":"https:\/\/lobosnews.com.ar\/#\/schema\/logo\/image\/"}},{"@type":"Person","@id":"https:\/\/lobosnews.com.ar\/#\/schema\/person\/232422a593d5c541dd9aef6aaed10943","name":"admin","image":{"@type":"ImageObject","inLanguage":"es","@id":"https:\/\/lobosnews.com.ar\/#\/schema\/person\/image\/","url":"https:\/\/secure.gravatar.com\/avatar\/76e419471a2083bc3ceab22a763dbbf9b0c1bd15a6214cf3280e2c2dde4580f9?s=96&d=mm&r=g","contentUrl":"https:\/\/secure.gravatar.com\/avatar\/76e419471a2083bc3ceab22a763dbbf9b0c1bd15a6214cf3280e2c2dde4580f9?s=96&d=mm&r=g","caption":"admin"},"sameAs":["https:\/\/lobosnews.com.ar"],"url":"https:\/\/lobosnews.com.ar\/index.php\/author\/lobos-news\/"}]}},"jetpack_featured_media_url":"https:\/\/lobosnews.com.ar\/wp-content\/uploads\/2026\/04\/el-romantico-gesto-de-maia-reficco-a-franco-colapinto-en-publico-previo-a-su-exhibicion-en-buenos-aires-3.jpg","jetpack_sharing_enabled":true,"_links":{"self":[{"href":"https:\/\/lobosnews.com.ar\/index.php\/wp-json\/wp\/v2\/posts\/45656","targetHints":{"allow":["GET"]}}],"collection":[{"href":"https:\/\/lobosnews.com.ar\/index.php\/wp-json\/wp\/v2\/posts"}],"about":[{"href":"https:\/\/lobosnews.com.ar\/index.php\/wp-json\/wp\/v2\/types\/post"}],"author":[{"embeddable":true,"href":"https:\/\/lobosnews.com.ar\/index.php\/wp-json\/wp\/v2\/users\/1"}],"replies":[{"embeddable":true,"href":"https:\/\/lobosnews.com.ar\/index.php\/wp-json\/wp\/v2\/comments?post=45656"}],"version-history":[{"count":1,"href":"https:\/\/lobosnews.com.ar\/index.php\/wp-json\/wp\/v2\/posts\/45656\/revisions"}],"predecessor-version":[{"id":45662,"href":"https:\/\/lobosnews.com.ar\/index.php\/wp-json\/wp\/v2\/posts\/45656\/revisions\/45662"}],"wp:featuredmedia":[{"embeddable":true,"href":"https:\/\/lobosnews.com.ar\/index.php\/wp-json\/wp\/v2\/media\/45663"}],"wp:attachment":[{"href":"https:\/\/lobosnews.com.ar\/index.php\/wp-json\/wp\/v2\/media?parent=45656"}],"wp:term":[{"taxonomy":"category","embeddable":true,"href":"https:\/\/lobosnews.com.ar\/index.php\/wp-json\/wp\/v2\/categories?post=45656"},{"taxonomy":"post_tag","embeddable":true,"href":"https:\/\/lobosnews.com.ar\/index.php\/wp-json\/wp\/v2\/tags?post=45656"}],"curies":[{"name":"wp","href":"https:\/\/api.w.org\/{rel}","templated":true}]}}