{"id":45648,"date":"2026-04-26T12:00:01","date_gmt":"2026-04-26T12:00:01","guid":{"rendered":"https:\/\/lobosnews.com.ar\/index.php\/2026\/04\/26\/nasry-asfura-no-me-midan-por-unos-dias-midanme-por-los-resultados\/"},"modified":"2026-04-26T14:37:01","modified_gmt":"2026-04-26T14:37:01","slug":"nasry-asfura-no-me-midan-por-unos-dias-midanme-por-los-resultados","status":"publish","type":"post","link":"https:\/\/lobosnews.com.ar\/index.php\/2026\/04\/26\/nasry-asfura-no-me-midan-por-unos-dias-midanme-por-los-resultados\/","title":{"rendered":"Nasry Asfura: \u201cNo me midan por unos d\u00edas, m\u00eddanme por los resultados\u201d"},"content":{"rendered":"<p><img loading=\"lazy\" decoding=\"async\" src=\"https:\/\/lobosnews.com.ar\/wp-content\/uploads\/2026\/04\/nasry-asfura-no-me-midan-por-unos-dias-midanme-por-los-resultados.jpg\" alt=\"El mandatario asegura que en los pr\u00f3ximos meses se ver\u00e1n resultados en salud, infraestructura y seguridad. (Foto: Cortes\u00eda )\" height=\"633\" width=\"1000\"\/><\/p>\n<p><b>El presidente de Honduras, Nasry Asfura<\/b>, reafirm\u00f3 este viernes su compromiso de trabajar de manera ininterrumpida por el desarrollo del pa\u00eds, <b>al asegurar que en los pr\u00f3ximos meses la poblaci\u00f3n comenzar\u00e1 a percibir resultados concretos en \u00e1reas clave<\/b> como salud, infraestructura, seguridad y educaci\u00f3n.<\/p>\n<p>Sus declaraciones se producen en un momento en que su administraci\u00f3n se acerca a los<b> primeros 100 d\u00edas de gobierno<\/b>, tras haber asumido el poder el 27 de enero de 2026, un hito que se cumplir\u00e1 el pr\u00f3ximo 7 de mayo.<\/p>\n<p>Desde la sede de Casa Presidencial, <b>el mandatario enfatiz\u00f3 que su gesti\u00f3n no debe ser evaluada por los primeros meses de trabajo, sino por los resultados sostenidos a lo largo de su per\u00edodo de gobierno.<\/b> <\/p>\n<p>En un mensaje dirigido tanto a la ciudadan\u00eda como a los distintos sectores pol\u00edticos y sociales, Asfura pidi\u00f3 paciencia y confianza en las acciones que su equipo ya est\u00e1 ejecutando.<\/p>\n<p><b>\u201cAqu\u00ed me tienen con un gran equipo de ministros, equipo de Gobierno trabajando para servirle a ustedes, a cada hondure\u00f1o. No tengan duda, lo vamos a demostrar y van a ver resultados en los pr\u00f3ximos meses, todav\u00eda mucho m\u00e1s\u201d,<\/b> expres\u00f3 el gobernante ante representantes de los medios de comunicaci\u00f3n.<\/p>\n<p><img loading=\"lazy\" decoding=\"async\" src=\"https:\/\/lobosnews.com.ar\/wp-content\/uploads\/2026\/04\/nasry-asfura-no-me-midan-por-unos-dias-midanme-por-los-resultados-1.jpg\" alt=\"El Gobierno impulsa la entrega de libros a nivel nacional como parte del fortalecimiento del sistema educativo. (Foto: Cortes\u00eda)\" height=\"692\" width=\"1000\"\/><\/p>\n<p>El jefe del Ejecutivo fue enf\u00e1tico al se\u00f1alar que los problemas estructurales que enfrenta Honduras no pueden resolverse en cuesti\u00f3n de semanas o pocos meses, dado que muchos de ellos se han arrastrado durante d\u00e9cadas. <\/p>\n<p>En ese sentido, reiter\u00f3 que su administraci\u00f3n debe ser medida por sus logros concretos y no por el tiempo transcurrido desde su toma de posesi\u00f3n.<\/p>\n<p><b>\u201cNo me midan por unos d\u00edas. Han pasado d\u00e9cadas en Honduras y no se han resuelto los problemas. No me midan por 60, 80, 90, 120 o 150 d\u00edas. M\u00eddanme por los resultados en todos los meses y en los 45 meses que me quedan de Gobierno\u201d, <\/b>afirm\u00f3 Asfura, quien insisti\u00f3 en que su prioridad es servir al pueblo hondure\u00f1o y mejorar sus condiciones de vida.<\/p>\n<p>Entre las \u00e1reas donde el gobierno asegura que habr\u00e1 avances visibles en el corto plazo destaca el sector educativo. <\/p>\n<p>El mandatario inform\u00f3 que ya se encuentra en marcha la entrega de libros a nivel nacional, como parte de una estrategia orientada a fortalecer el sistema educativo y garantizar mejores condiciones de aprendizaje para los estudiantes. <\/p>\n<p><b>Esta iniciativa busca reducir brechas hist\u00f3ricas en el acceso a materiales educativos, especialmente en zonas rurales y de dif\u00edcil acceso.<\/b><\/p>\n<p><img loading=\"lazy\" decoding=\"async\" src=\"https:\/\/lobosnews.com.ar\/wp-content\/uploads\/2026\/04\/nasry-asfura-no-me-midan-por-unos-dias-midanme-por-los-resultados-2.jpg\" alt=\"Nasry Asfura destaca el respaldo pol\u00edtico para la aprobaci\u00f3n de iniciativas clave. (Foto: Imagen Ilustrativa)\" height=\"720\" width=\"1280\"\/><\/p>\n<p><b>En materia de salud,<\/b> el presidente se\u00f1al\u00f3 que su administraci\u00f3n trabaja en mejorar la infraestructura hospitalaria, el abastecimiento de medicamentos y la calidad de los servicios, aunque no detall\u00f3 cifras espec\u00edficas. <\/p>\n<p>Sin embargo, reiter\u00f3 que estos esfuerzos forman parte de un plan integral que busca atender una de las principales demandas de la poblaci\u00f3n.<\/p>\n<p><b>En cuanto a infraestructura, Asfura destac\u00f3 que ya se han iniciado proyectos orientados a mejorar la red vial<\/b> y facilitar la conectividad en distintas regiones del pa\u00eds, lo cual tambi\u00e9n tiene un impacto directo en la actividad econ\u00f3mica y el acceso a servicios b\u00e1sicos. <\/p>\n<p>Asimismo, <b>en el \u00e1mbito de la seguridad,<\/b> indic\u00f3 que se est\u00e1n implementando medidas para fortalecer las capacidades de las fuerzas del orden y reducir los \u00edndices de criminalidad.<\/p>\n<p><b>Uno de los puntos centrales de su mensaje fue el enfoque econ\u00f3mico de su administraci\u00f3n.<\/b> <\/p>\n<p><img loading=\"lazy\" decoding=\"async\" src=\"https:\/\/lobosnews.com.ar\/wp-content\/uploads\/2026\/04\/nasry-asfura-no-me-midan-por-unos-dias-midanme-por-los-resultados-3.jpg\" alt=\"Desde Casa Presidencial, el mandatario reitera su llamado a la unidad nacional para enfrentar los desaf\u00edos econ\u00f3micos del pa\u00eds. (Foto: Casa Presidencial Honduras)\" height=\"854\" width=\"1280\"\/><\/p>\n<p><b>El presidente explic\u00f3 que el Gobierno reformul\u00f3 el Presupuesto General de la Rep\u00fablica para el a\u00f1o 2026<\/b> con un criterio de responsabilidad fiscal, priorizando el uso eficiente de los recursos p\u00fablicos y reduciendo el gasto en comparaci\u00f3n con propuestas anteriores. <\/p>\n<p><b>El nuevo presupuesto asciende a 444 mil 335 millones de lempiras<\/b>, una cifra que, seg\u00fan el mandatario, permitir\u00e1 atender las principales necesidades del pa\u00eds sin comprometer la estabilidad financiera.<\/p>\n<p>Asfura tambi\u00e9n destac\u00f3 el respaldo recibido por parte de las diferentes fuerzas pol\u00edticas representadas en el Congreso Nacional de Honduras, lo cual ha sido clave para la aprobaci\u00f3n del presupuesto y de otras iniciativas legislativas orientadas a mejorar las condiciones de vida de la poblaci\u00f3n. <\/p>\n<p>Este apoyo, seg\u00fan indic\u00f3, refleja la importancia del di\u00e1logo y la cooperaci\u00f3n entre los distintos actores pol\u00edticos.<\/p>\n<p><b>\u201cNo soy resentido, no miro para atr\u00e1s. Me pongo a trabajar por lo que cada hondure\u00f1o necesita y vamos para adelante\u201d, <\/b>expres\u00f3 el mandatario, al referirse a la necesidad de dejar de lado las diferencias pol\u00edticas y enfocarse en la construcci\u00f3n de soluciones conjuntas.<\/p>\n","protected":false},"excerpt":{"rendered":"<p>El presidente de Honduras, Nasry Asfura, reafirm\u00f3 este viernes su compromiso de trabajar de manera ininterrumpida por el desarrollo del pa\u00eds, al asegurar que en los pr\u00f3ximos meses la poblaci\u00f3n comenzar\u00e1 a percibir resultados concretos en \u00e1reas clave como salud, infraestructura, seguridad y educaci\u00f3n. Sus declaraciones se producen en un momento en que su administraci\u00f3n&#8230;<\/p>\n","protected":false},"author":1,"featured_media":45654,"comment_status":"open","ping_status":"closed","sticky":false,"template":"","format":"standard","meta":{"_jetpack_memberships_contains_paid_content":false,"footnotes":""},"categories":[31],"tags":[],"class_list":["post-45648","post","type-post","status-publish","format-standard","has-post-thumbnail","hentry","category-actualidad"],"magazineBlocksPostFeaturedMedia":{"thumbnail":"https:\/\/lobosnews.com.ar\/wp-content\/uploads\/2026\/04\/nasry-asfura-no-me-midan-por-unos-dias-midanme-por-los-resultados-6-150x150.jpg","medium":"https:\/\/lobosnews.com.ar\/wp-content\/uploads\/2026\/04\/nasry-asfura-no-me-midan-por-unos-dias-midanme-por-los-resultados-6-300x200.jpg","medium_large":"https:\/\/lobosnews.com.ar\/wp-content\/uploads\/2026\/04\/nasry-asfura-no-me-midan-por-unos-dias-midanme-por-los-resultados-6-768x512.jpg","large":"https:\/\/lobosnews.com.ar\/wp-content\/uploads\/2026\/04\/nasry-asfura-no-me-midan-por-unos-dias-midanme-por-los-resultados-6-1024x683.jpg","1536x1536":"https:\/\/lobosnews.com.ar\/wp-content\/uploads\/2026\/04\/nasry-asfura-no-me-midan-por-unos-dias-midanme-por-los-resultados-6.jpg","2048x2048":"https:\/\/lobosnews.com.ar\/wp-content\/uploads\/2026\/04\/nasry-asfura-no-me-midan-por-unos-dias-midanme-por-los-resultados-6.jpg","newsmatic-featured":"https:\/\/lobosnews.com.ar\/wp-content\/uploads\/2026\/04\/nasry-asfura-no-me-midan-por-unos-dias-midanme-por-los-resultados-6-820x545.jpg","newsmatic-list":"https:\/\/lobosnews.com.ar\/wp-content\/uploads\/2026\/04\/nasry-asfura-no-me-midan-por-unos-dias-midanme-por-los-resultados-6-600x400.jpg","newsmatic-thumb":"https:\/\/lobosnews.com.ar\/wp-content\/uploads\/2026\/04\/nasry-asfura-no-me-midan-por-unos-dias-midanme-por-los-resultados-6-300x200.jpg","newsmatic-small":"https:\/\/lobosnews.com.ar\/wp-content\/uploads\/2026\/04\/nasry-asfura-no-me-midan-por-unos-dias-midanme-por-los-resultados-6-150x95.jpg","newsmatic-grid":"https:\/\/lobosnews.com.ar\/wp-content\/uploads\/2026\/04\/nasry-asfura-no-me-midan-por-unos-dias-midanme-por-los-resultados-6-400x250.jpg"},"magazineBlocksPostAuthor":{"name":"admin","avatar":"https:\/\/secure.gravatar.com\/avatar\/76e419471a2083bc3ceab22a763dbbf9b0c1bd15a6214cf3280e2c2dde4580f9?s=96&d=mm&r=g"},"magazineBlocksPostCommentsNumber":"0","magazineBlocksPostExcerpt":"El presidente de Honduras, Nasry Asfura, reafirm\u00f3 este viernes su compromiso de trabajar de manera ininterrumpida por el desarrollo del pa\u00eds, al asegurar que en los pr\u00f3ximos meses la poblaci\u00f3n comenzar\u00e1 a percibir resultados concretos en \u00e1reas clave como salud, infraestructura, seguridad y educaci\u00f3n. Sus declaraciones se producen en un momento en que su administraci\u00f3n...","magazineBlocksPostCategories":["Actualidad"],"magazineBlocksPostViewCount":5,"magazineBlocksPostReadTime":4,"magazine_blocks_featured_image_url":{"full":["https:\/\/lobosnews.com.ar\/wp-content\/uploads\/2026\/04\/nasry-asfura-no-me-midan-por-unos-dias-midanme-por-los-resultados-6.jpg",1280,854,false],"medium":["https:\/\/lobosnews.com.ar\/wp-content\/uploads\/2026\/04\/nasry-asfura-no-me-midan-por-unos-dias-midanme-por-los-resultados-6-300x200.jpg",300,200,true],"thumbnail":["https:\/\/lobosnews.com.ar\/wp-content\/uploads\/2026\/04\/nasry-asfura-no-me-midan-por-unos-dias-midanme-por-los-resultados-6-150x150.jpg",150,150,true]},"magazine_blocks_author":{"display_name":"admin","author_link":"https:\/\/lobosnews.com.ar\/index.php\/author\/lobos-news\/"},"magazine_blocks_comment":0,"magazine_blocks_author_image":"https:\/\/secure.gravatar.com\/avatar\/76e419471a2083bc3ceab22a763dbbf9b0c1bd15a6214cf3280e2c2dde4580f9?s=96&d=mm&r=g","magazine_blocks_category":"<a href=\"#\" class=\"category-link category-link-31\">Actualidad<\/a>","yoast_head":"<!-- This site is optimized with the Yoast SEO plugin v26.6 - https:\/\/yoast.com\/wordpress\/plugins\/seo\/ -->\n<title>Nasry Asfura: \u201cNo me midan por unos d\u00edas, m\u00eddanme por los resultados\u201d - Lobos News<\/title>\n<meta name=\"robots\" content=\"index, follow, max-snippet:-1, max-image-preview:large, max-video-preview:-1\" \/>\n<link rel=\"canonical\" href=\"https:\/\/lobosnews.com.ar\/index.php\/2026\/04\/26\/nasry-asfura-no-me-midan-por-unos-dias-midanme-por-los-resultados\/\" \/>\n<meta property=\"og:locale\" content=\"es_ES\" \/>\n<meta property=\"og:type\" content=\"article\" \/>\n<meta property=\"og:title\" content=\"Nasry Asfura: \u201cNo me midan por unos d\u00edas, m\u00eddanme por los resultados\u201d - Lobos News\" \/>\n<meta property=\"og:description\" content=\"El presidente de Honduras, Nasry Asfura, reafirm\u00f3 este viernes su compromiso de trabajar de manera ininterrumpida por el desarrollo del pa\u00eds, al asegurar que en los pr\u00f3ximos meses la poblaci\u00f3n comenzar\u00e1 a percibir resultados concretos en \u00e1reas clave como salud, infraestructura, seguridad y educaci\u00f3n. Sus declaraciones se producen en un momento en que su administraci\u00f3n...\" \/>\n<meta property=\"og:url\" content=\"https:\/\/lobosnews.com.ar\/index.php\/2026\/04\/26\/nasry-asfura-no-me-midan-por-unos-dias-midanme-por-los-resultados\/\" \/>\n<meta property=\"og:site_name\" content=\"Lobos News\" \/>\n<meta property=\"article:published_time\" content=\"2026-04-26T12:00:01+00:00\" \/>\n<meta property=\"article:modified_time\" content=\"2026-04-26T14:37:01+00:00\" \/>\n<meta property=\"og:image\" content=\"https:\/\/lobosnews.com.ar\/wp-content\/uploads\/2026\/04\/nasry-asfura-no-me-midan-por-unos-dias-midanme-por-los-resultados.jpg\" \/>\n<meta name=\"author\" content=\"admin\" \/>\n<meta name=\"twitter:card\" content=\"summary_large_image\" \/>\n<meta name=\"twitter:label1\" content=\"Escrito por\" \/>\n\t<meta name=\"twitter:data1\" content=\"admin\" \/>\n\t<meta name=\"twitter:label2\" content=\"Tiempo de lectura\" \/>\n\t<meta name=\"twitter:data2\" content=\"4 minutos\" \/>\n<script type=\"application\/ld+json\" class=\"yoast-schema-graph\">{\"@context\":\"https:\/\/schema.org\",\"@graph\":[{\"@type\":\"Article\",\"@id\":\"https:\/\/lobosnews.com.ar\/index.php\/2026\/04\/26\/nasry-asfura-no-me-midan-por-unos-dias-midanme-por-los-resultados\/#article\",\"isPartOf\":{\"@id\":\"https:\/\/lobosnews.com.ar\/index.php\/2026\/04\/26\/nasry-asfura-no-me-midan-por-unos-dias-midanme-por-los-resultados\/\"},\"author\":{\"name\":\"admin\",\"@id\":\"https:\/\/lobosnews.com.ar\/#\/schema\/person\/232422a593d5c541dd9aef6aaed10943\"},\"headline\":\"Nasry Asfura: \u201cNo me midan por unos d\u00edas, m\u00eddanme por los resultados\u201d\",\"datePublished\":\"2026-04-26T12:00:01+00:00\",\"dateModified\":\"2026-04-26T14:37:01+00:00\",\"mainEntityOfPage\":{\"@id\":\"https:\/\/lobosnews.com.ar\/index.php\/2026\/04\/26\/nasry-asfura-no-me-midan-por-unos-dias-midanme-por-los-resultados\/\"},\"wordCount\":775,\"commentCount\":0,\"publisher\":{\"@id\":\"https:\/\/lobosnews.com.ar\/#organization\"},\"image\":{\"@id\":\"https:\/\/lobosnews.com.ar\/index.php\/2026\/04\/26\/nasry-asfura-no-me-midan-por-unos-dias-midanme-por-los-resultados\/#primaryimage\"},\"thumbnailUrl\":\"https:\/\/lobosnews.com.ar\/wp-content\/uploads\/2026\/04\/nasry-asfura-no-me-midan-por-unos-dias-midanme-por-los-resultados-6.jpg\",\"articleSection\":[\"Actualidad\"],\"inLanguage\":\"es\",\"potentialAction\":[{\"@type\":\"CommentAction\",\"name\":\"Comment\",\"target\":[\"https:\/\/lobosnews.com.ar\/index.php\/2026\/04\/26\/nasry-asfura-no-me-midan-por-unos-dias-midanme-por-los-resultados\/#respond\"]}]},{\"@type\":\"WebPage\",\"@id\":\"https:\/\/lobosnews.com.ar\/index.php\/2026\/04\/26\/nasry-asfura-no-me-midan-por-unos-dias-midanme-por-los-resultados\/\",\"url\":\"https:\/\/lobosnews.com.ar\/index.php\/2026\/04\/26\/nasry-asfura-no-me-midan-por-unos-dias-midanme-por-los-resultados\/\",\"name\":\"Nasry Asfura: \u201cNo me midan por unos d\u00edas, m\u00eddanme por los resultados\u201d - Lobos News\",\"isPartOf\":{\"@id\":\"https:\/\/lobosnews.com.ar\/#website\"},\"primaryImageOfPage\":{\"@id\":\"https:\/\/lobosnews.com.ar\/index.php\/2026\/04\/26\/nasry-asfura-no-me-midan-por-unos-dias-midanme-por-los-resultados\/#primaryimage\"},\"image\":{\"@id\":\"https:\/\/lobosnews.com.ar\/index.php\/2026\/04\/26\/nasry-asfura-no-me-midan-por-unos-dias-midanme-por-los-resultados\/#primaryimage\"},\"thumbnailUrl\":\"https:\/\/lobosnews.com.ar\/wp-content\/uploads\/2026\/04\/nasry-asfura-no-me-midan-por-unos-dias-midanme-por-los-resultados-6.jpg\",\"datePublished\":\"2026-04-26T12:00:01+00:00\",\"dateModified\":\"2026-04-26T14:37:01+00:00\",\"breadcrumb\":{\"@id\":\"https:\/\/lobosnews.com.ar\/index.php\/2026\/04\/26\/nasry-asfura-no-me-midan-por-unos-dias-midanme-por-los-resultados\/#breadcrumb\"},\"inLanguage\":\"es\",\"potentialAction\":[{\"@type\":\"ReadAction\",\"target\":[\"https:\/\/lobosnews.com.ar\/index.php\/2026\/04\/26\/nasry-asfura-no-me-midan-por-unos-dias-midanme-por-los-resultados\/\"]}]},{\"@type\":\"ImageObject\",\"inLanguage\":\"es\",\"@id\":\"https:\/\/lobosnews.com.ar\/index.php\/2026\/04\/26\/nasry-asfura-no-me-midan-por-unos-dias-midanme-por-los-resultados\/#primaryimage\",\"url\":\"https:\/\/lobosnews.com.ar\/wp-content\/uploads\/2026\/04\/nasry-asfura-no-me-midan-por-unos-dias-midanme-por-los-resultados-6.jpg\",\"contentUrl\":\"https:\/\/lobosnews.com.ar\/wp-content\/uploads\/2026\/04\/nasry-asfura-no-me-midan-por-unos-dias-midanme-por-los-resultados-6.jpg\",\"width\":1280,\"height\":854,\"caption\":\"Nasry Asfura: \u201cNo me midan por unos d\u00edas, m\u00eddanme por los resultados\u201d\"},{\"@type\":\"BreadcrumbList\",\"@id\":\"https:\/\/lobosnews.com.ar\/index.php\/2026\/04\/26\/nasry-asfura-no-me-midan-por-unos-dias-midanme-por-los-resultados\/#breadcrumb\",\"itemListElement\":[{\"@type\":\"ListItem\",\"position\":1,\"name\":\"Portada\",\"item\":\"https:\/\/lobosnews.com.ar\/\"},{\"@type\":\"ListItem\",\"position\":2,\"name\":\"Nasry Asfura: \u201cNo me midan por unos d\u00edas, m\u00eddanme por los resultados\u201d\"}]},{\"@type\":\"WebSite\",\"@id\":\"https:\/\/lobosnews.com.ar\/#website\",\"url\":\"https:\/\/lobosnews.com.ar\/\",\"name\":\"Lobos News\",\"description\":\"Informaci\u00f3n a cada instante\",\"publisher\":{\"@id\":\"https:\/\/lobosnews.com.ar\/#organization\"},\"potentialAction\":[{\"@type\":\"SearchAction\",\"target\":{\"@type\":\"EntryPoint\",\"urlTemplate\":\"https:\/\/lobosnews.com.ar\/?s={search_term_string}\"},\"query-input\":{\"@type\":\"PropertyValueSpecification\",\"valueRequired\":true,\"valueName\":\"search_term_string\"}}],\"inLanguage\":\"es\"},{\"@type\":\"Organization\",\"@id\":\"https:\/\/lobosnews.com.ar\/#organization\",\"name\":\"Lobos News\",\"url\":\"https:\/\/lobosnews.com.ar\/\",\"logo\":{\"@type\":\"ImageObject\",\"inLanguage\":\"es\",\"@id\":\"https:\/\/lobosnews.com.ar\/#\/schema\/logo\/image\/\",\"url\":\"https:\/\/lobosnews.com.ar\/wp-content\/uploads\/2026\/01\/logo-lobosnews.png\",\"contentUrl\":\"https:\/\/lobosnews.com.ar\/wp-content\/uploads\/2026\/01\/logo-lobosnews.png\",\"width\":500,\"height\":200,\"caption\":\"Lobos News\"},\"image\":{\"@id\":\"https:\/\/lobosnews.com.ar\/#\/schema\/logo\/image\/\"}},{\"@type\":\"Person\",\"@id\":\"https:\/\/lobosnews.com.ar\/#\/schema\/person\/232422a593d5c541dd9aef6aaed10943\",\"name\":\"admin\",\"image\":{\"@type\":\"ImageObject\",\"inLanguage\":\"es\",\"@id\":\"https:\/\/lobosnews.com.ar\/#\/schema\/person\/image\/\",\"url\":\"https:\/\/secure.gravatar.com\/avatar\/76e419471a2083bc3ceab22a763dbbf9b0c1bd15a6214cf3280e2c2dde4580f9?s=96&d=mm&r=g\",\"contentUrl\":\"https:\/\/secure.gravatar.com\/avatar\/76e419471a2083bc3ceab22a763dbbf9b0c1bd15a6214cf3280e2c2dde4580f9?s=96&d=mm&r=g\",\"caption\":\"admin\"},\"sameAs\":[\"https:\/\/lobosnews.com.ar\"],\"url\":\"https:\/\/lobosnews.com.ar\/index.php\/author\/lobos-news\/\"}]}<\/script>\n<!-- \/ Yoast SEO plugin. -->","yoast_head_json":{"title":"Nasry Asfura: \u201cNo me midan por unos d\u00edas, m\u00eddanme por los resultados\u201d - Lobos News","robots":{"index":"index","follow":"follow","max-snippet":"max-snippet:-1","max-image-preview":"max-image-preview:large","max-video-preview":"max-video-preview:-1"},"canonical":"https:\/\/lobosnews.com.ar\/index.php\/2026\/04\/26\/nasry-asfura-no-me-midan-por-unos-dias-midanme-por-los-resultados\/","og_locale":"es_ES","og_type":"article","og_title":"Nasry Asfura: \u201cNo me midan por unos d\u00edas, m\u00eddanme por los resultados\u201d - Lobos News","og_description":"El presidente de Honduras, Nasry Asfura, reafirm\u00f3 este viernes su compromiso de trabajar de manera ininterrumpida por el desarrollo del pa\u00eds, al asegurar que en los pr\u00f3ximos meses la poblaci\u00f3n comenzar\u00e1 a percibir resultados concretos en \u00e1reas clave como salud, infraestructura, seguridad y educaci\u00f3n. Sus declaraciones se producen en un momento en que su administraci\u00f3n...","og_url":"https:\/\/lobosnews.com.ar\/index.php\/2026\/04\/26\/nasry-asfura-no-me-midan-por-unos-dias-midanme-por-los-resultados\/","og_site_name":"Lobos News","article_published_time":"2026-04-26T12:00:01+00:00","article_modified_time":"2026-04-26T14:37:01+00:00","og_image":[{"url":"https:\/\/lobosnews.com.ar\/wp-content\/uploads\/2026\/04\/nasry-asfura-no-me-midan-por-unos-dias-midanme-por-los-resultados.jpg","type":"","width":"","height":""}],"author":"admin","twitter_card":"summary_large_image","twitter_misc":{"Escrito por":"admin","Tiempo de lectura":"4 minutos"},"schema":{"@context":"https:\/\/schema.org","@graph":[{"@type":"Article","@id":"https:\/\/lobosnews.com.ar\/index.php\/2026\/04\/26\/nasry-asfura-no-me-midan-por-unos-dias-midanme-por-los-resultados\/#article","isPartOf":{"@id":"https:\/\/lobosnews.com.ar\/index.php\/2026\/04\/26\/nasry-asfura-no-me-midan-por-unos-dias-midanme-por-los-resultados\/"},"author":{"name":"admin","@id":"https:\/\/lobosnews.com.ar\/#\/schema\/person\/232422a593d5c541dd9aef6aaed10943"},"headline":"Nasry Asfura: \u201cNo me midan por unos d\u00edas, m\u00eddanme por los resultados\u201d","datePublished":"2026-04-26T12:00:01+00:00","dateModified":"2026-04-26T14:37:01+00:00","mainEntityOfPage":{"@id":"https:\/\/lobosnews.com.ar\/index.php\/2026\/04\/26\/nasry-asfura-no-me-midan-por-unos-dias-midanme-por-los-resultados\/"},"wordCount":775,"commentCount":0,"publisher":{"@id":"https:\/\/lobosnews.com.ar\/#organization"},"image":{"@id":"https:\/\/lobosnews.com.ar\/index.php\/2026\/04\/26\/nasry-asfura-no-me-midan-por-unos-dias-midanme-por-los-resultados\/#primaryimage"},"thumbnailUrl":"https:\/\/lobosnews.com.ar\/wp-content\/uploads\/2026\/04\/nasry-asfura-no-me-midan-por-unos-dias-midanme-por-los-resultados-6.jpg","articleSection":["Actualidad"],"inLanguage":"es","potentialAction":[{"@type":"CommentAction","name":"Comment","target":["https:\/\/lobosnews.com.ar\/index.php\/2026\/04\/26\/nasry-asfura-no-me-midan-por-unos-dias-midanme-por-los-resultados\/#respond"]}]},{"@type":"WebPage","@id":"https:\/\/lobosnews.com.ar\/index.php\/2026\/04\/26\/nasry-asfura-no-me-midan-por-unos-dias-midanme-por-los-resultados\/","url":"https:\/\/lobosnews.com.ar\/index.php\/2026\/04\/26\/nasry-asfura-no-me-midan-por-unos-dias-midanme-por-los-resultados\/","name":"Nasry Asfura: \u201cNo me midan por unos d\u00edas, m\u00eddanme por los resultados\u201d - Lobos News","isPartOf":{"@id":"https:\/\/lobosnews.com.ar\/#website"},"primaryImageOfPage":{"@id":"https:\/\/lobosnews.com.ar\/index.php\/2026\/04\/26\/nasry-asfura-no-me-midan-por-unos-dias-midanme-por-los-resultados\/#primaryimage"},"image":{"@id":"https:\/\/lobosnews.com.ar\/index.php\/2026\/04\/26\/nasry-asfura-no-me-midan-por-unos-dias-midanme-por-los-resultados\/#primaryimage"},"thumbnailUrl":"https:\/\/lobosnews.com.ar\/wp-content\/uploads\/2026\/04\/nasry-asfura-no-me-midan-por-unos-dias-midanme-por-los-resultados-6.jpg","datePublished":"2026-04-26T12:00:01+00:00","dateModified":"2026-04-26T14:37:01+00:00","breadcrumb":{"@id":"https:\/\/lobosnews.com.ar\/index.php\/2026\/04\/26\/nasry-asfura-no-me-midan-por-unos-dias-midanme-por-los-resultados\/#breadcrumb"},"inLanguage":"es","potentialAction":[{"@type":"ReadAction","target":["https:\/\/lobosnews.com.ar\/index.php\/2026\/04\/26\/nasry-asfura-no-me-midan-por-unos-dias-midanme-por-los-resultados\/"]}]},{"@type":"ImageObject","inLanguage":"es","@id":"https:\/\/lobosnews.com.ar\/index.php\/2026\/04\/26\/nasry-asfura-no-me-midan-por-unos-dias-midanme-por-los-resultados\/#primaryimage","url":"https:\/\/lobosnews.com.ar\/wp-content\/uploads\/2026\/04\/nasry-asfura-no-me-midan-por-unos-dias-midanme-por-los-resultados-6.jpg","contentUrl":"https:\/\/lobosnews.com.ar\/wp-content\/uploads\/2026\/04\/nasry-asfura-no-me-midan-por-unos-dias-midanme-por-los-resultados-6.jpg","width":1280,"height":854,"caption":"Nasry Asfura: \u201cNo me midan por unos d\u00edas, m\u00eddanme por los resultados\u201d"},{"@type":"BreadcrumbList","@id":"https:\/\/lobosnews.com.ar\/index.php\/2026\/04\/26\/nasry-asfura-no-me-midan-por-unos-dias-midanme-por-los-resultados\/#breadcrumb","itemListElement":[{"@type":"ListItem","position":1,"name":"Portada","item":"https:\/\/lobosnews.com.ar\/"},{"@type":"ListItem","position":2,"name":"Nasry Asfura: \u201cNo me midan por unos d\u00edas, m\u00eddanme por los resultados\u201d"}]},{"@type":"WebSite","@id":"https:\/\/lobosnews.com.ar\/#website","url":"https:\/\/lobosnews.com.ar\/","name":"Lobos News","description":"Informaci\u00f3n a cada instante","publisher":{"@id":"https:\/\/lobosnews.com.ar\/#organization"},"potentialAction":[{"@type":"SearchAction","target":{"@type":"EntryPoint","urlTemplate":"https:\/\/lobosnews.com.ar\/?s={search_term_string}"},"query-input":{"@type":"PropertyValueSpecification","valueRequired":true,"valueName":"search_term_string"}}],"inLanguage":"es"},{"@type":"Organization","@id":"https:\/\/lobosnews.com.ar\/#organization","name":"Lobos News","url":"https:\/\/lobosnews.com.ar\/","logo":{"@type":"ImageObject","inLanguage":"es","@id":"https:\/\/lobosnews.com.ar\/#\/schema\/logo\/image\/","url":"https:\/\/lobosnews.com.ar\/wp-content\/uploads\/2026\/01\/logo-lobosnews.png","contentUrl":"https:\/\/lobosnews.com.ar\/wp-content\/uploads\/2026\/01\/logo-lobosnews.png","width":500,"height":200,"caption":"Lobos News"},"image":{"@id":"https:\/\/lobosnews.com.ar\/#\/schema\/logo\/image\/"}},{"@type":"Person","@id":"https:\/\/lobosnews.com.ar\/#\/schema\/person\/232422a593d5c541dd9aef6aaed10943","name":"admin","image":{"@type":"ImageObject","inLanguage":"es","@id":"https:\/\/lobosnews.com.ar\/#\/schema\/person\/image\/","url":"https:\/\/secure.gravatar.com\/avatar\/76e419471a2083bc3ceab22a763dbbf9b0c1bd15a6214cf3280e2c2dde4580f9?s=96&d=mm&r=g","contentUrl":"https:\/\/secure.gravatar.com\/avatar\/76e419471a2083bc3ceab22a763dbbf9b0c1bd15a6214cf3280e2c2dde4580f9?s=96&d=mm&r=g","caption":"admin"},"sameAs":["https:\/\/lobosnews.com.ar"],"url":"https:\/\/lobosnews.com.ar\/index.php\/author\/lobos-news\/"}]}},"jetpack_featured_media_url":"https:\/\/lobosnews.com.ar\/wp-content\/uploads\/2026\/04\/nasry-asfura-no-me-midan-por-unos-dias-midanme-por-los-resultados-6.jpg","jetpack_sharing_enabled":true,"_links":{"self":[{"href":"https:\/\/lobosnews.com.ar\/index.php\/wp-json\/wp\/v2\/posts\/45648","targetHints":{"allow":["GET"]}}],"collection":[{"href":"https:\/\/lobosnews.com.ar\/index.php\/wp-json\/wp\/v2\/posts"}],"about":[{"href":"https:\/\/lobosnews.com.ar\/index.php\/wp-json\/wp\/v2\/types\/post"}],"author":[{"embeddable":true,"href":"https:\/\/lobosnews.com.ar\/index.php\/wp-json\/wp\/v2\/users\/1"}],"replies":[{"embeddable":true,"href":"https:\/\/lobosnews.com.ar\/index.php\/wp-json\/wp\/v2\/comments?post=45648"}],"version-history":[{"count":1,"href":"https:\/\/lobosnews.com.ar\/index.php\/wp-json\/wp\/v2\/posts\/45648\/revisions"}],"predecessor-version":[{"id":45653,"href":"https:\/\/lobosnews.com.ar\/index.php\/wp-json\/wp\/v2\/posts\/45648\/revisions\/45653"}],"wp:featuredmedia":[{"embeddable":true,"href":"https:\/\/lobosnews.com.ar\/index.php\/wp-json\/wp\/v2\/media\/45654"}],"wp:attachment":[{"href":"https:\/\/lobosnews.com.ar\/index.php\/wp-json\/wp\/v2\/media?parent=45648"}],"wp:term":[{"taxonomy":"category","embeddable":true,"href":"https:\/\/lobosnews.com.ar\/index.php\/wp-json\/wp\/v2\/categories?post=45648"},{"taxonomy":"post_tag","embeddable":true,"href":"https:\/\/lobosnews.com.ar\/index.php\/wp-json\/wp\/v2\/tags?post=45648"}],"curies":[{"name":"wp","href":"https:\/\/api.w.org\/{rel}","templated":true}]}}