{"id":45643,"date":"2026-04-26T12:17:33","date_gmt":"2026-04-26T12:17:33","guid":{"rendered":"https:\/\/lobosnews.com.ar\/index.php\/2026\/04\/26\/la-union-europea-condeno-el-ataque-a-donald-trump-en-washington-y-rechazo-la-violencia-politica\/"},"modified":"2026-04-26T14:35:24","modified_gmt":"2026-04-26T14:35:24","slug":"la-union-europea-condeno-el-ataque-a-donald-trump-en-washington-y-rechazo-la-violencia-politica","status":"publish","type":"post","link":"https:\/\/lobosnews.com.ar\/index.php\/2026\/04\/26\/la-union-europea-condeno-el-ataque-a-donald-trump-en-washington-y-rechazo-la-violencia-politica\/","title":{"rendered":"La Uni\u00f3n Europea conden\u00f3 el ataque a Donald Trump en Washington y rechaz\u00f3 la violencia pol\u00edtica"},"content":{"rendered":"<p><img loading=\"lazy\" decoding=\"async\" src=\"https:\/\/lobosnews.com.ar\/wp-content\/uploads\/2026\/04\/la-union-europea-condeno-el-ataque-a-donald-trump-en-washington-y-rechazo-la-violencia-politica.jpg\" alt=\"La Uni\u00f3n Europea conden\u00f3 el ataque a Donald Trump (REUTERS\/Yiannis Kourtoglou)\" height=\"3203\" width=\"5000\"\/><\/p>\n<p>La alta representante de Exteriores de la Uni\u00f3n Europea (UE), <b>Kaja Kallas<\/b>, celebr\u00f3 este domingo que <b>Donald Trump, as\u00ed como el resto de asistentes, est\u00e9 \u201ca salvo\u201d<\/b> tras el tiroteo que oblig\u00f3 a evacuar este s\u00e1bado al presidente estadounidense mientras asist\u00eda a la cena anual de la Asociaci\u00f3n de Corresponsales de la Casa Blanca (WHCA).<\/p>\n<p><b>\u201cMe alegra saber que todos los asistentes, incluido el presidente Trump, se encuentran a salvo tras el tiroteo ocurrido en la cena de corresponsales de la Casa Blanca\u201d<\/b>, dijo la jefa de la diplomacia europea a trav\u00e9s de un mensaje en redes sociales.<\/p>\n<p>Asimismo, Kallas conden\u00f3 lo sucedido y dijo que \u201cla violencia pol\u00edtica no tiene cabida en una democracia\u201d.<\/p>\n<p>Seguidamente hizo hincapi\u00e9 en que \u201cun acto destinado a rendir homenaje a la libertad de prensa nunca deber\u00eda convertirse en un escenario de miedo\u201d y<b> le dese\u00f3 al agente herido \u201cuna pronta recuperaci\u00f3n\u201d<\/b>.<\/p>\n<p>Por su parte, la presidenta de la Comisi\u00f3n Europea, Ursula von der Leyen, agradeci\u00f3 adem\u00e1s \u201cla <b>r\u00e1pida intervenci\u00f3n de la polic\u00eda y los servicios de emergencia por garantizar la seguridad de los hu\u00e9spedes<\/b>\u201d.<\/p>\n<p>El presidente del Consejo Europeo, <b>Ant\u00f3nio Costa<\/b>, calific\u00f3 el incidente de \u201cprofundamente preocupante\u201d y rechaz\u00f3 la violencia pol\u00edtica.<\/p>\n<p>La presidenta del Parlamento Europeo, <b>Roberta Metsola<\/b>, tambi\u00e9n expres\u00f3 su alivio por que todos los asistentes estuvieran a salvo.<\/p>\n<p>El incidente ocurri\u00f3 en la noche del s\u00e1bado (hora de Estados Unidos) durante la cena anual de la Asociaci\u00f3n de Corresponsales de la Casa Blanca, que se celebraba en un c\u00e9ntrico hotel de la capital estadounidense.<\/p>\n<p><img loading=\"lazy\" decoding=\"async\" src=\"https:\/\/lobosnews.com.ar\/wp-content\/uploads\/2026\/04\/la-union-europea-condeno-el-ataque-a-donald-trump-en-washington-y-rechazo-la-violencia-politica-1.jpg\" alt=\"El presidente de Estados Unidos, Donald Trump, la primera dama Melania Trump y la corresponsal principal de la Casa Blanca de CBS News, Weijia Jiang, asisten a la cena anual de la Asociaci\u00f3n de Corresponsales de la Casa Blanca en Washington, D.C., Estados Unidos, el 25 de abril de 2026. REUTERS\/Jonathan Ernst\" height=\"2225\" width=\"3342\"\/><\/p>\n<p>El <b>Servicio Secreto evacu\u00f3 a Trump, a su esposa Melania y a otros miembros del Gobierno estadounidense del sal\u00f3n donde se celebraba la cena tras escucharse lo que parec\u00edan disparos<\/b>, seg\u00fan relat\u00f3 un periodista de EFE que se encontraba en el evento.<\/p>\n<p>Tambi\u00e9n fueron evacuados otros miembros del Gobierno que hab\u00edan asistido a la gala, celebrada en el Hotel Hilton de Washington, como los <b>secretarios de Estado, Marco Rubio, del Tesoro, Scott Bessent, o de Guerra, Pete Hegseth.<\/b><\/p>\n<p>Aunque no existe confirmaci\u00f3n oficial, varios medios aseguran que el tirador es un var\u00f3n de 31 a\u00f1os llamado Cole Tomas Allen que reside en Torrance, en el estado de California.<\/p>\n<p>El propio Trump comparti\u00f3 en la red Truth Social im\u00e1genes del hombre arrestado, entre ellas, una fotograf\u00eda en la que se le ve esposado en el suelo del hotel. <\/p>\n<h2>Repercusiones <\/h2>\n<p>El presidente franc\u00e9s Emmanuel Macron se\u00f1al\u00f3 que \u201cel ataque armado de anoche contra el presidente de los Estados Unidos es inaceptable. <b>La violencia no tiene nunca cabida en democracia<\/b>\u201d.<\/p>\n<p>Por su parte, la primera ministra italiana Giorgia Meloni advirti\u00f3: <b>\u201cNing\u00fan odio pol\u00edtico puede encontrar espacio en nuestras democracias. No permitiremos al fanatismo envenenar los lugares del libre debate y de la informaci\u00f3n\u201d<\/b>.<\/p>\n<p>El primer ministro brit\u00e1nico, <b>Keir Starmer<\/b> se mostr\u00f3 conmocionado y aliviado: \u201cCualquier ataque contra las instituciones democr\u00e1ticas o contra la libertad de prensa debe ser condenado en los t\u00e9rminos m\u00e1s en\u00e9rgicos posibles\u201d.<\/p>\n<p>El canciller alem\u00e1n, Friedrich Merz, se sum\u00f3 a las condenas al tiroteo, \u201cLa violencia no tiene lugar alguno en una democracia. Decidimos a trav\u00e9s de mayor\u00edas, no a trav\u00e9s de las armas\u201d.<b> \u201cCondeno el intento de ataque en Washington y estoy aliviado de que el presidente Trump, la primera dama Melaniay todos los asistentes (a la cena) est\u00e9n a salvo\u201d<\/b>, dijo en su cuenta de X. <\/p>\n<p><i>(con informaci\u00f3n de EFE) <\/i><\/p>\n","protected":false},"excerpt":{"rendered":"<p>La alta representante de Exteriores de la Uni\u00f3n Europea (UE), Kaja Kallas, celebr\u00f3 este domingo que Donald Trump, as\u00ed como el resto de asistentes, est\u00e9 \u201ca salvo\u201d tras el tiroteo que oblig\u00f3 a evacuar este s\u00e1bado al presidente estadounidense mientras asist\u00eda a la cena anual de la Asociaci\u00f3n de Corresponsales de la Casa Blanca (WHCA)&#8230;.<\/p>\n","protected":false},"author":1,"featured_media":45647,"comment_status":"open","ping_status":"closed","sticky":false,"template":"","format":"standard","meta":{"_jetpack_memberships_contains_paid_content":false,"footnotes":""},"categories":[31],"tags":[],"class_list":["post-45643","post","type-post","status-publish","format-standard","has-post-thumbnail","hentry","category-actualidad"],"magazineBlocksPostFeaturedMedia":{"thumbnail":"https:\/\/lobosnews.com.ar\/wp-content\/uploads\/2026\/04\/la-union-europea-condeno-el-ataque-a-donald-trump-en-washington-y-rechazo-la-violencia-politica-2-150x150.jpg","medium":"https:\/\/lobosnews.com.ar\/wp-content\/uploads\/2026\/04\/la-union-europea-condeno-el-ataque-a-donald-trump-en-washington-y-rechazo-la-violencia-politica-2-300x200.jpg","medium_large":"https:\/\/lobosnews.com.ar\/wp-content\/uploads\/2026\/04\/la-union-europea-condeno-el-ataque-a-donald-trump-en-washington-y-rechazo-la-violencia-politica-2-768x511.jpg","large":"https:\/\/lobosnews.com.ar\/wp-content\/uploads\/2026\/04\/la-union-europea-condeno-el-ataque-a-donald-trump-en-washington-y-rechazo-la-violencia-politica-2-1024x682.jpg","1536x1536":"https:\/\/lobosnews.com.ar\/wp-content\/uploads\/2026\/04\/la-union-europea-condeno-el-ataque-a-donald-trump-en-washington-y-rechazo-la-violencia-politica-2-1536x1023.jpg","2048x2048":"https:\/\/lobosnews.com.ar\/wp-content\/uploads\/2026\/04\/la-union-europea-condeno-el-ataque-a-donald-trump-en-washington-y-rechazo-la-violencia-politica-2-2048x1363.jpg","newsmatic-featured":"https:\/\/lobosnews.com.ar\/wp-content\/uploads\/2026\/04\/la-union-europea-condeno-el-ataque-a-donald-trump-en-washington-y-rechazo-la-violencia-politica-2-820x545.jpg","newsmatic-list":"https:\/\/lobosnews.com.ar\/wp-content\/uploads\/2026\/04\/la-union-europea-condeno-el-ataque-a-donald-trump-en-washington-y-rechazo-la-violencia-politica-2-600x400.jpg","newsmatic-thumb":"https:\/\/lobosnews.com.ar\/wp-content\/uploads\/2026\/04\/la-union-europea-condeno-el-ataque-a-donald-trump-en-washington-y-rechazo-la-violencia-politica-2-300x200.jpg","newsmatic-small":"https:\/\/lobosnews.com.ar\/wp-content\/uploads\/2026\/04\/la-union-europea-condeno-el-ataque-a-donald-trump-en-washington-y-rechazo-la-violencia-politica-2-150x95.jpg","newsmatic-grid":"https:\/\/lobosnews.com.ar\/wp-content\/uploads\/2026\/04\/la-union-europea-condeno-el-ataque-a-donald-trump-en-washington-y-rechazo-la-violencia-politica-2-400x250.jpg"},"magazineBlocksPostAuthor":{"name":"admin","avatar":"https:\/\/secure.gravatar.com\/avatar\/76e419471a2083bc3ceab22a763dbbf9b0c1bd15a6214cf3280e2c2dde4580f9?s=96&d=mm&r=g"},"magazineBlocksPostCommentsNumber":"0","magazineBlocksPostExcerpt":"La alta representante de Exteriores de la Uni\u00f3n Europea (UE), Kaja Kallas, celebr\u00f3 este domingo que Donald Trump, as\u00ed como el resto de asistentes, est\u00e9 \u201ca salvo\u201d tras el tiroteo que oblig\u00f3 a evacuar este s\u00e1bado al presidente estadounidense mientras asist\u00eda a la cena anual de la Asociaci\u00f3n de Corresponsales de la Casa Blanca (WHCA)....","magazineBlocksPostCategories":["Actualidad"],"magazineBlocksPostViewCount":5,"magazineBlocksPostReadTime":4,"magazine_blocks_featured_image_url":{"full":["https:\/\/lobosnews.com.ar\/wp-content\/uploads\/2026\/04\/la-union-europea-condeno-el-ataque-a-donald-trump-en-washington-y-rechazo-la-violencia-politica-2-scaled.jpg",2560,1704,false],"medium":["https:\/\/lobosnews.com.ar\/wp-content\/uploads\/2026\/04\/la-union-europea-condeno-el-ataque-a-donald-trump-en-washington-y-rechazo-la-violencia-politica-2-300x200.jpg",300,200,true],"thumbnail":["https:\/\/lobosnews.com.ar\/wp-content\/uploads\/2026\/04\/la-union-europea-condeno-el-ataque-a-donald-trump-en-washington-y-rechazo-la-violencia-politica-2-150x150.jpg",150,150,true]},"magazine_blocks_author":{"display_name":"admin","author_link":"https:\/\/lobosnews.com.ar\/index.php\/author\/lobos-news\/"},"magazine_blocks_comment":0,"magazine_blocks_author_image":"https:\/\/secure.gravatar.com\/avatar\/76e419471a2083bc3ceab22a763dbbf9b0c1bd15a6214cf3280e2c2dde4580f9?s=96&d=mm&r=g","magazine_blocks_category":"<a href=\"#\" class=\"category-link category-link-31\">Actualidad<\/a>","yoast_head":"<!-- This site is optimized with the Yoast SEO plugin v26.6 - https:\/\/yoast.com\/wordpress\/plugins\/seo\/ -->\n<title>La Uni\u00f3n Europea conden\u00f3 el ataque a Donald Trump en Washington y rechaz\u00f3 la violencia pol\u00edtica - Lobos News<\/title>\n<meta name=\"robots\" content=\"index, follow, max-snippet:-1, max-image-preview:large, max-video-preview:-1\" \/>\n<link rel=\"canonical\" href=\"https:\/\/lobosnews.com.ar\/index.php\/2026\/04\/26\/la-union-europea-condeno-el-ataque-a-donald-trump-en-washington-y-rechazo-la-violencia-politica\/\" \/>\n<meta property=\"og:locale\" content=\"es_ES\" \/>\n<meta property=\"og:type\" content=\"article\" \/>\n<meta property=\"og:title\" content=\"La Uni\u00f3n Europea conden\u00f3 el ataque a Donald Trump en Washington y rechaz\u00f3 la violencia pol\u00edtica - Lobos News\" \/>\n<meta property=\"og:description\" content=\"La alta representante de Exteriores de la Uni\u00f3n Europea (UE), Kaja Kallas, celebr\u00f3 este domingo que Donald Trump, as\u00ed como el resto de asistentes, est\u00e9 \u201ca salvo\u201d tras el tiroteo que oblig\u00f3 a evacuar este s\u00e1bado al presidente estadounidense mientras asist\u00eda a la cena anual de la Asociaci\u00f3n de Corresponsales de la Casa Blanca (WHCA)....\" \/>\n<meta property=\"og:url\" content=\"https:\/\/lobosnews.com.ar\/index.php\/2026\/04\/26\/la-union-europea-condeno-el-ataque-a-donald-trump-en-washington-y-rechazo-la-violencia-politica\/\" \/>\n<meta property=\"og:site_name\" content=\"Lobos News\" \/>\n<meta property=\"article:published_time\" content=\"2026-04-26T12:17:33+00:00\" \/>\n<meta property=\"article:modified_time\" content=\"2026-04-26T14:35:24+00:00\" \/>\n<meta property=\"og:image\" content=\"https:\/\/lobosnews.com.ar\/wp-content\/uploads\/2026\/04\/la-union-europea-condeno-el-ataque-a-donald-trump-en-washington-y-rechazo-la-violencia-politica.jpg\" \/>\n<meta name=\"author\" content=\"admin\" \/>\n<meta name=\"twitter:card\" content=\"summary_large_image\" \/>\n<meta name=\"twitter:label1\" content=\"Escrito por\" \/>\n\t<meta name=\"twitter:data1\" content=\"admin\" \/>\n\t<meta name=\"twitter:label2\" content=\"Tiempo de lectura\" \/>\n\t<meta name=\"twitter:data2\" content=\"3 minutos\" \/>\n<script type=\"application\/ld+json\" class=\"yoast-schema-graph\">{\"@context\":\"https:\/\/schema.org\",\"@graph\":[{\"@type\":\"Article\",\"@id\":\"https:\/\/lobosnews.com.ar\/index.php\/2026\/04\/26\/la-union-europea-condeno-el-ataque-a-donald-trump-en-washington-y-rechazo-la-violencia-politica\/#article\",\"isPartOf\":{\"@id\":\"https:\/\/lobosnews.com.ar\/index.php\/2026\/04\/26\/la-union-europea-condeno-el-ataque-a-donald-trump-en-washington-y-rechazo-la-violencia-politica\/\"},\"author\":{\"name\":\"admin\",\"@id\":\"https:\/\/lobosnews.com.ar\/#\/schema\/person\/232422a593d5c541dd9aef6aaed10943\"},\"headline\":\"La Uni\u00f3n Europea conden\u00f3 el ataque a Donald Trump en Washington y rechaz\u00f3 la violencia pol\u00edtica\",\"datePublished\":\"2026-04-26T12:17:33+00:00\",\"dateModified\":\"2026-04-26T14:35:24+00:00\",\"mainEntityOfPage\":{\"@id\":\"https:\/\/lobosnews.com.ar\/index.php\/2026\/04\/26\/la-union-europea-condeno-el-ataque-a-donald-trump-en-washington-y-rechazo-la-violencia-politica\/\"},\"wordCount\":619,\"commentCount\":0,\"publisher\":{\"@id\":\"https:\/\/lobosnews.com.ar\/#organization\"},\"image\":{\"@id\":\"https:\/\/lobosnews.com.ar\/index.php\/2026\/04\/26\/la-union-europea-condeno-el-ataque-a-donald-trump-en-washington-y-rechazo-la-violencia-politica\/#primaryimage\"},\"thumbnailUrl\":\"https:\/\/lobosnews.com.ar\/wp-content\/uploads\/2026\/04\/la-union-europea-condeno-el-ataque-a-donald-trump-en-washington-y-rechazo-la-violencia-politica-2-scaled.jpg\",\"articleSection\":[\"Actualidad\"],\"inLanguage\":\"es\",\"potentialAction\":[{\"@type\":\"CommentAction\",\"name\":\"Comment\",\"target\":[\"https:\/\/lobosnews.com.ar\/index.php\/2026\/04\/26\/la-union-europea-condeno-el-ataque-a-donald-trump-en-washington-y-rechazo-la-violencia-politica\/#respond\"]}]},{\"@type\":\"WebPage\",\"@id\":\"https:\/\/lobosnews.com.ar\/index.php\/2026\/04\/26\/la-union-europea-condeno-el-ataque-a-donald-trump-en-washington-y-rechazo-la-violencia-politica\/\",\"url\":\"https:\/\/lobosnews.com.ar\/index.php\/2026\/04\/26\/la-union-europea-condeno-el-ataque-a-donald-trump-en-washington-y-rechazo-la-violencia-politica\/\",\"name\":\"La Uni\u00f3n Europea conden\u00f3 el ataque a Donald Trump en Washington y rechaz\u00f3 la violencia pol\u00edtica - Lobos News\",\"isPartOf\":{\"@id\":\"https:\/\/lobosnews.com.ar\/#website\"},\"primaryImageOfPage\":{\"@id\":\"https:\/\/lobosnews.com.ar\/index.php\/2026\/04\/26\/la-union-europea-condeno-el-ataque-a-donald-trump-en-washington-y-rechazo-la-violencia-politica\/#primaryimage\"},\"image\":{\"@id\":\"https:\/\/lobosnews.com.ar\/index.php\/2026\/04\/26\/la-union-europea-condeno-el-ataque-a-donald-trump-en-washington-y-rechazo-la-violencia-politica\/#primaryimage\"},\"thumbnailUrl\":\"https:\/\/lobosnews.com.ar\/wp-content\/uploads\/2026\/04\/la-union-europea-condeno-el-ataque-a-donald-trump-en-washington-y-rechazo-la-violencia-politica-2-scaled.jpg\",\"datePublished\":\"2026-04-26T12:17:33+00:00\",\"dateModified\":\"2026-04-26T14:35:24+00:00\",\"breadcrumb\":{\"@id\":\"https:\/\/lobosnews.com.ar\/index.php\/2026\/04\/26\/la-union-europea-condeno-el-ataque-a-donald-trump-en-washington-y-rechazo-la-violencia-politica\/#breadcrumb\"},\"inLanguage\":\"es\",\"potentialAction\":[{\"@type\":\"ReadAction\",\"target\":[\"https:\/\/lobosnews.com.ar\/index.php\/2026\/04\/26\/la-union-europea-condeno-el-ataque-a-donald-trump-en-washington-y-rechazo-la-violencia-politica\/\"]}]},{\"@type\":\"ImageObject\",\"inLanguage\":\"es\",\"@id\":\"https:\/\/lobosnews.com.ar\/index.php\/2026\/04\/26\/la-union-europea-condeno-el-ataque-a-donald-trump-en-washington-y-rechazo-la-violencia-politica\/#primaryimage\",\"url\":\"https:\/\/lobosnews.com.ar\/wp-content\/uploads\/2026\/04\/la-union-europea-condeno-el-ataque-a-donald-trump-en-washington-y-rechazo-la-violencia-politica-2-scaled.jpg\",\"contentUrl\":\"https:\/\/lobosnews.com.ar\/wp-content\/uploads\/2026\/04\/la-union-europea-condeno-el-ataque-a-donald-trump-en-washington-y-rechazo-la-violencia-politica-2-scaled.jpg\",\"width\":2560,\"height\":1704,\"caption\":\"La Uni\u00f3n Europea conden\u00f3 el ataque a Donald Trump en Washington y rechaz\u00f3 la violencia pol\u00edtica\"},{\"@type\":\"BreadcrumbList\",\"@id\":\"https:\/\/lobosnews.com.ar\/index.php\/2026\/04\/26\/la-union-europea-condeno-el-ataque-a-donald-trump-en-washington-y-rechazo-la-violencia-politica\/#breadcrumb\",\"itemListElement\":[{\"@type\":\"ListItem\",\"position\":1,\"name\":\"Portada\",\"item\":\"https:\/\/lobosnews.com.ar\/\"},{\"@type\":\"ListItem\",\"position\":2,\"name\":\"La Uni\u00f3n Europea conden\u00f3 el ataque a Donald Trump en Washington y rechaz\u00f3 la violencia pol\u00edtica\"}]},{\"@type\":\"WebSite\",\"@id\":\"https:\/\/lobosnews.com.ar\/#website\",\"url\":\"https:\/\/lobosnews.com.ar\/\",\"name\":\"Lobos News\",\"description\":\"Informaci\u00f3n a cada instante\",\"publisher\":{\"@id\":\"https:\/\/lobosnews.com.ar\/#organization\"},\"potentialAction\":[{\"@type\":\"SearchAction\",\"target\":{\"@type\":\"EntryPoint\",\"urlTemplate\":\"https:\/\/lobosnews.com.ar\/?s={search_term_string}\"},\"query-input\":{\"@type\":\"PropertyValueSpecification\",\"valueRequired\":true,\"valueName\":\"search_term_string\"}}],\"inLanguage\":\"es\"},{\"@type\":\"Organization\",\"@id\":\"https:\/\/lobosnews.com.ar\/#organization\",\"name\":\"Lobos News\",\"url\":\"https:\/\/lobosnews.com.ar\/\",\"logo\":{\"@type\":\"ImageObject\",\"inLanguage\":\"es\",\"@id\":\"https:\/\/lobosnews.com.ar\/#\/schema\/logo\/image\/\",\"url\":\"https:\/\/lobosnews.com.ar\/wp-content\/uploads\/2026\/01\/logo-lobosnews.png\",\"contentUrl\":\"https:\/\/lobosnews.com.ar\/wp-content\/uploads\/2026\/01\/logo-lobosnews.png\",\"width\":500,\"height\":200,\"caption\":\"Lobos News\"},\"image\":{\"@id\":\"https:\/\/lobosnews.com.ar\/#\/schema\/logo\/image\/\"}},{\"@type\":\"Person\",\"@id\":\"https:\/\/lobosnews.com.ar\/#\/schema\/person\/232422a593d5c541dd9aef6aaed10943\",\"name\":\"admin\",\"image\":{\"@type\":\"ImageObject\",\"inLanguage\":\"es\",\"@id\":\"https:\/\/lobosnews.com.ar\/#\/schema\/person\/image\/\",\"url\":\"https:\/\/secure.gravatar.com\/avatar\/76e419471a2083bc3ceab22a763dbbf9b0c1bd15a6214cf3280e2c2dde4580f9?s=96&d=mm&r=g\",\"contentUrl\":\"https:\/\/secure.gravatar.com\/avatar\/76e419471a2083bc3ceab22a763dbbf9b0c1bd15a6214cf3280e2c2dde4580f9?s=96&d=mm&r=g\",\"caption\":\"admin\"},\"sameAs\":[\"https:\/\/lobosnews.com.ar\"],\"url\":\"https:\/\/lobosnews.com.ar\/index.php\/author\/lobos-news\/\"}]}<\/script>\n<!-- \/ Yoast SEO plugin. -->","yoast_head_json":{"title":"La Uni\u00f3n Europea conden\u00f3 el ataque a Donald Trump en Washington y rechaz\u00f3 la violencia pol\u00edtica - Lobos News","robots":{"index":"index","follow":"follow","max-snippet":"max-snippet:-1","max-image-preview":"max-image-preview:large","max-video-preview":"max-video-preview:-1"},"canonical":"https:\/\/lobosnews.com.ar\/index.php\/2026\/04\/26\/la-union-europea-condeno-el-ataque-a-donald-trump-en-washington-y-rechazo-la-violencia-politica\/","og_locale":"es_ES","og_type":"article","og_title":"La Uni\u00f3n Europea conden\u00f3 el ataque a Donald Trump en Washington y rechaz\u00f3 la violencia pol\u00edtica - Lobos News","og_description":"La alta representante de Exteriores de la Uni\u00f3n Europea (UE), Kaja Kallas, celebr\u00f3 este domingo que Donald Trump, as\u00ed como el resto de asistentes, est\u00e9 \u201ca salvo\u201d tras el tiroteo que oblig\u00f3 a evacuar este s\u00e1bado al presidente estadounidense mientras asist\u00eda a la cena anual de la Asociaci\u00f3n de Corresponsales de la Casa Blanca (WHCA)....","og_url":"https:\/\/lobosnews.com.ar\/index.php\/2026\/04\/26\/la-union-europea-condeno-el-ataque-a-donald-trump-en-washington-y-rechazo-la-violencia-politica\/","og_site_name":"Lobos News","article_published_time":"2026-04-26T12:17:33+00:00","article_modified_time":"2026-04-26T14:35:24+00:00","og_image":[{"url":"https:\/\/lobosnews.com.ar\/wp-content\/uploads\/2026\/04\/la-union-europea-condeno-el-ataque-a-donald-trump-en-washington-y-rechazo-la-violencia-politica.jpg","type":"","width":"","height":""}],"author":"admin","twitter_card":"summary_large_image","twitter_misc":{"Escrito por":"admin","Tiempo de lectura":"3 minutos"},"schema":{"@context":"https:\/\/schema.org","@graph":[{"@type":"Article","@id":"https:\/\/lobosnews.com.ar\/index.php\/2026\/04\/26\/la-union-europea-condeno-el-ataque-a-donald-trump-en-washington-y-rechazo-la-violencia-politica\/#article","isPartOf":{"@id":"https:\/\/lobosnews.com.ar\/index.php\/2026\/04\/26\/la-union-europea-condeno-el-ataque-a-donald-trump-en-washington-y-rechazo-la-violencia-politica\/"},"author":{"name":"admin","@id":"https:\/\/lobosnews.com.ar\/#\/schema\/person\/232422a593d5c541dd9aef6aaed10943"},"headline":"La Uni\u00f3n Europea conden\u00f3 el ataque a Donald Trump en Washington y rechaz\u00f3 la violencia pol\u00edtica","datePublished":"2026-04-26T12:17:33+00:00","dateModified":"2026-04-26T14:35:24+00:00","mainEntityOfPage":{"@id":"https:\/\/lobosnews.com.ar\/index.php\/2026\/04\/26\/la-union-europea-condeno-el-ataque-a-donald-trump-en-washington-y-rechazo-la-violencia-politica\/"},"wordCount":619,"commentCount":0,"publisher":{"@id":"https:\/\/lobosnews.com.ar\/#organization"},"image":{"@id":"https:\/\/lobosnews.com.ar\/index.php\/2026\/04\/26\/la-union-europea-condeno-el-ataque-a-donald-trump-en-washington-y-rechazo-la-violencia-politica\/#primaryimage"},"thumbnailUrl":"https:\/\/lobosnews.com.ar\/wp-content\/uploads\/2026\/04\/la-union-europea-condeno-el-ataque-a-donald-trump-en-washington-y-rechazo-la-violencia-politica-2-scaled.jpg","articleSection":["Actualidad"],"inLanguage":"es","potentialAction":[{"@type":"CommentAction","name":"Comment","target":["https:\/\/lobosnews.com.ar\/index.php\/2026\/04\/26\/la-union-europea-condeno-el-ataque-a-donald-trump-en-washington-y-rechazo-la-violencia-politica\/#respond"]}]},{"@type":"WebPage","@id":"https:\/\/lobosnews.com.ar\/index.php\/2026\/04\/26\/la-union-europea-condeno-el-ataque-a-donald-trump-en-washington-y-rechazo-la-violencia-politica\/","url":"https:\/\/lobosnews.com.ar\/index.php\/2026\/04\/26\/la-union-europea-condeno-el-ataque-a-donald-trump-en-washington-y-rechazo-la-violencia-politica\/","name":"La Uni\u00f3n Europea conden\u00f3 el ataque a Donald Trump en Washington y rechaz\u00f3 la violencia pol\u00edtica - Lobos News","isPartOf":{"@id":"https:\/\/lobosnews.com.ar\/#website"},"primaryImageOfPage":{"@id":"https:\/\/lobosnews.com.ar\/index.php\/2026\/04\/26\/la-union-europea-condeno-el-ataque-a-donald-trump-en-washington-y-rechazo-la-violencia-politica\/#primaryimage"},"image":{"@id":"https:\/\/lobosnews.com.ar\/index.php\/2026\/04\/26\/la-union-europea-condeno-el-ataque-a-donald-trump-en-washington-y-rechazo-la-violencia-politica\/#primaryimage"},"thumbnailUrl":"https:\/\/lobosnews.com.ar\/wp-content\/uploads\/2026\/04\/la-union-europea-condeno-el-ataque-a-donald-trump-en-washington-y-rechazo-la-violencia-politica-2-scaled.jpg","datePublished":"2026-04-26T12:17:33+00:00","dateModified":"2026-04-26T14:35:24+00:00","breadcrumb":{"@id":"https:\/\/lobosnews.com.ar\/index.php\/2026\/04\/26\/la-union-europea-condeno-el-ataque-a-donald-trump-en-washington-y-rechazo-la-violencia-politica\/#breadcrumb"},"inLanguage":"es","potentialAction":[{"@type":"ReadAction","target":["https:\/\/lobosnews.com.ar\/index.php\/2026\/04\/26\/la-union-europea-condeno-el-ataque-a-donald-trump-en-washington-y-rechazo-la-violencia-politica\/"]}]},{"@type":"ImageObject","inLanguage":"es","@id":"https:\/\/lobosnews.com.ar\/index.php\/2026\/04\/26\/la-union-europea-condeno-el-ataque-a-donald-trump-en-washington-y-rechazo-la-violencia-politica\/#primaryimage","url":"https:\/\/lobosnews.com.ar\/wp-content\/uploads\/2026\/04\/la-union-europea-condeno-el-ataque-a-donald-trump-en-washington-y-rechazo-la-violencia-politica-2-scaled.jpg","contentUrl":"https:\/\/lobosnews.com.ar\/wp-content\/uploads\/2026\/04\/la-union-europea-condeno-el-ataque-a-donald-trump-en-washington-y-rechazo-la-violencia-politica-2-scaled.jpg","width":2560,"height":1704,"caption":"La Uni\u00f3n Europea conden\u00f3 el ataque a Donald Trump en Washington y rechaz\u00f3 la violencia pol\u00edtica"},{"@type":"BreadcrumbList","@id":"https:\/\/lobosnews.com.ar\/index.php\/2026\/04\/26\/la-union-europea-condeno-el-ataque-a-donald-trump-en-washington-y-rechazo-la-violencia-politica\/#breadcrumb","itemListElement":[{"@type":"ListItem","position":1,"name":"Portada","item":"https:\/\/lobosnews.com.ar\/"},{"@type":"ListItem","position":2,"name":"La Uni\u00f3n Europea conden\u00f3 el ataque a Donald Trump en Washington y rechaz\u00f3 la violencia pol\u00edtica"}]},{"@type":"WebSite","@id":"https:\/\/lobosnews.com.ar\/#website","url":"https:\/\/lobosnews.com.ar\/","name":"Lobos News","description":"Informaci\u00f3n a cada instante","publisher":{"@id":"https:\/\/lobosnews.com.ar\/#organization"},"potentialAction":[{"@type":"SearchAction","target":{"@type":"EntryPoint","urlTemplate":"https:\/\/lobosnews.com.ar\/?s={search_term_string}"},"query-input":{"@type":"PropertyValueSpecification","valueRequired":true,"valueName":"search_term_string"}}],"inLanguage":"es"},{"@type":"Organization","@id":"https:\/\/lobosnews.com.ar\/#organization","name":"Lobos News","url":"https:\/\/lobosnews.com.ar\/","logo":{"@type":"ImageObject","inLanguage":"es","@id":"https:\/\/lobosnews.com.ar\/#\/schema\/logo\/image\/","url":"https:\/\/lobosnews.com.ar\/wp-content\/uploads\/2026\/01\/logo-lobosnews.png","contentUrl":"https:\/\/lobosnews.com.ar\/wp-content\/uploads\/2026\/01\/logo-lobosnews.png","width":500,"height":200,"caption":"Lobos News"},"image":{"@id":"https:\/\/lobosnews.com.ar\/#\/schema\/logo\/image\/"}},{"@type":"Person","@id":"https:\/\/lobosnews.com.ar\/#\/schema\/person\/232422a593d5c541dd9aef6aaed10943","name":"admin","image":{"@type":"ImageObject","inLanguage":"es","@id":"https:\/\/lobosnews.com.ar\/#\/schema\/person\/image\/","url":"https:\/\/secure.gravatar.com\/avatar\/76e419471a2083bc3ceab22a763dbbf9b0c1bd15a6214cf3280e2c2dde4580f9?s=96&d=mm&r=g","contentUrl":"https:\/\/secure.gravatar.com\/avatar\/76e419471a2083bc3ceab22a763dbbf9b0c1bd15a6214cf3280e2c2dde4580f9?s=96&d=mm&r=g","caption":"admin"},"sameAs":["https:\/\/lobosnews.com.ar"],"url":"https:\/\/lobosnews.com.ar\/index.php\/author\/lobos-news\/"}]}},"jetpack_featured_media_url":"https:\/\/lobosnews.com.ar\/wp-content\/uploads\/2026\/04\/la-union-europea-condeno-el-ataque-a-donald-trump-en-washington-y-rechazo-la-violencia-politica-2-scaled.jpg","jetpack_sharing_enabled":true,"_links":{"self":[{"href":"https:\/\/lobosnews.com.ar\/index.php\/wp-json\/wp\/v2\/posts\/45643","targetHints":{"allow":["GET"]}}],"collection":[{"href":"https:\/\/lobosnews.com.ar\/index.php\/wp-json\/wp\/v2\/posts"}],"about":[{"href":"https:\/\/lobosnews.com.ar\/index.php\/wp-json\/wp\/v2\/types\/post"}],"author":[{"embeddable":true,"href":"https:\/\/lobosnews.com.ar\/index.php\/wp-json\/wp\/v2\/users\/1"}],"replies":[{"embeddable":true,"href":"https:\/\/lobosnews.com.ar\/index.php\/wp-json\/wp\/v2\/comments?post=45643"}],"version-history":[{"count":1,"href":"https:\/\/lobosnews.com.ar\/index.php\/wp-json\/wp\/v2\/posts\/45643\/revisions"}],"predecessor-version":[{"id":45646,"href":"https:\/\/lobosnews.com.ar\/index.php\/wp-json\/wp\/v2\/posts\/45643\/revisions\/45646"}],"wp:featuredmedia":[{"embeddable":true,"href":"https:\/\/lobosnews.com.ar\/index.php\/wp-json\/wp\/v2\/media\/45647"}],"wp:attachment":[{"href":"https:\/\/lobosnews.com.ar\/index.php\/wp-json\/wp\/v2\/media?parent=45643"}],"wp:term":[{"taxonomy":"category","embeddable":true,"href":"https:\/\/lobosnews.com.ar\/index.php\/wp-json\/wp\/v2\/categories?post=45643"},{"taxonomy":"post_tag","embeddable":true,"href":"https:\/\/lobosnews.com.ar\/index.php\/wp-json\/wp\/v2\/tags?post=45643"}],"curies":[{"name":"wp","href":"https:\/\/api.w.org\/{rel}","templated":true}]}}