{"id":45623,"date":"2026-04-26T12:19:20","date_gmt":"2026-04-26T12:19:20","guid":{"rendered":"https:\/\/lobosnews.com.ar\/index.php\/2026\/04\/26\/fotogaleria-sivart-transforma-el-centro-historico-de-san-salvador-en-espacios-de-convivencia-y-arte\/"},"modified":"2026-04-26T14:33:29","modified_gmt":"2026-04-26T14:33:29","slug":"fotogaleria-sivart-transforma-el-centro-historico-de-san-salvador-en-espacios-de-convivencia-y-arte","status":"publish","type":"post","link":"https:\/\/lobosnews.com.ar\/index.php\/2026\/04\/26\/fotogaleria-sivart-transforma-el-centro-historico-de-san-salvador-en-espacios-de-convivencia-y-arte\/","title":{"rendered":"Fotogaler\u00eda: SivArt transforma el Centro Hist\u00f3rico de San Salvador en espacios de convivencia y arte"},"content":{"rendered":"<p><img loading=\"lazy\" decoding=\"async\" src=\"https:\/\/lobosnews.com.ar\/wp-content\/uploads\/2026\/04\/fotogaleria-sivart-transforma-el-centro-historico-de-san-salvador-en-espacios-de-convivencia-y-arte.jpg\" alt=\"El Centro Hist\u00f3rico de San Salvador fue escenario este s\u00e1bado de SivArt Family Fest, un evento que reuni\u00f3 a familias y visitantes en un ambiente de actividades culturales, musicales y de entretenimiento.(Cortes\u00eda: Ministerio de Turismo)\" height=\"1366\" width=\"2048\"\/><img loading=\"lazy\" decoding=\"async\" src=\"https:\/\/lobosnews.com.ar\/wp-content\/uploads\/2026\/04\/fotogaleria-sivart-transforma-el-centro-historico-de-san-salvador-en-espacios-de-convivencia-y-arte-1.jpg\" alt=\"El SivArt inici\u00f3 con una mega clase de zumba en la Plaza Gerardo Barrios, donde participantes de todas las edades llenaron el espacio de energ\u00eda y alegr\u00eda.(Cortes\u00eda: Secretar\u00eda San Salvador)\" height=\"960\" width=\"1440\"\/><img loading=\"lazy\" decoding=\"async\" src=\"https:\/\/lobosnews.com.ar\/wp-content\/uploads\/2026\/04\/fotogaleria-sivart-transforma-el-centro-historico-de-san-salvador-en-espacios-de-convivencia-y-arte-2.jpg\" alt=\"El muro de escalada instalado frente a la Biblioteca Nacional atrajo a j\u00f3venes y ni\u00f1os, quienes aceptaron el reto deportivo como parte de la programaci\u00f3n del SivArt. (Cortes\u00eda: Secretar\u00eda de Prensa)\" height=\"2048\" width=\"1366\"\/><img loading=\"lazy\" decoding=\"async\" src=\"https:\/\/lobosnews.com.ar\/wp-content\/uploads\/2026\/04\/fotogaleria-sivart-transforma-el-centro-historico-de-san-salvador-en-espacios-de-convivencia-y-arte-3.jpg\" alt=\"Un mural colaborativo sirvi\u00f3 como lienzo para que ni\u00f1os y ni\u00f1as dejaran su huella art\u00edstica durante el desarrollo del evento. (Cortes\u00eda: Secretar\u00eda de Prensa)\" height=\"2048\" width=\"1536\"\/><img loading=\"lazy\" decoding=\"async\" src=\"https:\/\/lobosnews.com.ar\/wp-content\/uploads\/2026\/04\/fotogaleria-sivart-transforma-el-centro-historico-de-san-salvador-en-espacios-de-convivencia-y-arte-4.jpg\" alt=\"Asistentes bailaron al ritmo de la m\u00fasica durante el SivArt. (Cortes\u00eda: Secretar\u00eda de Prensa)\" height=\"1366\" width=\"2048\"\/><img loading=\"lazy\" decoding=\"async\" src=\"https:\/\/lobosnews.com.ar\/wp-content\/uploads\/2026\/04\/fotogaleria-sivart-transforma-el-centro-historico-de-san-salvador-en-espacios-de-convivencia-y-arte-5.jpg\" alt=\"El payaso Rastin, durante su presentaci\u00f3n en la Plaza Libertad, donde hizo re\u00edr a familias y ni\u00f1os como parte de las actividades del SivArt. (Cortes\u00eda: Secretar\u00eda de Cultura de San Salvador)\" height=\"960\" width=\"1440\"\/><img loading=\"lazy\" decoding=\"async\" src=\"https:\/\/lobosnews.com.ar\/wp-content\/uploads\/2026\/04\/fotogaleria-sivart-transforma-el-centro-historico-de-san-salvador-en-espacios-de-convivencia-y-arte-6.jpg\" alt=\"Visitantes nacionales y extranjeros disfrutaron de cada propuesta art\u00edstica y musical en las plazas del Centro Hist\u00f3rico. (Cortes\u00eda: Secretar\u00eda de Prensa)\" height=\"1366\" width=\"2048\"\/><img loading=\"lazy\" decoding=\"async\" src=\"https:\/\/lobosnews.com.ar\/wp-content\/uploads\/2026\/04\/fotogaleria-sivart-transforma-el-centro-historico-de-san-salvador-en-espacios-de-convivencia-y-arte-7.jpg\" alt=\"El Conjunto Folkl\u00f3rico Xilotepec se present\u00f3 en la plaza Gerardo Barrios, promoviendo la cultura y la identidad salvadore\u00f1a a trav\u00e9s de la danza tradicional. (Cortes\u00eda: Secretar\u00eda de Prensa)\" height=\"2048\" width=\"1365\"\/><img loading=\"lazy\" decoding=\"async\" src=\"https:\/\/lobosnews.com.ar\/wp-content\/uploads\/2026\/04\/fotogaleria-sivart-transforma-el-centro-historico-de-san-salvador-en-espacios-de-convivencia-y-arte-8.jpg\" alt=\"Las actividades infantiles de arte y coloreo permitieron que los m\u00e1s peque\u00f1os exploraran su imaginaci\u00f3n en un entorno seguro y recreativo. (Cortes\u00eda: Secretar\u00eda de Prensa)\" height=\"1366\" width=\"2048\"\/><img loading=\"lazy\" decoding=\"async\" src=\"https:\/\/lobosnews.com.ar\/wp-content\/uploads\/2026\/04\/fotogaleria-sivart-transforma-el-centro-historico-de-san-salvador-en-espacios-de-convivencia-y-arte-9.jpg\" alt=\"La presentaci\u00f3n de los Talcig\u00fcines reuni\u00f3 a numerosas familias en la plaza Gerardo Barrios, reviviendo tradiciones salvadore\u00f1as y promoviendo la identidad cultural. (Cortes\u00eda: Secretar\u00eda de Prensa)\" height=\"1366\" width=\"2048\"\/><img loading=\"lazy\" decoding=\"async\" src=\"https:\/\/lobosnews.com.ar\/wp-content\/uploads\/2026\/04\/fotogaleria-sivart-transforma-el-centro-historico-de-san-salvador-en-espacios-de-convivencia-y-arte-10.jpg\" alt=\"La Banda Bicentenario ofreci\u00f3 una presentaci\u00f3n en la Plaza Moraz\u00e1n, donde sus j\u00f3venes m\u00fasicos demostraron su talento ante el p\u00fablico asistente.(Cortes\u00eda: Secretar\u00eda de Cultura San Salvador)\" height=\"1080\" width=\"1440\"\/><img loading=\"lazy\" decoding=\"async\" src=\"https:\/\/lobosnews.com.ar\/wp-content\/uploads\/2026\/04\/fotogaleria-sivart-transforma-el-centro-historico-de-san-salvador-en-espacios-de-convivencia-y-arte-11.jpg\" alt=\"La DJ Madeline Guardado anim\u00f3 la noche con su m\u00fasica en la plaza Gerardo Barrios, poniendo a bailar a los asistentes del SivArt. (Cortes\u00eda: Secretar\u00eda de Prensa)\" height=\"1366\" width=\"2048\"\/><img loading=\"lazy\" decoding=\"async\" src=\"https:\/\/lobosnews.com.ar\/wp-content\/uploads\/2026\/04\/fotogaleria-sivart-transforma-el-centro-historico-de-san-salvador-en-espacios-de-convivencia-y-arte-12.jpg\" alt=\"La interpretaci\u00f3n de \u201cA m\u00ed me gustan las pupusas\u201d de Jhosse Lora anim\u00f3 al p\u00fablico, que cant\u00f3 y bail\u00f3 durante el SivArt Family Fest. (Cortes\u00eda: Secretar\u00eda de Prensa)\" height=\"1366\" width=\"2048\"\/><img loading=\"lazy\" decoding=\"async\" src=\"https:\/\/lobosnews.com.ar\/wp-content\/uploads\/2026\/04\/fotogaleria-sivart-transforma-el-centro-historico-de-san-salvador-en-espacios-de-convivencia-y-arte-13.jpg\" alt=\"La noche lleg\u00f3 y el p\u00fablico acompa\u00f1\u00f3 con baile las canciones interpretadas por artistas nacionales en el escenario principal. (Cortes\u00eda: Secretar\u00eda de Prensa)\" height=\"1366\" width=\"2048\"\/><\/p>\n","protected":false},"excerpt":{"rendered":"","protected":false},"author":1,"featured_media":45639,"comment_status":"open","ping_status":"closed","sticky":false,"template":"","format":"standard","meta":{"_jetpack_memberships_contains_paid_content":false,"footnotes":""},"categories":[31],"tags":[],"class_list":["post-45623","post","type-post","status-publish","format-standard","has-post-thumbnail","hentry","category-actualidad"],"magazineBlocksPostFeaturedMedia":{"thumbnail":"https:\/\/lobosnews.com.ar\/wp-content\/uploads\/2026\/04\/fotogaleria-sivart-transforma-el-centro-historico-de-san-salvador-en-espacios-de-convivencia-y-arte-26-150x150.jpg","medium":"https:\/\/lobosnews.com.ar\/wp-content\/uploads\/2026\/04\/fotogaleria-sivart-transforma-el-centro-historico-de-san-salvador-en-espacios-de-convivencia-y-arte-26-300x200.jpg","medium_large":"https:\/\/lobosnews.com.ar\/wp-content\/uploads\/2026\/04\/fotogaleria-sivart-transforma-el-centro-historico-de-san-salvador-en-espacios-de-convivencia-y-arte-26-768x512.jpg","large":"https:\/\/lobosnews.com.ar\/wp-content\/uploads\/2026\/04\/fotogaleria-sivart-transforma-el-centro-historico-de-san-salvador-en-espacios-de-convivencia-y-arte-26-1024x683.jpg","1536x1536":"https:\/\/lobosnews.com.ar\/wp-content\/uploads\/2026\/04\/fotogaleria-sivart-transforma-el-centro-historico-de-san-salvador-en-espacios-de-convivencia-y-arte-26-1536x1025.jpg","2048x2048":"https:\/\/lobosnews.com.ar\/wp-content\/uploads\/2026\/04\/fotogaleria-sivart-transforma-el-centro-historico-de-san-salvador-en-espacios-de-convivencia-y-arte-26.jpg","newsmatic-featured":"https:\/\/lobosnews.com.ar\/wp-content\/uploads\/2026\/04\/fotogaleria-sivart-transforma-el-centro-historico-de-san-salvador-en-espacios-de-convivencia-y-arte-26-820x545.jpg","newsmatic-list":"https:\/\/lobosnews.com.ar\/wp-content\/uploads\/2026\/04\/fotogaleria-sivart-transforma-el-centro-historico-de-san-salvador-en-espacios-de-convivencia-y-arte-26-600x400.jpg","newsmatic-thumb":"https:\/\/lobosnews.com.ar\/wp-content\/uploads\/2026\/04\/fotogaleria-sivart-transforma-el-centro-historico-de-san-salvador-en-espacios-de-convivencia-y-arte-26-300x200.jpg","newsmatic-small":"https:\/\/lobosnews.com.ar\/wp-content\/uploads\/2026\/04\/fotogaleria-sivart-transforma-el-centro-historico-de-san-salvador-en-espacios-de-convivencia-y-arte-26-150x95.jpg","newsmatic-grid":"https:\/\/lobosnews.com.ar\/wp-content\/uploads\/2026\/04\/fotogaleria-sivart-transforma-el-centro-historico-de-san-salvador-en-espacios-de-convivencia-y-arte-26-400x250.jpg"},"magazineBlocksPostAuthor":{"name":"admin","avatar":"https:\/\/secure.gravatar.com\/avatar\/76e419471a2083bc3ceab22a763dbbf9b0c1bd15a6214cf3280e2c2dde4580f9?s=96&d=mm&r=g"},"magazineBlocksPostCommentsNumber":"0","magazineBlocksPostExcerpt":"","magazineBlocksPostCategories":["Actualidad"],"magazineBlocksPostViewCount":7,"magazineBlocksPostReadTime":0,"magazine_blocks_featured_image_url":{"full":["https:\/\/lobosnews.com.ar\/wp-content\/uploads\/2026\/04\/fotogaleria-sivart-transforma-el-centro-historico-de-san-salvador-en-espacios-de-convivencia-y-arte-26.jpg",2048,1366,false],"medium":["https:\/\/lobosnews.com.ar\/wp-content\/uploads\/2026\/04\/fotogaleria-sivart-transforma-el-centro-historico-de-san-salvador-en-espacios-de-convivencia-y-arte-26-300x200.jpg",300,200,true],"thumbnail":["https:\/\/lobosnews.com.ar\/wp-content\/uploads\/2026\/04\/fotogaleria-sivart-transforma-el-centro-historico-de-san-salvador-en-espacios-de-convivencia-y-arte-26-150x150.jpg",150,150,true]},"magazine_blocks_author":{"display_name":"admin","author_link":"https:\/\/lobosnews.com.ar\/index.php\/author\/lobos-news\/"},"magazine_blocks_comment":0,"magazine_blocks_author_image":"https:\/\/secure.gravatar.com\/avatar\/76e419471a2083bc3ceab22a763dbbf9b0c1bd15a6214cf3280e2c2dde4580f9?s=96&d=mm&r=g","magazine_blocks_category":"<a href=\"#\" class=\"category-link category-link-31\">Actualidad<\/a>","yoast_head":"<!-- This site is optimized with the Yoast SEO plugin v26.6 - https:\/\/yoast.com\/wordpress\/plugins\/seo\/ -->\n<title>Fotogaler\u00eda: SivArt transforma el Centro Hist\u00f3rico de San Salvador en espacios de convivencia y arte - Lobos News<\/title>\n<meta name=\"robots\" content=\"index, follow, max-snippet:-1, max-image-preview:large, max-video-preview:-1\" \/>\n<link rel=\"canonical\" href=\"https:\/\/lobosnews.com.ar\/index.php\/2026\/04\/26\/fotogaleria-sivart-transforma-el-centro-historico-de-san-salvador-en-espacios-de-convivencia-y-arte\/\" \/>\n<meta property=\"og:locale\" content=\"es_ES\" \/>\n<meta property=\"og:type\" content=\"article\" \/>\n<meta property=\"og:title\" content=\"Fotogaler\u00eda: SivArt transforma el Centro Hist\u00f3rico de San Salvador en espacios de convivencia y arte - Lobos News\" \/>\n<meta property=\"og:url\" content=\"https:\/\/lobosnews.com.ar\/index.php\/2026\/04\/26\/fotogaleria-sivart-transforma-el-centro-historico-de-san-salvador-en-espacios-de-convivencia-y-arte\/\" \/>\n<meta property=\"og:site_name\" content=\"Lobos News\" \/>\n<meta property=\"article:published_time\" content=\"2026-04-26T12:19:20+00:00\" \/>\n<meta property=\"article:modified_time\" content=\"2026-04-26T14:33:29+00:00\" \/>\n<meta property=\"og:image\" content=\"https:\/\/lobosnews.com.ar\/wp-content\/uploads\/2026\/04\/fotogaleria-sivart-transforma-el-centro-historico-de-san-salvador-en-espacios-de-convivencia-y-arte.jpg\" \/>\n<meta name=\"author\" content=\"admin\" \/>\n<meta name=\"twitter:card\" content=\"summary_large_image\" \/>\n<meta name=\"twitter:label1\" content=\"Escrito por\" \/>\n\t<meta name=\"twitter:data1\" content=\"admin\" \/>\n<script type=\"application\/ld+json\" class=\"yoast-schema-graph\">{\"@context\":\"https:\/\/schema.org\",\"@graph\":[{\"@type\":\"Article\",\"@id\":\"https:\/\/lobosnews.com.ar\/index.php\/2026\/04\/26\/fotogaleria-sivart-transforma-el-centro-historico-de-san-salvador-en-espacios-de-convivencia-y-arte\/#article\",\"isPartOf\":{\"@id\":\"https:\/\/lobosnews.com.ar\/index.php\/2026\/04\/26\/fotogaleria-sivart-transforma-el-centro-historico-de-san-salvador-en-espacios-de-convivencia-y-arte\/\"},\"author\":{\"name\":\"admin\",\"@id\":\"https:\/\/lobosnews.com.ar\/#\/schema\/person\/232422a593d5c541dd9aef6aaed10943\"},\"headline\":\"Fotogaler\u00eda: SivArt transforma el Centro Hist\u00f3rico de San Salvador en espacios de convivencia y arte\",\"datePublished\":\"2026-04-26T12:19:20+00:00\",\"dateModified\":\"2026-04-26T14:33:29+00:00\",\"mainEntityOfPage\":{\"@id\":\"https:\/\/lobosnews.com.ar\/index.php\/2026\/04\/26\/fotogaleria-sivart-transforma-el-centro-historico-de-san-salvador-en-espacios-de-convivencia-y-arte\/\"},\"wordCount\":17,\"commentCount\":0,\"publisher\":{\"@id\":\"https:\/\/lobosnews.com.ar\/#organization\"},\"image\":{\"@id\":\"https:\/\/lobosnews.com.ar\/index.php\/2026\/04\/26\/fotogaleria-sivart-transforma-el-centro-historico-de-san-salvador-en-espacios-de-convivencia-y-arte\/#primaryimage\"},\"thumbnailUrl\":\"https:\/\/lobosnews.com.ar\/wp-content\/uploads\/2026\/04\/fotogaleria-sivart-transforma-el-centro-historico-de-san-salvador-en-espacios-de-convivencia-y-arte-26.jpg\",\"articleSection\":[\"Actualidad\"],\"inLanguage\":\"es\",\"potentialAction\":[{\"@type\":\"CommentAction\",\"name\":\"Comment\",\"target\":[\"https:\/\/lobosnews.com.ar\/index.php\/2026\/04\/26\/fotogaleria-sivart-transforma-el-centro-historico-de-san-salvador-en-espacios-de-convivencia-y-arte\/#respond\"]}]},{\"@type\":\"WebPage\",\"@id\":\"https:\/\/lobosnews.com.ar\/index.php\/2026\/04\/26\/fotogaleria-sivart-transforma-el-centro-historico-de-san-salvador-en-espacios-de-convivencia-y-arte\/\",\"url\":\"https:\/\/lobosnews.com.ar\/index.php\/2026\/04\/26\/fotogaleria-sivart-transforma-el-centro-historico-de-san-salvador-en-espacios-de-convivencia-y-arte\/\",\"name\":\"Fotogaler\u00eda: SivArt transforma el Centro Hist\u00f3rico de San Salvador en espacios de convivencia y arte - Lobos News\",\"isPartOf\":{\"@id\":\"https:\/\/lobosnews.com.ar\/#website\"},\"primaryImageOfPage\":{\"@id\":\"https:\/\/lobosnews.com.ar\/index.php\/2026\/04\/26\/fotogaleria-sivart-transforma-el-centro-historico-de-san-salvador-en-espacios-de-convivencia-y-arte\/#primaryimage\"},\"image\":{\"@id\":\"https:\/\/lobosnews.com.ar\/index.php\/2026\/04\/26\/fotogaleria-sivart-transforma-el-centro-historico-de-san-salvador-en-espacios-de-convivencia-y-arte\/#primaryimage\"},\"thumbnailUrl\":\"https:\/\/lobosnews.com.ar\/wp-content\/uploads\/2026\/04\/fotogaleria-sivart-transforma-el-centro-historico-de-san-salvador-en-espacios-de-convivencia-y-arte-26.jpg\",\"datePublished\":\"2026-04-26T12:19:20+00:00\",\"dateModified\":\"2026-04-26T14:33:29+00:00\",\"breadcrumb\":{\"@id\":\"https:\/\/lobosnews.com.ar\/index.php\/2026\/04\/26\/fotogaleria-sivart-transforma-el-centro-historico-de-san-salvador-en-espacios-de-convivencia-y-arte\/#breadcrumb\"},\"inLanguage\":\"es\",\"potentialAction\":[{\"@type\":\"ReadAction\",\"target\":[\"https:\/\/lobosnews.com.ar\/index.php\/2026\/04\/26\/fotogaleria-sivart-transforma-el-centro-historico-de-san-salvador-en-espacios-de-convivencia-y-arte\/\"]}]},{\"@type\":\"ImageObject\",\"inLanguage\":\"es\",\"@id\":\"https:\/\/lobosnews.com.ar\/index.php\/2026\/04\/26\/fotogaleria-sivart-transforma-el-centro-historico-de-san-salvador-en-espacios-de-convivencia-y-arte\/#primaryimage\",\"url\":\"https:\/\/lobosnews.com.ar\/wp-content\/uploads\/2026\/04\/fotogaleria-sivart-transforma-el-centro-historico-de-san-salvador-en-espacios-de-convivencia-y-arte-26.jpg\",\"contentUrl\":\"https:\/\/lobosnews.com.ar\/wp-content\/uploads\/2026\/04\/fotogaleria-sivart-transforma-el-centro-historico-de-san-salvador-en-espacios-de-convivencia-y-arte-26.jpg\",\"width\":2048,\"height\":1366,\"caption\":\"Fotogaler\u00eda: SivArt transforma el Centro Hist\u00f3rico de San Salvador en espacios de convivencia y arte\"},{\"@type\":\"BreadcrumbList\",\"@id\":\"https:\/\/lobosnews.com.ar\/index.php\/2026\/04\/26\/fotogaleria-sivart-transforma-el-centro-historico-de-san-salvador-en-espacios-de-convivencia-y-arte\/#breadcrumb\",\"itemListElement\":[{\"@type\":\"ListItem\",\"position\":1,\"name\":\"Portada\",\"item\":\"https:\/\/lobosnews.com.ar\/\"},{\"@type\":\"ListItem\",\"position\":2,\"name\":\"Fotogaler\u00eda: SivArt transforma el Centro Hist\u00f3rico de San Salvador en espacios de convivencia y arte\"}]},{\"@type\":\"WebSite\",\"@id\":\"https:\/\/lobosnews.com.ar\/#website\",\"url\":\"https:\/\/lobosnews.com.ar\/\",\"name\":\"Lobos News\",\"description\":\"Informaci\u00f3n a cada instante\",\"publisher\":{\"@id\":\"https:\/\/lobosnews.com.ar\/#organization\"},\"potentialAction\":[{\"@type\":\"SearchAction\",\"target\":{\"@type\":\"EntryPoint\",\"urlTemplate\":\"https:\/\/lobosnews.com.ar\/?s={search_term_string}\"},\"query-input\":{\"@type\":\"PropertyValueSpecification\",\"valueRequired\":true,\"valueName\":\"search_term_string\"}}],\"inLanguage\":\"es\"},{\"@type\":\"Organization\",\"@id\":\"https:\/\/lobosnews.com.ar\/#organization\",\"name\":\"Lobos News\",\"url\":\"https:\/\/lobosnews.com.ar\/\",\"logo\":{\"@type\":\"ImageObject\",\"inLanguage\":\"es\",\"@id\":\"https:\/\/lobosnews.com.ar\/#\/schema\/logo\/image\/\",\"url\":\"https:\/\/lobosnews.com.ar\/wp-content\/uploads\/2026\/01\/logo-lobosnews.png\",\"contentUrl\":\"https:\/\/lobosnews.com.ar\/wp-content\/uploads\/2026\/01\/logo-lobosnews.png\",\"width\":500,\"height\":200,\"caption\":\"Lobos News\"},\"image\":{\"@id\":\"https:\/\/lobosnews.com.ar\/#\/schema\/logo\/image\/\"}},{\"@type\":\"Person\",\"@id\":\"https:\/\/lobosnews.com.ar\/#\/schema\/person\/232422a593d5c541dd9aef6aaed10943\",\"name\":\"admin\",\"image\":{\"@type\":\"ImageObject\",\"inLanguage\":\"es\",\"@id\":\"https:\/\/lobosnews.com.ar\/#\/schema\/person\/image\/\",\"url\":\"https:\/\/secure.gravatar.com\/avatar\/76e419471a2083bc3ceab22a763dbbf9b0c1bd15a6214cf3280e2c2dde4580f9?s=96&d=mm&r=g\",\"contentUrl\":\"https:\/\/secure.gravatar.com\/avatar\/76e419471a2083bc3ceab22a763dbbf9b0c1bd15a6214cf3280e2c2dde4580f9?s=96&d=mm&r=g\",\"caption\":\"admin\"},\"sameAs\":[\"https:\/\/lobosnews.com.ar\"],\"url\":\"https:\/\/lobosnews.com.ar\/index.php\/author\/lobos-news\/\"}]}<\/script>\n<!-- \/ Yoast SEO plugin. -->","yoast_head_json":{"title":"Fotogaler\u00eda: SivArt transforma el Centro Hist\u00f3rico de San Salvador en espacios de convivencia y arte - Lobos News","robots":{"index":"index","follow":"follow","max-snippet":"max-snippet:-1","max-image-preview":"max-image-preview:large","max-video-preview":"max-video-preview:-1"},"canonical":"https:\/\/lobosnews.com.ar\/index.php\/2026\/04\/26\/fotogaleria-sivart-transforma-el-centro-historico-de-san-salvador-en-espacios-de-convivencia-y-arte\/","og_locale":"es_ES","og_type":"article","og_title":"Fotogaler\u00eda: SivArt transforma el Centro Hist\u00f3rico de San Salvador en espacios de convivencia y arte - Lobos News","og_url":"https:\/\/lobosnews.com.ar\/index.php\/2026\/04\/26\/fotogaleria-sivart-transforma-el-centro-historico-de-san-salvador-en-espacios-de-convivencia-y-arte\/","og_site_name":"Lobos News","article_published_time":"2026-04-26T12:19:20+00:00","article_modified_time":"2026-04-26T14:33:29+00:00","og_image":[{"url":"https:\/\/lobosnews.com.ar\/wp-content\/uploads\/2026\/04\/fotogaleria-sivart-transforma-el-centro-historico-de-san-salvador-en-espacios-de-convivencia-y-arte.jpg","type":"","width":"","height":""}],"author":"admin","twitter_card":"summary_large_image","twitter_misc":{"Escrito por":"admin"},"schema":{"@context":"https:\/\/schema.org","@graph":[{"@type":"Article","@id":"https:\/\/lobosnews.com.ar\/index.php\/2026\/04\/26\/fotogaleria-sivart-transforma-el-centro-historico-de-san-salvador-en-espacios-de-convivencia-y-arte\/#article","isPartOf":{"@id":"https:\/\/lobosnews.com.ar\/index.php\/2026\/04\/26\/fotogaleria-sivart-transforma-el-centro-historico-de-san-salvador-en-espacios-de-convivencia-y-arte\/"},"author":{"name":"admin","@id":"https:\/\/lobosnews.com.ar\/#\/schema\/person\/232422a593d5c541dd9aef6aaed10943"},"headline":"Fotogaler\u00eda: SivArt transforma el Centro Hist\u00f3rico de San Salvador en espacios de convivencia y arte","datePublished":"2026-04-26T12:19:20+00:00","dateModified":"2026-04-26T14:33:29+00:00","mainEntityOfPage":{"@id":"https:\/\/lobosnews.com.ar\/index.php\/2026\/04\/26\/fotogaleria-sivart-transforma-el-centro-historico-de-san-salvador-en-espacios-de-convivencia-y-arte\/"},"wordCount":17,"commentCount":0,"publisher":{"@id":"https:\/\/lobosnews.com.ar\/#organization"},"image":{"@id":"https:\/\/lobosnews.com.ar\/index.php\/2026\/04\/26\/fotogaleria-sivart-transforma-el-centro-historico-de-san-salvador-en-espacios-de-convivencia-y-arte\/#primaryimage"},"thumbnailUrl":"https:\/\/lobosnews.com.ar\/wp-content\/uploads\/2026\/04\/fotogaleria-sivart-transforma-el-centro-historico-de-san-salvador-en-espacios-de-convivencia-y-arte-26.jpg","articleSection":["Actualidad"],"inLanguage":"es","potentialAction":[{"@type":"CommentAction","name":"Comment","target":["https:\/\/lobosnews.com.ar\/index.php\/2026\/04\/26\/fotogaleria-sivart-transforma-el-centro-historico-de-san-salvador-en-espacios-de-convivencia-y-arte\/#respond"]}]},{"@type":"WebPage","@id":"https:\/\/lobosnews.com.ar\/index.php\/2026\/04\/26\/fotogaleria-sivart-transforma-el-centro-historico-de-san-salvador-en-espacios-de-convivencia-y-arte\/","url":"https:\/\/lobosnews.com.ar\/index.php\/2026\/04\/26\/fotogaleria-sivart-transforma-el-centro-historico-de-san-salvador-en-espacios-de-convivencia-y-arte\/","name":"Fotogaler\u00eda: SivArt transforma el Centro Hist\u00f3rico de San Salvador en espacios de convivencia y arte - Lobos News","isPartOf":{"@id":"https:\/\/lobosnews.com.ar\/#website"},"primaryImageOfPage":{"@id":"https:\/\/lobosnews.com.ar\/index.php\/2026\/04\/26\/fotogaleria-sivart-transforma-el-centro-historico-de-san-salvador-en-espacios-de-convivencia-y-arte\/#primaryimage"},"image":{"@id":"https:\/\/lobosnews.com.ar\/index.php\/2026\/04\/26\/fotogaleria-sivart-transforma-el-centro-historico-de-san-salvador-en-espacios-de-convivencia-y-arte\/#primaryimage"},"thumbnailUrl":"https:\/\/lobosnews.com.ar\/wp-content\/uploads\/2026\/04\/fotogaleria-sivart-transforma-el-centro-historico-de-san-salvador-en-espacios-de-convivencia-y-arte-26.jpg","datePublished":"2026-04-26T12:19:20+00:00","dateModified":"2026-04-26T14:33:29+00:00","breadcrumb":{"@id":"https:\/\/lobosnews.com.ar\/index.php\/2026\/04\/26\/fotogaleria-sivart-transforma-el-centro-historico-de-san-salvador-en-espacios-de-convivencia-y-arte\/#breadcrumb"},"inLanguage":"es","potentialAction":[{"@type":"ReadAction","target":["https:\/\/lobosnews.com.ar\/index.php\/2026\/04\/26\/fotogaleria-sivart-transforma-el-centro-historico-de-san-salvador-en-espacios-de-convivencia-y-arte\/"]}]},{"@type":"ImageObject","inLanguage":"es","@id":"https:\/\/lobosnews.com.ar\/index.php\/2026\/04\/26\/fotogaleria-sivart-transforma-el-centro-historico-de-san-salvador-en-espacios-de-convivencia-y-arte\/#primaryimage","url":"https:\/\/lobosnews.com.ar\/wp-content\/uploads\/2026\/04\/fotogaleria-sivart-transforma-el-centro-historico-de-san-salvador-en-espacios-de-convivencia-y-arte-26.jpg","contentUrl":"https:\/\/lobosnews.com.ar\/wp-content\/uploads\/2026\/04\/fotogaleria-sivart-transforma-el-centro-historico-de-san-salvador-en-espacios-de-convivencia-y-arte-26.jpg","width":2048,"height":1366,"caption":"Fotogaler\u00eda: SivArt transforma el Centro Hist\u00f3rico de San Salvador en espacios de convivencia y arte"},{"@type":"BreadcrumbList","@id":"https:\/\/lobosnews.com.ar\/index.php\/2026\/04\/26\/fotogaleria-sivart-transforma-el-centro-historico-de-san-salvador-en-espacios-de-convivencia-y-arte\/#breadcrumb","itemListElement":[{"@type":"ListItem","position":1,"name":"Portada","item":"https:\/\/lobosnews.com.ar\/"},{"@type":"ListItem","position":2,"name":"Fotogaler\u00eda: SivArt transforma el Centro Hist\u00f3rico de San Salvador en espacios de convivencia y arte"}]},{"@type":"WebSite","@id":"https:\/\/lobosnews.com.ar\/#website","url":"https:\/\/lobosnews.com.ar\/","name":"Lobos News","description":"Informaci\u00f3n a cada instante","publisher":{"@id":"https:\/\/lobosnews.com.ar\/#organization"},"potentialAction":[{"@type":"SearchAction","target":{"@type":"EntryPoint","urlTemplate":"https:\/\/lobosnews.com.ar\/?s={search_term_string}"},"query-input":{"@type":"PropertyValueSpecification","valueRequired":true,"valueName":"search_term_string"}}],"inLanguage":"es"},{"@type":"Organization","@id":"https:\/\/lobosnews.com.ar\/#organization","name":"Lobos News","url":"https:\/\/lobosnews.com.ar\/","logo":{"@type":"ImageObject","inLanguage":"es","@id":"https:\/\/lobosnews.com.ar\/#\/schema\/logo\/image\/","url":"https:\/\/lobosnews.com.ar\/wp-content\/uploads\/2026\/01\/logo-lobosnews.png","contentUrl":"https:\/\/lobosnews.com.ar\/wp-content\/uploads\/2026\/01\/logo-lobosnews.png","width":500,"height":200,"caption":"Lobos News"},"image":{"@id":"https:\/\/lobosnews.com.ar\/#\/schema\/logo\/image\/"}},{"@type":"Person","@id":"https:\/\/lobosnews.com.ar\/#\/schema\/person\/232422a593d5c541dd9aef6aaed10943","name":"admin","image":{"@type":"ImageObject","inLanguage":"es","@id":"https:\/\/lobosnews.com.ar\/#\/schema\/person\/image\/","url":"https:\/\/secure.gravatar.com\/avatar\/76e419471a2083bc3ceab22a763dbbf9b0c1bd15a6214cf3280e2c2dde4580f9?s=96&d=mm&r=g","contentUrl":"https:\/\/secure.gravatar.com\/avatar\/76e419471a2083bc3ceab22a763dbbf9b0c1bd15a6214cf3280e2c2dde4580f9?s=96&d=mm&r=g","caption":"admin"},"sameAs":["https:\/\/lobosnews.com.ar"],"url":"https:\/\/lobosnews.com.ar\/index.php\/author\/lobos-news\/"}]}},"jetpack_featured_media_url":"https:\/\/lobosnews.com.ar\/wp-content\/uploads\/2026\/04\/fotogaleria-sivart-transforma-el-centro-historico-de-san-salvador-en-espacios-de-convivencia-y-arte-26.jpg","jetpack_sharing_enabled":true,"_links":{"self":[{"href":"https:\/\/lobosnews.com.ar\/index.php\/wp-json\/wp\/v2\/posts\/45623","targetHints":{"allow":["GET"]}}],"collection":[{"href":"https:\/\/lobosnews.com.ar\/index.php\/wp-json\/wp\/v2\/posts"}],"about":[{"href":"https:\/\/lobosnews.com.ar\/index.php\/wp-json\/wp\/v2\/types\/post"}],"author":[{"embeddable":true,"href":"https:\/\/lobosnews.com.ar\/index.php\/wp-json\/wp\/v2\/users\/1"}],"replies":[{"embeddable":true,"href":"https:\/\/lobosnews.com.ar\/index.php\/wp-json\/wp\/v2\/comments?post=45623"}],"version-history":[{"count":1,"href":"https:\/\/lobosnews.com.ar\/index.php\/wp-json\/wp\/v2\/posts\/45623\/revisions"}],"predecessor-version":[{"id":45638,"href":"https:\/\/lobosnews.com.ar\/index.php\/wp-json\/wp\/v2\/posts\/45623\/revisions\/45638"}],"wp:featuredmedia":[{"embeddable":true,"href":"https:\/\/lobosnews.com.ar\/index.php\/wp-json\/wp\/v2\/media\/45639"}],"wp:attachment":[{"href":"https:\/\/lobosnews.com.ar\/index.php\/wp-json\/wp\/v2\/media?parent=45623"}],"wp:term":[{"taxonomy":"category","embeddable":true,"href":"https:\/\/lobosnews.com.ar\/index.php\/wp-json\/wp\/v2\/categories?post=45623"},{"taxonomy":"post_tag","embeddable":true,"href":"https:\/\/lobosnews.com.ar\/index.php\/wp-json\/wp\/v2\/tags?post=45623"}],"curies":[{"name":"wp","href":"https:\/\/api.w.org\/{rel}","templated":true}]}}