{"id":45592,"date":"2026-04-26T03:30:00","date_gmt":"2026-04-26T03:30:00","guid":{"rendered":"https:\/\/lobosnews.com.ar\/index.php\/2026\/04\/26\/la-nueva-vida-en-la-carcel-de-marcelito-san-la-muerte-el-ultimo-asesino-serial-de-la-argentina\/"},"modified":"2026-04-26T08:57:38","modified_gmt":"2026-04-26T08:57:38","slug":"la-nueva-vida-en-la-carcel-de-marcelito-san-la-muerte-el-ultimo-asesino-serial-de-la-argentina","status":"publish","type":"post","link":"https:\/\/lobosnews.com.ar\/index.php\/2026\/04\/26\/la-nueva-vida-en-la-carcel-de-marcelito-san-la-muerte-el-ultimo-asesino-serial-de-la-argentina\/","title":{"rendered":"La nueva vida en la c\u00e1rcel de \u201cMarcelito San La Muerte\u201d, el \u00faltimo asesino serial de la Argentina"},"content":{"rendered":"<p><img loading=\"lazy\" decoding=\"async\" src=\"https:\/\/lobosnews.com.ar\/wp-content\/uploads\/2026\/04\/la-nueva-vida-en-la-carcel-de-marcelito-san-la-muerte-el-ultimo-asesino-serial-de-la-argentina.jpg\" alt=\"\" height=\"1271\" width=\"1920\"\/><\/p>\n<p><b>Marcelo Alejandro Antelo hoy tiene 38 a\u00f1os. <\/b>Se encuentra <b>preso en la c\u00e1rcel federal de Rawson<\/b>, provincia de Chubut, luego de un paso por el penal de Senillosa, en Neuqu\u00e9n. Est\u00e1<b> lejos de casa<\/b>, si pudiese llamar casa al departamento en un <b>monoblock del Bajo Flores<\/b> donde hab\u00eda fijado domicilio, en <b>el mismo barrio en el que mat\u00f3 diecis\u00e9is a\u00f1os atr\u00e1s. <\/b><\/p>\n<p>Hoy, de acuerdo a fuentes que lo rodean, Antelo mira hacia el futuro. Tiene <b>el dudoso honor de ser el \u00faltimo asesino serial <\/b>de la historia argentina. <\/p>\n<p>En septiembre de 2012,<span class=\"waslinkname\"><b> el Tribunal Oral en lo Criminal N\u00ba 27 de la Capital Federal lo conden\u00f3 a prisi\u00f3n perpetua<\/b><\/span> por los cr\u00edmenes a punta de pistol\u00f1a de Rodrigo Ezcurra, Jorge Mansilla, Pablo Zaniuk y Federico Cabrera,<b> todos ellos ocurridos en la periferia del cementerio de Flores y el Barrio Rivadavia<\/b> entre marzo de agosto de 2010. Antelo fue arrestado ese mismo mes. La Polic\u00eda Federal le secuestr\u00f3 un arma. <\/p>\n<p>Adem\u00e1s fue condenado por el delito de portaci\u00f3n ilegal de arma, otra tentativa de homicidio y dejar gravemente herido a una v\u00edctima m\u00e1s. Sin embargo, los jueces <b>lo absolvieron de otro crimen del que fue acusado<\/b>, el de Santos Valeroso Vargas. Dos a\u00f1os m\u00e1s tarde, en diciembre de 2014, <b>la Corte Suprema desestim\u00f3 un recurso de queja<\/b> presentado por su defensa. <\/p>\n<p><img loading=\"lazy\" decoding=\"async\" src=\"https:\/\/lobosnews.com.ar\/wp-content\/uploads\/2026\/04\/la-nueva-vida-en-la-carcel-de-marcelito-san-la-muerte-el-ultimo-asesino-serial-de-la-argentina-1.jpg\" alt=\"Antelo bajo custodia durante el juicio en su contra\" height=\"1080\" width=\"1920\"\/><\/p>\n<p>Hijo de un alcoh\u00f3lico, <b>adicto al paco <\/b>-del que intent\u00f3 recuperarse en una iglesia evang\u00e9lica-, padre de un hijo -cuya madre lo ech\u00f3 de su casa a causa de su consumo-, <b>mat\u00f3 a Rodrigo Ezcurra, luego de robarle. <\/b><\/p>\n<p>Tambi\u00e9n, ejecut\u00f3 a sus otras v\u00edctimas, que eran sus viejos conocidos, por puro rencor. Mansilla fue<b> baleado en su casa, recibi\u00f3 dos tiros en el cr\u00e1neo y en el t\u00f3rax.<\/b> Zaniuk y Cabrera murieron juntos, acribillados en la entrada a un pasillo del Barrio Rivadavia, en la periferia de la Villa 1-11-14. <b>Zaniuk recibi\u00f3 un tiro en la cabeza; Cabrera, otros nueve.<\/b><\/p>\n<p>Sin embargo, un mito inquietante sobrevolaba su figura. Al caer, Antelo asegur\u00f3 ser <b>un devoto de San La Muerte.<\/b> Incluso, que <b>mat\u00f3 para cumplirle una promesa. <\/b>La carta espiritual no gravit\u00f3 en su defensa. Las 57 p\u00e1ginas del fallo de la Sala III de la C\u00e1mara Federal que confirm\u00f3 su condena en 2014 <b>no mencionan pericia psicol\u00f3gica o psiqui\u00e1trica<\/b> alguna.<\/p>\n<p>Hoy, al menos seg\u00fan Antelo mismo, <b>las cosas son sumamente distintas. <\/b>Para empezar, contrat\u00f3 <b>una nueva abogada.<\/b><\/p>\n<p>Se trata de <b>Patricia Croitoru una eximia penalista que representa a pesados c\u00e9lebres como <\/b><span class=\"waslinkname\"><b>\u201cBanana\u201d Espiasse,<\/b><\/span><b> \u201cPat\u00e1n\u201d Nacusse <\/b>y que defendi\u00f3, entre otros, a Eduardo V\u00e1squez, ex baterista de Callejeros, que lleva adelante una estrategia legal para acceder a posibles beneficios. Tras estudiar su situaci\u00f3n, <b>Croitoru encontr\u00f3 varias ventanas legales <\/b>para lograr, por ejemplo, salidas transitorias para Antelo en base a diversas apelaciones.<\/p>\n<p>Luego, <b>est\u00e1 su vida tras las rejas.<\/b><\/p>\n<p><img loading=\"lazy\" decoding=\"async\" src=\"https:\/\/lobosnews.com.ar\/wp-content\/uploads\/2026\/04\/la-nueva-vida-en-la-carcel-de-marcelito-san-la-muerte-el-ultimo-asesino-serial-de-la-argentina-2.jpg\" alt=\"Vista interna del penal de Rawson, donde Antelo se encuentra detenido\" height=\"1077\" width=\"1920\"\/><\/p>\n<h2>Nueva novia y buena letra con Dios<\/h2>\n<p>Ahora, 16 a\u00f1os despu\u00e9s de sus cr\u00edmenes, con una condena supervisada por el Juzgado de Ejecuci\u00f3n Penal N\u00b034, <b>Antelo tiene una nueva pareja: una mujer de 38 a\u00f1os oriunda de su viejo barrio <\/b>en el Bajo Flores, que <b>profesa la fe evang\u00e9lica.<\/b> Ya hab\u00eda sido padre durante su cautiverio, a\u00f1os atr\u00e1s, con una novia anterior. El chico hoy tiene ocho a\u00f1os. <\/p>\n<p>El v\u00ednculo con su pareja parece ser clave. En abril de 2025, <b>Antelo plante\u00f3 un recurso de h\u00e1beas corpus<\/b> para que su pareja sea incluida en su lista de videollamadas y visitas. Este es un instrumento para frenar el agravamiento de las condiciones de detenci\u00f3n. El <b>Tribunal Oral Federal de Comodoro Rivadavia<\/b>, que rechaz\u00f3 la medida, le record\u00f3 que \u201clos plazos establecidos en la normativa que rige el Servicio Penitenciario y que se vinculan con <b>el cambio de status de las relaciones sentimentales y\/o familiares<\/b> de los internos, <b>de<\/b> <b>ning\u00fan modo<\/b> pueden ser vistos e interpretados como una circunstancia que agrave la condici\u00f3n de detenci\u00f3n per se\u201d.<\/p>\n<p>\u201cNo olvidemos que el propio interno fue quien<b> pidi\u00f3 desafectar la anterior concubina que ten\u00eda registrada con el objeto de anotar como visita a la actual,<\/b> para lo cual necesariamente debe presentar la documentaci\u00f3n requerida a los fines de acreditar el v\u00ednculo y dar inicio al tr\u00e1mite\u201d, continuaron los jueces Javier Ibarra y Aldo Su\u00e1rez.<\/p>\n<p>En una reciente carta de su pu\u00f1o letra dirigida a las autores del SPF, <b>Antelo asegura trabajar en prisi\u00f3n<\/b> en el \u00e1rea de mayordom\u00eda. <b>\u201cTambi\u00e9n concurro a la iglesia\u201d<\/b>, asever\u00f3, donde cursa \u201cestudios teol\u00f3gicos\u201d. As\u00ed, pidi\u00f3 ser trasladado a R\u00edo Gallegos, Esquel, o, tambi\u00e9n, <b>la Unidad N\u00b019, la Colonia Penal de Ezeiza<\/b>, que incluye un sector para represores condenados por delitos de lesa humanidad.<\/p>\n<p><img loading=\"lazy\" decoding=\"async\" src=\"https:\/\/lobosnews.com.ar\/wp-content\/uploads\/2026\/04\/la-nueva-vida-en-la-carcel-de-marcelito-san-la-muerte-el-ultimo-asesino-serial-de-la-argentina-3.jpg\" alt=\"La absoluci\u00f3n de Antelo por el hallazgo de 35 gramos de marihuana en la c\u00e1rcel\" height=\"1632\" width=\"1920\"\/><\/p>\n<p><b>Su conducta est\u00e1 calificada con un diez.<\/b> Su concepto, con una <b>nota de seis<\/b>, podr\u00eda ser mejor. En noviembre de 2024, fue a juicio en el mismo Tribunal, esta vez integrado por el juez Alejandro Cabral, en una causa por drogas, luego de que le incautaran <b>35 gramos de marihuana en una requisa<\/b>. <\/p>\n<p><b>El asesino serial se hizo cargo de la droga<\/b>. Sostuvo que era suya, que la hab\u00eda ingresado en su est\u00f3mago, cual mula narco, aunque no explic\u00f3 c\u00f3mo la expulsaba de su organismo. En todo caso, dijo Antelo, la marihuana era <b>para consumo personal y que hab\u00eda dejado de fumar en la c\u00e1rcel para no afectar las chances de un posible beneficio.<\/b> <\/p>\n<p>El juez <b>Cabral le crey\u00f3 y la absolvi\u00f3,<\/b> al aplicar el fallo Arriola de la Corte. Sin embargo, pidi\u00f3 que el<i> baguyo<\/i> del asesino serial sea destruido.<\/p>\n","protected":false},"excerpt":{"rendered":"<p>Marcelo Alejandro Antelo hoy tiene 38 a\u00f1os. Se encuentra preso en la c\u00e1rcel federal de Rawson, provincia de Chubut, luego de un paso por el penal de Senillosa, en Neuqu\u00e9n. Est\u00e1 lejos de casa, si pudiese llamar casa al departamento en un monoblock del Bajo Flores donde hab\u00eda fijado domicilio, en el mismo barrio en&#8230;<\/p>\n","protected":false},"author":1,"featured_media":45598,"comment_status":"open","ping_status":"closed","sticky":false,"template":"","format":"standard","meta":{"_jetpack_memberships_contains_paid_content":false,"footnotes":""},"categories":[31,30,32,77,84,35,36,37],"tags":[],"class_list":["post-45592","post","type-post","status-publish","format-standard","has-post-thumbnail","hentry","category-actualidad","category-argentina","category-economia","category-inseguridad","category-masradios-com","category-nacionales","category-seguridad","category-sociedad"],"magazineBlocksPostFeaturedMedia":{"thumbnail":"https:\/\/lobosnews.com.ar\/wp-content\/uploads\/2026\/04\/la-nueva-vida-en-la-carcel-de-marcelito-san-la-muerte-el-ultimo-asesino-serial-de-la-argentina-6-150x150.jpg","medium":"https:\/\/lobosnews.com.ar\/wp-content\/uploads\/2026\/04\/la-nueva-vida-en-la-carcel-de-marcelito-san-la-muerte-el-ultimo-asesino-serial-de-la-argentina-6-300x255.jpg","medium_large":"https:\/\/lobosnews.com.ar\/wp-content\/uploads\/2026\/04\/la-nueva-vida-en-la-carcel-de-marcelito-san-la-muerte-el-ultimo-asesino-serial-de-la-argentina-6-768x653.jpg","large":"https:\/\/lobosnews.com.ar\/wp-content\/uploads\/2026\/04\/la-nueva-vida-en-la-carcel-de-marcelito-san-la-muerte-el-ultimo-asesino-serial-de-la-argentina-6-1024x870.jpg","1536x1536":"https:\/\/lobosnews.com.ar\/wp-content\/uploads\/2026\/04\/la-nueva-vida-en-la-carcel-de-marcelito-san-la-muerte-el-ultimo-asesino-serial-de-la-argentina-6-1536x1306.jpg","2048x2048":"https:\/\/lobosnews.com.ar\/wp-content\/uploads\/2026\/04\/la-nueva-vida-en-la-carcel-de-marcelito-san-la-muerte-el-ultimo-asesino-serial-de-la-argentina-6.jpg","newsmatic-featured":"https:\/\/lobosnews.com.ar\/wp-content\/uploads\/2026\/04\/la-nueva-vida-en-la-carcel-de-marcelito-san-la-muerte-el-ultimo-asesino-serial-de-la-argentina-6-820x545.jpg","newsmatic-list":"https:\/\/lobosnews.com.ar\/wp-content\/uploads\/2026\/04\/la-nueva-vida-en-la-carcel-de-marcelito-san-la-muerte-el-ultimo-asesino-serial-de-la-argentina-6-600x400.jpg","newsmatic-thumb":"https:\/\/lobosnews.com.ar\/wp-content\/uploads\/2026\/04\/la-nueva-vida-en-la-carcel-de-marcelito-san-la-muerte-el-ultimo-asesino-serial-de-la-argentina-6-300x200.jpg","newsmatic-small":"https:\/\/lobosnews.com.ar\/wp-content\/uploads\/2026\/04\/la-nueva-vida-en-la-carcel-de-marcelito-san-la-muerte-el-ultimo-asesino-serial-de-la-argentina-6-150x95.jpg","newsmatic-grid":"https:\/\/lobosnews.com.ar\/wp-content\/uploads\/2026\/04\/la-nueva-vida-en-la-carcel-de-marcelito-san-la-muerte-el-ultimo-asesino-serial-de-la-argentina-6-400x250.jpg"},"magazineBlocksPostAuthor":{"name":"admin","avatar":"https:\/\/secure.gravatar.com\/avatar\/76e419471a2083bc3ceab22a763dbbf9b0c1bd15a6214cf3280e2c2dde4580f9?s=96&d=mm&r=g"},"magazineBlocksPostCommentsNumber":"0","magazineBlocksPostExcerpt":"Marcelo Alejandro Antelo hoy tiene 38 a\u00f1os. Se encuentra preso en la c\u00e1rcel federal de Rawson, provincia de Chubut, luego de un paso por el penal de Senillosa, en Neuqu\u00e9n. Est\u00e1 lejos de casa, si pudiese llamar casa al departamento en un monoblock del Bajo Flores donde hab\u00eda fijado domicilio, en el mismo barrio en...","magazineBlocksPostCategories":["Actualidad","Argentina","econom\u00eda","inseguridad","masradios.com","nacionales","seguridad","sociedad"],"magazineBlocksPostViewCount":1,"magazineBlocksPostReadTime":5,"magazine_blocks_featured_image_url":{"full":["https:\/\/lobosnews.com.ar\/wp-content\/uploads\/2026\/04\/la-nueva-vida-en-la-carcel-de-marcelito-san-la-muerte-el-ultimo-asesino-serial-de-la-argentina-6.jpg",1920,1632,false],"medium":["https:\/\/lobosnews.com.ar\/wp-content\/uploads\/2026\/04\/la-nueva-vida-en-la-carcel-de-marcelito-san-la-muerte-el-ultimo-asesino-serial-de-la-argentina-6-300x255.jpg",300,255,true],"thumbnail":["https:\/\/lobosnews.com.ar\/wp-content\/uploads\/2026\/04\/la-nueva-vida-en-la-carcel-de-marcelito-san-la-muerte-el-ultimo-asesino-serial-de-la-argentina-6-150x150.jpg",150,150,true]},"magazine_blocks_author":{"display_name":"admin","author_link":"https:\/\/lobosnews.com.ar\/index.php\/author\/lobos-news\/"},"magazine_blocks_comment":0,"magazine_blocks_author_image":"https:\/\/secure.gravatar.com\/avatar\/76e419471a2083bc3ceab22a763dbbf9b0c1bd15a6214cf3280e2c2dde4580f9?s=96&d=mm&r=g","magazine_blocks_category":"<a href=\"#\" class=\"category-link category-link-31\">Actualidad<\/a> <a href=\"#\" class=\"category-link category-link-30\">Argentina<\/a> <a href=\"#\" class=\"category-link category-link-32\">econom\u00eda<\/a> <a href=\"#\" class=\"category-link category-link-77\">inseguridad<\/a> <a href=\"#\" class=\"category-link category-link-84\">masradios.com<\/a> <a href=\"#\" class=\"category-link category-link-35\">nacionales<\/a> <a href=\"#\" class=\"category-link category-link-36\">seguridad<\/a> <a href=\"#\" class=\"category-link category-link-37\">sociedad<\/a>","yoast_head":"<!-- This site is optimized with the Yoast SEO plugin v26.6 - https:\/\/yoast.com\/wordpress\/plugins\/seo\/ -->\n<title>La nueva vida en la c\u00e1rcel de \u201cMarcelito San La Muerte\u201d, el \u00faltimo asesino serial de la Argentina - Lobos News<\/title>\n<meta name=\"robots\" content=\"index, follow, max-snippet:-1, max-image-preview:large, max-video-preview:-1\" \/>\n<link rel=\"canonical\" href=\"https:\/\/lobosnews.com.ar\/index.php\/2026\/04\/26\/la-nueva-vida-en-la-carcel-de-marcelito-san-la-muerte-el-ultimo-asesino-serial-de-la-argentina\/\" \/>\n<meta property=\"og:locale\" content=\"es_ES\" \/>\n<meta property=\"og:type\" content=\"article\" \/>\n<meta property=\"og:title\" content=\"La nueva vida en la c\u00e1rcel de \u201cMarcelito San La Muerte\u201d, el \u00faltimo asesino serial de la Argentina - Lobos News\" \/>\n<meta property=\"og:description\" content=\"Marcelo Alejandro Antelo hoy tiene 38 a\u00f1os. Se encuentra preso en la c\u00e1rcel federal de Rawson, provincia de Chubut, luego de un paso por el penal de Senillosa, en Neuqu\u00e9n. Est\u00e1 lejos de casa, si pudiese llamar casa al departamento en un monoblock del Bajo Flores donde hab\u00eda fijado domicilio, en el mismo barrio en...\" \/>\n<meta property=\"og:url\" content=\"https:\/\/lobosnews.com.ar\/index.php\/2026\/04\/26\/la-nueva-vida-en-la-carcel-de-marcelito-san-la-muerte-el-ultimo-asesino-serial-de-la-argentina\/\" \/>\n<meta property=\"og:site_name\" content=\"Lobos News\" \/>\n<meta property=\"article:published_time\" content=\"2026-04-26T03:30:00+00:00\" \/>\n<meta property=\"article:modified_time\" content=\"2026-04-26T08:57:38+00:00\" \/>\n<meta property=\"og:image\" content=\"https:\/\/lobosnews.com.ar\/wp-content\/uploads\/2026\/04\/la-nueva-vida-en-la-carcel-de-marcelito-san-la-muerte-el-ultimo-asesino-serial-de-la-argentina.jpg\" \/>\n<meta name=\"author\" content=\"admin\" \/>\n<meta name=\"twitter:card\" content=\"summary_large_image\" \/>\n<meta name=\"twitter:label1\" content=\"Escrito por\" \/>\n\t<meta name=\"twitter:data1\" content=\"admin\" \/>\n\t<meta name=\"twitter:label2\" content=\"Tiempo de lectura\" \/>\n\t<meta name=\"twitter:data2\" content=\"5 minutos\" \/>\n<script type=\"application\/ld+json\" class=\"yoast-schema-graph\">{\"@context\":\"https:\/\/schema.org\",\"@graph\":[{\"@type\":\"Article\",\"@id\":\"https:\/\/lobosnews.com.ar\/index.php\/2026\/04\/26\/la-nueva-vida-en-la-carcel-de-marcelito-san-la-muerte-el-ultimo-asesino-serial-de-la-argentina\/#article\",\"isPartOf\":{\"@id\":\"https:\/\/lobosnews.com.ar\/index.php\/2026\/04\/26\/la-nueva-vida-en-la-carcel-de-marcelito-san-la-muerte-el-ultimo-asesino-serial-de-la-argentina\/\"},\"author\":{\"name\":\"admin\",\"@id\":\"https:\/\/lobosnews.com.ar\/#\/schema\/person\/232422a593d5c541dd9aef6aaed10943\"},\"headline\":\"La nueva vida en la c\u00e1rcel de \u201cMarcelito San La Muerte\u201d, el \u00faltimo asesino serial de la Argentina\",\"datePublished\":\"2026-04-26T03:30:00+00:00\",\"dateModified\":\"2026-04-26T08:57:38+00:00\",\"mainEntityOfPage\":{\"@id\":\"https:\/\/lobosnews.com.ar\/index.php\/2026\/04\/26\/la-nueva-vida-en-la-carcel-de-marcelito-san-la-muerte-el-ultimo-asesino-serial-de-la-argentina\/\"},\"wordCount\":977,\"commentCount\":0,\"publisher\":{\"@id\":\"https:\/\/lobosnews.com.ar\/#organization\"},\"image\":{\"@id\":\"https:\/\/lobosnews.com.ar\/index.php\/2026\/04\/26\/la-nueva-vida-en-la-carcel-de-marcelito-san-la-muerte-el-ultimo-asesino-serial-de-la-argentina\/#primaryimage\"},\"thumbnailUrl\":\"https:\/\/lobosnews.com.ar\/wp-content\/uploads\/2026\/04\/la-nueva-vida-en-la-carcel-de-marcelito-san-la-muerte-el-ultimo-asesino-serial-de-la-argentina-6.jpg\",\"articleSection\":[\"Actualidad\",\"Argentina\",\"econom\u00eda\",\"inseguridad\",\"masradios.com\",\"nacionales\",\"seguridad\",\"sociedad\"],\"inLanguage\":\"es\",\"potentialAction\":[{\"@type\":\"CommentAction\",\"name\":\"Comment\",\"target\":[\"https:\/\/lobosnews.com.ar\/index.php\/2026\/04\/26\/la-nueva-vida-en-la-carcel-de-marcelito-san-la-muerte-el-ultimo-asesino-serial-de-la-argentina\/#respond\"]}]},{\"@type\":\"WebPage\",\"@id\":\"https:\/\/lobosnews.com.ar\/index.php\/2026\/04\/26\/la-nueva-vida-en-la-carcel-de-marcelito-san-la-muerte-el-ultimo-asesino-serial-de-la-argentina\/\",\"url\":\"https:\/\/lobosnews.com.ar\/index.php\/2026\/04\/26\/la-nueva-vida-en-la-carcel-de-marcelito-san-la-muerte-el-ultimo-asesino-serial-de-la-argentina\/\",\"name\":\"La nueva vida en la c\u00e1rcel de \u201cMarcelito San La Muerte\u201d, el \u00faltimo asesino serial de la Argentina - Lobos News\",\"isPartOf\":{\"@id\":\"https:\/\/lobosnews.com.ar\/#website\"},\"primaryImageOfPage\":{\"@id\":\"https:\/\/lobosnews.com.ar\/index.php\/2026\/04\/26\/la-nueva-vida-en-la-carcel-de-marcelito-san-la-muerte-el-ultimo-asesino-serial-de-la-argentina\/#primaryimage\"},\"image\":{\"@id\":\"https:\/\/lobosnews.com.ar\/index.php\/2026\/04\/26\/la-nueva-vida-en-la-carcel-de-marcelito-san-la-muerte-el-ultimo-asesino-serial-de-la-argentina\/#primaryimage\"},\"thumbnailUrl\":\"https:\/\/lobosnews.com.ar\/wp-content\/uploads\/2026\/04\/la-nueva-vida-en-la-carcel-de-marcelito-san-la-muerte-el-ultimo-asesino-serial-de-la-argentina-6.jpg\",\"datePublished\":\"2026-04-26T03:30:00+00:00\",\"dateModified\":\"2026-04-26T08:57:38+00:00\",\"breadcrumb\":{\"@id\":\"https:\/\/lobosnews.com.ar\/index.php\/2026\/04\/26\/la-nueva-vida-en-la-carcel-de-marcelito-san-la-muerte-el-ultimo-asesino-serial-de-la-argentina\/#breadcrumb\"},\"inLanguage\":\"es\",\"potentialAction\":[{\"@type\":\"ReadAction\",\"target\":[\"https:\/\/lobosnews.com.ar\/index.php\/2026\/04\/26\/la-nueva-vida-en-la-carcel-de-marcelito-san-la-muerte-el-ultimo-asesino-serial-de-la-argentina\/\"]}]},{\"@type\":\"ImageObject\",\"inLanguage\":\"es\",\"@id\":\"https:\/\/lobosnews.com.ar\/index.php\/2026\/04\/26\/la-nueva-vida-en-la-carcel-de-marcelito-san-la-muerte-el-ultimo-asesino-serial-de-la-argentina\/#primaryimage\",\"url\":\"https:\/\/lobosnews.com.ar\/wp-content\/uploads\/2026\/04\/la-nueva-vida-en-la-carcel-de-marcelito-san-la-muerte-el-ultimo-asesino-serial-de-la-argentina-6.jpg\",\"contentUrl\":\"https:\/\/lobosnews.com.ar\/wp-content\/uploads\/2026\/04\/la-nueva-vida-en-la-carcel-de-marcelito-san-la-muerte-el-ultimo-asesino-serial-de-la-argentina-6.jpg\",\"width\":1920,\"height\":1632,\"caption\":\"La nueva vida en la c\u00e1rcel de \u201cMarcelito San La Muerte\u201d, el \u00faltimo asesino serial de la Argentina\"},{\"@type\":\"BreadcrumbList\",\"@id\":\"https:\/\/lobosnews.com.ar\/index.php\/2026\/04\/26\/la-nueva-vida-en-la-carcel-de-marcelito-san-la-muerte-el-ultimo-asesino-serial-de-la-argentina\/#breadcrumb\",\"itemListElement\":[{\"@type\":\"ListItem\",\"position\":1,\"name\":\"Portada\",\"item\":\"https:\/\/lobosnews.com.ar\/\"},{\"@type\":\"ListItem\",\"position\":2,\"name\":\"La nueva vida en la c\u00e1rcel de \u201cMarcelito San La Muerte\u201d, el \u00faltimo asesino serial de la Argentina\"}]},{\"@type\":\"WebSite\",\"@id\":\"https:\/\/lobosnews.com.ar\/#website\",\"url\":\"https:\/\/lobosnews.com.ar\/\",\"name\":\"Lobos News\",\"description\":\"Informaci\u00f3n a cada instante\",\"publisher\":{\"@id\":\"https:\/\/lobosnews.com.ar\/#organization\"},\"potentialAction\":[{\"@type\":\"SearchAction\",\"target\":{\"@type\":\"EntryPoint\",\"urlTemplate\":\"https:\/\/lobosnews.com.ar\/?s={search_term_string}\"},\"query-input\":{\"@type\":\"PropertyValueSpecification\",\"valueRequired\":true,\"valueName\":\"search_term_string\"}}],\"inLanguage\":\"es\"},{\"@type\":\"Organization\",\"@id\":\"https:\/\/lobosnews.com.ar\/#organization\",\"name\":\"Lobos News\",\"url\":\"https:\/\/lobosnews.com.ar\/\",\"logo\":{\"@type\":\"ImageObject\",\"inLanguage\":\"es\",\"@id\":\"https:\/\/lobosnews.com.ar\/#\/schema\/logo\/image\/\",\"url\":\"https:\/\/lobosnews.com.ar\/wp-content\/uploads\/2026\/01\/logo-lobosnews.png\",\"contentUrl\":\"https:\/\/lobosnews.com.ar\/wp-content\/uploads\/2026\/01\/logo-lobosnews.png\",\"width\":500,\"height\":200,\"caption\":\"Lobos News\"},\"image\":{\"@id\":\"https:\/\/lobosnews.com.ar\/#\/schema\/logo\/image\/\"}},{\"@type\":\"Person\",\"@id\":\"https:\/\/lobosnews.com.ar\/#\/schema\/person\/232422a593d5c541dd9aef6aaed10943\",\"name\":\"admin\",\"image\":{\"@type\":\"ImageObject\",\"inLanguage\":\"es\",\"@id\":\"https:\/\/lobosnews.com.ar\/#\/schema\/person\/image\/\",\"url\":\"https:\/\/secure.gravatar.com\/avatar\/76e419471a2083bc3ceab22a763dbbf9b0c1bd15a6214cf3280e2c2dde4580f9?s=96&d=mm&r=g\",\"contentUrl\":\"https:\/\/secure.gravatar.com\/avatar\/76e419471a2083bc3ceab22a763dbbf9b0c1bd15a6214cf3280e2c2dde4580f9?s=96&d=mm&r=g\",\"caption\":\"admin\"},\"sameAs\":[\"https:\/\/lobosnews.com.ar\"],\"url\":\"https:\/\/lobosnews.com.ar\/index.php\/author\/lobos-news\/\"}]}<\/script>\n<!-- \/ Yoast SEO plugin. -->","yoast_head_json":{"title":"La nueva vida en la c\u00e1rcel de \u201cMarcelito San La Muerte\u201d, el \u00faltimo asesino serial de la Argentina - Lobos News","robots":{"index":"index","follow":"follow","max-snippet":"max-snippet:-1","max-image-preview":"max-image-preview:large","max-video-preview":"max-video-preview:-1"},"canonical":"https:\/\/lobosnews.com.ar\/index.php\/2026\/04\/26\/la-nueva-vida-en-la-carcel-de-marcelito-san-la-muerte-el-ultimo-asesino-serial-de-la-argentina\/","og_locale":"es_ES","og_type":"article","og_title":"La nueva vida en la c\u00e1rcel de \u201cMarcelito San La Muerte\u201d, el \u00faltimo asesino serial de la Argentina - Lobos News","og_description":"Marcelo Alejandro Antelo hoy tiene 38 a\u00f1os. Se encuentra preso en la c\u00e1rcel federal de Rawson, provincia de Chubut, luego de un paso por el penal de Senillosa, en Neuqu\u00e9n. Est\u00e1 lejos de casa, si pudiese llamar casa al departamento en un monoblock del Bajo Flores donde hab\u00eda fijado domicilio, en el mismo barrio en...","og_url":"https:\/\/lobosnews.com.ar\/index.php\/2026\/04\/26\/la-nueva-vida-en-la-carcel-de-marcelito-san-la-muerte-el-ultimo-asesino-serial-de-la-argentina\/","og_site_name":"Lobos News","article_published_time":"2026-04-26T03:30:00+00:00","article_modified_time":"2026-04-26T08:57:38+00:00","og_image":[{"url":"https:\/\/lobosnews.com.ar\/wp-content\/uploads\/2026\/04\/la-nueva-vida-en-la-carcel-de-marcelito-san-la-muerte-el-ultimo-asesino-serial-de-la-argentina.jpg","type":"","width":"","height":""}],"author":"admin","twitter_card":"summary_large_image","twitter_misc":{"Escrito por":"admin","Tiempo de lectura":"5 minutos"},"schema":{"@context":"https:\/\/schema.org","@graph":[{"@type":"Article","@id":"https:\/\/lobosnews.com.ar\/index.php\/2026\/04\/26\/la-nueva-vida-en-la-carcel-de-marcelito-san-la-muerte-el-ultimo-asesino-serial-de-la-argentina\/#article","isPartOf":{"@id":"https:\/\/lobosnews.com.ar\/index.php\/2026\/04\/26\/la-nueva-vida-en-la-carcel-de-marcelito-san-la-muerte-el-ultimo-asesino-serial-de-la-argentina\/"},"author":{"name":"admin","@id":"https:\/\/lobosnews.com.ar\/#\/schema\/person\/232422a593d5c541dd9aef6aaed10943"},"headline":"La nueva vida en la c\u00e1rcel de \u201cMarcelito San La Muerte\u201d, el \u00faltimo asesino serial de la Argentina","datePublished":"2026-04-26T03:30:00+00:00","dateModified":"2026-04-26T08:57:38+00:00","mainEntityOfPage":{"@id":"https:\/\/lobosnews.com.ar\/index.php\/2026\/04\/26\/la-nueva-vida-en-la-carcel-de-marcelito-san-la-muerte-el-ultimo-asesino-serial-de-la-argentina\/"},"wordCount":977,"commentCount":0,"publisher":{"@id":"https:\/\/lobosnews.com.ar\/#organization"},"image":{"@id":"https:\/\/lobosnews.com.ar\/index.php\/2026\/04\/26\/la-nueva-vida-en-la-carcel-de-marcelito-san-la-muerte-el-ultimo-asesino-serial-de-la-argentina\/#primaryimage"},"thumbnailUrl":"https:\/\/lobosnews.com.ar\/wp-content\/uploads\/2026\/04\/la-nueva-vida-en-la-carcel-de-marcelito-san-la-muerte-el-ultimo-asesino-serial-de-la-argentina-6.jpg","articleSection":["Actualidad","Argentina","econom\u00eda","inseguridad","masradios.com","nacionales","seguridad","sociedad"],"inLanguage":"es","potentialAction":[{"@type":"CommentAction","name":"Comment","target":["https:\/\/lobosnews.com.ar\/index.php\/2026\/04\/26\/la-nueva-vida-en-la-carcel-de-marcelito-san-la-muerte-el-ultimo-asesino-serial-de-la-argentina\/#respond"]}]},{"@type":"WebPage","@id":"https:\/\/lobosnews.com.ar\/index.php\/2026\/04\/26\/la-nueva-vida-en-la-carcel-de-marcelito-san-la-muerte-el-ultimo-asesino-serial-de-la-argentina\/","url":"https:\/\/lobosnews.com.ar\/index.php\/2026\/04\/26\/la-nueva-vida-en-la-carcel-de-marcelito-san-la-muerte-el-ultimo-asesino-serial-de-la-argentina\/","name":"La nueva vida en la c\u00e1rcel de \u201cMarcelito San La Muerte\u201d, el \u00faltimo asesino serial de la Argentina - Lobos News","isPartOf":{"@id":"https:\/\/lobosnews.com.ar\/#website"},"primaryImageOfPage":{"@id":"https:\/\/lobosnews.com.ar\/index.php\/2026\/04\/26\/la-nueva-vida-en-la-carcel-de-marcelito-san-la-muerte-el-ultimo-asesino-serial-de-la-argentina\/#primaryimage"},"image":{"@id":"https:\/\/lobosnews.com.ar\/index.php\/2026\/04\/26\/la-nueva-vida-en-la-carcel-de-marcelito-san-la-muerte-el-ultimo-asesino-serial-de-la-argentina\/#primaryimage"},"thumbnailUrl":"https:\/\/lobosnews.com.ar\/wp-content\/uploads\/2026\/04\/la-nueva-vida-en-la-carcel-de-marcelito-san-la-muerte-el-ultimo-asesino-serial-de-la-argentina-6.jpg","datePublished":"2026-04-26T03:30:00+00:00","dateModified":"2026-04-26T08:57:38+00:00","breadcrumb":{"@id":"https:\/\/lobosnews.com.ar\/index.php\/2026\/04\/26\/la-nueva-vida-en-la-carcel-de-marcelito-san-la-muerte-el-ultimo-asesino-serial-de-la-argentina\/#breadcrumb"},"inLanguage":"es","potentialAction":[{"@type":"ReadAction","target":["https:\/\/lobosnews.com.ar\/index.php\/2026\/04\/26\/la-nueva-vida-en-la-carcel-de-marcelito-san-la-muerte-el-ultimo-asesino-serial-de-la-argentina\/"]}]},{"@type":"ImageObject","inLanguage":"es","@id":"https:\/\/lobosnews.com.ar\/index.php\/2026\/04\/26\/la-nueva-vida-en-la-carcel-de-marcelito-san-la-muerte-el-ultimo-asesino-serial-de-la-argentina\/#primaryimage","url":"https:\/\/lobosnews.com.ar\/wp-content\/uploads\/2026\/04\/la-nueva-vida-en-la-carcel-de-marcelito-san-la-muerte-el-ultimo-asesino-serial-de-la-argentina-6.jpg","contentUrl":"https:\/\/lobosnews.com.ar\/wp-content\/uploads\/2026\/04\/la-nueva-vida-en-la-carcel-de-marcelito-san-la-muerte-el-ultimo-asesino-serial-de-la-argentina-6.jpg","width":1920,"height":1632,"caption":"La nueva vida en la c\u00e1rcel de \u201cMarcelito San La Muerte\u201d, el \u00faltimo asesino serial de la Argentina"},{"@type":"BreadcrumbList","@id":"https:\/\/lobosnews.com.ar\/index.php\/2026\/04\/26\/la-nueva-vida-en-la-carcel-de-marcelito-san-la-muerte-el-ultimo-asesino-serial-de-la-argentina\/#breadcrumb","itemListElement":[{"@type":"ListItem","position":1,"name":"Portada","item":"https:\/\/lobosnews.com.ar\/"},{"@type":"ListItem","position":2,"name":"La nueva vida en la c\u00e1rcel de \u201cMarcelito San La Muerte\u201d, el \u00faltimo asesino serial de la Argentina"}]},{"@type":"WebSite","@id":"https:\/\/lobosnews.com.ar\/#website","url":"https:\/\/lobosnews.com.ar\/","name":"Lobos News","description":"Informaci\u00f3n a cada instante","publisher":{"@id":"https:\/\/lobosnews.com.ar\/#organization"},"potentialAction":[{"@type":"SearchAction","target":{"@type":"EntryPoint","urlTemplate":"https:\/\/lobosnews.com.ar\/?s={search_term_string}"},"query-input":{"@type":"PropertyValueSpecification","valueRequired":true,"valueName":"search_term_string"}}],"inLanguage":"es"},{"@type":"Organization","@id":"https:\/\/lobosnews.com.ar\/#organization","name":"Lobos News","url":"https:\/\/lobosnews.com.ar\/","logo":{"@type":"ImageObject","inLanguage":"es","@id":"https:\/\/lobosnews.com.ar\/#\/schema\/logo\/image\/","url":"https:\/\/lobosnews.com.ar\/wp-content\/uploads\/2026\/01\/logo-lobosnews.png","contentUrl":"https:\/\/lobosnews.com.ar\/wp-content\/uploads\/2026\/01\/logo-lobosnews.png","width":500,"height":200,"caption":"Lobos News"},"image":{"@id":"https:\/\/lobosnews.com.ar\/#\/schema\/logo\/image\/"}},{"@type":"Person","@id":"https:\/\/lobosnews.com.ar\/#\/schema\/person\/232422a593d5c541dd9aef6aaed10943","name":"admin","image":{"@type":"ImageObject","inLanguage":"es","@id":"https:\/\/lobosnews.com.ar\/#\/schema\/person\/image\/","url":"https:\/\/secure.gravatar.com\/avatar\/76e419471a2083bc3ceab22a763dbbf9b0c1bd15a6214cf3280e2c2dde4580f9?s=96&d=mm&r=g","contentUrl":"https:\/\/secure.gravatar.com\/avatar\/76e419471a2083bc3ceab22a763dbbf9b0c1bd15a6214cf3280e2c2dde4580f9?s=96&d=mm&r=g","caption":"admin"},"sameAs":["https:\/\/lobosnews.com.ar"],"url":"https:\/\/lobosnews.com.ar\/index.php\/author\/lobos-news\/"}]}},"jetpack_featured_media_url":"https:\/\/lobosnews.com.ar\/wp-content\/uploads\/2026\/04\/la-nueva-vida-en-la-carcel-de-marcelito-san-la-muerte-el-ultimo-asesino-serial-de-la-argentina-6.jpg","jetpack_sharing_enabled":true,"_links":{"self":[{"href":"https:\/\/lobosnews.com.ar\/index.php\/wp-json\/wp\/v2\/posts\/45592","targetHints":{"allow":["GET"]}}],"collection":[{"href":"https:\/\/lobosnews.com.ar\/index.php\/wp-json\/wp\/v2\/posts"}],"about":[{"href":"https:\/\/lobosnews.com.ar\/index.php\/wp-json\/wp\/v2\/types\/post"}],"author":[{"embeddable":true,"href":"https:\/\/lobosnews.com.ar\/index.php\/wp-json\/wp\/v2\/users\/1"}],"replies":[{"embeddable":true,"href":"https:\/\/lobosnews.com.ar\/index.php\/wp-json\/wp\/v2\/comments?post=45592"}],"version-history":[{"count":1,"href":"https:\/\/lobosnews.com.ar\/index.php\/wp-json\/wp\/v2\/posts\/45592\/revisions"}],"predecessor-version":[{"id":45597,"href":"https:\/\/lobosnews.com.ar\/index.php\/wp-json\/wp\/v2\/posts\/45592\/revisions\/45597"}],"wp:featuredmedia":[{"embeddable":true,"href":"https:\/\/lobosnews.com.ar\/index.php\/wp-json\/wp\/v2\/media\/45598"}],"wp:attachment":[{"href":"https:\/\/lobosnews.com.ar\/index.php\/wp-json\/wp\/v2\/media?parent=45592"}],"wp:term":[{"taxonomy":"category","embeddable":true,"href":"https:\/\/lobosnews.com.ar\/index.php\/wp-json\/wp\/v2\/categories?post=45592"},{"taxonomy":"post_tag","embeddable":true,"href":"https:\/\/lobosnews.com.ar\/index.php\/wp-json\/wp\/v2\/tags?post=45592"}],"curies":[{"name":"wp","href":"https:\/\/api.w.org\/{rel}","templated":true}]}}