{"id":45541,"date":"2026-04-26T05:00:00","date_gmt":"2026-04-26T05:00:00","guid":{"rendered":"https:\/\/lobosnews.com.ar\/index.php\/2026\/04\/26\/los-mejores-neurologos-del-mundo-debatieron-en-buenos-aires-las-ultimas-novedades-sobre-salud-mental\/"},"modified":"2026-04-26T08:49:36","modified_gmt":"2026-04-26T08:49:36","slug":"los-mejores-neurologos-del-mundo-debatieron-en-buenos-aires-las-ultimas-novedades-sobre-salud-mental","status":"publish","type":"post","link":"https:\/\/lobosnews.com.ar\/index.php\/2026\/04\/26\/los-mejores-neurologos-del-mundo-debatieron-en-buenos-aires-las-ultimas-novedades-sobre-salud-mental\/","title":{"rendered":"Los mejores neur\u00f3logos del mundo debatieron en Buenos Aires las \u00faltimas novedades sobre salud mental"},"content":{"rendered":"<p><img loading=\"lazy\" decoding=\"async\" src=\"https:\/\/lobosnews.com.ar\/wp-content\/uploads\/2026\/04\/los-mejores-neurologos-del-mundo-debatieron-en-buenos-aires-las-ultimas-novedades-sobre-salud-mental.jpg\" alt=\"Buenos Aires fue sede de la Second Meeting of the International Alliance on Brain Health, el evento que re\u00fane a los m\u00e1ximos referentes de la neurolog\u00eda de los cinco continentes \" height=\"960\" width=\"1280\"\/><\/p>\n<p>La <span class=\"waslinkname\"><b>neurolog\u00eda<\/b><\/span> ocup\u00f3 un lugar central en Buenos Aires, que durante dos d\u00edas alberg\u00f3 <span class=\"waslinkname\">las ponencias de los expertos<\/span> que m\u00e1s saben de <span class=\"waslinkname\"><b>salud mental<\/b><\/span> a nivel internacional y tambi\u00e9n local.<\/p>\n<p>La <b>Second Meeting of the International Alliance on Brain Health<\/b>, organizada por <span class=\"waslinkname\"><b>Fundaci\u00f3n INECO<\/b><\/span> junto con la <b>Swiss Brain Health Foundation<\/b> y en colaboraci\u00f3n con <b>The Lancet Commission on Brain Health<\/b>, super\u00f3 todas las expectativas tanto por la cantidad como por la diversidad y el nivel de los participantes. <\/p>\n<p>Especialistas en neurolog\u00eda, psiquiatr\u00eda, salud p\u00fablica, investigaci\u00f3n y pol\u00edticas de Estado coincidieron en que la salud cerebral se transform\u00f3 en un asunto urgente y estrat\u00e9gico. La agenda del encuentro incluy\u00f3 <b>prevenci\u00f3n<\/b> a lo largo de la vida, <b>envejecimiento cerebral<\/b>, <b>enfermedades neurodegenerativas<\/b>, <b>salud mental<\/b>, <b>sue\u00f1o<\/b>, <b>desigualdad<\/b>, <b>neurorrehabilitaci\u00f3n<\/b>, <b>pol\u00edticas p\u00fablicas <\/b>y la transformaci\u00f3n de <b>sistemas de atenci\u00f3n<\/b>.<\/p>\n<p><img loading=\"lazy\" decoding=\"async\" src=\"https:\/\/www.infobae.com\/resizer\/v2\/TUKGYWJ5MVGSRFPNDLWSPRP6AM.jpeg?auth=5a2d45ec1e33a9b019c04a48e642159f78d32f3a8408c53b24bbbd325adefa70&#038;smart=true&#038;width=825&#038;height=425\" alt=\"El evento cont\u00f3 con la participaci\u00f3n de la American Academy of Neurology, la World Federation of Neurology y la World Psychiatric Association \" height=\"425\" width=\"825\"\/><\/p>\n<p>Nunca antes Am\u00e9rica Latina hab\u00eda albergado una convocatoria internacional tan amplia y robusta sobre este tema. <\/p>\n<p>Representantes de entidades como la American Academy of Neurology, la World Federation of Neurology, la World Psychiatric Association, la Alzheimer\u2019s Association, la American Heart Association, Alzheimer\u2019s Disease International, la European Academy of Neurology, el European Brain Council y el Global Brain Health Institute de la Universidad de California en San Francisco, entre otros, se dieron cita en la capital argentina. El resultado fue una puesta en com\u00fan in\u00e9dita de <b>ideas, experiencias, datos y perspectivas <\/b>para delinear el futuro de la salud cerebral en el mundo.<\/p>\n<p>La salud cerebral, definida como el funcionamiento \u00f3ptimo del cerebro en los planos cognitivo, sensorial, social, emocional, conductual y motor durante todas las etapas de la vida, ya no se limita al tratamiento de enfermedades. Hoy abarca tambi\u00e9n el desarrollo de habilidades como <b>la creatividad, el juicio cr\u00edtico, la adaptabilidad, la regulaci\u00f3n emocional, la empat\u00eda y el aprendizaje continuo. <\/b><\/p>\n<p><img loading=\"lazy\" decoding=\"async\" src=\"https:\/\/lobosnews.com.ar\/wp-content\/uploads\/2026\/04\/los-mejores-neurologos-del-mundo-debatieron-en-buenos-aires-las-ultimas-novedades-sobre-salud-mental-1.jpg\" alt=\"El capital cerebral es esencial para la productividad, la innovaci\u00f3n y la resiliencia de las sociedades seg\u00fan expertos internacionales \" height=\"960\" width=\"1280\"\/><\/p>\n<p>Este enfoque resulta decisivo para comprender el valor del llamado <b>\u201ccapital cerebral\u201d<\/b>, un concepto que, lejos de reemplazar al capital humano, lo sostiene y lo potencia. Sin salud cerebral, no existe educaci\u00f3n de calidad ni productividad sostenible ni desarrollo duradero.<\/p>\n<p><b>Facundo Manes,<\/b> neurocient\u00edfico y fundador de INECO, co-coordin\u00f3 el encuentro junto al profesor<b> Claudio L. Bassetti<\/b> de la Swiss Brain Health Foundation. \u201c<b>No hay desarrollo sostenible sin salud cerebral. <\/b>En el siglo XXI, cuidar el cerebro humano no es solo una prioridad sanitaria: es tambi\u00e9n una condici\u00f3n para educar mejor, trabajar mejor, innovar m\u00e1s y construir sociedades m\u00e1s resilientes\u201d, afirm\u00f3 Manes.<\/p>\n<p>Las cifras presentadas durante el encuentro confirmaron la magnitud del desaf\u00edo. El World Economic Forum y el McKinsey Health Institute estimaron que los trastornos cerebrales representan<b> cerca del 24% de la carga global de enfermedad y que intervenciones eficaces podr\u00edan evitar hasta 267 millones de a\u00f1os de vida ajustados por discapacidad antes de 2050<\/b>, con un impacto econ\u00f3mico acumulado de hasta 6,2 billones de d\u00f3lares. <\/p>\n<p>En <b>Argentina<\/b>, por ejemplo, el costo de no actuar result\u00f3 evidente: <b>la p\u00e9rdida de capital cerebral equivali\u00f3 al 1,4% del PBI en 2023.<\/b><\/p>\n<h2>El impacto de la salud mental y los desaf\u00edos de Europa<\/h2>\n<p><img loading=\"lazy\" decoding=\"async\" src=\"https:\/\/lobosnews.com.ar\/wp-content\/uploads\/2026\/04\/los-mejores-neurologos-del-mundo-debatieron-en-buenos-aires-las-ultimas-novedades-sobre-salud-mental-2.jpg\" alt=\"Paul Boon afirm\u00f3 que el 43 por ciento de los europeos padec\u00eda alg\u00fan trastorno neurol\u00f3gico, lo que impacta en la salud p\u00fablica y la econom\u00eda \" height=\"960\" width=\"1280\"\/><\/p>\n<p>Uno de los focos de la reuni\u00f3n gir\u00f3 en torno a la salud mental y la alarmante prevalencia de trastornos en Europa. <b>Andrea Fiorillo<\/b>, presidente de la Asociaci\u00f3n Europea de Psiquiatr\u00eda, expuso que la <b>prevalencia de trastornos mentales creci\u00f3 de forma sostenida entre 1990 y 2023<\/b>. <\/p>\n<p>\u201cTras la pandemia de COVID-19, casi la mitad de la poblaci\u00f3n europea enfrentaba alg\u00fan tipo de trastorno mental\u201d, afirm\u00f3. La Asociaci\u00f3n Europea de Psiquiatr\u00eda prioriz\u00f3 el an\u00e1lisis del estado de salud mental en la regi\u00f3n, identificando tanto los determinantes como la capacidad de respuesta de los sistemas de salud y bienestar social.<\/p>\n<p>Fiorillo detall\u00f3 que los factores que influyen en la salud mental operan a nivel individual, ambiental y socioecon\u00f3mico. La asociaci\u00f3n monitore\u00f3 indicadores como <b>prevalencia, incidencia, discapacidad, tasas de suicidio y mortalidad asociada.<\/b> <\/p>\n<p>La comparaci\u00f3n entre 2021 y 2025 revel\u00f3 una disminuci\u00f3n en la capacidad de respuesta de los sistemas sanitarios y sociales frente a la demanda creciente. Esta brecha se tradujo en que <b>solo una minor\u00eda de pa\u00edses europeos logr\u00f3 niveles de respuesta adecuados,<\/b> lo que subray\u00f3 la urgencia de fortalecer la atenci\u00f3n, invertir en prevenci\u00f3n y avanzar hacia modelos comunitarios.<\/p>\n<p><img loading=\"lazy\" decoding=\"async\" src=\"https:\/\/lobosnews.com.ar\/wp-content\/uploads\/2026\/04\/los-mejores-neurologos-del-mundo-debatieron-en-buenos-aires-las-ultimas-novedades-sobre-salud-mental-3.jpg\" alt=\"\" height=\"2752\" width=\"1536\"\/><\/p>\n<p>La estrategia europea se enfoc\u00f3 en dos grandes ejes: aumentar la inversi\u00f3n en salud mental y promover la atenci\u00f3n en contextos comunitarios. Esto requiri\u00f3 <b>reforzar recursos humanos, mejorar infraestructuras, potenciar la prevenci\u00f3n y trasladar parte de los tratamientos fuera de los hospitales <\/b>para acercarlos a escuelas y espacios laborales. El manifiesto de la Asociaci\u00f3n Europea de Psiquiatr\u00eda, respaldado por organizaciones de familiares y usuarios y validado en el Parlamento Europeo, fij\u00f3 cinco prioridades esenciales para la salud mental.<\/p>\n<p>En diciembre de 2025, la asociaci\u00f3n fue convocada nuevamente para<b> debatir una hoja de ruta centrada en tres ejes: atenci\u00f3n, cohesi\u00f3n y crecimiento, alineando la salud mental con la econom\u00eda del bienestar.<\/b> Fiorillo insisti\u00f3 en la importancia de la innovaci\u00f3n, entendida no solo como desarrollo de nuevos tratamientos sino como transformaci\u00f3n profunda de los modelos de atenci\u00f3n, integrando la neurolog\u00eda y la psiquiatr\u00eda en la respuesta a los desaf\u00edos contempor\u00e1neos.<\/p>\n<p><b>Las seis \u00e1reas clave de trabajo, enumeradas por Fiorillo, <\/b>incluyeron la innovaci\u00f3n y prestaci\u00f3n de tratamientos, la psiquiatr\u00eda de precisi\u00f3n, el fomento de la salud cerebral y mental a lo largo de toda la vida, la atenci\u00f3n integral a la persona, la salud mental p\u00fablica orientada a la prevenci\u00f3n y la protecci\u00f3n de grupos vulnerables como ni\u00f1os, ancianos, migrantes y minor\u00edas \u00e9tnicas.<\/p>\n<p><img loading=\"lazy\" decoding=\"async\" src=\"https:\/\/lobosnews.com.ar\/wp-content\/uploads\/2026\/04\/los-mejores-neurologos-del-mundo-debatieron-en-buenos-aires-las-ultimas-novedades-sobre-salud-mental-4.jpg\" alt=\"El 24 por ciento de la carga global de enfermedad se relaciona con trastornos cerebrales, seg\u00fan datos del World Economic Forum (Freepik)\" height=\"1080\" width=\"1920\"\/><\/p>\n<p>Fiorillo advirti\u00f3 que la innovaci\u00f3n en salud mental avanz\u00f3 m\u00e1s lentamente que en otros campos m\u00e9dicos, como el VIH o el c\u00e1ncer. Propuso<b> redise\u00f1ar instalaciones psiqui\u00e1tricas para fomentar interacciones sociales positivas y reducir la soledad y el estigma<\/b>, y puso en relieve el potencial de la psiquiatr\u00eda digital, aunque reconoci\u00f3 que en Europa su desarrollo estaba limitado por obst\u00e1culos regulatorios y de financiamiento. <\/p>\n<p>Apost\u00f3 por un abordaje integral del cerebro que supere la divisi\u00f3n tradicional entre neurolog\u00eda y psiquiatr\u00eda, y resalt\u00f3 la <b>necesidad de colaboraci\u00f3n interdisciplinaria,<\/b> se\u00f1alando ejemplos como la esquizofrenia y la esclerosis m\u00faltiple, que comparten factores de riesgo y caracter\u00edsticas cl\u00ednicas.<\/p>\n<h2>Neurolog\u00eda, econom\u00eda y pol\u00edticas: una agenda para el futuro<\/h2>\n<p><img loading=\"lazy\" decoding=\"async\" src=\"https:\/\/lobosnews.com.ar\/wp-content\/uploads\/2026\/04\/los-mejores-neurologos-del-mundo-debatieron-en-buenos-aires-las-ultimas-novedades-sobre-salud-mental-5.jpg\" alt=\"La p\u00e9rdida de capital cerebral represent\u00f3 el 1,4 por ciento del PBI argentino en 2023, advierten especialistas en la reuni\u00f3n (Imagen Ilustrativa Infobae)\" height=\"1536\" width=\"2752\"\/><\/p>\n<p><b>Paul Boon, <\/b>presidente de la Neurology and Integrated Brain Health Policy y director de Neurociencias en la Universidad de Gante, aport\u00f3 datos contundentes sobre los trastornos neurol\u00f3gicos en Europa.<b> El 43% de los ciudadanos europeos estaban afectados por alguna afecci\u00f3n neurol\u00f3gica<\/b>, lo que representaba la principal causa de a\u00f1os de vida ajustados por discapacidad y una de las principales fuentes de mortalidad. Sin embargo, <b>solo el 10% del gasto sanitario europeo se destinaba a estos trastornos,<\/b> incluyendo la investigaci\u00f3n neurol\u00f3gica.<\/p>\n<p>La Uni\u00f3n Europea aprob\u00f3 recientemente una inversi\u00f3n adicional de 500 millones de euros en investigaci\u00f3n neurol\u00f3gica para la pr\u00f3xima d\u00e9cada, aunque esta cifra segu\u00eda siendo una fracci\u00f3n del total destinado a investigaci\u00f3n sanitaria. <b>Boon calcul\u00f3 que el costo anual de los trastornos neurol\u00f3gicos en Europa ascend\u00eda a 1,7 billones de euros<\/b>, y afirm\u00f3 que incluso una reducci\u00f3n del 1% en este costo equivaldr\u00eda al gasto sanitario de un pa\u00eds europeo. <\/p>\n<p>El experto neur\u00f3logo present\u00f3 la<b> \u201cMisi\u00f3n de Salud Cerebral\u201d<\/b>,<b> <\/b>una iniciativa que defini\u00f3 la salud cerebral como la capacidad de cada persona para desarrollar sus habilidades y optimizar sus funciones cognitivas, emocionales, psicol\u00f3gicas y conductuales a lo largo de la vida. <b>Rechaz\u00f3 reducir la salud cerebral a la simple prevenci\u00f3n de factores de riesgo cardiovascular <\/b>y defendi\u00f3 la necesidad de identificar y abordar factores de riesgo espec\u00edficos del cerebro, desarrollando biomarcadores accesibles y equitativos.<\/p>\n<p><img loading=\"lazy\" decoding=\"async\" src=\"https:\/\/lobosnews.com.ar\/wp-content\/uploads\/2026\/04\/los-mejores-neurologos-del-mundo-debatieron-en-buenos-aires-las-ultimas-novedades-sobre-salud-mental-6.jpg\" alt=\"Andrea Fiorillo destac\u00f3 que casi la mitad de los europeos enfrentaba alg\u00fan trastorno mental tras la pandemia de COVID-19 (Imagen Ilustrativa Infobae)\" height=\"768\" width=\"1408\"\/><\/p>\n<p>Reconoci\u00f3 que no siempre resulta realista pensar en la prevenci\u00f3n absoluta de los trastornos neurol\u00f3gicos, pero subray\u00f3 la importancia de retrasar la aparici\u00f3n de enfermedades como la demencia. Cit\u00f3 los avances en diagn\u00f3stico y tratamientos modificadores de la enfermedad para el Alzheimer, aunque admiti\u00f3 que la eficacia cl\u00ednica todav\u00eda resulta limitada y persisten los desaf\u00edos en accesibilidad.<\/p>\n<p><b>La Misi\u00f3n de Salud Cerebral se propuso tres objetivos centrales<\/b>: elevar la comprensi\u00f3n social sobre la salud cerebral, fortalecer las estrategias de salud p\u00fablica promoviendo la creaci\u00f3n de planes nacionales y posicionar la salud cerebral como una prioridad social y econ\u00f3mica, argumentando que el capital humano y la capacidad cerebral resultan vitales para la prosperidad de las naciones, incluso por encima de los recursos naturales.<\/p>\n<p>La necesidad de colaboraci\u00f3n multidisciplinaria e inclusiva se destac\u00f3 como uno de los consensos del evento. Boon remarc\u00f3 el rol de neur\u00f3logos y psiquiatras como impulsores, pero tambi\u00e9n la importancia de integrar a pacientes, organizaciones cl\u00ednicas, defensores y la industria. La organizaci\u00f3n de cumbres peri\u00f3dicas y la incidencia sobre responsables pol\u00edticos resultaron estrategias clave para consolidar la salud cerebral en la agenda global.<\/p>\n<p><img loading=\"lazy\" decoding=\"async\" src=\"https:\/\/lobosnews.com.ar\/wp-content\/uploads\/2026\/04\/los-mejores-neurologos-del-mundo-debatieron-en-buenos-aires-las-ultimas-novedades-sobre-salud-mental-7.jpg\" alt=\"Steven Lewis remarc\u00f3 la importancia de superar los compartimentos estancos y potenciar la cooperaci\u00f3n interdisciplinaria global \" height=\"960\" width=\"1280\"\/><\/p>\n<p><b>Steven Lewis,<\/b> presidente de la Federaci\u00f3n Mundial de Neurolog\u00eda, describi\u00f3 el trabajo de la organizaci\u00f3n y su objetivo de mejorar la neurolog\u00eda y la salud cerebral, priorizando las regiones con menos recursos. Lewis record\u00f3 que<b> el t\u00e9rmino \u201csalud cerebral\u201d ni siquiera figuraba en la literatura cient\u00edfica hasta fines de los a\u00f1os noventa<\/b> y que el inter\u00e9s global explot\u00f3 desde 2007. Actualmente, existen miles de art\u00edculos y proyectos sobre el tema, lo que refleja el cambio de paradigma.<\/p>\n<p>La Federaci\u00f3n impulsa la formaci\u00f3n de neur\u00f3logos, especialmente en \u00c1frica y regiones con baja densidad de especialistas, y colabora con la<b> Organizaci\u00f3n Mundial de la Salud y la ONU<\/b> en planes de acci\u00f3n global. Lewis destac\u00f3 la importancia de superar los compartimentos estancos y fomentar la colaboraci\u00f3n interdisciplinaria e internacional, adaptando las estrategias a los contextos de cada regi\u00f3n.<\/p>\n<p>El presidente de la WFN subray\u00f3 que la salud cerebral exige abordajes integrales que incluyan traumatismos, enfermedades cerebrovasculares y desarrollo infantil, y advirti\u00f3 sobre el auge de terapias no probadas. Reafirm\u00f3 la importancia de la comunicaci\u00f3n y el intercambio entre regiones y disciplinas y celebr\u00f3 los avances recientes en la cooperaci\u00f3n mundial.<\/p>\n<p><img loading=\"lazy\" decoding=\"async\" src=\"https:\/\/lobosnews.com.ar\/wp-content\/uploads\/2026\/04\/los-mejores-neurologos-del-mundo-debatieron-en-buenos-aires-las-ultimas-novedades-sobre-salud-mental-8.jpg\" alt=\"Andrea Winkler advirti\u00f3 que el cambio clim\u00e1tico y la p\u00e9rdida de biodiversidad afectan la salud cerebral y requieren respuestas integradas \" height=\"960\" width=\"1280\"\/><\/p>\n<p><b>Andrea Winkler, <\/b>referente de la The Lancet One Health Commission, aport\u00f3 una perspectiva esencial al subrayar la interconexi\u00f3n entre la salud cerebral y los desaf\u00edos ambientales y sociales del siglo XXI. Defini\u00f3 el enfoque <b>\u201cUna Salud\u201d como un modelo colaborativo, interdisciplinario y multisectorial <\/b>que articula la salud humana, animal, vegetal y ambiental. <\/p>\n<p>\u201cLa interconexi\u00f3n socioecol\u00f3gica es fundamental para Una Salud\u201d, sostuvo, y advirti\u00f3 que el cambio clim\u00e1tico, la p\u00e9rdida de biodiversidad y la contaminaci\u00f3n alteran ese equilibrio, con consecuencias que se distribuyen de manera desigual en la poblaci\u00f3n. <\/p>\n<p>Winkler inst\u00f3 a implementar reformas profundas en la gobernanza, la econom\u00eda y los sistemas de conocimiento, priorizando la equidad y la inclusi\u00f3n. Su mensaje enfatiz\u00f3 la urgencia de integrar la salud cerebral en modelos de sostenibilidad global, con respuestas que abarquen prevenci\u00f3n, vigilancia, transformaci\u00f3n de sistemas alimentarios y una ciudadan\u00eda informada y empoderada.<\/p>\n<p><img loading=\"lazy\" decoding=\"async\" src=\"https:\/\/lobosnews.com.ar\/wp-content\/uploads\/2026\/04\/los-mejores-neurologos-del-mundo-debatieron-en-buenos-aires-las-ultimas-novedades-sobre-salud-mental-9.jpg\" alt=\"Claudio Bassetti resalt\u00f3 el valor de la cooperaci\u00f3n entre disciplinas para dise\u00f1ar planes nacionales de salud cerebral efectivos y sustentables \" height=\"960\" width=\"1280\"\/><\/p>\n<p><b>Claudio Bassetti,<\/b> profesor de Neurolog\u00eda y director del Departamento de Neurolog\u00eda del Hospital Universitario de Berna, comparti\u00f3 la experiencia suiza como ejemplo de c\u00f3mo adaptar estrategias de salud cerebral a las realidades locales. <b>Destac\u00f3 que el Plan Suizo de Salud Cerebral no surgi\u00f3 por mandato pol\u00edtico<\/b>, sino como una iniciativa colaborativa que busc\u00f3 unir disciplinas y promover la cooperaci\u00f3n entre neur\u00f3logos, psiquiatras, neurocient\u00edficos, m\u00e9dicos generales, psic\u00f3logos y expertos en salud p\u00fablica. <\/p>\n<p>La creaci\u00f3n de la <b>Swiss Brain Health Foundation<\/b> permiti\u00f3 canalizar recursos y sostener acciones en el largo plazo, mientras que la alianza con la federaci\u00f3n nacional de sociedades neurol\u00f3gicas facilit\u00f3 el di\u00e1logo con las autoridades y consolid\u00f3 una voz colectiva. Bassetti subray\u00f3 que el verdadero diferencial del plan suizo residi\u00f3 en su enfoque interdisciplinario e interprofesional, capaz de integrar la investigaci\u00f3n, la formaci\u00f3n, la prevenci\u00f3n y el empoderamiento de pacientes y cuidadores en una misma agenda.<\/p>\n<p>El encuentro de Buenos Aires dej\u00f3 una conclusi\u00f3n clara: la salud cerebral se consolid\u00f3 como un tema central para el<b> desarrollo humano, econ\u00f3mico y social<\/b>. La integraci\u00f3n de saberes, la cooperaci\u00f3n internacional y la apuesta por la innovaci\u00f3n resultan la clave para enfrentar los desaf\u00edos del siglo XXI. Los pr\u00f3ximos a\u00f1os ser\u00e1n decisivos para transformar el conocimiento en pol\u00edticas y acciones capaces de proteger el capital cerebral de la sociedad.<\/p>\n","protected":false},"excerpt":{"rendered":"<p>La neurolog\u00eda ocup\u00f3 un lugar central en Buenos Aires, que durante dos d\u00edas alberg\u00f3 las ponencias de los expertos que m\u00e1s saben de salud mental a nivel internacional y tambi\u00e9n local. La Second Meeting of the International Alliance on Brain Health, organizada por Fundaci\u00f3n INECO junto con la Swiss Brain Health Foundation y en colaboraci\u00f3n&#8230;<\/p>\n","protected":false},"author":1,"featured_media":45560,"comment_status":"open","ping_status":"closed","sticky":false,"template":"","format":"standard","meta":{"_jetpack_memberships_contains_paid_content":false,"footnotes":""},"categories":[81],"tags":[],"class_list":["post-45541","post","type-post","status-publish","format-standard","has-post-thumbnail","hentry","category-salud"],"magazineBlocksPostFeaturedMedia":{"thumbnail":"https:\/\/lobosnews.com.ar\/wp-content\/uploads\/2026\/04\/los-mejores-neurologos-del-mundo-debatieron-en-buenos-aires-las-ultimas-novedades-sobre-salud-mental-20-150x150.jpg","medium":"https:\/\/lobosnews.com.ar\/wp-content\/uploads\/2026\/04\/los-mejores-neurologos-del-mundo-debatieron-en-buenos-aires-las-ultimas-novedades-sobre-salud-mental-20-300x225.jpg","medium_large":"https:\/\/lobosnews.com.ar\/wp-content\/uploads\/2026\/04\/los-mejores-neurologos-del-mundo-debatieron-en-buenos-aires-las-ultimas-novedades-sobre-salud-mental-20-768x576.jpg","large":"https:\/\/lobosnews.com.ar\/wp-content\/uploads\/2026\/04\/los-mejores-neurologos-del-mundo-debatieron-en-buenos-aires-las-ultimas-novedades-sobre-salud-mental-20-1024x768.jpg","1536x1536":"https:\/\/lobosnews.com.ar\/wp-content\/uploads\/2026\/04\/los-mejores-neurologos-del-mundo-debatieron-en-buenos-aires-las-ultimas-novedades-sobre-salud-mental-20.jpg","2048x2048":"https:\/\/lobosnews.com.ar\/wp-content\/uploads\/2026\/04\/los-mejores-neurologos-del-mundo-debatieron-en-buenos-aires-las-ultimas-novedades-sobre-salud-mental-20.jpg","newsmatic-featured":"https:\/\/lobosnews.com.ar\/wp-content\/uploads\/2026\/04\/los-mejores-neurologos-del-mundo-debatieron-en-buenos-aires-las-ultimas-novedades-sobre-salud-mental-20-820x545.jpg","newsmatic-list":"https:\/\/lobosnews.com.ar\/wp-content\/uploads\/2026\/04\/los-mejores-neurologos-del-mundo-debatieron-en-buenos-aires-las-ultimas-novedades-sobre-salud-mental-20-600x400.jpg","newsmatic-thumb":"https:\/\/lobosnews.com.ar\/wp-content\/uploads\/2026\/04\/los-mejores-neurologos-del-mundo-debatieron-en-buenos-aires-las-ultimas-novedades-sobre-salud-mental-20-300x200.jpg","newsmatic-small":"https:\/\/lobosnews.com.ar\/wp-content\/uploads\/2026\/04\/los-mejores-neurologos-del-mundo-debatieron-en-buenos-aires-las-ultimas-novedades-sobre-salud-mental-20-150x95.jpg","newsmatic-grid":"https:\/\/lobosnews.com.ar\/wp-content\/uploads\/2026\/04\/los-mejores-neurologos-del-mundo-debatieron-en-buenos-aires-las-ultimas-novedades-sobre-salud-mental-20-400x250.jpg"},"magazineBlocksPostAuthor":{"name":"admin","avatar":"https:\/\/secure.gravatar.com\/avatar\/76e419471a2083bc3ceab22a763dbbf9b0c1bd15a6214cf3280e2c2dde4580f9?s=96&d=mm&r=g"},"magazineBlocksPostCommentsNumber":"0","magazineBlocksPostExcerpt":"La neurolog\u00eda ocup\u00f3 un lugar central en Buenos Aires, que durante dos d\u00edas alberg\u00f3 las ponencias de los expertos que m\u00e1s saben de salud mental a nivel internacional y tambi\u00e9n local. La Second Meeting of the International Alliance on Brain Health, organizada por Fundaci\u00f3n INECO junto con la Swiss Brain Health Foundation y en colaboraci\u00f3n...","magazineBlocksPostCategories":["Salud"],"magazineBlocksPostViewCount":16,"magazineBlocksPostReadTime":11,"magazine_blocks_featured_image_url":{"full":["https:\/\/lobosnews.com.ar\/wp-content\/uploads\/2026\/04\/los-mejores-neurologos-del-mundo-debatieron-en-buenos-aires-las-ultimas-novedades-sobre-salud-mental-20.jpg",1280,960,false],"medium":["https:\/\/lobosnews.com.ar\/wp-content\/uploads\/2026\/04\/los-mejores-neurologos-del-mundo-debatieron-en-buenos-aires-las-ultimas-novedades-sobre-salud-mental-20-300x225.jpg",300,225,true],"thumbnail":["https:\/\/lobosnews.com.ar\/wp-content\/uploads\/2026\/04\/los-mejores-neurologos-del-mundo-debatieron-en-buenos-aires-las-ultimas-novedades-sobre-salud-mental-20-150x150.jpg",150,150,true]},"magazine_blocks_author":{"display_name":"admin","author_link":"https:\/\/lobosnews.com.ar\/index.php\/author\/lobos-news\/"},"magazine_blocks_comment":0,"magazine_blocks_author_image":"https:\/\/secure.gravatar.com\/avatar\/76e419471a2083bc3ceab22a763dbbf9b0c1bd15a6214cf3280e2c2dde4580f9?s=96&d=mm&r=g","magazine_blocks_category":"<a href=\"#\" class=\"category-link category-link-81\">Salud<\/a>","yoast_head":"<!-- This site is optimized with the Yoast SEO plugin v26.6 - https:\/\/yoast.com\/wordpress\/plugins\/seo\/ -->\n<title>Los mejores neur\u00f3logos del mundo debatieron en Buenos Aires las \u00faltimas novedades sobre salud mental - Lobos News<\/title>\n<meta name=\"robots\" content=\"index, follow, max-snippet:-1, max-image-preview:large, max-video-preview:-1\" \/>\n<link rel=\"canonical\" href=\"https:\/\/lobosnews.com.ar\/index.php\/2026\/04\/26\/los-mejores-neurologos-del-mundo-debatieron-en-buenos-aires-las-ultimas-novedades-sobre-salud-mental\/\" \/>\n<meta property=\"og:locale\" content=\"es_ES\" \/>\n<meta property=\"og:type\" content=\"article\" \/>\n<meta property=\"og:title\" content=\"Los mejores neur\u00f3logos del mundo debatieron en Buenos Aires las \u00faltimas novedades sobre salud mental - Lobos News\" \/>\n<meta property=\"og:description\" content=\"La neurolog\u00eda ocup\u00f3 un lugar central en Buenos Aires, que durante dos d\u00edas alberg\u00f3 las ponencias de los expertos que m\u00e1s saben de salud mental a nivel internacional y tambi\u00e9n local. La Second Meeting of the International Alliance on Brain Health, organizada por Fundaci\u00f3n INECO junto con la Swiss Brain Health Foundation y en colaboraci\u00f3n...\" \/>\n<meta property=\"og:url\" content=\"https:\/\/lobosnews.com.ar\/index.php\/2026\/04\/26\/los-mejores-neurologos-del-mundo-debatieron-en-buenos-aires-las-ultimas-novedades-sobre-salud-mental\/\" \/>\n<meta property=\"og:site_name\" content=\"Lobos News\" \/>\n<meta property=\"article:published_time\" content=\"2026-04-26T05:00:00+00:00\" \/>\n<meta property=\"article:modified_time\" content=\"2026-04-26T08:49:36+00:00\" \/>\n<meta property=\"og:image\" content=\"https:\/\/lobosnews.com.ar\/wp-content\/uploads\/2026\/04\/los-mejores-neurologos-del-mundo-debatieron-en-buenos-aires-las-ultimas-novedades-sobre-salud-mental.jpg\" \/>\n<meta name=\"author\" content=\"admin\" \/>\n<meta name=\"twitter:card\" content=\"summary_large_image\" \/>\n<meta name=\"twitter:label1\" content=\"Escrito por\" \/>\n\t<meta name=\"twitter:data1\" content=\"admin\" \/>\n\t<meta name=\"twitter:label2\" content=\"Tiempo de lectura\" \/>\n\t<meta name=\"twitter:data2\" content=\"11 minutos\" \/>\n<script type=\"application\/ld+json\" class=\"yoast-schema-graph\">{\"@context\":\"https:\/\/schema.org\",\"@graph\":[{\"@type\":\"Article\",\"@id\":\"https:\/\/lobosnews.com.ar\/index.php\/2026\/04\/26\/los-mejores-neurologos-del-mundo-debatieron-en-buenos-aires-las-ultimas-novedades-sobre-salud-mental\/#article\",\"isPartOf\":{\"@id\":\"https:\/\/lobosnews.com.ar\/index.php\/2026\/04\/26\/los-mejores-neurologos-del-mundo-debatieron-en-buenos-aires-las-ultimas-novedades-sobre-salud-mental\/\"},\"author\":{\"name\":\"admin\",\"@id\":\"https:\/\/lobosnews.com.ar\/#\/schema\/person\/232422a593d5c541dd9aef6aaed10943\"},\"headline\":\"Los mejores neur\u00f3logos del mundo debatieron en Buenos Aires las \u00faltimas novedades sobre salud mental\",\"datePublished\":\"2026-04-26T05:00:00+00:00\",\"dateModified\":\"2026-04-26T08:49:36+00:00\",\"mainEntityOfPage\":{\"@id\":\"https:\/\/lobosnews.com.ar\/index.php\/2026\/04\/26\/los-mejores-neurologos-del-mundo-debatieron-en-buenos-aires-las-ultimas-novedades-sobre-salud-mental\/\"},\"wordCount\":2166,\"commentCount\":0,\"publisher\":{\"@id\":\"https:\/\/lobosnews.com.ar\/#organization\"},\"image\":{\"@id\":\"https:\/\/lobosnews.com.ar\/index.php\/2026\/04\/26\/los-mejores-neurologos-del-mundo-debatieron-en-buenos-aires-las-ultimas-novedades-sobre-salud-mental\/#primaryimage\"},\"thumbnailUrl\":\"https:\/\/lobosnews.com.ar\/wp-content\/uploads\/2026\/04\/los-mejores-neurologos-del-mundo-debatieron-en-buenos-aires-las-ultimas-novedades-sobre-salud-mental-20.jpg\",\"articleSection\":[\"Salud\"],\"inLanguage\":\"es\",\"potentialAction\":[{\"@type\":\"CommentAction\",\"name\":\"Comment\",\"target\":[\"https:\/\/lobosnews.com.ar\/index.php\/2026\/04\/26\/los-mejores-neurologos-del-mundo-debatieron-en-buenos-aires-las-ultimas-novedades-sobre-salud-mental\/#respond\"]}]},{\"@type\":\"WebPage\",\"@id\":\"https:\/\/lobosnews.com.ar\/index.php\/2026\/04\/26\/los-mejores-neurologos-del-mundo-debatieron-en-buenos-aires-las-ultimas-novedades-sobre-salud-mental\/\",\"url\":\"https:\/\/lobosnews.com.ar\/index.php\/2026\/04\/26\/los-mejores-neurologos-del-mundo-debatieron-en-buenos-aires-las-ultimas-novedades-sobre-salud-mental\/\",\"name\":\"Los mejores neur\u00f3logos del mundo debatieron en Buenos Aires las \u00faltimas novedades sobre salud mental - Lobos News\",\"isPartOf\":{\"@id\":\"https:\/\/lobosnews.com.ar\/#website\"},\"primaryImageOfPage\":{\"@id\":\"https:\/\/lobosnews.com.ar\/index.php\/2026\/04\/26\/los-mejores-neurologos-del-mundo-debatieron-en-buenos-aires-las-ultimas-novedades-sobre-salud-mental\/#primaryimage\"},\"image\":{\"@id\":\"https:\/\/lobosnews.com.ar\/index.php\/2026\/04\/26\/los-mejores-neurologos-del-mundo-debatieron-en-buenos-aires-las-ultimas-novedades-sobre-salud-mental\/#primaryimage\"},\"thumbnailUrl\":\"https:\/\/lobosnews.com.ar\/wp-content\/uploads\/2026\/04\/los-mejores-neurologos-del-mundo-debatieron-en-buenos-aires-las-ultimas-novedades-sobre-salud-mental-20.jpg\",\"datePublished\":\"2026-04-26T05:00:00+00:00\",\"dateModified\":\"2026-04-26T08:49:36+00:00\",\"breadcrumb\":{\"@id\":\"https:\/\/lobosnews.com.ar\/index.php\/2026\/04\/26\/los-mejores-neurologos-del-mundo-debatieron-en-buenos-aires-las-ultimas-novedades-sobre-salud-mental\/#breadcrumb\"},\"inLanguage\":\"es\",\"potentialAction\":[{\"@type\":\"ReadAction\",\"target\":[\"https:\/\/lobosnews.com.ar\/index.php\/2026\/04\/26\/los-mejores-neurologos-del-mundo-debatieron-en-buenos-aires-las-ultimas-novedades-sobre-salud-mental\/\"]}]},{\"@type\":\"ImageObject\",\"inLanguage\":\"es\",\"@id\":\"https:\/\/lobosnews.com.ar\/index.php\/2026\/04\/26\/los-mejores-neurologos-del-mundo-debatieron-en-buenos-aires-las-ultimas-novedades-sobre-salud-mental\/#primaryimage\",\"url\":\"https:\/\/lobosnews.com.ar\/wp-content\/uploads\/2026\/04\/los-mejores-neurologos-del-mundo-debatieron-en-buenos-aires-las-ultimas-novedades-sobre-salud-mental-20.jpg\",\"contentUrl\":\"https:\/\/lobosnews.com.ar\/wp-content\/uploads\/2026\/04\/los-mejores-neurologos-del-mundo-debatieron-en-buenos-aires-las-ultimas-novedades-sobre-salud-mental-20.jpg\",\"width\":1280,\"height\":960,\"caption\":\"Los mejores neur\u00f3logos del mundo debatieron en Buenos Aires las \u00faltimas novedades sobre salud mental\"},{\"@type\":\"BreadcrumbList\",\"@id\":\"https:\/\/lobosnews.com.ar\/index.php\/2026\/04\/26\/los-mejores-neurologos-del-mundo-debatieron-en-buenos-aires-las-ultimas-novedades-sobre-salud-mental\/#breadcrumb\",\"itemListElement\":[{\"@type\":\"ListItem\",\"position\":1,\"name\":\"Portada\",\"item\":\"https:\/\/lobosnews.com.ar\/\"},{\"@type\":\"ListItem\",\"position\":2,\"name\":\"Los mejores neur\u00f3logos del mundo debatieron en Buenos Aires las \u00faltimas novedades sobre salud mental\"}]},{\"@type\":\"WebSite\",\"@id\":\"https:\/\/lobosnews.com.ar\/#website\",\"url\":\"https:\/\/lobosnews.com.ar\/\",\"name\":\"Lobos News\",\"description\":\"Informaci\u00f3n a cada instante\",\"publisher\":{\"@id\":\"https:\/\/lobosnews.com.ar\/#organization\"},\"potentialAction\":[{\"@type\":\"SearchAction\",\"target\":{\"@type\":\"EntryPoint\",\"urlTemplate\":\"https:\/\/lobosnews.com.ar\/?s={search_term_string}\"},\"query-input\":{\"@type\":\"PropertyValueSpecification\",\"valueRequired\":true,\"valueName\":\"search_term_string\"}}],\"inLanguage\":\"es\"},{\"@type\":\"Organization\",\"@id\":\"https:\/\/lobosnews.com.ar\/#organization\",\"name\":\"Lobos News\",\"url\":\"https:\/\/lobosnews.com.ar\/\",\"logo\":{\"@type\":\"ImageObject\",\"inLanguage\":\"es\",\"@id\":\"https:\/\/lobosnews.com.ar\/#\/schema\/logo\/image\/\",\"url\":\"https:\/\/lobosnews.com.ar\/wp-content\/uploads\/2026\/01\/logo-lobosnews.png\",\"contentUrl\":\"https:\/\/lobosnews.com.ar\/wp-content\/uploads\/2026\/01\/logo-lobosnews.png\",\"width\":500,\"height\":200,\"caption\":\"Lobos News\"},\"image\":{\"@id\":\"https:\/\/lobosnews.com.ar\/#\/schema\/logo\/image\/\"}},{\"@type\":\"Person\",\"@id\":\"https:\/\/lobosnews.com.ar\/#\/schema\/person\/232422a593d5c541dd9aef6aaed10943\",\"name\":\"admin\",\"image\":{\"@type\":\"ImageObject\",\"inLanguage\":\"es\",\"@id\":\"https:\/\/lobosnews.com.ar\/#\/schema\/person\/image\/\",\"url\":\"https:\/\/secure.gravatar.com\/avatar\/76e419471a2083bc3ceab22a763dbbf9b0c1bd15a6214cf3280e2c2dde4580f9?s=96&d=mm&r=g\",\"contentUrl\":\"https:\/\/secure.gravatar.com\/avatar\/76e419471a2083bc3ceab22a763dbbf9b0c1bd15a6214cf3280e2c2dde4580f9?s=96&d=mm&r=g\",\"caption\":\"admin\"},\"sameAs\":[\"https:\/\/lobosnews.com.ar\"],\"url\":\"https:\/\/lobosnews.com.ar\/index.php\/author\/lobos-news\/\"}]}<\/script>\n<!-- \/ Yoast SEO plugin. -->","yoast_head_json":{"title":"Los mejores neur\u00f3logos del mundo debatieron en Buenos Aires las \u00faltimas novedades sobre salud mental - Lobos News","robots":{"index":"index","follow":"follow","max-snippet":"max-snippet:-1","max-image-preview":"max-image-preview:large","max-video-preview":"max-video-preview:-1"},"canonical":"https:\/\/lobosnews.com.ar\/index.php\/2026\/04\/26\/los-mejores-neurologos-del-mundo-debatieron-en-buenos-aires-las-ultimas-novedades-sobre-salud-mental\/","og_locale":"es_ES","og_type":"article","og_title":"Los mejores neur\u00f3logos del mundo debatieron en Buenos Aires las \u00faltimas novedades sobre salud mental - Lobos News","og_description":"La neurolog\u00eda ocup\u00f3 un lugar central en Buenos Aires, que durante dos d\u00edas alberg\u00f3 las ponencias de los expertos que m\u00e1s saben de salud mental a nivel internacional y tambi\u00e9n local. La Second Meeting of the International Alliance on Brain Health, organizada por Fundaci\u00f3n INECO junto con la Swiss Brain Health Foundation y en colaboraci\u00f3n...","og_url":"https:\/\/lobosnews.com.ar\/index.php\/2026\/04\/26\/los-mejores-neurologos-del-mundo-debatieron-en-buenos-aires-las-ultimas-novedades-sobre-salud-mental\/","og_site_name":"Lobos News","article_published_time":"2026-04-26T05:00:00+00:00","article_modified_time":"2026-04-26T08:49:36+00:00","og_image":[{"url":"https:\/\/lobosnews.com.ar\/wp-content\/uploads\/2026\/04\/los-mejores-neurologos-del-mundo-debatieron-en-buenos-aires-las-ultimas-novedades-sobre-salud-mental.jpg","type":"","width":"","height":""}],"author":"admin","twitter_card":"summary_large_image","twitter_misc":{"Escrito por":"admin","Tiempo de lectura":"11 minutos"},"schema":{"@context":"https:\/\/schema.org","@graph":[{"@type":"Article","@id":"https:\/\/lobosnews.com.ar\/index.php\/2026\/04\/26\/los-mejores-neurologos-del-mundo-debatieron-en-buenos-aires-las-ultimas-novedades-sobre-salud-mental\/#article","isPartOf":{"@id":"https:\/\/lobosnews.com.ar\/index.php\/2026\/04\/26\/los-mejores-neurologos-del-mundo-debatieron-en-buenos-aires-las-ultimas-novedades-sobre-salud-mental\/"},"author":{"name":"admin","@id":"https:\/\/lobosnews.com.ar\/#\/schema\/person\/232422a593d5c541dd9aef6aaed10943"},"headline":"Los mejores neur\u00f3logos del mundo debatieron en Buenos Aires las \u00faltimas novedades sobre salud mental","datePublished":"2026-04-26T05:00:00+00:00","dateModified":"2026-04-26T08:49:36+00:00","mainEntityOfPage":{"@id":"https:\/\/lobosnews.com.ar\/index.php\/2026\/04\/26\/los-mejores-neurologos-del-mundo-debatieron-en-buenos-aires-las-ultimas-novedades-sobre-salud-mental\/"},"wordCount":2166,"commentCount":0,"publisher":{"@id":"https:\/\/lobosnews.com.ar\/#organization"},"image":{"@id":"https:\/\/lobosnews.com.ar\/index.php\/2026\/04\/26\/los-mejores-neurologos-del-mundo-debatieron-en-buenos-aires-las-ultimas-novedades-sobre-salud-mental\/#primaryimage"},"thumbnailUrl":"https:\/\/lobosnews.com.ar\/wp-content\/uploads\/2026\/04\/los-mejores-neurologos-del-mundo-debatieron-en-buenos-aires-las-ultimas-novedades-sobre-salud-mental-20.jpg","articleSection":["Salud"],"inLanguage":"es","potentialAction":[{"@type":"CommentAction","name":"Comment","target":["https:\/\/lobosnews.com.ar\/index.php\/2026\/04\/26\/los-mejores-neurologos-del-mundo-debatieron-en-buenos-aires-las-ultimas-novedades-sobre-salud-mental\/#respond"]}]},{"@type":"WebPage","@id":"https:\/\/lobosnews.com.ar\/index.php\/2026\/04\/26\/los-mejores-neurologos-del-mundo-debatieron-en-buenos-aires-las-ultimas-novedades-sobre-salud-mental\/","url":"https:\/\/lobosnews.com.ar\/index.php\/2026\/04\/26\/los-mejores-neurologos-del-mundo-debatieron-en-buenos-aires-las-ultimas-novedades-sobre-salud-mental\/","name":"Los mejores neur\u00f3logos del mundo debatieron en Buenos Aires las \u00faltimas novedades sobre salud mental - Lobos News","isPartOf":{"@id":"https:\/\/lobosnews.com.ar\/#website"},"primaryImageOfPage":{"@id":"https:\/\/lobosnews.com.ar\/index.php\/2026\/04\/26\/los-mejores-neurologos-del-mundo-debatieron-en-buenos-aires-las-ultimas-novedades-sobre-salud-mental\/#primaryimage"},"image":{"@id":"https:\/\/lobosnews.com.ar\/index.php\/2026\/04\/26\/los-mejores-neurologos-del-mundo-debatieron-en-buenos-aires-las-ultimas-novedades-sobre-salud-mental\/#primaryimage"},"thumbnailUrl":"https:\/\/lobosnews.com.ar\/wp-content\/uploads\/2026\/04\/los-mejores-neurologos-del-mundo-debatieron-en-buenos-aires-las-ultimas-novedades-sobre-salud-mental-20.jpg","datePublished":"2026-04-26T05:00:00+00:00","dateModified":"2026-04-26T08:49:36+00:00","breadcrumb":{"@id":"https:\/\/lobosnews.com.ar\/index.php\/2026\/04\/26\/los-mejores-neurologos-del-mundo-debatieron-en-buenos-aires-las-ultimas-novedades-sobre-salud-mental\/#breadcrumb"},"inLanguage":"es","potentialAction":[{"@type":"ReadAction","target":["https:\/\/lobosnews.com.ar\/index.php\/2026\/04\/26\/los-mejores-neurologos-del-mundo-debatieron-en-buenos-aires-las-ultimas-novedades-sobre-salud-mental\/"]}]},{"@type":"ImageObject","inLanguage":"es","@id":"https:\/\/lobosnews.com.ar\/index.php\/2026\/04\/26\/los-mejores-neurologos-del-mundo-debatieron-en-buenos-aires-las-ultimas-novedades-sobre-salud-mental\/#primaryimage","url":"https:\/\/lobosnews.com.ar\/wp-content\/uploads\/2026\/04\/los-mejores-neurologos-del-mundo-debatieron-en-buenos-aires-las-ultimas-novedades-sobre-salud-mental-20.jpg","contentUrl":"https:\/\/lobosnews.com.ar\/wp-content\/uploads\/2026\/04\/los-mejores-neurologos-del-mundo-debatieron-en-buenos-aires-las-ultimas-novedades-sobre-salud-mental-20.jpg","width":1280,"height":960,"caption":"Los mejores neur\u00f3logos del mundo debatieron en Buenos Aires las \u00faltimas novedades sobre salud mental"},{"@type":"BreadcrumbList","@id":"https:\/\/lobosnews.com.ar\/index.php\/2026\/04\/26\/los-mejores-neurologos-del-mundo-debatieron-en-buenos-aires-las-ultimas-novedades-sobre-salud-mental\/#breadcrumb","itemListElement":[{"@type":"ListItem","position":1,"name":"Portada","item":"https:\/\/lobosnews.com.ar\/"},{"@type":"ListItem","position":2,"name":"Los mejores neur\u00f3logos del mundo debatieron en Buenos Aires las \u00faltimas novedades sobre salud mental"}]},{"@type":"WebSite","@id":"https:\/\/lobosnews.com.ar\/#website","url":"https:\/\/lobosnews.com.ar\/","name":"Lobos News","description":"Informaci\u00f3n a cada instante","publisher":{"@id":"https:\/\/lobosnews.com.ar\/#organization"},"potentialAction":[{"@type":"SearchAction","target":{"@type":"EntryPoint","urlTemplate":"https:\/\/lobosnews.com.ar\/?s={search_term_string}"},"query-input":{"@type":"PropertyValueSpecification","valueRequired":true,"valueName":"search_term_string"}}],"inLanguage":"es"},{"@type":"Organization","@id":"https:\/\/lobosnews.com.ar\/#organization","name":"Lobos News","url":"https:\/\/lobosnews.com.ar\/","logo":{"@type":"ImageObject","inLanguage":"es","@id":"https:\/\/lobosnews.com.ar\/#\/schema\/logo\/image\/","url":"https:\/\/lobosnews.com.ar\/wp-content\/uploads\/2026\/01\/logo-lobosnews.png","contentUrl":"https:\/\/lobosnews.com.ar\/wp-content\/uploads\/2026\/01\/logo-lobosnews.png","width":500,"height":200,"caption":"Lobos News"},"image":{"@id":"https:\/\/lobosnews.com.ar\/#\/schema\/logo\/image\/"}},{"@type":"Person","@id":"https:\/\/lobosnews.com.ar\/#\/schema\/person\/232422a593d5c541dd9aef6aaed10943","name":"admin","image":{"@type":"ImageObject","inLanguage":"es","@id":"https:\/\/lobosnews.com.ar\/#\/schema\/person\/image\/","url":"https:\/\/secure.gravatar.com\/avatar\/76e419471a2083bc3ceab22a763dbbf9b0c1bd15a6214cf3280e2c2dde4580f9?s=96&d=mm&r=g","contentUrl":"https:\/\/secure.gravatar.com\/avatar\/76e419471a2083bc3ceab22a763dbbf9b0c1bd15a6214cf3280e2c2dde4580f9?s=96&d=mm&r=g","caption":"admin"},"sameAs":["https:\/\/lobosnews.com.ar"],"url":"https:\/\/lobosnews.com.ar\/index.php\/author\/lobos-news\/"}]}},"jetpack_featured_media_url":"https:\/\/lobosnews.com.ar\/wp-content\/uploads\/2026\/04\/los-mejores-neurologos-del-mundo-debatieron-en-buenos-aires-las-ultimas-novedades-sobre-salud-mental-20.jpg","jetpack_sharing_enabled":true,"_links":{"self":[{"href":"https:\/\/lobosnews.com.ar\/index.php\/wp-json\/wp\/v2\/posts\/45541","targetHints":{"allow":["GET"]}}],"collection":[{"href":"https:\/\/lobosnews.com.ar\/index.php\/wp-json\/wp\/v2\/posts"}],"about":[{"href":"https:\/\/lobosnews.com.ar\/index.php\/wp-json\/wp\/v2\/types\/post"}],"author":[{"embeddable":true,"href":"https:\/\/lobosnews.com.ar\/index.php\/wp-json\/wp\/v2\/users\/1"}],"replies":[{"embeddable":true,"href":"https:\/\/lobosnews.com.ar\/index.php\/wp-json\/wp\/v2\/comments?post=45541"}],"version-history":[{"count":1,"href":"https:\/\/lobosnews.com.ar\/index.php\/wp-json\/wp\/v2\/posts\/45541\/revisions"}],"predecessor-version":[{"id":45559,"href":"https:\/\/lobosnews.com.ar\/index.php\/wp-json\/wp\/v2\/posts\/45541\/revisions\/45559"}],"wp:featuredmedia":[{"embeddable":true,"href":"https:\/\/lobosnews.com.ar\/index.php\/wp-json\/wp\/v2\/media\/45560"}],"wp:attachment":[{"href":"https:\/\/lobosnews.com.ar\/index.php\/wp-json\/wp\/v2\/media?parent=45541"}],"wp:term":[{"taxonomy":"category","embeddable":true,"href":"https:\/\/lobosnews.com.ar\/index.php\/wp-json\/wp\/v2\/categories?post=45541"},{"taxonomy":"post_tag","embeddable":true,"href":"https:\/\/lobosnews.com.ar\/index.php\/wp-json\/wp\/v2\/tags?post=45541"}],"curies":[{"name":"wp","href":"https:\/\/api.w.org\/{rel}","templated":true}]}}