{"id":45538,"date":"2026-04-26T06:17:49","date_gmt":"2026-04-26T06:17:49","guid":{"rendered":"https:\/\/lobosnews.com.ar\/index.php\/2026\/04\/26\/inauguran-en-la-uca-el-instituto-papa-francisco-con-un-homenaje-al-pontifice-argentino-fallecido-en-2025\/"},"modified":"2026-04-26T08:47:57","modified_gmt":"2026-04-26T08:47:57","slug":"inauguran-en-la-uca-el-instituto-papa-francisco-con-un-homenaje-al-pontifice-argentino-fallecido-en-2025","status":"publish","type":"post","link":"https:\/\/lobosnews.com.ar\/index.php\/2026\/04\/26\/inauguran-en-la-uca-el-instituto-papa-francisco-con-un-homenaje-al-pontifice-argentino-fallecido-en-2025\/","title":{"rendered":"Inauguran en la UCA el Instituto Papa Francisco con un homenaje al pont\u00edfice argentino fallecido en 2025"},"content":{"rendered":"<p><img loading=\"lazy\" decoding=\"async\" src=\"https:\/\/lobosnews.com.ar\/wp-content\/uploads\/2026\/04\/inauguran-en-la-uca-el-instituto-papa-francisco-con-un-homenaje-al-pontifice-argentino-fallecido-en-2025.jpg\" alt=\"ARCHIVO - El papa Francisco durante una audiencia general semanal en la Plaza de San Pedro, el 15 de mayo de 2019, en el Vaticano. (AP Foto\/Andrew Medichini, archivo)\" height=\"1786\" width=\"2593\"\/><\/p>\n<p>Bajo el lema <b>\u201cFrancisco para siempre\u201d<\/b>, la <b>Universidad Cat\u00f3lica Argentina (UCA) <\/b>realizar\u00e1 el <b>lunes 27 de abril a las 17h<\/b> el acto conmemorativo por el primer aniversario del fallecimiento de <b>Jorge Bergoglio<\/b> (21 de abril de 2025). <\/p>\n<p>Participar\u00e1n el arzobispo de Buenos Aires y gran canciller de la UCA, monse\u00f1or <b>Jorge Ignacio Garc\u00eda Cuerva<\/b>, el rector de la UCA, <b>Miguel \u00c1ngel Schiavone<\/b>, y el director del <b>Instituto Papa Francisco<\/b>, presb\u00edtero <b>Fabi\u00e1n B\u00e1ez.<\/b> <\/p>\n<p><b>Mart\u00edn Guzm\u00e1n<\/b>, economista y exministro de Econom\u00eda de la Naci\u00f3n, expondr\u00e1 sobre Francisco y la reforma de la arquitectura financiera global, Informe Jubilar sobre la deuda. Luego, <b>Jorge Triaca<\/b>, economista y exministro de Trabajo de la Naci\u00f3n, se referir\u00e1 al legado de Francisco en el mundo contempor\u00e1neo. La actividad contar\u00e1 con la moderaci\u00f3n de <b>Federico Mayol,<\/b> periodista de <b>Infobae<\/b>.<\/p>\n<h2>Presentaciones musicales<\/h2>\n<p>Durante el acto conmemorativo se interpretar\u00e1n la <b>Misa criolla, <\/b>de Ariel Ram\u00edrez y F\u00e9lix Luna,<i><b> Mi Buenos Aires querido<\/b><\/i>, a cargo de Laura Munizaga (solista) y Rub\u00e9n Slonimsky (bandone\u00f3n) y<i> Solo le pido a Dios.<\/i><\/p>\n<p>El<b> Coro Padre Carlos Mugica<\/b> del Barrio Mugica (Retiro) presentar\u00e1<i><b> La vida como viene<\/b><\/i>, canci\u00f3n lema de los <b>Hogares de Cristo<\/b> inspirada en una frase del Papa Francisco. Nacido en la <b>parroquia Cristo Obrero <\/b>del Barrio Mugica, en el a\u00f1o 2000, este coro se consolid\u00f3, hasta la actualidad, con la mirada del Papa Francisco de recibir \u201cla vida como viene\u201d, acompa\u00f1ando a la comunidad mediante la m\u00fasica. Cada integrante del coro lleva adelante un compromiso social en las actividades que ofrece la parroquia Cristo Obrero a todo el barrio, como un legado recibido del Padre Carlos Mugica.<\/p>\n<p><img loading=\"lazy\" decoding=\"async\" src=\"https:\/\/lobosnews.com.ar\/wp-content\/uploads\/2026\/04\/inauguran-en-la-uca-el-instituto-papa-francisco-con-un-homenaje-al-pontifice-argentino-fallecido-en-2025-1.jpg\" alt=\"El papa Francisco durante un almuerzo solidario\" height=\"800\" width=\"1200\"\/><\/p>\n<h2>Inauguraci\u00f3n del Instituto Papa Francisco<\/h2>\n<p>La inauguraci\u00f3n formal del Instituto Papa Francisco, dirigido por el presb\u00edtero Fabi\u00e1n B\u00e1ez, es <b>una de las mayores novedades institucionales de la UCA<\/b>: el anuncio fue hecho el 16 de septiembre del a\u00f1o pasado en el acto de denominaci\u00f3n del Campus Papa Francisco por el arzobispo de Buenos Aires, monse\u00f1or Jorge Garc\u00eda Cuerva. Originalmente concebido como una c\u00e1tedra, en diciembre pasado se tom\u00f3 la decisi\u00f3n de transformarlo en el Instituto Papa Francisco, que depende del rectorado. Como instituto, adem\u00e1s de custodiar, estudiar y proyectar el magisterio del Papa Francisco, busca<b> llegar a otros sectores por fuera de la Universidad, como colegios, universidades o sindicatos.<\/b><\/p>\n<h2>Muestra sobre el Papa Francisco en el Pabell\u00f3n de las Bellas Artes<\/h2>\n<p>En el marco de la inauguraci\u00f3n del Instituto Papa Francisco, el fot\u00f3grafo <b>Enrique Cangas<\/b> presenta su muestra fotogr\u00e1fica <i><b>Francisco: servidor en Buenos Aires, servidor para el mundo<\/b><\/i>, en la que retrata los a\u00f1os de Jorge Mario Bergoglio, primero como arzobispo de Buenos Aires y luego como Sumo Pont\u00edfice.<\/p>\n<h2>Programa<\/h2>\n<p><img loading=\"lazy\" decoding=\"async\" src=\"https:\/\/lobosnews.com.ar\/wp-content\/uploads\/2026\/04\/inauguran-en-la-uca-el-instituto-papa-francisco-con-un-homenaje-al-pontifice-argentino-fallecido-en-2025-2.jpg\" alt=\"\" height=\"698\" width=\"860\"\/><\/p>\n<p>Presentaci\u00f3n y bienvenida.<\/p>\n<p>\u201cMisa criolla\u201d, de Ariel Ram\u00edrez y F\u00e9lix Luna &#8211; Gloria y credo<\/p>\n<p>Palabras del rector Dr. Miguel \u00c1. Schiavone.<\/p>\n<p>Palabras del Padre Fabi\u00e1n B\u00e1ez, director del Instituto Papa Francisco.<\/p>\n<p>\u201cMi Buenos Aires querido\u201d.<\/p>\n<p>\u201cEl legado de Francisco en el mundo contempor\u00e1neo\u201d. Expositor: Dr. Mart\u00edn Guzm\u00e1n (economista, exministro de Econom\u00eda de la Naci\u00f3n) quien presentar\u00e1 \u201cFrancisco y la reforma de la arquitectura financiera. Informe Jubilar sobre la deuda\u201d. Expositor: Dr. Jorge Triaca (economista, exministro de Trabajo de la Naci\u00f3n). Modera Federico Mayol, periodista de Infobae.<\/p>\n<p>\u201cLa vida como viene\u201d, canci\u00f3n lema de los Hogares de Cristo inspirada en una frase del Papa Francisco, por el Coro Padre Carlos Mugica del barrio Carlos Mugica.<\/p>\n<p>Palabras finales del arzobispo de Buenos Aires y gran canciller de la UCA, Mons. Jorge Ignacio Garc\u00eda Cuerva.<\/p>\n<p>Cierre: \u201cSolo le pido a Dios\u201d.<\/p>\n<p>El acto tendr\u00e1 lugar en el <b>auditorio San Agust\u00edn, Av. Alicia M. de Justo 1300<\/b>, Campus Papa Francisco, en la Ciudad de Buenos Aires.<\/p>\n<p><span class=\"waslinkname\">La actividad es<b> libre y gratuita <\/b>con<b> inscripci\u00f3n previa en el siguiente LINK.<\/b><\/span><\/p>\n","protected":false},"excerpt":{"rendered":"<p>Bajo el lema \u201cFrancisco para siempre\u201d, la Universidad Cat\u00f3lica Argentina (UCA) realizar\u00e1 el lunes 27 de abril a las 17h el acto conmemorativo por el primer aniversario del fallecimiento de Jorge Bergoglio (21 de abril de 2025). Participar\u00e1n el arzobispo de Buenos Aires y gran canciller de la UCA, monse\u00f1or Jorge Ignacio Garc\u00eda Cuerva, el&#8230;<\/p>\n","protected":false},"author":1,"featured_media":45550,"comment_status":"open","ping_status":"closed","sticky":false,"template":"","format":"standard","meta":{"_jetpack_memberships_contains_paid_content":false,"footnotes":""},"categories":[31,30,32,77,84,35,36,37],"tags":[],"class_list":["post-45538","post","type-post","status-publish","format-standard","has-post-thumbnail","hentry","category-actualidad","category-argentina","category-economia","category-inseguridad","category-masradios-com","category-nacionales","category-seguridad","category-sociedad"],"magazineBlocksPostFeaturedMedia":{"thumbnail":"https:\/\/lobosnews.com.ar\/wp-content\/uploads\/2026\/04\/inauguran-en-la-uca-el-instituto-papa-francisco-con-un-homenaje-al-pontifice-argentino-fallecido-en-2025-6-150x150.jpg","medium":"https:\/\/lobosnews.com.ar\/wp-content\/uploads\/2026\/04\/inauguran-en-la-uca-el-instituto-papa-francisco-con-un-homenaje-al-pontifice-argentino-fallecido-en-2025-6-300x243.jpg","medium_large":"https:\/\/lobosnews.com.ar\/wp-content\/uploads\/2026\/04\/inauguran-en-la-uca-el-instituto-papa-francisco-con-un-homenaje-al-pontifice-argentino-fallecido-en-2025-6-768x623.jpg","large":"https:\/\/lobosnews.com.ar\/wp-content\/uploads\/2026\/04\/inauguran-en-la-uca-el-instituto-papa-francisco-con-un-homenaje-al-pontifice-argentino-fallecido-en-2025-6.jpg","1536x1536":"https:\/\/lobosnews.com.ar\/wp-content\/uploads\/2026\/04\/inauguran-en-la-uca-el-instituto-papa-francisco-con-un-homenaje-al-pontifice-argentino-fallecido-en-2025-6.jpg","2048x2048":"https:\/\/lobosnews.com.ar\/wp-content\/uploads\/2026\/04\/inauguran-en-la-uca-el-instituto-papa-francisco-con-un-homenaje-al-pontifice-argentino-fallecido-en-2025-6.jpg","newsmatic-featured":"https:\/\/lobosnews.com.ar\/wp-content\/uploads\/2026\/04\/inauguran-en-la-uca-el-instituto-papa-francisco-con-un-homenaje-al-pontifice-argentino-fallecido-en-2025-6-820x545.jpg","newsmatic-list":"https:\/\/lobosnews.com.ar\/wp-content\/uploads\/2026\/04\/inauguran-en-la-uca-el-instituto-papa-francisco-con-un-homenaje-al-pontifice-argentino-fallecido-en-2025-6-600x400.jpg","newsmatic-thumb":"https:\/\/lobosnews.com.ar\/wp-content\/uploads\/2026\/04\/inauguran-en-la-uca-el-instituto-papa-francisco-con-un-homenaje-al-pontifice-argentino-fallecido-en-2025-6-300x200.jpg","newsmatic-small":"https:\/\/lobosnews.com.ar\/wp-content\/uploads\/2026\/04\/inauguran-en-la-uca-el-instituto-papa-francisco-con-un-homenaje-al-pontifice-argentino-fallecido-en-2025-6-150x95.jpg","newsmatic-grid":"https:\/\/lobosnews.com.ar\/wp-content\/uploads\/2026\/04\/inauguran-en-la-uca-el-instituto-papa-francisco-con-un-homenaje-al-pontifice-argentino-fallecido-en-2025-6-400x250.jpg"},"magazineBlocksPostAuthor":{"name":"admin","avatar":"https:\/\/secure.gravatar.com\/avatar\/76e419471a2083bc3ceab22a763dbbf9b0c1bd15a6214cf3280e2c2dde4580f9?s=96&d=mm&r=g"},"magazineBlocksPostCommentsNumber":"0","magazineBlocksPostExcerpt":"Bajo el lema \u201cFrancisco para siempre\u201d, la Universidad Cat\u00f3lica Argentina (UCA) realizar\u00e1 el lunes 27 de abril a las 17h el acto conmemorativo por el primer aniversario del fallecimiento de Jorge Bergoglio (21 de abril de 2025). Participar\u00e1n el arzobispo de Buenos Aires y gran canciller de la UCA, monse\u00f1or Jorge Ignacio Garc\u00eda Cuerva, el...","magazineBlocksPostCategories":["Actualidad","Argentina","econom\u00eda","inseguridad","masradios.com","nacionales","seguridad","sociedad"],"magazineBlocksPostViewCount":8,"magazineBlocksPostReadTime":4,"magazine_blocks_featured_image_url":{"full":["https:\/\/lobosnews.com.ar\/wp-content\/uploads\/2026\/04\/inauguran-en-la-uca-el-instituto-papa-francisco-con-un-homenaje-al-pontifice-argentino-fallecido-en-2025-6.jpg",860,698,false],"medium":["https:\/\/lobosnews.com.ar\/wp-content\/uploads\/2026\/04\/inauguran-en-la-uca-el-instituto-papa-francisco-con-un-homenaje-al-pontifice-argentino-fallecido-en-2025-6-300x243.jpg",300,243,true],"thumbnail":["https:\/\/lobosnews.com.ar\/wp-content\/uploads\/2026\/04\/inauguran-en-la-uca-el-instituto-papa-francisco-con-un-homenaje-al-pontifice-argentino-fallecido-en-2025-6-150x150.jpg",150,150,true]},"magazine_blocks_author":{"display_name":"admin","author_link":"https:\/\/lobosnews.com.ar\/index.php\/author\/lobos-news\/"},"magazine_blocks_comment":0,"magazine_blocks_author_image":"https:\/\/secure.gravatar.com\/avatar\/76e419471a2083bc3ceab22a763dbbf9b0c1bd15a6214cf3280e2c2dde4580f9?s=96&d=mm&r=g","magazine_blocks_category":"<a href=\"#\" class=\"category-link category-link-31\">Actualidad<\/a> <a href=\"#\" class=\"category-link category-link-30\">Argentina<\/a> <a href=\"#\" class=\"category-link category-link-32\">econom\u00eda<\/a> <a href=\"#\" class=\"category-link category-link-77\">inseguridad<\/a> <a href=\"#\" class=\"category-link category-link-84\">masradios.com<\/a> <a href=\"#\" class=\"category-link category-link-35\">nacionales<\/a> <a href=\"#\" class=\"category-link category-link-36\">seguridad<\/a> <a href=\"#\" class=\"category-link category-link-37\">sociedad<\/a>","yoast_head":"<!-- This site is optimized with the Yoast SEO plugin v26.6 - https:\/\/yoast.com\/wordpress\/plugins\/seo\/ -->\n<title>Inauguran en la UCA el Instituto Papa Francisco con un homenaje al pont\u00edfice argentino fallecido en 2025 - Lobos News<\/title>\n<meta name=\"robots\" content=\"index, follow, max-snippet:-1, max-image-preview:large, max-video-preview:-1\" \/>\n<link rel=\"canonical\" href=\"https:\/\/lobosnews.com.ar\/index.php\/2026\/04\/26\/inauguran-en-la-uca-el-instituto-papa-francisco-con-un-homenaje-al-pontifice-argentino-fallecido-en-2025\/\" \/>\n<meta property=\"og:locale\" content=\"es_ES\" \/>\n<meta property=\"og:type\" content=\"article\" \/>\n<meta property=\"og:title\" content=\"Inauguran en la UCA el Instituto Papa Francisco con un homenaje al pont\u00edfice argentino fallecido en 2025 - Lobos News\" \/>\n<meta property=\"og:description\" content=\"Bajo el lema \u201cFrancisco para siempre\u201d, la Universidad Cat\u00f3lica Argentina (UCA) realizar\u00e1 el lunes 27 de abril a las 17h el acto conmemorativo por el primer aniversario del fallecimiento de Jorge Bergoglio (21 de abril de 2025). Participar\u00e1n el arzobispo de Buenos Aires y gran canciller de la UCA, monse\u00f1or Jorge Ignacio Garc\u00eda Cuerva, el...\" \/>\n<meta property=\"og:url\" content=\"https:\/\/lobosnews.com.ar\/index.php\/2026\/04\/26\/inauguran-en-la-uca-el-instituto-papa-francisco-con-un-homenaje-al-pontifice-argentino-fallecido-en-2025\/\" \/>\n<meta property=\"og:site_name\" content=\"Lobos News\" \/>\n<meta property=\"article:published_time\" content=\"2026-04-26T06:17:49+00:00\" \/>\n<meta property=\"article:modified_time\" content=\"2026-04-26T08:47:57+00:00\" \/>\n<meta property=\"og:image\" content=\"https:\/\/lobosnews.com.ar\/wp-content\/uploads\/2026\/04\/inauguran-en-la-uca-el-instituto-papa-francisco-con-un-homenaje-al-pontifice-argentino-fallecido-en-2025.jpg\" \/>\n<meta name=\"author\" content=\"admin\" \/>\n<meta name=\"twitter:card\" content=\"summary_large_image\" \/>\n<meta name=\"twitter:label1\" content=\"Escrito por\" \/>\n\t<meta name=\"twitter:data1\" content=\"admin\" \/>\n\t<meta name=\"twitter:label2\" content=\"Tiempo de lectura\" \/>\n\t<meta name=\"twitter:data2\" content=\"3 minutos\" \/>\n<script type=\"application\/ld+json\" class=\"yoast-schema-graph\">{\"@context\":\"https:\/\/schema.org\",\"@graph\":[{\"@type\":\"Article\",\"@id\":\"https:\/\/lobosnews.com.ar\/index.php\/2026\/04\/26\/inauguran-en-la-uca-el-instituto-papa-francisco-con-un-homenaje-al-pontifice-argentino-fallecido-en-2025\/#article\",\"isPartOf\":{\"@id\":\"https:\/\/lobosnews.com.ar\/index.php\/2026\/04\/26\/inauguran-en-la-uca-el-instituto-papa-francisco-con-un-homenaje-al-pontifice-argentino-fallecido-en-2025\/\"},\"author\":{\"name\":\"admin\",\"@id\":\"https:\/\/lobosnews.com.ar\/#\/schema\/person\/232422a593d5c541dd9aef6aaed10943\"},\"headline\":\"Inauguran en la UCA el Instituto Papa Francisco con un homenaje al pont\u00edfice argentino fallecido en 2025\",\"datePublished\":\"2026-04-26T06:17:49+00:00\",\"dateModified\":\"2026-04-26T08:47:57+00:00\",\"mainEntityOfPage\":{\"@id\":\"https:\/\/lobosnews.com.ar\/index.php\/2026\/04\/26\/inauguran-en-la-uca-el-instituto-papa-francisco-con-un-homenaje-al-pontifice-argentino-fallecido-en-2025\/\"},\"wordCount\":676,\"commentCount\":0,\"publisher\":{\"@id\":\"https:\/\/lobosnews.com.ar\/#organization\"},\"image\":{\"@id\":\"https:\/\/lobosnews.com.ar\/index.php\/2026\/04\/26\/inauguran-en-la-uca-el-instituto-papa-francisco-con-un-homenaje-al-pontifice-argentino-fallecido-en-2025\/#primaryimage\"},\"thumbnailUrl\":\"https:\/\/lobosnews.com.ar\/wp-content\/uploads\/2026\/04\/inauguran-en-la-uca-el-instituto-papa-francisco-con-un-homenaje-al-pontifice-argentino-fallecido-en-2025-6.jpg\",\"articleSection\":[\"Actualidad\",\"Argentina\",\"econom\u00eda\",\"inseguridad\",\"masradios.com\",\"nacionales\",\"seguridad\",\"sociedad\"],\"inLanguage\":\"es\",\"potentialAction\":[{\"@type\":\"CommentAction\",\"name\":\"Comment\",\"target\":[\"https:\/\/lobosnews.com.ar\/index.php\/2026\/04\/26\/inauguran-en-la-uca-el-instituto-papa-francisco-con-un-homenaje-al-pontifice-argentino-fallecido-en-2025\/#respond\"]}]},{\"@type\":\"WebPage\",\"@id\":\"https:\/\/lobosnews.com.ar\/index.php\/2026\/04\/26\/inauguran-en-la-uca-el-instituto-papa-francisco-con-un-homenaje-al-pontifice-argentino-fallecido-en-2025\/\",\"url\":\"https:\/\/lobosnews.com.ar\/index.php\/2026\/04\/26\/inauguran-en-la-uca-el-instituto-papa-francisco-con-un-homenaje-al-pontifice-argentino-fallecido-en-2025\/\",\"name\":\"Inauguran en la UCA el Instituto Papa Francisco con un homenaje al pont\u00edfice argentino fallecido en 2025 - Lobos News\",\"isPartOf\":{\"@id\":\"https:\/\/lobosnews.com.ar\/#website\"},\"primaryImageOfPage\":{\"@id\":\"https:\/\/lobosnews.com.ar\/index.php\/2026\/04\/26\/inauguran-en-la-uca-el-instituto-papa-francisco-con-un-homenaje-al-pontifice-argentino-fallecido-en-2025\/#primaryimage\"},\"image\":{\"@id\":\"https:\/\/lobosnews.com.ar\/index.php\/2026\/04\/26\/inauguran-en-la-uca-el-instituto-papa-francisco-con-un-homenaje-al-pontifice-argentino-fallecido-en-2025\/#primaryimage\"},\"thumbnailUrl\":\"https:\/\/lobosnews.com.ar\/wp-content\/uploads\/2026\/04\/inauguran-en-la-uca-el-instituto-papa-francisco-con-un-homenaje-al-pontifice-argentino-fallecido-en-2025-6.jpg\",\"datePublished\":\"2026-04-26T06:17:49+00:00\",\"dateModified\":\"2026-04-26T08:47:57+00:00\",\"breadcrumb\":{\"@id\":\"https:\/\/lobosnews.com.ar\/index.php\/2026\/04\/26\/inauguran-en-la-uca-el-instituto-papa-francisco-con-un-homenaje-al-pontifice-argentino-fallecido-en-2025\/#breadcrumb\"},\"inLanguage\":\"es\",\"potentialAction\":[{\"@type\":\"ReadAction\",\"target\":[\"https:\/\/lobosnews.com.ar\/index.php\/2026\/04\/26\/inauguran-en-la-uca-el-instituto-papa-francisco-con-un-homenaje-al-pontifice-argentino-fallecido-en-2025\/\"]}]},{\"@type\":\"ImageObject\",\"inLanguage\":\"es\",\"@id\":\"https:\/\/lobosnews.com.ar\/index.php\/2026\/04\/26\/inauguran-en-la-uca-el-instituto-papa-francisco-con-un-homenaje-al-pontifice-argentino-fallecido-en-2025\/#primaryimage\",\"url\":\"https:\/\/lobosnews.com.ar\/wp-content\/uploads\/2026\/04\/inauguran-en-la-uca-el-instituto-papa-francisco-con-un-homenaje-al-pontifice-argentino-fallecido-en-2025-6.jpg\",\"contentUrl\":\"https:\/\/lobosnews.com.ar\/wp-content\/uploads\/2026\/04\/inauguran-en-la-uca-el-instituto-papa-francisco-con-un-homenaje-al-pontifice-argentino-fallecido-en-2025-6.jpg\",\"width\":860,\"height\":698,\"caption\":\"Inauguran en la UCA el Instituto Papa Francisco con un homenaje al pont\u00edfice argentino fallecido en 2025\"},{\"@type\":\"BreadcrumbList\",\"@id\":\"https:\/\/lobosnews.com.ar\/index.php\/2026\/04\/26\/inauguran-en-la-uca-el-instituto-papa-francisco-con-un-homenaje-al-pontifice-argentino-fallecido-en-2025\/#breadcrumb\",\"itemListElement\":[{\"@type\":\"ListItem\",\"position\":1,\"name\":\"Portada\",\"item\":\"https:\/\/lobosnews.com.ar\/\"},{\"@type\":\"ListItem\",\"position\":2,\"name\":\"Inauguran en la UCA el Instituto Papa Francisco con un homenaje al pont\u00edfice argentino fallecido en 2025\"}]},{\"@type\":\"WebSite\",\"@id\":\"https:\/\/lobosnews.com.ar\/#website\",\"url\":\"https:\/\/lobosnews.com.ar\/\",\"name\":\"Lobos News\",\"description\":\"Informaci\u00f3n a cada instante\",\"publisher\":{\"@id\":\"https:\/\/lobosnews.com.ar\/#organization\"},\"potentialAction\":[{\"@type\":\"SearchAction\",\"target\":{\"@type\":\"EntryPoint\",\"urlTemplate\":\"https:\/\/lobosnews.com.ar\/?s={search_term_string}\"},\"query-input\":{\"@type\":\"PropertyValueSpecification\",\"valueRequired\":true,\"valueName\":\"search_term_string\"}}],\"inLanguage\":\"es\"},{\"@type\":\"Organization\",\"@id\":\"https:\/\/lobosnews.com.ar\/#organization\",\"name\":\"Lobos News\",\"url\":\"https:\/\/lobosnews.com.ar\/\",\"logo\":{\"@type\":\"ImageObject\",\"inLanguage\":\"es\",\"@id\":\"https:\/\/lobosnews.com.ar\/#\/schema\/logo\/image\/\",\"url\":\"https:\/\/lobosnews.com.ar\/wp-content\/uploads\/2026\/01\/logo-lobosnews.png\",\"contentUrl\":\"https:\/\/lobosnews.com.ar\/wp-content\/uploads\/2026\/01\/logo-lobosnews.png\",\"width\":500,\"height\":200,\"caption\":\"Lobos News\"},\"image\":{\"@id\":\"https:\/\/lobosnews.com.ar\/#\/schema\/logo\/image\/\"}},{\"@type\":\"Person\",\"@id\":\"https:\/\/lobosnews.com.ar\/#\/schema\/person\/232422a593d5c541dd9aef6aaed10943\",\"name\":\"admin\",\"image\":{\"@type\":\"ImageObject\",\"inLanguage\":\"es\",\"@id\":\"https:\/\/lobosnews.com.ar\/#\/schema\/person\/image\/\",\"url\":\"https:\/\/secure.gravatar.com\/avatar\/76e419471a2083bc3ceab22a763dbbf9b0c1bd15a6214cf3280e2c2dde4580f9?s=96&d=mm&r=g\",\"contentUrl\":\"https:\/\/secure.gravatar.com\/avatar\/76e419471a2083bc3ceab22a763dbbf9b0c1bd15a6214cf3280e2c2dde4580f9?s=96&d=mm&r=g\",\"caption\":\"admin\"},\"sameAs\":[\"https:\/\/lobosnews.com.ar\"],\"url\":\"https:\/\/lobosnews.com.ar\/index.php\/author\/lobos-news\/\"}]}<\/script>\n<!-- \/ Yoast SEO plugin. -->","yoast_head_json":{"title":"Inauguran en la UCA el Instituto Papa Francisco con un homenaje al pont\u00edfice argentino fallecido en 2025 - Lobos News","robots":{"index":"index","follow":"follow","max-snippet":"max-snippet:-1","max-image-preview":"max-image-preview:large","max-video-preview":"max-video-preview:-1"},"canonical":"https:\/\/lobosnews.com.ar\/index.php\/2026\/04\/26\/inauguran-en-la-uca-el-instituto-papa-francisco-con-un-homenaje-al-pontifice-argentino-fallecido-en-2025\/","og_locale":"es_ES","og_type":"article","og_title":"Inauguran en la UCA el Instituto Papa Francisco con un homenaje al pont\u00edfice argentino fallecido en 2025 - Lobos News","og_description":"Bajo el lema \u201cFrancisco para siempre\u201d, la Universidad Cat\u00f3lica Argentina (UCA) realizar\u00e1 el lunes 27 de abril a las 17h el acto conmemorativo por el primer aniversario del fallecimiento de Jorge Bergoglio (21 de abril de 2025). Participar\u00e1n el arzobispo de Buenos Aires y gran canciller de la UCA, monse\u00f1or Jorge Ignacio Garc\u00eda Cuerva, el...","og_url":"https:\/\/lobosnews.com.ar\/index.php\/2026\/04\/26\/inauguran-en-la-uca-el-instituto-papa-francisco-con-un-homenaje-al-pontifice-argentino-fallecido-en-2025\/","og_site_name":"Lobos News","article_published_time":"2026-04-26T06:17:49+00:00","article_modified_time":"2026-04-26T08:47:57+00:00","og_image":[{"url":"https:\/\/lobosnews.com.ar\/wp-content\/uploads\/2026\/04\/inauguran-en-la-uca-el-instituto-papa-francisco-con-un-homenaje-al-pontifice-argentino-fallecido-en-2025.jpg","type":"","width":"","height":""}],"author":"admin","twitter_card":"summary_large_image","twitter_misc":{"Escrito por":"admin","Tiempo de lectura":"3 minutos"},"schema":{"@context":"https:\/\/schema.org","@graph":[{"@type":"Article","@id":"https:\/\/lobosnews.com.ar\/index.php\/2026\/04\/26\/inauguran-en-la-uca-el-instituto-papa-francisco-con-un-homenaje-al-pontifice-argentino-fallecido-en-2025\/#article","isPartOf":{"@id":"https:\/\/lobosnews.com.ar\/index.php\/2026\/04\/26\/inauguran-en-la-uca-el-instituto-papa-francisco-con-un-homenaje-al-pontifice-argentino-fallecido-en-2025\/"},"author":{"name":"admin","@id":"https:\/\/lobosnews.com.ar\/#\/schema\/person\/232422a593d5c541dd9aef6aaed10943"},"headline":"Inauguran en la UCA el Instituto Papa Francisco con un homenaje al pont\u00edfice argentino fallecido en 2025","datePublished":"2026-04-26T06:17:49+00:00","dateModified":"2026-04-26T08:47:57+00:00","mainEntityOfPage":{"@id":"https:\/\/lobosnews.com.ar\/index.php\/2026\/04\/26\/inauguran-en-la-uca-el-instituto-papa-francisco-con-un-homenaje-al-pontifice-argentino-fallecido-en-2025\/"},"wordCount":676,"commentCount":0,"publisher":{"@id":"https:\/\/lobosnews.com.ar\/#organization"},"image":{"@id":"https:\/\/lobosnews.com.ar\/index.php\/2026\/04\/26\/inauguran-en-la-uca-el-instituto-papa-francisco-con-un-homenaje-al-pontifice-argentino-fallecido-en-2025\/#primaryimage"},"thumbnailUrl":"https:\/\/lobosnews.com.ar\/wp-content\/uploads\/2026\/04\/inauguran-en-la-uca-el-instituto-papa-francisco-con-un-homenaje-al-pontifice-argentino-fallecido-en-2025-6.jpg","articleSection":["Actualidad","Argentina","econom\u00eda","inseguridad","masradios.com","nacionales","seguridad","sociedad"],"inLanguage":"es","potentialAction":[{"@type":"CommentAction","name":"Comment","target":["https:\/\/lobosnews.com.ar\/index.php\/2026\/04\/26\/inauguran-en-la-uca-el-instituto-papa-francisco-con-un-homenaje-al-pontifice-argentino-fallecido-en-2025\/#respond"]}]},{"@type":"WebPage","@id":"https:\/\/lobosnews.com.ar\/index.php\/2026\/04\/26\/inauguran-en-la-uca-el-instituto-papa-francisco-con-un-homenaje-al-pontifice-argentino-fallecido-en-2025\/","url":"https:\/\/lobosnews.com.ar\/index.php\/2026\/04\/26\/inauguran-en-la-uca-el-instituto-papa-francisco-con-un-homenaje-al-pontifice-argentino-fallecido-en-2025\/","name":"Inauguran en la UCA el Instituto Papa Francisco con un homenaje al pont\u00edfice argentino fallecido en 2025 - Lobos News","isPartOf":{"@id":"https:\/\/lobosnews.com.ar\/#website"},"primaryImageOfPage":{"@id":"https:\/\/lobosnews.com.ar\/index.php\/2026\/04\/26\/inauguran-en-la-uca-el-instituto-papa-francisco-con-un-homenaje-al-pontifice-argentino-fallecido-en-2025\/#primaryimage"},"image":{"@id":"https:\/\/lobosnews.com.ar\/index.php\/2026\/04\/26\/inauguran-en-la-uca-el-instituto-papa-francisco-con-un-homenaje-al-pontifice-argentino-fallecido-en-2025\/#primaryimage"},"thumbnailUrl":"https:\/\/lobosnews.com.ar\/wp-content\/uploads\/2026\/04\/inauguran-en-la-uca-el-instituto-papa-francisco-con-un-homenaje-al-pontifice-argentino-fallecido-en-2025-6.jpg","datePublished":"2026-04-26T06:17:49+00:00","dateModified":"2026-04-26T08:47:57+00:00","breadcrumb":{"@id":"https:\/\/lobosnews.com.ar\/index.php\/2026\/04\/26\/inauguran-en-la-uca-el-instituto-papa-francisco-con-un-homenaje-al-pontifice-argentino-fallecido-en-2025\/#breadcrumb"},"inLanguage":"es","potentialAction":[{"@type":"ReadAction","target":["https:\/\/lobosnews.com.ar\/index.php\/2026\/04\/26\/inauguran-en-la-uca-el-instituto-papa-francisco-con-un-homenaje-al-pontifice-argentino-fallecido-en-2025\/"]}]},{"@type":"ImageObject","inLanguage":"es","@id":"https:\/\/lobosnews.com.ar\/index.php\/2026\/04\/26\/inauguran-en-la-uca-el-instituto-papa-francisco-con-un-homenaje-al-pontifice-argentino-fallecido-en-2025\/#primaryimage","url":"https:\/\/lobosnews.com.ar\/wp-content\/uploads\/2026\/04\/inauguran-en-la-uca-el-instituto-papa-francisco-con-un-homenaje-al-pontifice-argentino-fallecido-en-2025-6.jpg","contentUrl":"https:\/\/lobosnews.com.ar\/wp-content\/uploads\/2026\/04\/inauguran-en-la-uca-el-instituto-papa-francisco-con-un-homenaje-al-pontifice-argentino-fallecido-en-2025-6.jpg","width":860,"height":698,"caption":"Inauguran en la UCA el Instituto Papa Francisco con un homenaje al pont\u00edfice argentino fallecido en 2025"},{"@type":"BreadcrumbList","@id":"https:\/\/lobosnews.com.ar\/index.php\/2026\/04\/26\/inauguran-en-la-uca-el-instituto-papa-francisco-con-un-homenaje-al-pontifice-argentino-fallecido-en-2025\/#breadcrumb","itemListElement":[{"@type":"ListItem","position":1,"name":"Portada","item":"https:\/\/lobosnews.com.ar\/"},{"@type":"ListItem","position":2,"name":"Inauguran en la UCA el Instituto Papa Francisco con un homenaje al pont\u00edfice argentino fallecido en 2025"}]},{"@type":"WebSite","@id":"https:\/\/lobosnews.com.ar\/#website","url":"https:\/\/lobosnews.com.ar\/","name":"Lobos News","description":"Informaci\u00f3n a cada instante","publisher":{"@id":"https:\/\/lobosnews.com.ar\/#organization"},"potentialAction":[{"@type":"SearchAction","target":{"@type":"EntryPoint","urlTemplate":"https:\/\/lobosnews.com.ar\/?s={search_term_string}"},"query-input":{"@type":"PropertyValueSpecification","valueRequired":true,"valueName":"search_term_string"}}],"inLanguage":"es"},{"@type":"Organization","@id":"https:\/\/lobosnews.com.ar\/#organization","name":"Lobos News","url":"https:\/\/lobosnews.com.ar\/","logo":{"@type":"ImageObject","inLanguage":"es","@id":"https:\/\/lobosnews.com.ar\/#\/schema\/logo\/image\/","url":"https:\/\/lobosnews.com.ar\/wp-content\/uploads\/2026\/01\/logo-lobosnews.png","contentUrl":"https:\/\/lobosnews.com.ar\/wp-content\/uploads\/2026\/01\/logo-lobosnews.png","width":500,"height":200,"caption":"Lobos News"},"image":{"@id":"https:\/\/lobosnews.com.ar\/#\/schema\/logo\/image\/"}},{"@type":"Person","@id":"https:\/\/lobosnews.com.ar\/#\/schema\/person\/232422a593d5c541dd9aef6aaed10943","name":"admin","image":{"@type":"ImageObject","inLanguage":"es","@id":"https:\/\/lobosnews.com.ar\/#\/schema\/person\/image\/","url":"https:\/\/secure.gravatar.com\/avatar\/76e419471a2083bc3ceab22a763dbbf9b0c1bd15a6214cf3280e2c2dde4580f9?s=96&d=mm&r=g","contentUrl":"https:\/\/secure.gravatar.com\/avatar\/76e419471a2083bc3ceab22a763dbbf9b0c1bd15a6214cf3280e2c2dde4580f9?s=96&d=mm&r=g","caption":"admin"},"sameAs":["https:\/\/lobosnews.com.ar"],"url":"https:\/\/lobosnews.com.ar\/index.php\/author\/lobos-news\/"}]}},"jetpack_featured_media_url":"https:\/\/lobosnews.com.ar\/wp-content\/uploads\/2026\/04\/inauguran-en-la-uca-el-instituto-papa-francisco-con-un-homenaje-al-pontifice-argentino-fallecido-en-2025-6.jpg","jetpack_sharing_enabled":true,"_links":{"self":[{"href":"https:\/\/lobosnews.com.ar\/index.php\/wp-json\/wp\/v2\/posts\/45538","targetHints":{"allow":["GET"]}}],"collection":[{"href":"https:\/\/lobosnews.com.ar\/index.php\/wp-json\/wp\/v2\/posts"}],"about":[{"href":"https:\/\/lobosnews.com.ar\/index.php\/wp-json\/wp\/v2\/types\/post"}],"author":[{"embeddable":true,"href":"https:\/\/lobosnews.com.ar\/index.php\/wp-json\/wp\/v2\/users\/1"}],"replies":[{"embeddable":true,"href":"https:\/\/lobosnews.com.ar\/index.php\/wp-json\/wp\/v2\/comments?post=45538"}],"version-history":[{"count":1,"href":"https:\/\/lobosnews.com.ar\/index.php\/wp-json\/wp\/v2\/posts\/45538\/revisions"}],"predecessor-version":[{"id":45548,"href":"https:\/\/lobosnews.com.ar\/index.php\/wp-json\/wp\/v2\/posts\/45538\/revisions\/45548"}],"wp:featuredmedia":[{"embeddable":true,"href":"https:\/\/lobosnews.com.ar\/index.php\/wp-json\/wp\/v2\/media\/45550"}],"wp:attachment":[{"href":"https:\/\/lobosnews.com.ar\/index.php\/wp-json\/wp\/v2\/media?parent=45538"}],"wp:term":[{"taxonomy":"category","embeddable":true,"href":"https:\/\/lobosnews.com.ar\/index.php\/wp-json\/wp\/v2\/categories?post=45538"},{"taxonomy":"post_tag","embeddable":true,"href":"https:\/\/lobosnews.com.ar\/index.php\/wp-json\/wp\/v2\/tags?post=45538"}],"curies":[{"name":"wp","href":"https:\/\/api.w.org\/{rel}","templated":true}]}}