{"id":45529,"date":"2026-04-26T06:36:33","date_gmt":"2026-04-26T06:36:33","guid":{"rendered":"https:\/\/lobosnews.com.ar\/index.php\/2026\/04\/26\/que-calles-estaran-cortadas-por-la-exhibicion-de-franco-colapinto-con-un-monoplaza-de-formula-1-en-palermo-2\/"},"modified":"2026-04-26T08:47:18","modified_gmt":"2026-04-26T08:47:18","slug":"que-calles-estaran-cortadas-por-la-exhibicion-de-franco-colapinto-con-un-monoplaza-de-formula-1-en-palermo-2","status":"publish","type":"post","link":"https:\/\/lobosnews.com.ar\/index.php\/2026\/04\/26\/que-calles-estaran-cortadas-por-la-exhibicion-de-franco-colapinto-con-un-monoplaza-de-formula-1-en-palermo-2\/","title":{"rendered":"Qu\u00e9 calles estar\u00e1n cortadas por la exhibici\u00f3n de Franco Colapinto con un monoplaza de F\u00f3rmula 1 en Palermo"},"content":{"rendered":"<p><img loading=\"lazy\" decoding=\"async\" src=\"https:\/\/lobosnews.com.ar\/wp-content\/uploads\/2026\/04\/que-calles-estaran-cortadas-por-la-exhibicion-de-franco-colapinto-con-un-monoplaza-de-formula-1-en-palermo.jpg\" alt=\"El piloto argentino Franco Colapinto posa con orgullo envuelto en la bandera nacional, apoyado sobre neum\u00e1ticos de carrera, en un estudio con fondo de colores vibrantes.\" height=\"1440\" width=\"1440\"\/><\/p>\n<p>Luego de que <span class=\"waslinkname\"><b>Franco Colapinto<\/b><\/span> diera el salto a la <b>F\u00f3rmula 1<\/b> y se transformara en el representante nacional por excelencia tras m\u00e1s de veinte a\u00f1os de la \u00faltima vez que un argentino hab\u00eda corrido en la M\u00e1xima, este domingo 26 de abril el piloto recorrer\u00e1 las calles de Buenos Aires en el <b>\u201cRoad Show to BA 2026\u2033<\/b>. Cu\u00e1les ser\u00e1n las calles y avenidas de <span class=\"waslinkname\"><b>Palermo<\/b><\/span><b> <\/b>que estar\u00e1n cortadas por el evento.<\/p>\n<p>Contrario a los planes originales, se confirm\u00f3 que <b>la estructura del circuito se extender\u00e1 400 metros m\u00e1s respecto a ediciones anteriores<\/b>, debido a la multitud que el evento convocar\u00eda. Por este motivo, indicaron que las avenidas cercanas a la zona de los lagos se ver\u00e1n afectadas.<\/p>\n<p>Seg\u00fan confirmaron las autoridades porte\u00f1as, los cortes comenzar\u00e1n a partir de las 07:00 horas y se mantendr\u00e1n hasta las 18:00 horas, cuando se dar\u00eda por finalizada la exhibici\u00f3n automovilistica. De esta manerea, se implementar\u00e1n las siguientes restricciones para el tr\u00e1nsito vehicular:<\/p>\n<ul>\n<li><b>Corte total en Avenida Sarmiento<\/b>, entre Avenida Santa Fe y Avenida Figueroa Alcorta.<\/li>\n<li><b>Corte total en Avenida del Libertador<\/b>, desde Ugarteche hasta Jer\u00f3nimo Salguero.<\/li>\n<li><b>Corte total en Avenida Adolfo Berro<\/b>, entre Avenida Casares y Avenida Sarmiento.<\/li>\n<li><b>Corte total en Avenida Cervi\u00f1o<\/b>, entre Bullrich y Colombia, y entre Salguero y Rep\u00fablica de la India.<\/li>\n<li><b>Corte total en Scalabrini Ortiz y Jer\u00f3nimo Salguero<\/b>, entre Avenida del Libertador y Avenida Cervi\u00f1o.<\/li>\n<\/ul>\n<p><img decoding=\"async\" src=\"https:\/\/lobosnews.com.ar\/wp-content\/uploads\/2026\/04\/que-calles-estaran-cortadas-por-la-exhibicion-de-franco-colapinto-con-un-monoplaza-de-formula-1-en-palermo-3.jpg\" class=\"responsive\"><\/p>\n<style>.responsive { width: 100%; height: auto;\n}<\/style>\n<\/p>\n<p>Adem\u00e1s,<b> hasta el mi\u00e9rcoles 29 de abril permanecer\u00e1 cerrado el tramo de Avenida Infanta Isabel<\/b> <b>comprendido entre Avenida del Libertador y Avenida Presidente Pedro Montt<\/b>. En esa zona, se ubicar\u00e1n los m\u00f3dulos de oficina y backstage, utilizando la zona de Plaza Seeber, Parque Almirante Gonz\u00e1lez Fern\u00e1ndez, Plaza Holanda, Parque Tres de Febrero y Plaza Sicilia con un vallado perimetral progresivo, de acuerdo con las fuentes consultadas por <b>Infobae.<\/b><\/p>\n<p>A ra\u00edz de esto, Dale Play, la empresa encargada de la organizaci\u00f3n, anticip\u00f3 que <b>no se permitir\u00e1 el acampe en las plazas Sicilia y Seeber<\/b>, como tampoco la venta ambulante en el sector. Indicaron que el dispositivo log\u00edstico fue dise\u00f1ado para una concurrencia que podr\u00eda superar el medio mill\u00f3n de personas, por lo que se prev\u00e9 m\u00e1s de 200 trabajadores en servicios, seguridad y hospitalidad.<\/p>\n<p>Por otro lado, recordaron que el acceso peatonal a las calles afectadas por el circuito quedar\u00e1 restringido a partir de la noche del s\u00e1bado 25. <b>El corte peatonal ser\u00e1 total, salvo para residentes<\/b>, en Sinclair, Godoy Cruz, Buschiazzo, Fray Justo Santa Mar\u00eda de Oro y Kennedy, entre Avenida del Libertador y Juan Francisco Segu\u00ed, as\u00ed como en Rep\u00fablica de la India, Lafinur, Rep\u00fablica \u00c1rabe Siria y Ugarteche, entre Avenida del Libertador y Juan Francisco Segu\u00ed.<\/p>\n<p>En l\u00ednea con esto, las autoridades anunciaron que se mantendr\u00e1n accesos preferenciales para vecinos con domicilio en el DNI en dos tramos de la Avenida del Libertador: entre Sinclair y Kennedy, y entre Rep\u00fablica de la India y Rep\u00fablica \u00c1rabe Siria.<\/p>\n<h2>Los detalles del evento<\/h2>\n<p><img loading=\"lazy\" decoding=\"async\" src=\"https:\/\/lobosnews.com.ar\/wp-content\/uploads\/2026\/04\/que-calles-estaran-cortadas-por-la-exhibicion-de-franco-colapinto-con-un-monoplaza-de-formula-1-en-palermo-4.jpg\" alt=\"El recorrido por Buenos Aires ser\u00e1 la \u00faltima actividad de Colapinto antes de su regreso a la F1 (REUTERS)\" height=\"449\" width=\"799\"\/><\/p>\n<p>Tal como lo anunciaron, este domingo Franco Colapinto conducir\u00e1 un <b>Lotus E20 de 2012<\/b> con motor Renault V8 y decoraci\u00f3n Alpine. De esta manera, se convertir\u00e1 en el primer piloto argentino en manejar un monoplaza de la F1 sobre las calles porte\u00f1as.<\/p>\n<p>Seg\u00fan confirmaron, el evento se extender\u00e1 por seis horas, con apertura de la Fan Zone a las 8:45 y cierre a las 16:15 horas. En ese per\u00edodo,<b> el n\u00famero 43 saldr\u00e1 al circuito en cuatro oportunidades<\/b>.<\/p>\n<p>Mientras que la primera vuelta est\u00e1 programada para las 12:45 horas, la segunda se realizar\u00e1 a las 14:30. No obstante, indicaron que conducir\u00e1 una r\u00e9plica del<b> Mercedes Benz W196<\/b>, el modelo que supo manejar el hist\u00f3rico campe\u00f3n argentino <b>Juan Manuel Fangio <\/b>durante su paso por la M\u00e1xima.<\/p>\n<p>Para las 15:15 horas, Colapinto volver\u00e1 a salir a bordo del Lotus y ya para las 15:55 horas realizar\u00e1 un cierre de despedida a bordo de un \u00f3mnibus descapotable. Adem\u00e1s, se prev\u00e9n propuestas de entretenimiento, gastronom\u00eda y pantallas gigantes.<\/p>\n<p>La estructura y el operativo de seguridad cuentan con el respaldo del Gobierno de la Ciudad de Buenos Aires y sponsors internacionales. Luego de que el piloto realice la exhibici\u00f3n, se espera que este retome su actividad oficial en la F\u00f3rmula 1, debido a que <b>volver\u00e1 a los circuitos el domingo 3 de mayo en el<\/b> <b>Gran Premio de Miami<\/b>.<\/p>\n","protected":false},"excerpt":{"rendered":"<p>Luego de que Franco Colapinto diera el salto a la F\u00f3rmula 1 y se transformara en el representante nacional por excelencia tras m\u00e1s de veinte a\u00f1os de la \u00faltima vez que un argentino hab\u00eda corrido en la M\u00e1xima, este domingo 26 de abril el piloto recorrer\u00e1 las calles de Buenos Aires en el \u201cRoad Show&#8230;<\/p>\n","protected":false},"author":1,"featured_media":45537,"comment_status":"open","ping_status":"closed","sticky":false,"template":"","format":"standard","meta":{"_jetpack_memberships_contains_paid_content":false,"footnotes":""},"categories":[31,30,32,77,84,35,36,37],"tags":[],"class_list":["post-45529","post","type-post","status-publish","format-standard","has-post-thumbnail","hentry","category-actualidad","category-argentina","category-economia","category-inseguridad","category-masradios-com","category-nacionales","category-seguridad","category-sociedad"],"magazineBlocksPostFeaturedMedia":{"thumbnail":"https:\/\/lobosnews.com.ar\/wp-content\/uploads\/2026\/04\/que-calles-estaran-cortadas-por-la-exhibicion-de-franco-colapinto-con-un-monoplaza-de-formula-1-en-palermo-7-150x150.jpg","medium":"https:\/\/lobosnews.com.ar\/wp-content\/uploads\/2026\/04\/que-calles-estaran-cortadas-por-la-exhibicion-de-franco-colapinto-con-un-monoplaza-de-formula-1-en-palermo-7-300x169.jpg","medium_large":"https:\/\/lobosnews.com.ar\/wp-content\/uploads\/2026\/04\/que-calles-estaran-cortadas-por-la-exhibicion-de-franco-colapinto-con-un-monoplaza-de-formula-1-en-palermo-7-768x432.jpg","large":"https:\/\/lobosnews.com.ar\/wp-content\/uploads\/2026\/04\/que-calles-estaran-cortadas-por-la-exhibicion-de-franco-colapinto-con-un-monoplaza-de-formula-1-en-palermo-7.jpg","1536x1536":"https:\/\/lobosnews.com.ar\/wp-content\/uploads\/2026\/04\/que-calles-estaran-cortadas-por-la-exhibicion-de-franco-colapinto-con-un-monoplaza-de-formula-1-en-palermo-7.jpg","2048x2048":"https:\/\/lobosnews.com.ar\/wp-content\/uploads\/2026\/04\/que-calles-estaran-cortadas-por-la-exhibicion-de-franco-colapinto-con-un-monoplaza-de-formula-1-en-palermo-7.jpg","newsmatic-featured":"https:\/\/lobosnews.com.ar\/wp-content\/uploads\/2026\/04\/que-calles-estaran-cortadas-por-la-exhibicion-de-franco-colapinto-con-un-monoplaza-de-formula-1-en-palermo-7.jpg","newsmatic-list":"https:\/\/lobosnews.com.ar\/wp-content\/uploads\/2026\/04\/que-calles-estaran-cortadas-por-la-exhibicion-de-franco-colapinto-con-un-monoplaza-de-formula-1-en-palermo-7-600x400.jpg","newsmatic-thumb":"https:\/\/lobosnews.com.ar\/wp-content\/uploads\/2026\/04\/que-calles-estaran-cortadas-por-la-exhibicion-de-franco-colapinto-con-un-monoplaza-de-formula-1-en-palermo-7-300x200.jpg","newsmatic-small":"https:\/\/lobosnews.com.ar\/wp-content\/uploads\/2026\/04\/que-calles-estaran-cortadas-por-la-exhibicion-de-franco-colapinto-con-un-monoplaza-de-formula-1-en-palermo-7-150x95.jpg","newsmatic-grid":"https:\/\/lobosnews.com.ar\/wp-content\/uploads\/2026\/04\/que-calles-estaran-cortadas-por-la-exhibicion-de-franco-colapinto-con-un-monoplaza-de-formula-1-en-palermo-7-400x250.jpg"},"magazineBlocksPostAuthor":{"name":"admin","avatar":"https:\/\/secure.gravatar.com\/avatar\/76e419471a2083bc3ceab22a763dbbf9b0c1bd15a6214cf3280e2c2dde4580f9?s=96&d=mm&r=g"},"magazineBlocksPostCommentsNumber":"0","magazineBlocksPostExcerpt":"Luego de que Franco Colapinto diera el salto a la F\u00f3rmula 1 y se transformara en el representante nacional por excelencia tras m\u00e1s de veinte a\u00f1os de la \u00faltima vez que un argentino hab\u00eda corrido en la M\u00e1xima, este domingo 26 de abril el piloto recorrer\u00e1 las calles de Buenos Aires en el \u201cRoad Show...","magazineBlocksPostCategories":["Actualidad","Argentina","econom\u00eda","inseguridad","masradios.com","nacionales","seguridad","sociedad"],"magazineBlocksPostViewCount":6,"magazineBlocksPostReadTime":4,"magazine_blocks_featured_image_url":{"full":["https:\/\/lobosnews.com.ar\/wp-content\/uploads\/2026\/04\/que-calles-estaran-cortadas-por-la-exhibicion-de-franco-colapinto-con-un-monoplaza-de-formula-1-en-palermo-7.jpg",799,449,false],"medium":["https:\/\/lobosnews.com.ar\/wp-content\/uploads\/2026\/04\/que-calles-estaran-cortadas-por-la-exhibicion-de-franco-colapinto-con-un-monoplaza-de-formula-1-en-palermo-7-300x169.jpg",300,169,true],"thumbnail":["https:\/\/lobosnews.com.ar\/wp-content\/uploads\/2026\/04\/que-calles-estaran-cortadas-por-la-exhibicion-de-franco-colapinto-con-un-monoplaza-de-formula-1-en-palermo-7-150x150.jpg",150,150,true]},"magazine_blocks_author":{"display_name":"admin","author_link":"https:\/\/lobosnews.com.ar\/index.php\/author\/lobos-news\/"},"magazine_blocks_comment":0,"magazine_blocks_author_image":"https:\/\/secure.gravatar.com\/avatar\/76e419471a2083bc3ceab22a763dbbf9b0c1bd15a6214cf3280e2c2dde4580f9?s=96&d=mm&r=g","magazine_blocks_category":"<a href=\"#\" class=\"category-link category-link-31\">Actualidad<\/a> <a href=\"#\" class=\"category-link category-link-30\">Argentina<\/a> <a href=\"#\" class=\"category-link category-link-32\">econom\u00eda<\/a> <a href=\"#\" class=\"category-link category-link-77\">inseguridad<\/a> <a href=\"#\" class=\"category-link category-link-84\">masradios.com<\/a> <a href=\"#\" class=\"category-link category-link-35\">nacionales<\/a> <a href=\"#\" class=\"category-link category-link-36\">seguridad<\/a> <a href=\"#\" class=\"category-link category-link-37\">sociedad<\/a>","yoast_head":"<!-- This site is optimized with the Yoast SEO plugin v26.6 - https:\/\/yoast.com\/wordpress\/plugins\/seo\/ -->\n<title>Qu\u00e9 calles estar\u00e1n cortadas por la exhibici\u00f3n de Franco Colapinto con un monoplaza de F\u00f3rmula 1 en Palermo - Lobos News<\/title>\n<meta name=\"robots\" content=\"index, follow, max-snippet:-1, max-image-preview:large, max-video-preview:-1\" \/>\n<link rel=\"canonical\" href=\"https:\/\/lobosnews.com.ar\/index.php\/2026\/04\/26\/que-calles-estaran-cortadas-por-la-exhibicion-de-franco-colapinto-con-un-monoplaza-de-formula-1-en-palermo-2\/\" \/>\n<meta property=\"og:locale\" content=\"es_ES\" \/>\n<meta property=\"og:type\" content=\"article\" \/>\n<meta property=\"og:title\" content=\"Qu\u00e9 calles estar\u00e1n cortadas por la exhibici\u00f3n de Franco Colapinto con un monoplaza de F\u00f3rmula 1 en Palermo - Lobos News\" \/>\n<meta property=\"og:description\" content=\"Luego de que Franco Colapinto diera el salto a la F\u00f3rmula 1 y se transformara en el representante nacional por excelencia tras m\u00e1s de veinte a\u00f1os de la \u00faltima vez que un argentino hab\u00eda corrido en la M\u00e1xima, este domingo 26 de abril el piloto recorrer\u00e1 las calles de Buenos Aires en el \u201cRoad Show...\" \/>\n<meta property=\"og:url\" content=\"https:\/\/lobosnews.com.ar\/index.php\/2026\/04\/26\/que-calles-estaran-cortadas-por-la-exhibicion-de-franco-colapinto-con-un-monoplaza-de-formula-1-en-palermo-2\/\" \/>\n<meta property=\"og:site_name\" content=\"Lobos News\" \/>\n<meta property=\"article:published_time\" content=\"2026-04-26T06:36:33+00:00\" \/>\n<meta property=\"article:modified_time\" content=\"2026-04-26T08:47:18+00:00\" \/>\n<meta property=\"og:image\" content=\"https:\/\/lobosnews.com.ar\/wp-content\/uploads\/2026\/04\/que-calles-estaran-cortadas-por-la-exhibicion-de-franco-colapinto-con-un-monoplaza-de-formula-1-en-palermo.jpg\" \/>\n<meta name=\"author\" content=\"admin\" \/>\n<meta name=\"twitter:card\" content=\"summary_large_image\" \/>\n<meta name=\"twitter:label1\" content=\"Escrito por\" \/>\n\t<meta name=\"twitter:data1\" content=\"admin\" \/>\n\t<meta name=\"twitter:label2\" content=\"Tiempo de lectura\" \/>\n\t<meta name=\"twitter:data2\" content=\"4 minutos\" \/>\n<script type=\"application\/ld+json\" class=\"yoast-schema-graph\">{\"@context\":\"https:\/\/schema.org\",\"@graph\":[{\"@type\":\"Article\",\"@id\":\"https:\/\/lobosnews.com.ar\/index.php\/2026\/04\/26\/que-calles-estaran-cortadas-por-la-exhibicion-de-franco-colapinto-con-un-monoplaza-de-formula-1-en-palermo-2\/#article\",\"isPartOf\":{\"@id\":\"https:\/\/lobosnews.com.ar\/index.php\/2026\/04\/26\/que-calles-estaran-cortadas-por-la-exhibicion-de-franco-colapinto-con-un-monoplaza-de-formula-1-en-palermo-2\/\"},\"author\":{\"name\":\"admin\",\"@id\":\"https:\/\/lobosnews.com.ar\/#\/schema\/person\/232422a593d5c541dd9aef6aaed10943\"},\"headline\":\"Qu\u00e9 calles estar\u00e1n cortadas por la exhibici\u00f3n de Franco Colapinto con un monoplaza de F\u00f3rmula 1 en Palermo\",\"datePublished\":\"2026-04-26T06:36:33+00:00\",\"dateModified\":\"2026-04-26T08:47:18+00:00\",\"mainEntityOfPage\":{\"@id\":\"https:\/\/lobosnews.com.ar\/index.php\/2026\/04\/26\/que-calles-estaran-cortadas-por-la-exhibicion-de-franco-colapinto-con-un-monoplaza-de-formula-1-en-palermo-2\/\"},\"wordCount\":764,\"commentCount\":0,\"publisher\":{\"@id\":\"https:\/\/lobosnews.com.ar\/#organization\"},\"image\":{\"@id\":\"https:\/\/lobosnews.com.ar\/index.php\/2026\/04\/26\/que-calles-estaran-cortadas-por-la-exhibicion-de-franco-colapinto-con-un-monoplaza-de-formula-1-en-palermo-2\/#primaryimage\"},\"thumbnailUrl\":\"https:\/\/lobosnews.com.ar\/wp-content\/uploads\/2026\/04\/que-calles-estaran-cortadas-por-la-exhibicion-de-franco-colapinto-con-un-monoplaza-de-formula-1-en-palermo-7.jpg\",\"articleSection\":[\"Actualidad\",\"Argentina\",\"econom\u00eda\",\"inseguridad\",\"masradios.com\",\"nacionales\",\"seguridad\",\"sociedad\"],\"inLanguage\":\"es\",\"potentialAction\":[{\"@type\":\"CommentAction\",\"name\":\"Comment\",\"target\":[\"https:\/\/lobosnews.com.ar\/index.php\/2026\/04\/26\/que-calles-estaran-cortadas-por-la-exhibicion-de-franco-colapinto-con-un-monoplaza-de-formula-1-en-palermo-2\/#respond\"]}]},{\"@type\":\"WebPage\",\"@id\":\"https:\/\/lobosnews.com.ar\/index.php\/2026\/04\/26\/que-calles-estaran-cortadas-por-la-exhibicion-de-franco-colapinto-con-un-monoplaza-de-formula-1-en-palermo-2\/\",\"url\":\"https:\/\/lobosnews.com.ar\/index.php\/2026\/04\/26\/que-calles-estaran-cortadas-por-la-exhibicion-de-franco-colapinto-con-un-monoplaza-de-formula-1-en-palermo-2\/\",\"name\":\"Qu\u00e9 calles estar\u00e1n cortadas por la exhibici\u00f3n de Franco Colapinto con un monoplaza de F\u00f3rmula 1 en Palermo - Lobos News\",\"isPartOf\":{\"@id\":\"https:\/\/lobosnews.com.ar\/#website\"},\"primaryImageOfPage\":{\"@id\":\"https:\/\/lobosnews.com.ar\/index.php\/2026\/04\/26\/que-calles-estaran-cortadas-por-la-exhibicion-de-franco-colapinto-con-un-monoplaza-de-formula-1-en-palermo-2\/#primaryimage\"},\"image\":{\"@id\":\"https:\/\/lobosnews.com.ar\/index.php\/2026\/04\/26\/que-calles-estaran-cortadas-por-la-exhibicion-de-franco-colapinto-con-un-monoplaza-de-formula-1-en-palermo-2\/#primaryimage\"},\"thumbnailUrl\":\"https:\/\/lobosnews.com.ar\/wp-content\/uploads\/2026\/04\/que-calles-estaran-cortadas-por-la-exhibicion-de-franco-colapinto-con-un-monoplaza-de-formula-1-en-palermo-7.jpg\",\"datePublished\":\"2026-04-26T06:36:33+00:00\",\"dateModified\":\"2026-04-26T08:47:18+00:00\",\"breadcrumb\":{\"@id\":\"https:\/\/lobosnews.com.ar\/index.php\/2026\/04\/26\/que-calles-estaran-cortadas-por-la-exhibicion-de-franco-colapinto-con-un-monoplaza-de-formula-1-en-palermo-2\/#breadcrumb\"},\"inLanguage\":\"es\",\"potentialAction\":[{\"@type\":\"ReadAction\",\"target\":[\"https:\/\/lobosnews.com.ar\/index.php\/2026\/04\/26\/que-calles-estaran-cortadas-por-la-exhibicion-de-franco-colapinto-con-un-monoplaza-de-formula-1-en-palermo-2\/\"]}]},{\"@type\":\"ImageObject\",\"inLanguage\":\"es\",\"@id\":\"https:\/\/lobosnews.com.ar\/index.php\/2026\/04\/26\/que-calles-estaran-cortadas-por-la-exhibicion-de-franco-colapinto-con-un-monoplaza-de-formula-1-en-palermo-2\/#primaryimage\",\"url\":\"https:\/\/lobosnews.com.ar\/wp-content\/uploads\/2026\/04\/que-calles-estaran-cortadas-por-la-exhibicion-de-franco-colapinto-con-un-monoplaza-de-formula-1-en-palermo-7.jpg\",\"contentUrl\":\"https:\/\/lobosnews.com.ar\/wp-content\/uploads\/2026\/04\/que-calles-estaran-cortadas-por-la-exhibicion-de-franco-colapinto-con-un-monoplaza-de-formula-1-en-palermo-7.jpg\",\"width\":799,\"height\":449,\"caption\":\"Qu\u00e9 calles estar\u00e1n cortadas por la exhibici\u00f3n de Franco Colapinto con un monoplaza de F\u00f3rmula 1 en Palermo\"},{\"@type\":\"BreadcrumbList\",\"@id\":\"https:\/\/lobosnews.com.ar\/index.php\/2026\/04\/26\/que-calles-estaran-cortadas-por-la-exhibicion-de-franco-colapinto-con-un-monoplaza-de-formula-1-en-palermo-2\/#breadcrumb\",\"itemListElement\":[{\"@type\":\"ListItem\",\"position\":1,\"name\":\"Portada\",\"item\":\"https:\/\/lobosnews.com.ar\/\"},{\"@type\":\"ListItem\",\"position\":2,\"name\":\"Qu\u00e9 calles estar\u00e1n cortadas por la exhibici\u00f3n de Franco Colapinto con un monoplaza de F\u00f3rmula 1 en Palermo\"}]},{\"@type\":\"WebSite\",\"@id\":\"https:\/\/lobosnews.com.ar\/#website\",\"url\":\"https:\/\/lobosnews.com.ar\/\",\"name\":\"Lobos News\",\"description\":\"Informaci\u00f3n a cada instante\",\"publisher\":{\"@id\":\"https:\/\/lobosnews.com.ar\/#organization\"},\"potentialAction\":[{\"@type\":\"SearchAction\",\"target\":{\"@type\":\"EntryPoint\",\"urlTemplate\":\"https:\/\/lobosnews.com.ar\/?s={search_term_string}\"},\"query-input\":{\"@type\":\"PropertyValueSpecification\",\"valueRequired\":true,\"valueName\":\"search_term_string\"}}],\"inLanguage\":\"es\"},{\"@type\":\"Organization\",\"@id\":\"https:\/\/lobosnews.com.ar\/#organization\",\"name\":\"Lobos News\",\"url\":\"https:\/\/lobosnews.com.ar\/\",\"logo\":{\"@type\":\"ImageObject\",\"inLanguage\":\"es\",\"@id\":\"https:\/\/lobosnews.com.ar\/#\/schema\/logo\/image\/\",\"url\":\"https:\/\/lobosnews.com.ar\/wp-content\/uploads\/2026\/01\/logo-lobosnews.png\",\"contentUrl\":\"https:\/\/lobosnews.com.ar\/wp-content\/uploads\/2026\/01\/logo-lobosnews.png\",\"width\":500,\"height\":200,\"caption\":\"Lobos News\"},\"image\":{\"@id\":\"https:\/\/lobosnews.com.ar\/#\/schema\/logo\/image\/\"}},{\"@type\":\"Person\",\"@id\":\"https:\/\/lobosnews.com.ar\/#\/schema\/person\/232422a593d5c541dd9aef6aaed10943\",\"name\":\"admin\",\"image\":{\"@type\":\"ImageObject\",\"inLanguage\":\"es\",\"@id\":\"https:\/\/lobosnews.com.ar\/#\/schema\/person\/image\/\",\"url\":\"https:\/\/secure.gravatar.com\/avatar\/76e419471a2083bc3ceab22a763dbbf9b0c1bd15a6214cf3280e2c2dde4580f9?s=96&d=mm&r=g\",\"contentUrl\":\"https:\/\/secure.gravatar.com\/avatar\/76e419471a2083bc3ceab22a763dbbf9b0c1bd15a6214cf3280e2c2dde4580f9?s=96&d=mm&r=g\",\"caption\":\"admin\"},\"sameAs\":[\"https:\/\/lobosnews.com.ar\"],\"url\":\"https:\/\/lobosnews.com.ar\/index.php\/author\/lobos-news\/\"}]}<\/script>\n<!-- \/ Yoast SEO plugin. -->","yoast_head_json":{"title":"Qu\u00e9 calles estar\u00e1n cortadas por la exhibici\u00f3n de Franco Colapinto con un monoplaza de F\u00f3rmula 1 en Palermo - Lobos News","robots":{"index":"index","follow":"follow","max-snippet":"max-snippet:-1","max-image-preview":"max-image-preview:large","max-video-preview":"max-video-preview:-1"},"canonical":"https:\/\/lobosnews.com.ar\/index.php\/2026\/04\/26\/que-calles-estaran-cortadas-por-la-exhibicion-de-franco-colapinto-con-un-monoplaza-de-formula-1-en-palermo-2\/","og_locale":"es_ES","og_type":"article","og_title":"Qu\u00e9 calles estar\u00e1n cortadas por la exhibici\u00f3n de Franco Colapinto con un monoplaza de F\u00f3rmula 1 en Palermo - Lobos News","og_description":"Luego de que Franco Colapinto diera el salto a la F\u00f3rmula 1 y se transformara en el representante nacional por excelencia tras m\u00e1s de veinte a\u00f1os de la \u00faltima vez que un argentino hab\u00eda corrido en la M\u00e1xima, este domingo 26 de abril el piloto recorrer\u00e1 las calles de Buenos Aires en el \u201cRoad Show...","og_url":"https:\/\/lobosnews.com.ar\/index.php\/2026\/04\/26\/que-calles-estaran-cortadas-por-la-exhibicion-de-franco-colapinto-con-un-monoplaza-de-formula-1-en-palermo-2\/","og_site_name":"Lobos News","article_published_time":"2026-04-26T06:36:33+00:00","article_modified_time":"2026-04-26T08:47:18+00:00","og_image":[{"url":"https:\/\/lobosnews.com.ar\/wp-content\/uploads\/2026\/04\/que-calles-estaran-cortadas-por-la-exhibicion-de-franco-colapinto-con-un-monoplaza-de-formula-1-en-palermo.jpg","type":"","width":"","height":""}],"author":"admin","twitter_card":"summary_large_image","twitter_misc":{"Escrito por":"admin","Tiempo de lectura":"4 minutos"},"schema":{"@context":"https:\/\/schema.org","@graph":[{"@type":"Article","@id":"https:\/\/lobosnews.com.ar\/index.php\/2026\/04\/26\/que-calles-estaran-cortadas-por-la-exhibicion-de-franco-colapinto-con-un-monoplaza-de-formula-1-en-palermo-2\/#article","isPartOf":{"@id":"https:\/\/lobosnews.com.ar\/index.php\/2026\/04\/26\/que-calles-estaran-cortadas-por-la-exhibicion-de-franco-colapinto-con-un-monoplaza-de-formula-1-en-palermo-2\/"},"author":{"name":"admin","@id":"https:\/\/lobosnews.com.ar\/#\/schema\/person\/232422a593d5c541dd9aef6aaed10943"},"headline":"Qu\u00e9 calles estar\u00e1n cortadas por la exhibici\u00f3n de Franco Colapinto con un monoplaza de F\u00f3rmula 1 en Palermo","datePublished":"2026-04-26T06:36:33+00:00","dateModified":"2026-04-26T08:47:18+00:00","mainEntityOfPage":{"@id":"https:\/\/lobosnews.com.ar\/index.php\/2026\/04\/26\/que-calles-estaran-cortadas-por-la-exhibicion-de-franco-colapinto-con-un-monoplaza-de-formula-1-en-palermo-2\/"},"wordCount":764,"commentCount":0,"publisher":{"@id":"https:\/\/lobosnews.com.ar\/#organization"},"image":{"@id":"https:\/\/lobosnews.com.ar\/index.php\/2026\/04\/26\/que-calles-estaran-cortadas-por-la-exhibicion-de-franco-colapinto-con-un-monoplaza-de-formula-1-en-palermo-2\/#primaryimage"},"thumbnailUrl":"https:\/\/lobosnews.com.ar\/wp-content\/uploads\/2026\/04\/que-calles-estaran-cortadas-por-la-exhibicion-de-franco-colapinto-con-un-monoplaza-de-formula-1-en-palermo-7.jpg","articleSection":["Actualidad","Argentina","econom\u00eda","inseguridad","masradios.com","nacionales","seguridad","sociedad"],"inLanguage":"es","potentialAction":[{"@type":"CommentAction","name":"Comment","target":["https:\/\/lobosnews.com.ar\/index.php\/2026\/04\/26\/que-calles-estaran-cortadas-por-la-exhibicion-de-franco-colapinto-con-un-monoplaza-de-formula-1-en-palermo-2\/#respond"]}]},{"@type":"WebPage","@id":"https:\/\/lobosnews.com.ar\/index.php\/2026\/04\/26\/que-calles-estaran-cortadas-por-la-exhibicion-de-franco-colapinto-con-un-monoplaza-de-formula-1-en-palermo-2\/","url":"https:\/\/lobosnews.com.ar\/index.php\/2026\/04\/26\/que-calles-estaran-cortadas-por-la-exhibicion-de-franco-colapinto-con-un-monoplaza-de-formula-1-en-palermo-2\/","name":"Qu\u00e9 calles estar\u00e1n cortadas por la exhibici\u00f3n de Franco Colapinto con un monoplaza de F\u00f3rmula 1 en Palermo - Lobos News","isPartOf":{"@id":"https:\/\/lobosnews.com.ar\/#website"},"primaryImageOfPage":{"@id":"https:\/\/lobosnews.com.ar\/index.php\/2026\/04\/26\/que-calles-estaran-cortadas-por-la-exhibicion-de-franco-colapinto-con-un-monoplaza-de-formula-1-en-palermo-2\/#primaryimage"},"image":{"@id":"https:\/\/lobosnews.com.ar\/index.php\/2026\/04\/26\/que-calles-estaran-cortadas-por-la-exhibicion-de-franco-colapinto-con-un-monoplaza-de-formula-1-en-palermo-2\/#primaryimage"},"thumbnailUrl":"https:\/\/lobosnews.com.ar\/wp-content\/uploads\/2026\/04\/que-calles-estaran-cortadas-por-la-exhibicion-de-franco-colapinto-con-un-monoplaza-de-formula-1-en-palermo-7.jpg","datePublished":"2026-04-26T06:36:33+00:00","dateModified":"2026-04-26T08:47:18+00:00","breadcrumb":{"@id":"https:\/\/lobosnews.com.ar\/index.php\/2026\/04\/26\/que-calles-estaran-cortadas-por-la-exhibicion-de-franco-colapinto-con-un-monoplaza-de-formula-1-en-palermo-2\/#breadcrumb"},"inLanguage":"es","potentialAction":[{"@type":"ReadAction","target":["https:\/\/lobosnews.com.ar\/index.php\/2026\/04\/26\/que-calles-estaran-cortadas-por-la-exhibicion-de-franco-colapinto-con-un-monoplaza-de-formula-1-en-palermo-2\/"]}]},{"@type":"ImageObject","inLanguage":"es","@id":"https:\/\/lobosnews.com.ar\/index.php\/2026\/04\/26\/que-calles-estaran-cortadas-por-la-exhibicion-de-franco-colapinto-con-un-monoplaza-de-formula-1-en-palermo-2\/#primaryimage","url":"https:\/\/lobosnews.com.ar\/wp-content\/uploads\/2026\/04\/que-calles-estaran-cortadas-por-la-exhibicion-de-franco-colapinto-con-un-monoplaza-de-formula-1-en-palermo-7.jpg","contentUrl":"https:\/\/lobosnews.com.ar\/wp-content\/uploads\/2026\/04\/que-calles-estaran-cortadas-por-la-exhibicion-de-franco-colapinto-con-un-monoplaza-de-formula-1-en-palermo-7.jpg","width":799,"height":449,"caption":"Qu\u00e9 calles estar\u00e1n cortadas por la exhibici\u00f3n de Franco Colapinto con un monoplaza de F\u00f3rmula 1 en Palermo"},{"@type":"BreadcrumbList","@id":"https:\/\/lobosnews.com.ar\/index.php\/2026\/04\/26\/que-calles-estaran-cortadas-por-la-exhibicion-de-franco-colapinto-con-un-monoplaza-de-formula-1-en-palermo-2\/#breadcrumb","itemListElement":[{"@type":"ListItem","position":1,"name":"Portada","item":"https:\/\/lobosnews.com.ar\/"},{"@type":"ListItem","position":2,"name":"Qu\u00e9 calles estar\u00e1n cortadas por la exhibici\u00f3n de Franco Colapinto con un monoplaza de F\u00f3rmula 1 en Palermo"}]},{"@type":"WebSite","@id":"https:\/\/lobosnews.com.ar\/#website","url":"https:\/\/lobosnews.com.ar\/","name":"Lobos News","description":"Informaci\u00f3n a cada instante","publisher":{"@id":"https:\/\/lobosnews.com.ar\/#organization"},"potentialAction":[{"@type":"SearchAction","target":{"@type":"EntryPoint","urlTemplate":"https:\/\/lobosnews.com.ar\/?s={search_term_string}"},"query-input":{"@type":"PropertyValueSpecification","valueRequired":true,"valueName":"search_term_string"}}],"inLanguage":"es"},{"@type":"Organization","@id":"https:\/\/lobosnews.com.ar\/#organization","name":"Lobos News","url":"https:\/\/lobosnews.com.ar\/","logo":{"@type":"ImageObject","inLanguage":"es","@id":"https:\/\/lobosnews.com.ar\/#\/schema\/logo\/image\/","url":"https:\/\/lobosnews.com.ar\/wp-content\/uploads\/2026\/01\/logo-lobosnews.png","contentUrl":"https:\/\/lobosnews.com.ar\/wp-content\/uploads\/2026\/01\/logo-lobosnews.png","width":500,"height":200,"caption":"Lobos News"},"image":{"@id":"https:\/\/lobosnews.com.ar\/#\/schema\/logo\/image\/"}},{"@type":"Person","@id":"https:\/\/lobosnews.com.ar\/#\/schema\/person\/232422a593d5c541dd9aef6aaed10943","name":"admin","image":{"@type":"ImageObject","inLanguage":"es","@id":"https:\/\/lobosnews.com.ar\/#\/schema\/person\/image\/","url":"https:\/\/secure.gravatar.com\/avatar\/76e419471a2083bc3ceab22a763dbbf9b0c1bd15a6214cf3280e2c2dde4580f9?s=96&d=mm&r=g","contentUrl":"https:\/\/secure.gravatar.com\/avatar\/76e419471a2083bc3ceab22a763dbbf9b0c1bd15a6214cf3280e2c2dde4580f9?s=96&d=mm&r=g","caption":"admin"},"sameAs":["https:\/\/lobosnews.com.ar"],"url":"https:\/\/lobosnews.com.ar\/index.php\/author\/lobos-news\/"}]}},"jetpack_featured_media_url":"https:\/\/lobosnews.com.ar\/wp-content\/uploads\/2026\/04\/que-calles-estaran-cortadas-por-la-exhibicion-de-franco-colapinto-con-un-monoplaza-de-formula-1-en-palermo-7.jpg","jetpack_sharing_enabled":true,"_links":{"self":[{"href":"https:\/\/lobosnews.com.ar\/index.php\/wp-json\/wp\/v2\/posts\/45529","targetHints":{"allow":["GET"]}}],"collection":[{"href":"https:\/\/lobosnews.com.ar\/index.php\/wp-json\/wp\/v2\/posts"}],"about":[{"href":"https:\/\/lobosnews.com.ar\/index.php\/wp-json\/wp\/v2\/types\/post"}],"author":[{"embeddable":true,"href":"https:\/\/lobosnews.com.ar\/index.php\/wp-json\/wp\/v2\/users\/1"}],"replies":[{"embeddable":true,"href":"https:\/\/lobosnews.com.ar\/index.php\/wp-json\/wp\/v2\/comments?post=45529"}],"version-history":[{"count":1,"href":"https:\/\/lobosnews.com.ar\/index.php\/wp-json\/wp\/v2\/posts\/45529\/revisions"}],"predecessor-version":[{"id":45536,"href":"https:\/\/lobosnews.com.ar\/index.php\/wp-json\/wp\/v2\/posts\/45529\/revisions\/45536"}],"wp:featuredmedia":[{"embeddable":true,"href":"https:\/\/lobosnews.com.ar\/index.php\/wp-json\/wp\/v2\/media\/45537"}],"wp:attachment":[{"href":"https:\/\/lobosnews.com.ar\/index.php\/wp-json\/wp\/v2\/media?parent=45529"}],"wp:term":[{"taxonomy":"category","embeddable":true,"href":"https:\/\/lobosnews.com.ar\/index.php\/wp-json\/wp\/v2\/categories?post=45529"},{"taxonomy":"post_tag","embeddable":true,"href":"https:\/\/lobosnews.com.ar\/index.php\/wp-json\/wp\/v2\/tags?post=45529"}],"curies":[{"name":"wp","href":"https:\/\/api.w.org\/{rel}","templated":true}]}}