{"id":45481,"date":"2026-04-26T05:05:00","date_gmt":"2026-04-26T05:05:00","guid":{"rendered":"https:\/\/lobosnews.com.ar\/index.php\/2026\/04\/26\/benjamin-vicuna-confeso-que-se-baso-en-su-propia-vida-para-su-papel-en-el-resto-bien-le-meti-mucho-de-mi-mundo\/"},"modified":"2026-04-26T08:43:27","modified_gmt":"2026-04-26T08:43:27","slug":"benjamin-vicuna-confeso-que-se-baso-en-su-propia-vida-para-su-papel-en-el-resto-bien-le-meti-mucho-de-mi-mundo","status":"publish","type":"post","link":"https:\/\/lobosnews.com.ar\/index.php\/2026\/04\/26\/benjamin-vicuna-confeso-que-se-baso-en-su-propia-vida-para-su-papel-en-el-resto-bien-le-meti-mucho-de-mi-mundo\/","title":{"rendered":"Benjam\u00edn Vicu\u00f1a confes\u00f3 que se bas\u00f3 en su propia vida para su papel en \u201cEl resto bien\u201d: \u201cLe met\u00ed mucho de mi mundo\u201d"},"content":{"rendered":"<p><b>Ariel se mira al espejo y la imagen devuelve m\u00e1s preguntas que respuestas<\/b>. En la serie<b> <\/b><i><b>El resto bien<\/b><\/i><b>, <\/b><span class=\"waslinkname\"><b>Benjam\u00edn Vicu\u00f1a<\/b><\/span> encarna a este padre que sobrevive entre tareas escolares, charlas adolescentes, reuniones laborales y planes de pareja con la misma destreza con la que uno trata de mantener en el aire siete pelotas, dos platos y un vaso de jugo a medio derramar.<\/p>\n<p>La rutina lo persigue: la ex, los amigos, el trabajo, los hijos, el tiempo. Todo junto, todo ahora. <b>A veces, Ariel se confiesa: quisiera dejar de ser humano para convertirse, aunque sea por un rato, en una sencilla larva.<\/b><\/p>\n<p>En esta serie, el humor funciona como salvavidas y los giros inesperados prometen que, aunque el reloj nunca se detiene, tal vez la agenda diaria s\u00ed puede desprogramarse. O al menos, intentarlo. La serie y su abordaje de la vida adulta y la paternidad son obra de la direcci\u00f3n de <span class=\"waslinkname\"><b>Daniel Burman<\/b><\/span> y <b>Daniel Hendler<\/b>.<\/p>\n<p><img fetchpriority=\"high\" decoding=\"async\" src=\"https:\/\/lobosnews.com.ar\/wp-content\/uploads\/2026\/04\/benjamin-vicuna-confeso-que-se-baso-en-su-propia-vida-para-su-papel-en-el-resto-bien-le-meti-mucho-de-mi-mundo.png\" alt=\"El resto bien, la rutina agobiante y el desaf\u00edo de equilibrar trabajo, hijos y relaciones marcan el tono central de la nueva ficci\u00f3n\" height=\"1080\" width=\"1920\"\/><\/p>\n<p><b>\u2014Pudimos ver parte de algunos cap\u00edtulos y es divertidamente agotadora la rutina de tu personaje&#8230;<\/b><\/p>\n<p>\u2014Es una serie que yo creo que aspira a ser profundamente emp\u00e1tica, que genere ese grado de identificaci\u00f3n, porque es la vida, no es nada m\u00e1s ni nada menos que el peso de la vida, de las responsabilidades, de los hijos, los a\u00f1os. Y est\u00e1 esa met\u00e1fora de la hernia inguinal, que tiene que ver con que no puede soportar ya un gramo m\u00e1s para poder sobrevivir.<\/p>\n<p><img loading=\"lazy\" decoding=\"async\" src=\"https:\/\/lobosnews.com.ar\/wp-content\/uploads\/2026\/04\/benjamin-vicuna-confeso-que-se-baso-en-su-propia-vida-para-su-papel-en-el-resto-bien-le-meti-mucho-de-mi-mundo.jpg\" alt=\"La andropausia y los cambios en los hombres de cincuenta a\u00f1os se abordan de manera directa y realista durante la trama\" height=\"1080\" width=\"1920\"\/><\/p>\n<p><b>\u2014\u00bfTe inspiraste en tu propia vida para interpretar el personaje?<\/b><\/p>\n<p>\u2014S\u00ed, efectivamente, meti\u00e9ndole mucho de mi mundo, de mi biograf\u00eda, de mi vida, de la vida de Daniel (Burman), que los que lo conocemos sabemos que hay mucho de eso, y de ese v\u00ednculo con sus hijos, con su mujer, exmujer, y el resto&#8230; <\/p>\n<p><b>\u2014\u00bfLa serie busca interpelar tanto a hombres como a mujeres?<\/b><\/p>\n<p>\u2014Efectivamente interpelar a una generaci\u00f3n, a muchas personas, y no solo a hombres, porque si bien hemos visto grandes referentes, grandes personajes, como fue el personaje de Vicky en <i>Envidiosa<\/i>, que no solo interpel\u00f3 a mujeres, los mandatos sociales, lo que significa tambi\u00e9n reconocer y asumir algo como la envidia, que es un motor tambi\u00e9n de la humanidad. Esta serie, desde otro lugar, tambi\u00e9n reconoce eso en los hombres, el miedo a los a\u00f1os, el miedo de perder tambi\u00e9n la identidad, de saber d\u00f3nde est\u00e1 parado uno. Miedo tambi\u00e9n a perder a su mujer, que es m\u00e1s joven, a que pr\u00e1cticamente es un fantasma dentro de su propia casa, porque todo el mundo lo trata mal. Lo trata mal el hijo adolescente que no le da bola, el machista. O no lo tratan, que es lo peor.<\/p>\n<p><img loading=\"lazy\" decoding=\"async\" src=\"https:\/\/lobosnews.com.ar\/wp-content\/uploads\/2026\/04\/benjamin-vicuna-confeso-que-se-baso-en-su-propia-vida-para-su-papel-en-el-resto-bien-le-meti-mucho-de-mi-mundo-1.jpg\" alt=\"El elenco dirigido por Daniel Hendler, con figuras como Rita Cortese y Violeta Urtizberea, Uki Perea, aporta humanidad y veracidad a la historia\" height=\"2887\" width=\"1920\"\/><\/p>\n<p><b>\u2014\u00bfInvestigaste sobre la andropausia para la serie?<\/b><\/p>\n<p>\u2014Trabaj\u00e9 con Daniel Burman sobre ese tema tan complejo, que es un hecho, es real. Que tiene que ver con los cincuenta a\u00f1os de los hombres.<\/p>\n<p><b>\u2014\u00bfPor qu\u00e9 crees que se habla poco de la andropausia entre los hombres?<\/b><\/p>\n<p>\u2014He conversado entre amigos m\u00edos, pero en cambio, la menopausia ya es un lugar com\u00fan. La gente habla, habita, incluso es parte de cierto folclore o es parte de los chistes que uno le puede hacer o no, o que sufrieron las mujeres a prop\u00f3sito de cierta edad. \u00bfLos hombres no lo tienen? S\u00ed, lo tienen.<\/p>\n<p><img loading=\"lazy\" decoding=\"async\" src=\"https:\/\/lobosnews.com.ar\/wp-content\/uploads\/2026\/04\/benjamin-vicuna-confeso-que-se-baso-en-su-propia-vida-para-su-papel-en-el-resto-bien-le-meti-mucho-de-mi-mundo-2.jpg\" alt=\"Daniel Burman y Daniel Hendler, la producci\u00f3n destaca por su trabajo de casting, planos secuencia y una din\u00e1mica visual que refuerza el realismo de la serie\" height=\"1080\" width=\"1920\"\/><\/p>\n<p><b>\u2014\u00bfC\u00f3mo impactan estos cambios en la vida cotidiana del personaje?<\/b><\/p>\n<p>\u2014El personaje est\u00e1 muy atento y est\u00e1 desesperado. Intenta revertir y toma una cantidad de medicamentos. Va a la doctora. Est\u00e1 tomando desde melena de le\u00f3n, testosterona, todo tipo de f\u00e1rmacos naturales y no tanto para tratar de levantar un poquito y recuperar las ganas de vivir y de seguir criando, porque est\u00e1&#8230; que tira la toalla.<\/p>\n<p><b>\u2014\u00bfC\u00f3mo fue el proceso creativo y el trabajo conjunto para darle humanidad al guion?<\/b><\/p>\n<p>\u2014Le fuimos encontrando tambi\u00e9n la humanidad, el tono, de la mano tanto de Burman como de Daniel Hendler, que dirigi\u00f3 algunos cap\u00edtulos de la serie.<\/p>\n<p><b>\u2014\u00bfLa experiencia con el elenco?<\/b><\/p>\n<p>\u2014Rita Cortese, mi madre, que es maravillosa, impregna de humanidad a todos los personajes. Jorge, mi padre, Violeta Uki Perea, Daniel Hendler, el personaje del amigo, y todos los hijos, que est\u00e1n fant\u00e1sticos. Ah\u00ed se hizo un supertrabajo de casting para lograr ese realismo, esa veracidad y esa din\u00e1mica, que la trabajamos much\u00edsimo. Hay muchos planos secuencia, tambi\u00e9n&#8230;que la hace a\u00fan m\u00e1s rica visualmente.<\/p>\n","protected":false},"excerpt":{"rendered":"<p>Ariel se mira al espejo y la imagen devuelve m\u00e1s preguntas que respuestas. En la serie El resto bien, Benjam\u00edn Vicu\u00f1a encarna a este padre que sobrevive entre tareas escolares, charlas adolescentes, reuniones laborales y planes de pareja con la misma destreza con la que uno trata de mantener en el aire siete pelotas, dos&#8230;<\/p>\n","protected":false},"author":1,"featured_media":45487,"comment_status":"open","ping_status":"closed","sticky":false,"template":"","format":"standard","meta":{"_jetpack_memberships_contains_paid_content":false,"footnotes":""},"categories":[79],"tags":[],"class_list":["post-45481","post","type-post","status-publish","format-standard","has-post-thumbnail","hentry","category-cine-y-series"],"magazineBlocksPostFeaturedMedia":{"thumbnail":"https:\/\/lobosnews.com.ar\/wp-content\/uploads\/2026\/04\/benjamin-vicuna-confeso-que-se-baso-en-su-propia-vida-para-su-papel-en-el-resto-bien-le-meti-mucho-de-mi-mundo-4-150x150.jpg","medium":"https:\/\/lobosnews.com.ar\/wp-content\/uploads\/2026\/04\/benjamin-vicuna-confeso-que-se-baso-en-su-propia-vida-para-su-papel-en-el-resto-bien-le-meti-mucho-de-mi-mundo-4-300x169.jpg","medium_large":"https:\/\/lobosnews.com.ar\/wp-content\/uploads\/2026\/04\/benjamin-vicuna-confeso-que-se-baso-en-su-propia-vida-para-su-papel-en-el-resto-bien-le-meti-mucho-de-mi-mundo-4-768x432.jpg","large":"https:\/\/lobosnews.com.ar\/wp-content\/uploads\/2026\/04\/benjamin-vicuna-confeso-que-se-baso-en-su-propia-vida-para-su-papel-en-el-resto-bien-le-meti-mucho-de-mi-mundo-4-1024x576.jpg","1536x1536":"https:\/\/lobosnews.com.ar\/wp-content\/uploads\/2026\/04\/benjamin-vicuna-confeso-que-se-baso-en-su-propia-vida-para-su-papel-en-el-resto-bien-le-meti-mucho-de-mi-mundo-4-1536x864.jpg","2048x2048":"https:\/\/lobosnews.com.ar\/wp-content\/uploads\/2026\/04\/benjamin-vicuna-confeso-que-se-baso-en-su-propia-vida-para-su-papel-en-el-resto-bien-le-meti-mucho-de-mi-mundo-4.jpg","newsmatic-featured":"https:\/\/lobosnews.com.ar\/wp-content\/uploads\/2026\/04\/benjamin-vicuna-confeso-que-se-baso-en-su-propia-vida-para-su-papel-en-el-resto-bien-le-meti-mucho-de-mi-mundo-4-820x545.jpg","newsmatic-list":"https:\/\/lobosnews.com.ar\/wp-content\/uploads\/2026\/04\/benjamin-vicuna-confeso-que-se-baso-en-su-propia-vida-para-su-papel-en-el-resto-bien-le-meti-mucho-de-mi-mundo-4-600x400.jpg","newsmatic-thumb":"https:\/\/lobosnews.com.ar\/wp-content\/uploads\/2026\/04\/benjamin-vicuna-confeso-que-se-baso-en-su-propia-vida-para-su-papel-en-el-resto-bien-le-meti-mucho-de-mi-mundo-4-300x200.jpg","newsmatic-small":"https:\/\/lobosnews.com.ar\/wp-content\/uploads\/2026\/04\/benjamin-vicuna-confeso-que-se-baso-en-su-propia-vida-para-su-papel-en-el-resto-bien-le-meti-mucho-de-mi-mundo-4-150x95.jpg","newsmatic-grid":"https:\/\/lobosnews.com.ar\/wp-content\/uploads\/2026\/04\/benjamin-vicuna-confeso-que-se-baso-en-su-propia-vida-para-su-papel-en-el-resto-bien-le-meti-mucho-de-mi-mundo-4-400x250.jpg"},"magazineBlocksPostAuthor":{"name":"admin","avatar":"https:\/\/secure.gravatar.com\/avatar\/76e419471a2083bc3ceab22a763dbbf9b0c1bd15a6214cf3280e2c2dde4580f9?s=96&d=mm&r=g"},"magazineBlocksPostCommentsNumber":"0","magazineBlocksPostExcerpt":"Ariel se mira al espejo y la imagen devuelve m\u00e1s preguntas que respuestas. En la serie El resto bien, Benjam\u00edn Vicu\u00f1a encarna a este padre que sobrevive entre tareas escolares, charlas adolescentes, reuniones laborales y planes de pareja con la misma destreza con la que uno trata de mantener en el aire siete pelotas, dos...","magazineBlocksPostCategories":["Cine y Series"],"magazineBlocksPostViewCount":9,"magazineBlocksPostReadTime":4,"magazine_blocks_featured_image_url":{"full":["https:\/\/lobosnews.com.ar\/wp-content\/uploads\/2026\/04\/benjamin-vicuna-confeso-que-se-baso-en-su-propia-vida-para-su-papel-en-el-resto-bien-le-meti-mucho-de-mi-mundo-4.jpg",1920,1080,false],"medium":["https:\/\/lobosnews.com.ar\/wp-content\/uploads\/2026\/04\/benjamin-vicuna-confeso-que-se-baso-en-su-propia-vida-para-su-papel-en-el-resto-bien-le-meti-mucho-de-mi-mundo-4-300x169.jpg",300,169,true],"thumbnail":["https:\/\/lobosnews.com.ar\/wp-content\/uploads\/2026\/04\/benjamin-vicuna-confeso-que-se-baso-en-su-propia-vida-para-su-papel-en-el-resto-bien-le-meti-mucho-de-mi-mundo-4-150x150.jpg",150,150,true]},"magazine_blocks_author":{"display_name":"admin","author_link":"https:\/\/lobosnews.com.ar\/index.php\/author\/lobos-news\/"},"magazine_blocks_comment":0,"magazine_blocks_author_image":"https:\/\/secure.gravatar.com\/avatar\/76e419471a2083bc3ceab22a763dbbf9b0c1bd15a6214cf3280e2c2dde4580f9?s=96&d=mm&r=g","magazine_blocks_category":"<a href=\"#\" class=\"category-link category-link-79\">Cine y Series<\/a>","yoast_head":"<!-- This site is optimized with the Yoast SEO plugin v26.6 - https:\/\/yoast.com\/wordpress\/plugins\/seo\/ -->\n<title>Benjam\u00edn Vicu\u00f1a confes\u00f3 que se bas\u00f3 en su propia vida para su papel en \u201cEl resto bien\u201d: \u201cLe met\u00ed mucho de mi mundo\u201d - Lobos News<\/title>\n<meta name=\"robots\" content=\"index, follow, max-snippet:-1, max-image-preview:large, max-video-preview:-1\" \/>\n<link rel=\"canonical\" href=\"https:\/\/lobosnews.com.ar\/index.php\/2026\/04\/26\/benjamin-vicuna-confeso-que-se-baso-en-su-propia-vida-para-su-papel-en-el-resto-bien-le-meti-mucho-de-mi-mundo\/\" \/>\n<meta property=\"og:locale\" content=\"es_ES\" \/>\n<meta property=\"og:type\" content=\"article\" \/>\n<meta property=\"og:title\" content=\"Benjam\u00edn Vicu\u00f1a confes\u00f3 que se bas\u00f3 en su propia vida para su papel en \u201cEl resto bien\u201d: \u201cLe met\u00ed mucho de mi mundo\u201d - Lobos News\" \/>\n<meta property=\"og:description\" content=\"Ariel se mira al espejo y la imagen devuelve m\u00e1s preguntas que respuestas. En la serie El resto bien, Benjam\u00edn Vicu\u00f1a encarna a este padre que sobrevive entre tareas escolares, charlas adolescentes, reuniones laborales y planes de pareja con la misma destreza con la que uno trata de mantener en el aire siete pelotas, dos...\" \/>\n<meta property=\"og:url\" content=\"https:\/\/lobosnews.com.ar\/index.php\/2026\/04\/26\/benjamin-vicuna-confeso-que-se-baso-en-su-propia-vida-para-su-papel-en-el-resto-bien-le-meti-mucho-de-mi-mundo\/\" \/>\n<meta property=\"og:site_name\" content=\"Lobos News\" \/>\n<meta property=\"article:published_time\" content=\"2026-04-26T05:05:00+00:00\" \/>\n<meta property=\"article:modified_time\" content=\"2026-04-26T08:43:27+00:00\" \/>\n<meta property=\"og:image\" content=\"https:\/\/lobosnews.com.ar\/wp-content\/uploads\/2026\/04\/benjamin-vicuna-confeso-que-se-baso-en-su-propia-vida-para-su-papel-en-el-resto-bien-le-meti-mucho-de-mi-mundo.png\" \/>\n<meta name=\"author\" content=\"admin\" \/>\n<meta name=\"twitter:card\" content=\"summary_large_image\" \/>\n<meta name=\"twitter:label1\" content=\"Escrito por\" \/>\n\t<meta name=\"twitter:data1\" content=\"admin\" \/>\n\t<meta name=\"twitter:label2\" content=\"Tiempo de lectura\" \/>\n\t<meta name=\"twitter:data2\" content=\"4 minutos\" \/>\n<script type=\"application\/ld+json\" class=\"yoast-schema-graph\">{\"@context\":\"https:\/\/schema.org\",\"@graph\":[{\"@type\":\"Article\",\"@id\":\"https:\/\/lobosnews.com.ar\/index.php\/2026\/04\/26\/benjamin-vicuna-confeso-que-se-baso-en-su-propia-vida-para-su-papel-en-el-resto-bien-le-meti-mucho-de-mi-mundo\/#article\",\"isPartOf\":{\"@id\":\"https:\/\/lobosnews.com.ar\/index.php\/2026\/04\/26\/benjamin-vicuna-confeso-que-se-baso-en-su-propia-vida-para-su-papel-en-el-resto-bien-le-meti-mucho-de-mi-mundo\/\"},\"author\":{\"name\":\"admin\",\"@id\":\"https:\/\/lobosnews.com.ar\/#\/schema\/person\/232422a593d5c541dd9aef6aaed10943\"},\"headline\":\"Benjam\u00edn Vicu\u00f1a confes\u00f3 que se bas\u00f3 en su propia vida para su papel en \u201cEl resto bien\u201d: \u201cLe met\u00ed mucho de mi mundo\u201d\",\"datePublished\":\"2026-04-26T05:05:00+00:00\",\"dateModified\":\"2026-04-26T08:43:27+00:00\",\"mainEntityOfPage\":{\"@id\":\"https:\/\/lobosnews.com.ar\/index.php\/2026\/04\/26\/benjamin-vicuna-confeso-que-se-baso-en-su-propia-vida-para-su-papel-en-el-resto-bien-le-meti-mucho-de-mi-mundo\/\"},\"wordCount\":785,\"commentCount\":0,\"publisher\":{\"@id\":\"https:\/\/lobosnews.com.ar\/#organization\"},\"image\":{\"@id\":\"https:\/\/lobosnews.com.ar\/index.php\/2026\/04\/26\/benjamin-vicuna-confeso-que-se-baso-en-su-propia-vida-para-su-papel-en-el-resto-bien-le-meti-mucho-de-mi-mundo\/#primaryimage\"},\"thumbnailUrl\":\"https:\/\/lobosnews.com.ar\/wp-content\/uploads\/2026\/04\/benjamin-vicuna-confeso-que-se-baso-en-su-propia-vida-para-su-papel-en-el-resto-bien-le-meti-mucho-de-mi-mundo-4.jpg\",\"articleSection\":[\"Cine y Series\"],\"inLanguage\":\"es\",\"potentialAction\":[{\"@type\":\"CommentAction\",\"name\":\"Comment\",\"target\":[\"https:\/\/lobosnews.com.ar\/index.php\/2026\/04\/26\/benjamin-vicuna-confeso-que-se-baso-en-su-propia-vida-para-su-papel-en-el-resto-bien-le-meti-mucho-de-mi-mundo\/#respond\"]}]},{\"@type\":\"WebPage\",\"@id\":\"https:\/\/lobosnews.com.ar\/index.php\/2026\/04\/26\/benjamin-vicuna-confeso-que-se-baso-en-su-propia-vida-para-su-papel-en-el-resto-bien-le-meti-mucho-de-mi-mundo\/\",\"url\":\"https:\/\/lobosnews.com.ar\/index.php\/2026\/04\/26\/benjamin-vicuna-confeso-que-se-baso-en-su-propia-vida-para-su-papel-en-el-resto-bien-le-meti-mucho-de-mi-mundo\/\",\"name\":\"Benjam\u00edn Vicu\u00f1a confes\u00f3 que se bas\u00f3 en su propia vida para su papel en \u201cEl resto bien\u201d: \u201cLe met\u00ed mucho de mi mundo\u201d - Lobos News\",\"isPartOf\":{\"@id\":\"https:\/\/lobosnews.com.ar\/#website\"},\"primaryImageOfPage\":{\"@id\":\"https:\/\/lobosnews.com.ar\/index.php\/2026\/04\/26\/benjamin-vicuna-confeso-que-se-baso-en-su-propia-vida-para-su-papel-en-el-resto-bien-le-meti-mucho-de-mi-mundo\/#primaryimage\"},\"image\":{\"@id\":\"https:\/\/lobosnews.com.ar\/index.php\/2026\/04\/26\/benjamin-vicuna-confeso-que-se-baso-en-su-propia-vida-para-su-papel-en-el-resto-bien-le-meti-mucho-de-mi-mundo\/#primaryimage\"},\"thumbnailUrl\":\"https:\/\/lobosnews.com.ar\/wp-content\/uploads\/2026\/04\/benjamin-vicuna-confeso-que-se-baso-en-su-propia-vida-para-su-papel-en-el-resto-bien-le-meti-mucho-de-mi-mundo-4.jpg\",\"datePublished\":\"2026-04-26T05:05:00+00:00\",\"dateModified\":\"2026-04-26T08:43:27+00:00\",\"breadcrumb\":{\"@id\":\"https:\/\/lobosnews.com.ar\/index.php\/2026\/04\/26\/benjamin-vicuna-confeso-que-se-baso-en-su-propia-vida-para-su-papel-en-el-resto-bien-le-meti-mucho-de-mi-mundo\/#breadcrumb\"},\"inLanguage\":\"es\",\"potentialAction\":[{\"@type\":\"ReadAction\",\"target\":[\"https:\/\/lobosnews.com.ar\/index.php\/2026\/04\/26\/benjamin-vicuna-confeso-que-se-baso-en-su-propia-vida-para-su-papel-en-el-resto-bien-le-meti-mucho-de-mi-mundo\/\"]}]},{\"@type\":\"ImageObject\",\"inLanguage\":\"es\",\"@id\":\"https:\/\/lobosnews.com.ar\/index.php\/2026\/04\/26\/benjamin-vicuna-confeso-que-se-baso-en-su-propia-vida-para-su-papel-en-el-resto-bien-le-meti-mucho-de-mi-mundo\/#primaryimage\",\"url\":\"https:\/\/lobosnews.com.ar\/wp-content\/uploads\/2026\/04\/benjamin-vicuna-confeso-que-se-baso-en-su-propia-vida-para-su-papel-en-el-resto-bien-le-meti-mucho-de-mi-mundo-4.jpg\",\"contentUrl\":\"https:\/\/lobosnews.com.ar\/wp-content\/uploads\/2026\/04\/benjamin-vicuna-confeso-que-se-baso-en-su-propia-vida-para-su-papel-en-el-resto-bien-le-meti-mucho-de-mi-mundo-4.jpg\",\"width\":1920,\"height\":1080,\"caption\":\"Benjam\u00edn Vicu\u00f1a confes\u00f3 que se bas\u00f3 en su propia vida para su papel en \u201cEl resto bien\u201d: \u201cLe met\u00ed mucho de mi mundo\u201d\"},{\"@type\":\"BreadcrumbList\",\"@id\":\"https:\/\/lobosnews.com.ar\/index.php\/2026\/04\/26\/benjamin-vicuna-confeso-que-se-baso-en-su-propia-vida-para-su-papel-en-el-resto-bien-le-meti-mucho-de-mi-mundo\/#breadcrumb\",\"itemListElement\":[{\"@type\":\"ListItem\",\"position\":1,\"name\":\"Portada\",\"item\":\"https:\/\/lobosnews.com.ar\/\"},{\"@type\":\"ListItem\",\"position\":2,\"name\":\"Benjam\u00edn Vicu\u00f1a confes\u00f3 que se bas\u00f3 en su propia vida para su papel en \u201cEl resto bien\u201d: \u201cLe met\u00ed mucho de mi mundo\u201d\"}]},{\"@type\":\"WebSite\",\"@id\":\"https:\/\/lobosnews.com.ar\/#website\",\"url\":\"https:\/\/lobosnews.com.ar\/\",\"name\":\"Lobos News\",\"description\":\"Informaci\u00f3n a cada instante\",\"publisher\":{\"@id\":\"https:\/\/lobosnews.com.ar\/#organization\"},\"potentialAction\":[{\"@type\":\"SearchAction\",\"target\":{\"@type\":\"EntryPoint\",\"urlTemplate\":\"https:\/\/lobosnews.com.ar\/?s={search_term_string}\"},\"query-input\":{\"@type\":\"PropertyValueSpecification\",\"valueRequired\":true,\"valueName\":\"search_term_string\"}}],\"inLanguage\":\"es\"},{\"@type\":\"Organization\",\"@id\":\"https:\/\/lobosnews.com.ar\/#organization\",\"name\":\"Lobos News\",\"url\":\"https:\/\/lobosnews.com.ar\/\",\"logo\":{\"@type\":\"ImageObject\",\"inLanguage\":\"es\",\"@id\":\"https:\/\/lobosnews.com.ar\/#\/schema\/logo\/image\/\",\"url\":\"https:\/\/lobosnews.com.ar\/wp-content\/uploads\/2026\/01\/logo-lobosnews.png\",\"contentUrl\":\"https:\/\/lobosnews.com.ar\/wp-content\/uploads\/2026\/01\/logo-lobosnews.png\",\"width\":500,\"height\":200,\"caption\":\"Lobos News\"},\"image\":{\"@id\":\"https:\/\/lobosnews.com.ar\/#\/schema\/logo\/image\/\"}},{\"@type\":\"Person\",\"@id\":\"https:\/\/lobosnews.com.ar\/#\/schema\/person\/232422a593d5c541dd9aef6aaed10943\",\"name\":\"admin\",\"image\":{\"@type\":\"ImageObject\",\"inLanguage\":\"es\",\"@id\":\"https:\/\/lobosnews.com.ar\/#\/schema\/person\/image\/\",\"url\":\"https:\/\/secure.gravatar.com\/avatar\/76e419471a2083bc3ceab22a763dbbf9b0c1bd15a6214cf3280e2c2dde4580f9?s=96&d=mm&r=g\",\"contentUrl\":\"https:\/\/secure.gravatar.com\/avatar\/76e419471a2083bc3ceab22a763dbbf9b0c1bd15a6214cf3280e2c2dde4580f9?s=96&d=mm&r=g\",\"caption\":\"admin\"},\"sameAs\":[\"https:\/\/lobosnews.com.ar\"],\"url\":\"https:\/\/lobosnews.com.ar\/index.php\/author\/lobos-news\/\"}]}<\/script>\n<!-- \/ Yoast SEO plugin. -->","yoast_head_json":{"title":"Benjam\u00edn Vicu\u00f1a confes\u00f3 que se bas\u00f3 en su propia vida para su papel en \u201cEl resto bien\u201d: \u201cLe met\u00ed mucho de mi mundo\u201d - Lobos News","robots":{"index":"index","follow":"follow","max-snippet":"max-snippet:-1","max-image-preview":"max-image-preview:large","max-video-preview":"max-video-preview:-1"},"canonical":"https:\/\/lobosnews.com.ar\/index.php\/2026\/04\/26\/benjamin-vicuna-confeso-que-se-baso-en-su-propia-vida-para-su-papel-en-el-resto-bien-le-meti-mucho-de-mi-mundo\/","og_locale":"es_ES","og_type":"article","og_title":"Benjam\u00edn Vicu\u00f1a confes\u00f3 que se bas\u00f3 en su propia vida para su papel en \u201cEl resto bien\u201d: \u201cLe met\u00ed mucho de mi mundo\u201d - Lobos News","og_description":"Ariel se mira al espejo y la imagen devuelve m\u00e1s preguntas que respuestas. En la serie El resto bien, Benjam\u00edn Vicu\u00f1a encarna a este padre que sobrevive entre tareas escolares, charlas adolescentes, reuniones laborales y planes de pareja con la misma destreza con la que uno trata de mantener en el aire siete pelotas, dos...","og_url":"https:\/\/lobosnews.com.ar\/index.php\/2026\/04\/26\/benjamin-vicuna-confeso-que-se-baso-en-su-propia-vida-para-su-papel-en-el-resto-bien-le-meti-mucho-de-mi-mundo\/","og_site_name":"Lobos News","article_published_time":"2026-04-26T05:05:00+00:00","article_modified_time":"2026-04-26T08:43:27+00:00","og_image":[{"url":"https:\/\/lobosnews.com.ar\/wp-content\/uploads\/2026\/04\/benjamin-vicuna-confeso-que-se-baso-en-su-propia-vida-para-su-papel-en-el-resto-bien-le-meti-mucho-de-mi-mundo.png","type":"","width":"","height":""}],"author":"admin","twitter_card":"summary_large_image","twitter_misc":{"Escrito por":"admin","Tiempo de lectura":"4 minutos"},"schema":{"@context":"https:\/\/schema.org","@graph":[{"@type":"Article","@id":"https:\/\/lobosnews.com.ar\/index.php\/2026\/04\/26\/benjamin-vicuna-confeso-que-se-baso-en-su-propia-vida-para-su-papel-en-el-resto-bien-le-meti-mucho-de-mi-mundo\/#article","isPartOf":{"@id":"https:\/\/lobosnews.com.ar\/index.php\/2026\/04\/26\/benjamin-vicuna-confeso-que-se-baso-en-su-propia-vida-para-su-papel-en-el-resto-bien-le-meti-mucho-de-mi-mundo\/"},"author":{"name":"admin","@id":"https:\/\/lobosnews.com.ar\/#\/schema\/person\/232422a593d5c541dd9aef6aaed10943"},"headline":"Benjam\u00edn Vicu\u00f1a confes\u00f3 que se bas\u00f3 en su propia vida para su papel en \u201cEl resto bien\u201d: \u201cLe met\u00ed mucho de mi mundo\u201d","datePublished":"2026-04-26T05:05:00+00:00","dateModified":"2026-04-26T08:43:27+00:00","mainEntityOfPage":{"@id":"https:\/\/lobosnews.com.ar\/index.php\/2026\/04\/26\/benjamin-vicuna-confeso-que-se-baso-en-su-propia-vida-para-su-papel-en-el-resto-bien-le-meti-mucho-de-mi-mundo\/"},"wordCount":785,"commentCount":0,"publisher":{"@id":"https:\/\/lobosnews.com.ar\/#organization"},"image":{"@id":"https:\/\/lobosnews.com.ar\/index.php\/2026\/04\/26\/benjamin-vicuna-confeso-que-se-baso-en-su-propia-vida-para-su-papel-en-el-resto-bien-le-meti-mucho-de-mi-mundo\/#primaryimage"},"thumbnailUrl":"https:\/\/lobosnews.com.ar\/wp-content\/uploads\/2026\/04\/benjamin-vicuna-confeso-que-se-baso-en-su-propia-vida-para-su-papel-en-el-resto-bien-le-meti-mucho-de-mi-mundo-4.jpg","articleSection":["Cine y Series"],"inLanguage":"es","potentialAction":[{"@type":"CommentAction","name":"Comment","target":["https:\/\/lobosnews.com.ar\/index.php\/2026\/04\/26\/benjamin-vicuna-confeso-que-se-baso-en-su-propia-vida-para-su-papel-en-el-resto-bien-le-meti-mucho-de-mi-mundo\/#respond"]}]},{"@type":"WebPage","@id":"https:\/\/lobosnews.com.ar\/index.php\/2026\/04\/26\/benjamin-vicuna-confeso-que-se-baso-en-su-propia-vida-para-su-papel-en-el-resto-bien-le-meti-mucho-de-mi-mundo\/","url":"https:\/\/lobosnews.com.ar\/index.php\/2026\/04\/26\/benjamin-vicuna-confeso-que-se-baso-en-su-propia-vida-para-su-papel-en-el-resto-bien-le-meti-mucho-de-mi-mundo\/","name":"Benjam\u00edn Vicu\u00f1a confes\u00f3 que se bas\u00f3 en su propia vida para su papel en \u201cEl resto bien\u201d: \u201cLe met\u00ed mucho de mi mundo\u201d - Lobos News","isPartOf":{"@id":"https:\/\/lobosnews.com.ar\/#website"},"primaryImageOfPage":{"@id":"https:\/\/lobosnews.com.ar\/index.php\/2026\/04\/26\/benjamin-vicuna-confeso-que-se-baso-en-su-propia-vida-para-su-papel-en-el-resto-bien-le-meti-mucho-de-mi-mundo\/#primaryimage"},"image":{"@id":"https:\/\/lobosnews.com.ar\/index.php\/2026\/04\/26\/benjamin-vicuna-confeso-que-se-baso-en-su-propia-vida-para-su-papel-en-el-resto-bien-le-meti-mucho-de-mi-mundo\/#primaryimage"},"thumbnailUrl":"https:\/\/lobosnews.com.ar\/wp-content\/uploads\/2026\/04\/benjamin-vicuna-confeso-que-se-baso-en-su-propia-vida-para-su-papel-en-el-resto-bien-le-meti-mucho-de-mi-mundo-4.jpg","datePublished":"2026-04-26T05:05:00+00:00","dateModified":"2026-04-26T08:43:27+00:00","breadcrumb":{"@id":"https:\/\/lobosnews.com.ar\/index.php\/2026\/04\/26\/benjamin-vicuna-confeso-que-se-baso-en-su-propia-vida-para-su-papel-en-el-resto-bien-le-meti-mucho-de-mi-mundo\/#breadcrumb"},"inLanguage":"es","potentialAction":[{"@type":"ReadAction","target":["https:\/\/lobosnews.com.ar\/index.php\/2026\/04\/26\/benjamin-vicuna-confeso-que-se-baso-en-su-propia-vida-para-su-papel-en-el-resto-bien-le-meti-mucho-de-mi-mundo\/"]}]},{"@type":"ImageObject","inLanguage":"es","@id":"https:\/\/lobosnews.com.ar\/index.php\/2026\/04\/26\/benjamin-vicuna-confeso-que-se-baso-en-su-propia-vida-para-su-papel-en-el-resto-bien-le-meti-mucho-de-mi-mundo\/#primaryimage","url":"https:\/\/lobosnews.com.ar\/wp-content\/uploads\/2026\/04\/benjamin-vicuna-confeso-que-se-baso-en-su-propia-vida-para-su-papel-en-el-resto-bien-le-meti-mucho-de-mi-mundo-4.jpg","contentUrl":"https:\/\/lobosnews.com.ar\/wp-content\/uploads\/2026\/04\/benjamin-vicuna-confeso-que-se-baso-en-su-propia-vida-para-su-papel-en-el-resto-bien-le-meti-mucho-de-mi-mundo-4.jpg","width":1920,"height":1080,"caption":"Benjam\u00edn Vicu\u00f1a confes\u00f3 que se bas\u00f3 en su propia vida para su papel en \u201cEl resto bien\u201d: \u201cLe met\u00ed mucho de mi mundo\u201d"},{"@type":"BreadcrumbList","@id":"https:\/\/lobosnews.com.ar\/index.php\/2026\/04\/26\/benjamin-vicuna-confeso-que-se-baso-en-su-propia-vida-para-su-papel-en-el-resto-bien-le-meti-mucho-de-mi-mundo\/#breadcrumb","itemListElement":[{"@type":"ListItem","position":1,"name":"Portada","item":"https:\/\/lobosnews.com.ar\/"},{"@type":"ListItem","position":2,"name":"Benjam\u00edn Vicu\u00f1a confes\u00f3 que se bas\u00f3 en su propia vida para su papel en \u201cEl resto bien\u201d: \u201cLe met\u00ed mucho de mi mundo\u201d"}]},{"@type":"WebSite","@id":"https:\/\/lobosnews.com.ar\/#website","url":"https:\/\/lobosnews.com.ar\/","name":"Lobos News","description":"Informaci\u00f3n a cada instante","publisher":{"@id":"https:\/\/lobosnews.com.ar\/#organization"},"potentialAction":[{"@type":"SearchAction","target":{"@type":"EntryPoint","urlTemplate":"https:\/\/lobosnews.com.ar\/?s={search_term_string}"},"query-input":{"@type":"PropertyValueSpecification","valueRequired":true,"valueName":"search_term_string"}}],"inLanguage":"es"},{"@type":"Organization","@id":"https:\/\/lobosnews.com.ar\/#organization","name":"Lobos News","url":"https:\/\/lobosnews.com.ar\/","logo":{"@type":"ImageObject","inLanguage":"es","@id":"https:\/\/lobosnews.com.ar\/#\/schema\/logo\/image\/","url":"https:\/\/lobosnews.com.ar\/wp-content\/uploads\/2026\/01\/logo-lobosnews.png","contentUrl":"https:\/\/lobosnews.com.ar\/wp-content\/uploads\/2026\/01\/logo-lobosnews.png","width":500,"height":200,"caption":"Lobos News"},"image":{"@id":"https:\/\/lobosnews.com.ar\/#\/schema\/logo\/image\/"}},{"@type":"Person","@id":"https:\/\/lobosnews.com.ar\/#\/schema\/person\/232422a593d5c541dd9aef6aaed10943","name":"admin","image":{"@type":"ImageObject","inLanguage":"es","@id":"https:\/\/lobosnews.com.ar\/#\/schema\/person\/image\/","url":"https:\/\/secure.gravatar.com\/avatar\/76e419471a2083bc3ceab22a763dbbf9b0c1bd15a6214cf3280e2c2dde4580f9?s=96&d=mm&r=g","contentUrl":"https:\/\/secure.gravatar.com\/avatar\/76e419471a2083bc3ceab22a763dbbf9b0c1bd15a6214cf3280e2c2dde4580f9?s=96&d=mm&r=g","caption":"admin"},"sameAs":["https:\/\/lobosnews.com.ar"],"url":"https:\/\/lobosnews.com.ar\/index.php\/author\/lobos-news\/"}]}},"jetpack_featured_media_url":"https:\/\/lobosnews.com.ar\/wp-content\/uploads\/2026\/04\/benjamin-vicuna-confeso-que-se-baso-en-su-propia-vida-para-su-papel-en-el-resto-bien-le-meti-mucho-de-mi-mundo-4.jpg","jetpack_sharing_enabled":true,"_links":{"self":[{"href":"https:\/\/lobosnews.com.ar\/index.php\/wp-json\/wp\/v2\/posts\/45481","targetHints":{"allow":["GET"]}}],"collection":[{"href":"https:\/\/lobosnews.com.ar\/index.php\/wp-json\/wp\/v2\/posts"}],"about":[{"href":"https:\/\/lobosnews.com.ar\/index.php\/wp-json\/wp\/v2\/types\/post"}],"author":[{"embeddable":true,"href":"https:\/\/lobosnews.com.ar\/index.php\/wp-json\/wp\/v2\/users\/1"}],"replies":[{"embeddable":true,"href":"https:\/\/lobosnews.com.ar\/index.php\/wp-json\/wp\/v2\/comments?post=45481"}],"version-history":[{"count":1,"href":"https:\/\/lobosnews.com.ar\/index.php\/wp-json\/wp\/v2\/posts\/45481\/revisions"}],"predecessor-version":[{"id":45486,"href":"https:\/\/lobosnews.com.ar\/index.php\/wp-json\/wp\/v2\/posts\/45481\/revisions\/45486"}],"wp:featuredmedia":[{"embeddable":true,"href":"https:\/\/lobosnews.com.ar\/index.php\/wp-json\/wp\/v2\/media\/45487"}],"wp:attachment":[{"href":"https:\/\/lobosnews.com.ar\/index.php\/wp-json\/wp\/v2\/media?parent=45481"}],"wp:term":[{"taxonomy":"category","embeddable":true,"href":"https:\/\/lobosnews.com.ar\/index.php\/wp-json\/wp\/v2\/categories?post=45481"},{"taxonomy":"post_tag","embeddable":true,"href":"https:\/\/lobosnews.com.ar\/index.php\/wp-json\/wp\/v2\/tags?post=45481"}],"curies":[{"name":"wp","href":"https:\/\/api.w.org\/{rel}","templated":true}]}}