{"id":45389,"date":"2026-04-26T06:14:55","date_gmt":"2026-04-26T06:14:55","guid":{"rendered":"https:\/\/lobosnews.com.ar\/index.php\/2026\/04\/26\/10-bajas-confirmadas-12-dudas-y-varias-selecciones-en-alerta-maxima-el-mapa-de-lesionados-a-46-dias-del-mundial\/"},"modified":"2026-04-26T08:27:25","modified_gmt":"2026-04-26T08:27:25","slug":"10-bajas-confirmadas-12-dudas-y-varias-selecciones-en-alerta-maxima-el-mapa-de-lesionados-a-46-dias-del-mundial","status":"publish","type":"post","link":"https:\/\/lobosnews.com.ar\/index.php\/2026\/04\/26\/10-bajas-confirmadas-12-dudas-y-varias-selecciones-en-alerta-maxima-el-mapa-de-lesionados-a-46-dias-del-mundial\/","title":{"rendered":"10 bajas confirmadas, 12 dudas y varias selecciones en alerta m\u00e1xima: el mapa de lesionados a 46 d\u00edas del Mundial"},"content":{"rendered":"<p><img loading=\"lazy\" decoding=\"async\" src=\"https:\/\/lobosnews.com.ar\/wp-content\/uploads\/2026\/04\/10-bajas-confirmadas-12-dudas-y-varias-selecciones-en-alerta-maxima-el-mapa-de-lesionados-a-46-dias-del-mundial.jpg\" alt=\"Rodrygo es una de las bajas m\u00e1s destacadas que tendr\u00e1 el Mundial (Cr\u00e9dito: Reuters\/John Sibley)\" height=\"1780\" width=\"2437\"\/><\/p>\n<p>Solo faltan <b>46 d\u00edas<\/b> para que <b>M\u00e9xico <\/b>y <b>Sud\u00e1frica <\/b>den el puntapi\u00e9 inicial del <b>Mundial 2026<\/b>, que se celebrar\u00e1 en el pa\u00eds azteca, junto a Estados Unidos y Canad\u00e1. Y la cita tendr\u00e1 ausentes de relieve internacional, sumado a otros futbolistas que afrontan una recuperaci\u00f3n a contrarreloj para decir presente en el gran evento.<\/p>\n<p>La reciente lesi\u00f3n de <span class=\"waslinkname\"><b>Lamine Yamal<\/b><\/span> tras convertir el \u00fanico gol del Barcelona en su victoria contra Celta de Vigo encendi\u00f3 las alarmas en Espa\u00f1a porque el juvenil tendr\u00eda un m\u00ednimo de recuperaci\u00f3n de \u201ccinco semanas\u201d por una \u201c<b>rotura en el isquiotibial izquierdo<\/b>\u201d, seg\u00fan precis\u00f3 la prensa de ese pa\u00eds, y llegar\u00eda con lo justo a la Copa del Mundo. <b>Cabe remarcar que hay 10 bajas confirmadas y 12 futbolistas entre algodones<\/b>.<\/p>\n<p>La n\u00f3mina de ausencias involucra a varias selecciones afectadas por esta situaci\u00f3n. <b>Una de ellas es Brasil, que no podr\u00e1 contar con Rodrygo<\/b>, ya que el extremo del Real Madrid sufri\u00f3 la <b>rotura del ligamento cruzado anterior y del menisco externo de la pierna derecha<\/b> durante un partido con su club. <\/p>\n<p><img loading=\"lazy\" decoding=\"async\" src=\"https:\/\/lobosnews.com.ar\/wp-content\/uploads\/2026\/04\/10-bajas-confirmadas-12-dudas-y-varias-selecciones-en-alerta-maxima-el-mapa-de-lesionados-a-46-dias-del-mundial-1.jpg\" alt=\"La imagen muestra un resumen de las lesiones y tiempos de recuperaci\u00f3n de figuras como Neymar, Rodrygo, Cristian Cuti Romero y Lamine Yamal, generando incertidumbre para el Mundial. (Imagen Ilustrativa Infobae)\" height=\"1536\" width=\"2752\"\/><\/p>\n<p>Adem\u00e1s, el entrenador <b>Lionel Scaloni<\/b> tiene dos variantes menos a la hora de decidir: <b>Juan Foyth<\/b> y <b>Joaqu\u00edn Panichelli<\/b>. El defensor se <span class=\"waslinkname\">rompi\u00f3 el tend\u00f3n de Aquiles izquierdo<\/span> en enero pasado con Villarreal, mientras que el delantero del Racing de Estrasburgo sufri\u00f3 la <span class=\"waslinkname\"><b>ruptura del ligamento cruzado anterior de su rodilla derecha<\/b><\/span> durante una pr\u00e1ctica con la <i>Albiceleste.<\/i><\/p>\n<p>En el plano europeo, Espa\u00f1a ya sabe que no podr\u00e1 contar con Samu Omorodion, centroatacante del Porto de Portugal, que <b>ser\u00e1 baja por una lesi\u00f3n id\u00e9ntica a la de Panichelli<\/b>.<\/p>\n<p>Esto se agrega a que <span class=\"waslinkname\"><b>Francia perder\u00e1 a Hugo Ekitike<\/b><\/span> por una <b>rotura del tend\u00f3n de Aquiles <\/b>de su pierna derecha y <span class=\"waslinkname\"><b>Alemania tach\u00f3 a Serge Gnabry<\/b><\/span>, despu\u00e9s de que el mediapunta del <b>Bayern M\u00fanich<\/b> tuvo una <b>ruptura en el aductor derecho<\/b> mientras pateaban penales en un entrenamiento del conjunto b\u00e1varo. Adem\u00e1s, <i>ESPN<\/i> confirm\u00f3 que <b>Jack Grealish<\/b> tampoco ser\u00e1 considerado en <b>Inglaterra <\/b>tras ser operado el 9 de febrero por <b>una fractura de estr\u00e9s en el pie izquierdo<\/b>.<\/p>\n<p>Por otro lado, la selecci\u00f3n de M\u00e9xico sufri\u00f3 una baja sensible para el Mundial 2026 porque <b>su arquero, Luis Malag\u00f3n, se rompi\u00f3 el tend\u00f3n de Aquiles izquierdo<\/b>. En la esfera asi\u00e1tica, <b>Jap\u00f3n <\/b>perder\u00e1 a una de sus principales figuras, <b>Takumi Minamino<\/b>, por una <b>rotura del ligamento cruzado anterior de la rodilla izquierda<\/b>. El mismo cuadro m\u00e9dico afect\u00f3 al ghan\u00e9s <b>Mohamed Salisu <\/b>y el m\u00e9dico de la selecci\u00f3n africana, <b>Prince Pambo<\/b>, ya confirm\u00f3 su desafectaci\u00f3n.<\/p>\n<p><img loading=\"lazy\" decoding=\"async\" src=\"https:\/\/lobosnews.com.ar\/wp-content\/uploads\/2026\/04\/10-bajas-confirmadas-12-dudas-y-varias-selecciones-en-alerta-maxima-el-mapa-de-lesionados-a-46-dias-del-mundial-2.jpg\" alt=\"Con el Mundial 2026 a 46 d\u00edas, selecciones como Argentina, Espa\u00f1a, Francia, Alemania y Brasil enfrentan la preocupaci\u00f3n de 10 bajas confirmadas y 12 jugadores en duda por lesiones. (Imagen Ilustrativa Infobae)\" height=\"1536\" width=\"2752\"\/><\/p>\n<p>En el plano de las dudas, los flashes se van con <b>Lamine Yamal<\/b>. El joven de 18 a\u00f1os es el futbolista m\u00e1s importante del \u00faltimo campe\u00f3n de la <b>Eurocopa <\/b>y los dirigidos por <b>Luis De la Fuente<\/b> son candidatos con \u00e9l en la cancha. Adem\u00e1s, no es el \u00fanico entre algodones.<\/p>\n<p><b>Mikel Merino<\/b>, otro de los campeones europeos, fue sometido a una operaci\u00f3n a principios de febrero debido a una fractura por estr\u00e9s, explic\u00f3 su padre Miguel, quien desconoci\u00f3 los plazos para el regreso de su hijo, en charla con el programa <i>El Larguero<\/i>. Hasta el momento, el volante no ha sido convocado por Mikel Arteta en el Arsenal desde su \u00faltimo partido el 25 de enero. <b>Se especulaba con una ausencia de tres meses fuera de las canchas<\/b>, pero ese lapso est\u00e1 por cumplirse.<\/p>\n<p>Por otro lado, las alarmas en Argentina est\u00e1n puestas en c\u00f3mo llegar\u00e1n <b>Cristian Romero<\/b> y <b>Lautaro Mart\u00ednez<\/b> a la Copa del Mundo. En especial, los focos est\u00e1n puestos en el <i>Cuti<\/i> porque el defensor del Tottenham <span class=\"waslinkname\"><b>sufri\u00f3 una lesi\u00f3n en el ligamento lateral<\/b><\/span><b> a mediados de este mes y va a estar afuera entre 5 a 8 semanas<\/b>. El peor diagn\u00f3stico lo har\u00eda llegar con lo justo al debut de la <i>Scaloneta <\/i>ante Argelia el 16 de junio en Kansas.<\/p>\n<p><img loading=\"lazy\" decoding=\"async\" src=\"https:\/\/lobosnews.com.ar\/wp-content\/uploads\/2026\/04\/10-bajas-confirmadas-12-dudas-y-varias-selecciones-en-alerta-maxima-el-mapa-de-lesionados-a-46-dias-del-mundial-3.jpg\" alt=\"Cuti Romero se retir\u00f3 de la cancha entre l\u00e1grimas (Cr\u00e9dito: Reuters\/Scott Heppell)\" height=\"2060\" width=\"2973\"\/><\/p>\n<p>Por otro lado, <b>el <\/b><i><b>Toro<\/b><\/i><b> Mart\u00ednez<\/b> se resinti\u00f3 de su lesi\u00f3n en el s\u00f3leo izquierdo y reci\u00e9n podr\u00eda volver a jugar en el Inter de Mil\u00e1n en mayo. Esto lo llev\u00f3 a perderse las <span class=\"waslinkname\">semifinales de la Copa Italia ante el Como de Nico Paz<\/span> y volvi\u00f3 a ser puesto en el centro de la escena porque en Qatar 2022 tambi\u00e9n sufri\u00f3 molestias f\u00edsicas que le impidieron rendir en plenitud.<\/p>\n<p>En diferente sinton\u00eda, <b>Brasil <\/b>sum\u00f3 otros dolores de cabeza m\u00e1s all\u00e1 de <b>Rodrygo<\/b>. <i>The Athletic<\/i> asegur\u00f3 que <b>Estevao <\/b>est\u00e1<span class=\"waslinkname\"><b> \u201cpr\u00e1cticamente descartado\u201d<\/b><\/span> del Mundial por una <b>lesi\u00f3n muscular de grado 4<\/b>, aunque todav\u00eda no hubo una confirmaci\u00f3n sobre los plazos de recuperaci\u00f3n. Se suma que <b>Eder Militao<\/b> ya no jugar\u00e1 por lo que resta de la temporada con <b>Real Madrid<\/b> por una lesi\u00f3n en el <b>b\u00edceps femoral<\/b> y, desde Espa\u00f1a, afirman que <span class=\"waslinkname\">se perder\u00eda la cita mundialista<\/span>.<\/p>\n<p>Estos nombres han sido considerados por el entrenador <b>Carlo Ancelotti <\/b>en su ciclo, pero hay uno que nunca fue convocado y nadie se anima a descartar: <b>Neymar<\/b>. El hombre del Santos de Brasil sufri\u00f3 varias lesiones en estos \u00faltimos a\u00f1os de su carrera y <span class=\"waslinkname\">el <i>Peixe<\/i> dise\u00f1\u00f3 un plan<\/span> para que pueda ser convocado por el DT, quien <span class=\"waslinkname\">le hizo un inesperado gui\u00f1o en los \u00faltimos d\u00edas<\/span>: \u201c<b>A\u00fan tiene dos meses para demostrar que tiene las cualidades para disputar el pr\u00f3ximo Mundial<\/b>\u201d.<\/p>\n<p><img loading=\"lazy\" decoding=\"async\" src=\"https:\/\/lobosnews.com.ar\/wp-content\/uploads\/2026\/04\/10-bajas-confirmadas-12-dudas-y-varias-selecciones-en-alerta-maxima-el-mapa-de-lesionados-a-46-dias-del-mundial-4.jpg\" alt=\"Neymar mantiene la ilusi\u00f3n de ser parte del Scratch tras las bajas de Rodrygo y la muy probable ausencia de Estevao (Cr\u00e9dito: Reuters\/Thiago Bernardes)\" height=\"4098\" width=\"6086\"\/><\/p>\n<p>La selecci\u00f3n de <b>Croacia <\/b>tambi\u00e9n integra la lista de 12 dudas para la Copa del Mundo. Una de sus figuras defensivas, <b>Josko Gvardiol<\/b>, se destac\u00f3 en 2022 hasta ser bailado por <b>Lionel Messi<\/b> en semifinales, pero su realidad dista mucho de aquella. Est\u00e1 en plena recuperaci\u00f3n de una <b>fractura de tibia en la pierna derecha<\/b> ocurrida el 4 de enero con <b>Manchester City<\/b> ante <b>Chelsea<\/b>. Seg\u00fan portales m\u00e9dicos especializados, los plazos van de 4 a 6 meses de rehabilitaci\u00f3n y la <b>Premier League<\/b> termina a fines de mayo.<\/p>\n<p>La recorrida europea finaliza con <b>Marc-Andr\u00e9 ter Stegen <\/b>y <b>Reece James<\/b>. El arquero del Barcelona ingres\u00f3 al quir\u00f3fano en febrero pasado para tratar una lesi\u00f3n en el isquiotibial izquierdo. Declar\u00f3 que ser\u00e1 baja <b>\u201cdurante varios meses\u201d<\/b> a trav\u00e9s de sus redes sociales, pero no profundiz\u00f3 en los plazos. Mientras tanto, James qued\u00f3 apartado de los \u00faltimos seis compromisos del Chelsea por molestias musculares y es una inc\u00f3gnita si podr\u00e1 estar en la selecci\u00f3n de Inglaterra.<\/p>\n<p>En consonancia, <b>Wataru Endo<\/b> comunic\u00f3 que sufri\u00f3 una <b>\u201clesi\u00f3n de ligamentos\u201d<\/b> y estar\u00eda a disposici\u00f3n del combinado de Jap\u00f3n a fines de mayo, aunque cualquier demora en la recuperaci\u00f3n complicar\u00eda su presencia en el Mundial.<\/p>\n<p>Por \u00faltimo, <b>Joaqu\u00edn Piquerez<\/b> est\u00e1 en la misma situaci\u00f3n porque el futbolista del <b>Palmeiras <\/b>y la selecci\u00f3n de Uruguay fue operado en abril pasado tras sufrir <b>una rotura de ligamentos en su tobillo derecho<\/b>. El cuadro m\u00e9dico parece grave, pero <i>ESPN Brasil<\/i> inform\u00f3 que hay posibilidades de que sea convocado por Marcelo Bielsa.<\/p>\n<h2>Los grupos del Mundial 2026<\/h2>\n<p><img loading=\"lazy\" decoding=\"async\" src=\"https:\/\/lobosnews.com.ar\/wp-content\/uploads\/2026\/04\/10-bajas-confirmadas-12-dudas-y-varias-selecciones-en-alerta-maxima-el-mapa-de-lesionados-a-46-dias-del-mundial-5.jpg\" alt=\"\" height=\"1350\" width=\"1080\"\/><\/p>\n<p><b>\u2022 Grupo A<\/b>: M\u00e9xico, Sud\u00e1frica, Corea del Sur y Rep\u00fablica Checa<\/p>\n<p><b>\u2022 Grupo B<\/b>: Canad\u00e1, Qatar, Suiza y Bosnia y Herzegovina<\/p>\n<p><b>\u2022 Grupo C<\/b>: Brasil, Marruecos, Hait\u00ed y Escocia<\/p>\n<p><b>\u2022 Grupo D<\/b>: Estados Unidos, Paraguay, Australia y Turqu\u00eda<\/p>\n<p><b>\u2022 Grupo E<\/b>: Alemania, Curazao, Costa de Marfil y Ecuador<\/p>\n<p><b>\u2022 Grupo F<\/b>: Pa\u00edses Bajos, Jap\u00f3n, T\u00fanez y Suecia<\/p>\n<p><b>\u2022 Grupo G<\/b>: B\u00e9lgica, Egipto, Ir\u00e1n y Nueva Zelanda<\/p>\n<p><b>\u2022 Grupo H<\/b>: Espa\u00f1a, Cabo Verde, Arabia Saudita y Uruguay<\/p>\n<p><b>\u2022 Grupo I<\/b>: Francia, Senegal, Noruega e Irak <\/p>\n<p><b>\u2022 Grupo J<\/b>: Argentina, Argelia, Austria y Jordania<\/p>\n<p><b>\u2022 Grupo K<\/b>: Portugal, Uzbekist\u00e1n, Colombia y<b> <\/b>Rep\u00fablica Democr\u00e1tica del Congo<\/p>\n<p><b>\u2022 Grupo L<\/b>: Inglaterra, Croacia, Ghana y Panam\u00e1<\/p>\n","protected":false},"excerpt":{"rendered":"<p>Solo faltan 46 d\u00edas para que M\u00e9xico y Sud\u00e1frica den el puntapi\u00e9 inicial del Mundial 2026, que se celebrar\u00e1 en el pa\u00eds azteca, junto a Estados Unidos y Canad\u00e1. Y la cita tendr\u00e1 ausentes de relieve internacional, sumado a otros futbolistas que afrontan una recuperaci\u00f3n a contrarreloj para decir presente en el gran evento. La&#8230;<\/p>\n","protected":false},"author":1,"featured_media":0,"comment_status":"open","ping_status":"closed","sticky":false,"template":"","format":"standard","meta":{"_jetpack_memberships_contains_paid_content":false,"footnotes":""},"categories":[30],"tags":[39],"class_list":["post-45389","post","type-post","status-publish","format-standard","hentry","category-argentina","tag-deportes"],"magazineBlocksPostFeaturedMedia":{"thumbnail":false,"medium":false,"medium_large":false,"large":false,"1536x1536":false,"2048x2048":false,"newsmatic-featured":false,"newsmatic-list":false,"newsmatic-thumb":false,"newsmatic-small":false,"newsmatic-grid":false},"magazineBlocksPostAuthor":{"name":"admin","avatar":"https:\/\/secure.gravatar.com\/avatar\/76e419471a2083bc3ceab22a763dbbf9b0c1bd15a6214cf3280e2c2dde4580f9?s=96&d=mm&r=g"},"magazineBlocksPostCommentsNumber":"0","magazineBlocksPostExcerpt":"Solo faltan 46 d\u00edas para que M\u00e9xico y Sud\u00e1frica den el puntapi\u00e9 inicial del Mundial 2026, que se celebrar\u00e1 en el pa\u00eds azteca, junto a Estados Unidos y Canad\u00e1. Y la cita tendr\u00e1 ausentes de relieve internacional, sumado a otros futbolistas que afrontan una recuperaci\u00f3n a contrarreloj para decir presente en el gran evento. La...","magazineBlocksPostCategories":["Argentina"],"magazineBlocksPostViewCount":10,"magazineBlocksPostReadTime":7,"magazine_blocks_featured_image_url":{"full":false,"medium":false,"thumbnail":false},"magazine_blocks_author":{"display_name":"admin","author_link":"https:\/\/lobosnews.com.ar\/index.php\/author\/lobos-news\/"},"magazine_blocks_comment":0,"magazine_blocks_author_image":"https:\/\/secure.gravatar.com\/avatar\/76e419471a2083bc3ceab22a763dbbf9b0c1bd15a6214cf3280e2c2dde4580f9?s=96&d=mm&r=g","magazine_blocks_category":"<a href=\"#\" class=\"category-link category-link-30\">Argentina<\/a>","yoast_head":"<!-- This site is optimized with the Yoast SEO plugin v26.6 - https:\/\/yoast.com\/wordpress\/plugins\/seo\/ -->\n<title>10 bajas confirmadas, 12 dudas y varias selecciones en alerta m\u00e1xima: el mapa de lesionados a 46 d\u00edas del Mundial - Lobos News<\/title>\n<meta name=\"robots\" content=\"index, follow, max-snippet:-1, max-image-preview:large, max-video-preview:-1\" \/>\n<link rel=\"canonical\" href=\"https:\/\/lobosnews.com.ar\/index.php\/2026\/04\/26\/10-bajas-confirmadas-12-dudas-y-varias-selecciones-en-alerta-maxima-el-mapa-de-lesionados-a-46-dias-del-mundial\/\" \/>\n<meta property=\"og:locale\" content=\"es_ES\" \/>\n<meta property=\"og:type\" content=\"article\" \/>\n<meta property=\"og:title\" content=\"10 bajas confirmadas, 12 dudas y varias selecciones en alerta m\u00e1xima: el mapa de lesionados a 46 d\u00edas del Mundial - Lobos News\" \/>\n<meta property=\"og:description\" content=\"Solo faltan 46 d\u00edas para que M\u00e9xico y Sud\u00e1frica den el puntapi\u00e9 inicial del Mundial 2026, que se celebrar\u00e1 en el pa\u00eds azteca, junto a Estados Unidos y Canad\u00e1. Y la cita tendr\u00e1 ausentes de relieve internacional, sumado a otros futbolistas que afrontan una recuperaci\u00f3n a contrarreloj para decir presente en el gran evento. La...\" \/>\n<meta property=\"og:url\" content=\"https:\/\/lobosnews.com.ar\/index.php\/2026\/04\/26\/10-bajas-confirmadas-12-dudas-y-varias-selecciones-en-alerta-maxima-el-mapa-de-lesionados-a-46-dias-del-mundial\/\" \/>\n<meta property=\"og:site_name\" content=\"Lobos News\" \/>\n<meta property=\"article:published_time\" content=\"2026-04-26T06:14:55+00:00\" \/>\n<meta property=\"article:modified_time\" content=\"2026-04-26T08:27:25+00:00\" \/>\n<meta property=\"og:image\" content=\"https:\/\/lobosnews.com.ar\/wp-content\/uploads\/2026\/04\/10-bajas-confirmadas-12-dudas-y-varias-selecciones-en-alerta-maxima-el-mapa-de-lesionados-a-46-dias-del-mundial.jpg\" \/>\n<meta name=\"author\" content=\"admin\" \/>\n<meta name=\"twitter:card\" content=\"summary_large_image\" \/>\n<meta name=\"twitter:label1\" content=\"Escrito por\" \/>\n\t<meta name=\"twitter:data1\" content=\"admin\" \/>\n\t<meta name=\"twitter:label2\" content=\"Tiempo de lectura\" \/>\n\t<meta name=\"twitter:data2\" content=\"7 minutos\" \/>\n<script type=\"application\/ld+json\" class=\"yoast-schema-graph\">{\"@context\":\"https:\/\/schema.org\",\"@graph\":[{\"@type\":\"Article\",\"@id\":\"https:\/\/lobosnews.com.ar\/index.php\/2026\/04\/26\/10-bajas-confirmadas-12-dudas-y-varias-selecciones-en-alerta-maxima-el-mapa-de-lesionados-a-46-dias-del-mundial\/#article\",\"isPartOf\":{\"@id\":\"https:\/\/lobosnews.com.ar\/index.php\/2026\/04\/26\/10-bajas-confirmadas-12-dudas-y-varias-selecciones-en-alerta-maxima-el-mapa-de-lesionados-a-46-dias-del-mundial\/\"},\"author\":{\"name\":\"admin\",\"@id\":\"https:\/\/lobosnews.com.ar\/#\/schema\/person\/232422a593d5c541dd9aef6aaed10943\"},\"headline\":\"10 bajas confirmadas, 12 dudas y varias selecciones en alerta m\u00e1xima: el mapa de lesionados a 46 d\u00edas del Mundial\",\"datePublished\":\"2026-04-26T06:14:55+00:00\",\"dateModified\":\"2026-04-26T08:27:25+00:00\",\"mainEntityOfPage\":{\"@id\":\"https:\/\/lobosnews.com.ar\/index.php\/2026\/04\/26\/10-bajas-confirmadas-12-dudas-y-varias-selecciones-en-alerta-maxima-el-mapa-de-lesionados-a-46-dias-del-mundial\/\"},\"wordCount\":1326,\"commentCount\":0,\"publisher\":{\"@id\":\"https:\/\/lobosnews.com.ar\/#organization\"},\"image\":{\"@id\":\"https:\/\/lobosnews.com.ar\/index.php\/2026\/04\/26\/10-bajas-confirmadas-12-dudas-y-varias-selecciones-en-alerta-maxima-el-mapa-de-lesionados-a-46-dias-del-mundial\/#primaryimage\"},\"thumbnailUrl\":\"https:\/\/lobosnews.com.ar\/wp-content\/uploads\/2026\/04\/10-bajas-confirmadas-12-dudas-y-varias-selecciones-en-alerta-maxima-el-mapa-de-lesionados-a-46-dias-del-mundial.jpg\",\"keywords\":[\"Deportes\"],\"articleSection\":[\"Argentina\"],\"inLanguage\":\"es\",\"potentialAction\":[{\"@type\":\"CommentAction\",\"name\":\"Comment\",\"target\":[\"https:\/\/lobosnews.com.ar\/index.php\/2026\/04\/26\/10-bajas-confirmadas-12-dudas-y-varias-selecciones-en-alerta-maxima-el-mapa-de-lesionados-a-46-dias-del-mundial\/#respond\"]}]},{\"@type\":\"WebPage\",\"@id\":\"https:\/\/lobosnews.com.ar\/index.php\/2026\/04\/26\/10-bajas-confirmadas-12-dudas-y-varias-selecciones-en-alerta-maxima-el-mapa-de-lesionados-a-46-dias-del-mundial\/\",\"url\":\"https:\/\/lobosnews.com.ar\/index.php\/2026\/04\/26\/10-bajas-confirmadas-12-dudas-y-varias-selecciones-en-alerta-maxima-el-mapa-de-lesionados-a-46-dias-del-mundial\/\",\"name\":\"10 bajas confirmadas, 12 dudas y varias selecciones en alerta m\u00e1xima: el mapa de lesionados a 46 d\u00edas del Mundial - Lobos News\",\"isPartOf\":{\"@id\":\"https:\/\/lobosnews.com.ar\/#website\"},\"primaryImageOfPage\":{\"@id\":\"https:\/\/lobosnews.com.ar\/index.php\/2026\/04\/26\/10-bajas-confirmadas-12-dudas-y-varias-selecciones-en-alerta-maxima-el-mapa-de-lesionados-a-46-dias-del-mundial\/#primaryimage\"},\"image\":{\"@id\":\"https:\/\/lobosnews.com.ar\/index.php\/2026\/04\/26\/10-bajas-confirmadas-12-dudas-y-varias-selecciones-en-alerta-maxima-el-mapa-de-lesionados-a-46-dias-del-mundial\/#primaryimage\"},\"thumbnailUrl\":\"https:\/\/lobosnews.com.ar\/wp-content\/uploads\/2026\/04\/10-bajas-confirmadas-12-dudas-y-varias-selecciones-en-alerta-maxima-el-mapa-de-lesionados-a-46-dias-del-mundial.jpg\",\"datePublished\":\"2026-04-26T06:14:55+00:00\",\"dateModified\":\"2026-04-26T08:27:25+00:00\",\"breadcrumb\":{\"@id\":\"https:\/\/lobosnews.com.ar\/index.php\/2026\/04\/26\/10-bajas-confirmadas-12-dudas-y-varias-selecciones-en-alerta-maxima-el-mapa-de-lesionados-a-46-dias-del-mundial\/#breadcrumb\"},\"inLanguage\":\"es\",\"potentialAction\":[{\"@type\":\"ReadAction\",\"target\":[\"https:\/\/lobosnews.com.ar\/index.php\/2026\/04\/26\/10-bajas-confirmadas-12-dudas-y-varias-selecciones-en-alerta-maxima-el-mapa-de-lesionados-a-46-dias-del-mundial\/\"]}]},{\"@type\":\"ImageObject\",\"inLanguage\":\"es\",\"@id\":\"https:\/\/lobosnews.com.ar\/index.php\/2026\/04\/26\/10-bajas-confirmadas-12-dudas-y-varias-selecciones-en-alerta-maxima-el-mapa-de-lesionados-a-46-dias-del-mundial\/#primaryimage\",\"url\":\"https:\/\/lobosnews.com.ar\/wp-content\/uploads\/2026\/04\/10-bajas-confirmadas-12-dudas-y-varias-selecciones-en-alerta-maxima-el-mapa-de-lesionados-a-46-dias-del-mundial.jpg\",\"contentUrl\":\"https:\/\/lobosnews.com.ar\/wp-content\/uploads\/2026\/04\/10-bajas-confirmadas-12-dudas-y-varias-selecciones-en-alerta-maxima-el-mapa-de-lesionados-a-46-dias-del-mundial.jpg\"},{\"@type\":\"BreadcrumbList\",\"@id\":\"https:\/\/lobosnews.com.ar\/index.php\/2026\/04\/26\/10-bajas-confirmadas-12-dudas-y-varias-selecciones-en-alerta-maxima-el-mapa-de-lesionados-a-46-dias-del-mundial\/#breadcrumb\",\"itemListElement\":[{\"@type\":\"ListItem\",\"position\":1,\"name\":\"Portada\",\"item\":\"https:\/\/lobosnews.com.ar\/\"},{\"@type\":\"ListItem\",\"position\":2,\"name\":\"10 bajas confirmadas, 12 dudas y varias selecciones en alerta m\u00e1xima: el mapa de lesionados a 46 d\u00edas del Mundial\"}]},{\"@type\":\"WebSite\",\"@id\":\"https:\/\/lobosnews.com.ar\/#website\",\"url\":\"https:\/\/lobosnews.com.ar\/\",\"name\":\"Lobos News\",\"description\":\"Informaci\u00f3n a cada instante\",\"publisher\":{\"@id\":\"https:\/\/lobosnews.com.ar\/#organization\"},\"potentialAction\":[{\"@type\":\"SearchAction\",\"target\":{\"@type\":\"EntryPoint\",\"urlTemplate\":\"https:\/\/lobosnews.com.ar\/?s={search_term_string}\"},\"query-input\":{\"@type\":\"PropertyValueSpecification\",\"valueRequired\":true,\"valueName\":\"search_term_string\"}}],\"inLanguage\":\"es\"},{\"@type\":\"Organization\",\"@id\":\"https:\/\/lobosnews.com.ar\/#organization\",\"name\":\"Lobos News\",\"url\":\"https:\/\/lobosnews.com.ar\/\",\"logo\":{\"@type\":\"ImageObject\",\"inLanguage\":\"es\",\"@id\":\"https:\/\/lobosnews.com.ar\/#\/schema\/logo\/image\/\",\"url\":\"https:\/\/lobosnews.com.ar\/wp-content\/uploads\/2026\/01\/logo-lobosnews.png\",\"contentUrl\":\"https:\/\/lobosnews.com.ar\/wp-content\/uploads\/2026\/01\/logo-lobosnews.png\",\"width\":500,\"height\":200,\"caption\":\"Lobos News\"},\"image\":{\"@id\":\"https:\/\/lobosnews.com.ar\/#\/schema\/logo\/image\/\"}},{\"@type\":\"Person\",\"@id\":\"https:\/\/lobosnews.com.ar\/#\/schema\/person\/232422a593d5c541dd9aef6aaed10943\",\"name\":\"admin\",\"image\":{\"@type\":\"ImageObject\",\"inLanguage\":\"es\",\"@id\":\"https:\/\/lobosnews.com.ar\/#\/schema\/person\/image\/\",\"url\":\"https:\/\/secure.gravatar.com\/avatar\/76e419471a2083bc3ceab22a763dbbf9b0c1bd15a6214cf3280e2c2dde4580f9?s=96&d=mm&r=g\",\"contentUrl\":\"https:\/\/secure.gravatar.com\/avatar\/76e419471a2083bc3ceab22a763dbbf9b0c1bd15a6214cf3280e2c2dde4580f9?s=96&d=mm&r=g\",\"caption\":\"admin\"},\"sameAs\":[\"https:\/\/lobosnews.com.ar\"],\"url\":\"https:\/\/lobosnews.com.ar\/index.php\/author\/lobos-news\/\"}]}<\/script>\n<!-- \/ Yoast SEO plugin. -->","yoast_head_json":{"title":"10 bajas confirmadas, 12 dudas y varias selecciones en alerta m\u00e1xima: el mapa de lesionados a 46 d\u00edas del Mundial - Lobos News","robots":{"index":"index","follow":"follow","max-snippet":"max-snippet:-1","max-image-preview":"max-image-preview:large","max-video-preview":"max-video-preview:-1"},"canonical":"https:\/\/lobosnews.com.ar\/index.php\/2026\/04\/26\/10-bajas-confirmadas-12-dudas-y-varias-selecciones-en-alerta-maxima-el-mapa-de-lesionados-a-46-dias-del-mundial\/","og_locale":"es_ES","og_type":"article","og_title":"10 bajas confirmadas, 12 dudas y varias selecciones en alerta m\u00e1xima: el mapa de lesionados a 46 d\u00edas del Mundial - Lobos News","og_description":"Solo faltan 46 d\u00edas para que M\u00e9xico y Sud\u00e1frica den el puntapi\u00e9 inicial del Mundial 2026, que se celebrar\u00e1 en el pa\u00eds azteca, junto a Estados Unidos y Canad\u00e1. Y la cita tendr\u00e1 ausentes de relieve internacional, sumado a otros futbolistas que afrontan una recuperaci\u00f3n a contrarreloj para decir presente en el gran evento. La...","og_url":"https:\/\/lobosnews.com.ar\/index.php\/2026\/04\/26\/10-bajas-confirmadas-12-dudas-y-varias-selecciones-en-alerta-maxima-el-mapa-de-lesionados-a-46-dias-del-mundial\/","og_site_name":"Lobos News","article_published_time":"2026-04-26T06:14:55+00:00","article_modified_time":"2026-04-26T08:27:25+00:00","og_image":[{"url":"https:\/\/lobosnews.com.ar\/wp-content\/uploads\/2026\/04\/10-bajas-confirmadas-12-dudas-y-varias-selecciones-en-alerta-maxima-el-mapa-de-lesionados-a-46-dias-del-mundial.jpg","type":"","width":"","height":""}],"author":"admin","twitter_card":"summary_large_image","twitter_misc":{"Escrito por":"admin","Tiempo de lectura":"7 minutos"},"schema":{"@context":"https:\/\/schema.org","@graph":[{"@type":"Article","@id":"https:\/\/lobosnews.com.ar\/index.php\/2026\/04\/26\/10-bajas-confirmadas-12-dudas-y-varias-selecciones-en-alerta-maxima-el-mapa-de-lesionados-a-46-dias-del-mundial\/#article","isPartOf":{"@id":"https:\/\/lobosnews.com.ar\/index.php\/2026\/04\/26\/10-bajas-confirmadas-12-dudas-y-varias-selecciones-en-alerta-maxima-el-mapa-de-lesionados-a-46-dias-del-mundial\/"},"author":{"name":"admin","@id":"https:\/\/lobosnews.com.ar\/#\/schema\/person\/232422a593d5c541dd9aef6aaed10943"},"headline":"10 bajas confirmadas, 12 dudas y varias selecciones en alerta m\u00e1xima: el mapa de lesionados a 46 d\u00edas del Mundial","datePublished":"2026-04-26T06:14:55+00:00","dateModified":"2026-04-26T08:27:25+00:00","mainEntityOfPage":{"@id":"https:\/\/lobosnews.com.ar\/index.php\/2026\/04\/26\/10-bajas-confirmadas-12-dudas-y-varias-selecciones-en-alerta-maxima-el-mapa-de-lesionados-a-46-dias-del-mundial\/"},"wordCount":1326,"commentCount":0,"publisher":{"@id":"https:\/\/lobosnews.com.ar\/#organization"},"image":{"@id":"https:\/\/lobosnews.com.ar\/index.php\/2026\/04\/26\/10-bajas-confirmadas-12-dudas-y-varias-selecciones-en-alerta-maxima-el-mapa-de-lesionados-a-46-dias-del-mundial\/#primaryimage"},"thumbnailUrl":"https:\/\/lobosnews.com.ar\/wp-content\/uploads\/2026\/04\/10-bajas-confirmadas-12-dudas-y-varias-selecciones-en-alerta-maxima-el-mapa-de-lesionados-a-46-dias-del-mundial.jpg","keywords":["Deportes"],"articleSection":["Argentina"],"inLanguage":"es","potentialAction":[{"@type":"CommentAction","name":"Comment","target":["https:\/\/lobosnews.com.ar\/index.php\/2026\/04\/26\/10-bajas-confirmadas-12-dudas-y-varias-selecciones-en-alerta-maxima-el-mapa-de-lesionados-a-46-dias-del-mundial\/#respond"]}]},{"@type":"WebPage","@id":"https:\/\/lobosnews.com.ar\/index.php\/2026\/04\/26\/10-bajas-confirmadas-12-dudas-y-varias-selecciones-en-alerta-maxima-el-mapa-de-lesionados-a-46-dias-del-mundial\/","url":"https:\/\/lobosnews.com.ar\/index.php\/2026\/04\/26\/10-bajas-confirmadas-12-dudas-y-varias-selecciones-en-alerta-maxima-el-mapa-de-lesionados-a-46-dias-del-mundial\/","name":"10 bajas confirmadas, 12 dudas y varias selecciones en alerta m\u00e1xima: el mapa de lesionados a 46 d\u00edas del Mundial - Lobos News","isPartOf":{"@id":"https:\/\/lobosnews.com.ar\/#website"},"primaryImageOfPage":{"@id":"https:\/\/lobosnews.com.ar\/index.php\/2026\/04\/26\/10-bajas-confirmadas-12-dudas-y-varias-selecciones-en-alerta-maxima-el-mapa-de-lesionados-a-46-dias-del-mundial\/#primaryimage"},"image":{"@id":"https:\/\/lobosnews.com.ar\/index.php\/2026\/04\/26\/10-bajas-confirmadas-12-dudas-y-varias-selecciones-en-alerta-maxima-el-mapa-de-lesionados-a-46-dias-del-mundial\/#primaryimage"},"thumbnailUrl":"https:\/\/lobosnews.com.ar\/wp-content\/uploads\/2026\/04\/10-bajas-confirmadas-12-dudas-y-varias-selecciones-en-alerta-maxima-el-mapa-de-lesionados-a-46-dias-del-mundial.jpg","datePublished":"2026-04-26T06:14:55+00:00","dateModified":"2026-04-26T08:27:25+00:00","breadcrumb":{"@id":"https:\/\/lobosnews.com.ar\/index.php\/2026\/04\/26\/10-bajas-confirmadas-12-dudas-y-varias-selecciones-en-alerta-maxima-el-mapa-de-lesionados-a-46-dias-del-mundial\/#breadcrumb"},"inLanguage":"es","potentialAction":[{"@type":"ReadAction","target":["https:\/\/lobosnews.com.ar\/index.php\/2026\/04\/26\/10-bajas-confirmadas-12-dudas-y-varias-selecciones-en-alerta-maxima-el-mapa-de-lesionados-a-46-dias-del-mundial\/"]}]},{"@type":"ImageObject","inLanguage":"es","@id":"https:\/\/lobosnews.com.ar\/index.php\/2026\/04\/26\/10-bajas-confirmadas-12-dudas-y-varias-selecciones-en-alerta-maxima-el-mapa-de-lesionados-a-46-dias-del-mundial\/#primaryimage","url":"https:\/\/lobosnews.com.ar\/wp-content\/uploads\/2026\/04\/10-bajas-confirmadas-12-dudas-y-varias-selecciones-en-alerta-maxima-el-mapa-de-lesionados-a-46-dias-del-mundial.jpg","contentUrl":"https:\/\/lobosnews.com.ar\/wp-content\/uploads\/2026\/04\/10-bajas-confirmadas-12-dudas-y-varias-selecciones-en-alerta-maxima-el-mapa-de-lesionados-a-46-dias-del-mundial.jpg"},{"@type":"BreadcrumbList","@id":"https:\/\/lobosnews.com.ar\/index.php\/2026\/04\/26\/10-bajas-confirmadas-12-dudas-y-varias-selecciones-en-alerta-maxima-el-mapa-de-lesionados-a-46-dias-del-mundial\/#breadcrumb","itemListElement":[{"@type":"ListItem","position":1,"name":"Portada","item":"https:\/\/lobosnews.com.ar\/"},{"@type":"ListItem","position":2,"name":"10 bajas confirmadas, 12 dudas y varias selecciones en alerta m\u00e1xima: el mapa de lesionados a 46 d\u00edas del Mundial"}]},{"@type":"WebSite","@id":"https:\/\/lobosnews.com.ar\/#website","url":"https:\/\/lobosnews.com.ar\/","name":"Lobos News","description":"Informaci\u00f3n a cada instante","publisher":{"@id":"https:\/\/lobosnews.com.ar\/#organization"},"potentialAction":[{"@type":"SearchAction","target":{"@type":"EntryPoint","urlTemplate":"https:\/\/lobosnews.com.ar\/?s={search_term_string}"},"query-input":{"@type":"PropertyValueSpecification","valueRequired":true,"valueName":"search_term_string"}}],"inLanguage":"es"},{"@type":"Organization","@id":"https:\/\/lobosnews.com.ar\/#organization","name":"Lobos News","url":"https:\/\/lobosnews.com.ar\/","logo":{"@type":"ImageObject","inLanguage":"es","@id":"https:\/\/lobosnews.com.ar\/#\/schema\/logo\/image\/","url":"https:\/\/lobosnews.com.ar\/wp-content\/uploads\/2026\/01\/logo-lobosnews.png","contentUrl":"https:\/\/lobosnews.com.ar\/wp-content\/uploads\/2026\/01\/logo-lobosnews.png","width":500,"height":200,"caption":"Lobos News"},"image":{"@id":"https:\/\/lobosnews.com.ar\/#\/schema\/logo\/image\/"}},{"@type":"Person","@id":"https:\/\/lobosnews.com.ar\/#\/schema\/person\/232422a593d5c541dd9aef6aaed10943","name":"admin","image":{"@type":"ImageObject","inLanguage":"es","@id":"https:\/\/lobosnews.com.ar\/#\/schema\/person\/image\/","url":"https:\/\/secure.gravatar.com\/avatar\/76e419471a2083bc3ceab22a763dbbf9b0c1bd15a6214cf3280e2c2dde4580f9?s=96&d=mm&r=g","contentUrl":"https:\/\/secure.gravatar.com\/avatar\/76e419471a2083bc3ceab22a763dbbf9b0c1bd15a6214cf3280e2c2dde4580f9?s=96&d=mm&r=g","caption":"admin"},"sameAs":["https:\/\/lobosnews.com.ar"],"url":"https:\/\/lobosnews.com.ar\/index.php\/author\/lobos-news\/"}]}},"jetpack_featured_media_url":"","jetpack_sharing_enabled":true,"_links":{"self":[{"href":"https:\/\/lobosnews.com.ar\/index.php\/wp-json\/wp\/v2\/posts\/45389","targetHints":{"allow":["GET"]}}],"collection":[{"href":"https:\/\/lobosnews.com.ar\/index.php\/wp-json\/wp\/v2\/posts"}],"about":[{"href":"https:\/\/lobosnews.com.ar\/index.php\/wp-json\/wp\/v2\/types\/post"}],"author":[{"embeddable":true,"href":"https:\/\/lobosnews.com.ar\/index.php\/wp-json\/wp\/v2\/users\/1"}],"replies":[{"embeddable":true,"href":"https:\/\/lobosnews.com.ar\/index.php\/wp-json\/wp\/v2\/comments?post=45389"}],"version-history":[{"count":1,"href":"https:\/\/lobosnews.com.ar\/index.php\/wp-json\/wp\/v2\/posts\/45389\/revisions"}],"predecessor-version":[{"id":45396,"href":"https:\/\/lobosnews.com.ar\/index.php\/wp-json\/wp\/v2\/posts\/45389\/revisions\/45396"}],"wp:attachment":[{"href":"https:\/\/lobosnews.com.ar\/index.php\/wp-json\/wp\/v2\/media?parent=45389"}],"wp:term":[{"taxonomy":"category","embeddable":true,"href":"https:\/\/lobosnews.com.ar\/index.php\/wp-json\/wp\/v2\/categories?post=45389"},{"taxonomy":"post_tag","embeddable":true,"href":"https:\/\/lobosnews.com.ar\/index.php\/wp-json\/wp\/v2\/tags?post=45389"}],"curies":[{"name":"wp","href":"https:\/\/api.w.org\/{rel}","templated":true}]}}