{"id":45329,"date":"2026-04-25T22:18:50","date_gmt":"2026-04-25T22:18:50","guid":{"rendered":"https:\/\/lobosnews.com.ar\/index.php\/2026\/04\/25\/la-tajante-decision-de-nicole-neumann-durante-la-fiesta-de-15-de-allegra-cubero-relax-naturaleza-y-silencio-2\/"},"modified":"2026-04-26T02:40:53","modified_gmt":"2026-04-26T02:40:53","slug":"la-tajante-decision-de-nicole-neumann-durante-la-fiesta-de-15-de-allegra-cubero-relax-naturaleza-y-silencio-2","status":"publish","type":"post","link":"https:\/\/lobosnews.com.ar\/index.php\/2026\/04\/25\/la-tajante-decision-de-nicole-neumann-durante-la-fiesta-de-15-de-allegra-cubero-relax-naturaleza-y-silencio-2\/","title":{"rendered":"La tajante decisi\u00f3n de Nicole Neumann durante la fiesta de 15 de Allegra Cubero: relax, naturaleza y silencio"},"content":{"rendered":"<p><img loading=\"lazy\" decoding=\"async\" src=\"https:\/\/lobosnews.com.ar\/wp-content\/uploads\/2026\/04\/la-tajante-decision-de-nicole-neumann-durante-la-fiesta-de-15-de-allegra-cubero-relax-naturaleza-y-silencio.jpg\" alt=\"La adolescente decidi\u00f3 hablar en medio de la pol\u00e9mica que se gener\u00f3 por su internaci\u00f3n\" height=\"1080\" width=\"1920\"\/><\/p>\n<p>Este s\u00e1bado, tras semanas de tensi\u00f3n, especulaciones y declaraciones cruzadas, <b>Allegra Cubero <\/b>celebr\u00f3 su <span class=\"waslinkname\">cumplea\u00f1os de 15 junto a su familia<\/span>, su padre <b>Fabi\u00e1n Cubero <\/b>y <b>Mica Viciconte<\/b>. Como se preve\u00eda, la gran ausente fue <b>Nicole Neumann<\/b>, quien opt\u00f3 por aprovechar la ocasi\u00f3n para alejarse de Buenos Aires y realizar una escapada de fin de semana.<\/p>\n<p>La celebraci\u00f3n, que podr\u00eda haber sido una oportunidad para mostrar armon\u00eda familiar, termin\u00f3 poniendo en evidencia la distancia entre los padres de Allegra. Mientras desde el entorno de Fabi\u00e1n Cubero los preparativos y el festejo ocuparon un lugar central en redes sociales, Nicole Neumann eligi\u00f3 marcar su ausencia de forma notoria.<\/p>\n<p>A trav\u00e9s de sus historias de Instagram, la modelo mostr\u00f3 que se encontraba lejos del lugar donde su hija celebraba una fecha significativa. Sin emitir declaraciones, sus publicaciones resultaron elocuentes.<\/p>\n<p>En las im\u00e1genes se la ve a bordo de un avi\u00f3n, con vistas nocturnas de la ciudad y una etiqueta que indicaba el destino: \u201cNeuqu\u00e9n, Argentina\u201d. Este destino no es casual. Neuqu\u00e9n es el lugar donde residen los padres de su esposo, Manuel Urcera, y suele ser el refugio elegido por Neumann para mantenerse al margen del foco medi\u00e1tico. En esta ocasi\u00f3n, viaj\u00f3 acompa\u00f1ada de su hijo Cruz Urcera, a quien se la vio en brazos, enfocada en su entorno familiar.<\/p>\n<p><img loading=\"lazy\" decoding=\"async\" src=\"https:\/\/lobosnews.com.ar\/wp-content\/uploads\/2026\/04\/la-tajante-decision-de-nicole-neumann-durante-la-fiesta-de-15-de-allegra-cubero-relax-naturaleza-y-silencio-3.jpg\" alt=\"Nicole Neumann eligi\u00f3 viajar a Neuqu\u00e9n con su hijo Cruz y se ausent\u00f3 del cumplea\u00f1os familiar de Allegra (Instagram)\" height=\"2346\" width=\"1320\"\/><img loading=\"lazy\" decoding=\"async\" src=\"https:\/\/www.infobae.com\/resizer\/v2\/4IODKBHLNNFM5E6VYU7J7IENQM.jpg?auth=1277070d6520a237f546e8058ed5a4ae37119438e882761203a0bdf453cc21ca&#038;smart=true&#038;width=1320&#038;height=2346\" alt=\"La distancia entre Fabi\u00e1n Cubero y Nicole Neumann qued\u00f3 reflejada en la celebraci\u00f3n de los 15 a\u00f1os de su hija Allegra (Instagram)\" height=\"2346\" width=\"1320\"\/><img loading=\"lazy\" decoding=\"async\" src=\"https:\/\/www.infobae.com\/resizer\/v2\/RXNHEDIVQFFXVB5SZ5RR4NKIIU.jpg?auth=774db2527f0c3a06b787561c014f825e9394d00552bc695c97298f716ef08860&#038;smart=true&#038;width=1320&#038;height=2346\" alt=\"Nicole Neumann mostr\u00f3 estabilidad familiar junto a Manuel Urcera en el sur, desestimando rumores de crisis matrimonial (Instagram)\" height=\"2346\" width=\"1320\"\/><\/p>\n<p>Ya instalada en el sur, Nicole comparti\u00f3 un video donde Manu Urcera aparece ense\u00f1ando a su hijo a usar un triciclo el\u00e9ctrico de tres ruedas, reforzando la imagen de un n\u00facleo familiar cercano.<\/p>\n<p>Sin necesidad de palabras, las publicaciones de la modelo marcaron su postura ante el festejo de Allegra y, adem\u00e1s, desestimaron rumores sobre una crisis matrimonial, exhibiendo una escena de estabilidad familiar.<\/p>\n<p>M\u00e1s all\u00e1 de la pol\u00e9mica interna familiar, Allegra disfrut\u00f3 de su noche noche con m\u00fasica, baile y cambios de looks. La organizaci\u00f3n, a cargo de Fabi\u00e1n Cubero y Mica Viciconte, dej\u00f3 de lado la estructura tradicional al incorporar escenograf\u00eda moderna, una propuesta gastron\u00f3mica din\u00e1mica y una ambientaci\u00f3n inspirada en un club nocturno.<\/p>\n<p>La celebraci\u00f3n present\u00f3 un formato participativo, el uso de pantallas LED, efectos de iluminaci\u00f3n, gastronom\u00eda en vivo y una organizaci\u00f3n familiar ajustada a los deseos de la homenajeada. Estos componentes marcaron una clara distancia del esquema convencional y ubicaron el evento como referencia para nuevas formas de celebrar entre adolescentes.<\/p>\n<p>Fabi\u00e1n Cubero y Mica Viciconte llegaron al sal\u00f3n de Olivos varias horas antes, acompa\u00f1ados por Luca, familiares y el equipo organizador. Mientras los m\u00e1s chicos descansaban, Allegra, Mica y un grupo reducido recibieron maquillaje de Agos R\u00edmolo. Fabi\u00e1n Cubero aprovech\u00f3 ese tiempo para relajarse al sol.<\/p>\n<p>Supervisaron de cerca el vestuario, los arreglos florales y la ambientaci\u00f3n para que todo reflejara el esp\u00edritu innovador buscado. El clima previo se vio atravesado por expectativas y nerviosismo, tanto en redes sociales como en el c\u00edrculo familiar. El vestido de Allegra, obra de Laurencio Adot, gener\u00f3 comentarios, ya que el dise\u00f1ador, amigo de Nicole Neumann, no estuvo invitado.<\/p>\n<p>El ingreso de Allegra marc\u00f3 la diferencia. Ingres\u00f3 acompa\u00f1ada de hermanos, amigos y familiares cercanos, despertando entusiasmo en el sal\u00f3n. La apertura de grandes pantallas LED y los efectos de pirotecnia fr\u00eda crearon una atm\u00f3sfera similar a la de un club nocturno. El espacio se destac\u00f3 por muros brillantes, carteles de ne\u00f3n y la proyecci\u00f3n de una \u201cA\u201d, aportando una identidad visual definida.<\/p>\n<p>El servicio gastron\u00f3mico reemplaz\u00f3 la cena formal por un catering participativo. Desde la recepci\u00f3n, los asistentes disfrutaron bruschettas caprese y brochettes en bandejas, lo que promovi\u00f3 la circulaci\u00f3n y la interacci\u00f3n. En el centro del sal\u00f3n, una estaci\u00f3n de cocina en vivo permiti\u00f3 preparar platos de carnes y vegetales al momento, invitando a los presentes a involucrarse en la experiencia culinaria.<\/p>\n<p>Un DJ se encarg\u00f3 de la m\u00fasica durante toda la noche y una estaci\u00f3n de glitter sum\u00f3 brillo a la celebraci\u00f3n. La coordinaci\u00f3n familiar result\u00f3 central para dar un perfil personalizado al evento. En febrero, Nicole Neumann organiz\u00f3 una primera celebraci\u00f3n, donde comparti\u00f3 pasarela con su hija. Ese antecedente motiv\u00f3 a Cubero y Viciconte a darle una impronta propia a la noche principal, en sinton\u00eda con la tendencia de eventos visuales y personalizados.<\/p>\n<p>La fiesta finaliz\u00f3 a las 3.50 de la madrugada, con la pista todav\u00eda activa y la sensaci\u00f3n en la familia y entre los invitados de haber vivido una celebraci\u00f3n que impulsa nuevas formas de festejar los quince a\u00f1os.<\/p>\n","protected":false},"excerpt":{"rendered":"<p>Este s\u00e1bado, tras semanas de tensi\u00f3n, especulaciones y declaraciones cruzadas, Allegra Cubero celebr\u00f3 su cumplea\u00f1os de 15 junto a su familia, su padre Fabi\u00e1n Cubero y Mica Viciconte. Como se preve\u00eda, la gran ausente fue Nicole Neumann, quien opt\u00f3 por aprovechar la ocasi\u00f3n para alejarse de Buenos Aires y realizar una escapada de fin de&#8230;<\/p>\n","protected":false},"author":1,"featured_media":45337,"comment_status":"open","ping_status":"closed","sticky":false,"template":"","format":"standard","meta":{"_jetpack_memberships_contains_paid_content":false,"footnotes":""},"categories":[79],"tags":[],"class_list":["post-45329","post","type-post","status-publish","format-standard","has-post-thumbnail","hentry","category-cine-y-series"],"magazineBlocksPostFeaturedMedia":{"thumbnail":"https:\/\/lobosnews.com.ar\/wp-content\/uploads\/2026\/04\/la-tajante-decision-de-nicole-neumann-durante-la-fiesta-de-15-de-allegra-cubero-relax-naturaleza-y-silencio-7-150x150.jpg","medium":"https:\/\/lobosnews.com.ar\/wp-content\/uploads\/2026\/04\/la-tajante-decision-de-nicole-neumann-durante-la-fiesta-de-15-de-allegra-cubero-relax-naturaleza-y-silencio-7-169x300.jpg","medium_large":"https:\/\/lobosnews.com.ar\/wp-content\/uploads\/2026\/04\/la-tajante-decision-de-nicole-neumann-durante-la-fiesta-de-15-de-allegra-cubero-relax-naturaleza-y-silencio-7-768x1365.jpg","large":"https:\/\/lobosnews.com.ar\/wp-content\/uploads\/2026\/04\/la-tajante-decision-de-nicole-neumann-durante-la-fiesta-de-15-de-allegra-cubero-relax-naturaleza-y-silencio-7-576x1024.jpg","1536x1536":"https:\/\/lobosnews.com.ar\/wp-content\/uploads\/2026\/04\/la-tajante-decision-de-nicole-neumann-durante-la-fiesta-de-15-de-allegra-cubero-relax-naturaleza-y-silencio-7-864x1536.jpg","2048x2048":"https:\/\/lobosnews.com.ar\/wp-content\/uploads\/2026\/04\/la-tajante-decision-de-nicole-neumann-durante-la-fiesta-de-15-de-allegra-cubero-relax-naturaleza-y-silencio-7-1152x2048.jpg","newsmatic-featured":"https:\/\/lobosnews.com.ar\/wp-content\/uploads\/2026\/04\/la-tajante-decision-de-nicole-neumann-durante-la-fiesta-de-15-de-allegra-cubero-relax-naturaleza-y-silencio-7-820x545.jpg","newsmatic-list":"https:\/\/lobosnews.com.ar\/wp-content\/uploads\/2026\/04\/la-tajante-decision-de-nicole-neumann-durante-la-fiesta-de-15-de-allegra-cubero-relax-naturaleza-y-silencio-7-600x400.jpg","newsmatic-thumb":"https:\/\/lobosnews.com.ar\/wp-content\/uploads\/2026\/04\/la-tajante-decision-de-nicole-neumann-durante-la-fiesta-de-15-de-allegra-cubero-relax-naturaleza-y-silencio-7-300x200.jpg","newsmatic-small":"https:\/\/lobosnews.com.ar\/wp-content\/uploads\/2026\/04\/la-tajante-decision-de-nicole-neumann-durante-la-fiesta-de-15-de-allegra-cubero-relax-naturaleza-y-silencio-7-150x95.jpg","newsmatic-grid":"https:\/\/lobosnews.com.ar\/wp-content\/uploads\/2026\/04\/la-tajante-decision-de-nicole-neumann-durante-la-fiesta-de-15-de-allegra-cubero-relax-naturaleza-y-silencio-7-400x250.jpg"},"magazineBlocksPostAuthor":{"name":"admin","avatar":"https:\/\/secure.gravatar.com\/avatar\/76e419471a2083bc3ceab22a763dbbf9b0c1bd15a6214cf3280e2c2dde4580f9?s=96&d=mm&r=g"},"magazineBlocksPostCommentsNumber":"0","magazineBlocksPostExcerpt":"Este s\u00e1bado, tras semanas de tensi\u00f3n, especulaciones y declaraciones cruzadas, Allegra Cubero celebr\u00f3 su cumplea\u00f1os de 15 junto a su familia, su padre Fabi\u00e1n Cubero y Mica Viciconte. Como se preve\u00eda, la gran ausente fue Nicole Neumann, quien opt\u00f3 por aprovechar la ocasi\u00f3n para alejarse de Buenos Aires y realizar una escapada de fin de...","magazineBlocksPostCategories":["Cine y Series"],"magazineBlocksPostViewCount":4,"magazineBlocksPostReadTime":4,"magazine_blocks_featured_image_url":{"full":["https:\/\/lobosnews.com.ar\/wp-content\/uploads\/2026\/04\/la-tajante-decision-de-nicole-neumann-durante-la-fiesta-de-15-de-allegra-cubero-relax-naturaleza-y-silencio-7.jpg",1320,2346,false],"medium":["https:\/\/lobosnews.com.ar\/wp-content\/uploads\/2026\/04\/la-tajante-decision-de-nicole-neumann-durante-la-fiesta-de-15-de-allegra-cubero-relax-naturaleza-y-silencio-7-169x300.jpg",169,300,true],"thumbnail":["https:\/\/lobosnews.com.ar\/wp-content\/uploads\/2026\/04\/la-tajante-decision-de-nicole-neumann-durante-la-fiesta-de-15-de-allegra-cubero-relax-naturaleza-y-silencio-7-150x150.jpg",150,150,true]},"magazine_blocks_author":{"display_name":"admin","author_link":"https:\/\/lobosnews.com.ar\/index.php\/author\/lobos-news\/"},"magazine_blocks_comment":0,"magazine_blocks_author_image":"https:\/\/secure.gravatar.com\/avatar\/76e419471a2083bc3ceab22a763dbbf9b0c1bd15a6214cf3280e2c2dde4580f9?s=96&d=mm&r=g","magazine_blocks_category":"<a href=\"#\" class=\"category-link category-link-79\">Cine y Series<\/a>","yoast_head":"<!-- This site is optimized with the Yoast SEO plugin v26.6 - https:\/\/yoast.com\/wordpress\/plugins\/seo\/ -->\n<title>La tajante decisi\u00f3n de Nicole Neumann durante la fiesta de 15 de Allegra Cubero: relax, naturaleza y silencio - Lobos News<\/title>\n<meta name=\"robots\" content=\"index, follow, max-snippet:-1, max-image-preview:large, max-video-preview:-1\" \/>\n<link rel=\"canonical\" href=\"https:\/\/lobosnews.com.ar\/index.php\/2026\/04\/25\/la-tajante-decision-de-nicole-neumann-durante-la-fiesta-de-15-de-allegra-cubero-relax-naturaleza-y-silencio-2\/\" \/>\n<meta property=\"og:locale\" content=\"es_ES\" \/>\n<meta property=\"og:type\" content=\"article\" \/>\n<meta property=\"og:title\" content=\"La tajante decisi\u00f3n de Nicole Neumann durante la fiesta de 15 de Allegra Cubero: relax, naturaleza y silencio - Lobos News\" \/>\n<meta property=\"og:description\" content=\"Este s\u00e1bado, tras semanas de tensi\u00f3n, especulaciones y declaraciones cruzadas, Allegra Cubero celebr\u00f3 su cumplea\u00f1os de 15 junto a su familia, su padre Fabi\u00e1n Cubero y Mica Viciconte. Como se preve\u00eda, la gran ausente fue Nicole Neumann, quien opt\u00f3 por aprovechar la ocasi\u00f3n para alejarse de Buenos Aires y realizar una escapada de fin de...\" \/>\n<meta property=\"og:url\" content=\"https:\/\/lobosnews.com.ar\/index.php\/2026\/04\/25\/la-tajante-decision-de-nicole-neumann-durante-la-fiesta-de-15-de-allegra-cubero-relax-naturaleza-y-silencio-2\/\" \/>\n<meta property=\"og:site_name\" content=\"Lobos News\" \/>\n<meta property=\"article:published_time\" content=\"2026-04-25T22:18:50+00:00\" \/>\n<meta property=\"article:modified_time\" content=\"2026-04-26T02:40:53+00:00\" \/>\n<meta property=\"og:image\" content=\"https:\/\/lobosnews.com.ar\/wp-content\/uploads\/2026\/04\/la-tajante-decision-de-nicole-neumann-durante-la-fiesta-de-15-de-allegra-cubero-relax-naturaleza-y-silencio.jpg\" \/>\n<meta name=\"author\" content=\"admin\" \/>\n<meta name=\"twitter:card\" content=\"summary_large_image\" \/>\n<meta name=\"twitter:label1\" content=\"Escrito por\" \/>\n\t<meta name=\"twitter:data1\" content=\"admin\" \/>\n\t<meta name=\"twitter:label2\" content=\"Tiempo de lectura\" \/>\n\t<meta name=\"twitter:data2\" content=\"4 minutos\" \/>\n<script type=\"application\/ld+json\" class=\"yoast-schema-graph\">{\"@context\":\"https:\/\/schema.org\",\"@graph\":[{\"@type\":\"Article\",\"@id\":\"https:\/\/lobosnews.com.ar\/index.php\/2026\/04\/25\/la-tajante-decision-de-nicole-neumann-durante-la-fiesta-de-15-de-allegra-cubero-relax-naturaleza-y-silencio-2\/#article\",\"isPartOf\":{\"@id\":\"https:\/\/lobosnews.com.ar\/index.php\/2026\/04\/25\/la-tajante-decision-de-nicole-neumann-durante-la-fiesta-de-15-de-allegra-cubero-relax-naturaleza-y-silencio-2\/\"},\"author\":{\"name\":\"admin\",\"@id\":\"https:\/\/lobosnews.com.ar\/#\/schema\/person\/232422a593d5c541dd9aef6aaed10943\"},\"headline\":\"La tajante decisi\u00f3n de Nicole Neumann durante la fiesta de 15 de Allegra Cubero: relax, naturaleza y silencio\",\"datePublished\":\"2026-04-25T22:18:50+00:00\",\"dateModified\":\"2026-04-26T02:40:53+00:00\",\"mainEntityOfPage\":{\"@id\":\"https:\/\/lobosnews.com.ar\/index.php\/2026\/04\/25\/la-tajante-decision-de-nicole-neumann-durante-la-fiesta-de-15-de-allegra-cubero-relax-naturaleza-y-silencio-2\/\"},\"wordCount\":807,\"commentCount\":0,\"publisher\":{\"@id\":\"https:\/\/lobosnews.com.ar\/#organization\"},\"image\":{\"@id\":\"https:\/\/lobosnews.com.ar\/index.php\/2026\/04\/25\/la-tajante-decision-de-nicole-neumann-durante-la-fiesta-de-15-de-allegra-cubero-relax-naturaleza-y-silencio-2\/#primaryimage\"},\"thumbnailUrl\":\"https:\/\/lobosnews.com.ar\/wp-content\/uploads\/2026\/04\/la-tajante-decision-de-nicole-neumann-durante-la-fiesta-de-15-de-allegra-cubero-relax-naturaleza-y-silencio-7.jpg\",\"articleSection\":[\"Cine y Series\"],\"inLanguage\":\"es\",\"potentialAction\":[{\"@type\":\"CommentAction\",\"name\":\"Comment\",\"target\":[\"https:\/\/lobosnews.com.ar\/index.php\/2026\/04\/25\/la-tajante-decision-de-nicole-neumann-durante-la-fiesta-de-15-de-allegra-cubero-relax-naturaleza-y-silencio-2\/#respond\"]}]},{\"@type\":\"WebPage\",\"@id\":\"https:\/\/lobosnews.com.ar\/index.php\/2026\/04\/25\/la-tajante-decision-de-nicole-neumann-durante-la-fiesta-de-15-de-allegra-cubero-relax-naturaleza-y-silencio-2\/\",\"url\":\"https:\/\/lobosnews.com.ar\/index.php\/2026\/04\/25\/la-tajante-decision-de-nicole-neumann-durante-la-fiesta-de-15-de-allegra-cubero-relax-naturaleza-y-silencio-2\/\",\"name\":\"La tajante decisi\u00f3n de Nicole Neumann durante la fiesta de 15 de Allegra Cubero: relax, naturaleza y silencio - Lobos News\",\"isPartOf\":{\"@id\":\"https:\/\/lobosnews.com.ar\/#website\"},\"primaryImageOfPage\":{\"@id\":\"https:\/\/lobosnews.com.ar\/index.php\/2026\/04\/25\/la-tajante-decision-de-nicole-neumann-durante-la-fiesta-de-15-de-allegra-cubero-relax-naturaleza-y-silencio-2\/#primaryimage\"},\"image\":{\"@id\":\"https:\/\/lobosnews.com.ar\/index.php\/2026\/04\/25\/la-tajante-decision-de-nicole-neumann-durante-la-fiesta-de-15-de-allegra-cubero-relax-naturaleza-y-silencio-2\/#primaryimage\"},\"thumbnailUrl\":\"https:\/\/lobosnews.com.ar\/wp-content\/uploads\/2026\/04\/la-tajante-decision-de-nicole-neumann-durante-la-fiesta-de-15-de-allegra-cubero-relax-naturaleza-y-silencio-7.jpg\",\"datePublished\":\"2026-04-25T22:18:50+00:00\",\"dateModified\":\"2026-04-26T02:40:53+00:00\",\"breadcrumb\":{\"@id\":\"https:\/\/lobosnews.com.ar\/index.php\/2026\/04\/25\/la-tajante-decision-de-nicole-neumann-durante-la-fiesta-de-15-de-allegra-cubero-relax-naturaleza-y-silencio-2\/#breadcrumb\"},\"inLanguage\":\"es\",\"potentialAction\":[{\"@type\":\"ReadAction\",\"target\":[\"https:\/\/lobosnews.com.ar\/index.php\/2026\/04\/25\/la-tajante-decision-de-nicole-neumann-durante-la-fiesta-de-15-de-allegra-cubero-relax-naturaleza-y-silencio-2\/\"]}]},{\"@type\":\"ImageObject\",\"inLanguage\":\"es\",\"@id\":\"https:\/\/lobosnews.com.ar\/index.php\/2026\/04\/25\/la-tajante-decision-de-nicole-neumann-durante-la-fiesta-de-15-de-allegra-cubero-relax-naturaleza-y-silencio-2\/#primaryimage\",\"url\":\"https:\/\/lobosnews.com.ar\/wp-content\/uploads\/2026\/04\/la-tajante-decision-de-nicole-neumann-durante-la-fiesta-de-15-de-allegra-cubero-relax-naturaleza-y-silencio-7.jpg\",\"contentUrl\":\"https:\/\/lobosnews.com.ar\/wp-content\/uploads\/2026\/04\/la-tajante-decision-de-nicole-neumann-durante-la-fiesta-de-15-de-allegra-cubero-relax-naturaleza-y-silencio-7.jpg\",\"width\":1320,\"height\":2346,\"caption\":\"La tajante decisi\u00f3n de Nicole Neumann durante la fiesta de 15 de Allegra Cubero: relax, naturaleza y silencio\"},{\"@type\":\"BreadcrumbList\",\"@id\":\"https:\/\/lobosnews.com.ar\/index.php\/2026\/04\/25\/la-tajante-decision-de-nicole-neumann-durante-la-fiesta-de-15-de-allegra-cubero-relax-naturaleza-y-silencio-2\/#breadcrumb\",\"itemListElement\":[{\"@type\":\"ListItem\",\"position\":1,\"name\":\"Portada\",\"item\":\"https:\/\/lobosnews.com.ar\/\"},{\"@type\":\"ListItem\",\"position\":2,\"name\":\"La tajante decisi\u00f3n de Nicole Neumann durante la fiesta de 15 de Allegra Cubero: relax, naturaleza y silencio\"}]},{\"@type\":\"WebSite\",\"@id\":\"https:\/\/lobosnews.com.ar\/#website\",\"url\":\"https:\/\/lobosnews.com.ar\/\",\"name\":\"Lobos News\",\"description\":\"Informaci\u00f3n a cada instante\",\"publisher\":{\"@id\":\"https:\/\/lobosnews.com.ar\/#organization\"},\"potentialAction\":[{\"@type\":\"SearchAction\",\"target\":{\"@type\":\"EntryPoint\",\"urlTemplate\":\"https:\/\/lobosnews.com.ar\/?s={search_term_string}\"},\"query-input\":{\"@type\":\"PropertyValueSpecification\",\"valueRequired\":true,\"valueName\":\"search_term_string\"}}],\"inLanguage\":\"es\"},{\"@type\":\"Organization\",\"@id\":\"https:\/\/lobosnews.com.ar\/#organization\",\"name\":\"Lobos News\",\"url\":\"https:\/\/lobosnews.com.ar\/\",\"logo\":{\"@type\":\"ImageObject\",\"inLanguage\":\"es\",\"@id\":\"https:\/\/lobosnews.com.ar\/#\/schema\/logo\/image\/\",\"url\":\"https:\/\/lobosnews.com.ar\/wp-content\/uploads\/2026\/01\/logo-lobosnews.png\",\"contentUrl\":\"https:\/\/lobosnews.com.ar\/wp-content\/uploads\/2026\/01\/logo-lobosnews.png\",\"width\":500,\"height\":200,\"caption\":\"Lobos News\"},\"image\":{\"@id\":\"https:\/\/lobosnews.com.ar\/#\/schema\/logo\/image\/\"}},{\"@type\":\"Person\",\"@id\":\"https:\/\/lobosnews.com.ar\/#\/schema\/person\/232422a593d5c541dd9aef6aaed10943\",\"name\":\"admin\",\"image\":{\"@type\":\"ImageObject\",\"inLanguage\":\"es\",\"@id\":\"https:\/\/lobosnews.com.ar\/#\/schema\/person\/image\/\",\"url\":\"https:\/\/secure.gravatar.com\/avatar\/76e419471a2083bc3ceab22a763dbbf9b0c1bd15a6214cf3280e2c2dde4580f9?s=96&d=mm&r=g\",\"contentUrl\":\"https:\/\/secure.gravatar.com\/avatar\/76e419471a2083bc3ceab22a763dbbf9b0c1bd15a6214cf3280e2c2dde4580f9?s=96&d=mm&r=g\",\"caption\":\"admin\"},\"sameAs\":[\"https:\/\/lobosnews.com.ar\"],\"url\":\"https:\/\/lobosnews.com.ar\/index.php\/author\/lobos-news\/\"}]}<\/script>\n<!-- \/ Yoast SEO plugin. -->","yoast_head_json":{"title":"La tajante decisi\u00f3n de Nicole Neumann durante la fiesta de 15 de Allegra Cubero: relax, naturaleza y silencio - Lobos News","robots":{"index":"index","follow":"follow","max-snippet":"max-snippet:-1","max-image-preview":"max-image-preview:large","max-video-preview":"max-video-preview:-1"},"canonical":"https:\/\/lobosnews.com.ar\/index.php\/2026\/04\/25\/la-tajante-decision-de-nicole-neumann-durante-la-fiesta-de-15-de-allegra-cubero-relax-naturaleza-y-silencio-2\/","og_locale":"es_ES","og_type":"article","og_title":"La tajante decisi\u00f3n de Nicole Neumann durante la fiesta de 15 de Allegra Cubero: relax, naturaleza y silencio - Lobos News","og_description":"Este s\u00e1bado, tras semanas de tensi\u00f3n, especulaciones y declaraciones cruzadas, Allegra Cubero celebr\u00f3 su cumplea\u00f1os de 15 junto a su familia, su padre Fabi\u00e1n Cubero y Mica Viciconte. Como se preve\u00eda, la gran ausente fue Nicole Neumann, quien opt\u00f3 por aprovechar la ocasi\u00f3n para alejarse de Buenos Aires y realizar una escapada de fin de...","og_url":"https:\/\/lobosnews.com.ar\/index.php\/2026\/04\/25\/la-tajante-decision-de-nicole-neumann-durante-la-fiesta-de-15-de-allegra-cubero-relax-naturaleza-y-silencio-2\/","og_site_name":"Lobos News","article_published_time":"2026-04-25T22:18:50+00:00","article_modified_time":"2026-04-26T02:40:53+00:00","og_image":[{"url":"https:\/\/lobosnews.com.ar\/wp-content\/uploads\/2026\/04\/la-tajante-decision-de-nicole-neumann-durante-la-fiesta-de-15-de-allegra-cubero-relax-naturaleza-y-silencio.jpg","type":"","width":"","height":""}],"author":"admin","twitter_card":"summary_large_image","twitter_misc":{"Escrito por":"admin","Tiempo de lectura":"4 minutos"},"schema":{"@context":"https:\/\/schema.org","@graph":[{"@type":"Article","@id":"https:\/\/lobosnews.com.ar\/index.php\/2026\/04\/25\/la-tajante-decision-de-nicole-neumann-durante-la-fiesta-de-15-de-allegra-cubero-relax-naturaleza-y-silencio-2\/#article","isPartOf":{"@id":"https:\/\/lobosnews.com.ar\/index.php\/2026\/04\/25\/la-tajante-decision-de-nicole-neumann-durante-la-fiesta-de-15-de-allegra-cubero-relax-naturaleza-y-silencio-2\/"},"author":{"name":"admin","@id":"https:\/\/lobosnews.com.ar\/#\/schema\/person\/232422a593d5c541dd9aef6aaed10943"},"headline":"La tajante decisi\u00f3n de Nicole Neumann durante la fiesta de 15 de Allegra Cubero: relax, naturaleza y silencio","datePublished":"2026-04-25T22:18:50+00:00","dateModified":"2026-04-26T02:40:53+00:00","mainEntityOfPage":{"@id":"https:\/\/lobosnews.com.ar\/index.php\/2026\/04\/25\/la-tajante-decision-de-nicole-neumann-durante-la-fiesta-de-15-de-allegra-cubero-relax-naturaleza-y-silencio-2\/"},"wordCount":807,"commentCount":0,"publisher":{"@id":"https:\/\/lobosnews.com.ar\/#organization"},"image":{"@id":"https:\/\/lobosnews.com.ar\/index.php\/2026\/04\/25\/la-tajante-decision-de-nicole-neumann-durante-la-fiesta-de-15-de-allegra-cubero-relax-naturaleza-y-silencio-2\/#primaryimage"},"thumbnailUrl":"https:\/\/lobosnews.com.ar\/wp-content\/uploads\/2026\/04\/la-tajante-decision-de-nicole-neumann-durante-la-fiesta-de-15-de-allegra-cubero-relax-naturaleza-y-silencio-7.jpg","articleSection":["Cine y Series"],"inLanguage":"es","potentialAction":[{"@type":"CommentAction","name":"Comment","target":["https:\/\/lobosnews.com.ar\/index.php\/2026\/04\/25\/la-tajante-decision-de-nicole-neumann-durante-la-fiesta-de-15-de-allegra-cubero-relax-naturaleza-y-silencio-2\/#respond"]}]},{"@type":"WebPage","@id":"https:\/\/lobosnews.com.ar\/index.php\/2026\/04\/25\/la-tajante-decision-de-nicole-neumann-durante-la-fiesta-de-15-de-allegra-cubero-relax-naturaleza-y-silencio-2\/","url":"https:\/\/lobosnews.com.ar\/index.php\/2026\/04\/25\/la-tajante-decision-de-nicole-neumann-durante-la-fiesta-de-15-de-allegra-cubero-relax-naturaleza-y-silencio-2\/","name":"La tajante decisi\u00f3n de Nicole Neumann durante la fiesta de 15 de Allegra Cubero: relax, naturaleza y silencio - Lobos News","isPartOf":{"@id":"https:\/\/lobosnews.com.ar\/#website"},"primaryImageOfPage":{"@id":"https:\/\/lobosnews.com.ar\/index.php\/2026\/04\/25\/la-tajante-decision-de-nicole-neumann-durante-la-fiesta-de-15-de-allegra-cubero-relax-naturaleza-y-silencio-2\/#primaryimage"},"image":{"@id":"https:\/\/lobosnews.com.ar\/index.php\/2026\/04\/25\/la-tajante-decision-de-nicole-neumann-durante-la-fiesta-de-15-de-allegra-cubero-relax-naturaleza-y-silencio-2\/#primaryimage"},"thumbnailUrl":"https:\/\/lobosnews.com.ar\/wp-content\/uploads\/2026\/04\/la-tajante-decision-de-nicole-neumann-durante-la-fiesta-de-15-de-allegra-cubero-relax-naturaleza-y-silencio-7.jpg","datePublished":"2026-04-25T22:18:50+00:00","dateModified":"2026-04-26T02:40:53+00:00","breadcrumb":{"@id":"https:\/\/lobosnews.com.ar\/index.php\/2026\/04\/25\/la-tajante-decision-de-nicole-neumann-durante-la-fiesta-de-15-de-allegra-cubero-relax-naturaleza-y-silencio-2\/#breadcrumb"},"inLanguage":"es","potentialAction":[{"@type":"ReadAction","target":["https:\/\/lobosnews.com.ar\/index.php\/2026\/04\/25\/la-tajante-decision-de-nicole-neumann-durante-la-fiesta-de-15-de-allegra-cubero-relax-naturaleza-y-silencio-2\/"]}]},{"@type":"ImageObject","inLanguage":"es","@id":"https:\/\/lobosnews.com.ar\/index.php\/2026\/04\/25\/la-tajante-decision-de-nicole-neumann-durante-la-fiesta-de-15-de-allegra-cubero-relax-naturaleza-y-silencio-2\/#primaryimage","url":"https:\/\/lobosnews.com.ar\/wp-content\/uploads\/2026\/04\/la-tajante-decision-de-nicole-neumann-durante-la-fiesta-de-15-de-allegra-cubero-relax-naturaleza-y-silencio-7.jpg","contentUrl":"https:\/\/lobosnews.com.ar\/wp-content\/uploads\/2026\/04\/la-tajante-decision-de-nicole-neumann-durante-la-fiesta-de-15-de-allegra-cubero-relax-naturaleza-y-silencio-7.jpg","width":1320,"height":2346,"caption":"La tajante decisi\u00f3n de Nicole Neumann durante la fiesta de 15 de Allegra Cubero: relax, naturaleza y silencio"},{"@type":"BreadcrumbList","@id":"https:\/\/lobosnews.com.ar\/index.php\/2026\/04\/25\/la-tajante-decision-de-nicole-neumann-durante-la-fiesta-de-15-de-allegra-cubero-relax-naturaleza-y-silencio-2\/#breadcrumb","itemListElement":[{"@type":"ListItem","position":1,"name":"Portada","item":"https:\/\/lobosnews.com.ar\/"},{"@type":"ListItem","position":2,"name":"La tajante decisi\u00f3n de Nicole Neumann durante la fiesta de 15 de Allegra Cubero: relax, naturaleza y silencio"}]},{"@type":"WebSite","@id":"https:\/\/lobosnews.com.ar\/#website","url":"https:\/\/lobosnews.com.ar\/","name":"Lobos News","description":"Informaci\u00f3n a cada instante","publisher":{"@id":"https:\/\/lobosnews.com.ar\/#organization"},"potentialAction":[{"@type":"SearchAction","target":{"@type":"EntryPoint","urlTemplate":"https:\/\/lobosnews.com.ar\/?s={search_term_string}"},"query-input":{"@type":"PropertyValueSpecification","valueRequired":true,"valueName":"search_term_string"}}],"inLanguage":"es"},{"@type":"Organization","@id":"https:\/\/lobosnews.com.ar\/#organization","name":"Lobos News","url":"https:\/\/lobosnews.com.ar\/","logo":{"@type":"ImageObject","inLanguage":"es","@id":"https:\/\/lobosnews.com.ar\/#\/schema\/logo\/image\/","url":"https:\/\/lobosnews.com.ar\/wp-content\/uploads\/2026\/01\/logo-lobosnews.png","contentUrl":"https:\/\/lobosnews.com.ar\/wp-content\/uploads\/2026\/01\/logo-lobosnews.png","width":500,"height":200,"caption":"Lobos News"},"image":{"@id":"https:\/\/lobosnews.com.ar\/#\/schema\/logo\/image\/"}},{"@type":"Person","@id":"https:\/\/lobosnews.com.ar\/#\/schema\/person\/232422a593d5c541dd9aef6aaed10943","name":"admin","image":{"@type":"ImageObject","inLanguage":"es","@id":"https:\/\/lobosnews.com.ar\/#\/schema\/person\/image\/","url":"https:\/\/secure.gravatar.com\/avatar\/76e419471a2083bc3ceab22a763dbbf9b0c1bd15a6214cf3280e2c2dde4580f9?s=96&d=mm&r=g","contentUrl":"https:\/\/secure.gravatar.com\/avatar\/76e419471a2083bc3ceab22a763dbbf9b0c1bd15a6214cf3280e2c2dde4580f9?s=96&d=mm&r=g","caption":"admin"},"sameAs":["https:\/\/lobosnews.com.ar"],"url":"https:\/\/lobosnews.com.ar\/index.php\/author\/lobos-news\/"}]}},"jetpack_featured_media_url":"https:\/\/lobosnews.com.ar\/wp-content\/uploads\/2026\/04\/la-tajante-decision-de-nicole-neumann-durante-la-fiesta-de-15-de-allegra-cubero-relax-naturaleza-y-silencio-7.jpg","jetpack_sharing_enabled":true,"_links":{"self":[{"href":"https:\/\/lobosnews.com.ar\/index.php\/wp-json\/wp\/v2\/posts\/45329","targetHints":{"allow":["GET"]}}],"collection":[{"href":"https:\/\/lobosnews.com.ar\/index.php\/wp-json\/wp\/v2\/posts"}],"about":[{"href":"https:\/\/lobosnews.com.ar\/index.php\/wp-json\/wp\/v2\/types\/post"}],"author":[{"embeddable":true,"href":"https:\/\/lobosnews.com.ar\/index.php\/wp-json\/wp\/v2\/users\/1"}],"replies":[{"embeddable":true,"href":"https:\/\/lobosnews.com.ar\/index.php\/wp-json\/wp\/v2\/comments?post=45329"}],"version-history":[{"count":1,"href":"https:\/\/lobosnews.com.ar\/index.php\/wp-json\/wp\/v2\/posts\/45329\/revisions"}],"predecessor-version":[{"id":45336,"href":"https:\/\/lobosnews.com.ar\/index.php\/wp-json\/wp\/v2\/posts\/45329\/revisions\/45336"}],"wp:featuredmedia":[{"embeddable":true,"href":"https:\/\/lobosnews.com.ar\/index.php\/wp-json\/wp\/v2\/media\/45337"}],"wp:attachment":[{"href":"https:\/\/lobosnews.com.ar\/index.php\/wp-json\/wp\/v2\/media?parent=45329"}],"wp:term":[{"taxonomy":"category","embeddable":true,"href":"https:\/\/lobosnews.com.ar\/index.php\/wp-json\/wp\/v2\/categories?post=45329"},{"taxonomy":"post_tag","embeddable":true,"href":"https:\/\/lobosnews.com.ar\/index.php\/wp-json\/wp\/v2\/tags?post=45329"}],"curies":[{"name":"wp","href":"https:\/\/api.w.org\/{rel}","templated":true}]}}