{"id":45317,"date":"2026-04-25T23:54:04","date_gmt":"2026-04-25T23:54:04","guid":{"rendered":"https:\/\/lobosnews.com.ar\/index.php\/2026\/04\/25\/taina-gravier-la-hija-de-valeria-mazza-presento-a-su-primer-novio-quien-es-el-joven-que-la-enamoro\/"},"modified":"2026-04-26T02:40:28","modified_gmt":"2026-04-26T02:40:28","slug":"taina-gravier-la-hija-de-valeria-mazza-presento-a-su-primer-novio-quien-es-el-joven-que-la-enamoro","status":"publish","type":"post","link":"https:\/\/lobosnews.com.ar\/index.php\/2026\/04\/25\/taina-gravier-la-hija-de-valeria-mazza-presento-a-su-primer-novio-quien-es-el-joven-que-la-enamoro\/","title":{"rendered":"Ta\u00edna Gravier, la hija de Valeria Mazza, present\u00f3 a su primer novio: qui\u00e9n es el joven que la enamor\u00f3"},"content":{"rendered":"<p><img loading=\"lazy\" decoding=\"async\" src=\"https:\/\/lobosnews.com.ar\/wp-content\/uploads\/2026\/04\/taina-gravier-la-hija-de-valeria-mazza-presento-a-su-primer-novio-quien-es-el-joven-que-la-enamoro.jpg\" alt=\"La reconocida modelo Valeria Mazza posa sonriente junto a su hija Ta\u00edna Gravier en un evento al aire libre\" height=\"1080\" width=\"1920\"\/><\/p>\n<p>En medio de los festejos por su cumplea\u00f1os n\u00famero 18, <span class=\"waslinkname\"><b>Ta\u00edna Gravier<\/b>,<\/span> hija menor de<b> <\/b><span class=\"waslinkname\"><b>Valeria Mazza<\/b><\/span>, present\u00f3 p\u00fablicamente a su primer novio: un joven futbolista universitario vinculado estrechamente a la familia Gravier-Mazza. M\u00e1s all\u00e1 del impacto en redes sociales, la decisi\u00f3n de la joven de compartir este aspecto de su vida marc\u00f3 un nuevo ciclo personal para ella.<\/p>\n<p>Ta\u00edna Gravier confirm\u00f3 que est\u00e1 en pareja con <b>Joaqu\u00edn<\/b>, un joven de 19 a\u00f1os cuya relaci\u00f3n con ella comenz\u00f3 a partir de una amistad forjada durante a\u00f1os y que recientemente evolucion\u00f3 a noviazgo. La integraci\u00f3n del joven en el entorno familiar fue visible en viajes recientes, as\u00ed como en celebraciones privadas, lo que subraya la naturalidad del v\u00ednculo y la aceptaci\u00f3n del entorno de Ta\u00edna.<\/p>\n<h2>Qui\u00e9n es el novio de Ta\u00edna Gravier<\/h2>\n<p>Joaqu\u00edn, de 19 a\u00f1os, cursa la carrera de <b>Administraci\u00f3n de Empresas<\/b> y tiene una trayectoria ligada al deporte desde la infancia. De ni\u00f1o, particip\u00f3 en equipos como <b>Deportivo Yacar\u00e9<\/b> y, en 2022, jug\u00f3 con Los Teros en la Santa Catarina Cup, un torneo internacional de f\u00fatbol celebrado en Brasil. Las redes sociales de Joaqu\u00edn muestran su inter\u00e9s por el f\u00fatbol y reflejan la relaci\u00f3n cercana tanto con Ta\u00edna como con la familia Gravier-Mazza.<\/p>\n<p>La presencia de Joaqu\u00edn en actividades familiares y en redes sociales, donde aparecen junto a Valeria Mazza, Alejandro Gravier y sus hermanos en un avi\u00f3n pr\u00f3ximo a partir, evidencia su integraci\u00f3n y el respaldo del entorno familiar al nuevo v\u00ednculo.<\/p>\n<p><img loading=\"lazy\" decoding=\"async\" src=\"https:\/\/lobosnews.com.ar\/wp-content\/uploads\/2026\/04\/taina-gravier-la-hija-de-valeria-mazza-presento-a-su-primer-novio-quien-es-el-joven-que-la-enamoro-1.jpg\" alt=\"Ta\u00edna Gravier oficializ\u00f3 su romance con Joaqu\u00edn, el joven que conquist\u00f3 a la familia Mazza (Instagram)\" height=\"2538\" width=\"1440\"\/><\/p>\n<p>En diciembre de 2025, Tiziano Gravier mencion\u00f3 que el primer encuentro formal del novio con la familia result\u00f3 positivo para todos. Valeria Mazza tambi\u00e9n expres\u00f3 satisfacci\u00f3n respecto al presente de su hija y destac\u00f3 los estudios universitarios de Joaqu\u00edn, aunque prefiri\u00f3 no ofrecer muchos detalles. El c\u00edrculo familiar mostr\u00f3 apertura y apoyo en esta nueva etapa, acompa\u00f1ando a la pareja en eventos y viajes.<\/p>\n<p>Durante los festejos por su cumplea\u00f1os, el saludo p\u00fablico de Joaqu\u00edn acompa\u00f1ado de fotos juntos marc\u00f3 un cambio reciente en su exposici\u00f3n social. Si bien el joven mantiene un perfil reservado, este gesto insinu\u00f3 una mayor visibilidad de la relaci\u00f3n y evidenci\u00f3 la complicidad que comparten en el entorno familiar y social.<\/p>\n<p><img loading=\"lazy\" decoding=\"async\" src=\"https:\/\/www.infobae.com\/resizer\/v2\/N5HUSVXNVJHCBCCTMN2QEWQXZM.jpg?auth=3096003110505e3685796661d0eda53badd5e3db7c7bb461d51e0846468fdded&#038;smart=true&#038;width=726&#038;height=968\" alt=\"Alejandro Gravier junto a su hija Ta\u00edna\" height=\"968\" width=\"726\"\/><\/p>\n<p>Para celebrar un nuevo a\u00f1o de vida de su novia, el joven public\u00f3 una serie de im\u00e1genes juntos. En la primera foto, ambos sonr\u00eden de forma amplia y miran directamente a la c\u00e1mara. Ta\u00edna apoya ligeramente la mano en la mejilla del joven. En la segunda publicaci\u00f3n, ambos se encuentran en una playa bajo luz del sol. Joaqu\u00edn viste una camisa clara y lentes de sol, mientras la hija de Valeria Mazza usa una blusa sin mangas de color claro. Ella rodea con los brazos el cuello del joven y ambos se muestran con expresiones relajadas. Sobre la imagen aparece el texto \u201cFeliz cumplea\u00f1os Taina Gravier\u201d acompa\u00f1ado de un emoji de coraz\u00f3n rojo.<\/p>\n<p>En la tercera imagen, la pareja aparece sentada en un espacio interior con iluminaci\u00f3n c\u00e1lida. Ambos miran a la c\u00e1mara y muestran expresiones tranquilas. El joven lleva una camisa oscura desabotonada en el cuello y la joven viste una prenda oscura y un collar negro. En esta fotograf\u00eda, el fondo es difuso y no se distinguen claramente los detalles del lugar.<\/p>\n<p>Meses atr\u00e1s, la joven vivi\u00f3 otro de los momentos m\u00e1s destacados de su carrera cuando cant\u00f3 con Erreway en Espa\u00f1a. La ciudad de Marbella se convirti\u00f3 en el escenario de un momento \u00fanico para la familia de Valeria Mazza.<\/p>\n<p>La menor de los hijos de la modelo, hace a\u00f1os que dej\u00f3 en claro que la m\u00fasica es una de sus grandes pasiones, habi\u00e9ndose presentado a los 16 a\u00f1os en La Voz Kids Espa\u00f1a y en 2024 tuvo su gran debut en el mismo escenario. Un a\u00f1o despu\u00e9s, tuvo la oportunidad de cantar junto a la banda inspirada en la novela de Cris Morena.<\/p>\n<p>La joven tuvo la chance de cantar \u201cMe da igual\u201d junto a los artistas y deslumbr\u00f3 con los arreglos musicales y su talento. Con un vestido strapless de jean, a juego con Roja, Colombo y Bordonaba, no tuvo miedo a la hora de enfrentar el micr\u00f3fono y se rob\u00f3 todas las miradas. Una canci\u00f3n que suelen cantar sentados, generando un momento \u00edntimo, lo cambiaron para hacer lugar para la hija de Mazza: \u201cTenemos una amiga Feli, querido, que tiene una voz m\u00e1gica. Que venga al escenario, por favor Taina Gravier\u201d, fue la presentaci\u00f3n que hizo el actor de Floricienta.<\/p>\n","protected":false},"excerpt":{"rendered":"<p>En medio de los festejos por su cumplea\u00f1os n\u00famero 18, Ta\u00edna Gravier, hija menor de Valeria Mazza, present\u00f3 p\u00fablicamente a su primer novio: un joven futbolista universitario vinculado estrechamente a la familia Gravier-Mazza. M\u00e1s all\u00e1 del impacto en redes sociales, la decisi\u00f3n de la joven de compartir este aspecto de su vida marc\u00f3 un nuevo&#8230;<\/p>\n","protected":false},"author":1,"featured_media":45322,"comment_status":"open","ping_status":"closed","sticky":false,"template":"","format":"standard","meta":{"_jetpack_memberships_contains_paid_content":false,"footnotes":""},"categories":[79],"tags":[],"class_list":["post-45317","post","type-post","status-publish","format-standard","has-post-thumbnail","hentry","category-cine-y-series"],"magazineBlocksPostFeaturedMedia":{"thumbnail":"https:\/\/lobosnews.com.ar\/wp-content\/uploads\/2026\/04\/taina-gravier-la-hija-de-valeria-mazza-presento-a-su-primer-novio-quien-es-el-joven-que-la-enamoro-4-150x150.jpg","medium":"https:\/\/lobosnews.com.ar\/wp-content\/uploads\/2026\/04\/taina-gravier-la-hija-de-valeria-mazza-presento-a-su-primer-novio-quien-es-el-joven-que-la-enamoro-4-225x300.jpg","medium_large":"https:\/\/lobosnews.com.ar\/wp-content\/uploads\/2026\/04\/taina-gravier-la-hija-de-valeria-mazza-presento-a-su-primer-novio-quien-es-el-joven-que-la-enamoro-4.jpg","large":"https:\/\/lobosnews.com.ar\/wp-content\/uploads\/2026\/04\/taina-gravier-la-hija-de-valeria-mazza-presento-a-su-primer-novio-quien-es-el-joven-que-la-enamoro-4.jpg","1536x1536":"https:\/\/lobosnews.com.ar\/wp-content\/uploads\/2026\/04\/taina-gravier-la-hija-de-valeria-mazza-presento-a-su-primer-novio-quien-es-el-joven-que-la-enamoro-4.jpg","2048x2048":"https:\/\/lobosnews.com.ar\/wp-content\/uploads\/2026\/04\/taina-gravier-la-hija-de-valeria-mazza-presento-a-su-primer-novio-quien-es-el-joven-que-la-enamoro-4.jpg","newsmatic-featured":"https:\/\/lobosnews.com.ar\/wp-content\/uploads\/2026\/04\/taina-gravier-la-hija-de-valeria-mazza-presento-a-su-primer-novio-quien-es-el-joven-que-la-enamoro-4-726x545.jpg","newsmatic-list":"https:\/\/lobosnews.com.ar\/wp-content\/uploads\/2026\/04\/taina-gravier-la-hija-de-valeria-mazza-presento-a-su-primer-novio-quien-es-el-joven-que-la-enamoro-4-600x400.jpg","newsmatic-thumb":"https:\/\/lobosnews.com.ar\/wp-content\/uploads\/2026\/04\/taina-gravier-la-hija-de-valeria-mazza-presento-a-su-primer-novio-quien-es-el-joven-que-la-enamoro-4-300x200.jpg","newsmatic-small":"https:\/\/lobosnews.com.ar\/wp-content\/uploads\/2026\/04\/taina-gravier-la-hija-de-valeria-mazza-presento-a-su-primer-novio-quien-es-el-joven-que-la-enamoro-4-150x95.jpg","newsmatic-grid":"https:\/\/lobosnews.com.ar\/wp-content\/uploads\/2026\/04\/taina-gravier-la-hija-de-valeria-mazza-presento-a-su-primer-novio-quien-es-el-joven-que-la-enamoro-4-400x250.jpg"},"magazineBlocksPostAuthor":{"name":"admin","avatar":"https:\/\/secure.gravatar.com\/avatar\/76e419471a2083bc3ceab22a763dbbf9b0c1bd15a6214cf3280e2c2dde4580f9?s=96&d=mm&r=g"},"magazineBlocksPostCommentsNumber":"0","magazineBlocksPostExcerpt":"En medio de los festejos por su cumplea\u00f1os n\u00famero 18, Ta\u00edna Gravier, hija menor de Valeria Mazza, present\u00f3 p\u00fablicamente a su primer novio: un joven futbolista universitario vinculado estrechamente a la familia Gravier-Mazza. M\u00e1s all\u00e1 del impacto en redes sociales, la decisi\u00f3n de la joven de compartir este aspecto de su vida marc\u00f3 un nuevo...","magazineBlocksPostCategories":["Cine y Series"],"magazineBlocksPostViewCount":6,"magazineBlocksPostReadTime":4,"magazine_blocks_featured_image_url":{"full":["https:\/\/lobosnews.com.ar\/wp-content\/uploads\/2026\/04\/taina-gravier-la-hija-de-valeria-mazza-presento-a-su-primer-novio-quien-es-el-joven-que-la-enamoro-4.jpg",726,968,false],"medium":["https:\/\/lobosnews.com.ar\/wp-content\/uploads\/2026\/04\/taina-gravier-la-hija-de-valeria-mazza-presento-a-su-primer-novio-quien-es-el-joven-que-la-enamoro-4-225x300.jpg",225,300,true],"thumbnail":["https:\/\/lobosnews.com.ar\/wp-content\/uploads\/2026\/04\/taina-gravier-la-hija-de-valeria-mazza-presento-a-su-primer-novio-quien-es-el-joven-que-la-enamoro-4-150x150.jpg",150,150,true]},"magazine_blocks_author":{"display_name":"admin","author_link":"https:\/\/lobosnews.com.ar\/index.php\/author\/lobos-news\/"},"magazine_blocks_comment":0,"magazine_blocks_author_image":"https:\/\/secure.gravatar.com\/avatar\/76e419471a2083bc3ceab22a763dbbf9b0c1bd15a6214cf3280e2c2dde4580f9?s=96&d=mm&r=g","magazine_blocks_category":"<a href=\"#\" class=\"category-link category-link-79\">Cine y Series<\/a>","yoast_head":"<!-- This site is optimized with the Yoast SEO plugin v26.6 - https:\/\/yoast.com\/wordpress\/plugins\/seo\/ -->\n<title>Ta\u00edna Gravier, la hija de Valeria Mazza, present\u00f3 a su primer novio: qui\u00e9n es el joven que la enamor\u00f3 - Lobos News<\/title>\n<meta name=\"robots\" content=\"index, follow, max-snippet:-1, max-image-preview:large, max-video-preview:-1\" \/>\n<link rel=\"canonical\" href=\"https:\/\/lobosnews.com.ar\/index.php\/2026\/04\/25\/taina-gravier-la-hija-de-valeria-mazza-presento-a-su-primer-novio-quien-es-el-joven-que-la-enamoro\/\" \/>\n<meta property=\"og:locale\" content=\"es_ES\" \/>\n<meta property=\"og:type\" content=\"article\" \/>\n<meta property=\"og:title\" content=\"Ta\u00edna Gravier, la hija de Valeria Mazza, present\u00f3 a su primer novio: qui\u00e9n es el joven que la enamor\u00f3 - Lobos News\" \/>\n<meta property=\"og:description\" content=\"En medio de los festejos por su cumplea\u00f1os n\u00famero 18, Ta\u00edna Gravier, hija menor de Valeria Mazza, present\u00f3 p\u00fablicamente a su primer novio: un joven futbolista universitario vinculado estrechamente a la familia Gravier-Mazza. M\u00e1s all\u00e1 del impacto en redes sociales, la decisi\u00f3n de la joven de compartir este aspecto de su vida marc\u00f3 un nuevo...\" \/>\n<meta property=\"og:url\" content=\"https:\/\/lobosnews.com.ar\/index.php\/2026\/04\/25\/taina-gravier-la-hija-de-valeria-mazza-presento-a-su-primer-novio-quien-es-el-joven-que-la-enamoro\/\" \/>\n<meta property=\"og:site_name\" content=\"Lobos News\" \/>\n<meta property=\"article:published_time\" content=\"2026-04-25T23:54:04+00:00\" \/>\n<meta property=\"article:modified_time\" content=\"2026-04-26T02:40:28+00:00\" \/>\n<meta property=\"og:image\" content=\"https:\/\/lobosnews.com.ar\/wp-content\/uploads\/2026\/04\/taina-gravier-la-hija-de-valeria-mazza-presento-a-su-primer-novio-quien-es-el-joven-que-la-enamoro.jpg\" \/>\n<meta name=\"author\" content=\"admin\" \/>\n<meta name=\"twitter:card\" content=\"summary_large_image\" \/>\n<meta name=\"twitter:label1\" content=\"Escrito por\" \/>\n\t<meta name=\"twitter:data1\" content=\"admin\" \/>\n\t<meta name=\"twitter:label2\" content=\"Tiempo de lectura\" \/>\n\t<meta name=\"twitter:data2\" content=\"4 minutos\" \/>\n<script type=\"application\/ld+json\" class=\"yoast-schema-graph\">{\"@context\":\"https:\/\/schema.org\",\"@graph\":[{\"@type\":\"Article\",\"@id\":\"https:\/\/lobosnews.com.ar\/index.php\/2026\/04\/25\/taina-gravier-la-hija-de-valeria-mazza-presento-a-su-primer-novio-quien-es-el-joven-que-la-enamoro\/#article\",\"isPartOf\":{\"@id\":\"https:\/\/lobosnews.com.ar\/index.php\/2026\/04\/25\/taina-gravier-la-hija-de-valeria-mazza-presento-a-su-primer-novio-quien-es-el-joven-que-la-enamoro\/\"},\"author\":{\"name\":\"admin\",\"@id\":\"https:\/\/lobosnews.com.ar\/#\/schema\/person\/232422a593d5c541dd9aef6aaed10943\"},\"headline\":\"Ta\u00edna Gravier, la hija de Valeria Mazza, present\u00f3 a su primer novio: qui\u00e9n es el joven que la enamor\u00f3\",\"datePublished\":\"2026-04-25T23:54:04+00:00\",\"dateModified\":\"2026-04-26T02:40:28+00:00\",\"mainEntityOfPage\":{\"@id\":\"https:\/\/lobosnews.com.ar\/index.php\/2026\/04\/25\/taina-gravier-la-hija-de-valeria-mazza-presento-a-su-primer-novio-quien-es-el-joven-que-la-enamoro\/\"},\"wordCount\":821,\"commentCount\":0,\"publisher\":{\"@id\":\"https:\/\/lobosnews.com.ar\/#organization\"},\"image\":{\"@id\":\"https:\/\/lobosnews.com.ar\/index.php\/2026\/04\/25\/taina-gravier-la-hija-de-valeria-mazza-presento-a-su-primer-novio-quien-es-el-joven-que-la-enamoro\/#primaryimage\"},\"thumbnailUrl\":\"https:\/\/lobosnews.com.ar\/wp-content\/uploads\/2026\/04\/taina-gravier-la-hija-de-valeria-mazza-presento-a-su-primer-novio-quien-es-el-joven-que-la-enamoro-4.jpg\",\"articleSection\":[\"Cine y Series\"],\"inLanguage\":\"es\",\"potentialAction\":[{\"@type\":\"CommentAction\",\"name\":\"Comment\",\"target\":[\"https:\/\/lobosnews.com.ar\/index.php\/2026\/04\/25\/taina-gravier-la-hija-de-valeria-mazza-presento-a-su-primer-novio-quien-es-el-joven-que-la-enamoro\/#respond\"]}]},{\"@type\":\"WebPage\",\"@id\":\"https:\/\/lobosnews.com.ar\/index.php\/2026\/04\/25\/taina-gravier-la-hija-de-valeria-mazza-presento-a-su-primer-novio-quien-es-el-joven-que-la-enamoro\/\",\"url\":\"https:\/\/lobosnews.com.ar\/index.php\/2026\/04\/25\/taina-gravier-la-hija-de-valeria-mazza-presento-a-su-primer-novio-quien-es-el-joven-que-la-enamoro\/\",\"name\":\"Ta\u00edna Gravier, la hija de Valeria Mazza, present\u00f3 a su primer novio: qui\u00e9n es el joven que la enamor\u00f3 - Lobos News\",\"isPartOf\":{\"@id\":\"https:\/\/lobosnews.com.ar\/#website\"},\"primaryImageOfPage\":{\"@id\":\"https:\/\/lobosnews.com.ar\/index.php\/2026\/04\/25\/taina-gravier-la-hija-de-valeria-mazza-presento-a-su-primer-novio-quien-es-el-joven-que-la-enamoro\/#primaryimage\"},\"image\":{\"@id\":\"https:\/\/lobosnews.com.ar\/index.php\/2026\/04\/25\/taina-gravier-la-hija-de-valeria-mazza-presento-a-su-primer-novio-quien-es-el-joven-que-la-enamoro\/#primaryimage\"},\"thumbnailUrl\":\"https:\/\/lobosnews.com.ar\/wp-content\/uploads\/2026\/04\/taina-gravier-la-hija-de-valeria-mazza-presento-a-su-primer-novio-quien-es-el-joven-que-la-enamoro-4.jpg\",\"datePublished\":\"2026-04-25T23:54:04+00:00\",\"dateModified\":\"2026-04-26T02:40:28+00:00\",\"breadcrumb\":{\"@id\":\"https:\/\/lobosnews.com.ar\/index.php\/2026\/04\/25\/taina-gravier-la-hija-de-valeria-mazza-presento-a-su-primer-novio-quien-es-el-joven-que-la-enamoro\/#breadcrumb\"},\"inLanguage\":\"es\",\"potentialAction\":[{\"@type\":\"ReadAction\",\"target\":[\"https:\/\/lobosnews.com.ar\/index.php\/2026\/04\/25\/taina-gravier-la-hija-de-valeria-mazza-presento-a-su-primer-novio-quien-es-el-joven-que-la-enamoro\/\"]}]},{\"@type\":\"ImageObject\",\"inLanguage\":\"es\",\"@id\":\"https:\/\/lobosnews.com.ar\/index.php\/2026\/04\/25\/taina-gravier-la-hija-de-valeria-mazza-presento-a-su-primer-novio-quien-es-el-joven-que-la-enamoro\/#primaryimage\",\"url\":\"https:\/\/lobosnews.com.ar\/wp-content\/uploads\/2026\/04\/taina-gravier-la-hija-de-valeria-mazza-presento-a-su-primer-novio-quien-es-el-joven-que-la-enamoro-4.jpg\",\"contentUrl\":\"https:\/\/lobosnews.com.ar\/wp-content\/uploads\/2026\/04\/taina-gravier-la-hija-de-valeria-mazza-presento-a-su-primer-novio-quien-es-el-joven-que-la-enamoro-4.jpg\",\"width\":726,\"height\":968,\"caption\":\"Ta\u00edna Gravier, la hija de Valeria Mazza, present\u00f3 a su primer novio: qui\u00e9n es el joven que la enamor\u00f3\"},{\"@type\":\"BreadcrumbList\",\"@id\":\"https:\/\/lobosnews.com.ar\/index.php\/2026\/04\/25\/taina-gravier-la-hija-de-valeria-mazza-presento-a-su-primer-novio-quien-es-el-joven-que-la-enamoro\/#breadcrumb\",\"itemListElement\":[{\"@type\":\"ListItem\",\"position\":1,\"name\":\"Portada\",\"item\":\"https:\/\/lobosnews.com.ar\/\"},{\"@type\":\"ListItem\",\"position\":2,\"name\":\"Ta\u00edna Gravier, la hija de Valeria Mazza, present\u00f3 a su primer novio: qui\u00e9n es el joven que la enamor\u00f3\"}]},{\"@type\":\"WebSite\",\"@id\":\"https:\/\/lobosnews.com.ar\/#website\",\"url\":\"https:\/\/lobosnews.com.ar\/\",\"name\":\"Lobos News\",\"description\":\"Informaci\u00f3n a cada instante\",\"publisher\":{\"@id\":\"https:\/\/lobosnews.com.ar\/#organization\"},\"potentialAction\":[{\"@type\":\"SearchAction\",\"target\":{\"@type\":\"EntryPoint\",\"urlTemplate\":\"https:\/\/lobosnews.com.ar\/?s={search_term_string}\"},\"query-input\":{\"@type\":\"PropertyValueSpecification\",\"valueRequired\":true,\"valueName\":\"search_term_string\"}}],\"inLanguage\":\"es\"},{\"@type\":\"Organization\",\"@id\":\"https:\/\/lobosnews.com.ar\/#organization\",\"name\":\"Lobos News\",\"url\":\"https:\/\/lobosnews.com.ar\/\",\"logo\":{\"@type\":\"ImageObject\",\"inLanguage\":\"es\",\"@id\":\"https:\/\/lobosnews.com.ar\/#\/schema\/logo\/image\/\",\"url\":\"https:\/\/lobosnews.com.ar\/wp-content\/uploads\/2026\/01\/logo-lobosnews.png\",\"contentUrl\":\"https:\/\/lobosnews.com.ar\/wp-content\/uploads\/2026\/01\/logo-lobosnews.png\",\"width\":500,\"height\":200,\"caption\":\"Lobos News\"},\"image\":{\"@id\":\"https:\/\/lobosnews.com.ar\/#\/schema\/logo\/image\/\"}},{\"@type\":\"Person\",\"@id\":\"https:\/\/lobosnews.com.ar\/#\/schema\/person\/232422a593d5c541dd9aef6aaed10943\",\"name\":\"admin\",\"image\":{\"@type\":\"ImageObject\",\"inLanguage\":\"es\",\"@id\":\"https:\/\/lobosnews.com.ar\/#\/schema\/person\/image\/\",\"url\":\"https:\/\/secure.gravatar.com\/avatar\/76e419471a2083bc3ceab22a763dbbf9b0c1bd15a6214cf3280e2c2dde4580f9?s=96&d=mm&r=g\",\"contentUrl\":\"https:\/\/secure.gravatar.com\/avatar\/76e419471a2083bc3ceab22a763dbbf9b0c1bd15a6214cf3280e2c2dde4580f9?s=96&d=mm&r=g\",\"caption\":\"admin\"},\"sameAs\":[\"https:\/\/lobosnews.com.ar\"],\"url\":\"https:\/\/lobosnews.com.ar\/index.php\/author\/lobos-news\/\"}]}<\/script>\n<!-- \/ Yoast SEO plugin. -->","yoast_head_json":{"title":"Ta\u00edna Gravier, la hija de Valeria Mazza, present\u00f3 a su primer novio: qui\u00e9n es el joven que la enamor\u00f3 - Lobos News","robots":{"index":"index","follow":"follow","max-snippet":"max-snippet:-1","max-image-preview":"max-image-preview:large","max-video-preview":"max-video-preview:-1"},"canonical":"https:\/\/lobosnews.com.ar\/index.php\/2026\/04\/25\/taina-gravier-la-hija-de-valeria-mazza-presento-a-su-primer-novio-quien-es-el-joven-que-la-enamoro\/","og_locale":"es_ES","og_type":"article","og_title":"Ta\u00edna Gravier, la hija de Valeria Mazza, present\u00f3 a su primer novio: qui\u00e9n es el joven que la enamor\u00f3 - Lobos News","og_description":"En medio de los festejos por su cumplea\u00f1os n\u00famero 18, Ta\u00edna Gravier, hija menor de Valeria Mazza, present\u00f3 p\u00fablicamente a su primer novio: un joven futbolista universitario vinculado estrechamente a la familia Gravier-Mazza. M\u00e1s all\u00e1 del impacto en redes sociales, la decisi\u00f3n de la joven de compartir este aspecto de su vida marc\u00f3 un nuevo...","og_url":"https:\/\/lobosnews.com.ar\/index.php\/2026\/04\/25\/taina-gravier-la-hija-de-valeria-mazza-presento-a-su-primer-novio-quien-es-el-joven-que-la-enamoro\/","og_site_name":"Lobos News","article_published_time":"2026-04-25T23:54:04+00:00","article_modified_time":"2026-04-26T02:40:28+00:00","og_image":[{"url":"https:\/\/lobosnews.com.ar\/wp-content\/uploads\/2026\/04\/taina-gravier-la-hija-de-valeria-mazza-presento-a-su-primer-novio-quien-es-el-joven-que-la-enamoro.jpg","type":"","width":"","height":""}],"author":"admin","twitter_card":"summary_large_image","twitter_misc":{"Escrito por":"admin","Tiempo de lectura":"4 minutos"},"schema":{"@context":"https:\/\/schema.org","@graph":[{"@type":"Article","@id":"https:\/\/lobosnews.com.ar\/index.php\/2026\/04\/25\/taina-gravier-la-hija-de-valeria-mazza-presento-a-su-primer-novio-quien-es-el-joven-que-la-enamoro\/#article","isPartOf":{"@id":"https:\/\/lobosnews.com.ar\/index.php\/2026\/04\/25\/taina-gravier-la-hija-de-valeria-mazza-presento-a-su-primer-novio-quien-es-el-joven-que-la-enamoro\/"},"author":{"name":"admin","@id":"https:\/\/lobosnews.com.ar\/#\/schema\/person\/232422a593d5c541dd9aef6aaed10943"},"headline":"Ta\u00edna Gravier, la hija de Valeria Mazza, present\u00f3 a su primer novio: qui\u00e9n es el joven que la enamor\u00f3","datePublished":"2026-04-25T23:54:04+00:00","dateModified":"2026-04-26T02:40:28+00:00","mainEntityOfPage":{"@id":"https:\/\/lobosnews.com.ar\/index.php\/2026\/04\/25\/taina-gravier-la-hija-de-valeria-mazza-presento-a-su-primer-novio-quien-es-el-joven-que-la-enamoro\/"},"wordCount":821,"commentCount":0,"publisher":{"@id":"https:\/\/lobosnews.com.ar\/#organization"},"image":{"@id":"https:\/\/lobosnews.com.ar\/index.php\/2026\/04\/25\/taina-gravier-la-hija-de-valeria-mazza-presento-a-su-primer-novio-quien-es-el-joven-que-la-enamoro\/#primaryimage"},"thumbnailUrl":"https:\/\/lobosnews.com.ar\/wp-content\/uploads\/2026\/04\/taina-gravier-la-hija-de-valeria-mazza-presento-a-su-primer-novio-quien-es-el-joven-que-la-enamoro-4.jpg","articleSection":["Cine y Series"],"inLanguage":"es","potentialAction":[{"@type":"CommentAction","name":"Comment","target":["https:\/\/lobosnews.com.ar\/index.php\/2026\/04\/25\/taina-gravier-la-hija-de-valeria-mazza-presento-a-su-primer-novio-quien-es-el-joven-que-la-enamoro\/#respond"]}]},{"@type":"WebPage","@id":"https:\/\/lobosnews.com.ar\/index.php\/2026\/04\/25\/taina-gravier-la-hija-de-valeria-mazza-presento-a-su-primer-novio-quien-es-el-joven-que-la-enamoro\/","url":"https:\/\/lobosnews.com.ar\/index.php\/2026\/04\/25\/taina-gravier-la-hija-de-valeria-mazza-presento-a-su-primer-novio-quien-es-el-joven-que-la-enamoro\/","name":"Ta\u00edna Gravier, la hija de Valeria Mazza, present\u00f3 a su primer novio: qui\u00e9n es el joven que la enamor\u00f3 - Lobos News","isPartOf":{"@id":"https:\/\/lobosnews.com.ar\/#website"},"primaryImageOfPage":{"@id":"https:\/\/lobosnews.com.ar\/index.php\/2026\/04\/25\/taina-gravier-la-hija-de-valeria-mazza-presento-a-su-primer-novio-quien-es-el-joven-que-la-enamoro\/#primaryimage"},"image":{"@id":"https:\/\/lobosnews.com.ar\/index.php\/2026\/04\/25\/taina-gravier-la-hija-de-valeria-mazza-presento-a-su-primer-novio-quien-es-el-joven-que-la-enamoro\/#primaryimage"},"thumbnailUrl":"https:\/\/lobosnews.com.ar\/wp-content\/uploads\/2026\/04\/taina-gravier-la-hija-de-valeria-mazza-presento-a-su-primer-novio-quien-es-el-joven-que-la-enamoro-4.jpg","datePublished":"2026-04-25T23:54:04+00:00","dateModified":"2026-04-26T02:40:28+00:00","breadcrumb":{"@id":"https:\/\/lobosnews.com.ar\/index.php\/2026\/04\/25\/taina-gravier-la-hija-de-valeria-mazza-presento-a-su-primer-novio-quien-es-el-joven-que-la-enamoro\/#breadcrumb"},"inLanguage":"es","potentialAction":[{"@type":"ReadAction","target":["https:\/\/lobosnews.com.ar\/index.php\/2026\/04\/25\/taina-gravier-la-hija-de-valeria-mazza-presento-a-su-primer-novio-quien-es-el-joven-que-la-enamoro\/"]}]},{"@type":"ImageObject","inLanguage":"es","@id":"https:\/\/lobosnews.com.ar\/index.php\/2026\/04\/25\/taina-gravier-la-hija-de-valeria-mazza-presento-a-su-primer-novio-quien-es-el-joven-que-la-enamoro\/#primaryimage","url":"https:\/\/lobosnews.com.ar\/wp-content\/uploads\/2026\/04\/taina-gravier-la-hija-de-valeria-mazza-presento-a-su-primer-novio-quien-es-el-joven-que-la-enamoro-4.jpg","contentUrl":"https:\/\/lobosnews.com.ar\/wp-content\/uploads\/2026\/04\/taina-gravier-la-hija-de-valeria-mazza-presento-a-su-primer-novio-quien-es-el-joven-que-la-enamoro-4.jpg","width":726,"height":968,"caption":"Ta\u00edna Gravier, la hija de Valeria Mazza, present\u00f3 a su primer novio: qui\u00e9n es el joven que la enamor\u00f3"},{"@type":"BreadcrumbList","@id":"https:\/\/lobosnews.com.ar\/index.php\/2026\/04\/25\/taina-gravier-la-hija-de-valeria-mazza-presento-a-su-primer-novio-quien-es-el-joven-que-la-enamoro\/#breadcrumb","itemListElement":[{"@type":"ListItem","position":1,"name":"Portada","item":"https:\/\/lobosnews.com.ar\/"},{"@type":"ListItem","position":2,"name":"Ta\u00edna Gravier, la hija de Valeria Mazza, present\u00f3 a su primer novio: qui\u00e9n es el joven que la enamor\u00f3"}]},{"@type":"WebSite","@id":"https:\/\/lobosnews.com.ar\/#website","url":"https:\/\/lobosnews.com.ar\/","name":"Lobos News","description":"Informaci\u00f3n a cada instante","publisher":{"@id":"https:\/\/lobosnews.com.ar\/#organization"},"potentialAction":[{"@type":"SearchAction","target":{"@type":"EntryPoint","urlTemplate":"https:\/\/lobosnews.com.ar\/?s={search_term_string}"},"query-input":{"@type":"PropertyValueSpecification","valueRequired":true,"valueName":"search_term_string"}}],"inLanguage":"es"},{"@type":"Organization","@id":"https:\/\/lobosnews.com.ar\/#organization","name":"Lobos News","url":"https:\/\/lobosnews.com.ar\/","logo":{"@type":"ImageObject","inLanguage":"es","@id":"https:\/\/lobosnews.com.ar\/#\/schema\/logo\/image\/","url":"https:\/\/lobosnews.com.ar\/wp-content\/uploads\/2026\/01\/logo-lobosnews.png","contentUrl":"https:\/\/lobosnews.com.ar\/wp-content\/uploads\/2026\/01\/logo-lobosnews.png","width":500,"height":200,"caption":"Lobos News"},"image":{"@id":"https:\/\/lobosnews.com.ar\/#\/schema\/logo\/image\/"}},{"@type":"Person","@id":"https:\/\/lobosnews.com.ar\/#\/schema\/person\/232422a593d5c541dd9aef6aaed10943","name":"admin","image":{"@type":"ImageObject","inLanguage":"es","@id":"https:\/\/lobosnews.com.ar\/#\/schema\/person\/image\/","url":"https:\/\/secure.gravatar.com\/avatar\/76e419471a2083bc3ceab22a763dbbf9b0c1bd15a6214cf3280e2c2dde4580f9?s=96&d=mm&r=g","contentUrl":"https:\/\/secure.gravatar.com\/avatar\/76e419471a2083bc3ceab22a763dbbf9b0c1bd15a6214cf3280e2c2dde4580f9?s=96&d=mm&r=g","caption":"admin"},"sameAs":["https:\/\/lobosnews.com.ar"],"url":"https:\/\/lobosnews.com.ar\/index.php\/author\/lobos-news\/"}]}},"jetpack_featured_media_url":"https:\/\/lobosnews.com.ar\/wp-content\/uploads\/2026\/04\/taina-gravier-la-hija-de-valeria-mazza-presento-a-su-primer-novio-quien-es-el-joven-que-la-enamoro-4.jpg","jetpack_sharing_enabled":true,"_links":{"self":[{"href":"https:\/\/lobosnews.com.ar\/index.php\/wp-json\/wp\/v2\/posts\/45317","targetHints":{"allow":["GET"]}}],"collection":[{"href":"https:\/\/lobosnews.com.ar\/index.php\/wp-json\/wp\/v2\/posts"}],"about":[{"href":"https:\/\/lobosnews.com.ar\/index.php\/wp-json\/wp\/v2\/types\/post"}],"author":[{"embeddable":true,"href":"https:\/\/lobosnews.com.ar\/index.php\/wp-json\/wp\/v2\/users\/1"}],"replies":[{"embeddable":true,"href":"https:\/\/lobosnews.com.ar\/index.php\/wp-json\/wp\/v2\/comments?post=45317"}],"version-history":[{"count":1,"href":"https:\/\/lobosnews.com.ar\/index.php\/wp-json\/wp\/v2\/posts\/45317\/revisions"}],"predecessor-version":[{"id":45321,"href":"https:\/\/lobosnews.com.ar\/index.php\/wp-json\/wp\/v2\/posts\/45317\/revisions\/45321"}],"wp:featuredmedia":[{"embeddable":true,"href":"https:\/\/lobosnews.com.ar\/index.php\/wp-json\/wp\/v2\/media\/45322"}],"wp:attachment":[{"href":"https:\/\/lobosnews.com.ar\/index.php\/wp-json\/wp\/v2\/media?parent=45317"}],"wp:term":[{"taxonomy":"category","embeddable":true,"href":"https:\/\/lobosnews.com.ar\/index.php\/wp-json\/wp\/v2\/categories?post=45317"},{"taxonomy":"post_tag","embeddable":true,"href":"https:\/\/lobosnews.com.ar\/index.php\/wp-json\/wp\/v2\/tags?post=45317"}],"curies":[{"name":"wp","href":"https:\/\/api.w.org\/{rel}","templated":true}]}}