{"id":45309,"date":"2026-04-26T01:40:05","date_gmt":"2026-04-26T01:40:05","guid":{"rendered":"https:\/\/lobosnews.com.ar\/index.php\/2026\/04\/26\/la-emocion-de-catherine-fulop-al-hablar-del-nuevo-logro-de-oriana-sabatini-que-orgullo-verte-en-este-nuevo-comienzo\/"},"modified":"2026-04-26T02:39:50","modified_gmt":"2026-04-26T02:39:50","slug":"la-emocion-de-catherine-fulop-al-hablar-del-nuevo-logro-de-oriana-sabatini-que-orgullo-verte-en-este-nuevo-comienzo","status":"publish","type":"post","link":"https:\/\/lobosnews.com.ar\/index.php\/2026\/04\/26\/la-emocion-de-catherine-fulop-al-hablar-del-nuevo-logro-de-oriana-sabatini-que-orgullo-verte-en-este-nuevo-comienzo\/","title":{"rendered":"La emoci\u00f3n de Catherine Fulop al hablar del nuevo logro de Oriana Sabatini: \u201cQu\u00e9 orgullo verte en este nuevo comienzo\u201d"},"content":{"rendered":"<p><img fetchpriority=\"high\" decoding=\"async\" src=\"https:\/\/lobosnews.com.ar\/wp-content\/uploads\/2026\/04\/la-emocion-de-catherine-fulop-al-hablar-del-nuevo-logro-de-oriana-sabatini-que-orgullo-verte-en-este-nuevo-comienzo.jpg\" alt=\"Catherine Fulop comparti\u00f3 su orgullo tras la publicaci\u00f3n de la primera novela de su hija Oriana Sabatini y mostr\u00f3 la tapa del libro\" height=\"1080\" width=\"1920\"\/><\/p>\n<p>Entre mensajes de emoci\u00f3n, cari\u00f1o y hasta preocupaci\u00f3n por la salud de su nieto, <span class=\"waslinkname\"><b>Catherine Fulop<\/b><\/span><b> <\/b>no oculta su amor por su hija,<span class=\"waslinkname\"> <b>Oriana Sabatini<\/b><\/span>. En ese marco, la actriz se mostr\u00f3 orgullosa por el inicio de una nueva etapa en la vida de la modelo. Es que, en los \u00faltimos d\u00edas, la joven public\u00f3 su primera novelo, lo que provoc\u00f3 que la venezolana se deshiciera en elogios a trav\u00e9s de una profunda publicaci\u00f3n.<\/p>\n<p>\u201c<b>Empec\u00e9 a leer, podr\u00eda quedarme ac\u00e1\u2026 la primera novela de mi hija Oriana, y ya se me caen las l\u00e1grimas<\/b>\u201d, comenz\u00f3 diciendo Fulop junto a una selfie en la que mostraba la tapa de dicho libro. Acto seguido, Catherine dio lugar a los sentimientos que le gener\u00f3 este avance en la carrera de su peque\u00f1a: \u201cNo solo por el orgullo inmenso de verla cumplir este sue\u00f1o, sino porque entre sus p\u00e1ginas aparecen aromas, frases y peque\u00f1os recuerdos que me abrazan el alma\u201d.<\/p>\n<p>Luego, la actriz pas\u00f3 a referirse a uno de los personajes de la historia que narra Sabatini: \u201c<b>Ariana, su protagonista, es tan luminosa como rota, tan llena de ganas de ser feliz como de miedos que la frenan\u2026 y ya presiento que me va a hacer llorar mucho<\/b>\u201d. Hacia el final de la publicaci\u00f3n, la artista tambi\u00e9n se refiri\u00f3 al aporte de su otra hija: \u201c<b>Y como si fuera poco, la vida hizo lo suyo: Tiziana, su hermana, cre\u00f3 el arte de la portada. Dos miradas, dos talentos, una misma historia latiendo. No s\u00e9 bien qu\u00e9 hice para merecer tanto\u2026 pero ac\u00e1 estoy, con el coraz\u00f3n lleno y los ojos brillosos<\/b>\u201d.<\/p>\n<p>Semanas atr\u00e1s, <span class=\"waslinkname\">Fulop mostr\u00f3 su preocupaci\u00f3n por un video suyo en el cual se ve\u00edan \u00e1reas cercanas a la casa de Oriana Sabatini y Paulo Dybala<\/span>. Seg\u00fan sus propias palabras, la difusi\u00f3n de esas im\u00e1genes en TikTok motiv\u00f3 a fan\u00e1ticos del futbolista a buscar pistas sobre la ubicaci\u00f3n del futbolista junto a Oriana Sabatini, su hija.<\/p>\n<p><img loading=\"lazy\" decoding=\"async\" src=\"https:\/\/lobosnews.com.ar\/wp-content\/uploads\/2026\/04\/la-emocion-de-catherine-fulop-al-hablar-del-nuevo-logro-de-oriana-sabatini-que-orgullo-verte-en-este-nuevo-comienzo-1.jpg\" alt=\"La venezolana expres\u00f3 la conexi\u00f3n emocional que sinti\u00f3 al leer la novela de Oriana, donde hall\u00f3 recuerdos y vivencias familiares\" height=\"1080\" width=\"1920\"\/><\/p>\n<p>La conductora expuso en sus historias de Instagram el motivo de esta decisi\u00f3n: \u201cVoy con plano bien cerrado porque ustedes saben que se pusieron a buscar d\u00f3nde viv\u00edan los chicos por mis videos, tuve que bajar uno de TikTok que estaba medio viralizado\u201d, explic\u00f3 Fulop, subrayando su incomodidad ante la situaci\u00f3n que se da luego de un mes del nacimiento de Gia, su primera nieta.<\/p>\n<p>El hecho llev\u00f3 a Fulop a limitar su actividad en redes sociales, optando por no mostrar tantos detalles de su estancia en Europa y pidiendo disculpas a sus seguidores m\u00e1s fieles: \u201cMe imagino que me estar\u00e1n extra\u00f1ando que no los saludo todas las ma\u00f1anas\u201d, reconoci\u00f3 frente a su comunidad virtual.<\/p>\n<p>Para evitar que los numerosos fan\u00e1ticos de Dybala puedan descubrir la direcci\u00f3n donde reside el futbolista de AS Roma de la Serie A de Italia, la venezolana eligi\u00f3 modificar su comportamiento digital y priorizar la privacidad de su familia dado que desde que se enter\u00f3 la noticia de su abuelazgo, Cathy fue muy activa al mostrar su d\u00eda a d\u00eda.<\/p>\n<p>Anticipando su regreso a Buenos Aires, la conductora manifest\u00f3 lo dif\u00edcil que ser\u00e1 dejar el pa\u00eds europeo tras varias semanas acompa\u00f1ando a su hija y a su nieta reci\u00e9n nacida: \u201cHay que volver a la Argentina, es todo muy lindo ac\u00e1 con la nietita pero hay que volver. Eso va a ser duro\u201d, asegur\u00f3.<\/p>\n<p>La transformaci\u00f3n que vivi\u00f3 <b>Catherine Fulop<\/b> tras el nacimiento de su nieta qued\u00f3 reflejada en una carta p\u00fablica cargada de afecto y gratitud. \u201cFeliz cumple mes, Gia y qu\u00e9 mes tan incre\u00edble ha sido\u201d, escribi\u00f3 la actriz hace unos d\u00edas, recordando con emoci\u00f3n las horas previas al parto en Roma y la ansiedad compartida junto a la familia.<\/p>\n","protected":false},"excerpt":{"rendered":"<p>Entre mensajes de emoci\u00f3n, cari\u00f1o y hasta preocupaci\u00f3n por la salud de su nieto, Catherine Fulop no oculta su amor por su hija, Oriana Sabatini. En ese marco, la actriz se mostr\u00f3 orgullosa por el inicio de una nueva etapa en la vida de la modelo. Es que, en los \u00faltimos d\u00edas, la joven public\u00f3&#8230;<\/p>\n","protected":false},"author":1,"featured_media":45313,"comment_status":"open","ping_status":"closed","sticky":false,"template":"","format":"standard","meta":{"_jetpack_memberships_contains_paid_content":false,"footnotes":""},"categories":[79],"tags":[],"class_list":["post-45309","post","type-post","status-publish","format-standard","has-post-thumbnail","hentry","category-cine-y-series"],"magazineBlocksPostFeaturedMedia":{"thumbnail":"https:\/\/lobosnews.com.ar\/wp-content\/uploads\/2026\/04\/la-emocion-de-catherine-fulop-al-hablar-del-nuevo-logro-de-oriana-sabatini-que-orgullo-verte-en-este-nuevo-comienzo-6-150x150.jpg","medium":"https:\/\/lobosnews.com.ar\/wp-content\/uploads\/2026\/04\/la-emocion-de-catherine-fulop-al-hablar-del-nuevo-logro-de-oriana-sabatini-que-orgullo-verte-en-este-nuevo-comienzo-6-300x169.jpg","medium_large":"https:\/\/lobosnews.com.ar\/wp-content\/uploads\/2026\/04\/la-emocion-de-catherine-fulop-al-hablar-del-nuevo-logro-de-oriana-sabatini-que-orgullo-verte-en-este-nuevo-comienzo-6-768x432.jpg","large":"https:\/\/lobosnews.com.ar\/wp-content\/uploads\/2026\/04\/la-emocion-de-catherine-fulop-al-hablar-del-nuevo-logro-de-oriana-sabatini-que-orgullo-verte-en-este-nuevo-comienzo-6-1024x576.jpg","1536x1536":"https:\/\/lobosnews.com.ar\/wp-content\/uploads\/2026\/04\/la-emocion-de-catherine-fulop-al-hablar-del-nuevo-logro-de-oriana-sabatini-que-orgullo-verte-en-este-nuevo-comienzo-6-1536x864.jpg","2048x2048":"https:\/\/lobosnews.com.ar\/wp-content\/uploads\/2026\/04\/la-emocion-de-catherine-fulop-al-hablar-del-nuevo-logro-de-oriana-sabatini-que-orgullo-verte-en-este-nuevo-comienzo-6.jpg","newsmatic-featured":"https:\/\/lobosnews.com.ar\/wp-content\/uploads\/2026\/04\/la-emocion-de-catherine-fulop-al-hablar-del-nuevo-logro-de-oriana-sabatini-que-orgullo-verte-en-este-nuevo-comienzo-6-820x545.jpg","newsmatic-list":"https:\/\/lobosnews.com.ar\/wp-content\/uploads\/2026\/04\/la-emocion-de-catherine-fulop-al-hablar-del-nuevo-logro-de-oriana-sabatini-que-orgullo-verte-en-este-nuevo-comienzo-6-600x400.jpg","newsmatic-thumb":"https:\/\/lobosnews.com.ar\/wp-content\/uploads\/2026\/04\/la-emocion-de-catherine-fulop-al-hablar-del-nuevo-logro-de-oriana-sabatini-que-orgullo-verte-en-este-nuevo-comienzo-6-300x200.jpg","newsmatic-small":"https:\/\/lobosnews.com.ar\/wp-content\/uploads\/2026\/04\/la-emocion-de-catherine-fulop-al-hablar-del-nuevo-logro-de-oriana-sabatini-que-orgullo-verte-en-este-nuevo-comienzo-6-150x95.jpg","newsmatic-grid":"https:\/\/lobosnews.com.ar\/wp-content\/uploads\/2026\/04\/la-emocion-de-catherine-fulop-al-hablar-del-nuevo-logro-de-oriana-sabatini-que-orgullo-verte-en-este-nuevo-comienzo-6-400x250.jpg"},"magazineBlocksPostAuthor":{"name":"admin","avatar":"https:\/\/secure.gravatar.com\/avatar\/76e419471a2083bc3ceab22a763dbbf9b0c1bd15a6214cf3280e2c2dde4580f9?s=96&d=mm&r=g"},"magazineBlocksPostCommentsNumber":"0","magazineBlocksPostExcerpt":"Entre mensajes de emoci\u00f3n, cari\u00f1o y hasta preocupaci\u00f3n por la salud de su nieto, Catherine Fulop no oculta su amor por su hija, Oriana Sabatini. En ese marco, la actriz se mostr\u00f3 orgullosa por el inicio de una nueva etapa en la vida de la modelo. Es que, en los \u00faltimos d\u00edas, la joven public\u00f3...","magazineBlocksPostCategories":["Cine y Series"],"magazineBlocksPostViewCount":4,"magazineBlocksPostReadTime":4,"magazine_blocks_featured_image_url":{"full":["https:\/\/lobosnews.com.ar\/wp-content\/uploads\/2026\/04\/la-emocion-de-catherine-fulop-al-hablar-del-nuevo-logro-de-oriana-sabatini-que-orgullo-verte-en-este-nuevo-comienzo-6.jpg",1920,1080,false],"medium":["https:\/\/lobosnews.com.ar\/wp-content\/uploads\/2026\/04\/la-emocion-de-catherine-fulop-al-hablar-del-nuevo-logro-de-oriana-sabatini-que-orgullo-verte-en-este-nuevo-comienzo-6-300x169.jpg",300,169,true],"thumbnail":["https:\/\/lobosnews.com.ar\/wp-content\/uploads\/2026\/04\/la-emocion-de-catherine-fulop-al-hablar-del-nuevo-logro-de-oriana-sabatini-que-orgullo-verte-en-este-nuevo-comienzo-6-150x150.jpg",150,150,true]},"magazine_blocks_author":{"display_name":"admin","author_link":"https:\/\/lobosnews.com.ar\/index.php\/author\/lobos-news\/"},"magazine_blocks_comment":0,"magazine_blocks_author_image":"https:\/\/secure.gravatar.com\/avatar\/76e419471a2083bc3ceab22a763dbbf9b0c1bd15a6214cf3280e2c2dde4580f9?s=96&d=mm&r=g","magazine_blocks_category":"<a href=\"#\" class=\"category-link category-link-79\">Cine y Series<\/a>","yoast_head":"<!-- This site is optimized with the Yoast SEO plugin v26.6 - https:\/\/yoast.com\/wordpress\/plugins\/seo\/ -->\n<title>La emoci\u00f3n de Catherine Fulop al hablar del nuevo logro de Oriana Sabatini: \u201cQu\u00e9 orgullo verte en este nuevo comienzo\u201d - Lobos News<\/title>\n<meta name=\"robots\" content=\"index, follow, max-snippet:-1, max-image-preview:large, max-video-preview:-1\" \/>\n<link rel=\"canonical\" href=\"https:\/\/lobosnews.com.ar\/index.php\/2026\/04\/26\/la-emocion-de-catherine-fulop-al-hablar-del-nuevo-logro-de-oriana-sabatini-que-orgullo-verte-en-este-nuevo-comienzo\/\" \/>\n<meta property=\"og:locale\" content=\"es_ES\" \/>\n<meta property=\"og:type\" content=\"article\" \/>\n<meta property=\"og:title\" content=\"La emoci\u00f3n de Catherine Fulop al hablar del nuevo logro de Oriana Sabatini: \u201cQu\u00e9 orgullo verte en este nuevo comienzo\u201d - Lobos News\" \/>\n<meta property=\"og:description\" content=\"Entre mensajes de emoci\u00f3n, cari\u00f1o y hasta preocupaci\u00f3n por la salud de su nieto, Catherine Fulop no oculta su amor por su hija, Oriana Sabatini. En ese marco, la actriz se mostr\u00f3 orgullosa por el inicio de una nueva etapa en la vida de la modelo. Es que, en los \u00faltimos d\u00edas, la joven public\u00f3...\" \/>\n<meta property=\"og:url\" content=\"https:\/\/lobosnews.com.ar\/index.php\/2026\/04\/26\/la-emocion-de-catherine-fulop-al-hablar-del-nuevo-logro-de-oriana-sabatini-que-orgullo-verte-en-este-nuevo-comienzo\/\" \/>\n<meta property=\"og:site_name\" content=\"Lobos News\" \/>\n<meta property=\"article:published_time\" content=\"2026-04-26T01:40:05+00:00\" \/>\n<meta property=\"article:modified_time\" content=\"2026-04-26T02:39:50+00:00\" \/>\n<meta property=\"og:image\" content=\"https:\/\/lobosnews.com.ar\/wp-content\/uploads\/2026\/04\/la-emocion-de-catherine-fulop-al-hablar-del-nuevo-logro-de-oriana-sabatini-que-orgullo-verte-en-este-nuevo-comienzo.jpg\" \/>\n<meta name=\"author\" content=\"admin\" \/>\n<meta name=\"twitter:card\" content=\"summary_large_image\" \/>\n<meta name=\"twitter:label1\" content=\"Escrito por\" \/>\n\t<meta name=\"twitter:data1\" content=\"admin\" \/>\n\t<meta name=\"twitter:label2\" content=\"Tiempo de lectura\" \/>\n\t<meta name=\"twitter:data2\" content=\"3 minutos\" \/>\n<script type=\"application\/ld+json\" class=\"yoast-schema-graph\">{\"@context\":\"https:\/\/schema.org\",\"@graph\":[{\"@type\":\"Article\",\"@id\":\"https:\/\/lobosnews.com.ar\/index.php\/2026\/04\/26\/la-emocion-de-catherine-fulop-al-hablar-del-nuevo-logro-de-oriana-sabatini-que-orgullo-verte-en-este-nuevo-comienzo\/#article\",\"isPartOf\":{\"@id\":\"https:\/\/lobosnews.com.ar\/index.php\/2026\/04\/26\/la-emocion-de-catherine-fulop-al-hablar-del-nuevo-logro-de-oriana-sabatini-que-orgullo-verte-en-este-nuevo-comienzo\/\"},\"author\":{\"name\":\"admin\",\"@id\":\"https:\/\/lobosnews.com.ar\/#\/schema\/person\/232422a593d5c541dd9aef6aaed10943\"},\"headline\":\"La emoci\u00f3n de Catherine Fulop al hablar del nuevo logro de Oriana Sabatini: \u201cQu\u00e9 orgullo verte en este nuevo comienzo\u201d\",\"datePublished\":\"2026-04-26T01:40:05+00:00\",\"dateModified\":\"2026-04-26T02:39:50+00:00\",\"mainEntityOfPage\":{\"@id\":\"https:\/\/lobosnews.com.ar\/index.php\/2026\/04\/26\/la-emocion-de-catherine-fulop-al-hablar-del-nuevo-logro-de-oriana-sabatini-que-orgullo-verte-en-este-nuevo-comienzo\/\"},\"wordCount\":675,\"commentCount\":0,\"publisher\":{\"@id\":\"https:\/\/lobosnews.com.ar\/#organization\"},\"image\":{\"@id\":\"https:\/\/lobosnews.com.ar\/index.php\/2026\/04\/26\/la-emocion-de-catherine-fulop-al-hablar-del-nuevo-logro-de-oriana-sabatini-que-orgullo-verte-en-este-nuevo-comienzo\/#primaryimage\"},\"thumbnailUrl\":\"https:\/\/lobosnews.com.ar\/wp-content\/uploads\/2026\/04\/la-emocion-de-catherine-fulop-al-hablar-del-nuevo-logro-de-oriana-sabatini-que-orgullo-verte-en-este-nuevo-comienzo-6.jpg\",\"articleSection\":[\"Cine y Series\"],\"inLanguage\":\"es\",\"potentialAction\":[{\"@type\":\"CommentAction\",\"name\":\"Comment\",\"target\":[\"https:\/\/lobosnews.com.ar\/index.php\/2026\/04\/26\/la-emocion-de-catherine-fulop-al-hablar-del-nuevo-logro-de-oriana-sabatini-que-orgullo-verte-en-este-nuevo-comienzo\/#respond\"]}]},{\"@type\":\"WebPage\",\"@id\":\"https:\/\/lobosnews.com.ar\/index.php\/2026\/04\/26\/la-emocion-de-catherine-fulop-al-hablar-del-nuevo-logro-de-oriana-sabatini-que-orgullo-verte-en-este-nuevo-comienzo\/\",\"url\":\"https:\/\/lobosnews.com.ar\/index.php\/2026\/04\/26\/la-emocion-de-catherine-fulop-al-hablar-del-nuevo-logro-de-oriana-sabatini-que-orgullo-verte-en-este-nuevo-comienzo\/\",\"name\":\"La emoci\u00f3n de Catherine Fulop al hablar del nuevo logro de Oriana Sabatini: \u201cQu\u00e9 orgullo verte en este nuevo comienzo\u201d - Lobos News\",\"isPartOf\":{\"@id\":\"https:\/\/lobosnews.com.ar\/#website\"},\"primaryImageOfPage\":{\"@id\":\"https:\/\/lobosnews.com.ar\/index.php\/2026\/04\/26\/la-emocion-de-catherine-fulop-al-hablar-del-nuevo-logro-de-oriana-sabatini-que-orgullo-verte-en-este-nuevo-comienzo\/#primaryimage\"},\"image\":{\"@id\":\"https:\/\/lobosnews.com.ar\/index.php\/2026\/04\/26\/la-emocion-de-catherine-fulop-al-hablar-del-nuevo-logro-de-oriana-sabatini-que-orgullo-verte-en-este-nuevo-comienzo\/#primaryimage\"},\"thumbnailUrl\":\"https:\/\/lobosnews.com.ar\/wp-content\/uploads\/2026\/04\/la-emocion-de-catherine-fulop-al-hablar-del-nuevo-logro-de-oriana-sabatini-que-orgullo-verte-en-este-nuevo-comienzo-6.jpg\",\"datePublished\":\"2026-04-26T01:40:05+00:00\",\"dateModified\":\"2026-04-26T02:39:50+00:00\",\"breadcrumb\":{\"@id\":\"https:\/\/lobosnews.com.ar\/index.php\/2026\/04\/26\/la-emocion-de-catherine-fulop-al-hablar-del-nuevo-logro-de-oriana-sabatini-que-orgullo-verte-en-este-nuevo-comienzo\/#breadcrumb\"},\"inLanguage\":\"es\",\"potentialAction\":[{\"@type\":\"ReadAction\",\"target\":[\"https:\/\/lobosnews.com.ar\/index.php\/2026\/04\/26\/la-emocion-de-catherine-fulop-al-hablar-del-nuevo-logro-de-oriana-sabatini-que-orgullo-verte-en-este-nuevo-comienzo\/\"]}]},{\"@type\":\"ImageObject\",\"inLanguage\":\"es\",\"@id\":\"https:\/\/lobosnews.com.ar\/index.php\/2026\/04\/26\/la-emocion-de-catherine-fulop-al-hablar-del-nuevo-logro-de-oriana-sabatini-que-orgullo-verte-en-este-nuevo-comienzo\/#primaryimage\",\"url\":\"https:\/\/lobosnews.com.ar\/wp-content\/uploads\/2026\/04\/la-emocion-de-catherine-fulop-al-hablar-del-nuevo-logro-de-oriana-sabatini-que-orgullo-verte-en-este-nuevo-comienzo-6.jpg\",\"contentUrl\":\"https:\/\/lobosnews.com.ar\/wp-content\/uploads\/2026\/04\/la-emocion-de-catherine-fulop-al-hablar-del-nuevo-logro-de-oriana-sabatini-que-orgullo-verte-en-este-nuevo-comienzo-6.jpg\",\"width\":1920,\"height\":1080,\"caption\":\"La emoci\u00f3n de Catherine Fulop al hablar del nuevo logro de Oriana Sabatini: \u201cQu\u00e9 orgullo verte en este nuevo comienzo\u201d\"},{\"@type\":\"BreadcrumbList\",\"@id\":\"https:\/\/lobosnews.com.ar\/index.php\/2026\/04\/26\/la-emocion-de-catherine-fulop-al-hablar-del-nuevo-logro-de-oriana-sabatini-que-orgullo-verte-en-este-nuevo-comienzo\/#breadcrumb\",\"itemListElement\":[{\"@type\":\"ListItem\",\"position\":1,\"name\":\"Portada\",\"item\":\"https:\/\/lobosnews.com.ar\/\"},{\"@type\":\"ListItem\",\"position\":2,\"name\":\"La emoci\u00f3n de Catherine Fulop al hablar del nuevo logro de Oriana Sabatini: \u201cQu\u00e9 orgullo verte en este nuevo comienzo\u201d\"}]},{\"@type\":\"WebSite\",\"@id\":\"https:\/\/lobosnews.com.ar\/#website\",\"url\":\"https:\/\/lobosnews.com.ar\/\",\"name\":\"Lobos News\",\"description\":\"Informaci\u00f3n a cada instante\",\"publisher\":{\"@id\":\"https:\/\/lobosnews.com.ar\/#organization\"},\"potentialAction\":[{\"@type\":\"SearchAction\",\"target\":{\"@type\":\"EntryPoint\",\"urlTemplate\":\"https:\/\/lobosnews.com.ar\/?s={search_term_string}\"},\"query-input\":{\"@type\":\"PropertyValueSpecification\",\"valueRequired\":true,\"valueName\":\"search_term_string\"}}],\"inLanguage\":\"es\"},{\"@type\":\"Organization\",\"@id\":\"https:\/\/lobosnews.com.ar\/#organization\",\"name\":\"Lobos News\",\"url\":\"https:\/\/lobosnews.com.ar\/\",\"logo\":{\"@type\":\"ImageObject\",\"inLanguage\":\"es\",\"@id\":\"https:\/\/lobosnews.com.ar\/#\/schema\/logo\/image\/\",\"url\":\"https:\/\/lobosnews.com.ar\/wp-content\/uploads\/2026\/01\/logo-lobosnews.png\",\"contentUrl\":\"https:\/\/lobosnews.com.ar\/wp-content\/uploads\/2026\/01\/logo-lobosnews.png\",\"width\":500,\"height\":200,\"caption\":\"Lobos News\"},\"image\":{\"@id\":\"https:\/\/lobosnews.com.ar\/#\/schema\/logo\/image\/\"}},{\"@type\":\"Person\",\"@id\":\"https:\/\/lobosnews.com.ar\/#\/schema\/person\/232422a593d5c541dd9aef6aaed10943\",\"name\":\"admin\",\"image\":{\"@type\":\"ImageObject\",\"inLanguage\":\"es\",\"@id\":\"https:\/\/lobosnews.com.ar\/#\/schema\/person\/image\/\",\"url\":\"https:\/\/secure.gravatar.com\/avatar\/76e419471a2083bc3ceab22a763dbbf9b0c1bd15a6214cf3280e2c2dde4580f9?s=96&d=mm&r=g\",\"contentUrl\":\"https:\/\/secure.gravatar.com\/avatar\/76e419471a2083bc3ceab22a763dbbf9b0c1bd15a6214cf3280e2c2dde4580f9?s=96&d=mm&r=g\",\"caption\":\"admin\"},\"sameAs\":[\"https:\/\/lobosnews.com.ar\"],\"url\":\"https:\/\/lobosnews.com.ar\/index.php\/author\/lobos-news\/\"}]}<\/script>\n<!-- \/ Yoast SEO plugin. -->","yoast_head_json":{"title":"La emoci\u00f3n de Catherine Fulop al hablar del nuevo logro de Oriana Sabatini: \u201cQu\u00e9 orgullo verte en este nuevo comienzo\u201d - Lobos News","robots":{"index":"index","follow":"follow","max-snippet":"max-snippet:-1","max-image-preview":"max-image-preview:large","max-video-preview":"max-video-preview:-1"},"canonical":"https:\/\/lobosnews.com.ar\/index.php\/2026\/04\/26\/la-emocion-de-catherine-fulop-al-hablar-del-nuevo-logro-de-oriana-sabatini-que-orgullo-verte-en-este-nuevo-comienzo\/","og_locale":"es_ES","og_type":"article","og_title":"La emoci\u00f3n de Catherine Fulop al hablar del nuevo logro de Oriana Sabatini: \u201cQu\u00e9 orgullo verte en este nuevo comienzo\u201d - Lobos News","og_description":"Entre mensajes de emoci\u00f3n, cari\u00f1o y hasta preocupaci\u00f3n por la salud de su nieto, Catherine Fulop no oculta su amor por su hija, Oriana Sabatini. En ese marco, la actriz se mostr\u00f3 orgullosa por el inicio de una nueva etapa en la vida de la modelo. Es que, en los \u00faltimos d\u00edas, la joven public\u00f3...","og_url":"https:\/\/lobosnews.com.ar\/index.php\/2026\/04\/26\/la-emocion-de-catherine-fulop-al-hablar-del-nuevo-logro-de-oriana-sabatini-que-orgullo-verte-en-este-nuevo-comienzo\/","og_site_name":"Lobos News","article_published_time":"2026-04-26T01:40:05+00:00","article_modified_time":"2026-04-26T02:39:50+00:00","og_image":[{"url":"https:\/\/lobosnews.com.ar\/wp-content\/uploads\/2026\/04\/la-emocion-de-catherine-fulop-al-hablar-del-nuevo-logro-de-oriana-sabatini-que-orgullo-verte-en-este-nuevo-comienzo.jpg","type":"","width":"","height":""}],"author":"admin","twitter_card":"summary_large_image","twitter_misc":{"Escrito por":"admin","Tiempo de lectura":"3 minutos"},"schema":{"@context":"https:\/\/schema.org","@graph":[{"@type":"Article","@id":"https:\/\/lobosnews.com.ar\/index.php\/2026\/04\/26\/la-emocion-de-catherine-fulop-al-hablar-del-nuevo-logro-de-oriana-sabatini-que-orgullo-verte-en-este-nuevo-comienzo\/#article","isPartOf":{"@id":"https:\/\/lobosnews.com.ar\/index.php\/2026\/04\/26\/la-emocion-de-catherine-fulop-al-hablar-del-nuevo-logro-de-oriana-sabatini-que-orgullo-verte-en-este-nuevo-comienzo\/"},"author":{"name":"admin","@id":"https:\/\/lobosnews.com.ar\/#\/schema\/person\/232422a593d5c541dd9aef6aaed10943"},"headline":"La emoci\u00f3n de Catherine Fulop al hablar del nuevo logro de Oriana Sabatini: \u201cQu\u00e9 orgullo verte en este nuevo comienzo\u201d","datePublished":"2026-04-26T01:40:05+00:00","dateModified":"2026-04-26T02:39:50+00:00","mainEntityOfPage":{"@id":"https:\/\/lobosnews.com.ar\/index.php\/2026\/04\/26\/la-emocion-de-catherine-fulop-al-hablar-del-nuevo-logro-de-oriana-sabatini-que-orgullo-verte-en-este-nuevo-comienzo\/"},"wordCount":675,"commentCount":0,"publisher":{"@id":"https:\/\/lobosnews.com.ar\/#organization"},"image":{"@id":"https:\/\/lobosnews.com.ar\/index.php\/2026\/04\/26\/la-emocion-de-catherine-fulop-al-hablar-del-nuevo-logro-de-oriana-sabatini-que-orgullo-verte-en-este-nuevo-comienzo\/#primaryimage"},"thumbnailUrl":"https:\/\/lobosnews.com.ar\/wp-content\/uploads\/2026\/04\/la-emocion-de-catherine-fulop-al-hablar-del-nuevo-logro-de-oriana-sabatini-que-orgullo-verte-en-este-nuevo-comienzo-6.jpg","articleSection":["Cine y Series"],"inLanguage":"es","potentialAction":[{"@type":"CommentAction","name":"Comment","target":["https:\/\/lobosnews.com.ar\/index.php\/2026\/04\/26\/la-emocion-de-catherine-fulop-al-hablar-del-nuevo-logro-de-oriana-sabatini-que-orgullo-verte-en-este-nuevo-comienzo\/#respond"]}]},{"@type":"WebPage","@id":"https:\/\/lobosnews.com.ar\/index.php\/2026\/04\/26\/la-emocion-de-catherine-fulop-al-hablar-del-nuevo-logro-de-oriana-sabatini-que-orgullo-verte-en-este-nuevo-comienzo\/","url":"https:\/\/lobosnews.com.ar\/index.php\/2026\/04\/26\/la-emocion-de-catherine-fulop-al-hablar-del-nuevo-logro-de-oriana-sabatini-que-orgullo-verte-en-este-nuevo-comienzo\/","name":"La emoci\u00f3n de Catherine Fulop al hablar del nuevo logro de Oriana Sabatini: \u201cQu\u00e9 orgullo verte en este nuevo comienzo\u201d - Lobos News","isPartOf":{"@id":"https:\/\/lobosnews.com.ar\/#website"},"primaryImageOfPage":{"@id":"https:\/\/lobosnews.com.ar\/index.php\/2026\/04\/26\/la-emocion-de-catherine-fulop-al-hablar-del-nuevo-logro-de-oriana-sabatini-que-orgullo-verte-en-este-nuevo-comienzo\/#primaryimage"},"image":{"@id":"https:\/\/lobosnews.com.ar\/index.php\/2026\/04\/26\/la-emocion-de-catherine-fulop-al-hablar-del-nuevo-logro-de-oriana-sabatini-que-orgullo-verte-en-este-nuevo-comienzo\/#primaryimage"},"thumbnailUrl":"https:\/\/lobosnews.com.ar\/wp-content\/uploads\/2026\/04\/la-emocion-de-catherine-fulop-al-hablar-del-nuevo-logro-de-oriana-sabatini-que-orgullo-verte-en-este-nuevo-comienzo-6.jpg","datePublished":"2026-04-26T01:40:05+00:00","dateModified":"2026-04-26T02:39:50+00:00","breadcrumb":{"@id":"https:\/\/lobosnews.com.ar\/index.php\/2026\/04\/26\/la-emocion-de-catherine-fulop-al-hablar-del-nuevo-logro-de-oriana-sabatini-que-orgullo-verte-en-este-nuevo-comienzo\/#breadcrumb"},"inLanguage":"es","potentialAction":[{"@type":"ReadAction","target":["https:\/\/lobosnews.com.ar\/index.php\/2026\/04\/26\/la-emocion-de-catherine-fulop-al-hablar-del-nuevo-logro-de-oriana-sabatini-que-orgullo-verte-en-este-nuevo-comienzo\/"]}]},{"@type":"ImageObject","inLanguage":"es","@id":"https:\/\/lobosnews.com.ar\/index.php\/2026\/04\/26\/la-emocion-de-catherine-fulop-al-hablar-del-nuevo-logro-de-oriana-sabatini-que-orgullo-verte-en-este-nuevo-comienzo\/#primaryimage","url":"https:\/\/lobosnews.com.ar\/wp-content\/uploads\/2026\/04\/la-emocion-de-catherine-fulop-al-hablar-del-nuevo-logro-de-oriana-sabatini-que-orgullo-verte-en-este-nuevo-comienzo-6.jpg","contentUrl":"https:\/\/lobosnews.com.ar\/wp-content\/uploads\/2026\/04\/la-emocion-de-catherine-fulop-al-hablar-del-nuevo-logro-de-oriana-sabatini-que-orgullo-verte-en-este-nuevo-comienzo-6.jpg","width":1920,"height":1080,"caption":"La emoci\u00f3n de Catherine Fulop al hablar del nuevo logro de Oriana Sabatini: \u201cQu\u00e9 orgullo verte en este nuevo comienzo\u201d"},{"@type":"BreadcrumbList","@id":"https:\/\/lobosnews.com.ar\/index.php\/2026\/04\/26\/la-emocion-de-catherine-fulop-al-hablar-del-nuevo-logro-de-oriana-sabatini-que-orgullo-verte-en-este-nuevo-comienzo\/#breadcrumb","itemListElement":[{"@type":"ListItem","position":1,"name":"Portada","item":"https:\/\/lobosnews.com.ar\/"},{"@type":"ListItem","position":2,"name":"La emoci\u00f3n de Catherine Fulop al hablar del nuevo logro de Oriana Sabatini: \u201cQu\u00e9 orgullo verte en este nuevo comienzo\u201d"}]},{"@type":"WebSite","@id":"https:\/\/lobosnews.com.ar\/#website","url":"https:\/\/lobosnews.com.ar\/","name":"Lobos News","description":"Informaci\u00f3n a cada instante","publisher":{"@id":"https:\/\/lobosnews.com.ar\/#organization"},"potentialAction":[{"@type":"SearchAction","target":{"@type":"EntryPoint","urlTemplate":"https:\/\/lobosnews.com.ar\/?s={search_term_string}"},"query-input":{"@type":"PropertyValueSpecification","valueRequired":true,"valueName":"search_term_string"}}],"inLanguage":"es"},{"@type":"Organization","@id":"https:\/\/lobosnews.com.ar\/#organization","name":"Lobos News","url":"https:\/\/lobosnews.com.ar\/","logo":{"@type":"ImageObject","inLanguage":"es","@id":"https:\/\/lobosnews.com.ar\/#\/schema\/logo\/image\/","url":"https:\/\/lobosnews.com.ar\/wp-content\/uploads\/2026\/01\/logo-lobosnews.png","contentUrl":"https:\/\/lobosnews.com.ar\/wp-content\/uploads\/2026\/01\/logo-lobosnews.png","width":500,"height":200,"caption":"Lobos News"},"image":{"@id":"https:\/\/lobosnews.com.ar\/#\/schema\/logo\/image\/"}},{"@type":"Person","@id":"https:\/\/lobosnews.com.ar\/#\/schema\/person\/232422a593d5c541dd9aef6aaed10943","name":"admin","image":{"@type":"ImageObject","inLanguage":"es","@id":"https:\/\/lobosnews.com.ar\/#\/schema\/person\/image\/","url":"https:\/\/secure.gravatar.com\/avatar\/76e419471a2083bc3ceab22a763dbbf9b0c1bd15a6214cf3280e2c2dde4580f9?s=96&d=mm&r=g","contentUrl":"https:\/\/secure.gravatar.com\/avatar\/76e419471a2083bc3ceab22a763dbbf9b0c1bd15a6214cf3280e2c2dde4580f9?s=96&d=mm&r=g","caption":"admin"},"sameAs":["https:\/\/lobosnews.com.ar"],"url":"https:\/\/lobosnews.com.ar\/index.php\/author\/lobos-news\/"}]}},"jetpack_featured_media_url":"https:\/\/lobosnews.com.ar\/wp-content\/uploads\/2026\/04\/la-emocion-de-catherine-fulop-al-hablar-del-nuevo-logro-de-oriana-sabatini-que-orgullo-verte-en-este-nuevo-comienzo-6.jpg","jetpack_sharing_enabled":true,"_links":{"self":[{"href":"https:\/\/lobosnews.com.ar\/index.php\/wp-json\/wp\/v2\/posts\/45309","targetHints":{"allow":["GET"]}}],"collection":[{"href":"https:\/\/lobosnews.com.ar\/index.php\/wp-json\/wp\/v2\/posts"}],"about":[{"href":"https:\/\/lobosnews.com.ar\/index.php\/wp-json\/wp\/v2\/types\/post"}],"author":[{"embeddable":true,"href":"https:\/\/lobosnews.com.ar\/index.php\/wp-json\/wp\/v2\/users\/1"}],"replies":[{"embeddable":true,"href":"https:\/\/lobosnews.com.ar\/index.php\/wp-json\/wp\/v2\/comments?post=45309"}],"version-history":[{"count":1,"href":"https:\/\/lobosnews.com.ar\/index.php\/wp-json\/wp\/v2\/posts\/45309\/revisions"}],"predecessor-version":[{"id":45312,"href":"https:\/\/lobosnews.com.ar\/index.php\/wp-json\/wp\/v2\/posts\/45309\/revisions\/45312"}],"wp:featuredmedia":[{"embeddable":true,"href":"https:\/\/lobosnews.com.ar\/index.php\/wp-json\/wp\/v2\/media\/45313"}],"wp:attachment":[{"href":"https:\/\/lobosnews.com.ar\/index.php\/wp-json\/wp\/v2\/media?parent=45309"}],"wp:term":[{"taxonomy":"category","embeddable":true,"href":"https:\/\/lobosnews.com.ar\/index.php\/wp-json\/wp\/v2\/categories?post=45309"},{"taxonomy":"post_tag","embeddable":true,"href":"https:\/\/lobosnews.com.ar\/index.php\/wp-json\/wp\/v2\/tags?post=45309"}],"curies":[{"name":"wp","href":"https:\/\/api.w.org\/{rel}","templated":true}]}}