{"id":45301,"date":"2026-04-25T23:03:22","date_gmt":"2026-04-25T23:03:22","guid":{"rendered":"https:\/\/lobosnews.com.ar\/index.php\/2026\/04\/25\/el-salvador-reportan-mas-de-460-fallecidos-por-accidentes-de-transito-en-lo-que-va-del-ano\/"},"modified":"2026-04-26T02:30:28","modified_gmt":"2026-04-26T02:30:28","slug":"el-salvador-reportan-mas-de-460-fallecidos-por-accidentes-de-transito-en-lo-que-va-del-ano","status":"publish","type":"post","link":"https:\/\/lobosnews.com.ar\/index.php\/2026\/04\/25\/el-salvador-reportan-mas-de-460-fallecidos-por-accidentes-de-transito-en-lo-que-va-del-ano\/","title":{"rendered":"El Salvador: Reportan m\u00e1s de 460 fallecidos por accidentes de tr\u00e1nsito en lo que va del a\u00f1o"},"content":{"rendered":"<p><img loading=\"lazy\" decoding=\"async\" src=\"https:\/\/lobosnews.com.ar\/wp-content\/uploads\/2026\/04\/el-salvador-reportan-mas-de-460-fallecidos-por-accidentes-de-transito-en-lo-que-va-del-ano.jpg\" alt=\"La invasi\u00f3n de carril y el exceso de velocidad integraron los factores m\u00e1s frecuentes tras los siniestros viales, junto al incumplimiento de se\u00f1ales. (Cortes\u00eda: Viceministerio de Transporte)\" height=\"1200\" width=\"1600\"\/><\/p>\n<p>El informe m\u00e1s reciente del <b>Observatorio Nacional de Seguridad Vial (Onasevi)<\/b>, elaborado con datos de la<b> Polic\u00eda Nacional Civil (PNC)<\/b>, alerta sobre un considerable aumento en el n\u00famero de personas fallecidas en accidentes de tr\u00e1nsito durante el periodo comprendido <b>entre el 1 de enero y el 24 de abril de 2026<\/b>. <\/p>\n<p>En estos primeros cuatro meses del a\u00f1o, un total de <b>463 personas han perdido la vida en siniestros viales<\/b>. La cifra representa un incremento del <b>27% respecto al mismo periodo de 2025, cuando se contabilizaron 365 muertes<\/b>. <\/p>\n<p>Onasevi identifica que la<b> distracci\u00f3n del conductor es la causa m\u00e1s frecuente asociada a estos fallecimientos<\/b>, con 156 v\u00edctimas mortales vinculadas a este factor. <\/p>\n<p><img loading=\"lazy\" decoding=\"async\" src=\"https:\/\/lobosnews.com.ar\/wp-content\/uploads\/2026\/04\/el-salvador-reportan-mas-de-460-fallecidos-por-accidentes-de-transito-en-lo-que-va-del-ano-1.jpg\" alt=\"Muertes por accidentes de tr\u00e1nsito se elevaron un 27% con 463 fallecidos, sobresaliendo la distracci\u00f3n del conductor como principal causa mortal. (Imagen Ilustrativa Infobae)\" height=\"2752\" width=\"1536\"\/><\/p>\n<p>La <b>velocidad excesiva ocupa el segundo lugar<\/b>, con 111 muertes, mientras que la <b>invasi\u00f3n de carril <\/b>provoc\u00f3 61 decesos y<b> no guardar la distancia reglamentaria result\u00f3<\/b> en 28 fallecidos. <\/p>\n<p>Este patr\u00f3n evidencia que las conductas imprudentes y la falta de respeto a las normas de tr\u00e1nsito siguen siendo los principales detonantes de tragedias en las carreteras.<\/p>\n<p>De acuerdo con los datos oficiales, durante el periodo analizado, se han registrado un total de <b>7,510 siniestros viales<\/b>, lo que supone un aumento del 20% en comparaci\u00f3n con los <b>6,241 accidentes reportados en 2025<\/b>. El promedio diario de siniestros tambi\u00e9n <b>ha subido de 54<\/b> a <b>65 eventos cada d\u00eda<\/b>, lo que refleja una mayor frecuencia de incidentes en la red vial.<\/p>\n<p><img loading=\"lazy\" decoding=\"async\" src=\"https:\/\/lobosnews.com.ar\/wp-content\/uploads\/2026\/04\/el-salvador-reportan-mas-de-460-fallecidos-por-accidentes-de-transito-en-lo-que-va-del-ano-2.jpg\" alt=\"Un total de 7.510 siniestros viales se reportaron en el primer cuatrimestre de 2026, un 20% m\u00e1s que en el mismo periodo del a\u00f1o anterior. (Imagen ilustrativa de Infobae)\" height=\"450\" width=\"790\"\/><\/p>\n<h2>M\u00e1s lesionados y persistencia de conductas de riesgo en la v\u00eda<\/h2>\n<p>Adem\u00e1s, el n\u00famero de personas lesionadas como consecuencia de estos accidentes muestra una tendencia al alza. Durante los primeros meses de 2026, se contabilizan <b>5,019 lesionados, frente a los 3,898 del a\u00f1o anterior, lo que representa un incremento del 29%<\/b>. <\/p>\n<p>Mientras que, el promedio diario de personas heridas pas\u00f3 de<b> 34 a 43, seg\u00fan estad\u00edsticas oficiales<\/b>. Este aumento de lesionados se vincula estrechamente con las mismas causas que generan los fallecimientos, siendo la invasi\u00f3n de <b>carril la principal causa de lesiones (1,160 casos), seguida por la distracci\u00f3n del conductor (1,151), el no respetar las se\u00f1ales de tr\u00e1nsito (719), la velocidad excesiva (403) y no guardar la distancia reglamentaria (401)<\/b>.<\/p>\n<p>Por otro lado, el informe tambi\u00e9n destaca el n\u00famero de personas detenidas por conducci\u00f3n peligrosa, <b>que asciende a 686 en 2026, lo que implica un crecimiento del 4% respecto al a\u00f1o anterior<\/b>.<\/p>\n<p><img loading=\"lazy\" decoding=\"async\" src=\"https:\/\/lobosnews.com.ar\/wp-content\/uploads\/2026\/04\/el-salvador-reportan-mas-de-460-fallecidos-por-accidentes-de-transito-en-lo-que-va-del-ano-3.jpg\" alt=\"Entre enero y abril de 2026, las lesiones por accidentes de tr\u00e1fico aumentaron un 29%, sumando 5,019 heridos respecto al mismo periodo del a\u00f1o anterior. (Cortes\u00eda: Vicemisterio de Transporte)\" height=\"900\" width=\"1600\"\/><\/p>\n<p>Esta cifra pone en evidencia la persistencia de conductas de riesgo, a pesar de los esfuerzos de las autoridades por incrementar la vigilancia y sancionar a quienes ponen en peligro la vida propia y la de los dem\u00e1s.<\/p>\n<p>El an\u00e1lisis semanal de los siniestros viales revela que <b>los d\u00edas jueves y viernes concentran el mayor n\u00famero de colisiones, con 196 y 170 casos respectivamente, seguido por los s\u00e1bados con 182<\/b>. <\/p>\n<p>Las colisiones representan el tipo de siniestro m\u00e1s frecuente, seguidas por choques, atropellos, ca\u00eddas y accidentes con caracter\u00edsticas especiales, como eventos fortuitos.<\/p>\n<p>El llamado de las autoridades a la poblaci\u00f3n es la urgencia de acatar el reglamento vial para frenar el crecimiento de los siniestros, al igual que proteger la vida de los usuarios.<\/p>\n","protected":false},"excerpt":{"rendered":"<p>El informe m\u00e1s reciente del Observatorio Nacional de Seguridad Vial (Onasevi), elaborado con datos de la Polic\u00eda Nacional Civil (PNC), alerta sobre un considerable aumento en el n\u00famero de personas fallecidas en accidentes de tr\u00e1nsito durante el periodo comprendido entre el 1 de enero y el 24 de abril de 2026. En estos primeros cuatro&#8230;<\/p>\n","protected":false},"author":1,"featured_media":45307,"comment_status":"open","ping_status":"closed","sticky":false,"template":"","format":"standard","meta":{"_jetpack_memberships_contains_paid_content":false,"footnotes":""},"categories":[31],"tags":[],"class_list":["post-45301","post","type-post","status-publish","format-standard","has-post-thumbnail","hentry","category-actualidad"],"magazineBlocksPostFeaturedMedia":{"thumbnail":"https:\/\/lobosnews.com.ar\/wp-content\/uploads\/2026\/04\/el-salvador-reportan-mas-de-460-fallecidos-por-accidentes-de-transito-en-lo-que-va-del-ano-6-150x150.jpg","medium":"https:\/\/lobosnews.com.ar\/wp-content\/uploads\/2026\/04\/el-salvador-reportan-mas-de-460-fallecidos-por-accidentes-de-transito-en-lo-que-va-del-ano-6-300x169.jpg","medium_large":"https:\/\/lobosnews.com.ar\/wp-content\/uploads\/2026\/04\/el-salvador-reportan-mas-de-460-fallecidos-por-accidentes-de-transito-en-lo-que-va-del-ano-6-768x432.jpg","large":"https:\/\/lobosnews.com.ar\/wp-content\/uploads\/2026\/04\/el-salvador-reportan-mas-de-460-fallecidos-por-accidentes-de-transito-en-lo-que-va-del-ano-6-1024x576.jpg","1536x1536":"https:\/\/lobosnews.com.ar\/wp-content\/uploads\/2026\/04\/el-salvador-reportan-mas-de-460-fallecidos-por-accidentes-de-transito-en-lo-que-va-del-ano-6-1536x864.jpg","2048x2048":"https:\/\/lobosnews.com.ar\/wp-content\/uploads\/2026\/04\/el-salvador-reportan-mas-de-460-fallecidos-por-accidentes-de-transito-en-lo-que-va-del-ano-6.jpg","newsmatic-featured":"https:\/\/lobosnews.com.ar\/wp-content\/uploads\/2026\/04\/el-salvador-reportan-mas-de-460-fallecidos-por-accidentes-de-transito-en-lo-que-va-del-ano-6-820x545.jpg","newsmatic-list":"https:\/\/lobosnews.com.ar\/wp-content\/uploads\/2026\/04\/el-salvador-reportan-mas-de-460-fallecidos-por-accidentes-de-transito-en-lo-que-va-del-ano-6-600x400.jpg","newsmatic-thumb":"https:\/\/lobosnews.com.ar\/wp-content\/uploads\/2026\/04\/el-salvador-reportan-mas-de-460-fallecidos-por-accidentes-de-transito-en-lo-que-va-del-ano-6-300x200.jpg","newsmatic-small":"https:\/\/lobosnews.com.ar\/wp-content\/uploads\/2026\/04\/el-salvador-reportan-mas-de-460-fallecidos-por-accidentes-de-transito-en-lo-que-va-del-ano-6-150x95.jpg","newsmatic-grid":"https:\/\/lobosnews.com.ar\/wp-content\/uploads\/2026\/04\/el-salvador-reportan-mas-de-460-fallecidos-por-accidentes-de-transito-en-lo-que-va-del-ano-6-400x250.jpg"},"magazineBlocksPostAuthor":{"name":"admin","avatar":"https:\/\/secure.gravatar.com\/avatar\/76e419471a2083bc3ceab22a763dbbf9b0c1bd15a6214cf3280e2c2dde4580f9?s=96&d=mm&r=g"},"magazineBlocksPostCommentsNumber":"0","magazineBlocksPostExcerpt":"El informe m\u00e1s reciente del Observatorio Nacional de Seguridad Vial (Onasevi), elaborado con datos de la Polic\u00eda Nacional Civil (PNC), alerta sobre un considerable aumento en el n\u00famero de personas fallecidas en accidentes de tr\u00e1nsito durante el periodo comprendido entre el 1 de enero y el 24 de abril de 2026. En estos primeros cuatro...","magazineBlocksPostCategories":["Actualidad"],"magazineBlocksPostViewCount":4,"magazineBlocksPostReadTime":3,"magazine_blocks_featured_image_url":{"full":["https:\/\/lobosnews.com.ar\/wp-content\/uploads\/2026\/04\/el-salvador-reportan-mas-de-460-fallecidos-por-accidentes-de-transito-en-lo-que-va-del-ano-6.jpg",1600,900,false],"medium":["https:\/\/lobosnews.com.ar\/wp-content\/uploads\/2026\/04\/el-salvador-reportan-mas-de-460-fallecidos-por-accidentes-de-transito-en-lo-que-va-del-ano-6-300x169.jpg",300,169,true],"thumbnail":["https:\/\/lobosnews.com.ar\/wp-content\/uploads\/2026\/04\/el-salvador-reportan-mas-de-460-fallecidos-por-accidentes-de-transito-en-lo-que-va-del-ano-6-150x150.jpg",150,150,true]},"magazine_blocks_author":{"display_name":"admin","author_link":"https:\/\/lobosnews.com.ar\/index.php\/author\/lobos-news\/"},"magazine_blocks_comment":0,"magazine_blocks_author_image":"https:\/\/secure.gravatar.com\/avatar\/76e419471a2083bc3ceab22a763dbbf9b0c1bd15a6214cf3280e2c2dde4580f9?s=96&d=mm&r=g","magazine_blocks_category":"<a href=\"#\" class=\"category-link category-link-31\">Actualidad<\/a>","yoast_head":"<!-- This site is optimized with the Yoast SEO plugin v26.6 - https:\/\/yoast.com\/wordpress\/plugins\/seo\/ -->\n<title>El Salvador: Reportan m\u00e1s de 460 fallecidos por accidentes de tr\u00e1nsito en lo que va del a\u00f1o - Lobos News<\/title>\n<meta name=\"robots\" content=\"index, follow, max-snippet:-1, max-image-preview:large, max-video-preview:-1\" \/>\n<link rel=\"canonical\" href=\"https:\/\/lobosnews.com.ar\/index.php\/2026\/04\/25\/el-salvador-reportan-mas-de-460-fallecidos-por-accidentes-de-transito-en-lo-que-va-del-ano\/\" \/>\n<meta property=\"og:locale\" content=\"es_ES\" \/>\n<meta property=\"og:type\" content=\"article\" \/>\n<meta property=\"og:title\" content=\"El Salvador: Reportan m\u00e1s de 460 fallecidos por accidentes de tr\u00e1nsito en lo que va del a\u00f1o - Lobos News\" \/>\n<meta property=\"og:description\" content=\"El informe m\u00e1s reciente del Observatorio Nacional de Seguridad Vial (Onasevi), elaborado con datos de la Polic\u00eda Nacional Civil (PNC), alerta sobre un considerable aumento en el n\u00famero de personas fallecidas en accidentes de tr\u00e1nsito durante el periodo comprendido entre el 1 de enero y el 24 de abril de 2026. En estos primeros cuatro...\" \/>\n<meta property=\"og:url\" content=\"https:\/\/lobosnews.com.ar\/index.php\/2026\/04\/25\/el-salvador-reportan-mas-de-460-fallecidos-por-accidentes-de-transito-en-lo-que-va-del-ano\/\" \/>\n<meta property=\"og:site_name\" content=\"Lobos News\" \/>\n<meta property=\"article:published_time\" content=\"2026-04-25T23:03:22+00:00\" \/>\n<meta property=\"article:modified_time\" content=\"2026-04-26T02:30:28+00:00\" \/>\n<meta property=\"og:image\" content=\"https:\/\/lobosnews.com.ar\/wp-content\/uploads\/2026\/04\/el-salvador-reportan-mas-de-460-fallecidos-por-accidentes-de-transito-en-lo-que-va-del-ano.jpg\" \/>\n<meta name=\"author\" content=\"admin\" \/>\n<meta name=\"twitter:card\" content=\"summary_large_image\" \/>\n<meta name=\"twitter:label1\" content=\"Escrito por\" \/>\n\t<meta name=\"twitter:data1\" content=\"admin\" \/>\n\t<meta name=\"twitter:label2\" content=\"Tiempo de lectura\" \/>\n\t<meta name=\"twitter:data2\" content=\"3 minutos\" \/>\n<script type=\"application\/ld+json\" class=\"yoast-schema-graph\">{\"@context\":\"https:\/\/schema.org\",\"@graph\":[{\"@type\":\"Article\",\"@id\":\"https:\/\/lobosnews.com.ar\/index.php\/2026\/04\/25\/el-salvador-reportan-mas-de-460-fallecidos-por-accidentes-de-transito-en-lo-que-va-del-ano\/#article\",\"isPartOf\":{\"@id\":\"https:\/\/lobosnews.com.ar\/index.php\/2026\/04\/25\/el-salvador-reportan-mas-de-460-fallecidos-por-accidentes-de-transito-en-lo-que-va-del-ano\/\"},\"author\":{\"name\":\"admin\",\"@id\":\"https:\/\/lobosnews.com.ar\/#\/schema\/person\/232422a593d5c541dd9aef6aaed10943\"},\"headline\":\"El Salvador: Reportan m\u00e1s de 460 fallecidos por accidentes de tr\u00e1nsito en lo que va del a\u00f1o\",\"datePublished\":\"2026-04-25T23:03:22+00:00\",\"dateModified\":\"2026-04-26T02:30:28+00:00\",\"mainEntityOfPage\":{\"@id\":\"https:\/\/lobosnews.com.ar\/index.php\/2026\/04\/25\/el-salvador-reportan-mas-de-460-fallecidos-por-accidentes-de-transito-en-lo-que-va-del-ano\/\"},\"wordCount\":529,\"commentCount\":0,\"publisher\":{\"@id\":\"https:\/\/lobosnews.com.ar\/#organization\"},\"image\":{\"@id\":\"https:\/\/lobosnews.com.ar\/index.php\/2026\/04\/25\/el-salvador-reportan-mas-de-460-fallecidos-por-accidentes-de-transito-en-lo-que-va-del-ano\/#primaryimage\"},\"thumbnailUrl\":\"https:\/\/lobosnews.com.ar\/wp-content\/uploads\/2026\/04\/el-salvador-reportan-mas-de-460-fallecidos-por-accidentes-de-transito-en-lo-que-va-del-ano-6.jpg\",\"articleSection\":[\"Actualidad\"],\"inLanguage\":\"es\",\"potentialAction\":[{\"@type\":\"CommentAction\",\"name\":\"Comment\",\"target\":[\"https:\/\/lobosnews.com.ar\/index.php\/2026\/04\/25\/el-salvador-reportan-mas-de-460-fallecidos-por-accidentes-de-transito-en-lo-que-va-del-ano\/#respond\"]}]},{\"@type\":\"WebPage\",\"@id\":\"https:\/\/lobosnews.com.ar\/index.php\/2026\/04\/25\/el-salvador-reportan-mas-de-460-fallecidos-por-accidentes-de-transito-en-lo-que-va-del-ano\/\",\"url\":\"https:\/\/lobosnews.com.ar\/index.php\/2026\/04\/25\/el-salvador-reportan-mas-de-460-fallecidos-por-accidentes-de-transito-en-lo-que-va-del-ano\/\",\"name\":\"El Salvador: Reportan m\u00e1s de 460 fallecidos por accidentes de tr\u00e1nsito en lo que va del a\u00f1o - Lobos News\",\"isPartOf\":{\"@id\":\"https:\/\/lobosnews.com.ar\/#website\"},\"primaryImageOfPage\":{\"@id\":\"https:\/\/lobosnews.com.ar\/index.php\/2026\/04\/25\/el-salvador-reportan-mas-de-460-fallecidos-por-accidentes-de-transito-en-lo-que-va-del-ano\/#primaryimage\"},\"image\":{\"@id\":\"https:\/\/lobosnews.com.ar\/index.php\/2026\/04\/25\/el-salvador-reportan-mas-de-460-fallecidos-por-accidentes-de-transito-en-lo-que-va-del-ano\/#primaryimage\"},\"thumbnailUrl\":\"https:\/\/lobosnews.com.ar\/wp-content\/uploads\/2026\/04\/el-salvador-reportan-mas-de-460-fallecidos-por-accidentes-de-transito-en-lo-que-va-del-ano-6.jpg\",\"datePublished\":\"2026-04-25T23:03:22+00:00\",\"dateModified\":\"2026-04-26T02:30:28+00:00\",\"breadcrumb\":{\"@id\":\"https:\/\/lobosnews.com.ar\/index.php\/2026\/04\/25\/el-salvador-reportan-mas-de-460-fallecidos-por-accidentes-de-transito-en-lo-que-va-del-ano\/#breadcrumb\"},\"inLanguage\":\"es\",\"potentialAction\":[{\"@type\":\"ReadAction\",\"target\":[\"https:\/\/lobosnews.com.ar\/index.php\/2026\/04\/25\/el-salvador-reportan-mas-de-460-fallecidos-por-accidentes-de-transito-en-lo-que-va-del-ano\/\"]}]},{\"@type\":\"ImageObject\",\"inLanguage\":\"es\",\"@id\":\"https:\/\/lobosnews.com.ar\/index.php\/2026\/04\/25\/el-salvador-reportan-mas-de-460-fallecidos-por-accidentes-de-transito-en-lo-que-va-del-ano\/#primaryimage\",\"url\":\"https:\/\/lobosnews.com.ar\/wp-content\/uploads\/2026\/04\/el-salvador-reportan-mas-de-460-fallecidos-por-accidentes-de-transito-en-lo-que-va-del-ano-6.jpg\",\"contentUrl\":\"https:\/\/lobosnews.com.ar\/wp-content\/uploads\/2026\/04\/el-salvador-reportan-mas-de-460-fallecidos-por-accidentes-de-transito-en-lo-que-va-del-ano-6.jpg\",\"width\":1600,\"height\":900,\"caption\":\"El Salvador: Reportan m\u00e1s de 460 fallecidos por accidentes de tr\u00e1nsito en lo que va del a\u00f1o\"},{\"@type\":\"BreadcrumbList\",\"@id\":\"https:\/\/lobosnews.com.ar\/index.php\/2026\/04\/25\/el-salvador-reportan-mas-de-460-fallecidos-por-accidentes-de-transito-en-lo-que-va-del-ano\/#breadcrumb\",\"itemListElement\":[{\"@type\":\"ListItem\",\"position\":1,\"name\":\"Portada\",\"item\":\"https:\/\/lobosnews.com.ar\/\"},{\"@type\":\"ListItem\",\"position\":2,\"name\":\"El Salvador: Reportan m\u00e1s de 460 fallecidos por accidentes de tr\u00e1nsito en lo que va del a\u00f1o\"}]},{\"@type\":\"WebSite\",\"@id\":\"https:\/\/lobosnews.com.ar\/#website\",\"url\":\"https:\/\/lobosnews.com.ar\/\",\"name\":\"Lobos News\",\"description\":\"Informaci\u00f3n a cada instante\",\"publisher\":{\"@id\":\"https:\/\/lobosnews.com.ar\/#organization\"},\"potentialAction\":[{\"@type\":\"SearchAction\",\"target\":{\"@type\":\"EntryPoint\",\"urlTemplate\":\"https:\/\/lobosnews.com.ar\/?s={search_term_string}\"},\"query-input\":{\"@type\":\"PropertyValueSpecification\",\"valueRequired\":true,\"valueName\":\"search_term_string\"}}],\"inLanguage\":\"es\"},{\"@type\":\"Organization\",\"@id\":\"https:\/\/lobosnews.com.ar\/#organization\",\"name\":\"Lobos News\",\"url\":\"https:\/\/lobosnews.com.ar\/\",\"logo\":{\"@type\":\"ImageObject\",\"inLanguage\":\"es\",\"@id\":\"https:\/\/lobosnews.com.ar\/#\/schema\/logo\/image\/\",\"url\":\"https:\/\/lobosnews.com.ar\/wp-content\/uploads\/2026\/01\/logo-lobosnews.png\",\"contentUrl\":\"https:\/\/lobosnews.com.ar\/wp-content\/uploads\/2026\/01\/logo-lobosnews.png\",\"width\":500,\"height\":200,\"caption\":\"Lobos News\"},\"image\":{\"@id\":\"https:\/\/lobosnews.com.ar\/#\/schema\/logo\/image\/\"}},{\"@type\":\"Person\",\"@id\":\"https:\/\/lobosnews.com.ar\/#\/schema\/person\/232422a593d5c541dd9aef6aaed10943\",\"name\":\"admin\",\"image\":{\"@type\":\"ImageObject\",\"inLanguage\":\"es\",\"@id\":\"https:\/\/lobosnews.com.ar\/#\/schema\/person\/image\/\",\"url\":\"https:\/\/secure.gravatar.com\/avatar\/76e419471a2083bc3ceab22a763dbbf9b0c1bd15a6214cf3280e2c2dde4580f9?s=96&d=mm&r=g\",\"contentUrl\":\"https:\/\/secure.gravatar.com\/avatar\/76e419471a2083bc3ceab22a763dbbf9b0c1bd15a6214cf3280e2c2dde4580f9?s=96&d=mm&r=g\",\"caption\":\"admin\"},\"sameAs\":[\"https:\/\/lobosnews.com.ar\"],\"url\":\"https:\/\/lobosnews.com.ar\/index.php\/author\/lobos-news\/\"}]}<\/script>\n<!-- \/ Yoast SEO plugin. -->","yoast_head_json":{"title":"El Salvador: Reportan m\u00e1s de 460 fallecidos por accidentes de tr\u00e1nsito en lo que va del a\u00f1o - Lobos News","robots":{"index":"index","follow":"follow","max-snippet":"max-snippet:-1","max-image-preview":"max-image-preview:large","max-video-preview":"max-video-preview:-1"},"canonical":"https:\/\/lobosnews.com.ar\/index.php\/2026\/04\/25\/el-salvador-reportan-mas-de-460-fallecidos-por-accidentes-de-transito-en-lo-que-va-del-ano\/","og_locale":"es_ES","og_type":"article","og_title":"El Salvador: Reportan m\u00e1s de 460 fallecidos por accidentes de tr\u00e1nsito en lo que va del a\u00f1o - Lobos News","og_description":"El informe m\u00e1s reciente del Observatorio Nacional de Seguridad Vial (Onasevi), elaborado con datos de la Polic\u00eda Nacional Civil (PNC), alerta sobre un considerable aumento en el n\u00famero de personas fallecidas en accidentes de tr\u00e1nsito durante el periodo comprendido entre el 1 de enero y el 24 de abril de 2026. En estos primeros cuatro...","og_url":"https:\/\/lobosnews.com.ar\/index.php\/2026\/04\/25\/el-salvador-reportan-mas-de-460-fallecidos-por-accidentes-de-transito-en-lo-que-va-del-ano\/","og_site_name":"Lobos News","article_published_time":"2026-04-25T23:03:22+00:00","article_modified_time":"2026-04-26T02:30:28+00:00","og_image":[{"url":"https:\/\/lobosnews.com.ar\/wp-content\/uploads\/2026\/04\/el-salvador-reportan-mas-de-460-fallecidos-por-accidentes-de-transito-en-lo-que-va-del-ano.jpg","type":"","width":"","height":""}],"author":"admin","twitter_card":"summary_large_image","twitter_misc":{"Escrito por":"admin","Tiempo de lectura":"3 minutos"},"schema":{"@context":"https:\/\/schema.org","@graph":[{"@type":"Article","@id":"https:\/\/lobosnews.com.ar\/index.php\/2026\/04\/25\/el-salvador-reportan-mas-de-460-fallecidos-por-accidentes-de-transito-en-lo-que-va-del-ano\/#article","isPartOf":{"@id":"https:\/\/lobosnews.com.ar\/index.php\/2026\/04\/25\/el-salvador-reportan-mas-de-460-fallecidos-por-accidentes-de-transito-en-lo-que-va-del-ano\/"},"author":{"name":"admin","@id":"https:\/\/lobosnews.com.ar\/#\/schema\/person\/232422a593d5c541dd9aef6aaed10943"},"headline":"El Salvador: Reportan m\u00e1s de 460 fallecidos por accidentes de tr\u00e1nsito en lo que va del a\u00f1o","datePublished":"2026-04-25T23:03:22+00:00","dateModified":"2026-04-26T02:30:28+00:00","mainEntityOfPage":{"@id":"https:\/\/lobosnews.com.ar\/index.php\/2026\/04\/25\/el-salvador-reportan-mas-de-460-fallecidos-por-accidentes-de-transito-en-lo-que-va-del-ano\/"},"wordCount":529,"commentCount":0,"publisher":{"@id":"https:\/\/lobosnews.com.ar\/#organization"},"image":{"@id":"https:\/\/lobosnews.com.ar\/index.php\/2026\/04\/25\/el-salvador-reportan-mas-de-460-fallecidos-por-accidentes-de-transito-en-lo-que-va-del-ano\/#primaryimage"},"thumbnailUrl":"https:\/\/lobosnews.com.ar\/wp-content\/uploads\/2026\/04\/el-salvador-reportan-mas-de-460-fallecidos-por-accidentes-de-transito-en-lo-que-va-del-ano-6.jpg","articleSection":["Actualidad"],"inLanguage":"es","potentialAction":[{"@type":"CommentAction","name":"Comment","target":["https:\/\/lobosnews.com.ar\/index.php\/2026\/04\/25\/el-salvador-reportan-mas-de-460-fallecidos-por-accidentes-de-transito-en-lo-que-va-del-ano\/#respond"]}]},{"@type":"WebPage","@id":"https:\/\/lobosnews.com.ar\/index.php\/2026\/04\/25\/el-salvador-reportan-mas-de-460-fallecidos-por-accidentes-de-transito-en-lo-que-va-del-ano\/","url":"https:\/\/lobosnews.com.ar\/index.php\/2026\/04\/25\/el-salvador-reportan-mas-de-460-fallecidos-por-accidentes-de-transito-en-lo-que-va-del-ano\/","name":"El Salvador: Reportan m\u00e1s de 460 fallecidos por accidentes de tr\u00e1nsito en lo que va del a\u00f1o - Lobos News","isPartOf":{"@id":"https:\/\/lobosnews.com.ar\/#website"},"primaryImageOfPage":{"@id":"https:\/\/lobosnews.com.ar\/index.php\/2026\/04\/25\/el-salvador-reportan-mas-de-460-fallecidos-por-accidentes-de-transito-en-lo-que-va-del-ano\/#primaryimage"},"image":{"@id":"https:\/\/lobosnews.com.ar\/index.php\/2026\/04\/25\/el-salvador-reportan-mas-de-460-fallecidos-por-accidentes-de-transito-en-lo-que-va-del-ano\/#primaryimage"},"thumbnailUrl":"https:\/\/lobosnews.com.ar\/wp-content\/uploads\/2026\/04\/el-salvador-reportan-mas-de-460-fallecidos-por-accidentes-de-transito-en-lo-que-va-del-ano-6.jpg","datePublished":"2026-04-25T23:03:22+00:00","dateModified":"2026-04-26T02:30:28+00:00","breadcrumb":{"@id":"https:\/\/lobosnews.com.ar\/index.php\/2026\/04\/25\/el-salvador-reportan-mas-de-460-fallecidos-por-accidentes-de-transito-en-lo-que-va-del-ano\/#breadcrumb"},"inLanguage":"es","potentialAction":[{"@type":"ReadAction","target":["https:\/\/lobosnews.com.ar\/index.php\/2026\/04\/25\/el-salvador-reportan-mas-de-460-fallecidos-por-accidentes-de-transito-en-lo-que-va-del-ano\/"]}]},{"@type":"ImageObject","inLanguage":"es","@id":"https:\/\/lobosnews.com.ar\/index.php\/2026\/04\/25\/el-salvador-reportan-mas-de-460-fallecidos-por-accidentes-de-transito-en-lo-que-va-del-ano\/#primaryimage","url":"https:\/\/lobosnews.com.ar\/wp-content\/uploads\/2026\/04\/el-salvador-reportan-mas-de-460-fallecidos-por-accidentes-de-transito-en-lo-que-va-del-ano-6.jpg","contentUrl":"https:\/\/lobosnews.com.ar\/wp-content\/uploads\/2026\/04\/el-salvador-reportan-mas-de-460-fallecidos-por-accidentes-de-transito-en-lo-que-va-del-ano-6.jpg","width":1600,"height":900,"caption":"El Salvador: Reportan m\u00e1s de 460 fallecidos por accidentes de tr\u00e1nsito en lo que va del a\u00f1o"},{"@type":"BreadcrumbList","@id":"https:\/\/lobosnews.com.ar\/index.php\/2026\/04\/25\/el-salvador-reportan-mas-de-460-fallecidos-por-accidentes-de-transito-en-lo-que-va-del-ano\/#breadcrumb","itemListElement":[{"@type":"ListItem","position":1,"name":"Portada","item":"https:\/\/lobosnews.com.ar\/"},{"@type":"ListItem","position":2,"name":"El Salvador: Reportan m\u00e1s de 460 fallecidos por accidentes de tr\u00e1nsito en lo que va del a\u00f1o"}]},{"@type":"WebSite","@id":"https:\/\/lobosnews.com.ar\/#website","url":"https:\/\/lobosnews.com.ar\/","name":"Lobos News","description":"Informaci\u00f3n a cada instante","publisher":{"@id":"https:\/\/lobosnews.com.ar\/#organization"},"potentialAction":[{"@type":"SearchAction","target":{"@type":"EntryPoint","urlTemplate":"https:\/\/lobosnews.com.ar\/?s={search_term_string}"},"query-input":{"@type":"PropertyValueSpecification","valueRequired":true,"valueName":"search_term_string"}}],"inLanguage":"es"},{"@type":"Organization","@id":"https:\/\/lobosnews.com.ar\/#organization","name":"Lobos News","url":"https:\/\/lobosnews.com.ar\/","logo":{"@type":"ImageObject","inLanguage":"es","@id":"https:\/\/lobosnews.com.ar\/#\/schema\/logo\/image\/","url":"https:\/\/lobosnews.com.ar\/wp-content\/uploads\/2026\/01\/logo-lobosnews.png","contentUrl":"https:\/\/lobosnews.com.ar\/wp-content\/uploads\/2026\/01\/logo-lobosnews.png","width":500,"height":200,"caption":"Lobos News"},"image":{"@id":"https:\/\/lobosnews.com.ar\/#\/schema\/logo\/image\/"}},{"@type":"Person","@id":"https:\/\/lobosnews.com.ar\/#\/schema\/person\/232422a593d5c541dd9aef6aaed10943","name":"admin","image":{"@type":"ImageObject","inLanguage":"es","@id":"https:\/\/lobosnews.com.ar\/#\/schema\/person\/image\/","url":"https:\/\/secure.gravatar.com\/avatar\/76e419471a2083bc3ceab22a763dbbf9b0c1bd15a6214cf3280e2c2dde4580f9?s=96&d=mm&r=g","contentUrl":"https:\/\/secure.gravatar.com\/avatar\/76e419471a2083bc3ceab22a763dbbf9b0c1bd15a6214cf3280e2c2dde4580f9?s=96&d=mm&r=g","caption":"admin"},"sameAs":["https:\/\/lobosnews.com.ar"],"url":"https:\/\/lobosnews.com.ar\/index.php\/author\/lobos-news\/"}]}},"jetpack_featured_media_url":"https:\/\/lobosnews.com.ar\/wp-content\/uploads\/2026\/04\/el-salvador-reportan-mas-de-460-fallecidos-por-accidentes-de-transito-en-lo-que-va-del-ano-6.jpg","jetpack_sharing_enabled":true,"_links":{"self":[{"href":"https:\/\/lobosnews.com.ar\/index.php\/wp-json\/wp\/v2\/posts\/45301","targetHints":{"allow":["GET"]}}],"collection":[{"href":"https:\/\/lobosnews.com.ar\/index.php\/wp-json\/wp\/v2\/posts"}],"about":[{"href":"https:\/\/lobosnews.com.ar\/index.php\/wp-json\/wp\/v2\/types\/post"}],"author":[{"embeddable":true,"href":"https:\/\/lobosnews.com.ar\/index.php\/wp-json\/wp\/v2\/users\/1"}],"replies":[{"embeddable":true,"href":"https:\/\/lobosnews.com.ar\/index.php\/wp-json\/wp\/v2\/comments?post=45301"}],"version-history":[{"count":1,"href":"https:\/\/lobosnews.com.ar\/index.php\/wp-json\/wp\/v2\/posts\/45301\/revisions"}],"predecessor-version":[{"id":45306,"href":"https:\/\/lobosnews.com.ar\/index.php\/wp-json\/wp\/v2\/posts\/45301\/revisions\/45306"}],"wp:featuredmedia":[{"embeddable":true,"href":"https:\/\/lobosnews.com.ar\/index.php\/wp-json\/wp\/v2\/media\/45307"}],"wp:attachment":[{"href":"https:\/\/lobosnews.com.ar\/index.php\/wp-json\/wp\/v2\/media?parent=45301"}],"wp:term":[{"taxonomy":"category","embeddable":true,"href":"https:\/\/lobosnews.com.ar\/index.php\/wp-json\/wp\/v2\/categories?post=45301"},{"taxonomy":"post_tag","embeddable":true,"href":"https:\/\/lobosnews.com.ar\/index.php\/wp-json\/wp\/v2\/tags?post=45301"}],"curies":[{"name":"wp","href":"https:\/\/api.w.org\/{rel}","templated":true}]}}