{"id":45291,"date":"2026-04-25T23:55:28","date_gmt":"2026-04-25T23:55:28","guid":{"rendered":"https:\/\/lobosnews.com.ar\/index.php\/2026\/04\/25\/ceferino-reato-presento-pax-menemista-en-la-feria-del-libro-los-indultos-los-propusieron-los-montoneros\/"},"modified":"2026-04-26T02:30:01","modified_gmt":"2026-04-26T02:30:01","slug":"ceferino-reato-presento-pax-menemista-en-la-feria-del-libro-los-indultos-los-propusieron-los-montoneros","status":"publish","type":"post","link":"https:\/\/lobosnews.com.ar\/index.php\/2026\/04\/25\/ceferino-reato-presento-pax-menemista-en-la-feria-del-libro-los-indultos-los-propusieron-los-montoneros\/","title":{"rendered":"Ceferino Reato present\u00f3 \u201cPax menemista\u201d en la Feria del Libro: \u201cLos indultos los propusieron los montoneros\u201d"},"content":{"rendered":"<p><img loading=\"lazy\" decoding=\"async\" src=\"https:\/\/lobosnews.com.ar\/wp-content\/uploads\/2026\/04\/ceferino-reato-presento-pax-menemista-en-la-feria-del-libro-los-indultos-los-propusieron-los-montoneros.jpg\" alt=\"El periodista y escritor Ceferino Reato presenta su libro 'Pax Menemista' y discute la historia de los indultos a militares y Montoneros en la Feria del Libro \" height=\"3024\" width=\"4032\"\/><\/p>\n<p>El periodista <b>Ceferino Reato<\/b> present\u00f3 este s\u00e1bado su libro <i><b>Pax menemista<\/b><\/i> en la <b>Feria Internacional del Libro de Buenos Aires<\/b>, en un di\u00e1logo con el abogado e historiador <b>Roberto Bosca<\/b> que recorri\u00f3 su trayectoria como autor y se concentr\u00f3 en la tesis central de su nuevo trabajo: que los indultos de <b>Carlos Menem<\/b> fueron un intento, fallido pero genuino, de quebrar lo que el jurista <b>Joaqu\u00edn V. Gonz\u00e1lez<\/b> llam\u00f3 en 1910 \u201cla ley del odio\u201d en la pol\u00edtica argentina.<\/p>\n<p>Antes de entrar en el nuevo libro, Bosca quiso repasar la obra anterior del autor. Nacido en <b>Entre R\u00edos<\/b>, estudi\u00f3 periodismo en la Escuela Superior de Periodismo y luego Ciencia Pol\u00edtica en la <b>Universidad del Salvador<\/b>. Trabaj\u00f3 como periodista, fue agregado de prensa de la <b>Embajada argentina ante el Vaticano<\/b> entre 1997 y 1999, y vivi\u00f3 cuatro a\u00f1os en <b>San Pablo<\/b>, donde naci\u00f3 su primera hija.<\/p>\n<h2>El libro que menos esperaba<\/h2>\n<p>De su producci\u00f3n anterior, Reato eligi\u00f3 detenerse en<i><b> Operaci\u00f3n Primicia<\/b><\/i>, el trabajo sobre <span class=\"waslinkname\">el ataque de <b>Montoneros<\/b> al Regimiento de Infanter\u00eda de Monte 29 <\/span>en <b>Formosa<\/b>, en octubre de 1975, durante el gobierno constitucional de <b>Isabel Per\u00f3n<\/b>. \u201cEl que m\u00e1s me gusta es el libro que menos apostaba\u201d, dijo.<\/p>\n<p>El libro, cont\u00f3, surgi\u00f3 a pedido de la editoral Sudamericana tras el \u00e9xito de <i><b>Operaci\u00f3n Traviata<\/b><\/i>, sobre el asesinato del sindicalista <b>Jos\u00e9 Ignacio Rucci<\/b>. Ese primer trabajo hab\u00eda desatado pol\u00e9micas en pleno kirchnerismo, porque interpelaba la romantizaci\u00f3n de la guerrilla. \u201cVolv\u00ed de Brasil muy pac\u00edfico \u2014record\u00f3 Reato\u2014. Dec\u00eda: \u2018\u00bfC\u00f3mo se van a pelear por el pasado?\u2019\u201d.<\/p>\n<p><img loading=\"lazy\" decoding=\"async\" src=\"https:\/\/lobosnews.com.ar\/wp-content\/uploads\/2026\/04\/ceferino-reato-presento-pax-menemista-en-la-feria-del-libro-los-indultos-los-propusieron-los-montoneros-1.jpg\" alt=\"\"Pax menemista\", un libro para volver a pensar los indultos.\" height=\"1080\" width=\"1920\"\/><\/p>\n<p>Fue a Formosa y encontr\u00f3 algo que no esperaba: los soldados conscriptos que hab\u00edan combatido contra Montoneros, j\u00f3venes de 21 a\u00f1os, en su mayor\u00eda peronistas y pobres, atacados por militantes de clases medias y medias altas que tambi\u00e9n se dec\u00edan peronistas. \u201cEra casi una lucha de clases, pero todo al rev\u00e9s, porque los pobres tendr\u00edan que haber sido liberados por los chicos de clase media y fueron muertos, y los otros tambi\u00e9n murieron a manos de ellos\u201d, se\u00f1al\u00f3.<\/p>\n<p>El combate, cont\u00f3, dur\u00f3 treinta minutos y dej\u00f3 veinticuatro muertos: doce montoneros y doce soldados, entre ellos un subteniente de 21 a\u00f1os en su primer destino. Luego, patrullas militares mataron a tres vecinos que no ten\u00edan ninguna vinculaci\u00f3n con el ataque, entre ellos un adolescente de 15 a\u00f1os con la casaca del colegio secundario. El saldo final fue de 28 muertos.<\/p>\n<p>Uno de los hallazgos m\u00e1s perturbadores del libro -dijo- fue el destino judicial del episodio. <b>Reato <\/b>cont\u00f3 que hab\u00eda revisado los anexos del <i><b>Nunca M\u00e1s<\/b><\/i> y encontr\u00f3 que los guerrilleros muertos en el combate figuraban <b>como v\u00edctimas del terrorismo de Estado<\/b> y que sus familias hab\u00edan recibido indemnizaciones. <b>\u201cEmpezamos con el ataque, terminamos con la indemnizaci\u00f3n\u201d<\/b>, resumi\u00f3 el autor. \u201cEsto es una locura.\u201d<\/p>\n<p><img loading=\"lazy\" decoding=\"async\" src=\"https:\/\/lobosnews.com.ar\/wp-content\/uploads\/2026\/04\/ceferino-reato-presento-pax-menemista-en-la-feria-del-libro-los-indultos-los-propusieron-los-montoneros-2.jpg\" alt=\"El periodista y autor Ceferino Reato, en un di\u00e1logo intenso con Roberto Bosca.\" height=\"3024\" width=\"4032\"\/><\/p>\n<p>Reato tambi\u00e9n es autor de<i><b> Disposici\u00f3n Final<\/b><\/i> (2012), construido sobre veinte horas de <b>entrevistas con el dictador Jorge Rafael Videla <\/b>en Campo de Mayo. En<i><b> Doce noches<\/b><\/i> (2015) abord\u00f3 la crisis de 2001; en <i><b>Salvo que me muera antes<\/b><\/i> (2017), la muerte de N\u00e9stor Kirchner y el nacimiento del cristinismo; y en <i><b>Masacre en el comedor<\/b><\/i> (2022), el atentado contra una dependencia policial perpetrado por Montoneros.<\/p>\n<h2>La historia secreta de los indultos<\/h2>\n<p>Entonces s\u00ed se concentraron en <i><b>Pax menemista<\/b><\/i>. Bosca introdujo el marco hist\u00f3rico: la referencia al t\u00edtulo evoca la Pax Romana, el per\u00edodo de paz que el emperador Augusto decret\u00f3 al t\u00e9rmino de las guerras civiles. Menem, se\u00f1al\u00f3, estructur\u00f3 su pol\u00edtica de reconciliaci\u00f3n en torno a tres gestos simb\u00f3licos: la repatriaci\u00f3n de los restos de <b>Juan Manuel de Rosas<\/b>, el abrazo con el almirante <b>Isaac Rojas<\/b> y la construcci\u00f3n del monumento a los ca\u00eddos en <b>Malvinas<\/b> en el predio de Retiro.<\/p>\n<p><b>Reato <\/b>explic\u00f3 el contexto en que Menem asumi\u00f3 en julio de 1989, cinco meses antes de lo previsto, en medio de hiperinflaci\u00f3n y saqueos. El ej\u00e9rcito estaba dividido tras tres rebeliones carapintadas. Los exguerrilleros tampoco quer\u00edan ser juzgados: El jefe montonero <b>Mario Firmenich<\/b> estaba preso, unos sesenta exmontoneros estaban procesados y varios jefes \u2014entre ellos <b>Roberto Perd\u00eda<\/b> y <b>Rodolfo Galimberti<\/b>\u2014 viv\u00edan en el exilio.<\/p>\n<p><img loading=\"lazy\" decoding=\"async\" src=\"https:\/\/lobosnews.com.ar\/wp-content\/uploads\/2026\/04\/ceferino-reato-presento-pax-menemista-en-la-feria-del-libro-los-indultos-los-propusieron-los-montoneros-3.jpg\" alt=\"El p\u00fablico sigui\u00f3 con atenci\u00f3n la presentaci\u00f3n de \"Pax menemista\" y formul\u00f3 preguntas.\" height=\"3421\" width=\"4562\"\/><\/p>\n<p>Lo que el libro revela, y <b>Reato <\/b>calific\u00f3 como \u201clo curioso\u201d, es que la iniciativa de los indultos no vino de los militares sino de <b>Montoneros<\/b>. \u201cHablo con <b>Mario Montoto<\/b>, que era el negociador de Firmenich con Menem, hoy un empresario pr\u00f3spero en seguridad y defensa. Me cuenta que ellos llevaron la propuesta.\u00bb Los documentos internos de la organizaci\u00f3n conclu\u00edan que \u201cla guerra civil intermitente que hemos protagonizado no admite soluciones judiciales sino pol\u00edticas\u201d, lo que abr\u00eda la puerta a una amnist\u00eda o un indulto.<\/p>\n<p>Menem incorpor\u00f3 la propuesta y la articul\u00f3 con negociaciones paralelas con la <b>Iglesia<\/b>, los sindicatos, los empresarios y el peronismo. El nombre \u201creconciliaci\u00f3n\u201d lo tom\u00f3 precisamente de la Iglesia. Hubo diferentes indultos: unos dirigidos a guerrilleros, otros a carapintadas y otros a militares condenados por delitos durante la dictadura.<\/p>\n<p>Los militares, sin embargo, no quedaron conformes. Esperaban algo m\u00e1s que el perd\u00f3n, dijo Reato. \u00ab<b>Videla<\/b>, por ejemplo, nunca lo acept\u00f3: cre\u00eda que el indulto borraba la pena pero no el delito\u00bb. A partir, de ah\u00ed, cont\u00f3: \u201cEl sector carapintada referenciado en <b>Aldo Rico<\/b> deriv\u00f3 hacia la pol\u00edtica; el de <b>Mohamed Al\u00ed Seineld\u00edn<\/b> no. La \u00faltima rebeli\u00f3n carapintada ocurri\u00f3 el 3 de diciembre de ese per\u00edodo. \u201cNosotros no sab\u00edamos que era la \u00faltima \u2014record\u00f3 Reato\u2014. Mucha gente dec\u00eda que iba a haber otras. En realidad, no hubo otras.\u201d<\/p>\n<h3>Alfons\u00edn, Menem y el partido militar<\/h3>\n<p>Reato plante\u00f3 una hip\u00f3tesis que, dijo, sabe que \u201cno tiene prensa\u201d: que entre <b>Ra\u00fal Alfons\u00edn<\/b> y Menem existe una continuidad en la pol\u00edtica de desarticulaci\u00f3n del poder de tutela militar sobre la democracia. \u201cAlfons\u00edn es el padre de la democracia, pero Menem completa la democracia liberal de partidos, porque esa democracia no pod\u00eda admitir un ej\u00e9rcito con capacidad de tutelar a los partidos.\u201d Cit\u00f3 al historiador <b>F\u00e9lix Luna<\/b> y su concepto de continuidades que el periodismo, dijo, no suele ver porque est\u00e1 entrenado para ver fracturas.<\/p>\n<p><img loading=\"lazy\" decoding=\"async\" src=\"https:\/\/lobosnews.com.ar\/wp-content\/uploads\/2026\/04\/ceferino-reato-presento-pax-menemista-en-la-feria-del-libro-los-indultos-los-propusieron-los-montoneros-4.jpg\" alt=\"Menem y Alfons\u00edn, en una foto hist\u00f3rica. Reato se\u00f1ala la continuidad entre ellos. (NA: archivo\/Presidencia)\" height=\"1151\" width=\"1920\"\/><\/p>\n<h3>El abrazo con Rojas y el monumento a los ca\u00eddos<\/h3>\n<p>Sobre el abrazo entre Menem y el almirante Rojas \u2014figura odiada por el peronismo y venerada por el antiperonismo\u2014, <b>Reato <\/b>recogi\u00f3 el testimonio de la hija del marino: uno de sus amigos cercanos le recrimin\u00f3 el gesto y Rojas respondi\u00f3: <b>\u201cA veces hay que hacer cosas por el bien de la patria\u201d<\/b>. Para Reato, el episodio ilustra algo que el libro quiere documentar: que hubo, en distintos actores, un deseo genuino de acercamiento que la narrativa predominante tendi\u00f3 a ignorar.<\/p>\n<p>El monumento a los ca\u00eddos en Malvinas en Retiro tuvo una historia propia. <b>Reato <\/b>cont\u00f3 que en su momento hubo resistencias de todo tipo: quienes cre\u00edan que era un homenaje a los militares, quienes no quer\u00edan alterar la barranca, quienes lo ve\u00edan como un desaf\u00edo a la Iglesia. Fue posible gracias a civiles de la Sociedad Numism\u00e1tica, \u201cpatriotas que no ganaron nada. Al contrario, fueron denunciados penalmente porque supuestamente arruinaban un monumento hist\u00f3rico nacional\u201d. Varios empresarios aportaron dinero de forma an\u00f3nima.<\/p>\n<h3>La ley del odio<\/h3>\n<p>Al final de la presentaci\u00f3n, Bosca pidi\u00f3 a Reato que hablara del \u201ceje del libro\u201d: el odio. Reato recuper\u00f3 la frase de <b>Joaqu\u00edn V. Gonz\u00e1lez<\/b> de 1910, publicada en la separata de La Naci\u00f3n titulada El juicio del siglo: <b>\u201cEn la Argentina, en la pol\u00edtica argentina no basta con ganar, sino que hay que humillar, eliminar a la adversidad\u201d<\/b>. \u201cSon palabras muy actuales\u201d, dijo Reato.<\/p>\n<p>Identific\u00f3 tres grandes intentos de reconciliaci\u00f3n nacional en la historia argentina: el de <b>Justo Jos\u00e9 de Urquiza<\/b> con su consigna \u201cni vencedores ni vencidos\u201d, el del general <b>Eduardo Lonardi<\/b> tras el 55 \u2014\u201cy dur\u00f3 tres meses\u201d\u2014 y el de Menem, que se extendi\u00f3 doce o trece a\u00f1os antes de que la memoria, la verdad y la justicia volvieran a imponerse como paradigma. Los tres, dijo, fracasaron.<\/p>\n<p><img loading=\"lazy\" decoding=\"async\" src=\"https:\/\/lobosnews.com.ar\/wp-content\/uploads\/2026\/04\/ceferino-reato-presento-pax-menemista-en-la-feria-del-libro-los-indultos-los-propusieron-los-montoneros-5.jpg\" alt=\"Ceferino Reato es un autor prol\u00edfico y bestseller.\" height=\"1080\" width=\"1920\"\/><\/p>\n<p>\u201cYo creo que no es que los pol\u00edticos que apelan al odio triunfan, es que nosotros <b>premiamos a los pol\u00edticos que apelan al odio<\/b>\u201d, afirm\u00f3 Reato. \u201cFijate toda la sangre derramada producto del odio. Odio reivindicado. Los veinticuatro o veintiocho j\u00f3venes muertos en Formosa. La cantidad de asesinados y desaparecidos en la dictadura. La cantidad de v\u00edctimas de las guerrillas, que fueron muchas tambi\u00e9n, aunque menos que los otros. No hay que comparar un terrorismo con el otro, pero tambi\u00e9n fueron v\u00edctimas y hay una cantidad de odio presente en todos. Y el odio reivindicado. Y el odio reivindicado con excusas\u201d.<\/p>\n<p>El periodista tambi\u00e9n pens\u00f3 la pol\u00edtica de<b> Carlos Menem<\/b>: Menem se ve\u00eda a s\u00ed mismo como<b> el gran perdonador<\/b>. Dec\u00eda: \u201cYo estuve cinco a\u00f1os preso y perdono a todos\u201d. Para Reato, ese fue su error de c\u00e1lculo: asumir que su experiencia personal representaba el sentir de todos los argentinos. \u201cNo era as\u00ed\u201d, subray\u00f3 el autor.<\/p>\n<p>Con todo, Reato distingue entre dos antinomias hist\u00f3ricas. La de <b>unitarios y federales<\/b>, dijo, Menem s\u00ed logr\u00f3 cerrarla, y con eso elimin\u00f3 una de las fuentes m\u00e1s antiguas del odio pol\u00edtico argentino. La de<b> peronistas y antiperonistas<\/b>, en cambio, fue la que se le resisti\u00f3. \u201cMenem lleg\u00f3 al poder con la ambici\u00f3n de superarla creando un movimiento propio, el menemismo, que trascendiera esa grieta. Hubo intentos concretos, como la convocatoria conocida como \u2018la plaza del s\u00ed\u2019, pero fracasaron r\u00e1pidamente. Termin\u00f3 asent\u00e1ndose en el peronismo, como hacen todos los l\u00edderes de ese espacio\u201d.<\/p>\n<p>Esa antinomia no resuelta es, para <b>Reato<\/b>, la matriz de la que se nutre el odio pol\u00edtico argentino. <\/p>\n<p>Y traz\u00f3 un paralelo con la experiencia espa\u00f1ola: \u201cSi los pa\u00edses apelaran a la memoria por encima de la historia, los espa\u00f1oles todav\u00eda seguir\u00edan luchando con la Guerra Civil. Y la han dejado en la historia, que es inofensiva\u201d.<\/p>\n<h2>La entrada, los horarios, los d\u00edas<\/h2>\n<p><img loading=\"lazy\" decoding=\"async\" src=\"https:\/\/lobosnews.com.ar\/wp-content\/uploads\/2026\/04\/ceferino-reato-presento-pax-menemista-en-la-feria-del-libro-los-indultos-los-propusieron-los-montoneros-6.jpg\" alt=\"La Feria del Libro de Buenos Aires festeja sus 50 ediciones..\" height=\"1080\" width=\"1920\"\/><\/p>\n<p><b>Entrada<\/b>: La entrada a la Feria del Libro de Buenos Aires costar\u00e1 8.000 pesos de lunes a jueves y 12.000 los viernes, s\u00e1bados y domingos. <\/p>\n<p>Con esa entrada, el visitante recibir\u00e1 un \u201cchequelibro\u201d con el que podr\u00e1 conseguir descuentos en librer\u00edas cuando termine la Feria.<\/p>\n<p><b>Gratis<\/b>: de lunes a jueves desde las 20 h,<\/p>\n<p><b>Fecha<\/b>: La Feria sigue hasta el 11 de mayo.<\/p>\n<p><b>Horarios<\/b>: de lunes a viernes de 14 a 22 h. S\u00e1bados, domingos y feriados de 13 a 22 h.<\/p>\n<p><b>D\u00f3nde<\/b>: En La Rural, Av. Sarmiento 2704, Av. Cervi\u00f1o 4476 y Av. Santa Fe (Plaza Italia).<\/p>\n<p><i>(Fotos: Sebasti\u00e1n Freire\/ Cortes\u00eda FEL)<\/i><\/p>\n","protected":false},"excerpt":{"rendered":"<p>El periodista Ceferino Reato present\u00f3 este s\u00e1bado su libro Pax menemista en la Feria Internacional del Libro de Buenos Aires, en un di\u00e1logo con el abogado e historiador Roberto Bosca que recorri\u00f3 su trayectoria como autor y se concentr\u00f3 en la tesis central de su nuevo trabajo: que los indultos de Carlos Menem fueron un&#8230;<\/p>\n","protected":false},"author":1,"featured_media":45300,"comment_status":"open","ping_status":"closed","sticky":false,"template":"","format":"standard","meta":{"_jetpack_memberships_contains_paid_content":false,"footnotes":""},"categories":[31],"tags":[],"class_list":["post-45291","post","type-post","status-publish","format-standard","has-post-thumbnail","hentry","category-actualidad"],"magazineBlocksPostFeaturedMedia":{"thumbnail":"https:\/\/lobosnews.com.ar\/wp-content\/uploads\/2026\/04\/ceferino-reato-presento-pax-menemista-en-la-feria-del-libro-los-indultos-los-propusieron-los-montoneros-12-150x150.jpg","medium":"https:\/\/lobosnews.com.ar\/wp-content\/uploads\/2026\/04\/ceferino-reato-presento-pax-menemista-en-la-feria-del-libro-los-indultos-los-propusieron-los-montoneros-12-300x169.jpg","medium_large":"https:\/\/lobosnews.com.ar\/wp-content\/uploads\/2026\/04\/ceferino-reato-presento-pax-menemista-en-la-feria-del-libro-los-indultos-los-propusieron-los-montoneros-12-768x432.jpg","large":"https:\/\/lobosnews.com.ar\/wp-content\/uploads\/2026\/04\/ceferino-reato-presento-pax-menemista-en-la-feria-del-libro-los-indultos-los-propusieron-los-montoneros-12-1024x576.jpg","1536x1536":"https:\/\/lobosnews.com.ar\/wp-content\/uploads\/2026\/04\/ceferino-reato-presento-pax-menemista-en-la-feria-del-libro-los-indultos-los-propusieron-los-montoneros-12-1536x864.jpg","2048x2048":"https:\/\/lobosnews.com.ar\/wp-content\/uploads\/2026\/04\/ceferino-reato-presento-pax-menemista-en-la-feria-del-libro-los-indultos-los-propusieron-los-montoneros-12.jpg","newsmatic-featured":"https:\/\/lobosnews.com.ar\/wp-content\/uploads\/2026\/04\/ceferino-reato-presento-pax-menemista-en-la-feria-del-libro-los-indultos-los-propusieron-los-montoneros-12-820x545.jpg","newsmatic-list":"https:\/\/lobosnews.com.ar\/wp-content\/uploads\/2026\/04\/ceferino-reato-presento-pax-menemista-en-la-feria-del-libro-los-indultos-los-propusieron-los-montoneros-12-600x400.jpg","newsmatic-thumb":"https:\/\/lobosnews.com.ar\/wp-content\/uploads\/2026\/04\/ceferino-reato-presento-pax-menemista-en-la-feria-del-libro-los-indultos-los-propusieron-los-montoneros-12-300x200.jpg","newsmatic-small":"https:\/\/lobosnews.com.ar\/wp-content\/uploads\/2026\/04\/ceferino-reato-presento-pax-menemista-en-la-feria-del-libro-los-indultos-los-propusieron-los-montoneros-12-150x95.jpg","newsmatic-grid":"https:\/\/lobosnews.com.ar\/wp-content\/uploads\/2026\/04\/ceferino-reato-presento-pax-menemista-en-la-feria-del-libro-los-indultos-los-propusieron-los-montoneros-12-400x250.jpg"},"magazineBlocksPostAuthor":{"name":"admin","avatar":"https:\/\/secure.gravatar.com\/avatar\/76e419471a2083bc3ceab22a763dbbf9b0c1bd15a6214cf3280e2c2dde4580f9?s=96&d=mm&r=g"},"magazineBlocksPostCommentsNumber":"0","magazineBlocksPostExcerpt":"El periodista Ceferino Reato present\u00f3 este s\u00e1bado su libro Pax menemista en la Feria Internacional del Libro de Buenos Aires, en un di\u00e1logo con el abogado e historiador Roberto Bosca que recorri\u00f3 su trayectoria como autor y se concentr\u00f3 en la tesis central de su nuevo trabajo: que los indultos de Carlos Menem fueron un...","magazineBlocksPostCategories":["Actualidad"],"magazineBlocksPostViewCount":6,"magazineBlocksPostReadTime":10,"magazine_blocks_featured_image_url":{"full":["https:\/\/lobosnews.com.ar\/wp-content\/uploads\/2026\/04\/ceferino-reato-presento-pax-menemista-en-la-feria-del-libro-los-indultos-los-propusieron-los-montoneros-12.jpg",1920,1080,false],"medium":["https:\/\/lobosnews.com.ar\/wp-content\/uploads\/2026\/04\/ceferino-reato-presento-pax-menemista-en-la-feria-del-libro-los-indultos-los-propusieron-los-montoneros-12-300x169.jpg",300,169,true],"thumbnail":["https:\/\/lobosnews.com.ar\/wp-content\/uploads\/2026\/04\/ceferino-reato-presento-pax-menemista-en-la-feria-del-libro-los-indultos-los-propusieron-los-montoneros-12-150x150.jpg",150,150,true]},"magazine_blocks_author":{"display_name":"admin","author_link":"https:\/\/lobosnews.com.ar\/index.php\/author\/lobos-news\/"},"magazine_blocks_comment":0,"magazine_blocks_author_image":"https:\/\/secure.gravatar.com\/avatar\/76e419471a2083bc3ceab22a763dbbf9b0c1bd15a6214cf3280e2c2dde4580f9?s=96&d=mm&r=g","magazine_blocks_category":"<a href=\"#\" class=\"category-link category-link-31\">Actualidad<\/a>","yoast_head":"<!-- This site is optimized with the Yoast SEO plugin v26.6 - https:\/\/yoast.com\/wordpress\/plugins\/seo\/ -->\n<title>Ceferino Reato present\u00f3 \u201cPax menemista\u201d en la Feria del Libro: \u201cLos indultos los propusieron los montoneros\u201d - Lobos News<\/title>\n<meta name=\"robots\" content=\"index, follow, max-snippet:-1, max-image-preview:large, max-video-preview:-1\" \/>\n<link rel=\"canonical\" href=\"https:\/\/lobosnews.com.ar\/index.php\/2026\/04\/25\/ceferino-reato-presento-pax-menemista-en-la-feria-del-libro-los-indultos-los-propusieron-los-montoneros\/\" \/>\n<meta property=\"og:locale\" content=\"es_ES\" \/>\n<meta property=\"og:type\" content=\"article\" \/>\n<meta property=\"og:title\" content=\"Ceferino Reato present\u00f3 \u201cPax menemista\u201d en la Feria del Libro: \u201cLos indultos los propusieron los montoneros\u201d - Lobos News\" \/>\n<meta property=\"og:description\" content=\"El periodista Ceferino Reato present\u00f3 este s\u00e1bado su libro Pax menemista en la Feria Internacional del Libro de Buenos Aires, en un di\u00e1logo con el abogado e historiador Roberto Bosca que recorri\u00f3 su trayectoria como autor y se concentr\u00f3 en la tesis central de su nuevo trabajo: que los indultos de Carlos Menem fueron un...\" \/>\n<meta property=\"og:url\" content=\"https:\/\/lobosnews.com.ar\/index.php\/2026\/04\/25\/ceferino-reato-presento-pax-menemista-en-la-feria-del-libro-los-indultos-los-propusieron-los-montoneros\/\" \/>\n<meta property=\"og:site_name\" content=\"Lobos News\" \/>\n<meta property=\"article:published_time\" content=\"2026-04-25T23:55:28+00:00\" \/>\n<meta property=\"article:modified_time\" content=\"2026-04-26T02:30:01+00:00\" \/>\n<meta property=\"og:image\" content=\"https:\/\/lobosnews.com.ar\/wp-content\/uploads\/2026\/04\/ceferino-reato-presento-pax-menemista-en-la-feria-del-libro-los-indultos-los-propusieron-los-montoneros.jpg\" \/>\n<meta name=\"author\" content=\"admin\" \/>\n<meta name=\"twitter:card\" content=\"summary_large_image\" \/>\n<meta name=\"twitter:label1\" content=\"Escrito por\" \/>\n\t<meta name=\"twitter:data1\" content=\"admin\" \/>\n\t<meta name=\"twitter:label2\" content=\"Tiempo de lectura\" \/>\n\t<meta name=\"twitter:data2\" content=\"9 minutos\" \/>\n<script type=\"application\/ld+json\" class=\"yoast-schema-graph\">{\"@context\":\"https:\/\/schema.org\",\"@graph\":[{\"@type\":\"Article\",\"@id\":\"https:\/\/lobosnews.com.ar\/index.php\/2026\/04\/25\/ceferino-reato-presento-pax-menemista-en-la-feria-del-libro-los-indultos-los-propusieron-los-montoneros\/#article\",\"isPartOf\":{\"@id\":\"https:\/\/lobosnews.com.ar\/index.php\/2026\/04\/25\/ceferino-reato-presento-pax-menemista-en-la-feria-del-libro-los-indultos-los-propusieron-los-montoneros\/\"},\"author\":{\"name\":\"admin\",\"@id\":\"https:\/\/lobosnews.com.ar\/#\/schema\/person\/232422a593d5c541dd9aef6aaed10943\"},\"headline\":\"Ceferino Reato present\u00f3 \u201cPax menemista\u201d en la Feria del Libro: \u201cLos indultos los propusieron los montoneros\u201d\",\"datePublished\":\"2026-04-25T23:55:28+00:00\",\"dateModified\":\"2026-04-26T02:30:01+00:00\",\"mainEntityOfPage\":{\"@id\":\"https:\/\/lobosnews.com.ar\/index.php\/2026\/04\/25\/ceferino-reato-presento-pax-menemista-en-la-feria-del-libro-los-indultos-los-propusieron-los-montoneros\/\"},\"wordCount\":1830,\"commentCount\":0,\"publisher\":{\"@id\":\"https:\/\/lobosnews.com.ar\/#organization\"},\"image\":{\"@id\":\"https:\/\/lobosnews.com.ar\/index.php\/2026\/04\/25\/ceferino-reato-presento-pax-menemista-en-la-feria-del-libro-los-indultos-los-propusieron-los-montoneros\/#primaryimage\"},\"thumbnailUrl\":\"https:\/\/lobosnews.com.ar\/wp-content\/uploads\/2026\/04\/ceferino-reato-presento-pax-menemista-en-la-feria-del-libro-los-indultos-los-propusieron-los-montoneros-12.jpg\",\"articleSection\":[\"Actualidad\"],\"inLanguage\":\"es\",\"potentialAction\":[{\"@type\":\"CommentAction\",\"name\":\"Comment\",\"target\":[\"https:\/\/lobosnews.com.ar\/index.php\/2026\/04\/25\/ceferino-reato-presento-pax-menemista-en-la-feria-del-libro-los-indultos-los-propusieron-los-montoneros\/#respond\"]}]},{\"@type\":\"WebPage\",\"@id\":\"https:\/\/lobosnews.com.ar\/index.php\/2026\/04\/25\/ceferino-reato-presento-pax-menemista-en-la-feria-del-libro-los-indultos-los-propusieron-los-montoneros\/\",\"url\":\"https:\/\/lobosnews.com.ar\/index.php\/2026\/04\/25\/ceferino-reato-presento-pax-menemista-en-la-feria-del-libro-los-indultos-los-propusieron-los-montoneros\/\",\"name\":\"Ceferino Reato present\u00f3 \u201cPax menemista\u201d en la Feria del Libro: \u201cLos indultos los propusieron los montoneros\u201d - Lobos News\",\"isPartOf\":{\"@id\":\"https:\/\/lobosnews.com.ar\/#website\"},\"primaryImageOfPage\":{\"@id\":\"https:\/\/lobosnews.com.ar\/index.php\/2026\/04\/25\/ceferino-reato-presento-pax-menemista-en-la-feria-del-libro-los-indultos-los-propusieron-los-montoneros\/#primaryimage\"},\"image\":{\"@id\":\"https:\/\/lobosnews.com.ar\/index.php\/2026\/04\/25\/ceferino-reato-presento-pax-menemista-en-la-feria-del-libro-los-indultos-los-propusieron-los-montoneros\/#primaryimage\"},\"thumbnailUrl\":\"https:\/\/lobosnews.com.ar\/wp-content\/uploads\/2026\/04\/ceferino-reato-presento-pax-menemista-en-la-feria-del-libro-los-indultos-los-propusieron-los-montoneros-12.jpg\",\"datePublished\":\"2026-04-25T23:55:28+00:00\",\"dateModified\":\"2026-04-26T02:30:01+00:00\",\"breadcrumb\":{\"@id\":\"https:\/\/lobosnews.com.ar\/index.php\/2026\/04\/25\/ceferino-reato-presento-pax-menemista-en-la-feria-del-libro-los-indultos-los-propusieron-los-montoneros\/#breadcrumb\"},\"inLanguage\":\"es\",\"potentialAction\":[{\"@type\":\"ReadAction\",\"target\":[\"https:\/\/lobosnews.com.ar\/index.php\/2026\/04\/25\/ceferino-reato-presento-pax-menemista-en-la-feria-del-libro-los-indultos-los-propusieron-los-montoneros\/\"]}]},{\"@type\":\"ImageObject\",\"inLanguage\":\"es\",\"@id\":\"https:\/\/lobosnews.com.ar\/index.php\/2026\/04\/25\/ceferino-reato-presento-pax-menemista-en-la-feria-del-libro-los-indultos-los-propusieron-los-montoneros\/#primaryimage\",\"url\":\"https:\/\/lobosnews.com.ar\/wp-content\/uploads\/2026\/04\/ceferino-reato-presento-pax-menemista-en-la-feria-del-libro-los-indultos-los-propusieron-los-montoneros-12.jpg\",\"contentUrl\":\"https:\/\/lobosnews.com.ar\/wp-content\/uploads\/2026\/04\/ceferino-reato-presento-pax-menemista-en-la-feria-del-libro-los-indultos-los-propusieron-los-montoneros-12.jpg\",\"width\":1920,\"height\":1080,\"caption\":\"Ceferino Reato present\u00f3 \u201cPax menemista\u201d en la Feria del Libro: \u201cLos indultos los propusieron los montoneros\u201d\"},{\"@type\":\"BreadcrumbList\",\"@id\":\"https:\/\/lobosnews.com.ar\/index.php\/2026\/04\/25\/ceferino-reato-presento-pax-menemista-en-la-feria-del-libro-los-indultos-los-propusieron-los-montoneros\/#breadcrumb\",\"itemListElement\":[{\"@type\":\"ListItem\",\"position\":1,\"name\":\"Portada\",\"item\":\"https:\/\/lobosnews.com.ar\/\"},{\"@type\":\"ListItem\",\"position\":2,\"name\":\"Ceferino Reato present\u00f3 \u201cPax menemista\u201d en la Feria del Libro: \u201cLos indultos los propusieron los montoneros\u201d\"}]},{\"@type\":\"WebSite\",\"@id\":\"https:\/\/lobosnews.com.ar\/#website\",\"url\":\"https:\/\/lobosnews.com.ar\/\",\"name\":\"Lobos News\",\"description\":\"Informaci\u00f3n a cada instante\",\"publisher\":{\"@id\":\"https:\/\/lobosnews.com.ar\/#organization\"},\"potentialAction\":[{\"@type\":\"SearchAction\",\"target\":{\"@type\":\"EntryPoint\",\"urlTemplate\":\"https:\/\/lobosnews.com.ar\/?s={search_term_string}\"},\"query-input\":{\"@type\":\"PropertyValueSpecification\",\"valueRequired\":true,\"valueName\":\"search_term_string\"}}],\"inLanguage\":\"es\"},{\"@type\":\"Organization\",\"@id\":\"https:\/\/lobosnews.com.ar\/#organization\",\"name\":\"Lobos News\",\"url\":\"https:\/\/lobosnews.com.ar\/\",\"logo\":{\"@type\":\"ImageObject\",\"inLanguage\":\"es\",\"@id\":\"https:\/\/lobosnews.com.ar\/#\/schema\/logo\/image\/\",\"url\":\"https:\/\/lobosnews.com.ar\/wp-content\/uploads\/2026\/01\/logo-lobosnews.png\",\"contentUrl\":\"https:\/\/lobosnews.com.ar\/wp-content\/uploads\/2026\/01\/logo-lobosnews.png\",\"width\":500,\"height\":200,\"caption\":\"Lobos News\"},\"image\":{\"@id\":\"https:\/\/lobosnews.com.ar\/#\/schema\/logo\/image\/\"}},{\"@type\":\"Person\",\"@id\":\"https:\/\/lobosnews.com.ar\/#\/schema\/person\/232422a593d5c541dd9aef6aaed10943\",\"name\":\"admin\",\"image\":{\"@type\":\"ImageObject\",\"inLanguage\":\"es\",\"@id\":\"https:\/\/lobosnews.com.ar\/#\/schema\/person\/image\/\",\"url\":\"https:\/\/secure.gravatar.com\/avatar\/76e419471a2083bc3ceab22a763dbbf9b0c1bd15a6214cf3280e2c2dde4580f9?s=96&d=mm&r=g\",\"contentUrl\":\"https:\/\/secure.gravatar.com\/avatar\/76e419471a2083bc3ceab22a763dbbf9b0c1bd15a6214cf3280e2c2dde4580f9?s=96&d=mm&r=g\",\"caption\":\"admin\"},\"sameAs\":[\"https:\/\/lobosnews.com.ar\"],\"url\":\"https:\/\/lobosnews.com.ar\/index.php\/author\/lobos-news\/\"}]}<\/script>\n<!-- \/ Yoast SEO plugin. -->","yoast_head_json":{"title":"Ceferino Reato present\u00f3 \u201cPax menemista\u201d en la Feria del Libro: \u201cLos indultos los propusieron los montoneros\u201d - Lobos News","robots":{"index":"index","follow":"follow","max-snippet":"max-snippet:-1","max-image-preview":"max-image-preview:large","max-video-preview":"max-video-preview:-1"},"canonical":"https:\/\/lobosnews.com.ar\/index.php\/2026\/04\/25\/ceferino-reato-presento-pax-menemista-en-la-feria-del-libro-los-indultos-los-propusieron-los-montoneros\/","og_locale":"es_ES","og_type":"article","og_title":"Ceferino Reato present\u00f3 \u201cPax menemista\u201d en la Feria del Libro: \u201cLos indultos los propusieron los montoneros\u201d - Lobos News","og_description":"El periodista Ceferino Reato present\u00f3 este s\u00e1bado su libro Pax menemista en la Feria Internacional del Libro de Buenos Aires, en un di\u00e1logo con el abogado e historiador Roberto Bosca que recorri\u00f3 su trayectoria como autor y se concentr\u00f3 en la tesis central de su nuevo trabajo: que los indultos de Carlos Menem fueron un...","og_url":"https:\/\/lobosnews.com.ar\/index.php\/2026\/04\/25\/ceferino-reato-presento-pax-menemista-en-la-feria-del-libro-los-indultos-los-propusieron-los-montoneros\/","og_site_name":"Lobos News","article_published_time":"2026-04-25T23:55:28+00:00","article_modified_time":"2026-04-26T02:30:01+00:00","og_image":[{"url":"https:\/\/lobosnews.com.ar\/wp-content\/uploads\/2026\/04\/ceferino-reato-presento-pax-menemista-en-la-feria-del-libro-los-indultos-los-propusieron-los-montoneros.jpg","type":"","width":"","height":""}],"author":"admin","twitter_card":"summary_large_image","twitter_misc":{"Escrito por":"admin","Tiempo de lectura":"9 minutos"},"schema":{"@context":"https:\/\/schema.org","@graph":[{"@type":"Article","@id":"https:\/\/lobosnews.com.ar\/index.php\/2026\/04\/25\/ceferino-reato-presento-pax-menemista-en-la-feria-del-libro-los-indultos-los-propusieron-los-montoneros\/#article","isPartOf":{"@id":"https:\/\/lobosnews.com.ar\/index.php\/2026\/04\/25\/ceferino-reato-presento-pax-menemista-en-la-feria-del-libro-los-indultos-los-propusieron-los-montoneros\/"},"author":{"name":"admin","@id":"https:\/\/lobosnews.com.ar\/#\/schema\/person\/232422a593d5c541dd9aef6aaed10943"},"headline":"Ceferino Reato present\u00f3 \u201cPax menemista\u201d en la Feria del Libro: \u201cLos indultos los propusieron los montoneros\u201d","datePublished":"2026-04-25T23:55:28+00:00","dateModified":"2026-04-26T02:30:01+00:00","mainEntityOfPage":{"@id":"https:\/\/lobosnews.com.ar\/index.php\/2026\/04\/25\/ceferino-reato-presento-pax-menemista-en-la-feria-del-libro-los-indultos-los-propusieron-los-montoneros\/"},"wordCount":1830,"commentCount":0,"publisher":{"@id":"https:\/\/lobosnews.com.ar\/#organization"},"image":{"@id":"https:\/\/lobosnews.com.ar\/index.php\/2026\/04\/25\/ceferino-reato-presento-pax-menemista-en-la-feria-del-libro-los-indultos-los-propusieron-los-montoneros\/#primaryimage"},"thumbnailUrl":"https:\/\/lobosnews.com.ar\/wp-content\/uploads\/2026\/04\/ceferino-reato-presento-pax-menemista-en-la-feria-del-libro-los-indultos-los-propusieron-los-montoneros-12.jpg","articleSection":["Actualidad"],"inLanguage":"es","potentialAction":[{"@type":"CommentAction","name":"Comment","target":["https:\/\/lobosnews.com.ar\/index.php\/2026\/04\/25\/ceferino-reato-presento-pax-menemista-en-la-feria-del-libro-los-indultos-los-propusieron-los-montoneros\/#respond"]}]},{"@type":"WebPage","@id":"https:\/\/lobosnews.com.ar\/index.php\/2026\/04\/25\/ceferino-reato-presento-pax-menemista-en-la-feria-del-libro-los-indultos-los-propusieron-los-montoneros\/","url":"https:\/\/lobosnews.com.ar\/index.php\/2026\/04\/25\/ceferino-reato-presento-pax-menemista-en-la-feria-del-libro-los-indultos-los-propusieron-los-montoneros\/","name":"Ceferino Reato present\u00f3 \u201cPax menemista\u201d en la Feria del Libro: \u201cLos indultos los propusieron los montoneros\u201d - Lobos News","isPartOf":{"@id":"https:\/\/lobosnews.com.ar\/#website"},"primaryImageOfPage":{"@id":"https:\/\/lobosnews.com.ar\/index.php\/2026\/04\/25\/ceferino-reato-presento-pax-menemista-en-la-feria-del-libro-los-indultos-los-propusieron-los-montoneros\/#primaryimage"},"image":{"@id":"https:\/\/lobosnews.com.ar\/index.php\/2026\/04\/25\/ceferino-reato-presento-pax-menemista-en-la-feria-del-libro-los-indultos-los-propusieron-los-montoneros\/#primaryimage"},"thumbnailUrl":"https:\/\/lobosnews.com.ar\/wp-content\/uploads\/2026\/04\/ceferino-reato-presento-pax-menemista-en-la-feria-del-libro-los-indultos-los-propusieron-los-montoneros-12.jpg","datePublished":"2026-04-25T23:55:28+00:00","dateModified":"2026-04-26T02:30:01+00:00","breadcrumb":{"@id":"https:\/\/lobosnews.com.ar\/index.php\/2026\/04\/25\/ceferino-reato-presento-pax-menemista-en-la-feria-del-libro-los-indultos-los-propusieron-los-montoneros\/#breadcrumb"},"inLanguage":"es","potentialAction":[{"@type":"ReadAction","target":["https:\/\/lobosnews.com.ar\/index.php\/2026\/04\/25\/ceferino-reato-presento-pax-menemista-en-la-feria-del-libro-los-indultos-los-propusieron-los-montoneros\/"]}]},{"@type":"ImageObject","inLanguage":"es","@id":"https:\/\/lobosnews.com.ar\/index.php\/2026\/04\/25\/ceferino-reato-presento-pax-menemista-en-la-feria-del-libro-los-indultos-los-propusieron-los-montoneros\/#primaryimage","url":"https:\/\/lobosnews.com.ar\/wp-content\/uploads\/2026\/04\/ceferino-reato-presento-pax-menemista-en-la-feria-del-libro-los-indultos-los-propusieron-los-montoneros-12.jpg","contentUrl":"https:\/\/lobosnews.com.ar\/wp-content\/uploads\/2026\/04\/ceferino-reato-presento-pax-menemista-en-la-feria-del-libro-los-indultos-los-propusieron-los-montoneros-12.jpg","width":1920,"height":1080,"caption":"Ceferino Reato present\u00f3 \u201cPax menemista\u201d en la Feria del Libro: \u201cLos indultos los propusieron los montoneros\u201d"},{"@type":"BreadcrumbList","@id":"https:\/\/lobosnews.com.ar\/index.php\/2026\/04\/25\/ceferino-reato-presento-pax-menemista-en-la-feria-del-libro-los-indultos-los-propusieron-los-montoneros\/#breadcrumb","itemListElement":[{"@type":"ListItem","position":1,"name":"Portada","item":"https:\/\/lobosnews.com.ar\/"},{"@type":"ListItem","position":2,"name":"Ceferino Reato present\u00f3 \u201cPax menemista\u201d en la Feria del Libro: \u201cLos indultos los propusieron los montoneros\u201d"}]},{"@type":"WebSite","@id":"https:\/\/lobosnews.com.ar\/#website","url":"https:\/\/lobosnews.com.ar\/","name":"Lobos News","description":"Informaci\u00f3n a cada instante","publisher":{"@id":"https:\/\/lobosnews.com.ar\/#organization"},"potentialAction":[{"@type":"SearchAction","target":{"@type":"EntryPoint","urlTemplate":"https:\/\/lobosnews.com.ar\/?s={search_term_string}"},"query-input":{"@type":"PropertyValueSpecification","valueRequired":true,"valueName":"search_term_string"}}],"inLanguage":"es"},{"@type":"Organization","@id":"https:\/\/lobosnews.com.ar\/#organization","name":"Lobos News","url":"https:\/\/lobosnews.com.ar\/","logo":{"@type":"ImageObject","inLanguage":"es","@id":"https:\/\/lobosnews.com.ar\/#\/schema\/logo\/image\/","url":"https:\/\/lobosnews.com.ar\/wp-content\/uploads\/2026\/01\/logo-lobosnews.png","contentUrl":"https:\/\/lobosnews.com.ar\/wp-content\/uploads\/2026\/01\/logo-lobosnews.png","width":500,"height":200,"caption":"Lobos News"},"image":{"@id":"https:\/\/lobosnews.com.ar\/#\/schema\/logo\/image\/"}},{"@type":"Person","@id":"https:\/\/lobosnews.com.ar\/#\/schema\/person\/232422a593d5c541dd9aef6aaed10943","name":"admin","image":{"@type":"ImageObject","inLanguage":"es","@id":"https:\/\/lobosnews.com.ar\/#\/schema\/person\/image\/","url":"https:\/\/secure.gravatar.com\/avatar\/76e419471a2083bc3ceab22a763dbbf9b0c1bd15a6214cf3280e2c2dde4580f9?s=96&d=mm&r=g","contentUrl":"https:\/\/secure.gravatar.com\/avatar\/76e419471a2083bc3ceab22a763dbbf9b0c1bd15a6214cf3280e2c2dde4580f9?s=96&d=mm&r=g","caption":"admin"},"sameAs":["https:\/\/lobosnews.com.ar"],"url":"https:\/\/lobosnews.com.ar\/index.php\/author\/lobos-news\/"}]}},"jetpack_featured_media_url":"https:\/\/lobosnews.com.ar\/wp-content\/uploads\/2026\/04\/ceferino-reato-presento-pax-menemista-en-la-feria-del-libro-los-indultos-los-propusieron-los-montoneros-12.jpg","jetpack_sharing_enabled":true,"_links":{"self":[{"href":"https:\/\/lobosnews.com.ar\/index.php\/wp-json\/wp\/v2\/posts\/45291","targetHints":{"allow":["GET"]}}],"collection":[{"href":"https:\/\/lobosnews.com.ar\/index.php\/wp-json\/wp\/v2\/posts"}],"about":[{"href":"https:\/\/lobosnews.com.ar\/index.php\/wp-json\/wp\/v2\/types\/post"}],"author":[{"embeddable":true,"href":"https:\/\/lobosnews.com.ar\/index.php\/wp-json\/wp\/v2\/users\/1"}],"replies":[{"embeddable":true,"href":"https:\/\/lobosnews.com.ar\/index.php\/wp-json\/wp\/v2\/comments?post=45291"}],"version-history":[{"count":1,"href":"https:\/\/lobosnews.com.ar\/index.php\/wp-json\/wp\/v2\/posts\/45291\/revisions"}],"predecessor-version":[{"id":45299,"href":"https:\/\/lobosnews.com.ar\/index.php\/wp-json\/wp\/v2\/posts\/45291\/revisions\/45299"}],"wp:featuredmedia":[{"embeddable":true,"href":"https:\/\/lobosnews.com.ar\/index.php\/wp-json\/wp\/v2\/media\/45300"}],"wp:attachment":[{"href":"https:\/\/lobosnews.com.ar\/index.php\/wp-json\/wp\/v2\/media?parent=45291"}],"wp:term":[{"taxonomy":"category","embeddable":true,"href":"https:\/\/lobosnews.com.ar\/index.php\/wp-json\/wp\/v2\/categories?post=45291"},{"taxonomy":"post_tag","embeddable":true,"href":"https:\/\/lobosnews.com.ar\/index.php\/wp-json\/wp\/v2\/tags?post=45291"}],"curies":[{"name":"wp","href":"https:\/\/api.w.org\/{rel}","templated":true}]}}