{"id":45284,"date":"2026-04-25T23:57:20","date_gmt":"2026-04-25T23:57:20","guid":{"rendered":"https:\/\/lobosnews.com.ar\/index.php\/2026\/04\/25\/accidente-de-aeronave-agricola-en-guatemala-deja-un-muerto\/"},"modified":"2026-04-26T02:28:54","modified_gmt":"2026-04-26T02:28:54","slug":"accidente-de-aeronave-agricola-en-guatemala-deja-un-muerto","status":"publish","type":"post","link":"https:\/\/lobosnews.com.ar\/index.php\/2026\/04\/25\/accidente-de-aeronave-agricola-en-guatemala-deja-un-muerto\/","title":{"rendered":"Accidente de aeronave agr\u00edcola en Guatemala deja un muerto"},"content":{"rendered":"<p>Un <b>accidente a\u00e9reo<\/b> ocurrido este s\u00e1bado en la finca Sevilla, ubicada en la aldea Obero, jurisdicci\u00f3n de Masagua, Escuintla, Guatemala, dej\u00f3 <b>como saldo el fallecimiento<\/b> <b>del piloto de una aeronave utilizada para labores de fumigaci\u00f3n agr\u00edcola<\/b>.<\/p>\n<p>De acuerdo con el reporte de los <b>Bomberos Voluntarios de la 9na compa\u00f1\u00eda<\/b>, la emergencia fue reportada aproximadamente a las 9:00 a.m. (hora local), lo que gener\u00f3 una movilizaci\u00f3n inmediata hacia el kil\u00f3metro 94, en el interior de la finca Sevilla. Al llegar al lugar,<b> los socorristas procedieron a la evaluaci\u00f3n del piloto de la aeronave, quien lamentablemente ya no presentaba signos vitales<\/b>.<\/p>\n<p>La aeronave siniestrada, una <b>Thursh con matr\u00edcula TG-BUA<\/b>, se encontraba realizando labores de fumigaci\u00f3n en la fase de aspersi\u00f3n cuando se produjo el desplome. El impacto fue de tal magnitud que no permiti\u00f3 maniobras de rescate, confirmando el fallecimiento del \u00fanico tripulante.<\/p>\n<p><img loading=\"lazy\" decoding=\"async\" src=\"https:\/\/lobosnews.com.ar\/wp-content\/uploads\/2026\/04\/accidente-de-aeronave-agricola-en-guatemala-deja-un-muerto.jpg\" alt=\"El piloto fue encontrado sin vida, seg\u00fan informaci\u00f3n de cuerpos de socorro. (Cortes\u00eda: Bomberos Voluntarios)\" height=\"1600\" width=\"738\"\/><\/p>\n<h2>V\u00edctima de la catastrofe<\/h2>\n<p>Horas m\u00e1s tarde, en un comunicado de prensa, la <b>Direcci\u00f3n General de Aeron\u00e1utica Civil (DGAC)<\/b> inform\u00f3 que, tras ser alertados del accidente, se comision\u00f3 de inmediato a <b>un equipo de investigadores para proceder con el an\u00e1lisis de la escena y la recopilaci\u00f3n de indicios que permitan determinar las causas del siniestro<\/b>. <\/p>\n<p>La DGAC detall\u00f3 que el piloto fallecido fue identificado como <b>Luis Guillermo Jurado Mu\u00f1oz<\/b>, quien se encontraba cumpliendo su labor profesional al momento del accidente.<\/p>\n<p>En su nota, la DGAC expres\u00f3 sus condolencias a los familiares, amigos y personas allegadas al piloto aviador. El texto, emitido desde la entidad, destaca la dedicaci\u00f3n y el compromiso de Mu\u00f1oz, se\u00f1alando que se une al duelo y al dolor de quienes lo conocieron.<\/p>\n<p><img loading=\"lazy\" decoding=\"async\" src=\"https:\/\/lobosnews.com.ar\/wp-content\/uploads\/2026\/04\/accidente-de-aeronave-agricola-en-guatemala-deja-un-muerto-1.jpg\" alt=\"La DGAC emiti\u00f3 un comunicado oficial de condolencias reconociendo la trayectoria y el compromiso de Luis Guillermo Jurado Mu\u00f1oz con el sector agr\u00edcola nacional (Cortes\u00eda: Direcci\u00f3n General de Aeron\u00e1utica Civil)\" height=\"1080\" width=\"864\"\/><\/p>\n<p>\u201cLa DGAC expresa sus m\u00e1s sinceras condolencias a la familia, amigos y seres queridos del Piloto Aviador Luis Guillermo Jurado Mu\u00f1oz, y se une al dolor de todos quienes lo conocieron. En este momento de profunda tristeza, manifestamos nuestra solidaridad con ellos ante esta irreparable p\u00e9rdida\u201d, se\u00f1ala el comunicado oficial.<\/p>\n<p><b>La investigaci\u00f3n sobre las causas del desplome est\u00e1 a cargo del equipo especializado de la DGAC, que ha iniciado el proceso de recopilaci\u00f3n de datos t\u00e9cnicos y testimonios en el sitio del accidente<\/b>. <\/p>\n<p>Seg\u00fan la informaci\u00f3n preliminar, la aeronave cumpl\u00eda una ruta de aspersi\u00f3n agr\u00edcola cuando se precipit\u00f3 a tierra, sin que hasta el momento se hayan determinado las circunstancias exactas que originaron el incidente.<\/p>\n<p><img loading=\"lazy\" decoding=\"async\" src=\"https:\/\/lobosnews.com.ar\/wp-content\/uploads\/2026\/04\/accidente-de-aeronave-agricola-en-guatemala-deja-un-muerto-2.jpg\" alt=\"La aeronave Thursh TG-BUA, especializada en fumigaci\u00f3n agr\u00edcola, se desplom\u00f3 durante una operaci\u00f3n de aspersi\u00f3n, seg\u00fan confirm\u00f3 la DGAC. (Cortes\u00eda: Redes sociales)\" height=\"450\" width=\"790\"\/><\/p>\n<p>El accidente ha puesto en alerta a las autoridades de aviaci\u00f3n civil, que reiteraron su compromiso con la seguridad operacional y la revisi\u00f3n de los procedimientos para prevenir incidentes similares en el futuro. <\/p>\n<h2>Lamentan p\u00e9rdida del piloto Luis Guillermo<\/h2>\n<p>Este accidente representa una p\u00e9rdida irreparable para la aviaci\u00f3n y deja en evidencia los riesgos a los que se enfrentan los pilotos en el ejercicio de sus funciones diarias. <\/p>\n<p>A los pronunciamientos oficiales se sum\u00f3 un mensaje publicado por la Aviaci\u00f3n Agr\u00edcola Guatemalteca, acompa\u00f1ado de un video en homenaje. <\/p>\n<p><img loading=\"lazy\" decoding=\"async\" src=\"https:\/\/lobosnews.com.ar\/wp-content\/uploads\/2026\/04\/accidente-de-aeronave-agricola-en-guatemala-deja-un-muerto-3.jpg\" alt=\"La comunidad agr\u00edcola y el gremio aeron\u00e1utico guatemalteco expresaron consternaci\u00f3n y demandaron reforzamiento en est\u00e1ndares de seguridad a\u00e9rea operacional. (Cortes\u00eda: Aviaci\u00f3n Agr\u00edcola de Guatemala)\" height=\"1024\" width=\"1024\"\/><\/p>\n<p>\u201cUn piloto no muere, solo emprende su \u00faltimo vuelo. Gracias por tanto, por tu entrega al campo y por tu pasi\u00f3n en el aire. Descansa en paz Wichin\u201d, se\u00f1ala la publicaci\u00f3n, reflejando el reconocimiento y la tristeza de quienes compartieron con \u00e9l su vocaci\u00f3n y trabajo.<\/p>\n","protected":false},"excerpt":{"rendered":"<p>Un accidente a\u00e9reo ocurrido este s\u00e1bado en la finca Sevilla, ubicada en la aldea Obero, jurisdicci\u00f3n de Masagua, Escuintla, Guatemala, dej\u00f3 como saldo el fallecimiento del piloto de una aeronave utilizada para labores de fumigaci\u00f3n agr\u00edcola. De acuerdo con el reporte de los Bomberos Voluntarios de la 9na compa\u00f1\u00eda, la emergencia fue reportada aproximadamente a&#8230;<\/p>\n","protected":false},"author":1,"featured_media":45290,"comment_status":"open","ping_status":"closed","sticky":false,"template":"","format":"standard","meta":{"_jetpack_memberships_contains_paid_content":false,"footnotes":""},"categories":[31],"tags":[],"class_list":["post-45284","post","type-post","status-publish","format-standard","has-post-thumbnail","hentry","category-actualidad"],"magazineBlocksPostFeaturedMedia":{"thumbnail":"https:\/\/lobosnews.com.ar\/wp-content\/uploads\/2026\/04\/accidente-de-aeronave-agricola-en-guatemala-deja-un-muerto-6-150x150.jpg","medium":"https:\/\/lobosnews.com.ar\/wp-content\/uploads\/2026\/04\/accidente-de-aeronave-agricola-en-guatemala-deja-un-muerto-6-300x300.jpg","medium_large":"https:\/\/lobosnews.com.ar\/wp-content\/uploads\/2026\/04\/accidente-de-aeronave-agricola-en-guatemala-deja-un-muerto-6-768x768.jpg","large":"https:\/\/lobosnews.com.ar\/wp-content\/uploads\/2026\/04\/accidente-de-aeronave-agricola-en-guatemala-deja-un-muerto-6.jpg","1536x1536":"https:\/\/lobosnews.com.ar\/wp-content\/uploads\/2026\/04\/accidente-de-aeronave-agricola-en-guatemala-deja-un-muerto-6.jpg","2048x2048":"https:\/\/lobosnews.com.ar\/wp-content\/uploads\/2026\/04\/accidente-de-aeronave-agricola-en-guatemala-deja-un-muerto-6.jpg","newsmatic-featured":"https:\/\/lobosnews.com.ar\/wp-content\/uploads\/2026\/04\/accidente-de-aeronave-agricola-en-guatemala-deja-un-muerto-6-820x545.jpg","newsmatic-list":"https:\/\/lobosnews.com.ar\/wp-content\/uploads\/2026\/04\/accidente-de-aeronave-agricola-en-guatemala-deja-un-muerto-6-600x400.jpg","newsmatic-thumb":"https:\/\/lobosnews.com.ar\/wp-content\/uploads\/2026\/04\/accidente-de-aeronave-agricola-en-guatemala-deja-un-muerto-6-300x200.jpg","newsmatic-small":"https:\/\/lobosnews.com.ar\/wp-content\/uploads\/2026\/04\/accidente-de-aeronave-agricola-en-guatemala-deja-un-muerto-6-150x95.jpg","newsmatic-grid":"https:\/\/lobosnews.com.ar\/wp-content\/uploads\/2026\/04\/accidente-de-aeronave-agricola-en-guatemala-deja-un-muerto-6-400x250.jpg"},"magazineBlocksPostAuthor":{"name":"admin","avatar":"https:\/\/secure.gravatar.com\/avatar\/76e419471a2083bc3ceab22a763dbbf9b0c1bd15a6214cf3280e2c2dde4580f9?s=96&d=mm&r=g"},"magazineBlocksPostCommentsNumber":"0","magazineBlocksPostExcerpt":"Un accidente a\u00e9reo ocurrido este s\u00e1bado en la finca Sevilla, ubicada en la aldea Obero, jurisdicci\u00f3n de Masagua, Escuintla, Guatemala, dej\u00f3 como saldo el fallecimiento del piloto de una aeronave utilizada para labores de fumigaci\u00f3n agr\u00edcola. De acuerdo con el reporte de los Bomberos Voluntarios de la 9na compa\u00f1\u00eda, la emergencia fue reportada aproximadamente a...","magazineBlocksPostCategories":["Actualidad"],"magazineBlocksPostViewCount":8,"magazineBlocksPostReadTime":3,"magazine_blocks_featured_image_url":{"full":["https:\/\/lobosnews.com.ar\/wp-content\/uploads\/2026\/04\/accidente-de-aeronave-agricola-en-guatemala-deja-un-muerto-6.jpg",1024,1024,false],"medium":["https:\/\/lobosnews.com.ar\/wp-content\/uploads\/2026\/04\/accidente-de-aeronave-agricola-en-guatemala-deja-un-muerto-6-300x300.jpg",300,300,true],"thumbnail":["https:\/\/lobosnews.com.ar\/wp-content\/uploads\/2026\/04\/accidente-de-aeronave-agricola-en-guatemala-deja-un-muerto-6-150x150.jpg",150,150,true]},"magazine_blocks_author":{"display_name":"admin","author_link":"https:\/\/lobosnews.com.ar\/index.php\/author\/lobos-news\/"},"magazine_blocks_comment":0,"magazine_blocks_author_image":"https:\/\/secure.gravatar.com\/avatar\/76e419471a2083bc3ceab22a763dbbf9b0c1bd15a6214cf3280e2c2dde4580f9?s=96&d=mm&r=g","magazine_blocks_category":"<a href=\"#\" class=\"category-link category-link-31\">Actualidad<\/a>","yoast_head":"<!-- This site is optimized with the Yoast SEO plugin v26.6 - https:\/\/yoast.com\/wordpress\/plugins\/seo\/ -->\n<title>Accidente de aeronave agr\u00edcola en Guatemala deja un muerto - Lobos News<\/title>\n<meta name=\"robots\" content=\"index, follow, max-snippet:-1, max-image-preview:large, max-video-preview:-1\" \/>\n<link rel=\"canonical\" href=\"https:\/\/lobosnews.com.ar\/index.php\/2026\/04\/25\/accidente-de-aeronave-agricola-en-guatemala-deja-un-muerto\/\" \/>\n<meta property=\"og:locale\" content=\"es_ES\" \/>\n<meta property=\"og:type\" content=\"article\" \/>\n<meta property=\"og:title\" content=\"Accidente de aeronave agr\u00edcola en Guatemala deja un muerto - Lobos News\" \/>\n<meta property=\"og:description\" content=\"Un accidente a\u00e9reo ocurrido este s\u00e1bado en la finca Sevilla, ubicada en la aldea Obero, jurisdicci\u00f3n de Masagua, Escuintla, Guatemala, dej\u00f3 como saldo el fallecimiento del piloto de una aeronave utilizada para labores de fumigaci\u00f3n agr\u00edcola. De acuerdo con el reporte de los Bomberos Voluntarios de la 9na compa\u00f1\u00eda, la emergencia fue reportada aproximadamente a...\" \/>\n<meta property=\"og:url\" content=\"https:\/\/lobosnews.com.ar\/index.php\/2026\/04\/25\/accidente-de-aeronave-agricola-en-guatemala-deja-un-muerto\/\" \/>\n<meta property=\"og:site_name\" content=\"Lobos News\" \/>\n<meta property=\"article:published_time\" content=\"2026-04-25T23:57:20+00:00\" \/>\n<meta property=\"article:modified_time\" content=\"2026-04-26T02:28:54+00:00\" \/>\n<meta property=\"og:image\" content=\"https:\/\/lobosnews.com.ar\/wp-content\/uploads\/2026\/04\/accidente-de-aeronave-agricola-en-guatemala-deja-un-muerto.jpg\" \/>\n<meta name=\"author\" content=\"admin\" \/>\n<meta name=\"twitter:card\" content=\"summary_large_image\" \/>\n<meta name=\"twitter:label1\" content=\"Escrito por\" \/>\n\t<meta name=\"twitter:data1\" content=\"admin\" \/>\n\t<meta name=\"twitter:label2\" content=\"Tiempo de lectura\" \/>\n\t<meta name=\"twitter:data2\" content=\"3 minutos\" \/>\n<script type=\"application\/ld+json\" class=\"yoast-schema-graph\">{\"@context\":\"https:\/\/schema.org\",\"@graph\":[{\"@type\":\"Article\",\"@id\":\"https:\/\/lobosnews.com.ar\/index.php\/2026\/04\/25\/accidente-de-aeronave-agricola-en-guatemala-deja-un-muerto\/#article\",\"isPartOf\":{\"@id\":\"https:\/\/lobosnews.com.ar\/index.php\/2026\/04\/25\/accidente-de-aeronave-agricola-en-guatemala-deja-un-muerto\/\"},\"author\":{\"name\":\"admin\",\"@id\":\"https:\/\/lobosnews.com.ar\/#\/schema\/person\/232422a593d5c541dd9aef6aaed10943\"},\"headline\":\"Accidente de aeronave agr\u00edcola en Guatemala deja un muerto\",\"datePublished\":\"2026-04-25T23:57:20+00:00\",\"dateModified\":\"2026-04-26T02:28:54+00:00\",\"mainEntityOfPage\":{\"@id\":\"https:\/\/lobosnews.com.ar\/index.php\/2026\/04\/25\/accidente-de-aeronave-agricola-en-guatemala-deja-un-muerto\/\"},\"wordCount\":570,\"commentCount\":0,\"publisher\":{\"@id\":\"https:\/\/lobosnews.com.ar\/#organization\"},\"image\":{\"@id\":\"https:\/\/lobosnews.com.ar\/index.php\/2026\/04\/25\/accidente-de-aeronave-agricola-en-guatemala-deja-un-muerto\/#primaryimage\"},\"thumbnailUrl\":\"https:\/\/lobosnews.com.ar\/wp-content\/uploads\/2026\/04\/accidente-de-aeronave-agricola-en-guatemala-deja-un-muerto-6.jpg\",\"articleSection\":[\"Actualidad\"],\"inLanguage\":\"es\",\"potentialAction\":[{\"@type\":\"CommentAction\",\"name\":\"Comment\",\"target\":[\"https:\/\/lobosnews.com.ar\/index.php\/2026\/04\/25\/accidente-de-aeronave-agricola-en-guatemala-deja-un-muerto\/#respond\"]}]},{\"@type\":\"WebPage\",\"@id\":\"https:\/\/lobosnews.com.ar\/index.php\/2026\/04\/25\/accidente-de-aeronave-agricola-en-guatemala-deja-un-muerto\/\",\"url\":\"https:\/\/lobosnews.com.ar\/index.php\/2026\/04\/25\/accidente-de-aeronave-agricola-en-guatemala-deja-un-muerto\/\",\"name\":\"Accidente de aeronave agr\u00edcola en Guatemala deja un muerto - Lobos News\",\"isPartOf\":{\"@id\":\"https:\/\/lobosnews.com.ar\/#website\"},\"primaryImageOfPage\":{\"@id\":\"https:\/\/lobosnews.com.ar\/index.php\/2026\/04\/25\/accidente-de-aeronave-agricola-en-guatemala-deja-un-muerto\/#primaryimage\"},\"image\":{\"@id\":\"https:\/\/lobosnews.com.ar\/index.php\/2026\/04\/25\/accidente-de-aeronave-agricola-en-guatemala-deja-un-muerto\/#primaryimage\"},\"thumbnailUrl\":\"https:\/\/lobosnews.com.ar\/wp-content\/uploads\/2026\/04\/accidente-de-aeronave-agricola-en-guatemala-deja-un-muerto-6.jpg\",\"datePublished\":\"2026-04-25T23:57:20+00:00\",\"dateModified\":\"2026-04-26T02:28:54+00:00\",\"breadcrumb\":{\"@id\":\"https:\/\/lobosnews.com.ar\/index.php\/2026\/04\/25\/accidente-de-aeronave-agricola-en-guatemala-deja-un-muerto\/#breadcrumb\"},\"inLanguage\":\"es\",\"potentialAction\":[{\"@type\":\"ReadAction\",\"target\":[\"https:\/\/lobosnews.com.ar\/index.php\/2026\/04\/25\/accidente-de-aeronave-agricola-en-guatemala-deja-un-muerto\/\"]}]},{\"@type\":\"ImageObject\",\"inLanguage\":\"es\",\"@id\":\"https:\/\/lobosnews.com.ar\/index.php\/2026\/04\/25\/accidente-de-aeronave-agricola-en-guatemala-deja-un-muerto\/#primaryimage\",\"url\":\"https:\/\/lobosnews.com.ar\/wp-content\/uploads\/2026\/04\/accidente-de-aeronave-agricola-en-guatemala-deja-un-muerto-6.jpg\",\"contentUrl\":\"https:\/\/lobosnews.com.ar\/wp-content\/uploads\/2026\/04\/accidente-de-aeronave-agricola-en-guatemala-deja-un-muerto-6.jpg\",\"width\":1024,\"height\":1024,\"caption\":\"Accidente de aeronave agr\u00edcola en Guatemala deja un muerto\"},{\"@type\":\"BreadcrumbList\",\"@id\":\"https:\/\/lobosnews.com.ar\/index.php\/2026\/04\/25\/accidente-de-aeronave-agricola-en-guatemala-deja-un-muerto\/#breadcrumb\",\"itemListElement\":[{\"@type\":\"ListItem\",\"position\":1,\"name\":\"Portada\",\"item\":\"https:\/\/lobosnews.com.ar\/\"},{\"@type\":\"ListItem\",\"position\":2,\"name\":\"Accidente de aeronave agr\u00edcola en Guatemala deja un muerto\"}]},{\"@type\":\"WebSite\",\"@id\":\"https:\/\/lobosnews.com.ar\/#website\",\"url\":\"https:\/\/lobosnews.com.ar\/\",\"name\":\"Lobos News\",\"description\":\"Informaci\u00f3n a cada instante\",\"publisher\":{\"@id\":\"https:\/\/lobosnews.com.ar\/#organization\"},\"potentialAction\":[{\"@type\":\"SearchAction\",\"target\":{\"@type\":\"EntryPoint\",\"urlTemplate\":\"https:\/\/lobosnews.com.ar\/?s={search_term_string}\"},\"query-input\":{\"@type\":\"PropertyValueSpecification\",\"valueRequired\":true,\"valueName\":\"search_term_string\"}}],\"inLanguage\":\"es\"},{\"@type\":\"Organization\",\"@id\":\"https:\/\/lobosnews.com.ar\/#organization\",\"name\":\"Lobos News\",\"url\":\"https:\/\/lobosnews.com.ar\/\",\"logo\":{\"@type\":\"ImageObject\",\"inLanguage\":\"es\",\"@id\":\"https:\/\/lobosnews.com.ar\/#\/schema\/logo\/image\/\",\"url\":\"https:\/\/lobosnews.com.ar\/wp-content\/uploads\/2026\/01\/logo-lobosnews.png\",\"contentUrl\":\"https:\/\/lobosnews.com.ar\/wp-content\/uploads\/2026\/01\/logo-lobosnews.png\",\"width\":500,\"height\":200,\"caption\":\"Lobos News\"},\"image\":{\"@id\":\"https:\/\/lobosnews.com.ar\/#\/schema\/logo\/image\/\"}},{\"@type\":\"Person\",\"@id\":\"https:\/\/lobosnews.com.ar\/#\/schema\/person\/232422a593d5c541dd9aef6aaed10943\",\"name\":\"admin\",\"image\":{\"@type\":\"ImageObject\",\"inLanguage\":\"es\",\"@id\":\"https:\/\/lobosnews.com.ar\/#\/schema\/person\/image\/\",\"url\":\"https:\/\/secure.gravatar.com\/avatar\/76e419471a2083bc3ceab22a763dbbf9b0c1bd15a6214cf3280e2c2dde4580f9?s=96&d=mm&r=g\",\"contentUrl\":\"https:\/\/secure.gravatar.com\/avatar\/76e419471a2083bc3ceab22a763dbbf9b0c1bd15a6214cf3280e2c2dde4580f9?s=96&d=mm&r=g\",\"caption\":\"admin\"},\"sameAs\":[\"https:\/\/lobosnews.com.ar\"],\"url\":\"https:\/\/lobosnews.com.ar\/index.php\/author\/lobos-news\/\"}]}<\/script>\n<!-- \/ Yoast SEO plugin. -->","yoast_head_json":{"title":"Accidente de aeronave agr\u00edcola en Guatemala deja un muerto - Lobos News","robots":{"index":"index","follow":"follow","max-snippet":"max-snippet:-1","max-image-preview":"max-image-preview:large","max-video-preview":"max-video-preview:-1"},"canonical":"https:\/\/lobosnews.com.ar\/index.php\/2026\/04\/25\/accidente-de-aeronave-agricola-en-guatemala-deja-un-muerto\/","og_locale":"es_ES","og_type":"article","og_title":"Accidente de aeronave agr\u00edcola en Guatemala deja un muerto - Lobos News","og_description":"Un accidente a\u00e9reo ocurrido este s\u00e1bado en la finca Sevilla, ubicada en la aldea Obero, jurisdicci\u00f3n de Masagua, Escuintla, Guatemala, dej\u00f3 como saldo el fallecimiento del piloto de una aeronave utilizada para labores de fumigaci\u00f3n agr\u00edcola. De acuerdo con el reporte de los Bomberos Voluntarios de la 9na compa\u00f1\u00eda, la emergencia fue reportada aproximadamente a...","og_url":"https:\/\/lobosnews.com.ar\/index.php\/2026\/04\/25\/accidente-de-aeronave-agricola-en-guatemala-deja-un-muerto\/","og_site_name":"Lobos News","article_published_time":"2026-04-25T23:57:20+00:00","article_modified_time":"2026-04-26T02:28:54+00:00","og_image":[{"url":"https:\/\/lobosnews.com.ar\/wp-content\/uploads\/2026\/04\/accidente-de-aeronave-agricola-en-guatemala-deja-un-muerto.jpg","type":"","width":"","height":""}],"author":"admin","twitter_card":"summary_large_image","twitter_misc":{"Escrito por":"admin","Tiempo de lectura":"3 minutos"},"schema":{"@context":"https:\/\/schema.org","@graph":[{"@type":"Article","@id":"https:\/\/lobosnews.com.ar\/index.php\/2026\/04\/25\/accidente-de-aeronave-agricola-en-guatemala-deja-un-muerto\/#article","isPartOf":{"@id":"https:\/\/lobosnews.com.ar\/index.php\/2026\/04\/25\/accidente-de-aeronave-agricola-en-guatemala-deja-un-muerto\/"},"author":{"name":"admin","@id":"https:\/\/lobosnews.com.ar\/#\/schema\/person\/232422a593d5c541dd9aef6aaed10943"},"headline":"Accidente de aeronave agr\u00edcola en Guatemala deja un muerto","datePublished":"2026-04-25T23:57:20+00:00","dateModified":"2026-04-26T02:28:54+00:00","mainEntityOfPage":{"@id":"https:\/\/lobosnews.com.ar\/index.php\/2026\/04\/25\/accidente-de-aeronave-agricola-en-guatemala-deja-un-muerto\/"},"wordCount":570,"commentCount":0,"publisher":{"@id":"https:\/\/lobosnews.com.ar\/#organization"},"image":{"@id":"https:\/\/lobosnews.com.ar\/index.php\/2026\/04\/25\/accidente-de-aeronave-agricola-en-guatemala-deja-un-muerto\/#primaryimage"},"thumbnailUrl":"https:\/\/lobosnews.com.ar\/wp-content\/uploads\/2026\/04\/accidente-de-aeronave-agricola-en-guatemala-deja-un-muerto-6.jpg","articleSection":["Actualidad"],"inLanguage":"es","potentialAction":[{"@type":"CommentAction","name":"Comment","target":["https:\/\/lobosnews.com.ar\/index.php\/2026\/04\/25\/accidente-de-aeronave-agricola-en-guatemala-deja-un-muerto\/#respond"]}]},{"@type":"WebPage","@id":"https:\/\/lobosnews.com.ar\/index.php\/2026\/04\/25\/accidente-de-aeronave-agricola-en-guatemala-deja-un-muerto\/","url":"https:\/\/lobosnews.com.ar\/index.php\/2026\/04\/25\/accidente-de-aeronave-agricola-en-guatemala-deja-un-muerto\/","name":"Accidente de aeronave agr\u00edcola en Guatemala deja un muerto - Lobos News","isPartOf":{"@id":"https:\/\/lobosnews.com.ar\/#website"},"primaryImageOfPage":{"@id":"https:\/\/lobosnews.com.ar\/index.php\/2026\/04\/25\/accidente-de-aeronave-agricola-en-guatemala-deja-un-muerto\/#primaryimage"},"image":{"@id":"https:\/\/lobosnews.com.ar\/index.php\/2026\/04\/25\/accidente-de-aeronave-agricola-en-guatemala-deja-un-muerto\/#primaryimage"},"thumbnailUrl":"https:\/\/lobosnews.com.ar\/wp-content\/uploads\/2026\/04\/accidente-de-aeronave-agricola-en-guatemala-deja-un-muerto-6.jpg","datePublished":"2026-04-25T23:57:20+00:00","dateModified":"2026-04-26T02:28:54+00:00","breadcrumb":{"@id":"https:\/\/lobosnews.com.ar\/index.php\/2026\/04\/25\/accidente-de-aeronave-agricola-en-guatemala-deja-un-muerto\/#breadcrumb"},"inLanguage":"es","potentialAction":[{"@type":"ReadAction","target":["https:\/\/lobosnews.com.ar\/index.php\/2026\/04\/25\/accidente-de-aeronave-agricola-en-guatemala-deja-un-muerto\/"]}]},{"@type":"ImageObject","inLanguage":"es","@id":"https:\/\/lobosnews.com.ar\/index.php\/2026\/04\/25\/accidente-de-aeronave-agricola-en-guatemala-deja-un-muerto\/#primaryimage","url":"https:\/\/lobosnews.com.ar\/wp-content\/uploads\/2026\/04\/accidente-de-aeronave-agricola-en-guatemala-deja-un-muerto-6.jpg","contentUrl":"https:\/\/lobosnews.com.ar\/wp-content\/uploads\/2026\/04\/accidente-de-aeronave-agricola-en-guatemala-deja-un-muerto-6.jpg","width":1024,"height":1024,"caption":"Accidente de aeronave agr\u00edcola en Guatemala deja un muerto"},{"@type":"BreadcrumbList","@id":"https:\/\/lobosnews.com.ar\/index.php\/2026\/04\/25\/accidente-de-aeronave-agricola-en-guatemala-deja-un-muerto\/#breadcrumb","itemListElement":[{"@type":"ListItem","position":1,"name":"Portada","item":"https:\/\/lobosnews.com.ar\/"},{"@type":"ListItem","position":2,"name":"Accidente de aeronave agr\u00edcola en Guatemala deja un muerto"}]},{"@type":"WebSite","@id":"https:\/\/lobosnews.com.ar\/#website","url":"https:\/\/lobosnews.com.ar\/","name":"Lobos News","description":"Informaci\u00f3n a cada instante","publisher":{"@id":"https:\/\/lobosnews.com.ar\/#organization"},"potentialAction":[{"@type":"SearchAction","target":{"@type":"EntryPoint","urlTemplate":"https:\/\/lobosnews.com.ar\/?s={search_term_string}"},"query-input":{"@type":"PropertyValueSpecification","valueRequired":true,"valueName":"search_term_string"}}],"inLanguage":"es"},{"@type":"Organization","@id":"https:\/\/lobosnews.com.ar\/#organization","name":"Lobos News","url":"https:\/\/lobosnews.com.ar\/","logo":{"@type":"ImageObject","inLanguage":"es","@id":"https:\/\/lobosnews.com.ar\/#\/schema\/logo\/image\/","url":"https:\/\/lobosnews.com.ar\/wp-content\/uploads\/2026\/01\/logo-lobosnews.png","contentUrl":"https:\/\/lobosnews.com.ar\/wp-content\/uploads\/2026\/01\/logo-lobosnews.png","width":500,"height":200,"caption":"Lobos News"},"image":{"@id":"https:\/\/lobosnews.com.ar\/#\/schema\/logo\/image\/"}},{"@type":"Person","@id":"https:\/\/lobosnews.com.ar\/#\/schema\/person\/232422a593d5c541dd9aef6aaed10943","name":"admin","image":{"@type":"ImageObject","inLanguage":"es","@id":"https:\/\/lobosnews.com.ar\/#\/schema\/person\/image\/","url":"https:\/\/secure.gravatar.com\/avatar\/76e419471a2083bc3ceab22a763dbbf9b0c1bd15a6214cf3280e2c2dde4580f9?s=96&d=mm&r=g","contentUrl":"https:\/\/secure.gravatar.com\/avatar\/76e419471a2083bc3ceab22a763dbbf9b0c1bd15a6214cf3280e2c2dde4580f9?s=96&d=mm&r=g","caption":"admin"},"sameAs":["https:\/\/lobosnews.com.ar"],"url":"https:\/\/lobosnews.com.ar\/index.php\/author\/lobos-news\/"}]}},"jetpack_featured_media_url":"https:\/\/lobosnews.com.ar\/wp-content\/uploads\/2026\/04\/accidente-de-aeronave-agricola-en-guatemala-deja-un-muerto-6.jpg","jetpack_sharing_enabled":true,"_links":{"self":[{"href":"https:\/\/lobosnews.com.ar\/index.php\/wp-json\/wp\/v2\/posts\/45284","targetHints":{"allow":["GET"]}}],"collection":[{"href":"https:\/\/lobosnews.com.ar\/index.php\/wp-json\/wp\/v2\/posts"}],"about":[{"href":"https:\/\/lobosnews.com.ar\/index.php\/wp-json\/wp\/v2\/types\/post"}],"author":[{"embeddable":true,"href":"https:\/\/lobosnews.com.ar\/index.php\/wp-json\/wp\/v2\/users\/1"}],"replies":[{"embeddable":true,"href":"https:\/\/lobosnews.com.ar\/index.php\/wp-json\/wp\/v2\/comments?post=45284"}],"version-history":[{"count":1,"href":"https:\/\/lobosnews.com.ar\/index.php\/wp-json\/wp\/v2\/posts\/45284\/revisions"}],"predecessor-version":[{"id":45289,"href":"https:\/\/lobosnews.com.ar\/index.php\/wp-json\/wp\/v2\/posts\/45284\/revisions\/45289"}],"wp:featuredmedia":[{"embeddable":true,"href":"https:\/\/lobosnews.com.ar\/index.php\/wp-json\/wp\/v2\/media\/45290"}],"wp:attachment":[{"href":"https:\/\/lobosnews.com.ar\/index.php\/wp-json\/wp\/v2\/media?parent=45284"}],"wp:term":[{"taxonomy":"category","embeddable":true,"href":"https:\/\/lobosnews.com.ar\/index.php\/wp-json\/wp\/v2\/categories?post=45284"},{"taxonomy":"post_tag","embeddable":true,"href":"https:\/\/lobosnews.com.ar\/index.php\/wp-json\/wp\/v2\/tags?post=45284"}],"curies":[{"name":"wp","href":"https:\/\/api.w.org\/{rel}","templated":true}]}}