{"id":45261,"date":"2026-04-25T23:08:59","date_gmt":"2026-04-25T23:08:59","guid":{"rendered":"https:\/\/lobosnews.com.ar\/index.php\/2026\/04\/25\/viaje-en-helicoptero-asado-con-maia-reficco-y-una-botella-de-seis-litros-de-malbec-el-dia-de-colapinto-en-la-previa-a-la-exhibicion\/"},"modified":"2026-04-26T02:24:46","modified_gmt":"2026-04-26T02:24:46","slug":"viaje-en-helicoptero-asado-con-maia-reficco-y-una-botella-de-seis-litros-de-malbec-el-dia-de-colapinto-en-la-previa-a-la-exhibicion","status":"publish","type":"post","link":"https:\/\/lobosnews.com.ar\/index.php\/2026\/04\/25\/viaje-en-helicoptero-asado-con-maia-reficco-y-una-botella-de-seis-litros-de-malbec-el-dia-de-colapinto-en-la-previa-a-la-exhibicion\/","title":{"rendered":"Viaje en helic\u00f3ptero, asado con Maia Reficco y una botella de seis litros de Malbec: el d\u00eda de Colapinto en la previa a la exhibici\u00f3n"},"content":{"rendered":"<p>La previa del evento <span class=\"waslinkname\"><b>Road Show to BA 2026<\/b><\/span><b> <\/b>transform\u00f3 el s\u00e1bado de <b>Franco Colapinto<\/b> en una jornada de celebraci\u00f3n privada y camarader\u00eda, mientras el ambiente en las calles de <b>Buenos Aires<\/b> se carga de entusiasmo ante la inminente exhibici\u00f3n del piloto argentino, que girar\u00e1 a bordo de un monoplaza de<b> F\u00f3rmula 1<\/b>.<\/p>\n<p>En la v\u00edspera de la exhibici\u00f3n, <b>Colapinto <\/b>eligi\u00f3 reunirse con su c\u00edrculo m\u00e1s cercano en en Cardales, acompa\u00f1ado por el reconocido en\u00f3logo <b>Alejandro Vigil<\/b>. El piloto de Alpine<b> lleg\u00f3 en helic\u00f3ptero<\/b> poco despu\u00e9s del mediod\u00eda, seguido por sus managers, <b>Mar\u00eda Catarineu <\/b>y <b>Jamie Campbell-Walter<\/b>, quienes arribaron de la misma manera. El resto del grupo, estuvo formado por unas 25 personas, entre ellos familiares, amigos y <span class=\"waslinkname\"><b>Maia Reficco<\/b><\/span>, adem\u00e1s de miembros principales del equipo de comunicaci\u00f3n de <b>F\u00f3rmula 1<\/b> que utilizaron veh\u00edculos particulares y vans.<\/p>\n<p><img fetchpriority=\"high\" decoding=\"async\" src=\"https:\/\/lobosnews.com.ar\/wp-content\/uploads\/2026\/04\/viaje-en-helicoptero-asado-con-maia-reficco-y-una-botella-de-seis-litros-de-malbec-el-dia-de-colapinto-en-la-previa-a-la-exhibicion.jpg\" alt=\"Franco Colapinto comparti\u00f3 un almuerzo con su equipo y Maia Reficco\" height=\"4032\" width=\"3024\"\/><\/p>\n<p>Durante la tarde, los invitados recorrieron los vi\u00f1edos y la bodega de la estancia, donde Colapinto concedi\u00f3 una entrevista al equipo oficial de F\u00f3rmula 1. Antes del almuerzo, <b>el piloto bonaerense se anim\u00f3 a participar en la preparaci\u00f3n del asado junto al chef Diego Irato<\/b>, aportando un ambiente relajado y festivo a la reuni\u00f3n.<\/p>\n<p><b>El men\u00fa dise\u00f1ado por Colapinto incluy\u00f3 una variedad de especialidades argentinas<\/b>: tablas de charcuter\u00eda y quesos, empanadas de osobuco, mollejas, chorip\u00e1n y carnes asadas como los cortes tomahawk, entra\u00f1a y cordero patag\u00f3nico. Entre los acompa\u00f1amientos destacaron las ensaladas, papas asadas y zapallos de la huerta local. De postre, los invitados disfrutaron de flan de dulce de leche y cremoso de vainilla con nueces caramelizadas, todo maridado con vinos de la casa.<\/p>\n<p>Como gesto simb\u00f3lico,<b> Colapinto alz\u00f3 un botell\u00f3n de seis litros de Malbec argentino<\/b> en se\u00f1al de celebraci\u00f3n, evocando la imagen de un podio de F\u00f3rmula 1. Alrededor de las 16 horas, el grupo se despidi\u00f3 del lugar, estableciendo la estancia como un posible amuleto para futuras visitas a Buenos Aires. <\/p>\n<p>Mientras tanto, la expectativa crec\u00eda en la ciudad. Un grupo de personas se congregaron sobre Avenida del Libertador, entre Bullrich y Casares, zona elegida para el recorrido urbano del Road Show. En ese escenario, <b>Colapinto apareci\u00f3 brevemente para saludar a los fan\u00e1ticos que coreaban su nombre<\/b>, durante una transmisi\u00f3n de <i>TN<\/i>, acompa\u00f1ado de sus managers y equipo. \u201c<b>Nos vemos ma\u00f1ana, gracias por venir<\/b>\u201d, expres\u00f3 el piloto, en se\u00f1al de su entusiasmo a los presentes.<\/p>\n<p>El <b>Lotus E20 de 2012<\/b> con motor <b>Renault V8<\/b>, un monoplaza de F\u00f3rmula 1 que conducir\u00e1 Colapinto ya se encuentra en Palermo para el evento. El show marca el regreso de la m\u00e1xima categor\u00eda a la capital argentina tras 14 a\u00f1os sin actividad oficial, lo que elev\u00f3 la emoci\u00f3n tanto entre fan\u00e1ticos como entre quienes participan en la organizaci\u00f3n.<\/p>\n<p><img loading=\"lazy\" decoding=\"async\" src=\"https:\/\/lobosnews.com.ar\/wp-content\/uploads\/2026\/04\/viaje-en-helicoptero-asado-con-maia-reficco-y-una-botella-de-seis-litros-de-malbec-el-dia-de-colapinto-en-la-previa-a-la-exhibicion-1.jpg\" alt=\"El piloto argentino vivi\u00f3 una jornada \u00edntima y festiva antes de la esperada exhibici\u00f3n\" height=\"1080\" width=\"1920\"\/><\/p>\n<p><b>El evento tendr\u00e1 inicio este domingo a las 8:30<\/b>, con el acceso habilitado en plaza Seeber y plaza Sicilia, donde se dispusieron escenarios y pantallas gigantes para que el p\u00fablico pueda seguir cada movimiento del piloto. El cronograma prev\u00e9 seis horas continuas de actividades con entrevistas en vivo, presentaciones y una amplia propuesta gastron\u00f3mica. Adem\u00e1s, a las 14:30 el argentino tendr\u00e1 una segunda salida a bordo de una r\u00e9plica del <b>Mercedes-Benz W196<\/b>, el monoplaza con el que <b>Juan Manuel Fangio<\/b> fue campe\u00f3n mundial en 1954 y 1955, conocido como la <b>Flecha de Plata<\/b>. <\/p>\n<p>La combinaci\u00f3n de una celebraci\u00f3n \u00edntima y la magnitud del evento p\u00fablico refleja el significado especial de este fin de semana para Colapinto y para la afici\u00f3n argentina, que aguarda con expectativa el rugido de un F\u00f3rmula 1 en las calles de Buenos Aires.<\/p>\n","protected":false},"excerpt":{"rendered":"<p>La previa del evento Road Show to BA 2026 transform\u00f3 el s\u00e1bado de Franco Colapinto en una jornada de celebraci\u00f3n privada y camarader\u00eda, mientras el ambiente en las calles de Buenos Aires se carga de entusiasmo ante la inminente exhibici\u00f3n del piloto argentino, que girar\u00e1 a bordo de un monoplaza de F\u00f3rmula 1. En la&#8230;<\/p>\n","protected":false},"author":1,"featured_media":0,"comment_status":"open","ping_status":"closed","sticky":false,"template":"","format":"standard","meta":{"_jetpack_memberships_contains_paid_content":false,"footnotes":""},"categories":[30],"tags":[39],"class_list":["post-45261","post","type-post","status-publish","format-standard","hentry","category-argentina","tag-deportes"],"magazineBlocksPostFeaturedMedia":{"thumbnail":false,"medium":false,"medium_large":false,"large":false,"1536x1536":false,"2048x2048":false,"newsmatic-featured":false,"newsmatic-list":false,"newsmatic-thumb":false,"newsmatic-small":false,"newsmatic-grid":false},"magazineBlocksPostAuthor":{"name":"admin","avatar":"https:\/\/secure.gravatar.com\/avatar\/76e419471a2083bc3ceab22a763dbbf9b0c1bd15a6214cf3280e2c2dde4580f9?s=96&d=mm&r=g"},"magazineBlocksPostCommentsNumber":"0","magazineBlocksPostExcerpt":"La previa del evento Road Show to BA 2026 transform\u00f3 el s\u00e1bado de Franco Colapinto en una jornada de celebraci\u00f3n privada y camarader\u00eda, mientras el ambiente en las calles de Buenos Aires se carga de entusiasmo ante la inminente exhibici\u00f3n del piloto argentino, que girar\u00e1 a bordo de un monoplaza de F\u00f3rmula 1. En la...","magazineBlocksPostCategories":["Argentina"],"magazineBlocksPostViewCount":10,"magazineBlocksPostReadTime":4,"magazine_blocks_featured_image_url":{"full":false,"medium":false,"thumbnail":false},"magazine_blocks_author":{"display_name":"admin","author_link":"https:\/\/lobosnews.com.ar\/index.php\/author\/lobos-news\/"},"magazine_blocks_comment":0,"magazine_blocks_author_image":"https:\/\/secure.gravatar.com\/avatar\/76e419471a2083bc3ceab22a763dbbf9b0c1bd15a6214cf3280e2c2dde4580f9?s=96&d=mm&r=g","magazine_blocks_category":"<a href=\"#\" class=\"category-link category-link-30\">Argentina<\/a>","yoast_head":"<!-- This site is optimized with the Yoast SEO plugin v26.6 - https:\/\/yoast.com\/wordpress\/plugins\/seo\/ -->\n<title>Viaje en helic\u00f3ptero, asado con Maia Reficco y una botella de seis litros de Malbec: el d\u00eda de Colapinto en la previa a la exhibici\u00f3n - Lobos News<\/title>\n<meta name=\"robots\" content=\"index, follow, max-snippet:-1, max-image-preview:large, max-video-preview:-1\" \/>\n<link rel=\"canonical\" href=\"https:\/\/lobosnews.com.ar\/index.php\/2026\/04\/25\/viaje-en-helicoptero-asado-con-maia-reficco-y-una-botella-de-seis-litros-de-malbec-el-dia-de-colapinto-en-la-previa-a-la-exhibicion\/\" \/>\n<meta property=\"og:locale\" content=\"es_ES\" \/>\n<meta property=\"og:type\" content=\"article\" \/>\n<meta property=\"og:title\" content=\"Viaje en helic\u00f3ptero, asado con Maia Reficco y una botella de seis litros de Malbec: el d\u00eda de Colapinto en la previa a la exhibici\u00f3n - Lobos News\" \/>\n<meta property=\"og:description\" content=\"La previa del evento Road Show to BA 2026 transform\u00f3 el s\u00e1bado de Franco Colapinto en una jornada de celebraci\u00f3n privada y camarader\u00eda, mientras el ambiente en las calles de Buenos Aires se carga de entusiasmo ante la inminente exhibici\u00f3n del piloto argentino, que girar\u00e1 a bordo de un monoplaza de F\u00f3rmula 1. En la...\" \/>\n<meta property=\"og:url\" content=\"https:\/\/lobosnews.com.ar\/index.php\/2026\/04\/25\/viaje-en-helicoptero-asado-con-maia-reficco-y-una-botella-de-seis-litros-de-malbec-el-dia-de-colapinto-en-la-previa-a-la-exhibicion\/\" \/>\n<meta property=\"og:site_name\" content=\"Lobos News\" \/>\n<meta property=\"article:published_time\" content=\"2026-04-25T23:08:59+00:00\" \/>\n<meta property=\"article:modified_time\" content=\"2026-04-26T02:24:46+00:00\" \/>\n<meta property=\"og:image\" content=\"https:\/\/lobosnews.com.ar\/wp-content\/uploads\/2026\/04\/viaje-en-helicoptero-asado-con-maia-reficco-y-una-botella-de-seis-litros-de-malbec-el-dia-de-colapinto-en-la-previa-a-la-exhibicion.jpg\" \/>\n<meta name=\"author\" content=\"admin\" \/>\n<meta name=\"twitter:card\" content=\"summary_large_image\" \/>\n<meta name=\"twitter:label1\" content=\"Escrito por\" \/>\n\t<meta name=\"twitter:data1\" content=\"admin\" \/>\n\t<meta name=\"twitter:label2\" content=\"Tiempo de lectura\" \/>\n\t<meta name=\"twitter:data2\" content=\"3 minutos\" \/>\n<script type=\"application\/ld+json\" class=\"yoast-schema-graph\">{\"@context\":\"https:\/\/schema.org\",\"@graph\":[{\"@type\":\"Article\",\"@id\":\"https:\/\/lobosnews.com.ar\/index.php\/2026\/04\/25\/viaje-en-helicoptero-asado-con-maia-reficco-y-una-botella-de-seis-litros-de-malbec-el-dia-de-colapinto-en-la-previa-a-la-exhibicion\/#article\",\"isPartOf\":{\"@id\":\"https:\/\/lobosnews.com.ar\/index.php\/2026\/04\/25\/viaje-en-helicoptero-asado-con-maia-reficco-y-una-botella-de-seis-litros-de-malbec-el-dia-de-colapinto-en-la-previa-a-la-exhibicion\/\"},\"author\":{\"name\":\"admin\",\"@id\":\"https:\/\/lobosnews.com.ar\/#\/schema\/person\/232422a593d5c541dd9aef6aaed10943\"},\"headline\":\"Viaje en helic\u00f3ptero, asado con Maia Reficco y una botella de seis litros de Malbec: el d\u00eda de Colapinto en la previa a la exhibici\u00f3n\",\"datePublished\":\"2026-04-25T23:08:59+00:00\",\"dateModified\":\"2026-04-26T02:24:46+00:00\",\"mainEntityOfPage\":{\"@id\":\"https:\/\/lobosnews.com.ar\/index.php\/2026\/04\/25\/viaje-en-helicoptero-asado-con-maia-reficco-y-una-botella-de-seis-litros-de-malbec-el-dia-de-colapinto-en-la-previa-a-la-exhibicion\/\"},\"wordCount\":652,\"commentCount\":0,\"publisher\":{\"@id\":\"https:\/\/lobosnews.com.ar\/#organization\"},\"image\":{\"@id\":\"https:\/\/lobosnews.com.ar\/index.php\/2026\/04\/25\/viaje-en-helicoptero-asado-con-maia-reficco-y-una-botella-de-seis-litros-de-malbec-el-dia-de-colapinto-en-la-previa-a-la-exhibicion\/#primaryimage\"},\"thumbnailUrl\":\"https:\/\/lobosnews.com.ar\/wp-content\/uploads\/2026\/04\/viaje-en-helicoptero-asado-con-maia-reficco-y-una-botella-de-seis-litros-de-malbec-el-dia-de-colapinto-en-la-previa-a-la-exhibicion.jpg\",\"keywords\":[\"Deportes\"],\"articleSection\":[\"Argentina\"],\"inLanguage\":\"es\",\"potentialAction\":[{\"@type\":\"CommentAction\",\"name\":\"Comment\",\"target\":[\"https:\/\/lobosnews.com.ar\/index.php\/2026\/04\/25\/viaje-en-helicoptero-asado-con-maia-reficco-y-una-botella-de-seis-litros-de-malbec-el-dia-de-colapinto-en-la-previa-a-la-exhibicion\/#respond\"]}]},{\"@type\":\"WebPage\",\"@id\":\"https:\/\/lobosnews.com.ar\/index.php\/2026\/04\/25\/viaje-en-helicoptero-asado-con-maia-reficco-y-una-botella-de-seis-litros-de-malbec-el-dia-de-colapinto-en-la-previa-a-la-exhibicion\/\",\"url\":\"https:\/\/lobosnews.com.ar\/index.php\/2026\/04\/25\/viaje-en-helicoptero-asado-con-maia-reficco-y-una-botella-de-seis-litros-de-malbec-el-dia-de-colapinto-en-la-previa-a-la-exhibicion\/\",\"name\":\"Viaje en helic\u00f3ptero, asado con Maia Reficco y una botella de seis litros de Malbec: el d\u00eda de Colapinto en la previa a la exhibici\u00f3n - Lobos News\",\"isPartOf\":{\"@id\":\"https:\/\/lobosnews.com.ar\/#website\"},\"primaryImageOfPage\":{\"@id\":\"https:\/\/lobosnews.com.ar\/index.php\/2026\/04\/25\/viaje-en-helicoptero-asado-con-maia-reficco-y-una-botella-de-seis-litros-de-malbec-el-dia-de-colapinto-en-la-previa-a-la-exhibicion\/#primaryimage\"},\"image\":{\"@id\":\"https:\/\/lobosnews.com.ar\/index.php\/2026\/04\/25\/viaje-en-helicoptero-asado-con-maia-reficco-y-una-botella-de-seis-litros-de-malbec-el-dia-de-colapinto-en-la-previa-a-la-exhibicion\/#primaryimage\"},\"thumbnailUrl\":\"https:\/\/lobosnews.com.ar\/wp-content\/uploads\/2026\/04\/viaje-en-helicoptero-asado-con-maia-reficco-y-una-botella-de-seis-litros-de-malbec-el-dia-de-colapinto-en-la-previa-a-la-exhibicion.jpg\",\"datePublished\":\"2026-04-25T23:08:59+00:00\",\"dateModified\":\"2026-04-26T02:24:46+00:00\",\"breadcrumb\":{\"@id\":\"https:\/\/lobosnews.com.ar\/index.php\/2026\/04\/25\/viaje-en-helicoptero-asado-con-maia-reficco-y-una-botella-de-seis-litros-de-malbec-el-dia-de-colapinto-en-la-previa-a-la-exhibicion\/#breadcrumb\"},\"inLanguage\":\"es\",\"potentialAction\":[{\"@type\":\"ReadAction\",\"target\":[\"https:\/\/lobosnews.com.ar\/index.php\/2026\/04\/25\/viaje-en-helicoptero-asado-con-maia-reficco-y-una-botella-de-seis-litros-de-malbec-el-dia-de-colapinto-en-la-previa-a-la-exhibicion\/\"]}]},{\"@type\":\"ImageObject\",\"inLanguage\":\"es\",\"@id\":\"https:\/\/lobosnews.com.ar\/index.php\/2026\/04\/25\/viaje-en-helicoptero-asado-con-maia-reficco-y-una-botella-de-seis-litros-de-malbec-el-dia-de-colapinto-en-la-previa-a-la-exhibicion\/#primaryimage\",\"url\":\"https:\/\/lobosnews.com.ar\/wp-content\/uploads\/2026\/04\/viaje-en-helicoptero-asado-con-maia-reficco-y-una-botella-de-seis-litros-de-malbec-el-dia-de-colapinto-en-la-previa-a-la-exhibicion.jpg\",\"contentUrl\":\"https:\/\/lobosnews.com.ar\/wp-content\/uploads\/2026\/04\/viaje-en-helicoptero-asado-con-maia-reficco-y-una-botella-de-seis-litros-de-malbec-el-dia-de-colapinto-en-la-previa-a-la-exhibicion.jpg\"},{\"@type\":\"BreadcrumbList\",\"@id\":\"https:\/\/lobosnews.com.ar\/index.php\/2026\/04\/25\/viaje-en-helicoptero-asado-con-maia-reficco-y-una-botella-de-seis-litros-de-malbec-el-dia-de-colapinto-en-la-previa-a-la-exhibicion\/#breadcrumb\",\"itemListElement\":[{\"@type\":\"ListItem\",\"position\":1,\"name\":\"Portada\",\"item\":\"https:\/\/lobosnews.com.ar\/\"},{\"@type\":\"ListItem\",\"position\":2,\"name\":\"Viaje en helic\u00f3ptero, asado con Maia Reficco y una botella de seis litros de Malbec: el d\u00eda de Colapinto en la previa a la exhibici\u00f3n\"}]},{\"@type\":\"WebSite\",\"@id\":\"https:\/\/lobosnews.com.ar\/#website\",\"url\":\"https:\/\/lobosnews.com.ar\/\",\"name\":\"Lobos News\",\"description\":\"Informaci\u00f3n a cada instante\",\"publisher\":{\"@id\":\"https:\/\/lobosnews.com.ar\/#organization\"},\"potentialAction\":[{\"@type\":\"SearchAction\",\"target\":{\"@type\":\"EntryPoint\",\"urlTemplate\":\"https:\/\/lobosnews.com.ar\/?s={search_term_string}\"},\"query-input\":{\"@type\":\"PropertyValueSpecification\",\"valueRequired\":true,\"valueName\":\"search_term_string\"}}],\"inLanguage\":\"es\"},{\"@type\":\"Organization\",\"@id\":\"https:\/\/lobosnews.com.ar\/#organization\",\"name\":\"Lobos News\",\"url\":\"https:\/\/lobosnews.com.ar\/\",\"logo\":{\"@type\":\"ImageObject\",\"inLanguage\":\"es\",\"@id\":\"https:\/\/lobosnews.com.ar\/#\/schema\/logo\/image\/\",\"url\":\"https:\/\/lobosnews.com.ar\/wp-content\/uploads\/2026\/01\/logo-lobosnews.png\",\"contentUrl\":\"https:\/\/lobosnews.com.ar\/wp-content\/uploads\/2026\/01\/logo-lobosnews.png\",\"width\":500,\"height\":200,\"caption\":\"Lobos News\"},\"image\":{\"@id\":\"https:\/\/lobosnews.com.ar\/#\/schema\/logo\/image\/\"}},{\"@type\":\"Person\",\"@id\":\"https:\/\/lobosnews.com.ar\/#\/schema\/person\/232422a593d5c541dd9aef6aaed10943\",\"name\":\"admin\",\"image\":{\"@type\":\"ImageObject\",\"inLanguage\":\"es\",\"@id\":\"https:\/\/lobosnews.com.ar\/#\/schema\/person\/image\/\",\"url\":\"https:\/\/secure.gravatar.com\/avatar\/76e419471a2083bc3ceab22a763dbbf9b0c1bd15a6214cf3280e2c2dde4580f9?s=96&d=mm&r=g\",\"contentUrl\":\"https:\/\/secure.gravatar.com\/avatar\/76e419471a2083bc3ceab22a763dbbf9b0c1bd15a6214cf3280e2c2dde4580f9?s=96&d=mm&r=g\",\"caption\":\"admin\"},\"sameAs\":[\"https:\/\/lobosnews.com.ar\"],\"url\":\"https:\/\/lobosnews.com.ar\/index.php\/author\/lobos-news\/\"}]}<\/script>\n<!-- \/ Yoast SEO plugin. -->","yoast_head_json":{"title":"Viaje en helic\u00f3ptero, asado con Maia Reficco y una botella de seis litros de Malbec: el d\u00eda de Colapinto en la previa a la exhibici\u00f3n - Lobos News","robots":{"index":"index","follow":"follow","max-snippet":"max-snippet:-1","max-image-preview":"max-image-preview:large","max-video-preview":"max-video-preview:-1"},"canonical":"https:\/\/lobosnews.com.ar\/index.php\/2026\/04\/25\/viaje-en-helicoptero-asado-con-maia-reficco-y-una-botella-de-seis-litros-de-malbec-el-dia-de-colapinto-en-la-previa-a-la-exhibicion\/","og_locale":"es_ES","og_type":"article","og_title":"Viaje en helic\u00f3ptero, asado con Maia Reficco y una botella de seis litros de Malbec: el d\u00eda de Colapinto en la previa a la exhibici\u00f3n - Lobos News","og_description":"La previa del evento Road Show to BA 2026 transform\u00f3 el s\u00e1bado de Franco Colapinto en una jornada de celebraci\u00f3n privada y camarader\u00eda, mientras el ambiente en las calles de Buenos Aires se carga de entusiasmo ante la inminente exhibici\u00f3n del piloto argentino, que girar\u00e1 a bordo de un monoplaza de F\u00f3rmula 1. En la...","og_url":"https:\/\/lobosnews.com.ar\/index.php\/2026\/04\/25\/viaje-en-helicoptero-asado-con-maia-reficco-y-una-botella-de-seis-litros-de-malbec-el-dia-de-colapinto-en-la-previa-a-la-exhibicion\/","og_site_name":"Lobos News","article_published_time":"2026-04-25T23:08:59+00:00","article_modified_time":"2026-04-26T02:24:46+00:00","og_image":[{"url":"https:\/\/lobosnews.com.ar\/wp-content\/uploads\/2026\/04\/viaje-en-helicoptero-asado-con-maia-reficco-y-una-botella-de-seis-litros-de-malbec-el-dia-de-colapinto-en-la-previa-a-la-exhibicion.jpg","type":"","width":"","height":""}],"author":"admin","twitter_card":"summary_large_image","twitter_misc":{"Escrito por":"admin","Tiempo de lectura":"3 minutos"},"schema":{"@context":"https:\/\/schema.org","@graph":[{"@type":"Article","@id":"https:\/\/lobosnews.com.ar\/index.php\/2026\/04\/25\/viaje-en-helicoptero-asado-con-maia-reficco-y-una-botella-de-seis-litros-de-malbec-el-dia-de-colapinto-en-la-previa-a-la-exhibicion\/#article","isPartOf":{"@id":"https:\/\/lobosnews.com.ar\/index.php\/2026\/04\/25\/viaje-en-helicoptero-asado-con-maia-reficco-y-una-botella-de-seis-litros-de-malbec-el-dia-de-colapinto-en-la-previa-a-la-exhibicion\/"},"author":{"name":"admin","@id":"https:\/\/lobosnews.com.ar\/#\/schema\/person\/232422a593d5c541dd9aef6aaed10943"},"headline":"Viaje en helic\u00f3ptero, asado con Maia Reficco y una botella de seis litros de Malbec: el d\u00eda de Colapinto en la previa a la exhibici\u00f3n","datePublished":"2026-04-25T23:08:59+00:00","dateModified":"2026-04-26T02:24:46+00:00","mainEntityOfPage":{"@id":"https:\/\/lobosnews.com.ar\/index.php\/2026\/04\/25\/viaje-en-helicoptero-asado-con-maia-reficco-y-una-botella-de-seis-litros-de-malbec-el-dia-de-colapinto-en-la-previa-a-la-exhibicion\/"},"wordCount":652,"commentCount":0,"publisher":{"@id":"https:\/\/lobosnews.com.ar\/#organization"},"image":{"@id":"https:\/\/lobosnews.com.ar\/index.php\/2026\/04\/25\/viaje-en-helicoptero-asado-con-maia-reficco-y-una-botella-de-seis-litros-de-malbec-el-dia-de-colapinto-en-la-previa-a-la-exhibicion\/#primaryimage"},"thumbnailUrl":"https:\/\/lobosnews.com.ar\/wp-content\/uploads\/2026\/04\/viaje-en-helicoptero-asado-con-maia-reficco-y-una-botella-de-seis-litros-de-malbec-el-dia-de-colapinto-en-la-previa-a-la-exhibicion.jpg","keywords":["Deportes"],"articleSection":["Argentina"],"inLanguage":"es","potentialAction":[{"@type":"CommentAction","name":"Comment","target":["https:\/\/lobosnews.com.ar\/index.php\/2026\/04\/25\/viaje-en-helicoptero-asado-con-maia-reficco-y-una-botella-de-seis-litros-de-malbec-el-dia-de-colapinto-en-la-previa-a-la-exhibicion\/#respond"]}]},{"@type":"WebPage","@id":"https:\/\/lobosnews.com.ar\/index.php\/2026\/04\/25\/viaje-en-helicoptero-asado-con-maia-reficco-y-una-botella-de-seis-litros-de-malbec-el-dia-de-colapinto-en-la-previa-a-la-exhibicion\/","url":"https:\/\/lobosnews.com.ar\/index.php\/2026\/04\/25\/viaje-en-helicoptero-asado-con-maia-reficco-y-una-botella-de-seis-litros-de-malbec-el-dia-de-colapinto-en-la-previa-a-la-exhibicion\/","name":"Viaje en helic\u00f3ptero, asado con Maia Reficco y una botella de seis litros de Malbec: el d\u00eda de Colapinto en la previa a la exhibici\u00f3n - Lobos News","isPartOf":{"@id":"https:\/\/lobosnews.com.ar\/#website"},"primaryImageOfPage":{"@id":"https:\/\/lobosnews.com.ar\/index.php\/2026\/04\/25\/viaje-en-helicoptero-asado-con-maia-reficco-y-una-botella-de-seis-litros-de-malbec-el-dia-de-colapinto-en-la-previa-a-la-exhibicion\/#primaryimage"},"image":{"@id":"https:\/\/lobosnews.com.ar\/index.php\/2026\/04\/25\/viaje-en-helicoptero-asado-con-maia-reficco-y-una-botella-de-seis-litros-de-malbec-el-dia-de-colapinto-en-la-previa-a-la-exhibicion\/#primaryimage"},"thumbnailUrl":"https:\/\/lobosnews.com.ar\/wp-content\/uploads\/2026\/04\/viaje-en-helicoptero-asado-con-maia-reficco-y-una-botella-de-seis-litros-de-malbec-el-dia-de-colapinto-en-la-previa-a-la-exhibicion.jpg","datePublished":"2026-04-25T23:08:59+00:00","dateModified":"2026-04-26T02:24:46+00:00","breadcrumb":{"@id":"https:\/\/lobosnews.com.ar\/index.php\/2026\/04\/25\/viaje-en-helicoptero-asado-con-maia-reficco-y-una-botella-de-seis-litros-de-malbec-el-dia-de-colapinto-en-la-previa-a-la-exhibicion\/#breadcrumb"},"inLanguage":"es","potentialAction":[{"@type":"ReadAction","target":["https:\/\/lobosnews.com.ar\/index.php\/2026\/04\/25\/viaje-en-helicoptero-asado-con-maia-reficco-y-una-botella-de-seis-litros-de-malbec-el-dia-de-colapinto-en-la-previa-a-la-exhibicion\/"]}]},{"@type":"ImageObject","inLanguage":"es","@id":"https:\/\/lobosnews.com.ar\/index.php\/2026\/04\/25\/viaje-en-helicoptero-asado-con-maia-reficco-y-una-botella-de-seis-litros-de-malbec-el-dia-de-colapinto-en-la-previa-a-la-exhibicion\/#primaryimage","url":"https:\/\/lobosnews.com.ar\/wp-content\/uploads\/2026\/04\/viaje-en-helicoptero-asado-con-maia-reficco-y-una-botella-de-seis-litros-de-malbec-el-dia-de-colapinto-en-la-previa-a-la-exhibicion.jpg","contentUrl":"https:\/\/lobosnews.com.ar\/wp-content\/uploads\/2026\/04\/viaje-en-helicoptero-asado-con-maia-reficco-y-una-botella-de-seis-litros-de-malbec-el-dia-de-colapinto-en-la-previa-a-la-exhibicion.jpg"},{"@type":"BreadcrumbList","@id":"https:\/\/lobosnews.com.ar\/index.php\/2026\/04\/25\/viaje-en-helicoptero-asado-con-maia-reficco-y-una-botella-de-seis-litros-de-malbec-el-dia-de-colapinto-en-la-previa-a-la-exhibicion\/#breadcrumb","itemListElement":[{"@type":"ListItem","position":1,"name":"Portada","item":"https:\/\/lobosnews.com.ar\/"},{"@type":"ListItem","position":2,"name":"Viaje en helic\u00f3ptero, asado con Maia Reficco y una botella de seis litros de Malbec: el d\u00eda de Colapinto en la previa a la exhibici\u00f3n"}]},{"@type":"WebSite","@id":"https:\/\/lobosnews.com.ar\/#website","url":"https:\/\/lobosnews.com.ar\/","name":"Lobos News","description":"Informaci\u00f3n a cada instante","publisher":{"@id":"https:\/\/lobosnews.com.ar\/#organization"},"potentialAction":[{"@type":"SearchAction","target":{"@type":"EntryPoint","urlTemplate":"https:\/\/lobosnews.com.ar\/?s={search_term_string}"},"query-input":{"@type":"PropertyValueSpecification","valueRequired":true,"valueName":"search_term_string"}}],"inLanguage":"es"},{"@type":"Organization","@id":"https:\/\/lobosnews.com.ar\/#organization","name":"Lobos News","url":"https:\/\/lobosnews.com.ar\/","logo":{"@type":"ImageObject","inLanguage":"es","@id":"https:\/\/lobosnews.com.ar\/#\/schema\/logo\/image\/","url":"https:\/\/lobosnews.com.ar\/wp-content\/uploads\/2026\/01\/logo-lobosnews.png","contentUrl":"https:\/\/lobosnews.com.ar\/wp-content\/uploads\/2026\/01\/logo-lobosnews.png","width":500,"height":200,"caption":"Lobos News"},"image":{"@id":"https:\/\/lobosnews.com.ar\/#\/schema\/logo\/image\/"}},{"@type":"Person","@id":"https:\/\/lobosnews.com.ar\/#\/schema\/person\/232422a593d5c541dd9aef6aaed10943","name":"admin","image":{"@type":"ImageObject","inLanguage":"es","@id":"https:\/\/lobosnews.com.ar\/#\/schema\/person\/image\/","url":"https:\/\/secure.gravatar.com\/avatar\/76e419471a2083bc3ceab22a763dbbf9b0c1bd15a6214cf3280e2c2dde4580f9?s=96&d=mm&r=g","contentUrl":"https:\/\/secure.gravatar.com\/avatar\/76e419471a2083bc3ceab22a763dbbf9b0c1bd15a6214cf3280e2c2dde4580f9?s=96&d=mm&r=g","caption":"admin"},"sameAs":["https:\/\/lobosnews.com.ar"],"url":"https:\/\/lobosnews.com.ar\/index.php\/author\/lobos-news\/"}]}},"jetpack_featured_media_url":"","jetpack_sharing_enabled":true,"_links":{"self":[{"href":"https:\/\/lobosnews.com.ar\/index.php\/wp-json\/wp\/v2\/posts\/45261","targetHints":{"allow":["GET"]}}],"collection":[{"href":"https:\/\/lobosnews.com.ar\/index.php\/wp-json\/wp\/v2\/posts"}],"about":[{"href":"https:\/\/lobosnews.com.ar\/index.php\/wp-json\/wp\/v2\/types\/post"}],"author":[{"embeddable":true,"href":"https:\/\/lobosnews.com.ar\/index.php\/wp-json\/wp\/v2\/users\/1"}],"replies":[{"embeddable":true,"href":"https:\/\/lobosnews.com.ar\/index.php\/wp-json\/wp\/v2\/comments?post=45261"}],"version-history":[{"count":1,"href":"https:\/\/lobosnews.com.ar\/index.php\/wp-json\/wp\/v2\/posts\/45261\/revisions"}],"predecessor-version":[{"id":45264,"href":"https:\/\/lobosnews.com.ar\/index.php\/wp-json\/wp\/v2\/posts\/45261\/revisions\/45264"}],"wp:attachment":[{"href":"https:\/\/lobosnews.com.ar\/index.php\/wp-json\/wp\/v2\/media?parent=45261"}],"wp:term":[{"taxonomy":"category","embeddable":true,"href":"https:\/\/lobosnews.com.ar\/index.php\/wp-json\/wp\/v2\/categories?post=45261"},{"taxonomy":"post_tag","embeddable":true,"href":"https:\/\/lobosnews.com.ar\/index.php\/wp-json\/wp\/v2\/tags?post=45261"}],"curies":[{"name":"wp","href":"https:\/\/api.w.org\/{rel}","templated":true}]}}