{"id":44915,"date":"2026-04-25T00:47:32","date_gmt":"2026-04-25T00:47:32","guid":{"rendered":"https:\/\/lobosnews.com.ar\/index.php\/2026\/04\/25\/alerta-en-una-escuela-de-san-martin-un-alumno-llevo-un-arma-cargada-y-la-escondio-en-la-mochila-de-una-companera\/"},"modified":"2026-04-25T02:43:06","modified_gmt":"2026-04-25T02:43:06","slug":"alerta-en-una-escuela-de-san-martin-un-alumno-llevo-un-arma-cargada-y-la-escondio-en-la-mochila-de-una-companera","status":"publish","type":"post","link":"https:\/\/lobosnews.com.ar\/index.php\/2026\/04\/25\/alerta-en-una-escuela-de-san-martin-un-alumno-llevo-un-arma-cargada-y-la-escondio-en-la-mochila-de-una-companera\/","title":{"rendered":"Alerta en una escuela de San Mart\u00edn: un alumno llev\u00f3 un arma cargada y la escondi\u00f3 en la mochila de una compa\u00f1era"},"content":{"rendered":"<p><img loading=\"lazy\" decoding=\"async\" src=\"https:\/\/lobosnews.com.ar\/wp-content\/uploads\/2026\/04\/alerta-en-una-escuela-de-san-martin-un-alumno-llevo-un-arma-cargada-y-la-escondio-en-la-mochila-de-una-companera.jpg\" alt=\"La polic\u00eda detuvo a dos estudiantes en la Escuela Secundaria 53 de San Mart\u00edn tras hallar un arma de fuego en el aula\" height=\"720\" width=\"1452\"\/><\/p>\n<p>Un alumno de sexto a\u00f1o de la <b>Escuela Secundaria 53 de <\/b><span class=\"waslinkname\"><b>San Mart\u00edn<\/b><\/span>, en la <b>provincia de Buenos Aires<\/b>, llev\u00f3 un arma de fuego al establecimiento y la ocult\u00f3 en la mochila de una compa\u00f1era. El hecho se registr\u00f3 cuando una mujer de 59 a\u00f1os denunci\u00f3 ante la polic\u00eda que uno de los estudiantes pose\u00eda un arma en el aula.<\/p>\n<p>Personal policial acudi\u00f3 al establecimiento, ubicado en <b>Bartolom\u00e9 Mitre al 5400 y Montevideo<\/b>. Tras revisar las pertenencias de los estudiantes, secuestr\u00f3 una <b>pistola calibre 22 marca G.M.C.<\/b>, con cinco municiones.<\/p>\n<p>El arma, que ten\u00eda pedido de secuestro, fue hallada dentro de la mochila de <b>N.A.A.<\/b>, una adolescente de 16 a\u00f1os. La intervenci\u00f3n deriv\u00f3 en la <b>aprehensi\u00f3n de E.G.R.<\/b>, de 18 a\u00f1os, quien fue se\u00f1alado como el alumno que habr\u00eda llevado el arma. Ambos estudiantes quedaron imputados y puestos a disposici\u00f3n de la <b>Unidad Funcional de Instrucci\u00f3n 07<\/b>.<\/p>\n<p><img loading=\"lazy\" decoding=\"async\" src=\"https:\/\/lobosnews.com.ar\/wp-content\/uploads\/2026\/04\/alerta-en-una-escuela-de-san-martin-un-alumno-llevo-un-arma-cargada-y-la-escondio-en-la-mochila-de-una-companera-1.jpg\" alt=\"La investigaci\u00f3n judicial apunta a determinar responsabilidades por tenencia y portaci\u00f3n ilegal de arma de uso civil en el \u00e1mbito escolar\" height=\"1280\" width=\"720\"\/><\/p>\n<p>El procedimiento estuvo a cargo del personal de la <b>Comisar\u00eda 9na. de San Mart\u00edn<\/b>, que instruy\u00f3 actuaciones por <b>tenencia y portaci\u00f3n ilegal de arma de uso civil<\/b>. Los elementos secuestrados fueron puestos a disposici\u00f3n de la fiscal\u00eda interviniente.<\/p>\n<p>El caso se da en un contexto de tensi\u00f3n en las instituciones educativas del pa\u00eds por la gran cantidad de amenazas y mensajes intimidatorios por posibles tiroteos. Si bien varios casos fueron considerados como parte de <span class=\"waslinkname\">un posible reto viral de <i>TikTok<\/i><\/span>, situaci\u00f3n que se investiga, otros casos resultaron en el hallazgo de armas, como ocurri\u00f3 este viernes en San Mart\u00edn.<\/p>\n<p>El inicio de estos casos se registr\u00f3 a finales de marzo, tras el ataque en la <b>Escuela N\u00ba 40 Mariano Moreno<\/b> de <b>San Crist\u00f3bal<\/b>, <b>Santa Fe<\/b>, donde un estudiante de 15 a\u00f1os dispar\u00f3 y mat\u00f3 a su compa\u00f1ero <b>Ian Cabrera<\/b>, de 13 a\u00f1os. Desde ese suceso, las denuncias se expandieron por al menos diez provincias, incluyendo advertencias en grupos de WhatsApp, publicaciones en Instagram y pintadas en ba\u00f1os de escuelas.<\/p>\n<p>En numerosos procedimientos realizados en el conurbano bonaerense, la polic\u00eda incaut\u00f3 armas de aire comprimido, tel\u00e9fonos y computadoras. En la mayor\u00eda de los casos, la acusaci\u00f3n es por el delito de intimidaci\u00f3n p\u00fablica.<\/p>\n<p>D\u00edas atr\u00e1s, <span class=\"waslinkname\">un alumno de un colegio de Ituzaing\u00f3<\/span> public\u00f3 en su estado de <i>WhatsApp <\/i>una foto con un arma de fuego<b> <\/b>en la mano y un mensaje con una nueva amenaza de un tiroteo escolar: <b>\u201cPreparense para los tiros ma\u00f1ana, mangas de hdp para lo que no me comparten pepitos ni auris en clases\u201d<\/b>.<\/p>\n<p><img loading=\"lazy\" decoding=\"async\" src=\"https:\/\/lobosnews.com.ar\/wp-content\/uploads\/2026\/04\/alerta-en-una-escuela-de-san-martin-un-alumno-llevo-un-arma-cargada-y-la-escondio-en-la-mochila-de-una-companera-2.jpg\" alt=\"Al alumno de Ituzaing\u00f3 le encontraron un aire comprimido\" height=\"900\" width=\"1600\"\/><\/p>\n<p>Luego de la denuncia presentada por la directora del colegio, la <b>Polic\u00eda<\/b> identific\u00f3 al menor involucrado y realiz\u00f3 allanamientos en dos viviendas vinculadas a \u00e9l.<\/p>\n<p>El episodio se registr\u00f3 el martes 21 de abril, cuando, tras recibir la denuncia, efectivos del <b>Grupo T\u00e1ctico Operativo<\/b> de la <b>Estaci\u00f3n de Polic\u00eda Departamental de Seguridad Mor\u00f3n<\/b> y de la <b>Comisar\u00eda 2da. de Mor\u00f3n<\/b> iniciaron una investigaci\u00f3n que deriv\u00f3 en dos \u00f3rdenes judiciales para allanar, registrar y secuestrar elementos en dos lugares diferentes.<\/p>\n<p>El primer operativo tuvo lugar en una casa ubicada en <b>Libertad al 500<\/b>, dentro del mismo partido, donde no encontraron pruebas contra el acusado. All\u00ed, los efectivos identificaron a <b>Laura<\/b>, la madrastra del menor.<\/p>\n<p>En el segundo allanamiento, realizado en una vivienda de <b>Pasaje A 42<\/b>, en Ituzaing\u00f3, los polic\u00edas incautaron una gorra negra con detalles dorados y la imagen de <b>Tanzania<\/b>, un anillo dorado, un tel\u00e9fono <b>iPhone<\/b>, dos tel\u00e9fonos <b>Samsung<\/b>, una notebook y un arma de aire comprimido negra tipo pistola. En el domicilio se identific\u00f3 a <b>Natalia<\/b> (38), madre del menor, y al propio acusado.<\/p>\n","protected":false},"excerpt":{"rendered":"<p>Un alumno de sexto a\u00f1o de la Escuela Secundaria 53 de San Mart\u00edn, en la provincia de Buenos Aires, llev\u00f3 un arma de fuego al establecimiento y la ocult\u00f3 en la mochila de una compa\u00f1era. El hecho se registr\u00f3 cuando una mujer de 59 a\u00f1os denunci\u00f3 ante la polic\u00eda que uno de los estudiantes pose\u00eda&#8230;<\/p>\n","protected":false},"author":1,"featured_media":44920,"comment_status":"open","ping_status":"closed","sticky":false,"template":"","format":"standard","meta":{"_jetpack_memberships_contains_paid_content":false,"footnotes":""},"categories":[31,30,32,77,84,35,36,37],"tags":[],"class_list":["post-44915","post","type-post","status-publish","format-standard","has-post-thumbnail","hentry","category-actualidad","category-argentina","category-economia","category-inseguridad","category-masradios-com","category-nacionales","category-seguridad","category-sociedad"],"magazineBlocksPostFeaturedMedia":{"thumbnail":"https:\/\/lobosnews.com.ar\/wp-content\/uploads\/2026\/04\/alerta-en-una-escuela-de-san-martin-un-alumno-llevo-un-arma-cargada-y-la-escondio-en-la-mochila-de-una-companera-4-150x150.jpg","medium":"https:\/\/lobosnews.com.ar\/wp-content\/uploads\/2026\/04\/alerta-en-una-escuela-de-san-martin-un-alumno-llevo-un-arma-cargada-y-la-escondio-en-la-mochila-de-una-companera-4-300x169.jpg","medium_large":"https:\/\/lobosnews.com.ar\/wp-content\/uploads\/2026\/04\/alerta-en-una-escuela-de-san-martin-un-alumno-llevo-un-arma-cargada-y-la-escondio-en-la-mochila-de-una-companera-4-768x432.jpg","large":"https:\/\/lobosnews.com.ar\/wp-content\/uploads\/2026\/04\/alerta-en-una-escuela-de-san-martin-un-alumno-llevo-un-arma-cargada-y-la-escondio-en-la-mochila-de-una-companera-4-1024x576.jpg","1536x1536":"https:\/\/lobosnews.com.ar\/wp-content\/uploads\/2026\/04\/alerta-en-una-escuela-de-san-martin-un-alumno-llevo-un-arma-cargada-y-la-escondio-en-la-mochila-de-una-companera-4-1536x864.jpg","2048x2048":"https:\/\/lobosnews.com.ar\/wp-content\/uploads\/2026\/04\/alerta-en-una-escuela-de-san-martin-un-alumno-llevo-un-arma-cargada-y-la-escondio-en-la-mochila-de-una-companera-4.jpg","newsmatic-featured":"https:\/\/lobosnews.com.ar\/wp-content\/uploads\/2026\/04\/alerta-en-una-escuela-de-san-martin-un-alumno-llevo-un-arma-cargada-y-la-escondio-en-la-mochila-de-una-companera-4-820x545.jpg","newsmatic-list":"https:\/\/lobosnews.com.ar\/wp-content\/uploads\/2026\/04\/alerta-en-una-escuela-de-san-martin-un-alumno-llevo-un-arma-cargada-y-la-escondio-en-la-mochila-de-una-companera-4-600x400.jpg","newsmatic-thumb":"https:\/\/lobosnews.com.ar\/wp-content\/uploads\/2026\/04\/alerta-en-una-escuela-de-san-martin-un-alumno-llevo-un-arma-cargada-y-la-escondio-en-la-mochila-de-una-companera-4-300x200.jpg","newsmatic-small":"https:\/\/lobosnews.com.ar\/wp-content\/uploads\/2026\/04\/alerta-en-una-escuela-de-san-martin-un-alumno-llevo-un-arma-cargada-y-la-escondio-en-la-mochila-de-una-companera-4-150x95.jpg","newsmatic-grid":"https:\/\/lobosnews.com.ar\/wp-content\/uploads\/2026\/04\/alerta-en-una-escuela-de-san-martin-un-alumno-llevo-un-arma-cargada-y-la-escondio-en-la-mochila-de-una-companera-4-400x250.jpg"},"magazineBlocksPostAuthor":{"name":"admin","avatar":"https:\/\/secure.gravatar.com\/avatar\/76e419471a2083bc3ceab22a763dbbf9b0c1bd15a6214cf3280e2c2dde4580f9?s=96&d=mm&r=g"},"magazineBlocksPostCommentsNumber":"0","magazineBlocksPostExcerpt":"Un alumno de sexto a\u00f1o de la Escuela Secundaria 53 de San Mart\u00edn, en la provincia de Buenos Aires, llev\u00f3 un arma de fuego al establecimiento y la ocult\u00f3 en la mochila de una compa\u00f1era. El hecho se registr\u00f3 cuando una mujer de 59 a\u00f1os denunci\u00f3 ante la polic\u00eda que uno de los estudiantes pose\u00eda...","magazineBlocksPostCategories":["Actualidad","Argentina","econom\u00eda","inseguridad","masradios.com","nacionales","seguridad","sociedad"],"magazineBlocksPostViewCount":1,"magazineBlocksPostReadTime":4,"magazine_blocks_featured_image_url":{"full":["https:\/\/lobosnews.com.ar\/wp-content\/uploads\/2026\/04\/alerta-en-una-escuela-de-san-martin-un-alumno-llevo-un-arma-cargada-y-la-escondio-en-la-mochila-de-una-companera-4.jpg",1600,900,false],"medium":["https:\/\/lobosnews.com.ar\/wp-content\/uploads\/2026\/04\/alerta-en-una-escuela-de-san-martin-un-alumno-llevo-un-arma-cargada-y-la-escondio-en-la-mochila-de-una-companera-4-300x169.jpg",300,169,true],"thumbnail":["https:\/\/lobosnews.com.ar\/wp-content\/uploads\/2026\/04\/alerta-en-una-escuela-de-san-martin-un-alumno-llevo-un-arma-cargada-y-la-escondio-en-la-mochila-de-una-companera-4-150x150.jpg",150,150,true]},"magazine_blocks_author":{"display_name":"admin","author_link":"https:\/\/lobosnews.com.ar\/index.php\/author\/lobos-news\/"},"magazine_blocks_comment":0,"magazine_blocks_author_image":"https:\/\/secure.gravatar.com\/avatar\/76e419471a2083bc3ceab22a763dbbf9b0c1bd15a6214cf3280e2c2dde4580f9?s=96&d=mm&r=g","magazine_blocks_category":"<a href=\"#\" class=\"category-link category-link-31\">Actualidad<\/a> <a href=\"#\" class=\"category-link category-link-30\">Argentina<\/a> <a href=\"#\" class=\"category-link category-link-32\">econom\u00eda<\/a> <a href=\"#\" class=\"category-link category-link-77\">inseguridad<\/a> <a href=\"#\" class=\"category-link category-link-84\">masradios.com<\/a> <a href=\"#\" class=\"category-link category-link-35\">nacionales<\/a> <a href=\"#\" class=\"category-link category-link-36\">seguridad<\/a> <a href=\"#\" class=\"category-link category-link-37\">sociedad<\/a>","yoast_head":"<!-- This site is optimized with the Yoast SEO plugin v26.6 - https:\/\/yoast.com\/wordpress\/plugins\/seo\/ -->\n<title>Alerta en una escuela de San Mart\u00edn: un alumno llev\u00f3 un arma cargada y la escondi\u00f3 en la mochila de una compa\u00f1era - Lobos News<\/title>\n<meta name=\"robots\" content=\"index, follow, max-snippet:-1, max-image-preview:large, max-video-preview:-1\" \/>\n<link rel=\"canonical\" href=\"https:\/\/lobosnews.com.ar\/index.php\/2026\/04\/25\/alerta-en-una-escuela-de-san-martin-un-alumno-llevo-un-arma-cargada-y-la-escondio-en-la-mochila-de-una-companera\/\" \/>\n<meta property=\"og:locale\" content=\"es_ES\" \/>\n<meta property=\"og:type\" content=\"article\" \/>\n<meta property=\"og:title\" content=\"Alerta en una escuela de San Mart\u00edn: un alumno llev\u00f3 un arma cargada y la escondi\u00f3 en la mochila de una compa\u00f1era - Lobos News\" \/>\n<meta property=\"og:description\" content=\"Un alumno de sexto a\u00f1o de la Escuela Secundaria 53 de San Mart\u00edn, en la provincia de Buenos Aires, llev\u00f3 un arma de fuego al establecimiento y la ocult\u00f3 en la mochila de una compa\u00f1era. El hecho se registr\u00f3 cuando una mujer de 59 a\u00f1os denunci\u00f3 ante la polic\u00eda que uno de los estudiantes pose\u00eda...\" \/>\n<meta property=\"og:url\" content=\"https:\/\/lobosnews.com.ar\/index.php\/2026\/04\/25\/alerta-en-una-escuela-de-san-martin-un-alumno-llevo-un-arma-cargada-y-la-escondio-en-la-mochila-de-una-companera\/\" \/>\n<meta property=\"og:site_name\" content=\"Lobos News\" \/>\n<meta property=\"article:published_time\" content=\"2026-04-25T00:47:32+00:00\" \/>\n<meta property=\"article:modified_time\" content=\"2026-04-25T02:43:06+00:00\" \/>\n<meta property=\"og:image\" content=\"https:\/\/lobosnews.com.ar\/wp-content\/uploads\/2026\/04\/alerta-en-una-escuela-de-san-martin-un-alumno-llevo-un-arma-cargada-y-la-escondio-en-la-mochila-de-una-companera.jpg\" \/>\n<meta name=\"author\" content=\"admin\" \/>\n<meta name=\"twitter:card\" content=\"summary_large_image\" \/>\n<meta name=\"twitter:label1\" content=\"Escrito por\" \/>\n\t<meta name=\"twitter:data1\" content=\"admin\" \/>\n\t<meta name=\"twitter:label2\" content=\"Tiempo de lectura\" \/>\n\t<meta name=\"twitter:data2\" content=\"3 minutos\" \/>\n<script type=\"application\/ld+json\" class=\"yoast-schema-graph\">{\"@context\":\"https:\/\/schema.org\",\"@graph\":[{\"@type\":\"Article\",\"@id\":\"https:\/\/lobosnews.com.ar\/index.php\/2026\/04\/25\/alerta-en-una-escuela-de-san-martin-un-alumno-llevo-un-arma-cargada-y-la-escondio-en-la-mochila-de-una-companera\/#article\",\"isPartOf\":{\"@id\":\"https:\/\/lobosnews.com.ar\/index.php\/2026\/04\/25\/alerta-en-una-escuela-de-san-martin-un-alumno-llevo-un-arma-cargada-y-la-escondio-en-la-mochila-de-una-companera\/\"},\"author\":{\"name\":\"admin\",\"@id\":\"https:\/\/lobosnews.com.ar\/#\/schema\/person\/232422a593d5c541dd9aef6aaed10943\"},\"headline\":\"Alerta en una escuela de San Mart\u00edn: un alumno llev\u00f3 un arma cargada y la escondi\u00f3 en la mochila de una compa\u00f1era\",\"datePublished\":\"2026-04-25T00:47:32+00:00\",\"dateModified\":\"2026-04-25T02:43:06+00:00\",\"mainEntityOfPage\":{\"@id\":\"https:\/\/lobosnews.com.ar\/index.php\/2026\/04\/25\/alerta-en-una-escuela-de-san-martin-un-alumno-llevo-un-arma-cargada-y-la-escondio-en-la-mochila-de-una-companera\/\"},\"wordCount\":645,\"commentCount\":0,\"publisher\":{\"@id\":\"https:\/\/lobosnews.com.ar\/#organization\"},\"image\":{\"@id\":\"https:\/\/lobosnews.com.ar\/index.php\/2026\/04\/25\/alerta-en-una-escuela-de-san-martin-un-alumno-llevo-un-arma-cargada-y-la-escondio-en-la-mochila-de-una-companera\/#primaryimage\"},\"thumbnailUrl\":\"https:\/\/lobosnews.com.ar\/wp-content\/uploads\/2026\/04\/alerta-en-una-escuela-de-san-martin-un-alumno-llevo-un-arma-cargada-y-la-escondio-en-la-mochila-de-una-companera-4.jpg\",\"articleSection\":[\"Actualidad\",\"Argentina\",\"econom\u00eda\",\"inseguridad\",\"masradios.com\",\"nacionales\",\"seguridad\",\"sociedad\"],\"inLanguage\":\"es\",\"potentialAction\":[{\"@type\":\"CommentAction\",\"name\":\"Comment\",\"target\":[\"https:\/\/lobosnews.com.ar\/index.php\/2026\/04\/25\/alerta-en-una-escuela-de-san-martin-un-alumno-llevo-un-arma-cargada-y-la-escondio-en-la-mochila-de-una-companera\/#respond\"]}]},{\"@type\":\"WebPage\",\"@id\":\"https:\/\/lobosnews.com.ar\/index.php\/2026\/04\/25\/alerta-en-una-escuela-de-san-martin-un-alumno-llevo-un-arma-cargada-y-la-escondio-en-la-mochila-de-una-companera\/\",\"url\":\"https:\/\/lobosnews.com.ar\/index.php\/2026\/04\/25\/alerta-en-una-escuela-de-san-martin-un-alumno-llevo-un-arma-cargada-y-la-escondio-en-la-mochila-de-una-companera\/\",\"name\":\"Alerta en una escuela de San Mart\u00edn: un alumno llev\u00f3 un arma cargada y la escondi\u00f3 en la mochila de una compa\u00f1era - Lobos News\",\"isPartOf\":{\"@id\":\"https:\/\/lobosnews.com.ar\/#website\"},\"primaryImageOfPage\":{\"@id\":\"https:\/\/lobosnews.com.ar\/index.php\/2026\/04\/25\/alerta-en-una-escuela-de-san-martin-un-alumno-llevo-un-arma-cargada-y-la-escondio-en-la-mochila-de-una-companera\/#primaryimage\"},\"image\":{\"@id\":\"https:\/\/lobosnews.com.ar\/index.php\/2026\/04\/25\/alerta-en-una-escuela-de-san-martin-un-alumno-llevo-un-arma-cargada-y-la-escondio-en-la-mochila-de-una-companera\/#primaryimage\"},\"thumbnailUrl\":\"https:\/\/lobosnews.com.ar\/wp-content\/uploads\/2026\/04\/alerta-en-una-escuela-de-san-martin-un-alumno-llevo-un-arma-cargada-y-la-escondio-en-la-mochila-de-una-companera-4.jpg\",\"datePublished\":\"2026-04-25T00:47:32+00:00\",\"dateModified\":\"2026-04-25T02:43:06+00:00\",\"breadcrumb\":{\"@id\":\"https:\/\/lobosnews.com.ar\/index.php\/2026\/04\/25\/alerta-en-una-escuela-de-san-martin-un-alumno-llevo-un-arma-cargada-y-la-escondio-en-la-mochila-de-una-companera\/#breadcrumb\"},\"inLanguage\":\"es\",\"potentialAction\":[{\"@type\":\"ReadAction\",\"target\":[\"https:\/\/lobosnews.com.ar\/index.php\/2026\/04\/25\/alerta-en-una-escuela-de-san-martin-un-alumno-llevo-un-arma-cargada-y-la-escondio-en-la-mochila-de-una-companera\/\"]}]},{\"@type\":\"ImageObject\",\"inLanguage\":\"es\",\"@id\":\"https:\/\/lobosnews.com.ar\/index.php\/2026\/04\/25\/alerta-en-una-escuela-de-san-martin-un-alumno-llevo-un-arma-cargada-y-la-escondio-en-la-mochila-de-una-companera\/#primaryimage\",\"url\":\"https:\/\/lobosnews.com.ar\/wp-content\/uploads\/2026\/04\/alerta-en-una-escuela-de-san-martin-un-alumno-llevo-un-arma-cargada-y-la-escondio-en-la-mochila-de-una-companera-4.jpg\",\"contentUrl\":\"https:\/\/lobosnews.com.ar\/wp-content\/uploads\/2026\/04\/alerta-en-una-escuela-de-san-martin-un-alumno-llevo-un-arma-cargada-y-la-escondio-en-la-mochila-de-una-companera-4.jpg\",\"width\":1600,\"height\":900,\"caption\":\"Alerta en una escuela de San Mart\u00edn: un alumno llev\u00f3 un arma cargada y la escondi\u00f3 en la mochila de una compa\u00f1era\"},{\"@type\":\"BreadcrumbList\",\"@id\":\"https:\/\/lobosnews.com.ar\/index.php\/2026\/04\/25\/alerta-en-una-escuela-de-san-martin-un-alumno-llevo-un-arma-cargada-y-la-escondio-en-la-mochila-de-una-companera\/#breadcrumb\",\"itemListElement\":[{\"@type\":\"ListItem\",\"position\":1,\"name\":\"Portada\",\"item\":\"https:\/\/lobosnews.com.ar\/\"},{\"@type\":\"ListItem\",\"position\":2,\"name\":\"Alerta en una escuela de San Mart\u00edn: un alumno llev\u00f3 un arma cargada y la escondi\u00f3 en la mochila de una compa\u00f1era\"}]},{\"@type\":\"WebSite\",\"@id\":\"https:\/\/lobosnews.com.ar\/#website\",\"url\":\"https:\/\/lobosnews.com.ar\/\",\"name\":\"Lobos News\",\"description\":\"Informaci\u00f3n a cada instante\",\"publisher\":{\"@id\":\"https:\/\/lobosnews.com.ar\/#organization\"},\"potentialAction\":[{\"@type\":\"SearchAction\",\"target\":{\"@type\":\"EntryPoint\",\"urlTemplate\":\"https:\/\/lobosnews.com.ar\/?s={search_term_string}\"},\"query-input\":{\"@type\":\"PropertyValueSpecification\",\"valueRequired\":true,\"valueName\":\"search_term_string\"}}],\"inLanguage\":\"es\"},{\"@type\":\"Organization\",\"@id\":\"https:\/\/lobosnews.com.ar\/#organization\",\"name\":\"Lobos News\",\"url\":\"https:\/\/lobosnews.com.ar\/\",\"logo\":{\"@type\":\"ImageObject\",\"inLanguage\":\"es\",\"@id\":\"https:\/\/lobosnews.com.ar\/#\/schema\/logo\/image\/\",\"url\":\"https:\/\/lobosnews.com.ar\/wp-content\/uploads\/2026\/01\/logo-lobosnews.png\",\"contentUrl\":\"https:\/\/lobosnews.com.ar\/wp-content\/uploads\/2026\/01\/logo-lobosnews.png\",\"width\":500,\"height\":200,\"caption\":\"Lobos News\"},\"image\":{\"@id\":\"https:\/\/lobosnews.com.ar\/#\/schema\/logo\/image\/\"}},{\"@type\":\"Person\",\"@id\":\"https:\/\/lobosnews.com.ar\/#\/schema\/person\/232422a593d5c541dd9aef6aaed10943\",\"name\":\"admin\",\"image\":{\"@type\":\"ImageObject\",\"inLanguage\":\"es\",\"@id\":\"https:\/\/lobosnews.com.ar\/#\/schema\/person\/image\/\",\"url\":\"https:\/\/secure.gravatar.com\/avatar\/76e419471a2083bc3ceab22a763dbbf9b0c1bd15a6214cf3280e2c2dde4580f9?s=96&d=mm&r=g\",\"contentUrl\":\"https:\/\/secure.gravatar.com\/avatar\/76e419471a2083bc3ceab22a763dbbf9b0c1bd15a6214cf3280e2c2dde4580f9?s=96&d=mm&r=g\",\"caption\":\"admin\"},\"sameAs\":[\"https:\/\/lobosnews.com.ar\"],\"url\":\"https:\/\/lobosnews.com.ar\/index.php\/author\/lobos-news\/\"}]}<\/script>\n<!-- \/ Yoast SEO plugin. -->","yoast_head_json":{"title":"Alerta en una escuela de San Mart\u00edn: un alumno llev\u00f3 un arma cargada y la escondi\u00f3 en la mochila de una compa\u00f1era - Lobos News","robots":{"index":"index","follow":"follow","max-snippet":"max-snippet:-1","max-image-preview":"max-image-preview:large","max-video-preview":"max-video-preview:-1"},"canonical":"https:\/\/lobosnews.com.ar\/index.php\/2026\/04\/25\/alerta-en-una-escuela-de-san-martin-un-alumno-llevo-un-arma-cargada-y-la-escondio-en-la-mochila-de-una-companera\/","og_locale":"es_ES","og_type":"article","og_title":"Alerta en una escuela de San Mart\u00edn: un alumno llev\u00f3 un arma cargada y la escondi\u00f3 en la mochila de una compa\u00f1era - Lobos News","og_description":"Un alumno de sexto a\u00f1o de la Escuela Secundaria 53 de San Mart\u00edn, en la provincia de Buenos Aires, llev\u00f3 un arma de fuego al establecimiento y la ocult\u00f3 en la mochila de una compa\u00f1era. El hecho se registr\u00f3 cuando una mujer de 59 a\u00f1os denunci\u00f3 ante la polic\u00eda que uno de los estudiantes pose\u00eda...","og_url":"https:\/\/lobosnews.com.ar\/index.php\/2026\/04\/25\/alerta-en-una-escuela-de-san-martin-un-alumno-llevo-un-arma-cargada-y-la-escondio-en-la-mochila-de-una-companera\/","og_site_name":"Lobos News","article_published_time":"2026-04-25T00:47:32+00:00","article_modified_time":"2026-04-25T02:43:06+00:00","og_image":[{"url":"https:\/\/lobosnews.com.ar\/wp-content\/uploads\/2026\/04\/alerta-en-una-escuela-de-san-martin-un-alumno-llevo-un-arma-cargada-y-la-escondio-en-la-mochila-de-una-companera.jpg","type":"","width":"","height":""}],"author":"admin","twitter_card":"summary_large_image","twitter_misc":{"Escrito por":"admin","Tiempo de lectura":"3 minutos"},"schema":{"@context":"https:\/\/schema.org","@graph":[{"@type":"Article","@id":"https:\/\/lobosnews.com.ar\/index.php\/2026\/04\/25\/alerta-en-una-escuela-de-san-martin-un-alumno-llevo-un-arma-cargada-y-la-escondio-en-la-mochila-de-una-companera\/#article","isPartOf":{"@id":"https:\/\/lobosnews.com.ar\/index.php\/2026\/04\/25\/alerta-en-una-escuela-de-san-martin-un-alumno-llevo-un-arma-cargada-y-la-escondio-en-la-mochila-de-una-companera\/"},"author":{"name":"admin","@id":"https:\/\/lobosnews.com.ar\/#\/schema\/person\/232422a593d5c541dd9aef6aaed10943"},"headline":"Alerta en una escuela de San Mart\u00edn: un alumno llev\u00f3 un arma cargada y la escondi\u00f3 en la mochila de una compa\u00f1era","datePublished":"2026-04-25T00:47:32+00:00","dateModified":"2026-04-25T02:43:06+00:00","mainEntityOfPage":{"@id":"https:\/\/lobosnews.com.ar\/index.php\/2026\/04\/25\/alerta-en-una-escuela-de-san-martin-un-alumno-llevo-un-arma-cargada-y-la-escondio-en-la-mochila-de-una-companera\/"},"wordCount":645,"commentCount":0,"publisher":{"@id":"https:\/\/lobosnews.com.ar\/#organization"},"image":{"@id":"https:\/\/lobosnews.com.ar\/index.php\/2026\/04\/25\/alerta-en-una-escuela-de-san-martin-un-alumno-llevo-un-arma-cargada-y-la-escondio-en-la-mochila-de-una-companera\/#primaryimage"},"thumbnailUrl":"https:\/\/lobosnews.com.ar\/wp-content\/uploads\/2026\/04\/alerta-en-una-escuela-de-san-martin-un-alumno-llevo-un-arma-cargada-y-la-escondio-en-la-mochila-de-una-companera-4.jpg","articleSection":["Actualidad","Argentina","econom\u00eda","inseguridad","masradios.com","nacionales","seguridad","sociedad"],"inLanguage":"es","potentialAction":[{"@type":"CommentAction","name":"Comment","target":["https:\/\/lobosnews.com.ar\/index.php\/2026\/04\/25\/alerta-en-una-escuela-de-san-martin-un-alumno-llevo-un-arma-cargada-y-la-escondio-en-la-mochila-de-una-companera\/#respond"]}]},{"@type":"WebPage","@id":"https:\/\/lobosnews.com.ar\/index.php\/2026\/04\/25\/alerta-en-una-escuela-de-san-martin-un-alumno-llevo-un-arma-cargada-y-la-escondio-en-la-mochila-de-una-companera\/","url":"https:\/\/lobosnews.com.ar\/index.php\/2026\/04\/25\/alerta-en-una-escuela-de-san-martin-un-alumno-llevo-un-arma-cargada-y-la-escondio-en-la-mochila-de-una-companera\/","name":"Alerta en una escuela de San Mart\u00edn: un alumno llev\u00f3 un arma cargada y la escondi\u00f3 en la mochila de una compa\u00f1era - Lobos News","isPartOf":{"@id":"https:\/\/lobosnews.com.ar\/#website"},"primaryImageOfPage":{"@id":"https:\/\/lobosnews.com.ar\/index.php\/2026\/04\/25\/alerta-en-una-escuela-de-san-martin-un-alumno-llevo-un-arma-cargada-y-la-escondio-en-la-mochila-de-una-companera\/#primaryimage"},"image":{"@id":"https:\/\/lobosnews.com.ar\/index.php\/2026\/04\/25\/alerta-en-una-escuela-de-san-martin-un-alumno-llevo-un-arma-cargada-y-la-escondio-en-la-mochila-de-una-companera\/#primaryimage"},"thumbnailUrl":"https:\/\/lobosnews.com.ar\/wp-content\/uploads\/2026\/04\/alerta-en-una-escuela-de-san-martin-un-alumno-llevo-un-arma-cargada-y-la-escondio-en-la-mochila-de-una-companera-4.jpg","datePublished":"2026-04-25T00:47:32+00:00","dateModified":"2026-04-25T02:43:06+00:00","breadcrumb":{"@id":"https:\/\/lobosnews.com.ar\/index.php\/2026\/04\/25\/alerta-en-una-escuela-de-san-martin-un-alumno-llevo-un-arma-cargada-y-la-escondio-en-la-mochila-de-una-companera\/#breadcrumb"},"inLanguage":"es","potentialAction":[{"@type":"ReadAction","target":["https:\/\/lobosnews.com.ar\/index.php\/2026\/04\/25\/alerta-en-una-escuela-de-san-martin-un-alumno-llevo-un-arma-cargada-y-la-escondio-en-la-mochila-de-una-companera\/"]}]},{"@type":"ImageObject","inLanguage":"es","@id":"https:\/\/lobosnews.com.ar\/index.php\/2026\/04\/25\/alerta-en-una-escuela-de-san-martin-un-alumno-llevo-un-arma-cargada-y-la-escondio-en-la-mochila-de-una-companera\/#primaryimage","url":"https:\/\/lobosnews.com.ar\/wp-content\/uploads\/2026\/04\/alerta-en-una-escuela-de-san-martin-un-alumno-llevo-un-arma-cargada-y-la-escondio-en-la-mochila-de-una-companera-4.jpg","contentUrl":"https:\/\/lobosnews.com.ar\/wp-content\/uploads\/2026\/04\/alerta-en-una-escuela-de-san-martin-un-alumno-llevo-un-arma-cargada-y-la-escondio-en-la-mochila-de-una-companera-4.jpg","width":1600,"height":900,"caption":"Alerta en una escuela de San Mart\u00edn: un alumno llev\u00f3 un arma cargada y la escondi\u00f3 en la mochila de una compa\u00f1era"},{"@type":"BreadcrumbList","@id":"https:\/\/lobosnews.com.ar\/index.php\/2026\/04\/25\/alerta-en-una-escuela-de-san-martin-un-alumno-llevo-un-arma-cargada-y-la-escondio-en-la-mochila-de-una-companera\/#breadcrumb","itemListElement":[{"@type":"ListItem","position":1,"name":"Portada","item":"https:\/\/lobosnews.com.ar\/"},{"@type":"ListItem","position":2,"name":"Alerta en una escuela de San Mart\u00edn: un alumno llev\u00f3 un arma cargada y la escondi\u00f3 en la mochila de una compa\u00f1era"}]},{"@type":"WebSite","@id":"https:\/\/lobosnews.com.ar\/#website","url":"https:\/\/lobosnews.com.ar\/","name":"Lobos News","description":"Informaci\u00f3n a cada instante","publisher":{"@id":"https:\/\/lobosnews.com.ar\/#organization"},"potentialAction":[{"@type":"SearchAction","target":{"@type":"EntryPoint","urlTemplate":"https:\/\/lobosnews.com.ar\/?s={search_term_string}"},"query-input":{"@type":"PropertyValueSpecification","valueRequired":true,"valueName":"search_term_string"}}],"inLanguage":"es"},{"@type":"Organization","@id":"https:\/\/lobosnews.com.ar\/#organization","name":"Lobos News","url":"https:\/\/lobosnews.com.ar\/","logo":{"@type":"ImageObject","inLanguage":"es","@id":"https:\/\/lobosnews.com.ar\/#\/schema\/logo\/image\/","url":"https:\/\/lobosnews.com.ar\/wp-content\/uploads\/2026\/01\/logo-lobosnews.png","contentUrl":"https:\/\/lobosnews.com.ar\/wp-content\/uploads\/2026\/01\/logo-lobosnews.png","width":500,"height":200,"caption":"Lobos News"},"image":{"@id":"https:\/\/lobosnews.com.ar\/#\/schema\/logo\/image\/"}},{"@type":"Person","@id":"https:\/\/lobosnews.com.ar\/#\/schema\/person\/232422a593d5c541dd9aef6aaed10943","name":"admin","image":{"@type":"ImageObject","inLanguage":"es","@id":"https:\/\/lobosnews.com.ar\/#\/schema\/person\/image\/","url":"https:\/\/secure.gravatar.com\/avatar\/76e419471a2083bc3ceab22a763dbbf9b0c1bd15a6214cf3280e2c2dde4580f9?s=96&d=mm&r=g","contentUrl":"https:\/\/secure.gravatar.com\/avatar\/76e419471a2083bc3ceab22a763dbbf9b0c1bd15a6214cf3280e2c2dde4580f9?s=96&d=mm&r=g","caption":"admin"},"sameAs":["https:\/\/lobosnews.com.ar"],"url":"https:\/\/lobosnews.com.ar\/index.php\/author\/lobos-news\/"}]}},"jetpack_featured_media_url":"https:\/\/lobosnews.com.ar\/wp-content\/uploads\/2026\/04\/alerta-en-una-escuela-de-san-martin-un-alumno-llevo-un-arma-cargada-y-la-escondio-en-la-mochila-de-una-companera-4.jpg","jetpack_sharing_enabled":true,"_links":{"self":[{"href":"https:\/\/lobosnews.com.ar\/index.php\/wp-json\/wp\/v2\/posts\/44915","targetHints":{"allow":["GET"]}}],"collection":[{"href":"https:\/\/lobosnews.com.ar\/index.php\/wp-json\/wp\/v2\/posts"}],"about":[{"href":"https:\/\/lobosnews.com.ar\/index.php\/wp-json\/wp\/v2\/types\/post"}],"author":[{"embeddable":true,"href":"https:\/\/lobosnews.com.ar\/index.php\/wp-json\/wp\/v2\/users\/1"}],"replies":[{"embeddable":true,"href":"https:\/\/lobosnews.com.ar\/index.php\/wp-json\/wp\/v2\/comments?post=44915"}],"version-history":[{"count":1,"href":"https:\/\/lobosnews.com.ar\/index.php\/wp-json\/wp\/v2\/posts\/44915\/revisions"}],"predecessor-version":[{"id":44919,"href":"https:\/\/lobosnews.com.ar\/index.php\/wp-json\/wp\/v2\/posts\/44915\/revisions\/44919"}],"wp:featuredmedia":[{"embeddable":true,"href":"https:\/\/lobosnews.com.ar\/index.php\/wp-json\/wp\/v2\/media\/44920"}],"wp:attachment":[{"href":"https:\/\/lobosnews.com.ar\/index.php\/wp-json\/wp\/v2\/media?parent=44915"}],"wp:term":[{"taxonomy":"category","embeddable":true,"href":"https:\/\/lobosnews.com.ar\/index.php\/wp-json\/wp\/v2\/categories?post=44915"},{"taxonomy":"post_tag","embeddable":true,"href":"https:\/\/lobosnews.com.ar\/index.php\/wp-json\/wp\/v2\/tags?post=44915"}],"curies":[{"name":"wp","href":"https:\/\/api.w.org\/{rel}","templated":true}]}}