{"id":44911,"date":"2026-04-25T00:53:29","date_gmt":"2026-04-25T00:53:29","guid":{"rendered":"https:\/\/lobosnews.com.ar\/index.php\/2026\/04\/25\/a-dos-anos-de-la-muerte-de-una-docente-su-familia-aun-espera-la-autopsia-y-reclama-justicia-por-presunta-mala-praxis\/"},"modified":"2026-04-25T02:42:22","modified_gmt":"2026-04-25T02:42:22","slug":"a-dos-anos-de-la-muerte-de-una-docente-su-familia-aun-espera-la-autopsia-y-reclama-justicia-por-presunta-mala-praxis","status":"publish","type":"post","link":"https:\/\/lobosnews.com.ar\/index.php\/2026\/04\/25\/a-dos-anos-de-la-muerte-de-una-docente-su-familia-aun-espera-la-autopsia-y-reclama-justicia-por-presunta-mala-praxis\/","title":{"rendered":"A dos a\u00f1os de la muerte de una docente, su familia a\u00fan espera la autopsia y reclama justicia por presunta mala praxis"},"content":{"rendered":"<p><img fetchpriority=\"high\" decoding=\"async\" src=\"https:\/\/lobosnews.com.ar\/wp-content\/uploads\/2026\/04\/a-dos-anos-de-la-muerte-de-una-docente-su-familia-aun-espera-la-autopsia-y-reclama-justicia-por-presunta-mala-praxis.jpg\" alt=\"Celeste Maldonado, la docente que falleci\u00f3 tras una cirug\u00eda ginecol\u00f3gica en una cl\u00ednica privada de R\u00edo Gallegos\" height=\"728\" width=\"526\"\/><\/p>\n<p>Una familia de <b>R\u00edo Gallegos<\/b> reclama <b>desde hace dos a\u00f1os<\/b> el resultado de la <b>autopsia <\/b>de <b>Celeste Maldonado<\/b>, una docente que <b>falleci\u00f3 tras una cirug\u00eda ginecol\u00f3gica en una cl\u00ednica privada<\/b>, y denuncia que el caso sigue sin avances judiciales mientras <b>el m\u00e9dico se\u00f1alado contin\u00faa ejerciendo.<\/b><\/p>\n<p>Todo comenz\u00f3 el 8 de marzo de 2024, cuando Celeste ingres\u00f3 al Sanatorio Medisur para una operaci\u00f3n de miomas uterinos que, seg\u00fan su entorno, deb\u00eda ser ambulatoria y sencilla. Dos d\u00edas despu\u00e9s, el 10 de marzo, falleci\u00f3 en la misma cl\u00ednica.<\/p>\n<p>Su familia asegura que <b>hasta la fecha no recibi\u00f3 el informe final de la autopsia<\/b>, lo que impide avanzar en la causa judicial por <b>presunta mala praxis<\/b>.<\/p>\n<p>\u201cNosotros estamos esperando todav\u00eda el papel de autopsia para avanzar sobre el caso de mi hermana, porque estamos esperando saber qu\u00e9 pas\u00f3, qu\u00e9 hicieron realmente con mi hermana\u201d, expres\u00f3 este viernes su hermano Gabriel Maldonado en una entrevista con el medio local <i>Vill Vel Producciones<\/i>.<\/p>\n<p>Los Maldonado denuncian que Celeste, <b>de 41 a\u00f1os y sin antecedentes de enfermedades<\/b>, se someti\u00f3 a la intervenci\u00f3n bajo la responsabilidad del m\u00e9dico <b>Sergio Daniel Sesnic<\/b>.<\/p>\n<p>\u201cEra una operaci\u00f3n ambulatoria, era f\u00e1cil, era supuestamente sencillo\u201d, relat\u00f3 Gabriel a <i>La Opini\u00f3n Austral<\/i>. La familia sostiene que tras la cirug\u00eda, la paciente permaneci\u00f3 <b>cerca de tres horas sin recibir atenci\u00f3n m\u00e9dica adecuada, desangr\u00e1ndose en una habitaci\u00f3n<\/b>, hasta que otra m\u00e9dica, de casualidad, detect\u00f3 la gravedad de su cuadro y pidi\u00f3 asistencia urgente.<\/p>\n<p>Celeste fue ingresada de nuevo al quir\u00f3fano, pero falleci\u00f3 tras permanecer dos d\u00edas en terapia intensiva.<\/p>\n<p>La madre de Celeste afirm\u00f3 que la decisi\u00f3n de operarse se produjo luego de que el m\u00e9dico Sesnic le negara otras alternativas y le asignara fecha sin opciones.<\/p>\n<p>\u201c<b>No le dio opci\u00f3n de elegir otro m\u00e9dico<\/b>. Cuando fue a ver a otro especialista, le dijeron que no pod\u00edan intervenir porque no quer\u00edan pasar por encima de su colega\u201d, record\u00f3 la mujer durante la entrevista. Tambi\u00e9n detall\u00f3 que el profesional le inform\u00f3 tras la operaci\u00f3n que hab\u00eda extra\u00eddo \u201cla mitad del \u00fatero\u201d, aunque la paciente hab\u00eda autorizado la extracci\u00f3n completa si era necesario.<\/p>\n<p>La familia denuncia adem\u00e1s que el proceso judicial qued\u00f3 <b>estancado <\/b>en el Juzgado Civil N\u00b03 de R\u00edo Gallegos. Seg\u00fan Gabriel, la causa no avanza porque no entregan la pericia de autopsia, que se habr\u00eda enviado a Buenos Aires.<\/p>\n<p>\u201cSiempre te van pateando para adelante, no somos los \u00fanicos, sabemos que hay otros casos igual. Nos dicen que en quince, veinte, treinta d\u00edas, y siempre se demora\u201d, manifest\u00f3. El cuerpo de Celeste, por lo pronto, permanece en un pante\u00f3n prestado desde hace dos a\u00f1os, ya que <b>la familia no puede cumplir el deseo de cremarla hasta que la justicia autorice la entrega.<\/b><\/p>\n<p>Daniela, hermana de la docente, tambi\u00e9n reclam\u00f3 por la falta de respuestas de las autoridades sanitarias: \u201cLo que queremos en un principio es que el Colegio de M\u00e9dicos o el Ministerio de Salud de la provincia o alguien le ponga un freno a este m\u00e9dico\u201d, dijo a <b>Infobae<\/b>. La familia apunta al hecho de que el profesional contin\u00fae atendiendo, pese a la denuncia en curso.<\/p>\n<p>No es la primera vez que Sergio Sesnic aparece envuelto en pol\u00e9mica. En abril de 2021, el m\u00e9dico estuvo en el centro de la atenci\u00f3n medi\u00e1tica <span class=\"waslinkname\"><b>tras viralizarse un audio de WhatsApp en el que se refer\u00eda de manera despectiva al traslado de una paciente grave en ambulancia.<\/b><\/span><\/p>\n<p>En ese entonces, el audio gener\u00f3 indignaci\u00f3n dentro de la comunidad m\u00e9dica y entre los familiares de pacientes.<\/p>\n","protected":false},"excerpt":{"rendered":"<p>Una familia de R\u00edo Gallegos reclama desde hace dos a\u00f1os el resultado de la autopsia de Celeste Maldonado, una docente que falleci\u00f3 tras una cirug\u00eda ginecol\u00f3gica en una cl\u00ednica privada, y denuncia que el caso sigue sin avances judiciales mientras el m\u00e9dico se\u00f1alado contin\u00faa ejerciendo. Todo comenz\u00f3 el 8 de marzo de 2024, cuando Celeste&#8230;<\/p>\n","protected":false},"author":1,"featured_media":44914,"comment_status":"open","ping_status":"closed","sticky":false,"template":"","format":"standard","meta":{"_jetpack_memberships_contains_paid_content":false,"footnotes":""},"categories":[31,30,32,77,84,35,36,37],"tags":[],"class_list":["post-44911","post","type-post","status-publish","format-standard","has-post-thumbnail","hentry","category-actualidad","category-argentina","category-economia","category-inseguridad","category-masradios-com","category-nacionales","category-seguridad","category-sociedad"],"magazineBlocksPostFeaturedMedia":{"thumbnail":"https:\/\/lobosnews.com.ar\/wp-content\/uploads\/2026\/04\/a-dos-anos-de-la-muerte-de-una-docente-su-familia-aun-espera-la-autopsia-y-reclama-justicia-por-presunta-mala-praxis-150x150.jpg","medium":"https:\/\/lobosnews.com.ar\/wp-content\/uploads\/2026\/04\/a-dos-anos-de-la-muerte-de-una-docente-su-familia-aun-espera-la-autopsia-y-reclama-justicia-por-presunta-mala-praxis-217x300.jpg","medium_large":"https:\/\/lobosnews.com.ar\/wp-content\/uploads\/2026\/04\/a-dos-anos-de-la-muerte-de-una-docente-su-familia-aun-espera-la-autopsia-y-reclama-justicia-por-presunta-mala-praxis.jpg","large":"https:\/\/lobosnews.com.ar\/wp-content\/uploads\/2026\/04\/a-dos-anos-de-la-muerte-de-una-docente-su-familia-aun-espera-la-autopsia-y-reclama-justicia-por-presunta-mala-praxis.jpg","1536x1536":"https:\/\/lobosnews.com.ar\/wp-content\/uploads\/2026\/04\/a-dos-anos-de-la-muerte-de-una-docente-su-familia-aun-espera-la-autopsia-y-reclama-justicia-por-presunta-mala-praxis.jpg","2048x2048":"https:\/\/lobosnews.com.ar\/wp-content\/uploads\/2026\/04\/a-dos-anos-de-la-muerte-de-una-docente-su-familia-aun-espera-la-autopsia-y-reclama-justicia-por-presunta-mala-praxis.jpg","newsmatic-featured":"https:\/\/lobosnews.com.ar\/wp-content\/uploads\/2026\/04\/a-dos-anos-de-la-muerte-de-una-docente-su-familia-aun-espera-la-autopsia-y-reclama-justicia-por-presunta-mala-praxis-526x545.jpg","newsmatic-list":"https:\/\/lobosnews.com.ar\/wp-content\/uploads\/2026\/04\/a-dos-anos-de-la-muerte-de-una-docente-su-familia-aun-espera-la-autopsia-y-reclama-justicia-por-presunta-mala-praxis-526x400.jpg","newsmatic-thumb":"https:\/\/lobosnews.com.ar\/wp-content\/uploads\/2026\/04\/a-dos-anos-de-la-muerte-de-una-docente-su-familia-aun-espera-la-autopsia-y-reclama-justicia-por-presunta-mala-praxis-300x200.jpg","newsmatic-small":"https:\/\/lobosnews.com.ar\/wp-content\/uploads\/2026\/04\/a-dos-anos-de-la-muerte-de-una-docente-su-familia-aun-espera-la-autopsia-y-reclama-justicia-por-presunta-mala-praxis-150x95.jpg","newsmatic-grid":"https:\/\/lobosnews.com.ar\/wp-content\/uploads\/2026\/04\/a-dos-anos-de-la-muerte-de-una-docente-su-familia-aun-espera-la-autopsia-y-reclama-justicia-por-presunta-mala-praxis-400x250.jpg"},"magazineBlocksPostAuthor":{"name":"admin","avatar":"https:\/\/secure.gravatar.com\/avatar\/76e419471a2083bc3ceab22a763dbbf9b0c1bd15a6214cf3280e2c2dde4580f9?s=96&d=mm&r=g"},"magazineBlocksPostCommentsNumber":"0","magazineBlocksPostExcerpt":"Una familia de R\u00edo Gallegos reclama desde hace dos a\u00f1os el resultado de la autopsia de Celeste Maldonado, una docente que falleci\u00f3 tras una cirug\u00eda ginecol\u00f3gica en una cl\u00ednica privada, y denuncia que el caso sigue sin avances judiciales mientras el m\u00e9dico se\u00f1alado contin\u00faa ejerciendo. Todo comenz\u00f3 el 8 de marzo de 2024, cuando Celeste...","magazineBlocksPostCategories":["Actualidad","Argentina","econom\u00eda","inseguridad","masradios.com","nacionales","seguridad","sociedad"],"magazineBlocksPostViewCount":1,"magazineBlocksPostReadTime":4,"magazine_blocks_featured_image_url":{"full":["https:\/\/lobosnews.com.ar\/wp-content\/uploads\/2026\/04\/a-dos-anos-de-la-muerte-de-una-docente-su-familia-aun-espera-la-autopsia-y-reclama-justicia-por-presunta-mala-praxis.jpg",526,728,false],"medium":["https:\/\/lobosnews.com.ar\/wp-content\/uploads\/2026\/04\/a-dos-anos-de-la-muerte-de-una-docente-su-familia-aun-espera-la-autopsia-y-reclama-justicia-por-presunta-mala-praxis-217x300.jpg",217,300,true],"thumbnail":["https:\/\/lobosnews.com.ar\/wp-content\/uploads\/2026\/04\/a-dos-anos-de-la-muerte-de-una-docente-su-familia-aun-espera-la-autopsia-y-reclama-justicia-por-presunta-mala-praxis-150x150.jpg",150,150,true]},"magazine_blocks_author":{"display_name":"admin","author_link":"https:\/\/lobosnews.com.ar\/index.php\/author\/lobos-news\/"},"magazine_blocks_comment":0,"magazine_blocks_author_image":"https:\/\/secure.gravatar.com\/avatar\/76e419471a2083bc3ceab22a763dbbf9b0c1bd15a6214cf3280e2c2dde4580f9?s=96&d=mm&r=g","magazine_blocks_category":"<a href=\"#\" class=\"category-link category-link-31\">Actualidad<\/a> <a href=\"#\" class=\"category-link category-link-30\">Argentina<\/a> <a href=\"#\" class=\"category-link category-link-32\">econom\u00eda<\/a> <a href=\"#\" class=\"category-link category-link-77\">inseguridad<\/a> <a href=\"#\" class=\"category-link category-link-84\">masradios.com<\/a> <a href=\"#\" class=\"category-link category-link-35\">nacionales<\/a> <a href=\"#\" class=\"category-link category-link-36\">seguridad<\/a> <a href=\"#\" class=\"category-link category-link-37\">sociedad<\/a>","yoast_head":"<!-- This site is optimized with the Yoast SEO plugin v26.6 - https:\/\/yoast.com\/wordpress\/plugins\/seo\/ -->\n<title>A dos a\u00f1os de la muerte de una docente, su familia a\u00fan espera la autopsia y reclama justicia por presunta mala praxis - Lobos News<\/title>\n<meta name=\"robots\" content=\"index, follow, max-snippet:-1, max-image-preview:large, max-video-preview:-1\" \/>\n<link rel=\"canonical\" href=\"https:\/\/lobosnews.com.ar\/index.php\/2026\/04\/25\/a-dos-anos-de-la-muerte-de-una-docente-su-familia-aun-espera-la-autopsia-y-reclama-justicia-por-presunta-mala-praxis\/\" \/>\n<meta property=\"og:locale\" content=\"es_ES\" \/>\n<meta property=\"og:type\" content=\"article\" \/>\n<meta property=\"og:title\" content=\"A dos a\u00f1os de la muerte de una docente, su familia a\u00fan espera la autopsia y reclama justicia por presunta mala praxis - Lobos News\" \/>\n<meta property=\"og:description\" content=\"Una familia de R\u00edo Gallegos reclama desde hace dos a\u00f1os el resultado de la autopsia de Celeste Maldonado, una docente que falleci\u00f3 tras una cirug\u00eda ginecol\u00f3gica en una cl\u00ednica privada, y denuncia que el caso sigue sin avances judiciales mientras el m\u00e9dico se\u00f1alado contin\u00faa ejerciendo. Todo comenz\u00f3 el 8 de marzo de 2024, cuando Celeste...\" \/>\n<meta property=\"og:url\" content=\"https:\/\/lobosnews.com.ar\/index.php\/2026\/04\/25\/a-dos-anos-de-la-muerte-de-una-docente-su-familia-aun-espera-la-autopsia-y-reclama-justicia-por-presunta-mala-praxis\/\" \/>\n<meta property=\"og:site_name\" content=\"Lobos News\" \/>\n<meta property=\"article:published_time\" content=\"2026-04-25T00:53:29+00:00\" \/>\n<meta property=\"article:modified_time\" content=\"2026-04-25T02:42:22+00:00\" \/>\n<meta property=\"og:image\" content=\"https:\/\/lobosnews.com.ar\/wp-content\/uploads\/2026\/04\/a-dos-anos-de-la-muerte-de-una-docente-su-familia-aun-espera-la-autopsia-y-reclama-justicia-por-presunta-mala-praxis.jpg\" \/>\n<meta name=\"author\" content=\"admin\" \/>\n<meta name=\"twitter:card\" content=\"summary_large_image\" \/>\n<meta name=\"twitter:label1\" content=\"Escrito por\" \/>\n\t<meta name=\"twitter:data1\" content=\"admin\" \/>\n\t<meta name=\"twitter:label2\" content=\"Tiempo de lectura\" \/>\n\t<meta name=\"twitter:data2\" content=\"3 minutos\" \/>\n<script type=\"application\/ld+json\" class=\"yoast-schema-graph\">{\"@context\":\"https:\/\/schema.org\",\"@graph\":[{\"@type\":\"Article\",\"@id\":\"https:\/\/lobosnews.com.ar\/index.php\/2026\/04\/25\/a-dos-anos-de-la-muerte-de-una-docente-su-familia-aun-espera-la-autopsia-y-reclama-justicia-por-presunta-mala-praxis\/#article\",\"isPartOf\":{\"@id\":\"https:\/\/lobosnews.com.ar\/index.php\/2026\/04\/25\/a-dos-anos-de-la-muerte-de-una-docente-su-familia-aun-espera-la-autopsia-y-reclama-justicia-por-presunta-mala-praxis\/\"},\"author\":{\"name\":\"admin\",\"@id\":\"https:\/\/lobosnews.com.ar\/#\/schema\/person\/232422a593d5c541dd9aef6aaed10943\"},\"headline\":\"A dos a\u00f1os de la muerte de una docente, su familia a\u00fan espera la autopsia y reclama justicia por presunta mala praxis\",\"datePublished\":\"2026-04-25T00:53:29+00:00\",\"dateModified\":\"2026-04-25T02:42:22+00:00\",\"mainEntityOfPage\":{\"@id\":\"https:\/\/lobosnews.com.ar\/index.php\/2026\/04\/25\/a-dos-anos-de-la-muerte-de-una-docente-su-familia-aun-espera-la-autopsia-y-reclama-justicia-por-presunta-mala-praxis\/\"},\"wordCount\":656,\"commentCount\":0,\"publisher\":{\"@id\":\"https:\/\/lobosnews.com.ar\/#organization\"},\"image\":{\"@id\":\"https:\/\/lobosnews.com.ar\/index.php\/2026\/04\/25\/a-dos-anos-de-la-muerte-de-una-docente-su-familia-aun-espera-la-autopsia-y-reclama-justicia-por-presunta-mala-praxis\/#primaryimage\"},\"thumbnailUrl\":\"https:\/\/lobosnews.com.ar\/wp-content\/uploads\/2026\/04\/a-dos-anos-de-la-muerte-de-una-docente-su-familia-aun-espera-la-autopsia-y-reclama-justicia-por-presunta-mala-praxis.jpg\",\"articleSection\":[\"Actualidad\",\"Argentina\",\"econom\u00eda\",\"inseguridad\",\"masradios.com\",\"nacionales\",\"seguridad\",\"sociedad\"],\"inLanguage\":\"es\",\"potentialAction\":[{\"@type\":\"CommentAction\",\"name\":\"Comment\",\"target\":[\"https:\/\/lobosnews.com.ar\/index.php\/2026\/04\/25\/a-dos-anos-de-la-muerte-de-una-docente-su-familia-aun-espera-la-autopsia-y-reclama-justicia-por-presunta-mala-praxis\/#respond\"]}]},{\"@type\":\"WebPage\",\"@id\":\"https:\/\/lobosnews.com.ar\/index.php\/2026\/04\/25\/a-dos-anos-de-la-muerte-de-una-docente-su-familia-aun-espera-la-autopsia-y-reclama-justicia-por-presunta-mala-praxis\/\",\"url\":\"https:\/\/lobosnews.com.ar\/index.php\/2026\/04\/25\/a-dos-anos-de-la-muerte-de-una-docente-su-familia-aun-espera-la-autopsia-y-reclama-justicia-por-presunta-mala-praxis\/\",\"name\":\"A dos a\u00f1os de la muerte de una docente, su familia a\u00fan espera la autopsia y reclama justicia por presunta mala praxis - Lobos News\",\"isPartOf\":{\"@id\":\"https:\/\/lobosnews.com.ar\/#website\"},\"primaryImageOfPage\":{\"@id\":\"https:\/\/lobosnews.com.ar\/index.php\/2026\/04\/25\/a-dos-anos-de-la-muerte-de-una-docente-su-familia-aun-espera-la-autopsia-y-reclama-justicia-por-presunta-mala-praxis\/#primaryimage\"},\"image\":{\"@id\":\"https:\/\/lobosnews.com.ar\/index.php\/2026\/04\/25\/a-dos-anos-de-la-muerte-de-una-docente-su-familia-aun-espera-la-autopsia-y-reclama-justicia-por-presunta-mala-praxis\/#primaryimage\"},\"thumbnailUrl\":\"https:\/\/lobosnews.com.ar\/wp-content\/uploads\/2026\/04\/a-dos-anos-de-la-muerte-de-una-docente-su-familia-aun-espera-la-autopsia-y-reclama-justicia-por-presunta-mala-praxis.jpg\",\"datePublished\":\"2026-04-25T00:53:29+00:00\",\"dateModified\":\"2026-04-25T02:42:22+00:00\",\"breadcrumb\":{\"@id\":\"https:\/\/lobosnews.com.ar\/index.php\/2026\/04\/25\/a-dos-anos-de-la-muerte-de-una-docente-su-familia-aun-espera-la-autopsia-y-reclama-justicia-por-presunta-mala-praxis\/#breadcrumb\"},\"inLanguage\":\"es\",\"potentialAction\":[{\"@type\":\"ReadAction\",\"target\":[\"https:\/\/lobosnews.com.ar\/index.php\/2026\/04\/25\/a-dos-anos-de-la-muerte-de-una-docente-su-familia-aun-espera-la-autopsia-y-reclama-justicia-por-presunta-mala-praxis\/\"]}]},{\"@type\":\"ImageObject\",\"inLanguage\":\"es\",\"@id\":\"https:\/\/lobosnews.com.ar\/index.php\/2026\/04\/25\/a-dos-anos-de-la-muerte-de-una-docente-su-familia-aun-espera-la-autopsia-y-reclama-justicia-por-presunta-mala-praxis\/#primaryimage\",\"url\":\"https:\/\/lobosnews.com.ar\/wp-content\/uploads\/2026\/04\/a-dos-anos-de-la-muerte-de-una-docente-su-familia-aun-espera-la-autopsia-y-reclama-justicia-por-presunta-mala-praxis.jpg\",\"contentUrl\":\"https:\/\/lobosnews.com.ar\/wp-content\/uploads\/2026\/04\/a-dos-anos-de-la-muerte-de-una-docente-su-familia-aun-espera-la-autopsia-y-reclama-justicia-por-presunta-mala-praxis.jpg\",\"width\":526,\"height\":728,\"caption\":\"A dos a\u00f1os de la muerte de una docente, su familia a\u00fan espera la autopsia y reclama justicia por presunta mala praxis\"},{\"@type\":\"BreadcrumbList\",\"@id\":\"https:\/\/lobosnews.com.ar\/index.php\/2026\/04\/25\/a-dos-anos-de-la-muerte-de-una-docente-su-familia-aun-espera-la-autopsia-y-reclama-justicia-por-presunta-mala-praxis\/#breadcrumb\",\"itemListElement\":[{\"@type\":\"ListItem\",\"position\":1,\"name\":\"Portada\",\"item\":\"https:\/\/lobosnews.com.ar\/\"},{\"@type\":\"ListItem\",\"position\":2,\"name\":\"A dos a\u00f1os de la muerte de una docente, su familia a\u00fan espera la autopsia y reclama justicia por presunta mala praxis\"}]},{\"@type\":\"WebSite\",\"@id\":\"https:\/\/lobosnews.com.ar\/#website\",\"url\":\"https:\/\/lobosnews.com.ar\/\",\"name\":\"Lobos News\",\"description\":\"Informaci\u00f3n a cada instante\",\"publisher\":{\"@id\":\"https:\/\/lobosnews.com.ar\/#organization\"},\"potentialAction\":[{\"@type\":\"SearchAction\",\"target\":{\"@type\":\"EntryPoint\",\"urlTemplate\":\"https:\/\/lobosnews.com.ar\/?s={search_term_string}\"},\"query-input\":{\"@type\":\"PropertyValueSpecification\",\"valueRequired\":true,\"valueName\":\"search_term_string\"}}],\"inLanguage\":\"es\"},{\"@type\":\"Organization\",\"@id\":\"https:\/\/lobosnews.com.ar\/#organization\",\"name\":\"Lobos News\",\"url\":\"https:\/\/lobosnews.com.ar\/\",\"logo\":{\"@type\":\"ImageObject\",\"inLanguage\":\"es\",\"@id\":\"https:\/\/lobosnews.com.ar\/#\/schema\/logo\/image\/\",\"url\":\"https:\/\/lobosnews.com.ar\/wp-content\/uploads\/2026\/01\/logo-lobosnews.png\",\"contentUrl\":\"https:\/\/lobosnews.com.ar\/wp-content\/uploads\/2026\/01\/logo-lobosnews.png\",\"width\":500,\"height\":200,\"caption\":\"Lobos News\"},\"image\":{\"@id\":\"https:\/\/lobosnews.com.ar\/#\/schema\/logo\/image\/\"}},{\"@type\":\"Person\",\"@id\":\"https:\/\/lobosnews.com.ar\/#\/schema\/person\/232422a593d5c541dd9aef6aaed10943\",\"name\":\"admin\",\"image\":{\"@type\":\"ImageObject\",\"inLanguage\":\"es\",\"@id\":\"https:\/\/lobosnews.com.ar\/#\/schema\/person\/image\/\",\"url\":\"https:\/\/secure.gravatar.com\/avatar\/76e419471a2083bc3ceab22a763dbbf9b0c1bd15a6214cf3280e2c2dde4580f9?s=96&d=mm&r=g\",\"contentUrl\":\"https:\/\/secure.gravatar.com\/avatar\/76e419471a2083bc3ceab22a763dbbf9b0c1bd15a6214cf3280e2c2dde4580f9?s=96&d=mm&r=g\",\"caption\":\"admin\"},\"sameAs\":[\"https:\/\/lobosnews.com.ar\"],\"url\":\"https:\/\/lobosnews.com.ar\/index.php\/author\/lobos-news\/\"}]}<\/script>\n<!-- \/ Yoast SEO plugin. -->","yoast_head_json":{"title":"A dos a\u00f1os de la muerte de una docente, su familia a\u00fan espera la autopsia y reclama justicia por presunta mala praxis - Lobos News","robots":{"index":"index","follow":"follow","max-snippet":"max-snippet:-1","max-image-preview":"max-image-preview:large","max-video-preview":"max-video-preview:-1"},"canonical":"https:\/\/lobosnews.com.ar\/index.php\/2026\/04\/25\/a-dos-anos-de-la-muerte-de-una-docente-su-familia-aun-espera-la-autopsia-y-reclama-justicia-por-presunta-mala-praxis\/","og_locale":"es_ES","og_type":"article","og_title":"A dos a\u00f1os de la muerte de una docente, su familia a\u00fan espera la autopsia y reclama justicia por presunta mala praxis - Lobos News","og_description":"Una familia de R\u00edo Gallegos reclama desde hace dos a\u00f1os el resultado de la autopsia de Celeste Maldonado, una docente que falleci\u00f3 tras una cirug\u00eda ginecol\u00f3gica en una cl\u00ednica privada, y denuncia que el caso sigue sin avances judiciales mientras el m\u00e9dico se\u00f1alado contin\u00faa ejerciendo. Todo comenz\u00f3 el 8 de marzo de 2024, cuando Celeste...","og_url":"https:\/\/lobosnews.com.ar\/index.php\/2026\/04\/25\/a-dos-anos-de-la-muerte-de-una-docente-su-familia-aun-espera-la-autopsia-y-reclama-justicia-por-presunta-mala-praxis\/","og_site_name":"Lobos News","article_published_time":"2026-04-25T00:53:29+00:00","article_modified_time":"2026-04-25T02:42:22+00:00","og_image":[{"url":"https:\/\/lobosnews.com.ar\/wp-content\/uploads\/2026\/04\/a-dos-anos-de-la-muerte-de-una-docente-su-familia-aun-espera-la-autopsia-y-reclama-justicia-por-presunta-mala-praxis.jpg","type":"","width":"","height":""}],"author":"admin","twitter_card":"summary_large_image","twitter_misc":{"Escrito por":"admin","Tiempo de lectura":"3 minutos"},"schema":{"@context":"https:\/\/schema.org","@graph":[{"@type":"Article","@id":"https:\/\/lobosnews.com.ar\/index.php\/2026\/04\/25\/a-dos-anos-de-la-muerte-de-una-docente-su-familia-aun-espera-la-autopsia-y-reclama-justicia-por-presunta-mala-praxis\/#article","isPartOf":{"@id":"https:\/\/lobosnews.com.ar\/index.php\/2026\/04\/25\/a-dos-anos-de-la-muerte-de-una-docente-su-familia-aun-espera-la-autopsia-y-reclama-justicia-por-presunta-mala-praxis\/"},"author":{"name":"admin","@id":"https:\/\/lobosnews.com.ar\/#\/schema\/person\/232422a593d5c541dd9aef6aaed10943"},"headline":"A dos a\u00f1os de la muerte de una docente, su familia a\u00fan espera la autopsia y reclama justicia por presunta mala praxis","datePublished":"2026-04-25T00:53:29+00:00","dateModified":"2026-04-25T02:42:22+00:00","mainEntityOfPage":{"@id":"https:\/\/lobosnews.com.ar\/index.php\/2026\/04\/25\/a-dos-anos-de-la-muerte-de-una-docente-su-familia-aun-espera-la-autopsia-y-reclama-justicia-por-presunta-mala-praxis\/"},"wordCount":656,"commentCount":0,"publisher":{"@id":"https:\/\/lobosnews.com.ar\/#organization"},"image":{"@id":"https:\/\/lobosnews.com.ar\/index.php\/2026\/04\/25\/a-dos-anos-de-la-muerte-de-una-docente-su-familia-aun-espera-la-autopsia-y-reclama-justicia-por-presunta-mala-praxis\/#primaryimage"},"thumbnailUrl":"https:\/\/lobosnews.com.ar\/wp-content\/uploads\/2026\/04\/a-dos-anos-de-la-muerte-de-una-docente-su-familia-aun-espera-la-autopsia-y-reclama-justicia-por-presunta-mala-praxis.jpg","articleSection":["Actualidad","Argentina","econom\u00eda","inseguridad","masradios.com","nacionales","seguridad","sociedad"],"inLanguage":"es","potentialAction":[{"@type":"CommentAction","name":"Comment","target":["https:\/\/lobosnews.com.ar\/index.php\/2026\/04\/25\/a-dos-anos-de-la-muerte-de-una-docente-su-familia-aun-espera-la-autopsia-y-reclama-justicia-por-presunta-mala-praxis\/#respond"]}]},{"@type":"WebPage","@id":"https:\/\/lobosnews.com.ar\/index.php\/2026\/04\/25\/a-dos-anos-de-la-muerte-de-una-docente-su-familia-aun-espera-la-autopsia-y-reclama-justicia-por-presunta-mala-praxis\/","url":"https:\/\/lobosnews.com.ar\/index.php\/2026\/04\/25\/a-dos-anos-de-la-muerte-de-una-docente-su-familia-aun-espera-la-autopsia-y-reclama-justicia-por-presunta-mala-praxis\/","name":"A dos a\u00f1os de la muerte de una docente, su familia a\u00fan espera la autopsia y reclama justicia por presunta mala praxis - Lobos News","isPartOf":{"@id":"https:\/\/lobosnews.com.ar\/#website"},"primaryImageOfPage":{"@id":"https:\/\/lobosnews.com.ar\/index.php\/2026\/04\/25\/a-dos-anos-de-la-muerte-de-una-docente-su-familia-aun-espera-la-autopsia-y-reclama-justicia-por-presunta-mala-praxis\/#primaryimage"},"image":{"@id":"https:\/\/lobosnews.com.ar\/index.php\/2026\/04\/25\/a-dos-anos-de-la-muerte-de-una-docente-su-familia-aun-espera-la-autopsia-y-reclama-justicia-por-presunta-mala-praxis\/#primaryimage"},"thumbnailUrl":"https:\/\/lobosnews.com.ar\/wp-content\/uploads\/2026\/04\/a-dos-anos-de-la-muerte-de-una-docente-su-familia-aun-espera-la-autopsia-y-reclama-justicia-por-presunta-mala-praxis.jpg","datePublished":"2026-04-25T00:53:29+00:00","dateModified":"2026-04-25T02:42:22+00:00","breadcrumb":{"@id":"https:\/\/lobosnews.com.ar\/index.php\/2026\/04\/25\/a-dos-anos-de-la-muerte-de-una-docente-su-familia-aun-espera-la-autopsia-y-reclama-justicia-por-presunta-mala-praxis\/#breadcrumb"},"inLanguage":"es","potentialAction":[{"@type":"ReadAction","target":["https:\/\/lobosnews.com.ar\/index.php\/2026\/04\/25\/a-dos-anos-de-la-muerte-de-una-docente-su-familia-aun-espera-la-autopsia-y-reclama-justicia-por-presunta-mala-praxis\/"]}]},{"@type":"ImageObject","inLanguage":"es","@id":"https:\/\/lobosnews.com.ar\/index.php\/2026\/04\/25\/a-dos-anos-de-la-muerte-de-una-docente-su-familia-aun-espera-la-autopsia-y-reclama-justicia-por-presunta-mala-praxis\/#primaryimage","url":"https:\/\/lobosnews.com.ar\/wp-content\/uploads\/2026\/04\/a-dos-anos-de-la-muerte-de-una-docente-su-familia-aun-espera-la-autopsia-y-reclama-justicia-por-presunta-mala-praxis.jpg","contentUrl":"https:\/\/lobosnews.com.ar\/wp-content\/uploads\/2026\/04\/a-dos-anos-de-la-muerte-de-una-docente-su-familia-aun-espera-la-autopsia-y-reclama-justicia-por-presunta-mala-praxis.jpg","width":526,"height":728,"caption":"A dos a\u00f1os de la muerte de una docente, su familia a\u00fan espera la autopsia y reclama justicia por presunta mala praxis"},{"@type":"BreadcrumbList","@id":"https:\/\/lobosnews.com.ar\/index.php\/2026\/04\/25\/a-dos-anos-de-la-muerte-de-una-docente-su-familia-aun-espera-la-autopsia-y-reclama-justicia-por-presunta-mala-praxis\/#breadcrumb","itemListElement":[{"@type":"ListItem","position":1,"name":"Portada","item":"https:\/\/lobosnews.com.ar\/"},{"@type":"ListItem","position":2,"name":"A dos a\u00f1os de la muerte de una docente, su familia a\u00fan espera la autopsia y reclama justicia por presunta mala praxis"}]},{"@type":"WebSite","@id":"https:\/\/lobosnews.com.ar\/#website","url":"https:\/\/lobosnews.com.ar\/","name":"Lobos News","description":"Informaci\u00f3n a cada instante","publisher":{"@id":"https:\/\/lobosnews.com.ar\/#organization"},"potentialAction":[{"@type":"SearchAction","target":{"@type":"EntryPoint","urlTemplate":"https:\/\/lobosnews.com.ar\/?s={search_term_string}"},"query-input":{"@type":"PropertyValueSpecification","valueRequired":true,"valueName":"search_term_string"}}],"inLanguage":"es"},{"@type":"Organization","@id":"https:\/\/lobosnews.com.ar\/#organization","name":"Lobos News","url":"https:\/\/lobosnews.com.ar\/","logo":{"@type":"ImageObject","inLanguage":"es","@id":"https:\/\/lobosnews.com.ar\/#\/schema\/logo\/image\/","url":"https:\/\/lobosnews.com.ar\/wp-content\/uploads\/2026\/01\/logo-lobosnews.png","contentUrl":"https:\/\/lobosnews.com.ar\/wp-content\/uploads\/2026\/01\/logo-lobosnews.png","width":500,"height":200,"caption":"Lobos News"},"image":{"@id":"https:\/\/lobosnews.com.ar\/#\/schema\/logo\/image\/"}},{"@type":"Person","@id":"https:\/\/lobosnews.com.ar\/#\/schema\/person\/232422a593d5c541dd9aef6aaed10943","name":"admin","image":{"@type":"ImageObject","inLanguage":"es","@id":"https:\/\/lobosnews.com.ar\/#\/schema\/person\/image\/","url":"https:\/\/secure.gravatar.com\/avatar\/76e419471a2083bc3ceab22a763dbbf9b0c1bd15a6214cf3280e2c2dde4580f9?s=96&d=mm&r=g","contentUrl":"https:\/\/secure.gravatar.com\/avatar\/76e419471a2083bc3ceab22a763dbbf9b0c1bd15a6214cf3280e2c2dde4580f9?s=96&d=mm&r=g","caption":"admin"},"sameAs":["https:\/\/lobosnews.com.ar"],"url":"https:\/\/lobosnews.com.ar\/index.php\/author\/lobos-news\/"}]}},"jetpack_featured_media_url":"https:\/\/lobosnews.com.ar\/wp-content\/uploads\/2026\/04\/a-dos-anos-de-la-muerte-de-una-docente-su-familia-aun-espera-la-autopsia-y-reclama-justicia-por-presunta-mala-praxis.jpg","jetpack_sharing_enabled":true,"_links":{"self":[{"href":"https:\/\/lobosnews.com.ar\/index.php\/wp-json\/wp\/v2\/posts\/44911","targetHints":{"allow":["GET"]}}],"collection":[{"href":"https:\/\/lobosnews.com.ar\/index.php\/wp-json\/wp\/v2\/posts"}],"about":[{"href":"https:\/\/lobosnews.com.ar\/index.php\/wp-json\/wp\/v2\/types\/post"}],"author":[{"embeddable":true,"href":"https:\/\/lobosnews.com.ar\/index.php\/wp-json\/wp\/v2\/users\/1"}],"replies":[{"embeddable":true,"href":"https:\/\/lobosnews.com.ar\/index.php\/wp-json\/wp\/v2\/comments?post=44911"}],"version-history":[{"count":1,"href":"https:\/\/lobosnews.com.ar\/index.php\/wp-json\/wp\/v2\/posts\/44911\/revisions"}],"predecessor-version":[{"id":44913,"href":"https:\/\/lobosnews.com.ar\/index.php\/wp-json\/wp\/v2\/posts\/44911\/revisions\/44913"}],"wp:featuredmedia":[{"embeddable":true,"href":"https:\/\/lobosnews.com.ar\/index.php\/wp-json\/wp\/v2\/media\/44914"}],"wp:attachment":[{"href":"https:\/\/lobosnews.com.ar\/index.php\/wp-json\/wp\/v2\/media?parent=44911"}],"wp:term":[{"taxonomy":"category","embeddable":true,"href":"https:\/\/lobosnews.com.ar\/index.php\/wp-json\/wp\/v2\/categories?post=44911"},{"taxonomy":"post_tag","embeddable":true,"href":"https:\/\/lobosnews.com.ar\/index.php\/wp-json\/wp\/v2\/tags?post=44911"}],"curies":[{"name":"wp","href":"https:\/\/api.w.org\/{rel}","templated":true}]}}