{"id":44879,"date":"2026-04-24T21:21:47","date_gmt":"2026-04-24T21:21:47","guid":{"rendered":"https:\/\/lobosnews.com.ar\/index.php\/2026\/04\/24\/el-acercamiento-de-evangelina-anderson-y-martin-demichelis-al-ver-el-crecimiento-de-su-hija-orgullosa-de-vos-abrojito\/"},"modified":"2026-04-25T02:36:48","modified_gmt":"2026-04-25T02:36:48","slug":"el-acercamiento-de-evangelina-anderson-y-martin-demichelis-al-ver-el-crecimiento-de-su-hija-orgullosa-de-vos-abrojito","status":"publish","type":"post","link":"https:\/\/lobosnews.com.ar\/index.php\/2026\/04\/24\/el-acercamiento-de-evangelina-anderson-y-martin-demichelis-al-ver-el-crecimiento-de-su-hija-orgullosa-de-vos-abrojito\/","title":{"rendered":"El acercamiento de Evangelina Anderson y Mart\u00edn Demichelis al ver el crecimiento de su hija: \u201cOrgullosa de vos Abrojito\u201d"},"content":{"rendered":"<p><span class=\"waslinkname\"><b>Evangelina Anderson<\/b><\/span> vivi\u00f3 una jornada cargada de emociones al acompa\u00f1ar a su hija menor, <b>Emma<\/b>, fruto de su relaci\u00f3n con<span class=\"waslinkname\"> <b>Mart\u00edn Demichelis<\/b><\/span>, en un d\u00eda especial en el colegio. La modelo y conductora comparti\u00f3 en sus redes sociales im\u00e1genes y videos que reflejaron el orgullo y la ternura que siente por los avances y la adaptaci\u00f3n de la peque\u00f1a, que sigue creciendo y sumando experiencias en cada nuevo pa\u00eds al que la familia se muda por motivos profesionales.<\/p>\n<p>En las fotos que comparti\u00f3, se pudo ver a Emma sentada en el aula, repasando carpetas y trabajos escolares con una sonrisa de satisfacci\u00f3n. En otras postales, Evangelina y su hija posaron abrazadas, rodeadas de pizarras, carteles de cumplea\u00f1os y banderas internacionales que decoraban el aula, mostrando la complicidad y el cari\u00f1o entre ambas. La atm\u00f3sfera es la de un ambiente escolar c\u00e1lido, colorido y abierto a la diversidad.<\/p>\n<p>Uno de los videos m\u00e1s destacados muestra a Emma leyendo una an\u00e9cdota escrita por ella, ahora traducida al espa\u00f1ol: \u201cMi hermana quer\u00eda ir al segundo piso, as\u00ed que fuimos. Nos aburrimos mucho, pero no encontramos a nuestra familia porque el shopping era muy, muy, muy grande. Y en esa \u00e9poca&#8230; esperen. En esa \u00e9poca, mi hermana era medio mala. Bueno, ac\u00e1 viene la parte interesante. As\u00ed que est\u00e1bamos caminando hasta que mi hermana empez\u00f3 a correr, \u00bfy adivinen qu\u00e9? Me perd\u00ed. Empec\u00e9 a llorar, pero de repente, vi a mi abuelo y le dije: \u2018Abuelo\u2019. Baj\u00e9 y lo abrac\u00e9. Entonces mi abuelo llam\u00f3 a mi familia y nos volvimos a juntar todos. S\u00ed, mi abuelo estaba en una silla de masajes. As\u00ed que mi familia vino y&#8230;\u201d<\/p>\n<p><img loading=\"lazy\" decoding=\"async\" src=\"https:\/\/lobosnews.com.ar\/wp-content\/uploads\/2026\/04\/el-acercamiento-de-evangelina-anderson-y-martin-demichelis-al-ver-el-crecimiento-de-su-hija-orgullosa-de-vos-abrojito.jpg\" alt=\"Evangelina Anderson sonr\u00ede mientras su hija Emma Demichelis la abraza con alegr\u00eda, celebrando juntas los logros escolares en un ambiente de orgullo familiar\" height=\"1440\" width=\"1080\"\/><img loading=\"lazy\" decoding=\"async\" src=\"https:\/\/lobosnews.com.ar\/wp-content\/uploads\/2026\/04\/el-acercamiento-de-evangelina-anderson-y-martin-demichelis-al-ver-el-crecimiento-de-su-hija-orgullosa-de-vos-abrojito-1.jpg\" alt=\"\"Estoy muy orgullosa de vos Abrojito\", escribi\u00f3 la modelo el pie de foto \" height=\"1440\" width=\"1080\"\/><img loading=\"lazy\" decoding=\"async\" src=\"https:\/\/lobosnews.com.ar\/wp-content\/uploads\/2026\/04\/el-acercamiento-de-evangelina-anderson-y-martin-demichelis-al-ver-el-crecimiento-de-su-hija-orgullosa-de-vos-abrojito-2.jpg\" alt=\"Eva estuvo el viernes acompa\u00f1ando a su hija menor\" height=\"1440\" width=\"1080\"\/><\/p>\n<p>Emocionada por el crecimiento de su hija, Evangelina acompa\u00f1\u00f3 la publicaci\u00f3n con un mensaje de aliento: \u201cEstoy muy orgullosa de vos Abrojito. No solo por c\u00f3mo te est\u00e1 yendo en la escuela, sino por la forma en que te esforz\u00e1s, aprend\u00e9s y te manej\u00e1s cada d\u00eda. Adapt\u00e1ndote a cualquier pa\u00eds y escuela. Se nota tu crecimiento y tu dedicaci\u00f3n. Segu\u00ed as\u00ed, confiando en vos, que vas por un camino hermoso. Te amo con el alma.\u201d<\/p>\n<p>La emoci\u00f3n y el orgullo familiar no terminaron ah\u00ed. Desde Mallorca, <b>Mart\u00edn Demichelis<\/b> comparti\u00f3 la publicaci\u00f3n de Evangelina y sum\u00f3 un mensaje directo para Emma: \u201c<b>Te amo y extra\u00f1o mi Emmita<\/b>\u201d, acompa\u00f1ado de emojis de coraz\u00f3n y carita enamorada. El gesto, que no pas\u00f3 desapercibido para sus seguidores, fue interpretado como un acercamiento entre el futbolista y Evangelina, y un recordatorio de que, m\u00e1s all\u00e1 de la distancia, el afecto y el acompa\u00f1amiento parental siguen siendo el motor de la familia.<\/p>\n<p>As\u00ed, la familia Anderson-Demichelis volvi\u00f3 a mostrar que el apoyo, el cari\u00f1o y el aliento mutuo siguen siendo el motor que los une, m\u00e1s all\u00e1 de cualquier circunstancia. Los peque\u00f1os logros de Emma y el orgullo compartido por sus padres dejaron en claro que la educaci\u00f3n y la adaptaci\u00f3n en otros pa\u00edses pueden ser tambi\u00e9n escenarios de amor y de celebraci\u00f3n familiar.<\/p>\n<p><img loading=\"lazy\" decoding=\"async\" src=\"https:\/\/lobosnews.com.ar\/wp-content\/uploads\/2026\/04\/el-acercamiento-de-evangelina-anderson-y-martin-demichelis-al-ver-el-crecimiento-de-su-hija-orgullosa-de-vos-abrojito-3.jpg\" alt=\"Emma va al mismo colegio que las hijas de Wanda Nara y tiene el mismo ciclo lectivo que Estados Unidos \" height=\"1440\" width=\"1080\"\/><img loading=\"lazy\" decoding=\"async\" src=\"https:\/\/lobosnews.com.ar\/wp-content\/uploads\/2026\/04\/el-acercamiento-de-evangelina-anderson-y-martin-demichelis-al-ver-el-crecimiento-de-su-hija-orgullosa-de-vos-abrojito-4.jpg\" alt=\"La reacci\u00f3n de Demichelis y el leve acercamiento con Evangelina \" height=\"584\" width=\"333\"\/><\/p>\n<p>Semanas atr\u00e1s, la ex<i>MasterChef Celebrity <\/i>cont\u00f3 en <i>LAM <\/i>(Am\u00e9rica TV) por primera vez que una de sus hijas fue v\u00edctima de bullying en la escuela tras la disputa de un supercl\u00e1sico entre Boca y River que termin\u00f3 con triunfo del Millonario.\u201c<b>A mi hija la agarraron entre cuatro nenes en la escuela, la rodearon, la tiraron al piso y le empezaron a pegar grit\u00e1ndole: \u2018Aguante Boca\u2019<\/b>\u201d,<b> <\/b>relat\u00f3. La situaci\u00f3n ocurri\u00f3 en el contexto escolar y, seg\u00fan Anderson, nadie del colegio la contact\u00f3 para informarle lo sucedido. \u201cLa fui a buscar y no me avisaron. Mi hija entr\u00f3 llorando, la tuve que llevar al hospital. Fue todo muy traum\u00e1tico\u201d, describi\u00f3.<\/p>\n","protected":false},"excerpt":{"rendered":"<p>Evangelina Anderson vivi\u00f3 una jornada cargada de emociones al acompa\u00f1ar a su hija menor, Emma, fruto de su relaci\u00f3n con Mart\u00edn Demichelis, en un d\u00eda especial en el colegio. La modelo y conductora comparti\u00f3 en sus redes sociales im\u00e1genes y videos que reflejaron el orgullo y la ternura que siente por los avances y la&#8230;<\/p>\n","protected":false},"author":1,"featured_media":44886,"comment_status":"open","ping_status":"closed","sticky":false,"template":"","format":"standard","meta":{"_jetpack_memberships_contains_paid_content":false,"footnotes":""},"categories":[79],"tags":[],"class_list":["post-44879","post","type-post","status-publish","format-standard","has-post-thumbnail","hentry","category-cine-y-series"],"magazineBlocksPostFeaturedMedia":{"thumbnail":"https:\/\/lobosnews.com.ar\/wp-content\/uploads\/2026\/04\/el-acercamiento-de-evangelina-anderson-y-martin-demichelis-al-ver-el-crecimiento-de-su-hija-orgullosa-de-vos-abrojito-8-150x150.jpg","medium":"https:\/\/lobosnews.com.ar\/wp-content\/uploads\/2026\/04\/el-acercamiento-de-evangelina-anderson-y-martin-demichelis-al-ver-el-crecimiento-de-su-hija-orgullosa-de-vos-abrojito-8-171x300.jpg","medium_large":"https:\/\/lobosnews.com.ar\/wp-content\/uploads\/2026\/04\/el-acercamiento-de-evangelina-anderson-y-martin-demichelis-al-ver-el-crecimiento-de-su-hija-orgullosa-de-vos-abrojito-8.jpg","large":"https:\/\/lobosnews.com.ar\/wp-content\/uploads\/2026\/04\/el-acercamiento-de-evangelina-anderson-y-martin-demichelis-al-ver-el-crecimiento-de-su-hija-orgullosa-de-vos-abrojito-8.jpg","1536x1536":"https:\/\/lobosnews.com.ar\/wp-content\/uploads\/2026\/04\/el-acercamiento-de-evangelina-anderson-y-martin-demichelis-al-ver-el-crecimiento-de-su-hija-orgullosa-de-vos-abrojito-8.jpg","2048x2048":"https:\/\/lobosnews.com.ar\/wp-content\/uploads\/2026\/04\/el-acercamiento-de-evangelina-anderson-y-martin-demichelis-al-ver-el-crecimiento-de-su-hija-orgullosa-de-vos-abrojito-8.jpg","newsmatic-featured":"https:\/\/lobosnews.com.ar\/wp-content\/uploads\/2026\/04\/el-acercamiento-de-evangelina-anderson-y-martin-demichelis-al-ver-el-crecimiento-de-su-hija-orgullosa-de-vos-abrojito-8-333x545.jpg","newsmatic-list":"https:\/\/lobosnews.com.ar\/wp-content\/uploads\/2026\/04\/el-acercamiento-de-evangelina-anderson-y-martin-demichelis-al-ver-el-crecimiento-de-su-hija-orgullosa-de-vos-abrojito-8-333x400.jpg","newsmatic-thumb":"https:\/\/lobosnews.com.ar\/wp-content\/uploads\/2026\/04\/el-acercamiento-de-evangelina-anderson-y-martin-demichelis-al-ver-el-crecimiento-de-su-hija-orgullosa-de-vos-abrojito-8-300x200.jpg","newsmatic-small":"https:\/\/lobosnews.com.ar\/wp-content\/uploads\/2026\/04\/el-acercamiento-de-evangelina-anderson-y-martin-demichelis-al-ver-el-crecimiento-de-su-hija-orgullosa-de-vos-abrojito-8-150x95.jpg","newsmatic-grid":"https:\/\/lobosnews.com.ar\/wp-content\/uploads\/2026\/04\/el-acercamiento-de-evangelina-anderson-y-martin-demichelis-al-ver-el-crecimiento-de-su-hija-orgullosa-de-vos-abrojito-8-333x250.jpg"},"magazineBlocksPostAuthor":{"name":"admin","avatar":"https:\/\/secure.gravatar.com\/avatar\/76e419471a2083bc3ceab22a763dbbf9b0c1bd15a6214cf3280e2c2dde4580f9?s=96&d=mm&r=g"},"magazineBlocksPostCommentsNumber":"0","magazineBlocksPostExcerpt":"Evangelina Anderson vivi\u00f3 una jornada cargada de emociones al acompa\u00f1ar a su hija menor, Emma, fruto de su relaci\u00f3n con Mart\u00edn Demichelis, en un d\u00eda especial en el colegio. La modelo y conductora comparti\u00f3 en sus redes sociales im\u00e1genes y videos que reflejaron el orgullo y la ternura que siente por los avances y la...","magazineBlocksPostCategories":["Cine y Series"],"magazineBlocksPostViewCount":6,"magazineBlocksPostReadTime":4,"magazine_blocks_featured_image_url":{"full":["https:\/\/lobosnews.com.ar\/wp-content\/uploads\/2026\/04\/el-acercamiento-de-evangelina-anderson-y-martin-demichelis-al-ver-el-crecimiento-de-su-hija-orgullosa-de-vos-abrojito-8.jpg",333,584,false],"medium":["https:\/\/lobosnews.com.ar\/wp-content\/uploads\/2026\/04\/el-acercamiento-de-evangelina-anderson-y-martin-demichelis-al-ver-el-crecimiento-de-su-hija-orgullosa-de-vos-abrojito-8-171x300.jpg",171,300,true],"thumbnail":["https:\/\/lobosnews.com.ar\/wp-content\/uploads\/2026\/04\/el-acercamiento-de-evangelina-anderson-y-martin-demichelis-al-ver-el-crecimiento-de-su-hija-orgullosa-de-vos-abrojito-8-150x150.jpg",150,150,true]},"magazine_blocks_author":{"display_name":"admin","author_link":"https:\/\/lobosnews.com.ar\/index.php\/author\/lobos-news\/"},"magazine_blocks_comment":0,"magazine_blocks_author_image":"https:\/\/secure.gravatar.com\/avatar\/76e419471a2083bc3ceab22a763dbbf9b0c1bd15a6214cf3280e2c2dde4580f9?s=96&d=mm&r=g","magazine_blocks_category":"<a href=\"#\" class=\"category-link category-link-79\">Cine y Series<\/a>","yoast_head":"<!-- This site is optimized with the Yoast SEO plugin v26.6 - https:\/\/yoast.com\/wordpress\/plugins\/seo\/ -->\n<title>El acercamiento de Evangelina Anderson y Mart\u00edn Demichelis al ver el crecimiento de su hija: \u201cOrgullosa de vos Abrojito\u201d - Lobos News<\/title>\n<meta name=\"robots\" content=\"index, follow, max-snippet:-1, max-image-preview:large, max-video-preview:-1\" \/>\n<link rel=\"canonical\" href=\"https:\/\/lobosnews.com.ar\/index.php\/2026\/04\/24\/el-acercamiento-de-evangelina-anderson-y-martin-demichelis-al-ver-el-crecimiento-de-su-hija-orgullosa-de-vos-abrojito\/\" \/>\n<meta property=\"og:locale\" content=\"es_ES\" \/>\n<meta property=\"og:type\" content=\"article\" \/>\n<meta property=\"og:title\" content=\"El acercamiento de Evangelina Anderson y Mart\u00edn Demichelis al ver el crecimiento de su hija: \u201cOrgullosa de vos Abrojito\u201d - Lobos News\" \/>\n<meta property=\"og:description\" content=\"Evangelina Anderson vivi\u00f3 una jornada cargada de emociones al acompa\u00f1ar a su hija menor, Emma, fruto de su relaci\u00f3n con Mart\u00edn Demichelis, en un d\u00eda especial en el colegio. La modelo y conductora comparti\u00f3 en sus redes sociales im\u00e1genes y videos que reflejaron el orgullo y la ternura que siente por los avances y la...\" \/>\n<meta property=\"og:url\" content=\"https:\/\/lobosnews.com.ar\/index.php\/2026\/04\/24\/el-acercamiento-de-evangelina-anderson-y-martin-demichelis-al-ver-el-crecimiento-de-su-hija-orgullosa-de-vos-abrojito\/\" \/>\n<meta property=\"og:site_name\" content=\"Lobos News\" \/>\n<meta property=\"article:published_time\" content=\"2026-04-24T21:21:47+00:00\" \/>\n<meta property=\"article:modified_time\" content=\"2026-04-25T02:36:48+00:00\" \/>\n<meta property=\"og:image\" content=\"https:\/\/lobosnews.com.ar\/wp-content\/uploads\/2026\/04\/el-acercamiento-de-evangelina-anderson-y-martin-demichelis-al-ver-el-crecimiento-de-su-hija-orgullosa-de-vos-abrojito.jpg\" \/>\n<meta name=\"author\" content=\"admin\" \/>\n<meta name=\"twitter:card\" content=\"summary_large_image\" \/>\n<meta name=\"twitter:label1\" content=\"Escrito por\" \/>\n\t<meta name=\"twitter:data1\" content=\"admin\" \/>\n\t<meta name=\"twitter:label2\" content=\"Tiempo de lectura\" \/>\n\t<meta name=\"twitter:data2\" content=\"3 minutos\" \/>\n<script type=\"application\/ld+json\" class=\"yoast-schema-graph\">{\"@context\":\"https:\/\/schema.org\",\"@graph\":[{\"@type\":\"Article\",\"@id\":\"https:\/\/lobosnews.com.ar\/index.php\/2026\/04\/24\/el-acercamiento-de-evangelina-anderson-y-martin-demichelis-al-ver-el-crecimiento-de-su-hija-orgullosa-de-vos-abrojito\/#article\",\"isPartOf\":{\"@id\":\"https:\/\/lobosnews.com.ar\/index.php\/2026\/04\/24\/el-acercamiento-de-evangelina-anderson-y-martin-demichelis-al-ver-el-crecimiento-de-su-hija-orgullosa-de-vos-abrojito\/\"},\"author\":{\"name\":\"admin\",\"@id\":\"https:\/\/lobosnews.com.ar\/#\/schema\/person\/232422a593d5c541dd9aef6aaed10943\"},\"headline\":\"El acercamiento de Evangelina Anderson y Mart\u00edn Demichelis al ver el crecimiento de su hija: \u201cOrgullosa de vos Abrojito\u201d\",\"datePublished\":\"2026-04-24T21:21:47+00:00\",\"dateModified\":\"2026-04-25T02:36:48+00:00\",\"mainEntityOfPage\":{\"@id\":\"https:\/\/lobosnews.com.ar\/index.php\/2026\/04\/24\/el-acercamiento-de-evangelina-anderson-y-martin-demichelis-al-ver-el-crecimiento-de-su-hija-orgullosa-de-vos-abrojito\/\"},\"wordCount\":672,\"commentCount\":0,\"publisher\":{\"@id\":\"https:\/\/lobosnews.com.ar\/#organization\"},\"image\":{\"@id\":\"https:\/\/lobosnews.com.ar\/index.php\/2026\/04\/24\/el-acercamiento-de-evangelina-anderson-y-martin-demichelis-al-ver-el-crecimiento-de-su-hija-orgullosa-de-vos-abrojito\/#primaryimage\"},\"thumbnailUrl\":\"https:\/\/lobosnews.com.ar\/wp-content\/uploads\/2026\/04\/el-acercamiento-de-evangelina-anderson-y-martin-demichelis-al-ver-el-crecimiento-de-su-hija-orgullosa-de-vos-abrojito-8.jpg\",\"articleSection\":[\"Cine y Series\"],\"inLanguage\":\"es\",\"potentialAction\":[{\"@type\":\"CommentAction\",\"name\":\"Comment\",\"target\":[\"https:\/\/lobosnews.com.ar\/index.php\/2026\/04\/24\/el-acercamiento-de-evangelina-anderson-y-martin-demichelis-al-ver-el-crecimiento-de-su-hija-orgullosa-de-vos-abrojito\/#respond\"]}]},{\"@type\":\"WebPage\",\"@id\":\"https:\/\/lobosnews.com.ar\/index.php\/2026\/04\/24\/el-acercamiento-de-evangelina-anderson-y-martin-demichelis-al-ver-el-crecimiento-de-su-hija-orgullosa-de-vos-abrojito\/\",\"url\":\"https:\/\/lobosnews.com.ar\/index.php\/2026\/04\/24\/el-acercamiento-de-evangelina-anderson-y-martin-demichelis-al-ver-el-crecimiento-de-su-hija-orgullosa-de-vos-abrojito\/\",\"name\":\"El acercamiento de Evangelina Anderson y Mart\u00edn Demichelis al ver el crecimiento de su hija: \u201cOrgullosa de vos Abrojito\u201d - Lobos News\",\"isPartOf\":{\"@id\":\"https:\/\/lobosnews.com.ar\/#website\"},\"primaryImageOfPage\":{\"@id\":\"https:\/\/lobosnews.com.ar\/index.php\/2026\/04\/24\/el-acercamiento-de-evangelina-anderson-y-martin-demichelis-al-ver-el-crecimiento-de-su-hija-orgullosa-de-vos-abrojito\/#primaryimage\"},\"image\":{\"@id\":\"https:\/\/lobosnews.com.ar\/index.php\/2026\/04\/24\/el-acercamiento-de-evangelina-anderson-y-martin-demichelis-al-ver-el-crecimiento-de-su-hija-orgullosa-de-vos-abrojito\/#primaryimage\"},\"thumbnailUrl\":\"https:\/\/lobosnews.com.ar\/wp-content\/uploads\/2026\/04\/el-acercamiento-de-evangelina-anderson-y-martin-demichelis-al-ver-el-crecimiento-de-su-hija-orgullosa-de-vos-abrojito-8.jpg\",\"datePublished\":\"2026-04-24T21:21:47+00:00\",\"dateModified\":\"2026-04-25T02:36:48+00:00\",\"breadcrumb\":{\"@id\":\"https:\/\/lobosnews.com.ar\/index.php\/2026\/04\/24\/el-acercamiento-de-evangelina-anderson-y-martin-demichelis-al-ver-el-crecimiento-de-su-hija-orgullosa-de-vos-abrojito\/#breadcrumb\"},\"inLanguage\":\"es\",\"potentialAction\":[{\"@type\":\"ReadAction\",\"target\":[\"https:\/\/lobosnews.com.ar\/index.php\/2026\/04\/24\/el-acercamiento-de-evangelina-anderson-y-martin-demichelis-al-ver-el-crecimiento-de-su-hija-orgullosa-de-vos-abrojito\/\"]}]},{\"@type\":\"ImageObject\",\"inLanguage\":\"es\",\"@id\":\"https:\/\/lobosnews.com.ar\/index.php\/2026\/04\/24\/el-acercamiento-de-evangelina-anderson-y-martin-demichelis-al-ver-el-crecimiento-de-su-hija-orgullosa-de-vos-abrojito\/#primaryimage\",\"url\":\"https:\/\/lobosnews.com.ar\/wp-content\/uploads\/2026\/04\/el-acercamiento-de-evangelina-anderson-y-martin-demichelis-al-ver-el-crecimiento-de-su-hija-orgullosa-de-vos-abrojito-8.jpg\",\"contentUrl\":\"https:\/\/lobosnews.com.ar\/wp-content\/uploads\/2026\/04\/el-acercamiento-de-evangelina-anderson-y-martin-demichelis-al-ver-el-crecimiento-de-su-hija-orgullosa-de-vos-abrojito-8.jpg\",\"width\":333,\"height\":584,\"caption\":\"El acercamiento de Evangelina Anderson y Mart\u00edn Demichelis al ver el crecimiento de su hija: \u201cOrgullosa de vos Abrojito\u201d\"},{\"@type\":\"BreadcrumbList\",\"@id\":\"https:\/\/lobosnews.com.ar\/index.php\/2026\/04\/24\/el-acercamiento-de-evangelina-anderson-y-martin-demichelis-al-ver-el-crecimiento-de-su-hija-orgullosa-de-vos-abrojito\/#breadcrumb\",\"itemListElement\":[{\"@type\":\"ListItem\",\"position\":1,\"name\":\"Portada\",\"item\":\"https:\/\/lobosnews.com.ar\/\"},{\"@type\":\"ListItem\",\"position\":2,\"name\":\"El acercamiento de Evangelina Anderson y Mart\u00edn Demichelis al ver el crecimiento de su hija: \u201cOrgullosa de vos Abrojito\u201d\"}]},{\"@type\":\"WebSite\",\"@id\":\"https:\/\/lobosnews.com.ar\/#website\",\"url\":\"https:\/\/lobosnews.com.ar\/\",\"name\":\"Lobos News\",\"description\":\"Informaci\u00f3n a cada instante\",\"publisher\":{\"@id\":\"https:\/\/lobosnews.com.ar\/#organization\"},\"potentialAction\":[{\"@type\":\"SearchAction\",\"target\":{\"@type\":\"EntryPoint\",\"urlTemplate\":\"https:\/\/lobosnews.com.ar\/?s={search_term_string}\"},\"query-input\":{\"@type\":\"PropertyValueSpecification\",\"valueRequired\":true,\"valueName\":\"search_term_string\"}}],\"inLanguage\":\"es\"},{\"@type\":\"Organization\",\"@id\":\"https:\/\/lobosnews.com.ar\/#organization\",\"name\":\"Lobos News\",\"url\":\"https:\/\/lobosnews.com.ar\/\",\"logo\":{\"@type\":\"ImageObject\",\"inLanguage\":\"es\",\"@id\":\"https:\/\/lobosnews.com.ar\/#\/schema\/logo\/image\/\",\"url\":\"https:\/\/lobosnews.com.ar\/wp-content\/uploads\/2026\/01\/logo-lobosnews.png\",\"contentUrl\":\"https:\/\/lobosnews.com.ar\/wp-content\/uploads\/2026\/01\/logo-lobosnews.png\",\"width\":500,\"height\":200,\"caption\":\"Lobos News\"},\"image\":{\"@id\":\"https:\/\/lobosnews.com.ar\/#\/schema\/logo\/image\/\"}},{\"@type\":\"Person\",\"@id\":\"https:\/\/lobosnews.com.ar\/#\/schema\/person\/232422a593d5c541dd9aef6aaed10943\",\"name\":\"admin\",\"image\":{\"@type\":\"ImageObject\",\"inLanguage\":\"es\",\"@id\":\"https:\/\/lobosnews.com.ar\/#\/schema\/person\/image\/\",\"url\":\"https:\/\/secure.gravatar.com\/avatar\/76e419471a2083bc3ceab22a763dbbf9b0c1bd15a6214cf3280e2c2dde4580f9?s=96&d=mm&r=g\",\"contentUrl\":\"https:\/\/secure.gravatar.com\/avatar\/76e419471a2083bc3ceab22a763dbbf9b0c1bd15a6214cf3280e2c2dde4580f9?s=96&d=mm&r=g\",\"caption\":\"admin\"},\"sameAs\":[\"https:\/\/lobosnews.com.ar\"],\"url\":\"https:\/\/lobosnews.com.ar\/index.php\/author\/lobos-news\/\"}]}<\/script>\n<!-- \/ Yoast SEO plugin. -->","yoast_head_json":{"title":"El acercamiento de Evangelina Anderson y Mart\u00edn Demichelis al ver el crecimiento de su hija: \u201cOrgullosa de vos Abrojito\u201d - Lobos News","robots":{"index":"index","follow":"follow","max-snippet":"max-snippet:-1","max-image-preview":"max-image-preview:large","max-video-preview":"max-video-preview:-1"},"canonical":"https:\/\/lobosnews.com.ar\/index.php\/2026\/04\/24\/el-acercamiento-de-evangelina-anderson-y-martin-demichelis-al-ver-el-crecimiento-de-su-hija-orgullosa-de-vos-abrojito\/","og_locale":"es_ES","og_type":"article","og_title":"El acercamiento de Evangelina Anderson y Mart\u00edn Demichelis al ver el crecimiento de su hija: \u201cOrgullosa de vos Abrojito\u201d - Lobos News","og_description":"Evangelina Anderson vivi\u00f3 una jornada cargada de emociones al acompa\u00f1ar a su hija menor, Emma, fruto de su relaci\u00f3n con Mart\u00edn Demichelis, en un d\u00eda especial en el colegio. La modelo y conductora comparti\u00f3 en sus redes sociales im\u00e1genes y videos que reflejaron el orgullo y la ternura que siente por los avances y la...","og_url":"https:\/\/lobosnews.com.ar\/index.php\/2026\/04\/24\/el-acercamiento-de-evangelina-anderson-y-martin-demichelis-al-ver-el-crecimiento-de-su-hija-orgullosa-de-vos-abrojito\/","og_site_name":"Lobos News","article_published_time":"2026-04-24T21:21:47+00:00","article_modified_time":"2026-04-25T02:36:48+00:00","og_image":[{"url":"https:\/\/lobosnews.com.ar\/wp-content\/uploads\/2026\/04\/el-acercamiento-de-evangelina-anderson-y-martin-demichelis-al-ver-el-crecimiento-de-su-hija-orgullosa-de-vos-abrojito.jpg","type":"","width":"","height":""}],"author":"admin","twitter_card":"summary_large_image","twitter_misc":{"Escrito por":"admin","Tiempo de lectura":"3 minutos"},"schema":{"@context":"https:\/\/schema.org","@graph":[{"@type":"Article","@id":"https:\/\/lobosnews.com.ar\/index.php\/2026\/04\/24\/el-acercamiento-de-evangelina-anderson-y-martin-demichelis-al-ver-el-crecimiento-de-su-hija-orgullosa-de-vos-abrojito\/#article","isPartOf":{"@id":"https:\/\/lobosnews.com.ar\/index.php\/2026\/04\/24\/el-acercamiento-de-evangelina-anderson-y-martin-demichelis-al-ver-el-crecimiento-de-su-hija-orgullosa-de-vos-abrojito\/"},"author":{"name":"admin","@id":"https:\/\/lobosnews.com.ar\/#\/schema\/person\/232422a593d5c541dd9aef6aaed10943"},"headline":"El acercamiento de Evangelina Anderson y Mart\u00edn Demichelis al ver el crecimiento de su hija: \u201cOrgullosa de vos Abrojito\u201d","datePublished":"2026-04-24T21:21:47+00:00","dateModified":"2026-04-25T02:36:48+00:00","mainEntityOfPage":{"@id":"https:\/\/lobosnews.com.ar\/index.php\/2026\/04\/24\/el-acercamiento-de-evangelina-anderson-y-martin-demichelis-al-ver-el-crecimiento-de-su-hija-orgullosa-de-vos-abrojito\/"},"wordCount":672,"commentCount":0,"publisher":{"@id":"https:\/\/lobosnews.com.ar\/#organization"},"image":{"@id":"https:\/\/lobosnews.com.ar\/index.php\/2026\/04\/24\/el-acercamiento-de-evangelina-anderson-y-martin-demichelis-al-ver-el-crecimiento-de-su-hija-orgullosa-de-vos-abrojito\/#primaryimage"},"thumbnailUrl":"https:\/\/lobosnews.com.ar\/wp-content\/uploads\/2026\/04\/el-acercamiento-de-evangelina-anderson-y-martin-demichelis-al-ver-el-crecimiento-de-su-hija-orgullosa-de-vos-abrojito-8.jpg","articleSection":["Cine y Series"],"inLanguage":"es","potentialAction":[{"@type":"CommentAction","name":"Comment","target":["https:\/\/lobosnews.com.ar\/index.php\/2026\/04\/24\/el-acercamiento-de-evangelina-anderson-y-martin-demichelis-al-ver-el-crecimiento-de-su-hija-orgullosa-de-vos-abrojito\/#respond"]}]},{"@type":"WebPage","@id":"https:\/\/lobosnews.com.ar\/index.php\/2026\/04\/24\/el-acercamiento-de-evangelina-anderson-y-martin-demichelis-al-ver-el-crecimiento-de-su-hija-orgullosa-de-vos-abrojito\/","url":"https:\/\/lobosnews.com.ar\/index.php\/2026\/04\/24\/el-acercamiento-de-evangelina-anderson-y-martin-demichelis-al-ver-el-crecimiento-de-su-hija-orgullosa-de-vos-abrojito\/","name":"El acercamiento de Evangelina Anderson y Mart\u00edn Demichelis al ver el crecimiento de su hija: \u201cOrgullosa de vos Abrojito\u201d - Lobos News","isPartOf":{"@id":"https:\/\/lobosnews.com.ar\/#website"},"primaryImageOfPage":{"@id":"https:\/\/lobosnews.com.ar\/index.php\/2026\/04\/24\/el-acercamiento-de-evangelina-anderson-y-martin-demichelis-al-ver-el-crecimiento-de-su-hija-orgullosa-de-vos-abrojito\/#primaryimage"},"image":{"@id":"https:\/\/lobosnews.com.ar\/index.php\/2026\/04\/24\/el-acercamiento-de-evangelina-anderson-y-martin-demichelis-al-ver-el-crecimiento-de-su-hija-orgullosa-de-vos-abrojito\/#primaryimage"},"thumbnailUrl":"https:\/\/lobosnews.com.ar\/wp-content\/uploads\/2026\/04\/el-acercamiento-de-evangelina-anderson-y-martin-demichelis-al-ver-el-crecimiento-de-su-hija-orgullosa-de-vos-abrojito-8.jpg","datePublished":"2026-04-24T21:21:47+00:00","dateModified":"2026-04-25T02:36:48+00:00","breadcrumb":{"@id":"https:\/\/lobosnews.com.ar\/index.php\/2026\/04\/24\/el-acercamiento-de-evangelina-anderson-y-martin-demichelis-al-ver-el-crecimiento-de-su-hija-orgullosa-de-vos-abrojito\/#breadcrumb"},"inLanguage":"es","potentialAction":[{"@type":"ReadAction","target":["https:\/\/lobosnews.com.ar\/index.php\/2026\/04\/24\/el-acercamiento-de-evangelina-anderson-y-martin-demichelis-al-ver-el-crecimiento-de-su-hija-orgullosa-de-vos-abrojito\/"]}]},{"@type":"ImageObject","inLanguage":"es","@id":"https:\/\/lobosnews.com.ar\/index.php\/2026\/04\/24\/el-acercamiento-de-evangelina-anderson-y-martin-demichelis-al-ver-el-crecimiento-de-su-hija-orgullosa-de-vos-abrojito\/#primaryimage","url":"https:\/\/lobosnews.com.ar\/wp-content\/uploads\/2026\/04\/el-acercamiento-de-evangelina-anderson-y-martin-demichelis-al-ver-el-crecimiento-de-su-hija-orgullosa-de-vos-abrojito-8.jpg","contentUrl":"https:\/\/lobosnews.com.ar\/wp-content\/uploads\/2026\/04\/el-acercamiento-de-evangelina-anderson-y-martin-demichelis-al-ver-el-crecimiento-de-su-hija-orgullosa-de-vos-abrojito-8.jpg","width":333,"height":584,"caption":"El acercamiento de Evangelina Anderson y Mart\u00edn Demichelis al ver el crecimiento de su hija: \u201cOrgullosa de vos Abrojito\u201d"},{"@type":"BreadcrumbList","@id":"https:\/\/lobosnews.com.ar\/index.php\/2026\/04\/24\/el-acercamiento-de-evangelina-anderson-y-martin-demichelis-al-ver-el-crecimiento-de-su-hija-orgullosa-de-vos-abrojito\/#breadcrumb","itemListElement":[{"@type":"ListItem","position":1,"name":"Portada","item":"https:\/\/lobosnews.com.ar\/"},{"@type":"ListItem","position":2,"name":"El acercamiento de Evangelina Anderson y Mart\u00edn Demichelis al ver el crecimiento de su hija: \u201cOrgullosa de vos Abrojito\u201d"}]},{"@type":"WebSite","@id":"https:\/\/lobosnews.com.ar\/#website","url":"https:\/\/lobosnews.com.ar\/","name":"Lobos News","description":"Informaci\u00f3n a cada instante","publisher":{"@id":"https:\/\/lobosnews.com.ar\/#organization"},"potentialAction":[{"@type":"SearchAction","target":{"@type":"EntryPoint","urlTemplate":"https:\/\/lobosnews.com.ar\/?s={search_term_string}"},"query-input":{"@type":"PropertyValueSpecification","valueRequired":true,"valueName":"search_term_string"}}],"inLanguage":"es"},{"@type":"Organization","@id":"https:\/\/lobosnews.com.ar\/#organization","name":"Lobos News","url":"https:\/\/lobosnews.com.ar\/","logo":{"@type":"ImageObject","inLanguage":"es","@id":"https:\/\/lobosnews.com.ar\/#\/schema\/logo\/image\/","url":"https:\/\/lobosnews.com.ar\/wp-content\/uploads\/2026\/01\/logo-lobosnews.png","contentUrl":"https:\/\/lobosnews.com.ar\/wp-content\/uploads\/2026\/01\/logo-lobosnews.png","width":500,"height":200,"caption":"Lobos News"},"image":{"@id":"https:\/\/lobosnews.com.ar\/#\/schema\/logo\/image\/"}},{"@type":"Person","@id":"https:\/\/lobosnews.com.ar\/#\/schema\/person\/232422a593d5c541dd9aef6aaed10943","name":"admin","image":{"@type":"ImageObject","inLanguage":"es","@id":"https:\/\/lobosnews.com.ar\/#\/schema\/person\/image\/","url":"https:\/\/secure.gravatar.com\/avatar\/76e419471a2083bc3ceab22a763dbbf9b0c1bd15a6214cf3280e2c2dde4580f9?s=96&d=mm&r=g","contentUrl":"https:\/\/secure.gravatar.com\/avatar\/76e419471a2083bc3ceab22a763dbbf9b0c1bd15a6214cf3280e2c2dde4580f9?s=96&d=mm&r=g","caption":"admin"},"sameAs":["https:\/\/lobosnews.com.ar"],"url":"https:\/\/lobosnews.com.ar\/index.php\/author\/lobos-news\/"}]}},"jetpack_featured_media_url":"https:\/\/lobosnews.com.ar\/wp-content\/uploads\/2026\/04\/el-acercamiento-de-evangelina-anderson-y-martin-demichelis-al-ver-el-crecimiento-de-su-hija-orgullosa-de-vos-abrojito-8.jpg","jetpack_sharing_enabled":true,"_links":{"self":[{"href":"https:\/\/lobosnews.com.ar\/index.php\/wp-json\/wp\/v2\/posts\/44879","targetHints":{"allow":["GET"]}}],"collection":[{"href":"https:\/\/lobosnews.com.ar\/index.php\/wp-json\/wp\/v2\/posts"}],"about":[{"href":"https:\/\/lobosnews.com.ar\/index.php\/wp-json\/wp\/v2\/types\/post"}],"author":[{"embeddable":true,"href":"https:\/\/lobosnews.com.ar\/index.php\/wp-json\/wp\/v2\/users\/1"}],"replies":[{"embeddable":true,"href":"https:\/\/lobosnews.com.ar\/index.php\/wp-json\/wp\/v2\/comments?post=44879"}],"version-history":[{"count":1,"href":"https:\/\/lobosnews.com.ar\/index.php\/wp-json\/wp\/v2\/posts\/44879\/revisions"}],"predecessor-version":[{"id":44885,"href":"https:\/\/lobosnews.com.ar\/index.php\/wp-json\/wp\/v2\/posts\/44879\/revisions\/44885"}],"wp:featuredmedia":[{"embeddable":true,"href":"https:\/\/lobosnews.com.ar\/index.php\/wp-json\/wp\/v2\/media\/44886"}],"wp:attachment":[{"href":"https:\/\/lobosnews.com.ar\/index.php\/wp-json\/wp\/v2\/media?parent=44879"}],"wp:term":[{"taxonomy":"category","embeddable":true,"href":"https:\/\/lobosnews.com.ar\/index.php\/wp-json\/wp\/v2\/categories?post=44879"},{"taxonomy":"post_tag","embeddable":true,"href":"https:\/\/lobosnews.com.ar\/index.php\/wp-json\/wp\/v2\/tags?post=44879"}],"curies":[{"name":"wp","href":"https:\/\/api.w.org\/{rel}","templated":true}]}}