{"id":44872,"date":"2026-04-24T22:38:55","date_gmt":"2026-04-24T22:38:55","guid":{"rendered":"https:\/\/lobosnews.com.ar\/index.php\/2026\/04\/24\/susana-gimenez-confirmo-su-presencia-en-los-martin-fierro-de-la-moda-voy-es-divertido\/"},"modified":"2026-04-25T02:36:05","modified_gmt":"2026-04-25T02:36:05","slug":"susana-gimenez-confirmo-su-presencia-en-los-martin-fierro-de-la-moda-voy-es-divertido","status":"publish","type":"post","link":"https:\/\/lobosnews.com.ar\/index.php\/2026\/04\/24\/susana-gimenez-confirmo-su-presencia-en-los-martin-fierro-de-la-moda-voy-es-divertido\/","title":{"rendered":"Susana Gim\u00e9nez confirm\u00f3 su presencia en los Mart\u00edn Fierro de la Moda: \u201cVoy, es divertido\u201d"},"content":{"rendered":"<p>Los <span class=\"waslinkname\"><b>Mart\u00edn Fierro de la Moda<\/b><\/span> est\u00e1n cada vez m\u00e1s cerca y la expectativa crece de cara a la gala que se celebrar\u00e1 este domingo por la noche en la pantalla de Telefe. El evento, que re\u00fane a las principales figuras del espect\u00e1culo, el dise\u00f1o y el periodismo, se convirti\u00f3 en un cl\u00e1sico para reconocer el talento y la creatividad de la moda argentina. En ese marco, en medio de rumores y dudas por supuestos problemas de salud, el regreso de <span class=\"waslinkname\"><b>Susana Gim\u00e9nez<\/b><\/span> era uno de los m\u00e1s esperados.<\/p>\n<p>Desde el aeropuerto de Punta del Este, Susana despej\u00f3 todas las especulaciones en di\u00e1logo con<i> A la tarde<\/i> (Am\u00e9rica TV). Consultada sobre su preparaci\u00f3n para los Mart\u00edn Fierro de la Moda, la diva respondi\u00f3 con su cl\u00e1sico humor y confirm\u00f3: \u201c<b>S\u00ed, para esto me voy<\/b>\u201d. Cuando le dijeron que era una invitada especial, Susana replic\u00f3: \u201c<b>Nah, invitada especial no\u2026 pero es divertido<\/b>\u201d.<\/p>\n<p>Aprovech\u00f3 el contacto con la prensa para desmentir versiones acerca de una posible operaci\u00f3n: \u201cNo s\u00e9 qui\u00e9n dijo que estoy en no s\u00e9 qu\u00e9, que me van a operar. \u00bfDe qu\u00e9?\u201d, respondi\u00f3, y aclar\u00f3 que est\u00e1 bien de salud, pese a los llamados por rumores: \u201cMe llamaron dos mil personas para decirme \u2018\u00bfqu\u00e9 te pasa\u2019. Pero por favor\u201d.<\/p>\n<p><img loading=\"lazy\" decoding=\"async\" src=\"https:\/\/lobosnews.com.ar\/wp-content\/uploads\/2026\/04\/susana-gimenez-confirmo-su-presencia-en-los-martin-fierro-de-la-moda-voy-es-divertido.jpg\" alt=\"Desde que inici\u00f3 con su programa marc\u00f3 tendencia con cada uno de sus looks \" height=\"540\" width=\"960\"\/><\/p>\n<p>Susana detall\u00f3 adem\u00e1s que se realiz\u00f3 un tratamiento en la espalda y, ante el comentario sobre su agilidad, agradeci\u00f3 los elogios: \u201cAy, mi amor. S\u00ed, s\u00ed, s\u00ed. Est\u00e1 todo ah\u00ed genial. Gracias, gracias\u201d. Consultada sobre un posible especial en Miami y una nota con los Messi, la diva se mostr\u00f3 relajada: \u201cNo s\u00e9 si lo voy a hacer. Porque \u00bfsab\u00e9s qu\u00e9 pasa No tengo ganas de ir a Dallas, ac\u00e1, a Kansas. Yo voy a ir a Miami, cuando jueguen en Miami\u201d.<\/p>\n<p>As\u00ed, Susana Gim\u00e9nez confirm\u00f3 en persona que estar\u00e1 presente en la gran noche de la moda argentina, lista para volver a ser una de las protagonistas de la gala y despejando cualquier rumor sobre su salud.<\/p>\n<p>A lo largo de su carrera,<b>Susana logr\u00f3 construir un estilo propio<\/b>, con <b>elecciones audaces e inolvidables <\/b>tanto en televisi\u00f3n como en alfombras rojas, fiestas y eventos internacionales. Con un guardarropas que <b>incluye piezas de los m\u00e1s prestigiosos dise\u00f1adores nacionales e internacionales<\/b>, la conductora supo convertir cada una de sus apariciones en un verdadero acontecimiento, marcado por el <b>glamour, la originalidad y una impronta personal\u00edsima.<\/b><\/p>\n<p>Seg\u00fan pudo saber <b>Teleshow <\/b>de allegados cercanos a la diva,<b>Susana ya est\u00e1 ultimando los detalles para la gran noche<\/b>. En la previa, la conductora se encuentra en plena preparaci\u00f3n, eligiendo look y definiendo los \u00faltimos toques junto a su equipo de estilismo y maquillaje, fiel a su costumbre de sorprender con apuestas que marcan tendencia. La expectativa por su presencia no solo radica en el brillo y la sofisticaci\u00f3n que aporta a cada gala, sino tambi\u00e9n en <b>el homenaje especial que recibir\u00e1<\/b>: la organizaci\u00f3n decidi\u00f3 reconocer su trayectoria y su aporte a la moda argentina, celebrando su papel como inspiraci\u00f3n y musa de generaciones de dise\u00f1adores y seguidores.<\/p>\n<p><img loading=\"lazy\" decoding=\"async\" src=\"https:\/\/lobosnews.com.ar\/wp-content\/uploads\/2026\/04\/susana-gimenez-confirmo-su-presencia-en-los-martin-fierro-de-la-moda-voy-es-divertido-1.jpg\" alt=\"Susana Gim\u00e9nez deslumbra con su look impactante y personal en cada aparici\u00f3n p\u00fablica \" height=\"1164\" width=\"1920\"\/><\/p>\n<h2>Todos los nominados a los Mart\u00edn Fierro de la Moda<\/h2>\n<h3>Mejor estilo en conducci\u00f3n femenina en programa semanal<\/h3>\n<ul>\n<li>Mirtha Legrand (La noche de Mirtha)<\/li>\n<li>Juana Viale (Almorzando con Juana)<\/li>\n<li>Tet\u00e9 Coustarot (Argentina, de pel\u00edcula)<\/li>\n<li>Josefina \u201cChina\u201d Ansa (Lado V)<\/li>\n<\/ul>\n<h3>Mejor estilo en conducci\u00f3n masculina<\/h3>\n<ul>\n<li>Mario Pergolini (Otro d\u00eda perdido)<\/li>\n<li>Iv\u00e1n de Pineda (Pasapalabra)<\/li>\n<li>H\u00e9ctor Maugeri (+Caras)<\/li>\n<li>\u00c1ngel de Brito (LAM)<\/li>\n<li>Mariano I\u00fadica (Pol\u00e9mica en el bar)<\/li>\n<\/ul>\n<h3>Actriz con mejor estilo en ficci\u00f3n<\/h3>\n<ul>\n<li>Griselda Siciliani (Envidiosa)<\/li>\n<li>M\u00f3nica Anton\u00f3pulos (Menem)<\/li>\n<li>Julieta Zylberberg (Yiya)<\/li>\n<li>B\u00e1rbara Lombardo (Envidiosa)<\/li>\n<\/ul>\n<h3>Actor con mejor estilo en ficci\u00f3n<\/h3>\n<ul>\n<li>Benjam\u00edn Vicu\u00f1a (Coraz\u00f3n delator)<\/li>\n<li>Franco Masini (El Retorno)<\/li>\n<li>Leonardo Sbaraglia (Menem)<\/li>\n<\/ul>\n<p><img loading=\"lazy\" decoding=\"async\" src=\"https:\/\/lobosnews.com.ar\/wp-content\/uploads\/2026\/04\/susana-gimenez-confirmo-su-presencia-en-los-martin-fierro-de-la-moda-voy-es-divertido-2.jpg\" alt=\"Ambas mujeres estar\u00e1n en la gala de los Premios Mart\u00edn Fierro 2026\" height=\"1200\" width=\"1920\"\/><\/p>\n<h3>Mejor estilo femenino en Big Show<\/h3>\n<ul>\n<li>Lali Esp\u00f3sito (La Voz Argentina)<\/li>\n<li>Sof\u00eda Gonet (MasterChef Celebrity)<\/li>\n<li>Wanda Nara (MasterChef Celebrity)<\/li>\n<li>Carolina \u201cPampita\u201d Ardohain (Los 8 Escalones)<\/li>\n<\/ul>\n<h3>Mejor estilo masculino en Big Show<\/h3>\n<ul>\n<li>Ale Sergi (La Voz Argentina)<\/li>\n<li>Nico Occhiato (La Voz Argentina)<\/li>\n<li>Luck Ra (La Voz Argentina)<\/li>\n<\/ul>\n<h3>Mejor estilo panelista masculino<\/h3>\n<ul>\n<li>Hern\u00e1n Drago (Los 8 Escalones)<\/li>\n<li>Fabi\u00e1n Paz (DDM)<\/li>\n<li>Lizardo Ponce (SQP)<\/li>\n<li>Gast\u00f3n Trezeguet (Gran Hermano)<\/li>\n<\/ul>\n<h3>Mejor estilo panelista femenina<\/h3>\n<ul>\n<li>Anal\u00eda Franch\u00edn (A la Barbarrossa)<\/li>\n<li>Carolina Molinari (Puro Show)<\/li>\n<li>Sol P\u00e9rez (Gran Hermano)<\/li>\n<\/ul>\n<h3>Mejor estilo en conducci\u00f3n femenina en programa diario<\/h3>\n<ul>\n<li>Vero Lozano (Cort\u00e1 por Lozano)<\/li>\n<li>Yanina Latorre (SQP)<\/li>\n<li>Mariana Fabbiani (DDM)<\/li>\n<li>Flor de la V (Los Profesionales)<\/li>\n<\/ul>\n<h3>Mejor dise\u00f1ador\/a de moda femenina<\/h3>\n<ul>\n<li>Javier Saiach<\/li>\n<li>Evangelina Bomparola<\/li>\n<li>Marcelo Senra<\/li>\n<li>Juan Hern\u00e1ndez Daels<\/li>\n<\/ul>\n<h3>Mejor dise\u00f1ador de moda masculina<\/h3>\n<ul>\n<li>Mat\u00edas Carbone<\/li>\n<li>Nicol\u00e1s Zaffora<\/li>\n<li>Sebasti\u00e1n Raimondi<\/li>\n<\/ul>\n<p><img loading=\"lazy\" decoding=\"async\" src=\"https:\/\/lobosnews.com.ar\/wp-content\/uploads\/2026\/04\/susana-gimenez-confirmo-su-presencia-en-los-martin-fierro-de-la-moda-voy-es-divertido-3.jpg\" alt=\"En cada uno de los programas que tuvo en la pantalla de Telefe marc\u00f3 tendencia \" height=\"631\" width=\"405\"\/><\/p>\n<h3>Mejor estilo masculino en streaming<\/h3>\n<ul>\n<li>Santi Talledo (Telefe \u2013 Luzu)<\/li>\n<li>Grego Rossello (Telefe)<\/li>\n<li>Fer Dente (Olga)<\/li>\n<li>Nacho Elizalde (Olga)<\/li>\n<\/ul>\n<h3>Mejor estilo femenino en streaming<\/h3>\n<ul>\n<li>Momi Giardina (Telefe \u2013 Luzu)<\/li>\n<li>Evelyn Botto (Olga)<\/li>\n<li>Flor Jazm\u00edn Pe\u00f1a (Luzu)<\/li>\n<li>Nati Jota (Telefe \u2013 Olga)<\/li>\n<\/ul>\n<h3>Mejor estilista<\/h3>\n<ul>\n<li>Mariana Garc\u00eda Navarro \u2013 Nacho Garc\u00eda Rocha (Los Garc\u00eda)<\/li>\n<li>Romina Giangreco<\/li>\n<li>Celina Lattanzio (Negra Negra)<\/li>\n<\/ul>\n<h3>Mejor estilo en redes<\/h3>\n<ul>\n<li>Carolina \u201cPampita\u201d Ardohain<\/li>\n<li>Valentina Zenere<\/li>\n<li>Martita Fort<\/li>\n<li>Tefi Russo<\/li>\n<\/ul>\n<h3>Mejor maquillador\/a<\/h3>\n<ul>\n<li>Mabby Autino<\/li>\n<li>Vero Luna<\/li>\n<li>Gervasio Larrivey<\/li>\n<\/ul>\n<h3>Mejor peluquero<\/h3>\n<ul>\n<li>Max Jara<\/li>\n<li>Mauro Max De Brito<\/li>\n<li>Facu D\u00edaz (Niche Studio)<\/li>\n<li>Cristian Rey<\/li>\n<\/ul>\n<h3>Mejor influencer de moda<\/h3>\n<ul>\n<li>Zaira Nara<\/li>\n<li>Stephanie Demner<\/li>\n<li>Zuzu Codeu<\/li>\n<\/ul>\n<h3>Nuevo talento de la moda<\/h3>\n<ul>\n<li>Valentina Schuchner<\/li>\n<li>Luz Ballesteros<\/li>\n<li>Anushka Elliot<\/li>\n<\/ul>\n","protected":false},"excerpt":{"rendered":"<p>Los Mart\u00edn Fierro de la Moda est\u00e1n cada vez m\u00e1s cerca y la expectativa crece de cara a la gala que se celebrar\u00e1 este domingo por la noche en la pantalla de Telefe. El evento, que re\u00fane a las principales figuras del espect\u00e1culo, el dise\u00f1o y el periodismo, se convirti\u00f3 en un cl\u00e1sico para reconocer&#8230;<\/p>\n","protected":false},"author":1,"featured_media":44878,"comment_status":"open","ping_status":"closed","sticky":false,"template":"","format":"standard","meta":{"_jetpack_memberships_contains_paid_content":false,"footnotes":""},"categories":[79],"tags":[],"class_list":["post-44872","post","type-post","status-publish","format-standard","has-post-thumbnail","hentry","category-cine-y-series"],"magazineBlocksPostFeaturedMedia":{"thumbnail":"https:\/\/lobosnews.com.ar\/wp-content\/uploads\/2026\/04\/susana-gimenez-confirmo-su-presencia-en-los-martin-fierro-de-la-moda-voy-es-divertido-6-150x150.jpg","medium":"https:\/\/lobosnews.com.ar\/wp-content\/uploads\/2026\/04\/susana-gimenez-confirmo-su-presencia-en-los-martin-fierro-de-la-moda-voy-es-divertido-6-193x300.jpg","medium_large":"https:\/\/lobosnews.com.ar\/wp-content\/uploads\/2026\/04\/susana-gimenez-confirmo-su-presencia-en-los-martin-fierro-de-la-moda-voy-es-divertido-6.jpg","large":"https:\/\/lobosnews.com.ar\/wp-content\/uploads\/2026\/04\/susana-gimenez-confirmo-su-presencia-en-los-martin-fierro-de-la-moda-voy-es-divertido-6.jpg","1536x1536":"https:\/\/lobosnews.com.ar\/wp-content\/uploads\/2026\/04\/susana-gimenez-confirmo-su-presencia-en-los-martin-fierro-de-la-moda-voy-es-divertido-6.jpg","2048x2048":"https:\/\/lobosnews.com.ar\/wp-content\/uploads\/2026\/04\/susana-gimenez-confirmo-su-presencia-en-los-martin-fierro-de-la-moda-voy-es-divertido-6.jpg","newsmatic-featured":"https:\/\/lobosnews.com.ar\/wp-content\/uploads\/2026\/04\/susana-gimenez-confirmo-su-presencia-en-los-martin-fierro-de-la-moda-voy-es-divertido-6-405x545.jpg","newsmatic-list":"https:\/\/lobosnews.com.ar\/wp-content\/uploads\/2026\/04\/susana-gimenez-confirmo-su-presencia-en-los-martin-fierro-de-la-moda-voy-es-divertido-6-405x400.jpg","newsmatic-thumb":"https:\/\/lobosnews.com.ar\/wp-content\/uploads\/2026\/04\/susana-gimenez-confirmo-su-presencia-en-los-martin-fierro-de-la-moda-voy-es-divertido-6-300x200.jpg","newsmatic-small":"https:\/\/lobosnews.com.ar\/wp-content\/uploads\/2026\/04\/susana-gimenez-confirmo-su-presencia-en-los-martin-fierro-de-la-moda-voy-es-divertido-6-150x95.jpg","newsmatic-grid":"https:\/\/lobosnews.com.ar\/wp-content\/uploads\/2026\/04\/susana-gimenez-confirmo-su-presencia-en-los-martin-fierro-de-la-moda-voy-es-divertido-6-400x250.jpg"},"magazineBlocksPostAuthor":{"name":"admin","avatar":"https:\/\/secure.gravatar.com\/avatar\/76e419471a2083bc3ceab22a763dbbf9b0c1bd15a6214cf3280e2c2dde4580f9?s=96&d=mm&r=g"},"magazineBlocksPostCommentsNumber":"0","magazineBlocksPostExcerpt":"Los Mart\u00edn Fierro de la Moda est\u00e1n cada vez m\u00e1s cerca y la expectativa crece de cara a la gala que se celebrar\u00e1 este domingo por la noche en la pantalla de Telefe. El evento, que re\u00fane a las principales figuras del espect\u00e1culo, el dise\u00f1o y el periodismo, se convirti\u00f3 en un cl\u00e1sico para reconocer...","magazineBlocksPostCategories":["Cine y Series"],"magazineBlocksPostViewCount":7,"magazineBlocksPostReadTime":5,"magazine_blocks_featured_image_url":{"full":["https:\/\/lobosnews.com.ar\/wp-content\/uploads\/2026\/04\/susana-gimenez-confirmo-su-presencia-en-los-martin-fierro-de-la-moda-voy-es-divertido-6.jpg",405,631,false],"medium":["https:\/\/lobosnews.com.ar\/wp-content\/uploads\/2026\/04\/susana-gimenez-confirmo-su-presencia-en-los-martin-fierro-de-la-moda-voy-es-divertido-6-193x300.jpg",193,300,true],"thumbnail":["https:\/\/lobosnews.com.ar\/wp-content\/uploads\/2026\/04\/susana-gimenez-confirmo-su-presencia-en-los-martin-fierro-de-la-moda-voy-es-divertido-6-150x150.jpg",150,150,true]},"magazine_blocks_author":{"display_name":"admin","author_link":"https:\/\/lobosnews.com.ar\/index.php\/author\/lobos-news\/"},"magazine_blocks_comment":0,"magazine_blocks_author_image":"https:\/\/secure.gravatar.com\/avatar\/76e419471a2083bc3ceab22a763dbbf9b0c1bd15a6214cf3280e2c2dde4580f9?s=96&d=mm&r=g","magazine_blocks_category":"<a href=\"#\" class=\"category-link category-link-79\">Cine y Series<\/a>","yoast_head":"<!-- This site is optimized with the Yoast SEO plugin v26.6 - https:\/\/yoast.com\/wordpress\/plugins\/seo\/ -->\n<title>Susana Gim\u00e9nez confirm\u00f3 su presencia en los Mart\u00edn Fierro de la Moda: \u201cVoy, es divertido\u201d - Lobos News<\/title>\n<meta name=\"robots\" content=\"index, follow, max-snippet:-1, max-image-preview:large, max-video-preview:-1\" \/>\n<link rel=\"canonical\" href=\"https:\/\/lobosnews.com.ar\/index.php\/2026\/04\/24\/susana-gimenez-confirmo-su-presencia-en-los-martin-fierro-de-la-moda-voy-es-divertido\/\" \/>\n<meta property=\"og:locale\" content=\"es_ES\" \/>\n<meta property=\"og:type\" content=\"article\" \/>\n<meta property=\"og:title\" content=\"Susana Gim\u00e9nez confirm\u00f3 su presencia en los Mart\u00edn Fierro de la Moda: \u201cVoy, es divertido\u201d - Lobos News\" \/>\n<meta property=\"og:description\" content=\"Los Mart\u00edn Fierro de la Moda est\u00e1n cada vez m\u00e1s cerca y la expectativa crece de cara a la gala que se celebrar\u00e1 este domingo por la noche en la pantalla de Telefe. El evento, que re\u00fane a las principales figuras del espect\u00e1culo, el dise\u00f1o y el periodismo, se convirti\u00f3 en un cl\u00e1sico para reconocer...\" \/>\n<meta property=\"og:url\" content=\"https:\/\/lobosnews.com.ar\/index.php\/2026\/04\/24\/susana-gimenez-confirmo-su-presencia-en-los-martin-fierro-de-la-moda-voy-es-divertido\/\" \/>\n<meta property=\"og:site_name\" content=\"Lobos News\" \/>\n<meta property=\"article:published_time\" content=\"2026-04-24T22:38:55+00:00\" \/>\n<meta property=\"article:modified_time\" content=\"2026-04-25T02:36:05+00:00\" \/>\n<meta property=\"og:image\" content=\"https:\/\/lobosnews.com.ar\/wp-content\/uploads\/2026\/04\/susana-gimenez-confirmo-su-presencia-en-los-martin-fierro-de-la-moda-voy-es-divertido.jpg\" \/>\n<meta name=\"author\" content=\"admin\" \/>\n<meta name=\"twitter:card\" content=\"summary_large_image\" \/>\n<meta name=\"twitter:label1\" content=\"Escrito por\" \/>\n\t<meta name=\"twitter:data1\" content=\"admin\" \/>\n\t<meta name=\"twitter:label2\" content=\"Tiempo de lectura\" \/>\n\t<meta name=\"twitter:data2\" content=\"5 minutos\" \/>\n<script type=\"application\/ld+json\" class=\"yoast-schema-graph\">{\"@context\":\"https:\/\/schema.org\",\"@graph\":[{\"@type\":\"Article\",\"@id\":\"https:\/\/lobosnews.com.ar\/index.php\/2026\/04\/24\/susana-gimenez-confirmo-su-presencia-en-los-martin-fierro-de-la-moda-voy-es-divertido\/#article\",\"isPartOf\":{\"@id\":\"https:\/\/lobosnews.com.ar\/index.php\/2026\/04\/24\/susana-gimenez-confirmo-su-presencia-en-los-martin-fierro-de-la-moda-voy-es-divertido\/\"},\"author\":{\"name\":\"admin\",\"@id\":\"https:\/\/lobosnews.com.ar\/#\/schema\/person\/232422a593d5c541dd9aef6aaed10943\"},\"headline\":\"Susana Gim\u00e9nez confirm\u00f3 su presencia en los Mart\u00edn Fierro de la Moda: \u201cVoy, es divertido\u201d\",\"datePublished\":\"2026-04-24T22:38:55+00:00\",\"dateModified\":\"2026-04-25T02:36:05+00:00\",\"mainEntityOfPage\":{\"@id\":\"https:\/\/lobosnews.com.ar\/index.php\/2026\/04\/24\/susana-gimenez-confirmo-su-presencia-en-los-martin-fierro-de-la-moda-voy-es-divertido\/\"},\"wordCount\":929,\"commentCount\":0,\"publisher\":{\"@id\":\"https:\/\/lobosnews.com.ar\/#organization\"},\"image\":{\"@id\":\"https:\/\/lobosnews.com.ar\/index.php\/2026\/04\/24\/susana-gimenez-confirmo-su-presencia-en-los-martin-fierro-de-la-moda-voy-es-divertido\/#primaryimage\"},\"thumbnailUrl\":\"https:\/\/lobosnews.com.ar\/wp-content\/uploads\/2026\/04\/susana-gimenez-confirmo-su-presencia-en-los-martin-fierro-de-la-moda-voy-es-divertido-6.jpg\",\"articleSection\":[\"Cine y Series\"],\"inLanguage\":\"es\",\"potentialAction\":[{\"@type\":\"CommentAction\",\"name\":\"Comment\",\"target\":[\"https:\/\/lobosnews.com.ar\/index.php\/2026\/04\/24\/susana-gimenez-confirmo-su-presencia-en-los-martin-fierro-de-la-moda-voy-es-divertido\/#respond\"]}]},{\"@type\":\"WebPage\",\"@id\":\"https:\/\/lobosnews.com.ar\/index.php\/2026\/04\/24\/susana-gimenez-confirmo-su-presencia-en-los-martin-fierro-de-la-moda-voy-es-divertido\/\",\"url\":\"https:\/\/lobosnews.com.ar\/index.php\/2026\/04\/24\/susana-gimenez-confirmo-su-presencia-en-los-martin-fierro-de-la-moda-voy-es-divertido\/\",\"name\":\"Susana Gim\u00e9nez confirm\u00f3 su presencia en los Mart\u00edn Fierro de la Moda: \u201cVoy, es divertido\u201d - Lobos News\",\"isPartOf\":{\"@id\":\"https:\/\/lobosnews.com.ar\/#website\"},\"primaryImageOfPage\":{\"@id\":\"https:\/\/lobosnews.com.ar\/index.php\/2026\/04\/24\/susana-gimenez-confirmo-su-presencia-en-los-martin-fierro-de-la-moda-voy-es-divertido\/#primaryimage\"},\"image\":{\"@id\":\"https:\/\/lobosnews.com.ar\/index.php\/2026\/04\/24\/susana-gimenez-confirmo-su-presencia-en-los-martin-fierro-de-la-moda-voy-es-divertido\/#primaryimage\"},\"thumbnailUrl\":\"https:\/\/lobosnews.com.ar\/wp-content\/uploads\/2026\/04\/susana-gimenez-confirmo-su-presencia-en-los-martin-fierro-de-la-moda-voy-es-divertido-6.jpg\",\"datePublished\":\"2026-04-24T22:38:55+00:00\",\"dateModified\":\"2026-04-25T02:36:05+00:00\",\"breadcrumb\":{\"@id\":\"https:\/\/lobosnews.com.ar\/index.php\/2026\/04\/24\/susana-gimenez-confirmo-su-presencia-en-los-martin-fierro-de-la-moda-voy-es-divertido\/#breadcrumb\"},\"inLanguage\":\"es\",\"potentialAction\":[{\"@type\":\"ReadAction\",\"target\":[\"https:\/\/lobosnews.com.ar\/index.php\/2026\/04\/24\/susana-gimenez-confirmo-su-presencia-en-los-martin-fierro-de-la-moda-voy-es-divertido\/\"]}]},{\"@type\":\"ImageObject\",\"inLanguage\":\"es\",\"@id\":\"https:\/\/lobosnews.com.ar\/index.php\/2026\/04\/24\/susana-gimenez-confirmo-su-presencia-en-los-martin-fierro-de-la-moda-voy-es-divertido\/#primaryimage\",\"url\":\"https:\/\/lobosnews.com.ar\/wp-content\/uploads\/2026\/04\/susana-gimenez-confirmo-su-presencia-en-los-martin-fierro-de-la-moda-voy-es-divertido-6.jpg\",\"contentUrl\":\"https:\/\/lobosnews.com.ar\/wp-content\/uploads\/2026\/04\/susana-gimenez-confirmo-su-presencia-en-los-martin-fierro-de-la-moda-voy-es-divertido-6.jpg\",\"width\":405,\"height\":631,\"caption\":\"Susana Gim\u00e9nez confirm\u00f3 su presencia en los Mart\u00edn Fierro de la Moda: \u201cVoy, es divertido\u201d\"},{\"@type\":\"BreadcrumbList\",\"@id\":\"https:\/\/lobosnews.com.ar\/index.php\/2026\/04\/24\/susana-gimenez-confirmo-su-presencia-en-los-martin-fierro-de-la-moda-voy-es-divertido\/#breadcrumb\",\"itemListElement\":[{\"@type\":\"ListItem\",\"position\":1,\"name\":\"Portada\",\"item\":\"https:\/\/lobosnews.com.ar\/\"},{\"@type\":\"ListItem\",\"position\":2,\"name\":\"Susana Gim\u00e9nez confirm\u00f3 su presencia en los Mart\u00edn Fierro de la Moda: \u201cVoy, es divertido\u201d\"}]},{\"@type\":\"WebSite\",\"@id\":\"https:\/\/lobosnews.com.ar\/#website\",\"url\":\"https:\/\/lobosnews.com.ar\/\",\"name\":\"Lobos News\",\"description\":\"Informaci\u00f3n a cada instante\",\"publisher\":{\"@id\":\"https:\/\/lobosnews.com.ar\/#organization\"},\"potentialAction\":[{\"@type\":\"SearchAction\",\"target\":{\"@type\":\"EntryPoint\",\"urlTemplate\":\"https:\/\/lobosnews.com.ar\/?s={search_term_string}\"},\"query-input\":{\"@type\":\"PropertyValueSpecification\",\"valueRequired\":true,\"valueName\":\"search_term_string\"}}],\"inLanguage\":\"es\"},{\"@type\":\"Organization\",\"@id\":\"https:\/\/lobosnews.com.ar\/#organization\",\"name\":\"Lobos News\",\"url\":\"https:\/\/lobosnews.com.ar\/\",\"logo\":{\"@type\":\"ImageObject\",\"inLanguage\":\"es\",\"@id\":\"https:\/\/lobosnews.com.ar\/#\/schema\/logo\/image\/\",\"url\":\"https:\/\/lobosnews.com.ar\/wp-content\/uploads\/2026\/01\/logo-lobosnews.png\",\"contentUrl\":\"https:\/\/lobosnews.com.ar\/wp-content\/uploads\/2026\/01\/logo-lobosnews.png\",\"width\":500,\"height\":200,\"caption\":\"Lobos News\"},\"image\":{\"@id\":\"https:\/\/lobosnews.com.ar\/#\/schema\/logo\/image\/\"}},{\"@type\":\"Person\",\"@id\":\"https:\/\/lobosnews.com.ar\/#\/schema\/person\/232422a593d5c541dd9aef6aaed10943\",\"name\":\"admin\",\"image\":{\"@type\":\"ImageObject\",\"inLanguage\":\"es\",\"@id\":\"https:\/\/lobosnews.com.ar\/#\/schema\/person\/image\/\",\"url\":\"https:\/\/secure.gravatar.com\/avatar\/76e419471a2083bc3ceab22a763dbbf9b0c1bd15a6214cf3280e2c2dde4580f9?s=96&d=mm&r=g\",\"contentUrl\":\"https:\/\/secure.gravatar.com\/avatar\/76e419471a2083bc3ceab22a763dbbf9b0c1bd15a6214cf3280e2c2dde4580f9?s=96&d=mm&r=g\",\"caption\":\"admin\"},\"sameAs\":[\"https:\/\/lobosnews.com.ar\"],\"url\":\"https:\/\/lobosnews.com.ar\/index.php\/author\/lobos-news\/\"}]}<\/script>\n<!-- \/ Yoast SEO plugin. -->","yoast_head_json":{"title":"Susana Gim\u00e9nez confirm\u00f3 su presencia en los Mart\u00edn Fierro de la Moda: \u201cVoy, es divertido\u201d - Lobos News","robots":{"index":"index","follow":"follow","max-snippet":"max-snippet:-1","max-image-preview":"max-image-preview:large","max-video-preview":"max-video-preview:-1"},"canonical":"https:\/\/lobosnews.com.ar\/index.php\/2026\/04\/24\/susana-gimenez-confirmo-su-presencia-en-los-martin-fierro-de-la-moda-voy-es-divertido\/","og_locale":"es_ES","og_type":"article","og_title":"Susana Gim\u00e9nez confirm\u00f3 su presencia en los Mart\u00edn Fierro de la Moda: \u201cVoy, es divertido\u201d - Lobos News","og_description":"Los Mart\u00edn Fierro de la Moda est\u00e1n cada vez m\u00e1s cerca y la expectativa crece de cara a la gala que se celebrar\u00e1 este domingo por la noche en la pantalla de Telefe. El evento, que re\u00fane a las principales figuras del espect\u00e1culo, el dise\u00f1o y el periodismo, se convirti\u00f3 en un cl\u00e1sico para reconocer...","og_url":"https:\/\/lobosnews.com.ar\/index.php\/2026\/04\/24\/susana-gimenez-confirmo-su-presencia-en-los-martin-fierro-de-la-moda-voy-es-divertido\/","og_site_name":"Lobos News","article_published_time":"2026-04-24T22:38:55+00:00","article_modified_time":"2026-04-25T02:36:05+00:00","og_image":[{"url":"https:\/\/lobosnews.com.ar\/wp-content\/uploads\/2026\/04\/susana-gimenez-confirmo-su-presencia-en-los-martin-fierro-de-la-moda-voy-es-divertido.jpg","type":"","width":"","height":""}],"author":"admin","twitter_card":"summary_large_image","twitter_misc":{"Escrito por":"admin","Tiempo de lectura":"5 minutos"},"schema":{"@context":"https:\/\/schema.org","@graph":[{"@type":"Article","@id":"https:\/\/lobosnews.com.ar\/index.php\/2026\/04\/24\/susana-gimenez-confirmo-su-presencia-en-los-martin-fierro-de-la-moda-voy-es-divertido\/#article","isPartOf":{"@id":"https:\/\/lobosnews.com.ar\/index.php\/2026\/04\/24\/susana-gimenez-confirmo-su-presencia-en-los-martin-fierro-de-la-moda-voy-es-divertido\/"},"author":{"name":"admin","@id":"https:\/\/lobosnews.com.ar\/#\/schema\/person\/232422a593d5c541dd9aef6aaed10943"},"headline":"Susana Gim\u00e9nez confirm\u00f3 su presencia en los Mart\u00edn Fierro de la Moda: \u201cVoy, es divertido\u201d","datePublished":"2026-04-24T22:38:55+00:00","dateModified":"2026-04-25T02:36:05+00:00","mainEntityOfPage":{"@id":"https:\/\/lobosnews.com.ar\/index.php\/2026\/04\/24\/susana-gimenez-confirmo-su-presencia-en-los-martin-fierro-de-la-moda-voy-es-divertido\/"},"wordCount":929,"commentCount":0,"publisher":{"@id":"https:\/\/lobosnews.com.ar\/#organization"},"image":{"@id":"https:\/\/lobosnews.com.ar\/index.php\/2026\/04\/24\/susana-gimenez-confirmo-su-presencia-en-los-martin-fierro-de-la-moda-voy-es-divertido\/#primaryimage"},"thumbnailUrl":"https:\/\/lobosnews.com.ar\/wp-content\/uploads\/2026\/04\/susana-gimenez-confirmo-su-presencia-en-los-martin-fierro-de-la-moda-voy-es-divertido-6.jpg","articleSection":["Cine y Series"],"inLanguage":"es","potentialAction":[{"@type":"CommentAction","name":"Comment","target":["https:\/\/lobosnews.com.ar\/index.php\/2026\/04\/24\/susana-gimenez-confirmo-su-presencia-en-los-martin-fierro-de-la-moda-voy-es-divertido\/#respond"]}]},{"@type":"WebPage","@id":"https:\/\/lobosnews.com.ar\/index.php\/2026\/04\/24\/susana-gimenez-confirmo-su-presencia-en-los-martin-fierro-de-la-moda-voy-es-divertido\/","url":"https:\/\/lobosnews.com.ar\/index.php\/2026\/04\/24\/susana-gimenez-confirmo-su-presencia-en-los-martin-fierro-de-la-moda-voy-es-divertido\/","name":"Susana Gim\u00e9nez confirm\u00f3 su presencia en los Mart\u00edn Fierro de la Moda: \u201cVoy, es divertido\u201d - Lobos News","isPartOf":{"@id":"https:\/\/lobosnews.com.ar\/#website"},"primaryImageOfPage":{"@id":"https:\/\/lobosnews.com.ar\/index.php\/2026\/04\/24\/susana-gimenez-confirmo-su-presencia-en-los-martin-fierro-de-la-moda-voy-es-divertido\/#primaryimage"},"image":{"@id":"https:\/\/lobosnews.com.ar\/index.php\/2026\/04\/24\/susana-gimenez-confirmo-su-presencia-en-los-martin-fierro-de-la-moda-voy-es-divertido\/#primaryimage"},"thumbnailUrl":"https:\/\/lobosnews.com.ar\/wp-content\/uploads\/2026\/04\/susana-gimenez-confirmo-su-presencia-en-los-martin-fierro-de-la-moda-voy-es-divertido-6.jpg","datePublished":"2026-04-24T22:38:55+00:00","dateModified":"2026-04-25T02:36:05+00:00","breadcrumb":{"@id":"https:\/\/lobosnews.com.ar\/index.php\/2026\/04\/24\/susana-gimenez-confirmo-su-presencia-en-los-martin-fierro-de-la-moda-voy-es-divertido\/#breadcrumb"},"inLanguage":"es","potentialAction":[{"@type":"ReadAction","target":["https:\/\/lobosnews.com.ar\/index.php\/2026\/04\/24\/susana-gimenez-confirmo-su-presencia-en-los-martin-fierro-de-la-moda-voy-es-divertido\/"]}]},{"@type":"ImageObject","inLanguage":"es","@id":"https:\/\/lobosnews.com.ar\/index.php\/2026\/04\/24\/susana-gimenez-confirmo-su-presencia-en-los-martin-fierro-de-la-moda-voy-es-divertido\/#primaryimage","url":"https:\/\/lobosnews.com.ar\/wp-content\/uploads\/2026\/04\/susana-gimenez-confirmo-su-presencia-en-los-martin-fierro-de-la-moda-voy-es-divertido-6.jpg","contentUrl":"https:\/\/lobosnews.com.ar\/wp-content\/uploads\/2026\/04\/susana-gimenez-confirmo-su-presencia-en-los-martin-fierro-de-la-moda-voy-es-divertido-6.jpg","width":405,"height":631,"caption":"Susana Gim\u00e9nez confirm\u00f3 su presencia en los Mart\u00edn Fierro de la Moda: \u201cVoy, es divertido\u201d"},{"@type":"BreadcrumbList","@id":"https:\/\/lobosnews.com.ar\/index.php\/2026\/04\/24\/susana-gimenez-confirmo-su-presencia-en-los-martin-fierro-de-la-moda-voy-es-divertido\/#breadcrumb","itemListElement":[{"@type":"ListItem","position":1,"name":"Portada","item":"https:\/\/lobosnews.com.ar\/"},{"@type":"ListItem","position":2,"name":"Susana Gim\u00e9nez confirm\u00f3 su presencia en los Mart\u00edn Fierro de la Moda: \u201cVoy, es divertido\u201d"}]},{"@type":"WebSite","@id":"https:\/\/lobosnews.com.ar\/#website","url":"https:\/\/lobosnews.com.ar\/","name":"Lobos News","description":"Informaci\u00f3n a cada instante","publisher":{"@id":"https:\/\/lobosnews.com.ar\/#organization"},"potentialAction":[{"@type":"SearchAction","target":{"@type":"EntryPoint","urlTemplate":"https:\/\/lobosnews.com.ar\/?s={search_term_string}"},"query-input":{"@type":"PropertyValueSpecification","valueRequired":true,"valueName":"search_term_string"}}],"inLanguage":"es"},{"@type":"Organization","@id":"https:\/\/lobosnews.com.ar\/#organization","name":"Lobos News","url":"https:\/\/lobosnews.com.ar\/","logo":{"@type":"ImageObject","inLanguage":"es","@id":"https:\/\/lobosnews.com.ar\/#\/schema\/logo\/image\/","url":"https:\/\/lobosnews.com.ar\/wp-content\/uploads\/2026\/01\/logo-lobosnews.png","contentUrl":"https:\/\/lobosnews.com.ar\/wp-content\/uploads\/2026\/01\/logo-lobosnews.png","width":500,"height":200,"caption":"Lobos News"},"image":{"@id":"https:\/\/lobosnews.com.ar\/#\/schema\/logo\/image\/"}},{"@type":"Person","@id":"https:\/\/lobosnews.com.ar\/#\/schema\/person\/232422a593d5c541dd9aef6aaed10943","name":"admin","image":{"@type":"ImageObject","inLanguage":"es","@id":"https:\/\/lobosnews.com.ar\/#\/schema\/person\/image\/","url":"https:\/\/secure.gravatar.com\/avatar\/76e419471a2083bc3ceab22a763dbbf9b0c1bd15a6214cf3280e2c2dde4580f9?s=96&d=mm&r=g","contentUrl":"https:\/\/secure.gravatar.com\/avatar\/76e419471a2083bc3ceab22a763dbbf9b0c1bd15a6214cf3280e2c2dde4580f9?s=96&d=mm&r=g","caption":"admin"},"sameAs":["https:\/\/lobosnews.com.ar"],"url":"https:\/\/lobosnews.com.ar\/index.php\/author\/lobos-news\/"}]}},"jetpack_featured_media_url":"https:\/\/lobosnews.com.ar\/wp-content\/uploads\/2026\/04\/susana-gimenez-confirmo-su-presencia-en-los-martin-fierro-de-la-moda-voy-es-divertido-6.jpg","jetpack_sharing_enabled":true,"_links":{"self":[{"href":"https:\/\/lobosnews.com.ar\/index.php\/wp-json\/wp\/v2\/posts\/44872","targetHints":{"allow":["GET"]}}],"collection":[{"href":"https:\/\/lobosnews.com.ar\/index.php\/wp-json\/wp\/v2\/posts"}],"about":[{"href":"https:\/\/lobosnews.com.ar\/index.php\/wp-json\/wp\/v2\/types\/post"}],"author":[{"embeddable":true,"href":"https:\/\/lobosnews.com.ar\/index.php\/wp-json\/wp\/v2\/users\/1"}],"replies":[{"embeddable":true,"href":"https:\/\/lobosnews.com.ar\/index.php\/wp-json\/wp\/v2\/comments?post=44872"}],"version-history":[{"count":1,"href":"https:\/\/lobosnews.com.ar\/index.php\/wp-json\/wp\/v2\/posts\/44872\/revisions"}],"predecessor-version":[{"id":44877,"href":"https:\/\/lobosnews.com.ar\/index.php\/wp-json\/wp\/v2\/posts\/44872\/revisions\/44877"}],"wp:featuredmedia":[{"embeddable":true,"href":"https:\/\/lobosnews.com.ar\/index.php\/wp-json\/wp\/v2\/media\/44878"}],"wp:attachment":[{"href":"https:\/\/lobosnews.com.ar\/index.php\/wp-json\/wp\/v2\/media?parent=44872"}],"wp:term":[{"taxonomy":"category","embeddable":true,"href":"https:\/\/lobosnews.com.ar\/index.php\/wp-json\/wp\/v2\/categories?post=44872"},{"taxonomy":"post_tag","embeddable":true,"href":"https:\/\/lobosnews.com.ar\/index.php\/wp-json\/wp\/v2\/tags?post=44872"}],"curies":[{"name":"wp","href":"https:\/\/api.w.org\/{rel}","templated":true}]}}