{"id":44867,"date":"2026-04-25T00:16:35","date_gmt":"2026-04-25T00:16:35","guid":{"rendered":"https:\/\/lobosnews.com.ar\/index.php\/2026\/04\/25\/cesar-banana-pueyrredon-canto-hace-55-anos-y-me-sigue-sorprendiendo-como-la-musica-atraviesa-la-vida-de-las-personas\/"},"modified":"2026-04-25T02:35:36","modified_gmt":"2026-04-25T02:35:36","slug":"cesar-banana-pueyrredon-canto-hace-55-anos-y-me-sigue-sorprendiendo-como-la-musica-atraviesa-la-vida-de-las-personas","status":"publish","type":"post","link":"https:\/\/lobosnews.com.ar\/index.php\/2026\/04\/25\/cesar-banana-pueyrredon-canto-hace-55-anos-y-me-sigue-sorprendiendo-como-la-musica-atraviesa-la-vida-de-las-personas\/","title":{"rendered":"C\u00e9sar Banana Pueyrred\u00f3n: \u201cCanto hace 55 a\u00f1os y me sigue sorprendiendo c\u00f3mo la m\u00fasica atraviesa la vida de las personas\u201d"},"content":{"rendered":"<p>En una entrevista en <span class=\"waslinkname\"><b>Infobae al Regreso<\/b><\/span>, <span class=\"waslinkname\"><b>C\u00e9sar \u201cBanana\u201d Pueyrred\u00f3n<\/b><\/span> repas\u00f3 cinco d\u00e9cadas de carrera y la vigencia de sus baladas, al tiempo que relat\u00f3 c\u00f3mo su repertorio acompa\u00f1\u00f3 <b>historias de amor<\/b> y el reencuentro de parejas en escenarios de todo el pa\u00eds.<\/p>\n<p>Durante su paso por Infobae al Regreso, donde dialog\u00f3 con Gonzalo Aziz, Diego Iglesias, Malena de los R\u00edos, Mat\u00edas Barber\u00eda y Mica Mendelevich, el m\u00fasico se defini\u00f3 como \u201cun profesional en serio\u201d y celebr\u00f3 la posibilidad de seguir girando por la Argentina: <b>\u201cHe cantado desde hace 55, y me sigue sorprendiendo la manera en que la m\u00fasica atraviesa la vida de las personas\u201d<\/b>.<\/p>\n<h2>La m\u00fasica, un puente entre generaciones y emociones<\/h2>\n<p>Pueyrred\u00f3n record\u00f3 situaciones en las que sus temas funcionaron como nexo emocional entre parejas separadas y reencuentros: <b>\u201cConozco matrimonios que me dijeron: \u2018Nos conocimos por una canci\u00f3n tuya, despu\u00e9s nos separamos y estuvimos 10 a\u00f1os sin vernos. Nos reencontramos con otra canci\u00f3n tuya, y hoy volvimos a estar juntos\u2019\u201d<\/b>.<\/p>\n<p>El m\u00fasico comparti\u00f3 la an\u00e9cdota de una reconciliaci\u00f3n en Catamarca: \u201cUn tipo me pidi\u00f3 que le dedicara una canci\u00f3n a su exmujer, despu\u00e9s de cinco a\u00f1os separados. Cuando termin\u00e9 de cantar \u2018Nadie podr\u00e1 hacerme olvidar\u2019, vinieron juntos de la mano y me dijeron que iban a intentarlo de nuevo\u201d.<\/p>\n<p><img loading=\"lazy\" decoding=\"async\" src=\"https:\/\/lobosnews.com.ar\/wp-content\/uploads\/2026\/04\/cesar-banana-pueyrredon-canto-hace-55-anos-y-me-sigue-sorprendiendo-como-la-musica-atraviesa-la-vida-de-las-personas.jpg\" alt=\"El m\u00fasico relat\u00f3 c\u00f3mo sus canciones han sido clave en historias de amor, reencuentros y reconciliaciones de sus fan\u00e1ticos en todo el pa\u00eds (Infobae en Vivo)\" height=\"563\" width=\"833\"\/><\/p>\n<p>En di\u00e1logo con el equipo, Pueyrred\u00f3n reflexion\u00f3 sobre el poder de la m\u00fasica rom\u00e1ntica en la historia argentina: \u201cEn los a\u00f1os setenta, elegir el nombre Banana para la banda era tambi\u00e9n una forma de animarse a decir \u2018te quiero\u2019 en p\u00fablico, algo que hoy parece m\u00e1s dif\u00edcil en la era del \u2018pibardo\u2019, ese pibe que no muestra sentimientos\u201d. El m\u00fasico contrast\u00f3 esta apertura con la cultura actual:<b> \u201cAntes ser el conquistador, el seductor, ten\u00eda otra carga. Hoy parece que mostrar debilidad es un problema para muchos\u201d<\/b>.<\/p>\n<p>El artista tambi\u00e9n comparti\u00f3 detalles sobre su vida personal: \u201cMis viejos estuvieron m\u00e1s de 60 a\u00f1os juntos. Me ense\u00f1aron, sin decirlo, que el amor puede ser duradero. Eso me ahorr\u00f3 muchas horas de terapia\u201d. Pueyrred\u00f3n, casado desde hace cuarenta y seis a\u00f1os, confes\u00f3: <b>\u201cLe sigo cantando a mi mujer. No s\u00e9 si le gusta, pero lo hago igual\u201d<\/b>.<\/p>\n<h2>De los escenarios masivos al teatro y el streaming<\/h2>\n<p>Consultado por sus nuevos proyectos, Pueyrred\u00f3n repas\u00f3 su desembarco en el teatro junto a Flor Jazm\u00edn Pe\u00f1a y Juli Castro: \u201cNo conoc\u00eda a las chicas antes del primer ensayo, pero cuando las vi actuar entend\u00ed que estaban perfectas para el papel. Me sorprendi\u00f3 la energ\u00eda y el talento que traen desde el mundo del streaming\u201d. El cantante valor\u00f3 la mezcla generacional: \u201cFlor es la protagonista del programa de streaming m\u00e1s visto de la Argentina. Me eligieron como protagonista para un p\u00fablico muy joven\u201d.<\/p>\n<p><img loading=\"lazy\" decoding=\"async\" src=\"https:\/\/lobosnews.com.ar\/wp-content\/uploads\/2026\/04\/cesar-banana-pueyrredon-canto-hace-55-anos-y-me-sigue-sorprendiendo-como-la-musica-atraviesa-la-vida-de-las-personas-1.jpg\" alt=\"El cantante repas\u00f3 su adaptaci\u00f3n a espect\u00e1culos teatrales, su premiada temporada en Mar del Plata y su preferencia por conectar con el p\u00fablico en cualquier formato (Infobae en Vivo)\" height=\"544\" width=\"738\"\/><\/p>\n<p>El m\u00fasico cont\u00f3 c\u00f3mo vivi\u00f3 la adaptaci\u00f3n al formato teatral: \u201cLe\u00ed la obra, vi la pel\u00edcula espa\u00f1ola y me fascin\u00f3 el personaje. Termin\u00e9 la temporada en Mar del Plata con un premio y fue un gustazo\u201d. Tambi\u00e9n repas\u00f3 la diferencia entre presentaciones multitudinarias y shows \u00edntimos: \u201cAlguien me pregunt\u00f3 si prefiero cantar en un estadio de 60 mil personas o para ciento cincuenta en un bar. Yo canto igual. Hay noches en las que se da un clima especial, y siento que hago la mejor versi\u00f3n de una canci\u00f3n\u201d.<\/p>\n<p>Pueyrred\u00f3n detall\u00f3 sus pr\u00f3ximas presentaciones: \u201cTodos los domingos de abril en Caf\u00e9 La Humedad, despu\u00e9s Rosario, Salta y Neuqu\u00e9n. Me sigue entusiasmando recorrer el pa\u00eds\u201d.<\/p>\n<h2>El fen\u00f3meno Banana y el valor de decir \u201cte quiero\u201d<\/h2>\n<p>El di\u00e1logo abord\u00f3 la g\u00e9nesis del nombre de la banda: \u201cNos llam\u00e1bamos Fever, pero Ricardo Kleinman nos propuso Banana o Alambre. Por suerte elegimos Banana. Era la cultura pop de la \u00e9poca, con el sello de Warhol y la movida del \u201869\u201d, relat\u00f3. <b>\u201cSer Banana era animarse a mostrar sentimientos y decir \u2018estoy enamorado\u2019 sin miedo\u201d<\/b>.<\/p>\n<p>Durante el cierre de la charla, Pueyrred\u00f3n interpret\u00f3 fragmentos de sus cl\u00e1sicos al piano y reflexion\u00f3 sobre la vigencia de su m\u00fasica: \u201cSigo creyendo en el amor, y en que una canci\u00f3n puede disparar algo pendiente entre dos personas. No importa el paso del tiempo, siempre hay una melod\u00eda que puede unir de nuevo\u201d.<\/p>\n<p>&#8212;<\/p>\n<p><b>Infobae <\/b>te acompa\u00f1a cada d\u00eda en YouTube con entrevistas, an\u00e1lisis y la informaci\u00f3n m\u00e1s destacada, en un formato cercano y din\u00e1mico.<\/p>\n<p>\u2022 De 7 a 9: <b>Infobae al Amanecer<\/b>: Nacho Giron, Luciana Rubinska y Bel\u00e9n Escobar.<\/p>\n<p>\u2022 De 9 a 12: <b>Infobae a las Nueve<\/b>: Gonzalo S\u00e1nchez, Tatiana Schapiro, Ram\u00f3n Indart y Cecilia Boufflet.<\/p>\n<p>\u2022 De 12 a 15: <b>Infobae al Mediodia<\/b>: Maru Duffard, Andrei Serbin Pont, Jimena Grandinetti, Fede Mayol y Facundo Kablan.<\/p>\n<p>\u2022 De 15 a 18: <b>Infobae a la Tarde<\/b>: Manu Jove, Maia Jastreblansky y Paula Guardia Bourdin; rotan en la semana Marcos Shaw, Lara L\u00f3pez Calvo y Tom\u00e1s Trap\u00e9<\/p>\n<p>\u2022 De 18 a 21: <b>Infobae al Regreso<\/b>: Gonzalo Aziz, Diego Iglesias, Malena de los R\u00edos y Mat\u00edas Barber\u00eda; rotan en la semana Gustavo Lazzari, Mart\u00edn Tetaz y Mica Mendelevich<\/p>\n<p>Seguinos en nuestro canal de <b>YouTube <\/b>@infobae.<\/p>\n","protected":false},"excerpt":{"rendered":"<p>En una entrevista en Infobae al Regreso, C\u00e9sar \u201cBanana\u201d Pueyrred\u00f3n repas\u00f3 cinco d\u00e9cadas de carrera y la vigencia de sus baladas, al tiempo que relat\u00f3 c\u00f3mo su repertorio acompa\u00f1\u00f3 historias de amor y el reencuentro de parejas en escenarios de todo el pa\u00eds. Durante su paso por Infobae al Regreso, donde dialog\u00f3 con Gonzalo Aziz,&#8230;<\/p>\n","protected":false},"author":1,"featured_media":44871,"comment_status":"open","ping_status":"closed","sticky":false,"template":"","format":"standard","meta":{"_jetpack_memberships_contains_paid_content":false,"footnotes":""},"categories":[79],"tags":[],"class_list":["post-44867","post","type-post","status-publish","format-standard","has-post-thumbnail","hentry","category-cine-y-series"],"magazineBlocksPostFeaturedMedia":{"thumbnail":"https:\/\/lobosnews.com.ar\/wp-content\/uploads\/2026\/04\/cesar-banana-pueyrredon-canto-hace-55-anos-y-me-sigue-sorprendiendo-como-la-musica-atraviesa-la-vida-de-las-personas-2-150x150.jpg","medium":"https:\/\/lobosnews.com.ar\/wp-content\/uploads\/2026\/04\/cesar-banana-pueyrredon-canto-hace-55-anos-y-me-sigue-sorprendiendo-como-la-musica-atraviesa-la-vida-de-las-personas-2-300x221.jpg","medium_large":"https:\/\/lobosnews.com.ar\/wp-content\/uploads\/2026\/04\/cesar-banana-pueyrredon-canto-hace-55-anos-y-me-sigue-sorprendiendo-como-la-musica-atraviesa-la-vida-de-las-personas-2.jpg","large":"https:\/\/lobosnews.com.ar\/wp-content\/uploads\/2026\/04\/cesar-banana-pueyrredon-canto-hace-55-anos-y-me-sigue-sorprendiendo-como-la-musica-atraviesa-la-vida-de-las-personas-2.jpg","1536x1536":"https:\/\/lobosnews.com.ar\/wp-content\/uploads\/2026\/04\/cesar-banana-pueyrredon-canto-hace-55-anos-y-me-sigue-sorprendiendo-como-la-musica-atraviesa-la-vida-de-las-personas-2.jpg","2048x2048":"https:\/\/lobosnews.com.ar\/wp-content\/uploads\/2026\/04\/cesar-banana-pueyrredon-canto-hace-55-anos-y-me-sigue-sorprendiendo-como-la-musica-atraviesa-la-vida-de-las-personas-2.jpg","newsmatic-featured":"https:\/\/lobosnews.com.ar\/wp-content\/uploads\/2026\/04\/cesar-banana-pueyrredon-canto-hace-55-anos-y-me-sigue-sorprendiendo-como-la-musica-atraviesa-la-vida-de-las-personas-2.jpg","newsmatic-list":"https:\/\/lobosnews.com.ar\/wp-content\/uploads\/2026\/04\/cesar-banana-pueyrredon-canto-hace-55-anos-y-me-sigue-sorprendiendo-como-la-musica-atraviesa-la-vida-de-las-personas-2-600x400.jpg","newsmatic-thumb":"https:\/\/lobosnews.com.ar\/wp-content\/uploads\/2026\/04\/cesar-banana-pueyrredon-canto-hace-55-anos-y-me-sigue-sorprendiendo-como-la-musica-atraviesa-la-vida-de-las-personas-2-300x200.jpg","newsmatic-small":"https:\/\/lobosnews.com.ar\/wp-content\/uploads\/2026\/04\/cesar-banana-pueyrredon-canto-hace-55-anos-y-me-sigue-sorprendiendo-como-la-musica-atraviesa-la-vida-de-las-personas-2-150x95.jpg","newsmatic-grid":"https:\/\/lobosnews.com.ar\/wp-content\/uploads\/2026\/04\/cesar-banana-pueyrredon-canto-hace-55-anos-y-me-sigue-sorprendiendo-como-la-musica-atraviesa-la-vida-de-las-personas-2-400x250.jpg"},"magazineBlocksPostAuthor":{"name":"admin","avatar":"https:\/\/secure.gravatar.com\/avatar\/76e419471a2083bc3ceab22a763dbbf9b0c1bd15a6214cf3280e2c2dde4580f9?s=96&d=mm&r=g"},"magazineBlocksPostCommentsNumber":"0","magazineBlocksPostExcerpt":"En una entrevista en Infobae al Regreso, C\u00e9sar \u201cBanana\u201d Pueyrred\u00f3n repas\u00f3 cinco d\u00e9cadas de carrera y la vigencia de sus baladas, al tiempo que relat\u00f3 c\u00f3mo su repertorio acompa\u00f1\u00f3 historias de amor y el reencuentro de parejas en escenarios de todo el pa\u00eds. Durante su paso por Infobae al Regreso, donde dialog\u00f3 con Gonzalo Aziz,...","magazineBlocksPostCategories":["Cine y Series"],"magazineBlocksPostViewCount":4,"magazineBlocksPostReadTime":5,"magazine_blocks_featured_image_url":{"full":["https:\/\/lobosnews.com.ar\/wp-content\/uploads\/2026\/04\/cesar-banana-pueyrredon-canto-hace-55-anos-y-me-sigue-sorprendiendo-como-la-musica-atraviesa-la-vida-de-las-personas-2.jpg",738,544,false],"medium":["https:\/\/lobosnews.com.ar\/wp-content\/uploads\/2026\/04\/cesar-banana-pueyrredon-canto-hace-55-anos-y-me-sigue-sorprendiendo-como-la-musica-atraviesa-la-vida-de-las-personas-2-300x221.jpg",300,221,true],"thumbnail":["https:\/\/lobosnews.com.ar\/wp-content\/uploads\/2026\/04\/cesar-banana-pueyrredon-canto-hace-55-anos-y-me-sigue-sorprendiendo-como-la-musica-atraviesa-la-vida-de-las-personas-2-150x150.jpg",150,150,true]},"magazine_blocks_author":{"display_name":"admin","author_link":"https:\/\/lobosnews.com.ar\/index.php\/author\/lobos-news\/"},"magazine_blocks_comment":0,"magazine_blocks_author_image":"https:\/\/secure.gravatar.com\/avatar\/76e419471a2083bc3ceab22a763dbbf9b0c1bd15a6214cf3280e2c2dde4580f9?s=96&d=mm&r=g","magazine_blocks_category":"<a href=\"#\" class=\"category-link category-link-79\">Cine y Series<\/a>","yoast_head":"<!-- This site is optimized with the Yoast SEO plugin v26.6 - https:\/\/yoast.com\/wordpress\/plugins\/seo\/ -->\n<title>C\u00e9sar Banana Pueyrred\u00f3n: \u201cCanto hace 55 a\u00f1os y me sigue sorprendiendo c\u00f3mo la m\u00fasica atraviesa la vida de las personas\u201d - Lobos News<\/title>\n<meta name=\"robots\" content=\"index, follow, max-snippet:-1, max-image-preview:large, max-video-preview:-1\" \/>\n<link rel=\"canonical\" href=\"https:\/\/lobosnews.com.ar\/index.php\/2026\/04\/25\/cesar-banana-pueyrredon-canto-hace-55-anos-y-me-sigue-sorprendiendo-como-la-musica-atraviesa-la-vida-de-las-personas\/\" \/>\n<meta property=\"og:locale\" content=\"es_ES\" \/>\n<meta property=\"og:type\" content=\"article\" \/>\n<meta property=\"og:title\" content=\"C\u00e9sar Banana Pueyrred\u00f3n: \u201cCanto hace 55 a\u00f1os y me sigue sorprendiendo c\u00f3mo la m\u00fasica atraviesa la vida de las personas\u201d - Lobos News\" \/>\n<meta property=\"og:description\" content=\"En una entrevista en Infobae al Regreso, C\u00e9sar \u201cBanana\u201d Pueyrred\u00f3n repas\u00f3 cinco d\u00e9cadas de carrera y la vigencia de sus baladas, al tiempo que relat\u00f3 c\u00f3mo su repertorio acompa\u00f1\u00f3 historias de amor y el reencuentro de parejas en escenarios de todo el pa\u00eds. Durante su paso por Infobae al Regreso, donde dialog\u00f3 con Gonzalo Aziz,...\" \/>\n<meta property=\"og:url\" content=\"https:\/\/lobosnews.com.ar\/index.php\/2026\/04\/25\/cesar-banana-pueyrredon-canto-hace-55-anos-y-me-sigue-sorprendiendo-como-la-musica-atraviesa-la-vida-de-las-personas\/\" \/>\n<meta property=\"og:site_name\" content=\"Lobos News\" \/>\n<meta property=\"article:published_time\" content=\"2026-04-25T00:16:35+00:00\" \/>\n<meta property=\"article:modified_time\" content=\"2026-04-25T02:35:36+00:00\" \/>\n<meta property=\"og:image\" content=\"https:\/\/lobosnews.com.ar\/wp-content\/uploads\/2026\/04\/cesar-banana-pueyrredon-canto-hace-55-anos-y-me-sigue-sorprendiendo-como-la-musica-atraviesa-la-vida-de-las-personas.jpg\" \/>\n<meta name=\"author\" content=\"admin\" \/>\n<meta name=\"twitter:card\" content=\"summary_large_image\" \/>\n<meta name=\"twitter:label1\" content=\"Escrito por\" \/>\n\t<meta name=\"twitter:data1\" content=\"admin\" \/>\n\t<meta name=\"twitter:label2\" content=\"Tiempo de lectura\" \/>\n\t<meta name=\"twitter:data2\" content=\"4 minutos\" \/>\n<script type=\"application\/ld+json\" class=\"yoast-schema-graph\">{\"@context\":\"https:\/\/schema.org\",\"@graph\":[{\"@type\":\"Article\",\"@id\":\"https:\/\/lobosnews.com.ar\/index.php\/2026\/04\/25\/cesar-banana-pueyrredon-canto-hace-55-anos-y-me-sigue-sorprendiendo-como-la-musica-atraviesa-la-vida-de-las-personas\/#article\",\"isPartOf\":{\"@id\":\"https:\/\/lobosnews.com.ar\/index.php\/2026\/04\/25\/cesar-banana-pueyrredon-canto-hace-55-anos-y-me-sigue-sorprendiendo-como-la-musica-atraviesa-la-vida-de-las-personas\/\"},\"author\":{\"name\":\"admin\",\"@id\":\"https:\/\/lobosnews.com.ar\/#\/schema\/person\/232422a593d5c541dd9aef6aaed10943\"},\"headline\":\"C\u00e9sar Banana Pueyrred\u00f3n: \u201cCanto hace 55 a\u00f1os y me sigue sorprendiendo c\u00f3mo la m\u00fasica atraviesa la vida de las personas\u201d\",\"datePublished\":\"2026-04-25T00:16:35+00:00\",\"dateModified\":\"2026-04-25T02:35:36+00:00\",\"mainEntityOfPage\":{\"@id\":\"https:\/\/lobosnews.com.ar\/index.php\/2026\/04\/25\/cesar-banana-pueyrredon-canto-hace-55-anos-y-me-sigue-sorprendiendo-como-la-musica-atraviesa-la-vida-de-las-personas\/\"},\"wordCount\":909,\"commentCount\":0,\"publisher\":{\"@id\":\"https:\/\/lobosnews.com.ar\/#organization\"},\"image\":{\"@id\":\"https:\/\/lobosnews.com.ar\/index.php\/2026\/04\/25\/cesar-banana-pueyrredon-canto-hace-55-anos-y-me-sigue-sorprendiendo-como-la-musica-atraviesa-la-vida-de-las-personas\/#primaryimage\"},\"thumbnailUrl\":\"https:\/\/lobosnews.com.ar\/wp-content\/uploads\/2026\/04\/cesar-banana-pueyrredon-canto-hace-55-anos-y-me-sigue-sorprendiendo-como-la-musica-atraviesa-la-vida-de-las-personas-2.jpg\",\"articleSection\":[\"Cine y Series\"],\"inLanguage\":\"es\",\"potentialAction\":[{\"@type\":\"CommentAction\",\"name\":\"Comment\",\"target\":[\"https:\/\/lobosnews.com.ar\/index.php\/2026\/04\/25\/cesar-banana-pueyrredon-canto-hace-55-anos-y-me-sigue-sorprendiendo-como-la-musica-atraviesa-la-vida-de-las-personas\/#respond\"]}]},{\"@type\":\"WebPage\",\"@id\":\"https:\/\/lobosnews.com.ar\/index.php\/2026\/04\/25\/cesar-banana-pueyrredon-canto-hace-55-anos-y-me-sigue-sorprendiendo-como-la-musica-atraviesa-la-vida-de-las-personas\/\",\"url\":\"https:\/\/lobosnews.com.ar\/index.php\/2026\/04\/25\/cesar-banana-pueyrredon-canto-hace-55-anos-y-me-sigue-sorprendiendo-como-la-musica-atraviesa-la-vida-de-las-personas\/\",\"name\":\"C\u00e9sar Banana Pueyrred\u00f3n: \u201cCanto hace 55 a\u00f1os y me sigue sorprendiendo c\u00f3mo la m\u00fasica atraviesa la vida de las personas\u201d - Lobos News\",\"isPartOf\":{\"@id\":\"https:\/\/lobosnews.com.ar\/#website\"},\"primaryImageOfPage\":{\"@id\":\"https:\/\/lobosnews.com.ar\/index.php\/2026\/04\/25\/cesar-banana-pueyrredon-canto-hace-55-anos-y-me-sigue-sorprendiendo-como-la-musica-atraviesa-la-vida-de-las-personas\/#primaryimage\"},\"image\":{\"@id\":\"https:\/\/lobosnews.com.ar\/index.php\/2026\/04\/25\/cesar-banana-pueyrredon-canto-hace-55-anos-y-me-sigue-sorprendiendo-como-la-musica-atraviesa-la-vida-de-las-personas\/#primaryimage\"},\"thumbnailUrl\":\"https:\/\/lobosnews.com.ar\/wp-content\/uploads\/2026\/04\/cesar-banana-pueyrredon-canto-hace-55-anos-y-me-sigue-sorprendiendo-como-la-musica-atraviesa-la-vida-de-las-personas-2.jpg\",\"datePublished\":\"2026-04-25T00:16:35+00:00\",\"dateModified\":\"2026-04-25T02:35:36+00:00\",\"breadcrumb\":{\"@id\":\"https:\/\/lobosnews.com.ar\/index.php\/2026\/04\/25\/cesar-banana-pueyrredon-canto-hace-55-anos-y-me-sigue-sorprendiendo-como-la-musica-atraviesa-la-vida-de-las-personas\/#breadcrumb\"},\"inLanguage\":\"es\",\"potentialAction\":[{\"@type\":\"ReadAction\",\"target\":[\"https:\/\/lobosnews.com.ar\/index.php\/2026\/04\/25\/cesar-banana-pueyrredon-canto-hace-55-anos-y-me-sigue-sorprendiendo-como-la-musica-atraviesa-la-vida-de-las-personas\/\"]}]},{\"@type\":\"ImageObject\",\"inLanguage\":\"es\",\"@id\":\"https:\/\/lobosnews.com.ar\/index.php\/2026\/04\/25\/cesar-banana-pueyrredon-canto-hace-55-anos-y-me-sigue-sorprendiendo-como-la-musica-atraviesa-la-vida-de-las-personas\/#primaryimage\",\"url\":\"https:\/\/lobosnews.com.ar\/wp-content\/uploads\/2026\/04\/cesar-banana-pueyrredon-canto-hace-55-anos-y-me-sigue-sorprendiendo-como-la-musica-atraviesa-la-vida-de-las-personas-2.jpg\",\"contentUrl\":\"https:\/\/lobosnews.com.ar\/wp-content\/uploads\/2026\/04\/cesar-banana-pueyrredon-canto-hace-55-anos-y-me-sigue-sorprendiendo-como-la-musica-atraviesa-la-vida-de-las-personas-2.jpg\",\"width\":738,\"height\":544,\"caption\":\"C\u00e9sar Banana Pueyrred\u00f3n: \u201cCanto hace 55 a\u00f1os y me sigue sorprendiendo c\u00f3mo la m\u00fasica atraviesa la vida de las personas\u201d\"},{\"@type\":\"BreadcrumbList\",\"@id\":\"https:\/\/lobosnews.com.ar\/index.php\/2026\/04\/25\/cesar-banana-pueyrredon-canto-hace-55-anos-y-me-sigue-sorprendiendo-como-la-musica-atraviesa-la-vida-de-las-personas\/#breadcrumb\",\"itemListElement\":[{\"@type\":\"ListItem\",\"position\":1,\"name\":\"Portada\",\"item\":\"https:\/\/lobosnews.com.ar\/\"},{\"@type\":\"ListItem\",\"position\":2,\"name\":\"C\u00e9sar Banana Pueyrred\u00f3n: \u201cCanto hace 55 a\u00f1os y me sigue sorprendiendo c\u00f3mo la m\u00fasica atraviesa la vida de las personas\u201d\"}]},{\"@type\":\"WebSite\",\"@id\":\"https:\/\/lobosnews.com.ar\/#website\",\"url\":\"https:\/\/lobosnews.com.ar\/\",\"name\":\"Lobos News\",\"description\":\"Informaci\u00f3n a cada instante\",\"publisher\":{\"@id\":\"https:\/\/lobosnews.com.ar\/#organization\"},\"potentialAction\":[{\"@type\":\"SearchAction\",\"target\":{\"@type\":\"EntryPoint\",\"urlTemplate\":\"https:\/\/lobosnews.com.ar\/?s={search_term_string}\"},\"query-input\":{\"@type\":\"PropertyValueSpecification\",\"valueRequired\":true,\"valueName\":\"search_term_string\"}}],\"inLanguage\":\"es\"},{\"@type\":\"Organization\",\"@id\":\"https:\/\/lobosnews.com.ar\/#organization\",\"name\":\"Lobos News\",\"url\":\"https:\/\/lobosnews.com.ar\/\",\"logo\":{\"@type\":\"ImageObject\",\"inLanguage\":\"es\",\"@id\":\"https:\/\/lobosnews.com.ar\/#\/schema\/logo\/image\/\",\"url\":\"https:\/\/lobosnews.com.ar\/wp-content\/uploads\/2026\/01\/logo-lobosnews.png\",\"contentUrl\":\"https:\/\/lobosnews.com.ar\/wp-content\/uploads\/2026\/01\/logo-lobosnews.png\",\"width\":500,\"height\":200,\"caption\":\"Lobos News\"},\"image\":{\"@id\":\"https:\/\/lobosnews.com.ar\/#\/schema\/logo\/image\/\"}},{\"@type\":\"Person\",\"@id\":\"https:\/\/lobosnews.com.ar\/#\/schema\/person\/232422a593d5c541dd9aef6aaed10943\",\"name\":\"admin\",\"image\":{\"@type\":\"ImageObject\",\"inLanguage\":\"es\",\"@id\":\"https:\/\/lobosnews.com.ar\/#\/schema\/person\/image\/\",\"url\":\"https:\/\/secure.gravatar.com\/avatar\/76e419471a2083bc3ceab22a763dbbf9b0c1bd15a6214cf3280e2c2dde4580f9?s=96&d=mm&r=g\",\"contentUrl\":\"https:\/\/secure.gravatar.com\/avatar\/76e419471a2083bc3ceab22a763dbbf9b0c1bd15a6214cf3280e2c2dde4580f9?s=96&d=mm&r=g\",\"caption\":\"admin\"},\"sameAs\":[\"https:\/\/lobosnews.com.ar\"],\"url\":\"https:\/\/lobosnews.com.ar\/index.php\/author\/lobos-news\/\"}]}<\/script>\n<!-- \/ Yoast SEO plugin. -->","yoast_head_json":{"title":"C\u00e9sar Banana Pueyrred\u00f3n: \u201cCanto hace 55 a\u00f1os y me sigue sorprendiendo c\u00f3mo la m\u00fasica atraviesa la vida de las personas\u201d - Lobos News","robots":{"index":"index","follow":"follow","max-snippet":"max-snippet:-1","max-image-preview":"max-image-preview:large","max-video-preview":"max-video-preview:-1"},"canonical":"https:\/\/lobosnews.com.ar\/index.php\/2026\/04\/25\/cesar-banana-pueyrredon-canto-hace-55-anos-y-me-sigue-sorprendiendo-como-la-musica-atraviesa-la-vida-de-las-personas\/","og_locale":"es_ES","og_type":"article","og_title":"C\u00e9sar Banana Pueyrred\u00f3n: \u201cCanto hace 55 a\u00f1os y me sigue sorprendiendo c\u00f3mo la m\u00fasica atraviesa la vida de las personas\u201d - Lobos News","og_description":"En una entrevista en Infobae al Regreso, C\u00e9sar \u201cBanana\u201d Pueyrred\u00f3n repas\u00f3 cinco d\u00e9cadas de carrera y la vigencia de sus baladas, al tiempo que relat\u00f3 c\u00f3mo su repertorio acompa\u00f1\u00f3 historias de amor y el reencuentro de parejas en escenarios de todo el pa\u00eds. Durante su paso por Infobae al Regreso, donde dialog\u00f3 con Gonzalo Aziz,...","og_url":"https:\/\/lobosnews.com.ar\/index.php\/2026\/04\/25\/cesar-banana-pueyrredon-canto-hace-55-anos-y-me-sigue-sorprendiendo-como-la-musica-atraviesa-la-vida-de-las-personas\/","og_site_name":"Lobos News","article_published_time":"2026-04-25T00:16:35+00:00","article_modified_time":"2026-04-25T02:35:36+00:00","og_image":[{"url":"https:\/\/lobosnews.com.ar\/wp-content\/uploads\/2026\/04\/cesar-banana-pueyrredon-canto-hace-55-anos-y-me-sigue-sorprendiendo-como-la-musica-atraviesa-la-vida-de-las-personas.jpg","type":"","width":"","height":""}],"author":"admin","twitter_card":"summary_large_image","twitter_misc":{"Escrito por":"admin","Tiempo de lectura":"4 minutos"},"schema":{"@context":"https:\/\/schema.org","@graph":[{"@type":"Article","@id":"https:\/\/lobosnews.com.ar\/index.php\/2026\/04\/25\/cesar-banana-pueyrredon-canto-hace-55-anos-y-me-sigue-sorprendiendo-como-la-musica-atraviesa-la-vida-de-las-personas\/#article","isPartOf":{"@id":"https:\/\/lobosnews.com.ar\/index.php\/2026\/04\/25\/cesar-banana-pueyrredon-canto-hace-55-anos-y-me-sigue-sorprendiendo-como-la-musica-atraviesa-la-vida-de-las-personas\/"},"author":{"name":"admin","@id":"https:\/\/lobosnews.com.ar\/#\/schema\/person\/232422a593d5c541dd9aef6aaed10943"},"headline":"C\u00e9sar Banana Pueyrred\u00f3n: \u201cCanto hace 55 a\u00f1os y me sigue sorprendiendo c\u00f3mo la m\u00fasica atraviesa la vida de las personas\u201d","datePublished":"2026-04-25T00:16:35+00:00","dateModified":"2026-04-25T02:35:36+00:00","mainEntityOfPage":{"@id":"https:\/\/lobosnews.com.ar\/index.php\/2026\/04\/25\/cesar-banana-pueyrredon-canto-hace-55-anos-y-me-sigue-sorprendiendo-como-la-musica-atraviesa-la-vida-de-las-personas\/"},"wordCount":909,"commentCount":0,"publisher":{"@id":"https:\/\/lobosnews.com.ar\/#organization"},"image":{"@id":"https:\/\/lobosnews.com.ar\/index.php\/2026\/04\/25\/cesar-banana-pueyrredon-canto-hace-55-anos-y-me-sigue-sorprendiendo-como-la-musica-atraviesa-la-vida-de-las-personas\/#primaryimage"},"thumbnailUrl":"https:\/\/lobosnews.com.ar\/wp-content\/uploads\/2026\/04\/cesar-banana-pueyrredon-canto-hace-55-anos-y-me-sigue-sorprendiendo-como-la-musica-atraviesa-la-vida-de-las-personas-2.jpg","articleSection":["Cine y Series"],"inLanguage":"es","potentialAction":[{"@type":"CommentAction","name":"Comment","target":["https:\/\/lobosnews.com.ar\/index.php\/2026\/04\/25\/cesar-banana-pueyrredon-canto-hace-55-anos-y-me-sigue-sorprendiendo-como-la-musica-atraviesa-la-vida-de-las-personas\/#respond"]}]},{"@type":"WebPage","@id":"https:\/\/lobosnews.com.ar\/index.php\/2026\/04\/25\/cesar-banana-pueyrredon-canto-hace-55-anos-y-me-sigue-sorprendiendo-como-la-musica-atraviesa-la-vida-de-las-personas\/","url":"https:\/\/lobosnews.com.ar\/index.php\/2026\/04\/25\/cesar-banana-pueyrredon-canto-hace-55-anos-y-me-sigue-sorprendiendo-como-la-musica-atraviesa-la-vida-de-las-personas\/","name":"C\u00e9sar Banana Pueyrred\u00f3n: \u201cCanto hace 55 a\u00f1os y me sigue sorprendiendo c\u00f3mo la m\u00fasica atraviesa la vida de las personas\u201d - Lobos News","isPartOf":{"@id":"https:\/\/lobosnews.com.ar\/#website"},"primaryImageOfPage":{"@id":"https:\/\/lobosnews.com.ar\/index.php\/2026\/04\/25\/cesar-banana-pueyrredon-canto-hace-55-anos-y-me-sigue-sorprendiendo-como-la-musica-atraviesa-la-vida-de-las-personas\/#primaryimage"},"image":{"@id":"https:\/\/lobosnews.com.ar\/index.php\/2026\/04\/25\/cesar-banana-pueyrredon-canto-hace-55-anos-y-me-sigue-sorprendiendo-como-la-musica-atraviesa-la-vida-de-las-personas\/#primaryimage"},"thumbnailUrl":"https:\/\/lobosnews.com.ar\/wp-content\/uploads\/2026\/04\/cesar-banana-pueyrredon-canto-hace-55-anos-y-me-sigue-sorprendiendo-como-la-musica-atraviesa-la-vida-de-las-personas-2.jpg","datePublished":"2026-04-25T00:16:35+00:00","dateModified":"2026-04-25T02:35:36+00:00","breadcrumb":{"@id":"https:\/\/lobosnews.com.ar\/index.php\/2026\/04\/25\/cesar-banana-pueyrredon-canto-hace-55-anos-y-me-sigue-sorprendiendo-como-la-musica-atraviesa-la-vida-de-las-personas\/#breadcrumb"},"inLanguage":"es","potentialAction":[{"@type":"ReadAction","target":["https:\/\/lobosnews.com.ar\/index.php\/2026\/04\/25\/cesar-banana-pueyrredon-canto-hace-55-anos-y-me-sigue-sorprendiendo-como-la-musica-atraviesa-la-vida-de-las-personas\/"]}]},{"@type":"ImageObject","inLanguage":"es","@id":"https:\/\/lobosnews.com.ar\/index.php\/2026\/04\/25\/cesar-banana-pueyrredon-canto-hace-55-anos-y-me-sigue-sorprendiendo-como-la-musica-atraviesa-la-vida-de-las-personas\/#primaryimage","url":"https:\/\/lobosnews.com.ar\/wp-content\/uploads\/2026\/04\/cesar-banana-pueyrredon-canto-hace-55-anos-y-me-sigue-sorprendiendo-como-la-musica-atraviesa-la-vida-de-las-personas-2.jpg","contentUrl":"https:\/\/lobosnews.com.ar\/wp-content\/uploads\/2026\/04\/cesar-banana-pueyrredon-canto-hace-55-anos-y-me-sigue-sorprendiendo-como-la-musica-atraviesa-la-vida-de-las-personas-2.jpg","width":738,"height":544,"caption":"C\u00e9sar Banana Pueyrred\u00f3n: \u201cCanto hace 55 a\u00f1os y me sigue sorprendiendo c\u00f3mo la m\u00fasica atraviesa la vida de las personas\u201d"},{"@type":"BreadcrumbList","@id":"https:\/\/lobosnews.com.ar\/index.php\/2026\/04\/25\/cesar-banana-pueyrredon-canto-hace-55-anos-y-me-sigue-sorprendiendo-como-la-musica-atraviesa-la-vida-de-las-personas\/#breadcrumb","itemListElement":[{"@type":"ListItem","position":1,"name":"Portada","item":"https:\/\/lobosnews.com.ar\/"},{"@type":"ListItem","position":2,"name":"C\u00e9sar Banana Pueyrred\u00f3n: \u201cCanto hace 55 a\u00f1os y me sigue sorprendiendo c\u00f3mo la m\u00fasica atraviesa la vida de las personas\u201d"}]},{"@type":"WebSite","@id":"https:\/\/lobosnews.com.ar\/#website","url":"https:\/\/lobosnews.com.ar\/","name":"Lobos News","description":"Informaci\u00f3n a cada instante","publisher":{"@id":"https:\/\/lobosnews.com.ar\/#organization"},"potentialAction":[{"@type":"SearchAction","target":{"@type":"EntryPoint","urlTemplate":"https:\/\/lobosnews.com.ar\/?s={search_term_string}"},"query-input":{"@type":"PropertyValueSpecification","valueRequired":true,"valueName":"search_term_string"}}],"inLanguage":"es"},{"@type":"Organization","@id":"https:\/\/lobosnews.com.ar\/#organization","name":"Lobos News","url":"https:\/\/lobosnews.com.ar\/","logo":{"@type":"ImageObject","inLanguage":"es","@id":"https:\/\/lobosnews.com.ar\/#\/schema\/logo\/image\/","url":"https:\/\/lobosnews.com.ar\/wp-content\/uploads\/2026\/01\/logo-lobosnews.png","contentUrl":"https:\/\/lobosnews.com.ar\/wp-content\/uploads\/2026\/01\/logo-lobosnews.png","width":500,"height":200,"caption":"Lobos News"},"image":{"@id":"https:\/\/lobosnews.com.ar\/#\/schema\/logo\/image\/"}},{"@type":"Person","@id":"https:\/\/lobosnews.com.ar\/#\/schema\/person\/232422a593d5c541dd9aef6aaed10943","name":"admin","image":{"@type":"ImageObject","inLanguage":"es","@id":"https:\/\/lobosnews.com.ar\/#\/schema\/person\/image\/","url":"https:\/\/secure.gravatar.com\/avatar\/76e419471a2083bc3ceab22a763dbbf9b0c1bd15a6214cf3280e2c2dde4580f9?s=96&d=mm&r=g","contentUrl":"https:\/\/secure.gravatar.com\/avatar\/76e419471a2083bc3ceab22a763dbbf9b0c1bd15a6214cf3280e2c2dde4580f9?s=96&d=mm&r=g","caption":"admin"},"sameAs":["https:\/\/lobosnews.com.ar"],"url":"https:\/\/lobosnews.com.ar\/index.php\/author\/lobos-news\/"}]}},"jetpack_featured_media_url":"https:\/\/lobosnews.com.ar\/wp-content\/uploads\/2026\/04\/cesar-banana-pueyrredon-canto-hace-55-anos-y-me-sigue-sorprendiendo-como-la-musica-atraviesa-la-vida-de-las-personas-2.jpg","jetpack_sharing_enabled":true,"_links":{"self":[{"href":"https:\/\/lobosnews.com.ar\/index.php\/wp-json\/wp\/v2\/posts\/44867","targetHints":{"allow":["GET"]}}],"collection":[{"href":"https:\/\/lobosnews.com.ar\/index.php\/wp-json\/wp\/v2\/posts"}],"about":[{"href":"https:\/\/lobosnews.com.ar\/index.php\/wp-json\/wp\/v2\/types\/post"}],"author":[{"embeddable":true,"href":"https:\/\/lobosnews.com.ar\/index.php\/wp-json\/wp\/v2\/users\/1"}],"replies":[{"embeddable":true,"href":"https:\/\/lobosnews.com.ar\/index.php\/wp-json\/wp\/v2\/comments?post=44867"}],"version-history":[{"count":1,"href":"https:\/\/lobosnews.com.ar\/index.php\/wp-json\/wp\/v2\/posts\/44867\/revisions"}],"predecessor-version":[{"id":44870,"href":"https:\/\/lobosnews.com.ar\/index.php\/wp-json\/wp\/v2\/posts\/44867\/revisions\/44870"}],"wp:featuredmedia":[{"embeddable":true,"href":"https:\/\/lobosnews.com.ar\/index.php\/wp-json\/wp\/v2\/media\/44871"}],"wp:attachment":[{"href":"https:\/\/lobosnews.com.ar\/index.php\/wp-json\/wp\/v2\/media?parent=44867"}],"wp:term":[{"taxonomy":"category","embeddable":true,"href":"https:\/\/lobosnews.com.ar\/index.php\/wp-json\/wp\/v2\/categories?post=44867"},{"taxonomy":"post_tag","embeddable":true,"href":"https:\/\/lobosnews.com.ar\/index.php\/wp-json\/wp\/v2\/tags?post=44867"}],"curies":[{"name":"wp","href":"https:\/\/api.w.org\/{rel}","templated":true}]}}