{"id":44863,"date":"2026-04-25T01:52:57","date_gmt":"2026-04-25T01:52:57","guid":{"rendered":"https:\/\/lobosnews.com.ar\/index.php\/2026\/04\/25\/pablo-echarri-recordo-su-relacion-con-natalia-oreiro-y-explico-que-significo-ella-en-su-vida-fue-una-relacion-linda\/"},"modified":"2026-04-25T02:35:19","modified_gmt":"2026-04-25T02:35:19","slug":"pablo-echarri-recordo-su-relacion-con-natalia-oreiro-y-explico-que-significo-ella-en-su-vida-fue-una-relacion-linda","status":"publish","type":"post","link":"https:\/\/lobosnews.com.ar\/index.php\/2026\/04\/25\/pablo-echarri-recordo-su-relacion-con-natalia-oreiro-y-explico-que-significo-ella-en-su-vida-fue-una-relacion-linda\/","title":{"rendered":"Pablo Echarri record\u00f3 su relaci\u00f3n con Natalia Oreiro y explic\u00f3 qu\u00e9 signific\u00f3 ella en su vida: \u201cFue una relaci\u00f3n linda\u201d"},"content":{"rendered":"<p><span class=\"waslinkname\"><b>Pablo Echarri<\/b><\/span> se refiri\u00f3 con honestidad y sin vueltas a uno de los v\u00ednculos m\u00e1s recordados de su vida: su relaci\u00f3n con <span class=\"waslinkname\"><b>Natalia Oreiro<\/b><\/span>, con quien comparti\u00f3 seis a\u00f1os de pareja entre 1994 y 2000. Este romance, que acompa\u00f1\u00f3 el ascenso de ambos en la industria del espect\u00e1culo, se convirti\u00f3 en un emblema para toda una generaci\u00f3n de espectadores y marc\u00f3 un antes y un despu\u00e9s en la vida de los dos actores. <\/p>\n<p>Invitado al ciclo de streaming <i>No tan Pronto<\/i> (Pronto), el artista repas\u00f3 junto a <b>Mat\u00edas V\u00e1zquez<\/b> aquella etapa que defini\u00f3 sus primeros a\u00f1os en el medio, en tiempos en que ambos eran j\u00f3venes y estaban dando sus primeros pasos en la televisi\u00f3n.<\/p>\n<p>Consultado sobre el significado de Natalia Oreiro en su vida, Echarri no dud\u00f3: \u201c<b>Fue importante en mi vida, fue una relaci\u00f3n&#8230; bueno, como dec\u00eda, yo no he usufructuado esta fama de manera desmedida.<\/b> Digo, conozco a compa\u00f1eros que han salido con m\u00e1s mujeres, de hecho. Y yo he tenido relaciones largas\u201d. <\/p>\n<p>Sobre el v\u00ednculo con Oreiro, record\u00f3 c\u00f3mo compart\u00edan el d\u00eda a d\u00eda en medio de la incipiente fama: \u201c<b>Con ella tuve una relaci\u00f3n larga, fueron cerca de seis a\u00f1os. Y un momento yo me tomaba el bondi de Avellaneda los primeros tiempos y me volv\u00eda, me volv\u00eda Avellaneda a dormir y ella me acompa\u00f1aba al colectivo. Ella viv\u00eda en una pensi\u00f3n, hab\u00eda llegado reci\u00e9n de Uruguay y viv\u00eda en una pensi\u00f3n. Fueron muchos a\u00f1os donde nos empez\u00f3 a ir bien a los dos<\/b>\u201d.<\/p>\n<p><img fetchpriority=\"high\" decoding=\"async\" src=\"https:\/\/lobosnews.com.ar\/wp-content\/uploads\/2026\/04\/pablo-echarri-recordo-su-relacion-con-natalia-oreiro-y-explico-que-significo-ella-en-su-vida-fue-una-relacion-linda.jpg\" alt=\"La pareja se conoci\u00f3 en 1994 y estuvieron juntos hasta el 2000\" height=\"1107\" width=\"1920\"\/><\/p>\n<p>La relaci\u00f3n entre Echarri y Oreiro comenz\u00f3 cuando ambos eran muy j\u00f3venes y transitaban sus primeros pasos en la televisi\u00f3n, con trabajos como extras en telenovelas y peque\u00f1os papeles. \u201cElla empez\u00f3 de extra en Inconquistable coraz\u00f3n. Ah\u00ed la conoc\u00ed, en la oficina de mi representante, Hugo Fredes. Y ah\u00ed tuvimos una relaci\u00f3n de seis a\u00f1os y fue alguien importante y caminamos juntos esos primeros seis a\u00f1os\u201d. Durante ese tiempo, los dos experimentaron el salto a la fama: Oreiro pas\u00f3 de papeles secundarios a protagonizar <i>Mu\u00f1eca Brava<\/i>, mientras Echarri se consolidaba como gal\u00e1n en \u00e9xitos como <i>Los buscas de siempre<\/i> y <i>El desv\u00edo<\/i>.<\/p>\n<p>Ambos compartieron no solo el crecimiento profesional, sino tambi\u00e9n los desaf\u00edos de la exposici\u00f3n, la convivencia y la popularidad repentina. \u201c<b>Inclusive de seis a\u00f1os de mucho crecimiento de fama. Y bueno, \u00e9ramos muy j\u00f3venes<\/b>\u201d, reconoci\u00f3 Echarri. La pareja convivi\u00f3 durante una parte de la relaci\u00f3n, pero nunca lleg\u00f3 a casarse ni a formar una familia, manteniendo siempre el respeto y el apoyo mutuo incluso despu\u00e9s de la separaci\u00f3n.<\/p>\n<p>Sobre c\u00f3mo define hoy ese v\u00ednculo, Echarri fue claro: \u201c<b>Fue una relaci\u00f3n linda, sincera. Terminamos bien, no nos frecuentamos, pero terminamos bien<\/b>\u201d. Consultado sobre los encuentros actuales, el actor asegur\u00f3: \u201cS\u00ed, claro, la saludo si la veo. Nos cruzamos siempre, nos hemos visto en alg\u00fan premio, en Teleinde, coincidido en alg\u00fan momento, pero ya hace unos a\u00f1os. No nos hemos cruzado mucho, pero \u00bfpor qu\u00e9 no? No, al contrario\u201d.<\/p>\n<p>Aunque cada uno tom\u00f3 caminos distintos \u2014Echarri junto a <b>Nancy Dupl\u00e1a<\/b>, con quien form\u00f3 una familia, y Oreiro junto a <b>Ricardo Mollo<\/b>\u2014, el respeto y el afecto por lo compartido siguen intactos: \u201c<b>Obviamente, no nos frecuentamos, cada uno tiene su vida<\/b>\u201d. Echarri mostr\u00f3 madurez y franqueza al hablar de este cap\u00edtulo central de su historia, recordando con cari\u00f1o y sin rencores una relaci\u00f3n que dej\u00f3 huella tanto en lo personal como en el imaginario popular, y que, pese al paso de los a\u00f1os, sigue despertando inter\u00e9s y nostalgia.<\/p>\n<p>La dupla se ha encontrado en entregas de premios y siempre se mostraron cordiales a la hora de intercambiar saludos y palabras frente a la prensa. <\/p>\n","protected":false},"excerpt":{"rendered":"<p>Pablo Echarri se refiri\u00f3 con honestidad y sin vueltas a uno de los v\u00ednculos m\u00e1s recordados de su vida: su relaci\u00f3n con Natalia Oreiro, con quien comparti\u00f3 seis a\u00f1os de pareja entre 1994 y 2000. Este romance, que acompa\u00f1\u00f3 el ascenso de ambos en la industria del espect\u00e1culo, se convirti\u00f3 en un emblema para toda&#8230;<\/p>\n","protected":false},"author":1,"featured_media":44866,"comment_status":"open","ping_status":"closed","sticky":false,"template":"","format":"standard","meta":{"_jetpack_memberships_contains_paid_content":false,"footnotes":""},"categories":[79],"tags":[],"class_list":["post-44863","post","type-post","status-publish","format-standard","has-post-thumbnail","hentry","category-cine-y-series"],"magazineBlocksPostFeaturedMedia":{"thumbnail":"https:\/\/lobosnews.com.ar\/wp-content\/uploads\/2026\/04\/pablo-echarri-recordo-su-relacion-con-natalia-oreiro-y-explico-que-significo-ella-en-su-vida-fue-una-relacion-linda-150x150.jpg","medium":"https:\/\/lobosnews.com.ar\/wp-content\/uploads\/2026\/04\/pablo-echarri-recordo-su-relacion-con-natalia-oreiro-y-explico-que-significo-ella-en-su-vida-fue-una-relacion-linda-300x173.jpg","medium_large":"https:\/\/lobosnews.com.ar\/wp-content\/uploads\/2026\/04\/pablo-echarri-recordo-su-relacion-con-natalia-oreiro-y-explico-que-significo-ella-en-su-vida-fue-una-relacion-linda-768x443.jpg","large":"https:\/\/lobosnews.com.ar\/wp-content\/uploads\/2026\/04\/pablo-echarri-recordo-su-relacion-con-natalia-oreiro-y-explico-que-significo-ella-en-su-vida-fue-una-relacion-linda-1024x590.jpg","1536x1536":"https:\/\/lobosnews.com.ar\/wp-content\/uploads\/2026\/04\/pablo-echarri-recordo-su-relacion-con-natalia-oreiro-y-explico-que-significo-ella-en-su-vida-fue-una-relacion-linda-1536x886.jpg","2048x2048":"https:\/\/lobosnews.com.ar\/wp-content\/uploads\/2026\/04\/pablo-echarri-recordo-su-relacion-con-natalia-oreiro-y-explico-que-significo-ella-en-su-vida-fue-una-relacion-linda.jpg","newsmatic-featured":"https:\/\/lobosnews.com.ar\/wp-content\/uploads\/2026\/04\/pablo-echarri-recordo-su-relacion-con-natalia-oreiro-y-explico-que-significo-ella-en-su-vida-fue-una-relacion-linda-820x545.jpg","newsmatic-list":"https:\/\/lobosnews.com.ar\/wp-content\/uploads\/2026\/04\/pablo-echarri-recordo-su-relacion-con-natalia-oreiro-y-explico-que-significo-ella-en-su-vida-fue-una-relacion-linda-600x400.jpg","newsmatic-thumb":"https:\/\/lobosnews.com.ar\/wp-content\/uploads\/2026\/04\/pablo-echarri-recordo-su-relacion-con-natalia-oreiro-y-explico-que-significo-ella-en-su-vida-fue-una-relacion-linda-300x200.jpg","newsmatic-small":"https:\/\/lobosnews.com.ar\/wp-content\/uploads\/2026\/04\/pablo-echarri-recordo-su-relacion-con-natalia-oreiro-y-explico-que-significo-ella-en-su-vida-fue-una-relacion-linda-150x95.jpg","newsmatic-grid":"https:\/\/lobosnews.com.ar\/wp-content\/uploads\/2026\/04\/pablo-echarri-recordo-su-relacion-con-natalia-oreiro-y-explico-que-significo-ella-en-su-vida-fue-una-relacion-linda-400x250.jpg"},"magazineBlocksPostAuthor":{"name":"admin","avatar":"https:\/\/secure.gravatar.com\/avatar\/76e419471a2083bc3ceab22a763dbbf9b0c1bd15a6214cf3280e2c2dde4580f9?s=96&d=mm&r=g"},"magazineBlocksPostCommentsNumber":"0","magazineBlocksPostExcerpt":"Pablo Echarri se refiri\u00f3 con honestidad y sin vueltas a uno de los v\u00ednculos m\u00e1s recordados de su vida: su relaci\u00f3n con Natalia Oreiro, con quien comparti\u00f3 seis a\u00f1os de pareja entre 1994 y 2000. Este romance, que acompa\u00f1\u00f3 el ascenso de ambos en la industria del espect\u00e1culo, se convirti\u00f3 en un emblema para toda...","magazineBlocksPostCategories":["Cine y Series"],"magazineBlocksPostViewCount":7,"magazineBlocksPostReadTime":4,"magazine_blocks_featured_image_url":{"full":["https:\/\/lobosnews.com.ar\/wp-content\/uploads\/2026\/04\/pablo-echarri-recordo-su-relacion-con-natalia-oreiro-y-explico-que-significo-ella-en-su-vida-fue-una-relacion-linda.jpg",1920,1107,false],"medium":["https:\/\/lobosnews.com.ar\/wp-content\/uploads\/2026\/04\/pablo-echarri-recordo-su-relacion-con-natalia-oreiro-y-explico-que-significo-ella-en-su-vida-fue-una-relacion-linda-300x173.jpg",300,173,true],"thumbnail":["https:\/\/lobosnews.com.ar\/wp-content\/uploads\/2026\/04\/pablo-echarri-recordo-su-relacion-con-natalia-oreiro-y-explico-que-significo-ella-en-su-vida-fue-una-relacion-linda-150x150.jpg",150,150,true]},"magazine_blocks_author":{"display_name":"admin","author_link":"https:\/\/lobosnews.com.ar\/index.php\/author\/lobos-news\/"},"magazine_blocks_comment":0,"magazine_blocks_author_image":"https:\/\/secure.gravatar.com\/avatar\/76e419471a2083bc3ceab22a763dbbf9b0c1bd15a6214cf3280e2c2dde4580f9?s=96&d=mm&r=g","magazine_blocks_category":"<a href=\"#\" class=\"category-link category-link-79\">Cine y Series<\/a>","yoast_head":"<!-- This site is optimized with the Yoast SEO plugin v26.6 - https:\/\/yoast.com\/wordpress\/plugins\/seo\/ -->\n<title>Pablo Echarri record\u00f3 su relaci\u00f3n con Natalia Oreiro y explic\u00f3 qu\u00e9 signific\u00f3 ella en su vida: \u201cFue una relaci\u00f3n linda\u201d - Lobos News<\/title>\n<meta name=\"robots\" content=\"index, follow, max-snippet:-1, max-image-preview:large, max-video-preview:-1\" \/>\n<link rel=\"canonical\" href=\"https:\/\/lobosnews.com.ar\/index.php\/2026\/04\/25\/pablo-echarri-recordo-su-relacion-con-natalia-oreiro-y-explico-que-significo-ella-en-su-vida-fue-una-relacion-linda\/\" \/>\n<meta property=\"og:locale\" content=\"es_ES\" \/>\n<meta property=\"og:type\" content=\"article\" \/>\n<meta property=\"og:title\" content=\"Pablo Echarri record\u00f3 su relaci\u00f3n con Natalia Oreiro y explic\u00f3 qu\u00e9 signific\u00f3 ella en su vida: \u201cFue una relaci\u00f3n linda\u201d - Lobos News\" \/>\n<meta property=\"og:description\" content=\"Pablo Echarri se refiri\u00f3 con honestidad y sin vueltas a uno de los v\u00ednculos m\u00e1s recordados de su vida: su relaci\u00f3n con Natalia Oreiro, con quien comparti\u00f3 seis a\u00f1os de pareja entre 1994 y 2000. Este romance, que acompa\u00f1\u00f3 el ascenso de ambos en la industria del espect\u00e1culo, se convirti\u00f3 en un emblema para toda...\" \/>\n<meta property=\"og:url\" content=\"https:\/\/lobosnews.com.ar\/index.php\/2026\/04\/25\/pablo-echarri-recordo-su-relacion-con-natalia-oreiro-y-explico-que-significo-ella-en-su-vida-fue-una-relacion-linda\/\" \/>\n<meta property=\"og:site_name\" content=\"Lobos News\" \/>\n<meta property=\"article:published_time\" content=\"2026-04-25T01:52:57+00:00\" \/>\n<meta property=\"article:modified_time\" content=\"2026-04-25T02:35:19+00:00\" \/>\n<meta property=\"og:image\" content=\"https:\/\/lobosnews.com.ar\/wp-content\/uploads\/2026\/04\/pablo-echarri-recordo-su-relacion-con-natalia-oreiro-y-explico-que-significo-ella-en-su-vida-fue-una-relacion-linda.jpg\" \/>\n<meta name=\"author\" content=\"admin\" \/>\n<meta name=\"twitter:card\" content=\"summary_large_image\" \/>\n<meta name=\"twitter:label1\" content=\"Escrito por\" \/>\n\t<meta name=\"twitter:data1\" content=\"admin\" \/>\n\t<meta name=\"twitter:label2\" content=\"Tiempo de lectura\" \/>\n\t<meta name=\"twitter:data2\" content=\"3 minutos\" \/>\n<script type=\"application\/ld+json\" class=\"yoast-schema-graph\">{\"@context\":\"https:\/\/schema.org\",\"@graph\":[{\"@type\":\"Article\",\"@id\":\"https:\/\/lobosnews.com.ar\/index.php\/2026\/04\/25\/pablo-echarri-recordo-su-relacion-con-natalia-oreiro-y-explico-que-significo-ella-en-su-vida-fue-una-relacion-linda\/#article\",\"isPartOf\":{\"@id\":\"https:\/\/lobosnews.com.ar\/index.php\/2026\/04\/25\/pablo-echarri-recordo-su-relacion-con-natalia-oreiro-y-explico-que-significo-ella-en-su-vida-fue-una-relacion-linda\/\"},\"author\":{\"name\":\"admin\",\"@id\":\"https:\/\/lobosnews.com.ar\/#\/schema\/person\/232422a593d5c541dd9aef6aaed10943\"},\"headline\":\"Pablo Echarri record\u00f3 su relaci\u00f3n con Natalia Oreiro y explic\u00f3 qu\u00e9 signific\u00f3 ella en su vida: \u201cFue una relaci\u00f3n linda\u201d\",\"datePublished\":\"2026-04-25T01:52:57+00:00\",\"dateModified\":\"2026-04-25T02:35:19+00:00\",\"mainEntityOfPage\":{\"@id\":\"https:\/\/lobosnews.com.ar\/index.php\/2026\/04\/25\/pablo-echarri-recordo-su-relacion-con-natalia-oreiro-y-explico-que-significo-ella-en-su-vida-fue-una-relacion-linda\/\"},\"wordCount\":686,\"commentCount\":0,\"publisher\":{\"@id\":\"https:\/\/lobosnews.com.ar\/#organization\"},\"image\":{\"@id\":\"https:\/\/lobosnews.com.ar\/index.php\/2026\/04\/25\/pablo-echarri-recordo-su-relacion-con-natalia-oreiro-y-explico-que-significo-ella-en-su-vida-fue-una-relacion-linda\/#primaryimage\"},\"thumbnailUrl\":\"https:\/\/lobosnews.com.ar\/wp-content\/uploads\/2026\/04\/pablo-echarri-recordo-su-relacion-con-natalia-oreiro-y-explico-que-significo-ella-en-su-vida-fue-una-relacion-linda.jpg\",\"articleSection\":[\"Cine y Series\"],\"inLanguage\":\"es\",\"potentialAction\":[{\"@type\":\"CommentAction\",\"name\":\"Comment\",\"target\":[\"https:\/\/lobosnews.com.ar\/index.php\/2026\/04\/25\/pablo-echarri-recordo-su-relacion-con-natalia-oreiro-y-explico-que-significo-ella-en-su-vida-fue-una-relacion-linda\/#respond\"]}]},{\"@type\":\"WebPage\",\"@id\":\"https:\/\/lobosnews.com.ar\/index.php\/2026\/04\/25\/pablo-echarri-recordo-su-relacion-con-natalia-oreiro-y-explico-que-significo-ella-en-su-vida-fue-una-relacion-linda\/\",\"url\":\"https:\/\/lobosnews.com.ar\/index.php\/2026\/04\/25\/pablo-echarri-recordo-su-relacion-con-natalia-oreiro-y-explico-que-significo-ella-en-su-vida-fue-una-relacion-linda\/\",\"name\":\"Pablo Echarri record\u00f3 su relaci\u00f3n con Natalia Oreiro y explic\u00f3 qu\u00e9 signific\u00f3 ella en su vida: \u201cFue una relaci\u00f3n linda\u201d - Lobos News\",\"isPartOf\":{\"@id\":\"https:\/\/lobosnews.com.ar\/#website\"},\"primaryImageOfPage\":{\"@id\":\"https:\/\/lobosnews.com.ar\/index.php\/2026\/04\/25\/pablo-echarri-recordo-su-relacion-con-natalia-oreiro-y-explico-que-significo-ella-en-su-vida-fue-una-relacion-linda\/#primaryimage\"},\"image\":{\"@id\":\"https:\/\/lobosnews.com.ar\/index.php\/2026\/04\/25\/pablo-echarri-recordo-su-relacion-con-natalia-oreiro-y-explico-que-significo-ella-en-su-vida-fue-una-relacion-linda\/#primaryimage\"},\"thumbnailUrl\":\"https:\/\/lobosnews.com.ar\/wp-content\/uploads\/2026\/04\/pablo-echarri-recordo-su-relacion-con-natalia-oreiro-y-explico-que-significo-ella-en-su-vida-fue-una-relacion-linda.jpg\",\"datePublished\":\"2026-04-25T01:52:57+00:00\",\"dateModified\":\"2026-04-25T02:35:19+00:00\",\"breadcrumb\":{\"@id\":\"https:\/\/lobosnews.com.ar\/index.php\/2026\/04\/25\/pablo-echarri-recordo-su-relacion-con-natalia-oreiro-y-explico-que-significo-ella-en-su-vida-fue-una-relacion-linda\/#breadcrumb\"},\"inLanguage\":\"es\",\"potentialAction\":[{\"@type\":\"ReadAction\",\"target\":[\"https:\/\/lobosnews.com.ar\/index.php\/2026\/04\/25\/pablo-echarri-recordo-su-relacion-con-natalia-oreiro-y-explico-que-significo-ella-en-su-vida-fue-una-relacion-linda\/\"]}]},{\"@type\":\"ImageObject\",\"inLanguage\":\"es\",\"@id\":\"https:\/\/lobosnews.com.ar\/index.php\/2026\/04\/25\/pablo-echarri-recordo-su-relacion-con-natalia-oreiro-y-explico-que-significo-ella-en-su-vida-fue-una-relacion-linda\/#primaryimage\",\"url\":\"https:\/\/lobosnews.com.ar\/wp-content\/uploads\/2026\/04\/pablo-echarri-recordo-su-relacion-con-natalia-oreiro-y-explico-que-significo-ella-en-su-vida-fue-una-relacion-linda.jpg\",\"contentUrl\":\"https:\/\/lobosnews.com.ar\/wp-content\/uploads\/2026\/04\/pablo-echarri-recordo-su-relacion-con-natalia-oreiro-y-explico-que-significo-ella-en-su-vida-fue-una-relacion-linda.jpg\",\"width\":1920,\"height\":1107,\"caption\":\"Pablo Echarri record\u00f3 su relaci\u00f3n con Natalia Oreiro y explic\u00f3 qu\u00e9 signific\u00f3 ella en su vida: \u201cFue una relaci\u00f3n linda\u201d\"},{\"@type\":\"BreadcrumbList\",\"@id\":\"https:\/\/lobosnews.com.ar\/index.php\/2026\/04\/25\/pablo-echarri-recordo-su-relacion-con-natalia-oreiro-y-explico-que-significo-ella-en-su-vida-fue-una-relacion-linda\/#breadcrumb\",\"itemListElement\":[{\"@type\":\"ListItem\",\"position\":1,\"name\":\"Portada\",\"item\":\"https:\/\/lobosnews.com.ar\/\"},{\"@type\":\"ListItem\",\"position\":2,\"name\":\"Pablo Echarri record\u00f3 su relaci\u00f3n con Natalia Oreiro y explic\u00f3 qu\u00e9 signific\u00f3 ella en su vida: \u201cFue una relaci\u00f3n linda\u201d\"}]},{\"@type\":\"WebSite\",\"@id\":\"https:\/\/lobosnews.com.ar\/#website\",\"url\":\"https:\/\/lobosnews.com.ar\/\",\"name\":\"Lobos News\",\"description\":\"Informaci\u00f3n a cada instante\",\"publisher\":{\"@id\":\"https:\/\/lobosnews.com.ar\/#organization\"},\"potentialAction\":[{\"@type\":\"SearchAction\",\"target\":{\"@type\":\"EntryPoint\",\"urlTemplate\":\"https:\/\/lobosnews.com.ar\/?s={search_term_string}\"},\"query-input\":{\"@type\":\"PropertyValueSpecification\",\"valueRequired\":true,\"valueName\":\"search_term_string\"}}],\"inLanguage\":\"es\"},{\"@type\":\"Organization\",\"@id\":\"https:\/\/lobosnews.com.ar\/#organization\",\"name\":\"Lobos News\",\"url\":\"https:\/\/lobosnews.com.ar\/\",\"logo\":{\"@type\":\"ImageObject\",\"inLanguage\":\"es\",\"@id\":\"https:\/\/lobosnews.com.ar\/#\/schema\/logo\/image\/\",\"url\":\"https:\/\/lobosnews.com.ar\/wp-content\/uploads\/2026\/01\/logo-lobosnews.png\",\"contentUrl\":\"https:\/\/lobosnews.com.ar\/wp-content\/uploads\/2026\/01\/logo-lobosnews.png\",\"width\":500,\"height\":200,\"caption\":\"Lobos News\"},\"image\":{\"@id\":\"https:\/\/lobosnews.com.ar\/#\/schema\/logo\/image\/\"}},{\"@type\":\"Person\",\"@id\":\"https:\/\/lobosnews.com.ar\/#\/schema\/person\/232422a593d5c541dd9aef6aaed10943\",\"name\":\"admin\",\"image\":{\"@type\":\"ImageObject\",\"inLanguage\":\"es\",\"@id\":\"https:\/\/lobosnews.com.ar\/#\/schema\/person\/image\/\",\"url\":\"https:\/\/secure.gravatar.com\/avatar\/76e419471a2083bc3ceab22a763dbbf9b0c1bd15a6214cf3280e2c2dde4580f9?s=96&d=mm&r=g\",\"contentUrl\":\"https:\/\/secure.gravatar.com\/avatar\/76e419471a2083bc3ceab22a763dbbf9b0c1bd15a6214cf3280e2c2dde4580f9?s=96&d=mm&r=g\",\"caption\":\"admin\"},\"sameAs\":[\"https:\/\/lobosnews.com.ar\"],\"url\":\"https:\/\/lobosnews.com.ar\/index.php\/author\/lobos-news\/\"}]}<\/script>\n<!-- \/ Yoast SEO plugin. -->","yoast_head_json":{"title":"Pablo Echarri record\u00f3 su relaci\u00f3n con Natalia Oreiro y explic\u00f3 qu\u00e9 signific\u00f3 ella en su vida: \u201cFue una relaci\u00f3n linda\u201d - Lobos News","robots":{"index":"index","follow":"follow","max-snippet":"max-snippet:-1","max-image-preview":"max-image-preview:large","max-video-preview":"max-video-preview:-1"},"canonical":"https:\/\/lobosnews.com.ar\/index.php\/2026\/04\/25\/pablo-echarri-recordo-su-relacion-con-natalia-oreiro-y-explico-que-significo-ella-en-su-vida-fue-una-relacion-linda\/","og_locale":"es_ES","og_type":"article","og_title":"Pablo Echarri record\u00f3 su relaci\u00f3n con Natalia Oreiro y explic\u00f3 qu\u00e9 signific\u00f3 ella en su vida: \u201cFue una relaci\u00f3n linda\u201d - Lobos News","og_description":"Pablo Echarri se refiri\u00f3 con honestidad y sin vueltas a uno de los v\u00ednculos m\u00e1s recordados de su vida: su relaci\u00f3n con Natalia Oreiro, con quien comparti\u00f3 seis a\u00f1os de pareja entre 1994 y 2000. Este romance, que acompa\u00f1\u00f3 el ascenso de ambos en la industria del espect\u00e1culo, se convirti\u00f3 en un emblema para toda...","og_url":"https:\/\/lobosnews.com.ar\/index.php\/2026\/04\/25\/pablo-echarri-recordo-su-relacion-con-natalia-oreiro-y-explico-que-significo-ella-en-su-vida-fue-una-relacion-linda\/","og_site_name":"Lobos News","article_published_time":"2026-04-25T01:52:57+00:00","article_modified_time":"2026-04-25T02:35:19+00:00","og_image":[{"url":"https:\/\/lobosnews.com.ar\/wp-content\/uploads\/2026\/04\/pablo-echarri-recordo-su-relacion-con-natalia-oreiro-y-explico-que-significo-ella-en-su-vida-fue-una-relacion-linda.jpg","type":"","width":"","height":""}],"author":"admin","twitter_card":"summary_large_image","twitter_misc":{"Escrito por":"admin","Tiempo de lectura":"3 minutos"},"schema":{"@context":"https:\/\/schema.org","@graph":[{"@type":"Article","@id":"https:\/\/lobosnews.com.ar\/index.php\/2026\/04\/25\/pablo-echarri-recordo-su-relacion-con-natalia-oreiro-y-explico-que-significo-ella-en-su-vida-fue-una-relacion-linda\/#article","isPartOf":{"@id":"https:\/\/lobosnews.com.ar\/index.php\/2026\/04\/25\/pablo-echarri-recordo-su-relacion-con-natalia-oreiro-y-explico-que-significo-ella-en-su-vida-fue-una-relacion-linda\/"},"author":{"name":"admin","@id":"https:\/\/lobosnews.com.ar\/#\/schema\/person\/232422a593d5c541dd9aef6aaed10943"},"headline":"Pablo Echarri record\u00f3 su relaci\u00f3n con Natalia Oreiro y explic\u00f3 qu\u00e9 signific\u00f3 ella en su vida: \u201cFue una relaci\u00f3n linda\u201d","datePublished":"2026-04-25T01:52:57+00:00","dateModified":"2026-04-25T02:35:19+00:00","mainEntityOfPage":{"@id":"https:\/\/lobosnews.com.ar\/index.php\/2026\/04\/25\/pablo-echarri-recordo-su-relacion-con-natalia-oreiro-y-explico-que-significo-ella-en-su-vida-fue-una-relacion-linda\/"},"wordCount":686,"commentCount":0,"publisher":{"@id":"https:\/\/lobosnews.com.ar\/#organization"},"image":{"@id":"https:\/\/lobosnews.com.ar\/index.php\/2026\/04\/25\/pablo-echarri-recordo-su-relacion-con-natalia-oreiro-y-explico-que-significo-ella-en-su-vida-fue-una-relacion-linda\/#primaryimage"},"thumbnailUrl":"https:\/\/lobosnews.com.ar\/wp-content\/uploads\/2026\/04\/pablo-echarri-recordo-su-relacion-con-natalia-oreiro-y-explico-que-significo-ella-en-su-vida-fue-una-relacion-linda.jpg","articleSection":["Cine y Series"],"inLanguage":"es","potentialAction":[{"@type":"CommentAction","name":"Comment","target":["https:\/\/lobosnews.com.ar\/index.php\/2026\/04\/25\/pablo-echarri-recordo-su-relacion-con-natalia-oreiro-y-explico-que-significo-ella-en-su-vida-fue-una-relacion-linda\/#respond"]}]},{"@type":"WebPage","@id":"https:\/\/lobosnews.com.ar\/index.php\/2026\/04\/25\/pablo-echarri-recordo-su-relacion-con-natalia-oreiro-y-explico-que-significo-ella-en-su-vida-fue-una-relacion-linda\/","url":"https:\/\/lobosnews.com.ar\/index.php\/2026\/04\/25\/pablo-echarri-recordo-su-relacion-con-natalia-oreiro-y-explico-que-significo-ella-en-su-vida-fue-una-relacion-linda\/","name":"Pablo Echarri record\u00f3 su relaci\u00f3n con Natalia Oreiro y explic\u00f3 qu\u00e9 signific\u00f3 ella en su vida: \u201cFue una relaci\u00f3n linda\u201d - Lobos News","isPartOf":{"@id":"https:\/\/lobosnews.com.ar\/#website"},"primaryImageOfPage":{"@id":"https:\/\/lobosnews.com.ar\/index.php\/2026\/04\/25\/pablo-echarri-recordo-su-relacion-con-natalia-oreiro-y-explico-que-significo-ella-en-su-vida-fue-una-relacion-linda\/#primaryimage"},"image":{"@id":"https:\/\/lobosnews.com.ar\/index.php\/2026\/04\/25\/pablo-echarri-recordo-su-relacion-con-natalia-oreiro-y-explico-que-significo-ella-en-su-vida-fue-una-relacion-linda\/#primaryimage"},"thumbnailUrl":"https:\/\/lobosnews.com.ar\/wp-content\/uploads\/2026\/04\/pablo-echarri-recordo-su-relacion-con-natalia-oreiro-y-explico-que-significo-ella-en-su-vida-fue-una-relacion-linda.jpg","datePublished":"2026-04-25T01:52:57+00:00","dateModified":"2026-04-25T02:35:19+00:00","breadcrumb":{"@id":"https:\/\/lobosnews.com.ar\/index.php\/2026\/04\/25\/pablo-echarri-recordo-su-relacion-con-natalia-oreiro-y-explico-que-significo-ella-en-su-vida-fue-una-relacion-linda\/#breadcrumb"},"inLanguage":"es","potentialAction":[{"@type":"ReadAction","target":["https:\/\/lobosnews.com.ar\/index.php\/2026\/04\/25\/pablo-echarri-recordo-su-relacion-con-natalia-oreiro-y-explico-que-significo-ella-en-su-vida-fue-una-relacion-linda\/"]}]},{"@type":"ImageObject","inLanguage":"es","@id":"https:\/\/lobosnews.com.ar\/index.php\/2026\/04\/25\/pablo-echarri-recordo-su-relacion-con-natalia-oreiro-y-explico-que-significo-ella-en-su-vida-fue-una-relacion-linda\/#primaryimage","url":"https:\/\/lobosnews.com.ar\/wp-content\/uploads\/2026\/04\/pablo-echarri-recordo-su-relacion-con-natalia-oreiro-y-explico-que-significo-ella-en-su-vida-fue-una-relacion-linda.jpg","contentUrl":"https:\/\/lobosnews.com.ar\/wp-content\/uploads\/2026\/04\/pablo-echarri-recordo-su-relacion-con-natalia-oreiro-y-explico-que-significo-ella-en-su-vida-fue-una-relacion-linda.jpg","width":1920,"height":1107,"caption":"Pablo Echarri record\u00f3 su relaci\u00f3n con Natalia Oreiro y explic\u00f3 qu\u00e9 signific\u00f3 ella en su vida: \u201cFue una relaci\u00f3n linda\u201d"},{"@type":"BreadcrumbList","@id":"https:\/\/lobosnews.com.ar\/index.php\/2026\/04\/25\/pablo-echarri-recordo-su-relacion-con-natalia-oreiro-y-explico-que-significo-ella-en-su-vida-fue-una-relacion-linda\/#breadcrumb","itemListElement":[{"@type":"ListItem","position":1,"name":"Portada","item":"https:\/\/lobosnews.com.ar\/"},{"@type":"ListItem","position":2,"name":"Pablo Echarri record\u00f3 su relaci\u00f3n con Natalia Oreiro y explic\u00f3 qu\u00e9 signific\u00f3 ella en su vida: \u201cFue una relaci\u00f3n linda\u201d"}]},{"@type":"WebSite","@id":"https:\/\/lobosnews.com.ar\/#website","url":"https:\/\/lobosnews.com.ar\/","name":"Lobos News","description":"Informaci\u00f3n a cada instante","publisher":{"@id":"https:\/\/lobosnews.com.ar\/#organization"},"potentialAction":[{"@type":"SearchAction","target":{"@type":"EntryPoint","urlTemplate":"https:\/\/lobosnews.com.ar\/?s={search_term_string}"},"query-input":{"@type":"PropertyValueSpecification","valueRequired":true,"valueName":"search_term_string"}}],"inLanguage":"es"},{"@type":"Organization","@id":"https:\/\/lobosnews.com.ar\/#organization","name":"Lobos News","url":"https:\/\/lobosnews.com.ar\/","logo":{"@type":"ImageObject","inLanguage":"es","@id":"https:\/\/lobosnews.com.ar\/#\/schema\/logo\/image\/","url":"https:\/\/lobosnews.com.ar\/wp-content\/uploads\/2026\/01\/logo-lobosnews.png","contentUrl":"https:\/\/lobosnews.com.ar\/wp-content\/uploads\/2026\/01\/logo-lobosnews.png","width":500,"height":200,"caption":"Lobos News"},"image":{"@id":"https:\/\/lobosnews.com.ar\/#\/schema\/logo\/image\/"}},{"@type":"Person","@id":"https:\/\/lobosnews.com.ar\/#\/schema\/person\/232422a593d5c541dd9aef6aaed10943","name":"admin","image":{"@type":"ImageObject","inLanguage":"es","@id":"https:\/\/lobosnews.com.ar\/#\/schema\/person\/image\/","url":"https:\/\/secure.gravatar.com\/avatar\/76e419471a2083bc3ceab22a763dbbf9b0c1bd15a6214cf3280e2c2dde4580f9?s=96&d=mm&r=g","contentUrl":"https:\/\/secure.gravatar.com\/avatar\/76e419471a2083bc3ceab22a763dbbf9b0c1bd15a6214cf3280e2c2dde4580f9?s=96&d=mm&r=g","caption":"admin"},"sameAs":["https:\/\/lobosnews.com.ar"],"url":"https:\/\/lobosnews.com.ar\/index.php\/author\/lobos-news\/"}]}},"jetpack_featured_media_url":"https:\/\/lobosnews.com.ar\/wp-content\/uploads\/2026\/04\/pablo-echarri-recordo-su-relacion-con-natalia-oreiro-y-explico-que-significo-ella-en-su-vida-fue-una-relacion-linda.jpg","jetpack_sharing_enabled":true,"_links":{"self":[{"href":"https:\/\/lobosnews.com.ar\/index.php\/wp-json\/wp\/v2\/posts\/44863","targetHints":{"allow":["GET"]}}],"collection":[{"href":"https:\/\/lobosnews.com.ar\/index.php\/wp-json\/wp\/v2\/posts"}],"about":[{"href":"https:\/\/lobosnews.com.ar\/index.php\/wp-json\/wp\/v2\/types\/post"}],"author":[{"embeddable":true,"href":"https:\/\/lobosnews.com.ar\/index.php\/wp-json\/wp\/v2\/users\/1"}],"replies":[{"embeddable":true,"href":"https:\/\/lobosnews.com.ar\/index.php\/wp-json\/wp\/v2\/comments?post=44863"}],"version-history":[{"count":1,"href":"https:\/\/lobosnews.com.ar\/index.php\/wp-json\/wp\/v2\/posts\/44863\/revisions"}],"predecessor-version":[{"id":44865,"href":"https:\/\/lobosnews.com.ar\/index.php\/wp-json\/wp\/v2\/posts\/44863\/revisions\/44865"}],"wp:featuredmedia":[{"embeddable":true,"href":"https:\/\/lobosnews.com.ar\/index.php\/wp-json\/wp\/v2\/media\/44866"}],"wp:attachment":[{"href":"https:\/\/lobosnews.com.ar\/index.php\/wp-json\/wp\/v2\/media?parent=44863"}],"wp:term":[{"taxonomy":"category","embeddable":true,"href":"https:\/\/lobosnews.com.ar\/index.php\/wp-json\/wp\/v2\/categories?post=44863"},{"taxonomy":"post_tag","embeddable":true,"href":"https:\/\/lobosnews.com.ar\/index.php\/wp-json\/wp\/v2\/tags?post=44863"}],"curies":[{"name":"wp","href":"https:\/\/api.w.org\/{rel}","templated":true}]}}