{"id":44842,"date":"2026-04-25T01:07:12","date_gmt":"2026-04-25T01:07:12","guid":{"rendered":"https:\/\/lobosnews.com.ar\/index.php\/2026\/04\/25\/condenan-a-13-anos-de-prision-a-joven-por-violacion-agravada-contra-un-menor-en-honduras\/"},"modified":"2026-04-25T02:26:28","modified_gmt":"2026-04-25T02:26:28","slug":"condenan-a-13-anos-de-prision-a-joven-por-violacion-agravada-contra-un-menor-en-honduras","status":"publish","type":"post","link":"https:\/\/lobosnews.com.ar\/index.php\/2026\/04\/25\/condenan-a-13-anos-de-prision-a-joven-por-violacion-agravada-contra-un-menor-en-honduras\/","title":{"rendered":"Condenan a 13 a\u00f1os de prisi\u00f3n a joven por violaci\u00f3n agravada contra un menor en Honduras"},"content":{"rendered":"<p><img loading=\"lazy\" decoding=\"async\" src=\"https:\/\/lobosnews.com.ar\/wp-content\/uploads\/2026\/04\/condenan-a-13-anos-de-prision-a-joven-por-violacion-agravada-contra-un-menor-en-honduras.jpg\" alt=\"El caso sali\u00f3 a la luz con la intervenci\u00f3n de una psic\u00f3loga en el centro de internamiento.\/ (Imagen Ilustrativa Infobae)\" height=\"768\" width=\"1408\"\/><\/p>\n<p>El <b>Ministerio P\u00fablico de Honduras<\/b> confirm\u00f3 la condena a 13 a\u00f1os de prisi\u00f3n contra <b>Abner Geovany Bejarano<\/b>, declarado culpable de violaci\u00f3n agravada contra un ni\u00f1o en un Centro de Internamiento para Menores. <\/p>\n<p>La <b>Fiscal\u00eda Especial de Protecci\u00f3n a la Ni\u00f1ez y Adolescencia (FEP-NI\u00f1EZ)<\/b> present\u00f3 pruebas contundentes que demostraron que Bejarano oblig\u00f3 a la v\u00edctima, un menor de edad, a realizar actos sexuales bajo amenazas de muerte. Adem\u00e1s, el menor fue forzado a involucrar a otros cinco internos y sufri\u00f3 agresiones f\u00edsicas por resistirse a estas pr\u00e1cticas.<\/p>\n<p><b>La condena impuesta incluye la prohibici\u00f3n de acercarse a la v\u00edctima durante 26 a\u00f1os, el doble de la pena principal, la inscripci\u00f3n obligatoria en el registro de agresores sexuales y la suspensi\u00f3n de la ciudadan\u00eda.<\/b> Bejarano tambi\u00e9n deber\u00e1 responder civilmente por el da\u00f1o causado. <\/p>\n<p>Los hechos salieron a la luz tras una intervenci\u00f3n psicol\u00f3gica en la que un profesional escuch\u00f3 a Bejarano amenazar a la v\u00edctima para que no revelara el abuso sufrido.<\/p>\n<p><img loading=\"lazy\" decoding=\"async\" src=\"https:\/\/lobosnews.com.ar\/wp-content\/uploads\/2026\/04\/condenan-a-13-anos-de-prision-a-joven-por-violacion-agravada-contra-un-menor-en-honduras-1.jpg\" alt=\"El Ministerio P\u00fablico inform\u00f3 a trav\u00e9s de sus redes oficiales el caso.\/ (X del Ministerio P\u00fablico)\" height=\"754\" width=\"619\"\/><\/p>\n<p>La investigaci\u00f3n estableci\u00f3 que para la fecha del delito, el sentenciado ya hab\u00eda alcanzado la mayor\u00eda de edad, aunque por disposici\u00f3n judicial deb\u00eda cumplir su sanci\u00f3n en el centro pedag\u00f3gico. El <b>Ministerio P\u00fablico<\/b>, tras recibir la denuncia y reunir los elementos probatorios, procedi\u00f3 a la presentaci\u00f3n del requerimiento fiscal que concluy\u00f3 con la sentencia condenatoria.<\/p>\n<p>El caso de <b>Abner Geovany Bejarano<\/b>, condenado en abril de este a\u00f1o, expone la urgencia de fortalecer la prevenci\u00f3n y la respuesta integral frente a la violencia sexual contra menores en <b>Honduras<\/b>.<\/p>\n<h2>Violencia sexual contra menores en Honduras<\/h2>\n<p>La <b>violencia sexual contra menores en Honduras<\/b> contin\u00faa siendo uno de los delitos m\u00e1s graves y, a la vez, subregistrados por barreras culturales e institucionales. Seg\u00fan datos del <b>Ministerio P\u00fablico<\/b> y del <b>Observatorio de Derechos Humanos de las Mujeres (ODHM)<\/b> del <b>Centro de Derechos de Mujeres (CDM)<\/b>, en 2024 se registraron 3.350 denuncias por violencia sexual contra mujeres y ni\u00f1as. El 62% de estas v\u00edctimas corresponden a menores de edad. Esto implica que al menos 2.077 casos involucraron a ni\u00f1as y adolescentes. La mayor\u00eda de las denuncias se concentran en los departamentos de <b>Francisco Moraz\u00e1n<\/b> (15,2%), <b>Cort\u00e9s<\/b> (13,7%) y <b>Atl\u00e1ntida<\/b> (8,8%).<\/p>\n<p>En cuanto a los procesos judiciales, de los 854 expedientes vinculados a violencia sexual ingresados a los juzgados en 2024, solo el 35% culmin\u00f3 en sentencias condenatorias. M\u00e1s de la mitad de estos fallos condenatorios respondieron a acusaciones de violaci\u00f3n. <b>El informe se\u00f1ala adem\u00e1s la falta de atenci\u00f3n institucional adecuada, tanto en el acompa\u00f1amiento psicol\u00f3gico como en el acceso a anticoncepci\u00f3n de emergencia, incluso para menores v\u00edctimas de agresi\u00f3n sexual.<\/b><\/p>\n<p><img loading=\"lazy\" decoding=\"async\" src=\"https:\/\/lobosnews.com.ar\/wp-content\/uploads\/2026\/04\/condenan-a-13-anos-de-prision-a-joven-por-violacion-agravada-contra-un-menor-en-honduras-2.jpg\" alt=\"Integrantes de colectivos feministas han exigido en diversas ocasiones en Tegucigalpa medidas de protecci\u00f3n y prevenci\u00f3n para la ni\u00f1ez afectada.\/ (Foto referencial: Andina)\" height=\"339\" width=\"604\"\/><\/p>\n<p>Durante 2025, los primeros informes trimestrales indican que las denuncias por <b>violencia sexual contra menores<\/b> no presentan una reducci\u00f3n significativa. Seg\u00fan <b>Casa Alianza Honduras<\/b>, entre enero y marzo de 2025 se denunciaron decenas de casos de violencia sexual infantil, aunque la cifra exacta se mantiene reservada por la <b>Secretar\u00eda de Ni\u00f1ez, Adolescencia y Familia (Senaf)<\/b>. El promedio diario de vulneraciones graves a derechos de la ni\u00f1ez, que incluye casos de abuso sexual, se mantiene en 17 a 18 incidentes, seg\u00fan reportes de la <b>Senaf<\/b> y <b>El Heraldo<\/b>. En el primer trimestre de 2025, Senaf inform\u00f3 la atenci\u00f3n de 261 denuncias por distintas formas de maltrato, de las cuales una proporci\u00f3n relevante corresponde a delitos de car\u00e1cter sexual.<\/p>\n<p>Los datos hist\u00f3ricos muestran que la <b>violencia sexual<\/b> representa una constante amenaza para los menores en <b>Honduras<\/b>. Seg\u00fan la <b>Encuesta Nacional Especializada sobre Violencia contra las Mujeres y Ni\u00f1as (ENESVMN)<\/b>, el 24% de las mujeres y ni\u00f1as han sufrido violencia sexual en alg\u00fan momento de su vida, y la mayor\u00eda de los casos permanece sin denuncia formal.<\/p>\n<p><b>La situaci\u00f3n de impunidad persiste: en 2024, del total de denuncias por violencia sexual, solo el 25,4% se judicializ\u00f3 y apenas el 35% de esas causas obtuvieron sentencias condenatorias.<\/b> Las organizaciones de derechos humanos advierten que la falta de acceso a justicia, la revictimizaci\u00f3n institucional y la inexistencia de protocolos efectivos agravan el riesgo y la desprotecci\u00f3n de la ni\u00f1ez hondure\u00f1a ante estos delitos.<\/p>\n<p>Entre las v\u00edctimas menores de 18 a\u00f1os, destaca un patr\u00f3n de agresiones cometidas tanto dentro del entorno familiar como en instituciones, como centros de internamiento, lo que revela la necesidad de reforzar los mecanismos de denuncia, protecci\u00f3n y acompa\u00f1amiento psicosocial. <\/p>\n","protected":false},"excerpt":{"rendered":"<p>El Ministerio P\u00fablico de Honduras confirm\u00f3 la condena a 13 a\u00f1os de prisi\u00f3n contra Abner Geovany Bejarano, declarado culpable de violaci\u00f3n agravada contra un ni\u00f1o en un Centro de Internamiento para Menores. La Fiscal\u00eda Especial de Protecci\u00f3n a la Ni\u00f1ez y Adolescencia (FEP-NI\u00f1EZ) present\u00f3 pruebas contundentes que demostraron que Bejarano oblig\u00f3 a la v\u00edctima, un&#8230;<\/p>\n","protected":false},"author":1,"featured_media":44847,"comment_status":"open","ping_status":"closed","sticky":false,"template":"","format":"standard","meta":{"_jetpack_memberships_contains_paid_content":false,"footnotes":""},"categories":[31],"tags":[],"class_list":["post-44842","post","type-post","status-publish","format-standard","has-post-thumbnail","hentry","category-actualidad"],"magazineBlocksPostFeaturedMedia":{"thumbnail":"https:\/\/lobosnews.com.ar\/wp-content\/uploads\/2026\/04\/condenan-a-13-anos-de-prision-a-joven-por-violacion-agravada-contra-un-menor-en-honduras-4-150x150.jpg","medium":"https:\/\/lobosnews.com.ar\/wp-content\/uploads\/2026\/04\/condenan-a-13-anos-de-prision-a-joven-por-violacion-agravada-contra-un-menor-en-honduras-4-300x168.jpg","medium_large":"https:\/\/lobosnews.com.ar\/wp-content\/uploads\/2026\/04\/condenan-a-13-anos-de-prision-a-joven-por-violacion-agravada-contra-un-menor-en-honduras-4.jpg","large":"https:\/\/lobosnews.com.ar\/wp-content\/uploads\/2026\/04\/condenan-a-13-anos-de-prision-a-joven-por-violacion-agravada-contra-un-menor-en-honduras-4.jpg","1536x1536":"https:\/\/lobosnews.com.ar\/wp-content\/uploads\/2026\/04\/condenan-a-13-anos-de-prision-a-joven-por-violacion-agravada-contra-un-menor-en-honduras-4.jpg","2048x2048":"https:\/\/lobosnews.com.ar\/wp-content\/uploads\/2026\/04\/condenan-a-13-anos-de-prision-a-joven-por-violacion-agravada-contra-un-menor-en-honduras-4.jpg","newsmatic-featured":"https:\/\/lobosnews.com.ar\/wp-content\/uploads\/2026\/04\/condenan-a-13-anos-de-prision-a-joven-por-violacion-agravada-contra-un-menor-en-honduras-4.jpg","newsmatic-list":"https:\/\/lobosnews.com.ar\/wp-content\/uploads\/2026\/04\/condenan-a-13-anos-de-prision-a-joven-por-violacion-agravada-contra-un-menor-en-honduras-4-600x339.jpg","newsmatic-thumb":"https:\/\/lobosnews.com.ar\/wp-content\/uploads\/2026\/04\/condenan-a-13-anos-de-prision-a-joven-por-violacion-agravada-contra-un-menor-en-honduras-4-300x200.jpg","newsmatic-small":"https:\/\/lobosnews.com.ar\/wp-content\/uploads\/2026\/04\/condenan-a-13-anos-de-prision-a-joven-por-violacion-agravada-contra-un-menor-en-honduras-4-150x95.jpg","newsmatic-grid":"https:\/\/lobosnews.com.ar\/wp-content\/uploads\/2026\/04\/condenan-a-13-anos-de-prision-a-joven-por-violacion-agravada-contra-un-menor-en-honduras-4-400x250.jpg"},"magazineBlocksPostAuthor":{"name":"admin","avatar":"https:\/\/secure.gravatar.com\/avatar\/76e419471a2083bc3ceab22a763dbbf9b0c1bd15a6214cf3280e2c2dde4580f9?s=96&d=mm&r=g"},"magazineBlocksPostCommentsNumber":"0","magazineBlocksPostExcerpt":"El Ministerio P\u00fablico de Honduras confirm\u00f3 la condena a 13 a\u00f1os de prisi\u00f3n contra Abner Geovany Bejarano, declarado culpable de violaci\u00f3n agravada contra un ni\u00f1o en un Centro de Internamiento para Menores. La Fiscal\u00eda Especial de Protecci\u00f3n a la Ni\u00f1ez y Adolescencia (FEP-NI\u00f1EZ) present\u00f3 pruebas contundentes que demostraron que Bejarano oblig\u00f3 a la v\u00edctima, un...","magazineBlocksPostCategories":["Actualidad"],"magazineBlocksPostViewCount":12,"magazineBlocksPostReadTime":4,"magazine_blocks_featured_image_url":{"full":["https:\/\/lobosnews.com.ar\/wp-content\/uploads\/2026\/04\/condenan-a-13-anos-de-prision-a-joven-por-violacion-agravada-contra-un-menor-en-honduras-4.jpg",604,339,false],"medium":["https:\/\/lobosnews.com.ar\/wp-content\/uploads\/2026\/04\/condenan-a-13-anos-de-prision-a-joven-por-violacion-agravada-contra-un-menor-en-honduras-4-300x168.jpg",300,168,true],"thumbnail":["https:\/\/lobosnews.com.ar\/wp-content\/uploads\/2026\/04\/condenan-a-13-anos-de-prision-a-joven-por-violacion-agravada-contra-un-menor-en-honduras-4-150x150.jpg",150,150,true]},"magazine_blocks_author":{"display_name":"admin","author_link":"https:\/\/lobosnews.com.ar\/index.php\/author\/lobos-news\/"},"magazine_blocks_comment":0,"magazine_blocks_author_image":"https:\/\/secure.gravatar.com\/avatar\/76e419471a2083bc3ceab22a763dbbf9b0c1bd15a6214cf3280e2c2dde4580f9?s=96&d=mm&r=g","magazine_blocks_category":"<a href=\"#\" class=\"category-link category-link-31\">Actualidad<\/a>","yoast_head":"<!-- This site is optimized with the Yoast SEO plugin v26.6 - https:\/\/yoast.com\/wordpress\/plugins\/seo\/ -->\n<title>Condenan a 13 a\u00f1os de prisi\u00f3n a joven por violaci\u00f3n agravada contra un menor en Honduras - Lobos News<\/title>\n<meta name=\"robots\" content=\"index, follow, max-snippet:-1, max-image-preview:large, max-video-preview:-1\" \/>\n<link rel=\"canonical\" href=\"https:\/\/lobosnews.com.ar\/index.php\/2026\/04\/25\/condenan-a-13-anos-de-prision-a-joven-por-violacion-agravada-contra-un-menor-en-honduras\/\" \/>\n<meta property=\"og:locale\" content=\"es_ES\" \/>\n<meta property=\"og:type\" content=\"article\" \/>\n<meta property=\"og:title\" content=\"Condenan a 13 a\u00f1os de prisi\u00f3n a joven por violaci\u00f3n agravada contra un menor en Honduras - Lobos News\" \/>\n<meta property=\"og:description\" content=\"El Ministerio P\u00fablico de Honduras confirm\u00f3 la condena a 13 a\u00f1os de prisi\u00f3n contra Abner Geovany Bejarano, declarado culpable de violaci\u00f3n agravada contra un ni\u00f1o en un Centro de Internamiento para Menores. La Fiscal\u00eda Especial de Protecci\u00f3n a la Ni\u00f1ez y Adolescencia (FEP-NI\u00f1EZ) present\u00f3 pruebas contundentes que demostraron que Bejarano oblig\u00f3 a la v\u00edctima, un...\" \/>\n<meta property=\"og:url\" content=\"https:\/\/lobosnews.com.ar\/index.php\/2026\/04\/25\/condenan-a-13-anos-de-prision-a-joven-por-violacion-agravada-contra-un-menor-en-honduras\/\" \/>\n<meta property=\"og:site_name\" content=\"Lobos News\" \/>\n<meta property=\"article:published_time\" content=\"2026-04-25T01:07:12+00:00\" \/>\n<meta property=\"article:modified_time\" content=\"2026-04-25T02:26:28+00:00\" \/>\n<meta property=\"og:image\" content=\"https:\/\/lobosnews.com.ar\/wp-content\/uploads\/2026\/04\/condenan-a-13-anos-de-prision-a-joven-por-violacion-agravada-contra-un-menor-en-honduras.jpg\" \/>\n<meta name=\"author\" content=\"admin\" \/>\n<meta name=\"twitter:card\" content=\"summary_large_image\" \/>\n<meta name=\"twitter:label1\" content=\"Escrito por\" \/>\n\t<meta name=\"twitter:data1\" content=\"admin\" \/>\n\t<meta name=\"twitter:label2\" content=\"Tiempo de lectura\" \/>\n\t<meta name=\"twitter:data2\" content=\"4 minutos\" \/>\n<script type=\"application\/ld+json\" class=\"yoast-schema-graph\">{\"@context\":\"https:\/\/schema.org\",\"@graph\":[{\"@type\":\"Article\",\"@id\":\"https:\/\/lobosnews.com.ar\/index.php\/2026\/04\/25\/condenan-a-13-anos-de-prision-a-joven-por-violacion-agravada-contra-un-menor-en-honduras\/#article\",\"isPartOf\":{\"@id\":\"https:\/\/lobosnews.com.ar\/index.php\/2026\/04\/25\/condenan-a-13-anos-de-prision-a-joven-por-violacion-agravada-contra-un-menor-en-honduras\/\"},\"author\":{\"name\":\"admin\",\"@id\":\"https:\/\/lobosnews.com.ar\/#\/schema\/person\/232422a593d5c541dd9aef6aaed10943\"},\"headline\":\"Condenan a 13 a\u00f1os de prisi\u00f3n a joven por violaci\u00f3n agravada contra un menor en Honduras\",\"datePublished\":\"2026-04-25T01:07:12+00:00\",\"dateModified\":\"2026-04-25T02:26:28+00:00\",\"mainEntityOfPage\":{\"@id\":\"https:\/\/lobosnews.com.ar\/index.php\/2026\/04\/25\/condenan-a-13-anos-de-prision-a-joven-por-violacion-agravada-contra-un-menor-en-honduras\/\"},\"wordCount\":777,\"commentCount\":0,\"publisher\":{\"@id\":\"https:\/\/lobosnews.com.ar\/#organization\"},\"image\":{\"@id\":\"https:\/\/lobosnews.com.ar\/index.php\/2026\/04\/25\/condenan-a-13-anos-de-prision-a-joven-por-violacion-agravada-contra-un-menor-en-honduras\/#primaryimage\"},\"thumbnailUrl\":\"https:\/\/lobosnews.com.ar\/wp-content\/uploads\/2026\/04\/condenan-a-13-anos-de-prision-a-joven-por-violacion-agravada-contra-un-menor-en-honduras-4.jpg\",\"articleSection\":[\"Actualidad\"],\"inLanguage\":\"es\",\"potentialAction\":[{\"@type\":\"CommentAction\",\"name\":\"Comment\",\"target\":[\"https:\/\/lobosnews.com.ar\/index.php\/2026\/04\/25\/condenan-a-13-anos-de-prision-a-joven-por-violacion-agravada-contra-un-menor-en-honduras\/#respond\"]}]},{\"@type\":\"WebPage\",\"@id\":\"https:\/\/lobosnews.com.ar\/index.php\/2026\/04\/25\/condenan-a-13-anos-de-prision-a-joven-por-violacion-agravada-contra-un-menor-en-honduras\/\",\"url\":\"https:\/\/lobosnews.com.ar\/index.php\/2026\/04\/25\/condenan-a-13-anos-de-prision-a-joven-por-violacion-agravada-contra-un-menor-en-honduras\/\",\"name\":\"Condenan a 13 a\u00f1os de prisi\u00f3n a joven por violaci\u00f3n agravada contra un menor en Honduras - Lobos News\",\"isPartOf\":{\"@id\":\"https:\/\/lobosnews.com.ar\/#website\"},\"primaryImageOfPage\":{\"@id\":\"https:\/\/lobosnews.com.ar\/index.php\/2026\/04\/25\/condenan-a-13-anos-de-prision-a-joven-por-violacion-agravada-contra-un-menor-en-honduras\/#primaryimage\"},\"image\":{\"@id\":\"https:\/\/lobosnews.com.ar\/index.php\/2026\/04\/25\/condenan-a-13-anos-de-prision-a-joven-por-violacion-agravada-contra-un-menor-en-honduras\/#primaryimage\"},\"thumbnailUrl\":\"https:\/\/lobosnews.com.ar\/wp-content\/uploads\/2026\/04\/condenan-a-13-anos-de-prision-a-joven-por-violacion-agravada-contra-un-menor-en-honduras-4.jpg\",\"datePublished\":\"2026-04-25T01:07:12+00:00\",\"dateModified\":\"2026-04-25T02:26:28+00:00\",\"breadcrumb\":{\"@id\":\"https:\/\/lobosnews.com.ar\/index.php\/2026\/04\/25\/condenan-a-13-anos-de-prision-a-joven-por-violacion-agravada-contra-un-menor-en-honduras\/#breadcrumb\"},\"inLanguage\":\"es\",\"potentialAction\":[{\"@type\":\"ReadAction\",\"target\":[\"https:\/\/lobosnews.com.ar\/index.php\/2026\/04\/25\/condenan-a-13-anos-de-prision-a-joven-por-violacion-agravada-contra-un-menor-en-honduras\/\"]}]},{\"@type\":\"ImageObject\",\"inLanguage\":\"es\",\"@id\":\"https:\/\/lobosnews.com.ar\/index.php\/2026\/04\/25\/condenan-a-13-anos-de-prision-a-joven-por-violacion-agravada-contra-un-menor-en-honduras\/#primaryimage\",\"url\":\"https:\/\/lobosnews.com.ar\/wp-content\/uploads\/2026\/04\/condenan-a-13-anos-de-prision-a-joven-por-violacion-agravada-contra-un-menor-en-honduras-4.jpg\",\"contentUrl\":\"https:\/\/lobosnews.com.ar\/wp-content\/uploads\/2026\/04\/condenan-a-13-anos-de-prision-a-joven-por-violacion-agravada-contra-un-menor-en-honduras-4.jpg\",\"width\":604,\"height\":339,\"caption\":\"Condenan a 13 a\u00f1os de prisi\u00f3n a joven por violaci\u00f3n agravada contra un menor en Honduras\"},{\"@type\":\"BreadcrumbList\",\"@id\":\"https:\/\/lobosnews.com.ar\/index.php\/2026\/04\/25\/condenan-a-13-anos-de-prision-a-joven-por-violacion-agravada-contra-un-menor-en-honduras\/#breadcrumb\",\"itemListElement\":[{\"@type\":\"ListItem\",\"position\":1,\"name\":\"Portada\",\"item\":\"https:\/\/lobosnews.com.ar\/\"},{\"@type\":\"ListItem\",\"position\":2,\"name\":\"Condenan a 13 a\u00f1os de prisi\u00f3n a joven por violaci\u00f3n agravada contra un menor en Honduras\"}]},{\"@type\":\"WebSite\",\"@id\":\"https:\/\/lobosnews.com.ar\/#website\",\"url\":\"https:\/\/lobosnews.com.ar\/\",\"name\":\"Lobos News\",\"description\":\"Informaci\u00f3n a cada instante\",\"publisher\":{\"@id\":\"https:\/\/lobosnews.com.ar\/#organization\"},\"potentialAction\":[{\"@type\":\"SearchAction\",\"target\":{\"@type\":\"EntryPoint\",\"urlTemplate\":\"https:\/\/lobosnews.com.ar\/?s={search_term_string}\"},\"query-input\":{\"@type\":\"PropertyValueSpecification\",\"valueRequired\":true,\"valueName\":\"search_term_string\"}}],\"inLanguage\":\"es\"},{\"@type\":\"Organization\",\"@id\":\"https:\/\/lobosnews.com.ar\/#organization\",\"name\":\"Lobos News\",\"url\":\"https:\/\/lobosnews.com.ar\/\",\"logo\":{\"@type\":\"ImageObject\",\"inLanguage\":\"es\",\"@id\":\"https:\/\/lobosnews.com.ar\/#\/schema\/logo\/image\/\",\"url\":\"https:\/\/lobosnews.com.ar\/wp-content\/uploads\/2026\/01\/logo-lobosnews.png\",\"contentUrl\":\"https:\/\/lobosnews.com.ar\/wp-content\/uploads\/2026\/01\/logo-lobosnews.png\",\"width\":500,\"height\":200,\"caption\":\"Lobos News\"},\"image\":{\"@id\":\"https:\/\/lobosnews.com.ar\/#\/schema\/logo\/image\/\"}},{\"@type\":\"Person\",\"@id\":\"https:\/\/lobosnews.com.ar\/#\/schema\/person\/232422a593d5c541dd9aef6aaed10943\",\"name\":\"admin\",\"image\":{\"@type\":\"ImageObject\",\"inLanguage\":\"es\",\"@id\":\"https:\/\/lobosnews.com.ar\/#\/schema\/person\/image\/\",\"url\":\"https:\/\/secure.gravatar.com\/avatar\/76e419471a2083bc3ceab22a763dbbf9b0c1bd15a6214cf3280e2c2dde4580f9?s=96&d=mm&r=g\",\"contentUrl\":\"https:\/\/secure.gravatar.com\/avatar\/76e419471a2083bc3ceab22a763dbbf9b0c1bd15a6214cf3280e2c2dde4580f9?s=96&d=mm&r=g\",\"caption\":\"admin\"},\"sameAs\":[\"https:\/\/lobosnews.com.ar\"],\"url\":\"https:\/\/lobosnews.com.ar\/index.php\/author\/lobos-news\/\"}]}<\/script>\n<!-- \/ Yoast SEO plugin. -->","yoast_head_json":{"title":"Condenan a 13 a\u00f1os de prisi\u00f3n a joven por violaci\u00f3n agravada contra un menor en Honduras - Lobos News","robots":{"index":"index","follow":"follow","max-snippet":"max-snippet:-1","max-image-preview":"max-image-preview:large","max-video-preview":"max-video-preview:-1"},"canonical":"https:\/\/lobosnews.com.ar\/index.php\/2026\/04\/25\/condenan-a-13-anos-de-prision-a-joven-por-violacion-agravada-contra-un-menor-en-honduras\/","og_locale":"es_ES","og_type":"article","og_title":"Condenan a 13 a\u00f1os de prisi\u00f3n a joven por violaci\u00f3n agravada contra un menor en Honduras - Lobos News","og_description":"El Ministerio P\u00fablico de Honduras confirm\u00f3 la condena a 13 a\u00f1os de prisi\u00f3n contra Abner Geovany Bejarano, declarado culpable de violaci\u00f3n agravada contra un ni\u00f1o en un Centro de Internamiento para Menores. La Fiscal\u00eda Especial de Protecci\u00f3n a la Ni\u00f1ez y Adolescencia (FEP-NI\u00f1EZ) present\u00f3 pruebas contundentes que demostraron que Bejarano oblig\u00f3 a la v\u00edctima, un...","og_url":"https:\/\/lobosnews.com.ar\/index.php\/2026\/04\/25\/condenan-a-13-anos-de-prision-a-joven-por-violacion-agravada-contra-un-menor-en-honduras\/","og_site_name":"Lobos News","article_published_time":"2026-04-25T01:07:12+00:00","article_modified_time":"2026-04-25T02:26:28+00:00","og_image":[{"url":"https:\/\/lobosnews.com.ar\/wp-content\/uploads\/2026\/04\/condenan-a-13-anos-de-prision-a-joven-por-violacion-agravada-contra-un-menor-en-honduras.jpg","type":"","width":"","height":""}],"author":"admin","twitter_card":"summary_large_image","twitter_misc":{"Escrito por":"admin","Tiempo de lectura":"4 minutos"},"schema":{"@context":"https:\/\/schema.org","@graph":[{"@type":"Article","@id":"https:\/\/lobosnews.com.ar\/index.php\/2026\/04\/25\/condenan-a-13-anos-de-prision-a-joven-por-violacion-agravada-contra-un-menor-en-honduras\/#article","isPartOf":{"@id":"https:\/\/lobosnews.com.ar\/index.php\/2026\/04\/25\/condenan-a-13-anos-de-prision-a-joven-por-violacion-agravada-contra-un-menor-en-honduras\/"},"author":{"name":"admin","@id":"https:\/\/lobosnews.com.ar\/#\/schema\/person\/232422a593d5c541dd9aef6aaed10943"},"headline":"Condenan a 13 a\u00f1os de prisi\u00f3n a joven por violaci\u00f3n agravada contra un menor en Honduras","datePublished":"2026-04-25T01:07:12+00:00","dateModified":"2026-04-25T02:26:28+00:00","mainEntityOfPage":{"@id":"https:\/\/lobosnews.com.ar\/index.php\/2026\/04\/25\/condenan-a-13-anos-de-prision-a-joven-por-violacion-agravada-contra-un-menor-en-honduras\/"},"wordCount":777,"commentCount":0,"publisher":{"@id":"https:\/\/lobosnews.com.ar\/#organization"},"image":{"@id":"https:\/\/lobosnews.com.ar\/index.php\/2026\/04\/25\/condenan-a-13-anos-de-prision-a-joven-por-violacion-agravada-contra-un-menor-en-honduras\/#primaryimage"},"thumbnailUrl":"https:\/\/lobosnews.com.ar\/wp-content\/uploads\/2026\/04\/condenan-a-13-anos-de-prision-a-joven-por-violacion-agravada-contra-un-menor-en-honduras-4.jpg","articleSection":["Actualidad"],"inLanguage":"es","potentialAction":[{"@type":"CommentAction","name":"Comment","target":["https:\/\/lobosnews.com.ar\/index.php\/2026\/04\/25\/condenan-a-13-anos-de-prision-a-joven-por-violacion-agravada-contra-un-menor-en-honduras\/#respond"]}]},{"@type":"WebPage","@id":"https:\/\/lobosnews.com.ar\/index.php\/2026\/04\/25\/condenan-a-13-anos-de-prision-a-joven-por-violacion-agravada-contra-un-menor-en-honduras\/","url":"https:\/\/lobosnews.com.ar\/index.php\/2026\/04\/25\/condenan-a-13-anos-de-prision-a-joven-por-violacion-agravada-contra-un-menor-en-honduras\/","name":"Condenan a 13 a\u00f1os de prisi\u00f3n a joven por violaci\u00f3n agravada contra un menor en Honduras - Lobos News","isPartOf":{"@id":"https:\/\/lobosnews.com.ar\/#website"},"primaryImageOfPage":{"@id":"https:\/\/lobosnews.com.ar\/index.php\/2026\/04\/25\/condenan-a-13-anos-de-prision-a-joven-por-violacion-agravada-contra-un-menor-en-honduras\/#primaryimage"},"image":{"@id":"https:\/\/lobosnews.com.ar\/index.php\/2026\/04\/25\/condenan-a-13-anos-de-prision-a-joven-por-violacion-agravada-contra-un-menor-en-honduras\/#primaryimage"},"thumbnailUrl":"https:\/\/lobosnews.com.ar\/wp-content\/uploads\/2026\/04\/condenan-a-13-anos-de-prision-a-joven-por-violacion-agravada-contra-un-menor-en-honduras-4.jpg","datePublished":"2026-04-25T01:07:12+00:00","dateModified":"2026-04-25T02:26:28+00:00","breadcrumb":{"@id":"https:\/\/lobosnews.com.ar\/index.php\/2026\/04\/25\/condenan-a-13-anos-de-prision-a-joven-por-violacion-agravada-contra-un-menor-en-honduras\/#breadcrumb"},"inLanguage":"es","potentialAction":[{"@type":"ReadAction","target":["https:\/\/lobosnews.com.ar\/index.php\/2026\/04\/25\/condenan-a-13-anos-de-prision-a-joven-por-violacion-agravada-contra-un-menor-en-honduras\/"]}]},{"@type":"ImageObject","inLanguage":"es","@id":"https:\/\/lobosnews.com.ar\/index.php\/2026\/04\/25\/condenan-a-13-anos-de-prision-a-joven-por-violacion-agravada-contra-un-menor-en-honduras\/#primaryimage","url":"https:\/\/lobosnews.com.ar\/wp-content\/uploads\/2026\/04\/condenan-a-13-anos-de-prision-a-joven-por-violacion-agravada-contra-un-menor-en-honduras-4.jpg","contentUrl":"https:\/\/lobosnews.com.ar\/wp-content\/uploads\/2026\/04\/condenan-a-13-anos-de-prision-a-joven-por-violacion-agravada-contra-un-menor-en-honduras-4.jpg","width":604,"height":339,"caption":"Condenan a 13 a\u00f1os de prisi\u00f3n a joven por violaci\u00f3n agravada contra un menor en Honduras"},{"@type":"BreadcrumbList","@id":"https:\/\/lobosnews.com.ar\/index.php\/2026\/04\/25\/condenan-a-13-anos-de-prision-a-joven-por-violacion-agravada-contra-un-menor-en-honduras\/#breadcrumb","itemListElement":[{"@type":"ListItem","position":1,"name":"Portada","item":"https:\/\/lobosnews.com.ar\/"},{"@type":"ListItem","position":2,"name":"Condenan a 13 a\u00f1os de prisi\u00f3n a joven por violaci\u00f3n agravada contra un menor en Honduras"}]},{"@type":"WebSite","@id":"https:\/\/lobosnews.com.ar\/#website","url":"https:\/\/lobosnews.com.ar\/","name":"Lobos News","description":"Informaci\u00f3n a cada instante","publisher":{"@id":"https:\/\/lobosnews.com.ar\/#organization"},"potentialAction":[{"@type":"SearchAction","target":{"@type":"EntryPoint","urlTemplate":"https:\/\/lobosnews.com.ar\/?s={search_term_string}"},"query-input":{"@type":"PropertyValueSpecification","valueRequired":true,"valueName":"search_term_string"}}],"inLanguage":"es"},{"@type":"Organization","@id":"https:\/\/lobosnews.com.ar\/#organization","name":"Lobos News","url":"https:\/\/lobosnews.com.ar\/","logo":{"@type":"ImageObject","inLanguage":"es","@id":"https:\/\/lobosnews.com.ar\/#\/schema\/logo\/image\/","url":"https:\/\/lobosnews.com.ar\/wp-content\/uploads\/2026\/01\/logo-lobosnews.png","contentUrl":"https:\/\/lobosnews.com.ar\/wp-content\/uploads\/2026\/01\/logo-lobosnews.png","width":500,"height":200,"caption":"Lobos News"},"image":{"@id":"https:\/\/lobosnews.com.ar\/#\/schema\/logo\/image\/"}},{"@type":"Person","@id":"https:\/\/lobosnews.com.ar\/#\/schema\/person\/232422a593d5c541dd9aef6aaed10943","name":"admin","image":{"@type":"ImageObject","inLanguage":"es","@id":"https:\/\/lobosnews.com.ar\/#\/schema\/person\/image\/","url":"https:\/\/secure.gravatar.com\/avatar\/76e419471a2083bc3ceab22a763dbbf9b0c1bd15a6214cf3280e2c2dde4580f9?s=96&d=mm&r=g","contentUrl":"https:\/\/secure.gravatar.com\/avatar\/76e419471a2083bc3ceab22a763dbbf9b0c1bd15a6214cf3280e2c2dde4580f9?s=96&d=mm&r=g","caption":"admin"},"sameAs":["https:\/\/lobosnews.com.ar"],"url":"https:\/\/lobosnews.com.ar\/index.php\/author\/lobos-news\/"}]}},"jetpack_featured_media_url":"https:\/\/lobosnews.com.ar\/wp-content\/uploads\/2026\/04\/condenan-a-13-anos-de-prision-a-joven-por-violacion-agravada-contra-un-menor-en-honduras-4.jpg","jetpack_sharing_enabled":true,"_links":{"self":[{"href":"https:\/\/lobosnews.com.ar\/index.php\/wp-json\/wp\/v2\/posts\/44842","targetHints":{"allow":["GET"]}}],"collection":[{"href":"https:\/\/lobosnews.com.ar\/index.php\/wp-json\/wp\/v2\/posts"}],"about":[{"href":"https:\/\/lobosnews.com.ar\/index.php\/wp-json\/wp\/v2\/types\/post"}],"author":[{"embeddable":true,"href":"https:\/\/lobosnews.com.ar\/index.php\/wp-json\/wp\/v2\/users\/1"}],"replies":[{"embeddable":true,"href":"https:\/\/lobosnews.com.ar\/index.php\/wp-json\/wp\/v2\/comments?post=44842"}],"version-history":[{"count":1,"href":"https:\/\/lobosnews.com.ar\/index.php\/wp-json\/wp\/v2\/posts\/44842\/revisions"}],"predecessor-version":[{"id":44846,"href":"https:\/\/lobosnews.com.ar\/index.php\/wp-json\/wp\/v2\/posts\/44842\/revisions\/44846"}],"wp:featuredmedia":[{"embeddable":true,"href":"https:\/\/lobosnews.com.ar\/index.php\/wp-json\/wp\/v2\/media\/44847"}],"wp:attachment":[{"href":"https:\/\/lobosnews.com.ar\/index.php\/wp-json\/wp\/v2\/media?parent=44842"}],"wp:term":[{"taxonomy":"category","embeddable":true,"href":"https:\/\/lobosnews.com.ar\/index.php\/wp-json\/wp\/v2\/categories?post=44842"},{"taxonomy":"post_tag","embeddable":true,"href":"https:\/\/lobosnews.com.ar\/index.php\/wp-json\/wp\/v2\/tags?post=44842"}],"curies":[{"name":"wp","href":"https:\/\/api.w.org\/{rel}","templated":true}]}}