{"id":44835,"date":"2026-04-25T02:16:32","date_gmt":"2026-04-25T02:16:32","guid":{"rendered":"https:\/\/lobosnews.com.ar\/index.php\/2026\/04\/25\/el-salvador-apuesta-por-el-talento-joven-incubacion-digital-financiamiento-y-acceso-a-capacitacion-para-un-ecosistema-inclusivo\/"},"modified":"2026-04-25T02:25:56","modified_gmt":"2026-04-25T02:25:56","slug":"el-salvador-apuesta-por-el-talento-joven-incubacion-digital-financiamiento-y-acceso-a-capacitacion-para-un-ecosistema-inclusivo","status":"publish","type":"post","link":"https:\/\/lobosnews.com.ar\/index.php\/2026\/04\/25\/el-salvador-apuesta-por-el-talento-joven-incubacion-digital-financiamiento-y-acceso-a-capacitacion-para-un-ecosistema-inclusivo\/","title":{"rendered":"El Salvador apuesta por el talento joven: incubaci\u00f3n digital, financiamiento y acceso a capacitaci\u00f3n para un ecosistema inclusivo"},"content":{"rendered":"<p><img fetchpriority=\"high\" decoding=\"async\" src=\"https:\/\/lobosnews.com.ar\/wp-content\/uploads\/2026\/04\/el-salvador-apuesta-por-el-talento-joven-incubacion-digital-financiamiento-y-acceso-a-capacitacion-para-un-ecosistema-inclusivo.jpg\" alt=\"La oferta de formaci\u00f3n gratuita, procesos de incubaci\u00f3n y acceso a financiamiento pretende abrir nuevas puertas para quienes poseen visi\u00f3n emprendedora y desean transformar sus ideas en empresas sostenibles. Foto Cortes\u00eda.\" height=\"1366\" width=\"2048\"\/><\/p>\n<p>El compromiso de <b>El Salvador con la innovaci\u00f3n y el empleo juvenil<\/b> se reafirm\u00f3 con la presentaci\u00f3n de dos herramientas que buscan transformar la realidad de j\u00f3venes emprendedores: el proyecto <b>Up Digital<\/b> y la <b>Plataforma E-learning de CONAMYPE<\/b>. <\/p>\n<p>Ambas iniciativas, presentadas oficialmente en el CUBO de la colonia Zacamil este viernes, marcan un paso decisivo hacia la democratizaci\u00f3n del acceso al conocimiento y el fortalecimiento del ecosistema digital del pa\u00eds.<\/p>\n<p>El programa <b>Up Digital<\/b>, respaldado financieramente por el <b>Gran Ducado de Luxemburgo<\/b>, tiene como meta principal que j\u00f3venes de los Centros Urbanos de Bienestar y Oportunidades (<b>CUBO<\/b>) puedan iniciar, fortalecer y expandir negocios en el sector digital, indicaron las entidades a trav\u00e9s de un comunicado.<\/p>\n<p>La oferta de formaci\u00f3n gratuita, procesos de incubaci\u00f3n y acceso a financiamiento pretende abrir nuevas puertas para quienes poseen visi\u00f3n emprendedora y desean transformar sus ideas en empresas sostenibles.<\/p>\n<p>La <b>Plataforma E-learning de CONAMYPE<\/b> se consolida como una herramienta que permite a j\u00f3venes y a microempresarios acceder a cursos virtuales gratuitos sobre temas empresariales. <\/p>\n<p>De acuerdo con los organizadores, este servicio brinda flexibilidad para que los participantes adapten su aprendizaje a sus rutinas, facilitando el desarrollo de proyectos propios y la adquisici\u00f3n de competencias clave en el mundo empresarial.<\/p>\n<p><img loading=\"lazy\" decoding=\"async\" src=\"https:\/\/lobosnews.com.ar\/wp-content\/uploads\/2026\/04\/el-salvador-apuesta-por-el-talento-joven-incubacion-digital-financiamiento-y-acceso-a-capacitacion-para-un-ecosistema-inclusivo-1.jpg\" alt=\"La colaboraci\u00f3n entre CONAMYPE y la Direcci\u00f3n de Reconstrucci\u00f3n del Tejido Social busca que los j\u00f3venes participantes no solo adquieran conocimientos, sino que tambi\u00e9n encuentren oportunidades reales para desarrollar y escalar sus negocios digitales. Foto cortes\u00eda.\" height=\"1366\" width=\"2048\"\/><\/p>\n<h2>Formaci\u00f3n, incubaci\u00f3n y financiamiento para j\u00f3venes<\/h2>\n<p>El programa <b>Up Digital<\/b> propone un proceso integral: desde la capacitaci\u00f3n inicial, pasando por la incubaci\u00f3n y aceleraci\u00f3n de emprendimientos, hasta el acceso a v\u00edas de financiamiento. <\/p>\n<p>La colaboraci\u00f3n entre <b>CONAMYPE<\/b> y la <b>Direcci\u00f3n de Reconstrucci\u00f3n del Tejido Social<\/b> busca que los j\u00f3venes participantes no solo adquieran conocimientos, sino que tambi\u00e9n encuentren oportunidades reales para desarrollar y escalar sus negocios digitales.<\/p>\n<p>Ambas iniciativas est\u00e1n dirigidas especialmente a usuarios de los <b>CUBO<\/b> a nivel nacional, quienes ahora cuentan con m\u00e1s herramientas para insertarse de manera competitiva en el mercado laboral y empresarial. <\/p>\n<p>El Gobierno subraya que estos programas representan una apuesta deliberada por el empleo juvenil, el crecimiento de micro y peque\u00f1as empresas, y el impulso de un entorno digital inclusivo.<\/p>\n<p><b>El objetivo de estas acciones es claro: ofrecer formaci\u00f3n gratuita, incubaci\u00f3n y financiamiento a j\u00f3venes, facilitando la creaci\u00f3n y consolidaci\u00f3n de negocios digitales en El Salvador.<\/b> De este modo, se espera que la juventud encuentre en la tecnolog\u00eda y el emprendimiento digital una v\u00eda concreta hacia el desarrollo econ\u00f3mico y la mejora de su calidad de vida.<\/p>\n<p><img loading=\"lazy\" decoding=\"async\" src=\"https:\/\/lobosnews.com.ar\/wp-content\/uploads\/2026\/04\/el-salvador-apuesta-por-el-talento-joven-incubacion-digital-financiamiento-y-acceso-a-capacitacion-para-un-ecosistema-inclusivo-2.jpg\" alt=\"El programa Up Digital propone un proceso integral: desde la capacitaci\u00f3n inicial, pasando por la incubaci\u00f3n y aceleraci\u00f3n de emprendimientos, hasta el acceso a v\u00edas de financiamiento. Foto cortes\u00eda.\" height=\"1366\" width=\"2048\"\/><\/p>\n<h2>Hacia un ecosistema digital inclusivo<\/h2>\n<p>La estrategia de <b>CONAMYPE<\/b> y la <b>Direcci\u00f3n de Reconstrucci\u00f3n del Tejido Social<\/b> pone el acento en la descentralizaci\u00f3n de la innovaci\u00f3n, acercando la formaci\u00f3n tecnol\u00f3gica a diversos territorios del pa\u00eds. <\/p>\n<p>Los organizadores destacaron que la <b>Plataforma E-learning<\/b> permite que m\u00e1s personas accedan a contenidos formativos sin importar su ubicaci\u00f3n, lo que facilita el surgimiento de nuevos proyectos empresariales fuera de los centros urbanos tradicionales.<\/p>\n<p><img loading=\"lazy\" decoding=\"async\" src=\"https:\/\/lobosnews.com.ar\/wp-content\/uploads\/2026\/04\/el-salvador-apuesta-por-el-talento-joven-incubacion-digital-financiamiento-y-acceso-a-capacitacion-para-un-ecosistema-inclusivo-3.jpg\" alt=\"El compromiso de El Salvador con la innovaci\u00f3n y el empleo juvenil se reafirm\u00f3 con la presentaci\u00f3n de dos herramientas que buscan transformar la realidad de j\u00f3venes emprendedores: el proyecto Up Digital y la Plataforma E-learning de CONAMYPE. Foto cortes\u00eda.\" height=\"1366\" width=\"2048\"\/><\/p>\n<p>La oferta formativa y de acompa\u00f1amiento tiene como fin \u00faltimo que las <b>micro y peque\u00f1as empresas<\/b> desempe\u00f1en un papel relevante en la econom\u00eda salvadore\u00f1a, contribuyendo a un desarrollo m\u00e1s equitativo y a la generaci\u00f3n de empleo de calidad.<\/p>\n<p> Las autoridades reiteraron su compromiso de continuar impulsando espacios de innovaci\u00f3n y capacitaci\u00f3n, que permitan a la juventud y a los emprendedores contar con las herramientas necesarias para prosperar en el entorno digital actual.<\/p>\n<p>Con estas iniciativas, <b>El Salvador<\/b> avanza en la construcci\u00f3n de un ecosistema digital s\u00f3lido, inclusivo y orientado a las necesidades de las nuevas generaciones, apostando por la educaci\u00f3n, el emprendimiento y la igualdad de oportunidades.<\/p>\n","protected":false},"excerpt":{"rendered":"<p>El compromiso de El Salvador con la innovaci\u00f3n y el empleo juvenil se reafirm\u00f3 con la presentaci\u00f3n de dos herramientas que buscan transformar la realidad de j\u00f3venes emprendedores: el proyecto Up Digital y la Plataforma E-learning de CONAMYPE. Ambas iniciativas, presentadas oficialmente en el CUBO de la colonia Zacamil este viernes, marcan un paso decisivo&#8230;<\/p>\n","protected":false},"author":1,"featured_media":44841,"comment_status":"open","ping_status":"closed","sticky":false,"template":"","format":"standard","meta":{"_jetpack_memberships_contains_paid_content":false,"footnotes":""},"categories":[31],"tags":[],"class_list":["post-44835","post","type-post","status-publish","format-standard","has-post-thumbnail","hentry","category-actualidad"],"magazineBlocksPostFeaturedMedia":{"thumbnail":"https:\/\/lobosnews.com.ar\/wp-content\/uploads\/2026\/04\/el-salvador-apuesta-por-el-talento-joven-incubacion-digital-financiamiento-y-acceso-a-capacitacion-para-un-ecosistema-inclusivo-6-150x150.jpg","medium":"https:\/\/lobosnews.com.ar\/wp-content\/uploads\/2026\/04\/el-salvador-apuesta-por-el-talento-joven-incubacion-digital-financiamiento-y-acceso-a-capacitacion-para-un-ecosistema-inclusivo-6-300x200.jpg","medium_large":"https:\/\/lobosnews.com.ar\/wp-content\/uploads\/2026\/04\/el-salvador-apuesta-por-el-talento-joven-incubacion-digital-financiamiento-y-acceso-a-capacitacion-para-un-ecosistema-inclusivo-6-768x512.jpg","large":"https:\/\/lobosnews.com.ar\/wp-content\/uploads\/2026\/04\/el-salvador-apuesta-por-el-talento-joven-incubacion-digital-financiamiento-y-acceso-a-capacitacion-para-un-ecosistema-inclusivo-6-1024x683.jpg","1536x1536":"https:\/\/lobosnews.com.ar\/wp-content\/uploads\/2026\/04\/el-salvador-apuesta-por-el-talento-joven-incubacion-digital-financiamiento-y-acceso-a-capacitacion-para-un-ecosistema-inclusivo-6-1536x1025.jpg","2048x2048":"https:\/\/lobosnews.com.ar\/wp-content\/uploads\/2026\/04\/el-salvador-apuesta-por-el-talento-joven-incubacion-digital-financiamiento-y-acceso-a-capacitacion-para-un-ecosistema-inclusivo-6.jpg","newsmatic-featured":"https:\/\/lobosnews.com.ar\/wp-content\/uploads\/2026\/04\/el-salvador-apuesta-por-el-talento-joven-incubacion-digital-financiamiento-y-acceso-a-capacitacion-para-un-ecosistema-inclusivo-6-820x545.jpg","newsmatic-list":"https:\/\/lobosnews.com.ar\/wp-content\/uploads\/2026\/04\/el-salvador-apuesta-por-el-talento-joven-incubacion-digital-financiamiento-y-acceso-a-capacitacion-para-un-ecosistema-inclusivo-6-600x400.jpg","newsmatic-thumb":"https:\/\/lobosnews.com.ar\/wp-content\/uploads\/2026\/04\/el-salvador-apuesta-por-el-talento-joven-incubacion-digital-financiamiento-y-acceso-a-capacitacion-para-un-ecosistema-inclusivo-6-300x200.jpg","newsmatic-small":"https:\/\/lobosnews.com.ar\/wp-content\/uploads\/2026\/04\/el-salvador-apuesta-por-el-talento-joven-incubacion-digital-financiamiento-y-acceso-a-capacitacion-para-un-ecosistema-inclusivo-6-150x95.jpg","newsmatic-grid":"https:\/\/lobosnews.com.ar\/wp-content\/uploads\/2026\/04\/el-salvador-apuesta-por-el-talento-joven-incubacion-digital-financiamiento-y-acceso-a-capacitacion-para-un-ecosistema-inclusivo-6-400x250.jpg"},"magazineBlocksPostAuthor":{"name":"admin","avatar":"https:\/\/secure.gravatar.com\/avatar\/76e419471a2083bc3ceab22a763dbbf9b0c1bd15a6214cf3280e2c2dde4580f9?s=96&d=mm&r=g"},"magazineBlocksPostCommentsNumber":"0","magazineBlocksPostExcerpt":"El compromiso de El Salvador con la innovaci\u00f3n y el empleo juvenil se reafirm\u00f3 con la presentaci\u00f3n de dos herramientas que buscan transformar la realidad de j\u00f3venes emprendedores: el proyecto Up Digital y la Plataforma E-learning de CONAMYPE. Ambas iniciativas, presentadas oficialmente en el CUBO de la colonia Zacamil este viernes, marcan un paso decisivo...","magazineBlocksPostCategories":["Actualidad"],"magazineBlocksPostViewCount":13,"magazineBlocksPostReadTime":4,"magazine_blocks_featured_image_url":{"full":["https:\/\/lobosnews.com.ar\/wp-content\/uploads\/2026\/04\/el-salvador-apuesta-por-el-talento-joven-incubacion-digital-financiamiento-y-acceso-a-capacitacion-para-un-ecosistema-inclusivo-6.jpg",2048,1366,false],"medium":["https:\/\/lobosnews.com.ar\/wp-content\/uploads\/2026\/04\/el-salvador-apuesta-por-el-talento-joven-incubacion-digital-financiamiento-y-acceso-a-capacitacion-para-un-ecosistema-inclusivo-6-300x200.jpg",300,200,true],"thumbnail":["https:\/\/lobosnews.com.ar\/wp-content\/uploads\/2026\/04\/el-salvador-apuesta-por-el-talento-joven-incubacion-digital-financiamiento-y-acceso-a-capacitacion-para-un-ecosistema-inclusivo-6-150x150.jpg",150,150,true]},"magazine_blocks_author":{"display_name":"admin","author_link":"https:\/\/lobosnews.com.ar\/index.php\/author\/lobos-news\/"},"magazine_blocks_comment":0,"magazine_blocks_author_image":"https:\/\/secure.gravatar.com\/avatar\/76e419471a2083bc3ceab22a763dbbf9b0c1bd15a6214cf3280e2c2dde4580f9?s=96&d=mm&r=g","magazine_blocks_category":"<a href=\"#\" class=\"category-link category-link-31\">Actualidad<\/a>","yoast_head":"<!-- This site is optimized with the Yoast SEO plugin v26.6 - https:\/\/yoast.com\/wordpress\/plugins\/seo\/ -->\n<title>El Salvador apuesta por el talento joven: incubaci\u00f3n digital, financiamiento y acceso a capacitaci\u00f3n para un ecosistema inclusivo - Lobos News<\/title>\n<meta name=\"robots\" content=\"index, follow, max-snippet:-1, max-image-preview:large, max-video-preview:-1\" \/>\n<link rel=\"canonical\" href=\"https:\/\/lobosnews.com.ar\/index.php\/2026\/04\/25\/el-salvador-apuesta-por-el-talento-joven-incubacion-digital-financiamiento-y-acceso-a-capacitacion-para-un-ecosistema-inclusivo\/\" \/>\n<meta property=\"og:locale\" content=\"es_ES\" \/>\n<meta property=\"og:type\" content=\"article\" \/>\n<meta property=\"og:title\" content=\"El Salvador apuesta por el talento joven: incubaci\u00f3n digital, financiamiento y acceso a capacitaci\u00f3n para un ecosistema inclusivo - Lobos News\" \/>\n<meta property=\"og:description\" content=\"El compromiso de El Salvador con la innovaci\u00f3n y el empleo juvenil se reafirm\u00f3 con la presentaci\u00f3n de dos herramientas que buscan transformar la realidad de j\u00f3venes emprendedores: el proyecto Up Digital y la Plataforma E-learning de CONAMYPE. Ambas iniciativas, presentadas oficialmente en el CUBO de la colonia Zacamil este viernes, marcan un paso decisivo...\" \/>\n<meta property=\"og:url\" content=\"https:\/\/lobosnews.com.ar\/index.php\/2026\/04\/25\/el-salvador-apuesta-por-el-talento-joven-incubacion-digital-financiamiento-y-acceso-a-capacitacion-para-un-ecosistema-inclusivo\/\" \/>\n<meta property=\"og:site_name\" content=\"Lobos News\" \/>\n<meta property=\"article:published_time\" content=\"2026-04-25T02:16:32+00:00\" \/>\n<meta property=\"article:modified_time\" content=\"2026-04-25T02:25:56+00:00\" \/>\n<meta property=\"og:image\" content=\"https:\/\/lobosnews.com.ar\/wp-content\/uploads\/2026\/04\/el-salvador-apuesta-por-el-talento-joven-incubacion-digital-financiamiento-y-acceso-a-capacitacion-para-un-ecosistema-inclusivo.jpg\" \/>\n<meta name=\"author\" content=\"admin\" \/>\n<meta name=\"twitter:card\" content=\"summary_large_image\" \/>\n<meta name=\"twitter:label1\" content=\"Escrito por\" \/>\n\t<meta name=\"twitter:data1\" content=\"admin\" \/>\n\t<meta name=\"twitter:label2\" content=\"Tiempo de lectura\" \/>\n\t<meta name=\"twitter:data2\" content=\"3 minutos\" \/>\n<script type=\"application\/ld+json\" class=\"yoast-schema-graph\">{\"@context\":\"https:\/\/schema.org\",\"@graph\":[{\"@type\":\"Article\",\"@id\":\"https:\/\/lobosnews.com.ar\/index.php\/2026\/04\/25\/el-salvador-apuesta-por-el-talento-joven-incubacion-digital-financiamiento-y-acceso-a-capacitacion-para-un-ecosistema-inclusivo\/#article\",\"isPartOf\":{\"@id\":\"https:\/\/lobosnews.com.ar\/index.php\/2026\/04\/25\/el-salvador-apuesta-por-el-talento-joven-incubacion-digital-financiamiento-y-acceso-a-capacitacion-para-un-ecosistema-inclusivo\/\"},\"author\":{\"name\":\"admin\",\"@id\":\"https:\/\/lobosnews.com.ar\/#\/schema\/person\/232422a593d5c541dd9aef6aaed10943\"},\"headline\":\"El Salvador apuesta por el talento joven: incubaci\u00f3n digital, financiamiento y acceso a capacitaci\u00f3n para un ecosistema inclusivo\",\"datePublished\":\"2026-04-25T02:16:32+00:00\",\"dateModified\":\"2026-04-25T02:25:56+00:00\",\"mainEntityOfPage\":{\"@id\":\"https:\/\/lobosnews.com.ar\/index.php\/2026\/04\/25\/el-salvador-apuesta-por-el-talento-joven-incubacion-digital-financiamiento-y-acceso-a-capacitacion-para-un-ecosistema-inclusivo\/\"},\"wordCount\":639,\"commentCount\":0,\"publisher\":{\"@id\":\"https:\/\/lobosnews.com.ar\/#organization\"},\"image\":{\"@id\":\"https:\/\/lobosnews.com.ar\/index.php\/2026\/04\/25\/el-salvador-apuesta-por-el-talento-joven-incubacion-digital-financiamiento-y-acceso-a-capacitacion-para-un-ecosistema-inclusivo\/#primaryimage\"},\"thumbnailUrl\":\"https:\/\/lobosnews.com.ar\/wp-content\/uploads\/2026\/04\/el-salvador-apuesta-por-el-talento-joven-incubacion-digital-financiamiento-y-acceso-a-capacitacion-para-un-ecosistema-inclusivo-6.jpg\",\"articleSection\":[\"Actualidad\"],\"inLanguage\":\"es\",\"potentialAction\":[{\"@type\":\"CommentAction\",\"name\":\"Comment\",\"target\":[\"https:\/\/lobosnews.com.ar\/index.php\/2026\/04\/25\/el-salvador-apuesta-por-el-talento-joven-incubacion-digital-financiamiento-y-acceso-a-capacitacion-para-un-ecosistema-inclusivo\/#respond\"]}]},{\"@type\":\"WebPage\",\"@id\":\"https:\/\/lobosnews.com.ar\/index.php\/2026\/04\/25\/el-salvador-apuesta-por-el-talento-joven-incubacion-digital-financiamiento-y-acceso-a-capacitacion-para-un-ecosistema-inclusivo\/\",\"url\":\"https:\/\/lobosnews.com.ar\/index.php\/2026\/04\/25\/el-salvador-apuesta-por-el-talento-joven-incubacion-digital-financiamiento-y-acceso-a-capacitacion-para-un-ecosistema-inclusivo\/\",\"name\":\"El Salvador apuesta por el talento joven: incubaci\u00f3n digital, financiamiento y acceso a capacitaci\u00f3n para un ecosistema inclusivo - Lobos News\",\"isPartOf\":{\"@id\":\"https:\/\/lobosnews.com.ar\/#website\"},\"primaryImageOfPage\":{\"@id\":\"https:\/\/lobosnews.com.ar\/index.php\/2026\/04\/25\/el-salvador-apuesta-por-el-talento-joven-incubacion-digital-financiamiento-y-acceso-a-capacitacion-para-un-ecosistema-inclusivo\/#primaryimage\"},\"image\":{\"@id\":\"https:\/\/lobosnews.com.ar\/index.php\/2026\/04\/25\/el-salvador-apuesta-por-el-talento-joven-incubacion-digital-financiamiento-y-acceso-a-capacitacion-para-un-ecosistema-inclusivo\/#primaryimage\"},\"thumbnailUrl\":\"https:\/\/lobosnews.com.ar\/wp-content\/uploads\/2026\/04\/el-salvador-apuesta-por-el-talento-joven-incubacion-digital-financiamiento-y-acceso-a-capacitacion-para-un-ecosistema-inclusivo-6.jpg\",\"datePublished\":\"2026-04-25T02:16:32+00:00\",\"dateModified\":\"2026-04-25T02:25:56+00:00\",\"breadcrumb\":{\"@id\":\"https:\/\/lobosnews.com.ar\/index.php\/2026\/04\/25\/el-salvador-apuesta-por-el-talento-joven-incubacion-digital-financiamiento-y-acceso-a-capacitacion-para-un-ecosistema-inclusivo\/#breadcrumb\"},\"inLanguage\":\"es\",\"potentialAction\":[{\"@type\":\"ReadAction\",\"target\":[\"https:\/\/lobosnews.com.ar\/index.php\/2026\/04\/25\/el-salvador-apuesta-por-el-talento-joven-incubacion-digital-financiamiento-y-acceso-a-capacitacion-para-un-ecosistema-inclusivo\/\"]}]},{\"@type\":\"ImageObject\",\"inLanguage\":\"es\",\"@id\":\"https:\/\/lobosnews.com.ar\/index.php\/2026\/04\/25\/el-salvador-apuesta-por-el-talento-joven-incubacion-digital-financiamiento-y-acceso-a-capacitacion-para-un-ecosistema-inclusivo\/#primaryimage\",\"url\":\"https:\/\/lobosnews.com.ar\/wp-content\/uploads\/2026\/04\/el-salvador-apuesta-por-el-talento-joven-incubacion-digital-financiamiento-y-acceso-a-capacitacion-para-un-ecosistema-inclusivo-6.jpg\",\"contentUrl\":\"https:\/\/lobosnews.com.ar\/wp-content\/uploads\/2026\/04\/el-salvador-apuesta-por-el-talento-joven-incubacion-digital-financiamiento-y-acceso-a-capacitacion-para-un-ecosistema-inclusivo-6.jpg\",\"width\":2048,\"height\":1366,\"caption\":\"El Salvador apuesta por el talento joven: incubaci\u00f3n digital, financiamiento y acceso a capacitaci\u00f3n para un ecosistema inclusivo\"},{\"@type\":\"BreadcrumbList\",\"@id\":\"https:\/\/lobosnews.com.ar\/index.php\/2026\/04\/25\/el-salvador-apuesta-por-el-talento-joven-incubacion-digital-financiamiento-y-acceso-a-capacitacion-para-un-ecosistema-inclusivo\/#breadcrumb\",\"itemListElement\":[{\"@type\":\"ListItem\",\"position\":1,\"name\":\"Portada\",\"item\":\"https:\/\/lobosnews.com.ar\/\"},{\"@type\":\"ListItem\",\"position\":2,\"name\":\"El Salvador apuesta por el talento joven: incubaci\u00f3n digital, financiamiento y acceso a capacitaci\u00f3n para un ecosistema inclusivo\"}]},{\"@type\":\"WebSite\",\"@id\":\"https:\/\/lobosnews.com.ar\/#website\",\"url\":\"https:\/\/lobosnews.com.ar\/\",\"name\":\"Lobos News\",\"description\":\"Informaci\u00f3n a cada instante\",\"publisher\":{\"@id\":\"https:\/\/lobosnews.com.ar\/#organization\"},\"potentialAction\":[{\"@type\":\"SearchAction\",\"target\":{\"@type\":\"EntryPoint\",\"urlTemplate\":\"https:\/\/lobosnews.com.ar\/?s={search_term_string}\"},\"query-input\":{\"@type\":\"PropertyValueSpecification\",\"valueRequired\":true,\"valueName\":\"search_term_string\"}}],\"inLanguage\":\"es\"},{\"@type\":\"Organization\",\"@id\":\"https:\/\/lobosnews.com.ar\/#organization\",\"name\":\"Lobos News\",\"url\":\"https:\/\/lobosnews.com.ar\/\",\"logo\":{\"@type\":\"ImageObject\",\"inLanguage\":\"es\",\"@id\":\"https:\/\/lobosnews.com.ar\/#\/schema\/logo\/image\/\",\"url\":\"https:\/\/lobosnews.com.ar\/wp-content\/uploads\/2026\/01\/logo-lobosnews.png\",\"contentUrl\":\"https:\/\/lobosnews.com.ar\/wp-content\/uploads\/2026\/01\/logo-lobosnews.png\",\"width\":500,\"height\":200,\"caption\":\"Lobos News\"},\"image\":{\"@id\":\"https:\/\/lobosnews.com.ar\/#\/schema\/logo\/image\/\"}},{\"@type\":\"Person\",\"@id\":\"https:\/\/lobosnews.com.ar\/#\/schema\/person\/232422a593d5c541dd9aef6aaed10943\",\"name\":\"admin\",\"image\":{\"@type\":\"ImageObject\",\"inLanguage\":\"es\",\"@id\":\"https:\/\/lobosnews.com.ar\/#\/schema\/person\/image\/\",\"url\":\"https:\/\/secure.gravatar.com\/avatar\/76e419471a2083bc3ceab22a763dbbf9b0c1bd15a6214cf3280e2c2dde4580f9?s=96&d=mm&r=g\",\"contentUrl\":\"https:\/\/secure.gravatar.com\/avatar\/76e419471a2083bc3ceab22a763dbbf9b0c1bd15a6214cf3280e2c2dde4580f9?s=96&d=mm&r=g\",\"caption\":\"admin\"},\"sameAs\":[\"https:\/\/lobosnews.com.ar\"],\"url\":\"https:\/\/lobosnews.com.ar\/index.php\/author\/lobos-news\/\"}]}<\/script>\n<!-- \/ Yoast SEO plugin. -->","yoast_head_json":{"title":"El Salvador apuesta por el talento joven: incubaci\u00f3n digital, financiamiento y acceso a capacitaci\u00f3n para un ecosistema inclusivo - Lobos News","robots":{"index":"index","follow":"follow","max-snippet":"max-snippet:-1","max-image-preview":"max-image-preview:large","max-video-preview":"max-video-preview:-1"},"canonical":"https:\/\/lobosnews.com.ar\/index.php\/2026\/04\/25\/el-salvador-apuesta-por-el-talento-joven-incubacion-digital-financiamiento-y-acceso-a-capacitacion-para-un-ecosistema-inclusivo\/","og_locale":"es_ES","og_type":"article","og_title":"El Salvador apuesta por el talento joven: incubaci\u00f3n digital, financiamiento y acceso a capacitaci\u00f3n para un ecosistema inclusivo - Lobos News","og_description":"El compromiso de El Salvador con la innovaci\u00f3n y el empleo juvenil se reafirm\u00f3 con la presentaci\u00f3n de dos herramientas que buscan transformar la realidad de j\u00f3venes emprendedores: el proyecto Up Digital y la Plataforma E-learning de CONAMYPE. Ambas iniciativas, presentadas oficialmente en el CUBO de la colonia Zacamil este viernes, marcan un paso decisivo...","og_url":"https:\/\/lobosnews.com.ar\/index.php\/2026\/04\/25\/el-salvador-apuesta-por-el-talento-joven-incubacion-digital-financiamiento-y-acceso-a-capacitacion-para-un-ecosistema-inclusivo\/","og_site_name":"Lobos News","article_published_time":"2026-04-25T02:16:32+00:00","article_modified_time":"2026-04-25T02:25:56+00:00","og_image":[{"url":"https:\/\/lobosnews.com.ar\/wp-content\/uploads\/2026\/04\/el-salvador-apuesta-por-el-talento-joven-incubacion-digital-financiamiento-y-acceso-a-capacitacion-para-un-ecosistema-inclusivo.jpg","type":"","width":"","height":""}],"author":"admin","twitter_card":"summary_large_image","twitter_misc":{"Escrito por":"admin","Tiempo de lectura":"3 minutos"},"schema":{"@context":"https:\/\/schema.org","@graph":[{"@type":"Article","@id":"https:\/\/lobosnews.com.ar\/index.php\/2026\/04\/25\/el-salvador-apuesta-por-el-talento-joven-incubacion-digital-financiamiento-y-acceso-a-capacitacion-para-un-ecosistema-inclusivo\/#article","isPartOf":{"@id":"https:\/\/lobosnews.com.ar\/index.php\/2026\/04\/25\/el-salvador-apuesta-por-el-talento-joven-incubacion-digital-financiamiento-y-acceso-a-capacitacion-para-un-ecosistema-inclusivo\/"},"author":{"name":"admin","@id":"https:\/\/lobosnews.com.ar\/#\/schema\/person\/232422a593d5c541dd9aef6aaed10943"},"headline":"El Salvador apuesta por el talento joven: incubaci\u00f3n digital, financiamiento y acceso a capacitaci\u00f3n para un ecosistema inclusivo","datePublished":"2026-04-25T02:16:32+00:00","dateModified":"2026-04-25T02:25:56+00:00","mainEntityOfPage":{"@id":"https:\/\/lobosnews.com.ar\/index.php\/2026\/04\/25\/el-salvador-apuesta-por-el-talento-joven-incubacion-digital-financiamiento-y-acceso-a-capacitacion-para-un-ecosistema-inclusivo\/"},"wordCount":639,"commentCount":0,"publisher":{"@id":"https:\/\/lobosnews.com.ar\/#organization"},"image":{"@id":"https:\/\/lobosnews.com.ar\/index.php\/2026\/04\/25\/el-salvador-apuesta-por-el-talento-joven-incubacion-digital-financiamiento-y-acceso-a-capacitacion-para-un-ecosistema-inclusivo\/#primaryimage"},"thumbnailUrl":"https:\/\/lobosnews.com.ar\/wp-content\/uploads\/2026\/04\/el-salvador-apuesta-por-el-talento-joven-incubacion-digital-financiamiento-y-acceso-a-capacitacion-para-un-ecosistema-inclusivo-6.jpg","articleSection":["Actualidad"],"inLanguage":"es","potentialAction":[{"@type":"CommentAction","name":"Comment","target":["https:\/\/lobosnews.com.ar\/index.php\/2026\/04\/25\/el-salvador-apuesta-por-el-talento-joven-incubacion-digital-financiamiento-y-acceso-a-capacitacion-para-un-ecosistema-inclusivo\/#respond"]}]},{"@type":"WebPage","@id":"https:\/\/lobosnews.com.ar\/index.php\/2026\/04\/25\/el-salvador-apuesta-por-el-talento-joven-incubacion-digital-financiamiento-y-acceso-a-capacitacion-para-un-ecosistema-inclusivo\/","url":"https:\/\/lobosnews.com.ar\/index.php\/2026\/04\/25\/el-salvador-apuesta-por-el-talento-joven-incubacion-digital-financiamiento-y-acceso-a-capacitacion-para-un-ecosistema-inclusivo\/","name":"El Salvador apuesta por el talento joven: incubaci\u00f3n digital, financiamiento y acceso a capacitaci\u00f3n para un ecosistema inclusivo - Lobos News","isPartOf":{"@id":"https:\/\/lobosnews.com.ar\/#website"},"primaryImageOfPage":{"@id":"https:\/\/lobosnews.com.ar\/index.php\/2026\/04\/25\/el-salvador-apuesta-por-el-talento-joven-incubacion-digital-financiamiento-y-acceso-a-capacitacion-para-un-ecosistema-inclusivo\/#primaryimage"},"image":{"@id":"https:\/\/lobosnews.com.ar\/index.php\/2026\/04\/25\/el-salvador-apuesta-por-el-talento-joven-incubacion-digital-financiamiento-y-acceso-a-capacitacion-para-un-ecosistema-inclusivo\/#primaryimage"},"thumbnailUrl":"https:\/\/lobosnews.com.ar\/wp-content\/uploads\/2026\/04\/el-salvador-apuesta-por-el-talento-joven-incubacion-digital-financiamiento-y-acceso-a-capacitacion-para-un-ecosistema-inclusivo-6.jpg","datePublished":"2026-04-25T02:16:32+00:00","dateModified":"2026-04-25T02:25:56+00:00","breadcrumb":{"@id":"https:\/\/lobosnews.com.ar\/index.php\/2026\/04\/25\/el-salvador-apuesta-por-el-talento-joven-incubacion-digital-financiamiento-y-acceso-a-capacitacion-para-un-ecosistema-inclusivo\/#breadcrumb"},"inLanguage":"es","potentialAction":[{"@type":"ReadAction","target":["https:\/\/lobosnews.com.ar\/index.php\/2026\/04\/25\/el-salvador-apuesta-por-el-talento-joven-incubacion-digital-financiamiento-y-acceso-a-capacitacion-para-un-ecosistema-inclusivo\/"]}]},{"@type":"ImageObject","inLanguage":"es","@id":"https:\/\/lobosnews.com.ar\/index.php\/2026\/04\/25\/el-salvador-apuesta-por-el-talento-joven-incubacion-digital-financiamiento-y-acceso-a-capacitacion-para-un-ecosistema-inclusivo\/#primaryimage","url":"https:\/\/lobosnews.com.ar\/wp-content\/uploads\/2026\/04\/el-salvador-apuesta-por-el-talento-joven-incubacion-digital-financiamiento-y-acceso-a-capacitacion-para-un-ecosistema-inclusivo-6.jpg","contentUrl":"https:\/\/lobosnews.com.ar\/wp-content\/uploads\/2026\/04\/el-salvador-apuesta-por-el-talento-joven-incubacion-digital-financiamiento-y-acceso-a-capacitacion-para-un-ecosistema-inclusivo-6.jpg","width":2048,"height":1366,"caption":"El Salvador apuesta por el talento joven: incubaci\u00f3n digital, financiamiento y acceso a capacitaci\u00f3n para un ecosistema inclusivo"},{"@type":"BreadcrumbList","@id":"https:\/\/lobosnews.com.ar\/index.php\/2026\/04\/25\/el-salvador-apuesta-por-el-talento-joven-incubacion-digital-financiamiento-y-acceso-a-capacitacion-para-un-ecosistema-inclusivo\/#breadcrumb","itemListElement":[{"@type":"ListItem","position":1,"name":"Portada","item":"https:\/\/lobosnews.com.ar\/"},{"@type":"ListItem","position":2,"name":"El Salvador apuesta por el talento joven: incubaci\u00f3n digital, financiamiento y acceso a capacitaci\u00f3n para un ecosistema inclusivo"}]},{"@type":"WebSite","@id":"https:\/\/lobosnews.com.ar\/#website","url":"https:\/\/lobosnews.com.ar\/","name":"Lobos News","description":"Informaci\u00f3n a cada instante","publisher":{"@id":"https:\/\/lobosnews.com.ar\/#organization"},"potentialAction":[{"@type":"SearchAction","target":{"@type":"EntryPoint","urlTemplate":"https:\/\/lobosnews.com.ar\/?s={search_term_string}"},"query-input":{"@type":"PropertyValueSpecification","valueRequired":true,"valueName":"search_term_string"}}],"inLanguage":"es"},{"@type":"Organization","@id":"https:\/\/lobosnews.com.ar\/#organization","name":"Lobos News","url":"https:\/\/lobosnews.com.ar\/","logo":{"@type":"ImageObject","inLanguage":"es","@id":"https:\/\/lobosnews.com.ar\/#\/schema\/logo\/image\/","url":"https:\/\/lobosnews.com.ar\/wp-content\/uploads\/2026\/01\/logo-lobosnews.png","contentUrl":"https:\/\/lobosnews.com.ar\/wp-content\/uploads\/2026\/01\/logo-lobosnews.png","width":500,"height":200,"caption":"Lobos News"},"image":{"@id":"https:\/\/lobosnews.com.ar\/#\/schema\/logo\/image\/"}},{"@type":"Person","@id":"https:\/\/lobosnews.com.ar\/#\/schema\/person\/232422a593d5c541dd9aef6aaed10943","name":"admin","image":{"@type":"ImageObject","inLanguage":"es","@id":"https:\/\/lobosnews.com.ar\/#\/schema\/person\/image\/","url":"https:\/\/secure.gravatar.com\/avatar\/76e419471a2083bc3ceab22a763dbbf9b0c1bd15a6214cf3280e2c2dde4580f9?s=96&d=mm&r=g","contentUrl":"https:\/\/secure.gravatar.com\/avatar\/76e419471a2083bc3ceab22a763dbbf9b0c1bd15a6214cf3280e2c2dde4580f9?s=96&d=mm&r=g","caption":"admin"},"sameAs":["https:\/\/lobosnews.com.ar"],"url":"https:\/\/lobosnews.com.ar\/index.php\/author\/lobos-news\/"}]}},"jetpack_featured_media_url":"https:\/\/lobosnews.com.ar\/wp-content\/uploads\/2026\/04\/el-salvador-apuesta-por-el-talento-joven-incubacion-digital-financiamiento-y-acceso-a-capacitacion-para-un-ecosistema-inclusivo-6.jpg","jetpack_sharing_enabled":true,"_links":{"self":[{"href":"https:\/\/lobosnews.com.ar\/index.php\/wp-json\/wp\/v2\/posts\/44835","targetHints":{"allow":["GET"]}}],"collection":[{"href":"https:\/\/lobosnews.com.ar\/index.php\/wp-json\/wp\/v2\/posts"}],"about":[{"href":"https:\/\/lobosnews.com.ar\/index.php\/wp-json\/wp\/v2\/types\/post"}],"author":[{"embeddable":true,"href":"https:\/\/lobosnews.com.ar\/index.php\/wp-json\/wp\/v2\/users\/1"}],"replies":[{"embeddable":true,"href":"https:\/\/lobosnews.com.ar\/index.php\/wp-json\/wp\/v2\/comments?post=44835"}],"version-history":[{"count":1,"href":"https:\/\/lobosnews.com.ar\/index.php\/wp-json\/wp\/v2\/posts\/44835\/revisions"}],"predecessor-version":[{"id":44840,"href":"https:\/\/lobosnews.com.ar\/index.php\/wp-json\/wp\/v2\/posts\/44835\/revisions\/44840"}],"wp:featuredmedia":[{"embeddable":true,"href":"https:\/\/lobosnews.com.ar\/index.php\/wp-json\/wp\/v2\/media\/44841"}],"wp:attachment":[{"href":"https:\/\/lobosnews.com.ar\/index.php\/wp-json\/wp\/v2\/media?parent=44835"}],"wp:term":[{"taxonomy":"category","embeddable":true,"href":"https:\/\/lobosnews.com.ar\/index.php\/wp-json\/wp\/v2\/categories?post=44835"},{"taxonomy":"post_tag","embeddable":true,"href":"https:\/\/lobosnews.com.ar\/index.php\/wp-json\/wp\/v2\/tags?post=44835"}],"curies":[{"name":"wp","href":"https:\/\/api.w.org\/{rel}","templated":true}]}}