{"id":44828,"date":"2026-04-25T00:03:56","date_gmt":"2026-04-25T00:03:56","guid":{"rendered":"https:\/\/lobosnews.com.ar\/index.php\/2026\/04\/25\/la-dura-acusacion-de-un-tenista-argentino-por-racismo-tras-ser-eliminado-del-masters-1000-de-madrid-fue-un-bochorno\/"},"modified":"2026-04-25T02:24:43","modified_gmt":"2026-04-25T02:24:43","slug":"la-dura-acusacion-de-un-tenista-argentino-por-racismo-tras-ser-eliminado-del-masters-1000-de-madrid-fue-un-bochorno","status":"publish","type":"post","link":"https:\/\/lobosnews.com.ar\/index.php\/2026\/04\/25\/la-dura-acusacion-de-un-tenista-argentino-por-racismo-tras-ser-eliminado-del-masters-1000-de-madrid-fue-un-bochorno\/","title":{"rendered":"La dura acusaci\u00f3n de un tenista argentino por racismo tras ser eliminado del Masters 1000 de Madrid: \u201cFue un bochorno\u201d"},"content":{"rendered":"<p>La prematura eliminaci\u00f3n de <b>Marco Trungelliti<\/b> en la primera ronda del <b>Masters 1000 de Madrid<\/b> termin\u00f3 con esc\u00e1ndalo porque el argentino protagoniz\u00f3 varios cruces con el p\u00fablico durante la ca\u00edda en tres sets contra el local <b>Daniel M\u00e9rida<\/b> por 4-6, 6-1 y 6-7 (6) en la <i>Cancha 3 <\/i>de la <i><b>Caja M\u00e1gica<\/b><\/i>.<\/p>\n<p>Una de las escenas de mayor tensi\u00f3n ocurri\u00f3 cuando <b>Trungelliti <\/b>se vio desbordado por los permanentes insultos que recib\u00eda desde las gradas y tuvo un momento de furia que se volvi\u00f3 viral. <span class=\"waslinkname\"><b>\u201c\u00a1Grit\u00e1 ahora, cag\u00f3n!\u201d<\/b><\/span>, le espet\u00f3 a un seguidor del tenista espa\u00f1ol que lo hostigaba de manera permanente. Esta escena fue grabada por otro espectador y registr\u00f3 m\u00faltiples reproducciones en las redes sociales.<\/p>\n<p>Luego del partido, que se prolong\u00f3 por 2 horas y 41 minutos, el tenista de 36 a\u00f1os escribi\u00f3 una publicaci\u00f3n en su cuenta personal de <i>Instagram<\/i>, seguida por m\u00e1s de 15 mil usuarios, y realiz\u00f3 una dura acusaci\u00f3n contra la gente que asisti\u00f3 al juego: <b>\u201cPara terminar con el tema de anoche:<\/b> <b>\u00bfFue un bochorno? S\u00ed. \u00bfHubo racismo? S\u00ed<\/b>\u201d.<\/p>\n<p><img loading=\"lazy\" decoding=\"async\" src=\"https:\/\/lobosnews.com.ar\/wp-content\/uploads\/2026\/04\/la-dura-acusacion-de-un-tenista-argentino-por-racismo-tras-ser-eliminado-del-masters-1000-de-madrid-fue-un-bochorno.jpg\" alt=\"El tenista subi\u00f3 un mensaje en redes sociales\" height=\"866\" width=\"481\"\/><\/p>\n<p>Acto seguido, continu\u00f3 sus escuetas respuestas ante diferentes preguntas: <b>\u201c\u00bfFaltas de respeto desde el primer momento? S\u00ed. \u00bfSe hizo algo al respecto durante el encuentro? No mucho. \u00bfMe importa No\u00bb<\/b>.<\/p>\n<p>El n\u00famero 77 del mundo mostr\u00f3 su incomodidad desde el inicio, a causa de ciertos comportamientos del p\u00fablico, que alentaba por M\u00e9rida. El enfado de Marco Trungelliti fue en aumento, ya que se lo vio conversar con el juez de silla durante varios pasajes del partido y <b>reclam\u00f3 la intervenci\u00f3n del supervisor<\/b> para intentar mermar los gritos y comentarios que consider\u00f3 inapropiados. A pesar de sus reiterados pedidos,<b> la situaci\u00f3n no se modific\u00f3<\/b>.<\/p>\n<p>El santiague\u00f1o atraviesa uno de los mejores momentos de su carrera, luego de haberse convertido en el <span class=\"waslinkname\">jugador m\u00e1s veterano de la historia en alcanzar su primera final ATP<\/span>: perdi\u00f3 6-3 y 6-2 contra el espa\u00f1ol Rafael J\u00f3dar en el ATP 250 de Marrakech. Su actualidad<span class=\"waslinkname\"> lo llev\u00f3 a ser convocado por Argentina y debutar en la Copa Davis<\/span> con derrota ante Corea del Sur.<\/p>\n<p>Sus \u00faltimos resultados opacaron estos logros porque cay\u00f3 eliminado en su presentaci\u00f3n por el<b> ATP 500 de Barcelona<\/b> contra el serbio <b>Hamad Medjedovic<\/b> en sets corridos, y ahora dej\u00f3 escapar dos <i>match points <\/i>con una ventaja de 6-5 en el tercer set frente a Daniel M\u00e9rida, quien ocupa el 102\u00b0 lugar del ranking mundial.<\/p>\n<p>Vale recordar que Marco Trungelliti hab\u00eda ingresado al cuadro principal como <i>lucky loser <\/i>tras perder frente al mismo rival en la fase decisiva de la clasificaci\u00f3n. Estuvo cerca de tomarse revancha, pero no aprovech\u00f3 sus oportunidades en los momentos clave del \u00faltimo parcial.<\/p>\n<p><img loading=\"lazy\" decoding=\"async\" src=\"https:\/\/lobosnews.com.ar\/wp-content\/uploads\/2026\/04\/la-dura-acusacion-de-un-tenista-argentino-por-racismo-tras-ser-eliminado-del-masters-1000-de-madrid-fue-un-bochorno-1.jpg\" alt=\"Debut\u00f3 en Copa Davis este a\u00f1o con Argentina (Cr\u00e9dito: Reuters\/Kim Soo-Hyeon)\" height=\"3486\" width=\"5100\"\/><\/p>\n<p>M\u00e9rida enfrentar\u00e1 al franc\u00e9s <b>Corentin Moutet<\/b> en la pr\u00f3xima ronda del segundo Masters 1000 de la gira europea de polvo de ladrillo que desemboca en <b>Roland Garros<\/b>, segundo Grand Slam del a\u00f1o. Esa cita en Par\u00eds ya tiene la baja confirmada de <b>Carlos Alcaraz<\/b> por lesi\u00f3n.<\/p>\n<p>Uno de los argentinos que sigue en carrera en Madrid es <b>Thiago Tirante<\/b>, 75\u00b0 del mundo, quien dio la sorpresa frente al 18\u00b0 del escalaf\u00f3n, <b>Tommy Paul<\/b>, para avanzar a los 16avos de final. <b>Tom\u00e1s Etcheverry<\/b> tambi\u00e9n pas\u00f3 a esa instancia, al igual que <b>Solana Sierra<\/b> entre las mujeres. Mientras tanto, varios representantes de la <i>l<\/i>egi\u00f3n buscar\u00e1n su lugar entre los 32 mejores: los hermanos Francisco y Juan Manuel Cer\u00fandolo, Camilo Ugo Carabelli y Mariano Navone. Francisco Comesa\u00f1a y Sebasti\u00e1n B\u00e1ez quedaron afuera en primera ronda.<\/p>\n","protected":false},"excerpt":{"rendered":"<p>La prematura eliminaci\u00f3n de Marco Trungelliti en la primera ronda del Masters 1000 de Madrid termin\u00f3 con esc\u00e1ndalo porque el argentino protagoniz\u00f3 varios cruces con el p\u00fablico durante la ca\u00edda en tres sets contra el local Daniel M\u00e9rida por 4-6, 6-1 y 6-7 (6) en la Cancha 3 de la Caja M\u00e1gica. Una de las&#8230;<\/p>\n","protected":false},"author":1,"featured_media":0,"comment_status":"open","ping_status":"closed","sticky":false,"template":"","format":"standard","meta":{"_jetpack_memberships_contains_paid_content":false,"footnotes":""},"categories":[30],"tags":[39],"class_list":["post-44828","post","type-post","status-publish","format-standard","hentry","category-argentina","tag-deportes"],"magazineBlocksPostFeaturedMedia":{"thumbnail":false,"medium":false,"medium_large":false,"large":false,"1536x1536":false,"2048x2048":false,"newsmatic-featured":false,"newsmatic-list":false,"newsmatic-thumb":false,"newsmatic-small":false,"newsmatic-grid":false},"magazineBlocksPostAuthor":{"name":"admin","avatar":"https:\/\/secure.gravatar.com\/avatar\/76e419471a2083bc3ceab22a763dbbf9b0c1bd15a6214cf3280e2c2dde4580f9?s=96&d=mm&r=g"},"magazineBlocksPostCommentsNumber":"0","magazineBlocksPostExcerpt":"La prematura eliminaci\u00f3n de Marco Trungelliti en la primera ronda del Masters 1000 de Madrid termin\u00f3 con esc\u00e1ndalo porque el argentino protagoniz\u00f3 varios cruces con el p\u00fablico durante la ca\u00edda en tres sets contra el local Daniel M\u00e9rida por 4-6, 6-1 y 6-7 (6) en la Cancha 3 de la Caja M\u00e1gica. Una de las...","magazineBlocksPostCategories":["Argentina"],"magazineBlocksPostViewCount":12,"magazineBlocksPostReadTime":3,"magazine_blocks_featured_image_url":{"full":false,"medium":false,"thumbnail":false},"magazine_blocks_author":{"display_name":"admin","author_link":"https:\/\/lobosnews.com.ar\/index.php\/author\/lobos-news\/"},"magazine_blocks_comment":0,"magazine_blocks_author_image":"https:\/\/secure.gravatar.com\/avatar\/76e419471a2083bc3ceab22a763dbbf9b0c1bd15a6214cf3280e2c2dde4580f9?s=96&d=mm&r=g","magazine_blocks_category":"<a href=\"#\" class=\"category-link category-link-30\">Argentina<\/a>","yoast_head":"<!-- This site is optimized with the Yoast SEO plugin v26.6 - https:\/\/yoast.com\/wordpress\/plugins\/seo\/ -->\n<title>La dura acusaci\u00f3n de un tenista argentino por racismo tras ser eliminado del Masters 1000 de Madrid: \u201cFue un bochorno\u201d - Lobos News<\/title>\n<meta name=\"robots\" content=\"index, follow, max-snippet:-1, max-image-preview:large, max-video-preview:-1\" \/>\n<link rel=\"canonical\" href=\"https:\/\/lobosnews.com.ar\/index.php\/2026\/04\/25\/la-dura-acusacion-de-un-tenista-argentino-por-racismo-tras-ser-eliminado-del-masters-1000-de-madrid-fue-un-bochorno\/\" \/>\n<meta property=\"og:locale\" content=\"es_ES\" \/>\n<meta property=\"og:type\" content=\"article\" \/>\n<meta property=\"og:title\" content=\"La dura acusaci\u00f3n de un tenista argentino por racismo tras ser eliminado del Masters 1000 de Madrid: \u201cFue un bochorno\u201d - Lobos News\" \/>\n<meta property=\"og:description\" content=\"La prematura eliminaci\u00f3n de Marco Trungelliti en la primera ronda del Masters 1000 de Madrid termin\u00f3 con esc\u00e1ndalo porque el argentino protagoniz\u00f3 varios cruces con el p\u00fablico durante la ca\u00edda en tres sets contra el local Daniel M\u00e9rida por 4-6, 6-1 y 6-7 (6) en la Cancha 3 de la Caja M\u00e1gica. Una de las...\" \/>\n<meta property=\"og:url\" content=\"https:\/\/lobosnews.com.ar\/index.php\/2026\/04\/25\/la-dura-acusacion-de-un-tenista-argentino-por-racismo-tras-ser-eliminado-del-masters-1000-de-madrid-fue-un-bochorno\/\" \/>\n<meta property=\"og:site_name\" content=\"Lobos News\" \/>\n<meta property=\"article:published_time\" content=\"2026-04-25T00:03:56+00:00\" \/>\n<meta property=\"article:modified_time\" content=\"2026-04-25T02:24:43+00:00\" \/>\n<meta property=\"og:image\" content=\"https:\/\/lobosnews.com.ar\/wp-content\/uploads\/2026\/04\/la-dura-acusacion-de-un-tenista-argentino-por-racismo-tras-ser-eliminado-del-masters-1000-de-madrid-fue-un-bochorno.jpg\" \/>\n<meta name=\"author\" content=\"admin\" \/>\n<meta name=\"twitter:card\" content=\"summary_large_image\" \/>\n<meta name=\"twitter:label1\" content=\"Escrito por\" \/>\n\t<meta name=\"twitter:data1\" content=\"admin\" \/>\n\t<meta name=\"twitter:label2\" content=\"Tiempo de lectura\" \/>\n\t<meta name=\"twitter:data2\" content=\"3 minutos\" \/>\n<script type=\"application\/ld+json\" class=\"yoast-schema-graph\">{\"@context\":\"https:\/\/schema.org\",\"@graph\":[{\"@type\":\"Article\",\"@id\":\"https:\/\/lobosnews.com.ar\/index.php\/2026\/04\/25\/la-dura-acusacion-de-un-tenista-argentino-por-racismo-tras-ser-eliminado-del-masters-1000-de-madrid-fue-un-bochorno\/#article\",\"isPartOf\":{\"@id\":\"https:\/\/lobosnews.com.ar\/index.php\/2026\/04\/25\/la-dura-acusacion-de-un-tenista-argentino-por-racismo-tras-ser-eliminado-del-masters-1000-de-madrid-fue-un-bochorno\/\"},\"author\":{\"name\":\"admin\",\"@id\":\"https:\/\/lobosnews.com.ar\/#\/schema\/person\/232422a593d5c541dd9aef6aaed10943\"},\"headline\":\"La dura acusaci\u00f3n de un tenista argentino por racismo tras ser eliminado del Masters 1000 de Madrid: \u201cFue un bochorno\u201d\",\"datePublished\":\"2026-04-25T00:03:56+00:00\",\"dateModified\":\"2026-04-25T02:24:43+00:00\",\"mainEntityOfPage\":{\"@id\":\"https:\/\/lobosnews.com.ar\/index.php\/2026\/04\/25\/la-dura-acusacion-de-un-tenista-argentino-por-racismo-tras-ser-eliminado-del-masters-1000-de-madrid-fue-un-bochorno\/\"},\"wordCount\":620,\"commentCount\":0,\"publisher\":{\"@id\":\"https:\/\/lobosnews.com.ar\/#organization\"},\"image\":{\"@id\":\"https:\/\/lobosnews.com.ar\/index.php\/2026\/04\/25\/la-dura-acusacion-de-un-tenista-argentino-por-racismo-tras-ser-eliminado-del-masters-1000-de-madrid-fue-un-bochorno\/#primaryimage\"},\"thumbnailUrl\":\"https:\/\/lobosnews.com.ar\/wp-content\/uploads\/2026\/04\/la-dura-acusacion-de-un-tenista-argentino-por-racismo-tras-ser-eliminado-del-masters-1000-de-madrid-fue-un-bochorno.jpg\",\"keywords\":[\"Deportes\"],\"articleSection\":[\"Argentina\"],\"inLanguage\":\"es\",\"potentialAction\":[{\"@type\":\"CommentAction\",\"name\":\"Comment\",\"target\":[\"https:\/\/lobosnews.com.ar\/index.php\/2026\/04\/25\/la-dura-acusacion-de-un-tenista-argentino-por-racismo-tras-ser-eliminado-del-masters-1000-de-madrid-fue-un-bochorno\/#respond\"]}]},{\"@type\":\"WebPage\",\"@id\":\"https:\/\/lobosnews.com.ar\/index.php\/2026\/04\/25\/la-dura-acusacion-de-un-tenista-argentino-por-racismo-tras-ser-eliminado-del-masters-1000-de-madrid-fue-un-bochorno\/\",\"url\":\"https:\/\/lobosnews.com.ar\/index.php\/2026\/04\/25\/la-dura-acusacion-de-un-tenista-argentino-por-racismo-tras-ser-eliminado-del-masters-1000-de-madrid-fue-un-bochorno\/\",\"name\":\"La dura acusaci\u00f3n de un tenista argentino por racismo tras ser eliminado del Masters 1000 de Madrid: \u201cFue un bochorno\u201d - Lobos News\",\"isPartOf\":{\"@id\":\"https:\/\/lobosnews.com.ar\/#website\"},\"primaryImageOfPage\":{\"@id\":\"https:\/\/lobosnews.com.ar\/index.php\/2026\/04\/25\/la-dura-acusacion-de-un-tenista-argentino-por-racismo-tras-ser-eliminado-del-masters-1000-de-madrid-fue-un-bochorno\/#primaryimage\"},\"image\":{\"@id\":\"https:\/\/lobosnews.com.ar\/index.php\/2026\/04\/25\/la-dura-acusacion-de-un-tenista-argentino-por-racismo-tras-ser-eliminado-del-masters-1000-de-madrid-fue-un-bochorno\/#primaryimage\"},\"thumbnailUrl\":\"https:\/\/lobosnews.com.ar\/wp-content\/uploads\/2026\/04\/la-dura-acusacion-de-un-tenista-argentino-por-racismo-tras-ser-eliminado-del-masters-1000-de-madrid-fue-un-bochorno.jpg\",\"datePublished\":\"2026-04-25T00:03:56+00:00\",\"dateModified\":\"2026-04-25T02:24:43+00:00\",\"breadcrumb\":{\"@id\":\"https:\/\/lobosnews.com.ar\/index.php\/2026\/04\/25\/la-dura-acusacion-de-un-tenista-argentino-por-racismo-tras-ser-eliminado-del-masters-1000-de-madrid-fue-un-bochorno\/#breadcrumb\"},\"inLanguage\":\"es\",\"potentialAction\":[{\"@type\":\"ReadAction\",\"target\":[\"https:\/\/lobosnews.com.ar\/index.php\/2026\/04\/25\/la-dura-acusacion-de-un-tenista-argentino-por-racismo-tras-ser-eliminado-del-masters-1000-de-madrid-fue-un-bochorno\/\"]}]},{\"@type\":\"ImageObject\",\"inLanguage\":\"es\",\"@id\":\"https:\/\/lobosnews.com.ar\/index.php\/2026\/04\/25\/la-dura-acusacion-de-un-tenista-argentino-por-racismo-tras-ser-eliminado-del-masters-1000-de-madrid-fue-un-bochorno\/#primaryimage\",\"url\":\"https:\/\/lobosnews.com.ar\/wp-content\/uploads\/2026\/04\/la-dura-acusacion-de-un-tenista-argentino-por-racismo-tras-ser-eliminado-del-masters-1000-de-madrid-fue-un-bochorno.jpg\",\"contentUrl\":\"https:\/\/lobosnews.com.ar\/wp-content\/uploads\/2026\/04\/la-dura-acusacion-de-un-tenista-argentino-por-racismo-tras-ser-eliminado-del-masters-1000-de-madrid-fue-un-bochorno.jpg\"},{\"@type\":\"BreadcrumbList\",\"@id\":\"https:\/\/lobosnews.com.ar\/index.php\/2026\/04\/25\/la-dura-acusacion-de-un-tenista-argentino-por-racismo-tras-ser-eliminado-del-masters-1000-de-madrid-fue-un-bochorno\/#breadcrumb\",\"itemListElement\":[{\"@type\":\"ListItem\",\"position\":1,\"name\":\"Portada\",\"item\":\"https:\/\/lobosnews.com.ar\/\"},{\"@type\":\"ListItem\",\"position\":2,\"name\":\"La dura acusaci\u00f3n de un tenista argentino por racismo tras ser eliminado del Masters 1000 de Madrid: \u201cFue un bochorno\u201d\"}]},{\"@type\":\"WebSite\",\"@id\":\"https:\/\/lobosnews.com.ar\/#website\",\"url\":\"https:\/\/lobosnews.com.ar\/\",\"name\":\"Lobos News\",\"description\":\"Informaci\u00f3n a cada instante\",\"publisher\":{\"@id\":\"https:\/\/lobosnews.com.ar\/#organization\"},\"potentialAction\":[{\"@type\":\"SearchAction\",\"target\":{\"@type\":\"EntryPoint\",\"urlTemplate\":\"https:\/\/lobosnews.com.ar\/?s={search_term_string}\"},\"query-input\":{\"@type\":\"PropertyValueSpecification\",\"valueRequired\":true,\"valueName\":\"search_term_string\"}}],\"inLanguage\":\"es\"},{\"@type\":\"Organization\",\"@id\":\"https:\/\/lobosnews.com.ar\/#organization\",\"name\":\"Lobos News\",\"url\":\"https:\/\/lobosnews.com.ar\/\",\"logo\":{\"@type\":\"ImageObject\",\"inLanguage\":\"es\",\"@id\":\"https:\/\/lobosnews.com.ar\/#\/schema\/logo\/image\/\",\"url\":\"https:\/\/lobosnews.com.ar\/wp-content\/uploads\/2026\/01\/logo-lobosnews.png\",\"contentUrl\":\"https:\/\/lobosnews.com.ar\/wp-content\/uploads\/2026\/01\/logo-lobosnews.png\",\"width\":500,\"height\":200,\"caption\":\"Lobos News\"},\"image\":{\"@id\":\"https:\/\/lobosnews.com.ar\/#\/schema\/logo\/image\/\"}},{\"@type\":\"Person\",\"@id\":\"https:\/\/lobosnews.com.ar\/#\/schema\/person\/232422a593d5c541dd9aef6aaed10943\",\"name\":\"admin\",\"image\":{\"@type\":\"ImageObject\",\"inLanguage\":\"es\",\"@id\":\"https:\/\/lobosnews.com.ar\/#\/schema\/person\/image\/\",\"url\":\"https:\/\/secure.gravatar.com\/avatar\/76e419471a2083bc3ceab22a763dbbf9b0c1bd15a6214cf3280e2c2dde4580f9?s=96&d=mm&r=g\",\"contentUrl\":\"https:\/\/secure.gravatar.com\/avatar\/76e419471a2083bc3ceab22a763dbbf9b0c1bd15a6214cf3280e2c2dde4580f9?s=96&d=mm&r=g\",\"caption\":\"admin\"},\"sameAs\":[\"https:\/\/lobosnews.com.ar\"],\"url\":\"https:\/\/lobosnews.com.ar\/index.php\/author\/lobos-news\/\"}]}<\/script>\n<!-- \/ Yoast SEO plugin. -->","yoast_head_json":{"title":"La dura acusaci\u00f3n de un tenista argentino por racismo tras ser eliminado del Masters 1000 de Madrid: \u201cFue un bochorno\u201d - Lobos News","robots":{"index":"index","follow":"follow","max-snippet":"max-snippet:-1","max-image-preview":"max-image-preview:large","max-video-preview":"max-video-preview:-1"},"canonical":"https:\/\/lobosnews.com.ar\/index.php\/2026\/04\/25\/la-dura-acusacion-de-un-tenista-argentino-por-racismo-tras-ser-eliminado-del-masters-1000-de-madrid-fue-un-bochorno\/","og_locale":"es_ES","og_type":"article","og_title":"La dura acusaci\u00f3n de un tenista argentino por racismo tras ser eliminado del Masters 1000 de Madrid: \u201cFue un bochorno\u201d - Lobos News","og_description":"La prematura eliminaci\u00f3n de Marco Trungelliti en la primera ronda del Masters 1000 de Madrid termin\u00f3 con esc\u00e1ndalo porque el argentino protagoniz\u00f3 varios cruces con el p\u00fablico durante la ca\u00edda en tres sets contra el local Daniel M\u00e9rida por 4-6, 6-1 y 6-7 (6) en la Cancha 3 de la Caja M\u00e1gica. Una de las...","og_url":"https:\/\/lobosnews.com.ar\/index.php\/2026\/04\/25\/la-dura-acusacion-de-un-tenista-argentino-por-racismo-tras-ser-eliminado-del-masters-1000-de-madrid-fue-un-bochorno\/","og_site_name":"Lobos News","article_published_time":"2026-04-25T00:03:56+00:00","article_modified_time":"2026-04-25T02:24:43+00:00","og_image":[{"url":"https:\/\/lobosnews.com.ar\/wp-content\/uploads\/2026\/04\/la-dura-acusacion-de-un-tenista-argentino-por-racismo-tras-ser-eliminado-del-masters-1000-de-madrid-fue-un-bochorno.jpg","type":"","width":"","height":""}],"author":"admin","twitter_card":"summary_large_image","twitter_misc":{"Escrito por":"admin","Tiempo de lectura":"3 minutos"},"schema":{"@context":"https:\/\/schema.org","@graph":[{"@type":"Article","@id":"https:\/\/lobosnews.com.ar\/index.php\/2026\/04\/25\/la-dura-acusacion-de-un-tenista-argentino-por-racismo-tras-ser-eliminado-del-masters-1000-de-madrid-fue-un-bochorno\/#article","isPartOf":{"@id":"https:\/\/lobosnews.com.ar\/index.php\/2026\/04\/25\/la-dura-acusacion-de-un-tenista-argentino-por-racismo-tras-ser-eliminado-del-masters-1000-de-madrid-fue-un-bochorno\/"},"author":{"name":"admin","@id":"https:\/\/lobosnews.com.ar\/#\/schema\/person\/232422a593d5c541dd9aef6aaed10943"},"headline":"La dura acusaci\u00f3n de un tenista argentino por racismo tras ser eliminado del Masters 1000 de Madrid: \u201cFue un bochorno\u201d","datePublished":"2026-04-25T00:03:56+00:00","dateModified":"2026-04-25T02:24:43+00:00","mainEntityOfPage":{"@id":"https:\/\/lobosnews.com.ar\/index.php\/2026\/04\/25\/la-dura-acusacion-de-un-tenista-argentino-por-racismo-tras-ser-eliminado-del-masters-1000-de-madrid-fue-un-bochorno\/"},"wordCount":620,"commentCount":0,"publisher":{"@id":"https:\/\/lobosnews.com.ar\/#organization"},"image":{"@id":"https:\/\/lobosnews.com.ar\/index.php\/2026\/04\/25\/la-dura-acusacion-de-un-tenista-argentino-por-racismo-tras-ser-eliminado-del-masters-1000-de-madrid-fue-un-bochorno\/#primaryimage"},"thumbnailUrl":"https:\/\/lobosnews.com.ar\/wp-content\/uploads\/2026\/04\/la-dura-acusacion-de-un-tenista-argentino-por-racismo-tras-ser-eliminado-del-masters-1000-de-madrid-fue-un-bochorno.jpg","keywords":["Deportes"],"articleSection":["Argentina"],"inLanguage":"es","potentialAction":[{"@type":"CommentAction","name":"Comment","target":["https:\/\/lobosnews.com.ar\/index.php\/2026\/04\/25\/la-dura-acusacion-de-un-tenista-argentino-por-racismo-tras-ser-eliminado-del-masters-1000-de-madrid-fue-un-bochorno\/#respond"]}]},{"@type":"WebPage","@id":"https:\/\/lobosnews.com.ar\/index.php\/2026\/04\/25\/la-dura-acusacion-de-un-tenista-argentino-por-racismo-tras-ser-eliminado-del-masters-1000-de-madrid-fue-un-bochorno\/","url":"https:\/\/lobosnews.com.ar\/index.php\/2026\/04\/25\/la-dura-acusacion-de-un-tenista-argentino-por-racismo-tras-ser-eliminado-del-masters-1000-de-madrid-fue-un-bochorno\/","name":"La dura acusaci\u00f3n de un tenista argentino por racismo tras ser eliminado del Masters 1000 de Madrid: \u201cFue un bochorno\u201d - Lobos News","isPartOf":{"@id":"https:\/\/lobosnews.com.ar\/#website"},"primaryImageOfPage":{"@id":"https:\/\/lobosnews.com.ar\/index.php\/2026\/04\/25\/la-dura-acusacion-de-un-tenista-argentino-por-racismo-tras-ser-eliminado-del-masters-1000-de-madrid-fue-un-bochorno\/#primaryimage"},"image":{"@id":"https:\/\/lobosnews.com.ar\/index.php\/2026\/04\/25\/la-dura-acusacion-de-un-tenista-argentino-por-racismo-tras-ser-eliminado-del-masters-1000-de-madrid-fue-un-bochorno\/#primaryimage"},"thumbnailUrl":"https:\/\/lobosnews.com.ar\/wp-content\/uploads\/2026\/04\/la-dura-acusacion-de-un-tenista-argentino-por-racismo-tras-ser-eliminado-del-masters-1000-de-madrid-fue-un-bochorno.jpg","datePublished":"2026-04-25T00:03:56+00:00","dateModified":"2026-04-25T02:24:43+00:00","breadcrumb":{"@id":"https:\/\/lobosnews.com.ar\/index.php\/2026\/04\/25\/la-dura-acusacion-de-un-tenista-argentino-por-racismo-tras-ser-eliminado-del-masters-1000-de-madrid-fue-un-bochorno\/#breadcrumb"},"inLanguage":"es","potentialAction":[{"@type":"ReadAction","target":["https:\/\/lobosnews.com.ar\/index.php\/2026\/04\/25\/la-dura-acusacion-de-un-tenista-argentino-por-racismo-tras-ser-eliminado-del-masters-1000-de-madrid-fue-un-bochorno\/"]}]},{"@type":"ImageObject","inLanguage":"es","@id":"https:\/\/lobosnews.com.ar\/index.php\/2026\/04\/25\/la-dura-acusacion-de-un-tenista-argentino-por-racismo-tras-ser-eliminado-del-masters-1000-de-madrid-fue-un-bochorno\/#primaryimage","url":"https:\/\/lobosnews.com.ar\/wp-content\/uploads\/2026\/04\/la-dura-acusacion-de-un-tenista-argentino-por-racismo-tras-ser-eliminado-del-masters-1000-de-madrid-fue-un-bochorno.jpg","contentUrl":"https:\/\/lobosnews.com.ar\/wp-content\/uploads\/2026\/04\/la-dura-acusacion-de-un-tenista-argentino-por-racismo-tras-ser-eliminado-del-masters-1000-de-madrid-fue-un-bochorno.jpg"},{"@type":"BreadcrumbList","@id":"https:\/\/lobosnews.com.ar\/index.php\/2026\/04\/25\/la-dura-acusacion-de-un-tenista-argentino-por-racismo-tras-ser-eliminado-del-masters-1000-de-madrid-fue-un-bochorno\/#breadcrumb","itemListElement":[{"@type":"ListItem","position":1,"name":"Portada","item":"https:\/\/lobosnews.com.ar\/"},{"@type":"ListItem","position":2,"name":"La dura acusaci\u00f3n de un tenista argentino por racismo tras ser eliminado del Masters 1000 de Madrid: \u201cFue un bochorno\u201d"}]},{"@type":"WebSite","@id":"https:\/\/lobosnews.com.ar\/#website","url":"https:\/\/lobosnews.com.ar\/","name":"Lobos News","description":"Informaci\u00f3n a cada instante","publisher":{"@id":"https:\/\/lobosnews.com.ar\/#organization"},"potentialAction":[{"@type":"SearchAction","target":{"@type":"EntryPoint","urlTemplate":"https:\/\/lobosnews.com.ar\/?s={search_term_string}"},"query-input":{"@type":"PropertyValueSpecification","valueRequired":true,"valueName":"search_term_string"}}],"inLanguage":"es"},{"@type":"Organization","@id":"https:\/\/lobosnews.com.ar\/#organization","name":"Lobos News","url":"https:\/\/lobosnews.com.ar\/","logo":{"@type":"ImageObject","inLanguage":"es","@id":"https:\/\/lobosnews.com.ar\/#\/schema\/logo\/image\/","url":"https:\/\/lobosnews.com.ar\/wp-content\/uploads\/2026\/01\/logo-lobosnews.png","contentUrl":"https:\/\/lobosnews.com.ar\/wp-content\/uploads\/2026\/01\/logo-lobosnews.png","width":500,"height":200,"caption":"Lobos News"},"image":{"@id":"https:\/\/lobosnews.com.ar\/#\/schema\/logo\/image\/"}},{"@type":"Person","@id":"https:\/\/lobosnews.com.ar\/#\/schema\/person\/232422a593d5c541dd9aef6aaed10943","name":"admin","image":{"@type":"ImageObject","inLanguage":"es","@id":"https:\/\/lobosnews.com.ar\/#\/schema\/person\/image\/","url":"https:\/\/secure.gravatar.com\/avatar\/76e419471a2083bc3ceab22a763dbbf9b0c1bd15a6214cf3280e2c2dde4580f9?s=96&d=mm&r=g","contentUrl":"https:\/\/secure.gravatar.com\/avatar\/76e419471a2083bc3ceab22a763dbbf9b0c1bd15a6214cf3280e2c2dde4580f9?s=96&d=mm&r=g","caption":"admin"},"sameAs":["https:\/\/lobosnews.com.ar"],"url":"https:\/\/lobosnews.com.ar\/index.php\/author\/lobos-news\/"}]}},"jetpack_featured_media_url":"","jetpack_sharing_enabled":true,"_links":{"self":[{"href":"https:\/\/lobosnews.com.ar\/index.php\/wp-json\/wp\/v2\/posts\/44828","targetHints":{"allow":["GET"]}}],"collection":[{"href":"https:\/\/lobosnews.com.ar\/index.php\/wp-json\/wp\/v2\/posts"}],"about":[{"href":"https:\/\/lobosnews.com.ar\/index.php\/wp-json\/wp\/v2\/types\/post"}],"author":[{"embeddable":true,"href":"https:\/\/lobosnews.com.ar\/index.php\/wp-json\/wp\/v2\/users\/1"}],"replies":[{"embeddable":true,"href":"https:\/\/lobosnews.com.ar\/index.php\/wp-json\/wp\/v2\/comments?post=44828"}],"version-history":[{"count":1,"href":"https:\/\/lobosnews.com.ar\/index.php\/wp-json\/wp\/v2\/posts\/44828\/revisions"}],"predecessor-version":[{"id":44831,"href":"https:\/\/lobosnews.com.ar\/index.php\/wp-json\/wp\/v2\/posts\/44828\/revisions\/44831"}],"wp:attachment":[{"href":"https:\/\/lobosnews.com.ar\/index.php\/wp-json\/wp\/v2\/media?parent=44828"}],"wp:term":[{"taxonomy":"category","embeddable":true,"href":"https:\/\/lobosnews.com.ar\/index.php\/wp-json\/wp\/v2\/categories?post=44828"},{"taxonomy":"post_tag","embeddable":true,"href":"https:\/\/lobosnews.com.ar\/index.php\/wp-json\/wp\/v2\/tags?post=44828"}],"curies":[{"name":"wp","href":"https:\/\/api.w.org\/{rel}","templated":true}]}}