{"id":44709,"date":"2026-04-24T08:34:38","date_gmt":"2026-04-24T08:34:38","guid":{"rendered":"https:\/\/lobosnews.com.ar\/index.php\/2026\/04\/24\/un-bebe-esta-internado-en-estado-critico-tras-ser-violentado-durante-meses-y-detuvieron-a-su-padrastro\/"},"modified":"2026-04-24T14:43:19","modified_gmt":"2026-04-24T14:43:19","slug":"un-bebe-esta-internado-en-estado-critico-tras-ser-violentado-durante-meses-y-detuvieron-a-su-padrastro","status":"publish","type":"post","link":"https:\/\/lobosnews.com.ar\/index.php\/2026\/04\/24\/un-bebe-esta-internado-en-estado-critico-tras-ser-violentado-durante-meses-y-detuvieron-a-su-padrastro\/","title":{"rendered":"Un beb\u00e9 est\u00e1 internado en estado cr\u00edtico tras ser violentado durante meses y detuvieron a su padrastro"},"content":{"rendered":"<p><img loading=\"lazy\" decoding=\"async\" src=\"https:\/\/lobosnews.com.ar\/wp-content\/uploads\/2026\/04\/un-bebe-esta-internado-en-estado-critico-tras-ser-violentado-durante-meses-y-detuvieron-a-su-padrastro.jpg\" alt=\"Un ni\u00f1o lucha por su vida en el Hospital de Mendoza y su padrastro enfrenta cargos por intento de homicidio\" height=\"720\" width=\"960\"\/><\/p>\n<p>La Justicia de<i> <\/i><span class=\"waslinkname\"><i><b>Mendoza<\/b><\/i><\/span> dispuso la detenci\u00f3n de Cristian Gonzalo Fragapane G\u00f3mez,<b> padrastro de un ni\u00f1o de 1 a\u00f1o y 9 meses <\/b>que fue<b> <\/b>internado en estado cr\u00edtico, por <span class=\"waslinkname\"><i><b>tentativa de homicidio<\/b><\/i><\/span><b> calificado por alevos\u00eda.<\/b> La decisi\u00f3n judicial surgi\u00f3 despu\u00e9s de que el equipo m\u00e9dico detecte lesiones cerebrales compatibles con el s\u00edndrome de zamarreo, un cuadro asociado a episodios reiterados de violencia f\u00edsica ejercida sobre beb\u00e9s y ni\u00f1os peque\u00f1os.<\/p>\n<p>De acuerdo con la investigaci\u00f3n dirigida por la fiscal de Homicidios Florencia D\u00edaz Peralta, el episodio que motiv\u00f3 la denuncia se produjo el 10 de abril en una vivienda de Luj\u00e1n de Cuyo. La madre del ni\u00f1o y la pareja, <b>Fragapane G\u00f3mez, <\/b>quedaron sujetos a una orden de restricci\u00f3n luego de que el menor ingresara de urgencia al <b>Hospital Humberto Notti<\/b>. <\/p>\n<p>El \u00faltimo parte m\u00e9dico result\u00f3 determinante para la causa: el equipo del hospital concluy\u00f3 que las lesiones<b> <\/b>no respond\u00edan a patolog\u00edas previas, como epilepsia, sino a sacudidas violentas. Adem\u00e1s, los ex\u00e1menes revelaron una <b>fractura de varios meses<\/b> de antig\u00fcedad, lo que para la fiscal\u00eda confirma un contexto de <b>violencia sistem\u00e1tica. <\/b>La fiscal\u00eda sostiene que el ataque se perpetr\u00f3 en un contexto de total indefensi\u00f3n de la v\u00edctima, lo que agrava la situaci\u00f3n procesal del acusado. <\/p>\n<p><img loading=\"lazy\" decoding=\"async\" src=\"https:\/\/lobosnews.com.ar\/wp-content\/uploads\/2026\/04\/un-bebe-esta-internado-en-estado-critico-tras-ser-violentado-durante-meses-y-detuvieron-a-su-padrastro-1.jpg\" alt=\"La investigaci\u00f3n apunta a reiterados episodios de maltrato en el entorno familiar y la justicia dispuso la detenci\u00f3n del padrastro y la restricci\u00f3n de acercamiento para la madre (Imagen Ilustrativa Infobae)\" height=\"816\" width=\"1456\"\/><\/p>\n<p>El diagn\u00f3stico motiv\u00f3 la<b> intervenci\u00f3n inmediata<\/b> de las autoridades para asegurar el resguardo y protecci\u00f3n de los derechos del menor. El padre qued\u00f3 a cargo del hermano mellizo del ni\u00f1o afectado, quien fue sometido a estudios m\u00e9dicos que descartaron lesiones. Por otro lado, la victima <b>permanece en terapia intensiva<\/b>, con pron\u00f3stico delicado. Las autoridades afirman que el proceso penal seguir\u00e1 su curso mientras se monitorea la evoluci\u00f3n cl\u00ednica del menor y se re\u00fanen m\u00e1s pruebas para esclarecer los hechos y determinar responsabilidades.<\/p>\n<h2>La causa <\/h2>\n<p>La fiscal de Homicidios <b>Florencia D\u00edaz Peralta<\/b> imput\u00f3 formalmente a <b>Cristian Gonzalo Fragapane G\u00f3mez<\/b>, padrastro del menor, por<b> <\/b>tentativa de homicidio calificado por alevos\u00eda, lo que podr\u00eda derivar en una pena m\u00e1xima de 15 a\u00f1os de prisi\u00f3n. La causa penal se inici\u00f3 luego de que el equipo m\u00e9dico detect\u00f3 indicios claros de maltrato infantil en un cuadro de s\u00edndrome de zamarreo. <\/p>\n<p><img loading=\"lazy\" decoding=\"async\" src=\"https:\/\/lobosnews.com.ar\/wp-content\/uploads\/2026\/04\/un-bebe-esta-internado-en-estado-critico-tras-ser-violentado-durante-meses-y-detuvieron-a-su-padrastro-2.jpg\" alt=\"Hospital Pedi\u00e1trico Dr. Humberto Notti donde fue internado de urgencia la v\u00edctima de 1 a\u00f1o (Google Maps)\" height=\"892\" width=\"1298\"\/><\/p>\n<p>El <b>s\u00edndrome de zamarreo <\/b>implica graves riesgos para la vida de los ni\u00f1os peque\u00f1os, ya que la fragilidad de sus estructuras \u00f3seas y musculares los hace especialmente vulnerables a secuelas neurol\u00f3gicas permanentes. Las autoridades m\u00e9dicas se\u00f1alan que este tipo de lesiones <b>no son accidentes dom\u00e9sticos habituales <\/b>ni se relacionan con patolog\u00edas como la epilepsia, ya que presentan un patr\u00f3n caracter\u00edstico y repetitivo.<\/p>\n<p>Los padres del ni\u00f1o est\u00e1n separados y la custodia habitual reca\u00eda sobre la madre, quien conviv\u00eda con el imputado. En la causa intervienen el <b>Equipo T\u00e9cnico Interdisciplinario <\/b>(ETI) y el <b>Programa Provincial de Maltrato Infantil <\/b>(PPMI), encargados del monitoreo y resguardo de la integridad de los menores involucrados.<\/p>\n<p>La causa cuenta con el respaldo de<b> informes m\u00e9dicos, testimonios de familiares y dict\u00e1menes de los equipos de intervenci\u00f3n<\/b>, elementos que sostienen la hip\u00f3tesis de violencia familiar sostenida. El caso ha generado preocupaci\u00f3n en el \u00e1mbito sanitario y judicial de Mendoza, donde se busca garantizar la restituci\u00f3n de derechos y el acceso a la justicia de las v\u00edctimas m\u00e1s vulnerables.<\/p>\n<p>Adem\u00e1s, se expuso falencias en la actuaci\u00f3n de las autoridades, ya que <b>el padre biol\u00f3gico del ni\u00f1o hab\u00eda realizado denuncias previas<\/b> contra la madre y su pareja por presuntos episodios de maltrato. A pesar de estos antecedentes y de los se\u00f1alamientos formales,<b> no se implementaron medidas<\/b> de protecci\u00f3n efectivas para resguardar la integridad del menor. La falta de respuesta oportuna por parte de los organismos permiti\u00f3 la continuidad de una situaci\u00f3n de violencia que deriv\u00f3 en el estado cr\u00edtico del ni\u00f1o.<\/p>\n","protected":false},"excerpt":{"rendered":"<p>La Justicia de Mendoza dispuso la detenci\u00f3n de Cristian Gonzalo Fragapane G\u00f3mez, padrastro de un ni\u00f1o de 1 a\u00f1o y 9 meses que fue internado en estado cr\u00edtico, por tentativa de homicidio calificado por alevos\u00eda. La decisi\u00f3n judicial surgi\u00f3 despu\u00e9s de que el equipo m\u00e9dico detecte lesiones cerebrales compatibles con el s\u00edndrome de zamarreo, un&#8230;<\/p>\n","protected":false},"author":1,"featured_media":44714,"comment_status":"open","ping_status":"closed","sticky":false,"template":"","format":"standard","meta":{"_jetpack_memberships_contains_paid_content":false,"footnotes":""},"categories":[31,30,32,77,84,35,36,37],"tags":[],"class_list":["post-44709","post","type-post","status-publish","format-standard","has-post-thumbnail","hentry","category-actualidad","category-argentina","category-economia","category-inseguridad","category-masradios-com","category-nacionales","category-seguridad","category-sociedad"],"magazineBlocksPostFeaturedMedia":{"thumbnail":"https:\/\/lobosnews.com.ar\/wp-content\/uploads\/2026\/04\/un-bebe-esta-internado-en-estado-critico-tras-ser-violentado-durante-meses-y-detuvieron-a-su-padrastro-4-150x150.jpg","medium":"https:\/\/lobosnews.com.ar\/wp-content\/uploads\/2026\/04\/un-bebe-esta-internado-en-estado-critico-tras-ser-violentado-durante-meses-y-detuvieron-a-su-padrastro-4-300x206.jpg","medium_large":"https:\/\/lobosnews.com.ar\/wp-content\/uploads\/2026\/04\/un-bebe-esta-internado-en-estado-critico-tras-ser-violentado-durante-meses-y-detuvieron-a-su-padrastro-4-768x528.jpg","large":"https:\/\/lobosnews.com.ar\/wp-content\/uploads\/2026\/04\/un-bebe-esta-internado-en-estado-critico-tras-ser-violentado-durante-meses-y-detuvieron-a-su-padrastro-4-1024x704.jpg","1536x1536":"https:\/\/lobosnews.com.ar\/wp-content\/uploads\/2026\/04\/un-bebe-esta-internado-en-estado-critico-tras-ser-violentado-durante-meses-y-detuvieron-a-su-padrastro-4.jpg","2048x2048":"https:\/\/lobosnews.com.ar\/wp-content\/uploads\/2026\/04\/un-bebe-esta-internado-en-estado-critico-tras-ser-violentado-durante-meses-y-detuvieron-a-su-padrastro-4.jpg","newsmatic-featured":"https:\/\/lobosnews.com.ar\/wp-content\/uploads\/2026\/04\/un-bebe-esta-internado-en-estado-critico-tras-ser-violentado-durante-meses-y-detuvieron-a-su-padrastro-4-820x545.jpg","newsmatic-list":"https:\/\/lobosnews.com.ar\/wp-content\/uploads\/2026\/04\/un-bebe-esta-internado-en-estado-critico-tras-ser-violentado-durante-meses-y-detuvieron-a-su-padrastro-4-600x400.jpg","newsmatic-thumb":"https:\/\/lobosnews.com.ar\/wp-content\/uploads\/2026\/04\/un-bebe-esta-internado-en-estado-critico-tras-ser-violentado-durante-meses-y-detuvieron-a-su-padrastro-4-300x200.jpg","newsmatic-small":"https:\/\/lobosnews.com.ar\/wp-content\/uploads\/2026\/04\/un-bebe-esta-internado-en-estado-critico-tras-ser-violentado-durante-meses-y-detuvieron-a-su-padrastro-4-150x95.jpg","newsmatic-grid":"https:\/\/lobosnews.com.ar\/wp-content\/uploads\/2026\/04\/un-bebe-esta-internado-en-estado-critico-tras-ser-violentado-durante-meses-y-detuvieron-a-su-padrastro-4-400x250.jpg"},"magazineBlocksPostAuthor":{"name":"admin","avatar":"https:\/\/secure.gravatar.com\/avatar\/76e419471a2083bc3ceab22a763dbbf9b0c1bd15a6214cf3280e2c2dde4580f9?s=96&d=mm&r=g"},"magazineBlocksPostCommentsNumber":"0","magazineBlocksPostExcerpt":"La Justicia de Mendoza dispuso la detenci\u00f3n de Cristian Gonzalo Fragapane G\u00f3mez, padrastro de un ni\u00f1o de 1 a\u00f1o y 9 meses que fue internado en estado cr\u00edtico, por tentativa de homicidio calificado por alevos\u00eda. La decisi\u00f3n judicial surgi\u00f3 despu\u00e9s de que el equipo m\u00e9dico detecte lesiones cerebrales compatibles con el s\u00edndrome de zamarreo, un...","magazineBlocksPostCategories":["Actualidad","Argentina","econom\u00eda","inseguridad","masradios.com","nacionales","seguridad","sociedad"],"magazineBlocksPostViewCount":15,"magazineBlocksPostReadTime":4,"magazine_blocks_featured_image_url":{"full":["https:\/\/lobosnews.com.ar\/wp-content\/uploads\/2026\/04\/un-bebe-esta-internado-en-estado-critico-tras-ser-violentado-durante-meses-y-detuvieron-a-su-padrastro-4.jpg",1298,892,false],"medium":["https:\/\/lobosnews.com.ar\/wp-content\/uploads\/2026\/04\/un-bebe-esta-internado-en-estado-critico-tras-ser-violentado-durante-meses-y-detuvieron-a-su-padrastro-4-300x206.jpg",300,206,true],"thumbnail":["https:\/\/lobosnews.com.ar\/wp-content\/uploads\/2026\/04\/un-bebe-esta-internado-en-estado-critico-tras-ser-violentado-durante-meses-y-detuvieron-a-su-padrastro-4-150x150.jpg",150,150,true]},"magazine_blocks_author":{"display_name":"admin","author_link":"https:\/\/lobosnews.com.ar\/index.php\/author\/lobos-news\/"},"magazine_blocks_comment":0,"magazine_blocks_author_image":"https:\/\/secure.gravatar.com\/avatar\/76e419471a2083bc3ceab22a763dbbf9b0c1bd15a6214cf3280e2c2dde4580f9?s=96&d=mm&r=g","magazine_blocks_category":"<a href=\"#\" class=\"category-link category-link-31\">Actualidad<\/a> <a href=\"#\" class=\"category-link category-link-30\">Argentina<\/a> <a href=\"#\" class=\"category-link category-link-32\">econom\u00eda<\/a> <a href=\"#\" class=\"category-link category-link-77\">inseguridad<\/a> <a href=\"#\" class=\"category-link category-link-84\">masradios.com<\/a> <a href=\"#\" class=\"category-link category-link-35\">nacionales<\/a> <a href=\"#\" class=\"category-link category-link-36\">seguridad<\/a> <a href=\"#\" class=\"category-link category-link-37\">sociedad<\/a>","yoast_head":"<!-- This site is optimized with the Yoast SEO plugin v26.6 - https:\/\/yoast.com\/wordpress\/plugins\/seo\/ -->\n<title>Un beb\u00e9 est\u00e1 internado en estado cr\u00edtico tras ser violentado durante meses y detuvieron a su padrastro - Lobos News<\/title>\n<meta name=\"robots\" content=\"index, follow, max-snippet:-1, max-image-preview:large, max-video-preview:-1\" \/>\n<link rel=\"canonical\" href=\"https:\/\/lobosnews.com.ar\/index.php\/2026\/04\/24\/un-bebe-esta-internado-en-estado-critico-tras-ser-violentado-durante-meses-y-detuvieron-a-su-padrastro\/\" \/>\n<meta property=\"og:locale\" content=\"es_ES\" \/>\n<meta property=\"og:type\" content=\"article\" \/>\n<meta property=\"og:title\" content=\"Un beb\u00e9 est\u00e1 internado en estado cr\u00edtico tras ser violentado durante meses y detuvieron a su padrastro - Lobos News\" \/>\n<meta property=\"og:description\" content=\"La Justicia de Mendoza dispuso la detenci\u00f3n de Cristian Gonzalo Fragapane G\u00f3mez, padrastro de un ni\u00f1o de 1 a\u00f1o y 9 meses que fue internado en estado cr\u00edtico, por tentativa de homicidio calificado por alevos\u00eda. La decisi\u00f3n judicial surgi\u00f3 despu\u00e9s de que el equipo m\u00e9dico detecte lesiones cerebrales compatibles con el s\u00edndrome de zamarreo, un...\" \/>\n<meta property=\"og:url\" content=\"https:\/\/lobosnews.com.ar\/index.php\/2026\/04\/24\/un-bebe-esta-internado-en-estado-critico-tras-ser-violentado-durante-meses-y-detuvieron-a-su-padrastro\/\" \/>\n<meta property=\"og:site_name\" content=\"Lobos News\" \/>\n<meta property=\"article:published_time\" content=\"2026-04-24T08:34:38+00:00\" \/>\n<meta property=\"article:modified_time\" content=\"2026-04-24T14:43:19+00:00\" \/>\n<meta property=\"og:image\" content=\"https:\/\/lobosnews.com.ar\/wp-content\/uploads\/2026\/04\/un-bebe-esta-internado-en-estado-critico-tras-ser-violentado-durante-meses-y-detuvieron-a-su-padrastro.jpg\" \/>\n<meta name=\"author\" content=\"admin\" \/>\n<meta name=\"twitter:card\" content=\"summary_large_image\" \/>\n<meta name=\"twitter:label1\" content=\"Escrito por\" \/>\n\t<meta name=\"twitter:data1\" content=\"admin\" \/>\n\t<meta name=\"twitter:label2\" content=\"Tiempo de lectura\" \/>\n\t<meta name=\"twitter:data2\" content=\"3 minutos\" \/>\n<script type=\"application\/ld+json\" class=\"yoast-schema-graph\">{\"@context\":\"https:\/\/schema.org\",\"@graph\":[{\"@type\":\"Article\",\"@id\":\"https:\/\/lobosnews.com.ar\/index.php\/2026\/04\/24\/un-bebe-esta-internado-en-estado-critico-tras-ser-violentado-durante-meses-y-detuvieron-a-su-padrastro\/#article\",\"isPartOf\":{\"@id\":\"https:\/\/lobosnews.com.ar\/index.php\/2026\/04\/24\/un-bebe-esta-internado-en-estado-critico-tras-ser-violentado-durante-meses-y-detuvieron-a-su-padrastro\/\"},\"author\":{\"name\":\"admin\",\"@id\":\"https:\/\/lobosnews.com.ar\/#\/schema\/person\/232422a593d5c541dd9aef6aaed10943\"},\"headline\":\"Un beb\u00e9 est\u00e1 internado en estado cr\u00edtico tras ser violentado durante meses y detuvieron a su padrastro\",\"datePublished\":\"2026-04-24T08:34:38+00:00\",\"dateModified\":\"2026-04-24T14:43:19+00:00\",\"mainEntityOfPage\":{\"@id\":\"https:\/\/lobosnews.com.ar\/index.php\/2026\/04\/24\/un-bebe-esta-internado-en-estado-critico-tras-ser-violentado-durante-meses-y-detuvieron-a-su-padrastro\/\"},\"wordCount\":699,\"commentCount\":0,\"publisher\":{\"@id\":\"https:\/\/lobosnews.com.ar\/#organization\"},\"image\":{\"@id\":\"https:\/\/lobosnews.com.ar\/index.php\/2026\/04\/24\/un-bebe-esta-internado-en-estado-critico-tras-ser-violentado-durante-meses-y-detuvieron-a-su-padrastro\/#primaryimage\"},\"thumbnailUrl\":\"https:\/\/lobosnews.com.ar\/wp-content\/uploads\/2026\/04\/un-bebe-esta-internado-en-estado-critico-tras-ser-violentado-durante-meses-y-detuvieron-a-su-padrastro-4.jpg\",\"articleSection\":[\"Actualidad\",\"Argentina\",\"econom\u00eda\",\"inseguridad\",\"masradios.com\",\"nacionales\",\"seguridad\",\"sociedad\"],\"inLanguage\":\"es\",\"potentialAction\":[{\"@type\":\"CommentAction\",\"name\":\"Comment\",\"target\":[\"https:\/\/lobosnews.com.ar\/index.php\/2026\/04\/24\/un-bebe-esta-internado-en-estado-critico-tras-ser-violentado-durante-meses-y-detuvieron-a-su-padrastro\/#respond\"]}]},{\"@type\":\"WebPage\",\"@id\":\"https:\/\/lobosnews.com.ar\/index.php\/2026\/04\/24\/un-bebe-esta-internado-en-estado-critico-tras-ser-violentado-durante-meses-y-detuvieron-a-su-padrastro\/\",\"url\":\"https:\/\/lobosnews.com.ar\/index.php\/2026\/04\/24\/un-bebe-esta-internado-en-estado-critico-tras-ser-violentado-durante-meses-y-detuvieron-a-su-padrastro\/\",\"name\":\"Un beb\u00e9 est\u00e1 internado en estado cr\u00edtico tras ser violentado durante meses y detuvieron a su padrastro - Lobos News\",\"isPartOf\":{\"@id\":\"https:\/\/lobosnews.com.ar\/#website\"},\"primaryImageOfPage\":{\"@id\":\"https:\/\/lobosnews.com.ar\/index.php\/2026\/04\/24\/un-bebe-esta-internado-en-estado-critico-tras-ser-violentado-durante-meses-y-detuvieron-a-su-padrastro\/#primaryimage\"},\"image\":{\"@id\":\"https:\/\/lobosnews.com.ar\/index.php\/2026\/04\/24\/un-bebe-esta-internado-en-estado-critico-tras-ser-violentado-durante-meses-y-detuvieron-a-su-padrastro\/#primaryimage\"},\"thumbnailUrl\":\"https:\/\/lobosnews.com.ar\/wp-content\/uploads\/2026\/04\/un-bebe-esta-internado-en-estado-critico-tras-ser-violentado-durante-meses-y-detuvieron-a-su-padrastro-4.jpg\",\"datePublished\":\"2026-04-24T08:34:38+00:00\",\"dateModified\":\"2026-04-24T14:43:19+00:00\",\"breadcrumb\":{\"@id\":\"https:\/\/lobosnews.com.ar\/index.php\/2026\/04\/24\/un-bebe-esta-internado-en-estado-critico-tras-ser-violentado-durante-meses-y-detuvieron-a-su-padrastro\/#breadcrumb\"},\"inLanguage\":\"es\",\"potentialAction\":[{\"@type\":\"ReadAction\",\"target\":[\"https:\/\/lobosnews.com.ar\/index.php\/2026\/04\/24\/un-bebe-esta-internado-en-estado-critico-tras-ser-violentado-durante-meses-y-detuvieron-a-su-padrastro\/\"]}]},{\"@type\":\"ImageObject\",\"inLanguage\":\"es\",\"@id\":\"https:\/\/lobosnews.com.ar\/index.php\/2026\/04\/24\/un-bebe-esta-internado-en-estado-critico-tras-ser-violentado-durante-meses-y-detuvieron-a-su-padrastro\/#primaryimage\",\"url\":\"https:\/\/lobosnews.com.ar\/wp-content\/uploads\/2026\/04\/un-bebe-esta-internado-en-estado-critico-tras-ser-violentado-durante-meses-y-detuvieron-a-su-padrastro-4.jpg\",\"contentUrl\":\"https:\/\/lobosnews.com.ar\/wp-content\/uploads\/2026\/04\/un-bebe-esta-internado-en-estado-critico-tras-ser-violentado-durante-meses-y-detuvieron-a-su-padrastro-4.jpg\",\"width\":1298,\"height\":892,\"caption\":\"Un beb\u00e9 est\u00e1 internado en estado cr\u00edtico tras ser violentado durante meses y detuvieron a su padrastro\"},{\"@type\":\"BreadcrumbList\",\"@id\":\"https:\/\/lobosnews.com.ar\/index.php\/2026\/04\/24\/un-bebe-esta-internado-en-estado-critico-tras-ser-violentado-durante-meses-y-detuvieron-a-su-padrastro\/#breadcrumb\",\"itemListElement\":[{\"@type\":\"ListItem\",\"position\":1,\"name\":\"Portada\",\"item\":\"https:\/\/lobosnews.com.ar\/\"},{\"@type\":\"ListItem\",\"position\":2,\"name\":\"Un beb\u00e9 est\u00e1 internado en estado cr\u00edtico tras ser violentado durante meses y detuvieron a su padrastro\"}]},{\"@type\":\"WebSite\",\"@id\":\"https:\/\/lobosnews.com.ar\/#website\",\"url\":\"https:\/\/lobosnews.com.ar\/\",\"name\":\"Lobos News\",\"description\":\"Informaci\u00f3n a cada instante\",\"publisher\":{\"@id\":\"https:\/\/lobosnews.com.ar\/#organization\"},\"potentialAction\":[{\"@type\":\"SearchAction\",\"target\":{\"@type\":\"EntryPoint\",\"urlTemplate\":\"https:\/\/lobosnews.com.ar\/?s={search_term_string}\"},\"query-input\":{\"@type\":\"PropertyValueSpecification\",\"valueRequired\":true,\"valueName\":\"search_term_string\"}}],\"inLanguage\":\"es\"},{\"@type\":\"Organization\",\"@id\":\"https:\/\/lobosnews.com.ar\/#organization\",\"name\":\"Lobos News\",\"url\":\"https:\/\/lobosnews.com.ar\/\",\"logo\":{\"@type\":\"ImageObject\",\"inLanguage\":\"es\",\"@id\":\"https:\/\/lobosnews.com.ar\/#\/schema\/logo\/image\/\",\"url\":\"https:\/\/lobosnews.com.ar\/wp-content\/uploads\/2026\/01\/logo-lobosnews.png\",\"contentUrl\":\"https:\/\/lobosnews.com.ar\/wp-content\/uploads\/2026\/01\/logo-lobosnews.png\",\"width\":500,\"height\":200,\"caption\":\"Lobos News\"},\"image\":{\"@id\":\"https:\/\/lobosnews.com.ar\/#\/schema\/logo\/image\/\"}},{\"@type\":\"Person\",\"@id\":\"https:\/\/lobosnews.com.ar\/#\/schema\/person\/232422a593d5c541dd9aef6aaed10943\",\"name\":\"admin\",\"image\":{\"@type\":\"ImageObject\",\"inLanguage\":\"es\",\"@id\":\"https:\/\/lobosnews.com.ar\/#\/schema\/person\/image\/\",\"url\":\"https:\/\/secure.gravatar.com\/avatar\/76e419471a2083bc3ceab22a763dbbf9b0c1bd15a6214cf3280e2c2dde4580f9?s=96&d=mm&r=g\",\"contentUrl\":\"https:\/\/secure.gravatar.com\/avatar\/76e419471a2083bc3ceab22a763dbbf9b0c1bd15a6214cf3280e2c2dde4580f9?s=96&d=mm&r=g\",\"caption\":\"admin\"},\"sameAs\":[\"https:\/\/lobosnews.com.ar\"],\"url\":\"https:\/\/lobosnews.com.ar\/index.php\/author\/lobos-news\/\"}]}<\/script>\n<!-- \/ Yoast SEO plugin. -->","yoast_head_json":{"title":"Un beb\u00e9 est\u00e1 internado en estado cr\u00edtico tras ser violentado durante meses y detuvieron a su padrastro - Lobos News","robots":{"index":"index","follow":"follow","max-snippet":"max-snippet:-1","max-image-preview":"max-image-preview:large","max-video-preview":"max-video-preview:-1"},"canonical":"https:\/\/lobosnews.com.ar\/index.php\/2026\/04\/24\/un-bebe-esta-internado-en-estado-critico-tras-ser-violentado-durante-meses-y-detuvieron-a-su-padrastro\/","og_locale":"es_ES","og_type":"article","og_title":"Un beb\u00e9 est\u00e1 internado en estado cr\u00edtico tras ser violentado durante meses y detuvieron a su padrastro - Lobos News","og_description":"La Justicia de Mendoza dispuso la detenci\u00f3n de Cristian Gonzalo Fragapane G\u00f3mez, padrastro de un ni\u00f1o de 1 a\u00f1o y 9 meses que fue internado en estado cr\u00edtico, por tentativa de homicidio calificado por alevos\u00eda. La decisi\u00f3n judicial surgi\u00f3 despu\u00e9s de que el equipo m\u00e9dico detecte lesiones cerebrales compatibles con el s\u00edndrome de zamarreo, un...","og_url":"https:\/\/lobosnews.com.ar\/index.php\/2026\/04\/24\/un-bebe-esta-internado-en-estado-critico-tras-ser-violentado-durante-meses-y-detuvieron-a-su-padrastro\/","og_site_name":"Lobos News","article_published_time":"2026-04-24T08:34:38+00:00","article_modified_time":"2026-04-24T14:43:19+00:00","og_image":[{"url":"https:\/\/lobosnews.com.ar\/wp-content\/uploads\/2026\/04\/un-bebe-esta-internado-en-estado-critico-tras-ser-violentado-durante-meses-y-detuvieron-a-su-padrastro.jpg","type":"","width":"","height":""}],"author":"admin","twitter_card":"summary_large_image","twitter_misc":{"Escrito por":"admin","Tiempo de lectura":"3 minutos"},"schema":{"@context":"https:\/\/schema.org","@graph":[{"@type":"Article","@id":"https:\/\/lobosnews.com.ar\/index.php\/2026\/04\/24\/un-bebe-esta-internado-en-estado-critico-tras-ser-violentado-durante-meses-y-detuvieron-a-su-padrastro\/#article","isPartOf":{"@id":"https:\/\/lobosnews.com.ar\/index.php\/2026\/04\/24\/un-bebe-esta-internado-en-estado-critico-tras-ser-violentado-durante-meses-y-detuvieron-a-su-padrastro\/"},"author":{"name":"admin","@id":"https:\/\/lobosnews.com.ar\/#\/schema\/person\/232422a593d5c541dd9aef6aaed10943"},"headline":"Un beb\u00e9 est\u00e1 internado en estado cr\u00edtico tras ser violentado durante meses y detuvieron a su padrastro","datePublished":"2026-04-24T08:34:38+00:00","dateModified":"2026-04-24T14:43:19+00:00","mainEntityOfPage":{"@id":"https:\/\/lobosnews.com.ar\/index.php\/2026\/04\/24\/un-bebe-esta-internado-en-estado-critico-tras-ser-violentado-durante-meses-y-detuvieron-a-su-padrastro\/"},"wordCount":699,"commentCount":0,"publisher":{"@id":"https:\/\/lobosnews.com.ar\/#organization"},"image":{"@id":"https:\/\/lobosnews.com.ar\/index.php\/2026\/04\/24\/un-bebe-esta-internado-en-estado-critico-tras-ser-violentado-durante-meses-y-detuvieron-a-su-padrastro\/#primaryimage"},"thumbnailUrl":"https:\/\/lobosnews.com.ar\/wp-content\/uploads\/2026\/04\/un-bebe-esta-internado-en-estado-critico-tras-ser-violentado-durante-meses-y-detuvieron-a-su-padrastro-4.jpg","articleSection":["Actualidad","Argentina","econom\u00eda","inseguridad","masradios.com","nacionales","seguridad","sociedad"],"inLanguage":"es","potentialAction":[{"@type":"CommentAction","name":"Comment","target":["https:\/\/lobosnews.com.ar\/index.php\/2026\/04\/24\/un-bebe-esta-internado-en-estado-critico-tras-ser-violentado-durante-meses-y-detuvieron-a-su-padrastro\/#respond"]}]},{"@type":"WebPage","@id":"https:\/\/lobosnews.com.ar\/index.php\/2026\/04\/24\/un-bebe-esta-internado-en-estado-critico-tras-ser-violentado-durante-meses-y-detuvieron-a-su-padrastro\/","url":"https:\/\/lobosnews.com.ar\/index.php\/2026\/04\/24\/un-bebe-esta-internado-en-estado-critico-tras-ser-violentado-durante-meses-y-detuvieron-a-su-padrastro\/","name":"Un beb\u00e9 est\u00e1 internado en estado cr\u00edtico tras ser violentado durante meses y detuvieron a su padrastro - Lobos News","isPartOf":{"@id":"https:\/\/lobosnews.com.ar\/#website"},"primaryImageOfPage":{"@id":"https:\/\/lobosnews.com.ar\/index.php\/2026\/04\/24\/un-bebe-esta-internado-en-estado-critico-tras-ser-violentado-durante-meses-y-detuvieron-a-su-padrastro\/#primaryimage"},"image":{"@id":"https:\/\/lobosnews.com.ar\/index.php\/2026\/04\/24\/un-bebe-esta-internado-en-estado-critico-tras-ser-violentado-durante-meses-y-detuvieron-a-su-padrastro\/#primaryimage"},"thumbnailUrl":"https:\/\/lobosnews.com.ar\/wp-content\/uploads\/2026\/04\/un-bebe-esta-internado-en-estado-critico-tras-ser-violentado-durante-meses-y-detuvieron-a-su-padrastro-4.jpg","datePublished":"2026-04-24T08:34:38+00:00","dateModified":"2026-04-24T14:43:19+00:00","breadcrumb":{"@id":"https:\/\/lobosnews.com.ar\/index.php\/2026\/04\/24\/un-bebe-esta-internado-en-estado-critico-tras-ser-violentado-durante-meses-y-detuvieron-a-su-padrastro\/#breadcrumb"},"inLanguage":"es","potentialAction":[{"@type":"ReadAction","target":["https:\/\/lobosnews.com.ar\/index.php\/2026\/04\/24\/un-bebe-esta-internado-en-estado-critico-tras-ser-violentado-durante-meses-y-detuvieron-a-su-padrastro\/"]}]},{"@type":"ImageObject","inLanguage":"es","@id":"https:\/\/lobosnews.com.ar\/index.php\/2026\/04\/24\/un-bebe-esta-internado-en-estado-critico-tras-ser-violentado-durante-meses-y-detuvieron-a-su-padrastro\/#primaryimage","url":"https:\/\/lobosnews.com.ar\/wp-content\/uploads\/2026\/04\/un-bebe-esta-internado-en-estado-critico-tras-ser-violentado-durante-meses-y-detuvieron-a-su-padrastro-4.jpg","contentUrl":"https:\/\/lobosnews.com.ar\/wp-content\/uploads\/2026\/04\/un-bebe-esta-internado-en-estado-critico-tras-ser-violentado-durante-meses-y-detuvieron-a-su-padrastro-4.jpg","width":1298,"height":892,"caption":"Un beb\u00e9 est\u00e1 internado en estado cr\u00edtico tras ser violentado durante meses y detuvieron a su padrastro"},{"@type":"BreadcrumbList","@id":"https:\/\/lobosnews.com.ar\/index.php\/2026\/04\/24\/un-bebe-esta-internado-en-estado-critico-tras-ser-violentado-durante-meses-y-detuvieron-a-su-padrastro\/#breadcrumb","itemListElement":[{"@type":"ListItem","position":1,"name":"Portada","item":"https:\/\/lobosnews.com.ar\/"},{"@type":"ListItem","position":2,"name":"Un beb\u00e9 est\u00e1 internado en estado cr\u00edtico tras ser violentado durante meses y detuvieron a su padrastro"}]},{"@type":"WebSite","@id":"https:\/\/lobosnews.com.ar\/#website","url":"https:\/\/lobosnews.com.ar\/","name":"Lobos News","description":"Informaci\u00f3n a cada instante","publisher":{"@id":"https:\/\/lobosnews.com.ar\/#organization"},"potentialAction":[{"@type":"SearchAction","target":{"@type":"EntryPoint","urlTemplate":"https:\/\/lobosnews.com.ar\/?s={search_term_string}"},"query-input":{"@type":"PropertyValueSpecification","valueRequired":true,"valueName":"search_term_string"}}],"inLanguage":"es"},{"@type":"Organization","@id":"https:\/\/lobosnews.com.ar\/#organization","name":"Lobos News","url":"https:\/\/lobosnews.com.ar\/","logo":{"@type":"ImageObject","inLanguage":"es","@id":"https:\/\/lobosnews.com.ar\/#\/schema\/logo\/image\/","url":"https:\/\/lobosnews.com.ar\/wp-content\/uploads\/2026\/01\/logo-lobosnews.png","contentUrl":"https:\/\/lobosnews.com.ar\/wp-content\/uploads\/2026\/01\/logo-lobosnews.png","width":500,"height":200,"caption":"Lobos News"},"image":{"@id":"https:\/\/lobosnews.com.ar\/#\/schema\/logo\/image\/"}},{"@type":"Person","@id":"https:\/\/lobosnews.com.ar\/#\/schema\/person\/232422a593d5c541dd9aef6aaed10943","name":"admin","image":{"@type":"ImageObject","inLanguage":"es","@id":"https:\/\/lobosnews.com.ar\/#\/schema\/person\/image\/","url":"https:\/\/secure.gravatar.com\/avatar\/76e419471a2083bc3ceab22a763dbbf9b0c1bd15a6214cf3280e2c2dde4580f9?s=96&d=mm&r=g","contentUrl":"https:\/\/secure.gravatar.com\/avatar\/76e419471a2083bc3ceab22a763dbbf9b0c1bd15a6214cf3280e2c2dde4580f9?s=96&d=mm&r=g","caption":"admin"},"sameAs":["https:\/\/lobosnews.com.ar"],"url":"https:\/\/lobosnews.com.ar\/index.php\/author\/lobos-news\/"}]}},"jetpack_featured_media_url":"https:\/\/lobosnews.com.ar\/wp-content\/uploads\/2026\/04\/un-bebe-esta-internado-en-estado-critico-tras-ser-violentado-durante-meses-y-detuvieron-a-su-padrastro-4.jpg","jetpack_sharing_enabled":true,"_links":{"self":[{"href":"https:\/\/lobosnews.com.ar\/index.php\/wp-json\/wp\/v2\/posts\/44709","targetHints":{"allow":["GET"]}}],"collection":[{"href":"https:\/\/lobosnews.com.ar\/index.php\/wp-json\/wp\/v2\/posts"}],"about":[{"href":"https:\/\/lobosnews.com.ar\/index.php\/wp-json\/wp\/v2\/types\/post"}],"author":[{"embeddable":true,"href":"https:\/\/lobosnews.com.ar\/index.php\/wp-json\/wp\/v2\/users\/1"}],"replies":[{"embeddable":true,"href":"https:\/\/lobosnews.com.ar\/index.php\/wp-json\/wp\/v2\/comments?post=44709"}],"version-history":[{"count":1,"href":"https:\/\/lobosnews.com.ar\/index.php\/wp-json\/wp\/v2\/posts\/44709\/revisions"}],"predecessor-version":[{"id":44713,"href":"https:\/\/lobosnews.com.ar\/index.php\/wp-json\/wp\/v2\/posts\/44709\/revisions\/44713"}],"wp:featuredmedia":[{"embeddable":true,"href":"https:\/\/lobosnews.com.ar\/index.php\/wp-json\/wp\/v2\/media\/44714"}],"wp:attachment":[{"href":"https:\/\/lobosnews.com.ar\/index.php\/wp-json\/wp\/v2\/media?parent=44709"}],"wp:term":[{"taxonomy":"category","embeddable":true,"href":"https:\/\/lobosnews.com.ar\/index.php\/wp-json\/wp\/v2\/categories?post=44709"},{"taxonomy":"post_tag","embeddable":true,"href":"https:\/\/lobosnews.com.ar\/index.php\/wp-json\/wp\/v2\/tags?post=44709"}],"curies":[{"name":"wp","href":"https:\/\/api.w.org\/{rel}","templated":true}]}}