{"id":44656,"date":"2026-04-24T09:00:01","date_gmt":"2026-04-24T09:00:01","guid":{"rendered":"https:\/\/lobosnews.com.ar\/index.php\/2026\/04\/24\/por-que-la-estatura-disminuye-con-los-anos-y-cuando-puede-indicar-un-problema-de-salud\/"},"modified":"2026-04-24T14:40:18","modified_gmt":"2026-04-24T14:40:18","slug":"por-que-la-estatura-disminuye-con-los-anos-y-cuando-puede-indicar-un-problema-de-salud","status":"publish","type":"post","link":"https:\/\/lobosnews.com.ar\/index.php\/2026\/04\/24\/por-que-la-estatura-disminuye-con-los-anos-y-cuando-puede-indicar-un-problema-de-salud\/","title":{"rendered":"Por qu\u00e9 la estatura disminuye con los a\u00f1os y cu\u00e1ndo puede indicar un problema de salud"},"content":{"rendered":"<p><img loading=\"lazy\" decoding=\"async\" src=\"https:\/\/lobosnews.com.ar\/wp-content\/uploads\/2026\/04\/por-que-la-estatura-disminuye-con-los-anos-y-cuando-puede-indicar-un-problema-de-salud.jpg\" alt=\"La disminuci\u00f3n de estatura con la edad puede indicar desgaste \u00f3seo y muscular, as\u00ed como posibles problemas de osteoporosis (Imagen Ilustrativa Infobae)\" height=\"768\" width=\"1408\"\/><\/p>\n<p>El paso del tiempo deja huellas visibles en el cuerpo, y una de las m\u00e1s sorprendentes es la p\u00e9rdida de estatura. <b>A medida que envejecemos, la reducci\u00f3n de altura <\/b>no solo es una se\u00f1al del desgaste natural de huesos y m\u00fasculos, sino que tambi\u00e9n <b>puede alertar sobre problemas subyacentes como la <\/b><span class=\"waslinkname\"><b>osteoporosis<\/b><\/span><b> o una mayor fragilidad \u00f3sea<\/b>, advierte la <b>Cleveland Clinic<\/b>, referente internacional en salud. <\/p>\n<p>Este fen\u00f3meno, aunque frecuente, exige atenci\u00f3n y vigilancia m\u00e9dica para diferenciar el envejecimiento saludable de posibles afecciones que comprometen la calidad de vida.<\/p>\n<p>Durante la vida adulta, las personas suelen experimentar una p\u00e9rdida de entre 1,27 y 2,54 cent\u00edmetros de altura, producto de cambios graduales en los huesos, m\u00fasculos y articulaciones. <b>Una reducci\u00f3n mayor a dos cent\u00edmetros, o una p\u00e9rdida acelerada en un corto per\u00edodo<\/b>, puede se\u00f1alar la presencia de una enfermedad que requiere evaluaci\u00f3n m\u00e9dica, de acuerdo con la Cleveland Clinic.<\/p>\n<p><b>El motivo principal de este fen\u00f3meno radica en el desgaste progresivo de la <\/b><span class=\"waslinkname\"><b>columna vertebral<\/b><\/span>. Con la edad, las v\u00e9rtebras tienden a adelgazar y los discos intervertebrales \u2014estructuras que funcionan como amortiguadores entre los huesos de la columna\u2014 pierden altura y elasticidad, lo que contribuye a la reducci\u00f3n global de estatura. Adem\u00e1s, <b>el desgaste de las articulaciones y la p\u00e9rdida de masa muscular afectan la postura y la estabilidad, factores que inciden en la percepci\u00f3n de menor talla.<\/b><\/p>\n<h2>Por qu\u00e9 se produce la p\u00e9rdida de estatura con el envejecimiento<\/h2>\n<p>El proceso natural de envejecimiento implica una disminuci\u00f3n de la densidad mineral \u00f3sea, lo que debilita los huesos y aumenta el riesgo de fracturas por compresi\u00f3n, especialmente en la columna vertebral. <\/p>\n<p><img loading=\"lazy\" decoding=\"async\" src=\"https:\/\/lobosnews.com.ar\/wp-content\/uploads\/2026\/04\/por-que-la-estatura-disminuye-con-los-anos-y-cuando-puede-indicar-un-problema-de-salud-1.jpg\" alt=\"El desgaste de la columna vertebral y los discos intervertebrales es la principal causa de p\u00e9rdida de estatura en personas mayores (Imagen Ilustrativa Infobae)\" height=\"798\" width=\"1599\"\/><\/p>\n<p><b>Estas fracturas pueden acortar la longitud de la columna y reducir la estatura<\/b>. El adelgazamiento y aplanamiento de los discos intervertebrales, sumado a la p\u00e9rdida de fuerza en los m\u00fasculos del tronco y la espalda, modifica la alineaci\u00f3n corporal y puede acentuar la apariencia de menor estatura.<\/p>\n<p>Otro factor relevante es el aplanamiento de los arcos plantares. <b>La disminuci\u00f3n de la curvatura natural del pie acerca los huesos al suelo<\/b>, agregando mil\u00edmetros a la disminuci\u00f3n total de altura. Todos estos cambios suelen avanzar de manera silenciosa y progresiva, por lo que es fundamental monitorear la estatura de manera peri\u00f3dica en la consulta m\u00e9dica.<\/p>\n<h2>Cu\u00e1ndo la p\u00e9rdida de estatura puede indicar un problema de salud<\/h2>\n<p>Una reducci\u00f3n leve de altura puede considerarse parte del proceso natural de envejecimiento. Sin embargo, <b>la p\u00e9rdida que supera los dos cent\u00edmetros, la aparici\u00f3n de una postura encorvada o la aceleraci\u00f3n en la disminuci\u00f3n de talla<\/b> constituyen se\u00f1ales de alerta. En estos casos, la Cleveland Clinic recomienda una evaluaci\u00f3n m\u00e9dica para descartar osteoporosis u otras enfermedades asociadas a la fragilidad \u00f3sea.<\/p>\n<p><img loading=\"lazy\" decoding=\"async\" src=\"https:\/\/www.infobae.com\/resizer\/v2\/XCKHCB2O5FH43ODF47UKNSVYFQ.jpg?auth=c65cb6ba10cf794794693583ad4ab8e0b9daa69890c22e89c12337250d7b0f61&#038;smart=true&#038;width=1792&#038;height=1024\" alt=\"La reducci\u00f3n de altura mayor a dos cent\u00edmetros en adultos requiere evaluaci\u00f3n m\u00e9dica para descartar condiciones de fragilidad \u00f3sea (Imagen Ilustrativa Infobae)\" height=\"1024\" width=\"1792\"\/><\/p>\n<p>La prueba de densidad \u00f3sea es el m\u00e9todo est\u00e1ndar para diagnosticar osteoporosis. <b>Las mujeres deber\u00edan realizarse este estudio cerca de la menopausia, generalmente entre los 40 y 50 a\u00f1os, mientras que en los hombres se sugiere a partir de los 60<\/b>. Personas con antecedentes familiares de osteoporosis, consumo cr\u00f3nico de corticoides u otros factores de riesgo pueden requerir controles anticipados. <\/p>\n<p>El <b>Dr. Abby Abelson<\/b>, reumat\u00f3loga de la Cleveland Clinic, se\u00f1ala que la detecci\u00f3n precoz permite implementar medidas preventivas y evitar complicaciones severas como fracturas de cadera, mu\u00f1eca o v\u00e9rtebras.<\/p>\n<h2>Estrategias para prevenir la p\u00e9rdida excesiva de estatura<\/h2>\n<p>La prevenci\u00f3n de la reducci\u00f3n de estatura asociada al envejecimiento se basa en el fortalecimiento de los huesos y la promoci\u00f3n de h\u00e1bitos saludables. <b>Mantener una ingesta diaria de al menos 1.000 miligramos de calcio<\/b> \u2014aumentando a 1.200 miligramos en adultos mayores\u2014 y vitamina D favorece la salud \u00f3sea. La actividad f\u00edsica regular, especialmente ejercicios de resistencia como <b>caminar, trotar o levantar pesas,<\/b> fortalece tanto huesos como m\u00fasculos y mejora el equilibrio, seg\u00fan detalla la Cleveland Clinic.<\/p>\n<p>Evitar el consumo de tabaco y limitar la ingesta de alcohol son medidas clave para reducir el riesgo de osteoporosis. <b>En casos de alto riesgo, existen medicamentos espec\u00edficos que pueden prevenir la p\u00e9rdida \u00f3sea<\/b>, pero los especialistas insisten en la importancia de abordar los factores modificables desde etapas tempranas. <b>\u201cEs fundamental prevenir la p\u00e9rdida \u00f3sea y las fracturas abordando los factores que puedes controlar\u201d<\/b>, subraya el Dr. Abelson.<\/p>\n<p><img loading=\"lazy\" decoding=\"async\" src=\"https:\/\/www.infobae.com\/resizer\/v2\/2G2XG5BR6NFSVGD5DBLD7XYUJU.png?auth=424c06609fe7c74b1e4e7e1506287a21480277a1a1fe9640708262851413de75&#038;smart=true&#038;width=1229&#038;height=691\" alt=\"La actividad f\u00edsica mantiene el equilibrio y la fuerza muscular, reduciendo el riesgo de ca\u00eddas y fracturas por debilidad \u00f3sea en la edad avanzada (Imagen Ilustrativa Infobae)\" height=\"691\" width=\"1229\"\/><\/p>\n<p>No es recomendable atribuir toda disminuci\u00f3n de estatura al envejecimiento natural ni considerarla un proceso inevitable. <b>Detectar los cambios a tiempo y consultar ante variaciones significativas permite preservar la movilidad, la autonom\u00eda y la calidad de vida en la vejez<\/b>.<\/p>\n","protected":false},"excerpt":{"rendered":"<p>El paso del tiempo deja huellas visibles en el cuerpo, y una de las m\u00e1s sorprendentes es la p\u00e9rdida de estatura. A medida que envejecemos, la reducci\u00f3n de altura no solo es una se\u00f1al del desgaste natural de huesos y m\u00fasculos, sino que tambi\u00e9n puede alertar sobre problemas subyacentes como la osteoporosis o una mayor&#8230;<\/p>\n","protected":false},"author":1,"featured_media":44669,"comment_status":"open","ping_status":"closed","sticky":false,"template":"","format":"standard","meta":{"_jetpack_memberships_contains_paid_content":false,"footnotes":""},"categories":[81],"tags":[],"class_list":["post-44656","post","type-post","status-publish","format-standard","has-post-thumbnail","hentry","category-salud"],"magazineBlocksPostFeaturedMedia":{"thumbnail":"https:\/\/lobosnews.com.ar\/wp-content\/uploads\/2026\/04\/por-que-la-estatura-disminuye-con-los-anos-y-cuando-puede-indicar-un-problema-de-salud-3-150x150.jpg","medium":"https:\/\/lobosnews.com.ar\/wp-content\/uploads\/2026\/04\/por-que-la-estatura-disminuye-con-los-anos-y-cuando-puede-indicar-un-problema-de-salud-3-300x169.jpg","medium_large":"https:\/\/lobosnews.com.ar\/wp-content\/uploads\/2026\/04\/por-que-la-estatura-disminuye-con-los-anos-y-cuando-puede-indicar-un-problema-de-salud-3-768x432.jpg","large":"https:\/\/lobosnews.com.ar\/wp-content\/uploads\/2026\/04\/por-que-la-estatura-disminuye-con-los-anos-y-cuando-puede-indicar-un-problema-de-salud-3-1024x576.jpg","1536x1536":"https:\/\/lobosnews.com.ar\/wp-content\/uploads\/2026\/04\/por-que-la-estatura-disminuye-con-los-anos-y-cuando-puede-indicar-un-problema-de-salud-3.jpg","2048x2048":"https:\/\/lobosnews.com.ar\/wp-content\/uploads\/2026\/04\/por-que-la-estatura-disminuye-con-los-anos-y-cuando-puede-indicar-un-problema-de-salud-3.jpg","newsmatic-featured":"https:\/\/lobosnews.com.ar\/wp-content\/uploads\/2026\/04\/por-que-la-estatura-disminuye-con-los-anos-y-cuando-puede-indicar-un-problema-de-salud-3-820x545.jpg","newsmatic-list":"https:\/\/lobosnews.com.ar\/wp-content\/uploads\/2026\/04\/por-que-la-estatura-disminuye-con-los-anos-y-cuando-puede-indicar-un-problema-de-salud-3-600x400.jpg","newsmatic-thumb":"https:\/\/lobosnews.com.ar\/wp-content\/uploads\/2026\/04\/por-que-la-estatura-disminuye-con-los-anos-y-cuando-puede-indicar-un-problema-de-salud-3-300x200.jpg","newsmatic-small":"https:\/\/lobosnews.com.ar\/wp-content\/uploads\/2026\/04\/por-que-la-estatura-disminuye-con-los-anos-y-cuando-puede-indicar-un-problema-de-salud-3-150x95.jpg","newsmatic-grid":"https:\/\/lobosnews.com.ar\/wp-content\/uploads\/2026\/04\/por-que-la-estatura-disminuye-con-los-anos-y-cuando-puede-indicar-un-problema-de-salud-3-400x250.jpg"},"magazineBlocksPostAuthor":{"name":"admin","avatar":"https:\/\/secure.gravatar.com\/avatar\/76e419471a2083bc3ceab22a763dbbf9b0c1bd15a6214cf3280e2c2dde4580f9?s=96&d=mm&r=g"},"magazineBlocksPostCommentsNumber":"0","magazineBlocksPostExcerpt":"El paso del tiempo deja huellas visibles en el cuerpo, y una de las m\u00e1s sorprendentes es la p\u00e9rdida de estatura. A medida que envejecemos, la reducci\u00f3n de altura no solo es una se\u00f1al del desgaste natural de huesos y m\u00fasculos, sino que tambi\u00e9n puede alertar sobre problemas subyacentes como la osteoporosis o una mayor...","magazineBlocksPostCategories":["Salud"],"magazineBlocksPostViewCount":22,"magazineBlocksPostReadTime":4,"magazine_blocks_featured_image_url":{"full":["https:\/\/lobosnews.com.ar\/wp-content\/uploads\/2026\/04\/por-que-la-estatura-disminuye-con-los-anos-y-cuando-puede-indicar-un-problema-de-salud-3.jpg",1229,691,false],"medium":["https:\/\/lobosnews.com.ar\/wp-content\/uploads\/2026\/04\/por-que-la-estatura-disminuye-con-los-anos-y-cuando-puede-indicar-un-problema-de-salud-3-300x169.jpg",300,169,true],"thumbnail":["https:\/\/lobosnews.com.ar\/wp-content\/uploads\/2026\/04\/por-que-la-estatura-disminuye-con-los-anos-y-cuando-puede-indicar-un-problema-de-salud-3-150x150.jpg",150,150,true]},"magazine_blocks_author":{"display_name":"admin","author_link":"https:\/\/lobosnews.com.ar\/index.php\/author\/lobos-news\/"},"magazine_blocks_comment":0,"magazine_blocks_author_image":"https:\/\/secure.gravatar.com\/avatar\/76e419471a2083bc3ceab22a763dbbf9b0c1bd15a6214cf3280e2c2dde4580f9?s=96&d=mm&r=g","magazine_blocks_category":"<a href=\"#\" class=\"category-link category-link-81\">Salud<\/a>","yoast_head":"<!-- This site is optimized with the Yoast SEO plugin v26.6 - https:\/\/yoast.com\/wordpress\/plugins\/seo\/ -->\n<title>Por qu\u00e9 la estatura disminuye con los a\u00f1os y cu\u00e1ndo puede indicar un problema de salud - Lobos News<\/title>\n<meta name=\"robots\" content=\"index, follow, max-snippet:-1, max-image-preview:large, max-video-preview:-1\" \/>\n<link rel=\"canonical\" href=\"https:\/\/lobosnews.com.ar\/index.php\/2026\/04\/24\/por-que-la-estatura-disminuye-con-los-anos-y-cuando-puede-indicar-un-problema-de-salud\/\" \/>\n<meta property=\"og:locale\" content=\"es_ES\" \/>\n<meta property=\"og:type\" content=\"article\" \/>\n<meta property=\"og:title\" content=\"Por qu\u00e9 la estatura disminuye con los a\u00f1os y cu\u00e1ndo puede indicar un problema de salud - Lobos News\" \/>\n<meta property=\"og:description\" content=\"El paso del tiempo deja huellas visibles en el cuerpo, y una de las m\u00e1s sorprendentes es la p\u00e9rdida de estatura. A medida que envejecemos, la reducci\u00f3n de altura no solo es una se\u00f1al del desgaste natural de huesos y m\u00fasculos, sino que tambi\u00e9n puede alertar sobre problemas subyacentes como la osteoporosis o una mayor...\" \/>\n<meta property=\"og:url\" content=\"https:\/\/lobosnews.com.ar\/index.php\/2026\/04\/24\/por-que-la-estatura-disminuye-con-los-anos-y-cuando-puede-indicar-un-problema-de-salud\/\" \/>\n<meta property=\"og:site_name\" content=\"Lobos News\" \/>\n<meta property=\"article:published_time\" content=\"2026-04-24T09:00:01+00:00\" \/>\n<meta property=\"article:modified_time\" content=\"2026-04-24T14:40:18+00:00\" \/>\n<meta property=\"og:image\" content=\"https:\/\/lobosnews.com.ar\/wp-content\/uploads\/2026\/04\/por-que-la-estatura-disminuye-con-los-anos-y-cuando-puede-indicar-un-problema-de-salud.jpg\" \/>\n<meta name=\"author\" content=\"admin\" \/>\n<meta name=\"twitter:card\" content=\"summary_large_image\" \/>\n<meta name=\"twitter:label1\" content=\"Escrito por\" \/>\n\t<meta name=\"twitter:data1\" content=\"admin\" \/>\n\t<meta name=\"twitter:label2\" content=\"Tiempo de lectura\" \/>\n\t<meta name=\"twitter:data2\" content=\"4 minutos\" \/>\n<script type=\"application\/ld+json\" class=\"yoast-schema-graph\">{\"@context\":\"https:\/\/schema.org\",\"@graph\":[{\"@type\":\"Article\",\"@id\":\"https:\/\/lobosnews.com.ar\/index.php\/2026\/04\/24\/por-que-la-estatura-disminuye-con-los-anos-y-cuando-puede-indicar-un-problema-de-salud\/#article\",\"isPartOf\":{\"@id\":\"https:\/\/lobosnews.com.ar\/index.php\/2026\/04\/24\/por-que-la-estatura-disminuye-con-los-anos-y-cuando-puede-indicar-un-problema-de-salud\/\"},\"author\":{\"name\":\"admin\",\"@id\":\"https:\/\/lobosnews.com.ar\/#\/schema\/person\/232422a593d5c541dd9aef6aaed10943\"},\"headline\":\"Por qu\u00e9 la estatura disminuye con los a\u00f1os y cu\u00e1ndo puede indicar un problema de salud\",\"datePublished\":\"2026-04-24T09:00:01+00:00\",\"dateModified\":\"2026-04-24T14:40:18+00:00\",\"mainEntityOfPage\":{\"@id\":\"https:\/\/lobosnews.com.ar\/index.php\/2026\/04\/24\/por-que-la-estatura-disminuye-con-los-anos-y-cuando-puede-indicar-un-problema-de-salud\/\"},\"wordCount\":805,\"commentCount\":0,\"publisher\":{\"@id\":\"https:\/\/lobosnews.com.ar\/#organization\"},\"image\":{\"@id\":\"https:\/\/lobosnews.com.ar\/index.php\/2026\/04\/24\/por-que-la-estatura-disminuye-con-los-anos-y-cuando-puede-indicar-un-problema-de-salud\/#primaryimage\"},\"thumbnailUrl\":\"https:\/\/lobosnews.com.ar\/wp-content\/uploads\/2026\/04\/por-que-la-estatura-disminuye-con-los-anos-y-cuando-puede-indicar-un-problema-de-salud-3.jpg\",\"articleSection\":[\"Salud\"],\"inLanguage\":\"es\",\"potentialAction\":[{\"@type\":\"CommentAction\",\"name\":\"Comment\",\"target\":[\"https:\/\/lobosnews.com.ar\/index.php\/2026\/04\/24\/por-que-la-estatura-disminuye-con-los-anos-y-cuando-puede-indicar-un-problema-de-salud\/#respond\"]}]},{\"@type\":\"WebPage\",\"@id\":\"https:\/\/lobosnews.com.ar\/index.php\/2026\/04\/24\/por-que-la-estatura-disminuye-con-los-anos-y-cuando-puede-indicar-un-problema-de-salud\/\",\"url\":\"https:\/\/lobosnews.com.ar\/index.php\/2026\/04\/24\/por-que-la-estatura-disminuye-con-los-anos-y-cuando-puede-indicar-un-problema-de-salud\/\",\"name\":\"Por qu\u00e9 la estatura disminuye con los a\u00f1os y cu\u00e1ndo puede indicar un problema de salud - Lobos News\",\"isPartOf\":{\"@id\":\"https:\/\/lobosnews.com.ar\/#website\"},\"primaryImageOfPage\":{\"@id\":\"https:\/\/lobosnews.com.ar\/index.php\/2026\/04\/24\/por-que-la-estatura-disminuye-con-los-anos-y-cuando-puede-indicar-un-problema-de-salud\/#primaryimage\"},\"image\":{\"@id\":\"https:\/\/lobosnews.com.ar\/index.php\/2026\/04\/24\/por-que-la-estatura-disminuye-con-los-anos-y-cuando-puede-indicar-un-problema-de-salud\/#primaryimage\"},\"thumbnailUrl\":\"https:\/\/lobosnews.com.ar\/wp-content\/uploads\/2026\/04\/por-que-la-estatura-disminuye-con-los-anos-y-cuando-puede-indicar-un-problema-de-salud-3.jpg\",\"datePublished\":\"2026-04-24T09:00:01+00:00\",\"dateModified\":\"2026-04-24T14:40:18+00:00\",\"breadcrumb\":{\"@id\":\"https:\/\/lobosnews.com.ar\/index.php\/2026\/04\/24\/por-que-la-estatura-disminuye-con-los-anos-y-cuando-puede-indicar-un-problema-de-salud\/#breadcrumb\"},\"inLanguage\":\"es\",\"potentialAction\":[{\"@type\":\"ReadAction\",\"target\":[\"https:\/\/lobosnews.com.ar\/index.php\/2026\/04\/24\/por-que-la-estatura-disminuye-con-los-anos-y-cuando-puede-indicar-un-problema-de-salud\/\"]}]},{\"@type\":\"ImageObject\",\"inLanguage\":\"es\",\"@id\":\"https:\/\/lobosnews.com.ar\/index.php\/2026\/04\/24\/por-que-la-estatura-disminuye-con-los-anos-y-cuando-puede-indicar-un-problema-de-salud\/#primaryimage\",\"url\":\"https:\/\/lobosnews.com.ar\/wp-content\/uploads\/2026\/04\/por-que-la-estatura-disminuye-con-los-anos-y-cuando-puede-indicar-un-problema-de-salud-3.jpg\",\"contentUrl\":\"https:\/\/lobosnews.com.ar\/wp-content\/uploads\/2026\/04\/por-que-la-estatura-disminuye-con-los-anos-y-cuando-puede-indicar-un-problema-de-salud-3.jpg\",\"width\":1229,\"height\":691,\"caption\":\"Por qu\u00e9 la estatura disminuye con los a\u00f1os y cu\u00e1ndo puede indicar un problema de salud\"},{\"@type\":\"BreadcrumbList\",\"@id\":\"https:\/\/lobosnews.com.ar\/index.php\/2026\/04\/24\/por-que-la-estatura-disminuye-con-los-anos-y-cuando-puede-indicar-un-problema-de-salud\/#breadcrumb\",\"itemListElement\":[{\"@type\":\"ListItem\",\"position\":1,\"name\":\"Portada\",\"item\":\"https:\/\/lobosnews.com.ar\/\"},{\"@type\":\"ListItem\",\"position\":2,\"name\":\"Por qu\u00e9 la estatura disminuye con los a\u00f1os y cu\u00e1ndo puede indicar un problema de salud\"}]},{\"@type\":\"WebSite\",\"@id\":\"https:\/\/lobosnews.com.ar\/#website\",\"url\":\"https:\/\/lobosnews.com.ar\/\",\"name\":\"Lobos News\",\"description\":\"Informaci\u00f3n a cada instante\",\"publisher\":{\"@id\":\"https:\/\/lobosnews.com.ar\/#organization\"},\"potentialAction\":[{\"@type\":\"SearchAction\",\"target\":{\"@type\":\"EntryPoint\",\"urlTemplate\":\"https:\/\/lobosnews.com.ar\/?s={search_term_string}\"},\"query-input\":{\"@type\":\"PropertyValueSpecification\",\"valueRequired\":true,\"valueName\":\"search_term_string\"}}],\"inLanguage\":\"es\"},{\"@type\":\"Organization\",\"@id\":\"https:\/\/lobosnews.com.ar\/#organization\",\"name\":\"Lobos News\",\"url\":\"https:\/\/lobosnews.com.ar\/\",\"logo\":{\"@type\":\"ImageObject\",\"inLanguage\":\"es\",\"@id\":\"https:\/\/lobosnews.com.ar\/#\/schema\/logo\/image\/\",\"url\":\"https:\/\/lobosnews.com.ar\/wp-content\/uploads\/2026\/01\/logo-lobosnews.png\",\"contentUrl\":\"https:\/\/lobosnews.com.ar\/wp-content\/uploads\/2026\/01\/logo-lobosnews.png\",\"width\":500,\"height\":200,\"caption\":\"Lobos News\"},\"image\":{\"@id\":\"https:\/\/lobosnews.com.ar\/#\/schema\/logo\/image\/\"}},{\"@type\":\"Person\",\"@id\":\"https:\/\/lobosnews.com.ar\/#\/schema\/person\/232422a593d5c541dd9aef6aaed10943\",\"name\":\"admin\",\"image\":{\"@type\":\"ImageObject\",\"inLanguage\":\"es\",\"@id\":\"https:\/\/lobosnews.com.ar\/#\/schema\/person\/image\/\",\"url\":\"https:\/\/secure.gravatar.com\/avatar\/76e419471a2083bc3ceab22a763dbbf9b0c1bd15a6214cf3280e2c2dde4580f9?s=96&d=mm&r=g\",\"contentUrl\":\"https:\/\/secure.gravatar.com\/avatar\/76e419471a2083bc3ceab22a763dbbf9b0c1bd15a6214cf3280e2c2dde4580f9?s=96&d=mm&r=g\",\"caption\":\"admin\"},\"sameAs\":[\"https:\/\/lobosnews.com.ar\"],\"url\":\"https:\/\/lobosnews.com.ar\/index.php\/author\/lobos-news\/\"}]}<\/script>\n<!-- \/ Yoast SEO plugin. -->","yoast_head_json":{"title":"Por qu\u00e9 la estatura disminuye con los a\u00f1os y cu\u00e1ndo puede indicar un problema de salud - Lobos News","robots":{"index":"index","follow":"follow","max-snippet":"max-snippet:-1","max-image-preview":"max-image-preview:large","max-video-preview":"max-video-preview:-1"},"canonical":"https:\/\/lobosnews.com.ar\/index.php\/2026\/04\/24\/por-que-la-estatura-disminuye-con-los-anos-y-cuando-puede-indicar-un-problema-de-salud\/","og_locale":"es_ES","og_type":"article","og_title":"Por qu\u00e9 la estatura disminuye con los a\u00f1os y cu\u00e1ndo puede indicar un problema de salud - Lobos News","og_description":"El paso del tiempo deja huellas visibles en el cuerpo, y una de las m\u00e1s sorprendentes es la p\u00e9rdida de estatura. A medida que envejecemos, la reducci\u00f3n de altura no solo es una se\u00f1al del desgaste natural de huesos y m\u00fasculos, sino que tambi\u00e9n puede alertar sobre problemas subyacentes como la osteoporosis o una mayor...","og_url":"https:\/\/lobosnews.com.ar\/index.php\/2026\/04\/24\/por-que-la-estatura-disminuye-con-los-anos-y-cuando-puede-indicar-un-problema-de-salud\/","og_site_name":"Lobos News","article_published_time":"2026-04-24T09:00:01+00:00","article_modified_time":"2026-04-24T14:40:18+00:00","og_image":[{"url":"https:\/\/lobosnews.com.ar\/wp-content\/uploads\/2026\/04\/por-que-la-estatura-disminuye-con-los-anos-y-cuando-puede-indicar-un-problema-de-salud.jpg","type":"","width":"","height":""}],"author":"admin","twitter_card":"summary_large_image","twitter_misc":{"Escrito por":"admin","Tiempo de lectura":"4 minutos"},"schema":{"@context":"https:\/\/schema.org","@graph":[{"@type":"Article","@id":"https:\/\/lobosnews.com.ar\/index.php\/2026\/04\/24\/por-que-la-estatura-disminuye-con-los-anos-y-cuando-puede-indicar-un-problema-de-salud\/#article","isPartOf":{"@id":"https:\/\/lobosnews.com.ar\/index.php\/2026\/04\/24\/por-que-la-estatura-disminuye-con-los-anos-y-cuando-puede-indicar-un-problema-de-salud\/"},"author":{"name":"admin","@id":"https:\/\/lobosnews.com.ar\/#\/schema\/person\/232422a593d5c541dd9aef6aaed10943"},"headline":"Por qu\u00e9 la estatura disminuye con los a\u00f1os y cu\u00e1ndo puede indicar un problema de salud","datePublished":"2026-04-24T09:00:01+00:00","dateModified":"2026-04-24T14:40:18+00:00","mainEntityOfPage":{"@id":"https:\/\/lobosnews.com.ar\/index.php\/2026\/04\/24\/por-que-la-estatura-disminuye-con-los-anos-y-cuando-puede-indicar-un-problema-de-salud\/"},"wordCount":805,"commentCount":0,"publisher":{"@id":"https:\/\/lobosnews.com.ar\/#organization"},"image":{"@id":"https:\/\/lobosnews.com.ar\/index.php\/2026\/04\/24\/por-que-la-estatura-disminuye-con-los-anos-y-cuando-puede-indicar-un-problema-de-salud\/#primaryimage"},"thumbnailUrl":"https:\/\/lobosnews.com.ar\/wp-content\/uploads\/2026\/04\/por-que-la-estatura-disminuye-con-los-anos-y-cuando-puede-indicar-un-problema-de-salud-3.jpg","articleSection":["Salud"],"inLanguage":"es","potentialAction":[{"@type":"CommentAction","name":"Comment","target":["https:\/\/lobosnews.com.ar\/index.php\/2026\/04\/24\/por-que-la-estatura-disminuye-con-los-anos-y-cuando-puede-indicar-un-problema-de-salud\/#respond"]}]},{"@type":"WebPage","@id":"https:\/\/lobosnews.com.ar\/index.php\/2026\/04\/24\/por-que-la-estatura-disminuye-con-los-anos-y-cuando-puede-indicar-un-problema-de-salud\/","url":"https:\/\/lobosnews.com.ar\/index.php\/2026\/04\/24\/por-que-la-estatura-disminuye-con-los-anos-y-cuando-puede-indicar-un-problema-de-salud\/","name":"Por qu\u00e9 la estatura disminuye con los a\u00f1os y cu\u00e1ndo puede indicar un problema de salud - Lobos News","isPartOf":{"@id":"https:\/\/lobosnews.com.ar\/#website"},"primaryImageOfPage":{"@id":"https:\/\/lobosnews.com.ar\/index.php\/2026\/04\/24\/por-que-la-estatura-disminuye-con-los-anos-y-cuando-puede-indicar-un-problema-de-salud\/#primaryimage"},"image":{"@id":"https:\/\/lobosnews.com.ar\/index.php\/2026\/04\/24\/por-que-la-estatura-disminuye-con-los-anos-y-cuando-puede-indicar-un-problema-de-salud\/#primaryimage"},"thumbnailUrl":"https:\/\/lobosnews.com.ar\/wp-content\/uploads\/2026\/04\/por-que-la-estatura-disminuye-con-los-anos-y-cuando-puede-indicar-un-problema-de-salud-3.jpg","datePublished":"2026-04-24T09:00:01+00:00","dateModified":"2026-04-24T14:40:18+00:00","breadcrumb":{"@id":"https:\/\/lobosnews.com.ar\/index.php\/2026\/04\/24\/por-que-la-estatura-disminuye-con-los-anos-y-cuando-puede-indicar-un-problema-de-salud\/#breadcrumb"},"inLanguage":"es","potentialAction":[{"@type":"ReadAction","target":["https:\/\/lobosnews.com.ar\/index.php\/2026\/04\/24\/por-que-la-estatura-disminuye-con-los-anos-y-cuando-puede-indicar-un-problema-de-salud\/"]}]},{"@type":"ImageObject","inLanguage":"es","@id":"https:\/\/lobosnews.com.ar\/index.php\/2026\/04\/24\/por-que-la-estatura-disminuye-con-los-anos-y-cuando-puede-indicar-un-problema-de-salud\/#primaryimage","url":"https:\/\/lobosnews.com.ar\/wp-content\/uploads\/2026\/04\/por-que-la-estatura-disminuye-con-los-anos-y-cuando-puede-indicar-un-problema-de-salud-3.jpg","contentUrl":"https:\/\/lobosnews.com.ar\/wp-content\/uploads\/2026\/04\/por-que-la-estatura-disminuye-con-los-anos-y-cuando-puede-indicar-un-problema-de-salud-3.jpg","width":1229,"height":691,"caption":"Por qu\u00e9 la estatura disminuye con los a\u00f1os y cu\u00e1ndo puede indicar un problema de salud"},{"@type":"BreadcrumbList","@id":"https:\/\/lobosnews.com.ar\/index.php\/2026\/04\/24\/por-que-la-estatura-disminuye-con-los-anos-y-cuando-puede-indicar-un-problema-de-salud\/#breadcrumb","itemListElement":[{"@type":"ListItem","position":1,"name":"Portada","item":"https:\/\/lobosnews.com.ar\/"},{"@type":"ListItem","position":2,"name":"Por qu\u00e9 la estatura disminuye con los a\u00f1os y cu\u00e1ndo puede indicar un problema de salud"}]},{"@type":"WebSite","@id":"https:\/\/lobosnews.com.ar\/#website","url":"https:\/\/lobosnews.com.ar\/","name":"Lobos News","description":"Informaci\u00f3n a cada instante","publisher":{"@id":"https:\/\/lobosnews.com.ar\/#organization"},"potentialAction":[{"@type":"SearchAction","target":{"@type":"EntryPoint","urlTemplate":"https:\/\/lobosnews.com.ar\/?s={search_term_string}"},"query-input":{"@type":"PropertyValueSpecification","valueRequired":true,"valueName":"search_term_string"}}],"inLanguage":"es"},{"@type":"Organization","@id":"https:\/\/lobosnews.com.ar\/#organization","name":"Lobos News","url":"https:\/\/lobosnews.com.ar\/","logo":{"@type":"ImageObject","inLanguage":"es","@id":"https:\/\/lobosnews.com.ar\/#\/schema\/logo\/image\/","url":"https:\/\/lobosnews.com.ar\/wp-content\/uploads\/2026\/01\/logo-lobosnews.png","contentUrl":"https:\/\/lobosnews.com.ar\/wp-content\/uploads\/2026\/01\/logo-lobosnews.png","width":500,"height":200,"caption":"Lobos News"},"image":{"@id":"https:\/\/lobosnews.com.ar\/#\/schema\/logo\/image\/"}},{"@type":"Person","@id":"https:\/\/lobosnews.com.ar\/#\/schema\/person\/232422a593d5c541dd9aef6aaed10943","name":"admin","image":{"@type":"ImageObject","inLanguage":"es","@id":"https:\/\/lobosnews.com.ar\/#\/schema\/person\/image\/","url":"https:\/\/secure.gravatar.com\/avatar\/76e419471a2083bc3ceab22a763dbbf9b0c1bd15a6214cf3280e2c2dde4580f9?s=96&d=mm&r=g","contentUrl":"https:\/\/secure.gravatar.com\/avatar\/76e419471a2083bc3ceab22a763dbbf9b0c1bd15a6214cf3280e2c2dde4580f9?s=96&d=mm&r=g","caption":"admin"},"sameAs":["https:\/\/lobosnews.com.ar"],"url":"https:\/\/lobosnews.com.ar\/index.php\/author\/lobos-news\/"}]}},"jetpack_featured_media_url":"https:\/\/lobosnews.com.ar\/wp-content\/uploads\/2026\/04\/por-que-la-estatura-disminuye-con-los-anos-y-cuando-puede-indicar-un-problema-de-salud-3.jpg","jetpack_sharing_enabled":true,"_links":{"self":[{"href":"https:\/\/lobosnews.com.ar\/index.php\/wp-json\/wp\/v2\/posts\/44656","targetHints":{"allow":["GET"]}}],"collection":[{"href":"https:\/\/lobosnews.com.ar\/index.php\/wp-json\/wp\/v2\/posts"}],"about":[{"href":"https:\/\/lobosnews.com.ar\/index.php\/wp-json\/wp\/v2\/types\/post"}],"author":[{"embeddable":true,"href":"https:\/\/lobosnews.com.ar\/index.php\/wp-json\/wp\/v2\/users\/1"}],"replies":[{"embeddable":true,"href":"https:\/\/lobosnews.com.ar\/index.php\/wp-json\/wp\/v2\/comments?post=44656"}],"version-history":[{"count":1,"href":"https:\/\/lobosnews.com.ar\/index.php\/wp-json\/wp\/v2\/posts\/44656\/revisions"}],"predecessor-version":[{"id":44668,"href":"https:\/\/lobosnews.com.ar\/index.php\/wp-json\/wp\/v2\/posts\/44656\/revisions\/44668"}],"wp:featuredmedia":[{"embeddable":true,"href":"https:\/\/lobosnews.com.ar\/index.php\/wp-json\/wp\/v2\/media\/44669"}],"wp:attachment":[{"href":"https:\/\/lobosnews.com.ar\/index.php\/wp-json\/wp\/v2\/media?parent=44656"}],"wp:term":[{"taxonomy":"category","embeddable":true,"href":"https:\/\/lobosnews.com.ar\/index.php\/wp-json\/wp\/v2\/categories?post=44656"},{"taxonomy":"post_tag","embeddable":true,"href":"https:\/\/lobosnews.com.ar\/index.php\/wp-json\/wp\/v2\/tags?post=44656"}],"curies":[{"name":"wp","href":"https:\/\/api.w.org\/{rel}","templated":true}]}}