{"id":42908,"date":"2026-04-21T01:57:06","date_gmt":"2026-04-21T01:57:06","guid":{"rendered":"https:\/\/lobosnews.com.ar\/index.php\/2026\/04\/21\/tamara-pettinato-respaldo-a-su-hermano-felipe-tras-su-condena-para-el-tribunal-fue-un-accidente-3\/"},"modified":"2026-04-21T20:04:35","modified_gmt":"2026-04-21T20:04:35","slug":"tamara-pettinato-respaldo-a-su-hermano-felipe-tras-su-condena-para-el-tribunal-fue-un-accidente-3","status":"publish","type":"post","link":"https:\/\/lobosnews.com.ar\/index.php\/2026\/04\/21\/tamara-pettinato-respaldo-a-su-hermano-felipe-tras-su-condena-para-el-tribunal-fue-un-accidente-3\/","title":{"rendered":"Tamara Pettinato respald\u00f3 a su hermano Felipe tras su condena: \u201cPara el tribunal fue un accidente\u201d"},"content":{"rendered":"<p><img loading=\"lazy\" decoding=\"async\" src=\"https:\/\/lobosnews.com.ar\/wp-content\/uploads\/2026\/04\/tamara-pettinato-respaldo-a-su-hermano-felipe-tras-su-condena-para-el-tribunal-fue-un-accidente-4.jpg\" alt=\"Tamara Pettinato apoy\u00f3 p\u00fablicamente a su hermano Felipe tras la condena por el incendio en el que muri\u00f3 Melchor Rodrigo\" height=\"720\" width=\"1280\"\/><\/p>\n<p>Luego de que <b>el Tribunal Oral en lo Criminal N\u00b014 condenara a <\/b><span class=\"waslinkname\"><b>Felipe Pettinato<\/b><\/span><b> a tres a\u00f1os de prisi\u00f3n en suspenso <\/b>por el incendio culposo en el que muri\u00f3 <b>Melchor Rodrigo<\/b>, una de las primeras voces de su c\u00edrculo \u00edntimo en pronunciarse fue la de su hermana, <span class=\"waslinkname\"><b>Tamara Pettinato<\/b><\/span>. Lo hizo a trav\u00e9s de sus redes sociales, con una foto y un texto extenso que llev\u00f3 por t\u00edtulo una frase tan contundente como reveladora de su estado de \u00e1nimo: <b>\u201ctranquilidad de conciencia\u201d<\/b>. Desde all\u00ed, la panelista y conductora dej\u00f3 en claro que acompa\u00f1a a su hermano, que respalda el sentido del fallo y que, pese a la gravedad del caso y al largo recorrido judicial, sostiene la misma postura que mantuvo su familia desde el primer d\u00eda.<\/p>\n<p>Su publicaci\u00f3n lleg\u00f3 apenas horas despu\u00e9s de conocerse el veredicto, en una jornada que volvi\u00f3 a poner a la familia Pettinato en el centro de la atenci\u00f3n medi\u00e1tica. El tribunal consider\u00f3 que la muerte de Melchor Rodrigo <b>se produjo en el marco de un accidente<\/b> y opt\u00f3 por una calificaci\u00f3n m\u00e1s ben\u00e9vola, en l\u00ednea con la postura del fiscal, aunque incluso por debajo de la pena que este hab\u00eda solicitado. As\u00ed, Felipe Pettinato recibi\u00f3 una condena de tres a\u00f1os de prisi\u00f3n en suspenso, en concurso real con <b>una pena previa de nueve meses tambi\u00e9n en suspenso por abuso simple de una menor de 15 a\u00f1os<\/b>. Adem\u00e1s, se dispuso que contin\u00fae con sus tratamientos por adicciones, que fije domicilio y que entregue una muestra gen\u00e9tica al Registro de Abusadores.<\/p>\n<p><img loading=\"lazy\" decoding=\"async\" src=\"https:\/\/lobosnews.com.ar\/wp-content\/uploads\/2026\/04\/tamara-pettinato-respaldo-a-su-hermano-felipe-tras-su-condena-para-el-tribunal-fue-un-accidente-6.jpg\" alt=\"Tamara destac\u00f3 el impacto emocional y medi\u00e1tico que el proceso judicial tuvo sobre toda la familia Pettinato\" height=\"866\" width=\"1146\"\/><\/p>\n<p>En ese contexto cargado de tensi\u00f3n, y con la familia de la v\u00edctima anticipando que apelar\u00e1 el fallo por considerarlo insuficiente, Tamara eligi\u00f3 hablar desde un lugar \u00edntimo pero, al mismo tiempo, pol\u00edtico en lo personal: el de quien siente que durante a\u00f1os convivi\u00f3 con una acusaci\u00f3n p\u00fablica que, seg\u00fan sus palabras, nunca reflej\u00f3 lo que ellos cre\u00edan verdadero. En su descargo sostuvo: <b>\u201cHoy se ley\u00f3 el veredicto en el juicio en el que se juzg\u00f3 a Felipe por el incendio en el que, lamentablemente, perdi\u00f3 la vida su amigo Melchor. Con la prudencia que debe primar ante ese veredicto y sin conocer los fundamentos de la sentencia a\u00fan, lo que queda claro es que para el tribunal fue un accidente\u201d<\/b>.<\/p>\n<p>A continuaci\u00f3n, avanz\u00f3 sobre el peso que tuvo el proceso en la intimidad familiar. <b>\u201cFue muy dif\u00edcil como familia atravesar este juicio durante todo este tiempo teniendo que defendernos, en tribunales y tambi\u00e9n en los medios, de una acusaci\u00f3n que siempre supimos alejada de la realidad\u201d<\/b>, escribi\u00f3. All\u00ed apareci\u00f3 con claridad uno de los aspectos m\u00e1s sensibles del posteo: la sensaci\u00f3n de haber librado una doble batalla. No solo la jur\u00eddica, dentro del expediente y las audiencias, sino tambi\u00e9n la medi\u00e1tica, en un terreno donde las versiones, los se\u00f1alamientos y las opiniones se multiplicaron durante a\u00f1os.<\/p>\n<p><img loading=\"lazy\" decoding=\"async\" src=\"https:\/\/www.infobae.com\/resizer\/v2\/OMOH42D5UZEXBGRQ6IXCSYIE3Y.jpg?auth=46b085ac7401f66cbe1150d9f9382c3bad4e82dc02549c9e70bb960241c977a8&#038;smart=true&#038;width=1920&#038;height=2400\" alt=\"La defensa de Tamara Pettinato recalc\u00f3 que el tribunal consider\u00f3 la muerte de Melchor Rodrigo como un accidente (Instagram)\" height=\"2400\" width=\"1920\"\/><\/p>\n<p>El cierre del texto se corri\u00f3 de lo jur\u00eddico para volverse m\u00e1s emocional.<b> \u201cQuiero agradecerles a todos los que nos acompa\u00f1aron y se preocuparon por Felipe. Tambi\u00e9n por m\u00ed y por los m\u00edos. Gracias de verdad\u201d<\/b>, expres\u00f3. Con esas palabras, Tamara eligi\u00f3 reconocer el apoyo recibido durante un per\u00edodo que describi\u00f3 como muy duro, y tambi\u00e9n exponer que el impacto del juicio no se limit\u00f3 al acusado, sino que alcanz\u00f3 a todo su entorno m\u00e1s cercano.<\/p>\n<p>As\u00ed, mientras la causa entra en una nueva fase y el debate p\u00fablico vuelve a encenderse, Tamara decidi\u00f3 expresarse para ubicarse sin rodeos junto a su hermano. Lo hizo con una defensa firme, con una lectura clara del fallo y con la certeza de que, m\u00e1s all\u00e1 del ruido exterior, su familia atraves\u00f3 estos a\u00f1os aferrada a una convicci\u00f3n que hoy considera ratificada por la Justicia.<\/p>\n","protected":false},"excerpt":{"rendered":"<p>Luego de que el Tribunal Oral en lo Criminal N\u00b014 condenara a Felipe Pettinato a tres a\u00f1os de prisi\u00f3n en suspenso por el incendio culposo en el que muri\u00f3 Melchor Rodrigo, una de las primeras voces de su c\u00edrculo \u00edntimo en pronunciarse fue la de su hermana, Tamara Pettinato. Lo hizo a trav\u00e9s de sus&#8230;<\/p>\n","protected":false},"author":1,"featured_media":42921,"comment_status":"open","ping_status":"closed","sticky":false,"template":"","format":"standard","meta":{"_jetpack_memberships_contains_paid_content":false,"footnotes":""},"categories":[79],"tags":[],"class_list":["post-42908","post","type-post","status-publish","format-standard","has-post-thumbnail","hentry","category-cine-y-series"],"magazineBlocksPostFeaturedMedia":{"thumbnail":"https:\/\/lobosnews.com.ar\/wp-content\/uploads\/2026\/04\/tamara-pettinato-respaldo-a-su-hermano-felipe-tras-su-condena-para-el-tribunal-fue-un-accidente-18-150x150.jpg","medium":"https:\/\/lobosnews.com.ar\/wp-content\/uploads\/2026\/04\/tamara-pettinato-respaldo-a-su-hermano-felipe-tras-su-condena-para-el-tribunal-fue-un-accidente-18-240x300.jpg","medium_large":"https:\/\/lobosnews.com.ar\/wp-content\/uploads\/2026\/04\/tamara-pettinato-respaldo-a-su-hermano-felipe-tras-su-condena-para-el-tribunal-fue-un-accidente-18-768x960.jpg","large":"https:\/\/lobosnews.com.ar\/wp-content\/uploads\/2026\/04\/tamara-pettinato-respaldo-a-su-hermano-felipe-tras-su-condena-para-el-tribunal-fue-un-accidente-18-819x1024.jpg","1536x1536":"https:\/\/lobosnews.com.ar\/wp-content\/uploads\/2026\/04\/tamara-pettinato-respaldo-a-su-hermano-felipe-tras-su-condena-para-el-tribunal-fue-un-accidente-18-1229x1536.jpg","2048x2048":"https:\/\/lobosnews.com.ar\/wp-content\/uploads\/2026\/04\/tamara-pettinato-respaldo-a-su-hermano-felipe-tras-su-condena-para-el-tribunal-fue-un-accidente-18-1638x2048.jpg","newsmatic-featured":"https:\/\/lobosnews.com.ar\/wp-content\/uploads\/2026\/04\/tamara-pettinato-respaldo-a-su-hermano-felipe-tras-su-condena-para-el-tribunal-fue-un-accidente-18-820x545.jpg","newsmatic-list":"https:\/\/lobosnews.com.ar\/wp-content\/uploads\/2026\/04\/tamara-pettinato-respaldo-a-su-hermano-felipe-tras-su-condena-para-el-tribunal-fue-un-accidente-18-600x400.jpg","newsmatic-thumb":"https:\/\/lobosnews.com.ar\/wp-content\/uploads\/2026\/04\/tamara-pettinato-respaldo-a-su-hermano-felipe-tras-su-condena-para-el-tribunal-fue-un-accidente-18-300x200.jpg","newsmatic-small":"https:\/\/lobosnews.com.ar\/wp-content\/uploads\/2026\/04\/tamara-pettinato-respaldo-a-su-hermano-felipe-tras-su-condena-para-el-tribunal-fue-un-accidente-18-150x95.jpg","newsmatic-grid":"https:\/\/lobosnews.com.ar\/wp-content\/uploads\/2026\/04\/tamara-pettinato-respaldo-a-su-hermano-felipe-tras-su-condena-para-el-tribunal-fue-un-accidente-18-400x250.jpg"},"magazineBlocksPostAuthor":{"name":"admin","avatar":"https:\/\/secure.gravatar.com\/avatar\/76e419471a2083bc3ceab22a763dbbf9b0c1bd15a6214cf3280e2c2dde4580f9?s=96&d=mm&r=g"},"magazineBlocksPostCommentsNumber":"0","magazineBlocksPostExcerpt":"Luego de que el Tribunal Oral en lo Criminal N\u00b014 condenara a Felipe Pettinato a tres a\u00f1os de prisi\u00f3n en suspenso por el incendio culposo en el que muri\u00f3 Melchor Rodrigo, una de las primeras voces de su c\u00edrculo \u00edntimo en pronunciarse fue la de su hermana, Tamara Pettinato. Lo hizo a trav\u00e9s de sus...","magazineBlocksPostCategories":["Cine y Series"],"magazineBlocksPostViewCount":13,"magazineBlocksPostReadTime":4,"magazine_blocks_featured_image_url":{"full":["https:\/\/lobosnews.com.ar\/wp-content\/uploads\/2026\/04\/tamara-pettinato-respaldo-a-su-hermano-felipe-tras-su-condena-para-el-tribunal-fue-un-accidente-18.jpg",1920,2400,false],"medium":["https:\/\/lobosnews.com.ar\/wp-content\/uploads\/2026\/04\/tamara-pettinato-respaldo-a-su-hermano-felipe-tras-su-condena-para-el-tribunal-fue-un-accidente-18-240x300.jpg",240,300,true],"thumbnail":["https:\/\/lobosnews.com.ar\/wp-content\/uploads\/2026\/04\/tamara-pettinato-respaldo-a-su-hermano-felipe-tras-su-condena-para-el-tribunal-fue-un-accidente-18-150x150.jpg",150,150,true]},"magazine_blocks_author":{"display_name":"admin","author_link":"https:\/\/lobosnews.com.ar\/index.php\/author\/lobos-news\/"},"magazine_blocks_comment":0,"magazine_blocks_author_image":"https:\/\/secure.gravatar.com\/avatar\/76e419471a2083bc3ceab22a763dbbf9b0c1bd15a6214cf3280e2c2dde4580f9?s=96&d=mm&r=g","magazine_blocks_category":"<a href=\"#\" class=\"category-link category-link-79\">Cine y Series<\/a>","yoast_head":"<!-- This site is optimized with the Yoast SEO plugin v26.6 - https:\/\/yoast.com\/wordpress\/plugins\/seo\/ -->\n<title>Tamara Pettinato respald\u00f3 a su hermano Felipe tras su condena: \u201cPara el tribunal fue un accidente\u201d - Lobos News<\/title>\n<meta name=\"robots\" content=\"index, follow, max-snippet:-1, max-image-preview:large, max-video-preview:-1\" \/>\n<link rel=\"canonical\" href=\"https:\/\/lobosnews.com.ar\/index.php\/2026\/04\/21\/tamara-pettinato-respaldo-a-su-hermano-felipe-tras-su-condena-para-el-tribunal-fue-un-accidente-3\/\" \/>\n<meta property=\"og:locale\" content=\"es_ES\" \/>\n<meta property=\"og:type\" content=\"article\" \/>\n<meta property=\"og:title\" content=\"Tamara Pettinato respald\u00f3 a su hermano Felipe tras su condena: \u201cPara el tribunal fue un accidente\u201d - Lobos News\" \/>\n<meta property=\"og:description\" content=\"Luego de que el Tribunal Oral en lo Criminal N\u00b014 condenara a Felipe Pettinato a tres a\u00f1os de prisi\u00f3n en suspenso por el incendio culposo en el que muri\u00f3 Melchor Rodrigo, una de las primeras voces de su c\u00edrculo \u00edntimo en pronunciarse fue la de su hermana, Tamara Pettinato. Lo hizo a trav\u00e9s de sus...\" \/>\n<meta property=\"og:url\" content=\"https:\/\/lobosnews.com.ar\/index.php\/2026\/04\/21\/tamara-pettinato-respaldo-a-su-hermano-felipe-tras-su-condena-para-el-tribunal-fue-un-accidente-3\/\" \/>\n<meta property=\"og:site_name\" content=\"Lobos News\" \/>\n<meta property=\"article:published_time\" content=\"2026-04-21T01:57:06+00:00\" \/>\n<meta property=\"article:modified_time\" content=\"2026-04-21T20:04:35+00:00\" \/>\n<meta property=\"og:image\" content=\"https:\/\/lobosnews.com.ar\/wp-content\/uploads\/2026\/04\/tamara-pettinato-respaldo-a-su-hermano-felipe-tras-su-condena-para-el-tribunal-fue-un-accidente-4.jpg\" \/>\n<meta name=\"author\" content=\"admin\" \/>\n<meta name=\"twitter:card\" content=\"summary_large_image\" \/>\n<meta name=\"twitter:label1\" content=\"Escrito por\" \/>\n\t<meta name=\"twitter:data1\" content=\"admin\" \/>\n\t<meta name=\"twitter:label2\" content=\"Tiempo de lectura\" \/>\n\t<meta name=\"twitter:data2\" content=\"3 minutos\" \/>\n<script type=\"application\/ld+json\" class=\"yoast-schema-graph\">{\"@context\":\"https:\/\/schema.org\",\"@graph\":[{\"@type\":\"Article\",\"@id\":\"https:\/\/lobosnews.com.ar\/index.php\/2026\/04\/21\/tamara-pettinato-respaldo-a-su-hermano-felipe-tras-su-condena-para-el-tribunal-fue-un-accidente-3\/#article\",\"isPartOf\":{\"@id\":\"https:\/\/lobosnews.com.ar\/index.php\/2026\/04\/21\/tamara-pettinato-respaldo-a-su-hermano-felipe-tras-su-condena-para-el-tribunal-fue-un-accidente-3\/\"},\"author\":{\"name\":\"admin\",\"@id\":\"https:\/\/lobosnews.com.ar\/#\/schema\/person\/232422a593d5c541dd9aef6aaed10943\"},\"headline\":\"Tamara Pettinato respald\u00f3 a su hermano Felipe tras su condena: \u201cPara el tribunal fue un accidente\u201d\",\"datePublished\":\"2026-04-21T01:57:06+00:00\",\"dateModified\":\"2026-04-21T20:04:35+00:00\",\"mainEntityOfPage\":{\"@id\":\"https:\/\/lobosnews.com.ar\/index.php\/2026\/04\/21\/tamara-pettinato-respaldo-a-su-hermano-felipe-tras-su-condena-para-el-tribunal-fue-un-accidente-3\/\"},\"wordCount\":684,\"commentCount\":0,\"publisher\":{\"@id\":\"https:\/\/lobosnews.com.ar\/#organization\"},\"image\":{\"@id\":\"https:\/\/lobosnews.com.ar\/index.php\/2026\/04\/21\/tamara-pettinato-respaldo-a-su-hermano-felipe-tras-su-condena-para-el-tribunal-fue-un-accidente-3\/#primaryimage\"},\"thumbnailUrl\":\"https:\/\/lobosnews.com.ar\/wp-content\/uploads\/2026\/04\/tamara-pettinato-respaldo-a-su-hermano-felipe-tras-su-condena-para-el-tribunal-fue-un-accidente-18.jpg\",\"articleSection\":[\"Cine y Series\"],\"inLanguage\":\"es\",\"potentialAction\":[{\"@type\":\"CommentAction\",\"name\":\"Comment\",\"target\":[\"https:\/\/lobosnews.com.ar\/index.php\/2026\/04\/21\/tamara-pettinato-respaldo-a-su-hermano-felipe-tras-su-condena-para-el-tribunal-fue-un-accidente-3\/#respond\"]}]},{\"@type\":\"WebPage\",\"@id\":\"https:\/\/lobosnews.com.ar\/index.php\/2026\/04\/21\/tamara-pettinato-respaldo-a-su-hermano-felipe-tras-su-condena-para-el-tribunal-fue-un-accidente-3\/\",\"url\":\"https:\/\/lobosnews.com.ar\/index.php\/2026\/04\/21\/tamara-pettinato-respaldo-a-su-hermano-felipe-tras-su-condena-para-el-tribunal-fue-un-accidente-3\/\",\"name\":\"Tamara Pettinato respald\u00f3 a su hermano Felipe tras su condena: \u201cPara el tribunal fue un accidente\u201d - Lobos News\",\"isPartOf\":{\"@id\":\"https:\/\/lobosnews.com.ar\/#website\"},\"primaryImageOfPage\":{\"@id\":\"https:\/\/lobosnews.com.ar\/index.php\/2026\/04\/21\/tamara-pettinato-respaldo-a-su-hermano-felipe-tras-su-condena-para-el-tribunal-fue-un-accidente-3\/#primaryimage\"},\"image\":{\"@id\":\"https:\/\/lobosnews.com.ar\/index.php\/2026\/04\/21\/tamara-pettinato-respaldo-a-su-hermano-felipe-tras-su-condena-para-el-tribunal-fue-un-accidente-3\/#primaryimage\"},\"thumbnailUrl\":\"https:\/\/lobosnews.com.ar\/wp-content\/uploads\/2026\/04\/tamara-pettinato-respaldo-a-su-hermano-felipe-tras-su-condena-para-el-tribunal-fue-un-accidente-18.jpg\",\"datePublished\":\"2026-04-21T01:57:06+00:00\",\"dateModified\":\"2026-04-21T20:04:35+00:00\",\"breadcrumb\":{\"@id\":\"https:\/\/lobosnews.com.ar\/index.php\/2026\/04\/21\/tamara-pettinato-respaldo-a-su-hermano-felipe-tras-su-condena-para-el-tribunal-fue-un-accidente-3\/#breadcrumb\"},\"inLanguage\":\"es\",\"potentialAction\":[{\"@type\":\"ReadAction\",\"target\":[\"https:\/\/lobosnews.com.ar\/index.php\/2026\/04\/21\/tamara-pettinato-respaldo-a-su-hermano-felipe-tras-su-condena-para-el-tribunal-fue-un-accidente-3\/\"]}]},{\"@type\":\"ImageObject\",\"inLanguage\":\"es\",\"@id\":\"https:\/\/lobosnews.com.ar\/index.php\/2026\/04\/21\/tamara-pettinato-respaldo-a-su-hermano-felipe-tras-su-condena-para-el-tribunal-fue-un-accidente-3\/#primaryimage\",\"url\":\"https:\/\/lobosnews.com.ar\/wp-content\/uploads\/2026\/04\/tamara-pettinato-respaldo-a-su-hermano-felipe-tras-su-condena-para-el-tribunal-fue-un-accidente-18.jpg\",\"contentUrl\":\"https:\/\/lobosnews.com.ar\/wp-content\/uploads\/2026\/04\/tamara-pettinato-respaldo-a-su-hermano-felipe-tras-su-condena-para-el-tribunal-fue-un-accidente-18.jpg\",\"width\":1920,\"height\":2400,\"caption\":\"Tamara Pettinato respald\u00f3 a su hermano Felipe tras su condena: \u201cPara el tribunal fue un accidente\u201d\"},{\"@type\":\"BreadcrumbList\",\"@id\":\"https:\/\/lobosnews.com.ar\/index.php\/2026\/04\/21\/tamara-pettinato-respaldo-a-su-hermano-felipe-tras-su-condena-para-el-tribunal-fue-un-accidente-3\/#breadcrumb\",\"itemListElement\":[{\"@type\":\"ListItem\",\"position\":1,\"name\":\"Portada\",\"item\":\"https:\/\/lobosnews.com.ar\/\"},{\"@type\":\"ListItem\",\"position\":2,\"name\":\"Tamara Pettinato respald\u00f3 a su hermano Felipe tras su condena: \u201cPara el tribunal fue un accidente\u201d\"}]},{\"@type\":\"WebSite\",\"@id\":\"https:\/\/lobosnews.com.ar\/#website\",\"url\":\"https:\/\/lobosnews.com.ar\/\",\"name\":\"Lobos News\",\"description\":\"Informaci\u00f3n a cada instante\",\"publisher\":{\"@id\":\"https:\/\/lobosnews.com.ar\/#organization\"},\"potentialAction\":[{\"@type\":\"SearchAction\",\"target\":{\"@type\":\"EntryPoint\",\"urlTemplate\":\"https:\/\/lobosnews.com.ar\/?s={search_term_string}\"},\"query-input\":{\"@type\":\"PropertyValueSpecification\",\"valueRequired\":true,\"valueName\":\"search_term_string\"}}],\"inLanguage\":\"es\"},{\"@type\":\"Organization\",\"@id\":\"https:\/\/lobosnews.com.ar\/#organization\",\"name\":\"Lobos News\",\"url\":\"https:\/\/lobosnews.com.ar\/\",\"logo\":{\"@type\":\"ImageObject\",\"inLanguage\":\"es\",\"@id\":\"https:\/\/lobosnews.com.ar\/#\/schema\/logo\/image\/\",\"url\":\"https:\/\/lobosnews.com.ar\/wp-content\/uploads\/2026\/01\/logo-lobosnews.png\",\"contentUrl\":\"https:\/\/lobosnews.com.ar\/wp-content\/uploads\/2026\/01\/logo-lobosnews.png\",\"width\":500,\"height\":200,\"caption\":\"Lobos News\"},\"image\":{\"@id\":\"https:\/\/lobosnews.com.ar\/#\/schema\/logo\/image\/\"}},{\"@type\":\"Person\",\"@id\":\"https:\/\/lobosnews.com.ar\/#\/schema\/person\/232422a593d5c541dd9aef6aaed10943\",\"name\":\"admin\",\"image\":{\"@type\":\"ImageObject\",\"inLanguage\":\"es\",\"@id\":\"https:\/\/lobosnews.com.ar\/#\/schema\/person\/image\/\",\"url\":\"https:\/\/secure.gravatar.com\/avatar\/76e419471a2083bc3ceab22a763dbbf9b0c1bd15a6214cf3280e2c2dde4580f9?s=96&d=mm&r=g\",\"contentUrl\":\"https:\/\/secure.gravatar.com\/avatar\/76e419471a2083bc3ceab22a763dbbf9b0c1bd15a6214cf3280e2c2dde4580f9?s=96&d=mm&r=g\",\"caption\":\"admin\"},\"sameAs\":[\"https:\/\/lobosnews.com.ar\"],\"url\":\"https:\/\/lobosnews.com.ar\/index.php\/author\/lobos-news\/\"}]}<\/script>\n<!-- \/ Yoast SEO plugin. -->","yoast_head_json":{"title":"Tamara Pettinato respald\u00f3 a su hermano Felipe tras su condena: \u201cPara el tribunal fue un accidente\u201d - Lobos News","robots":{"index":"index","follow":"follow","max-snippet":"max-snippet:-1","max-image-preview":"max-image-preview:large","max-video-preview":"max-video-preview:-1"},"canonical":"https:\/\/lobosnews.com.ar\/index.php\/2026\/04\/21\/tamara-pettinato-respaldo-a-su-hermano-felipe-tras-su-condena-para-el-tribunal-fue-un-accidente-3\/","og_locale":"es_ES","og_type":"article","og_title":"Tamara Pettinato respald\u00f3 a su hermano Felipe tras su condena: \u201cPara el tribunal fue un accidente\u201d - Lobos News","og_description":"Luego de que el Tribunal Oral en lo Criminal N\u00b014 condenara a Felipe Pettinato a tres a\u00f1os de prisi\u00f3n en suspenso por el incendio culposo en el que muri\u00f3 Melchor Rodrigo, una de las primeras voces de su c\u00edrculo \u00edntimo en pronunciarse fue la de su hermana, Tamara Pettinato. Lo hizo a trav\u00e9s de sus...","og_url":"https:\/\/lobosnews.com.ar\/index.php\/2026\/04\/21\/tamara-pettinato-respaldo-a-su-hermano-felipe-tras-su-condena-para-el-tribunal-fue-un-accidente-3\/","og_site_name":"Lobos News","article_published_time":"2026-04-21T01:57:06+00:00","article_modified_time":"2026-04-21T20:04:35+00:00","og_image":[{"url":"https:\/\/lobosnews.com.ar\/wp-content\/uploads\/2026\/04\/tamara-pettinato-respaldo-a-su-hermano-felipe-tras-su-condena-para-el-tribunal-fue-un-accidente-4.jpg","type":"","width":"","height":""}],"author":"admin","twitter_card":"summary_large_image","twitter_misc":{"Escrito por":"admin","Tiempo de lectura":"3 minutos"},"schema":{"@context":"https:\/\/schema.org","@graph":[{"@type":"Article","@id":"https:\/\/lobosnews.com.ar\/index.php\/2026\/04\/21\/tamara-pettinato-respaldo-a-su-hermano-felipe-tras-su-condena-para-el-tribunal-fue-un-accidente-3\/#article","isPartOf":{"@id":"https:\/\/lobosnews.com.ar\/index.php\/2026\/04\/21\/tamara-pettinato-respaldo-a-su-hermano-felipe-tras-su-condena-para-el-tribunal-fue-un-accidente-3\/"},"author":{"name":"admin","@id":"https:\/\/lobosnews.com.ar\/#\/schema\/person\/232422a593d5c541dd9aef6aaed10943"},"headline":"Tamara Pettinato respald\u00f3 a su hermano Felipe tras su condena: \u201cPara el tribunal fue un accidente\u201d","datePublished":"2026-04-21T01:57:06+00:00","dateModified":"2026-04-21T20:04:35+00:00","mainEntityOfPage":{"@id":"https:\/\/lobosnews.com.ar\/index.php\/2026\/04\/21\/tamara-pettinato-respaldo-a-su-hermano-felipe-tras-su-condena-para-el-tribunal-fue-un-accidente-3\/"},"wordCount":684,"commentCount":0,"publisher":{"@id":"https:\/\/lobosnews.com.ar\/#organization"},"image":{"@id":"https:\/\/lobosnews.com.ar\/index.php\/2026\/04\/21\/tamara-pettinato-respaldo-a-su-hermano-felipe-tras-su-condena-para-el-tribunal-fue-un-accidente-3\/#primaryimage"},"thumbnailUrl":"https:\/\/lobosnews.com.ar\/wp-content\/uploads\/2026\/04\/tamara-pettinato-respaldo-a-su-hermano-felipe-tras-su-condena-para-el-tribunal-fue-un-accidente-18.jpg","articleSection":["Cine y Series"],"inLanguage":"es","potentialAction":[{"@type":"CommentAction","name":"Comment","target":["https:\/\/lobosnews.com.ar\/index.php\/2026\/04\/21\/tamara-pettinato-respaldo-a-su-hermano-felipe-tras-su-condena-para-el-tribunal-fue-un-accidente-3\/#respond"]}]},{"@type":"WebPage","@id":"https:\/\/lobosnews.com.ar\/index.php\/2026\/04\/21\/tamara-pettinato-respaldo-a-su-hermano-felipe-tras-su-condena-para-el-tribunal-fue-un-accidente-3\/","url":"https:\/\/lobosnews.com.ar\/index.php\/2026\/04\/21\/tamara-pettinato-respaldo-a-su-hermano-felipe-tras-su-condena-para-el-tribunal-fue-un-accidente-3\/","name":"Tamara Pettinato respald\u00f3 a su hermano Felipe tras su condena: \u201cPara el tribunal fue un accidente\u201d - Lobos News","isPartOf":{"@id":"https:\/\/lobosnews.com.ar\/#website"},"primaryImageOfPage":{"@id":"https:\/\/lobosnews.com.ar\/index.php\/2026\/04\/21\/tamara-pettinato-respaldo-a-su-hermano-felipe-tras-su-condena-para-el-tribunal-fue-un-accidente-3\/#primaryimage"},"image":{"@id":"https:\/\/lobosnews.com.ar\/index.php\/2026\/04\/21\/tamara-pettinato-respaldo-a-su-hermano-felipe-tras-su-condena-para-el-tribunal-fue-un-accidente-3\/#primaryimage"},"thumbnailUrl":"https:\/\/lobosnews.com.ar\/wp-content\/uploads\/2026\/04\/tamara-pettinato-respaldo-a-su-hermano-felipe-tras-su-condena-para-el-tribunal-fue-un-accidente-18.jpg","datePublished":"2026-04-21T01:57:06+00:00","dateModified":"2026-04-21T20:04:35+00:00","breadcrumb":{"@id":"https:\/\/lobosnews.com.ar\/index.php\/2026\/04\/21\/tamara-pettinato-respaldo-a-su-hermano-felipe-tras-su-condena-para-el-tribunal-fue-un-accidente-3\/#breadcrumb"},"inLanguage":"es","potentialAction":[{"@type":"ReadAction","target":["https:\/\/lobosnews.com.ar\/index.php\/2026\/04\/21\/tamara-pettinato-respaldo-a-su-hermano-felipe-tras-su-condena-para-el-tribunal-fue-un-accidente-3\/"]}]},{"@type":"ImageObject","inLanguage":"es","@id":"https:\/\/lobosnews.com.ar\/index.php\/2026\/04\/21\/tamara-pettinato-respaldo-a-su-hermano-felipe-tras-su-condena-para-el-tribunal-fue-un-accidente-3\/#primaryimage","url":"https:\/\/lobosnews.com.ar\/wp-content\/uploads\/2026\/04\/tamara-pettinato-respaldo-a-su-hermano-felipe-tras-su-condena-para-el-tribunal-fue-un-accidente-18.jpg","contentUrl":"https:\/\/lobosnews.com.ar\/wp-content\/uploads\/2026\/04\/tamara-pettinato-respaldo-a-su-hermano-felipe-tras-su-condena-para-el-tribunal-fue-un-accidente-18.jpg","width":1920,"height":2400,"caption":"Tamara Pettinato respald\u00f3 a su hermano Felipe tras su condena: \u201cPara el tribunal fue un accidente\u201d"},{"@type":"BreadcrumbList","@id":"https:\/\/lobosnews.com.ar\/index.php\/2026\/04\/21\/tamara-pettinato-respaldo-a-su-hermano-felipe-tras-su-condena-para-el-tribunal-fue-un-accidente-3\/#breadcrumb","itemListElement":[{"@type":"ListItem","position":1,"name":"Portada","item":"https:\/\/lobosnews.com.ar\/"},{"@type":"ListItem","position":2,"name":"Tamara Pettinato respald\u00f3 a su hermano Felipe tras su condena: \u201cPara el tribunal fue un accidente\u201d"}]},{"@type":"WebSite","@id":"https:\/\/lobosnews.com.ar\/#website","url":"https:\/\/lobosnews.com.ar\/","name":"Lobos News","description":"Informaci\u00f3n a cada instante","publisher":{"@id":"https:\/\/lobosnews.com.ar\/#organization"},"potentialAction":[{"@type":"SearchAction","target":{"@type":"EntryPoint","urlTemplate":"https:\/\/lobosnews.com.ar\/?s={search_term_string}"},"query-input":{"@type":"PropertyValueSpecification","valueRequired":true,"valueName":"search_term_string"}}],"inLanguage":"es"},{"@type":"Organization","@id":"https:\/\/lobosnews.com.ar\/#organization","name":"Lobos News","url":"https:\/\/lobosnews.com.ar\/","logo":{"@type":"ImageObject","inLanguage":"es","@id":"https:\/\/lobosnews.com.ar\/#\/schema\/logo\/image\/","url":"https:\/\/lobosnews.com.ar\/wp-content\/uploads\/2026\/01\/logo-lobosnews.png","contentUrl":"https:\/\/lobosnews.com.ar\/wp-content\/uploads\/2026\/01\/logo-lobosnews.png","width":500,"height":200,"caption":"Lobos News"},"image":{"@id":"https:\/\/lobosnews.com.ar\/#\/schema\/logo\/image\/"}},{"@type":"Person","@id":"https:\/\/lobosnews.com.ar\/#\/schema\/person\/232422a593d5c541dd9aef6aaed10943","name":"admin","image":{"@type":"ImageObject","inLanguage":"es","@id":"https:\/\/lobosnews.com.ar\/#\/schema\/person\/image\/","url":"https:\/\/secure.gravatar.com\/avatar\/76e419471a2083bc3ceab22a763dbbf9b0c1bd15a6214cf3280e2c2dde4580f9?s=96&d=mm&r=g","contentUrl":"https:\/\/secure.gravatar.com\/avatar\/76e419471a2083bc3ceab22a763dbbf9b0c1bd15a6214cf3280e2c2dde4580f9?s=96&d=mm&r=g","caption":"admin"},"sameAs":["https:\/\/lobosnews.com.ar"],"url":"https:\/\/lobosnews.com.ar\/index.php\/author\/lobos-news\/"}]}},"jetpack_featured_media_url":"https:\/\/lobosnews.com.ar\/wp-content\/uploads\/2026\/04\/tamara-pettinato-respaldo-a-su-hermano-felipe-tras-su-condena-para-el-tribunal-fue-un-accidente-18.jpg","jetpack_sharing_enabled":true,"_links":{"self":[{"href":"https:\/\/lobosnews.com.ar\/index.php\/wp-json\/wp\/v2\/posts\/42908","targetHints":{"allow":["GET"]}}],"collection":[{"href":"https:\/\/lobosnews.com.ar\/index.php\/wp-json\/wp\/v2\/posts"}],"about":[{"href":"https:\/\/lobosnews.com.ar\/index.php\/wp-json\/wp\/v2\/types\/post"}],"author":[{"embeddable":true,"href":"https:\/\/lobosnews.com.ar\/index.php\/wp-json\/wp\/v2\/users\/1"}],"replies":[{"embeddable":true,"href":"https:\/\/lobosnews.com.ar\/index.php\/wp-json\/wp\/v2\/comments?post=42908"}],"version-history":[{"count":1,"href":"https:\/\/lobosnews.com.ar\/index.php\/wp-json\/wp\/v2\/posts\/42908\/revisions"}],"predecessor-version":[{"id":42920,"href":"https:\/\/lobosnews.com.ar\/index.php\/wp-json\/wp\/v2\/posts\/42908\/revisions\/42920"}],"wp:featuredmedia":[{"embeddable":true,"href":"https:\/\/lobosnews.com.ar\/index.php\/wp-json\/wp\/v2\/media\/42921"}],"wp:attachment":[{"href":"https:\/\/lobosnews.com.ar\/index.php\/wp-json\/wp\/v2\/media?parent=42908"}],"wp:term":[{"taxonomy":"category","embeddable":true,"href":"https:\/\/lobosnews.com.ar\/index.php\/wp-json\/wp\/v2\/categories?post=42908"},{"taxonomy":"post_tag","embeddable":true,"href":"https:\/\/lobosnews.com.ar\/index.php\/wp-json\/wp\/v2\/tags?post=42908"}],"curies":[{"name":"wp","href":"https:\/\/api.w.org\/{rel}","templated":true}]}}