{"id":39385,"date":"2026-03-27T10:13:35","date_gmt":"2026-03-27T10:13:35","guid":{"rendered":"https:\/\/lobosnews.com.ar\/index.php\/2026\/03\/27\/el-adam-smith-center-reunio-a-seis-primeras-damas-latinoamericanas-para-debatir-sobre-el-liderazgo-femenino-3\/"},"modified":"2026-03-27T10:29:46","modified_gmt":"2026-03-27T10:29:46","slug":"el-adam-smith-center-reunio-a-seis-primeras-damas-latinoamericanas-para-debatir-sobre-el-liderazgo-femenino-3","status":"publish","type":"post","link":"https:\/\/lobosnews.com.ar\/index.php\/2026\/03\/27\/el-adam-smith-center-reunio-a-seis-primeras-damas-latinoamericanas-para-debatir-sobre-el-liderazgo-femenino-3\/","title":{"rendered":"El Adam Smith Center reuni\u00f3 a seis Primeras Damas latinoamericanas para debatir sobre el liderazgo femenino"},"content":{"rendered":"<p><img fetchpriority=\"high\" decoding=\"async\" src=\"https:\/\/lobosnews.com.ar\/wp-content\/uploads\/2026\/03\/el-adam-smith-center-reunio-a-seis-primeras-damas-latinoamericanas-para-debatir-sobre-el-liderazgo-femenino.jpg\" alt=\"Carlos Rosillo, director del Adam Smith Center, posa acompa\u00f1ado por las primeras damas Rossana Brice\u00f1o (Belice), Mar\u00eda Elena Urquidi (Bolivia), Leticia Ocampos (Paraguay), Lucrecia Peinado (Guatemala), Signe Zeikate (Costa Rica) y Maricel Cohen de Mulino (Panam\u00e1)\" height=\"2178\" width=\"5443\"\/><\/p>\n<p>La edici\u00f3n inaugural del <b>Di\u00e1logo Regional de C\u00f3nyuges de Jefes de Estado de las Am\u00e9ricas <\/b>marca el inicio de una serie de encuentros orientados a consolidar una red hemisf\u00e9rica de liderazgo social con proyecci\u00f3n y capacidad de incidencia en la regi\u00f3n. <\/p>\n<p>Este evento, promovido por el <b>Adam Smith Center for Economic Freedom de la Florida International University (FIU) <\/b>junto a <b>ALMA (Alianza de C\u00f3nyuges de Jefes de Estado y Representantes), <\/b>establece una plataforma permanente de articulaci\u00f3n regional que convoca a sector p\u00fablico, organismos multilaterales, sector privado y academia. <\/p>\n<p><img loading=\"lazy\" decoding=\"async\" src=\"https:\/\/lobosnews.com.ar\/wp-content\/uploads\/2026\/03\/el-adam-smith-center-reunio-a-seis-primeras-damas-latinoamericanas-para-debatir-sobre-el-liderazgo-femenino-4.jpg\" alt=\"Carlos Rosillo, junto a las primeras damas Rossana Brice\u00f1o (Belice), Mar\u00eda Elena Urquidi (Bolivia), Leticia Ocampos (Paraguay), Lucrecia Peinado (Guatemala) y Signe Zeikate (Costa Rica)\" height=\"2070\" width=\"5982\"\/><\/p>\n<p>La iniciativa busca sentar las bases de una arquitectura de cooperaci\u00f3n regional que, en futuras etapas, sumar\u00e1 espacios ministeriales y sectoriales.<\/p>\n<p>\u201cLo que nos convoca es la convicci\u00f3n de que la regi\u00f3n necesita m\u00e1s espacios de conversaci\u00f3n seria, \u00fatil y estrat\u00e9gica entre liderazgos que tienen capacidad real de incidencia\u201d, dijo Carlos Rosillo, anfitri\u00f3n del evento.<\/p>\n<p><img loading=\"lazy\" decoding=\"async\" src=\"https:\/\/lobosnews.com.ar\/wp-content\/uploads\/2026\/03\/el-adam-smith-center-reunio-a-seis-primeras-damas-latinoamericanas-para-debatir-sobre-el-liderazgo-femenino-6.jpg\" alt=\"Carlos Rosillo interviene en el Cosmos Club de Washington DC durante el foro \u201cLiderar en un mundo en transformaci\u00f3n: Soft Power y Acci\u00f3n Social en las Am\u00e9ricas\u201d\" height=\"2053\" width=\"3649\"\/><\/p>\n<p>El Di\u00e1logo Regional <b>\u201cLiderar en un Mundo en Transformaci\u00f3n: Soft Power y acci\u00f3n social en las Am\u00e9ricas\u201d<\/b> est\u00e1 dise\u00f1ado como un espacio confidencial y de alto nivel, donde los c\u00f3nyuges de jefes de Estado podr\u00e1n fortalecer sus capacidades de liderazgo y diplomacia social mediante la formaci\u00f3n e intercambio de experiencias. <\/p>\n<p>Participar\u00e1n en conversaciones directas con un grupo selecto de expositores invitados, expertos en liderazgo, pol\u00edtica p\u00fablica, cooperaci\u00f3n internacional y gesti\u00f3n social.<\/p>\n<p><img loading=\"lazy\" decoding=\"async\" src=\"https:\/\/lobosnews.com.ar\/wp-content\/uploads\/2026\/03\/el-adam-smith-center-reunio-a-seis-primeras-damas-latinoamericanas-para-debatir-sobre-el-liderazgo-femenino-8.jpg\" alt=\"La primera dama de Costa Rica, Signe Zeikate, toma la palabra en el foro \u201cLiderar en un mundo en transformaci\u00f3n: Soft Power y Acci\u00f3n Social en las Am\u00e9ricas\u201d\" height=\"2157\" width=\"3235\"\/><\/p>\n<p>El programa propone sesiones centradas en el an\u00e1lisis de liderazgo e influencia en contextos de incertidumbre, evaluaci\u00f3n geopol\u00edtica regional y el papel estrat\u00e9gico de las Primeras Damas como elementos de estabilidad institucional y cohesi\u00f3n social. <\/p>\n<p>Se abordar\u00e1n, adem\u00e1s, herramientas de soft power y diplomacia social para movilizar agendas, articular consensos y visibilizar temas prioritarios en <b>Latinoam\u00e9rica <\/b>y el <b>Caribe<\/b>. <\/p>\n<p>El eje de alianzas p\u00fablico-privadas permitir\u00e1 examinar proyectos innovadores en formaci\u00f3n, ni\u00f1ez, tecnolog\u00eda, inclusi\u00f3n financiera y emprendimiento, as\u00ed como mecanismos de colaboraci\u00f3n entre sector p\u00fablico y privado para potenciar el impacto social.<\/p>\n<p><img loading=\"lazy\" decoding=\"async\" src=\"https:\/\/lobosnews.com.ar\/wp-content\/uploads\/2026\/03\/el-adam-smith-center-reunio-a-seis-primeras-damas-latinoamericanas-para-debatir-sobre-el-liderazgo-femenino-10.jpg\" alt=\"La primera dama de Paraguay, Leticia Ocampos, presenta su enfoque sobre acci\u00f3n social en el marco del foro regional\" height=\"2624\" width=\"3936\"\/><\/p>\n<p>La reuni\u00f3n enfatiza <b>el valor de la diplomacia y el soft power <\/b>como instrumentos fundamentales para la construcci\u00f3n de confianza, el entendimiento y la cooperaci\u00f3n entre los pueblos en un entorno global interdependiente.<\/p>\n<p><img loading=\"lazy\" decoding=\"async\" src=\"https:\/\/lobosnews.com.ar\/wp-content\/uploads\/2026\/03\/el-adam-smith-center-reunio-a-seis-primeras-damas-latinoamericanas-para-debatir-sobre-el-liderazgo-femenino-12.jpg\" alt=\"Carlos Rosillo toma la palabra mientras los participantes comparten y debaten sus puntos de vista en el foro \u201cLiderar en un mundo en transformaci\u00f3n: Soft Power y Acci\u00f3n Social en las Am\u00e9ricas\u201d\" height=\"3857\" width=\"5785\"\/><\/p>\n<p>Se reconoce <b>el rol de los c\u00f3nyuges de jefes de Estado <\/b>como agentes de cambio que, desde su influencia basada en valores, empat\u00eda y legitimidad social, impulsan alianzas multisectoriales y generan impacto en \u00e1mbitos como el bienestar infantil, la salud mental, el empoderamiento femenino y la inclusi\u00f3n social.<\/p>\n<p><img loading=\"lazy\" decoding=\"async\" src=\"https:\/\/lobosnews.com.ar\/wp-content\/uploads\/2026\/03\/el-adam-smith-center-reunio-a-seis-primeras-damas-latinoamericanas-para-debatir-sobre-el-liderazgo-femenino-14.jpg\" alt=\"La jornada se llev\u00f3 a cabo en el Cosmos Club de Washington DC, donde participaron representantes del Adam Smith Center y distintas delegaciones\" height=\"3330\" width=\"5920\"\/><\/p>\n<p>\u201cEl verdadero valor de esta iniciativa inicia hoy para prevalecer en el futuro uniendo pa\u00edses y voluntades\u201d, concluy\u00f3 Rosillo.<\/p>\n","protected":false},"excerpt":{"rendered":"<p>La edici\u00f3n inaugural del Di\u00e1logo Regional de C\u00f3nyuges de Jefes de Estado de las Am\u00e9ricas marca el inicio de una serie de encuentros orientados a consolidar una red hemisf\u00e9rica de liderazgo social con proyecci\u00f3n y capacidad de incidencia en la regi\u00f3n. Este evento, promovido por el Adam Smith Center for Economic Freedom de la Florida&#8230;<\/p>\n","protected":false},"author":1,"featured_media":39405,"comment_status":"open","ping_status":"closed","sticky":false,"template":"","format":"standard","meta":{"_jetpack_newsletter_access":"","_jetpack_dont_email_post_to_subs":false,"_jetpack_newsletter_tier_id":0,"_jetpack_memberships_contains_paywalled_content":false,"_jetpack_memberships_contains_paid_content":false,"footnotes":"","jetpack_post_was_ever_published":false},"categories":[31],"tags":[],"class_list":["post-39385","post","type-post","status-publish","format-standard","has-post-thumbnail","hentry","category-actualidad"],"magazineBlocksPostFeaturedMedia":{"thumbnail":"https:\/\/lobosnews.com.ar\/wp-content\/uploads\/2026\/03\/el-adam-smith-center-reunio-a-seis-primeras-damas-latinoamericanas-para-debatir-sobre-el-liderazgo-femenino-29-150x150.jpg","medium":"https:\/\/lobosnews.com.ar\/wp-content\/uploads\/2026\/03\/el-adam-smith-center-reunio-a-seis-primeras-damas-latinoamericanas-para-debatir-sobre-el-liderazgo-femenino-29-300x169.jpg","medium_large":"https:\/\/lobosnews.com.ar\/wp-content\/uploads\/2026\/03\/el-adam-smith-center-reunio-a-seis-primeras-damas-latinoamericanas-para-debatir-sobre-el-liderazgo-femenino-29-768x432.jpg","large":"https:\/\/lobosnews.com.ar\/wp-content\/uploads\/2026\/03\/el-adam-smith-center-reunio-a-seis-primeras-damas-latinoamericanas-para-debatir-sobre-el-liderazgo-femenino-29-1024x576.jpg","1536x1536":"https:\/\/lobosnews.com.ar\/wp-content\/uploads\/2026\/03\/el-adam-smith-center-reunio-a-seis-primeras-damas-latinoamericanas-para-debatir-sobre-el-liderazgo-femenino-29-1536x864.jpg","2048x2048":"https:\/\/lobosnews.com.ar\/wp-content\/uploads\/2026\/03\/el-adam-smith-center-reunio-a-seis-primeras-damas-latinoamericanas-para-debatir-sobre-el-liderazgo-femenino-29-2048x1152.jpg","newsmatic-featured":"https:\/\/lobosnews.com.ar\/wp-content\/uploads\/2026\/03\/el-adam-smith-center-reunio-a-seis-primeras-damas-latinoamericanas-para-debatir-sobre-el-liderazgo-femenino-29-820x545.jpg","newsmatic-list":"https:\/\/lobosnews.com.ar\/wp-content\/uploads\/2026\/03\/el-adam-smith-center-reunio-a-seis-primeras-damas-latinoamericanas-para-debatir-sobre-el-liderazgo-femenino-29-600x400.jpg","newsmatic-thumb":"https:\/\/lobosnews.com.ar\/wp-content\/uploads\/2026\/03\/el-adam-smith-center-reunio-a-seis-primeras-damas-latinoamericanas-para-debatir-sobre-el-liderazgo-femenino-29-300x200.jpg","newsmatic-small":"https:\/\/lobosnews.com.ar\/wp-content\/uploads\/2026\/03\/el-adam-smith-center-reunio-a-seis-primeras-damas-latinoamericanas-para-debatir-sobre-el-liderazgo-femenino-29-150x95.jpg","newsmatic-grid":"https:\/\/lobosnews.com.ar\/wp-content\/uploads\/2026\/03\/el-adam-smith-center-reunio-a-seis-primeras-damas-latinoamericanas-para-debatir-sobre-el-liderazgo-femenino-29-400x250.jpg"},"magazineBlocksPostAuthor":{"name":"admin","avatar":"https:\/\/secure.gravatar.com\/avatar\/76e419471a2083bc3ceab22a763dbbf9b0c1bd15a6214cf3280e2c2dde4580f9?s=96&d=mm&r=g"},"magazineBlocksPostCommentsNumber":"0","magazineBlocksPostExcerpt":"La edici\u00f3n inaugural del Di\u00e1logo Regional de C\u00f3nyuges de Jefes de Estado de las Am\u00e9ricas marca el inicio de una serie de encuentros orientados a consolidar una red hemisf\u00e9rica de liderazgo social con proyecci\u00f3n y capacidad de incidencia en la regi\u00f3n. Este evento, promovido por el Adam Smith Center for Economic Freedom de la Florida...","magazineBlocksPostCategories":["Actualidad"],"magazineBlocksPostViewCount":137,"magazineBlocksPostReadTime":3,"magazine_blocks_featured_image_url":{"full":["https:\/\/lobosnews.com.ar\/wp-content\/uploads\/2026\/03\/el-adam-smith-center-reunio-a-seis-primeras-damas-latinoamericanas-para-debatir-sobre-el-liderazgo-femenino-29-scaled.jpg",2560,1440,false],"medium":["https:\/\/lobosnews.com.ar\/wp-content\/uploads\/2026\/03\/el-adam-smith-center-reunio-a-seis-primeras-damas-latinoamericanas-para-debatir-sobre-el-liderazgo-femenino-29-300x169.jpg",300,169,true],"thumbnail":["https:\/\/lobosnews.com.ar\/wp-content\/uploads\/2026\/03\/el-adam-smith-center-reunio-a-seis-primeras-damas-latinoamericanas-para-debatir-sobre-el-liderazgo-femenino-29-150x150.jpg",150,150,true]},"magazine_blocks_author":{"display_name":"admin","author_link":"https:\/\/lobosnews.com.ar\/index.php\/author\/lobos-news\/"},"magazine_blocks_comment":0,"magazine_blocks_author_image":"https:\/\/secure.gravatar.com\/avatar\/76e419471a2083bc3ceab22a763dbbf9b0c1bd15a6214cf3280e2c2dde4580f9?s=96&d=mm&r=g","magazine_blocks_category":"<a href=\"#\" class=\"category-link category-link-31\">Actualidad<\/a>","yoast_head":"<!-- This site is optimized with the Yoast SEO plugin v28.0 - https:\/\/yoast.com\/product\/yoast-seo-wordpress\/ -->\n<title>El Adam Smith Center reuni\u00f3 a seis Primeras Damas latinoamericanas para debatir sobre el liderazgo femenino - Lobos News<\/title>\n<meta name=\"robots\" content=\"index, follow, max-snippet:-1, max-image-preview:large, max-video-preview:-1\" \/>\n<link rel=\"canonical\" href=\"https:\/\/lobosnews.com.ar\/index.php\/2026\/03\/27\/el-adam-smith-center-reunio-a-seis-primeras-damas-latinoamericanas-para-debatir-sobre-el-liderazgo-femenino-3\/\" \/>\n<meta property=\"og:locale\" content=\"es_ES\" \/>\n<meta property=\"og:type\" content=\"article\" \/>\n<meta property=\"og:title\" content=\"El Adam Smith Center reuni\u00f3 a seis Primeras Damas latinoamericanas para debatir sobre el liderazgo femenino - Lobos News\" \/>\n<meta property=\"og:description\" content=\"La edici\u00f3n inaugural del Di\u00e1logo Regional de C\u00f3nyuges de Jefes de Estado de las Am\u00e9ricas marca el inicio de una serie de encuentros orientados a consolidar una red hemisf\u00e9rica de liderazgo social con proyecci\u00f3n y capacidad de incidencia en la regi\u00f3n. Este evento, promovido por el Adam Smith Center for Economic Freedom de la Florida...\" \/>\n<meta property=\"og:url\" content=\"https:\/\/lobosnews.com.ar\/index.php\/2026\/03\/27\/el-adam-smith-center-reunio-a-seis-primeras-damas-latinoamericanas-para-debatir-sobre-el-liderazgo-femenino-3\/\" \/>\n<meta property=\"og:site_name\" content=\"Lobos News\" \/>\n<meta property=\"article:published_time\" content=\"2026-03-27T10:13:35+00:00\" \/>\n<meta property=\"article:modified_time\" content=\"2026-03-27T10:29:46+00:00\" \/>\n<meta property=\"og:image\" content=\"https:\/\/lobosnews.com.ar\/wp-content\/uploads\/2026\/03\/el-adam-smith-center-reunio-a-seis-primeras-damas-latinoamericanas-para-debatir-sobre-el-liderazgo-femenino.jpg\" \/>\n<meta name=\"author\" content=\"admin\" \/>\n<meta name=\"twitter:card\" content=\"summary_large_image\" \/>\n<meta name=\"twitter:label1\" content=\"Escrito por\" \/>\n\t<meta name=\"twitter:data1\" content=\"admin\" \/>\n\t<meta name=\"twitter:label2\" content=\"Tiempo de lectura\" \/>\n\t<meta name=\"twitter:data2\" content=\"2 minutos\" \/>\n<script type=\"application\/ld+json\" class=\"yoast-schema-graph\">{\"@context\":\"https:\\\/\\\/schema.org\",\"@graph\":[{\"@type\":\"Article\",\"@id\":\"https:\\\/\\\/lobosnews.com.ar\\\/index.php\\\/2026\\\/03\\\/27\\\/el-adam-smith-center-reunio-a-seis-primeras-damas-latinoamericanas-para-debatir-sobre-el-liderazgo-femenino-3\\\/#article\",\"isPartOf\":{\"@id\":\"https:\\\/\\\/lobosnews.com.ar\\\/index.php\\\/2026\\\/03\\\/27\\\/el-adam-smith-center-reunio-a-seis-primeras-damas-latinoamericanas-para-debatir-sobre-el-liderazgo-femenino-3\\\/\"},\"author\":{\"name\":\"admin\",\"@id\":\"https:\\\/\\\/lobosnews.com.ar\\\/#\\\/schema\\\/person\\\/232422a593d5c541dd9aef6aaed10943\"},\"headline\":\"El Adam Smith Center reuni\u00f3 a seis Primeras Damas latinoamericanas para debatir sobre el liderazgo femenino\",\"datePublished\":\"2026-03-27T10:13:35+00:00\",\"dateModified\":\"2026-03-27T10:29:46+00:00\",\"mainEntityOfPage\":{\"@id\":\"https:\\\/\\\/lobosnews.com.ar\\\/index.php\\\/2026\\\/03\\\/27\\\/el-adam-smith-center-reunio-a-seis-primeras-damas-latinoamericanas-para-debatir-sobre-el-liderazgo-femenino-3\\\/\"},\"wordCount\":473,\"commentCount\":0,\"publisher\":{\"@id\":\"https:\\\/\\\/lobosnews.com.ar\\\/#organization\"},\"image\":{\"@id\":\"https:\\\/\\\/lobosnews.com.ar\\\/index.php\\\/2026\\\/03\\\/27\\\/el-adam-smith-center-reunio-a-seis-primeras-damas-latinoamericanas-para-debatir-sobre-el-liderazgo-femenino-3\\\/#primaryimage\"},\"thumbnailUrl\":\"https:\\\/\\\/lobosnews.com.ar\\\/wp-content\\\/uploads\\\/2026\\\/03\\\/el-adam-smith-center-reunio-a-seis-primeras-damas-latinoamericanas-para-debatir-sobre-el-liderazgo-femenino-29-scaled.jpg\",\"articleSection\":[\"Actualidad\"],\"inLanguage\":\"es\",\"potentialAction\":[{\"@type\":\"CommentAction\",\"name\":\"Comment\",\"target\":[\"https:\\\/\\\/lobosnews.com.ar\\\/index.php\\\/2026\\\/03\\\/27\\\/el-adam-smith-center-reunio-a-seis-primeras-damas-latinoamericanas-para-debatir-sobre-el-liderazgo-femenino-3\\\/#respond\"]}]},{\"@type\":\"WebPage\",\"@id\":\"https:\\\/\\\/lobosnews.com.ar\\\/index.php\\\/2026\\\/03\\\/27\\\/el-adam-smith-center-reunio-a-seis-primeras-damas-latinoamericanas-para-debatir-sobre-el-liderazgo-femenino-3\\\/\",\"url\":\"https:\\\/\\\/lobosnews.com.ar\\\/index.php\\\/2026\\\/03\\\/27\\\/el-adam-smith-center-reunio-a-seis-primeras-damas-latinoamericanas-para-debatir-sobre-el-liderazgo-femenino-3\\\/\",\"name\":\"El Adam Smith Center reuni\u00f3 a seis Primeras Damas latinoamericanas para debatir sobre el liderazgo femenino - Lobos News\",\"isPartOf\":{\"@id\":\"https:\\\/\\\/lobosnews.com.ar\\\/#website\"},\"primaryImageOfPage\":{\"@id\":\"https:\\\/\\\/lobosnews.com.ar\\\/index.php\\\/2026\\\/03\\\/27\\\/el-adam-smith-center-reunio-a-seis-primeras-damas-latinoamericanas-para-debatir-sobre-el-liderazgo-femenino-3\\\/#primaryimage\"},\"image\":{\"@id\":\"https:\\\/\\\/lobosnews.com.ar\\\/index.php\\\/2026\\\/03\\\/27\\\/el-adam-smith-center-reunio-a-seis-primeras-damas-latinoamericanas-para-debatir-sobre-el-liderazgo-femenino-3\\\/#primaryimage\"},\"thumbnailUrl\":\"https:\\\/\\\/lobosnews.com.ar\\\/wp-content\\\/uploads\\\/2026\\\/03\\\/el-adam-smith-center-reunio-a-seis-primeras-damas-latinoamericanas-para-debatir-sobre-el-liderazgo-femenino-29-scaled.jpg\",\"datePublished\":\"2026-03-27T10:13:35+00:00\",\"dateModified\":\"2026-03-27T10:29:46+00:00\",\"breadcrumb\":{\"@id\":\"https:\\\/\\\/lobosnews.com.ar\\\/index.php\\\/2026\\\/03\\\/27\\\/el-adam-smith-center-reunio-a-seis-primeras-damas-latinoamericanas-para-debatir-sobre-el-liderazgo-femenino-3\\\/#breadcrumb\"},\"inLanguage\":\"es\",\"potentialAction\":[{\"@type\":\"ReadAction\",\"target\":[\"https:\\\/\\\/lobosnews.com.ar\\\/index.php\\\/2026\\\/03\\\/27\\\/el-adam-smith-center-reunio-a-seis-primeras-damas-latinoamericanas-para-debatir-sobre-el-liderazgo-femenino-3\\\/\"]}]},{\"@type\":\"ImageObject\",\"inLanguage\":\"es\",\"@id\":\"https:\\\/\\\/lobosnews.com.ar\\\/index.php\\\/2026\\\/03\\\/27\\\/el-adam-smith-center-reunio-a-seis-primeras-damas-latinoamericanas-para-debatir-sobre-el-liderazgo-femenino-3\\\/#primaryimage\",\"url\":\"https:\\\/\\\/lobosnews.com.ar\\\/wp-content\\\/uploads\\\/2026\\\/03\\\/el-adam-smith-center-reunio-a-seis-primeras-damas-latinoamericanas-para-debatir-sobre-el-liderazgo-femenino-29-scaled.jpg\",\"contentUrl\":\"https:\\\/\\\/lobosnews.com.ar\\\/wp-content\\\/uploads\\\/2026\\\/03\\\/el-adam-smith-center-reunio-a-seis-primeras-damas-latinoamericanas-para-debatir-sobre-el-liderazgo-femenino-29-scaled.jpg\",\"width\":2560,\"height\":1440,\"caption\":\"El Adam Smith Center reuni\u00f3 a seis Primeras Damas latinoamericanas para debatir sobre el liderazgo femenino\"},{\"@type\":\"BreadcrumbList\",\"@id\":\"https:\\\/\\\/lobosnews.com.ar\\\/index.php\\\/2026\\\/03\\\/27\\\/el-adam-smith-center-reunio-a-seis-primeras-damas-latinoamericanas-para-debatir-sobre-el-liderazgo-femenino-3\\\/#breadcrumb\",\"itemListElement\":[{\"@type\":\"ListItem\",\"position\":1,\"name\":\"Portada\",\"item\":\"https:\\\/\\\/lobosnews.com.ar\\\/\"},{\"@type\":\"ListItem\",\"position\":2,\"name\":\"El Adam Smith Center reuni\u00f3 a seis Primeras Damas latinoamericanas para debatir sobre el liderazgo femenino\"}]},{\"@type\":\"WebSite\",\"@id\":\"https:\\\/\\\/lobosnews.com.ar\\\/#website\",\"url\":\"https:\\\/\\\/lobosnews.com.ar\\\/\",\"name\":\"Lobos News\",\"description\":\"Informaci\u00f3n a cada instante\",\"publisher\":{\"@id\":\"https:\\\/\\\/lobosnews.com.ar\\\/#organization\"},\"potentialAction\":[{\"@type\":\"SearchAction\",\"target\":{\"@type\":\"EntryPoint\",\"urlTemplate\":\"https:\\\/\\\/lobosnews.com.ar\\\/?s={search_term_string}\"},\"query-input\":{\"@type\":\"PropertyValueSpecification\",\"valueRequired\":true,\"valueName\":\"search_term_string\"}}],\"inLanguage\":\"es\"},{\"@type\":\"Organization\",\"@id\":\"https:\\\/\\\/lobosnews.com.ar\\\/#organization\",\"name\":\"Lobos News\",\"url\":\"https:\\\/\\\/lobosnews.com.ar\\\/\",\"logo\":{\"@type\":\"ImageObject\",\"inLanguage\":\"es\",\"@id\":\"https:\\\/\\\/lobosnews.com.ar\\\/#\\\/schema\\\/logo\\\/image\\\/\",\"url\":\"https:\\\/\\\/lobosnews.com.ar\\\/wp-content\\\/uploads\\\/2026\\\/01\\\/logo-lobosnews.png\",\"contentUrl\":\"https:\\\/\\\/lobosnews.com.ar\\\/wp-content\\\/uploads\\\/2026\\\/01\\\/logo-lobosnews.png\",\"width\":500,\"height\":200,\"caption\":\"Lobos News\"},\"image\":{\"@id\":\"https:\\\/\\\/lobosnews.com.ar\\\/#\\\/schema\\\/logo\\\/image\\\/\"}},{\"@type\":\"Person\",\"@id\":\"https:\\\/\\\/lobosnews.com.ar\\\/#\\\/schema\\\/person\\\/232422a593d5c541dd9aef6aaed10943\",\"name\":\"admin\",\"image\":{\"@type\":\"ImageObject\",\"inLanguage\":\"es\",\"@id\":\"https:\\\/\\\/secure.gravatar.com\\\/avatar\\\/76e419471a2083bc3ceab22a763dbbf9b0c1bd15a6214cf3280e2c2dde4580f9?s=96&d=mm&r=g\",\"url\":\"https:\\\/\\\/secure.gravatar.com\\\/avatar\\\/76e419471a2083bc3ceab22a763dbbf9b0c1bd15a6214cf3280e2c2dde4580f9?s=96&d=mm&r=g\",\"contentUrl\":\"https:\\\/\\\/secure.gravatar.com\\\/avatar\\\/76e419471a2083bc3ceab22a763dbbf9b0c1bd15a6214cf3280e2c2dde4580f9?s=96&d=mm&r=g\",\"caption\":\"admin\"},\"sameAs\":[\"https:\\\/\\\/lobosnews.com.ar\"],\"url\":\"https:\\\/\\\/lobosnews.com.ar\\\/index.php\\\/author\\\/lobos-news\\\/\"}]}<\/script>\n<!-- \/ Yoast SEO plugin. -->","yoast_head_json":{"title":"El Adam Smith Center reuni\u00f3 a seis Primeras Damas latinoamericanas para debatir sobre el liderazgo femenino - Lobos News","robots":{"index":"index","follow":"follow","max-snippet":"max-snippet:-1","max-image-preview":"max-image-preview:large","max-video-preview":"max-video-preview:-1"},"canonical":"https:\/\/lobosnews.com.ar\/index.php\/2026\/03\/27\/el-adam-smith-center-reunio-a-seis-primeras-damas-latinoamericanas-para-debatir-sobre-el-liderazgo-femenino-3\/","og_locale":"es_ES","og_type":"article","og_title":"El Adam Smith Center reuni\u00f3 a seis Primeras Damas latinoamericanas para debatir sobre el liderazgo femenino - Lobos News","og_description":"La edici\u00f3n inaugural del Di\u00e1logo Regional de C\u00f3nyuges de Jefes de Estado de las Am\u00e9ricas marca el inicio de una serie de encuentros orientados a consolidar una red hemisf\u00e9rica de liderazgo social con proyecci\u00f3n y capacidad de incidencia en la regi\u00f3n. Este evento, promovido por el Adam Smith Center for Economic Freedom de la Florida...","og_url":"https:\/\/lobosnews.com.ar\/index.php\/2026\/03\/27\/el-adam-smith-center-reunio-a-seis-primeras-damas-latinoamericanas-para-debatir-sobre-el-liderazgo-femenino-3\/","og_site_name":"Lobos News","article_published_time":"2026-03-27T10:13:35+00:00","article_modified_time":"2026-03-27T10:29:46+00:00","og_image":[{"url":"https:\/\/lobosnews.com.ar\/wp-content\/uploads\/2026\/03\/el-adam-smith-center-reunio-a-seis-primeras-damas-latinoamericanas-para-debatir-sobre-el-liderazgo-femenino.jpg","type":"","width":"","height":""}],"author":"admin","twitter_card":"summary_large_image","twitter_misc":{"Escrito por":"admin","Tiempo de lectura":"2 minutos"},"schema":{"@context":"https:\/\/schema.org","@graph":[{"@type":"Article","@id":"https:\/\/lobosnews.com.ar\/index.php\/2026\/03\/27\/el-adam-smith-center-reunio-a-seis-primeras-damas-latinoamericanas-para-debatir-sobre-el-liderazgo-femenino-3\/#article","isPartOf":{"@id":"https:\/\/lobosnews.com.ar\/index.php\/2026\/03\/27\/el-adam-smith-center-reunio-a-seis-primeras-damas-latinoamericanas-para-debatir-sobre-el-liderazgo-femenino-3\/"},"author":{"name":"admin","@id":"https:\/\/lobosnews.com.ar\/#\/schema\/person\/232422a593d5c541dd9aef6aaed10943"},"headline":"El Adam Smith Center reuni\u00f3 a seis Primeras Damas latinoamericanas para debatir sobre el liderazgo femenino","datePublished":"2026-03-27T10:13:35+00:00","dateModified":"2026-03-27T10:29:46+00:00","mainEntityOfPage":{"@id":"https:\/\/lobosnews.com.ar\/index.php\/2026\/03\/27\/el-adam-smith-center-reunio-a-seis-primeras-damas-latinoamericanas-para-debatir-sobre-el-liderazgo-femenino-3\/"},"wordCount":473,"commentCount":0,"publisher":{"@id":"https:\/\/lobosnews.com.ar\/#organization"},"image":{"@id":"https:\/\/lobosnews.com.ar\/index.php\/2026\/03\/27\/el-adam-smith-center-reunio-a-seis-primeras-damas-latinoamericanas-para-debatir-sobre-el-liderazgo-femenino-3\/#primaryimage"},"thumbnailUrl":"https:\/\/lobosnews.com.ar\/wp-content\/uploads\/2026\/03\/el-adam-smith-center-reunio-a-seis-primeras-damas-latinoamericanas-para-debatir-sobre-el-liderazgo-femenino-29-scaled.jpg","articleSection":["Actualidad"],"inLanguage":"es","potentialAction":[{"@type":"CommentAction","name":"Comment","target":["https:\/\/lobosnews.com.ar\/index.php\/2026\/03\/27\/el-adam-smith-center-reunio-a-seis-primeras-damas-latinoamericanas-para-debatir-sobre-el-liderazgo-femenino-3\/#respond"]}]},{"@type":"WebPage","@id":"https:\/\/lobosnews.com.ar\/index.php\/2026\/03\/27\/el-adam-smith-center-reunio-a-seis-primeras-damas-latinoamericanas-para-debatir-sobre-el-liderazgo-femenino-3\/","url":"https:\/\/lobosnews.com.ar\/index.php\/2026\/03\/27\/el-adam-smith-center-reunio-a-seis-primeras-damas-latinoamericanas-para-debatir-sobre-el-liderazgo-femenino-3\/","name":"El Adam Smith Center reuni\u00f3 a seis Primeras Damas latinoamericanas para debatir sobre el liderazgo femenino - Lobos News","isPartOf":{"@id":"https:\/\/lobosnews.com.ar\/#website"},"primaryImageOfPage":{"@id":"https:\/\/lobosnews.com.ar\/index.php\/2026\/03\/27\/el-adam-smith-center-reunio-a-seis-primeras-damas-latinoamericanas-para-debatir-sobre-el-liderazgo-femenino-3\/#primaryimage"},"image":{"@id":"https:\/\/lobosnews.com.ar\/index.php\/2026\/03\/27\/el-adam-smith-center-reunio-a-seis-primeras-damas-latinoamericanas-para-debatir-sobre-el-liderazgo-femenino-3\/#primaryimage"},"thumbnailUrl":"https:\/\/lobosnews.com.ar\/wp-content\/uploads\/2026\/03\/el-adam-smith-center-reunio-a-seis-primeras-damas-latinoamericanas-para-debatir-sobre-el-liderazgo-femenino-29-scaled.jpg","datePublished":"2026-03-27T10:13:35+00:00","dateModified":"2026-03-27T10:29:46+00:00","breadcrumb":{"@id":"https:\/\/lobosnews.com.ar\/index.php\/2026\/03\/27\/el-adam-smith-center-reunio-a-seis-primeras-damas-latinoamericanas-para-debatir-sobre-el-liderazgo-femenino-3\/#breadcrumb"},"inLanguage":"es","potentialAction":[{"@type":"ReadAction","target":["https:\/\/lobosnews.com.ar\/index.php\/2026\/03\/27\/el-adam-smith-center-reunio-a-seis-primeras-damas-latinoamericanas-para-debatir-sobre-el-liderazgo-femenino-3\/"]}]},{"@type":"ImageObject","inLanguage":"es","@id":"https:\/\/lobosnews.com.ar\/index.php\/2026\/03\/27\/el-adam-smith-center-reunio-a-seis-primeras-damas-latinoamericanas-para-debatir-sobre-el-liderazgo-femenino-3\/#primaryimage","url":"https:\/\/lobosnews.com.ar\/wp-content\/uploads\/2026\/03\/el-adam-smith-center-reunio-a-seis-primeras-damas-latinoamericanas-para-debatir-sobre-el-liderazgo-femenino-29-scaled.jpg","contentUrl":"https:\/\/lobosnews.com.ar\/wp-content\/uploads\/2026\/03\/el-adam-smith-center-reunio-a-seis-primeras-damas-latinoamericanas-para-debatir-sobre-el-liderazgo-femenino-29-scaled.jpg","width":2560,"height":1440,"caption":"El Adam Smith Center reuni\u00f3 a seis Primeras Damas latinoamericanas para debatir sobre el liderazgo femenino"},{"@type":"BreadcrumbList","@id":"https:\/\/lobosnews.com.ar\/index.php\/2026\/03\/27\/el-adam-smith-center-reunio-a-seis-primeras-damas-latinoamericanas-para-debatir-sobre-el-liderazgo-femenino-3\/#breadcrumb","itemListElement":[{"@type":"ListItem","position":1,"name":"Portada","item":"https:\/\/lobosnews.com.ar\/"},{"@type":"ListItem","position":2,"name":"El Adam Smith Center reuni\u00f3 a seis Primeras Damas latinoamericanas para debatir sobre el liderazgo femenino"}]},{"@type":"WebSite","@id":"https:\/\/lobosnews.com.ar\/#website","url":"https:\/\/lobosnews.com.ar\/","name":"Lobos News","description":"Informaci\u00f3n a cada instante","publisher":{"@id":"https:\/\/lobosnews.com.ar\/#organization"},"potentialAction":[{"@type":"SearchAction","target":{"@type":"EntryPoint","urlTemplate":"https:\/\/lobosnews.com.ar\/?s={search_term_string}"},"query-input":{"@type":"PropertyValueSpecification","valueRequired":true,"valueName":"search_term_string"}}],"inLanguage":"es"},{"@type":"Organization","@id":"https:\/\/lobosnews.com.ar\/#organization","name":"Lobos News","url":"https:\/\/lobosnews.com.ar\/","logo":{"@type":"ImageObject","inLanguage":"es","@id":"https:\/\/lobosnews.com.ar\/#\/schema\/logo\/image\/","url":"https:\/\/lobosnews.com.ar\/wp-content\/uploads\/2026\/01\/logo-lobosnews.png","contentUrl":"https:\/\/lobosnews.com.ar\/wp-content\/uploads\/2026\/01\/logo-lobosnews.png","width":500,"height":200,"caption":"Lobos News"},"image":{"@id":"https:\/\/lobosnews.com.ar\/#\/schema\/logo\/image\/"}},{"@type":"Person","@id":"https:\/\/lobosnews.com.ar\/#\/schema\/person\/232422a593d5c541dd9aef6aaed10943","name":"admin","image":{"@type":"ImageObject","inLanguage":"es","@id":"https:\/\/secure.gravatar.com\/avatar\/76e419471a2083bc3ceab22a763dbbf9b0c1bd15a6214cf3280e2c2dde4580f9?s=96&d=mm&r=g","url":"https:\/\/secure.gravatar.com\/avatar\/76e419471a2083bc3ceab22a763dbbf9b0c1bd15a6214cf3280e2c2dde4580f9?s=96&d=mm&r=g","contentUrl":"https:\/\/secure.gravatar.com\/avatar\/76e419471a2083bc3ceab22a763dbbf9b0c1bd15a6214cf3280e2c2dde4580f9?s=96&d=mm&r=g","caption":"admin"},"sameAs":["https:\/\/lobosnews.com.ar"],"url":"https:\/\/lobosnews.com.ar\/index.php\/author\/lobos-news\/"}]}},"jetpack_featured_media_url":"https:\/\/lobosnews.com.ar\/wp-content\/uploads\/2026\/03\/el-adam-smith-center-reunio-a-seis-primeras-damas-latinoamericanas-para-debatir-sobre-el-liderazgo-femenino-29-scaled.jpg","jetpack_sharing_enabled":true,"_links":{"self":[{"href":"https:\/\/lobosnews.com.ar\/index.php\/wp-json\/wp\/v2\/posts\/39385","targetHints":{"allow":["GET"]}}],"collection":[{"href":"https:\/\/lobosnews.com.ar\/index.php\/wp-json\/wp\/v2\/posts"}],"about":[{"href":"https:\/\/lobosnews.com.ar\/index.php\/wp-json\/wp\/v2\/types\/post"}],"author":[{"embeddable":true,"href":"https:\/\/lobosnews.com.ar\/index.php\/wp-json\/wp\/v2\/users\/1"}],"replies":[{"embeddable":true,"href":"https:\/\/lobosnews.com.ar\/index.php\/wp-json\/wp\/v2\/comments?post=39385"}],"version-history":[{"count":1,"href":"https:\/\/lobosnews.com.ar\/index.php\/wp-json\/wp\/v2\/posts\/39385\/revisions"}],"predecessor-version":[{"id":39404,"href":"https:\/\/lobosnews.com.ar\/index.php\/wp-json\/wp\/v2\/posts\/39385\/revisions\/39404"}],"wp:featuredmedia":[{"embeddable":true,"href":"https:\/\/lobosnews.com.ar\/index.php\/wp-json\/wp\/v2\/media\/39405"}],"wp:attachment":[{"href":"https:\/\/lobosnews.com.ar\/index.php\/wp-json\/wp\/v2\/media?parent=39385"}],"wp:term":[{"taxonomy":"category","embeddable":true,"href":"https:\/\/lobosnews.com.ar\/index.php\/wp-json\/wp\/v2\/categories?post=39385"},{"taxonomy":"post_tag","embeddable":true,"href":"https:\/\/lobosnews.com.ar\/index.php\/wp-json\/wp\/v2\/tags?post=39385"}],"curies":[{"name":"wp","href":"https:\/\/api.w.org\/{rel}","templated":true}]}}