{"id":38210,"date":"2026-03-25T04:49:56","date_gmt":"2026-03-25T04:49:56","guid":{"rendered":"https:\/\/lobosnews.com.ar\/index.php\/2026\/03\/25\/jugo-en-la-seleccion-y-marco-un-record-que-duro-18-anos-la-historia-completa-de-ricardo-arjona-como-basquetbolista-profesional\/"},"modified":"2026-03-25T09:34:03","modified_gmt":"2026-03-25T09:34:03","slug":"jugo-en-la-seleccion-y-marco-un-record-que-duro-18-anos-la-historia-completa-de-ricardo-arjona-como-basquetbolista-profesional","status":"publish","type":"post","link":"https:\/\/lobosnews.com.ar\/index.php\/2026\/03\/25\/jugo-en-la-seleccion-y-marco-un-record-que-duro-18-anos-la-historia-completa-de-ricardo-arjona-como-basquetbolista-profesional\/","title":{"rendered":"Jug\u00f3 en la selecci\u00f3n y marc\u00f3 un r\u00e9cord que dur\u00f3 18 a\u00f1os: la historia completa de Ricardo Arjona como basquetbolista profesional"},"content":{"rendered":"<p>Hace unos d\u00edas, en la victoria de <b>Miami Heat <\/b>ante <b>Washington Wizards<\/b> por 150 a 129, <span class=\"waslinkname\"><b>Bam Adebayo<\/b> se convirti\u00f3 en el segundo jugador con m\u00e1s puntos anotados en un solo encuentro en la historia de la<b> NBA<\/b><\/span>, con 83. Solo qued\u00f3 detr\u00e1s del legendario <b>Wilt Chamberlain<\/b>, quien asest\u00f3 100 en 1962. Pues bien, hay un famoso cantante que puede no envidiarle la marca a Adebayo: <b>Ricardo Arjona<\/b>. <\/p>\n<p>Antes de ser un cantante de reconocimiento mundial o, mejor dicho, en simult\u00e1neo con sus primeros pasos en la carrera que lo entroniz\u00f3, Arjona, de 62 a\u00f1os, fue basquetbolista. Y no uno cualquiera: un basquetbolista r\u00e9cord, con <b>paso por la selecci\u00f3n de Guatemala<\/b> y una bandera por ostentar: <b>convirti\u00f3 79 puntos en un partido con su equipo<\/b>, Leones de Marte, una marca que reci\u00e9n pudo ser batida en 2005.<\/p>\n<p>Fue en abril de 1987 cuando todas las estrellas que admiraba, junto a sus correspondientes musas, se corporizaron en sus 195 cent\u00edmetros para transformarlo en leyenda durante 18 a\u00f1os y no por sus famosas odas al universo femenino.<\/p>\n<p>Dos a\u00f1os antes de aquella faena, en 1985, Arjona grab\u00f3 su primer disco, \u201cD\u00e9jame decir que te amo\u201d, lo que confirma que combin\u00f3 sus pasiones hasta que la ola de la fama redujo a la pelota naranja a un pasatiempo en el que abreva cada vez que su agenda y las giras se lo permiten. De hecho, en 2023, visit\u00f3 las instalaciones de los <b>Golden State Warriors<\/b> y se dio el gusto de demostrar sus habilidades en el Oracle Arena y el Chase Center.<\/p>\n<p><img loading=\"lazy\" decoding=\"async\" src=\"https:\/\/lobosnews.com.ar\/wp-content\/uploads\/2026\/03\/jugo-en-la-seleccion-y-marco-un-record-que-duro-18-anos-la-historia-completa-de-ricardo-arjona-como-basquetbolista-profesional.jpg\" alt=\"El art\u00edculo que certifica los 79 puntos de Arjona en un mismo partido (X: @WarriorsLatam_)\" height=\"3415\" width=\"1920\"\/><\/p>\n<p>El guatemalteco es un enamorado de los deportes: el f\u00fatbol incluso lo seduce por encima del b\u00e1squetbol. Pero su porte f\u00edsico lo direccionaba hacia el aro. Y, con la misma disciplina con la que estudiaba canto en la casa familiar, o se presentaba en las competencias de los festivales, o se graduaba en magisterio, o se sumerg\u00eda en la carrera de Ciencias de la Comunicaci\u00f3n, Arjona tambi\u00e9n se entrenaba con aplicaci\u00f3n.<\/p>\n<p>Fue en la escuela donde descubri\u00f3 sus virtudes en el baloncesto. Su continuo desarrollo gener\u00f3 su evoluci\u00f3n y que Leones de Marte, uno de los equipos de mayor tradici\u00f3n del pa\u00eds, se fijara en \u00e9l. En declaraciones a <i>Prensa Libre<\/i>, <b>Enrique Amaya<\/b>, ex entrenador de Arjona, lo recuerda como <b>\u201cmuy serio al representar su papel de basquetbolista. Era muy tranquilo. \u00c9l separaba el deporte y la m\u00fasica\u201d<\/b>.<\/p>\n<p>Comenz\u00f3 su carrera como base, pero enseguida se transform\u00f3 en un escolta o alero din\u00e1mico, anotador; llevando su talento fronteras afuera de Guatemala con la selecci\u00f3n juvenil, de la que form\u00f3 parte en un certamen llevado a cabo en Honduras. Era muy querido entre sus compa\u00f1eros, ya generaba esa empat\u00eda que luego exprimi\u00f3 sobre los escenarios.<\/p>\n<p>En ese feeling con todos los componentes de su equipo se explica tambi\u00e9n la impactante marca de 79 puntos en un juego que logr\u00f3 en 1987. En el <b>estadio Teodoro Palacios Flores<\/b>, el mismo al que concurr\u00eda con su padre para disfrutar de recitales o de gestas deportivas, Arjona se puso al hombro el equipo y firm\u00f3 m\u00e1s tantos que todo el equipo rival, en la victoria de Leones 129-74 frente a <b>Confecciones MR<\/b>.<\/p>\n<p><img loading=\"lazy\" decoding=\"async\" src=\"https:\/\/lobosnews.com.ar\/wp-content\/uploads\/2026\/03\/jugo-en-la-seleccion-y-marco-un-record-que-duro-18-anos-la-historia-completa-de-ricardo-arjona-como-basquetbolista-profesional-1.jpg\" alt=\"Cuando sac\u00f3 su primer disco, el cantante todav\u00eda se desempe\u00f1aba como basquetbolista\" height=\"1910\" width=\"1920\"\/><\/p>\n<p>\u201cArjona recibi\u00f3 constante colaboraci\u00f3n del resto de sus compa\u00f1eros para dejar esa cifra que, indudablemente, va a ser dif\u00edcil de superar por buen tiempo\u201d, rubric\u00f3 en su art\u00edculo el periodista Rafael Mej\u00eda. En aquel entonces, el hito destruido por Arjona estaba en 54. Tuvieron que pasar 18 a\u00f1os para que el otro sello del cantante, no el discogr\u00e1fico, quedara en la historia. En 2005, <b>Marlon Dom\u00ednguez<\/b>, de <b>Sat-Cybertech<\/b>, anot\u00f3 89 puntos contra Panpichi para barrer con la huella m\u00e1s clara del artista en el b\u00e1squetbol.<\/p>\n<p>\u201cCuando se va a M\u00e9xico deja todo por un lado y busca su desarrollo como m\u00fasico. Ac\u00e1, en Guatemala, el baloncesto tampoco ten\u00eda como una imagen de desarrollo muy clara\u201d, le explic\u00f3 a <i>Prensa Libre<\/i> el coach Amaya. Lleg\u00f3 a la encrucijada y debi\u00f3 decidir. La trayectoria que edific\u00f3 avala su determinaci\u00f3n. Pero la pasi\u00f3n por el b\u00e1squetbol jam\u00e1s se apag\u00f3.<\/p>\n<p>\u201c<b>Yo hac\u00eda un poquito de todo. No era un \u2018pistolero\u2019, compart\u00eda la bola<\/b>. Crec\u00ed bastante tarde. Entonces me dio la oportunidad de comenzar como armador. Despu\u00e9s pegu\u00e9 el estir\u00f3n y crec\u00ed m\u00e1s de la cuenta. Bueno, m\u00e1s de la cuenta para la normalidad; menos de la cuenta para el b\u00e1squetbol. Por eso juego pr\u00e1cticamente en todas las posiciones\u201d, cont\u00f3 en una entrevista radial que brind\u00f3 hace 18 a\u00f1os en Rep\u00fablica Dominicana.<\/p>\n<p>La m\u00fasica lo lleva repetidamente a Estados Unidos, por lo que junto a su familia suele transformarse en espectador de los juegos de la NBA, liga en la que cultiv\u00f3 un fuerte fanatismo por <b>Michael Jordan<\/b>. Varias veces se lo ha visto en las gradas de los encuentros de los San Antonio Spurs, equipo en el que un latinoamericano ha marcado una \u00e9poca, como <b>Emanuel Gin\u00f3bili<\/b>.<\/p>\n<p>Y cuando vuelve a Guatemala y las luces del escenario se apagan\u2026 el basquetbolista resurge. Arjona se re\u00fane de tanto en tanto con sus ex compa\u00f1eros en Leones de Marte, o en la selecci\u00f3n juvenil, toma la pelota naranja, y vuelve a ser aquel escolta o alero espigado, de mano sensible para el aro. Y los \u00e9picos 79 puntos dejan de ser un recuerdo de otra vida aunque, como reza uno de sus canciones ic\u00f3nicas: <b>\u201cPara bien o para mal ya se escribi\u00f3, para bien o para mal ya se archiv\u00f3\u201d. <\/b><\/p>\n<p><img loading=\"lazy\" decoding=\"async\" src=\"https:\/\/lobosnews.com.ar\/wp-content\/uploads\/2026\/03\/jugo-en-la-seleccion-y-marco-un-record-que-duro-18-anos-la-historia-completa-de-ricardo-arjona-como-basquetbolista-profesional-2.jpg\" alt=\"Tapa de revista de Arjona como deportista y una imagen de uno de sus shows, ya en el rol que lo hizo famoso\" height=\"1080\" width=\"1920\"\/><\/p>\n","protected":false},"excerpt":{"rendered":"<p>Hace unos d\u00edas, en la victoria de Miami Heat ante Washington Wizards por 150 a 129, Bam Adebayo se convirti\u00f3 en el segundo jugador con m\u00e1s puntos anotados en un solo encuentro en la historia de la NBA, con 83. Solo qued\u00f3 detr\u00e1s del legendario Wilt Chamberlain, quien asest\u00f3 100 en 1962. Pues bien, hay&#8230;<\/p>\n","protected":false},"author":1,"featured_media":0,"comment_status":"open","ping_status":"closed","sticky":false,"template":"","format":"standard","meta":{"_jetpack_memberships_contains_paid_content":false,"footnotes":""},"categories":[30],"tags":[39],"class_list":["post-38210","post","type-post","status-publish","format-standard","hentry","category-argentina","tag-deportes"],"magazineBlocksPostFeaturedMedia":{"thumbnail":false,"medium":false,"medium_large":false,"large":false,"1536x1536":false,"2048x2048":false,"newsmatic-featured":false,"newsmatic-list":false,"newsmatic-thumb":false,"newsmatic-small":false,"newsmatic-grid":false},"magazineBlocksPostAuthor":{"name":"admin","avatar":"https:\/\/secure.gravatar.com\/avatar\/76e419471a2083bc3ceab22a763dbbf9b0c1bd15a6214cf3280e2c2dde4580f9?s=96&d=mm&r=g"},"magazineBlocksPostCommentsNumber":"0","magazineBlocksPostExcerpt":"Hace unos d\u00edas, en la victoria de Miami Heat ante Washington Wizards por 150 a 129, Bam Adebayo se convirti\u00f3 en el segundo jugador con m\u00e1s puntos anotados en un solo encuentro en la historia de la NBA, con 83. Solo qued\u00f3 detr\u00e1s del legendario Wilt Chamberlain, quien asest\u00f3 100 en 1962. Pues bien, hay...","magazineBlocksPostCategories":["Argentina"],"magazineBlocksPostViewCount":83,"magazineBlocksPostReadTime":5,"magazine_blocks_featured_image_url":{"full":false,"medium":false,"thumbnail":false},"magazine_blocks_author":{"display_name":"admin","author_link":"https:\/\/lobosnews.com.ar\/index.php\/author\/lobos-news\/"},"magazine_blocks_comment":0,"magazine_blocks_author_image":"https:\/\/secure.gravatar.com\/avatar\/76e419471a2083bc3ceab22a763dbbf9b0c1bd15a6214cf3280e2c2dde4580f9?s=96&d=mm&r=g","magazine_blocks_category":"<a href=\"#\" class=\"category-link category-link-30\">Argentina<\/a>","yoast_head":"<!-- This site is optimized with the Yoast SEO plugin v26.6 - https:\/\/yoast.com\/wordpress\/plugins\/seo\/ -->\n<title>Jug\u00f3 en la selecci\u00f3n y marc\u00f3 un r\u00e9cord que dur\u00f3 18 a\u00f1os: la historia completa de Ricardo Arjona como basquetbolista profesional - Lobos News<\/title>\n<meta name=\"robots\" content=\"index, follow, max-snippet:-1, max-image-preview:large, max-video-preview:-1\" \/>\n<link rel=\"canonical\" href=\"https:\/\/lobosnews.com.ar\/index.php\/2026\/03\/25\/jugo-en-la-seleccion-y-marco-un-record-que-duro-18-anos-la-historia-completa-de-ricardo-arjona-como-basquetbolista-profesional\/\" \/>\n<meta property=\"og:locale\" content=\"es_ES\" \/>\n<meta property=\"og:type\" content=\"article\" \/>\n<meta property=\"og:title\" content=\"Jug\u00f3 en la selecci\u00f3n y marc\u00f3 un r\u00e9cord que dur\u00f3 18 a\u00f1os: la historia completa de Ricardo Arjona como basquetbolista profesional - Lobos News\" \/>\n<meta property=\"og:description\" content=\"Hace unos d\u00edas, en la victoria de Miami Heat ante Washington Wizards por 150 a 129, Bam Adebayo se convirti\u00f3 en el segundo jugador con m\u00e1s puntos anotados en un solo encuentro en la historia de la NBA, con 83. Solo qued\u00f3 detr\u00e1s del legendario Wilt Chamberlain, quien asest\u00f3 100 en 1962. Pues bien, hay...\" \/>\n<meta property=\"og:url\" content=\"https:\/\/lobosnews.com.ar\/index.php\/2026\/03\/25\/jugo-en-la-seleccion-y-marco-un-record-que-duro-18-anos-la-historia-completa-de-ricardo-arjona-como-basquetbolista-profesional\/\" \/>\n<meta property=\"og:site_name\" content=\"Lobos News\" \/>\n<meta property=\"article:published_time\" content=\"2026-03-25T04:49:56+00:00\" \/>\n<meta property=\"article:modified_time\" content=\"2026-03-25T09:34:03+00:00\" \/>\n<meta property=\"og:image\" content=\"https:\/\/lobosnews.com.ar\/wp-content\/uploads\/2026\/03\/jugo-en-la-seleccion-y-marco-un-record-que-duro-18-anos-la-historia-completa-de-ricardo-arjona-como-basquetbolista-profesional.jpg\" \/>\n<meta name=\"author\" content=\"admin\" \/>\n<meta name=\"twitter:card\" content=\"summary_large_image\" \/>\n<meta name=\"twitter:label1\" content=\"Escrito por\" \/>\n\t<meta name=\"twitter:data1\" content=\"admin\" \/>\n\t<meta name=\"twitter:label2\" content=\"Tiempo de lectura\" \/>\n\t<meta name=\"twitter:data2\" content=\"5 minutos\" \/>\n<script type=\"application\/ld+json\" class=\"yoast-schema-graph\">{\"@context\":\"https:\/\/schema.org\",\"@graph\":[{\"@type\":\"Article\",\"@id\":\"https:\/\/lobosnews.com.ar\/index.php\/2026\/03\/25\/jugo-en-la-seleccion-y-marco-un-record-que-duro-18-anos-la-historia-completa-de-ricardo-arjona-como-basquetbolista-profesional\/#article\",\"isPartOf\":{\"@id\":\"https:\/\/lobosnews.com.ar\/index.php\/2026\/03\/25\/jugo-en-la-seleccion-y-marco-un-record-que-duro-18-anos-la-historia-completa-de-ricardo-arjona-como-basquetbolista-profesional\/\"},\"author\":{\"name\":\"admin\",\"@id\":\"https:\/\/lobosnews.com.ar\/#\/schema\/person\/232422a593d5c541dd9aef6aaed10943\"},\"headline\":\"Jug\u00f3 en la selecci\u00f3n y marc\u00f3 un r\u00e9cord que dur\u00f3 18 a\u00f1os: la historia completa de Ricardo Arjona como basquetbolista profesional\",\"datePublished\":\"2026-03-25T04:49:56+00:00\",\"dateModified\":\"2026-03-25T09:34:03+00:00\",\"mainEntityOfPage\":{\"@id\":\"https:\/\/lobosnews.com.ar\/index.php\/2026\/03\/25\/jugo-en-la-seleccion-y-marco-un-record-que-duro-18-anos-la-historia-completa-de-ricardo-arjona-como-basquetbolista-profesional\/\"},\"wordCount\":966,\"commentCount\":0,\"publisher\":{\"@id\":\"https:\/\/lobosnews.com.ar\/#organization\"},\"image\":{\"@id\":\"https:\/\/lobosnews.com.ar\/index.php\/2026\/03\/25\/jugo-en-la-seleccion-y-marco-un-record-que-duro-18-anos-la-historia-completa-de-ricardo-arjona-como-basquetbolista-profesional\/#primaryimage\"},\"thumbnailUrl\":\"https:\/\/lobosnews.com.ar\/wp-content\/uploads\/2026\/03\/jugo-en-la-seleccion-y-marco-un-record-que-duro-18-anos-la-historia-completa-de-ricardo-arjona-como-basquetbolista-profesional.jpg\",\"keywords\":[\"Deportes\"],\"articleSection\":[\"Argentina\"],\"inLanguage\":\"es\",\"potentialAction\":[{\"@type\":\"CommentAction\",\"name\":\"Comment\",\"target\":[\"https:\/\/lobosnews.com.ar\/index.php\/2026\/03\/25\/jugo-en-la-seleccion-y-marco-un-record-que-duro-18-anos-la-historia-completa-de-ricardo-arjona-como-basquetbolista-profesional\/#respond\"]}]},{\"@type\":\"WebPage\",\"@id\":\"https:\/\/lobosnews.com.ar\/index.php\/2026\/03\/25\/jugo-en-la-seleccion-y-marco-un-record-que-duro-18-anos-la-historia-completa-de-ricardo-arjona-como-basquetbolista-profesional\/\",\"url\":\"https:\/\/lobosnews.com.ar\/index.php\/2026\/03\/25\/jugo-en-la-seleccion-y-marco-un-record-que-duro-18-anos-la-historia-completa-de-ricardo-arjona-como-basquetbolista-profesional\/\",\"name\":\"Jug\u00f3 en la selecci\u00f3n y marc\u00f3 un r\u00e9cord que dur\u00f3 18 a\u00f1os: la historia completa de Ricardo Arjona como basquetbolista profesional - Lobos News\",\"isPartOf\":{\"@id\":\"https:\/\/lobosnews.com.ar\/#website\"},\"primaryImageOfPage\":{\"@id\":\"https:\/\/lobosnews.com.ar\/index.php\/2026\/03\/25\/jugo-en-la-seleccion-y-marco-un-record-que-duro-18-anos-la-historia-completa-de-ricardo-arjona-como-basquetbolista-profesional\/#primaryimage\"},\"image\":{\"@id\":\"https:\/\/lobosnews.com.ar\/index.php\/2026\/03\/25\/jugo-en-la-seleccion-y-marco-un-record-que-duro-18-anos-la-historia-completa-de-ricardo-arjona-como-basquetbolista-profesional\/#primaryimage\"},\"thumbnailUrl\":\"https:\/\/lobosnews.com.ar\/wp-content\/uploads\/2026\/03\/jugo-en-la-seleccion-y-marco-un-record-que-duro-18-anos-la-historia-completa-de-ricardo-arjona-como-basquetbolista-profesional.jpg\",\"datePublished\":\"2026-03-25T04:49:56+00:00\",\"dateModified\":\"2026-03-25T09:34:03+00:00\",\"breadcrumb\":{\"@id\":\"https:\/\/lobosnews.com.ar\/index.php\/2026\/03\/25\/jugo-en-la-seleccion-y-marco-un-record-que-duro-18-anos-la-historia-completa-de-ricardo-arjona-como-basquetbolista-profesional\/#breadcrumb\"},\"inLanguage\":\"es\",\"potentialAction\":[{\"@type\":\"ReadAction\",\"target\":[\"https:\/\/lobosnews.com.ar\/index.php\/2026\/03\/25\/jugo-en-la-seleccion-y-marco-un-record-que-duro-18-anos-la-historia-completa-de-ricardo-arjona-como-basquetbolista-profesional\/\"]}]},{\"@type\":\"ImageObject\",\"inLanguage\":\"es\",\"@id\":\"https:\/\/lobosnews.com.ar\/index.php\/2026\/03\/25\/jugo-en-la-seleccion-y-marco-un-record-que-duro-18-anos-la-historia-completa-de-ricardo-arjona-como-basquetbolista-profesional\/#primaryimage\",\"url\":\"https:\/\/lobosnews.com.ar\/wp-content\/uploads\/2026\/03\/jugo-en-la-seleccion-y-marco-un-record-que-duro-18-anos-la-historia-completa-de-ricardo-arjona-como-basquetbolista-profesional.jpg\",\"contentUrl\":\"https:\/\/lobosnews.com.ar\/wp-content\/uploads\/2026\/03\/jugo-en-la-seleccion-y-marco-un-record-que-duro-18-anos-la-historia-completa-de-ricardo-arjona-como-basquetbolista-profesional.jpg\"},{\"@type\":\"BreadcrumbList\",\"@id\":\"https:\/\/lobosnews.com.ar\/index.php\/2026\/03\/25\/jugo-en-la-seleccion-y-marco-un-record-que-duro-18-anos-la-historia-completa-de-ricardo-arjona-como-basquetbolista-profesional\/#breadcrumb\",\"itemListElement\":[{\"@type\":\"ListItem\",\"position\":1,\"name\":\"Portada\",\"item\":\"https:\/\/lobosnews.com.ar\/\"},{\"@type\":\"ListItem\",\"position\":2,\"name\":\"Jug\u00f3 en la selecci\u00f3n y marc\u00f3 un r\u00e9cord que dur\u00f3 18 a\u00f1os: la historia completa de Ricardo Arjona como basquetbolista profesional\"}]},{\"@type\":\"WebSite\",\"@id\":\"https:\/\/lobosnews.com.ar\/#website\",\"url\":\"https:\/\/lobosnews.com.ar\/\",\"name\":\"Lobos News\",\"description\":\"Informaci\u00f3n a cada instante\",\"publisher\":{\"@id\":\"https:\/\/lobosnews.com.ar\/#organization\"},\"potentialAction\":[{\"@type\":\"SearchAction\",\"target\":{\"@type\":\"EntryPoint\",\"urlTemplate\":\"https:\/\/lobosnews.com.ar\/?s={search_term_string}\"},\"query-input\":{\"@type\":\"PropertyValueSpecification\",\"valueRequired\":true,\"valueName\":\"search_term_string\"}}],\"inLanguage\":\"es\"},{\"@type\":\"Organization\",\"@id\":\"https:\/\/lobosnews.com.ar\/#organization\",\"name\":\"Lobos News\",\"url\":\"https:\/\/lobosnews.com.ar\/\",\"logo\":{\"@type\":\"ImageObject\",\"inLanguage\":\"es\",\"@id\":\"https:\/\/lobosnews.com.ar\/#\/schema\/logo\/image\/\",\"url\":\"https:\/\/lobosnews.com.ar\/wp-content\/uploads\/2026\/01\/logo-lobosnews.png\",\"contentUrl\":\"https:\/\/lobosnews.com.ar\/wp-content\/uploads\/2026\/01\/logo-lobosnews.png\",\"width\":500,\"height\":200,\"caption\":\"Lobos News\"},\"image\":{\"@id\":\"https:\/\/lobosnews.com.ar\/#\/schema\/logo\/image\/\"}},{\"@type\":\"Person\",\"@id\":\"https:\/\/lobosnews.com.ar\/#\/schema\/person\/232422a593d5c541dd9aef6aaed10943\",\"name\":\"admin\",\"image\":{\"@type\":\"ImageObject\",\"inLanguage\":\"es\",\"@id\":\"https:\/\/lobosnews.com.ar\/#\/schema\/person\/image\/\",\"url\":\"https:\/\/secure.gravatar.com\/avatar\/76e419471a2083bc3ceab22a763dbbf9b0c1bd15a6214cf3280e2c2dde4580f9?s=96&d=mm&r=g\",\"contentUrl\":\"https:\/\/secure.gravatar.com\/avatar\/76e419471a2083bc3ceab22a763dbbf9b0c1bd15a6214cf3280e2c2dde4580f9?s=96&d=mm&r=g\",\"caption\":\"admin\"},\"sameAs\":[\"https:\/\/lobosnews.com.ar\"],\"url\":\"https:\/\/lobosnews.com.ar\/index.php\/author\/lobos-news\/\"}]}<\/script>\n<!-- \/ Yoast SEO plugin. -->","yoast_head_json":{"title":"Jug\u00f3 en la selecci\u00f3n y marc\u00f3 un r\u00e9cord que dur\u00f3 18 a\u00f1os: la historia completa de Ricardo Arjona como basquetbolista profesional - Lobos News","robots":{"index":"index","follow":"follow","max-snippet":"max-snippet:-1","max-image-preview":"max-image-preview:large","max-video-preview":"max-video-preview:-1"},"canonical":"https:\/\/lobosnews.com.ar\/index.php\/2026\/03\/25\/jugo-en-la-seleccion-y-marco-un-record-que-duro-18-anos-la-historia-completa-de-ricardo-arjona-como-basquetbolista-profesional\/","og_locale":"es_ES","og_type":"article","og_title":"Jug\u00f3 en la selecci\u00f3n y marc\u00f3 un r\u00e9cord que dur\u00f3 18 a\u00f1os: la historia completa de Ricardo Arjona como basquetbolista profesional - Lobos News","og_description":"Hace unos d\u00edas, en la victoria de Miami Heat ante Washington Wizards por 150 a 129, Bam Adebayo se convirti\u00f3 en el segundo jugador con m\u00e1s puntos anotados en un solo encuentro en la historia de la NBA, con 83. Solo qued\u00f3 detr\u00e1s del legendario Wilt Chamberlain, quien asest\u00f3 100 en 1962. Pues bien, hay...","og_url":"https:\/\/lobosnews.com.ar\/index.php\/2026\/03\/25\/jugo-en-la-seleccion-y-marco-un-record-que-duro-18-anos-la-historia-completa-de-ricardo-arjona-como-basquetbolista-profesional\/","og_site_name":"Lobos News","article_published_time":"2026-03-25T04:49:56+00:00","article_modified_time":"2026-03-25T09:34:03+00:00","og_image":[{"url":"https:\/\/lobosnews.com.ar\/wp-content\/uploads\/2026\/03\/jugo-en-la-seleccion-y-marco-un-record-que-duro-18-anos-la-historia-completa-de-ricardo-arjona-como-basquetbolista-profesional.jpg","type":"","width":"","height":""}],"author":"admin","twitter_card":"summary_large_image","twitter_misc":{"Escrito por":"admin","Tiempo de lectura":"5 minutos"},"schema":{"@context":"https:\/\/schema.org","@graph":[{"@type":"Article","@id":"https:\/\/lobosnews.com.ar\/index.php\/2026\/03\/25\/jugo-en-la-seleccion-y-marco-un-record-que-duro-18-anos-la-historia-completa-de-ricardo-arjona-como-basquetbolista-profesional\/#article","isPartOf":{"@id":"https:\/\/lobosnews.com.ar\/index.php\/2026\/03\/25\/jugo-en-la-seleccion-y-marco-un-record-que-duro-18-anos-la-historia-completa-de-ricardo-arjona-como-basquetbolista-profesional\/"},"author":{"name":"admin","@id":"https:\/\/lobosnews.com.ar\/#\/schema\/person\/232422a593d5c541dd9aef6aaed10943"},"headline":"Jug\u00f3 en la selecci\u00f3n y marc\u00f3 un r\u00e9cord que dur\u00f3 18 a\u00f1os: la historia completa de Ricardo Arjona como basquetbolista profesional","datePublished":"2026-03-25T04:49:56+00:00","dateModified":"2026-03-25T09:34:03+00:00","mainEntityOfPage":{"@id":"https:\/\/lobosnews.com.ar\/index.php\/2026\/03\/25\/jugo-en-la-seleccion-y-marco-un-record-que-duro-18-anos-la-historia-completa-de-ricardo-arjona-como-basquetbolista-profesional\/"},"wordCount":966,"commentCount":0,"publisher":{"@id":"https:\/\/lobosnews.com.ar\/#organization"},"image":{"@id":"https:\/\/lobosnews.com.ar\/index.php\/2026\/03\/25\/jugo-en-la-seleccion-y-marco-un-record-que-duro-18-anos-la-historia-completa-de-ricardo-arjona-como-basquetbolista-profesional\/#primaryimage"},"thumbnailUrl":"https:\/\/lobosnews.com.ar\/wp-content\/uploads\/2026\/03\/jugo-en-la-seleccion-y-marco-un-record-que-duro-18-anos-la-historia-completa-de-ricardo-arjona-como-basquetbolista-profesional.jpg","keywords":["Deportes"],"articleSection":["Argentina"],"inLanguage":"es","potentialAction":[{"@type":"CommentAction","name":"Comment","target":["https:\/\/lobosnews.com.ar\/index.php\/2026\/03\/25\/jugo-en-la-seleccion-y-marco-un-record-que-duro-18-anos-la-historia-completa-de-ricardo-arjona-como-basquetbolista-profesional\/#respond"]}]},{"@type":"WebPage","@id":"https:\/\/lobosnews.com.ar\/index.php\/2026\/03\/25\/jugo-en-la-seleccion-y-marco-un-record-que-duro-18-anos-la-historia-completa-de-ricardo-arjona-como-basquetbolista-profesional\/","url":"https:\/\/lobosnews.com.ar\/index.php\/2026\/03\/25\/jugo-en-la-seleccion-y-marco-un-record-que-duro-18-anos-la-historia-completa-de-ricardo-arjona-como-basquetbolista-profesional\/","name":"Jug\u00f3 en la selecci\u00f3n y marc\u00f3 un r\u00e9cord que dur\u00f3 18 a\u00f1os: la historia completa de Ricardo Arjona como basquetbolista profesional - Lobos News","isPartOf":{"@id":"https:\/\/lobosnews.com.ar\/#website"},"primaryImageOfPage":{"@id":"https:\/\/lobosnews.com.ar\/index.php\/2026\/03\/25\/jugo-en-la-seleccion-y-marco-un-record-que-duro-18-anos-la-historia-completa-de-ricardo-arjona-como-basquetbolista-profesional\/#primaryimage"},"image":{"@id":"https:\/\/lobosnews.com.ar\/index.php\/2026\/03\/25\/jugo-en-la-seleccion-y-marco-un-record-que-duro-18-anos-la-historia-completa-de-ricardo-arjona-como-basquetbolista-profesional\/#primaryimage"},"thumbnailUrl":"https:\/\/lobosnews.com.ar\/wp-content\/uploads\/2026\/03\/jugo-en-la-seleccion-y-marco-un-record-que-duro-18-anos-la-historia-completa-de-ricardo-arjona-como-basquetbolista-profesional.jpg","datePublished":"2026-03-25T04:49:56+00:00","dateModified":"2026-03-25T09:34:03+00:00","breadcrumb":{"@id":"https:\/\/lobosnews.com.ar\/index.php\/2026\/03\/25\/jugo-en-la-seleccion-y-marco-un-record-que-duro-18-anos-la-historia-completa-de-ricardo-arjona-como-basquetbolista-profesional\/#breadcrumb"},"inLanguage":"es","potentialAction":[{"@type":"ReadAction","target":["https:\/\/lobosnews.com.ar\/index.php\/2026\/03\/25\/jugo-en-la-seleccion-y-marco-un-record-que-duro-18-anos-la-historia-completa-de-ricardo-arjona-como-basquetbolista-profesional\/"]}]},{"@type":"ImageObject","inLanguage":"es","@id":"https:\/\/lobosnews.com.ar\/index.php\/2026\/03\/25\/jugo-en-la-seleccion-y-marco-un-record-que-duro-18-anos-la-historia-completa-de-ricardo-arjona-como-basquetbolista-profesional\/#primaryimage","url":"https:\/\/lobosnews.com.ar\/wp-content\/uploads\/2026\/03\/jugo-en-la-seleccion-y-marco-un-record-que-duro-18-anos-la-historia-completa-de-ricardo-arjona-como-basquetbolista-profesional.jpg","contentUrl":"https:\/\/lobosnews.com.ar\/wp-content\/uploads\/2026\/03\/jugo-en-la-seleccion-y-marco-un-record-que-duro-18-anos-la-historia-completa-de-ricardo-arjona-como-basquetbolista-profesional.jpg"},{"@type":"BreadcrumbList","@id":"https:\/\/lobosnews.com.ar\/index.php\/2026\/03\/25\/jugo-en-la-seleccion-y-marco-un-record-que-duro-18-anos-la-historia-completa-de-ricardo-arjona-como-basquetbolista-profesional\/#breadcrumb","itemListElement":[{"@type":"ListItem","position":1,"name":"Portada","item":"https:\/\/lobosnews.com.ar\/"},{"@type":"ListItem","position":2,"name":"Jug\u00f3 en la selecci\u00f3n y marc\u00f3 un r\u00e9cord que dur\u00f3 18 a\u00f1os: la historia completa de Ricardo Arjona como basquetbolista profesional"}]},{"@type":"WebSite","@id":"https:\/\/lobosnews.com.ar\/#website","url":"https:\/\/lobosnews.com.ar\/","name":"Lobos News","description":"Informaci\u00f3n a cada instante","publisher":{"@id":"https:\/\/lobosnews.com.ar\/#organization"},"potentialAction":[{"@type":"SearchAction","target":{"@type":"EntryPoint","urlTemplate":"https:\/\/lobosnews.com.ar\/?s={search_term_string}"},"query-input":{"@type":"PropertyValueSpecification","valueRequired":true,"valueName":"search_term_string"}}],"inLanguage":"es"},{"@type":"Organization","@id":"https:\/\/lobosnews.com.ar\/#organization","name":"Lobos News","url":"https:\/\/lobosnews.com.ar\/","logo":{"@type":"ImageObject","inLanguage":"es","@id":"https:\/\/lobosnews.com.ar\/#\/schema\/logo\/image\/","url":"https:\/\/lobosnews.com.ar\/wp-content\/uploads\/2026\/01\/logo-lobosnews.png","contentUrl":"https:\/\/lobosnews.com.ar\/wp-content\/uploads\/2026\/01\/logo-lobosnews.png","width":500,"height":200,"caption":"Lobos News"},"image":{"@id":"https:\/\/lobosnews.com.ar\/#\/schema\/logo\/image\/"}},{"@type":"Person","@id":"https:\/\/lobosnews.com.ar\/#\/schema\/person\/232422a593d5c541dd9aef6aaed10943","name":"admin","image":{"@type":"ImageObject","inLanguage":"es","@id":"https:\/\/lobosnews.com.ar\/#\/schema\/person\/image\/","url":"https:\/\/secure.gravatar.com\/avatar\/76e419471a2083bc3ceab22a763dbbf9b0c1bd15a6214cf3280e2c2dde4580f9?s=96&d=mm&r=g","contentUrl":"https:\/\/secure.gravatar.com\/avatar\/76e419471a2083bc3ceab22a763dbbf9b0c1bd15a6214cf3280e2c2dde4580f9?s=96&d=mm&r=g","caption":"admin"},"sameAs":["https:\/\/lobosnews.com.ar"],"url":"https:\/\/lobosnews.com.ar\/index.php\/author\/lobos-news\/"}]}},"jetpack_featured_media_url":"","jetpack_sharing_enabled":true,"_links":{"self":[{"href":"https:\/\/lobosnews.com.ar\/index.php\/wp-json\/wp\/v2\/posts\/38210","targetHints":{"allow":["GET"]}}],"collection":[{"href":"https:\/\/lobosnews.com.ar\/index.php\/wp-json\/wp\/v2\/posts"}],"about":[{"href":"https:\/\/lobosnews.com.ar\/index.php\/wp-json\/wp\/v2\/types\/post"}],"author":[{"embeddable":true,"href":"https:\/\/lobosnews.com.ar\/index.php\/wp-json\/wp\/v2\/users\/1"}],"replies":[{"embeddable":true,"href":"https:\/\/lobosnews.com.ar\/index.php\/wp-json\/wp\/v2\/comments?post=38210"}],"version-history":[{"count":1,"href":"https:\/\/lobosnews.com.ar\/index.php\/wp-json\/wp\/v2\/posts\/38210\/revisions"}],"predecessor-version":[{"id":38214,"href":"https:\/\/lobosnews.com.ar\/index.php\/wp-json\/wp\/v2\/posts\/38210\/revisions\/38214"}],"wp:attachment":[{"href":"https:\/\/lobosnews.com.ar\/index.php\/wp-json\/wp\/v2\/media?parent=38210"}],"wp:term":[{"taxonomy":"category","embeddable":true,"href":"https:\/\/lobosnews.com.ar\/index.php\/wp-json\/wp\/v2\/categories?post=38210"},{"taxonomy":"post_tag","embeddable":true,"href":"https:\/\/lobosnews.com.ar\/index.php\/wp-json\/wp\/v2\/tags?post=38210"}],"curies":[{"name":"wp","href":"https:\/\/api.w.org\/{rel}","templated":true}]}}