{"id":3819,"date":"2026-01-09T00:06:24","date_gmt":"2026-01-09T00:06:24","guid":{"rendered":"https:\/\/lobosnews.com.ar\/index.php\/2026\/01\/09\/el-grupo-idea-exigio-el-fin-de-la-represion-en-venezuela-para-avanzar-hacia-una-transicion\/"},"modified":"2026-01-09T03:51:19","modified_gmt":"2026-01-09T03:51:19","slug":"el-grupo-idea-exigio-el-fin-de-la-represion-en-venezuela-para-avanzar-hacia-una-transicion","status":"publish","type":"post","link":"https:\/\/lobosnews.com.ar\/index.php\/2026\/01\/09\/el-grupo-idea-exigio-el-fin-de-la-represion-en-venezuela-para-avanzar-hacia-una-transicion\/","title":{"rendered":"El Grupo IDEA exigi\u00f3 el fin de la represi\u00f3n en Venezuela para avanzar hacia una transici\u00f3n"},"content":{"rendered":"<p><img loading=\"lazy\" decoding=\"async\" src=\"https:\/\/lobosnews.com.ar\/wp-content\/uploads\/2026\/01\/el-grupo-idea-exigio-el-fin-de-la-represion-en-venezuela-para-avanzar-hacia-una-transicion.jpg\" alt=\"Polic\u00edas en motocicleta salen del centro de detenci\u00f3n en Bole\u00edta, a donde fueron llevadas algunas personas detenidas en las recientes protestas, en Caracas, Venezuela, el 1 de agosto del 2024 (AP foto\/Matias Delacroix)\" height=\"3096\" width=\"4640\"\/><\/p>\n<p>Ex presidentes iberoamericanos agrupados en el Grupo IDEA reclamaron este jueves el <b>cese de la represi\u00f3n en Venezuela<\/b> como condici\u00f3n indispensable para cualquier transici\u00f3n democr\u00e1tica y afirmaron que <b>Edmundo Gonz\u00e1lez Urrutia<\/b> y <span class=\"waslinkname\"><b>Mar\u00eda Corina Machado<\/b><\/span> representan la \u201cvoluntad popular\u201d y la conducci\u00f3n leg\u00edtima del proceso.<\/p>\n<p>En un posicionamiento difundido desde Miami, los ex mandatarios se\u00f1alaron que <b>\u201cun proceso de transici\u00f3n hacia la democracia s\u00f3lo ser\u00e1 viable y real si cesa la represi\u00f3n\u201d<\/b> y exigieron la \u201cliberaci\u00f3n inmediata de todos los presos pol\u00edticos civiles y militares\u201d que permanecen detenidos en el pa\u00eds.<\/p>\n<p>El pronunciamiento re\u00fane a m\u00e1s de 30 ex gobernantes de Am\u00e9rica Latina y Espa\u00f1a, entre ellos <b>Jos\u00e9 Mar\u00eda Aznar<\/b>, <b>\u00c1lvaro Uribe<\/b>, <b>Mariano Rajoy<\/b>, <b>Felipe Calder\u00f3n<\/b>, <b>Mauricio Macri<\/b> e <b>Iv\u00e1n Duque<\/b>. Es la primera declaraci\u00f3n colectiva del grupo tras la intervenci\u00f3n de Estados Unidos en Venezuela del s\u00e1bado pasado.<\/p>\n<p>Los ex presidentes expresaron su <b>expectativa de \u201cun verdadero cambio que le restituya su dignidad y el goce pleno del bien de la libertad\u201d a los venezolanos<\/b>. En ese marco, reivindicaron \u201cla voluntad popular\u201d que, seg\u00fan sostienen, otorg\u00f3 un mandato democr\u00e1tico a Gonz\u00e1lez Urrutia y a Machado para encabezar la transici\u00f3n.<\/p>\n<p>El texto evita mencionar de forma expl\u00edcita al Gobierno de <b>Donald Trump<\/b>. Se limita a describir la \u201c<b>extracci\u00f3n de Nicol\u00e1s Maduro Moros<\/b>\u201d y su sometimiento a la justicia federal estadounidense por causas vinculadas al narcotr\u00e1fico, sin atribuir responsabilidades pol\u00edticas ni detallar el rol de Washington en el escenario posterior.<\/p>\n<p><img loading=\"lazy\" decoding=\"async\" src=\"https:\/\/lobosnews.com.ar\/wp-content\/uploads\/2026\/01\/el-grupo-idea-exigio-el-fin-de-la-represion-en-venezuela-para-avanzar-hacia-una-transicion-1.jpg\" alt=\"La ganadora del Premio Nobel de la Paz Mar\u00eda Corina Machado y el vicepresidente del Comit\u00e9 Noruego del Nobel, Asle Toje (derecha), en el exterior del Grand Hotel, en Oslo, el 12 de diciembre de 2025 (Ole Berg-Rusten\/NTB via AP)\" height=\"5649\" width=\"8474\"\/><\/p>\n<p>Ese \u00e9nfasis contrasta con la posici\u00f3n p\u00fablica de la Casa Blanca. Trump no ha mencionado a Gonz\u00e1lez Urrutia y<b> ha cuestionado la capacidad de Machado para liderar el pa\u00eds<\/b>, al afirmar que carece de apoyo y respeto suficientes dentro de Venezuela, pese a que Estados Unidos consider\u00f3 a Gonz\u00e1lez Urrutia como ganador de las presidenciales de 2024.<\/p>\n<p>En paralelo al pronunciamiento del Grupo IDEA, el presidente de la Asamblea Nacional venezolana, <span class=\"waslinkname\"><b>Jorge Rodr\u00edguez<\/b><\/span>, anunci\u00f3 la \u201cliberaci\u00f3n\u201d de \u201cun n\u00famero importante de personas\u201d, entre venezolanos y extranjeros. No precis\u00f3 cifras ni condiciones y present\u00f3 la medida como un \u201cgesto unilateral\u201d orientado a \u201cconsolidar la paz\u201d.<\/p>\n<p>Las organizaciones de derechos humanos ponen en duda el alcance real de ese anuncio. <b>La ONG Foro Penal cifra en 863 los presos pol\u00edticos en el pa\u00eds<\/b>, incluidos 86 extranjeros o personas con doble nacionalidad. Por su parte, <b>Justicia, Encuentro y Perd\u00f3n<\/b> alert\u00f3 esta semana sobre un \u201cpatr\u00f3n de endurecimiento\u201d de las condiciones de detenci\u00f3n.<\/p>\n<p>El debate sobre los presos pol\u00edticos se inscribe en un contexto de alta tensi\u00f3n institucional. Tras la captura de <b>Nicol\u00e1s Maduro<\/b> por fuerzas estadounidenses, el control del aparato estatal y la definici\u00f3n de una hoja de ruta para el per\u00edodo de transici\u00f3n se convirtieron en el eje de una disputa que combina presiones externas, negociaciones opacas y se\u00f1ales contradictorias desde Caracas.<\/p>\n<p>Para el Grupo IDEA, <b>la clave est\u00e1 en restablecer garant\u00edas m\u00ednimas antes de cualquier negociaci\u00f3n pol\u00edtica<\/b>. Sin el levantamiento de la represi\u00f3n, advierten, no habr\u00e1 condiciones para que una transici\u00f3n sea \u201creal\u201d ni para que el liderazgo opositor pueda ejercer el mandato que dicen haber recibido en las urnas.<\/p>\n","protected":false},"excerpt":{"rendered":"<p>Ex presidentes iberoamericanos agrupados en el Grupo IDEA reclamaron este jueves el cese de la represi\u00f3n en Venezuela como condici\u00f3n indispensable para cualquier transici\u00f3n democr\u00e1tica y afirmaron que Edmundo Gonz\u00e1lez Urrutia y Mar\u00eda Corina Machado representan la \u201cvoluntad popular\u201d y la conducci\u00f3n leg\u00edtima del proceso. En un posicionamiento difundido desde Miami, los ex mandatarios se\u00f1alaron&#8230;<\/p>\n","protected":false},"author":1,"featured_media":3823,"comment_status":"open","ping_status":"closed","sticky":false,"template":"","format":"standard","meta":{"_jetpack_memberships_contains_paid_content":false,"footnotes":""},"categories":[31],"tags":[],"class_list":["post-3819","post","type-post","status-publish","format-standard","has-post-thumbnail","hentry","category-actualidad"],"magazineBlocksPostFeaturedMedia":{"thumbnail":"https:\/\/lobosnews.com.ar\/wp-content\/uploads\/2026\/01\/el-grupo-idea-exigio-el-fin-de-la-represion-en-venezuela-para-avanzar-hacia-una-transicion-2-150x150.jpg","medium":"https:\/\/lobosnews.com.ar\/wp-content\/uploads\/2026\/01\/el-grupo-idea-exigio-el-fin-de-la-represion-en-venezuela-para-avanzar-hacia-una-transicion-2-300x200.jpg","medium_large":"https:\/\/lobosnews.com.ar\/wp-content\/uploads\/2026\/01\/el-grupo-idea-exigio-el-fin-de-la-represion-en-venezuela-para-avanzar-hacia-una-transicion-2-768x512.jpg","large":"https:\/\/lobosnews.com.ar\/wp-content\/uploads\/2026\/01\/el-grupo-idea-exigio-el-fin-de-la-represion-en-venezuela-para-avanzar-hacia-una-transicion-2-1024x683.jpg","1536x1536":"https:\/\/lobosnews.com.ar\/wp-content\/uploads\/2026\/01\/el-grupo-idea-exigio-el-fin-de-la-represion-en-venezuela-para-avanzar-hacia-una-transicion-2-1536x1024.jpg","2048x2048":"https:\/\/lobosnews.com.ar\/wp-content\/uploads\/2026\/01\/el-grupo-idea-exigio-el-fin-de-la-represion-en-venezuela-para-avanzar-hacia-una-transicion-2-2048x1365.jpg","newsmatic-featured":"https:\/\/lobosnews.com.ar\/wp-content\/uploads\/2026\/01\/el-grupo-idea-exigio-el-fin-de-la-represion-en-venezuela-para-avanzar-hacia-una-transicion-2-820x545.jpg","newsmatic-list":"https:\/\/lobosnews.com.ar\/wp-content\/uploads\/2026\/01\/el-grupo-idea-exigio-el-fin-de-la-represion-en-venezuela-para-avanzar-hacia-una-transicion-2-600x400.jpg","newsmatic-thumb":"https:\/\/lobosnews.com.ar\/wp-content\/uploads\/2026\/01\/el-grupo-idea-exigio-el-fin-de-la-represion-en-venezuela-para-avanzar-hacia-una-transicion-2-300x200.jpg","newsmatic-small":"https:\/\/lobosnews.com.ar\/wp-content\/uploads\/2026\/01\/el-grupo-idea-exigio-el-fin-de-la-represion-en-venezuela-para-avanzar-hacia-una-transicion-2-150x95.jpg","newsmatic-grid":"https:\/\/lobosnews.com.ar\/wp-content\/uploads\/2026\/01\/el-grupo-idea-exigio-el-fin-de-la-represion-en-venezuela-para-avanzar-hacia-una-transicion-2-400x250.jpg"},"magazineBlocksPostAuthor":{"name":"admin","avatar":"https:\/\/secure.gravatar.com\/avatar\/76e419471a2083bc3ceab22a763dbbf9b0c1bd15a6214cf3280e2c2dde4580f9?s=96&d=mm&r=g"},"magazineBlocksPostCommentsNumber":"0","magazineBlocksPostExcerpt":"Ex presidentes iberoamericanos agrupados en el Grupo IDEA reclamaron este jueves el cese de la represi\u00f3n en Venezuela como condici\u00f3n indispensable para cualquier transici\u00f3n democr\u00e1tica y afirmaron que Edmundo Gonz\u00e1lez Urrutia y Mar\u00eda Corina Machado representan la \u201cvoluntad popular\u201d y la conducci\u00f3n leg\u00edtima del proceso. En un posicionamiento difundido desde Miami, los ex mandatarios se\u00f1alaron...","magazineBlocksPostCategories":["Actualidad"],"magazineBlocksPostViewCount":163,"magazineBlocksPostReadTime":3,"magazine_blocks_featured_image_url":{"full":["https:\/\/lobosnews.com.ar\/wp-content\/uploads\/2026\/01\/el-grupo-idea-exigio-el-fin-de-la-represion-en-venezuela-para-avanzar-hacia-una-transicion-2-scaled.jpg",2560,1706,false],"medium":["https:\/\/lobosnews.com.ar\/wp-content\/uploads\/2026\/01\/el-grupo-idea-exigio-el-fin-de-la-represion-en-venezuela-para-avanzar-hacia-una-transicion-2-300x200.jpg",300,200,true],"thumbnail":["https:\/\/lobosnews.com.ar\/wp-content\/uploads\/2026\/01\/el-grupo-idea-exigio-el-fin-de-la-represion-en-venezuela-para-avanzar-hacia-una-transicion-2-150x150.jpg",150,150,true]},"magazine_blocks_author":{"display_name":"admin","author_link":"https:\/\/lobosnews.com.ar\/index.php\/author\/lobos-news\/"},"magazine_blocks_comment":0,"magazine_blocks_author_image":"https:\/\/secure.gravatar.com\/avatar\/76e419471a2083bc3ceab22a763dbbf9b0c1bd15a6214cf3280e2c2dde4580f9?s=96&d=mm&r=g","magazine_blocks_category":"<a href=\"#\" class=\"category-link category-link-31\">Actualidad<\/a>","yoast_head":"<!-- This site is optimized with the Yoast SEO plugin v26.6 - https:\/\/yoast.com\/wordpress\/plugins\/seo\/ -->\n<title>El Grupo IDEA exigi\u00f3 el fin de la represi\u00f3n en Venezuela para avanzar hacia una transici\u00f3n - Lobos News<\/title>\n<meta name=\"robots\" content=\"index, follow, max-snippet:-1, max-image-preview:large, max-video-preview:-1\" \/>\n<link rel=\"canonical\" href=\"https:\/\/lobosnews.com.ar\/index.php\/2026\/01\/09\/el-grupo-idea-exigio-el-fin-de-la-represion-en-venezuela-para-avanzar-hacia-una-transicion\/\" \/>\n<meta property=\"og:locale\" content=\"es_ES\" \/>\n<meta property=\"og:type\" content=\"article\" \/>\n<meta property=\"og:title\" content=\"El Grupo IDEA exigi\u00f3 el fin de la represi\u00f3n en Venezuela para avanzar hacia una transici\u00f3n - Lobos News\" \/>\n<meta property=\"og:description\" content=\"Ex presidentes iberoamericanos agrupados en el Grupo IDEA reclamaron este jueves el cese de la represi\u00f3n en Venezuela como condici\u00f3n indispensable para cualquier transici\u00f3n democr\u00e1tica y afirmaron que Edmundo Gonz\u00e1lez Urrutia y Mar\u00eda Corina Machado representan la \u201cvoluntad popular\u201d y la conducci\u00f3n leg\u00edtima del proceso. En un posicionamiento difundido desde Miami, los ex mandatarios se\u00f1alaron...\" \/>\n<meta property=\"og:url\" content=\"https:\/\/lobosnews.com.ar\/index.php\/2026\/01\/09\/el-grupo-idea-exigio-el-fin-de-la-represion-en-venezuela-para-avanzar-hacia-una-transicion\/\" \/>\n<meta property=\"og:site_name\" content=\"Lobos News\" \/>\n<meta property=\"article:published_time\" content=\"2026-01-09T00:06:24+00:00\" \/>\n<meta property=\"article:modified_time\" content=\"2026-01-09T03:51:19+00:00\" \/>\n<meta property=\"og:image\" content=\"https:\/\/lobosnews.com.ar\/wp-content\/uploads\/2026\/01\/el-grupo-idea-exigio-el-fin-de-la-represion-en-venezuela-para-avanzar-hacia-una-transicion.jpg\" \/>\n<meta name=\"author\" content=\"admin\" \/>\n<meta name=\"twitter:card\" content=\"summary_large_image\" \/>\n<meta name=\"twitter:label1\" content=\"Escrito por\" \/>\n\t<meta name=\"twitter:data1\" content=\"admin\" \/>\n\t<meta name=\"twitter:label2\" content=\"Tiempo de lectura\" \/>\n\t<meta name=\"twitter:data2\" content=\"3 minutos\" \/>\n<script type=\"application\/ld+json\" class=\"yoast-schema-graph\">{\"@context\":\"https:\/\/schema.org\",\"@graph\":[{\"@type\":\"Article\",\"@id\":\"https:\/\/lobosnews.com.ar\/index.php\/2026\/01\/09\/el-grupo-idea-exigio-el-fin-de-la-represion-en-venezuela-para-avanzar-hacia-una-transicion\/#article\",\"isPartOf\":{\"@id\":\"https:\/\/lobosnews.com.ar\/index.php\/2026\/01\/09\/el-grupo-idea-exigio-el-fin-de-la-represion-en-venezuela-para-avanzar-hacia-una-transicion\/\"},\"author\":{\"name\":\"admin\",\"@id\":\"https:\/\/lobosnews.com.ar\/#\/schema\/person\/232422a593d5c541dd9aef6aaed10943\"},\"headline\":\"El Grupo IDEA exigi\u00f3 el fin de la represi\u00f3n en Venezuela para avanzar hacia una transici\u00f3n\",\"datePublished\":\"2026-01-09T00:06:24+00:00\",\"dateModified\":\"2026-01-09T03:51:19+00:00\",\"mainEntityOfPage\":{\"@id\":\"https:\/\/lobosnews.com.ar\/index.php\/2026\/01\/09\/el-grupo-idea-exigio-el-fin-de-la-represion-en-venezuela-para-avanzar-hacia-una-transicion\/\"},\"wordCount\":582,\"commentCount\":0,\"publisher\":{\"@id\":\"https:\/\/lobosnews.com.ar\/#organization\"},\"image\":{\"@id\":\"https:\/\/lobosnews.com.ar\/index.php\/2026\/01\/09\/el-grupo-idea-exigio-el-fin-de-la-represion-en-venezuela-para-avanzar-hacia-una-transicion\/#primaryimage\"},\"thumbnailUrl\":\"https:\/\/lobosnews.com.ar\/wp-content\/uploads\/2026\/01\/el-grupo-idea-exigio-el-fin-de-la-represion-en-venezuela-para-avanzar-hacia-una-transicion-2-scaled.jpg\",\"articleSection\":[\"Actualidad\"],\"inLanguage\":\"es\",\"potentialAction\":[{\"@type\":\"CommentAction\",\"name\":\"Comment\",\"target\":[\"https:\/\/lobosnews.com.ar\/index.php\/2026\/01\/09\/el-grupo-idea-exigio-el-fin-de-la-represion-en-venezuela-para-avanzar-hacia-una-transicion\/#respond\"]}]},{\"@type\":\"WebPage\",\"@id\":\"https:\/\/lobosnews.com.ar\/index.php\/2026\/01\/09\/el-grupo-idea-exigio-el-fin-de-la-represion-en-venezuela-para-avanzar-hacia-una-transicion\/\",\"url\":\"https:\/\/lobosnews.com.ar\/index.php\/2026\/01\/09\/el-grupo-idea-exigio-el-fin-de-la-represion-en-venezuela-para-avanzar-hacia-una-transicion\/\",\"name\":\"El Grupo IDEA exigi\u00f3 el fin de la represi\u00f3n en Venezuela para avanzar hacia una transici\u00f3n - Lobos News\",\"isPartOf\":{\"@id\":\"https:\/\/lobosnews.com.ar\/#website\"},\"primaryImageOfPage\":{\"@id\":\"https:\/\/lobosnews.com.ar\/index.php\/2026\/01\/09\/el-grupo-idea-exigio-el-fin-de-la-represion-en-venezuela-para-avanzar-hacia-una-transicion\/#primaryimage\"},\"image\":{\"@id\":\"https:\/\/lobosnews.com.ar\/index.php\/2026\/01\/09\/el-grupo-idea-exigio-el-fin-de-la-represion-en-venezuela-para-avanzar-hacia-una-transicion\/#primaryimage\"},\"thumbnailUrl\":\"https:\/\/lobosnews.com.ar\/wp-content\/uploads\/2026\/01\/el-grupo-idea-exigio-el-fin-de-la-represion-en-venezuela-para-avanzar-hacia-una-transicion-2-scaled.jpg\",\"datePublished\":\"2026-01-09T00:06:24+00:00\",\"dateModified\":\"2026-01-09T03:51:19+00:00\",\"breadcrumb\":{\"@id\":\"https:\/\/lobosnews.com.ar\/index.php\/2026\/01\/09\/el-grupo-idea-exigio-el-fin-de-la-represion-en-venezuela-para-avanzar-hacia-una-transicion\/#breadcrumb\"},\"inLanguage\":\"es\",\"potentialAction\":[{\"@type\":\"ReadAction\",\"target\":[\"https:\/\/lobosnews.com.ar\/index.php\/2026\/01\/09\/el-grupo-idea-exigio-el-fin-de-la-represion-en-venezuela-para-avanzar-hacia-una-transicion\/\"]}]},{\"@type\":\"ImageObject\",\"inLanguage\":\"es\",\"@id\":\"https:\/\/lobosnews.com.ar\/index.php\/2026\/01\/09\/el-grupo-idea-exigio-el-fin-de-la-represion-en-venezuela-para-avanzar-hacia-una-transicion\/#primaryimage\",\"url\":\"https:\/\/lobosnews.com.ar\/wp-content\/uploads\/2026\/01\/el-grupo-idea-exigio-el-fin-de-la-represion-en-venezuela-para-avanzar-hacia-una-transicion-2-scaled.jpg\",\"contentUrl\":\"https:\/\/lobosnews.com.ar\/wp-content\/uploads\/2026\/01\/el-grupo-idea-exigio-el-fin-de-la-represion-en-venezuela-para-avanzar-hacia-una-transicion-2-scaled.jpg\",\"width\":2560,\"height\":1706,\"caption\":\"El Grupo IDEA exigi\u00f3 el fin de la represi\u00f3n en Venezuela para avanzar hacia una transici\u00f3n\"},{\"@type\":\"BreadcrumbList\",\"@id\":\"https:\/\/lobosnews.com.ar\/index.php\/2026\/01\/09\/el-grupo-idea-exigio-el-fin-de-la-represion-en-venezuela-para-avanzar-hacia-una-transicion\/#breadcrumb\",\"itemListElement\":[{\"@type\":\"ListItem\",\"position\":1,\"name\":\"Portada\",\"item\":\"https:\/\/lobosnews.com.ar\/\"},{\"@type\":\"ListItem\",\"position\":2,\"name\":\"El Grupo IDEA exigi\u00f3 el fin de la represi\u00f3n en Venezuela para avanzar hacia una transici\u00f3n\"}]},{\"@type\":\"WebSite\",\"@id\":\"https:\/\/lobosnews.com.ar\/#website\",\"url\":\"https:\/\/lobosnews.com.ar\/\",\"name\":\"Lobos News\",\"description\":\"Informaci\u00f3n a cada instante\",\"publisher\":{\"@id\":\"https:\/\/lobosnews.com.ar\/#organization\"},\"potentialAction\":[{\"@type\":\"SearchAction\",\"target\":{\"@type\":\"EntryPoint\",\"urlTemplate\":\"https:\/\/lobosnews.com.ar\/?s={search_term_string}\"},\"query-input\":{\"@type\":\"PropertyValueSpecification\",\"valueRequired\":true,\"valueName\":\"search_term_string\"}}],\"inLanguage\":\"es\"},{\"@type\":\"Organization\",\"@id\":\"https:\/\/lobosnews.com.ar\/#organization\",\"name\":\"Lobos News\",\"url\":\"https:\/\/lobosnews.com.ar\/\",\"logo\":{\"@type\":\"ImageObject\",\"inLanguage\":\"es\",\"@id\":\"https:\/\/lobosnews.com.ar\/#\/schema\/logo\/image\/\",\"url\":\"https:\/\/lobosnews.com.ar\/wp-content\/uploads\/2026\/01\/logo-lobosnews.png\",\"contentUrl\":\"https:\/\/lobosnews.com.ar\/wp-content\/uploads\/2026\/01\/logo-lobosnews.png\",\"width\":500,\"height\":200,\"caption\":\"Lobos News\"},\"image\":{\"@id\":\"https:\/\/lobosnews.com.ar\/#\/schema\/logo\/image\/\"}},{\"@type\":\"Person\",\"@id\":\"https:\/\/lobosnews.com.ar\/#\/schema\/person\/232422a593d5c541dd9aef6aaed10943\",\"name\":\"admin\",\"image\":{\"@type\":\"ImageObject\",\"inLanguage\":\"es\",\"@id\":\"https:\/\/lobosnews.com.ar\/#\/schema\/person\/image\/\",\"url\":\"https:\/\/secure.gravatar.com\/avatar\/76e419471a2083bc3ceab22a763dbbf9b0c1bd15a6214cf3280e2c2dde4580f9?s=96&d=mm&r=g\",\"contentUrl\":\"https:\/\/secure.gravatar.com\/avatar\/76e419471a2083bc3ceab22a763dbbf9b0c1bd15a6214cf3280e2c2dde4580f9?s=96&d=mm&r=g\",\"caption\":\"admin\"},\"sameAs\":[\"https:\/\/lobosnews.com.ar\"],\"url\":\"https:\/\/lobosnews.com.ar\/index.php\/author\/lobos-news\/\"}]}<\/script>\n<!-- \/ Yoast SEO plugin. -->","yoast_head_json":{"title":"El Grupo IDEA exigi\u00f3 el fin de la represi\u00f3n en Venezuela para avanzar hacia una transici\u00f3n - Lobos News","robots":{"index":"index","follow":"follow","max-snippet":"max-snippet:-1","max-image-preview":"max-image-preview:large","max-video-preview":"max-video-preview:-1"},"canonical":"https:\/\/lobosnews.com.ar\/index.php\/2026\/01\/09\/el-grupo-idea-exigio-el-fin-de-la-represion-en-venezuela-para-avanzar-hacia-una-transicion\/","og_locale":"es_ES","og_type":"article","og_title":"El Grupo IDEA exigi\u00f3 el fin de la represi\u00f3n en Venezuela para avanzar hacia una transici\u00f3n - Lobos News","og_description":"Ex presidentes iberoamericanos agrupados en el Grupo IDEA reclamaron este jueves el cese de la represi\u00f3n en Venezuela como condici\u00f3n indispensable para cualquier transici\u00f3n democr\u00e1tica y afirmaron que Edmundo Gonz\u00e1lez Urrutia y Mar\u00eda Corina Machado representan la \u201cvoluntad popular\u201d y la conducci\u00f3n leg\u00edtima del proceso. En un posicionamiento difundido desde Miami, los ex mandatarios se\u00f1alaron...","og_url":"https:\/\/lobosnews.com.ar\/index.php\/2026\/01\/09\/el-grupo-idea-exigio-el-fin-de-la-represion-en-venezuela-para-avanzar-hacia-una-transicion\/","og_site_name":"Lobos News","article_published_time":"2026-01-09T00:06:24+00:00","article_modified_time":"2026-01-09T03:51:19+00:00","og_image":[{"url":"https:\/\/lobosnews.com.ar\/wp-content\/uploads\/2026\/01\/el-grupo-idea-exigio-el-fin-de-la-represion-en-venezuela-para-avanzar-hacia-una-transicion.jpg","type":"","width":"","height":""}],"author":"admin","twitter_card":"summary_large_image","twitter_misc":{"Escrito por":"admin","Tiempo de lectura":"3 minutos"},"schema":{"@context":"https:\/\/schema.org","@graph":[{"@type":"Article","@id":"https:\/\/lobosnews.com.ar\/index.php\/2026\/01\/09\/el-grupo-idea-exigio-el-fin-de-la-represion-en-venezuela-para-avanzar-hacia-una-transicion\/#article","isPartOf":{"@id":"https:\/\/lobosnews.com.ar\/index.php\/2026\/01\/09\/el-grupo-idea-exigio-el-fin-de-la-represion-en-venezuela-para-avanzar-hacia-una-transicion\/"},"author":{"name":"admin","@id":"https:\/\/lobosnews.com.ar\/#\/schema\/person\/232422a593d5c541dd9aef6aaed10943"},"headline":"El Grupo IDEA exigi\u00f3 el fin de la represi\u00f3n en Venezuela para avanzar hacia una transici\u00f3n","datePublished":"2026-01-09T00:06:24+00:00","dateModified":"2026-01-09T03:51:19+00:00","mainEntityOfPage":{"@id":"https:\/\/lobosnews.com.ar\/index.php\/2026\/01\/09\/el-grupo-idea-exigio-el-fin-de-la-represion-en-venezuela-para-avanzar-hacia-una-transicion\/"},"wordCount":582,"commentCount":0,"publisher":{"@id":"https:\/\/lobosnews.com.ar\/#organization"},"image":{"@id":"https:\/\/lobosnews.com.ar\/index.php\/2026\/01\/09\/el-grupo-idea-exigio-el-fin-de-la-represion-en-venezuela-para-avanzar-hacia-una-transicion\/#primaryimage"},"thumbnailUrl":"https:\/\/lobosnews.com.ar\/wp-content\/uploads\/2026\/01\/el-grupo-idea-exigio-el-fin-de-la-represion-en-venezuela-para-avanzar-hacia-una-transicion-2-scaled.jpg","articleSection":["Actualidad"],"inLanguage":"es","potentialAction":[{"@type":"CommentAction","name":"Comment","target":["https:\/\/lobosnews.com.ar\/index.php\/2026\/01\/09\/el-grupo-idea-exigio-el-fin-de-la-represion-en-venezuela-para-avanzar-hacia-una-transicion\/#respond"]}]},{"@type":"WebPage","@id":"https:\/\/lobosnews.com.ar\/index.php\/2026\/01\/09\/el-grupo-idea-exigio-el-fin-de-la-represion-en-venezuela-para-avanzar-hacia-una-transicion\/","url":"https:\/\/lobosnews.com.ar\/index.php\/2026\/01\/09\/el-grupo-idea-exigio-el-fin-de-la-represion-en-venezuela-para-avanzar-hacia-una-transicion\/","name":"El Grupo IDEA exigi\u00f3 el fin de la represi\u00f3n en Venezuela para avanzar hacia una transici\u00f3n - Lobos News","isPartOf":{"@id":"https:\/\/lobosnews.com.ar\/#website"},"primaryImageOfPage":{"@id":"https:\/\/lobosnews.com.ar\/index.php\/2026\/01\/09\/el-grupo-idea-exigio-el-fin-de-la-represion-en-venezuela-para-avanzar-hacia-una-transicion\/#primaryimage"},"image":{"@id":"https:\/\/lobosnews.com.ar\/index.php\/2026\/01\/09\/el-grupo-idea-exigio-el-fin-de-la-represion-en-venezuela-para-avanzar-hacia-una-transicion\/#primaryimage"},"thumbnailUrl":"https:\/\/lobosnews.com.ar\/wp-content\/uploads\/2026\/01\/el-grupo-idea-exigio-el-fin-de-la-represion-en-venezuela-para-avanzar-hacia-una-transicion-2-scaled.jpg","datePublished":"2026-01-09T00:06:24+00:00","dateModified":"2026-01-09T03:51:19+00:00","breadcrumb":{"@id":"https:\/\/lobosnews.com.ar\/index.php\/2026\/01\/09\/el-grupo-idea-exigio-el-fin-de-la-represion-en-venezuela-para-avanzar-hacia-una-transicion\/#breadcrumb"},"inLanguage":"es","potentialAction":[{"@type":"ReadAction","target":["https:\/\/lobosnews.com.ar\/index.php\/2026\/01\/09\/el-grupo-idea-exigio-el-fin-de-la-represion-en-venezuela-para-avanzar-hacia-una-transicion\/"]}]},{"@type":"ImageObject","inLanguage":"es","@id":"https:\/\/lobosnews.com.ar\/index.php\/2026\/01\/09\/el-grupo-idea-exigio-el-fin-de-la-represion-en-venezuela-para-avanzar-hacia-una-transicion\/#primaryimage","url":"https:\/\/lobosnews.com.ar\/wp-content\/uploads\/2026\/01\/el-grupo-idea-exigio-el-fin-de-la-represion-en-venezuela-para-avanzar-hacia-una-transicion-2-scaled.jpg","contentUrl":"https:\/\/lobosnews.com.ar\/wp-content\/uploads\/2026\/01\/el-grupo-idea-exigio-el-fin-de-la-represion-en-venezuela-para-avanzar-hacia-una-transicion-2-scaled.jpg","width":2560,"height":1706,"caption":"El Grupo IDEA exigi\u00f3 el fin de la represi\u00f3n en Venezuela para avanzar hacia una transici\u00f3n"},{"@type":"BreadcrumbList","@id":"https:\/\/lobosnews.com.ar\/index.php\/2026\/01\/09\/el-grupo-idea-exigio-el-fin-de-la-represion-en-venezuela-para-avanzar-hacia-una-transicion\/#breadcrumb","itemListElement":[{"@type":"ListItem","position":1,"name":"Portada","item":"https:\/\/lobosnews.com.ar\/"},{"@type":"ListItem","position":2,"name":"El Grupo IDEA exigi\u00f3 el fin de la represi\u00f3n en Venezuela para avanzar hacia una transici\u00f3n"}]},{"@type":"WebSite","@id":"https:\/\/lobosnews.com.ar\/#website","url":"https:\/\/lobosnews.com.ar\/","name":"Lobos News","description":"Informaci\u00f3n a cada instante","publisher":{"@id":"https:\/\/lobosnews.com.ar\/#organization"},"potentialAction":[{"@type":"SearchAction","target":{"@type":"EntryPoint","urlTemplate":"https:\/\/lobosnews.com.ar\/?s={search_term_string}"},"query-input":{"@type":"PropertyValueSpecification","valueRequired":true,"valueName":"search_term_string"}}],"inLanguage":"es"},{"@type":"Organization","@id":"https:\/\/lobosnews.com.ar\/#organization","name":"Lobos News","url":"https:\/\/lobosnews.com.ar\/","logo":{"@type":"ImageObject","inLanguage":"es","@id":"https:\/\/lobosnews.com.ar\/#\/schema\/logo\/image\/","url":"https:\/\/lobosnews.com.ar\/wp-content\/uploads\/2026\/01\/logo-lobosnews.png","contentUrl":"https:\/\/lobosnews.com.ar\/wp-content\/uploads\/2026\/01\/logo-lobosnews.png","width":500,"height":200,"caption":"Lobos News"},"image":{"@id":"https:\/\/lobosnews.com.ar\/#\/schema\/logo\/image\/"}},{"@type":"Person","@id":"https:\/\/lobosnews.com.ar\/#\/schema\/person\/232422a593d5c541dd9aef6aaed10943","name":"admin","image":{"@type":"ImageObject","inLanguage":"es","@id":"https:\/\/lobosnews.com.ar\/#\/schema\/person\/image\/","url":"https:\/\/secure.gravatar.com\/avatar\/76e419471a2083bc3ceab22a763dbbf9b0c1bd15a6214cf3280e2c2dde4580f9?s=96&d=mm&r=g","contentUrl":"https:\/\/secure.gravatar.com\/avatar\/76e419471a2083bc3ceab22a763dbbf9b0c1bd15a6214cf3280e2c2dde4580f9?s=96&d=mm&r=g","caption":"admin"},"sameAs":["https:\/\/lobosnews.com.ar"],"url":"https:\/\/lobosnews.com.ar\/index.php\/author\/lobos-news\/"}]}},"jetpack_featured_media_url":"https:\/\/lobosnews.com.ar\/wp-content\/uploads\/2026\/01\/el-grupo-idea-exigio-el-fin-de-la-represion-en-venezuela-para-avanzar-hacia-una-transicion-2-scaled.jpg","jetpack_sharing_enabled":true,"_links":{"self":[{"href":"https:\/\/lobosnews.com.ar\/index.php\/wp-json\/wp\/v2\/posts\/3819","targetHints":{"allow":["GET"]}}],"collection":[{"href":"https:\/\/lobosnews.com.ar\/index.php\/wp-json\/wp\/v2\/posts"}],"about":[{"href":"https:\/\/lobosnews.com.ar\/index.php\/wp-json\/wp\/v2\/types\/post"}],"author":[{"embeddable":true,"href":"https:\/\/lobosnews.com.ar\/index.php\/wp-json\/wp\/v2\/users\/1"}],"replies":[{"embeddable":true,"href":"https:\/\/lobosnews.com.ar\/index.php\/wp-json\/wp\/v2\/comments?post=3819"}],"version-history":[{"count":1,"href":"https:\/\/lobosnews.com.ar\/index.php\/wp-json\/wp\/v2\/posts\/3819\/revisions"}],"predecessor-version":[{"id":3822,"href":"https:\/\/lobosnews.com.ar\/index.php\/wp-json\/wp\/v2\/posts\/3819\/revisions\/3822"}],"wp:featuredmedia":[{"embeddable":true,"href":"https:\/\/lobosnews.com.ar\/index.php\/wp-json\/wp\/v2\/media\/3823"}],"wp:attachment":[{"href":"https:\/\/lobosnews.com.ar\/index.php\/wp-json\/wp\/v2\/media?parent=3819"}],"wp:term":[{"taxonomy":"category","embeddable":true,"href":"https:\/\/lobosnews.com.ar\/index.php\/wp-json\/wp\/v2\/categories?post=3819"},{"taxonomy":"post_tag","embeddable":true,"href":"https:\/\/lobosnews.com.ar\/index.php\/wp-json\/wp\/v2\/tags?post=3819"}],"curies":[{"name":"wp","href":"https:\/\/api.w.org\/{rel}","templated":true}]}}