{"id":34292,"date":"2026-03-16T14:55:02","date_gmt":"2026-03-16T14:55:02","guid":{"rendered":"https:\/\/lobosnews.com.ar\/index.php\/2026\/03\/16\/el-cluster-smoda-consolida-a-disenadores-salvadorenos-en-mercados-internacionales\/"},"modified":"2026-03-16T15:33:21","modified_gmt":"2026-03-16T15:33:21","slug":"el-cluster-smoda-consolida-a-disenadores-salvadorenos-en-mercados-internacionales","status":"publish","type":"post","link":"https:\/\/lobosnews.com.ar\/index.php\/2026\/03\/16\/el-cluster-smoda-consolida-a-disenadores-salvadorenos-en-mercados-internacionales\/","title":{"rendered":"El cl\u00faster SMODA consolida a dise\u00f1adores salvadore\u00f1os en mercados internacionales"},"content":{"rendered":"<p><img loading=\"lazy\" decoding=\"async\" src=\"https:\/\/lobosnews.com.ar\/wp-content\/uploads\/2026\/03\/el-cluster-smoda-consolida-a-disenadores-salvadorenos-en-mercados-internacionales.jpg\" alt=\"CONAMYPE apoya incubaci\u00f3n de proyectos de dise\u00f1o, producci\u00f3n textil y artesan\u00eda de alto valor.\/(CONAMYPE)\" height=\"1066\" width=\"1600\"\/><\/p>\n<p>La <b>Comisi\u00f3n Nacional de la Micro y Peque\u00f1a Empresa (CONAMYPE)<\/b> impulsa el crecimiento del sector moda en <b>El Salvador<\/b> mediante la creaci\u00f3n y fortalecimiento de m\u00e1s de 30 marcas salvadore\u00f1as cada a\u00f1o. <\/p>\n<p>La instituci\u00f3n ha consolidado su rol como agente clave en la incubaci\u00f3n de proyectos de dise\u00f1o, producci\u00f3n textil y artesan\u00eda de alto valor agregado, posicionando a la moda local en escenarios nacionales e internacionales.<\/p>\n<p>El cl\u00faster <b>SMODA<\/b>, lanzado en 2019 como iniciativa de <b>CONAMYPE<\/b>, representa el eje principal de este proceso. Se trata de un programa abierto a dise\u00f1adores, artesanos y estudiantes universitarios vinculados al rubro textil y de la moda. <\/p>\n<p>La propuesta se orienta a identificar talento emergente, brindar formaci\u00f3n t\u00e9cnica y empresarial, y conectar a los participantes con mercados potenciales dentro y fuera del pa\u00eds.<\/p>\n<p>Paul Steiner, presidente de CONAMYPE, explic\u00f3 que cada a\u00f1o se incorporan entre 30 y 50 nuevas marcas al ecosistema de SMODA. El proceso incluye apoyo en bancarizaci\u00f3n, estrategias de comercializaci\u00f3n, desarrollo de marca y acceso a ferias y pasarelas. <b>\u201cLa mayor\u00eda de los proyectos que ingresan al cl\u00faster logran exportar productos en su primer a\u00f1o\u201d<\/b>, afirm\u00f3 Steiner durante la entrevista con Infobae El Salvador.<\/p>\n<p>El impacto de <b>SMODA <\/b>se observa tanto en la generaci\u00f3n de empleo como en la diversificaci\u00f3n de la oferta creativa salvadore\u00f1a. Los dise\u00f1adores y artesanos que forman parte del cl\u00faster tienen acceso a capacitaciones sobre tendencias, innovaci\u00f3n en materiales, uso de tintes naturales y t\u00e9cnicas de confecci\u00f3n sostenible. <\/p>\n<p>Adem\u00e1s, reciben mentor\u00eda sobre gesti\u00f3n empresarial y desarrollo de colecciones, lo cual les permite competir en mercados exigentes y adaptarse a las demandas internacionales.<\/p>\n<p><img loading=\"lazy\" decoding=\"async\" src=\"https:\/\/lobosnews.com.ar\/wp-content\/uploads\/2026\/03\/el-cluster-smoda-consolida-a-disenadores-salvadorenos-en-mercados-internacionales-1.jpg\" alt=\"CONAMYPE trabaja de la mano con dise\u00f1adores y artesanos para la creaci\u00f3n de nuevas marcas, adem\u00e1s de estudiantes universitarios que desean emprender.\/(CONAMYPE)\" height=\"865\" width=\"1599\"\/><\/p>\n<p>Uno de los elementos distintivos de la moda promovida por <b>CONAMYPE<\/b> es la revalorizaci\u00f3n de t\u00e9cnicas artesanales tradicionales. El programa fomenta la utilizaci\u00f3n de tintes naturales y tejidos aut\u00f3ctonos, integrando elementos culturales en propuestas contempor\u00e1neas. <\/p>\n<p>Durante la participaci\u00f3n en el <b>London Fashion Show<\/b> de 2020, una de las marcas destacadas atrajo la atenci\u00f3n internacional por una blusa te\u00f1ida con c\u00farcuma, ejemplo del enfoque innovador basado en la identidad local.<\/p>\n<p><b>La proyecci\u00f3n internacional es otro pilar del modelo de desarrollo. A trav\u00e9s de alianzas con casas comercializadoras en ciudades como Mil\u00e1n, Roma, Nueva York y Madrid, las marcas que nacen en el cl\u00faster SMODA han tenido la oportunidad de presentar sus colecciones en ferias y pasarelas reconocidas.<\/b> Steiner detall\u00f3 que la presencia en estos eventos ha permitido a los dise\u00f1adores salvadore\u00f1os vender sus productos y establecer contratos de suministro con compradores extranjeros.<\/p>\n<p>En el \u00e1mbito local, los festivales de arte y dise\u00f1o organizados por <b>CONAMYPE<\/b> han servido como plataformas de lanzamiento para nuevos talentos. En 2025, la instituci\u00f3n realiz\u00f3 tres festivales en <b>Suchitoto<\/b>, <b>Chalchuapa<\/b> y el puerto <b>La Libertad<\/b>, donde se exhibieron colecciones de trajes de ba\u00f1o, primavera y verano. Estas actividades, coordinadas junto al <b>Instituto Salvadore\u00f1o de Turismo (ISTU)<\/b>, integran a dise\u00f1adores, artesanos, proveedores y productores agr\u00edcolas en una cadena de valor que dinamiza la econom\u00eda local.<\/p>\n<p>El impacto econ\u00f3mico y social del cl\u00faster SMODA se refleja en la creaci\u00f3n de empleos y la apertura de oportunidades para comunidades rurales. El trabajo articulado involucra a campesinos que producen materia prima para tintes naturales, proveedores de insumos, talleres de confecci\u00f3n y dise\u00f1adores. <b>Cada pasarela puede movilizar a miles de personas, desde la producci\u00f3n agr\u00edcola hasta la venta final en mercados internacionales.<\/b><\/p>\n<p><img loading=\"lazy\" decoding=\"async\" src=\"https:\/\/lobosnews.com.ar\/wp-content\/uploads\/2026\/03\/el-cluster-smoda-consolida-a-disenadores-salvadorenos-en-mercados-internacionales-2.jpg\" alt=\"El apoyo por parte de CONAMYPE incluye tambi\u00e9n a la banca y el acceso a diversas plataformas.\/(CONAMYPE)\" height=\"1365\" width=\"2048\"\/><\/p>\n<p>Steiner explic\u00f3 que el proceso de acompa\u00f1amiento a las marcas incluye formaci\u00f3n en bancarizaci\u00f3n, acceso a plataformas de exportaci\u00f3n y campa\u00f1as de posicionamiento en redes y ferias internacionales. El objetivo es que cada emprendedor cuente con las herramientas necesarias para consolidar su marca y sostener su crecimiento en el tiempo.<\/p>\n<p>La labor de <b>CONAMYPE<\/b> y <b>SMODA<\/b> ha posicionado a <b>El Salvador<\/b> como referente regional en incubaci\u00f3n y aceleraci\u00f3n de empresas de moda, con metodolog\u00edas compartidas en <b>Centroam\u00e9rica<\/b> y <b>Sudam\u00e9rica<\/b>. La exportaci\u00f3n de productos de dise\u00f1o salvadore\u00f1o y la consolidaci\u00f3n de marcas con identidad local demuestran la capacidad del sector para competir a nivel global.<\/p>\n<p>A trav\u00e9s de una pol\u00edtica de acompa\u00f1amiento integral, <b>CONAMYPE<\/b> reafirma su compromiso con el desarrollo del sector moda, impulsando la creaci\u00f3n de m\u00e1s de 30 marcas al a\u00f1o y abriendo nuevas posibilidades para el talento creativo salvadore\u00f1o.<\/p>\n","protected":false},"excerpt":{"rendered":"<p>La Comisi\u00f3n Nacional de la Micro y Peque\u00f1a Empresa (CONAMYPE) impulsa el crecimiento del sector moda en El Salvador mediante la creaci\u00f3n y fortalecimiento de m\u00e1s de 30 marcas salvadore\u00f1as cada a\u00f1o. La instituci\u00f3n ha consolidado su rol como agente clave en la incubaci\u00f3n de proyectos de dise\u00f1o, producci\u00f3n textil y artesan\u00eda de alto valor&#8230;<\/p>\n","protected":false},"author":1,"featured_media":34297,"comment_status":"open","ping_status":"closed","sticky":false,"template":"","format":"standard","meta":{"_jetpack_memberships_contains_paid_content":false,"footnotes":""},"categories":[31],"tags":[],"class_list":["post-34292","post","type-post","status-publish","format-standard","has-post-thumbnail","hentry","category-actualidad"],"magazineBlocksPostFeaturedMedia":{"thumbnail":"https:\/\/lobosnews.com.ar\/wp-content\/uploads\/2026\/03\/el-cluster-smoda-consolida-a-disenadores-salvadorenos-en-mercados-internacionales-4-150x150.jpg","medium":"https:\/\/lobosnews.com.ar\/wp-content\/uploads\/2026\/03\/el-cluster-smoda-consolida-a-disenadores-salvadorenos-en-mercados-internacionales-4-300x200.jpg","medium_large":"https:\/\/lobosnews.com.ar\/wp-content\/uploads\/2026\/03\/el-cluster-smoda-consolida-a-disenadores-salvadorenos-en-mercados-internacionales-4-768x512.jpg","large":"https:\/\/lobosnews.com.ar\/wp-content\/uploads\/2026\/03\/el-cluster-smoda-consolida-a-disenadores-salvadorenos-en-mercados-internacionales-4-1024x683.jpg","1536x1536":"https:\/\/lobosnews.com.ar\/wp-content\/uploads\/2026\/03\/el-cluster-smoda-consolida-a-disenadores-salvadorenos-en-mercados-internacionales-4-1536x1024.jpg","2048x2048":"https:\/\/lobosnews.com.ar\/wp-content\/uploads\/2026\/03\/el-cluster-smoda-consolida-a-disenadores-salvadorenos-en-mercados-internacionales-4.jpg","newsmatic-featured":"https:\/\/lobosnews.com.ar\/wp-content\/uploads\/2026\/03\/el-cluster-smoda-consolida-a-disenadores-salvadorenos-en-mercados-internacionales-4-820x545.jpg","newsmatic-list":"https:\/\/lobosnews.com.ar\/wp-content\/uploads\/2026\/03\/el-cluster-smoda-consolida-a-disenadores-salvadorenos-en-mercados-internacionales-4-600x400.jpg","newsmatic-thumb":"https:\/\/lobosnews.com.ar\/wp-content\/uploads\/2026\/03\/el-cluster-smoda-consolida-a-disenadores-salvadorenos-en-mercados-internacionales-4-300x200.jpg","newsmatic-small":"https:\/\/lobosnews.com.ar\/wp-content\/uploads\/2026\/03\/el-cluster-smoda-consolida-a-disenadores-salvadorenos-en-mercados-internacionales-4-150x95.jpg","newsmatic-grid":"https:\/\/lobosnews.com.ar\/wp-content\/uploads\/2026\/03\/el-cluster-smoda-consolida-a-disenadores-salvadorenos-en-mercados-internacionales-4-400x250.jpg"},"magazineBlocksPostAuthor":{"name":"admin","avatar":"https:\/\/secure.gravatar.com\/avatar\/76e419471a2083bc3ceab22a763dbbf9b0c1bd15a6214cf3280e2c2dde4580f9?s=96&d=mm&r=g"},"magazineBlocksPostCommentsNumber":"0","magazineBlocksPostExcerpt":"La Comisi\u00f3n Nacional de la Micro y Peque\u00f1a Empresa (CONAMYPE) impulsa el crecimiento del sector moda en El Salvador mediante la creaci\u00f3n y fortalecimiento de m\u00e1s de 30 marcas salvadore\u00f1as cada a\u00f1o. La instituci\u00f3n ha consolidado su rol como agente clave en la incubaci\u00f3n de proyectos de dise\u00f1o, producci\u00f3n textil y artesan\u00eda de alto valor...","magazineBlocksPostCategories":["Actualidad"],"magazineBlocksPostViewCount":71,"magazineBlocksPostReadTime":4,"magazine_blocks_featured_image_url":{"full":["https:\/\/lobosnews.com.ar\/wp-content\/uploads\/2026\/03\/el-cluster-smoda-consolida-a-disenadores-salvadorenos-en-mercados-internacionales-4.jpg",2048,1365,false],"medium":["https:\/\/lobosnews.com.ar\/wp-content\/uploads\/2026\/03\/el-cluster-smoda-consolida-a-disenadores-salvadorenos-en-mercados-internacionales-4-300x200.jpg",300,200,true],"thumbnail":["https:\/\/lobosnews.com.ar\/wp-content\/uploads\/2026\/03\/el-cluster-smoda-consolida-a-disenadores-salvadorenos-en-mercados-internacionales-4-150x150.jpg",150,150,true]},"magazine_blocks_author":{"display_name":"admin","author_link":"https:\/\/lobosnews.com.ar\/index.php\/author\/lobos-news\/"},"magazine_blocks_comment":0,"magazine_blocks_author_image":"https:\/\/secure.gravatar.com\/avatar\/76e419471a2083bc3ceab22a763dbbf9b0c1bd15a6214cf3280e2c2dde4580f9?s=96&d=mm&r=g","magazine_blocks_category":"<a href=\"#\" class=\"category-link category-link-31\">Actualidad<\/a>","yoast_head":"<!-- This site is optimized with the Yoast SEO plugin v26.6 - https:\/\/yoast.com\/wordpress\/plugins\/seo\/ -->\n<title>El cl\u00faster SMODA consolida a dise\u00f1adores salvadore\u00f1os en mercados internacionales - Lobos News<\/title>\n<meta name=\"robots\" content=\"index, follow, max-snippet:-1, max-image-preview:large, max-video-preview:-1\" \/>\n<link rel=\"canonical\" href=\"https:\/\/lobosnews.com.ar\/index.php\/2026\/03\/16\/el-cluster-smoda-consolida-a-disenadores-salvadorenos-en-mercados-internacionales\/\" \/>\n<meta property=\"og:locale\" content=\"es_ES\" \/>\n<meta property=\"og:type\" content=\"article\" \/>\n<meta property=\"og:title\" content=\"El cl\u00faster SMODA consolida a dise\u00f1adores salvadore\u00f1os en mercados internacionales - Lobos News\" \/>\n<meta property=\"og:description\" content=\"La Comisi\u00f3n Nacional de la Micro y Peque\u00f1a Empresa (CONAMYPE) impulsa el crecimiento del sector moda en El Salvador mediante la creaci\u00f3n y fortalecimiento de m\u00e1s de 30 marcas salvadore\u00f1as cada a\u00f1o. La instituci\u00f3n ha consolidado su rol como agente clave en la incubaci\u00f3n de proyectos de dise\u00f1o, producci\u00f3n textil y artesan\u00eda de alto valor...\" \/>\n<meta property=\"og:url\" content=\"https:\/\/lobosnews.com.ar\/index.php\/2026\/03\/16\/el-cluster-smoda-consolida-a-disenadores-salvadorenos-en-mercados-internacionales\/\" \/>\n<meta property=\"og:site_name\" content=\"Lobos News\" \/>\n<meta property=\"article:published_time\" content=\"2026-03-16T14:55:02+00:00\" \/>\n<meta property=\"article:modified_time\" content=\"2026-03-16T15:33:21+00:00\" \/>\n<meta property=\"og:image\" content=\"https:\/\/lobosnews.com.ar\/wp-content\/uploads\/2026\/03\/el-cluster-smoda-consolida-a-disenadores-salvadorenos-en-mercados-internacionales.jpg\" \/>\n<meta name=\"author\" content=\"admin\" \/>\n<meta name=\"twitter:card\" content=\"summary_large_image\" \/>\n<meta name=\"twitter:label1\" content=\"Escrito por\" \/>\n\t<meta name=\"twitter:data1\" content=\"admin\" \/>\n\t<meta name=\"twitter:label2\" content=\"Tiempo de lectura\" \/>\n\t<meta name=\"twitter:data2\" content=\"4 minutos\" \/>\n<script type=\"application\/ld+json\" class=\"yoast-schema-graph\">{\"@context\":\"https:\/\/schema.org\",\"@graph\":[{\"@type\":\"Article\",\"@id\":\"https:\/\/lobosnews.com.ar\/index.php\/2026\/03\/16\/el-cluster-smoda-consolida-a-disenadores-salvadorenos-en-mercados-internacionales\/#article\",\"isPartOf\":{\"@id\":\"https:\/\/lobosnews.com.ar\/index.php\/2026\/03\/16\/el-cluster-smoda-consolida-a-disenadores-salvadorenos-en-mercados-internacionales\/\"},\"author\":{\"name\":\"admin\",\"@id\":\"https:\/\/lobosnews.com.ar\/#\/schema\/person\/232422a593d5c541dd9aef6aaed10943\"},\"headline\":\"El cl\u00faster SMODA consolida a dise\u00f1adores salvadore\u00f1os en mercados internacionales\",\"datePublished\":\"2026-03-16T14:55:02+00:00\",\"dateModified\":\"2026-03-16T15:33:21+00:00\",\"mainEntityOfPage\":{\"@id\":\"https:\/\/lobosnews.com.ar\/index.php\/2026\/03\/16\/el-cluster-smoda-consolida-a-disenadores-salvadorenos-en-mercados-internacionales\/\"},\"wordCount\":775,\"commentCount\":0,\"publisher\":{\"@id\":\"https:\/\/lobosnews.com.ar\/#organization\"},\"image\":{\"@id\":\"https:\/\/lobosnews.com.ar\/index.php\/2026\/03\/16\/el-cluster-smoda-consolida-a-disenadores-salvadorenos-en-mercados-internacionales\/#primaryimage\"},\"thumbnailUrl\":\"https:\/\/lobosnews.com.ar\/wp-content\/uploads\/2026\/03\/el-cluster-smoda-consolida-a-disenadores-salvadorenos-en-mercados-internacionales-4.jpg\",\"articleSection\":[\"Actualidad\"],\"inLanguage\":\"es\",\"potentialAction\":[{\"@type\":\"CommentAction\",\"name\":\"Comment\",\"target\":[\"https:\/\/lobosnews.com.ar\/index.php\/2026\/03\/16\/el-cluster-smoda-consolida-a-disenadores-salvadorenos-en-mercados-internacionales\/#respond\"]}]},{\"@type\":\"WebPage\",\"@id\":\"https:\/\/lobosnews.com.ar\/index.php\/2026\/03\/16\/el-cluster-smoda-consolida-a-disenadores-salvadorenos-en-mercados-internacionales\/\",\"url\":\"https:\/\/lobosnews.com.ar\/index.php\/2026\/03\/16\/el-cluster-smoda-consolida-a-disenadores-salvadorenos-en-mercados-internacionales\/\",\"name\":\"El cl\u00faster SMODA consolida a dise\u00f1adores salvadore\u00f1os en mercados internacionales - Lobos News\",\"isPartOf\":{\"@id\":\"https:\/\/lobosnews.com.ar\/#website\"},\"primaryImageOfPage\":{\"@id\":\"https:\/\/lobosnews.com.ar\/index.php\/2026\/03\/16\/el-cluster-smoda-consolida-a-disenadores-salvadorenos-en-mercados-internacionales\/#primaryimage\"},\"image\":{\"@id\":\"https:\/\/lobosnews.com.ar\/index.php\/2026\/03\/16\/el-cluster-smoda-consolida-a-disenadores-salvadorenos-en-mercados-internacionales\/#primaryimage\"},\"thumbnailUrl\":\"https:\/\/lobosnews.com.ar\/wp-content\/uploads\/2026\/03\/el-cluster-smoda-consolida-a-disenadores-salvadorenos-en-mercados-internacionales-4.jpg\",\"datePublished\":\"2026-03-16T14:55:02+00:00\",\"dateModified\":\"2026-03-16T15:33:21+00:00\",\"breadcrumb\":{\"@id\":\"https:\/\/lobosnews.com.ar\/index.php\/2026\/03\/16\/el-cluster-smoda-consolida-a-disenadores-salvadorenos-en-mercados-internacionales\/#breadcrumb\"},\"inLanguage\":\"es\",\"potentialAction\":[{\"@type\":\"ReadAction\",\"target\":[\"https:\/\/lobosnews.com.ar\/index.php\/2026\/03\/16\/el-cluster-smoda-consolida-a-disenadores-salvadorenos-en-mercados-internacionales\/\"]}]},{\"@type\":\"ImageObject\",\"inLanguage\":\"es\",\"@id\":\"https:\/\/lobosnews.com.ar\/index.php\/2026\/03\/16\/el-cluster-smoda-consolida-a-disenadores-salvadorenos-en-mercados-internacionales\/#primaryimage\",\"url\":\"https:\/\/lobosnews.com.ar\/wp-content\/uploads\/2026\/03\/el-cluster-smoda-consolida-a-disenadores-salvadorenos-en-mercados-internacionales-4.jpg\",\"contentUrl\":\"https:\/\/lobosnews.com.ar\/wp-content\/uploads\/2026\/03\/el-cluster-smoda-consolida-a-disenadores-salvadorenos-en-mercados-internacionales-4.jpg\",\"width\":2048,\"height\":1365,\"caption\":\"El cl\u00faster SMODA consolida a dise\u00f1adores salvadore\u00f1os en mercados internacionales\"},{\"@type\":\"BreadcrumbList\",\"@id\":\"https:\/\/lobosnews.com.ar\/index.php\/2026\/03\/16\/el-cluster-smoda-consolida-a-disenadores-salvadorenos-en-mercados-internacionales\/#breadcrumb\",\"itemListElement\":[{\"@type\":\"ListItem\",\"position\":1,\"name\":\"Portada\",\"item\":\"https:\/\/lobosnews.com.ar\/\"},{\"@type\":\"ListItem\",\"position\":2,\"name\":\"El cl\u00faster SMODA consolida a dise\u00f1adores salvadore\u00f1os en mercados internacionales\"}]},{\"@type\":\"WebSite\",\"@id\":\"https:\/\/lobosnews.com.ar\/#website\",\"url\":\"https:\/\/lobosnews.com.ar\/\",\"name\":\"Lobos News\",\"description\":\"Informaci\u00f3n a cada instante\",\"publisher\":{\"@id\":\"https:\/\/lobosnews.com.ar\/#organization\"},\"potentialAction\":[{\"@type\":\"SearchAction\",\"target\":{\"@type\":\"EntryPoint\",\"urlTemplate\":\"https:\/\/lobosnews.com.ar\/?s={search_term_string}\"},\"query-input\":{\"@type\":\"PropertyValueSpecification\",\"valueRequired\":true,\"valueName\":\"search_term_string\"}}],\"inLanguage\":\"es\"},{\"@type\":\"Organization\",\"@id\":\"https:\/\/lobosnews.com.ar\/#organization\",\"name\":\"Lobos News\",\"url\":\"https:\/\/lobosnews.com.ar\/\",\"logo\":{\"@type\":\"ImageObject\",\"inLanguage\":\"es\",\"@id\":\"https:\/\/lobosnews.com.ar\/#\/schema\/logo\/image\/\",\"url\":\"https:\/\/lobosnews.com.ar\/wp-content\/uploads\/2026\/01\/logo-lobosnews.png\",\"contentUrl\":\"https:\/\/lobosnews.com.ar\/wp-content\/uploads\/2026\/01\/logo-lobosnews.png\",\"width\":500,\"height\":200,\"caption\":\"Lobos News\"},\"image\":{\"@id\":\"https:\/\/lobosnews.com.ar\/#\/schema\/logo\/image\/\"}},{\"@type\":\"Person\",\"@id\":\"https:\/\/lobosnews.com.ar\/#\/schema\/person\/232422a593d5c541dd9aef6aaed10943\",\"name\":\"admin\",\"image\":{\"@type\":\"ImageObject\",\"inLanguage\":\"es\",\"@id\":\"https:\/\/lobosnews.com.ar\/#\/schema\/person\/image\/\",\"url\":\"https:\/\/secure.gravatar.com\/avatar\/76e419471a2083bc3ceab22a763dbbf9b0c1bd15a6214cf3280e2c2dde4580f9?s=96&d=mm&r=g\",\"contentUrl\":\"https:\/\/secure.gravatar.com\/avatar\/76e419471a2083bc3ceab22a763dbbf9b0c1bd15a6214cf3280e2c2dde4580f9?s=96&d=mm&r=g\",\"caption\":\"admin\"},\"sameAs\":[\"https:\/\/lobosnews.com.ar\"],\"url\":\"https:\/\/lobosnews.com.ar\/index.php\/author\/lobos-news\/\"}]}<\/script>\n<!-- \/ Yoast SEO plugin. -->","yoast_head_json":{"title":"El cl\u00faster SMODA consolida a dise\u00f1adores salvadore\u00f1os en mercados internacionales - Lobos News","robots":{"index":"index","follow":"follow","max-snippet":"max-snippet:-1","max-image-preview":"max-image-preview:large","max-video-preview":"max-video-preview:-1"},"canonical":"https:\/\/lobosnews.com.ar\/index.php\/2026\/03\/16\/el-cluster-smoda-consolida-a-disenadores-salvadorenos-en-mercados-internacionales\/","og_locale":"es_ES","og_type":"article","og_title":"El cl\u00faster SMODA consolida a dise\u00f1adores salvadore\u00f1os en mercados internacionales - Lobos News","og_description":"La Comisi\u00f3n Nacional de la Micro y Peque\u00f1a Empresa (CONAMYPE) impulsa el crecimiento del sector moda en El Salvador mediante la creaci\u00f3n y fortalecimiento de m\u00e1s de 30 marcas salvadore\u00f1as cada a\u00f1o. La instituci\u00f3n ha consolidado su rol como agente clave en la incubaci\u00f3n de proyectos de dise\u00f1o, producci\u00f3n textil y artesan\u00eda de alto valor...","og_url":"https:\/\/lobosnews.com.ar\/index.php\/2026\/03\/16\/el-cluster-smoda-consolida-a-disenadores-salvadorenos-en-mercados-internacionales\/","og_site_name":"Lobos News","article_published_time":"2026-03-16T14:55:02+00:00","article_modified_time":"2026-03-16T15:33:21+00:00","og_image":[{"url":"https:\/\/lobosnews.com.ar\/wp-content\/uploads\/2026\/03\/el-cluster-smoda-consolida-a-disenadores-salvadorenos-en-mercados-internacionales.jpg","type":"","width":"","height":""}],"author":"admin","twitter_card":"summary_large_image","twitter_misc":{"Escrito por":"admin","Tiempo de lectura":"4 minutos"},"schema":{"@context":"https:\/\/schema.org","@graph":[{"@type":"Article","@id":"https:\/\/lobosnews.com.ar\/index.php\/2026\/03\/16\/el-cluster-smoda-consolida-a-disenadores-salvadorenos-en-mercados-internacionales\/#article","isPartOf":{"@id":"https:\/\/lobosnews.com.ar\/index.php\/2026\/03\/16\/el-cluster-smoda-consolida-a-disenadores-salvadorenos-en-mercados-internacionales\/"},"author":{"name":"admin","@id":"https:\/\/lobosnews.com.ar\/#\/schema\/person\/232422a593d5c541dd9aef6aaed10943"},"headline":"El cl\u00faster SMODA consolida a dise\u00f1adores salvadore\u00f1os en mercados internacionales","datePublished":"2026-03-16T14:55:02+00:00","dateModified":"2026-03-16T15:33:21+00:00","mainEntityOfPage":{"@id":"https:\/\/lobosnews.com.ar\/index.php\/2026\/03\/16\/el-cluster-smoda-consolida-a-disenadores-salvadorenos-en-mercados-internacionales\/"},"wordCount":775,"commentCount":0,"publisher":{"@id":"https:\/\/lobosnews.com.ar\/#organization"},"image":{"@id":"https:\/\/lobosnews.com.ar\/index.php\/2026\/03\/16\/el-cluster-smoda-consolida-a-disenadores-salvadorenos-en-mercados-internacionales\/#primaryimage"},"thumbnailUrl":"https:\/\/lobosnews.com.ar\/wp-content\/uploads\/2026\/03\/el-cluster-smoda-consolida-a-disenadores-salvadorenos-en-mercados-internacionales-4.jpg","articleSection":["Actualidad"],"inLanguage":"es","potentialAction":[{"@type":"CommentAction","name":"Comment","target":["https:\/\/lobosnews.com.ar\/index.php\/2026\/03\/16\/el-cluster-smoda-consolida-a-disenadores-salvadorenos-en-mercados-internacionales\/#respond"]}]},{"@type":"WebPage","@id":"https:\/\/lobosnews.com.ar\/index.php\/2026\/03\/16\/el-cluster-smoda-consolida-a-disenadores-salvadorenos-en-mercados-internacionales\/","url":"https:\/\/lobosnews.com.ar\/index.php\/2026\/03\/16\/el-cluster-smoda-consolida-a-disenadores-salvadorenos-en-mercados-internacionales\/","name":"El cl\u00faster SMODA consolida a dise\u00f1adores salvadore\u00f1os en mercados internacionales - Lobos News","isPartOf":{"@id":"https:\/\/lobosnews.com.ar\/#website"},"primaryImageOfPage":{"@id":"https:\/\/lobosnews.com.ar\/index.php\/2026\/03\/16\/el-cluster-smoda-consolida-a-disenadores-salvadorenos-en-mercados-internacionales\/#primaryimage"},"image":{"@id":"https:\/\/lobosnews.com.ar\/index.php\/2026\/03\/16\/el-cluster-smoda-consolida-a-disenadores-salvadorenos-en-mercados-internacionales\/#primaryimage"},"thumbnailUrl":"https:\/\/lobosnews.com.ar\/wp-content\/uploads\/2026\/03\/el-cluster-smoda-consolida-a-disenadores-salvadorenos-en-mercados-internacionales-4.jpg","datePublished":"2026-03-16T14:55:02+00:00","dateModified":"2026-03-16T15:33:21+00:00","breadcrumb":{"@id":"https:\/\/lobosnews.com.ar\/index.php\/2026\/03\/16\/el-cluster-smoda-consolida-a-disenadores-salvadorenos-en-mercados-internacionales\/#breadcrumb"},"inLanguage":"es","potentialAction":[{"@type":"ReadAction","target":["https:\/\/lobosnews.com.ar\/index.php\/2026\/03\/16\/el-cluster-smoda-consolida-a-disenadores-salvadorenos-en-mercados-internacionales\/"]}]},{"@type":"ImageObject","inLanguage":"es","@id":"https:\/\/lobosnews.com.ar\/index.php\/2026\/03\/16\/el-cluster-smoda-consolida-a-disenadores-salvadorenos-en-mercados-internacionales\/#primaryimage","url":"https:\/\/lobosnews.com.ar\/wp-content\/uploads\/2026\/03\/el-cluster-smoda-consolida-a-disenadores-salvadorenos-en-mercados-internacionales-4.jpg","contentUrl":"https:\/\/lobosnews.com.ar\/wp-content\/uploads\/2026\/03\/el-cluster-smoda-consolida-a-disenadores-salvadorenos-en-mercados-internacionales-4.jpg","width":2048,"height":1365,"caption":"El cl\u00faster SMODA consolida a dise\u00f1adores salvadore\u00f1os en mercados internacionales"},{"@type":"BreadcrumbList","@id":"https:\/\/lobosnews.com.ar\/index.php\/2026\/03\/16\/el-cluster-smoda-consolida-a-disenadores-salvadorenos-en-mercados-internacionales\/#breadcrumb","itemListElement":[{"@type":"ListItem","position":1,"name":"Portada","item":"https:\/\/lobosnews.com.ar\/"},{"@type":"ListItem","position":2,"name":"El cl\u00faster SMODA consolida a dise\u00f1adores salvadore\u00f1os en mercados internacionales"}]},{"@type":"WebSite","@id":"https:\/\/lobosnews.com.ar\/#website","url":"https:\/\/lobosnews.com.ar\/","name":"Lobos News","description":"Informaci\u00f3n a cada instante","publisher":{"@id":"https:\/\/lobosnews.com.ar\/#organization"},"potentialAction":[{"@type":"SearchAction","target":{"@type":"EntryPoint","urlTemplate":"https:\/\/lobosnews.com.ar\/?s={search_term_string}"},"query-input":{"@type":"PropertyValueSpecification","valueRequired":true,"valueName":"search_term_string"}}],"inLanguage":"es"},{"@type":"Organization","@id":"https:\/\/lobosnews.com.ar\/#organization","name":"Lobos News","url":"https:\/\/lobosnews.com.ar\/","logo":{"@type":"ImageObject","inLanguage":"es","@id":"https:\/\/lobosnews.com.ar\/#\/schema\/logo\/image\/","url":"https:\/\/lobosnews.com.ar\/wp-content\/uploads\/2026\/01\/logo-lobosnews.png","contentUrl":"https:\/\/lobosnews.com.ar\/wp-content\/uploads\/2026\/01\/logo-lobosnews.png","width":500,"height":200,"caption":"Lobos News"},"image":{"@id":"https:\/\/lobosnews.com.ar\/#\/schema\/logo\/image\/"}},{"@type":"Person","@id":"https:\/\/lobosnews.com.ar\/#\/schema\/person\/232422a593d5c541dd9aef6aaed10943","name":"admin","image":{"@type":"ImageObject","inLanguage":"es","@id":"https:\/\/lobosnews.com.ar\/#\/schema\/person\/image\/","url":"https:\/\/secure.gravatar.com\/avatar\/76e419471a2083bc3ceab22a763dbbf9b0c1bd15a6214cf3280e2c2dde4580f9?s=96&d=mm&r=g","contentUrl":"https:\/\/secure.gravatar.com\/avatar\/76e419471a2083bc3ceab22a763dbbf9b0c1bd15a6214cf3280e2c2dde4580f9?s=96&d=mm&r=g","caption":"admin"},"sameAs":["https:\/\/lobosnews.com.ar"],"url":"https:\/\/lobosnews.com.ar\/index.php\/author\/lobos-news\/"}]}},"jetpack_featured_media_url":"https:\/\/lobosnews.com.ar\/wp-content\/uploads\/2026\/03\/el-cluster-smoda-consolida-a-disenadores-salvadorenos-en-mercados-internacionales-4.jpg","jetpack_sharing_enabled":true,"_links":{"self":[{"href":"https:\/\/lobosnews.com.ar\/index.php\/wp-json\/wp\/v2\/posts\/34292","targetHints":{"allow":["GET"]}}],"collection":[{"href":"https:\/\/lobosnews.com.ar\/index.php\/wp-json\/wp\/v2\/posts"}],"about":[{"href":"https:\/\/lobosnews.com.ar\/index.php\/wp-json\/wp\/v2\/types\/post"}],"author":[{"embeddable":true,"href":"https:\/\/lobosnews.com.ar\/index.php\/wp-json\/wp\/v2\/users\/1"}],"replies":[{"embeddable":true,"href":"https:\/\/lobosnews.com.ar\/index.php\/wp-json\/wp\/v2\/comments?post=34292"}],"version-history":[{"count":1,"href":"https:\/\/lobosnews.com.ar\/index.php\/wp-json\/wp\/v2\/posts\/34292\/revisions"}],"predecessor-version":[{"id":34296,"href":"https:\/\/lobosnews.com.ar\/index.php\/wp-json\/wp\/v2\/posts\/34292\/revisions\/34296"}],"wp:featuredmedia":[{"embeddable":true,"href":"https:\/\/lobosnews.com.ar\/index.php\/wp-json\/wp\/v2\/media\/34297"}],"wp:attachment":[{"href":"https:\/\/lobosnews.com.ar\/index.php\/wp-json\/wp\/v2\/media?parent=34292"}],"wp:term":[{"taxonomy":"category","embeddable":true,"href":"https:\/\/lobosnews.com.ar\/index.php\/wp-json\/wp\/v2\/categories?post=34292"},{"taxonomy":"post_tag","embeddable":true,"href":"https:\/\/lobosnews.com.ar\/index.php\/wp-json\/wp\/v2\/tags?post=34292"}],"curies":[{"name":"wp","href":"https:\/\/api.w.org\/{rel}","templated":true}]}}