{"id":34274,"date":"2026-03-16T13:21:46","date_gmt":"2026-03-16T13:21:46","guid":{"rendered":"https:\/\/lobosnews.com.ar\/index.php\/2026\/03\/16\/murio-marcelo-araujo-el-periodista-que-revoluciono-la-forma-de-relatar-futbol\/"},"modified":"2026-03-16T15:00:47","modified_gmt":"2026-03-16T15:00:47","slug":"murio-marcelo-araujo-el-periodista-que-revoluciono-la-forma-de-relatar-futbol","status":"publish","type":"post","link":"https:\/\/lobosnews.com.ar\/index.php\/2026\/03\/16\/murio-marcelo-araujo-el-periodista-que-revoluciono-la-forma-de-relatar-futbol\/","title":{"rendered":"Muri\u00f3 Marcelo Araujo, el periodista que revolucion\u00f3 la forma de relatar f\u00fatbol"},"content":{"rendered":"<p><img loading=\"lazy\" decoding=\"async\" src=\"https:\/\/lobosnews.com.ar\/wp-content\/uploads\/2026\/03\/murio-marcelo-araujo-el-periodista-que-revoluciono-la-forma-de-relatar-futbol.jpg\" alt=\"Muri\u00f3 Marcelo Araujo\" height=\"1151\" width=\"1920\"\/><\/p>\n<p>Una noticia gener\u00f3 tristeza en el mundo del f\u00fatbol argentino. <b>Marcelo Araujo, hist\u00f3rico relator y periodista, muri\u00f3 a los 78 a\u00f1os<\/b>. La confirmaci\u00f3n lleg\u00f3 a trav\u00e9s de su amigo <b>Fernando Pacini <\/b>en radio La Red. \u201cLamentablemente a la madrugada lleg\u00f3 la noticia de la muerte de Marcelo\u201d, dijo quien fue su comentarista en la etapa de <i>F\u00fatbol para Todos <\/i>en la <i>TV P\u00fablica.<\/i><\/p>\n<p>\u201cMarcelo siempre tuvo una nobleza y una gran generosidad con nosotros\u201d, agreg\u00f3 Pacini sobre el perfil del ic\u00f3nico relator que marc\u00f3 una \u00e9poca en la forma de c\u00f3mo contar los partidos de Primera Divisi\u00f3n.<\/p>\n<p>Araujo form\u00f3 una dupla hist\u00f3rica con <b>Enrique Macaya M\u00e1rquez<\/b> en el m\u00edtico ciclo <b>F\u00fatbol de Primera<\/b>, que naci\u00f3 el domingo 4 de agosto de 1985 y cont\u00f3 las alternativas de cada fecha del f\u00fatbol argentino durante 25 a\u00f1os, primero en ATC (hoy TV P\u00fablica), luego en Canal 9 y finalmente en ElTrece. El ciclo fue una creaci\u00f3n de <b>Carlos \u00c1vila<\/b>, fundador de la productora deportiva Torneos y Competencias junto con <b>Luis Nofal<\/b>, mientras que la producci\u00f3n general, la direcci\u00f3n y la realizaci\u00f3n estaban a cargo de <b>Juan Cruz \u00c1vila<\/b>.<\/p>\n<p>Aquella impronta rupturista que marc\u00f3 a fuego la carrera de Araujo se reflej\u00f3 en frases que trascendieron la pantalla y popularizaron las transmisiones: <b>\u201c\u00bfEst\u00e1s crazy, Macaya\u201d<\/b> y <b>\u201c\u00a1Si lo hac\u00e9s me voy!\u201d<\/b>, sos algunos de los momentos que sobresalen de la carrera periodistica de un hombre que supo ser el faro para una camada de relatores que, en la actualidad, son los que est\u00e1n a cargo de las grandes transmisiones de los partidos del f\u00fatbol local como as\u00f3 tambi\u00e9n de los encuentros de torneos internacionales y la selecci\u00f3n argentina.<\/p>\n<p>Luego de su salida de la productora Torneos y Competencias, el relator retorn\u00f3 a la TV como la voz principal de <b>F\u00fatbol para Todos <\/b>en la Televisi\u00f3n P\u00fablica, narrando nuevamente los encuentros de la Primera Divisi\u00f3n para distintas generaciones de fan\u00e1ticos.<\/p>\n<p><i>Noticia en desarrollo&#8230;<\/i><\/p><\/p>\n","protected":false},"excerpt":{"rendered":"<p>Una noticia gener\u00f3 tristeza en el mundo del f\u00fatbol argentino. Marcelo Araujo, hist\u00f3rico relator y periodista, muri\u00f3 a los 78 a\u00f1os. La confirmaci\u00f3n lleg\u00f3 a trav\u00e9s de su amigo Fernando Pacini en radio La Red. \u201cLamentablemente a la madrugada lleg\u00f3 la noticia de la muerte de Marcelo\u201d, dijo quien fue su comentarista en la etapa&#8230;<\/p>\n","protected":false},"author":1,"featured_media":0,"comment_status":"open","ping_status":"closed","sticky":false,"template":"","format":"standard","meta":{"_jetpack_memberships_contains_paid_content":false,"footnotes":""},"categories":[30],"tags":[39],"class_list":["post-34274","post","type-post","status-publish","format-standard","hentry","category-argentina","tag-deportes"],"magazineBlocksPostFeaturedMedia":{"thumbnail":false,"medium":false,"medium_large":false,"large":false,"1536x1536":false,"2048x2048":false,"newsmatic-featured":false,"newsmatic-list":false,"newsmatic-thumb":false,"newsmatic-small":false,"newsmatic-grid":false},"magazineBlocksPostAuthor":{"name":"admin","avatar":"https:\/\/secure.gravatar.com\/avatar\/76e419471a2083bc3ceab22a763dbbf9b0c1bd15a6214cf3280e2c2dde4580f9?s=96&d=mm&r=g"},"magazineBlocksPostCommentsNumber":"0","magazineBlocksPostExcerpt":"Una noticia gener\u00f3 tristeza en el mundo del f\u00fatbol argentino. Marcelo Araujo, hist\u00f3rico relator y periodista, muri\u00f3 a los 78 a\u00f1os. La confirmaci\u00f3n lleg\u00f3 a trav\u00e9s de su amigo Fernando Pacini en radio La Red. \u201cLamentablemente a la madrugada lleg\u00f3 la noticia de la muerte de Marcelo\u201d, dijo quien fue su comentarista en la etapa...","magazineBlocksPostCategories":["Argentina"],"magazineBlocksPostViewCount":80,"magazineBlocksPostReadTime":2,"magazine_blocks_featured_image_url":{"full":false,"medium":false,"thumbnail":false},"magazine_blocks_author":{"display_name":"admin","author_link":"https:\/\/lobosnews.com.ar\/index.php\/author\/lobos-news\/"},"magazine_blocks_comment":0,"magazine_blocks_author_image":"https:\/\/secure.gravatar.com\/avatar\/76e419471a2083bc3ceab22a763dbbf9b0c1bd15a6214cf3280e2c2dde4580f9?s=96&d=mm&r=g","magazine_blocks_category":"<a href=\"#\" class=\"category-link category-link-30\">Argentina<\/a>","yoast_head":"<!-- This site is optimized with the Yoast SEO plugin v26.6 - https:\/\/yoast.com\/wordpress\/plugins\/seo\/ -->\n<title>Muri\u00f3 Marcelo Araujo, el periodista que revolucion\u00f3 la forma de relatar f\u00fatbol - Lobos News<\/title>\n<meta name=\"robots\" content=\"index, follow, max-snippet:-1, max-image-preview:large, max-video-preview:-1\" \/>\n<link rel=\"canonical\" href=\"https:\/\/lobosnews.com.ar\/index.php\/2026\/03\/16\/murio-marcelo-araujo-el-periodista-que-revoluciono-la-forma-de-relatar-futbol\/\" \/>\n<meta property=\"og:locale\" content=\"es_ES\" \/>\n<meta property=\"og:type\" content=\"article\" \/>\n<meta property=\"og:title\" content=\"Muri\u00f3 Marcelo Araujo, el periodista que revolucion\u00f3 la forma de relatar f\u00fatbol - Lobos News\" \/>\n<meta property=\"og:description\" content=\"Una noticia gener\u00f3 tristeza en el mundo del f\u00fatbol argentino. Marcelo Araujo, hist\u00f3rico relator y periodista, muri\u00f3 a los 78 a\u00f1os. La confirmaci\u00f3n lleg\u00f3 a trav\u00e9s de su amigo Fernando Pacini en radio La Red. \u201cLamentablemente a la madrugada lleg\u00f3 la noticia de la muerte de Marcelo\u201d, dijo quien fue su comentarista en la etapa...\" \/>\n<meta property=\"og:url\" content=\"https:\/\/lobosnews.com.ar\/index.php\/2026\/03\/16\/murio-marcelo-araujo-el-periodista-que-revoluciono-la-forma-de-relatar-futbol\/\" \/>\n<meta property=\"og:site_name\" content=\"Lobos News\" \/>\n<meta property=\"article:published_time\" content=\"2026-03-16T13:21:46+00:00\" \/>\n<meta property=\"article:modified_time\" content=\"2026-03-16T15:00:47+00:00\" \/>\n<meta property=\"og:image\" content=\"https:\/\/lobosnews.com.ar\/wp-content\/uploads\/2026\/03\/murio-marcelo-araujo-el-periodista-que-revoluciono-la-forma-de-relatar-futbol.jpg\" \/>\n<meta name=\"author\" content=\"admin\" \/>\n<meta name=\"twitter:card\" content=\"summary_large_image\" \/>\n<meta name=\"twitter:label1\" content=\"Escrito por\" \/>\n\t<meta name=\"twitter:data1\" content=\"admin\" \/>\n\t<meta name=\"twitter:label2\" content=\"Tiempo de lectura\" \/>\n\t<meta name=\"twitter:data2\" content=\"2 minutos\" \/>\n<script type=\"application\/ld+json\" class=\"yoast-schema-graph\">{\"@context\":\"https:\/\/schema.org\",\"@graph\":[{\"@type\":\"Article\",\"@id\":\"https:\/\/lobosnews.com.ar\/index.php\/2026\/03\/16\/murio-marcelo-araujo-el-periodista-que-revoluciono-la-forma-de-relatar-futbol\/#article\",\"isPartOf\":{\"@id\":\"https:\/\/lobosnews.com.ar\/index.php\/2026\/03\/16\/murio-marcelo-araujo-el-periodista-que-revoluciono-la-forma-de-relatar-futbol\/\"},\"author\":{\"name\":\"admin\",\"@id\":\"https:\/\/lobosnews.com.ar\/#\/schema\/person\/232422a593d5c541dd9aef6aaed10943\"},\"headline\":\"Muri\u00f3 Marcelo Araujo, el periodista que revolucion\u00f3 la forma de relatar f\u00fatbol\",\"datePublished\":\"2026-03-16T13:21:46+00:00\",\"dateModified\":\"2026-03-16T15:00:47+00:00\",\"mainEntityOfPage\":{\"@id\":\"https:\/\/lobosnews.com.ar\/index.php\/2026\/03\/16\/murio-marcelo-araujo-el-periodista-que-revoluciono-la-forma-de-relatar-futbol\/\"},\"wordCount\":359,\"commentCount\":0,\"publisher\":{\"@id\":\"https:\/\/lobosnews.com.ar\/#organization\"},\"image\":{\"@id\":\"https:\/\/lobosnews.com.ar\/index.php\/2026\/03\/16\/murio-marcelo-araujo-el-periodista-que-revoluciono-la-forma-de-relatar-futbol\/#primaryimage\"},\"thumbnailUrl\":\"https:\/\/lobosnews.com.ar\/wp-content\/uploads\/2026\/03\/murio-marcelo-araujo-el-periodista-que-revoluciono-la-forma-de-relatar-futbol.jpg\",\"keywords\":[\"Deportes\"],\"articleSection\":[\"Argentina\"],\"inLanguage\":\"es\",\"potentialAction\":[{\"@type\":\"CommentAction\",\"name\":\"Comment\",\"target\":[\"https:\/\/lobosnews.com.ar\/index.php\/2026\/03\/16\/murio-marcelo-araujo-el-periodista-que-revoluciono-la-forma-de-relatar-futbol\/#respond\"]}]},{\"@type\":\"WebPage\",\"@id\":\"https:\/\/lobosnews.com.ar\/index.php\/2026\/03\/16\/murio-marcelo-araujo-el-periodista-que-revoluciono-la-forma-de-relatar-futbol\/\",\"url\":\"https:\/\/lobosnews.com.ar\/index.php\/2026\/03\/16\/murio-marcelo-araujo-el-periodista-que-revoluciono-la-forma-de-relatar-futbol\/\",\"name\":\"Muri\u00f3 Marcelo Araujo, el periodista que revolucion\u00f3 la forma de relatar f\u00fatbol - Lobos News\",\"isPartOf\":{\"@id\":\"https:\/\/lobosnews.com.ar\/#website\"},\"primaryImageOfPage\":{\"@id\":\"https:\/\/lobosnews.com.ar\/index.php\/2026\/03\/16\/murio-marcelo-araujo-el-periodista-que-revoluciono-la-forma-de-relatar-futbol\/#primaryimage\"},\"image\":{\"@id\":\"https:\/\/lobosnews.com.ar\/index.php\/2026\/03\/16\/murio-marcelo-araujo-el-periodista-que-revoluciono-la-forma-de-relatar-futbol\/#primaryimage\"},\"thumbnailUrl\":\"https:\/\/lobosnews.com.ar\/wp-content\/uploads\/2026\/03\/murio-marcelo-araujo-el-periodista-que-revoluciono-la-forma-de-relatar-futbol.jpg\",\"datePublished\":\"2026-03-16T13:21:46+00:00\",\"dateModified\":\"2026-03-16T15:00:47+00:00\",\"breadcrumb\":{\"@id\":\"https:\/\/lobosnews.com.ar\/index.php\/2026\/03\/16\/murio-marcelo-araujo-el-periodista-que-revoluciono-la-forma-de-relatar-futbol\/#breadcrumb\"},\"inLanguage\":\"es\",\"potentialAction\":[{\"@type\":\"ReadAction\",\"target\":[\"https:\/\/lobosnews.com.ar\/index.php\/2026\/03\/16\/murio-marcelo-araujo-el-periodista-que-revoluciono-la-forma-de-relatar-futbol\/\"]}]},{\"@type\":\"ImageObject\",\"inLanguage\":\"es\",\"@id\":\"https:\/\/lobosnews.com.ar\/index.php\/2026\/03\/16\/murio-marcelo-araujo-el-periodista-que-revoluciono-la-forma-de-relatar-futbol\/#primaryimage\",\"url\":\"https:\/\/lobosnews.com.ar\/wp-content\/uploads\/2026\/03\/murio-marcelo-araujo-el-periodista-que-revoluciono-la-forma-de-relatar-futbol.jpg\",\"contentUrl\":\"https:\/\/lobosnews.com.ar\/wp-content\/uploads\/2026\/03\/murio-marcelo-araujo-el-periodista-que-revoluciono-la-forma-de-relatar-futbol.jpg\"},{\"@type\":\"BreadcrumbList\",\"@id\":\"https:\/\/lobosnews.com.ar\/index.php\/2026\/03\/16\/murio-marcelo-araujo-el-periodista-que-revoluciono-la-forma-de-relatar-futbol\/#breadcrumb\",\"itemListElement\":[{\"@type\":\"ListItem\",\"position\":1,\"name\":\"Portada\",\"item\":\"https:\/\/lobosnews.com.ar\/\"},{\"@type\":\"ListItem\",\"position\":2,\"name\":\"Muri\u00f3 Marcelo Araujo, el periodista que revolucion\u00f3 la forma de relatar f\u00fatbol\"}]},{\"@type\":\"WebSite\",\"@id\":\"https:\/\/lobosnews.com.ar\/#website\",\"url\":\"https:\/\/lobosnews.com.ar\/\",\"name\":\"Lobos News\",\"description\":\"Informaci\u00f3n a cada instante\",\"publisher\":{\"@id\":\"https:\/\/lobosnews.com.ar\/#organization\"},\"potentialAction\":[{\"@type\":\"SearchAction\",\"target\":{\"@type\":\"EntryPoint\",\"urlTemplate\":\"https:\/\/lobosnews.com.ar\/?s={search_term_string}\"},\"query-input\":{\"@type\":\"PropertyValueSpecification\",\"valueRequired\":true,\"valueName\":\"search_term_string\"}}],\"inLanguage\":\"es\"},{\"@type\":\"Organization\",\"@id\":\"https:\/\/lobosnews.com.ar\/#organization\",\"name\":\"Lobos News\",\"url\":\"https:\/\/lobosnews.com.ar\/\",\"logo\":{\"@type\":\"ImageObject\",\"inLanguage\":\"es\",\"@id\":\"https:\/\/lobosnews.com.ar\/#\/schema\/logo\/image\/\",\"url\":\"https:\/\/lobosnews.com.ar\/wp-content\/uploads\/2026\/01\/logo-lobosnews.png\",\"contentUrl\":\"https:\/\/lobosnews.com.ar\/wp-content\/uploads\/2026\/01\/logo-lobosnews.png\",\"width\":500,\"height\":200,\"caption\":\"Lobos News\"},\"image\":{\"@id\":\"https:\/\/lobosnews.com.ar\/#\/schema\/logo\/image\/\"}},{\"@type\":\"Person\",\"@id\":\"https:\/\/lobosnews.com.ar\/#\/schema\/person\/232422a593d5c541dd9aef6aaed10943\",\"name\":\"admin\",\"image\":{\"@type\":\"ImageObject\",\"inLanguage\":\"es\",\"@id\":\"https:\/\/lobosnews.com.ar\/#\/schema\/person\/image\/\",\"url\":\"https:\/\/secure.gravatar.com\/avatar\/76e419471a2083bc3ceab22a763dbbf9b0c1bd15a6214cf3280e2c2dde4580f9?s=96&d=mm&r=g\",\"contentUrl\":\"https:\/\/secure.gravatar.com\/avatar\/76e419471a2083bc3ceab22a763dbbf9b0c1bd15a6214cf3280e2c2dde4580f9?s=96&d=mm&r=g\",\"caption\":\"admin\"},\"sameAs\":[\"https:\/\/lobosnews.com.ar\"],\"url\":\"https:\/\/lobosnews.com.ar\/index.php\/author\/lobos-news\/\"}]}<\/script>\n<!-- \/ Yoast SEO plugin. -->","yoast_head_json":{"title":"Muri\u00f3 Marcelo Araujo, el periodista que revolucion\u00f3 la forma de relatar f\u00fatbol - Lobos News","robots":{"index":"index","follow":"follow","max-snippet":"max-snippet:-1","max-image-preview":"max-image-preview:large","max-video-preview":"max-video-preview:-1"},"canonical":"https:\/\/lobosnews.com.ar\/index.php\/2026\/03\/16\/murio-marcelo-araujo-el-periodista-que-revoluciono-la-forma-de-relatar-futbol\/","og_locale":"es_ES","og_type":"article","og_title":"Muri\u00f3 Marcelo Araujo, el periodista que revolucion\u00f3 la forma de relatar f\u00fatbol - Lobos News","og_description":"Una noticia gener\u00f3 tristeza en el mundo del f\u00fatbol argentino. Marcelo Araujo, hist\u00f3rico relator y periodista, muri\u00f3 a los 78 a\u00f1os. La confirmaci\u00f3n lleg\u00f3 a trav\u00e9s de su amigo Fernando Pacini en radio La Red. \u201cLamentablemente a la madrugada lleg\u00f3 la noticia de la muerte de Marcelo\u201d, dijo quien fue su comentarista en la etapa...","og_url":"https:\/\/lobosnews.com.ar\/index.php\/2026\/03\/16\/murio-marcelo-araujo-el-periodista-que-revoluciono-la-forma-de-relatar-futbol\/","og_site_name":"Lobos News","article_published_time":"2026-03-16T13:21:46+00:00","article_modified_time":"2026-03-16T15:00:47+00:00","og_image":[{"url":"https:\/\/lobosnews.com.ar\/wp-content\/uploads\/2026\/03\/murio-marcelo-araujo-el-periodista-que-revoluciono-la-forma-de-relatar-futbol.jpg","type":"","width":"","height":""}],"author":"admin","twitter_card":"summary_large_image","twitter_misc":{"Escrito por":"admin","Tiempo de lectura":"2 minutos"},"schema":{"@context":"https:\/\/schema.org","@graph":[{"@type":"Article","@id":"https:\/\/lobosnews.com.ar\/index.php\/2026\/03\/16\/murio-marcelo-araujo-el-periodista-que-revoluciono-la-forma-de-relatar-futbol\/#article","isPartOf":{"@id":"https:\/\/lobosnews.com.ar\/index.php\/2026\/03\/16\/murio-marcelo-araujo-el-periodista-que-revoluciono-la-forma-de-relatar-futbol\/"},"author":{"name":"admin","@id":"https:\/\/lobosnews.com.ar\/#\/schema\/person\/232422a593d5c541dd9aef6aaed10943"},"headline":"Muri\u00f3 Marcelo Araujo, el periodista que revolucion\u00f3 la forma de relatar f\u00fatbol","datePublished":"2026-03-16T13:21:46+00:00","dateModified":"2026-03-16T15:00:47+00:00","mainEntityOfPage":{"@id":"https:\/\/lobosnews.com.ar\/index.php\/2026\/03\/16\/murio-marcelo-araujo-el-periodista-que-revoluciono-la-forma-de-relatar-futbol\/"},"wordCount":359,"commentCount":0,"publisher":{"@id":"https:\/\/lobosnews.com.ar\/#organization"},"image":{"@id":"https:\/\/lobosnews.com.ar\/index.php\/2026\/03\/16\/murio-marcelo-araujo-el-periodista-que-revoluciono-la-forma-de-relatar-futbol\/#primaryimage"},"thumbnailUrl":"https:\/\/lobosnews.com.ar\/wp-content\/uploads\/2026\/03\/murio-marcelo-araujo-el-periodista-que-revoluciono-la-forma-de-relatar-futbol.jpg","keywords":["Deportes"],"articleSection":["Argentina"],"inLanguage":"es","potentialAction":[{"@type":"CommentAction","name":"Comment","target":["https:\/\/lobosnews.com.ar\/index.php\/2026\/03\/16\/murio-marcelo-araujo-el-periodista-que-revoluciono-la-forma-de-relatar-futbol\/#respond"]}]},{"@type":"WebPage","@id":"https:\/\/lobosnews.com.ar\/index.php\/2026\/03\/16\/murio-marcelo-araujo-el-periodista-que-revoluciono-la-forma-de-relatar-futbol\/","url":"https:\/\/lobosnews.com.ar\/index.php\/2026\/03\/16\/murio-marcelo-araujo-el-periodista-que-revoluciono-la-forma-de-relatar-futbol\/","name":"Muri\u00f3 Marcelo Araujo, el periodista que revolucion\u00f3 la forma de relatar f\u00fatbol - Lobos News","isPartOf":{"@id":"https:\/\/lobosnews.com.ar\/#website"},"primaryImageOfPage":{"@id":"https:\/\/lobosnews.com.ar\/index.php\/2026\/03\/16\/murio-marcelo-araujo-el-periodista-que-revoluciono-la-forma-de-relatar-futbol\/#primaryimage"},"image":{"@id":"https:\/\/lobosnews.com.ar\/index.php\/2026\/03\/16\/murio-marcelo-araujo-el-periodista-que-revoluciono-la-forma-de-relatar-futbol\/#primaryimage"},"thumbnailUrl":"https:\/\/lobosnews.com.ar\/wp-content\/uploads\/2026\/03\/murio-marcelo-araujo-el-periodista-que-revoluciono-la-forma-de-relatar-futbol.jpg","datePublished":"2026-03-16T13:21:46+00:00","dateModified":"2026-03-16T15:00:47+00:00","breadcrumb":{"@id":"https:\/\/lobosnews.com.ar\/index.php\/2026\/03\/16\/murio-marcelo-araujo-el-periodista-que-revoluciono-la-forma-de-relatar-futbol\/#breadcrumb"},"inLanguage":"es","potentialAction":[{"@type":"ReadAction","target":["https:\/\/lobosnews.com.ar\/index.php\/2026\/03\/16\/murio-marcelo-araujo-el-periodista-que-revoluciono-la-forma-de-relatar-futbol\/"]}]},{"@type":"ImageObject","inLanguage":"es","@id":"https:\/\/lobosnews.com.ar\/index.php\/2026\/03\/16\/murio-marcelo-araujo-el-periodista-que-revoluciono-la-forma-de-relatar-futbol\/#primaryimage","url":"https:\/\/lobosnews.com.ar\/wp-content\/uploads\/2026\/03\/murio-marcelo-araujo-el-periodista-que-revoluciono-la-forma-de-relatar-futbol.jpg","contentUrl":"https:\/\/lobosnews.com.ar\/wp-content\/uploads\/2026\/03\/murio-marcelo-araujo-el-periodista-que-revoluciono-la-forma-de-relatar-futbol.jpg"},{"@type":"BreadcrumbList","@id":"https:\/\/lobosnews.com.ar\/index.php\/2026\/03\/16\/murio-marcelo-araujo-el-periodista-que-revoluciono-la-forma-de-relatar-futbol\/#breadcrumb","itemListElement":[{"@type":"ListItem","position":1,"name":"Portada","item":"https:\/\/lobosnews.com.ar\/"},{"@type":"ListItem","position":2,"name":"Muri\u00f3 Marcelo Araujo, el periodista que revolucion\u00f3 la forma de relatar f\u00fatbol"}]},{"@type":"WebSite","@id":"https:\/\/lobosnews.com.ar\/#website","url":"https:\/\/lobosnews.com.ar\/","name":"Lobos News","description":"Informaci\u00f3n a cada instante","publisher":{"@id":"https:\/\/lobosnews.com.ar\/#organization"},"potentialAction":[{"@type":"SearchAction","target":{"@type":"EntryPoint","urlTemplate":"https:\/\/lobosnews.com.ar\/?s={search_term_string}"},"query-input":{"@type":"PropertyValueSpecification","valueRequired":true,"valueName":"search_term_string"}}],"inLanguage":"es"},{"@type":"Organization","@id":"https:\/\/lobosnews.com.ar\/#organization","name":"Lobos News","url":"https:\/\/lobosnews.com.ar\/","logo":{"@type":"ImageObject","inLanguage":"es","@id":"https:\/\/lobosnews.com.ar\/#\/schema\/logo\/image\/","url":"https:\/\/lobosnews.com.ar\/wp-content\/uploads\/2026\/01\/logo-lobosnews.png","contentUrl":"https:\/\/lobosnews.com.ar\/wp-content\/uploads\/2026\/01\/logo-lobosnews.png","width":500,"height":200,"caption":"Lobos News"},"image":{"@id":"https:\/\/lobosnews.com.ar\/#\/schema\/logo\/image\/"}},{"@type":"Person","@id":"https:\/\/lobosnews.com.ar\/#\/schema\/person\/232422a593d5c541dd9aef6aaed10943","name":"admin","image":{"@type":"ImageObject","inLanguage":"es","@id":"https:\/\/lobosnews.com.ar\/#\/schema\/person\/image\/","url":"https:\/\/secure.gravatar.com\/avatar\/76e419471a2083bc3ceab22a763dbbf9b0c1bd15a6214cf3280e2c2dde4580f9?s=96&d=mm&r=g","contentUrl":"https:\/\/secure.gravatar.com\/avatar\/76e419471a2083bc3ceab22a763dbbf9b0c1bd15a6214cf3280e2c2dde4580f9?s=96&d=mm&r=g","caption":"admin"},"sameAs":["https:\/\/lobosnews.com.ar"],"url":"https:\/\/lobosnews.com.ar\/index.php\/author\/lobos-news\/"}]}},"jetpack_featured_media_url":"","jetpack_sharing_enabled":true,"_links":{"self":[{"href":"https:\/\/lobosnews.com.ar\/index.php\/wp-json\/wp\/v2\/posts\/34274","targetHints":{"allow":["GET"]}}],"collection":[{"href":"https:\/\/lobosnews.com.ar\/index.php\/wp-json\/wp\/v2\/posts"}],"about":[{"href":"https:\/\/lobosnews.com.ar\/index.php\/wp-json\/wp\/v2\/types\/post"}],"author":[{"embeddable":true,"href":"https:\/\/lobosnews.com.ar\/index.php\/wp-json\/wp\/v2\/users\/1"}],"replies":[{"embeddable":true,"href":"https:\/\/lobosnews.com.ar\/index.php\/wp-json\/wp\/v2\/comments?post=34274"}],"version-history":[{"count":1,"href":"https:\/\/lobosnews.com.ar\/index.php\/wp-json\/wp\/v2\/posts\/34274\/revisions"}],"predecessor-version":[{"id":34276,"href":"https:\/\/lobosnews.com.ar\/index.php\/wp-json\/wp\/v2\/posts\/34274\/revisions\/34276"}],"wp:attachment":[{"href":"https:\/\/lobosnews.com.ar\/index.php\/wp-json\/wp\/v2\/media?parent=34274"}],"wp:term":[{"taxonomy":"category","embeddable":true,"href":"https:\/\/lobosnews.com.ar\/index.php\/wp-json\/wp\/v2\/categories?post=34274"},{"taxonomy":"post_tag","embeddable":true,"href":"https:\/\/lobosnews.com.ar\/index.php\/wp-json\/wp\/v2\/tags?post=34274"}],"curies":[{"name":"wp","href":"https:\/\/api.w.org\/{rel}","templated":true}]}}