{"id":34196,"date":"2026-03-16T03:04:35","date_gmt":"2026-03-16T03:04:35","guid":{"rendered":"https:\/\/lobosnews.com.ar\/index.php\/2026\/03\/16\/juan-estevez-celebro-el-titulo-en-el-m15-de-la-plata\/"},"modified":"2026-03-16T09:00:54","modified_gmt":"2026-03-16T09:00:54","slug":"juan-estevez-celebro-el-titulo-en-el-m15-de-la-plata","status":"publish","type":"post","link":"https:\/\/lobosnews.com.ar\/index.php\/2026\/03\/16\/juan-estevez-celebro-el-titulo-en-el-m15-de-la-plata\/","title":{"rendered":"Juan Est\u00e9vez celebr\u00f3 el t\u00edtulo en el M15 de La Plata"},"content":{"rendered":"<p><img loading=\"lazy\" decoding=\"async\" src=\"https:\/\/lobosnews.com.ar\/wp-content\/uploads\/2026\/03\/juan-estevez-celebro-el-titulo-en-el-m15-de-la-plata.jpg\" alt=\"El argentino Juan Est\u00e9vez se consagr\u00f3 campe\u00f3n del M15 de La Plata (Cr\u00e9dito: Tenis Club La Plata)\" height=\"740\" width=\"1125\"\/><\/p>\n<p>Este domingo, el argentino <b>Juan Est\u00e9vez<\/b> fue profeta en su tierra. En la final del<b> M15 de La Plata, <\/b>perteneciente al circuito profesional de la <b>ITF Men\u2019s World Tennis Tour<\/b>, se consagr\u00f3 campe\u00f3n al derrotar al brasile\u00f1o <b>Bruno<\/b> <b>Fern\u00e1ndez<\/b> por 7-5 y 6-4. <\/p>\n<p>Con la determinaci\u00f3n de que contin\u00faen los torneos profesionales en el pa\u00eds, la iniciativa busca que los tenistas locales puedan dar sus primeros pasos en el circuito, sumar sus primeros puntos para el ranking mundial y comenzar a transitar la etapa profesional sin la necesidad de afrontar largos viajes al exterior. De esta manera, competir en casa tambi\u00e9n les permite reducir considerablemente los costos que implica iniciar una carrera en el \u00e1mbito internacional.<\/p>\n<p>Al mismo tiempo, este tipo de competencias brinda la posibilidad de trabajar durante la semana junto a sus equipos completos y desarrollarse en un entorno cercano. A su vez, tienen la oportunidad de disputar sus partidos frente a familiares y amigos, un aspecto que suele ser muy importante en los primeros a\u00f1os dentro del profesionalismo.<\/p>\n<p>El jugador nacido en la ciudad bonaerense de<b> 25 de Mayo<\/b> hace 20 a\u00f1os, y entrenado por el reconocido <b>Oky Rodr\u00edguez,<\/b> lleg\u00f3 al partido decisivo que se disput\u00f3 sobre las canchas de polvo de ladrillo del <b>Tenis Club La Plata<\/b> con la certeza de que en las cinco finales que hab\u00eda jugado en este tipo de competencias siempre se hab\u00eda quedado con el t\u00edtulo. Sus conquistas hab\u00edan sido en los<b> M15<\/b> de <b>T\u00e1nger<\/b> en 2024 y en <b>Pirot<\/b>, <b>Azul<\/b>, <b>Santiago<\/b> y <b>Lima<\/b> durante la temporada 2025.<\/p>\n<p>En la final, <b>Est\u00e9vez<\/b> (quien ocupa el puesto 438 del ranking ATP Tour) fue determinante frente al jugador de Florian\u00f3polis, <b>Fern\u00e1ndez<\/b> (704\u00b0), al que super\u00f3 en sets corridos por 7-5 y 6-4. Para el bonaerense, que alcanz\u00f3 as\u00ed su sexta corona en este tipo de cert\u00e1menes, el trofeo tambi\u00e9n le permitir\u00e1 seguir sumando puntos en la <b>Beca Galperin al M\u00e9rito<\/b>, clasificaci\u00f3n que actualmente lidera con 30 unidades.<\/p>\n<p>No obstante, el festejo tuvo un cierre particular: al igual que ocurre en el <b>ATP 500 de Barcelona,<\/b> el tradicional <b>Conde de God\u00f3<\/b>, el campe\u00f3n celebr\u00f3 arroj\u00e1ndose a la pileta del club.<\/p>\n<p>\u201cQuiero felicitar a la organizaci\u00f3n. Para ser un M15 fue un verdadero torneo: fue impresionante la cantidad de p\u00fablico que hubo hoy y durante toda la semana. Las canchas y las instalaciones fueron muy c\u00f3modas. Tambi\u00e9n quiero agradecerle a todo mi equipo de trabajo y a mis amigos por estar ac\u00e1, ya que es la primera vez que me pueden ver jugar en este tipo de torneos\u201d, expres\u00f3<b> Est\u00e9vez<\/b> tras la consagraci\u00f3n.<\/p>\n<h3>Beca Galperin al M\u00e9rito<\/h3>\n<p><img loading=\"lazy\" decoding=\"async\" src=\"https:\/\/lobosnews.com.ar\/wp-content\/uploads\/2026\/03\/juan-estevez-celebro-el-titulo-en-el-m15-de-la-plata-1.jpg\" alt=\"Juan Est\u00e9vez, campe\u00f3n en La Plata, lidera con 30 puntos la tabla de la Beca Galperin al M\u00e9rito\" height=\"357\" width=\"573\"\/><\/p>\n<p>La <b>Beca Galperin al M\u00e9rito<\/b> fue un \u00e9xito en 2025 y se renovar\u00e1 en 2026 con mayor cantidad de beneficiados y premios totales. Esta iniciativa de <b>Marcos<\/b> <b>Galperin<\/b>, que cuenta con el aval y supervisi\u00f3n de la <b>Asociaci\u00f3n Argentina de Tenis<\/b>, busca promover el desarrollo de j\u00f3venes tenistas en su inserci\u00f3n al profesionalismo. Por eso, se premia a aquellos jugadores menores de 22 a\u00f1os que m\u00e1s puntos <b>ATP<\/b> sumen en competencias internacionales jugadas en el pa\u00eds a lo largo del a\u00f1o.<\/p>\n<p>En 2025 fueron 24 los tenistas (nacidos hasta el a\u00f1o 2003) que sumaron al menos un punto compitiendo en el pa\u00eds, en las 18 fechas internacionales de todos los niveles del tenis profesional. <b>Lautaro Mid\u00f3n <\/b>(110 puntos) fue el ganador del gran premio de 60.000 d\u00f3lares; y <b>Juan Manuel La Serna<\/b> (53), del segundo puesto y 40.000 d\u00f3lares. Dichas sumas ser\u00e1n utilizadas por los tenistas categor\u00eda 2004 para invertir en sus carreras durante esta temporada.<\/p>\n<p>Para este a\u00f1o, que inici\u00f3 con el<b> AAT Challenger edici\u00f3n TCA<\/b>, el formato se renov\u00f3. Se mantienen los premios para el primer y segundo puesto, pero habr\u00e1 m\u00e1s ganadores. Sobre el cierre de 2026, se disputar\u00e1 el <b>Masters<\/b> <b>al<\/b> <b>M\u00e9rito<\/b> <b>Marcos<\/b> <b>Galperin<\/b> durante <b>La Semana del Tenis,<\/b> con participaci\u00f3n de los 5 primeros del ranking y un invitado de la organizaci\u00f3n.<\/p>\n<p>El primero y segundo del ranking ganar\u00e1n -respectivamente- 60 mil y 40 mil d\u00f3lares cada uno, pero seguir\u00e1n sumando de acuerdo a su performance en el Masters, al que acceder\u00e1n directamente en semifinales. Los otros cuatro jugadores (3\u00b0, 4\u00b0, 5\u00b0 e invitado) comenzar\u00e1n en cuartos de final. Cada uno de ellos ganar\u00e1 5.000 d\u00f3lares por participar, con un plus de 5.000 d\u00f3lares por partido ganado (los dos primeros sumar\u00e1n \u00fanicamente por partido ganado en el Masters).<\/p>\n<h3>Tabla de posiciones<\/h3>\n<ul>\n<li>Juan Est\u00e9vez &#8211; 30<\/li>\n<li>Lucio Ratti &#8211; 16<\/li>\n<li>M\u00e1ximo Zeitune &#8211; 16<\/li>\n<li>Carlos Z\u00e1rate &#8211; 12<\/li>\n<li>Benjam\u00edn Chelia &#8211; 1<\/li>\n<li>Tadeo Meneo &#8211; 1<\/li>\n<li>Fernando Cavallo &#8211; 1 <\/li>\n<\/ul>\n<p><img loading=\"lazy\" decoding=\"async\" src=\"https:\/\/lobosnews.com.ar\/wp-content\/uploads\/2026\/03\/juan-estevez-celebro-el-titulo-en-el-m15-de-la-plata-2.jpg\" alt=\"El argentino Juan Est\u00e9vez posando con el trofeo del M15 de La Plata (Cr\u00e9dito: Tenis Club La Plata)\" height=\"741\" width=\"1125\"\/><\/p>\n","protected":false},"excerpt":{"rendered":"<p>Este domingo, el argentino Juan Est\u00e9vez fue profeta en su tierra. En la final del M15 de La Plata, perteneciente al circuito profesional de la ITF Men\u2019s World Tennis Tour, se consagr\u00f3 campe\u00f3n al derrotar al brasile\u00f1o Bruno Fern\u00e1ndez por 7-5 y 6-4. Con la determinaci\u00f3n de que contin\u00faen los torneos profesionales en el pa\u00eds,&#8230;<\/p>\n","protected":false},"author":1,"featured_media":0,"comment_status":"open","ping_status":"closed","sticky":false,"template":"","format":"standard","meta":{"_jetpack_memberships_contains_paid_content":false,"footnotes":""},"categories":[30],"tags":[39],"class_list":["post-34196","post","type-post","status-publish","format-standard","hentry","category-argentina","tag-deportes"],"magazineBlocksPostFeaturedMedia":{"thumbnail":false,"medium":false,"medium_large":false,"large":false,"1536x1536":false,"2048x2048":false,"newsmatic-featured":false,"newsmatic-list":false,"newsmatic-thumb":false,"newsmatic-small":false,"newsmatic-grid":false},"magazineBlocksPostAuthor":{"name":"admin","avatar":"https:\/\/secure.gravatar.com\/avatar\/76e419471a2083bc3ceab22a763dbbf9b0c1bd15a6214cf3280e2c2dde4580f9?s=96&d=mm&r=g"},"magazineBlocksPostCommentsNumber":"0","magazineBlocksPostExcerpt":"Este domingo, el argentino Juan Est\u00e9vez fue profeta en su tierra. En la final del M15 de La Plata, perteneciente al circuito profesional de la ITF Men\u2019s World Tennis Tour, se consagr\u00f3 campe\u00f3n al derrotar al brasile\u00f1o Bruno Fern\u00e1ndez por 7-5 y 6-4. Con la determinaci\u00f3n de que contin\u00faen los torneos profesionales en el pa\u00eds,...","magazineBlocksPostCategories":["Argentina"],"magazineBlocksPostViewCount":91,"magazineBlocksPostReadTime":4,"magazine_blocks_featured_image_url":{"full":false,"medium":false,"thumbnail":false},"magazine_blocks_author":{"display_name":"admin","author_link":"https:\/\/lobosnews.com.ar\/index.php\/author\/lobos-news\/"},"magazine_blocks_comment":0,"magazine_blocks_author_image":"https:\/\/secure.gravatar.com\/avatar\/76e419471a2083bc3ceab22a763dbbf9b0c1bd15a6214cf3280e2c2dde4580f9?s=96&d=mm&r=g","magazine_blocks_category":"<a href=\"#\" class=\"category-link category-link-30\">Argentina<\/a>","yoast_head":"<!-- This site is optimized with the Yoast SEO plugin v26.6 - https:\/\/yoast.com\/wordpress\/plugins\/seo\/ -->\n<title>Juan Est\u00e9vez celebr\u00f3 el t\u00edtulo en el M15 de La Plata - Lobos News<\/title>\n<meta name=\"robots\" content=\"index, follow, max-snippet:-1, max-image-preview:large, max-video-preview:-1\" \/>\n<link rel=\"canonical\" href=\"https:\/\/lobosnews.com.ar\/index.php\/2026\/03\/16\/juan-estevez-celebro-el-titulo-en-el-m15-de-la-plata\/\" \/>\n<meta property=\"og:locale\" content=\"es_ES\" \/>\n<meta property=\"og:type\" content=\"article\" \/>\n<meta property=\"og:title\" content=\"Juan Est\u00e9vez celebr\u00f3 el t\u00edtulo en el M15 de La Plata - Lobos News\" \/>\n<meta property=\"og:description\" content=\"Este domingo, el argentino Juan Est\u00e9vez fue profeta en su tierra. En la final del M15 de La Plata, perteneciente al circuito profesional de la ITF Men\u2019s World Tennis Tour, se consagr\u00f3 campe\u00f3n al derrotar al brasile\u00f1o Bruno Fern\u00e1ndez por 7-5 y 6-4. Con la determinaci\u00f3n de que contin\u00faen los torneos profesionales en el pa\u00eds,...\" \/>\n<meta property=\"og:url\" content=\"https:\/\/lobosnews.com.ar\/index.php\/2026\/03\/16\/juan-estevez-celebro-el-titulo-en-el-m15-de-la-plata\/\" \/>\n<meta property=\"og:site_name\" content=\"Lobos News\" \/>\n<meta property=\"article:published_time\" content=\"2026-03-16T03:04:35+00:00\" \/>\n<meta property=\"article:modified_time\" content=\"2026-03-16T09:00:54+00:00\" \/>\n<meta property=\"og:image\" content=\"https:\/\/lobosnews.com.ar\/wp-content\/uploads\/2026\/03\/juan-estevez-celebro-el-titulo-en-el-m15-de-la-plata.jpg\" \/>\n<meta name=\"author\" content=\"admin\" \/>\n<meta name=\"twitter:card\" content=\"summary_large_image\" \/>\n<meta name=\"twitter:label1\" content=\"Escrito por\" \/>\n\t<meta name=\"twitter:data1\" content=\"admin\" \/>\n\t<meta name=\"twitter:label2\" content=\"Tiempo de lectura\" \/>\n\t<meta name=\"twitter:data2\" content=\"4 minutos\" \/>\n<script type=\"application\/ld+json\" class=\"yoast-schema-graph\">{\"@context\":\"https:\/\/schema.org\",\"@graph\":[{\"@type\":\"Article\",\"@id\":\"https:\/\/lobosnews.com.ar\/index.php\/2026\/03\/16\/juan-estevez-celebro-el-titulo-en-el-m15-de-la-plata\/#article\",\"isPartOf\":{\"@id\":\"https:\/\/lobosnews.com.ar\/index.php\/2026\/03\/16\/juan-estevez-celebro-el-titulo-en-el-m15-de-la-plata\/\"},\"author\":{\"name\":\"admin\",\"@id\":\"https:\/\/lobosnews.com.ar\/#\/schema\/person\/232422a593d5c541dd9aef6aaed10943\"},\"headline\":\"Juan Est\u00e9vez celebr\u00f3 el t\u00edtulo en el M15 de La Plata\",\"datePublished\":\"2026-03-16T03:04:35+00:00\",\"dateModified\":\"2026-03-16T09:00:54+00:00\",\"mainEntityOfPage\":{\"@id\":\"https:\/\/lobosnews.com.ar\/index.php\/2026\/03\/16\/juan-estevez-celebro-el-titulo-en-el-m15-de-la-plata\/\"},\"wordCount\":793,\"commentCount\":0,\"publisher\":{\"@id\":\"https:\/\/lobosnews.com.ar\/#organization\"},\"image\":{\"@id\":\"https:\/\/lobosnews.com.ar\/index.php\/2026\/03\/16\/juan-estevez-celebro-el-titulo-en-el-m15-de-la-plata\/#primaryimage\"},\"thumbnailUrl\":\"https:\/\/lobosnews.com.ar\/wp-content\/uploads\/2026\/03\/juan-estevez-celebro-el-titulo-en-el-m15-de-la-plata.jpg\",\"keywords\":[\"Deportes\"],\"articleSection\":[\"Argentina\"],\"inLanguage\":\"es\",\"potentialAction\":[{\"@type\":\"CommentAction\",\"name\":\"Comment\",\"target\":[\"https:\/\/lobosnews.com.ar\/index.php\/2026\/03\/16\/juan-estevez-celebro-el-titulo-en-el-m15-de-la-plata\/#respond\"]}]},{\"@type\":\"WebPage\",\"@id\":\"https:\/\/lobosnews.com.ar\/index.php\/2026\/03\/16\/juan-estevez-celebro-el-titulo-en-el-m15-de-la-plata\/\",\"url\":\"https:\/\/lobosnews.com.ar\/index.php\/2026\/03\/16\/juan-estevez-celebro-el-titulo-en-el-m15-de-la-plata\/\",\"name\":\"Juan Est\u00e9vez celebr\u00f3 el t\u00edtulo en el M15 de La Plata - Lobos News\",\"isPartOf\":{\"@id\":\"https:\/\/lobosnews.com.ar\/#website\"},\"primaryImageOfPage\":{\"@id\":\"https:\/\/lobosnews.com.ar\/index.php\/2026\/03\/16\/juan-estevez-celebro-el-titulo-en-el-m15-de-la-plata\/#primaryimage\"},\"image\":{\"@id\":\"https:\/\/lobosnews.com.ar\/index.php\/2026\/03\/16\/juan-estevez-celebro-el-titulo-en-el-m15-de-la-plata\/#primaryimage\"},\"thumbnailUrl\":\"https:\/\/lobosnews.com.ar\/wp-content\/uploads\/2026\/03\/juan-estevez-celebro-el-titulo-en-el-m15-de-la-plata.jpg\",\"datePublished\":\"2026-03-16T03:04:35+00:00\",\"dateModified\":\"2026-03-16T09:00:54+00:00\",\"breadcrumb\":{\"@id\":\"https:\/\/lobosnews.com.ar\/index.php\/2026\/03\/16\/juan-estevez-celebro-el-titulo-en-el-m15-de-la-plata\/#breadcrumb\"},\"inLanguage\":\"es\",\"potentialAction\":[{\"@type\":\"ReadAction\",\"target\":[\"https:\/\/lobosnews.com.ar\/index.php\/2026\/03\/16\/juan-estevez-celebro-el-titulo-en-el-m15-de-la-plata\/\"]}]},{\"@type\":\"ImageObject\",\"inLanguage\":\"es\",\"@id\":\"https:\/\/lobosnews.com.ar\/index.php\/2026\/03\/16\/juan-estevez-celebro-el-titulo-en-el-m15-de-la-plata\/#primaryimage\",\"url\":\"https:\/\/lobosnews.com.ar\/wp-content\/uploads\/2026\/03\/juan-estevez-celebro-el-titulo-en-el-m15-de-la-plata.jpg\",\"contentUrl\":\"https:\/\/lobosnews.com.ar\/wp-content\/uploads\/2026\/03\/juan-estevez-celebro-el-titulo-en-el-m15-de-la-plata.jpg\"},{\"@type\":\"BreadcrumbList\",\"@id\":\"https:\/\/lobosnews.com.ar\/index.php\/2026\/03\/16\/juan-estevez-celebro-el-titulo-en-el-m15-de-la-plata\/#breadcrumb\",\"itemListElement\":[{\"@type\":\"ListItem\",\"position\":1,\"name\":\"Portada\",\"item\":\"https:\/\/lobosnews.com.ar\/\"},{\"@type\":\"ListItem\",\"position\":2,\"name\":\"Juan Est\u00e9vez celebr\u00f3 el t\u00edtulo en el M15 de La Plata\"}]},{\"@type\":\"WebSite\",\"@id\":\"https:\/\/lobosnews.com.ar\/#website\",\"url\":\"https:\/\/lobosnews.com.ar\/\",\"name\":\"Lobos News\",\"description\":\"Informaci\u00f3n a cada instante\",\"publisher\":{\"@id\":\"https:\/\/lobosnews.com.ar\/#organization\"},\"potentialAction\":[{\"@type\":\"SearchAction\",\"target\":{\"@type\":\"EntryPoint\",\"urlTemplate\":\"https:\/\/lobosnews.com.ar\/?s={search_term_string}\"},\"query-input\":{\"@type\":\"PropertyValueSpecification\",\"valueRequired\":true,\"valueName\":\"search_term_string\"}}],\"inLanguage\":\"es\"},{\"@type\":\"Organization\",\"@id\":\"https:\/\/lobosnews.com.ar\/#organization\",\"name\":\"Lobos News\",\"url\":\"https:\/\/lobosnews.com.ar\/\",\"logo\":{\"@type\":\"ImageObject\",\"inLanguage\":\"es\",\"@id\":\"https:\/\/lobosnews.com.ar\/#\/schema\/logo\/image\/\",\"url\":\"https:\/\/lobosnews.com.ar\/wp-content\/uploads\/2026\/01\/logo-lobosnews.png\",\"contentUrl\":\"https:\/\/lobosnews.com.ar\/wp-content\/uploads\/2026\/01\/logo-lobosnews.png\",\"width\":500,\"height\":200,\"caption\":\"Lobos News\"},\"image\":{\"@id\":\"https:\/\/lobosnews.com.ar\/#\/schema\/logo\/image\/\"}},{\"@type\":\"Person\",\"@id\":\"https:\/\/lobosnews.com.ar\/#\/schema\/person\/232422a593d5c541dd9aef6aaed10943\",\"name\":\"admin\",\"image\":{\"@type\":\"ImageObject\",\"inLanguage\":\"es\",\"@id\":\"https:\/\/lobosnews.com.ar\/#\/schema\/person\/image\/\",\"url\":\"https:\/\/secure.gravatar.com\/avatar\/76e419471a2083bc3ceab22a763dbbf9b0c1bd15a6214cf3280e2c2dde4580f9?s=96&d=mm&r=g\",\"contentUrl\":\"https:\/\/secure.gravatar.com\/avatar\/76e419471a2083bc3ceab22a763dbbf9b0c1bd15a6214cf3280e2c2dde4580f9?s=96&d=mm&r=g\",\"caption\":\"admin\"},\"sameAs\":[\"https:\/\/lobosnews.com.ar\"],\"url\":\"https:\/\/lobosnews.com.ar\/index.php\/author\/lobos-news\/\"}]}<\/script>\n<!-- \/ Yoast SEO plugin. -->","yoast_head_json":{"title":"Juan Est\u00e9vez celebr\u00f3 el t\u00edtulo en el M15 de La Plata - Lobos News","robots":{"index":"index","follow":"follow","max-snippet":"max-snippet:-1","max-image-preview":"max-image-preview:large","max-video-preview":"max-video-preview:-1"},"canonical":"https:\/\/lobosnews.com.ar\/index.php\/2026\/03\/16\/juan-estevez-celebro-el-titulo-en-el-m15-de-la-plata\/","og_locale":"es_ES","og_type":"article","og_title":"Juan Est\u00e9vez celebr\u00f3 el t\u00edtulo en el M15 de La Plata - Lobos News","og_description":"Este domingo, el argentino Juan Est\u00e9vez fue profeta en su tierra. En la final del M15 de La Plata, perteneciente al circuito profesional de la ITF Men\u2019s World Tennis Tour, se consagr\u00f3 campe\u00f3n al derrotar al brasile\u00f1o Bruno Fern\u00e1ndez por 7-5 y 6-4. Con la determinaci\u00f3n de que contin\u00faen los torneos profesionales en el pa\u00eds,...","og_url":"https:\/\/lobosnews.com.ar\/index.php\/2026\/03\/16\/juan-estevez-celebro-el-titulo-en-el-m15-de-la-plata\/","og_site_name":"Lobos News","article_published_time":"2026-03-16T03:04:35+00:00","article_modified_time":"2026-03-16T09:00:54+00:00","og_image":[{"url":"https:\/\/lobosnews.com.ar\/wp-content\/uploads\/2026\/03\/juan-estevez-celebro-el-titulo-en-el-m15-de-la-plata.jpg","type":"","width":"","height":""}],"author":"admin","twitter_card":"summary_large_image","twitter_misc":{"Escrito por":"admin","Tiempo de lectura":"4 minutos"},"schema":{"@context":"https:\/\/schema.org","@graph":[{"@type":"Article","@id":"https:\/\/lobosnews.com.ar\/index.php\/2026\/03\/16\/juan-estevez-celebro-el-titulo-en-el-m15-de-la-plata\/#article","isPartOf":{"@id":"https:\/\/lobosnews.com.ar\/index.php\/2026\/03\/16\/juan-estevez-celebro-el-titulo-en-el-m15-de-la-plata\/"},"author":{"name":"admin","@id":"https:\/\/lobosnews.com.ar\/#\/schema\/person\/232422a593d5c541dd9aef6aaed10943"},"headline":"Juan Est\u00e9vez celebr\u00f3 el t\u00edtulo en el M15 de La Plata","datePublished":"2026-03-16T03:04:35+00:00","dateModified":"2026-03-16T09:00:54+00:00","mainEntityOfPage":{"@id":"https:\/\/lobosnews.com.ar\/index.php\/2026\/03\/16\/juan-estevez-celebro-el-titulo-en-el-m15-de-la-plata\/"},"wordCount":793,"commentCount":0,"publisher":{"@id":"https:\/\/lobosnews.com.ar\/#organization"},"image":{"@id":"https:\/\/lobosnews.com.ar\/index.php\/2026\/03\/16\/juan-estevez-celebro-el-titulo-en-el-m15-de-la-plata\/#primaryimage"},"thumbnailUrl":"https:\/\/lobosnews.com.ar\/wp-content\/uploads\/2026\/03\/juan-estevez-celebro-el-titulo-en-el-m15-de-la-plata.jpg","keywords":["Deportes"],"articleSection":["Argentina"],"inLanguage":"es","potentialAction":[{"@type":"CommentAction","name":"Comment","target":["https:\/\/lobosnews.com.ar\/index.php\/2026\/03\/16\/juan-estevez-celebro-el-titulo-en-el-m15-de-la-plata\/#respond"]}]},{"@type":"WebPage","@id":"https:\/\/lobosnews.com.ar\/index.php\/2026\/03\/16\/juan-estevez-celebro-el-titulo-en-el-m15-de-la-plata\/","url":"https:\/\/lobosnews.com.ar\/index.php\/2026\/03\/16\/juan-estevez-celebro-el-titulo-en-el-m15-de-la-plata\/","name":"Juan Est\u00e9vez celebr\u00f3 el t\u00edtulo en el M15 de La Plata - Lobos News","isPartOf":{"@id":"https:\/\/lobosnews.com.ar\/#website"},"primaryImageOfPage":{"@id":"https:\/\/lobosnews.com.ar\/index.php\/2026\/03\/16\/juan-estevez-celebro-el-titulo-en-el-m15-de-la-plata\/#primaryimage"},"image":{"@id":"https:\/\/lobosnews.com.ar\/index.php\/2026\/03\/16\/juan-estevez-celebro-el-titulo-en-el-m15-de-la-plata\/#primaryimage"},"thumbnailUrl":"https:\/\/lobosnews.com.ar\/wp-content\/uploads\/2026\/03\/juan-estevez-celebro-el-titulo-en-el-m15-de-la-plata.jpg","datePublished":"2026-03-16T03:04:35+00:00","dateModified":"2026-03-16T09:00:54+00:00","breadcrumb":{"@id":"https:\/\/lobosnews.com.ar\/index.php\/2026\/03\/16\/juan-estevez-celebro-el-titulo-en-el-m15-de-la-plata\/#breadcrumb"},"inLanguage":"es","potentialAction":[{"@type":"ReadAction","target":["https:\/\/lobosnews.com.ar\/index.php\/2026\/03\/16\/juan-estevez-celebro-el-titulo-en-el-m15-de-la-plata\/"]}]},{"@type":"ImageObject","inLanguage":"es","@id":"https:\/\/lobosnews.com.ar\/index.php\/2026\/03\/16\/juan-estevez-celebro-el-titulo-en-el-m15-de-la-plata\/#primaryimage","url":"https:\/\/lobosnews.com.ar\/wp-content\/uploads\/2026\/03\/juan-estevez-celebro-el-titulo-en-el-m15-de-la-plata.jpg","contentUrl":"https:\/\/lobosnews.com.ar\/wp-content\/uploads\/2026\/03\/juan-estevez-celebro-el-titulo-en-el-m15-de-la-plata.jpg"},{"@type":"BreadcrumbList","@id":"https:\/\/lobosnews.com.ar\/index.php\/2026\/03\/16\/juan-estevez-celebro-el-titulo-en-el-m15-de-la-plata\/#breadcrumb","itemListElement":[{"@type":"ListItem","position":1,"name":"Portada","item":"https:\/\/lobosnews.com.ar\/"},{"@type":"ListItem","position":2,"name":"Juan Est\u00e9vez celebr\u00f3 el t\u00edtulo en el M15 de La Plata"}]},{"@type":"WebSite","@id":"https:\/\/lobosnews.com.ar\/#website","url":"https:\/\/lobosnews.com.ar\/","name":"Lobos News","description":"Informaci\u00f3n a cada instante","publisher":{"@id":"https:\/\/lobosnews.com.ar\/#organization"},"potentialAction":[{"@type":"SearchAction","target":{"@type":"EntryPoint","urlTemplate":"https:\/\/lobosnews.com.ar\/?s={search_term_string}"},"query-input":{"@type":"PropertyValueSpecification","valueRequired":true,"valueName":"search_term_string"}}],"inLanguage":"es"},{"@type":"Organization","@id":"https:\/\/lobosnews.com.ar\/#organization","name":"Lobos News","url":"https:\/\/lobosnews.com.ar\/","logo":{"@type":"ImageObject","inLanguage":"es","@id":"https:\/\/lobosnews.com.ar\/#\/schema\/logo\/image\/","url":"https:\/\/lobosnews.com.ar\/wp-content\/uploads\/2026\/01\/logo-lobosnews.png","contentUrl":"https:\/\/lobosnews.com.ar\/wp-content\/uploads\/2026\/01\/logo-lobosnews.png","width":500,"height":200,"caption":"Lobos News"},"image":{"@id":"https:\/\/lobosnews.com.ar\/#\/schema\/logo\/image\/"}},{"@type":"Person","@id":"https:\/\/lobosnews.com.ar\/#\/schema\/person\/232422a593d5c541dd9aef6aaed10943","name":"admin","image":{"@type":"ImageObject","inLanguage":"es","@id":"https:\/\/lobosnews.com.ar\/#\/schema\/person\/image\/","url":"https:\/\/secure.gravatar.com\/avatar\/76e419471a2083bc3ceab22a763dbbf9b0c1bd15a6214cf3280e2c2dde4580f9?s=96&d=mm&r=g","contentUrl":"https:\/\/secure.gravatar.com\/avatar\/76e419471a2083bc3ceab22a763dbbf9b0c1bd15a6214cf3280e2c2dde4580f9?s=96&d=mm&r=g","caption":"admin"},"sameAs":["https:\/\/lobosnews.com.ar"],"url":"https:\/\/lobosnews.com.ar\/index.php\/author\/lobos-news\/"}]}},"jetpack_featured_media_url":"","jetpack_sharing_enabled":true,"_links":{"self":[{"href":"https:\/\/lobosnews.com.ar\/index.php\/wp-json\/wp\/v2\/posts\/34196","targetHints":{"allow":["GET"]}}],"collection":[{"href":"https:\/\/lobosnews.com.ar\/index.php\/wp-json\/wp\/v2\/posts"}],"about":[{"href":"https:\/\/lobosnews.com.ar\/index.php\/wp-json\/wp\/v2\/types\/post"}],"author":[{"embeddable":true,"href":"https:\/\/lobosnews.com.ar\/index.php\/wp-json\/wp\/v2\/users\/1"}],"replies":[{"embeddable":true,"href":"https:\/\/lobosnews.com.ar\/index.php\/wp-json\/wp\/v2\/comments?post=34196"}],"version-history":[{"count":1,"href":"https:\/\/lobosnews.com.ar\/index.php\/wp-json\/wp\/v2\/posts\/34196\/revisions"}],"predecessor-version":[{"id":34200,"href":"https:\/\/lobosnews.com.ar\/index.php\/wp-json\/wp\/v2\/posts\/34196\/revisions\/34200"}],"wp:attachment":[{"href":"https:\/\/lobosnews.com.ar\/index.php\/wp-json\/wp\/v2\/media?parent=34196"}],"wp:term":[{"taxonomy":"category","embeddable":true,"href":"https:\/\/lobosnews.com.ar\/index.php\/wp-json\/wp\/v2\/categories?post=34196"},{"taxonomy":"post_tag","embeddable":true,"href":"https:\/\/lobosnews.com.ar\/index.php\/wp-json\/wp\/v2\/tags?post=34196"}],"curies":[{"name":"wp","href":"https:\/\/api.w.org\/{rel}","templated":true}]}}