{"id":34177,"date":"2026-03-16T04:17:38","date_gmt":"2026-03-16T04:17:38","guid":{"rendered":"https:\/\/lobosnews.com.ar\/index.php\/2026\/03\/16\/presentacion-de-un-libro-y-homenaje-al-papa-francisco-en-un-acto-en-la-uca\/"},"modified":"2026-03-16T06:49:01","modified_gmt":"2026-03-16T06:49:01","slug":"presentacion-de-un-libro-y-homenaje-al-papa-francisco-en-un-acto-en-la-uca","status":"publish","type":"post","link":"https:\/\/lobosnews.com.ar\/index.php\/2026\/03\/16\/presentacion-de-un-libro-y-homenaje-al-papa-francisco-en-un-acto-en-la-uca\/","title":{"rendered":"Presentaci\u00f3n de un libro y homenaje al papa Francisco en un acto en la UCA"},"content":{"rendered":"<p><img loading=\"lazy\" decoding=\"async\" src=\"https:\/\/lobosnews.com.ar\/wp-content\/uploads\/2026\/03\/presentacion-de-un-libro-y-homenaje-al-papa-francisco-en-un-acto-en-la-uca.jpg\" alt=\"Este martes 17 de marzo la UCA conmemora la creaci\u00f3n del \u00e1rea de Compromiso Social y Extensi\u00f3n a instancias del entonces Gran Canciller de la Universidad, Jorge Bergoglio, futuro papa Francisco (EFE\/EPA\/PIYAL ADHIKARY) \" height=\"1080\" width=\"1920\"\/><\/p>\n<p>Este martes 17 de marzo a las 17 hs, tendr\u00e1 lugar en la <b>Universidad Cat\u00f3lica Argentina <\/b>(UCA) la presentaci\u00f3n del libro Una Universidad en salida. Celebrando <b>15 a\u00f1os del legado de Francisco.<\/b><\/p>\n<p>El acto podr\u00e1 ser seguido en forma virtual a trav\u00e9s del canal de YouTube de la UCA.<\/p>\n<p>El libro que publica la Universidad celebra los quince a\u00f1os de la creaci\u00f3n de <b>Compromiso Social y Extensi\u00f3n como \u00e1rea transversal de la UCA, <\/b>expresi\u00f3n viva del llamado del Papa Francisco a construir una universidad abierta al encuentro, al servicio y al di\u00e1logo con la realidad. <\/p>\n<p>El libro evoca el camino iniciado en febrero de 2010, cuando el entonces <b>Gran Canciller, cardenal Jorge Mario Bergoglio,<\/b> arzobispo de Buenos Aires, impuls\u00f3 la idea de una universidad \u201cen salida\u201d. A trav\u00e9s de testimonios y experiencias, la obra muestra c\u00f3mo,<b> a lo largo de estos a\u00f1os, el compromiso social se fue consolidando como una dimensi\u00f3n esencial de la identidad institucional de la UCA<\/b>. Esta Coordinaci\u00f3n de Compromiso Social y Extensi\u00f3n tiene por objetivo aunar esfuerzos entre los distintos estamentos de la Universidad con el fin de mostrar que la \u201cvocaci\u00f3n acad\u00e9mica tambi\u00e9n puede tener un resultado significativo en la vida social\u201d, como indica la propia instituci\u00f3n en su p\u00e1gina web.<\/p>\n<p><img loading=\"lazy\" decoding=\"async\" src=\"https:\/\/lobosnews.com.ar\/wp-content\/uploads\/2026\/03\/presentacion-de-un-libro-y-homenaje-al-papa-francisco-en-un-acto-en-la-uca-1.jpg\" alt=\"UCA - Presentaci\u00f3n de libro y homenaje al papa Francisco \" height=\"2689\" width=\"1920\"\/><\/p>\n<p>Del acto participar\u00e1n, en calidad de expositores, monse\u00f1or <b>Jorge Garc\u00eda Cuerva, <\/b>Arzobispo de Buenos Aires y Gran Canciller de la UCA; <b>Silvia Bulla<\/b>, presidente de la Asociaci\u00f3n Cristiana de Dirigentes de Empresas (ACDE); <b>Andrew Furco<\/b>, investigador en aprendizaje y servicio de la Universidad de Minnesota; <b>Emilio Inzaurraga<\/b>, director nacional de C\u00e1ritas; <b>Chantal Jouannet Valderrama<\/b>, directora de Ense\u00f1anza e Innovaci\u00f3n y docente de la Pontificia Universidad Cat\u00f3lica de Chile; y <b>Javier Garc\u00eda Morit\u00e1n,<\/b> director ejecutivo del Grupo de Fundaciones y Empresas (GDFE). <\/p>\n<p>El encuentro propone <b>un espacio de reflexi\u00f3n sobre el rol de la universidad<\/b> <b>en la formaci\u00f3n integral de profesionales<\/b>, en el marco de los desaf\u00edos de la educaci\u00f3n para el siglo XXI, articulando saberes disciplinares, experiencias territoriales y pr\u00e1cticas pedag\u00f3gicas innovadoras, e integrando la mirada de los diversos sectores de la sociedad. <\/p>\n<p>El \u00e1rea de Compromiso Social y Extensi\u00f3n busca promover el esp\u00edritu de servicio al pr\u00f3jimo entre los estudiantes y por ello la instituci\u00f3n se empe\u00f1a en \u201cla<b> promoci\u00f3n y desarrollo de la justicia social <\/b>y el crecimiento integral de la persona\u201d, seg\u00fan se\u00f1ala la misma universidad. \u201cA su vez esta experiencia permitir\u00e1 a la comunidad universitaria dejarse interpelar como acad\u00e9micos por una realidad social diversa a la vivida cotidianamente\u201d, dicen.<\/p>\n<p>La funci\u00f3n principal de la Universidad es la difusi\u00f3n de conocimiento, la investigaci\u00f3n, la reflexi\u00f3n y la formaci\u00f3n integral de los futuros profesionales, pero no por ello debe descuidar su <b>funci\u00f3n social a partir de la capacidad de dar respuesta a las demandas de la sociedad <\/b>en materia de promoci\u00f3n y desarrollo humano, tendientes a una sociedad m\u00e1s equitativa y justa. Es por ello que Compromiso Social y Extensi\u00f3n act\u00faa como una instancia generadora de proyectos que coordina el trabajo de las unidades acad\u00e9micas para evaluar y coordinar los proyectos y actividades de compromiso social que se generan desde la Universidad, articulando docencia e investigaci\u00f3n.<\/p>\n<p><img loading=\"lazy\" decoding=\"async\" src=\"https:\/\/lobosnews.com.ar\/wp-content\/uploads\/2026\/03\/presentacion-de-un-libro-y-homenaje-al-papa-francisco-en-un-acto-en-la-uca-2.jpg\" alt=\"Jorge Mario Bergoglio, papa Francisco, en su primera salida al balcon sobre la plaza de San Pedro, tras su elecci\u00f3n como papa (REUTERS\/Dylan Martinez)\" height=\"2751\" width=\"4196\"\/><\/p>\n<p>Esta presentaci\u00f3n en la UCA tiene lugar adem\u00e1s en el mes en que se ha cumplido<b> un nuevo aniversario del d\u00eda en que, contra todo pron\u00f3stico, Jorge Mario Bergoglio fue electo Papa. <\/b>Fue el 13 de marzo de 2013, hace 13 a\u00f1os, cuando el mundo escuch\u00f3 at\u00f3nito el nombre del nuevo Sumo Pont\u00edfice. Por primera vez, se eleg\u00eda un Papa latinoamericano y jesuita. <\/p>\n","protected":false},"excerpt":{"rendered":"<p>Este martes 17 de marzo a las 17 hs, tendr\u00e1 lugar en la Universidad Cat\u00f3lica Argentina (UCA) la presentaci\u00f3n del libro Una Universidad en salida. Celebrando 15 a\u00f1os del legado de Francisco. El acto podr\u00e1 ser seguido en forma virtual a trav\u00e9s del canal de YouTube de la UCA. El libro que publica la Universidad&#8230;<\/p>\n","protected":false},"author":1,"featured_media":34182,"comment_status":"open","ping_status":"closed","sticky":false,"template":"","format":"standard","meta":{"_jetpack_memberships_contains_paid_content":false,"footnotes":""},"categories":[31,30,32,77,84,35,36,37],"tags":[],"class_list":["post-34177","post","type-post","status-publish","format-standard","has-post-thumbnail","hentry","category-actualidad","category-argentina","category-economia","category-inseguridad","category-masradios-com","category-nacionales","category-seguridad","category-sociedad"],"magazineBlocksPostFeaturedMedia":{"thumbnail":"https:\/\/lobosnews.com.ar\/wp-content\/uploads\/2026\/03\/presentacion-de-un-libro-y-homenaje-al-papa-francisco-en-un-acto-en-la-uca-4-150x150.jpg","medium":"https:\/\/lobosnews.com.ar\/wp-content\/uploads\/2026\/03\/presentacion-de-un-libro-y-homenaje-al-papa-francisco-en-un-acto-en-la-uca-4-300x197.jpg","medium_large":"https:\/\/lobosnews.com.ar\/wp-content\/uploads\/2026\/03\/presentacion-de-un-libro-y-homenaje-al-papa-francisco-en-un-acto-en-la-uca-4-768x504.jpg","large":"https:\/\/lobosnews.com.ar\/wp-content\/uploads\/2026\/03\/presentacion-de-un-libro-y-homenaje-al-papa-francisco-en-un-acto-en-la-uca-4-1024x671.jpg","1536x1536":"https:\/\/lobosnews.com.ar\/wp-content\/uploads\/2026\/03\/presentacion-de-un-libro-y-homenaje-al-papa-francisco-en-un-acto-en-la-uca-4-1536x1007.jpg","2048x2048":"https:\/\/lobosnews.com.ar\/wp-content\/uploads\/2026\/03\/presentacion-de-un-libro-y-homenaje-al-papa-francisco-en-un-acto-en-la-uca-4-2048x1343.jpg","newsmatic-featured":"https:\/\/lobosnews.com.ar\/wp-content\/uploads\/2026\/03\/presentacion-de-un-libro-y-homenaje-al-papa-francisco-en-un-acto-en-la-uca-4-820x545.jpg","newsmatic-list":"https:\/\/lobosnews.com.ar\/wp-content\/uploads\/2026\/03\/presentacion-de-un-libro-y-homenaje-al-papa-francisco-en-un-acto-en-la-uca-4-600x400.jpg","newsmatic-thumb":"https:\/\/lobosnews.com.ar\/wp-content\/uploads\/2026\/03\/presentacion-de-un-libro-y-homenaje-al-papa-francisco-en-un-acto-en-la-uca-4-300x200.jpg","newsmatic-small":"https:\/\/lobosnews.com.ar\/wp-content\/uploads\/2026\/03\/presentacion-de-un-libro-y-homenaje-al-papa-francisco-en-un-acto-en-la-uca-4-150x95.jpg","newsmatic-grid":"https:\/\/lobosnews.com.ar\/wp-content\/uploads\/2026\/03\/presentacion-de-un-libro-y-homenaje-al-papa-francisco-en-un-acto-en-la-uca-4-400x250.jpg"},"magazineBlocksPostAuthor":{"name":"admin","avatar":"https:\/\/secure.gravatar.com\/avatar\/76e419471a2083bc3ceab22a763dbbf9b0c1bd15a6214cf3280e2c2dde4580f9?s=96&d=mm&r=g"},"magazineBlocksPostCommentsNumber":"0","magazineBlocksPostExcerpt":"Este martes 17 de marzo a las 17 hs, tendr\u00e1 lugar en la Universidad Cat\u00f3lica Argentina (UCA) la presentaci\u00f3n del libro Una Universidad en salida. Celebrando 15 a\u00f1os del legado de Francisco. El acto podr\u00e1 ser seguido en forma virtual a trav\u00e9s del canal de YouTube de la UCA. El libro que publica la Universidad...","magazineBlocksPostCategories":["Actualidad","Argentina","econom\u00eda","inseguridad","masradios.com","nacionales","seguridad","sociedad"],"magazineBlocksPostViewCount":79,"magazineBlocksPostReadTime":4,"magazine_blocks_featured_image_url":{"full":["https:\/\/lobosnews.com.ar\/wp-content\/uploads\/2026\/03\/presentacion-de-un-libro-y-homenaje-al-papa-francisco-en-un-acto-en-la-uca-4-scaled.jpg",2560,1678,false],"medium":["https:\/\/lobosnews.com.ar\/wp-content\/uploads\/2026\/03\/presentacion-de-un-libro-y-homenaje-al-papa-francisco-en-un-acto-en-la-uca-4-300x197.jpg",300,197,true],"thumbnail":["https:\/\/lobosnews.com.ar\/wp-content\/uploads\/2026\/03\/presentacion-de-un-libro-y-homenaje-al-papa-francisco-en-un-acto-en-la-uca-4-150x150.jpg",150,150,true]},"magazine_blocks_author":{"display_name":"admin","author_link":"https:\/\/lobosnews.com.ar\/index.php\/author\/lobos-news\/"},"magazine_blocks_comment":0,"magazine_blocks_author_image":"https:\/\/secure.gravatar.com\/avatar\/76e419471a2083bc3ceab22a763dbbf9b0c1bd15a6214cf3280e2c2dde4580f9?s=96&d=mm&r=g","magazine_blocks_category":"<a href=\"#\" class=\"category-link category-link-31\">Actualidad<\/a> <a href=\"#\" class=\"category-link category-link-30\">Argentina<\/a> <a href=\"#\" class=\"category-link category-link-32\">econom\u00eda<\/a> <a href=\"#\" class=\"category-link category-link-77\">inseguridad<\/a> <a href=\"#\" class=\"category-link category-link-84\">masradios.com<\/a> <a href=\"#\" class=\"category-link category-link-35\">nacionales<\/a> <a href=\"#\" class=\"category-link category-link-36\">seguridad<\/a> <a href=\"#\" class=\"category-link category-link-37\">sociedad<\/a>","yoast_head":"<!-- This site is optimized with the Yoast SEO plugin v26.6 - https:\/\/yoast.com\/wordpress\/plugins\/seo\/ -->\n<title>Presentaci\u00f3n de un libro y homenaje al papa Francisco en un acto en la UCA - Lobos News<\/title>\n<meta name=\"robots\" content=\"index, follow, max-snippet:-1, max-image-preview:large, max-video-preview:-1\" \/>\n<link rel=\"canonical\" href=\"https:\/\/lobosnews.com.ar\/index.php\/2026\/03\/16\/presentacion-de-un-libro-y-homenaje-al-papa-francisco-en-un-acto-en-la-uca\/\" \/>\n<meta property=\"og:locale\" content=\"es_ES\" \/>\n<meta property=\"og:type\" content=\"article\" \/>\n<meta property=\"og:title\" content=\"Presentaci\u00f3n de un libro y homenaje al papa Francisco en un acto en la UCA - Lobos News\" \/>\n<meta property=\"og:description\" content=\"Este martes 17 de marzo a las 17 hs, tendr\u00e1 lugar en la Universidad Cat\u00f3lica Argentina (UCA) la presentaci\u00f3n del libro Una Universidad en salida. Celebrando 15 a\u00f1os del legado de Francisco. El acto podr\u00e1 ser seguido en forma virtual a trav\u00e9s del canal de YouTube de la UCA. El libro que publica la Universidad...\" \/>\n<meta property=\"og:url\" content=\"https:\/\/lobosnews.com.ar\/index.php\/2026\/03\/16\/presentacion-de-un-libro-y-homenaje-al-papa-francisco-en-un-acto-en-la-uca\/\" \/>\n<meta property=\"og:site_name\" content=\"Lobos News\" \/>\n<meta property=\"article:published_time\" content=\"2026-03-16T04:17:38+00:00\" \/>\n<meta property=\"article:modified_time\" content=\"2026-03-16T06:49:01+00:00\" \/>\n<meta property=\"og:image\" content=\"https:\/\/lobosnews.com.ar\/wp-content\/uploads\/2026\/03\/presentacion-de-un-libro-y-homenaje-al-papa-francisco-en-un-acto-en-la-uca.jpg\" \/>\n<meta name=\"author\" content=\"admin\" \/>\n<meta name=\"twitter:card\" content=\"summary_large_image\" \/>\n<meta name=\"twitter:label1\" content=\"Escrito por\" \/>\n\t<meta name=\"twitter:data1\" content=\"admin\" \/>\n\t<meta name=\"twitter:label2\" content=\"Tiempo de lectura\" \/>\n\t<meta name=\"twitter:data2\" content=\"3 minutos\" \/>\n<script type=\"application\/ld+json\" class=\"yoast-schema-graph\">{\"@context\":\"https:\/\/schema.org\",\"@graph\":[{\"@type\":\"Article\",\"@id\":\"https:\/\/lobosnews.com.ar\/index.php\/2026\/03\/16\/presentacion-de-un-libro-y-homenaje-al-papa-francisco-en-un-acto-en-la-uca\/#article\",\"isPartOf\":{\"@id\":\"https:\/\/lobosnews.com.ar\/index.php\/2026\/03\/16\/presentacion-de-un-libro-y-homenaje-al-papa-francisco-en-un-acto-en-la-uca\/\"},\"author\":{\"name\":\"admin\",\"@id\":\"https:\/\/lobosnews.com.ar\/#\/schema\/person\/232422a593d5c541dd9aef6aaed10943\"},\"headline\":\"Presentaci\u00f3n de un libro y homenaje al papa Francisco en un acto en la UCA\",\"datePublished\":\"2026-03-16T04:17:38+00:00\",\"dateModified\":\"2026-03-16T06:49:01+00:00\",\"mainEntityOfPage\":{\"@id\":\"https:\/\/lobosnews.com.ar\/index.php\/2026\/03\/16\/presentacion-de-un-libro-y-homenaje-al-papa-francisco-en-un-acto-en-la-uca\/\"},\"wordCount\":651,\"commentCount\":0,\"publisher\":{\"@id\":\"https:\/\/lobosnews.com.ar\/#organization\"},\"image\":{\"@id\":\"https:\/\/lobosnews.com.ar\/index.php\/2026\/03\/16\/presentacion-de-un-libro-y-homenaje-al-papa-francisco-en-un-acto-en-la-uca\/#primaryimage\"},\"thumbnailUrl\":\"https:\/\/lobosnews.com.ar\/wp-content\/uploads\/2026\/03\/presentacion-de-un-libro-y-homenaje-al-papa-francisco-en-un-acto-en-la-uca-4-scaled.jpg\",\"articleSection\":[\"Actualidad\",\"Argentina\",\"econom\u00eda\",\"inseguridad\",\"masradios.com\",\"nacionales\",\"seguridad\",\"sociedad\"],\"inLanguage\":\"es\",\"potentialAction\":[{\"@type\":\"CommentAction\",\"name\":\"Comment\",\"target\":[\"https:\/\/lobosnews.com.ar\/index.php\/2026\/03\/16\/presentacion-de-un-libro-y-homenaje-al-papa-francisco-en-un-acto-en-la-uca\/#respond\"]}]},{\"@type\":\"WebPage\",\"@id\":\"https:\/\/lobosnews.com.ar\/index.php\/2026\/03\/16\/presentacion-de-un-libro-y-homenaje-al-papa-francisco-en-un-acto-en-la-uca\/\",\"url\":\"https:\/\/lobosnews.com.ar\/index.php\/2026\/03\/16\/presentacion-de-un-libro-y-homenaje-al-papa-francisco-en-un-acto-en-la-uca\/\",\"name\":\"Presentaci\u00f3n de un libro y homenaje al papa Francisco en un acto en la UCA - Lobos News\",\"isPartOf\":{\"@id\":\"https:\/\/lobosnews.com.ar\/#website\"},\"primaryImageOfPage\":{\"@id\":\"https:\/\/lobosnews.com.ar\/index.php\/2026\/03\/16\/presentacion-de-un-libro-y-homenaje-al-papa-francisco-en-un-acto-en-la-uca\/#primaryimage\"},\"image\":{\"@id\":\"https:\/\/lobosnews.com.ar\/index.php\/2026\/03\/16\/presentacion-de-un-libro-y-homenaje-al-papa-francisco-en-un-acto-en-la-uca\/#primaryimage\"},\"thumbnailUrl\":\"https:\/\/lobosnews.com.ar\/wp-content\/uploads\/2026\/03\/presentacion-de-un-libro-y-homenaje-al-papa-francisco-en-un-acto-en-la-uca-4-scaled.jpg\",\"datePublished\":\"2026-03-16T04:17:38+00:00\",\"dateModified\":\"2026-03-16T06:49:01+00:00\",\"breadcrumb\":{\"@id\":\"https:\/\/lobosnews.com.ar\/index.php\/2026\/03\/16\/presentacion-de-un-libro-y-homenaje-al-papa-francisco-en-un-acto-en-la-uca\/#breadcrumb\"},\"inLanguage\":\"es\",\"potentialAction\":[{\"@type\":\"ReadAction\",\"target\":[\"https:\/\/lobosnews.com.ar\/index.php\/2026\/03\/16\/presentacion-de-un-libro-y-homenaje-al-papa-francisco-en-un-acto-en-la-uca\/\"]}]},{\"@type\":\"ImageObject\",\"inLanguage\":\"es\",\"@id\":\"https:\/\/lobosnews.com.ar\/index.php\/2026\/03\/16\/presentacion-de-un-libro-y-homenaje-al-papa-francisco-en-un-acto-en-la-uca\/#primaryimage\",\"url\":\"https:\/\/lobosnews.com.ar\/wp-content\/uploads\/2026\/03\/presentacion-de-un-libro-y-homenaje-al-papa-francisco-en-un-acto-en-la-uca-4-scaled.jpg\",\"contentUrl\":\"https:\/\/lobosnews.com.ar\/wp-content\/uploads\/2026\/03\/presentacion-de-un-libro-y-homenaje-al-papa-francisco-en-un-acto-en-la-uca-4-scaled.jpg\",\"width\":2560,\"height\":1678,\"caption\":\"Presentaci\u00f3n de un libro y homenaje al papa Francisco en un acto en la UCA\"},{\"@type\":\"BreadcrumbList\",\"@id\":\"https:\/\/lobosnews.com.ar\/index.php\/2026\/03\/16\/presentacion-de-un-libro-y-homenaje-al-papa-francisco-en-un-acto-en-la-uca\/#breadcrumb\",\"itemListElement\":[{\"@type\":\"ListItem\",\"position\":1,\"name\":\"Portada\",\"item\":\"https:\/\/lobosnews.com.ar\/\"},{\"@type\":\"ListItem\",\"position\":2,\"name\":\"Presentaci\u00f3n de un libro y homenaje al papa Francisco en un acto en la UCA\"}]},{\"@type\":\"WebSite\",\"@id\":\"https:\/\/lobosnews.com.ar\/#website\",\"url\":\"https:\/\/lobosnews.com.ar\/\",\"name\":\"Lobos News\",\"description\":\"Informaci\u00f3n a cada instante\",\"publisher\":{\"@id\":\"https:\/\/lobosnews.com.ar\/#organization\"},\"potentialAction\":[{\"@type\":\"SearchAction\",\"target\":{\"@type\":\"EntryPoint\",\"urlTemplate\":\"https:\/\/lobosnews.com.ar\/?s={search_term_string}\"},\"query-input\":{\"@type\":\"PropertyValueSpecification\",\"valueRequired\":true,\"valueName\":\"search_term_string\"}}],\"inLanguage\":\"es\"},{\"@type\":\"Organization\",\"@id\":\"https:\/\/lobosnews.com.ar\/#organization\",\"name\":\"Lobos News\",\"url\":\"https:\/\/lobosnews.com.ar\/\",\"logo\":{\"@type\":\"ImageObject\",\"inLanguage\":\"es\",\"@id\":\"https:\/\/lobosnews.com.ar\/#\/schema\/logo\/image\/\",\"url\":\"https:\/\/lobosnews.com.ar\/wp-content\/uploads\/2026\/01\/logo-lobosnews.png\",\"contentUrl\":\"https:\/\/lobosnews.com.ar\/wp-content\/uploads\/2026\/01\/logo-lobosnews.png\",\"width\":500,\"height\":200,\"caption\":\"Lobos News\"},\"image\":{\"@id\":\"https:\/\/lobosnews.com.ar\/#\/schema\/logo\/image\/\"}},{\"@type\":\"Person\",\"@id\":\"https:\/\/lobosnews.com.ar\/#\/schema\/person\/232422a593d5c541dd9aef6aaed10943\",\"name\":\"admin\",\"image\":{\"@type\":\"ImageObject\",\"inLanguage\":\"es\",\"@id\":\"https:\/\/lobosnews.com.ar\/#\/schema\/person\/image\/\",\"url\":\"https:\/\/secure.gravatar.com\/avatar\/76e419471a2083bc3ceab22a763dbbf9b0c1bd15a6214cf3280e2c2dde4580f9?s=96&d=mm&r=g\",\"contentUrl\":\"https:\/\/secure.gravatar.com\/avatar\/76e419471a2083bc3ceab22a763dbbf9b0c1bd15a6214cf3280e2c2dde4580f9?s=96&d=mm&r=g\",\"caption\":\"admin\"},\"sameAs\":[\"https:\/\/lobosnews.com.ar\"],\"url\":\"https:\/\/lobosnews.com.ar\/index.php\/author\/lobos-news\/\"}]}<\/script>\n<!-- \/ Yoast SEO plugin. -->","yoast_head_json":{"title":"Presentaci\u00f3n de un libro y homenaje al papa Francisco en un acto en la UCA - Lobos News","robots":{"index":"index","follow":"follow","max-snippet":"max-snippet:-1","max-image-preview":"max-image-preview:large","max-video-preview":"max-video-preview:-1"},"canonical":"https:\/\/lobosnews.com.ar\/index.php\/2026\/03\/16\/presentacion-de-un-libro-y-homenaje-al-papa-francisco-en-un-acto-en-la-uca\/","og_locale":"es_ES","og_type":"article","og_title":"Presentaci\u00f3n de un libro y homenaje al papa Francisco en un acto en la UCA - Lobos News","og_description":"Este martes 17 de marzo a las 17 hs, tendr\u00e1 lugar en la Universidad Cat\u00f3lica Argentina (UCA) la presentaci\u00f3n del libro Una Universidad en salida. Celebrando 15 a\u00f1os del legado de Francisco. El acto podr\u00e1 ser seguido en forma virtual a trav\u00e9s del canal de YouTube de la UCA. El libro que publica la Universidad...","og_url":"https:\/\/lobosnews.com.ar\/index.php\/2026\/03\/16\/presentacion-de-un-libro-y-homenaje-al-papa-francisco-en-un-acto-en-la-uca\/","og_site_name":"Lobos News","article_published_time":"2026-03-16T04:17:38+00:00","article_modified_time":"2026-03-16T06:49:01+00:00","og_image":[{"url":"https:\/\/lobosnews.com.ar\/wp-content\/uploads\/2026\/03\/presentacion-de-un-libro-y-homenaje-al-papa-francisco-en-un-acto-en-la-uca.jpg","type":"","width":"","height":""}],"author":"admin","twitter_card":"summary_large_image","twitter_misc":{"Escrito por":"admin","Tiempo de lectura":"3 minutos"},"schema":{"@context":"https:\/\/schema.org","@graph":[{"@type":"Article","@id":"https:\/\/lobosnews.com.ar\/index.php\/2026\/03\/16\/presentacion-de-un-libro-y-homenaje-al-papa-francisco-en-un-acto-en-la-uca\/#article","isPartOf":{"@id":"https:\/\/lobosnews.com.ar\/index.php\/2026\/03\/16\/presentacion-de-un-libro-y-homenaje-al-papa-francisco-en-un-acto-en-la-uca\/"},"author":{"name":"admin","@id":"https:\/\/lobosnews.com.ar\/#\/schema\/person\/232422a593d5c541dd9aef6aaed10943"},"headline":"Presentaci\u00f3n de un libro y homenaje al papa Francisco en un acto en la UCA","datePublished":"2026-03-16T04:17:38+00:00","dateModified":"2026-03-16T06:49:01+00:00","mainEntityOfPage":{"@id":"https:\/\/lobosnews.com.ar\/index.php\/2026\/03\/16\/presentacion-de-un-libro-y-homenaje-al-papa-francisco-en-un-acto-en-la-uca\/"},"wordCount":651,"commentCount":0,"publisher":{"@id":"https:\/\/lobosnews.com.ar\/#organization"},"image":{"@id":"https:\/\/lobosnews.com.ar\/index.php\/2026\/03\/16\/presentacion-de-un-libro-y-homenaje-al-papa-francisco-en-un-acto-en-la-uca\/#primaryimage"},"thumbnailUrl":"https:\/\/lobosnews.com.ar\/wp-content\/uploads\/2026\/03\/presentacion-de-un-libro-y-homenaje-al-papa-francisco-en-un-acto-en-la-uca-4-scaled.jpg","articleSection":["Actualidad","Argentina","econom\u00eda","inseguridad","masradios.com","nacionales","seguridad","sociedad"],"inLanguage":"es","potentialAction":[{"@type":"CommentAction","name":"Comment","target":["https:\/\/lobosnews.com.ar\/index.php\/2026\/03\/16\/presentacion-de-un-libro-y-homenaje-al-papa-francisco-en-un-acto-en-la-uca\/#respond"]}]},{"@type":"WebPage","@id":"https:\/\/lobosnews.com.ar\/index.php\/2026\/03\/16\/presentacion-de-un-libro-y-homenaje-al-papa-francisco-en-un-acto-en-la-uca\/","url":"https:\/\/lobosnews.com.ar\/index.php\/2026\/03\/16\/presentacion-de-un-libro-y-homenaje-al-papa-francisco-en-un-acto-en-la-uca\/","name":"Presentaci\u00f3n de un libro y homenaje al papa Francisco en un acto en la UCA - Lobos News","isPartOf":{"@id":"https:\/\/lobosnews.com.ar\/#website"},"primaryImageOfPage":{"@id":"https:\/\/lobosnews.com.ar\/index.php\/2026\/03\/16\/presentacion-de-un-libro-y-homenaje-al-papa-francisco-en-un-acto-en-la-uca\/#primaryimage"},"image":{"@id":"https:\/\/lobosnews.com.ar\/index.php\/2026\/03\/16\/presentacion-de-un-libro-y-homenaje-al-papa-francisco-en-un-acto-en-la-uca\/#primaryimage"},"thumbnailUrl":"https:\/\/lobosnews.com.ar\/wp-content\/uploads\/2026\/03\/presentacion-de-un-libro-y-homenaje-al-papa-francisco-en-un-acto-en-la-uca-4-scaled.jpg","datePublished":"2026-03-16T04:17:38+00:00","dateModified":"2026-03-16T06:49:01+00:00","breadcrumb":{"@id":"https:\/\/lobosnews.com.ar\/index.php\/2026\/03\/16\/presentacion-de-un-libro-y-homenaje-al-papa-francisco-en-un-acto-en-la-uca\/#breadcrumb"},"inLanguage":"es","potentialAction":[{"@type":"ReadAction","target":["https:\/\/lobosnews.com.ar\/index.php\/2026\/03\/16\/presentacion-de-un-libro-y-homenaje-al-papa-francisco-en-un-acto-en-la-uca\/"]}]},{"@type":"ImageObject","inLanguage":"es","@id":"https:\/\/lobosnews.com.ar\/index.php\/2026\/03\/16\/presentacion-de-un-libro-y-homenaje-al-papa-francisco-en-un-acto-en-la-uca\/#primaryimage","url":"https:\/\/lobosnews.com.ar\/wp-content\/uploads\/2026\/03\/presentacion-de-un-libro-y-homenaje-al-papa-francisco-en-un-acto-en-la-uca-4-scaled.jpg","contentUrl":"https:\/\/lobosnews.com.ar\/wp-content\/uploads\/2026\/03\/presentacion-de-un-libro-y-homenaje-al-papa-francisco-en-un-acto-en-la-uca-4-scaled.jpg","width":2560,"height":1678,"caption":"Presentaci\u00f3n de un libro y homenaje al papa Francisco en un acto en la UCA"},{"@type":"BreadcrumbList","@id":"https:\/\/lobosnews.com.ar\/index.php\/2026\/03\/16\/presentacion-de-un-libro-y-homenaje-al-papa-francisco-en-un-acto-en-la-uca\/#breadcrumb","itemListElement":[{"@type":"ListItem","position":1,"name":"Portada","item":"https:\/\/lobosnews.com.ar\/"},{"@type":"ListItem","position":2,"name":"Presentaci\u00f3n de un libro y homenaje al papa Francisco en un acto en la UCA"}]},{"@type":"WebSite","@id":"https:\/\/lobosnews.com.ar\/#website","url":"https:\/\/lobosnews.com.ar\/","name":"Lobos News","description":"Informaci\u00f3n a cada instante","publisher":{"@id":"https:\/\/lobosnews.com.ar\/#organization"},"potentialAction":[{"@type":"SearchAction","target":{"@type":"EntryPoint","urlTemplate":"https:\/\/lobosnews.com.ar\/?s={search_term_string}"},"query-input":{"@type":"PropertyValueSpecification","valueRequired":true,"valueName":"search_term_string"}}],"inLanguage":"es"},{"@type":"Organization","@id":"https:\/\/lobosnews.com.ar\/#organization","name":"Lobos News","url":"https:\/\/lobosnews.com.ar\/","logo":{"@type":"ImageObject","inLanguage":"es","@id":"https:\/\/lobosnews.com.ar\/#\/schema\/logo\/image\/","url":"https:\/\/lobosnews.com.ar\/wp-content\/uploads\/2026\/01\/logo-lobosnews.png","contentUrl":"https:\/\/lobosnews.com.ar\/wp-content\/uploads\/2026\/01\/logo-lobosnews.png","width":500,"height":200,"caption":"Lobos News"},"image":{"@id":"https:\/\/lobosnews.com.ar\/#\/schema\/logo\/image\/"}},{"@type":"Person","@id":"https:\/\/lobosnews.com.ar\/#\/schema\/person\/232422a593d5c541dd9aef6aaed10943","name":"admin","image":{"@type":"ImageObject","inLanguage":"es","@id":"https:\/\/lobosnews.com.ar\/#\/schema\/person\/image\/","url":"https:\/\/secure.gravatar.com\/avatar\/76e419471a2083bc3ceab22a763dbbf9b0c1bd15a6214cf3280e2c2dde4580f9?s=96&d=mm&r=g","contentUrl":"https:\/\/secure.gravatar.com\/avatar\/76e419471a2083bc3ceab22a763dbbf9b0c1bd15a6214cf3280e2c2dde4580f9?s=96&d=mm&r=g","caption":"admin"},"sameAs":["https:\/\/lobosnews.com.ar"],"url":"https:\/\/lobosnews.com.ar\/index.php\/author\/lobos-news\/"}]}},"jetpack_featured_media_url":"https:\/\/lobosnews.com.ar\/wp-content\/uploads\/2026\/03\/presentacion-de-un-libro-y-homenaje-al-papa-francisco-en-un-acto-en-la-uca-4-scaled.jpg","jetpack_sharing_enabled":true,"_links":{"self":[{"href":"https:\/\/lobosnews.com.ar\/index.php\/wp-json\/wp\/v2\/posts\/34177","targetHints":{"allow":["GET"]}}],"collection":[{"href":"https:\/\/lobosnews.com.ar\/index.php\/wp-json\/wp\/v2\/posts"}],"about":[{"href":"https:\/\/lobosnews.com.ar\/index.php\/wp-json\/wp\/v2\/types\/post"}],"author":[{"embeddable":true,"href":"https:\/\/lobosnews.com.ar\/index.php\/wp-json\/wp\/v2\/users\/1"}],"replies":[{"embeddable":true,"href":"https:\/\/lobosnews.com.ar\/index.php\/wp-json\/wp\/v2\/comments?post=34177"}],"version-history":[{"count":1,"href":"https:\/\/lobosnews.com.ar\/index.php\/wp-json\/wp\/v2\/posts\/34177\/revisions"}],"predecessor-version":[{"id":34181,"href":"https:\/\/lobosnews.com.ar\/index.php\/wp-json\/wp\/v2\/posts\/34177\/revisions\/34181"}],"wp:featuredmedia":[{"embeddable":true,"href":"https:\/\/lobosnews.com.ar\/index.php\/wp-json\/wp\/v2\/media\/34182"}],"wp:attachment":[{"href":"https:\/\/lobosnews.com.ar\/index.php\/wp-json\/wp\/v2\/media?parent=34177"}],"wp:term":[{"taxonomy":"category","embeddable":true,"href":"https:\/\/lobosnews.com.ar\/index.php\/wp-json\/wp\/v2\/categories?post=34177"},{"taxonomy":"post_tag","embeddable":true,"href":"https:\/\/lobosnews.com.ar\/index.php\/wp-json\/wp\/v2\/tags?post=34177"}],"curies":[{"name":"wp","href":"https:\/\/api.w.org\/{rel}","templated":true}]}}