{"id":34172,"date":"2026-03-16T04:19:45","date_gmt":"2026-03-16T04:19:45","guid":{"rendered":"https:\/\/lobosnews.com.ar\/index.php\/2026\/03\/16\/comienzan-los-alegatos-en-el-juicio-a-felipe-pettinato-por-la-muerte-de-su-neurologo\/"},"modified":"2026-03-16T06:48:53","modified_gmt":"2026-03-16T06:48:53","slug":"comienzan-los-alegatos-en-el-juicio-a-felipe-pettinato-por-la-muerte-de-su-neurologo","status":"publish","type":"post","link":"https:\/\/lobosnews.com.ar\/index.php\/2026\/03\/16\/comienzan-los-alegatos-en-el-juicio-a-felipe-pettinato-por-la-muerte-de-su-neurologo\/","title":{"rendered":"Comienzan los alegatos en el juicio a Felipe Pettinato por la muerte de su neur\u00f3logo"},"content":{"rendered":"<p><img loading=\"lazy\" decoding=\"async\" src=\"https:\/\/lobosnews.com.ar\/wp-content\/uploads\/2026\/03\/comienzan-los-alegatos-en-el-juicio-a-felipe-pettinato-por-la-muerte-de-su-neurologo.jpg\" alt=\"Felipe Pettinato, en una de las audiencias del juicio en su contra\" height=\"555\" width=\"952\"\/><\/p>\n<p>El <span class=\"waslinkname\"><b>juicio a Felipe Pettinato por la muerte de su neur\u00f3logo<\/b><\/span><b> <\/b>comienza su recta final. El Tribunal N\u00b014 lleva adelante desde el mes pasado el proceso para esclarecer <b>el incendio que le cost\u00f3 la vida a Melchor Rodrigo<\/b>, ocurrido el 16 de mayo de 2022 en el departamento que Pettinato ocupaba en la calle Aguilar en Belgrano. El <i>streamer<\/i> e imitador de Michael Jackson est\u00e1 acusado de haber provocado el fuego. La calificaci\u00f3n de la causa en su contra es <b>estrago doloso seguido de muerte<\/b>, que conlleva <b>una pena de 8 a 20 a\u00f1os<\/b>. <\/p>\n<p>As\u00ed, <b>culmina la valoraci\u00f3n de la prueba y comienza la ronda de alegatos <\/b>tras<b> la declaraci\u00f3n de m\u00e1s de 15 testigos<\/b>,<b> <\/b>que incluy\u00f3 a forenses, bomberos y vecinos del edificio presentes aquella noche, adem\u00e1s de Delia Muzio, madre de Rodrigo y querellante en la causa, que asegur\u00f3 que Pettinato \u201c<b>ten\u00eda una obsesi\u00f3n\u00bb con su hijo<\/b>. <\/p>\n<p>Este lunes,<b> la querella del caso har\u00e1 su alocuci\u00f3n y su pedido de pena ante el Tribunal<\/b>, integrado por los jueces Enrique Gamboa, Gabriel Vega y Gustavo Valle. <\/p>\n<p>El lunes 30 de marzo ser\u00e1 el turno del fiscal acusador, el doctor Fernando Klappenbach. El proceso <b>culminar\u00e1 el 6 de abril con el alegato de la defensa del acusado<\/b>, a cargo de los abogados Lucio Simonetto y Norberto Frontini. <\/p>\n<p><img loading=\"lazy\" decoding=\"async\" src=\"https:\/\/lobosnews.com.ar\/wp-content\/uploads\/2026\/03\/comienzan-los-alegatos-en-el-juicio-a-felipe-pettinato-por-la-muerte-de-su-neurologo-1.jpg\" alt=\"Melchor Rodrigo, la v\u00edctima\" height=\"1080\" width=\"1920\"\/><\/p>\n<p>El juicio<b> se realiz\u00f3 con celeridad<\/b>; se desisti\u00f3 de la declaraci\u00f3n de varios testigos \u2014principalmente de los forenses del caso\u2014 al incorporar sus relatos y sus pericias por lectura. <\/p>\n<p><b>Pettinato, por su parte, se neg\u00f3 a ver las fotos del cad\u00e1ver incendiado de Rodrigo <\/b>en la audiencia del lunes pasado. Tampoco declar\u00f3 hasta el momento. Su defensa no hizo planteos especiales durante las cuatro audiencias realizadas hasta ahora.<\/p>\n<h2>La otra condena<\/h2>\n<p>Pettinato <b>podr\u00e1 ser considerado un reincidente<\/b> si es condenado. En abril de 2024, el acusado recibi\u00f3 <span class=\"waslinkname\"><b>la pena de nueve meses de prisi\u00f3n en suspenso por el abuso sexual simple de una menor de edad <\/b><\/span>de la familia de su pareja, que lo hab\u00eda cobijado en un momento de crisis, tras un breve proceso en el Juzgado N\u00b09 de San Isidro. El hecho ocurri\u00f3 en un departamento de Olivos en 2018.<\/p>\n<p>El fallo \u2014confirmado en febrero de 2025 por la Sala III del fuero\u2014 le impuso una<b> serie de medidas restrictivas como someterse a un tratamiento <\/b>y fijar residencia. El tratamiento fue cumplido en un centro de Boulogne, que emiti\u00f3 <b>un informe favorable<\/b> para el imitador de Michael Jackson que fue incorporado a la causa por la muerte de Rodrigo.<\/p>\n<p>El neur\u00f3logo mismo declar\u00f3 a favor de Pettinato en la causa por el abuso de la menor, de 15 a\u00f1os al momento del hecho. <b>All\u00ed, neg\u00f3 que Pettinato encajara con el perfil de un abusador, dijo: \u201cSu problema es otro\u201d<\/b>. <\/p>\n<p>En aquel testimonio, Rodrigo introdujo un detalle que fue confirmado por su madre en el juicio por su muerte. Pettinato vivi\u00f3 en su casa durante al menos dos meses. <\/p>\n<p>\u201c\u00c9l se retira de mi casa habiendo superado su adicci\u00f3n. Despu\u00e9s de eso consider\u00e9 que era tiempo de que siga con otro profesional. Igualmente, de forma espor\u00e1dica, estoy en contacto con \u00e9l. Me enter\u00e9 hace un tiempo por \u00e9l mismo que lo estaban acusando de esto que es la denuncia.<b> <\/b>Me vi en <b>la obligaci\u00f3n moral de dar mi testimonio <\/b>de lo que pienso de \u00e9l como m\u00e9dico. <b>Felipe no re\u00fane el perfil de alguien abusador<\/b>, en mi opini\u00f3n profesional; <b>tiene otro problema<\/b>\u201d, finaliz\u00f3.<\/p>\n<p>Otros testimonios en el caso apuntan que Felipe <b>\u201cviv\u00eda encerrado\u201d <\/b>en el departamento de Rodrigo. Tiempo despu\u00e9s, termin\u00f3 en la casa donde supuestamente cometi\u00f3 el abuso por el que fue condenado.<\/p>\n","protected":false},"excerpt":{"rendered":"<p>El juicio a Felipe Pettinato por la muerte de su neur\u00f3logo comienza su recta final. El Tribunal N\u00b014 lleva adelante desde el mes pasado el proceso para esclarecer el incendio que le cost\u00f3 la vida a Melchor Rodrigo, ocurrido el 16 de mayo de 2022 en el departamento que Pettinato ocupaba en la calle Aguilar&#8230;<\/p>\n","protected":false},"author":1,"featured_media":34176,"comment_status":"open","ping_status":"closed","sticky":false,"template":"","format":"standard","meta":{"_jetpack_memberships_contains_paid_content":false,"footnotes":""},"categories":[31,30,32,77,84,35,36,37],"tags":[],"class_list":["post-34172","post","type-post","status-publish","format-standard","has-post-thumbnail","hentry","category-actualidad","category-argentina","category-economia","category-inseguridad","category-masradios-com","category-nacionales","category-seguridad","category-sociedad"],"magazineBlocksPostFeaturedMedia":{"thumbnail":"https:\/\/lobosnews.com.ar\/wp-content\/uploads\/2026\/03\/comienzan-los-alegatos-en-el-juicio-a-felipe-pettinato-por-la-muerte-de-su-neurologo-2-150x150.jpg","medium":"https:\/\/lobosnews.com.ar\/wp-content\/uploads\/2026\/03\/comienzan-los-alegatos-en-el-juicio-a-felipe-pettinato-por-la-muerte-de-su-neurologo-2-300x169.jpg","medium_large":"https:\/\/lobosnews.com.ar\/wp-content\/uploads\/2026\/03\/comienzan-los-alegatos-en-el-juicio-a-felipe-pettinato-por-la-muerte-de-su-neurologo-2-768x432.jpg","large":"https:\/\/lobosnews.com.ar\/wp-content\/uploads\/2026\/03\/comienzan-los-alegatos-en-el-juicio-a-felipe-pettinato-por-la-muerte-de-su-neurologo-2-1024x576.jpg","1536x1536":"https:\/\/lobosnews.com.ar\/wp-content\/uploads\/2026\/03\/comienzan-los-alegatos-en-el-juicio-a-felipe-pettinato-por-la-muerte-de-su-neurologo-2-1536x864.jpg","2048x2048":"https:\/\/lobosnews.com.ar\/wp-content\/uploads\/2026\/03\/comienzan-los-alegatos-en-el-juicio-a-felipe-pettinato-por-la-muerte-de-su-neurologo-2.jpg","newsmatic-featured":"https:\/\/lobosnews.com.ar\/wp-content\/uploads\/2026\/03\/comienzan-los-alegatos-en-el-juicio-a-felipe-pettinato-por-la-muerte-de-su-neurologo-2-820x545.jpg","newsmatic-list":"https:\/\/lobosnews.com.ar\/wp-content\/uploads\/2026\/03\/comienzan-los-alegatos-en-el-juicio-a-felipe-pettinato-por-la-muerte-de-su-neurologo-2-600x400.jpg","newsmatic-thumb":"https:\/\/lobosnews.com.ar\/wp-content\/uploads\/2026\/03\/comienzan-los-alegatos-en-el-juicio-a-felipe-pettinato-por-la-muerte-de-su-neurologo-2-300x200.jpg","newsmatic-small":"https:\/\/lobosnews.com.ar\/wp-content\/uploads\/2026\/03\/comienzan-los-alegatos-en-el-juicio-a-felipe-pettinato-por-la-muerte-de-su-neurologo-2-150x95.jpg","newsmatic-grid":"https:\/\/lobosnews.com.ar\/wp-content\/uploads\/2026\/03\/comienzan-los-alegatos-en-el-juicio-a-felipe-pettinato-por-la-muerte-de-su-neurologo-2-400x250.jpg"},"magazineBlocksPostAuthor":{"name":"admin","avatar":"https:\/\/secure.gravatar.com\/avatar\/76e419471a2083bc3ceab22a763dbbf9b0c1bd15a6214cf3280e2c2dde4580f9?s=96&d=mm&r=g"},"magazineBlocksPostCommentsNumber":"0","magazineBlocksPostExcerpt":"El juicio a Felipe Pettinato por la muerte de su neur\u00f3logo comienza su recta final. El Tribunal N\u00b014 lleva adelante desde el mes pasado el proceso para esclarecer el incendio que le cost\u00f3 la vida a Melchor Rodrigo, ocurrido el 16 de mayo de 2022 en el departamento que Pettinato ocupaba en la calle Aguilar...","magazineBlocksPostCategories":["Actualidad","Argentina","econom\u00eda","inseguridad","masradios.com","nacionales","seguridad","sociedad"],"magazineBlocksPostViewCount":81,"magazineBlocksPostReadTime":4,"magazine_blocks_featured_image_url":{"full":["https:\/\/lobosnews.com.ar\/wp-content\/uploads\/2026\/03\/comienzan-los-alegatos-en-el-juicio-a-felipe-pettinato-por-la-muerte-de-su-neurologo-2.jpg",1920,1080,false],"medium":["https:\/\/lobosnews.com.ar\/wp-content\/uploads\/2026\/03\/comienzan-los-alegatos-en-el-juicio-a-felipe-pettinato-por-la-muerte-de-su-neurologo-2-300x169.jpg",300,169,true],"thumbnail":["https:\/\/lobosnews.com.ar\/wp-content\/uploads\/2026\/03\/comienzan-los-alegatos-en-el-juicio-a-felipe-pettinato-por-la-muerte-de-su-neurologo-2-150x150.jpg",150,150,true]},"magazine_blocks_author":{"display_name":"admin","author_link":"https:\/\/lobosnews.com.ar\/index.php\/author\/lobos-news\/"},"magazine_blocks_comment":0,"magazine_blocks_author_image":"https:\/\/secure.gravatar.com\/avatar\/76e419471a2083bc3ceab22a763dbbf9b0c1bd15a6214cf3280e2c2dde4580f9?s=96&d=mm&r=g","magazine_blocks_category":"<a href=\"#\" class=\"category-link category-link-31\">Actualidad<\/a> <a href=\"#\" class=\"category-link category-link-30\">Argentina<\/a> <a href=\"#\" class=\"category-link category-link-32\">econom\u00eda<\/a> <a href=\"#\" class=\"category-link category-link-77\">inseguridad<\/a> <a href=\"#\" class=\"category-link category-link-84\">masradios.com<\/a> <a href=\"#\" class=\"category-link category-link-35\">nacionales<\/a> <a href=\"#\" class=\"category-link category-link-36\">seguridad<\/a> <a href=\"#\" class=\"category-link category-link-37\">sociedad<\/a>","yoast_head":"<!-- This site is optimized with the Yoast SEO plugin v26.6 - https:\/\/yoast.com\/wordpress\/plugins\/seo\/ -->\n<title>Comienzan los alegatos en el juicio a Felipe Pettinato por la muerte de su neur\u00f3logo - Lobos News<\/title>\n<meta name=\"robots\" content=\"index, follow, max-snippet:-1, max-image-preview:large, max-video-preview:-1\" \/>\n<link rel=\"canonical\" href=\"https:\/\/lobosnews.com.ar\/index.php\/2026\/03\/16\/comienzan-los-alegatos-en-el-juicio-a-felipe-pettinato-por-la-muerte-de-su-neurologo\/\" \/>\n<meta property=\"og:locale\" content=\"es_ES\" \/>\n<meta property=\"og:type\" content=\"article\" \/>\n<meta property=\"og:title\" content=\"Comienzan los alegatos en el juicio a Felipe Pettinato por la muerte de su neur\u00f3logo - Lobos News\" \/>\n<meta property=\"og:description\" content=\"El juicio a Felipe Pettinato por la muerte de su neur\u00f3logo comienza su recta final. El Tribunal N\u00b014 lleva adelante desde el mes pasado el proceso para esclarecer el incendio que le cost\u00f3 la vida a Melchor Rodrigo, ocurrido el 16 de mayo de 2022 en el departamento que Pettinato ocupaba en la calle Aguilar...\" \/>\n<meta property=\"og:url\" content=\"https:\/\/lobosnews.com.ar\/index.php\/2026\/03\/16\/comienzan-los-alegatos-en-el-juicio-a-felipe-pettinato-por-la-muerte-de-su-neurologo\/\" \/>\n<meta property=\"og:site_name\" content=\"Lobos News\" \/>\n<meta property=\"article:published_time\" content=\"2026-03-16T04:19:45+00:00\" \/>\n<meta property=\"article:modified_time\" content=\"2026-03-16T06:48:53+00:00\" \/>\n<meta property=\"og:image\" content=\"https:\/\/lobosnews.com.ar\/wp-content\/uploads\/2026\/03\/comienzan-los-alegatos-en-el-juicio-a-felipe-pettinato-por-la-muerte-de-su-neurologo.jpg\" \/>\n<meta name=\"author\" content=\"admin\" \/>\n<meta name=\"twitter:card\" content=\"summary_large_image\" \/>\n<meta name=\"twitter:label1\" content=\"Escrito por\" \/>\n\t<meta name=\"twitter:data1\" content=\"admin\" \/>\n\t<meta name=\"twitter:label2\" content=\"Tiempo de lectura\" \/>\n\t<meta name=\"twitter:data2\" content=\"3 minutos\" \/>\n<script type=\"application\/ld+json\" class=\"yoast-schema-graph\">{\"@context\":\"https:\/\/schema.org\",\"@graph\":[{\"@type\":\"Article\",\"@id\":\"https:\/\/lobosnews.com.ar\/index.php\/2026\/03\/16\/comienzan-los-alegatos-en-el-juicio-a-felipe-pettinato-por-la-muerte-de-su-neurologo\/#article\",\"isPartOf\":{\"@id\":\"https:\/\/lobosnews.com.ar\/index.php\/2026\/03\/16\/comienzan-los-alegatos-en-el-juicio-a-felipe-pettinato-por-la-muerte-de-su-neurologo\/\"},\"author\":{\"name\":\"admin\",\"@id\":\"https:\/\/lobosnews.com.ar\/#\/schema\/person\/232422a593d5c541dd9aef6aaed10943\"},\"headline\":\"Comienzan los alegatos en el juicio a Felipe Pettinato por la muerte de su neur\u00f3logo\",\"datePublished\":\"2026-03-16T04:19:45+00:00\",\"dateModified\":\"2026-03-16T06:48:53+00:00\",\"mainEntityOfPage\":{\"@id\":\"https:\/\/lobosnews.com.ar\/index.php\/2026\/03\/16\/comienzan-los-alegatos-en-el-juicio-a-felipe-pettinato-por-la-muerte-de-su-neurologo\/\"},\"wordCount\":632,\"commentCount\":0,\"publisher\":{\"@id\":\"https:\/\/lobosnews.com.ar\/#organization\"},\"image\":{\"@id\":\"https:\/\/lobosnews.com.ar\/index.php\/2026\/03\/16\/comienzan-los-alegatos-en-el-juicio-a-felipe-pettinato-por-la-muerte-de-su-neurologo\/#primaryimage\"},\"thumbnailUrl\":\"https:\/\/lobosnews.com.ar\/wp-content\/uploads\/2026\/03\/comienzan-los-alegatos-en-el-juicio-a-felipe-pettinato-por-la-muerte-de-su-neurologo-2.jpg\",\"articleSection\":[\"Actualidad\",\"Argentina\",\"econom\u00eda\",\"inseguridad\",\"masradios.com\",\"nacionales\",\"seguridad\",\"sociedad\"],\"inLanguage\":\"es\",\"potentialAction\":[{\"@type\":\"CommentAction\",\"name\":\"Comment\",\"target\":[\"https:\/\/lobosnews.com.ar\/index.php\/2026\/03\/16\/comienzan-los-alegatos-en-el-juicio-a-felipe-pettinato-por-la-muerte-de-su-neurologo\/#respond\"]}]},{\"@type\":\"WebPage\",\"@id\":\"https:\/\/lobosnews.com.ar\/index.php\/2026\/03\/16\/comienzan-los-alegatos-en-el-juicio-a-felipe-pettinato-por-la-muerte-de-su-neurologo\/\",\"url\":\"https:\/\/lobosnews.com.ar\/index.php\/2026\/03\/16\/comienzan-los-alegatos-en-el-juicio-a-felipe-pettinato-por-la-muerte-de-su-neurologo\/\",\"name\":\"Comienzan los alegatos en el juicio a Felipe Pettinato por la muerte de su neur\u00f3logo - Lobos News\",\"isPartOf\":{\"@id\":\"https:\/\/lobosnews.com.ar\/#website\"},\"primaryImageOfPage\":{\"@id\":\"https:\/\/lobosnews.com.ar\/index.php\/2026\/03\/16\/comienzan-los-alegatos-en-el-juicio-a-felipe-pettinato-por-la-muerte-de-su-neurologo\/#primaryimage\"},\"image\":{\"@id\":\"https:\/\/lobosnews.com.ar\/index.php\/2026\/03\/16\/comienzan-los-alegatos-en-el-juicio-a-felipe-pettinato-por-la-muerte-de-su-neurologo\/#primaryimage\"},\"thumbnailUrl\":\"https:\/\/lobosnews.com.ar\/wp-content\/uploads\/2026\/03\/comienzan-los-alegatos-en-el-juicio-a-felipe-pettinato-por-la-muerte-de-su-neurologo-2.jpg\",\"datePublished\":\"2026-03-16T04:19:45+00:00\",\"dateModified\":\"2026-03-16T06:48:53+00:00\",\"breadcrumb\":{\"@id\":\"https:\/\/lobosnews.com.ar\/index.php\/2026\/03\/16\/comienzan-los-alegatos-en-el-juicio-a-felipe-pettinato-por-la-muerte-de-su-neurologo\/#breadcrumb\"},\"inLanguage\":\"es\",\"potentialAction\":[{\"@type\":\"ReadAction\",\"target\":[\"https:\/\/lobosnews.com.ar\/index.php\/2026\/03\/16\/comienzan-los-alegatos-en-el-juicio-a-felipe-pettinato-por-la-muerte-de-su-neurologo\/\"]}]},{\"@type\":\"ImageObject\",\"inLanguage\":\"es\",\"@id\":\"https:\/\/lobosnews.com.ar\/index.php\/2026\/03\/16\/comienzan-los-alegatos-en-el-juicio-a-felipe-pettinato-por-la-muerte-de-su-neurologo\/#primaryimage\",\"url\":\"https:\/\/lobosnews.com.ar\/wp-content\/uploads\/2026\/03\/comienzan-los-alegatos-en-el-juicio-a-felipe-pettinato-por-la-muerte-de-su-neurologo-2.jpg\",\"contentUrl\":\"https:\/\/lobosnews.com.ar\/wp-content\/uploads\/2026\/03\/comienzan-los-alegatos-en-el-juicio-a-felipe-pettinato-por-la-muerte-de-su-neurologo-2.jpg\",\"width\":1920,\"height\":1080,\"caption\":\"Comienzan los alegatos en el juicio a Felipe Pettinato por la muerte de su neur\u00f3logo\"},{\"@type\":\"BreadcrumbList\",\"@id\":\"https:\/\/lobosnews.com.ar\/index.php\/2026\/03\/16\/comienzan-los-alegatos-en-el-juicio-a-felipe-pettinato-por-la-muerte-de-su-neurologo\/#breadcrumb\",\"itemListElement\":[{\"@type\":\"ListItem\",\"position\":1,\"name\":\"Portada\",\"item\":\"https:\/\/lobosnews.com.ar\/\"},{\"@type\":\"ListItem\",\"position\":2,\"name\":\"Comienzan los alegatos en el juicio a Felipe Pettinato por la muerte de su neur\u00f3logo\"}]},{\"@type\":\"WebSite\",\"@id\":\"https:\/\/lobosnews.com.ar\/#website\",\"url\":\"https:\/\/lobosnews.com.ar\/\",\"name\":\"Lobos News\",\"description\":\"Informaci\u00f3n a cada instante\",\"publisher\":{\"@id\":\"https:\/\/lobosnews.com.ar\/#organization\"},\"potentialAction\":[{\"@type\":\"SearchAction\",\"target\":{\"@type\":\"EntryPoint\",\"urlTemplate\":\"https:\/\/lobosnews.com.ar\/?s={search_term_string}\"},\"query-input\":{\"@type\":\"PropertyValueSpecification\",\"valueRequired\":true,\"valueName\":\"search_term_string\"}}],\"inLanguage\":\"es\"},{\"@type\":\"Organization\",\"@id\":\"https:\/\/lobosnews.com.ar\/#organization\",\"name\":\"Lobos News\",\"url\":\"https:\/\/lobosnews.com.ar\/\",\"logo\":{\"@type\":\"ImageObject\",\"inLanguage\":\"es\",\"@id\":\"https:\/\/lobosnews.com.ar\/#\/schema\/logo\/image\/\",\"url\":\"https:\/\/lobosnews.com.ar\/wp-content\/uploads\/2026\/01\/logo-lobosnews.png\",\"contentUrl\":\"https:\/\/lobosnews.com.ar\/wp-content\/uploads\/2026\/01\/logo-lobosnews.png\",\"width\":500,\"height\":200,\"caption\":\"Lobos News\"},\"image\":{\"@id\":\"https:\/\/lobosnews.com.ar\/#\/schema\/logo\/image\/\"}},{\"@type\":\"Person\",\"@id\":\"https:\/\/lobosnews.com.ar\/#\/schema\/person\/232422a593d5c541dd9aef6aaed10943\",\"name\":\"admin\",\"image\":{\"@type\":\"ImageObject\",\"inLanguage\":\"es\",\"@id\":\"https:\/\/lobosnews.com.ar\/#\/schema\/person\/image\/\",\"url\":\"https:\/\/secure.gravatar.com\/avatar\/76e419471a2083bc3ceab22a763dbbf9b0c1bd15a6214cf3280e2c2dde4580f9?s=96&d=mm&r=g\",\"contentUrl\":\"https:\/\/secure.gravatar.com\/avatar\/76e419471a2083bc3ceab22a763dbbf9b0c1bd15a6214cf3280e2c2dde4580f9?s=96&d=mm&r=g\",\"caption\":\"admin\"},\"sameAs\":[\"https:\/\/lobosnews.com.ar\"],\"url\":\"https:\/\/lobosnews.com.ar\/index.php\/author\/lobos-news\/\"}]}<\/script>\n<!-- \/ Yoast SEO plugin. -->","yoast_head_json":{"title":"Comienzan los alegatos en el juicio a Felipe Pettinato por la muerte de su neur\u00f3logo - Lobos News","robots":{"index":"index","follow":"follow","max-snippet":"max-snippet:-1","max-image-preview":"max-image-preview:large","max-video-preview":"max-video-preview:-1"},"canonical":"https:\/\/lobosnews.com.ar\/index.php\/2026\/03\/16\/comienzan-los-alegatos-en-el-juicio-a-felipe-pettinato-por-la-muerte-de-su-neurologo\/","og_locale":"es_ES","og_type":"article","og_title":"Comienzan los alegatos en el juicio a Felipe Pettinato por la muerte de su neur\u00f3logo - Lobos News","og_description":"El juicio a Felipe Pettinato por la muerte de su neur\u00f3logo comienza su recta final. El Tribunal N\u00b014 lleva adelante desde el mes pasado el proceso para esclarecer el incendio que le cost\u00f3 la vida a Melchor Rodrigo, ocurrido el 16 de mayo de 2022 en el departamento que Pettinato ocupaba en la calle Aguilar...","og_url":"https:\/\/lobosnews.com.ar\/index.php\/2026\/03\/16\/comienzan-los-alegatos-en-el-juicio-a-felipe-pettinato-por-la-muerte-de-su-neurologo\/","og_site_name":"Lobos News","article_published_time":"2026-03-16T04:19:45+00:00","article_modified_time":"2026-03-16T06:48:53+00:00","og_image":[{"url":"https:\/\/lobosnews.com.ar\/wp-content\/uploads\/2026\/03\/comienzan-los-alegatos-en-el-juicio-a-felipe-pettinato-por-la-muerte-de-su-neurologo.jpg","type":"","width":"","height":""}],"author":"admin","twitter_card":"summary_large_image","twitter_misc":{"Escrito por":"admin","Tiempo de lectura":"3 minutos"},"schema":{"@context":"https:\/\/schema.org","@graph":[{"@type":"Article","@id":"https:\/\/lobosnews.com.ar\/index.php\/2026\/03\/16\/comienzan-los-alegatos-en-el-juicio-a-felipe-pettinato-por-la-muerte-de-su-neurologo\/#article","isPartOf":{"@id":"https:\/\/lobosnews.com.ar\/index.php\/2026\/03\/16\/comienzan-los-alegatos-en-el-juicio-a-felipe-pettinato-por-la-muerte-de-su-neurologo\/"},"author":{"name":"admin","@id":"https:\/\/lobosnews.com.ar\/#\/schema\/person\/232422a593d5c541dd9aef6aaed10943"},"headline":"Comienzan los alegatos en el juicio a Felipe Pettinato por la muerte de su neur\u00f3logo","datePublished":"2026-03-16T04:19:45+00:00","dateModified":"2026-03-16T06:48:53+00:00","mainEntityOfPage":{"@id":"https:\/\/lobosnews.com.ar\/index.php\/2026\/03\/16\/comienzan-los-alegatos-en-el-juicio-a-felipe-pettinato-por-la-muerte-de-su-neurologo\/"},"wordCount":632,"commentCount":0,"publisher":{"@id":"https:\/\/lobosnews.com.ar\/#organization"},"image":{"@id":"https:\/\/lobosnews.com.ar\/index.php\/2026\/03\/16\/comienzan-los-alegatos-en-el-juicio-a-felipe-pettinato-por-la-muerte-de-su-neurologo\/#primaryimage"},"thumbnailUrl":"https:\/\/lobosnews.com.ar\/wp-content\/uploads\/2026\/03\/comienzan-los-alegatos-en-el-juicio-a-felipe-pettinato-por-la-muerte-de-su-neurologo-2.jpg","articleSection":["Actualidad","Argentina","econom\u00eda","inseguridad","masradios.com","nacionales","seguridad","sociedad"],"inLanguage":"es","potentialAction":[{"@type":"CommentAction","name":"Comment","target":["https:\/\/lobosnews.com.ar\/index.php\/2026\/03\/16\/comienzan-los-alegatos-en-el-juicio-a-felipe-pettinato-por-la-muerte-de-su-neurologo\/#respond"]}]},{"@type":"WebPage","@id":"https:\/\/lobosnews.com.ar\/index.php\/2026\/03\/16\/comienzan-los-alegatos-en-el-juicio-a-felipe-pettinato-por-la-muerte-de-su-neurologo\/","url":"https:\/\/lobosnews.com.ar\/index.php\/2026\/03\/16\/comienzan-los-alegatos-en-el-juicio-a-felipe-pettinato-por-la-muerte-de-su-neurologo\/","name":"Comienzan los alegatos en el juicio a Felipe Pettinato por la muerte de su neur\u00f3logo - Lobos News","isPartOf":{"@id":"https:\/\/lobosnews.com.ar\/#website"},"primaryImageOfPage":{"@id":"https:\/\/lobosnews.com.ar\/index.php\/2026\/03\/16\/comienzan-los-alegatos-en-el-juicio-a-felipe-pettinato-por-la-muerte-de-su-neurologo\/#primaryimage"},"image":{"@id":"https:\/\/lobosnews.com.ar\/index.php\/2026\/03\/16\/comienzan-los-alegatos-en-el-juicio-a-felipe-pettinato-por-la-muerte-de-su-neurologo\/#primaryimage"},"thumbnailUrl":"https:\/\/lobosnews.com.ar\/wp-content\/uploads\/2026\/03\/comienzan-los-alegatos-en-el-juicio-a-felipe-pettinato-por-la-muerte-de-su-neurologo-2.jpg","datePublished":"2026-03-16T04:19:45+00:00","dateModified":"2026-03-16T06:48:53+00:00","breadcrumb":{"@id":"https:\/\/lobosnews.com.ar\/index.php\/2026\/03\/16\/comienzan-los-alegatos-en-el-juicio-a-felipe-pettinato-por-la-muerte-de-su-neurologo\/#breadcrumb"},"inLanguage":"es","potentialAction":[{"@type":"ReadAction","target":["https:\/\/lobosnews.com.ar\/index.php\/2026\/03\/16\/comienzan-los-alegatos-en-el-juicio-a-felipe-pettinato-por-la-muerte-de-su-neurologo\/"]}]},{"@type":"ImageObject","inLanguage":"es","@id":"https:\/\/lobosnews.com.ar\/index.php\/2026\/03\/16\/comienzan-los-alegatos-en-el-juicio-a-felipe-pettinato-por-la-muerte-de-su-neurologo\/#primaryimage","url":"https:\/\/lobosnews.com.ar\/wp-content\/uploads\/2026\/03\/comienzan-los-alegatos-en-el-juicio-a-felipe-pettinato-por-la-muerte-de-su-neurologo-2.jpg","contentUrl":"https:\/\/lobosnews.com.ar\/wp-content\/uploads\/2026\/03\/comienzan-los-alegatos-en-el-juicio-a-felipe-pettinato-por-la-muerte-de-su-neurologo-2.jpg","width":1920,"height":1080,"caption":"Comienzan los alegatos en el juicio a Felipe Pettinato por la muerte de su neur\u00f3logo"},{"@type":"BreadcrumbList","@id":"https:\/\/lobosnews.com.ar\/index.php\/2026\/03\/16\/comienzan-los-alegatos-en-el-juicio-a-felipe-pettinato-por-la-muerte-de-su-neurologo\/#breadcrumb","itemListElement":[{"@type":"ListItem","position":1,"name":"Portada","item":"https:\/\/lobosnews.com.ar\/"},{"@type":"ListItem","position":2,"name":"Comienzan los alegatos en el juicio a Felipe Pettinato por la muerte de su neur\u00f3logo"}]},{"@type":"WebSite","@id":"https:\/\/lobosnews.com.ar\/#website","url":"https:\/\/lobosnews.com.ar\/","name":"Lobos News","description":"Informaci\u00f3n a cada instante","publisher":{"@id":"https:\/\/lobosnews.com.ar\/#organization"},"potentialAction":[{"@type":"SearchAction","target":{"@type":"EntryPoint","urlTemplate":"https:\/\/lobosnews.com.ar\/?s={search_term_string}"},"query-input":{"@type":"PropertyValueSpecification","valueRequired":true,"valueName":"search_term_string"}}],"inLanguage":"es"},{"@type":"Organization","@id":"https:\/\/lobosnews.com.ar\/#organization","name":"Lobos News","url":"https:\/\/lobosnews.com.ar\/","logo":{"@type":"ImageObject","inLanguage":"es","@id":"https:\/\/lobosnews.com.ar\/#\/schema\/logo\/image\/","url":"https:\/\/lobosnews.com.ar\/wp-content\/uploads\/2026\/01\/logo-lobosnews.png","contentUrl":"https:\/\/lobosnews.com.ar\/wp-content\/uploads\/2026\/01\/logo-lobosnews.png","width":500,"height":200,"caption":"Lobos News"},"image":{"@id":"https:\/\/lobosnews.com.ar\/#\/schema\/logo\/image\/"}},{"@type":"Person","@id":"https:\/\/lobosnews.com.ar\/#\/schema\/person\/232422a593d5c541dd9aef6aaed10943","name":"admin","image":{"@type":"ImageObject","inLanguage":"es","@id":"https:\/\/lobosnews.com.ar\/#\/schema\/person\/image\/","url":"https:\/\/secure.gravatar.com\/avatar\/76e419471a2083bc3ceab22a763dbbf9b0c1bd15a6214cf3280e2c2dde4580f9?s=96&d=mm&r=g","contentUrl":"https:\/\/secure.gravatar.com\/avatar\/76e419471a2083bc3ceab22a763dbbf9b0c1bd15a6214cf3280e2c2dde4580f9?s=96&d=mm&r=g","caption":"admin"},"sameAs":["https:\/\/lobosnews.com.ar"],"url":"https:\/\/lobosnews.com.ar\/index.php\/author\/lobos-news\/"}]}},"jetpack_featured_media_url":"https:\/\/lobosnews.com.ar\/wp-content\/uploads\/2026\/03\/comienzan-los-alegatos-en-el-juicio-a-felipe-pettinato-por-la-muerte-de-su-neurologo-2.jpg","jetpack_sharing_enabled":true,"_links":{"self":[{"href":"https:\/\/lobosnews.com.ar\/index.php\/wp-json\/wp\/v2\/posts\/34172","targetHints":{"allow":["GET"]}}],"collection":[{"href":"https:\/\/lobosnews.com.ar\/index.php\/wp-json\/wp\/v2\/posts"}],"about":[{"href":"https:\/\/lobosnews.com.ar\/index.php\/wp-json\/wp\/v2\/types\/post"}],"author":[{"embeddable":true,"href":"https:\/\/lobosnews.com.ar\/index.php\/wp-json\/wp\/v2\/users\/1"}],"replies":[{"embeddable":true,"href":"https:\/\/lobosnews.com.ar\/index.php\/wp-json\/wp\/v2\/comments?post=34172"}],"version-history":[{"count":1,"href":"https:\/\/lobosnews.com.ar\/index.php\/wp-json\/wp\/v2\/posts\/34172\/revisions"}],"predecessor-version":[{"id":34175,"href":"https:\/\/lobosnews.com.ar\/index.php\/wp-json\/wp\/v2\/posts\/34172\/revisions\/34175"}],"wp:featuredmedia":[{"embeddable":true,"href":"https:\/\/lobosnews.com.ar\/index.php\/wp-json\/wp\/v2\/media\/34176"}],"wp:attachment":[{"href":"https:\/\/lobosnews.com.ar\/index.php\/wp-json\/wp\/v2\/media?parent=34172"}],"wp:term":[{"taxonomy":"category","embeddable":true,"href":"https:\/\/lobosnews.com.ar\/index.php\/wp-json\/wp\/v2\/categories?post=34172"},{"taxonomy":"post_tag","embeddable":true,"href":"https:\/\/lobosnews.com.ar\/index.php\/wp-json\/wp\/v2\/tags?post=34172"}],"curies":[{"name":"wp","href":"https:\/\/api.w.org\/{rel}","templated":true}]}}