{"id":34119,"date":"2026-03-16T02:52:07","date_gmt":"2026-03-16T02:52:07","guid":{"rendered":"https:\/\/lobosnews.com.ar\/index.php\/2026\/03\/16\/premios-oscar-2026-conan-obrien-le-dedico-un-saludo-especial-al-publico-argentino\/"},"modified":"2026-03-16T03:33:42","modified_gmt":"2026-03-16T03:33:42","slug":"premios-oscar-2026-conan-obrien-le-dedico-un-saludo-especial-al-publico-argentino","status":"publish","type":"post","link":"https:\/\/lobosnews.com.ar\/index.php\/2026\/03\/16\/premios-oscar-2026-conan-obrien-le-dedico-un-saludo-especial-al-publico-argentino\/","title":{"rendered":"Premios Oscar 2026: Conan O\u2019Brien le dedic\u00f3 un saludo especial al p\u00fablico argentino"},"content":{"rendered":"<p><img fetchpriority=\"high\" decoding=\"async\" src=\"https:\/\/lobosnews.com.ar\/wp-content\/uploads\/2026\/03\/premios-oscar-2026-conan-obrien-le-dedico-un-saludo-especial-al-publico-argentino.jpg\" alt=\"El presentador de los Premios de la Academia, Conan O'Brien, posa sobre un rollo de alfombra roja antes de la gala (Foto AP\/Chris Pizzello)\" height=\"3797\" width=\"5783\"\/><\/p>\n<p>La <b>98\u00b0 entrega anual de los Premios Oscar 2026<\/b> re\u00fane este domingo a representantes de <b>31 pa\u00edses<\/b> para celebrar los logros m\u00e1s destacados de la industria cinematogr\u00e1fica mundial, bajo la conducci\u00f3n de <span class=\"waslinkname\"><b>Conan O\u2019Brien<\/b>.<\/span><\/p>\n<p>Durante la apertura, el presentador sorprendi\u00f3 con un saludo espec\u00edfico en <b>espa\u00f1ol dirigido a la audiencia de Argentina<\/b>, lo que gener\u00f3 una r\u00e1pida viralizaci\u00f3n en redes sociales con una oleada de reacciones de usuarios. Al dirigirse a los asistentes y televidentes, O\u2019Brien subray\u00f3 la naturaleza internacional del evento y la <b>relevancia del idioma espa\u00f1ol<\/b>, afirmando que \u201cel evento de hoy es internacional, pero si puedo ser serio por un momento, la gente que nos ve ahora en todo el mundo es consciente de que vivimos en tiempos muy ca\u00f3ticos y tenebrosos\u201d.<\/p>\n<p>O\u2019Brien aprovech\u00f3 la ocasi\u00f3n para poner en valor la diversidad cultural de las pel\u00edculas nominadas y la presencia de diferentes lenguas, destacando: \u201cEsta noche rendimos tributo, no solo a pel\u00edculas, tambi\u00e9n a los ideales del arte, la colaboraci\u00f3n, la paciencia, fuerza y una de las cualidades m\u00e1s raras estos d\u00edas: <b>el optimismo<\/b>\u201d.<\/p>\n<p>La inclusi\u00f3n de frases en distintos idiomas form\u00f3 parte del mensaje final del anfitri\u00f3n. Entre ellas, el saludo a los televidentes argentinos: \u201cSi nos est\u00e1s viendo en Argentina,<b> \u2018Hola, soy Conor O\u2019Brien. Es un placer darle la bienvenida a los Oscars\u2019\u201d.<\/b><\/p>\n<p>Poco antes, O\u2019Brien arranc\u00f3 con <b>una broma dirigida a Timoth\u00e9e Chalamet, <\/b>y se rob\u00f3 una de las primeras sonrisas de la noche en la gala de los Oscar. El presentador ironiz\u00f3 sobre la reciente controversia que involucr\u00f3 a las comunidades de ballet y \u00f3pera:<b>\u201cLa seguridad es extremadamente estricta esta noche. Me dijeron que hay preocupaci\u00f3n por ataques tanto de la comunidad de la \u00f3pera como del ballet\u201d. <\/b>Tras el comentario, las c\u00e1maras enfocaron a <b>Chalamet<\/b>, quien respondi\u00f3 con una expresi\u00f3n relajada y una sonrisa c\u00f3mplice.<\/p>\n<p><img loading=\"lazy\" decoding=\"async\" src=\"https:\/\/lobosnews.com.ar\/wp-content\/uploads\/2026\/03\/premios-oscar-2026-conan-obrien-le-dedico-un-saludo-especial-al-publico-argentino-1.jpg\" alt=\"Una de las primeras bromas de Conan O'Brien tuvo como destinatario a Timoth\u00e9e Chalamet (Foto AP\/Chris Pizzello)\" height=\"1080\" width=\"1920\"\/><\/p>\n<p>La presencia del comediante estadounidense <b>Conan O\u2019Brien <\/b>marc\u00f3 el regreso al escenario del Dolby Theatre para conducir la edici\u00f3n 98 de los premios Oscar, transmitidos en directo por <i>ABC <\/i>y <i>Hulu<\/i>. En su intervenci\u00f3n inicial, O\u2019Brien mezcl\u00f3 comentarios sobre figuras de la industria, referencias pol\u00edticas y temas de actualidad global. Hab\u00eda prometido en entrevistas evitar la controversia, pero su mon\u00f3logo incluy\u00f3 observaciones punzantes.<\/p>\n<p><img loading=\"lazy\" decoding=\"async\" src=\"https:\/\/lobosnews.com.ar\/wp-content\/uploads\/2026\/03\/premios-oscar-2026-conan-obrien-le-dedico-un-saludo-especial-al-publico-argentino-2.jpg\" alt=\"La imagen de O'Brien pod\u00eda verse por estos d\u00edas en grandes carteles en Hollywood (REUTERS\/Daniel Cole)\" height=\"6048\" width=\"4536\"\/><\/p>\n<p>La noche incluy\u00f3 comentarios dirigidos a personajes reconocidos. O\u2019Brien mencion\u00f3 al director Paul Thomas Anderson y al actor Sean Penn, adem\u00e1s de Ted Sarandos, CEO de <b>Netflix<\/b>, de quien coment\u00f3 que no est\u00e1 habituado a asistir a salas de cine. El presentador tambi\u00e9n se refiri\u00f3 con sarcasmo al sistema de salud estadounidense y brome\u00f3 con una escena de la pel\u00edcula<i>Hamnet<\/i>como equivalente a la \u201catenci\u00f3n sanitaria asequible\u201d en <b>Estados Unidos<\/b>. En otro bloque, mencion\u00f3 la ausencia de nominaciones para Amazon Studios y la compar\u00f3 con Wal-Mart y Chewy, afirmando que estas empresas tambi\u00e9n hab\u00edan quedado fuera de la competencia.<\/p>\n<p>Antes del evento, <b>O\u2019Brien <\/b>mencion\u00f3 que su meta era mantener un equilibrio entre el humor y el respeto a los participantes del certamen. \u201cConducir este show es caminar por una l\u00ednea muy fina\u201d, indic\u00f3 a la prensa, en referencia a la necesidad de celebrar el cine y a sus protagonistas sin traspasar ciertos l\u00edmites.<\/p>\n<p>El conductor explic\u00f3 que su proceso creativo requiere gran dedicaci\u00f3n: \u201cMe obsesiono\u201d, dijo a<i>The Hollywood Reporter<\/i>, y agreg\u00f3 que, a sus 62 a\u00f1os, comprend\u00eda ya su propio \u201cmanual de instrucciones\u201d.<\/p>\n<p><i>Noticia en desarrollo&#8230;<\/i><\/p>\n","protected":false},"excerpt":{"rendered":"<p>La 98\u00b0 entrega anual de los Premios Oscar 2026 re\u00fane este domingo a representantes de 31 pa\u00edses para celebrar los logros m\u00e1s destacados de la industria cinematogr\u00e1fica mundial, bajo la conducci\u00f3n de Conan O\u2019Brien. Durante la apertura, el presentador sorprendi\u00f3 con un saludo espec\u00edfico en espa\u00f1ol dirigido a la audiencia de Argentina, lo que gener\u00f3&#8230;<\/p>\n","protected":false},"author":1,"featured_media":0,"comment_status":"open","ping_status":"closed","sticky":false,"template":"","format":"standard","meta":{"_jetpack_memberships_contains_paid_content":false,"footnotes":""},"categories":[79],"tags":[],"class_list":["post-34119","post","type-post","status-publish","format-standard","hentry","category-cine-y-series"],"magazineBlocksPostFeaturedMedia":{"thumbnail":false,"medium":false,"medium_large":false,"large":false,"1536x1536":false,"2048x2048":false,"newsmatic-featured":false,"newsmatic-list":false,"newsmatic-thumb":false,"newsmatic-small":false,"newsmatic-grid":false},"magazineBlocksPostAuthor":{"name":"admin","avatar":"https:\/\/secure.gravatar.com\/avatar\/76e419471a2083bc3ceab22a763dbbf9b0c1bd15a6214cf3280e2c2dde4580f9?s=96&d=mm&r=g"},"magazineBlocksPostCommentsNumber":"0","magazineBlocksPostExcerpt":"La 98\u00b0 entrega anual de los Premios Oscar 2026 re\u00fane este domingo a representantes de 31 pa\u00edses para celebrar los logros m\u00e1s destacados de la industria cinematogr\u00e1fica mundial, bajo la conducci\u00f3n de Conan O\u2019Brien. Durante la apertura, el presentador sorprendi\u00f3 con un saludo espec\u00edfico en espa\u00f1ol dirigido a la audiencia de Argentina, lo que gener\u00f3...","magazineBlocksPostCategories":["Cine y Series"],"magazineBlocksPostViewCount":113,"magazineBlocksPostReadTime":3,"magazine_blocks_featured_image_url":{"full":false,"medium":false,"thumbnail":false},"magazine_blocks_author":{"display_name":"admin","author_link":"https:\/\/lobosnews.com.ar\/index.php\/author\/lobos-news\/"},"magazine_blocks_comment":0,"magazine_blocks_author_image":"https:\/\/secure.gravatar.com\/avatar\/76e419471a2083bc3ceab22a763dbbf9b0c1bd15a6214cf3280e2c2dde4580f9?s=96&d=mm&r=g","magazine_blocks_category":"<a href=\"#\" class=\"category-link category-link-79\">Cine y Series<\/a>","yoast_head":"<!-- This site is optimized with the Yoast SEO plugin v26.6 - https:\/\/yoast.com\/wordpress\/plugins\/seo\/ -->\n<title>Premios Oscar 2026: Conan O\u2019Brien le dedic\u00f3 un saludo especial al p\u00fablico argentino - Lobos News<\/title>\n<meta name=\"robots\" content=\"index, follow, max-snippet:-1, max-image-preview:large, max-video-preview:-1\" \/>\n<link rel=\"canonical\" href=\"https:\/\/lobosnews.com.ar\/index.php\/2026\/03\/16\/premios-oscar-2026-conan-obrien-le-dedico-un-saludo-especial-al-publico-argentino\/\" \/>\n<meta property=\"og:locale\" content=\"es_ES\" \/>\n<meta property=\"og:type\" content=\"article\" \/>\n<meta property=\"og:title\" content=\"Premios Oscar 2026: Conan O\u2019Brien le dedic\u00f3 un saludo especial al p\u00fablico argentino - Lobos News\" \/>\n<meta property=\"og:description\" content=\"La 98\u00b0 entrega anual de los Premios Oscar 2026 re\u00fane este domingo a representantes de 31 pa\u00edses para celebrar los logros m\u00e1s destacados de la industria cinematogr\u00e1fica mundial, bajo la conducci\u00f3n de Conan O\u2019Brien. Durante la apertura, el presentador sorprendi\u00f3 con un saludo espec\u00edfico en espa\u00f1ol dirigido a la audiencia de Argentina, lo que gener\u00f3...\" \/>\n<meta property=\"og:url\" content=\"https:\/\/lobosnews.com.ar\/index.php\/2026\/03\/16\/premios-oscar-2026-conan-obrien-le-dedico-un-saludo-especial-al-publico-argentino\/\" \/>\n<meta property=\"og:site_name\" content=\"Lobos News\" \/>\n<meta property=\"article:published_time\" content=\"2026-03-16T02:52:07+00:00\" \/>\n<meta property=\"article:modified_time\" content=\"2026-03-16T03:33:42+00:00\" \/>\n<meta property=\"og:image\" content=\"https:\/\/lobosnews.com.ar\/wp-content\/uploads\/2026\/03\/premios-oscar-2026-conan-obrien-le-dedico-un-saludo-especial-al-publico-argentino.jpg\" \/>\n<meta name=\"author\" content=\"admin\" \/>\n<meta name=\"twitter:card\" content=\"summary_large_image\" \/>\n<meta name=\"twitter:label1\" content=\"Escrito por\" \/>\n\t<meta name=\"twitter:data1\" content=\"admin\" \/>\n\t<meta name=\"twitter:label2\" content=\"Tiempo de lectura\" \/>\n\t<meta name=\"twitter:data2\" content=\"3 minutos\" \/>\n<script type=\"application\/ld+json\" class=\"yoast-schema-graph\">{\"@context\":\"https:\/\/schema.org\",\"@graph\":[{\"@type\":\"Article\",\"@id\":\"https:\/\/lobosnews.com.ar\/index.php\/2026\/03\/16\/premios-oscar-2026-conan-obrien-le-dedico-un-saludo-especial-al-publico-argentino\/#article\",\"isPartOf\":{\"@id\":\"https:\/\/lobosnews.com.ar\/index.php\/2026\/03\/16\/premios-oscar-2026-conan-obrien-le-dedico-un-saludo-especial-al-publico-argentino\/\"},\"author\":{\"name\":\"admin\",\"@id\":\"https:\/\/lobosnews.com.ar\/#\/schema\/person\/232422a593d5c541dd9aef6aaed10943\"},\"headline\":\"Premios Oscar 2026: Conan O\u2019Brien le dedic\u00f3 un saludo especial al p\u00fablico argentino\",\"datePublished\":\"2026-03-16T02:52:07+00:00\",\"dateModified\":\"2026-03-16T03:33:42+00:00\",\"mainEntityOfPage\":{\"@id\":\"https:\/\/lobosnews.com.ar\/index.php\/2026\/03\/16\/premios-oscar-2026-conan-obrien-le-dedico-un-saludo-especial-al-publico-argentino\/\"},\"wordCount\":612,\"commentCount\":0,\"publisher\":{\"@id\":\"https:\/\/lobosnews.com.ar\/#organization\"},\"image\":{\"@id\":\"https:\/\/lobosnews.com.ar\/index.php\/2026\/03\/16\/premios-oscar-2026-conan-obrien-le-dedico-un-saludo-especial-al-publico-argentino\/#primaryimage\"},\"thumbnailUrl\":\"https:\/\/lobosnews.com.ar\/wp-content\/uploads\/2026\/03\/premios-oscar-2026-conan-obrien-le-dedico-un-saludo-especial-al-publico-argentino.jpg\",\"articleSection\":[\"Cine y Series\"],\"inLanguage\":\"es\",\"potentialAction\":[{\"@type\":\"CommentAction\",\"name\":\"Comment\",\"target\":[\"https:\/\/lobosnews.com.ar\/index.php\/2026\/03\/16\/premios-oscar-2026-conan-obrien-le-dedico-un-saludo-especial-al-publico-argentino\/#respond\"]}]},{\"@type\":\"WebPage\",\"@id\":\"https:\/\/lobosnews.com.ar\/index.php\/2026\/03\/16\/premios-oscar-2026-conan-obrien-le-dedico-un-saludo-especial-al-publico-argentino\/\",\"url\":\"https:\/\/lobosnews.com.ar\/index.php\/2026\/03\/16\/premios-oscar-2026-conan-obrien-le-dedico-un-saludo-especial-al-publico-argentino\/\",\"name\":\"Premios Oscar 2026: Conan O\u2019Brien le dedic\u00f3 un saludo especial al p\u00fablico argentino - Lobos News\",\"isPartOf\":{\"@id\":\"https:\/\/lobosnews.com.ar\/#website\"},\"primaryImageOfPage\":{\"@id\":\"https:\/\/lobosnews.com.ar\/index.php\/2026\/03\/16\/premios-oscar-2026-conan-obrien-le-dedico-un-saludo-especial-al-publico-argentino\/#primaryimage\"},\"image\":{\"@id\":\"https:\/\/lobosnews.com.ar\/index.php\/2026\/03\/16\/premios-oscar-2026-conan-obrien-le-dedico-un-saludo-especial-al-publico-argentino\/#primaryimage\"},\"thumbnailUrl\":\"https:\/\/lobosnews.com.ar\/wp-content\/uploads\/2026\/03\/premios-oscar-2026-conan-obrien-le-dedico-un-saludo-especial-al-publico-argentino.jpg\",\"datePublished\":\"2026-03-16T02:52:07+00:00\",\"dateModified\":\"2026-03-16T03:33:42+00:00\",\"breadcrumb\":{\"@id\":\"https:\/\/lobosnews.com.ar\/index.php\/2026\/03\/16\/premios-oscar-2026-conan-obrien-le-dedico-un-saludo-especial-al-publico-argentino\/#breadcrumb\"},\"inLanguage\":\"es\",\"potentialAction\":[{\"@type\":\"ReadAction\",\"target\":[\"https:\/\/lobosnews.com.ar\/index.php\/2026\/03\/16\/premios-oscar-2026-conan-obrien-le-dedico-un-saludo-especial-al-publico-argentino\/\"]}]},{\"@type\":\"ImageObject\",\"inLanguage\":\"es\",\"@id\":\"https:\/\/lobosnews.com.ar\/index.php\/2026\/03\/16\/premios-oscar-2026-conan-obrien-le-dedico-un-saludo-especial-al-publico-argentino\/#primaryimage\",\"url\":\"https:\/\/lobosnews.com.ar\/wp-content\/uploads\/2026\/03\/premios-oscar-2026-conan-obrien-le-dedico-un-saludo-especial-al-publico-argentino.jpg\",\"contentUrl\":\"https:\/\/lobosnews.com.ar\/wp-content\/uploads\/2026\/03\/premios-oscar-2026-conan-obrien-le-dedico-un-saludo-especial-al-publico-argentino.jpg\"},{\"@type\":\"BreadcrumbList\",\"@id\":\"https:\/\/lobosnews.com.ar\/index.php\/2026\/03\/16\/premios-oscar-2026-conan-obrien-le-dedico-un-saludo-especial-al-publico-argentino\/#breadcrumb\",\"itemListElement\":[{\"@type\":\"ListItem\",\"position\":1,\"name\":\"Portada\",\"item\":\"https:\/\/lobosnews.com.ar\/\"},{\"@type\":\"ListItem\",\"position\":2,\"name\":\"Premios Oscar 2026: Conan O\u2019Brien le dedic\u00f3 un saludo especial al p\u00fablico argentino\"}]},{\"@type\":\"WebSite\",\"@id\":\"https:\/\/lobosnews.com.ar\/#website\",\"url\":\"https:\/\/lobosnews.com.ar\/\",\"name\":\"Lobos News\",\"description\":\"Informaci\u00f3n a cada instante\",\"publisher\":{\"@id\":\"https:\/\/lobosnews.com.ar\/#organization\"},\"potentialAction\":[{\"@type\":\"SearchAction\",\"target\":{\"@type\":\"EntryPoint\",\"urlTemplate\":\"https:\/\/lobosnews.com.ar\/?s={search_term_string}\"},\"query-input\":{\"@type\":\"PropertyValueSpecification\",\"valueRequired\":true,\"valueName\":\"search_term_string\"}}],\"inLanguage\":\"es\"},{\"@type\":\"Organization\",\"@id\":\"https:\/\/lobosnews.com.ar\/#organization\",\"name\":\"Lobos News\",\"url\":\"https:\/\/lobosnews.com.ar\/\",\"logo\":{\"@type\":\"ImageObject\",\"inLanguage\":\"es\",\"@id\":\"https:\/\/lobosnews.com.ar\/#\/schema\/logo\/image\/\",\"url\":\"https:\/\/lobosnews.com.ar\/wp-content\/uploads\/2026\/01\/logo-lobosnews.png\",\"contentUrl\":\"https:\/\/lobosnews.com.ar\/wp-content\/uploads\/2026\/01\/logo-lobosnews.png\",\"width\":500,\"height\":200,\"caption\":\"Lobos News\"},\"image\":{\"@id\":\"https:\/\/lobosnews.com.ar\/#\/schema\/logo\/image\/\"}},{\"@type\":\"Person\",\"@id\":\"https:\/\/lobosnews.com.ar\/#\/schema\/person\/232422a593d5c541dd9aef6aaed10943\",\"name\":\"admin\",\"image\":{\"@type\":\"ImageObject\",\"inLanguage\":\"es\",\"@id\":\"https:\/\/lobosnews.com.ar\/#\/schema\/person\/image\/\",\"url\":\"https:\/\/secure.gravatar.com\/avatar\/76e419471a2083bc3ceab22a763dbbf9b0c1bd15a6214cf3280e2c2dde4580f9?s=96&d=mm&r=g\",\"contentUrl\":\"https:\/\/secure.gravatar.com\/avatar\/76e419471a2083bc3ceab22a763dbbf9b0c1bd15a6214cf3280e2c2dde4580f9?s=96&d=mm&r=g\",\"caption\":\"admin\"},\"sameAs\":[\"https:\/\/lobosnews.com.ar\"],\"url\":\"https:\/\/lobosnews.com.ar\/index.php\/author\/lobos-news\/\"}]}<\/script>\n<!-- \/ Yoast SEO plugin. -->","yoast_head_json":{"title":"Premios Oscar 2026: Conan O\u2019Brien le dedic\u00f3 un saludo especial al p\u00fablico argentino - Lobos News","robots":{"index":"index","follow":"follow","max-snippet":"max-snippet:-1","max-image-preview":"max-image-preview:large","max-video-preview":"max-video-preview:-1"},"canonical":"https:\/\/lobosnews.com.ar\/index.php\/2026\/03\/16\/premios-oscar-2026-conan-obrien-le-dedico-un-saludo-especial-al-publico-argentino\/","og_locale":"es_ES","og_type":"article","og_title":"Premios Oscar 2026: Conan O\u2019Brien le dedic\u00f3 un saludo especial al p\u00fablico argentino - Lobos News","og_description":"La 98\u00b0 entrega anual de los Premios Oscar 2026 re\u00fane este domingo a representantes de 31 pa\u00edses para celebrar los logros m\u00e1s destacados de la industria cinematogr\u00e1fica mundial, bajo la conducci\u00f3n de Conan O\u2019Brien. Durante la apertura, el presentador sorprendi\u00f3 con un saludo espec\u00edfico en espa\u00f1ol dirigido a la audiencia de Argentina, lo que gener\u00f3...","og_url":"https:\/\/lobosnews.com.ar\/index.php\/2026\/03\/16\/premios-oscar-2026-conan-obrien-le-dedico-un-saludo-especial-al-publico-argentino\/","og_site_name":"Lobos News","article_published_time":"2026-03-16T02:52:07+00:00","article_modified_time":"2026-03-16T03:33:42+00:00","og_image":[{"url":"https:\/\/lobosnews.com.ar\/wp-content\/uploads\/2026\/03\/premios-oscar-2026-conan-obrien-le-dedico-un-saludo-especial-al-publico-argentino.jpg","type":"","width":"","height":""}],"author":"admin","twitter_card":"summary_large_image","twitter_misc":{"Escrito por":"admin","Tiempo de lectura":"3 minutos"},"schema":{"@context":"https:\/\/schema.org","@graph":[{"@type":"Article","@id":"https:\/\/lobosnews.com.ar\/index.php\/2026\/03\/16\/premios-oscar-2026-conan-obrien-le-dedico-un-saludo-especial-al-publico-argentino\/#article","isPartOf":{"@id":"https:\/\/lobosnews.com.ar\/index.php\/2026\/03\/16\/premios-oscar-2026-conan-obrien-le-dedico-un-saludo-especial-al-publico-argentino\/"},"author":{"name":"admin","@id":"https:\/\/lobosnews.com.ar\/#\/schema\/person\/232422a593d5c541dd9aef6aaed10943"},"headline":"Premios Oscar 2026: Conan O\u2019Brien le dedic\u00f3 un saludo especial al p\u00fablico argentino","datePublished":"2026-03-16T02:52:07+00:00","dateModified":"2026-03-16T03:33:42+00:00","mainEntityOfPage":{"@id":"https:\/\/lobosnews.com.ar\/index.php\/2026\/03\/16\/premios-oscar-2026-conan-obrien-le-dedico-un-saludo-especial-al-publico-argentino\/"},"wordCount":612,"commentCount":0,"publisher":{"@id":"https:\/\/lobosnews.com.ar\/#organization"},"image":{"@id":"https:\/\/lobosnews.com.ar\/index.php\/2026\/03\/16\/premios-oscar-2026-conan-obrien-le-dedico-un-saludo-especial-al-publico-argentino\/#primaryimage"},"thumbnailUrl":"https:\/\/lobosnews.com.ar\/wp-content\/uploads\/2026\/03\/premios-oscar-2026-conan-obrien-le-dedico-un-saludo-especial-al-publico-argentino.jpg","articleSection":["Cine y Series"],"inLanguage":"es","potentialAction":[{"@type":"CommentAction","name":"Comment","target":["https:\/\/lobosnews.com.ar\/index.php\/2026\/03\/16\/premios-oscar-2026-conan-obrien-le-dedico-un-saludo-especial-al-publico-argentino\/#respond"]}]},{"@type":"WebPage","@id":"https:\/\/lobosnews.com.ar\/index.php\/2026\/03\/16\/premios-oscar-2026-conan-obrien-le-dedico-un-saludo-especial-al-publico-argentino\/","url":"https:\/\/lobosnews.com.ar\/index.php\/2026\/03\/16\/premios-oscar-2026-conan-obrien-le-dedico-un-saludo-especial-al-publico-argentino\/","name":"Premios Oscar 2026: Conan O\u2019Brien le dedic\u00f3 un saludo especial al p\u00fablico argentino - Lobos News","isPartOf":{"@id":"https:\/\/lobosnews.com.ar\/#website"},"primaryImageOfPage":{"@id":"https:\/\/lobosnews.com.ar\/index.php\/2026\/03\/16\/premios-oscar-2026-conan-obrien-le-dedico-un-saludo-especial-al-publico-argentino\/#primaryimage"},"image":{"@id":"https:\/\/lobosnews.com.ar\/index.php\/2026\/03\/16\/premios-oscar-2026-conan-obrien-le-dedico-un-saludo-especial-al-publico-argentino\/#primaryimage"},"thumbnailUrl":"https:\/\/lobosnews.com.ar\/wp-content\/uploads\/2026\/03\/premios-oscar-2026-conan-obrien-le-dedico-un-saludo-especial-al-publico-argentino.jpg","datePublished":"2026-03-16T02:52:07+00:00","dateModified":"2026-03-16T03:33:42+00:00","breadcrumb":{"@id":"https:\/\/lobosnews.com.ar\/index.php\/2026\/03\/16\/premios-oscar-2026-conan-obrien-le-dedico-un-saludo-especial-al-publico-argentino\/#breadcrumb"},"inLanguage":"es","potentialAction":[{"@type":"ReadAction","target":["https:\/\/lobosnews.com.ar\/index.php\/2026\/03\/16\/premios-oscar-2026-conan-obrien-le-dedico-un-saludo-especial-al-publico-argentino\/"]}]},{"@type":"ImageObject","inLanguage":"es","@id":"https:\/\/lobosnews.com.ar\/index.php\/2026\/03\/16\/premios-oscar-2026-conan-obrien-le-dedico-un-saludo-especial-al-publico-argentino\/#primaryimage","url":"https:\/\/lobosnews.com.ar\/wp-content\/uploads\/2026\/03\/premios-oscar-2026-conan-obrien-le-dedico-un-saludo-especial-al-publico-argentino.jpg","contentUrl":"https:\/\/lobosnews.com.ar\/wp-content\/uploads\/2026\/03\/premios-oscar-2026-conan-obrien-le-dedico-un-saludo-especial-al-publico-argentino.jpg"},{"@type":"BreadcrumbList","@id":"https:\/\/lobosnews.com.ar\/index.php\/2026\/03\/16\/premios-oscar-2026-conan-obrien-le-dedico-un-saludo-especial-al-publico-argentino\/#breadcrumb","itemListElement":[{"@type":"ListItem","position":1,"name":"Portada","item":"https:\/\/lobosnews.com.ar\/"},{"@type":"ListItem","position":2,"name":"Premios Oscar 2026: Conan O\u2019Brien le dedic\u00f3 un saludo especial al p\u00fablico argentino"}]},{"@type":"WebSite","@id":"https:\/\/lobosnews.com.ar\/#website","url":"https:\/\/lobosnews.com.ar\/","name":"Lobos News","description":"Informaci\u00f3n a cada instante","publisher":{"@id":"https:\/\/lobosnews.com.ar\/#organization"},"potentialAction":[{"@type":"SearchAction","target":{"@type":"EntryPoint","urlTemplate":"https:\/\/lobosnews.com.ar\/?s={search_term_string}"},"query-input":{"@type":"PropertyValueSpecification","valueRequired":true,"valueName":"search_term_string"}}],"inLanguage":"es"},{"@type":"Organization","@id":"https:\/\/lobosnews.com.ar\/#organization","name":"Lobos News","url":"https:\/\/lobosnews.com.ar\/","logo":{"@type":"ImageObject","inLanguage":"es","@id":"https:\/\/lobosnews.com.ar\/#\/schema\/logo\/image\/","url":"https:\/\/lobosnews.com.ar\/wp-content\/uploads\/2026\/01\/logo-lobosnews.png","contentUrl":"https:\/\/lobosnews.com.ar\/wp-content\/uploads\/2026\/01\/logo-lobosnews.png","width":500,"height":200,"caption":"Lobos News"},"image":{"@id":"https:\/\/lobosnews.com.ar\/#\/schema\/logo\/image\/"}},{"@type":"Person","@id":"https:\/\/lobosnews.com.ar\/#\/schema\/person\/232422a593d5c541dd9aef6aaed10943","name":"admin","image":{"@type":"ImageObject","inLanguage":"es","@id":"https:\/\/lobosnews.com.ar\/#\/schema\/person\/image\/","url":"https:\/\/secure.gravatar.com\/avatar\/76e419471a2083bc3ceab22a763dbbf9b0c1bd15a6214cf3280e2c2dde4580f9?s=96&d=mm&r=g","contentUrl":"https:\/\/secure.gravatar.com\/avatar\/76e419471a2083bc3ceab22a763dbbf9b0c1bd15a6214cf3280e2c2dde4580f9?s=96&d=mm&r=g","caption":"admin"},"sameAs":["https:\/\/lobosnews.com.ar"],"url":"https:\/\/lobosnews.com.ar\/index.php\/author\/lobos-news\/"}]}},"jetpack_featured_media_url":"","jetpack_sharing_enabled":true,"_links":{"self":[{"href":"https:\/\/lobosnews.com.ar\/index.php\/wp-json\/wp\/v2\/posts\/34119","targetHints":{"allow":["GET"]}}],"collection":[{"href":"https:\/\/lobosnews.com.ar\/index.php\/wp-json\/wp\/v2\/posts"}],"about":[{"href":"https:\/\/lobosnews.com.ar\/index.php\/wp-json\/wp\/v2\/types\/post"}],"author":[{"embeddable":true,"href":"https:\/\/lobosnews.com.ar\/index.php\/wp-json\/wp\/v2\/users\/1"}],"replies":[{"embeddable":true,"href":"https:\/\/lobosnews.com.ar\/index.php\/wp-json\/wp\/v2\/comments?post=34119"}],"version-history":[{"count":1,"href":"https:\/\/lobosnews.com.ar\/index.php\/wp-json\/wp\/v2\/posts\/34119\/revisions"}],"predecessor-version":[{"id":34128,"href":"https:\/\/lobosnews.com.ar\/index.php\/wp-json\/wp\/v2\/posts\/34119\/revisions\/34128"}],"wp:attachment":[{"href":"https:\/\/lobosnews.com.ar\/index.php\/wp-json\/wp\/v2\/media?parent=34119"}],"wp:term":[{"taxonomy":"category","embeddable":true,"href":"https:\/\/lobosnews.com.ar\/index.php\/wp-json\/wp\/v2\/categories?post=34119"},{"taxonomy":"post_tag","embeddable":true,"href":"https:\/\/lobosnews.com.ar\/index.php\/wp-json\/wp\/v2\/tags?post=34119"}],"curies":[{"name":"wp","href":"https:\/\/api.w.org\/{rel}","templated":true}]}}