{"id":34085,"date":"2026-03-15T21:03:51","date_gmt":"2026-03-15T21:03:51","guid":{"rendered":"https:\/\/lobosnews.com.ar\/index.php\/2026\/03\/15\/rescataron-a-un-hombre-que-cayo-a-un-canal-en-pleno-centro-de-cordoba\/"},"modified":"2026-03-16T00:46:59","modified_gmt":"2026-03-16T00:46:59","slug":"rescataron-a-un-hombre-que-cayo-a-un-canal-en-pleno-centro-de-cordoba","status":"publish","type":"post","link":"https:\/\/lobosnews.com.ar\/index.php\/2026\/03\/15\/rescataron-a-un-hombre-que-cayo-a-un-canal-en-pleno-centro-de-cordoba\/","title":{"rendered":"Rescataron a un hombre que cay\u00f3 a un canal en pleno centro de C\u00f3rdoba"},"content":{"rendered":"<p>La intensa actividad nocturna en pleno centro de <span class=\"waslinkname\"><b>C\u00f3rdoba<\/b><\/span> se vio interrumpida cuando un despliegue de emergencia se activ\u00f3 en la zona de <b>La Ca\u00f1ada<\/b>, en la intersecci\u00f3n de <b>avenida Figueroa Alcorta<\/b> y <b>Santa Rosa<\/b>. El operativo, a cargo del <b>Departamento de Unidades de Alto Riesgo (DUAR)<\/b>, logr\u00f3 <b>rescatar a un hombre que cay\u00f3 desde altura al cauce del canal<\/b>. El episodio, que mantuvo la atenci\u00f3n de la zona durante varios minutos, deriv\u00f3 en el inmediato traslado del afectado al hospital.<\/p>\n<p>Personal del <b>DUAR<\/b> arrib\u00f3 tras la alerta y aplic\u00f3 un sistema especial de <b>camilla-escalera<\/b> para alcanzar al hombre, quien se hallaba en el interior del canal con lesiones de consideraci\u00f3n. En coordinaci\u00f3n con el <b>servicio de emergencias<\/b>, los efectivos completaron la extracci\u00f3n del individuo y brindaron la primera asistencia m\u00e9dica en el lugar.<\/p>\n<p>Seg\u00fan precisaron personas involucradas en el operativo, la v\u00edctima sufri\u00f3 <b>traumatismo de cr\u00e1neo<\/b> y <b>politraumatismos en brazos y piernas<\/b> como consecuencia de la ca\u00edda. Los primeros ex\u00e1menes m\u00e9dicos verificaron este diagn\u00f3stico y determinaron la necesidad de un traslado urgente al <b>Hospital de Urgencias<\/b>. <\/p>\n<p>Las fuentes policiales agregaron que, pese al impacto, el hombre se encontraba en estado de conciencia al momento de ser rescatado, aunque no pudo ser identificado debido a la seriedad de sus heridas.<\/p>\n<p><img loading=\"lazy\" decoding=\"async\" src=\"https:\/\/lobosnews.com.ar\/wp-content\/uploads\/2026\/03\/rescataron-a-un-hombre-que-cayo-a-un-canal-en-pleno-centro-de-cordoba.jpg\" alt=\"La v\u00edctima, quien no pudo ser identificada por sus heridas, fue trasladada tras el rescate\" height=\"506\" width=\"900\"\/><\/p>\n<p>El accionar conjunto entre los equipos de <b>DUAR<\/b> y el <b>Servicio de Emergencias<\/b> permiti\u00f3 asegurar la extracci\u00f3n del canal y la asistencia inmediata. Tras la intervenci\u00f3n, el afectado fue llevado al hospital para una evaluaci\u00f3n m\u00e9dica m\u00e1s completa, quedando bajo supervisi\u00f3n de los profesionales de salud. <\/p>\n<p>Las autoridades no aportaron detalles sobre las causas que motivaron la ca\u00edda y se aguarda la evoluci\u00f3n cl\u00ednica para avanzar en la identificaci\u00f3n y en la reconstrucci\u00f3n del hecho.<\/p>\n<p>Seg\u00fan fuentes del caso, la utilizaci\u00f3n de recursos espec\u00edficos como la <b>camilla-escalera<\/b> result\u00f3 determinante para concretar la maniobra de rescate en un tramo de dif\u00edcil acceso. <\/p>\n<p>El despliegue policial y la intervenci\u00f3n de los servicios de salud garantizaron la atenci\u00f3n primaria en el escenario y la derivaci\u00f3n del paciente al centro asistencial, sin que se conocieran versiones oficiales sobre las circunstancias previas al incidente.<\/p>\n<h2>Rescataron a dos j\u00f3venes que quedaron atrapados en un acantilado del Ca\u00f1on del Atuel<\/h2>\n<p><img loading=\"lazy\" decoding=\"async\" src=\"https:\/\/lobosnews.com.ar\/wp-content\/uploads\/2026\/03\/rescataron-a-un-hombre-que-cayo-a-un-canal-en-pleno-centro-de-cordoba-1.jpg\" alt=\"J\u00f3venes esperan ser rescatados tras quedar varados en un acantilado del Ca\u00f1\u00f3n del Atuel, cerca de El Nihuil, en un operativo de emergencia. (Los Andes)\" height=\"1184\" width=\"1776\"\/><\/p>\n<p>Dos j\u00f3venes quedaron atrapados este \u00faltimo lunes por la tarde mientras practicaban descenso con sogas en <span class=\"waslinkname\">el <b>Ca\u00f1\u00f3n del Atuel<\/b><\/span>, en el departamento de <b>San Rafael<\/b>, provincia de<b> Mendoza<\/b>.<\/p>\n<p>El incidente se produjo alrededor de las 18, cuando un <b>llamado al 911 <\/b>alert\u00f3 sobre una voz que solicitaba auxilio desde un <b>acantilado de la Ruta 180<\/b>, en el sector conocido como <b>Garganta del Diablo<\/b>, en la localidad de <b>El Nihuil<\/b>.<\/p>\n<p>El operativo desplegado involucr\u00f3 a personal especializado en rescate,<b> la Unidad VANT<\/b> (drones), <b>efectivos de la<\/b> <b>Polic\u00eda Rural<\/b> y de la <b>Subcomisar\u00eda Rama Ca\u00edda<\/b>, as\u00ed como <b>agentes del Destacamento El Nihuil<\/b>, quienes aseguraron el per\u00edmetro para facilitar el trabajo de los rescatistas y evitar nuevos incidentes.<\/p>\n<p>Seg\u00fan informaron fuentes policiales,<b> los dos j\u00f3venes realizaban actividades recreativas de descenso<\/b> en la zona de acantilados del ca\u00f1\u00f3n. Durante la maniobra, <b>uno de ellos perdi\u00f3 el control y cay\u00f3 hasta el fondo del barranco,<\/b> mientras que el otro qued\u00f3 suspendido a una altura aproximada de <b>25 metros<\/b>, sin posibilidad de ascender ni descender por sus propios medios.<\/p>\n<p>El primer joven rescatado fue identificado como <b>Q. F. L., de 19 a\u00f1os<\/b>, quien relat\u00f3 que ambos hab\u00edan comenzado el descenso alrededor de las 16 horas. El joven fue asistido en el lugar por personal del Centro de Salud y posteriormente trasladado a un hospital para su control m\u00e9dico.<\/p>\n<p>Las tareas de rescate continuaron hasta lograr extraer a <b>A. A. J., de 20 a\u00f1os<\/b>, quien hab\u00eda sufrido politraumatismos a ra\u00edz de la ca\u00edda y fue trasladado de inmediato a un centro de salud para recibir atenci\u00f3n especializada.<\/p>\n<p>Seg\u00fan inform\u00f3 el portal del diario<i> Los Andes<\/i>, durante el operativo, se emplearon t\u00e9cnicas de descenso y ascenso por cuerda, y se utilizaron dispositivos de seguridad para garantizar la integridad del personal y de los j\u00f3venes atrapados. La intervenci\u00f3n se extendi\u00f3 durante varias horas debido a la complejidad topogr\u00e1fica de la zona y a la necesidad de evitar cualquier desplazamiento peligroso.<\/p>\n","protected":false},"excerpt":{"rendered":"<p>La intensa actividad nocturna en pleno centro de C\u00f3rdoba se vio interrumpida cuando un despliegue de emergencia se activ\u00f3 en la zona de La Ca\u00f1ada, en la intersecci\u00f3n de avenida Figueroa Alcorta y Santa Rosa. El operativo, a cargo del Departamento de Unidades de Alto Riesgo (DUAR), logr\u00f3 rescatar a un hombre que cay\u00f3 desde&#8230;<\/p>\n","protected":false},"author":1,"featured_media":34089,"comment_status":"open","ping_status":"closed","sticky":false,"template":"","format":"standard","meta":{"_jetpack_memberships_contains_paid_content":false,"footnotes":""},"categories":[31,30,32,77,84,35,36,37],"tags":[],"class_list":["post-34085","post","type-post","status-publish","format-standard","has-post-thumbnail","hentry","category-actualidad","category-argentina","category-economia","category-inseguridad","category-masradios-com","category-nacionales","category-seguridad","category-sociedad"],"magazineBlocksPostFeaturedMedia":{"thumbnail":"https:\/\/lobosnews.com.ar\/wp-content\/uploads\/2026\/03\/rescataron-a-un-hombre-que-cayo-a-un-canal-en-pleno-centro-de-cordoba-2-150x150.jpg","medium":"https:\/\/lobosnews.com.ar\/wp-content\/uploads\/2026\/03\/rescataron-a-un-hombre-que-cayo-a-un-canal-en-pleno-centro-de-cordoba-2-300x200.jpg","medium_large":"https:\/\/lobosnews.com.ar\/wp-content\/uploads\/2026\/03\/rescataron-a-un-hombre-que-cayo-a-un-canal-en-pleno-centro-de-cordoba-2-768x512.jpg","large":"https:\/\/lobosnews.com.ar\/wp-content\/uploads\/2026\/03\/rescataron-a-un-hombre-que-cayo-a-un-canal-en-pleno-centro-de-cordoba-2-1024x683.jpg","1536x1536":"https:\/\/lobosnews.com.ar\/wp-content\/uploads\/2026\/03\/rescataron-a-un-hombre-que-cayo-a-un-canal-en-pleno-centro-de-cordoba-2-1536x1024.jpg","2048x2048":"https:\/\/lobosnews.com.ar\/wp-content\/uploads\/2026\/03\/rescataron-a-un-hombre-que-cayo-a-un-canal-en-pleno-centro-de-cordoba-2.jpg","newsmatic-featured":"https:\/\/lobosnews.com.ar\/wp-content\/uploads\/2026\/03\/rescataron-a-un-hombre-que-cayo-a-un-canal-en-pleno-centro-de-cordoba-2-820x545.jpg","newsmatic-list":"https:\/\/lobosnews.com.ar\/wp-content\/uploads\/2026\/03\/rescataron-a-un-hombre-que-cayo-a-un-canal-en-pleno-centro-de-cordoba-2-600x400.jpg","newsmatic-thumb":"https:\/\/lobosnews.com.ar\/wp-content\/uploads\/2026\/03\/rescataron-a-un-hombre-que-cayo-a-un-canal-en-pleno-centro-de-cordoba-2-300x200.jpg","newsmatic-small":"https:\/\/lobosnews.com.ar\/wp-content\/uploads\/2026\/03\/rescataron-a-un-hombre-que-cayo-a-un-canal-en-pleno-centro-de-cordoba-2-150x95.jpg","newsmatic-grid":"https:\/\/lobosnews.com.ar\/wp-content\/uploads\/2026\/03\/rescataron-a-un-hombre-que-cayo-a-un-canal-en-pleno-centro-de-cordoba-2-400x250.jpg"},"magazineBlocksPostAuthor":{"name":"admin","avatar":"https:\/\/secure.gravatar.com\/avatar\/76e419471a2083bc3ceab22a763dbbf9b0c1bd15a6214cf3280e2c2dde4580f9?s=96&d=mm&r=g"},"magazineBlocksPostCommentsNumber":"0","magazineBlocksPostExcerpt":"La intensa actividad nocturna en pleno centro de C\u00f3rdoba se vio interrumpida cuando un despliegue de emergencia se activ\u00f3 en la zona de La Ca\u00f1ada, en la intersecci\u00f3n de avenida Figueroa Alcorta y Santa Rosa. El operativo, a cargo del Departamento de Unidades de Alto Riesgo (DUAR), logr\u00f3 rescatar a un hombre que cay\u00f3 desde...","magazineBlocksPostCategories":["Actualidad","Argentina","econom\u00eda","inseguridad","masradios.com","nacionales","seguridad","sociedad"],"magazineBlocksPostViewCount":101,"magazineBlocksPostReadTime":4,"magazine_blocks_featured_image_url":{"full":["https:\/\/lobosnews.com.ar\/wp-content\/uploads\/2026\/03\/rescataron-a-un-hombre-que-cayo-a-un-canal-en-pleno-centro-de-cordoba-2.jpg",1776,1184,false],"medium":["https:\/\/lobosnews.com.ar\/wp-content\/uploads\/2026\/03\/rescataron-a-un-hombre-que-cayo-a-un-canal-en-pleno-centro-de-cordoba-2-300x200.jpg",300,200,true],"thumbnail":["https:\/\/lobosnews.com.ar\/wp-content\/uploads\/2026\/03\/rescataron-a-un-hombre-que-cayo-a-un-canal-en-pleno-centro-de-cordoba-2-150x150.jpg",150,150,true]},"magazine_blocks_author":{"display_name":"admin","author_link":"https:\/\/lobosnews.com.ar\/index.php\/author\/lobos-news\/"},"magazine_blocks_comment":0,"magazine_blocks_author_image":"https:\/\/secure.gravatar.com\/avatar\/76e419471a2083bc3ceab22a763dbbf9b0c1bd15a6214cf3280e2c2dde4580f9?s=96&d=mm&r=g","magazine_blocks_category":"<a href=\"#\" class=\"category-link category-link-31\">Actualidad<\/a> <a href=\"#\" class=\"category-link category-link-30\">Argentina<\/a> <a href=\"#\" class=\"category-link category-link-32\">econom\u00eda<\/a> <a href=\"#\" class=\"category-link category-link-77\">inseguridad<\/a> <a href=\"#\" class=\"category-link category-link-84\">masradios.com<\/a> <a href=\"#\" class=\"category-link category-link-35\">nacionales<\/a> <a href=\"#\" class=\"category-link category-link-36\">seguridad<\/a> <a href=\"#\" class=\"category-link category-link-37\">sociedad<\/a>","yoast_head":"<!-- This site is optimized with the Yoast SEO plugin v26.6 - https:\/\/yoast.com\/wordpress\/plugins\/seo\/ -->\n<title>Rescataron a un hombre que cay\u00f3 a un canal en pleno centro de C\u00f3rdoba - Lobos News<\/title>\n<meta name=\"robots\" content=\"index, follow, max-snippet:-1, max-image-preview:large, max-video-preview:-1\" \/>\n<link rel=\"canonical\" href=\"https:\/\/lobosnews.com.ar\/index.php\/2026\/03\/15\/rescataron-a-un-hombre-que-cayo-a-un-canal-en-pleno-centro-de-cordoba\/\" \/>\n<meta property=\"og:locale\" content=\"es_ES\" \/>\n<meta property=\"og:type\" content=\"article\" \/>\n<meta property=\"og:title\" content=\"Rescataron a un hombre que cay\u00f3 a un canal en pleno centro de C\u00f3rdoba - Lobos News\" \/>\n<meta property=\"og:description\" content=\"La intensa actividad nocturna en pleno centro de C\u00f3rdoba se vio interrumpida cuando un despliegue de emergencia se activ\u00f3 en la zona de La Ca\u00f1ada, en la intersecci\u00f3n de avenida Figueroa Alcorta y Santa Rosa. El operativo, a cargo del Departamento de Unidades de Alto Riesgo (DUAR), logr\u00f3 rescatar a un hombre que cay\u00f3 desde...\" \/>\n<meta property=\"og:url\" content=\"https:\/\/lobosnews.com.ar\/index.php\/2026\/03\/15\/rescataron-a-un-hombre-que-cayo-a-un-canal-en-pleno-centro-de-cordoba\/\" \/>\n<meta property=\"og:site_name\" content=\"Lobos News\" \/>\n<meta property=\"article:published_time\" content=\"2026-03-15T21:03:51+00:00\" \/>\n<meta property=\"article:modified_time\" content=\"2026-03-16T00:46:59+00:00\" \/>\n<meta property=\"og:image\" content=\"https:\/\/lobosnews.com.ar\/wp-content\/uploads\/2026\/03\/rescataron-a-un-hombre-que-cayo-a-un-canal-en-pleno-centro-de-cordoba.jpg\" \/>\n<meta name=\"author\" content=\"admin\" \/>\n<meta name=\"twitter:card\" content=\"summary_large_image\" \/>\n<meta name=\"twitter:label1\" content=\"Escrito por\" \/>\n\t<meta name=\"twitter:data1\" content=\"admin\" \/>\n\t<meta name=\"twitter:label2\" content=\"Tiempo de lectura\" \/>\n\t<meta name=\"twitter:data2\" content=\"4 minutos\" \/>\n<script type=\"application\/ld+json\" class=\"yoast-schema-graph\">{\"@context\":\"https:\/\/schema.org\",\"@graph\":[{\"@type\":\"Article\",\"@id\":\"https:\/\/lobosnews.com.ar\/index.php\/2026\/03\/15\/rescataron-a-un-hombre-que-cayo-a-un-canal-en-pleno-centro-de-cordoba\/#article\",\"isPartOf\":{\"@id\":\"https:\/\/lobosnews.com.ar\/index.php\/2026\/03\/15\/rescataron-a-un-hombre-que-cayo-a-un-canal-en-pleno-centro-de-cordoba\/\"},\"author\":{\"name\":\"admin\",\"@id\":\"https:\/\/lobosnews.com.ar\/#\/schema\/person\/232422a593d5c541dd9aef6aaed10943\"},\"headline\":\"Rescataron a un hombre que cay\u00f3 a un canal en pleno centro de C\u00f3rdoba\",\"datePublished\":\"2026-03-15T21:03:51+00:00\",\"dateModified\":\"2026-03-16T00:46:59+00:00\",\"mainEntityOfPage\":{\"@id\":\"https:\/\/lobosnews.com.ar\/index.php\/2026\/03\/15\/rescataron-a-un-hombre-que-cayo-a-un-canal-en-pleno-centro-de-cordoba\/\"},\"wordCount\":750,\"commentCount\":0,\"publisher\":{\"@id\":\"https:\/\/lobosnews.com.ar\/#organization\"},\"image\":{\"@id\":\"https:\/\/lobosnews.com.ar\/index.php\/2026\/03\/15\/rescataron-a-un-hombre-que-cayo-a-un-canal-en-pleno-centro-de-cordoba\/#primaryimage\"},\"thumbnailUrl\":\"https:\/\/lobosnews.com.ar\/wp-content\/uploads\/2026\/03\/rescataron-a-un-hombre-que-cayo-a-un-canal-en-pleno-centro-de-cordoba-2.jpg\",\"articleSection\":[\"Actualidad\",\"Argentina\",\"econom\u00eda\",\"inseguridad\",\"masradios.com\",\"nacionales\",\"seguridad\",\"sociedad\"],\"inLanguage\":\"es\",\"potentialAction\":[{\"@type\":\"CommentAction\",\"name\":\"Comment\",\"target\":[\"https:\/\/lobosnews.com.ar\/index.php\/2026\/03\/15\/rescataron-a-un-hombre-que-cayo-a-un-canal-en-pleno-centro-de-cordoba\/#respond\"]}]},{\"@type\":\"WebPage\",\"@id\":\"https:\/\/lobosnews.com.ar\/index.php\/2026\/03\/15\/rescataron-a-un-hombre-que-cayo-a-un-canal-en-pleno-centro-de-cordoba\/\",\"url\":\"https:\/\/lobosnews.com.ar\/index.php\/2026\/03\/15\/rescataron-a-un-hombre-que-cayo-a-un-canal-en-pleno-centro-de-cordoba\/\",\"name\":\"Rescataron a un hombre que cay\u00f3 a un canal en pleno centro de C\u00f3rdoba - Lobos News\",\"isPartOf\":{\"@id\":\"https:\/\/lobosnews.com.ar\/#website\"},\"primaryImageOfPage\":{\"@id\":\"https:\/\/lobosnews.com.ar\/index.php\/2026\/03\/15\/rescataron-a-un-hombre-que-cayo-a-un-canal-en-pleno-centro-de-cordoba\/#primaryimage\"},\"image\":{\"@id\":\"https:\/\/lobosnews.com.ar\/index.php\/2026\/03\/15\/rescataron-a-un-hombre-que-cayo-a-un-canal-en-pleno-centro-de-cordoba\/#primaryimage\"},\"thumbnailUrl\":\"https:\/\/lobosnews.com.ar\/wp-content\/uploads\/2026\/03\/rescataron-a-un-hombre-que-cayo-a-un-canal-en-pleno-centro-de-cordoba-2.jpg\",\"datePublished\":\"2026-03-15T21:03:51+00:00\",\"dateModified\":\"2026-03-16T00:46:59+00:00\",\"breadcrumb\":{\"@id\":\"https:\/\/lobosnews.com.ar\/index.php\/2026\/03\/15\/rescataron-a-un-hombre-que-cayo-a-un-canal-en-pleno-centro-de-cordoba\/#breadcrumb\"},\"inLanguage\":\"es\",\"potentialAction\":[{\"@type\":\"ReadAction\",\"target\":[\"https:\/\/lobosnews.com.ar\/index.php\/2026\/03\/15\/rescataron-a-un-hombre-que-cayo-a-un-canal-en-pleno-centro-de-cordoba\/\"]}]},{\"@type\":\"ImageObject\",\"inLanguage\":\"es\",\"@id\":\"https:\/\/lobosnews.com.ar\/index.php\/2026\/03\/15\/rescataron-a-un-hombre-que-cayo-a-un-canal-en-pleno-centro-de-cordoba\/#primaryimage\",\"url\":\"https:\/\/lobosnews.com.ar\/wp-content\/uploads\/2026\/03\/rescataron-a-un-hombre-que-cayo-a-un-canal-en-pleno-centro-de-cordoba-2.jpg\",\"contentUrl\":\"https:\/\/lobosnews.com.ar\/wp-content\/uploads\/2026\/03\/rescataron-a-un-hombre-que-cayo-a-un-canal-en-pleno-centro-de-cordoba-2.jpg\",\"width\":1776,\"height\":1184,\"caption\":\"Rescataron a un hombre que cay\u00f3 a un canal en pleno centro de C\u00f3rdoba\"},{\"@type\":\"BreadcrumbList\",\"@id\":\"https:\/\/lobosnews.com.ar\/index.php\/2026\/03\/15\/rescataron-a-un-hombre-que-cayo-a-un-canal-en-pleno-centro-de-cordoba\/#breadcrumb\",\"itemListElement\":[{\"@type\":\"ListItem\",\"position\":1,\"name\":\"Portada\",\"item\":\"https:\/\/lobosnews.com.ar\/\"},{\"@type\":\"ListItem\",\"position\":2,\"name\":\"Rescataron a un hombre que cay\u00f3 a un canal en pleno centro de C\u00f3rdoba\"}]},{\"@type\":\"WebSite\",\"@id\":\"https:\/\/lobosnews.com.ar\/#website\",\"url\":\"https:\/\/lobosnews.com.ar\/\",\"name\":\"Lobos News\",\"description\":\"Informaci\u00f3n a cada instante\",\"publisher\":{\"@id\":\"https:\/\/lobosnews.com.ar\/#organization\"},\"potentialAction\":[{\"@type\":\"SearchAction\",\"target\":{\"@type\":\"EntryPoint\",\"urlTemplate\":\"https:\/\/lobosnews.com.ar\/?s={search_term_string}\"},\"query-input\":{\"@type\":\"PropertyValueSpecification\",\"valueRequired\":true,\"valueName\":\"search_term_string\"}}],\"inLanguage\":\"es\"},{\"@type\":\"Organization\",\"@id\":\"https:\/\/lobosnews.com.ar\/#organization\",\"name\":\"Lobos News\",\"url\":\"https:\/\/lobosnews.com.ar\/\",\"logo\":{\"@type\":\"ImageObject\",\"inLanguage\":\"es\",\"@id\":\"https:\/\/lobosnews.com.ar\/#\/schema\/logo\/image\/\",\"url\":\"https:\/\/lobosnews.com.ar\/wp-content\/uploads\/2026\/01\/logo-lobosnews.png\",\"contentUrl\":\"https:\/\/lobosnews.com.ar\/wp-content\/uploads\/2026\/01\/logo-lobosnews.png\",\"width\":500,\"height\":200,\"caption\":\"Lobos News\"},\"image\":{\"@id\":\"https:\/\/lobosnews.com.ar\/#\/schema\/logo\/image\/\"}},{\"@type\":\"Person\",\"@id\":\"https:\/\/lobosnews.com.ar\/#\/schema\/person\/232422a593d5c541dd9aef6aaed10943\",\"name\":\"admin\",\"image\":{\"@type\":\"ImageObject\",\"inLanguage\":\"es\",\"@id\":\"https:\/\/lobosnews.com.ar\/#\/schema\/person\/image\/\",\"url\":\"https:\/\/secure.gravatar.com\/avatar\/76e419471a2083bc3ceab22a763dbbf9b0c1bd15a6214cf3280e2c2dde4580f9?s=96&d=mm&r=g\",\"contentUrl\":\"https:\/\/secure.gravatar.com\/avatar\/76e419471a2083bc3ceab22a763dbbf9b0c1bd15a6214cf3280e2c2dde4580f9?s=96&d=mm&r=g\",\"caption\":\"admin\"},\"sameAs\":[\"https:\/\/lobosnews.com.ar\"],\"url\":\"https:\/\/lobosnews.com.ar\/index.php\/author\/lobos-news\/\"}]}<\/script>\n<!-- \/ Yoast SEO plugin. -->","yoast_head_json":{"title":"Rescataron a un hombre que cay\u00f3 a un canal en pleno centro de C\u00f3rdoba - Lobos News","robots":{"index":"index","follow":"follow","max-snippet":"max-snippet:-1","max-image-preview":"max-image-preview:large","max-video-preview":"max-video-preview:-1"},"canonical":"https:\/\/lobosnews.com.ar\/index.php\/2026\/03\/15\/rescataron-a-un-hombre-que-cayo-a-un-canal-en-pleno-centro-de-cordoba\/","og_locale":"es_ES","og_type":"article","og_title":"Rescataron a un hombre que cay\u00f3 a un canal en pleno centro de C\u00f3rdoba - Lobos News","og_description":"La intensa actividad nocturna en pleno centro de C\u00f3rdoba se vio interrumpida cuando un despliegue de emergencia se activ\u00f3 en la zona de La Ca\u00f1ada, en la intersecci\u00f3n de avenida Figueroa Alcorta y Santa Rosa. El operativo, a cargo del Departamento de Unidades de Alto Riesgo (DUAR), logr\u00f3 rescatar a un hombre que cay\u00f3 desde...","og_url":"https:\/\/lobosnews.com.ar\/index.php\/2026\/03\/15\/rescataron-a-un-hombre-que-cayo-a-un-canal-en-pleno-centro-de-cordoba\/","og_site_name":"Lobos News","article_published_time":"2026-03-15T21:03:51+00:00","article_modified_time":"2026-03-16T00:46:59+00:00","og_image":[{"url":"https:\/\/lobosnews.com.ar\/wp-content\/uploads\/2026\/03\/rescataron-a-un-hombre-que-cayo-a-un-canal-en-pleno-centro-de-cordoba.jpg","type":"","width":"","height":""}],"author":"admin","twitter_card":"summary_large_image","twitter_misc":{"Escrito por":"admin","Tiempo de lectura":"4 minutos"},"schema":{"@context":"https:\/\/schema.org","@graph":[{"@type":"Article","@id":"https:\/\/lobosnews.com.ar\/index.php\/2026\/03\/15\/rescataron-a-un-hombre-que-cayo-a-un-canal-en-pleno-centro-de-cordoba\/#article","isPartOf":{"@id":"https:\/\/lobosnews.com.ar\/index.php\/2026\/03\/15\/rescataron-a-un-hombre-que-cayo-a-un-canal-en-pleno-centro-de-cordoba\/"},"author":{"name":"admin","@id":"https:\/\/lobosnews.com.ar\/#\/schema\/person\/232422a593d5c541dd9aef6aaed10943"},"headline":"Rescataron a un hombre que cay\u00f3 a un canal en pleno centro de C\u00f3rdoba","datePublished":"2026-03-15T21:03:51+00:00","dateModified":"2026-03-16T00:46:59+00:00","mainEntityOfPage":{"@id":"https:\/\/lobosnews.com.ar\/index.php\/2026\/03\/15\/rescataron-a-un-hombre-que-cayo-a-un-canal-en-pleno-centro-de-cordoba\/"},"wordCount":750,"commentCount":0,"publisher":{"@id":"https:\/\/lobosnews.com.ar\/#organization"},"image":{"@id":"https:\/\/lobosnews.com.ar\/index.php\/2026\/03\/15\/rescataron-a-un-hombre-que-cayo-a-un-canal-en-pleno-centro-de-cordoba\/#primaryimage"},"thumbnailUrl":"https:\/\/lobosnews.com.ar\/wp-content\/uploads\/2026\/03\/rescataron-a-un-hombre-que-cayo-a-un-canal-en-pleno-centro-de-cordoba-2.jpg","articleSection":["Actualidad","Argentina","econom\u00eda","inseguridad","masradios.com","nacionales","seguridad","sociedad"],"inLanguage":"es","potentialAction":[{"@type":"CommentAction","name":"Comment","target":["https:\/\/lobosnews.com.ar\/index.php\/2026\/03\/15\/rescataron-a-un-hombre-que-cayo-a-un-canal-en-pleno-centro-de-cordoba\/#respond"]}]},{"@type":"WebPage","@id":"https:\/\/lobosnews.com.ar\/index.php\/2026\/03\/15\/rescataron-a-un-hombre-que-cayo-a-un-canal-en-pleno-centro-de-cordoba\/","url":"https:\/\/lobosnews.com.ar\/index.php\/2026\/03\/15\/rescataron-a-un-hombre-que-cayo-a-un-canal-en-pleno-centro-de-cordoba\/","name":"Rescataron a un hombre que cay\u00f3 a un canal en pleno centro de C\u00f3rdoba - Lobos News","isPartOf":{"@id":"https:\/\/lobosnews.com.ar\/#website"},"primaryImageOfPage":{"@id":"https:\/\/lobosnews.com.ar\/index.php\/2026\/03\/15\/rescataron-a-un-hombre-que-cayo-a-un-canal-en-pleno-centro-de-cordoba\/#primaryimage"},"image":{"@id":"https:\/\/lobosnews.com.ar\/index.php\/2026\/03\/15\/rescataron-a-un-hombre-que-cayo-a-un-canal-en-pleno-centro-de-cordoba\/#primaryimage"},"thumbnailUrl":"https:\/\/lobosnews.com.ar\/wp-content\/uploads\/2026\/03\/rescataron-a-un-hombre-que-cayo-a-un-canal-en-pleno-centro-de-cordoba-2.jpg","datePublished":"2026-03-15T21:03:51+00:00","dateModified":"2026-03-16T00:46:59+00:00","breadcrumb":{"@id":"https:\/\/lobosnews.com.ar\/index.php\/2026\/03\/15\/rescataron-a-un-hombre-que-cayo-a-un-canal-en-pleno-centro-de-cordoba\/#breadcrumb"},"inLanguage":"es","potentialAction":[{"@type":"ReadAction","target":["https:\/\/lobosnews.com.ar\/index.php\/2026\/03\/15\/rescataron-a-un-hombre-que-cayo-a-un-canal-en-pleno-centro-de-cordoba\/"]}]},{"@type":"ImageObject","inLanguage":"es","@id":"https:\/\/lobosnews.com.ar\/index.php\/2026\/03\/15\/rescataron-a-un-hombre-que-cayo-a-un-canal-en-pleno-centro-de-cordoba\/#primaryimage","url":"https:\/\/lobosnews.com.ar\/wp-content\/uploads\/2026\/03\/rescataron-a-un-hombre-que-cayo-a-un-canal-en-pleno-centro-de-cordoba-2.jpg","contentUrl":"https:\/\/lobosnews.com.ar\/wp-content\/uploads\/2026\/03\/rescataron-a-un-hombre-que-cayo-a-un-canal-en-pleno-centro-de-cordoba-2.jpg","width":1776,"height":1184,"caption":"Rescataron a un hombre que cay\u00f3 a un canal en pleno centro de C\u00f3rdoba"},{"@type":"BreadcrumbList","@id":"https:\/\/lobosnews.com.ar\/index.php\/2026\/03\/15\/rescataron-a-un-hombre-que-cayo-a-un-canal-en-pleno-centro-de-cordoba\/#breadcrumb","itemListElement":[{"@type":"ListItem","position":1,"name":"Portada","item":"https:\/\/lobosnews.com.ar\/"},{"@type":"ListItem","position":2,"name":"Rescataron a un hombre que cay\u00f3 a un canal en pleno centro de C\u00f3rdoba"}]},{"@type":"WebSite","@id":"https:\/\/lobosnews.com.ar\/#website","url":"https:\/\/lobosnews.com.ar\/","name":"Lobos News","description":"Informaci\u00f3n a cada instante","publisher":{"@id":"https:\/\/lobosnews.com.ar\/#organization"},"potentialAction":[{"@type":"SearchAction","target":{"@type":"EntryPoint","urlTemplate":"https:\/\/lobosnews.com.ar\/?s={search_term_string}"},"query-input":{"@type":"PropertyValueSpecification","valueRequired":true,"valueName":"search_term_string"}}],"inLanguage":"es"},{"@type":"Organization","@id":"https:\/\/lobosnews.com.ar\/#organization","name":"Lobos News","url":"https:\/\/lobosnews.com.ar\/","logo":{"@type":"ImageObject","inLanguage":"es","@id":"https:\/\/lobosnews.com.ar\/#\/schema\/logo\/image\/","url":"https:\/\/lobosnews.com.ar\/wp-content\/uploads\/2026\/01\/logo-lobosnews.png","contentUrl":"https:\/\/lobosnews.com.ar\/wp-content\/uploads\/2026\/01\/logo-lobosnews.png","width":500,"height":200,"caption":"Lobos News"},"image":{"@id":"https:\/\/lobosnews.com.ar\/#\/schema\/logo\/image\/"}},{"@type":"Person","@id":"https:\/\/lobosnews.com.ar\/#\/schema\/person\/232422a593d5c541dd9aef6aaed10943","name":"admin","image":{"@type":"ImageObject","inLanguage":"es","@id":"https:\/\/lobosnews.com.ar\/#\/schema\/person\/image\/","url":"https:\/\/secure.gravatar.com\/avatar\/76e419471a2083bc3ceab22a763dbbf9b0c1bd15a6214cf3280e2c2dde4580f9?s=96&d=mm&r=g","contentUrl":"https:\/\/secure.gravatar.com\/avatar\/76e419471a2083bc3ceab22a763dbbf9b0c1bd15a6214cf3280e2c2dde4580f9?s=96&d=mm&r=g","caption":"admin"},"sameAs":["https:\/\/lobosnews.com.ar"],"url":"https:\/\/lobosnews.com.ar\/index.php\/author\/lobos-news\/"}]}},"jetpack_featured_media_url":"https:\/\/lobosnews.com.ar\/wp-content\/uploads\/2026\/03\/rescataron-a-un-hombre-que-cayo-a-un-canal-en-pleno-centro-de-cordoba-2.jpg","jetpack_sharing_enabled":true,"_links":{"self":[{"href":"https:\/\/lobosnews.com.ar\/index.php\/wp-json\/wp\/v2\/posts\/34085","targetHints":{"allow":["GET"]}}],"collection":[{"href":"https:\/\/lobosnews.com.ar\/index.php\/wp-json\/wp\/v2\/posts"}],"about":[{"href":"https:\/\/lobosnews.com.ar\/index.php\/wp-json\/wp\/v2\/types\/post"}],"author":[{"embeddable":true,"href":"https:\/\/lobosnews.com.ar\/index.php\/wp-json\/wp\/v2\/users\/1"}],"replies":[{"embeddable":true,"href":"https:\/\/lobosnews.com.ar\/index.php\/wp-json\/wp\/v2\/comments?post=34085"}],"version-history":[{"count":1,"href":"https:\/\/lobosnews.com.ar\/index.php\/wp-json\/wp\/v2\/posts\/34085\/revisions"}],"predecessor-version":[{"id":34088,"href":"https:\/\/lobosnews.com.ar\/index.php\/wp-json\/wp\/v2\/posts\/34085\/revisions\/34088"}],"wp:featuredmedia":[{"embeddable":true,"href":"https:\/\/lobosnews.com.ar\/index.php\/wp-json\/wp\/v2\/media\/34089"}],"wp:attachment":[{"href":"https:\/\/lobosnews.com.ar\/index.php\/wp-json\/wp\/v2\/media?parent=34085"}],"wp:term":[{"taxonomy":"category","embeddable":true,"href":"https:\/\/lobosnews.com.ar\/index.php\/wp-json\/wp\/v2\/categories?post=34085"},{"taxonomy":"post_tag","embeddable":true,"href":"https:\/\/lobosnews.com.ar\/index.php\/wp-json\/wp\/v2\/tags?post=34085"}],"curies":[{"name":"wp","href":"https:\/\/api.w.org\/{rel}","templated":true}]}}