{"id":33994,"date":"2026-03-15T18:31:27","date_gmt":"2026-03-15T18:31:27","guid":{"rendered":"https:\/\/lobosnews.com.ar\/index.php\/2026\/03\/15\/una-revancha-entre-gervonta-davis-e-isaac-cruz-que-se-sabe-sobre-la-contienda-que-ya-sacude-al-boxeo-mundial\/"},"modified":"2026-03-15T20:57:31","modified_gmt":"2026-03-15T20:57:31","slug":"una-revancha-entre-gervonta-davis-e-isaac-cruz-que-se-sabe-sobre-la-contienda-que-ya-sacude-al-boxeo-mundial","status":"publish","type":"post","link":"https:\/\/lobosnews.com.ar\/index.php\/2026\/03\/15\/una-revancha-entre-gervonta-davis-e-isaac-cruz-que-se-sabe-sobre-la-contienda-que-ya-sacude-al-boxeo-mundial\/","title":{"rendered":"\u00bfUna revancha entre Gervonta Davis e Isaac Cruz? Qu\u00e9 se sabe sobre la contienda que ya sacude al boxeo mundial"},"content":{"rendered":"<p><img loading=\"lazy\" decoding=\"async\" src=\"https:\/\/lobosnews.com.ar\/wp-content\/uploads\/2026\/03\/una-revancha-entre-gervonta-davis-e-isaac-cruz-que-se-sabe-sobre-la-contienda-que-ya-sacude-al-boxeo-mundial.jpg\" alt=\"La revancha entre Gervonta Davis e Isaac \u2018Pitbull\u2019 Cruz definir\u00e1 el liderazgo en la cima de los superligeros del boxeo internacional\n(Credit Image: \u00a9 Ardie Crenshaw\/ZUMA Press Wire)\" height=\"3395\" width=\"4237\"\/><\/p>\n<p>La revancha entre <span class=\"waslinkname\"><b>Gervonta Davis<\/b><\/span> e <span class=\"waslinkname\"><b>Isaac \u201cPitbull\u201d Cruz<\/b><\/span> est\u00e1 m\u00e1s cerca que nunca y promete sacudir el verano del <span class=\"waslinkname\"><b>boxeo<\/b><\/span><b> internacional<\/b>. <\/p>\n<p>Ambos equipos negocian los \u00faltimos detalles para que la esperada pelea tome forma y, si todo sale como prev\u00e9n los promotores, el duelo podr\u00eda <b>redefinir la cima de los superligeros<\/b> y avivar una de las rivalidades m\u00e1s intensas del ring. <\/p>\n<h2>Un regreso con cuentas pendientes<\/h2>\n<p>Atr\u00e1s quedaron los meses de incertidumbre para <b>Gervonta Davis<\/b>. El estadounidense quiere volver a escena tras su <b>pol\u00e9mico empate<\/b> frente a <b>Lamont Roach Jr.<\/b> en <b>Brooklyn<\/b>, donde una ca\u00edda no sancionada por el \u00e1rbitro dej\u00f3 a la afici\u00f3n dividida. <\/p>\n<p><img loading=\"lazy\" decoding=\"async\" src=\"https:\/\/lobosnews.com.ar\/wp-content\/uploads\/2026\/03\/una-revancha-entre-gervonta-davis-e-isaac-cruz-que-se-sabe-sobre-la-contienda-que-ya-sacude-al-boxeo-mundial-1.jpg\" alt=\"Gervonta Davis busca limpiar su nombre tras el pol\u00e9mico empate contra Lamont Roach Jr. y recuperar el protagonismo perdido en la divisi\u00f3n\n(AP Foto\/Frank Franklin II)\" height=\"2928\" width=\"4391\"\/><\/p>\n<p>Seg\u00fan el portal estadounidense <i>Complex<\/i>, la revancha con <b>Cruz<\/b> ser\u00eda su primer combate desde aquella noche y se perfila como la oportunidad ideal para <b>limpiar su nombre<\/b> y <b>recuperar el liderazgo<\/b> perdido en la categor\u00eda.<\/p>\n<p>En la esquina opuesta, <b>Isaac Cruz<\/b> llega en el mejor momento de su carrera. El mexicano, actual <b>campe\u00f3n interino del Consejo Mundial de Boxeo (WBC)<\/b> en superligero, no solo busca revancha deportiva: quiere demostrar que est\u00e1 listo para <b>dominar la divisi\u00f3n<\/b> y que su crecimiento no es casualidad, sino resultado de trabajo y determinaci\u00f3n.<\/p>\n<h2>Una primera batalla para el recuerdo<\/h2>\n<p><img loading=\"lazy\" decoding=\"async\" src=\"https:\/\/lobosnews.com.ar\/wp-content\/uploads\/2026\/03\/una-revancha-entre-gervonta-davis-e-isaac-cruz-que-se-sabe-sobre-la-contienda-que-ya-sacude-al-boxeo-mundial-2.jpg\" alt=\"La primera batalla entre Davis y Cruz en diciembre de 2021 se resolvi\u00f3 por decisi\u00f3n un\u00e1nime y aviv\u00f3 una de las rivalidades m\u00e1s intensas del boxeo\n(Credit Image: \u00a9 Ardie Crenshaw\/ZUMA Press Wire)\" height=\"3318\" width=\"4141\"\/><\/p>\n<p>El antecedente inmediato entre ambos pugilistas data de <b>diciembre de 2021<\/b>. Aquella noche, <b>Davis<\/b> se llev\u00f3 la victoria por <b>decisi\u00f3n un\u00e1nime<\/b> tras doce asaltos de pura tensi\u00f3n. <\/p>\n<p><b>Cruz<\/b>, lejos de intimidarse, se consolid\u00f3 como un <b>rival feroz<\/b> y dej\u00f3 claro que pod\u00eda poner en aprietos al entonces campe\u00f3n. Desde ese choque, el mexicano ha sumado <b>victorias<\/b> y fortalecido su estatus internacional, mientras la afici\u00f3n espera ansiosa el <b>segundo round<\/b> entre ambos.<\/p>\n<p>Para <b>Davis<\/b>, el objetivo est\u00e1 claro: necesita un <b>triunfo convincente<\/b> para dejar atr\u00e1s meses de dudas y pol\u00e9micas. <b>Cruz<\/b>, en cambio, sabe que una victoria lo <b>catapultar\u00eda hacia el campeonato absoluto<\/b> y lo convertir\u00eda en referente de la divisi\u00f3n.<\/p>\n<h2>Problemas fuera del ring y desaf\u00edos legales<\/h2>\n<p><img loading=\"lazy\" decoding=\"async\" src=\"https:\/\/lobosnews.com.ar\/wp-content\/uploads\/2026\/03\/una-revancha-entre-gervonta-davis-e-isaac-cruz-que-se-sabe-sobre-la-contienda-que-ya-sacude-al-boxeo-mundial-3.jpg\" alt=\"Los problemas legales de Gervonta Davis en Miami Gardens afectan su regreso al ring y obligan a la WBA a degradarlo a 'campe\u00f3n en receso'\n(Broward County Sheriff's Office via AP)\" height=\"1436\" width=\"1086\"\/><\/p>\n<p>Pero no todo ha sido boxeo para <b>Davis<\/b>. Su regreso qued\u00f3 en suspenso tras la apertura de una <b>investigaci\u00f3n judicial en Miami Gardens, Florida, c<\/b>on cargos por presunta agresi\u00f3n, privaci\u00f3n ileg\u00edtima de libertad e intento de secuestro, seg\u00fan informaron las autoridades locales. <\/p>\n<p>Estos problemas legales llevaron a la <b>Asociaci\u00f3n Mundial de Boxeo (WBA)<\/b> a degradarlo al estatus de <b>\u201ccampe\u00f3n en receso\u201d<\/b>. <\/p>\n<h2>El desaf\u00edo de cambiar la historia<\/h2>\n<p><img loading=\"lazy\" decoding=\"async\" src=\"https:\/\/lobosnews.com.ar\/wp-content\/uploads\/2026\/03\/una-revancha-entre-gervonta-davis-e-isaac-cruz-que-se-sabe-sobre-la-contienda-que-ya-sacude-al-boxeo-mundial-4.jpg\" alt=\"La posible revancha entre Davis y Cruz representa una oportunidad \u00fanica para que el mexicano se consolide como referente global de los superligeros (AFP)\" height=\"1080\" width=\"1920\"\/><\/p>\n<p><b>La posible revancha entre Davis y Cruz<\/b> no es solo una pelea m\u00e1s: es un duelo con <b>historia, cuentas pendientes y mucho en juego<\/b>. Para <b>Davis<\/b>, representa la posibilidad de <b>resurgir<\/b> y recobrar su <b>prestigio internacional<\/b>. Para <b>Cruz<\/b>, el paso definitivo para <b>consolidarse como figura central de los superligeros<\/b> y so\u00f1ar con el t\u00edtulo absoluto. <\/p>\n<p>El mundo del boxeo sigue de cerca cada paso de esta negociaci\u00f3n. Si el acuerdo se concreta, el ring ser\u00e1 escenario de un <b>choque de estilos, ambiciones y legados<\/b>. Solo uno saldr\u00e1 reforzado; el otro deber\u00e1 replantear su futuro en una divisi\u00f3n marcada por la <b>rivalidad y el recambio generacional<\/b>. La cuenta regresiva ya empez\u00f3.<\/p>\n","protected":false},"excerpt":{"rendered":"<p>La revancha entre Gervonta Davis e Isaac \u201cPitbull\u201d Cruz est\u00e1 m\u00e1s cerca que nunca y promete sacudir el verano del boxeo internacional. Ambos equipos negocian los \u00faltimos detalles para que la esperada pelea tome forma y, si todo sale como prev\u00e9n los promotores, el duelo podr\u00eda redefinir la cima de los superligeros y avivar una&#8230;<\/p>\n","protected":false},"author":1,"featured_media":0,"comment_status":"open","ping_status":"closed","sticky":false,"template":"","format":"standard","meta":{"_jetpack_memberships_contains_paid_content":false,"footnotes":""},"categories":[30],"tags":[39],"class_list":["post-33994","post","type-post","status-publish","format-standard","hentry","category-argentina","tag-deportes"],"magazineBlocksPostFeaturedMedia":{"thumbnail":false,"medium":false,"medium_large":false,"large":false,"1536x1536":false,"2048x2048":false,"newsmatic-featured":false,"newsmatic-list":false,"newsmatic-thumb":false,"newsmatic-small":false,"newsmatic-grid":false},"magazineBlocksPostAuthor":{"name":"admin","avatar":"https:\/\/secure.gravatar.com\/avatar\/76e419471a2083bc3ceab22a763dbbf9b0c1bd15a6214cf3280e2c2dde4580f9?s=96&d=mm&r=g"},"magazineBlocksPostCommentsNumber":"0","magazineBlocksPostExcerpt":"La revancha entre Gervonta Davis e Isaac \u201cPitbull\u201d Cruz est\u00e1 m\u00e1s cerca que nunca y promete sacudir el verano del boxeo internacional. Ambos equipos negocian los \u00faltimos detalles para que la esperada pelea tome forma y, si todo sale como prev\u00e9n los promotores, el duelo podr\u00eda redefinir la cima de los superligeros y avivar una...","magazineBlocksPostCategories":["Argentina"],"magazineBlocksPostViewCount":87,"magazineBlocksPostReadTime":3,"magazine_blocks_featured_image_url":{"full":false,"medium":false,"thumbnail":false},"magazine_blocks_author":{"display_name":"admin","author_link":"https:\/\/lobosnews.com.ar\/index.php\/author\/lobos-news\/"},"magazine_blocks_comment":0,"magazine_blocks_author_image":"https:\/\/secure.gravatar.com\/avatar\/76e419471a2083bc3ceab22a763dbbf9b0c1bd15a6214cf3280e2c2dde4580f9?s=96&d=mm&r=g","magazine_blocks_category":"<a href=\"#\" class=\"category-link category-link-30\">Argentina<\/a>","yoast_head":"<!-- This site is optimized with the Yoast SEO plugin v26.6 - https:\/\/yoast.com\/wordpress\/plugins\/seo\/ -->\n<title>\u00bfUna revancha entre Gervonta Davis e Isaac Cruz? Qu\u00e9 se sabe sobre la contienda que ya sacude al boxeo mundial - Lobos News<\/title>\n<meta name=\"robots\" content=\"index, follow, max-snippet:-1, max-image-preview:large, max-video-preview:-1\" \/>\n<link rel=\"canonical\" href=\"https:\/\/lobosnews.com.ar\/index.php\/2026\/03\/15\/una-revancha-entre-gervonta-davis-e-isaac-cruz-que-se-sabe-sobre-la-contienda-que-ya-sacude-al-boxeo-mundial\/\" \/>\n<meta property=\"og:locale\" content=\"es_ES\" \/>\n<meta property=\"og:type\" content=\"article\" \/>\n<meta property=\"og:title\" content=\"\u00bfUna revancha entre Gervonta Davis e Isaac Cruz? Qu\u00e9 se sabe sobre la contienda que ya sacude al boxeo mundial - Lobos News\" \/>\n<meta property=\"og:description\" content=\"La revancha entre Gervonta Davis e Isaac \u201cPitbull\u201d Cruz est\u00e1 m\u00e1s cerca que nunca y promete sacudir el verano del boxeo internacional. Ambos equipos negocian los \u00faltimos detalles para que la esperada pelea tome forma y, si todo sale como prev\u00e9n los promotores, el duelo podr\u00eda redefinir la cima de los superligeros y avivar una...\" \/>\n<meta property=\"og:url\" content=\"https:\/\/lobosnews.com.ar\/index.php\/2026\/03\/15\/una-revancha-entre-gervonta-davis-e-isaac-cruz-que-se-sabe-sobre-la-contienda-que-ya-sacude-al-boxeo-mundial\/\" \/>\n<meta property=\"og:site_name\" content=\"Lobos News\" \/>\n<meta property=\"article:published_time\" content=\"2026-03-15T18:31:27+00:00\" \/>\n<meta property=\"article:modified_time\" content=\"2026-03-15T20:57:31+00:00\" \/>\n<meta property=\"og:image\" content=\"https:\/\/lobosnews.com.ar\/wp-content\/uploads\/2026\/03\/una-revancha-entre-gervonta-davis-e-isaac-cruz-que-se-sabe-sobre-la-contienda-que-ya-sacude-al-boxeo-mundial.jpg\" \/>\n<meta name=\"author\" content=\"admin\" \/>\n<meta name=\"twitter:card\" content=\"summary_large_image\" \/>\n<meta name=\"twitter:label1\" content=\"Escrito por\" \/>\n\t<meta name=\"twitter:data1\" content=\"admin\" \/>\n\t<meta name=\"twitter:label2\" content=\"Tiempo de lectura\" \/>\n\t<meta name=\"twitter:data2\" content=\"3 minutos\" \/>\n<script type=\"application\/ld+json\" class=\"yoast-schema-graph\">{\"@context\":\"https:\/\/schema.org\",\"@graph\":[{\"@type\":\"Article\",\"@id\":\"https:\/\/lobosnews.com.ar\/index.php\/2026\/03\/15\/una-revancha-entre-gervonta-davis-e-isaac-cruz-que-se-sabe-sobre-la-contienda-que-ya-sacude-al-boxeo-mundial\/#article\",\"isPartOf\":{\"@id\":\"https:\/\/lobosnews.com.ar\/index.php\/2026\/03\/15\/una-revancha-entre-gervonta-davis-e-isaac-cruz-que-se-sabe-sobre-la-contienda-que-ya-sacude-al-boxeo-mundial\/\"},\"author\":{\"name\":\"admin\",\"@id\":\"https:\/\/lobosnews.com.ar\/#\/schema\/person\/232422a593d5c541dd9aef6aaed10943\"},\"headline\":\"\u00bfUna revancha entre Gervonta Davis e Isaac Cruz? Qu\u00e9 se sabe sobre la contienda que ya sacude al boxeo mundial\",\"datePublished\":\"2026-03-15T18:31:27+00:00\",\"dateModified\":\"2026-03-15T20:57:31+00:00\",\"mainEntityOfPage\":{\"@id\":\"https:\/\/lobosnews.com.ar\/index.php\/2026\/03\/15\/una-revancha-entre-gervonta-davis-e-isaac-cruz-que-se-sabe-sobre-la-contienda-que-ya-sacude-al-boxeo-mundial\/\"},\"wordCount\":553,\"commentCount\":0,\"publisher\":{\"@id\":\"https:\/\/lobosnews.com.ar\/#organization\"},\"image\":{\"@id\":\"https:\/\/lobosnews.com.ar\/index.php\/2026\/03\/15\/una-revancha-entre-gervonta-davis-e-isaac-cruz-que-se-sabe-sobre-la-contienda-que-ya-sacude-al-boxeo-mundial\/#primaryimage\"},\"thumbnailUrl\":\"https:\/\/lobosnews.com.ar\/wp-content\/uploads\/2026\/03\/una-revancha-entre-gervonta-davis-e-isaac-cruz-que-se-sabe-sobre-la-contienda-que-ya-sacude-al-boxeo-mundial.jpg\",\"keywords\":[\"Deportes\"],\"articleSection\":[\"Argentina\"],\"inLanguage\":\"es\",\"potentialAction\":[{\"@type\":\"CommentAction\",\"name\":\"Comment\",\"target\":[\"https:\/\/lobosnews.com.ar\/index.php\/2026\/03\/15\/una-revancha-entre-gervonta-davis-e-isaac-cruz-que-se-sabe-sobre-la-contienda-que-ya-sacude-al-boxeo-mundial\/#respond\"]}]},{\"@type\":\"WebPage\",\"@id\":\"https:\/\/lobosnews.com.ar\/index.php\/2026\/03\/15\/una-revancha-entre-gervonta-davis-e-isaac-cruz-que-se-sabe-sobre-la-contienda-que-ya-sacude-al-boxeo-mundial\/\",\"url\":\"https:\/\/lobosnews.com.ar\/index.php\/2026\/03\/15\/una-revancha-entre-gervonta-davis-e-isaac-cruz-que-se-sabe-sobre-la-contienda-que-ya-sacude-al-boxeo-mundial\/\",\"name\":\"\u00bfUna revancha entre Gervonta Davis e Isaac Cruz? Qu\u00e9 se sabe sobre la contienda que ya sacude al boxeo mundial - Lobos News\",\"isPartOf\":{\"@id\":\"https:\/\/lobosnews.com.ar\/#website\"},\"primaryImageOfPage\":{\"@id\":\"https:\/\/lobosnews.com.ar\/index.php\/2026\/03\/15\/una-revancha-entre-gervonta-davis-e-isaac-cruz-que-se-sabe-sobre-la-contienda-que-ya-sacude-al-boxeo-mundial\/#primaryimage\"},\"image\":{\"@id\":\"https:\/\/lobosnews.com.ar\/index.php\/2026\/03\/15\/una-revancha-entre-gervonta-davis-e-isaac-cruz-que-se-sabe-sobre-la-contienda-que-ya-sacude-al-boxeo-mundial\/#primaryimage\"},\"thumbnailUrl\":\"https:\/\/lobosnews.com.ar\/wp-content\/uploads\/2026\/03\/una-revancha-entre-gervonta-davis-e-isaac-cruz-que-se-sabe-sobre-la-contienda-que-ya-sacude-al-boxeo-mundial.jpg\",\"datePublished\":\"2026-03-15T18:31:27+00:00\",\"dateModified\":\"2026-03-15T20:57:31+00:00\",\"breadcrumb\":{\"@id\":\"https:\/\/lobosnews.com.ar\/index.php\/2026\/03\/15\/una-revancha-entre-gervonta-davis-e-isaac-cruz-que-se-sabe-sobre-la-contienda-que-ya-sacude-al-boxeo-mundial\/#breadcrumb\"},\"inLanguage\":\"es\",\"potentialAction\":[{\"@type\":\"ReadAction\",\"target\":[\"https:\/\/lobosnews.com.ar\/index.php\/2026\/03\/15\/una-revancha-entre-gervonta-davis-e-isaac-cruz-que-se-sabe-sobre-la-contienda-que-ya-sacude-al-boxeo-mundial\/\"]}]},{\"@type\":\"ImageObject\",\"inLanguage\":\"es\",\"@id\":\"https:\/\/lobosnews.com.ar\/index.php\/2026\/03\/15\/una-revancha-entre-gervonta-davis-e-isaac-cruz-que-se-sabe-sobre-la-contienda-que-ya-sacude-al-boxeo-mundial\/#primaryimage\",\"url\":\"https:\/\/lobosnews.com.ar\/wp-content\/uploads\/2026\/03\/una-revancha-entre-gervonta-davis-e-isaac-cruz-que-se-sabe-sobre-la-contienda-que-ya-sacude-al-boxeo-mundial.jpg\",\"contentUrl\":\"https:\/\/lobosnews.com.ar\/wp-content\/uploads\/2026\/03\/una-revancha-entre-gervonta-davis-e-isaac-cruz-que-se-sabe-sobre-la-contienda-que-ya-sacude-al-boxeo-mundial.jpg\"},{\"@type\":\"BreadcrumbList\",\"@id\":\"https:\/\/lobosnews.com.ar\/index.php\/2026\/03\/15\/una-revancha-entre-gervonta-davis-e-isaac-cruz-que-se-sabe-sobre-la-contienda-que-ya-sacude-al-boxeo-mundial\/#breadcrumb\",\"itemListElement\":[{\"@type\":\"ListItem\",\"position\":1,\"name\":\"Portada\",\"item\":\"https:\/\/lobosnews.com.ar\/\"},{\"@type\":\"ListItem\",\"position\":2,\"name\":\"\u00bfUna revancha entre Gervonta Davis e Isaac Cruz? Qu\u00e9 se sabe sobre la contienda que ya sacude al boxeo mundial\"}]},{\"@type\":\"WebSite\",\"@id\":\"https:\/\/lobosnews.com.ar\/#website\",\"url\":\"https:\/\/lobosnews.com.ar\/\",\"name\":\"Lobos News\",\"description\":\"Informaci\u00f3n a cada instante\",\"publisher\":{\"@id\":\"https:\/\/lobosnews.com.ar\/#organization\"},\"potentialAction\":[{\"@type\":\"SearchAction\",\"target\":{\"@type\":\"EntryPoint\",\"urlTemplate\":\"https:\/\/lobosnews.com.ar\/?s={search_term_string}\"},\"query-input\":{\"@type\":\"PropertyValueSpecification\",\"valueRequired\":true,\"valueName\":\"search_term_string\"}}],\"inLanguage\":\"es\"},{\"@type\":\"Organization\",\"@id\":\"https:\/\/lobosnews.com.ar\/#organization\",\"name\":\"Lobos News\",\"url\":\"https:\/\/lobosnews.com.ar\/\",\"logo\":{\"@type\":\"ImageObject\",\"inLanguage\":\"es\",\"@id\":\"https:\/\/lobosnews.com.ar\/#\/schema\/logo\/image\/\",\"url\":\"https:\/\/lobosnews.com.ar\/wp-content\/uploads\/2026\/01\/logo-lobosnews.png\",\"contentUrl\":\"https:\/\/lobosnews.com.ar\/wp-content\/uploads\/2026\/01\/logo-lobosnews.png\",\"width\":500,\"height\":200,\"caption\":\"Lobos News\"},\"image\":{\"@id\":\"https:\/\/lobosnews.com.ar\/#\/schema\/logo\/image\/\"}},{\"@type\":\"Person\",\"@id\":\"https:\/\/lobosnews.com.ar\/#\/schema\/person\/232422a593d5c541dd9aef6aaed10943\",\"name\":\"admin\",\"image\":{\"@type\":\"ImageObject\",\"inLanguage\":\"es\",\"@id\":\"https:\/\/lobosnews.com.ar\/#\/schema\/person\/image\/\",\"url\":\"https:\/\/secure.gravatar.com\/avatar\/76e419471a2083bc3ceab22a763dbbf9b0c1bd15a6214cf3280e2c2dde4580f9?s=96&d=mm&r=g\",\"contentUrl\":\"https:\/\/secure.gravatar.com\/avatar\/76e419471a2083bc3ceab22a763dbbf9b0c1bd15a6214cf3280e2c2dde4580f9?s=96&d=mm&r=g\",\"caption\":\"admin\"},\"sameAs\":[\"https:\/\/lobosnews.com.ar\"],\"url\":\"https:\/\/lobosnews.com.ar\/index.php\/author\/lobos-news\/\"}]}<\/script>\n<!-- \/ Yoast SEO plugin. -->","yoast_head_json":{"title":"\u00bfUna revancha entre Gervonta Davis e Isaac Cruz? Qu\u00e9 se sabe sobre la contienda que ya sacude al boxeo mundial - Lobos News","robots":{"index":"index","follow":"follow","max-snippet":"max-snippet:-1","max-image-preview":"max-image-preview:large","max-video-preview":"max-video-preview:-1"},"canonical":"https:\/\/lobosnews.com.ar\/index.php\/2026\/03\/15\/una-revancha-entre-gervonta-davis-e-isaac-cruz-que-se-sabe-sobre-la-contienda-que-ya-sacude-al-boxeo-mundial\/","og_locale":"es_ES","og_type":"article","og_title":"\u00bfUna revancha entre Gervonta Davis e Isaac Cruz? Qu\u00e9 se sabe sobre la contienda que ya sacude al boxeo mundial - Lobos News","og_description":"La revancha entre Gervonta Davis e Isaac \u201cPitbull\u201d Cruz est\u00e1 m\u00e1s cerca que nunca y promete sacudir el verano del boxeo internacional. Ambos equipos negocian los \u00faltimos detalles para que la esperada pelea tome forma y, si todo sale como prev\u00e9n los promotores, el duelo podr\u00eda redefinir la cima de los superligeros y avivar una...","og_url":"https:\/\/lobosnews.com.ar\/index.php\/2026\/03\/15\/una-revancha-entre-gervonta-davis-e-isaac-cruz-que-se-sabe-sobre-la-contienda-que-ya-sacude-al-boxeo-mundial\/","og_site_name":"Lobos News","article_published_time":"2026-03-15T18:31:27+00:00","article_modified_time":"2026-03-15T20:57:31+00:00","og_image":[{"url":"https:\/\/lobosnews.com.ar\/wp-content\/uploads\/2026\/03\/una-revancha-entre-gervonta-davis-e-isaac-cruz-que-se-sabe-sobre-la-contienda-que-ya-sacude-al-boxeo-mundial.jpg","type":"","width":"","height":""}],"author":"admin","twitter_card":"summary_large_image","twitter_misc":{"Escrito por":"admin","Tiempo de lectura":"3 minutos"},"schema":{"@context":"https:\/\/schema.org","@graph":[{"@type":"Article","@id":"https:\/\/lobosnews.com.ar\/index.php\/2026\/03\/15\/una-revancha-entre-gervonta-davis-e-isaac-cruz-que-se-sabe-sobre-la-contienda-que-ya-sacude-al-boxeo-mundial\/#article","isPartOf":{"@id":"https:\/\/lobosnews.com.ar\/index.php\/2026\/03\/15\/una-revancha-entre-gervonta-davis-e-isaac-cruz-que-se-sabe-sobre-la-contienda-que-ya-sacude-al-boxeo-mundial\/"},"author":{"name":"admin","@id":"https:\/\/lobosnews.com.ar\/#\/schema\/person\/232422a593d5c541dd9aef6aaed10943"},"headline":"\u00bfUna revancha entre Gervonta Davis e Isaac Cruz? Qu\u00e9 se sabe sobre la contienda que ya sacude al boxeo mundial","datePublished":"2026-03-15T18:31:27+00:00","dateModified":"2026-03-15T20:57:31+00:00","mainEntityOfPage":{"@id":"https:\/\/lobosnews.com.ar\/index.php\/2026\/03\/15\/una-revancha-entre-gervonta-davis-e-isaac-cruz-que-se-sabe-sobre-la-contienda-que-ya-sacude-al-boxeo-mundial\/"},"wordCount":553,"commentCount":0,"publisher":{"@id":"https:\/\/lobosnews.com.ar\/#organization"},"image":{"@id":"https:\/\/lobosnews.com.ar\/index.php\/2026\/03\/15\/una-revancha-entre-gervonta-davis-e-isaac-cruz-que-se-sabe-sobre-la-contienda-que-ya-sacude-al-boxeo-mundial\/#primaryimage"},"thumbnailUrl":"https:\/\/lobosnews.com.ar\/wp-content\/uploads\/2026\/03\/una-revancha-entre-gervonta-davis-e-isaac-cruz-que-se-sabe-sobre-la-contienda-que-ya-sacude-al-boxeo-mundial.jpg","keywords":["Deportes"],"articleSection":["Argentina"],"inLanguage":"es","potentialAction":[{"@type":"CommentAction","name":"Comment","target":["https:\/\/lobosnews.com.ar\/index.php\/2026\/03\/15\/una-revancha-entre-gervonta-davis-e-isaac-cruz-que-se-sabe-sobre-la-contienda-que-ya-sacude-al-boxeo-mundial\/#respond"]}]},{"@type":"WebPage","@id":"https:\/\/lobosnews.com.ar\/index.php\/2026\/03\/15\/una-revancha-entre-gervonta-davis-e-isaac-cruz-que-se-sabe-sobre-la-contienda-que-ya-sacude-al-boxeo-mundial\/","url":"https:\/\/lobosnews.com.ar\/index.php\/2026\/03\/15\/una-revancha-entre-gervonta-davis-e-isaac-cruz-que-se-sabe-sobre-la-contienda-que-ya-sacude-al-boxeo-mundial\/","name":"\u00bfUna revancha entre Gervonta Davis e Isaac Cruz? Qu\u00e9 se sabe sobre la contienda que ya sacude al boxeo mundial - Lobos News","isPartOf":{"@id":"https:\/\/lobosnews.com.ar\/#website"},"primaryImageOfPage":{"@id":"https:\/\/lobosnews.com.ar\/index.php\/2026\/03\/15\/una-revancha-entre-gervonta-davis-e-isaac-cruz-que-se-sabe-sobre-la-contienda-que-ya-sacude-al-boxeo-mundial\/#primaryimage"},"image":{"@id":"https:\/\/lobosnews.com.ar\/index.php\/2026\/03\/15\/una-revancha-entre-gervonta-davis-e-isaac-cruz-que-se-sabe-sobre-la-contienda-que-ya-sacude-al-boxeo-mundial\/#primaryimage"},"thumbnailUrl":"https:\/\/lobosnews.com.ar\/wp-content\/uploads\/2026\/03\/una-revancha-entre-gervonta-davis-e-isaac-cruz-que-se-sabe-sobre-la-contienda-que-ya-sacude-al-boxeo-mundial.jpg","datePublished":"2026-03-15T18:31:27+00:00","dateModified":"2026-03-15T20:57:31+00:00","breadcrumb":{"@id":"https:\/\/lobosnews.com.ar\/index.php\/2026\/03\/15\/una-revancha-entre-gervonta-davis-e-isaac-cruz-que-se-sabe-sobre-la-contienda-que-ya-sacude-al-boxeo-mundial\/#breadcrumb"},"inLanguage":"es","potentialAction":[{"@type":"ReadAction","target":["https:\/\/lobosnews.com.ar\/index.php\/2026\/03\/15\/una-revancha-entre-gervonta-davis-e-isaac-cruz-que-se-sabe-sobre-la-contienda-que-ya-sacude-al-boxeo-mundial\/"]}]},{"@type":"ImageObject","inLanguage":"es","@id":"https:\/\/lobosnews.com.ar\/index.php\/2026\/03\/15\/una-revancha-entre-gervonta-davis-e-isaac-cruz-que-se-sabe-sobre-la-contienda-que-ya-sacude-al-boxeo-mundial\/#primaryimage","url":"https:\/\/lobosnews.com.ar\/wp-content\/uploads\/2026\/03\/una-revancha-entre-gervonta-davis-e-isaac-cruz-que-se-sabe-sobre-la-contienda-que-ya-sacude-al-boxeo-mundial.jpg","contentUrl":"https:\/\/lobosnews.com.ar\/wp-content\/uploads\/2026\/03\/una-revancha-entre-gervonta-davis-e-isaac-cruz-que-se-sabe-sobre-la-contienda-que-ya-sacude-al-boxeo-mundial.jpg"},{"@type":"BreadcrumbList","@id":"https:\/\/lobosnews.com.ar\/index.php\/2026\/03\/15\/una-revancha-entre-gervonta-davis-e-isaac-cruz-que-se-sabe-sobre-la-contienda-que-ya-sacude-al-boxeo-mundial\/#breadcrumb","itemListElement":[{"@type":"ListItem","position":1,"name":"Portada","item":"https:\/\/lobosnews.com.ar\/"},{"@type":"ListItem","position":2,"name":"\u00bfUna revancha entre Gervonta Davis e Isaac Cruz? Qu\u00e9 se sabe sobre la contienda que ya sacude al boxeo mundial"}]},{"@type":"WebSite","@id":"https:\/\/lobosnews.com.ar\/#website","url":"https:\/\/lobosnews.com.ar\/","name":"Lobos News","description":"Informaci\u00f3n a cada instante","publisher":{"@id":"https:\/\/lobosnews.com.ar\/#organization"},"potentialAction":[{"@type":"SearchAction","target":{"@type":"EntryPoint","urlTemplate":"https:\/\/lobosnews.com.ar\/?s={search_term_string}"},"query-input":{"@type":"PropertyValueSpecification","valueRequired":true,"valueName":"search_term_string"}}],"inLanguage":"es"},{"@type":"Organization","@id":"https:\/\/lobosnews.com.ar\/#organization","name":"Lobos News","url":"https:\/\/lobosnews.com.ar\/","logo":{"@type":"ImageObject","inLanguage":"es","@id":"https:\/\/lobosnews.com.ar\/#\/schema\/logo\/image\/","url":"https:\/\/lobosnews.com.ar\/wp-content\/uploads\/2026\/01\/logo-lobosnews.png","contentUrl":"https:\/\/lobosnews.com.ar\/wp-content\/uploads\/2026\/01\/logo-lobosnews.png","width":500,"height":200,"caption":"Lobos News"},"image":{"@id":"https:\/\/lobosnews.com.ar\/#\/schema\/logo\/image\/"}},{"@type":"Person","@id":"https:\/\/lobosnews.com.ar\/#\/schema\/person\/232422a593d5c541dd9aef6aaed10943","name":"admin","image":{"@type":"ImageObject","inLanguage":"es","@id":"https:\/\/lobosnews.com.ar\/#\/schema\/person\/image\/","url":"https:\/\/secure.gravatar.com\/avatar\/76e419471a2083bc3ceab22a763dbbf9b0c1bd15a6214cf3280e2c2dde4580f9?s=96&d=mm&r=g","contentUrl":"https:\/\/secure.gravatar.com\/avatar\/76e419471a2083bc3ceab22a763dbbf9b0c1bd15a6214cf3280e2c2dde4580f9?s=96&d=mm&r=g","caption":"admin"},"sameAs":["https:\/\/lobosnews.com.ar"],"url":"https:\/\/lobosnews.com.ar\/index.php\/author\/lobos-news\/"}]}},"jetpack_featured_media_url":"","jetpack_sharing_enabled":true,"_links":{"self":[{"href":"https:\/\/lobosnews.com.ar\/index.php\/wp-json\/wp\/v2\/posts\/33994","targetHints":{"allow":["GET"]}}],"collection":[{"href":"https:\/\/lobosnews.com.ar\/index.php\/wp-json\/wp\/v2\/posts"}],"about":[{"href":"https:\/\/lobosnews.com.ar\/index.php\/wp-json\/wp\/v2\/types\/post"}],"author":[{"embeddable":true,"href":"https:\/\/lobosnews.com.ar\/index.php\/wp-json\/wp\/v2\/users\/1"}],"replies":[{"embeddable":true,"href":"https:\/\/lobosnews.com.ar\/index.php\/wp-json\/wp\/v2\/comments?post=33994"}],"version-history":[{"count":1,"href":"https:\/\/lobosnews.com.ar\/index.php\/wp-json\/wp\/v2\/posts\/33994\/revisions"}],"predecessor-version":[{"id":34000,"href":"https:\/\/lobosnews.com.ar\/index.php\/wp-json\/wp\/v2\/posts\/33994\/revisions\/34000"}],"wp:attachment":[{"href":"https:\/\/lobosnews.com.ar\/index.php\/wp-json\/wp\/v2\/media?parent=33994"}],"wp:term":[{"taxonomy":"category","embeddable":true,"href":"https:\/\/lobosnews.com.ar\/index.php\/wp-json\/wp\/v2\/categories?post=33994"},{"taxonomy":"post_tag","embeddable":true,"href":"https:\/\/lobosnews.com.ar\/index.php\/wp-json\/wp\/v2\/tags?post=33994"}],"curies":[{"name":"wp","href":"https:\/\/api.w.org\/{rel}","templated":true}]}}