{"id":33983,"date":"2026-03-15T20:28:46","date_gmt":"2026-03-15T20:28:46","guid":{"rendered":"https:\/\/lobosnews.com.ar\/index.php\/2026\/03\/15\/escandalo-en-turquia-la-inedita-protesta-de-un-equipo-ante-un-fallo-arbitral-que-lo-perjudico\/"},"modified":"2026-03-15T20:56:43","modified_gmt":"2026-03-15T20:56:43","slug":"escandalo-en-turquia-la-inedita-protesta-de-un-equipo-ante-un-fallo-arbitral-que-lo-perjudico","status":"publish","type":"post","link":"https:\/\/lobosnews.com.ar\/index.php\/2026\/03\/15\/escandalo-en-turquia-la-inedita-protesta-de-un-equipo-ante-un-fallo-arbitral-que-lo-perjudico\/","title":{"rendered":"Esc\u00e1ndalo en Turqu\u00eda: la in\u00e9dita protesta de un equipo ante un fallo arbitral que lo perjudic\u00f3"},"content":{"rendered":"<p>El desenlace del duelo entre <b>Kocaelispor <\/b>y <b>Konyaspor<\/b> en la <b>Superliga de Turqu\u00eda<\/b> dej\u00f3 una imagen inesperada: el banco del equipo local completamente vac\u00edo en los \u00faltimos minutos. La escena ocurri\u00f3 justo despu\u00e9s de que <b>el \u00e1rbitro Cihan Ayd\u0131n sancionara un penal a favor del equipo visitante<\/b> en tiempo a\u00f1adido, lo que desencaden\u00f3 una protesta colectiva que marc\u00f3 la jornada.<\/p>\n<p>El t\u00e9cnico de Kocaelispor, <b>Sel\u00e7uk \u0130nan<\/b>, <b>fue expulsado tras ingresar al campo para manifestar su desacuerdo<\/b> con la decisi\u00f3n arbitral. A ra\u00edz de esto, <b>les<\/b> <b>orden\u00f3 a sus jugadores suplentes y al cuerpo t\u00e9cnico a abandonar el banco local y se dirigieron a los vestuarios<\/b>; por esa raz\u00f3n la zona t\u00e9cnica qued\u00f3 vac\u00eda mientras el encuentro continuaba.<\/p>\n<p>La acci\u00f3n decisiva se produjo tras una jugada en la que <b>Hrvoje Smol\u010di\u0107<\/b>, defensor de Kocaelispor, <b>fue se\u00f1alado por una mano en el \u00e1rea luego de un remate de Morten Bj\u00f8rlo<\/b>. El \u00e1rbitro decret\u00f3 el penal, que <b>fue convertido por Jackson Muleka en el minuto 94<\/b>, <b>sell\u00f3 as\u00ed la victoria visitante por 2-1<\/b>.<\/p>\n<p>El entrenador Sel\u00e7uk \u0130nan expres\u00f3 su indignaci\u00f3n ante la prensa, aleg\u00f3 que la decisi\u00f3n del penal fue injusta y que el \u00e1rbitro ten\u00eda una actitud hostil hacia \u00e9l y su equipo. \u201c<b>No pedimos que se nos conceda ninguna decisi\u00f3n extra ni que se nos favorezca, pero que haya tantas decisiones en nuestra contra ya da que pensar<\/b>\u201d, manifest\u00f3 el t\u00e9cnico seg\u00fan <i>beIN SPORTS<\/i>, debido a que no es la primera vez que suceden estas situaciones con el Kocaelispor.<\/p>\n<p>Seg\u00fan relat\u00f3 el propio \u0130nan, la tarjeta roja que recibi\u00f3 fue consecuencia de decirle al \u00e1rbitro: \u201c<b>Se\u00f1or, de verdad que esto no es penal<\/b>\u201d. El entrenador fue m\u00e1s all\u00e1, <b>sugiri\u00f3 a los directivos de la federaci\u00f3n que el \u00e1rbitro Cihan Ayd\u0131n no vuelva a dirigir partidos de Kocaelispor<\/b> y advirti\u00f3 que no desea permanecer en el banco si ese \u00e1rbitro es designado nuevamente, de acuerdo a la informaci\u00f3n difundida por <i>beIN SPORTS<\/i>.<\/p>\n<p><img fetchpriority=\"high\" decoding=\"async\" src=\"https:\/\/lobosnews.com.ar\/wp-content\/uploads\/2026\/03\/escandalo-en-turquia-la-inedita-protesta-de-un-equipo-ante-un-fallo-arbitral-que-lo-perjudico.jpg\" alt=\"Un final dram\u00e1tico en Turqu\u00eda dej\u00f3 al Kocaelispor sin puntos y con el banco vac\u00edo\" height=\"662\" width=\"1176\"\/><\/p>\n<p>El partido, disputado en el <i>Estadio Yildiz Entegre Kocaeli<\/i>, hab\u00eda comenzado de manera equilibrada, con ambos equipos generando ocasiones en la primera mitad, aunque sin goles. El marcador se abri\u00f3 en el minuto 58 con gol de <b>Serdar Dursun<\/b> para el local que mantuvo el control del juego, pero <b>Bla\u017e Kramer<\/b> empat\u00f3 para Konyaspor en el 86\u2019, anticip\u00e1ndose al escenario para el dram\u00e1tico cierre.<\/p>\n<p>En medio de la controversia, <b>el banco de Kocaelispor qued\u00f3 vac\u00edo<\/b> por primera vez en la temporada, ya que <b>todos los suplentes y el cuerpo t\u00e9cnico se retiraron del campo de juego antes del pitido final<\/b>. El penal convertido por Muleka asegur\u00f3 los tres puntos para Konyaspor, que escal\u00f3 en la clasificaci\u00f3n, mientras que Kocaelispor descendi\u00f3 al s\u00e9ptimo puesto.<\/p>\n<p>Este episodio singular gener\u00f3 debate sobre la actuaci\u00f3n arbitral y la reacci\u00f3n del cuerpo t\u00e9cnico local. \u0130nan insisti\u00f3 en que su labor y la de sus jugadores merece respeto: \u201c<b>Me esfuerzo mucho. Tengo sue\u00f1os. Tengo metas con este equipo, pero si ustedes dirigen las cosas como les da la gana, entonces todo mi esfuerzo se va al traste. Y eso es algo que nunca, jam\u00e1s, aceptar\u00e9<\/b>\u201d.<\/p>\n<p>Con este resultado, Kocaelispor se mantiene en la s\u00e9ptima posici\u00f3n con 33 puntos, mientras que Konyaspor sum\u00f3 27 unidades y ocupa el duod\u00e9cimo puesto en la Superliga turca. La victoria supone un alivio para Konyaspor, que llevaba varios partidos sin sumar de a tres fuera de casa en la competici\u00f3n.<\/p>\n","protected":false},"excerpt":{"rendered":"<p>El desenlace del duelo entre Kocaelispor y Konyaspor en la Superliga de Turqu\u00eda dej\u00f3 una imagen inesperada: el banco del equipo local completamente vac\u00edo en los \u00faltimos minutos. La escena ocurri\u00f3 justo despu\u00e9s de que el \u00e1rbitro Cihan Ayd\u0131n sancionara un penal a favor del equipo visitante en tiempo a\u00f1adido, lo que desencaden\u00f3 una protesta&#8230;<\/p>\n","protected":false},"author":1,"featured_media":0,"comment_status":"open","ping_status":"closed","sticky":false,"template":"","format":"standard","meta":{"_jetpack_memberships_contains_paid_content":false,"footnotes":""},"categories":[30],"tags":[39],"class_list":["post-33983","post","type-post","status-publish","format-standard","hentry","category-argentina","tag-deportes"],"magazineBlocksPostFeaturedMedia":{"thumbnail":false,"medium":false,"medium_large":false,"large":false,"1536x1536":false,"2048x2048":false,"newsmatic-featured":false,"newsmatic-list":false,"newsmatic-thumb":false,"newsmatic-small":false,"newsmatic-grid":false},"magazineBlocksPostAuthor":{"name":"admin","avatar":"https:\/\/secure.gravatar.com\/avatar\/76e419471a2083bc3ceab22a763dbbf9b0c1bd15a6214cf3280e2c2dde4580f9?s=96&d=mm&r=g"},"magazineBlocksPostCommentsNumber":"0","magazineBlocksPostExcerpt":"El desenlace del duelo entre Kocaelispor y Konyaspor en la Superliga de Turqu\u00eda dej\u00f3 una imagen inesperada: el banco del equipo local completamente vac\u00edo en los \u00faltimos minutos. La escena ocurri\u00f3 justo despu\u00e9s de que el \u00e1rbitro Cihan Ayd\u0131n sancionara un penal a favor del equipo visitante en tiempo a\u00f1adido, lo que desencaden\u00f3 una protesta...","magazineBlocksPostCategories":["Argentina"],"magazineBlocksPostViewCount":102,"magazineBlocksPostReadTime":3,"magazine_blocks_featured_image_url":{"full":false,"medium":false,"thumbnail":false},"magazine_blocks_author":{"display_name":"admin","author_link":"https:\/\/lobosnews.com.ar\/index.php\/author\/lobos-news\/"},"magazine_blocks_comment":0,"magazine_blocks_author_image":"https:\/\/secure.gravatar.com\/avatar\/76e419471a2083bc3ceab22a763dbbf9b0c1bd15a6214cf3280e2c2dde4580f9?s=96&d=mm&r=g","magazine_blocks_category":"<a href=\"#\" class=\"category-link category-link-30\">Argentina<\/a>","yoast_head":"<!-- This site is optimized with the Yoast SEO plugin v26.6 - https:\/\/yoast.com\/wordpress\/plugins\/seo\/ -->\n<title>Esc\u00e1ndalo en Turqu\u00eda: la in\u00e9dita protesta de un equipo ante un fallo arbitral que lo perjudic\u00f3 - Lobos News<\/title>\n<meta name=\"robots\" content=\"index, follow, max-snippet:-1, max-image-preview:large, max-video-preview:-1\" \/>\n<link rel=\"canonical\" href=\"https:\/\/lobosnews.com.ar\/index.php\/2026\/03\/15\/escandalo-en-turquia-la-inedita-protesta-de-un-equipo-ante-un-fallo-arbitral-que-lo-perjudico\/\" \/>\n<meta property=\"og:locale\" content=\"es_ES\" \/>\n<meta property=\"og:type\" content=\"article\" \/>\n<meta property=\"og:title\" content=\"Esc\u00e1ndalo en Turqu\u00eda: la in\u00e9dita protesta de un equipo ante un fallo arbitral que lo perjudic\u00f3 - Lobos News\" \/>\n<meta property=\"og:description\" content=\"El desenlace del duelo entre Kocaelispor y Konyaspor en la Superliga de Turqu\u00eda dej\u00f3 una imagen inesperada: el banco del equipo local completamente vac\u00edo en los \u00faltimos minutos. La escena ocurri\u00f3 justo despu\u00e9s de que el \u00e1rbitro Cihan Ayd\u0131n sancionara un penal a favor del equipo visitante en tiempo a\u00f1adido, lo que desencaden\u00f3 una protesta...\" \/>\n<meta property=\"og:url\" content=\"https:\/\/lobosnews.com.ar\/index.php\/2026\/03\/15\/escandalo-en-turquia-la-inedita-protesta-de-un-equipo-ante-un-fallo-arbitral-que-lo-perjudico\/\" \/>\n<meta property=\"og:site_name\" content=\"Lobos News\" \/>\n<meta property=\"article:published_time\" content=\"2026-03-15T20:28:46+00:00\" \/>\n<meta property=\"article:modified_time\" content=\"2026-03-15T20:56:43+00:00\" \/>\n<meta property=\"og:image\" content=\"https:\/\/lobosnews.com.ar\/wp-content\/uploads\/2026\/03\/escandalo-en-turquia-la-inedita-protesta-de-un-equipo-ante-un-fallo-arbitral-que-lo-perjudico.jpg\" \/>\n<meta name=\"author\" content=\"admin\" \/>\n<meta name=\"twitter:card\" content=\"summary_large_image\" \/>\n<meta name=\"twitter:label1\" content=\"Escrito por\" \/>\n\t<meta name=\"twitter:data1\" content=\"admin\" \/>\n\t<meta name=\"twitter:label2\" content=\"Tiempo de lectura\" \/>\n\t<meta name=\"twitter:data2\" content=\"3 minutos\" \/>\n<script type=\"application\/ld+json\" class=\"yoast-schema-graph\">{\"@context\":\"https:\/\/schema.org\",\"@graph\":[{\"@type\":\"Article\",\"@id\":\"https:\/\/lobosnews.com.ar\/index.php\/2026\/03\/15\/escandalo-en-turquia-la-inedita-protesta-de-un-equipo-ante-un-fallo-arbitral-que-lo-perjudico\/#article\",\"isPartOf\":{\"@id\":\"https:\/\/lobosnews.com.ar\/index.php\/2026\/03\/15\/escandalo-en-turquia-la-inedita-protesta-de-un-equipo-ante-un-fallo-arbitral-que-lo-perjudico\/\"},\"author\":{\"name\":\"admin\",\"@id\":\"https:\/\/lobosnews.com.ar\/#\/schema\/person\/232422a593d5c541dd9aef6aaed10943\"},\"headline\":\"Esc\u00e1ndalo en Turqu\u00eda: la in\u00e9dita protesta de un equipo ante un fallo arbitral que lo perjudic\u00f3\",\"datePublished\":\"2026-03-15T20:28:46+00:00\",\"dateModified\":\"2026-03-15T20:56:43+00:00\",\"mainEntityOfPage\":{\"@id\":\"https:\/\/lobosnews.com.ar\/index.php\/2026\/03\/15\/escandalo-en-turquia-la-inedita-protesta-de-un-equipo-ante-un-fallo-arbitral-que-lo-perjudico\/\"},\"wordCount\":619,\"commentCount\":0,\"publisher\":{\"@id\":\"https:\/\/lobosnews.com.ar\/#organization\"},\"image\":{\"@id\":\"https:\/\/lobosnews.com.ar\/index.php\/2026\/03\/15\/escandalo-en-turquia-la-inedita-protesta-de-un-equipo-ante-un-fallo-arbitral-que-lo-perjudico\/#primaryimage\"},\"thumbnailUrl\":\"https:\/\/lobosnews.com.ar\/wp-content\/uploads\/2026\/03\/escandalo-en-turquia-la-inedita-protesta-de-un-equipo-ante-un-fallo-arbitral-que-lo-perjudico.jpg\",\"keywords\":[\"Deportes\"],\"articleSection\":[\"Argentina\"],\"inLanguage\":\"es\",\"potentialAction\":[{\"@type\":\"CommentAction\",\"name\":\"Comment\",\"target\":[\"https:\/\/lobosnews.com.ar\/index.php\/2026\/03\/15\/escandalo-en-turquia-la-inedita-protesta-de-un-equipo-ante-un-fallo-arbitral-que-lo-perjudico\/#respond\"]}]},{\"@type\":\"WebPage\",\"@id\":\"https:\/\/lobosnews.com.ar\/index.php\/2026\/03\/15\/escandalo-en-turquia-la-inedita-protesta-de-un-equipo-ante-un-fallo-arbitral-que-lo-perjudico\/\",\"url\":\"https:\/\/lobosnews.com.ar\/index.php\/2026\/03\/15\/escandalo-en-turquia-la-inedita-protesta-de-un-equipo-ante-un-fallo-arbitral-que-lo-perjudico\/\",\"name\":\"Esc\u00e1ndalo en Turqu\u00eda: la in\u00e9dita protesta de un equipo ante un fallo arbitral que lo perjudic\u00f3 - Lobos News\",\"isPartOf\":{\"@id\":\"https:\/\/lobosnews.com.ar\/#website\"},\"primaryImageOfPage\":{\"@id\":\"https:\/\/lobosnews.com.ar\/index.php\/2026\/03\/15\/escandalo-en-turquia-la-inedita-protesta-de-un-equipo-ante-un-fallo-arbitral-que-lo-perjudico\/#primaryimage\"},\"image\":{\"@id\":\"https:\/\/lobosnews.com.ar\/index.php\/2026\/03\/15\/escandalo-en-turquia-la-inedita-protesta-de-un-equipo-ante-un-fallo-arbitral-que-lo-perjudico\/#primaryimage\"},\"thumbnailUrl\":\"https:\/\/lobosnews.com.ar\/wp-content\/uploads\/2026\/03\/escandalo-en-turquia-la-inedita-protesta-de-un-equipo-ante-un-fallo-arbitral-que-lo-perjudico.jpg\",\"datePublished\":\"2026-03-15T20:28:46+00:00\",\"dateModified\":\"2026-03-15T20:56:43+00:00\",\"breadcrumb\":{\"@id\":\"https:\/\/lobosnews.com.ar\/index.php\/2026\/03\/15\/escandalo-en-turquia-la-inedita-protesta-de-un-equipo-ante-un-fallo-arbitral-que-lo-perjudico\/#breadcrumb\"},\"inLanguage\":\"es\",\"potentialAction\":[{\"@type\":\"ReadAction\",\"target\":[\"https:\/\/lobosnews.com.ar\/index.php\/2026\/03\/15\/escandalo-en-turquia-la-inedita-protesta-de-un-equipo-ante-un-fallo-arbitral-que-lo-perjudico\/\"]}]},{\"@type\":\"ImageObject\",\"inLanguage\":\"es\",\"@id\":\"https:\/\/lobosnews.com.ar\/index.php\/2026\/03\/15\/escandalo-en-turquia-la-inedita-protesta-de-un-equipo-ante-un-fallo-arbitral-que-lo-perjudico\/#primaryimage\",\"url\":\"https:\/\/lobosnews.com.ar\/wp-content\/uploads\/2026\/03\/escandalo-en-turquia-la-inedita-protesta-de-un-equipo-ante-un-fallo-arbitral-que-lo-perjudico.jpg\",\"contentUrl\":\"https:\/\/lobosnews.com.ar\/wp-content\/uploads\/2026\/03\/escandalo-en-turquia-la-inedita-protesta-de-un-equipo-ante-un-fallo-arbitral-que-lo-perjudico.jpg\"},{\"@type\":\"BreadcrumbList\",\"@id\":\"https:\/\/lobosnews.com.ar\/index.php\/2026\/03\/15\/escandalo-en-turquia-la-inedita-protesta-de-un-equipo-ante-un-fallo-arbitral-que-lo-perjudico\/#breadcrumb\",\"itemListElement\":[{\"@type\":\"ListItem\",\"position\":1,\"name\":\"Portada\",\"item\":\"https:\/\/lobosnews.com.ar\/\"},{\"@type\":\"ListItem\",\"position\":2,\"name\":\"Esc\u00e1ndalo en Turqu\u00eda: la in\u00e9dita protesta de un equipo ante un fallo arbitral que lo perjudic\u00f3\"}]},{\"@type\":\"WebSite\",\"@id\":\"https:\/\/lobosnews.com.ar\/#website\",\"url\":\"https:\/\/lobosnews.com.ar\/\",\"name\":\"Lobos News\",\"description\":\"Informaci\u00f3n a cada instante\",\"publisher\":{\"@id\":\"https:\/\/lobosnews.com.ar\/#organization\"},\"potentialAction\":[{\"@type\":\"SearchAction\",\"target\":{\"@type\":\"EntryPoint\",\"urlTemplate\":\"https:\/\/lobosnews.com.ar\/?s={search_term_string}\"},\"query-input\":{\"@type\":\"PropertyValueSpecification\",\"valueRequired\":true,\"valueName\":\"search_term_string\"}}],\"inLanguage\":\"es\"},{\"@type\":\"Organization\",\"@id\":\"https:\/\/lobosnews.com.ar\/#organization\",\"name\":\"Lobos News\",\"url\":\"https:\/\/lobosnews.com.ar\/\",\"logo\":{\"@type\":\"ImageObject\",\"inLanguage\":\"es\",\"@id\":\"https:\/\/lobosnews.com.ar\/#\/schema\/logo\/image\/\",\"url\":\"https:\/\/lobosnews.com.ar\/wp-content\/uploads\/2026\/01\/logo-lobosnews.png\",\"contentUrl\":\"https:\/\/lobosnews.com.ar\/wp-content\/uploads\/2026\/01\/logo-lobosnews.png\",\"width\":500,\"height\":200,\"caption\":\"Lobos News\"},\"image\":{\"@id\":\"https:\/\/lobosnews.com.ar\/#\/schema\/logo\/image\/\"}},{\"@type\":\"Person\",\"@id\":\"https:\/\/lobosnews.com.ar\/#\/schema\/person\/232422a593d5c541dd9aef6aaed10943\",\"name\":\"admin\",\"image\":{\"@type\":\"ImageObject\",\"inLanguage\":\"es\",\"@id\":\"https:\/\/lobosnews.com.ar\/#\/schema\/person\/image\/\",\"url\":\"https:\/\/secure.gravatar.com\/avatar\/76e419471a2083bc3ceab22a763dbbf9b0c1bd15a6214cf3280e2c2dde4580f9?s=96&d=mm&r=g\",\"contentUrl\":\"https:\/\/secure.gravatar.com\/avatar\/76e419471a2083bc3ceab22a763dbbf9b0c1bd15a6214cf3280e2c2dde4580f9?s=96&d=mm&r=g\",\"caption\":\"admin\"},\"sameAs\":[\"https:\/\/lobosnews.com.ar\"],\"url\":\"https:\/\/lobosnews.com.ar\/index.php\/author\/lobos-news\/\"}]}<\/script>\n<!-- \/ Yoast SEO plugin. -->","yoast_head_json":{"title":"Esc\u00e1ndalo en Turqu\u00eda: la in\u00e9dita protesta de un equipo ante un fallo arbitral que lo perjudic\u00f3 - Lobos News","robots":{"index":"index","follow":"follow","max-snippet":"max-snippet:-1","max-image-preview":"max-image-preview:large","max-video-preview":"max-video-preview:-1"},"canonical":"https:\/\/lobosnews.com.ar\/index.php\/2026\/03\/15\/escandalo-en-turquia-la-inedita-protesta-de-un-equipo-ante-un-fallo-arbitral-que-lo-perjudico\/","og_locale":"es_ES","og_type":"article","og_title":"Esc\u00e1ndalo en Turqu\u00eda: la in\u00e9dita protesta de un equipo ante un fallo arbitral que lo perjudic\u00f3 - Lobos News","og_description":"El desenlace del duelo entre Kocaelispor y Konyaspor en la Superliga de Turqu\u00eda dej\u00f3 una imagen inesperada: el banco del equipo local completamente vac\u00edo en los \u00faltimos minutos. La escena ocurri\u00f3 justo despu\u00e9s de que el \u00e1rbitro Cihan Ayd\u0131n sancionara un penal a favor del equipo visitante en tiempo a\u00f1adido, lo que desencaden\u00f3 una protesta...","og_url":"https:\/\/lobosnews.com.ar\/index.php\/2026\/03\/15\/escandalo-en-turquia-la-inedita-protesta-de-un-equipo-ante-un-fallo-arbitral-que-lo-perjudico\/","og_site_name":"Lobos News","article_published_time":"2026-03-15T20:28:46+00:00","article_modified_time":"2026-03-15T20:56:43+00:00","og_image":[{"url":"https:\/\/lobosnews.com.ar\/wp-content\/uploads\/2026\/03\/escandalo-en-turquia-la-inedita-protesta-de-un-equipo-ante-un-fallo-arbitral-que-lo-perjudico.jpg","type":"","width":"","height":""}],"author":"admin","twitter_card":"summary_large_image","twitter_misc":{"Escrito por":"admin","Tiempo de lectura":"3 minutos"},"schema":{"@context":"https:\/\/schema.org","@graph":[{"@type":"Article","@id":"https:\/\/lobosnews.com.ar\/index.php\/2026\/03\/15\/escandalo-en-turquia-la-inedita-protesta-de-un-equipo-ante-un-fallo-arbitral-que-lo-perjudico\/#article","isPartOf":{"@id":"https:\/\/lobosnews.com.ar\/index.php\/2026\/03\/15\/escandalo-en-turquia-la-inedita-protesta-de-un-equipo-ante-un-fallo-arbitral-que-lo-perjudico\/"},"author":{"name":"admin","@id":"https:\/\/lobosnews.com.ar\/#\/schema\/person\/232422a593d5c541dd9aef6aaed10943"},"headline":"Esc\u00e1ndalo en Turqu\u00eda: la in\u00e9dita protesta de un equipo ante un fallo arbitral que lo perjudic\u00f3","datePublished":"2026-03-15T20:28:46+00:00","dateModified":"2026-03-15T20:56:43+00:00","mainEntityOfPage":{"@id":"https:\/\/lobosnews.com.ar\/index.php\/2026\/03\/15\/escandalo-en-turquia-la-inedita-protesta-de-un-equipo-ante-un-fallo-arbitral-que-lo-perjudico\/"},"wordCount":619,"commentCount":0,"publisher":{"@id":"https:\/\/lobosnews.com.ar\/#organization"},"image":{"@id":"https:\/\/lobosnews.com.ar\/index.php\/2026\/03\/15\/escandalo-en-turquia-la-inedita-protesta-de-un-equipo-ante-un-fallo-arbitral-que-lo-perjudico\/#primaryimage"},"thumbnailUrl":"https:\/\/lobosnews.com.ar\/wp-content\/uploads\/2026\/03\/escandalo-en-turquia-la-inedita-protesta-de-un-equipo-ante-un-fallo-arbitral-que-lo-perjudico.jpg","keywords":["Deportes"],"articleSection":["Argentina"],"inLanguage":"es","potentialAction":[{"@type":"CommentAction","name":"Comment","target":["https:\/\/lobosnews.com.ar\/index.php\/2026\/03\/15\/escandalo-en-turquia-la-inedita-protesta-de-un-equipo-ante-un-fallo-arbitral-que-lo-perjudico\/#respond"]}]},{"@type":"WebPage","@id":"https:\/\/lobosnews.com.ar\/index.php\/2026\/03\/15\/escandalo-en-turquia-la-inedita-protesta-de-un-equipo-ante-un-fallo-arbitral-que-lo-perjudico\/","url":"https:\/\/lobosnews.com.ar\/index.php\/2026\/03\/15\/escandalo-en-turquia-la-inedita-protesta-de-un-equipo-ante-un-fallo-arbitral-que-lo-perjudico\/","name":"Esc\u00e1ndalo en Turqu\u00eda: la in\u00e9dita protesta de un equipo ante un fallo arbitral que lo perjudic\u00f3 - Lobos News","isPartOf":{"@id":"https:\/\/lobosnews.com.ar\/#website"},"primaryImageOfPage":{"@id":"https:\/\/lobosnews.com.ar\/index.php\/2026\/03\/15\/escandalo-en-turquia-la-inedita-protesta-de-un-equipo-ante-un-fallo-arbitral-que-lo-perjudico\/#primaryimage"},"image":{"@id":"https:\/\/lobosnews.com.ar\/index.php\/2026\/03\/15\/escandalo-en-turquia-la-inedita-protesta-de-un-equipo-ante-un-fallo-arbitral-que-lo-perjudico\/#primaryimage"},"thumbnailUrl":"https:\/\/lobosnews.com.ar\/wp-content\/uploads\/2026\/03\/escandalo-en-turquia-la-inedita-protesta-de-un-equipo-ante-un-fallo-arbitral-que-lo-perjudico.jpg","datePublished":"2026-03-15T20:28:46+00:00","dateModified":"2026-03-15T20:56:43+00:00","breadcrumb":{"@id":"https:\/\/lobosnews.com.ar\/index.php\/2026\/03\/15\/escandalo-en-turquia-la-inedita-protesta-de-un-equipo-ante-un-fallo-arbitral-que-lo-perjudico\/#breadcrumb"},"inLanguage":"es","potentialAction":[{"@type":"ReadAction","target":["https:\/\/lobosnews.com.ar\/index.php\/2026\/03\/15\/escandalo-en-turquia-la-inedita-protesta-de-un-equipo-ante-un-fallo-arbitral-que-lo-perjudico\/"]}]},{"@type":"ImageObject","inLanguage":"es","@id":"https:\/\/lobosnews.com.ar\/index.php\/2026\/03\/15\/escandalo-en-turquia-la-inedita-protesta-de-un-equipo-ante-un-fallo-arbitral-que-lo-perjudico\/#primaryimage","url":"https:\/\/lobosnews.com.ar\/wp-content\/uploads\/2026\/03\/escandalo-en-turquia-la-inedita-protesta-de-un-equipo-ante-un-fallo-arbitral-que-lo-perjudico.jpg","contentUrl":"https:\/\/lobosnews.com.ar\/wp-content\/uploads\/2026\/03\/escandalo-en-turquia-la-inedita-protesta-de-un-equipo-ante-un-fallo-arbitral-que-lo-perjudico.jpg"},{"@type":"BreadcrumbList","@id":"https:\/\/lobosnews.com.ar\/index.php\/2026\/03\/15\/escandalo-en-turquia-la-inedita-protesta-de-un-equipo-ante-un-fallo-arbitral-que-lo-perjudico\/#breadcrumb","itemListElement":[{"@type":"ListItem","position":1,"name":"Portada","item":"https:\/\/lobosnews.com.ar\/"},{"@type":"ListItem","position":2,"name":"Esc\u00e1ndalo en Turqu\u00eda: la in\u00e9dita protesta de un equipo ante un fallo arbitral que lo perjudic\u00f3"}]},{"@type":"WebSite","@id":"https:\/\/lobosnews.com.ar\/#website","url":"https:\/\/lobosnews.com.ar\/","name":"Lobos News","description":"Informaci\u00f3n a cada instante","publisher":{"@id":"https:\/\/lobosnews.com.ar\/#organization"},"potentialAction":[{"@type":"SearchAction","target":{"@type":"EntryPoint","urlTemplate":"https:\/\/lobosnews.com.ar\/?s={search_term_string}"},"query-input":{"@type":"PropertyValueSpecification","valueRequired":true,"valueName":"search_term_string"}}],"inLanguage":"es"},{"@type":"Organization","@id":"https:\/\/lobosnews.com.ar\/#organization","name":"Lobos News","url":"https:\/\/lobosnews.com.ar\/","logo":{"@type":"ImageObject","inLanguage":"es","@id":"https:\/\/lobosnews.com.ar\/#\/schema\/logo\/image\/","url":"https:\/\/lobosnews.com.ar\/wp-content\/uploads\/2026\/01\/logo-lobosnews.png","contentUrl":"https:\/\/lobosnews.com.ar\/wp-content\/uploads\/2026\/01\/logo-lobosnews.png","width":500,"height":200,"caption":"Lobos News"},"image":{"@id":"https:\/\/lobosnews.com.ar\/#\/schema\/logo\/image\/"}},{"@type":"Person","@id":"https:\/\/lobosnews.com.ar\/#\/schema\/person\/232422a593d5c541dd9aef6aaed10943","name":"admin","image":{"@type":"ImageObject","inLanguage":"es","@id":"https:\/\/lobosnews.com.ar\/#\/schema\/person\/image\/","url":"https:\/\/secure.gravatar.com\/avatar\/76e419471a2083bc3ceab22a763dbbf9b0c1bd15a6214cf3280e2c2dde4580f9?s=96&d=mm&r=g","contentUrl":"https:\/\/secure.gravatar.com\/avatar\/76e419471a2083bc3ceab22a763dbbf9b0c1bd15a6214cf3280e2c2dde4580f9?s=96&d=mm&r=g","caption":"admin"},"sameAs":["https:\/\/lobosnews.com.ar"],"url":"https:\/\/lobosnews.com.ar\/index.php\/author\/lobos-news\/"}]}},"jetpack_featured_media_url":"","jetpack_sharing_enabled":true,"_links":{"self":[{"href":"https:\/\/lobosnews.com.ar\/index.php\/wp-json\/wp\/v2\/posts\/33983","targetHints":{"allow":["GET"]}}],"collection":[{"href":"https:\/\/lobosnews.com.ar\/index.php\/wp-json\/wp\/v2\/posts"}],"about":[{"href":"https:\/\/lobosnews.com.ar\/index.php\/wp-json\/wp\/v2\/types\/post"}],"author":[{"embeddable":true,"href":"https:\/\/lobosnews.com.ar\/index.php\/wp-json\/wp\/v2\/users\/1"}],"replies":[{"embeddable":true,"href":"https:\/\/lobosnews.com.ar\/index.php\/wp-json\/wp\/v2\/comments?post=33983"}],"version-history":[{"count":1,"href":"https:\/\/lobosnews.com.ar\/index.php\/wp-json\/wp\/v2\/posts\/33983\/revisions"}],"predecessor-version":[{"id":33985,"href":"https:\/\/lobosnews.com.ar\/index.php\/wp-json\/wp\/v2\/posts\/33983\/revisions\/33985"}],"wp:attachment":[{"href":"https:\/\/lobosnews.com.ar\/index.php\/wp-json\/wp\/v2\/media?parent=33983"}],"wp:term":[{"taxonomy":"category","embeddable":true,"href":"https:\/\/lobosnews.com.ar\/index.php\/wp-json\/wp\/v2\/categories?post=33983"},{"taxonomy":"post_tag","embeddable":true,"href":"https:\/\/lobosnews.com.ar\/index.php\/wp-json\/wp\/v2\/tags?post=33983"}],"curies":[{"name":"wp","href":"https:\/\/api.w.org\/{rel}","templated":true}]}}