{"id":33944,"date":"2026-03-15T13:26:00","date_gmt":"2026-03-15T13:26:00","guid":{"rendered":"https:\/\/lobosnews.com.ar\/index.php\/2026\/03\/15\/la-contaminacion-del-aire-puede-aumentar-el-riesgo-de-desarrollar-alzheimer-advierte-un-estudio\/"},"modified":"2026-03-15T15:44:56","modified_gmt":"2026-03-15T15:44:56","slug":"la-contaminacion-del-aire-puede-aumentar-el-riesgo-de-desarrollar-alzheimer-advierte-un-estudio","status":"publish","type":"post","link":"https:\/\/lobosnews.com.ar\/index.php\/2026\/03\/15\/la-contaminacion-del-aire-puede-aumentar-el-riesgo-de-desarrollar-alzheimer-advierte-un-estudio\/","title":{"rendered":"La contaminaci\u00f3n del aire puede aumentar el riesgo de desarrollar Alzheimer, advierte un estudio"},"content":{"rendered":"<p><img loading=\"lazy\" decoding=\"async\" src=\"https:\/\/lobosnews.com.ar\/wp-content\/uploads\/2026\/03\/la-contaminacion-del-aire-puede-aumentar-el-riesgo-de-desarrollar-alzheimer-advierte-un-estudio.jpg\" alt=\"La contaminaci\u00f3n del aire se asocia con un mayor riesgo de desarrollar Alzheimer en adultos mayores, seg\u00fan estudios recientes (Imagen Ilustrativa Infobae)\" height=\"768\" width=\"1408\"\/><\/p>\n<p>La <span class=\"waslinkname\"><b>contaminaci\u00f3n del aire<\/b><\/span> genera preocupaci\u00f3n entre neur\u00f3logos y especialistas en salud p\u00fablica, ya que investigaciones recientes<b> han vinculado de forma directa la exposici\u00f3n prolongada a aire contaminado con un mayor riesgo de enfermedades neurodegenerativas como el Alzheimer.<\/b> Varios estudios sostienen que, aunque este riesgo puede ser moderado, es posible reducirlo mediante medidas preventivas cotidianas orientadas a disminuir la exposici\u00f3n a contaminantes.<\/p>\n<p>Los datos disponibles se\u00f1alan que la exposici\u00f3n continua a part\u00edculas contaminantes incrementa tanto la probabilidad de enfermedades cardiovasculares como la vulnerabilidad cerebral ante el Alzheimer. Este riesgo es <b>especialmente elevado en personas mayores de 65 a\u00f1os o en quienes ya presentan da\u00f1o vascular<\/b>, seg\u00fan expertos en neurolog\u00eda y salud p\u00fablica. <\/p>\n<p>Si bien las acciones individuales no eliminan por completo el riesgo, introducir cambios en el entorno y en la rutina puede disminuir la exposici\u00f3n y reducir la probabilidad de desarrollar esta enfermedad, de acuerdo con la evidencia cient\u00edfica actual.<\/p>\n<h2>Relaci\u00f3n entre la exposici\u00f3n a contaminantes y el riesgo de Alzheimer<\/h2>\n<p><img loading=\"lazy\" decoding=\"async\" src=\"https:\/\/lobosnews.com.ar\/wp-content\/uploads\/2026\/03\/la-contaminacion-del-aire-puede-aumentar-el-riesgo-de-desarrollar-alzheimer-advierte-un-estudio-1.jpg\" alt=\"Especialistas en neurolog\u00eda destacan que el estr\u00e9s oxidativo y la inflamaci\u00f3n cerebral causados por contaminantes agravan la vulnerabilidad a enfermedades neurodegenerativas (Imagen Ilustrativa Infobae)\" height=\"768\" width=\"1408\"\/><\/p>\n<p>Una investigaci\u00f3n publicada en la revista m\u00e9dica <span class=\"waslinkname\"><i>PLOS Medicine<\/i><\/span> sigui\u00f3 durante dieciocho a\u00f1os a m\u00e1s de <b>27,8 millones de adultos mayores en Estados Unidos<\/b>, comparando los niveles de contaminaci\u00f3n atmosf\u00e9rica de sus lugares de residencia con los diagn\u00f3sticos nuevos de Alzheimer. <\/p>\n<p>Los resultados mostraron que quienes respiraban aire de peor calidad ten\u00edan un <b>mayor riesgo de padecer la enfermedad<\/b>. Por su parte, la publicaci\u00f3n especializada <span class=\"waslinkname\"><i>JAMA Neurology<\/i> <\/span>inform\u00f3 que, por cada microgramo adicional por metro c\u00fabico de part\u00edculas PM2.5, el riesgo de acumular marcadores de Alzheimer en el cerebro <b>aumentaba hasta en 19 %.<\/b><\/p>\n<p>Seg\u00fan los especialistas, las part\u00edculas contaminantes inhaladas pueden llegar al torrente sangu\u00edneo y provocar estr\u00e9s oxidativo e inflamaci\u00f3n cerebral. Este mecanismo da\u00f1a los vasos sangu\u00edneos y puede desencadenar hipertensi\u00f3n, depresi\u00f3n o accidentes cerebrovasculares. <\/p>\n<p><b>Davide Cappon<\/b>, director de neuropsicolog\u00eda del <b>Tufts Medical Center<\/b>, advierte que la contaminaci\u00f3n del aire incrementa el riesgo de Alzheimer incluso m\u00e1s all\u00e1 de los problemas vasculares o neurol\u00f3gicos previos.<\/p>\n<h2>C\u00f3mo la contaminaci\u00f3n del aire afecta la salud cerebral<\/h2>\n<p><img loading=\"lazy\" decoding=\"async\" src=\"https:\/\/lobosnews.com.ar\/wp-content\/uploads\/2026\/03\/la-contaminacion-del-aire-puede-aumentar-el-riesgo-de-desarrollar-alzheimer-advierte-un-estudio-2.jpg\" alt=\"Filtrar el aire con sistemas HEPA, usar mascarillas N95 y monitorear el \u00edndice de calidad del aire son recomendaciones clave para disminuir la exposici\u00f3n a contaminantes (Imagen Ilustrativa Infobae)\" height=\"768\" width=\"1408\"\/><\/p>\n<p>El impacto de la contaminaci\u00f3n atmosf\u00e9rica sobre la <span class=\"waslinkname\">salud cerebral<\/span> no se limita a los efectos cardiovasculares. Auriel A. Willette, profesora asociada de Neurolog\u00eda en <b>Rutgers University<\/b>, se\u00f1ala que el estr\u00e9s oxidativo y la inflamaci\u00f3n ocasionados por las part\u00edculas contaminantes pueden favorecer una mayor acumulaci\u00f3n de amiloide en el cerebro, considerado uno de los principales precursores biol\u00f3gicos del Alzheimer. <\/p>\n<p>Willette explica: <b>\u201cLa contaminaci\u00f3n del aire podr\u00eda llevar al cerebro a un estado m\u00e1s vulnerable al afectar las v\u00edas relacionadas con la inflamaci\u00f3n, los vasos sangu\u00edneos y el amiloide, lo que podr\u00eda contribuir a la enfermedad de Alzheimer\u201d<\/b>.<\/p>\n<p>Aunque las investigaciones no han identificado un mecanismo \u00fanico, coinciden en que el riesgo se determina por una combinaci\u00f3n de factores ambientales, gen\u00e9ticos y del estilo de vida. Cappon lo resume: <b>\u201cLa enfermedad de Alzheimer no surge por una sola causa, sino por la acumulaci\u00f3n de factores como la gen\u00e9tica, la salud vascular y el metabolismo a lo largo de d\u00e9cadas\u201d<\/b>. En este contexto, la contaminaci\u00f3n del aire se a\u00f1ade como un factor relevante entre los m\u00faltiples determinantes de la salud cerebral.<\/p>\n<p>Las personas mayores y quienes tienen antecedentes de accidentes cerebrovasculares o da\u00f1o vascular son especialmente vulnerables a los efectos de la contaminaci\u00f3n del aire. Seg\u00fan Davide Cappon, director de neuropsicolog\u00eda de<i>l Tufts Medical Center,<\/i> el cerebro con vasos sangu\u00edneos da\u00f1ados resiste peor el estr\u00e9s ambiental, por lo que el riesgo aumenta en estos grupos.<\/p>\n<h2>Consejos pr\u00e1cticos para reducir el riesgo de Alzheimer<\/h2>\n<p><img loading=\"lazy\" decoding=\"async\" src=\"https:\/\/lobosnews.com.ar\/wp-content\/uploads\/2026\/03\/la-contaminacion-del-aire-puede-aumentar-el-riesgo-de-desarrollar-alzheimer-advierte-un-estudio-3.jpg\" alt=\"El neur\u00f3logo Clifford Segil recomienda mantener el cerebro activo mediante el aprendizaje continuo y la resoluci\u00f3n de acertijos (Freepik)\" height=\"1080\" width=\"1920\"\/><\/p>\n<p>Si bien no es posible modificar la calidad del aire exterior a nivel individual, existen estrategias para reducir la exposici\u00f3n personal. <b>Utilizar un purificador de aire con filtro HEPA<\/b>, mantener puertas y ventanas cerradas durante episodios de alta contaminaci\u00f3n y emplear mascarillas <b>N95<\/b> al salir son recomendaciones respaldadas por expertos. Antes de realizar ejercicio al aire libre, resulta \u00fatil consultar el <b>\u00edndice de calidad del aire (ICA)<\/b>, que eval\u00faa el nivel de nocividad ambiental en una escala de 0 a 500.<\/p>\n<p>Otros consejos de especialistas, como Clifford Segil, neur\u00f3logo del <i>Providence Saint John\u2019s Health Center, <\/i>incluyen realizar m\u00e1s de <b>150 minutos semanales de <\/b><span class=\"waslinkname\"><b>actividad f\u00edsica<\/b><\/span><b>, mantener el cerebro activo a trav\u00e9s del aprendizaje o la resoluci\u00f3n de acertijos<\/b> y fomentar la socializaci\u00f3n<b>. La interacci\u00f3n frecuente con otras personas <\/b>favorece la salud cerebral y previene la soledad, asociada con un aumento de hasta <b>31 % en el riesgo de demencia<\/b>.<\/p>\n<p>No obstante, los expertos advierten que, aunque estas medidas ayudan a limitar la exposici\u00f3n a part\u00edculas peligrosas, todav\u00eda no existen pruebas concluyentes de que reduzcan el desarrollo del Alzheimer. Sin embargo, se consideran estrategias razonables dentro de un enfoque integral de prevenci\u00f3n y cuidado de la salud cerebral.<\/p>\n<p>La acumulaci\u00f3n persistente de contaminaci\u00f3n atmosf\u00e9rica representa un desaf\u00edo ambiental que impacta de manera concreta en la salud p\u00fablica. Las diferencias en los niveles de exposici\u00f3n pueden traducirse, con el tiempo, en riesgos tangibles para la poblaci\u00f3n, <b>lo que subraya la importancia de adoptar medidas tanto personales como colectivas para proteger la salud cerebral.<\/b><\/p>\n","protected":false},"excerpt":{"rendered":"<p>La contaminaci\u00f3n del aire genera preocupaci\u00f3n entre neur\u00f3logos y especialistas en salud p\u00fablica, ya que investigaciones recientes han vinculado de forma directa la exposici\u00f3n prolongada a aire contaminado con un mayor riesgo de enfermedades neurodegenerativas como el Alzheimer. Varios estudios sostienen que, aunque este riesgo puede ser moderado, es posible reducirlo mediante medidas preventivas cotidianas&#8230;<\/p>\n","protected":false},"author":1,"featured_media":33950,"comment_status":"open","ping_status":"closed","sticky":false,"template":"","format":"standard","meta":{"_jetpack_memberships_contains_paid_content":false,"footnotes":""},"categories":[81],"tags":[],"class_list":["post-33944","post","type-post","status-publish","format-standard","has-post-thumbnail","hentry","category-salud"],"magazineBlocksPostFeaturedMedia":{"thumbnail":"https:\/\/lobosnews.com.ar\/wp-content\/uploads\/2026\/03\/la-contaminacion-del-aire-puede-aumentar-el-riesgo-de-desarrollar-alzheimer-advierte-un-estudio-6-150x150.jpg","medium":"https:\/\/lobosnews.com.ar\/wp-content\/uploads\/2026\/03\/la-contaminacion-del-aire-puede-aumentar-el-riesgo-de-desarrollar-alzheimer-advierte-un-estudio-6-300x169.jpg","medium_large":"https:\/\/lobosnews.com.ar\/wp-content\/uploads\/2026\/03\/la-contaminacion-del-aire-puede-aumentar-el-riesgo-de-desarrollar-alzheimer-advierte-un-estudio-6-768x432.jpg","large":"https:\/\/lobosnews.com.ar\/wp-content\/uploads\/2026\/03\/la-contaminacion-del-aire-puede-aumentar-el-riesgo-de-desarrollar-alzheimer-advierte-un-estudio-6-1024x576.jpg","1536x1536":"https:\/\/lobosnews.com.ar\/wp-content\/uploads\/2026\/03\/la-contaminacion-del-aire-puede-aumentar-el-riesgo-de-desarrollar-alzheimer-advierte-un-estudio-6-1536x864.jpg","2048x2048":"https:\/\/lobosnews.com.ar\/wp-content\/uploads\/2026\/03\/la-contaminacion-del-aire-puede-aumentar-el-riesgo-de-desarrollar-alzheimer-advierte-un-estudio-6.jpg","newsmatic-featured":"https:\/\/lobosnews.com.ar\/wp-content\/uploads\/2026\/03\/la-contaminacion-del-aire-puede-aumentar-el-riesgo-de-desarrollar-alzheimer-advierte-un-estudio-6-820x545.jpg","newsmatic-list":"https:\/\/lobosnews.com.ar\/wp-content\/uploads\/2026\/03\/la-contaminacion-del-aire-puede-aumentar-el-riesgo-de-desarrollar-alzheimer-advierte-un-estudio-6-600x400.jpg","newsmatic-thumb":"https:\/\/lobosnews.com.ar\/wp-content\/uploads\/2026\/03\/la-contaminacion-del-aire-puede-aumentar-el-riesgo-de-desarrollar-alzheimer-advierte-un-estudio-6-300x200.jpg","newsmatic-small":"https:\/\/lobosnews.com.ar\/wp-content\/uploads\/2026\/03\/la-contaminacion-del-aire-puede-aumentar-el-riesgo-de-desarrollar-alzheimer-advierte-un-estudio-6-150x95.jpg","newsmatic-grid":"https:\/\/lobosnews.com.ar\/wp-content\/uploads\/2026\/03\/la-contaminacion-del-aire-puede-aumentar-el-riesgo-de-desarrollar-alzheimer-advierte-un-estudio-6-400x250.jpg"},"magazineBlocksPostAuthor":{"name":"admin","avatar":"https:\/\/secure.gravatar.com\/avatar\/76e419471a2083bc3ceab22a763dbbf9b0c1bd15a6214cf3280e2c2dde4580f9?s=96&d=mm&r=g"},"magazineBlocksPostCommentsNumber":"0","magazineBlocksPostExcerpt":"La contaminaci\u00f3n del aire genera preocupaci\u00f3n entre neur\u00f3logos y especialistas en salud p\u00fablica, ya que investigaciones recientes han vinculado de forma directa la exposici\u00f3n prolongada a aire contaminado con un mayor riesgo de enfermedades neurodegenerativas como el Alzheimer. Varios estudios sostienen que, aunque este riesgo puede ser moderado, es posible reducirlo mediante medidas preventivas cotidianas...","magazineBlocksPostCategories":["Salud"],"magazineBlocksPostViewCount":83,"magazineBlocksPostReadTime":5,"magazine_blocks_featured_image_url":{"full":["https:\/\/lobosnews.com.ar\/wp-content\/uploads\/2026\/03\/la-contaminacion-del-aire-puede-aumentar-el-riesgo-de-desarrollar-alzheimer-advierte-un-estudio-6.jpg",1920,1080,false],"medium":["https:\/\/lobosnews.com.ar\/wp-content\/uploads\/2026\/03\/la-contaminacion-del-aire-puede-aumentar-el-riesgo-de-desarrollar-alzheimer-advierte-un-estudio-6-300x169.jpg",300,169,true],"thumbnail":["https:\/\/lobosnews.com.ar\/wp-content\/uploads\/2026\/03\/la-contaminacion-del-aire-puede-aumentar-el-riesgo-de-desarrollar-alzheimer-advierte-un-estudio-6-150x150.jpg",150,150,true]},"magazine_blocks_author":{"display_name":"admin","author_link":"https:\/\/lobosnews.com.ar\/index.php\/author\/lobos-news\/"},"magazine_blocks_comment":0,"magazine_blocks_author_image":"https:\/\/secure.gravatar.com\/avatar\/76e419471a2083bc3ceab22a763dbbf9b0c1bd15a6214cf3280e2c2dde4580f9?s=96&d=mm&r=g","magazine_blocks_category":"<a href=\"#\" class=\"category-link category-link-81\">Salud<\/a>","yoast_head":"<!-- This site is optimized with the Yoast SEO plugin v26.6 - https:\/\/yoast.com\/wordpress\/plugins\/seo\/ -->\n<title>La contaminaci\u00f3n del aire puede aumentar el riesgo de desarrollar Alzheimer, advierte un estudio - Lobos News<\/title>\n<meta name=\"robots\" content=\"index, follow, max-snippet:-1, max-image-preview:large, max-video-preview:-1\" \/>\n<link rel=\"canonical\" href=\"https:\/\/lobosnews.com.ar\/index.php\/2026\/03\/15\/la-contaminacion-del-aire-puede-aumentar-el-riesgo-de-desarrollar-alzheimer-advierte-un-estudio\/\" \/>\n<meta property=\"og:locale\" content=\"es_ES\" \/>\n<meta property=\"og:type\" content=\"article\" \/>\n<meta property=\"og:title\" content=\"La contaminaci\u00f3n del aire puede aumentar el riesgo de desarrollar Alzheimer, advierte un estudio - Lobos News\" \/>\n<meta property=\"og:description\" content=\"La contaminaci\u00f3n del aire genera preocupaci\u00f3n entre neur\u00f3logos y especialistas en salud p\u00fablica, ya que investigaciones recientes han vinculado de forma directa la exposici\u00f3n prolongada a aire contaminado con un mayor riesgo de enfermedades neurodegenerativas como el Alzheimer. Varios estudios sostienen que, aunque este riesgo puede ser moderado, es posible reducirlo mediante medidas preventivas cotidianas...\" \/>\n<meta property=\"og:url\" content=\"https:\/\/lobosnews.com.ar\/index.php\/2026\/03\/15\/la-contaminacion-del-aire-puede-aumentar-el-riesgo-de-desarrollar-alzheimer-advierte-un-estudio\/\" \/>\n<meta property=\"og:site_name\" content=\"Lobos News\" \/>\n<meta property=\"article:published_time\" content=\"2026-03-15T13:26:00+00:00\" \/>\n<meta property=\"article:modified_time\" content=\"2026-03-15T15:44:56+00:00\" \/>\n<meta property=\"og:image\" content=\"https:\/\/lobosnews.com.ar\/wp-content\/uploads\/2026\/03\/la-contaminacion-del-aire-puede-aumentar-el-riesgo-de-desarrollar-alzheimer-advierte-un-estudio.jpg\" \/>\n<meta name=\"author\" content=\"admin\" \/>\n<meta name=\"twitter:card\" content=\"summary_large_image\" \/>\n<meta name=\"twitter:label1\" content=\"Escrito por\" \/>\n\t<meta name=\"twitter:data1\" content=\"admin\" \/>\n\t<meta name=\"twitter:label2\" content=\"Tiempo de lectura\" \/>\n\t<meta name=\"twitter:data2\" content=\"5 minutos\" \/>\n<script type=\"application\/ld+json\" class=\"yoast-schema-graph\">{\"@context\":\"https:\/\/schema.org\",\"@graph\":[{\"@type\":\"Article\",\"@id\":\"https:\/\/lobosnews.com.ar\/index.php\/2026\/03\/15\/la-contaminacion-del-aire-puede-aumentar-el-riesgo-de-desarrollar-alzheimer-advierte-un-estudio\/#article\",\"isPartOf\":{\"@id\":\"https:\/\/lobosnews.com.ar\/index.php\/2026\/03\/15\/la-contaminacion-del-aire-puede-aumentar-el-riesgo-de-desarrollar-alzheimer-advierte-un-estudio\/\"},\"author\":{\"name\":\"admin\",\"@id\":\"https:\/\/lobosnews.com.ar\/#\/schema\/person\/232422a593d5c541dd9aef6aaed10943\"},\"headline\":\"La contaminaci\u00f3n del aire puede aumentar el riesgo de desarrollar Alzheimer, advierte un estudio\",\"datePublished\":\"2026-03-15T13:26:00+00:00\",\"dateModified\":\"2026-03-15T15:44:56+00:00\",\"mainEntityOfPage\":{\"@id\":\"https:\/\/lobosnews.com.ar\/index.php\/2026\/03\/15\/la-contaminacion-del-aire-puede-aumentar-el-riesgo-de-desarrollar-alzheimer-advierte-un-estudio\/\"},\"wordCount\":924,\"commentCount\":0,\"publisher\":{\"@id\":\"https:\/\/lobosnews.com.ar\/#organization\"},\"image\":{\"@id\":\"https:\/\/lobosnews.com.ar\/index.php\/2026\/03\/15\/la-contaminacion-del-aire-puede-aumentar-el-riesgo-de-desarrollar-alzheimer-advierte-un-estudio\/#primaryimage\"},\"thumbnailUrl\":\"https:\/\/lobosnews.com.ar\/wp-content\/uploads\/2026\/03\/la-contaminacion-del-aire-puede-aumentar-el-riesgo-de-desarrollar-alzheimer-advierte-un-estudio-6.jpg\",\"articleSection\":[\"Salud\"],\"inLanguage\":\"es\",\"potentialAction\":[{\"@type\":\"CommentAction\",\"name\":\"Comment\",\"target\":[\"https:\/\/lobosnews.com.ar\/index.php\/2026\/03\/15\/la-contaminacion-del-aire-puede-aumentar-el-riesgo-de-desarrollar-alzheimer-advierte-un-estudio\/#respond\"]}]},{\"@type\":\"WebPage\",\"@id\":\"https:\/\/lobosnews.com.ar\/index.php\/2026\/03\/15\/la-contaminacion-del-aire-puede-aumentar-el-riesgo-de-desarrollar-alzheimer-advierte-un-estudio\/\",\"url\":\"https:\/\/lobosnews.com.ar\/index.php\/2026\/03\/15\/la-contaminacion-del-aire-puede-aumentar-el-riesgo-de-desarrollar-alzheimer-advierte-un-estudio\/\",\"name\":\"La contaminaci\u00f3n del aire puede aumentar el riesgo de desarrollar Alzheimer, advierte un estudio - Lobos News\",\"isPartOf\":{\"@id\":\"https:\/\/lobosnews.com.ar\/#website\"},\"primaryImageOfPage\":{\"@id\":\"https:\/\/lobosnews.com.ar\/index.php\/2026\/03\/15\/la-contaminacion-del-aire-puede-aumentar-el-riesgo-de-desarrollar-alzheimer-advierte-un-estudio\/#primaryimage\"},\"image\":{\"@id\":\"https:\/\/lobosnews.com.ar\/index.php\/2026\/03\/15\/la-contaminacion-del-aire-puede-aumentar-el-riesgo-de-desarrollar-alzheimer-advierte-un-estudio\/#primaryimage\"},\"thumbnailUrl\":\"https:\/\/lobosnews.com.ar\/wp-content\/uploads\/2026\/03\/la-contaminacion-del-aire-puede-aumentar-el-riesgo-de-desarrollar-alzheimer-advierte-un-estudio-6.jpg\",\"datePublished\":\"2026-03-15T13:26:00+00:00\",\"dateModified\":\"2026-03-15T15:44:56+00:00\",\"breadcrumb\":{\"@id\":\"https:\/\/lobosnews.com.ar\/index.php\/2026\/03\/15\/la-contaminacion-del-aire-puede-aumentar-el-riesgo-de-desarrollar-alzheimer-advierte-un-estudio\/#breadcrumb\"},\"inLanguage\":\"es\",\"potentialAction\":[{\"@type\":\"ReadAction\",\"target\":[\"https:\/\/lobosnews.com.ar\/index.php\/2026\/03\/15\/la-contaminacion-del-aire-puede-aumentar-el-riesgo-de-desarrollar-alzheimer-advierte-un-estudio\/\"]}]},{\"@type\":\"ImageObject\",\"inLanguage\":\"es\",\"@id\":\"https:\/\/lobosnews.com.ar\/index.php\/2026\/03\/15\/la-contaminacion-del-aire-puede-aumentar-el-riesgo-de-desarrollar-alzheimer-advierte-un-estudio\/#primaryimage\",\"url\":\"https:\/\/lobosnews.com.ar\/wp-content\/uploads\/2026\/03\/la-contaminacion-del-aire-puede-aumentar-el-riesgo-de-desarrollar-alzheimer-advierte-un-estudio-6.jpg\",\"contentUrl\":\"https:\/\/lobosnews.com.ar\/wp-content\/uploads\/2026\/03\/la-contaminacion-del-aire-puede-aumentar-el-riesgo-de-desarrollar-alzheimer-advierte-un-estudio-6.jpg\",\"width\":1920,\"height\":1080,\"caption\":\"La contaminaci\u00f3n del aire puede aumentar el riesgo de desarrollar Alzheimer, advierte un estudio\"},{\"@type\":\"BreadcrumbList\",\"@id\":\"https:\/\/lobosnews.com.ar\/index.php\/2026\/03\/15\/la-contaminacion-del-aire-puede-aumentar-el-riesgo-de-desarrollar-alzheimer-advierte-un-estudio\/#breadcrumb\",\"itemListElement\":[{\"@type\":\"ListItem\",\"position\":1,\"name\":\"Portada\",\"item\":\"https:\/\/lobosnews.com.ar\/\"},{\"@type\":\"ListItem\",\"position\":2,\"name\":\"La contaminaci\u00f3n del aire puede aumentar el riesgo de desarrollar Alzheimer, advierte un estudio\"}]},{\"@type\":\"WebSite\",\"@id\":\"https:\/\/lobosnews.com.ar\/#website\",\"url\":\"https:\/\/lobosnews.com.ar\/\",\"name\":\"Lobos News\",\"description\":\"Informaci\u00f3n a cada instante\",\"publisher\":{\"@id\":\"https:\/\/lobosnews.com.ar\/#organization\"},\"potentialAction\":[{\"@type\":\"SearchAction\",\"target\":{\"@type\":\"EntryPoint\",\"urlTemplate\":\"https:\/\/lobosnews.com.ar\/?s={search_term_string}\"},\"query-input\":{\"@type\":\"PropertyValueSpecification\",\"valueRequired\":true,\"valueName\":\"search_term_string\"}}],\"inLanguage\":\"es\"},{\"@type\":\"Organization\",\"@id\":\"https:\/\/lobosnews.com.ar\/#organization\",\"name\":\"Lobos News\",\"url\":\"https:\/\/lobosnews.com.ar\/\",\"logo\":{\"@type\":\"ImageObject\",\"inLanguage\":\"es\",\"@id\":\"https:\/\/lobosnews.com.ar\/#\/schema\/logo\/image\/\",\"url\":\"https:\/\/lobosnews.com.ar\/wp-content\/uploads\/2026\/01\/logo-lobosnews.png\",\"contentUrl\":\"https:\/\/lobosnews.com.ar\/wp-content\/uploads\/2026\/01\/logo-lobosnews.png\",\"width\":500,\"height\":200,\"caption\":\"Lobos News\"},\"image\":{\"@id\":\"https:\/\/lobosnews.com.ar\/#\/schema\/logo\/image\/\"}},{\"@type\":\"Person\",\"@id\":\"https:\/\/lobosnews.com.ar\/#\/schema\/person\/232422a593d5c541dd9aef6aaed10943\",\"name\":\"admin\",\"image\":{\"@type\":\"ImageObject\",\"inLanguage\":\"es\",\"@id\":\"https:\/\/lobosnews.com.ar\/#\/schema\/person\/image\/\",\"url\":\"https:\/\/secure.gravatar.com\/avatar\/76e419471a2083bc3ceab22a763dbbf9b0c1bd15a6214cf3280e2c2dde4580f9?s=96&d=mm&r=g\",\"contentUrl\":\"https:\/\/secure.gravatar.com\/avatar\/76e419471a2083bc3ceab22a763dbbf9b0c1bd15a6214cf3280e2c2dde4580f9?s=96&d=mm&r=g\",\"caption\":\"admin\"},\"sameAs\":[\"https:\/\/lobosnews.com.ar\"],\"url\":\"https:\/\/lobosnews.com.ar\/index.php\/author\/lobos-news\/\"}]}<\/script>\n<!-- \/ Yoast SEO plugin. -->","yoast_head_json":{"title":"La contaminaci\u00f3n del aire puede aumentar el riesgo de desarrollar Alzheimer, advierte un estudio - Lobos News","robots":{"index":"index","follow":"follow","max-snippet":"max-snippet:-1","max-image-preview":"max-image-preview:large","max-video-preview":"max-video-preview:-1"},"canonical":"https:\/\/lobosnews.com.ar\/index.php\/2026\/03\/15\/la-contaminacion-del-aire-puede-aumentar-el-riesgo-de-desarrollar-alzheimer-advierte-un-estudio\/","og_locale":"es_ES","og_type":"article","og_title":"La contaminaci\u00f3n del aire puede aumentar el riesgo de desarrollar Alzheimer, advierte un estudio - Lobos News","og_description":"La contaminaci\u00f3n del aire genera preocupaci\u00f3n entre neur\u00f3logos y especialistas en salud p\u00fablica, ya que investigaciones recientes han vinculado de forma directa la exposici\u00f3n prolongada a aire contaminado con un mayor riesgo de enfermedades neurodegenerativas como el Alzheimer. Varios estudios sostienen que, aunque este riesgo puede ser moderado, es posible reducirlo mediante medidas preventivas cotidianas...","og_url":"https:\/\/lobosnews.com.ar\/index.php\/2026\/03\/15\/la-contaminacion-del-aire-puede-aumentar-el-riesgo-de-desarrollar-alzheimer-advierte-un-estudio\/","og_site_name":"Lobos News","article_published_time":"2026-03-15T13:26:00+00:00","article_modified_time":"2026-03-15T15:44:56+00:00","og_image":[{"url":"https:\/\/lobosnews.com.ar\/wp-content\/uploads\/2026\/03\/la-contaminacion-del-aire-puede-aumentar-el-riesgo-de-desarrollar-alzheimer-advierte-un-estudio.jpg","type":"","width":"","height":""}],"author":"admin","twitter_card":"summary_large_image","twitter_misc":{"Escrito por":"admin","Tiempo de lectura":"5 minutos"},"schema":{"@context":"https:\/\/schema.org","@graph":[{"@type":"Article","@id":"https:\/\/lobosnews.com.ar\/index.php\/2026\/03\/15\/la-contaminacion-del-aire-puede-aumentar-el-riesgo-de-desarrollar-alzheimer-advierte-un-estudio\/#article","isPartOf":{"@id":"https:\/\/lobosnews.com.ar\/index.php\/2026\/03\/15\/la-contaminacion-del-aire-puede-aumentar-el-riesgo-de-desarrollar-alzheimer-advierte-un-estudio\/"},"author":{"name":"admin","@id":"https:\/\/lobosnews.com.ar\/#\/schema\/person\/232422a593d5c541dd9aef6aaed10943"},"headline":"La contaminaci\u00f3n del aire puede aumentar el riesgo de desarrollar Alzheimer, advierte un estudio","datePublished":"2026-03-15T13:26:00+00:00","dateModified":"2026-03-15T15:44:56+00:00","mainEntityOfPage":{"@id":"https:\/\/lobosnews.com.ar\/index.php\/2026\/03\/15\/la-contaminacion-del-aire-puede-aumentar-el-riesgo-de-desarrollar-alzheimer-advierte-un-estudio\/"},"wordCount":924,"commentCount":0,"publisher":{"@id":"https:\/\/lobosnews.com.ar\/#organization"},"image":{"@id":"https:\/\/lobosnews.com.ar\/index.php\/2026\/03\/15\/la-contaminacion-del-aire-puede-aumentar-el-riesgo-de-desarrollar-alzheimer-advierte-un-estudio\/#primaryimage"},"thumbnailUrl":"https:\/\/lobosnews.com.ar\/wp-content\/uploads\/2026\/03\/la-contaminacion-del-aire-puede-aumentar-el-riesgo-de-desarrollar-alzheimer-advierte-un-estudio-6.jpg","articleSection":["Salud"],"inLanguage":"es","potentialAction":[{"@type":"CommentAction","name":"Comment","target":["https:\/\/lobosnews.com.ar\/index.php\/2026\/03\/15\/la-contaminacion-del-aire-puede-aumentar-el-riesgo-de-desarrollar-alzheimer-advierte-un-estudio\/#respond"]}]},{"@type":"WebPage","@id":"https:\/\/lobosnews.com.ar\/index.php\/2026\/03\/15\/la-contaminacion-del-aire-puede-aumentar-el-riesgo-de-desarrollar-alzheimer-advierte-un-estudio\/","url":"https:\/\/lobosnews.com.ar\/index.php\/2026\/03\/15\/la-contaminacion-del-aire-puede-aumentar-el-riesgo-de-desarrollar-alzheimer-advierte-un-estudio\/","name":"La contaminaci\u00f3n del aire puede aumentar el riesgo de desarrollar Alzheimer, advierte un estudio - Lobos News","isPartOf":{"@id":"https:\/\/lobosnews.com.ar\/#website"},"primaryImageOfPage":{"@id":"https:\/\/lobosnews.com.ar\/index.php\/2026\/03\/15\/la-contaminacion-del-aire-puede-aumentar-el-riesgo-de-desarrollar-alzheimer-advierte-un-estudio\/#primaryimage"},"image":{"@id":"https:\/\/lobosnews.com.ar\/index.php\/2026\/03\/15\/la-contaminacion-del-aire-puede-aumentar-el-riesgo-de-desarrollar-alzheimer-advierte-un-estudio\/#primaryimage"},"thumbnailUrl":"https:\/\/lobosnews.com.ar\/wp-content\/uploads\/2026\/03\/la-contaminacion-del-aire-puede-aumentar-el-riesgo-de-desarrollar-alzheimer-advierte-un-estudio-6.jpg","datePublished":"2026-03-15T13:26:00+00:00","dateModified":"2026-03-15T15:44:56+00:00","breadcrumb":{"@id":"https:\/\/lobosnews.com.ar\/index.php\/2026\/03\/15\/la-contaminacion-del-aire-puede-aumentar-el-riesgo-de-desarrollar-alzheimer-advierte-un-estudio\/#breadcrumb"},"inLanguage":"es","potentialAction":[{"@type":"ReadAction","target":["https:\/\/lobosnews.com.ar\/index.php\/2026\/03\/15\/la-contaminacion-del-aire-puede-aumentar-el-riesgo-de-desarrollar-alzheimer-advierte-un-estudio\/"]}]},{"@type":"ImageObject","inLanguage":"es","@id":"https:\/\/lobosnews.com.ar\/index.php\/2026\/03\/15\/la-contaminacion-del-aire-puede-aumentar-el-riesgo-de-desarrollar-alzheimer-advierte-un-estudio\/#primaryimage","url":"https:\/\/lobosnews.com.ar\/wp-content\/uploads\/2026\/03\/la-contaminacion-del-aire-puede-aumentar-el-riesgo-de-desarrollar-alzheimer-advierte-un-estudio-6.jpg","contentUrl":"https:\/\/lobosnews.com.ar\/wp-content\/uploads\/2026\/03\/la-contaminacion-del-aire-puede-aumentar-el-riesgo-de-desarrollar-alzheimer-advierte-un-estudio-6.jpg","width":1920,"height":1080,"caption":"La contaminaci\u00f3n del aire puede aumentar el riesgo de desarrollar Alzheimer, advierte un estudio"},{"@type":"BreadcrumbList","@id":"https:\/\/lobosnews.com.ar\/index.php\/2026\/03\/15\/la-contaminacion-del-aire-puede-aumentar-el-riesgo-de-desarrollar-alzheimer-advierte-un-estudio\/#breadcrumb","itemListElement":[{"@type":"ListItem","position":1,"name":"Portada","item":"https:\/\/lobosnews.com.ar\/"},{"@type":"ListItem","position":2,"name":"La contaminaci\u00f3n del aire puede aumentar el riesgo de desarrollar Alzheimer, advierte un estudio"}]},{"@type":"WebSite","@id":"https:\/\/lobosnews.com.ar\/#website","url":"https:\/\/lobosnews.com.ar\/","name":"Lobos News","description":"Informaci\u00f3n a cada instante","publisher":{"@id":"https:\/\/lobosnews.com.ar\/#organization"},"potentialAction":[{"@type":"SearchAction","target":{"@type":"EntryPoint","urlTemplate":"https:\/\/lobosnews.com.ar\/?s={search_term_string}"},"query-input":{"@type":"PropertyValueSpecification","valueRequired":true,"valueName":"search_term_string"}}],"inLanguage":"es"},{"@type":"Organization","@id":"https:\/\/lobosnews.com.ar\/#organization","name":"Lobos News","url":"https:\/\/lobosnews.com.ar\/","logo":{"@type":"ImageObject","inLanguage":"es","@id":"https:\/\/lobosnews.com.ar\/#\/schema\/logo\/image\/","url":"https:\/\/lobosnews.com.ar\/wp-content\/uploads\/2026\/01\/logo-lobosnews.png","contentUrl":"https:\/\/lobosnews.com.ar\/wp-content\/uploads\/2026\/01\/logo-lobosnews.png","width":500,"height":200,"caption":"Lobos News"},"image":{"@id":"https:\/\/lobosnews.com.ar\/#\/schema\/logo\/image\/"}},{"@type":"Person","@id":"https:\/\/lobosnews.com.ar\/#\/schema\/person\/232422a593d5c541dd9aef6aaed10943","name":"admin","image":{"@type":"ImageObject","inLanguage":"es","@id":"https:\/\/lobosnews.com.ar\/#\/schema\/person\/image\/","url":"https:\/\/secure.gravatar.com\/avatar\/76e419471a2083bc3ceab22a763dbbf9b0c1bd15a6214cf3280e2c2dde4580f9?s=96&d=mm&r=g","contentUrl":"https:\/\/secure.gravatar.com\/avatar\/76e419471a2083bc3ceab22a763dbbf9b0c1bd15a6214cf3280e2c2dde4580f9?s=96&d=mm&r=g","caption":"admin"},"sameAs":["https:\/\/lobosnews.com.ar"],"url":"https:\/\/lobosnews.com.ar\/index.php\/author\/lobos-news\/"}]}},"jetpack_featured_media_url":"https:\/\/lobosnews.com.ar\/wp-content\/uploads\/2026\/03\/la-contaminacion-del-aire-puede-aumentar-el-riesgo-de-desarrollar-alzheimer-advierte-un-estudio-6.jpg","jetpack_sharing_enabled":true,"_links":{"self":[{"href":"https:\/\/lobosnews.com.ar\/index.php\/wp-json\/wp\/v2\/posts\/33944","targetHints":{"allow":["GET"]}}],"collection":[{"href":"https:\/\/lobosnews.com.ar\/index.php\/wp-json\/wp\/v2\/posts"}],"about":[{"href":"https:\/\/lobosnews.com.ar\/index.php\/wp-json\/wp\/v2\/types\/post"}],"author":[{"embeddable":true,"href":"https:\/\/lobosnews.com.ar\/index.php\/wp-json\/wp\/v2\/users\/1"}],"replies":[{"embeddable":true,"href":"https:\/\/lobosnews.com.ar\/index.php\/wp-json\/wp\/v2\/comments?post=33944"}],"version-history":[{"count":1,"href":"https:\/\/lobosnews.com.ar\/index.php\/wp-json\/wp\/v2\/posts\/33944\/revisions"}],"predecessor-version":[{"id":33949,"href":"https:\/\/lobosnews.com.ar\/index.php\/wp-json\/wp\/v2\/posts\/33944\/revisions\/33949"}],"wp:featuredmedia":[{"embeddable":true,"href":"https:\/\/lobosnews.com.ar\/index.php\/wp-json\/wp\/v2\/media\/33950"}],"wp:attachment":[{"href":"https:\/\/lobosnews.com.ar\/index.php\/wp-json\/wp\/v2\/media?parent=33944"}],"wp:term":[{"taxonomy":"category","embeddable":true,"href":"https:\/\/lobosnews.com.ar\/index.php\/wp-json\/wp\/v2\/categories?post=33944"},{"taxonomy":"post_tag","embeddable":true,"href":"https:\/\/lobosnews.com.ar\/index.php\/wp-json\/wp\/v2\/tags?post=33944"}],"curies":[{"name":"wp","href":"https:\/\/api.w.org\/{rel}","templated":true}]}}