{"id":33913,"date":"2026-03-15T14:26:05","date_gmt":"2026-03-15T14:26:05","guid":{"rendered":"https:\/\/lobosnews.com.ar\/index.php\/2026\/03\/15\/la-emocion-de-angela-torres-tras-su-vibrante-show-en-lollapalooza-argentina-2026-no-tengo-palabras\/"},"modified":"2026-03-15T15:26:37","modified_gmt":"2026-03-15T15:26:37","slug":"la-emocion-de-angela-torres-tras-su-vibrante-show-en-lollapalooza-argentina-2026-no-tengo-palabras","status":"publish","type":"post","link":"https:\/\/lobosnews.com.ar\/index.php\/2026\/03\/15\/la-emocion-de-angela-torres-tras-su-vibrante-show-en-lollapalooza-argentina-2026-no-tengo-palabras\/","title":{"rendered":"La emoci\u00f3n de \u00c1ngela Torres tras su vibrante show en Lollapalooza Argentina 2026: \u201cNo tengo palabras\u201d"},"content":{"rendered":"<p><img fetchpriority=\"high\" decoding=\"async\" src=\"https:\/\/lobosnews.com.ar\/wp-content\/uploads\/2026\/03\/la-emocion-de-angela-torres-tras-su-vibrante-show-en-lollapalooza-argentina-2026-no-tengo-palabras.jpg\" alt=\"\u00c1ngela Torres arras\u00f3 con su show en la segunda jornada del festival (Jaime Olivos)\" height=\"1080\" width=\"1920\"\/><\/p>\n<p><span class=\"waslinkname\">La segunda jornada de <\/span><span class=\"waslinkname\"><b>Lollapalooza Argentina 2026<\/b><\/span><b> fue una verdadera explosi\u00f3n de emociones<\/b>, no solo para los miles de fan\u00e1ticos que colmaron el Hip\u00f3dromo de San Isidro, sino tambi\u00e9n para los propios artistas que tuvieron la oportunidad de presentarse en uno de los escenarios m\u00e1s importantes del pa\u00eds. Entre las figuras m\u00e1s destacadas del d\u00eda se encontr\u00f3<span class=\"waslinkname\"><b> \u00c1ngela Torres<\/b><\/span>, <b>quien confirm\u00f3 su gran momento art\u00edstico con un show vibrante desde el Samsung Stage<\/b> y una conexi\u00f3n emotiva con su p\u00fablico que qued\u00f3 plasmada en cada instante del recital.<\/p>\n<p>\u00c1ngela, que en 2025 dio un giro a su carrera con el lanzamiento de su disco debut \u201cNo me olvides\u201d,<b> se mostr\u00f3 conmovida ante la multitud que la acompa\u00f1\u00f3 y no dud\u00f3 en compartir su alegr\u00eda en redes sociales<\/b>. <b>\u201cNo s\u00e9 qu\u00e9 poner porque no tengo palabras<\/b>\u201d, escribi\u00f3 la cantante, junto a una serie de postales que retrataron la intensidad de la jornada: una imagen de espaldas mirando a la enorme audiencia, otra desde el interior de un auto y varias junto a sus fans, cantando a pocos metros del vallado y recibiendo el cari\u00f1o de los presentes.<\/p>\n<p><img loading=\"lazy\" decoding=\"async\" src=\"https:\/\/lobosnews.com.ar\/wp-content\/uploads\/2026\/03\/la-emocion-de-angela-torres-tras-su-vibrante-show-en-lollapalooza-argentina-2026-no-tengo-palabras-1.jpg\" alt=\"Torres emocion\u00f3 en el Samsung Stage y celebr\u00f3 su gran presente musical ante miles de fan\u00e1ticos (Instagram)\" height=\"720\" width=\"1080\"\/><\/p>\n<p>El presente de la artista es, sin dudas, el m\u00e1s relevante de su trayectoria. Sobrina de <span class=\"waslinkname\"><b>Diego Torres<\/b><\/span> e hija de <span class=\"waslinkname\"><b>Gloria Carr\u00e1<\/b><\/span>, \u00c1ngela supo construir su propio camino, apostando por la m\u00fasica luego de una etapa intensa en la televisi\u00f3n y el teatro. Con \u201cNo me olvides\u201d, su primer \u00e1lbum de estudio,<b> la joven explora el pop desde una sonoridad en\u00e9rgica y moderna<\/b>, pero con letras que no temen adentrarse en los matices de la oscuridad, la vulnerabilidad y los contrastes personales.<\/p>\n<p>En el escenario, canciones como \u201cOOPS!\u201d, \u201cNO ME OLVIDES\u201d y \u201cFAVORITA\u201d encendieron la fiesta, dejando en claro el costado m\u00e1s bailable y poderoso de su repertorio, mientras que otros temas como \u201cPLACARD\u201d, \u201cLUZ ROJA\u201d, \u201cMAL\u201d, \u201cDEMASIADO\u201d, \u201cV\u00c9RTIGO\u201d y \u201cSUPERH\u00c9ROE\u201d adoptaron un tono m\u00e1s melanc\u00f3lico, con baladas que abordan el dolor, la nostalgia y la sensibilidad emocional. La artista supo moverse con soltura entre ambos mundos: el de la pista y el de la introspecci\u00f3n.<\/p>\n<p><img loading=\"lazy\" decoding=\"async\" src=\"https:\/\/lobosnews.com.ar\/wp-content\/uploads\/2026\/03\/la-emocion-de-angela-torres-tras-su-vibrante-show-en-lollapalooza-argentina-2026-no-tengo-palabras-2.jpg\" alt=\"Entre selfies, canciones y ovaciones, \u00c1ngela Torres reafirm\u00f3 su lugar en la escena pop nacional (Instagram)\" height=\"720\" width=\"1080\"\/><\/p>\n<p>No faltaron los momentos de experimentaci\u00f3n electr\u00f3nica y nocturna, con canciones como \u201cFRIKI\u201d y \u201cDONDEESTANMISAMIGOS\u201d, ideales para el clima de fiesta y luces del festival, pero siempre atravesados por la impronta personal de \u00c1ngela y su manera de narrar emociones profundas. La versatilidad de la cantante, capaz de transitar del pop m\u00e1s brillante a la balada m\u00e1s sincera, fue uno de los puntos altos de la jornada.<\/p>\n<p>Uno de los momentos m\u00e1s emotivos y celebrados de su show lleg\u00f3 cuando <b>\u00c1ngela sorprendi\u00f3 a todos al interpretar \u201cComo la cigarra\u201d, el cl\u00e1sico de Mar\u00eda Elena Walsh popularizado por <\/b><span class=\"waslinkname\"><b>Mercedes Sosa<\/b><\/span>. La elecci\u00f3n de la canci\u00f3n no fue casual: la artista quiso rendir homenaje al D\u00eda de la Memoria, la Verdad y la Justicia, en un contexto de festival donde la m\u00fasica tambi\u00e9n puede ser espacio de reflexi\u00f3n. <\/p>\n<p><img loading=\"lazy\" decoding=\"async\" src=\"https:\/\/lobosnews.com.ar\/wp-content\/uploads\/2026\/03\/la-emocion-de-angela-torres-tras-su-vibrante-show-en-lollapalooza-argentina-2026-no-tengo-palabras-3.jpg\" alt=\"La artista vivi\u00f3 una jornada inolvidable y sorprendi\u00f3 al interpretar \u201cComo la cigarra\u201d en homenaje al D\u00eda de la Memoria (Jaime Olivos)\" height=\"1280\" width=\"1920\"\/><\/p>\n<p>\u201c<b>Es una \u00e9poca que much\u00edsimos de nosotros no vivimos y por eso siento que es muy importante<\/b>, de ac\u00e1 a los pr\u00f3ximos cincuenta a\u00f1os y para siempre,<b> que nos hagamos responsables de la memoria, la verdad y la justicia<\/b>. Que nunca jam\u00e1s vuelva a pasar lo que pas\u00f3. Los amo. Muchas gracias. Gracias por este momento incre\u00edble\u201d, expres\u00f3 con emoci\u00f3n, generando una ovaci\u00f3n entre el p\u00fablico.<\/p>\n<p>Tras bajarse del escenario, la cantante sigui\u00f3 compartiendo con sus seguidores el detr\u00e1s de escena y la repercusi\u00f3n de su show. Los mensajes de apoyo, las fotos junto a fan\u00e1ticos y las im\u00e1genes del predio lleno de gente confirmaron que la jornada fue mucho m\u00e1s que un simple recital: fue una celebraci\u00f3n colectiva del presente de la artista y un anticipo de todo lo que a\u00fan le queda por recorrer.<\/p>\n<p><img loading=\"lazy\" decoding=\"async\" src=\"https:\/\/lobosnews.com.ar\/wp-content\/uploads\/2026\/03\/la-emocion-de-angela-torres-tras-su-vibrante-show-en-lollapalooza-argentina-2026-no-tengo-palabras-4.jpg\" alt=\"Adem\u00e1s, \u00c1ngela se luci\u00f3 con los temas de su disco \u201cNo me olvides\u201d (Jaime Olivos)\" height=\"1280\" width=\"1920\"\/><\/p>\n<p>As\u00ed, la segunda jornada de Lollapalooza Argentina 2026 tuvo en Torres a una de sus grandes protagonistas, con un show en el que la emoci\u00f3n, la memoria y la m\u00fasica se dieron la mano para escribir una p\u00e1gina inolvidable en la historia del festival. Con la energ\u00eda de los nuevos hits, la profundidad de sus letras y la empat\u00eda con el p\u00fablico, \u00c1ngela dej\u00f3 en claro que su nombre ya es una referencia propia en la escena nacional, y que el camino que viene ser\u00e1, sin dudas, igual de luminoso y desafiante.<\/p>\n","protected":false},"excerpt":{"rendered":"<p>La segunda jornada de Lollapalooza Argentina 2026 fue una verdadera explosi\u00f3n de emociones, no solo para los miles de fan\u00e1ticos que colmaron el Hip\u00f3dromo de San Isidro, sino tambi\u00e9n para los propios artistas que tuvieron la oportunidad de presentarse en uno de los escenarios m\u00e1s importantes del pa\u00eds. Entre las figuras m\u00e1s destacadas del d\u00eda&#8230;<\/p>\n","protected":false},"author":1,"featured_media":33920,"comment_status":"open","ping_status":"closed","sticky":false,"template":"","format":"standard","meta":{"_jetpack_memberships_contains_paid_content":false,"footnotes":""},"categories":[79],"tags":[],"class_list":["post-33913","post","type-post","status-publish","format-standard","has-post-thumbnail","hentry","category-cine-y-series"],"magazineBlocksPostFeaturedMedia":{"thumbnail":"https:\/\/lobosnews.com.ar\/wp-content\/uploads\/2026\/03\/la-emocion-de-angela-torres-tras-su-vibrante-show-en-lollapalooza-argentina-2026-no-tengo-palabras-8-150x150.jpg","medium":"https:\/\/lobosnews.com.ar\/wp-content\/uploads\/2026\/03\/la-emocion-de-angela-torres-tras-su-vibrante-show-en-lollapalooza-argentina-2026-no-tengo-palabras-8-300x200.jpg","medium_large":"https:\/\/lobosnews.com.ar\/wp-content\/uploads\/2026\/03\/la-emocion-de-angela-torres-tras-su-vibrante-show-en-lollapalooza-argentina-2026-no-tengo-palabras-8-768x512.jpg","large":"https:\/\/lobosnews.com.ar\/wp-content\/uploads\/2026\/03\/la-emocion-de-angela-torres-tras-su-vibrante-show-en-lollapalooza-argentina-2026-no-tengo-palabras-8-1024x683.jpg","1536x1536":"https:\/\/lobosnews.com.ar\/wp-content\/uploads\/2026\/03\/la-emocion-de-angela-torres-tras-su-vibrante-show-en-lollapalooza-argentina-2026-no-tengo-palabras-8-1536x1024.jpg","2048x2048":"https:\/\/lobosnews.com.ar\/wp-content\/uploads\/2026\/03\/la-emocion-de-angela-torres-tras-su-vibrante-show-en-lollapalooza-argentina-2026-no-tengo-palabras-8.jpg","newsmatic-featured":"https:\/\/lobosnews.com.ar\/wp-content\/uploads\/2026\/03\/la-emocion-de-angela-torres-tras-su-vibrante-show-en-lollapalooza-argentina-2026-no-tengo-palabras-8-820x545.jpg","newsmatic-list":"https:\/\/lobosnews.com.ar\/wp-content\/uploads\/2026\/03\/la-emocion-de-angela-torres-tras-su-vibrante-show-en-lollapalooza-argentina-2026-no-tengo-palabras-8-600x400.jpg","newsmatic-thumb":"https:\/\/lobosnews.com.ar\/wp-content\/uploads\/2026\/03\/la-emocion-de-angela-torres-tras-su-vibrante-show-en-lollapalooza-argentina-2026-no-tengo-palabras-8-300x200.jpg","newsmatic-small":"https:\/\/lobosnews.com.ar\/wp-content\/uploads\/2026\/03\/la-emocion-de-angela-torres-tras-su-vibrante-show-en-lollapalooza-argentina-2026-no-tengo-palabras-8-150x95.jpg","newsmatic-grid":"https:\/\/lobosnews.com.ar\/wp-content\/uploads\/2026\/03\/la-emocion-de-angela-torres-tras-su-vibrante-show-en-lollapalooza-argentina-2026-no-tengo-palabras-8-400x250.jpg"},"magazineBlocksPostAuthor":{"name":"admin","avatar":"https:\/\/secure.gravatar.com\/avatar\/76e419471a2083bc3ceab22a763dbbf9b0c1bd15a6214cf3280e2c2dde4580f9?s=96&d=mm&r=g"},"magazineBlocksPostCommentsNumber":"0","magazineBlocksPostExcerpt":"La segunda jornada de Lollapalooza Argentina 2026 fue una verdadera explosi\u00f3n de emociones, no solo para los miles de fan\u00e1ticos que colmaron el Hip\u00f3dromo de San Isidro, sino tambi\u00e9n para los propios artistas que tuvieron la oportunidad de presentarse en uno de los escenarios m\u00e1s importantes del pa\u00eds. Entre las figuras m\u00e1s destacadas del d\u00eda...","magazineBlocksPostCategories":["Cine y Series"],"magazineBlocksPostViewCount":112,"magazineBlocksPostReadTime":4,"magazine_blocks_featured_image_url":{"full":["https:\/\/lobosnews.com.ar\/wp-content\/uploads\/2026\/03\/la-emocion-de-angela-torres-tras-su-vibrante-show-en-lollapalooza-argentina-2026-no-tengo-palabras-8.jpg",1920,1280,false],"medium":["https:\/\/lobosnews.com.ar\/wp-content\/uploads\/2026\/03\/la-emocion-de-angela-torres-tras-su-vibrante-show-en-lollapalooza-argentina-2026-no-tengo-palabras-8-300x200.jpg",300,200,true],"thumbnail":["https:\/\/lobosnews.com.ar\/wp-content\/uploads\/2026\/03\/la-emocion-de-angela-torres-tras-su-vibrante-show-en-lollapalooza-argentina-2026-no-tengo-palabras-8-150x150.jpg",150,150,true]},"magazine_blocks_author":{"display_name":"admin","author_link":"https:\/\/lobosnews.com.ar\/index.php\/author\/lobos-news\/"},"magazine_blocks_comment":0,"magazine_blocks_author_image":"https:\/\/secure.gravatar.com\/avatar\/76e419471a2083bc3ceab22a763dbbf9b0c1bd15a6214cf3280e2c2dde4580f9?s=96&d=mm&r=g","magazine_blocks_category":"<a href=\"#\" class=\"category-link category-link-79\">Cine y Series<\/a>","yoast_head":"<!-- This site is optimized with the Yoast SEO plugin v26.6 - https:\/\/yoast.com\/wordpress\/plugins\/seo\/ -->\n<title>La emoci\u00f3n de \u00c1ngela Torres tras su vibrante show en Lollapalooza Argentina 2026: \u201cNo tengo palabras\u201d - Lobos News<\/title>\n<meta name=\"robots\" content=\"index, follow, max-snippet:-1, max-image-preview:large, max-video-preview:-1\" \/>\n<link rel=\"canonical\" href=\"https:\/\/lobosnews.com.ar\/index.php\/2026\/03\/15\/la-emocion-de-angela-torres-tras-su-vibrante-show-en-lollapalooza-argentina-2026-no-tengo-palabras\/\" \/>\n<meta property=\"og:locale\" content=\"es_ES\" \/>\n<meta property=\"og:type\" content=\"article\" \/>\n<meta property=\"og:title\" content=\"La emoci\u00f3n de \u00c1ngela Torres tras su vibrante show en Lollapalooza Argentina 2026: \u201cNo tengo palabras\u201d - Lobos News\" \/>\n<meta property=\"og:description\" content=\"La segunda jornada de Lollapalooza Argentina 2026 fue una verdadera explosi\u00f3n de emociones, no solo para los miles de fan\u00e1ticos que colmaron el Hip\u00f3dromo de San Isidro, sino tambi\u00e9n para los propios artistas que tuvieron la oportunidad de presentarse en uno de los escenarios m\u00e1s importantes del pa\u00eds. Entre las figuras m\u00e1s destacadas del d\u00eda...\" \/>\n<meta property=\"og:url\" content=\"https:\/\/lobosnews.com.ar\/index.php\/2026\/03\/15\/la-emocion-de-angela-torres-tras-su-vibrante-show-en-lollapalooza-argentina-2026-no-tengo-palabras\/\" \/>\n<meta property=\"og:site_name\" content=\"Lobos News\" \/>\n<meta property=\"article:published_time\" content=\"2026-03-15T14:26:05+00:00\" \/>\n<meta property=\"article:modified_time\" content=\"2026-03-15T15:26:37+00:00\" \/>\n<meta property=\"og:image\" content=\"https:\/\/lobosnews.com.ar\/wp-content\/uploads\/2026\/03\/la-emocion-de-angela-torres-tras-su-vibrante-show-en-lollapalooza-argentina-2026-no-tengo-palabras.jpg\" \/>\n<meta name=\"author\" content=\"admin\" \/>\n<meta name=\"twitter:card\" content=\"summary_large_image\" \/>\n<meta name=\"twitter:label1\" content=\"Escrito por\" \/>\n\t<meta name=\"twitter:data1\" content=\"admin\" \/>\n\t<meta name=\"twitter:label2\" content=\"Tiempo de lectura\" \/>\n\t<meta name=\"twitter:data2\" content=\"4 minutos\" \/>\n<script type=\"application\/ld+json\" class=\"yoast-schema-graph\">{\"@context\":\"https:\/\/schema.org\",\"@graph\":[{\"@type\":\"Article\",\"@id\":\"https:\/\/lobosnews.com.ar\/index.php\/2026\/03\/15\/la-emocion-de-angela-torres-tras-su-vibrante-show-en-lollapalooza-argentina-2026-no-tengo-palabras\/#article\",\"isPartOf\":{\"@id\":\"https:\/\/lobosnews.com.ar\/index.php\/2026\/03\/15\/la-emocion-de-angela-torres-tras-su-vibrante-show-en-lollapalooza-argentina-2026-no-tengo-palabras\/\"},\"author\":{\"name\":\"admin\",\"@id\":\"https:\/\/lobosnews.com.ar\/#\/schema\/person\/232422a593d5c541dd9aef6aaed10943\"},\"headline\":\"La emoci\u00f3n de \u00c1ngela Torres tras su vibrante show en Lollapalooza Argentina 2026: \u201cNo tengo palabras\u201d\",\"datePublished\":\"2026-03-15T14:26:05+00:00\",\"dateModified\":\"2026-03-15T15:26:37+00:00\",\"mainEntityOfPage\":{\"@id\":\"https:\/\/lobosnews.com.ar\/index.php\/2026\/03\/15\/la-emocion-de-angela-torres-tras-su-vibrante-show-en-lollapalooza-argentina-2026-no-tengo-palabras\/\"},\"wordCount\":777,\"commentCount\":0,\"publisher\":{\"@id\":\"https:\/\/lobosnews.com.ar\/#organization\"},\"image\":{\"@id\":\"https:\/\/lobosnews.com.ar\/index.php\/2026\/03\/15\/la-emocion-de-angela-torres-tras-su-vibrante-show-en-lollapalooza-argentina-2026-no-tengo-palabras\/#primaryimage\"},\"thumbnailUrl\":\"https:\/\/lobosnews.com.ar\/wp-content\/uploads\/2026\/03\/la-emocion-de-angela-torres-tras-su-vibrante-show-en-lollapalooza-argentina-2026-no-tengo-palabras-8.jpg\",\"articleSection\":[\"Cine y Series\"],\"inLanguage\":\"es\",\"potentialAction\":[{\"@type\":\"CommentAction\",\"name\":\"Comment\",\"target\":[\"https:\/\/lobosnews.com.ar\/index.php\/2026\/03\/15\/la-emocion-de-angela-torres-tras-su-vibrante-show-en-lollapalooza-argentina-2026-no-tengo-palabras\/#respond\"]}]},{\"@type\":\"WebPage\",\"@id\":\"https:\/\/lobosnews.com.ar\/index.php\/2026\/03\/15\/la-emocion-de-angela-torres-tras-su-vibrante-show-en-lollapalooza-argentina-2026-no-tengo-palabras\/\",\"url\":\"https:\/\/lobosnews.com.ar\/index.php\/2026\/03\/15\/la-emocion-de-angela-torres-tras-su-vibrante-show-en-lollapalooza-argentina-2026-no-tengo-palabras\/\",\"name\":\"La emoci\u00f3n de \u00c1ngela Torres tras su vibrante show en Lollapalooza Argentina 2026: \u201cNo tengo palabras\u201d - Lobos News\",\"isPartOf\":{\"@id\":\"https:\/\/lobosnews.com.ar\/#website\"},\"primaryImageOfPage\":{\"@id\":\"https:\/\/lobosnews.com.ar\/index.php\/2026\/03\/15\/la-emocion-de-angela-torres-tras-su-vibrante-show-en-lollapalooza-argentina-2026-no-tengo-palabras\/#primaryimage\"},\"image\":{\"@id\":\"https:\/\/lobosnews.com.ar\/index.php\/2026\/03\/15\/la-emocion-de-angela-torres-tras-su-vibrante-show-en-lollapalooza-argentina-2026-no-tengo-palabras\/#primaryimage\"},\"thumbnailUrl\":\"https:\/\/lobosnews.com.ar\/wp-content\/uploads\/2026\/03\/la-emocion-de-angela-torres-tras-su-vibrante-show-en-lollapalooza-argentina-2026-no-tengo-palabras-8.jpg\",\"datePublished\":\"2026-03-15T14:26:05+00:00\",\"dateModified\":\"2026-03-15T15:26:37+00:00\",\"breadcrumb\":{\"@id\":\"https:\/\/lobosnews.com.ar\/index.php\/2026\/03\/15\/la-emocion-de-angela-torres-tras-su-vibrante-show-en-lollapalooza-argentina-2026-no-tengo-palabras\/#breadcrumb\"},\"inLanguage\":\"es\",\"potentialAction\":[{\"@type\":\"ReadAction\",\"target\":[\"https:\/\/lobosnews.com.ar\/index.php\/2026\/03\/15\/la-emocion-de-angela-torres-tras-su-vibrante-show-en-lollapalooza-argentina-2026-no-tengo-palabras\/\"]}]},{\"@type\":\"ImageObject\",\"inLanguage\":\"es\",\"@id\":\"https:\/\/lobosnews.com.ar\/index.php\/2026\/03\/15\/la-emocion-de-angela-torres-tras-su-vibrante-show-en-lollapalooza-argentina-2026-no-tengo-palabras\/#primaryimage\",\"url\":\"https:\/\/lobosnews.com.ar\/wp-content\/uploads\/2026\/03\/la-emocion-de-angela-torres-tras-su-vibrante-show-en-lollapalooza-argentina-2026-no-tengo-palabras-8.jpg\",\"contentUrl\":\"https:\/\/lobosnews.com.ar\/wp-content\/uploads\/2026\/03\/la-emocion-de-angela-torres-tras-su-vibrante-show-en-lollapalooza-argentina-2026-no-tengo-palabras-8.jpg\",\"width\":1920,\"height\":1280,\"caption\":\"La emoci\u00f3n de \u00c1ngela Torres tras su vibrante show en Lollapalooza Argentina 2026: \u201cNo tengo palabras\u201d\"},{\"@type\":\"BreadcrumbList\",\"@id\":\"https:\/\/lobosnews.com.ar\/index.php\/2026\/03\/15\/la-emocion-de-angela-torres-tras-su-vibrante-show-en-lollapalooza-argentina-2026-no-tengo-palabras\/#breadcrumb\",\"itemListElement\":[{\"@type\":\"ListItem\",\"position\":1,\"name\":\"Portada\",\"item\":\"https:\/\/lobosnews.com.ar\/\"},{\"@type\":\"ListItem\",\"position\":2,\"name\":\"La emoci\u00f3n de \u00c1ngela Torres tras su vibrante show en Lollapalooza Argentina 2026: \u201cNo tengo palabras\u201d\"}]},{\"@type\":\"WebSite\",\"@id\":\"https:\/\/lobosnews.com.ar\/#website\",\"url\":\"https:\/\/lobosnews.com.ar\/\",\"name\":\"Lobos News\",\"description\":\"Informaci\u00f3n a cada instante\",\"publisher\":{\"@id\":\"https:\/\/lobosnews.com.ar\/#organization\"},\"potentialAction\":[{\"@type\":\"SearchAction\",\"target\":{\"@type\":\"EntryPoint\",\"urlTemplate\":\"https:\/\/lobosnews.com.ar\/?s={search_term_string}\"},\"query-input\":{\"@type\":\"PropertyValueSpecification\",\"valueRequired\":true,\"valueName\":\"search_term_string\"}}],\"inLanguage\":\"es\"},{\"@type\":\"Organization\",\"@id\":\"https:\/\/lobosnews.com.ar\/#organization\",\"name\":\"Lobos News\",\"url\":\"https:\/\/lobosnews.com.ar\/\",\"logo\":{\"@type\":\"ImageObject\",\"inLanguage\":\"es\",\"@id\":\"https:\/\/lobosnews.com.ar\/#\/schema\/logo\/image\/\",\"url\":\"https:\/\/lobosnews.com.ar\/wp-content\/uploads\/2026\/01\/logo-lobosnews.png\",\"contentUrl\":\"https:\/\/lobosnews.com.ar\/wp-content\/uploads\/2026\/01\/logo-lobosnews.png\",\"width\":500,\"height\":200,\"caption\":\"Lobos News\"},\"image\":{\"@id\":\"https:\/\/lobosnews.com.ar\/#\/schema\/logo\/image\/\"}},{\"@type\":\"Person\",\"@id\":\"https:\/\/lobosnews.com.ar\/#\/schema\/person\/232422a593d5c541dd9aef6aaed10943\",\"name\":\"admin\",\"image\":{\"@type\":\"ImageObject\",\"inLanguage\":\"es\",\"@id\":\"https:\/\/lobosnews.com.ar\/#\/schema\/person\/image\/\",\"url\":\"https:\/\/secure.gravatar.com\/avatar\/76e419471a2083bc3ceab22a763dbbf9b0c1bd15a6214cf3280e2c2dde4580f9?s=96&d=mm&r=g\",\"contentUrl\":\"https:\/\/secure.gravatar.com\/avatar\/76e419471a2083bc3ceab22a763dbbf9b0c1bd15a6214cf3280e2c2dde4580f9?s=96&d=mm&r=g\",\"caption\":\"admin\"},\"sameAs\":[\"https:\/\/lobosnews.com.ar\"],\"url\":\"https:\/\/lobosnews.com.ar\/index.php\/author\/lobos-news\/\"}]}<\/script>\n<!-- \/ Yoast SEO plugin. -->","yoast_head_json":{"title":"La emoci\u00f3n de \u00c1ngela Torres tras su vibrante show en Lollapalooza Argentina 2026: \u201cNo tengo palabras\u201d - Lobos News","robots":{"index":"index","follow":"follow","max-snippet":"max-snippet:-1","max-image-preview":"max-image-preview:large","max-video-preview":"max-video-preview:-1"},"canonical":"https:\/\/lobosnews.com.ar\/index.php\/2026\/03\/15\/la-emocion-de-angela-torres-tras-su-vibrante-show-en-lollapalooza-argentina-2026-no-tengo-palabras\/","og_locale":"es_ES","og_type":"article","og_title":"La emoci\u00f3n de \u00c1ngela Torres tras su vibrante show en Lollapalooza Argentina 2026: \u201cNo tengo palabras\u201d - Lobos News","og_description":"La segunda jornada de Lollapalooza Argentina 2026 fue una verdadera explosi\u00f3n de emociones, no solo para los miles de fan\u00e1ticos que colmaron el Hip\u00f3dromo de San Isidro, sino tambi\u00e9n para los propios artistas que tuvieron la oportunidad de presentarse en uno de los escenarios m\u00e1s importantes del pa\u00eds. Entre las figuras m\u00e1s destacadas del d\u00eda...","og_url":"https:\/\/lobosnews.com.ar\/index.php\/2026\/03\/15\/la-emocion-de-angela-torres-tras-su-vibrante-show-en-lollapalooza-argentina-2026-no-tengo-palabras\/","og_site_name":"Lobos News","article_published_time":"2026-03-15T14:26:05+00:00","article_modified_time":"2026-03-15T15:26:37+00:00","og_image":[{"url":"https:\/\/lobosnews.com.ar\/wp-content\/uploads\/2026\/03\/la-emocion-de-angela-torres-tras-su-vibrante-show-en-lollapalooza-argentina-2026-no-tengo-palabras.jpg","type":"","width":"","height":""}],"author":"admin","twitter_card":"summary_large_image","twitter_misc":{"Escrito por":"admin","Tiempo de lectura":"4 minutos"},"schema":{"@context":"https:\/\/schema.org","@graph":[{"@type":"Article","@id":"https:\/\/lobosnews.com.ar\/index.php\/2026\/03\/15\/la-emocion-de-angela-torres-tras-su-vibrante-show-en-lollapalooza-argentina-2026-no-tengo-palabras\/#article","isPartOf":{"@id":"https:\/\/lobosnews.com.ar\/index.php\/2026\/03\/15\/la-emocion-de-angela-torres-tras-su-vibrante-show-en-lollapalooza-argentina-2026-no-tengo-palabras\/"},"author":{"name":"admin","@id":"https:\/\/lobosnews.com.ar\/#\/schema\/person\/232422a593d5c541dd9aef6aaed10943"},"headline":"La emoci\u00f3n de \u00c1ngela Torres tras su vibrante show en Lollapalooza Argentina 2026: \u201cNo tengo palabras\u201d","datePublished":"2026-03-15T14:26:05+00:00","dateModified":"2026-03-15T15:26:37+00:00","mainEntityOfPage":{"@id":"https:\/\/lobosnews.com.ar\/index.php\/2026\/03\/15\/la-emocion-de-angela-torres-tras-su-vibrante-show-en-lollapalooza-argentina-2026-no-tengo-palabras\/"},"wordCount":777,"commentCount":0,"publisher":{"@id":"https:\/\/lobosnews.com.ar\/#organization"},"image":{"@id":"https:\/\/lobosnews.com.ar\/index.php\/2026\/03\/15\/la-emocion-de-angela-torres-tras-su-vibrante-show-en-lollapalooza-argentina-2026-no-tengo-palabras\/#primaryimage"},"thumbnailUrl":"https:\/\/lobosnews.com.ar\/wp-content\/uploads\/2026\/03\/la-emocion-de-angela-torres-tras-su-vibrante-show-en-lollapalooza-argentina-2026-no-tengo-palabras-8.jpg","articleSection":["Cine y Series"],"inLanguage":"es","potentialAction":[{"@type":"CommentAction","name":"Comment","target":["https:\/\/lobosnews.com.ar\/index.php\/2026\/03\/15\/la-emocion-de-angela-torres-tras-su-vibrante-show-en-lollapalooza-argentina-2026-no-tengo-palabras\/#respond"]}]},{"@type":"WebPage","@id":"https:\/\/lobosnews.com.ar\/index.php\/2026\/03\/15\/la-emocion-de-angela-torres-tras-su-vibrante-show-en-lollapalooza-argentina-2026-no-tengo-palabras\/","url":"https:\/\/lobosnews.com.ar\/index.php\/2026\/03\/15\/la-emocion-de-angela-torres-tras-su-vibrante-show-en-lollapalooza-argentina-2026-no-tengo-palabras\/","name":"La emoci\u00f3n de \u00c1ngela Torres tras su vibrante show en Lollapalooza Argentina 2026: \u201cNo tengo palabras\u201d - Lobos News","isPartOf":{"@id":"https:\/\/lobosnews.com.ar\/#website"},"primaryImageOfPage":{"@id":"https:\/\/lobosnews.com.ar\/index.php\/2026\/03\/15\/la-emocion-de-angela-torres-tras-su-vibrante-show-en-lollapalooza-argentina-2026-no-tengo-palabras\/#primaryimage"},"image":{"@id":"https:\/\/lobosnews.com.ar\/index.php\/2026\/03\/15\/la-emocion-de-angela-torres-tras-su-vibrante-show-en-lollapalooza-argentina-2026-no-tengo-palabras\/#primaryimage"},"thumbnailUrl":"https:\/\/lobosnews.com.ar\/wp-content\/uploads\/2026\/03\/la-emocion-de-angela-torres-tras-su-vibrante-show-en-lollapalooza-argentina-2026-no-tengo-palabras-8.jpg","datePublished":"2026-03-15T14:26:05+00:00","dateModified":"2026-03-15T15:26:37+00:00","breadcrumb":{"@id":"https:\/\/lobosnews.com.ar\/index.php\/2026\/03\/15\/la-emocion-de-angela-torres-tras-su-vibrante-show-en-lollapalooza-argentina-2026-no-tengo-palabras\/#breadcrumb"},"inLanguage":"es","potentialAction":[{"@type":"ReadAction","target":["https:\/\/lobosnews.com.ar\/index.php\/2026\/03\/15\/la-emocion-de-angela-torres-tras-su-vibrante-show-en-lollapalooza-argentina-2026-no-tengo-palabras\/"]}]},{"@type":"ImageObject","inLanguage":"es","@id":"https:\/\/lobosnews.com.ar\/index.php\/2026\/03\/15\/la-emocion-de-angela-torres-tras-su-vibrante-show-en-lollapalooza-argentina-2026-no-tengo-palabras\/#primaryimage","url":"https:\/\/lobosnews.com.ar\/wp-content\/uploads\/2026\/03\/la-emocion-de-angela-torres-tras-su-vibrante-show-en-lollapalooza-argentina-2026-no-tengo-palabras-8.jpg","contentUrl":"https:\/\/lobosnews.com.ar\/wp-content\/uploads\/2026\/03\/la-emocion-de-angela-torres-tras-su-vibrante-show-en-lollapalooza-argentina-2026-no-tengo-palabras-8.jpg","width":1920,"height":1280,"caption":"La emoci\u00f3n de \u00c1ngela Torres tras su vibrante show en Lollapalooza Argentina 2026: \u201cNo tengo palabras\u201d"},{"@type":"BreadcrumbList","@id":"https:\/\/lobosnews.com.ar\/index.php\/2026\/03\/15\/la-emocion-de-angela-torres-tras-su-vibrante-show-en-lollapalooza-argentina-2026-no-tengo-palabras\/#breadcrumb","itemListElement":[{"@type":"ListItem","position":1,"name":"Portada","item":"https:\/\/lobosnews.com.ar\/"},{"@type":"ListItem","position":2,"name":"La emoci\u00f3n de \u00c1ngela Torres tras su vibrante show en Lollapalooza Argentina 2026: \u201cNo tengo palabras\u201d"}]},{"@type":"WebSite","@id":"https:\/\/lobosnews.com.ar\/#website","url":"https:\/\/lobosnews.com.ar\/","name":"Lobos News","description":"Informaci\u00f3n a cada instante","publisher":{"@id":"https:\/\/lobosnews.com.ar\/#organization"},"potentialAction":[{"@type":"SearchAction","target":{"@type":"EntryPoint","urlTemplate":"https:\/\/lobosnews.com.ar\/?s={search_term_string}"},"query-input":{"@type":"PropertyValueSpecification","valueRequired":true,"valueName":"search_term_string"}}],"inLanguage":"es"},{"@type":"Organization","@id":"https:\/\/lobosnews.com.ar\/#organization","name":"Lobos News","url":"https:\/\/lobosnews.com.ar\/","logo":{"@type":"ImageObject","inLanguage":"es","@id":"https:\/\/lobosnews.com.ar\/#\/schema\/logo\/image\/","url":"https:\/\/lobosnews.com.ar\/wp-content\/uploads\/2026\/01\/logo-lobosnews.png","contentUrl":"https:\/\/lobosnews.com.ar\/wp-content\/uploads\/2026\/01\/logo-lobosnews.png","width":500,"height":200,"caption":"Lobos News"},"image":{"@id":"https:\/\/lobosnews.com.ar\/#\/schema\/logo\/image\/"}},{"@type":"Person","@id":"https:\/\/lobosnews.com.ar\/#\/schema\/person\/232422a593d5c541dd9aef6aaed10943","name":"admin","image":{"@type":"ImageObject","inLanguage":"es","@id":"https:\/\/lobosnews.com.ar\/#\/schema\/person\/image\/","url":"https:\/\/secure.gravatar.com\/avatar\/76e419471a2083bc3ceab22a763dbbf9b0c1bd15a6214cf3280e2c2dde4580f9?s=96&d=mm&r=g","contentUrl":"https:\/\/secure.gravatar.com\/avatar\/76e419471a2083bc3ceab22a763dbbf9b0c1bd15a6214cf3280e2c2dde4580f9?s=96&d=mm&r=g","caption":"admin"},"sameAs":["https:\/\/lobosnews.com.ar"],"url":"https:\/\/lobosnews.com.ar\/index.php\/author\/lobos-news\/"}]}},"jetpack_featured_media_url":"https:\/\/lobosnews.com.ar\/wp-content\/uploads\/2026\/03\/la-emocion-de-angela-torres-tras-su-vibrante-show-en-lollapalooza-argentina-2026-no-tengo-palabras-8.jpg","jetpack_sharing_enabled":true,"_links":{"self":[{"href":"https:\/\/lobosnews.com.ar\/index.php\/wp-json\/wp\/v2\/posts\/33913","targetHints":{"allow":["GET"]}}],"collection":[{"href":"https:\/\/lobosnews.com.ar\/index.php\/wp-json\/wp\/v2\/posts"}],"about":[{"href":"https:\/\/lobosnews.com.ar\/index.php\/wp-json\/wp\/v2\/types\/post"}],"author":[{"embeddable":true,"href":"https:\/\/lobosnews.com.ar\/index.php\/wp-json\/wp\/v2\/users\/1"}],"replies":[{"embeddable":true,"href":"https:\/\/lobosnews.com.ar\/index.php\/wp-json\/wp\/v2\/comments?post=33913"}],"version-history":[{"count":1,"href":"https:\/\/lobosnews.com.ar\/index.php\/wp-json\/wp\/v2\/posts\/33913\/revisions"}],"predecessor-version":[{"id":33919,"href":"https:\/\/lobosnews.com.ar\/index.php\/wp-json\/wp\/v2\/posts\/33913\/revisions\/33919"}],"wp:featuredmedia":[{"embeddable":true,"href":"https:\/\/lobosnews.com.ar\/index.php\/wp-json\/wp\/v2\/media\/33920"}],"wp:attachment":[{"href":"https:\/\/lobosnews.com.ar\/index.php\/wp-json\/wp\/v2\/media?parent=33913"}],"wp:term":[{"taxonomy":"category","embeddable":true,"href":"https:\/\/lobosnews.com.ar\/index.php\/wp-json\/wp\/v2\/categories?post=33913"},{"taxonomy":"post_tag","embeddable":true,"href":"https:\/\/lobosnews.com.ar\/index.php\/wp-json\/wp\/v2\/tags?post=33913"}],"curies":[{"name":"wp","href":"https:\/\/api.w.org\/{rel}","templated":true}]}}