{"id":33881,"date":"2026-03-15T13:10:54","date_gmt":"2026-03-15T13:10:54","guid":{"rendered":"https:\/\/lobosnews.com.ar\/index.php\/2026\/03\/15\/el-gesto-de-gasly-que-sorprendio-a-colapinto-tras-el-gran-premio-de-china-de-formula-1\/"},"modified":"2026-03-15T14:57:14","modified_gmt":"2026-03-15T14:57:14","slug":"el-gesto-de-gasly-que-sorprendio-a-colapinto-tras-el-gran-premio-de-china-de-formula-1","status":"publish","type":"post","link":"https:\/\/lobosnews.com.ar\/index.php\/2026\/03\/15\/el-gesto-de-gasly-que-sorprendio-a-colapinto-tras-el-gran-premio-de-china-de-formula-1\/","title":{"rendered":"El gesto de Gasly que sorprendi\u00f3 a Colapinto tras el Gran Premio de China de F\u00f3rmula 1"},"content":{"rendered":"<p>De a poco <b>Alpine <\/b>va cambiando su cara respecto de la temporada pasada en la <b>F\u00f3rmula 1<\/b> en la que result\u00f3 \u00faltimo en el <b>Campeonato Mundial de Constructores<\/b>. Este domingo en el <span class=\"waslinkname\"><b>Gran Premio de China<\/b><\/span>, no solo <b>Pierre Gasly <\/b>sum\u00f3 puntos ya que por primera vez pudo hacerlo <b>Franco Colapinto<\/b>, luego de <span class=\"waslinkname\">una notable actuaci\u00f3n<\/span>. <\/p>\n<p>El argentino termin\u00f3 d\u00e9cimo en el <b>Circuito Internacional de Shangh\u00e1i <\/b>luego de cumplir con una gran labor. La posici\u00f3n final del corredor bonaerense le permiti\u00f3 cosechar una unidad, la primera con el equipo franc\u00e9s. Al cruzar la meta, <b>Gasly <\/b>pregunt\u00f3 a su ingeniero c\u00f3mo hab\u00eda terminado su compa\u00f1ero de equipo. Ya en la rueda de prensa con los medios de acreditaci\u00f3n anual, <b>el pilarense recibi\u00f3 el saludo del galo, en un gran gesto<\/b>. Luego de eso, Franco quiso entablar una conversaci\u00f3n con el franc\u00e9s, pero el n\u00famero 10 tuvo que seguir con la ronda de preguntas con los medios internacionales.<\/p>\n<p>\u201c<b>Es un gran resultado para el equipo hoy y un fin de semana s\u00f3lido en general para conseguir que ambos coches lleguen a los puntos<\/b>. Por supuesto, estoy contento con el resultado, aunque en el fondo el competidor que llevo dentro est\u00e1 un poco molesto por no haber conseguido el quinto puesto, que creo que era alcanzable al final\u201d, dijo el franc\u00e9s en testimonios publicados en el comunicado de prensa de su equipo. <\/p>\n<p>\u201cMe sent\u00ed muy c\u00f3modo en el coche otra vez hoy, y el ritmo estaba ah\u00ed. Mantuvimos al grupo de cabeza a la vista en el primer stint (tramo de la carrera). Con estos coches nuevos, sab\u00edamos que no era cuesti\u00f3n de si iba a haber un coche de seguridad, sino de cu\u00e1ndo. Finalmente sucedi\u00f3 y agrup\u00f3 a todo el pelot\u00f3n. En la reanudaci\u00f3n por alguna raz\u00f3n no ten\u00eda potencia ni turbo y Ollie (Bearman) me adelant\u00f3. Con toda la lucha con Max (Verstappen) y otros coches a mi alrededor, perd\u00ed terreno con Ollie y ten\u00eda una gran brecha que recuperar. Apret\u00e9 como si cada vuelta fuera una vuelta de clasificaci\u00f3n, lo cual fue divertido y consegu\u00ed alcanzarlo, sin embargo, no pude acercarme lo suficiente para hacer un adelantamiento\u201d, a\u00f1adi\u00f3. <\/p>\n<p><!DOCTYPE html><br \/>\n<html><br \/>\n<head><br \/>\n<meta name=\"viewport\" content=\"width=device-width, initial-scale=1\"><\/p>\n<style>\n.container-video { position: relative; width: 100%; overflow: hidden; padding-top: 56.25%;\n}\n.responsive-iframe-video { position: absolute; top: 0; left: 0; bottom: 0; right: 0; width: 100%; height: 100%; border: none;\n}\n<\/style>\n<p><\/head><br \/>\n<body><\/p>\n<div class=\"container-video\"> <iframe title=\"video-espn\" class=\"responsive-iframe-video\" src=\"https:\/\/www.espn.com.ar\/core\/video\/iframe?id=16440198&#038;endcard=false&#038;omniReportSuite=wdgespge\" allowfullscreen><\/iframe>\n<\/div>\n<p><\/body><br \/>\n<\/html>\n<\/p>\n<p>\u201cEs un resultado fant\u00e1stico y a\u00fan quedan muchos detalles por pulir. Esperemos que el ritmo que mostramos este fin de semana lo podamos mantener en las pr\u00f3ximas carreras\u201d, concluy\u00f3 el corredor de 30 a\u00f1os que fue <b>d\u00e9cimo<\/b> en <b>Australia<\/b> y este domingo culmin\u00f3<b> sexto<\/b>. Marcha <b>s\u00e9ptimo en el campeonato<\/b>. <\/p>\n<p>Otro que se expres\u00f3 sobre la buena labor de su equipo es el asesor ejecutivo, <b>Flavio Briatore<\/b>: \u201cConseguir nueve puntos y que tanto Pierre como Franco puntuaran es un gran resultado para el equipo. <b>Ambos pilotos hicieron un trabajo excelente y obtuvieron una buena recompensa <\/b>para el equipo de vuelta en Enstone despu\u00e9s de una dura doble cita al comienzo de la temporada\u00bb. <\/p>\n<p>Desde San Pablo 2024 con el doble podio de <b>Gasly<\/b> y <b>Esteban Ocon<\/b> que <b>Alpine<\/b> no lograba que sus dos competidores sumen puntos. \u201cEs el primer resultado con doble puntuaci\u00f3n para el equipo esta temporada y demuestra que podemos ser competitivos y luchar regularmente por los puntos\u201d, enfatiz\u00f3 el empresario italiano. <\/p>\n<p>\u201cSabemos que ser\u00e1 una carrera de desarrollo, y el trabajo duro no termina aqu\u00ed. Seguiremos esforz\u00e1ndonos de cara a Jap\u00f3n y las pr\u00f3ximas carreras para mantenernos en la direcci\u00f3n correcta\u201d. <\/p>\n<p>El a\u00f1o pasado<b> Alpine<\/b> termin\u00f3 \u00faltimo en el <b>Campeonato Mundial de Constructores<\/b>. Luego de dos fechas en la presente temporada ya ocupa la s\u00e9ptima posici\u00f3n entre once escuder\u00edas. El certamen seguir\u00e1 en Asia dentro de dos semanas cuando se disputar\u00e1 el <b>Gran Premio de Jap\u00f3n. <\/b><\/p>\n<p><img loading=\"lazy\" decoding=\"async\" src=\"https:\/\/lobosnews.com.ar\/wp-content\/uploads\/2026\/03\/el-gesto-de-gasly-que-sorprendio-a-colapinto-tras-el-gran-premio-de-china-de-formula-1.jpg\" alt=\"Los pilotos de Alpine F1 Team celebran su s\u00f3lida actuaci\u00f3n al conseguir puntos dobles con un P6 y P10 en el Gran Premio de China.\" height=\"3162\" width=\"1920\"\/><\/p>\n","protected":false},"excerpt":{"rendered":"<p>De a poco Alpine va cambiando su cara respecto de la temporada pasada en la F\u00f3rmula 1 en la que result\u00f3 \u00faltimo en el Campeonato Mundial de Constructores. Este domingo en el Gran Premio de China, no solo Pierre Gasly sum\u00f3 puntos ya que por primera vez pudo hacerlo Franco Colapinto, luego de una notable&#8230;<\/p>\n","protected":false},"author":1,"featured_media":0,"comment_status":"open","ping_status":"closed","sticky":false,"template":"","format":"standard","meta":{"_jetpack_memberships_contains_paid_content":false,"footnotes":""},"categories":[30],"tags":[39],"class_list":["post-33881","post","type-post","status-publish","format-standard","hentry","category-argentina","tag-deportes"],"magazineBlocksPostFeaturedMedia":{"thumbnail":false,"medium":false,"medium_large":false,"large":false,"1536x1536":false,"2048x2048":false,"newsmatic-featured":false,"newsmatic-list":false,"newsmatic-thumb":false,"newsmatic-small":false,"newsmatic-grid":false},"magazineBlocksPostAuthor":{"name":"admin","avatar":"https:\/\/secure.gravatar.com\/avatar\/76e419471a2083bc3ceab22a763dbbf9b0c1bd15a6214cf3280e2c2dde4580f9?s=96&d=mm&r=g"},"magazineBlocksPostCommentsNumber":"0","magazineBlocksPostExcerpt":"De a poco Alpine va cambiando su cara respecto de la temporada pasada en la F\u00f3rmula 1 en la que result\u00f3 \u00faltimo en el Campeonato Mundial de Constructores. Este domingo en el Gran Premio de China, no solo Pierre Gasly sum\u00f3 puntos ya que por primera vez pudo hacerlo Franco Colapinto, luego de una notable...","magazineBlocksPostCategories":["Argentina"],"magazineBlocksPostViewCount":87,"magazineBlocksPostReadTime":4,"magazine_blocks_featured_image_url":{"full":false,"medium":false,"thumbnail":false},"magazine_blocks_author":{"display_name":"admin","author_link":"https:\/\/lobosnews.com.ar\/index.php\/author\/lobos-news\/"},"magazine_blocks_comment":0,"magazine_blocks_author_image":"https:\/\/secure.gravatar.com\/avatar\/76e419471a2083bc3ceab22a763dbbf9b0c1bd15a6214cf3280e2c2dde4580f9?s=96&d=mm&r=g","magazine_blocks_category":"<a href=\"#\" class=\"category-link category-link-30\">Argentina<\/a>","yoast_head":"<!-- This site is optimized with the Yoast SEO plugin v26.6 - https:\/\/yoast.com\/wordpress\/plugins\/seo\/ -->\n<title>El gesto de Gasly que sorprendi\u00f3 a Colapinto tras el Gran Premio de China de F\u00f3rmula 1 - Lobos News<\/title>\n<meta name=\"robots\" content=\"index, follow, max-snippet:-1, max-image-preview:large, max-video-preview:-1\" \/>\n<link rel=\"canonical\" href=\"https:\/\/lobosnews.com.ar\/index.php\/2026\/03\/15\/el-gesto-de-gasly-que-sorprendio-a-colapinto-tras-el-gran-premio-de-china-de-formula-1\/\" \/>\n<meta property=\"og:locale\" content=\"es_ES\" \/>\n<meta property=\"og:type\" content=\"article\" \/>\n<meta property=\"og:title\" content=\"El gesto de Gasly que sorprendi\u00f3 a Colapinto tras el Gran Premio de China de F\u00f3rmula 1 - Lobos News\" \/>\n<meta property=\"og:description\" content=\"De a poco Alpine va cambiando su cara respecto de la temporada pasada en la F\u00f3rmula 1 en la que result\u00f3 \u00faltimo en el Campeonato Mundial de Constructores. Este domingo en el Gran Premio de China, no solo Pierre Gasly sum\u00f3 puntos ya que por primera vez pudo hacerlo Franco Colapinto, luego de una notable...\" \/>\n<meta property=\"og:url\" content=\"https:\/\/lobosnews.com.ar\/index.php\/2026\/03\/15\/el-gesto-de-gasly-que-sorprendio-a-colapinto-tras-el-gran-premio-de-china-de-formula-1\/\" \/>\n<meta property=\"og:site_name\" content=\"Lobos News\" \/>\n<meta property=\"article:published_time\" content=\"2026-03-15T13:10:54+00:00\" \/>\n<meta property=\"article:modified_time\" content=\"2026-03-15T14:57:14+00:00\" \/>\n<meta property=\"og:image\" content=\"https:\/\/lobosnews.com.ar\/wp-content\/uploads\/2026\/03\/el-gesto-de-gasly-que-sorprendio-a-colapinto-tras-el-gran-premio-de-china-de-formula-1.jpg\" \/>\n<meta name=\"author\" content=\"admin\" \/>\n<meta name=\"twitter:card\" content=\"summary_large_image\" \/>\n<meta name=\"twitter:label1\" content=\"Escrito por\" \/>\n\t<meta name=\"twitter:data1\" content=\"admin\" \/>\n\t<meta name=\"twitter:label2\" content=\"Tiempo de lectura\" \/>\n\t<meta name=\"twitter:data2\" content=\"3 minutos\" \/>\n<script type=\"application\/ld+json\" class=\"yoast-schema-graph\">{\"@context\":\"https:\/\/schema.org\",\"@graph\":[{\"@type\":\"Article\",\"@id\":\"https:\/\/lobosnews.com.ar\/index.php\/2026\/03\/15\/el-gesto-de-gasly-que-sorprendio-a-colapinto-tras-el-gran-premio-de-china-de-formula-1\/#article\",\"isPartOf\":{\"@id\":\"https:\/\/lobosnews.com.ar\/index.php\/2026\/03\/15\/el-gesto-de-gasly-que-sorprendio-a-colapinto-tras-el-gran-premio-de-china-de-formula-1\/\"},\"author\":{\"name\":\"admin\",\"@id\":\"https:\/\/lobosnews.com.ar\/#\/schema\/person\/232422a593d5c541dd9aef6aaed10943\"},\"headline\":\"El gesto de Gasly que sorprendi\u00f3 a Colapinto tras el Gran Premio de China de F\u00f3rmula 1\",\"datePublished\":\"2026-03-15T13:10:54+00:00\",\"dateModified\":\"2026-03-15T14:57:14+00:00\",\"mainEntityOfPage\":{\"@id\":\"https:\/\/lobosnews.com.ar\/index.php\/2026\/03\/15\/el-gesto-de-gasly-que-sorprendio-a-colapinto-tras-el-gran-premio-de-china-de-formula-1\/\"},\"wordCount\":652,\"commentCount\":0,\"publisher\":{\"@id\":\"https:\/\/lobosnews.com.ar\/#organization\"},\"image\":{\"@id\":\"https:\/\/lobosnews.com.ar\/index.php\/2026\/03\/15\/el-gesto-de-gasly-que-sorprendio-a-colapinto-tras-el-gran-premio-de-china-de-formula-1\/#primaryimage\"},\"thumbnailUrl\":\"https:\/\/lobosnews.com.ar\/wp-content\/uploads\/2026\/03\/el-gesto-de-gasly-que-sorprendio-a-colapinto-tras-el-gran-premio-de-china-de-formula-1.jpg\",\"keywords\":[\"Deportes\"],\"articleSection\":[\"Argentina\"],\"inLanguage\":\"es\",\"potentialAction\":[{\"@type\":\"CommentAction\",\"name\":\"Comment\",\"target\":[\"https:\/\/lobosnews.com.ar\/index.php\/2026\/03\/15\/el-gesto-de-gasly-que-sorprendio-a-colapinto-tras-el-gran-premio-de-china-de-formula-1\/#respond\"]}]},{\"@type\":\"WebPage\",\"@id\":\"https:\/\/lobosnews.com.ar\/index.php\/2026\/03\/15\/el-gesto-de-gasly-que-sorprendio-a-colapinto-tras-el-gran-premio-de-china-de-formula-1\/\",\"url\":\"https:\/\/lobosnews.com.ar\/index.php\/2026\/03\/15\/el-gesto-de-gasly-que-sorprendio-a-colapinto-tras-el-gran-premio-de-china-de-formula-1\/\",\"name\":\"El gesto de Gasly que sorprendi\u00f3 a Colapinto tras el Gran Premio de China de F\u00f3rmula 1 - Lobos News\",\"isPartOf\":{\"@id\":\"https:\/\/lobosnews.com.ar\/#website\"},\"primaryImageOfPage\":{\"@id\":\"https:\/\/lobosnews.com.ar\/index.php\/2026\/03\/15\/el-gesto-de-gasly-que-sorprendio-a-colapinto-tras-el-gran-premio-de-china-de-formula-1\/#primaryimage\"},\"image\":{\"@id\":\"https:\/\/lobosnews.com.ar\/index.php\/2026\/03\/15\/el-gesto-de-gasly-que-sorprendio-a-colapinto-tras-el-gran-premio-de-china-de-formula-1\/#primaryimage\"},\"thumbnailUrl\":\"https:\/\/lobosnews.com.ar\/wp-content\/uploads\/2026\/03\/el-gesto-de-gasly-que-sorprendio-a-colapinto-tras-el-gran-premio-de-china-de-formula-1.jpg\",\"datePublished\":\"2026-03-15T13:10:54+00:00\",\"dateModified\":\"2026-03-15T14:57:14+00:00\",\"breadcrumb\":{\"@id\":\"https:\/\/lobosnews.com.ar\/index.php\/2026\/03\/15\/el-gesto-de-gasly-que-sorprendio-a-colapinto-tras-el-gran-premio-de-china-de-formula-1\/#breadcrumb\"},\"inLanguage\":\"es\",\"potentialAction\":[{\"@type\":\"ReadAction\",\"target\":[\"https:\/\/lobosnews.com.ar\/index.php\/2026\/03\/15\/el-gesto-de-gasly-que-sorprendio-a-colapinto-tras-el-gran-premio-de-china-de-formula-1\/\"]}]},{\"@type\":\"ImageObject\",\"inLanguage\":\"es\",\"@id\":\"https:\/\/lobosnews.com.ar\/index.php\/2026\/03\/15\/el-gesto-de-gasly-que-sorprendio-a-colapinto-tras-el-gran-premio-de-china-de-formula-1\/#primaryimage\",\"url\":\"https:\/\/lobosnews.com.ar\/wp-content\/uploads\/2026\/03\/el-gesto-de-gasly-que-sorprendio-a-colapinto-tras-el-gran-premio-de-china-de-formula-1.jpg\",\"contentUrl\":\"https:\/\/lobosnews.com.ar\/wp-content\/uploads\/2026\/03\/el-gesto-de-gasly-que-sorprendio-a-colapinto-tras-el-gran-premio-de-china-de-formula-1.jpg\"},{\"@type\":\"BreadcrumbList\",\"@id\":\"https:\/\/lobosnews.com.ar\/index.php\/2026\/03\/15\/el-gesto-de-gasly-que-sorprendio-a-colapinto-tras-el-gran-premio-de-china-de-formula-1\/#breadcrumb\",\"itemListElement\":[{\"@type\":\"ListItem\",\"position\":1,\"name\":\"Portada\",\"item\":\"https:\/\/lobosnews.com.ar\/\"},{\"@type\":\"ListItem\",\"position\":2,\"name\":\"El gesto de Gasly que sorprendi\u00f3 a Colapinto tras el Gran Premio de China de F\u00f3rmula 1\"}]},{\"@type\":\"WebSite\",\"@id\":\"https:\/\/lobosnews.com.ar\/#website\",\"url\":\"https:\/\/lobosnews.com.ar\/\",\"name\":\"Lobos News\",\"description\":\"Informaci\u00f3n a cada instante\",\"publisher\":{\"@id\":\"https:\/\/lobosnews.com.ar\/#organization\"},\"potentialAction\":[{\"@type\":\"SearchAction\",\"target\":{\"@type\":\"EntryPoint\",\"urlTemplate\":\"https:\/\/lobosnews.com.ar\/?s={search_term_string}\"},\"query-input\":{\"@type\":\"PropertyValueSpecification\",\"valueRequired\":true,\"valueName\":\"search_term_string\"}}],\"inLanguage\":\"es\"},{\"@type\":\"Organization\",\"@id\":\"https:\/\/lobosnews.com.ar\/#organization\",\"name\":\"Lobos News\",\"url\":\"https:\/\/lobosnews.com.ar\/\",\"logo\":{\"@type\":\"ImageObject\",\"inLanguage\":\"es\",\"@id\":\"https:\/\/lobosnews.com.ar\/#\/schema\/logo\/image\/\",\"url\":\"https:\/\/lobosnews.com.ar\/wp-content\/uploads\/2026\/01\/logo-lobosnews.png\",\"contentUrl\":\"https:\/\/lobosnews.com.ar\/wp-content\/uploads\/2026\/01\/logo-lobosnews.png\",\"width\":500,\"height\":200,\"caption\":\"Lobos News\"},\"image\":{\"@id\":\"https:\/\/lobosnews.com.ar\/#\/schema\/logo\/image\/\"}},{\"@type\":\"Person\",\"@id\":\"https:\/\/lobosnews.com.ar\/#\/schema\/person\/232422a593d5c541dd9aef6aaed10943\",\"name\":\"admin\",\"image\":{\"@type\":\"ImageObject\",\"inLanguage\":\"es\",\"@id\":\"https:\/\/lobosnews.com.ar\/#\/schema\/person\/image\/\",\"url\":\"https:\/\/secure.gravatar.com\/avatar\/76e419471a2083bc3ceab22a763dbbf9b0c1bd15a6214cf3280e2c2dde4580f9?s=96&d=mm&r=g\",\"contentUrl\":\"https:\/\/secure.gravatar.com\/avatar\/76e419471a2083bc3ceab22a763dbbf9b0c1bd15a6214cf3280e2c2dde4580f9?s=96&d=mm&r=g\",\"caption\":\"admin\"},\"sameAs\":[\"https:\/\/lobosnews.com.ar\"],\"url\":\"https:\/\/lobosnews.com.ar\/index.php\/author\/lobos-news\/\"}]}<\/script>\n<!-- \/ Yoast SEO plugin. -->","yoast_head_json":{"title":"El gesto de Gasly que sorprendi\u00f3 a Colapinto tras el Gran Premio de China de F\u00f3rmula 1 - Lobos News","robots":{"index":"index","follow":"follow","max-snippet":"max-snippet:-1","max-image-preview":"max-image-preview:large","max-video-preview":"max-video-preview:-1"},"canonical":"https:\/\/lobosnews.com.ar\/index.php\/2026\/03\/15\/el-gesto-de-gasly-que-sorprendio-a-colapinto-tras-el-gran-premio-de-china-de-formula-1\/","og_locale":"es_ES","og_type":"article","og_title":"El gesto de Gasly que sorprendi\u00f3 a Colapinto tras el Gran Premio de China de F\u00f3rmula 1 - Lobos News","og_description":"De a poco Alpine va cambiando su cara respecto de la temporada pasada en la F\u00f3rmula 1 en la que result\u00f3 \u00faltimo en el Campeonato Mundial de Constructores. Este domingo en el Gran Premio de China, no solo Pierre Gasly sum\u00f3 puntos ya que por primera vez pudo hacerlo Franco Colapinto, luego de una notable...","og_url":"https:\/\/lobosnews.com.ar\/index.php\/2026\/03\/15\/el-gesto-de-gasly-que-sorprendio-a-colapinto-tras-el-gran-premio-de-china-de-formula-1\/","og_site_name":"Lobos News","article_published_time":"2026-03-15T13:10:54+00:00","article_modified_time":"2026-03-15T14:57:14+00:00","og_image":[{"url":"https:\/\/lobosnews.com.ar\/wp-content\/uploads\/2026\/03\/el-gesto-de-gasly-que-sorprendio-a-colapinto-tras-el-gran-premio-de-china-de-formula-1.jpg","type":"","width":"","height":""}],"author":"admin","twitter_card":"summary_large_image","twitter_misc":{"Escrito por":"admin","Tiempo de lectura":"3 minutos"},"schema":{"@context":"https:\/\/schema.org","@graph":[{"@type":"Article","@id":"https:\/\/lobosnews.com.ar\/index.php\/2026\/03\/15\/el-gesto-de-gasly-que-sorprendio-a-colapinto-tras-el-gran-premio-de-china-de-formula-1\/#article","isPartOf":{"@id":"https:\/\/lobosnews.com.ar\/index.php\/2026\/03\/15\/el-gesto-de-gasly-que-sorprendio-a-colapinto-tras-el-gran-premio-de-china-de-formula-1\/"},"author":{"name":"admin","@id":"https:\/\/lobosnews.com.ar\/#\/schema\/person\/232422a593d5c541dd9aef6aaed10943"},"headline":"El gesto de Gasly que sorprendi\u00f3 a Colapinto tras el Gran Premio de China de F\u00f3rmula 1","datePublished":"2026-03-15T13:10:54+00:00","dateModified":"2026-03-15T14:57:14+00:00","mainEntityOfPage":{"@id":"https:\/\/lobosnews.com.ar\/index.php\/2026\/03\/15\/el-gesto-de-gasly-que-sorprendio-a-colapinto-tras-el-gran-premio-de-china-de-formula-1\/"},"wordCount":652,"commentCount":0,"publisher":{"@id":"https:\/\/lobosnews.com.ar\/#organization"},"image":{"@id":"https:\/\/lobosnews.com.ar\/index.php\/2026\/03\/15\/el-gesto-de-gasly-que-sorprendio-a-colapinto-tras-el-gran-premio-de-china-de-formula-1\/#primaryimage"},"thumbnailUrl":"https:\/\/lobosnews.com.ar\/wp-content\/uploads\/2026\/03\/el-gesto-de-gasly-que-sorprendio-a-colapinto-tras-el-gran-premio-de-china-de-formula-1.jpg","keywords":["Deportes"],"articleSection":["Argentina"],"inLanguage":"es","potentialAction":[{"@type":"CommentAction","name":"Comment","target":["https:\/\/lobosnews.com.ar\/index.php\/2026\/03\/15\/el-gesto-de-gasly-que-sorprendio-a-colapinto-tras-el-gran-premio-de-china-de-formula-1\/#respond"]}]},{"@type":"WebPage","@id":"https:\/\/lobosnews.com.ar\/index.php\/2026\/03\/15\/el-gesto-de-gasly-que-sorprendio-a-colapinto-tras-el-gran-premio-de-china-de-formula-1\/","url":"https:\/\/lobosnews.com.ar\/index.php\/2026\/03\/15\/el-gesto-de-gasly-que-sorprendio-a-colapinto-tras-el-gran-premio-de-china-de-formula-1\/","name":"El gesto de Gasly que sorprendi\u00f3 a Colapinto tras el Gran Premio de China de F\u00f3rmula 1 - Lobos News","isPartOf":{"@id":"https:\/\/lobosnews.com.ar\/#website"},"primaryImageOfPage":{"@id":"https:\/\/lobosnews.com.ar\/index.php\/2026\/03\/15\/el-gesto-de-gasly-que-sorprendio-a-colapinto-tras-el-gran-premio-de-china-de-formula-1\/#primaryimage"},"image":{"@id":"https:\/\/lobosnews.com.ar\/index.php\/2026\/03\/15\/el-gesto-de-gasly-que-sorprendio-a-colapinto-tras-el-gran-premio-de-china-de-formula-1\/#primaryimage"},"thumbnailUrl":"https:\/\/lobosnews.com.ar\/wp-content\/uploads\/2026\/03\/el-gesto-de-gasly-que-sorprendio-a-colapinto-tras-el-gran-premio-de-china-de-formula-1.jpg","datePublished":"2026-03-15T13:10:54+00:00","dateModified":"2026-03-15T14:57:14+00:00","breadcrumb":{"@id":"https:\/\/lobosnews.com.ar\/index.php\/2026\/03\/15\/el-gesto-de-gasly-que-sorprendio-a-colapinto-tras-el-gran-premio-de-china-de-formula-1\/#breadcrumb"},"inLanguage":"es","potentialAction":[{"@type":"ReadAction","target":["https:\/\/lobosnews.com.ar\/index.php\/2026\/03\/15\/el-gesto-de-gasly-que-sorprendio-a-colapinto-tras-el-gran-premio-de-china-de-formula-1\/"]}]},{"@type":"ImageObject","inLanguage":"es","@id":"https:\/\/lobosnews.com.ar\/index.php\/2026\/03\/15\/el-gesto-de-gasly-que-sorprendio-a-colapinto-tras-el-gran-premio-de-china-de-formula-1\/#primaryimage","url":"https:\/\/lobosnews.com.ar\/wp-content\/uploads\/2026\/03\/el-gesto-de-gasly-que-sorprendio-a-colapinto-tras-el-gran-premio-de-china-de-formula-1.jpg","contentUrl":"https:\/\/lobosnews.com.ar\/wp-content\/uploads\/2026\/03\/el-gesto-de-gasly-que-sorprendio-a-colapinto-tras-el-gran-premio-de-china-de-formula-1.jpg"},{"@type":"BreadcrumbList","@id":"https:\/\/lobosnews.com.ar\/index.php\/2026\/03\/15\/el-gesto-de-gasly-que-sorprendio-a-colapinto-tras-el-gran-premio-de-china-de-formula-1\/#breadcrumb","itemListElement":[{"@type":"ListItem","position":1,"name":"Portada","item":"https:\/\/lobosnews.com.ar\/"},{"@type":"ListItem","position":2,"name":"El gesto de Gasly que sorprendi\u00f3 a Colapinto tras el Gran Premio de China de F\u00f3rmula 1"}]},{"@type":"WebSite","@id":"https:\/\/lobosnews.com.ar\/#website","url":"https:\/\/lobosnews.com.ar\/","name":"Lobos News","description":"Informaci\u00f3n a cada instante","publisher":{"@id":"https:\/\/lobosnews.com.ar\/#organization"},"potentialAction":[{"@type":"SearchAction","target":{"@type":"EntryPoint","urlTemplate":"https:\/\/lobosnews.com.ar\/?s={search_term_string}"},"query-input":{"@type":"PropertyValueSpecification","valueRequired":true,"valueName":"search_term_string"}}],"inLanguage":"es"},{"@type":"Organization","@id":"https:\/\/lobosnews.com.ar\/#organization","name":"Lobos News","url":"https:\/\/lobosnews.com.ar\/","logo":{"@type":"ImageObject","inLanguage":"es","@id":"https:\/\/lobosnews.com.ar\/#\/schema\/logo\/image\/","url":"https:\/\/lobosnews.com.ar\/wp-content\/uploads\/2026\/01\/logo-lobosnews.png","contentUrl":"https:\/\/lobosnews.com.ar\/wp-content\/uploads\/2026\/01\/logo-lobosnews.png","width":500,"height":200,"caption":"Lobos News"},"image":{"@id":"https:\/\/lobosnews.com.ar\/#\/schema\/logo\/image\/"}},{"@type":"Person","@id":"https:\/\/lobosnews.com.ar\/#\/schema\/person\/232422a593d5c541dd9aef6aaed10943","name":"admin","image":{"@type":"ImageObject","inLanguage":"es","@id":"https:\/\/lobosnews.com.ar\/#\/schema\/person\/image\/","url":"https:\/\/secure.gravatar.com\/avatar\/76e419471a2083bc3ceab22a763dbbf9b0c1bd15a6214cf3280e2c2dde4580f9?s=96&d=mm&r=g","contentUrl":"https:\/\/secure.gravatar.com\/avatar\/76e419471a2083bc3ceab22a763dbbf9b0c1bd15a6214cf3280e2c2dde4580f9?s=96&d=mm&r=g","caption":"admin"},"sameAs":["https:\/\/lobosnews.com.ar"],"url":"https:\/\/lobosnews.com.ar\/index.php\/author\/lobos-news\/"}]}},"jetpack_featured_media_url":"","jetpack_sharing_enabled":true,"_links":{"self":[{"href":"https:\/\/lobosnews.com.ar\/index.php\/wp-json\/wp\/v2\/posts\/33881","targetHints":{"allow":["GET"]}}],"collection":[{"href":"https:\/\/lobosnews.com.ar\/index.php\/wp-json\/wp\/v2\/posts"}],"about":[{"href":"https:\/\/lobosnews.com.ar\/index.php\/wp-json\/wp\/v2\/types\/post"}],"author":[{"embeddable":true,"href":"https:\/\/lobosnews.com.ar\/index.php\/wp-json\/wp\/v2\/users\/1"}],"replies":[{"embeddable":true,"href":"https:\/\/lobosnews.com.ar\/index.php\/wp-json\/wp\/v2\/comments?post=33881"}],"version-history":[{"count":1,"href":"https:\/\/lobosnews.com.ar\/index.php\/wp-json\/wp\/v2\/posts\/33881\/revisions"}],"predecessor-version":[{"id":33883,"href":"https:\/\/lobosnews.com.ar\/index.php\/wp-json\/wp\/v2\/posts\/33881\/revisions\/33883"}],"wp:attachment":[{"href":"https:\/\/lobosnews.com.ar\/index.php\/wp-json\/wp\/v2\/media?parent=33881"}],"wp:term":[{"taxonomy":"category","embeddable":true,"href":"https:\/\/lobosnews.com.ar\/index.php\/wp-json\/wp\/v2\/categories?post=33881"},{"taxonomy":"post_tag","embeddable":true,"href":"https:\/\/lobosnews.com.ar\/index.php\/wp-json\/wp\/v2\/tags?post=33881"}],"curies":[{"name":"wp","href":"https:\/\/api.w.org\/{rel}","templated":true}]}}