{"id":33869,"date":"2026-03-15T07:35:47","date_gmt":"2026-03-15T07:35:47","guid":{"rendered":"https:\/\/lobosnews.com.ar\/index.php\/2026\/03\/15\/tras-tres-meses-profugo-capturaron-al-ultimo-preso-que-habia-escapado-de-una-comisaria-de-mendoza\/"},"modified":"2026-03-15T12:42:59","modified_gmt":"2026-03-15T12:42:59","slug":"tras-tres-meses-profugo-capturaron-al-ultimo-preso-que-habia-escapado-de-una-comisaria-de-mendoza","status":"publish","type":"post","link":"https:\/\/lobosnews.com.ar\/index.php\/2026\/03\/15\/tras-tres-meses-profugo-capturaron-al-ultimo-preso-que-habia-escapado-de-una-comisaria-de-mendoza\/","title":{"rendered":"Tras tres meses pr\u00f3fugo, capturaron al \u00faltimo preso que hab\u00eda escapado de una comisar\u00eda de Mendoza"},"content":{"rendered":"<p><img loading=\"lazy\" decoding=\"async\" src=\"https:\/\/lobosnews.com.ar\/wp-content\/uploads\/2026\/03\/tras-tres-meses-profugo-capturaron-al-ultimo-preso-que-habia-escapado-de-una-comisaria-de-mendoza.jpg\" alt=\"El pr\u00f3fugo fue identificado mientras caminaba por la v\u00eda p\u00fablica (Gentileza: Mdz Online)\" height=\"1080\" width=\"1980\"\/><\/p>\n<p>Despu\u00e9s de tres meses de intensa b\u00fasqueda, la <span class=\"waslinkname\"><b>Polic\u00eda de Mendoza<\/b><\/span> logr\u00f3 recapturar a <b>Emiliano Carlos Jofr\u00e9 (34)<\/b>, quien era el \u00fanico recluso que permanec\u00eda evadido de la Justicia, tras haber participado del escape de la <b>Comisar\u00eda 12 de San Mart\u00edn<\/b>. Su c\u00f3mplice hab\u00eda sido detenido en diciembre de 2025.<\/p>\n<p>El fugitivo fue localizado y arrestado este s\u00e1bado en el barrio San Pedro. El operativo se llev\u00f3 a cabo alrededor de las 13:00 horas, cuando los agentes que patrullaban la zona identificaron al sospechoso y, mediante sistema biom\u00e9trico, confirmaron su identidad.<\/p>\n<p>Seg\u00fan los antecedentes judiciales, el acusado hab\u00eda sido encarcelado pocos d\u00edas antes de la fuga por <b>tenencia ilegal de arma de fuego<\/b>. No obstante, acumulaba dos condenas previas por hechos de <b>violencia de g\u00e9nero.<\/b> Por una de ellas lo condenaron a un mes y 26 d\u00edas en prisi\u00f3n en mayo de 2023 por <b>amenazas calificadas y desobediencia<\/b>, mientras que en agosto de 2024 fue condenado a seis meses y seis d\u00edas tras haber admitido su autor\u00eda en<b> tres episodios de amenazas y lesiones leves<\/b>.<\/p>\n<p>La fuga, ocurrida en la madrugada del 10 de diciembre de 2023, se produjo por un <b>boquete de 15 cent\u00edmetros de alto por 40 de ancho<\/b> hecho en una pared de la comisar\u00eda. Por medio de ese hueco, Jofr\u00e9 y su c\u00f3mplice, <b>Enzo Leonel P\u00e1ez<\/b>, salieron del edificio, para luego concluir la huida a trav\u00e9s de los techos de los comercios y las viviendas linderas.<\/p>\n<p><img loading=\"lazy\" decoding=\"async\" src=\"https:\/\/lobosnews.com.ar\/wp-content\/uploads\/2026\/03\/tras-tres-meses-profugo-capturaron-al-ultimo-preso-que-habia-escapado-de-una-comisaria-de-mendoza-1.jpg\" alt=\"El hueco por donde escaparon los detenidos (Gentileza: Mdz Online)\" height=\"564\" width=\"760\"\/><\/p>\n<p>Tras el incidente, se activ\u00f3 un operativo policial que incluy\u00f3 rastrillajes en el \u00e1rea y la utilizaci\u00f3n de drones, aunque los esfuerzos resultaron insuficientes hasta ahora. De acuerdo con la informaci\u00f3n publicada por el sitio <i>Mdz Online<\/i>, la <b>Inspecci\u00f3n General de Seguridad (IGS)<\/b> abri\u00f3 un sumario administrativo para evaluar el desempe\u00f1o de los tres agentes que estaban presentes durante el escape.<\/p>\n<p>En el caso de P\u00e1ez, las autoridades lograron capturarlo cuatro d\u00edas despu\u00e9s de la fuga, es decir, el 14 de diciembre en la intersecci\u00f3n de las calles Jacarand\u00e1 y Los Robles. La detenci\u00f3n fue realizada por un miembro de la <b>Gendarmer\u00eda Nacional<\/b> que lo identific\u00f3 estando de civil y, con ayuda de vecinos, logr\u00f3 reducirlo hasta que fue nuevamente asegurado por la polic\u00eda local.<\/p>\n<p>De acuerdo con la informaci\u00f3n obtenida por <i>Los Andes<\/i>, el preso tuvo que ser asistido en la guardia del Hospital Perrupato, debido a que ten\u00eda lesiones visibles. Sin embargo, una vez que le dieron el alta m\u00e9dica, regres\u00f3 a su lugar de reclusi\u00f3n.<\/p>\n<h2>Detuvieron a un hombre que estaba fugitivo, tras ser acusado de abusar de una nena de 4 a\u00f1os<\/h2>\n<p>El pasado 30 de enero, los agentes del Departamento Federal de Investigaciones (DFI) de la Polic\u00eda Federal Argentina (PFA) arrestaron en la localidad de <b>Wilde<\/b>, provincia de Buenos Aires, a un hombre de 29 a\u00f1os que estaba pr\u00f3fugo, luego de haber sido acusado de abusar sexualmente de una nena de 4 a\u00f1os.<\/p>\n<p><img loading=\"lazy\" decoding=\"async\" src=\"https:\/\/lobosnews.com.ar\/wp-content\/uploads\/2026\/03\/tras-tres-meses-profugo-capturaron-al-ultimo-preso-que-habia-escapado-de-una-comisaria-de-mendoza-2.jpg\" alt=\"El hombre era pareja de la madre de la v\u00edctima (Gentileza: El Editor Mendoza)\" height=\"502\" width=\"790\"\/><\/p>\n<p>La detenci\u00f3n se realiz\u00f3 en la intersecci\u00f3n de Camino General Belgrano y Bouchard, en el partido de Avellaneda, luego de un operativo de vigilancia encubierta. Seg\u00fan la informaci\u00f3n oficial, la investigaci\u00f3n incluy\u00f3 pericias y entrevistas a la v\u00edctima en una <b>C\u00e1mara Gesell.<\/b><\/p>\n<p>La declaraci\u00f3n de la menor de edad fue clave para validar el relato. De acuerdo con la informaci\u00f3n publicada por <i>El Editor Mendoza<\/i>, indicaron que el expediente ser\u00e1 elevado a juicio por el Tribunal Oral en lo Criminal y Correccional N\u00b0 25, presidido por el juez <b>Marcelo Romero<\/b>.<\/p>\n<p>Los hechos se produjeron entre mayo de 2021 y enero de 2022 en un domicilio del barrio porte\u00f1o de <b>Balvanera<\/b>. Seg\u00fan se desprende de la documentaci\u00f3n judicial, el acusado era pareja de la madre de la v\u00edctima y conviv\u00eda con ambas en ese per\u00edodo, aprovechando los momentos en que la mujer se ausentaba por trabajo para quedar al cuidado de la ni\u00f1a.<\/p>\n<p>La intervenci\u00f3n de la Divisi\u00f3n B\u00fasqueda de Pr\u00f3fugos de la PFA se activ\u00f3 luego de que el imputado escapara antes de la audiencia judicial, inici\u00e1ndose tareas de inteligencia y an\u00e1lisis de datos. La causa se origin\u00f3 por la denuncia presentada por el padre de la ni\u00f1a, tras notar cambios en la conducta de su hija.<\/p>\n","protected":false},"excerpt":{"rendered":"<p>Despu\u00e9s de tres meses de intensa b\u00fasqueda, la Polic\u00eda de Mendoza logr\u00f3 recapturar a Emiliano Carlos Jofr\u00e9 (34), quien era el \u00fanico recluso que permanec\u00eda evadido de la Justicia, tras haber participado del escape de la Comisar\u00eda 12 de San Mart\u00edn. Su c\u00f3mplice hab\u00eda sido detenido en diciembre de 2025. El fugitivo fue localizado y&#8230;<\/p>\n","protected":false},"author":1,"featured_media":33874,"comment_status":"open","ping_status":"closed","sticky":false,"template":"","format":"standard","meta":{"_jetpack_memberships_contains_paid_content":false,"footnotes":""},"categories":[31,30,32,77,84,35,36,37],"tags":[],"class_list":["post-33869","post","type-post","status-publish","format-standard","has-post-thumbnail","hentry","category-actualidad","category-argentina","category-economia","category-inseguridad","category-masradios-com","category-nacionales","category-seguridad","category-sociedad"],"magazineBlocksPostFeaturedMedia":{"thumbnail":"https:\/\/lobosnews.com.ar\/wp-content\/uploads\/2026\/03\/tras-tres-meses-profugo-capturaron-al-ultimo-preso-que-habia-escapado-de-una-comisaria-de-mendoza-4-150x150.jpg","medium":"https:\/\/lobosnews.com.ar\/wp-content\/uploads\/2026\/03\/tras-tres-meses-profugo-capturaron-al-ultimo-preso-que-habia-escapado-de-una-comisaria-de-mendoza-4-300x191.jpg","medium_large":"https:\/\/lobosnews.com.ar\/wp-content\/uploads\/2026\/03\/tras-tres-meses-profugo-capturaron-al-ultimo-preso-que-habia-escapado-de-una-comisaria-de-mendoza-4-768x488.jpg","large":"https:\/\/lobosnews.com.ar\/wp-content\/uploads\/2026\/03\/tras-tres-meses-profugo-capturaron-al-ultimo-preso-que-habia-escapado-de-una-comisaria-de-mendoza-4.jpg","1536x1536":"https:\/\/lobosnews.com.ar\/wp-content\/uploads\/2026\/03\/tras-tres-meses-profugo-capturaron-al-ultimo-preso-que-habia-escapado-de-una-comisaria-de-mendoza-4.jpg","2048x2048":"https:\/\/lobosnews.com.ar\/wp-content\/uploads\/2026\/03\/tras-tres-meses-profugo-capturaron-al-ultimo-preso-que-habia-escapado-de-una-comisaria-de-mendoza-4.jpg","newsmatic-featured":"https:\/\/lobosnews.com.ar\/wp-content\/uploads\/2026\/03\/tras-tres-meses-profugo-capturaron-al-ultimo-preso-que-habia-escapado-de-una-comisaria-de-mendoza-4.jpg","newsmatic-list":"https:\/\/lobosnews.com.ar\/wp-content\/uploads\/2026\/03\/tras-tres-meses-profugo-capturaron-al-ultimo-preso-que-habia-escapado-de-una-comisaria-de-mendoza-4-600x400.jpg","newsmatic-thumb":"https:\/\/lobosnews.com.ar\/wp-content\/uploads\/2026\/03\/tras-tres-meses-profugo-capturaron-al-ultimo-preso-que-habia-escapado-de-una-comisaria-de-mendoza-4-300x200.jpg","newsmatic-small":"https:\/\/lobosnews.com.ar\/wp-content\/uploads\/2026\/03\/tras-tres-meses-profugo-capturaron-al-ultimo-preso-que-habia-escapado-de-una-comisaria-de-mendoza-4-150x95.jpg","newsmatic-grid":"https:\/\/lobosnews.com.ar\/wp-content\/uploads\/2026\/03\/tras-tres-meses-profugo-capturaron-al-ultimo-preso-que-habia-escapado-de-una-comisaria-de-mendoza-4-400x250.jpg"},"magazineBlocksPostAuthor":{"name":"admin","avatar":"https:\/\/secure.gravatar.com\/avatar\/76e419471a2083bc3ceab22a763dbbf9b0c1bd15a6214cf3280e2c2dde4580f9?s=96&d=mm&r=g"},"magazineBlocksPostCommentsNumber":"0","magazineBlocksPostExcerpt":"Despu\u00e9s de tres meses de intensa b\u00fasqueda, la Polic\u00eda de Mendoza logr\u00f3 recapturar a Emiliano Carlos Jofr\u00e9 (34), quien era el \u00fanico recluso que permanec\u00eda evadido de la Justicia, tras haber participado del escape de la Comisar\u00eda 12 de San Mart\u00edn. Su c\u00f3mplice hab\u00eda sido detenido en diciembre de 2025. El fugitivo fue localizado y...","magazineBlocksPostCategories":["Actualidad","Argentina","econom\u00eda","inseguridad","masradios.com","nacionales","seguridad","sociedad"],"magazineBlocksPostViewCount":82,"magazineBlocksPostReadTime":4,"magazine_blocks_featured_image_url":{"full":["https:\/\/lobosnews.com.ar\/wp-content\/uploads\/2026\/03\/tras-tres-meses-profugo-capturaron-al-ultimo-preso-que-habia-escapado-de-una-comisaria-de-mendoza-4.jpg",790,502,false],"medium":["https:\/\/lobosnews.com.ar\/wp-content\/uploads\/2026\/03\/tras-tres-meses-profugo-capturaron-al-ultimo-preso-que-habia-escapado-de-una-comisaria-de-mendoza-4-300x191.jpg",300,191,true],"thumbnail":["https:\/\/lobosnews.com.ar\/wp-content\/uploads\/2026\/03\/tras-tres-meses-profugo-capturaron-al-ultimo-preso-que-habia-escapado-de-una-comisaria-de-mendoza-4-150x150.jpg",150,150,true]},"magazine_blocks_author":{"display_name":"admin","author_link":"https:\/\/lobosnews.com.ar\/index.php\/author\/lobos-news\/"},"magazine_blocks_comment":0,"magazine_blocks_author_image":"https:\/\/secure.gravatar.com\/avatar\/76e419471a2083bc3ceab22a763dbbf9b0c1bd15a6214cf3280e2c2dde4580f9?s=96&d=mm&r=g","magazine_blocks_category":"<a href=\"#\" class=\"category-link category-link-31\">Actualidad<\/a> <a href=\"#\" class=\"category-link category-link-30\">Argentina<\/a> <a href=\"#\" class=\"category-link category-link-32\">econom\u00eda<\/a> <a href=\"#\" class=\"category-link category-link-77\">inseguridad<\/a> <a href=\"#\" class=\"category-link category-link-84\">masradios.com<\/a> <a href=\"#\" class=\"category-link category-link-35\">nacionales<\/a> <a href=\"#\" class=\"category-link category-link-36\">seguridad<\/a> <a href=\"#\" class=\"category-link category-link-37\">sociedad<\/a>","yoast_head":"<!-- This site is optimized with the Yoast SEO plugin v26.6 - https:\/\/yoast.com\/wordpress\/plugins\/seo\/ -->\n<title>Tras tres meses pr\u00f3fugo, capturaron al \u00faltimo preso que hab\u00eda escapado de una comisar\u00eda de Mendoza - Lobos News<\/title>\n<meta name=\"robots\" content=\"index, follow, max-snippet:-1, max-image-preview:large, max-video-preview:-1\" \/>\n<link rel=\"canonical\" href=\"https:\/\/lobosnews.com.ar\/index.php\/2026\/03\/15\/tras-tres-meses-profugo-capturaron-al-ultimo-preso-que-habia-escapado-de-una-comisaria-de-mendoza\/\" \/>\n<meta property=\"og:locale\" content=\"es_ES\" \/>\n<meta property=\"og:type\" content=\"article\" \/>\n<meta property=\"og:title\" content=\"Tras tres meses pr\u00f3fugo, capturaron al \u00faltimo preso que hab\u00eda escapado de una comisar\u00eda de Mendoza - Lobos News\" \/>\n<meta property=\"og:description\" content=\"Despu\u00e9s de tres meses de intensa b\u00fasqueda, la Polic\u00eda de Mendoza logr\u00f3 recapturar a Emiliano Carlos Jofr\u00e9 (34), quien era el \u00fanico recluso que permanec\u00eda evadido de la Justicia, tras haber participado del escape de la Comisar\u00eda 12 de San Mart\u00edn. Su c\u00f3mplice hab\u00eda sido detenido en diciembre de 2025. El fugitivo fue localizado y...\" \/>\n<meta property=\"og:url\" content=\"https:\/\/lobosnews.com.ar\/index.php\/2026\/03\/15\/tras-tres-meses-profugo-capturaron-al-ultimo-preso-que-habia-escapado-de-una-comisaria-de-mendoza\/\" \/>\n<meta property=\"og:site_name\" content=\"Lobos News\" \/>\n<meta property=\"article:published_time\" content=\"2026-03-15T07:35:47+00:00\" \/>\n<meta property=\"article:modified_time\" content=\"2026-03-15T12:42:59+00:00\" \/>\n<meta property=\"og:image\" content=\"https:\/\/lobosnews.com.ar\/wp-content\/uploads\/2026\/03\/tras-tres-meses-profugo-capturaron-al-ultimo-preso-que-habia-escapado-de-una-comisaria-de-mendoza.jpg\" \/>\n<meta name=\"author\" content=\"admin\" \/>\n<meta name=\"twitter:card\" content=\"summary_large_image\" \/>\n<meta name=\"twitter:label1\" content=\"Escrito por\" \/>\n\t<meta name=\"twitter:data1\" content=\"admin\" \/>\n\t<meta name=\"twitter:label2\" content=\"Tiempo de lectura\" \/>\n\t<meta name=\"twitter:data2\" content=\"4 minutos\" \/>\n<script type=\"application\/ld+json\" class=\"yoast-schema-graph\">{\"@context\":\"https:\/\/schema.org\",\"@graph\":[{\"@type\":\"Article\",\"@id\":\"https:\/\/lobosnews.com.ar\/index.php\/2026\/03\/15\/tras-tres-meses-profugo-capturaron-al-ultimo-preso-que-habia-escapado-de-una-comisaria-de-mendoza\/#article\",\"isPartOf\":{\"@id\":\"https:\/\/lobosnews.com.ar\/index.php\/2026\/03\/15\/tras-tres-meses-profugo-capturaron-al-ultimo-preso-que-habia-escapado-de-una-comisaria-de-mendoza\/\"},\"author\":{\"name\":\"admin\",\"@id\":\"https:\/\/lobosnews.com.ar\/#\/schema\/person\/232422a593d5c541dd9aef6aaed10943\"},\"headline\":\"Tras tres meses pr\u00f3fugo, capturaron al \u00faltimo preso que hab\u00eda escapado de una comisar\u00eda de Mendoza\",\"datePublished\":\"2026-03-15T07:35:47+00:00\",\"dateModified\":\"2026-03-15T12:42:59+00:00\",\"mainEntityOfPage\":{\"@id\":\"https:\/\/lobosnews.com.ar\/index.php\/2026\/03\/15\/tras-tres-meses-profugo-capturaron-al-ultimo-preso-que-habia-escapado-de-una-comisaria-de-mendoza\/\"},\"wordCount\":751,\"commentCount\":0,\"publisher\":{\"@id\":\"https:\/\/lobosnews.com.ar\/#organization\"},\"image\":{\"@id\":\"https:\/\/lobosnews.com.ar\/index.php\/2026\/03\/15\/tras-tres-meses-profugo-capturaron-al-ultimo-preso-que-habia-escapado-de-una-comisaria-de-mendoza\/#primaryimage\"},\"thumbnailUrl\":\"https:\/\/lobosnews.com.ar\/wp-content\/uploads\/2026\/03\/tras-tres-meses-profugo-capturaron-al-ultimo-preso-que-habia-escapado-de-una-comisaria-de-mendoza-4.jpg\",\"articleSection\":[\"Actualidad\",\"Argentina\",\"econom\u00eda\",\"inseguridad\",\"masradios.com\",\"nacionales\",\"seguridad\",\"sociedad\"],\"inLanguage\":\"es\",\"potentialAction\":[{\"@type\":\"CommentAction\",\"name\":\"Comment\",\"target\":[\"https:\/\/lobosnews.com.ar\/index.php\/2026\/03\/15\/tras-tres-meses-profugo-capturaron-al-ultimo-preso-que-habia-escapado-de-una-comisaria-de-mendoza\/#respond\"]}]},{\"@type\":\"WebPage\",\"@id\":\"https:\/\/lobosnews.com.ar\/index.php\/2026\/03\/15\/tras-tres-meses-profugo-capturaron-al-ultimo-preso-que-habia-escapado-de-una-comisaria-de-mendoza\/\",\"url\":\"https:\/\/lobosnews.com.ar\/index.php\/2026\/03\/15\/tras-tres-meses-profugo-capturaron-al-ultimo-preso-que-habia-escapado-de-una-comisaria-de-mendoza\/\",\"name\":\"Tras tres meses pr\u00f3fugo, capturaron al \u00faltimo preso que hab\u00eda escapado de una comisar\u00eda de Mendoza - Lobos News\",\"isPartOf\":{\"@id\":\"https:\/\/lobosnews.com.ar\/#website\"},\"primaryImageOfPage\":{\"@id\":\"https:\/\/lobosnews.com.ar\/index.php\/2026\/03\/15\/tras-tres-meses-profugo-capturaron-al-ultimo-preso-que-habia-escapado-de-una-comisaria-de-mendoza\/#primaryimage\"},\"image\":{\"@id\":\"https:\/\/lobosnews.com.ar\/index.php\/2026\/03\/15\/tras-tres-meses-profugo-capturaron-al-ultimo-preso-que-habia-escapado-de-una-comisaria-de-mendoza\/#primaryimage\"},\"thumbnailUrl\":\"https:\/\/lobosnews.com.ar\/wp-content\/uploads\/2026\/03\/tras-tres-meses-profugo-capturaron-al-ultimo-preso-que-habia-escapado-de-una-comisaria-de-mendoza-4.jpg\",\"datePublished\":\"2026-03-15T07:35:47+00:00\",\"dateModified\":\"2026-03-15T12:42:59+00:00\",\"breadcrumb\":{\"@id\":\"https:\/\/lobosnews.com.ar\/index.php\/2026\/03\/15\/tras-tres-meses-profugo-capturaron-al-ultimo-preso-que-habia-escapado-de-una-comisaria-de-mendoza\/#breadcrumb\"},\"inLanguage\":\"es\",\"potentialAction\":[{\"@type\":\"ReadAction\",\"target\":[\"https:\/\/lobosnews.com.ar\/index.php\/2026\/03\/15\/tras-tres-meses-profugo-capturaron-al-ultimo-preso-que-habia-escapado-de-una-comisaria-de-mendoza\/\"]}]},{\"@type\":\"ImageObject\",\"inLanguage\":\"es\",\"@id\":\"https:\/\/lobosnews.com.ar\/index.php\/2026\/03\/15\/tras-tres-meses-profugo-capturaron-al-ultimo-preso-que-habia-escapado-de-una-comisaria-de-mendoza\/#primaryimage\",\"url\":\"https:\/\/lobosnews.com.ar\/wp-content\/uploads\/2026\/03\/tras-tres-meses-profugo-capturaron-al-ultimo-preso-que-habia-escapado-de-una-comisaria-de-mendoza-4.jpg\",\"contentUrl\":\"https:\/\/lobosnews.com.ar\/wp-content\/uploads\/2026\/03\/tras-tres-meses-profugo-capturaron-al-ultimo-preso-que-habia-escapado-de-una-comisaria-de-mendoza-4.jpg\",\"width\":790,\"height\":502,\"caption\":\"Tras tres meses pr\u00f3fugo, capturaron al \u00faltimo preso que hab\u00eda escapado de una comisar\u00eda de Mendoza\"},{\"@type\":\"BreadcrumbList\",\"@id\":\"https:\/\/lobosnews.com.ar\/index.php\/2026\/03\/15\/tras-tres-meses-profugo-capturaron-al-ultimo-preso-que-habia-escapado-de-una-comisaria-de-mendoza\/#breadcrumb\",\"itemListElement\":[{\"@type\":\"ListItem\",\"position\":1,\"name\":\"Portada\",\"item\":\"https:\/\/lobosnews.com.ar\/\"},{\"@type\":\"ListItem\",\"position\":2,\"name\":\"Tras tres meses pr\u00f3fugo, capturaron al \u00faltimo preso que hab\u00eda escapado de una comisar\u00eda de Mendoza\"}]},{\"@type\":\"WebSite\",\"@id\":\"https:\/\/lobosnews.com.ar\/#website\",\"url\":\"https:\/\/lobosnews.com.ar\/\",\"name\":\"Lobos News\",\"description\":\"Informaci\u00f3n a cada instante\",\"publisher\":{\"@id\":\"https:\/\/lobosnews.com.ar\/#organization\"},\"potentialAction\":[{\"@type\":\"SearchAction\",\"target\":{\"@type\":\"EntryPoint\",\"urlTemplate\":\"https:\/\/lobosnews.com.ar\/?s={search_term_string}\"},\"query-input\":{\"@type\":\"PropertyValueSpecification\",\"valueRequired\":true,\"valueName\":\"search_term_string\"}}],\"inLanguage\":\"es\"},{\"@type\":\"Organization\",\"@id\":\"https:\/\/lobosnews.com.ar\/#organization\",\"name\":\"Lobos News\",\"url\":\"https:\/\/lobosnews.com.ar\/\",\"logo\":{\"@type\":\"ImageObject\",\"inLanguage\":\"es\",\"@id\":\"https:\/\/lobosnews.com.ar\/#\/schema\/logo\/image\/\",\"url\":\"https:\/\/lobosnews.com.ar\/wp-content\/uploads\/2026\/01\/logo-lobosnews.png\",\"contentUrl\":\"https:\/\/lobosnews.com.ar\/wp-content\/uploads\/2026\/01\/logo-lobosnews.png\",\"width\":500,\"height\":200,\"caption\":\"Lobos News\"},\"image\":{\"@id\":\"https:\/\/lobosnews.com.ar\/#\/schema\/logo\/image\/\"}},{\"@type\":\"Person\",\"@id\":\"https:\/\/lobosnews.com.ar\/#\/schema\/person\/232422a593d5c541dd9aef6aaed10943\",\"name\":\"admin\",\"image\":{\"@type\":\"ImageObject\",\"inLanguage\":\"es\",\"@id\":\"https:\/\/lobosnews.com.ar\/#\/schema\/person\/image\/\",\"url\":\"https:\/\/secure.gravatar.com\/avatar\/76e419471a2083bc3ceab22a763dbbf9b0c1bd15a6214cf3280e2c2dde4580f9?s=96&d=mm&r=g\",\"contentUrl\":\"https:\/\/secure.gravatar.com\/avatar\/76e419471a2083bc3ceab22a763dbbf9b0c1bd15a6214cf3280e2c2dde4580f9?s=96&d=mm&r=g\",\"caption\":\"admin\"},\"sameAs\":[\"https:\/\/lobosnews.com.ar\"],\"url\":\"https:\/\/lobosnews.com.ar\/index.php\/author\/lobos-news\/\"}]}<\/script>\n<!-- \/ Yoast SEO plugin. -->","yoast_head_json":{"title":"Tras tres meses pr\u00f3fugo, capturaron al \u00faltimo preso que hab\u00eda escapado de una comisar\u00eda de Mendoza - Lobos News","robots":{"index":"index","follow":"follow","max-snippet":"max-snippet:-1","max-image-preview":"max-image-preview:large","max-video-preview":"max-video-preview:-1"},"canonical":"https:\/\/lobosnews.com.ar\/index.php\/2026\/03\/15\/tras-tres-meses-profugo-capturaron-al-ultimo-preso-que-habia-escapado-de-una-comisaria-de-mendoza\/","og_locale":"es_ES","og_type":"article","og_title":"Tras tres meses pr\u00f3fugo, capturaron al \u00faltimo preso que hab\u00eda escapado de una comisar\u00eda de Mendoza - Lobos News","og_description":"Despu\u00e9s de tres meses de intensa b\u00fasqueda, la Polic\u00eda de Mendoza logr\u00f3 recapturar a Emiliano Carlos Jofr\u00e9 (34), quien era el \u00fanico recluso que permanec\u00eda evadido de la Justicia, tras haber participado del escape de la Comisar\u00eda 12 de San Mart\u00edn. Su c\u00f3mplice hab\u00eda sido detenido en diciembre de 2025. El fugitivo fue localizado y...","og_url":"https:\/\/lobosnews.com.ar\/index.php\/2026\/03\/15\/tras-tres-meses-profugo-capturaron-al-ultimo-preso-que-habia-escapado-de-una-comisaria-de-mendoza\/","og_site_name":"Lobos News","article_published_time":"2026-03-15T07:35:47+00:00","article_modified_time":"2026-03-15T12:42:59+00:00","og_image":[{"url":"https:\/\/lobosnews.com.ar\/wp-content\/uploads\/2026\/03\/tras-tres-meses-profugo-capturaron-al-ultimo-preso-que-habia-escapado-de-una-comisaria-de-mendoza.jpg","type":"","width":"","height":""}],"author":"admin","twitter_card":"summary_large_image","twitter_misc":{"Escrito por":"admin","Tiempo de lectura":"4 minutos"},"schema":{"@context":"https:\/\/schema.org","@graph":[{"@type":"Article","@id":"https:\/\/lobosnews.com.ar\/index.php\/2026\/03\/15\/tras-tres-meses-profugo-capturaron-al-ultimo-preso-que-habia-escapado-de-una-comisaria-de-mendoza\/#article","isPartOf":{"@id":"https:\/\/lobosnews.com.ar\/index.php\/2026\/03\/15\/tras-tres-meses-profugo-capturaron-al-ultimo-preso-que-habia-escapado-de-una-comisaria-de-mendoza\/"},"author":{"name":"admin","@id":"https:\/\/lobosnews.com.ar\/#\/schema\/person\/232422a593d5c541dd9aef6aaed10943"},"headline":"Tras tres meses pr\u00f3fugo, capturaron al \u00faltimo preso que hab\u00eda escapado de una comisar\u00eda de Mendoza","datePublished":"2026-03-15T07:35:47+00:00","dateModified":"2026-03-15T12:42:59+00:00","mainEntityOfPage":{"@id":"https:\/\/lobosnews.com.ar\/index.php\/2026\/03\/15\/tras-tres-meses-profugo-capturaron-al-ultimo-preso-que-habia-escapado-de-una-comisaria-de-mendoza\/"},"wordCount":751,"commentCount":0,"publisher":{"@id":"https:\/\/lobosnews.com.ar\/#organization"},"image":{"@id":"https:\/\/lobosnews.com.ar\/index.php\/2026\/03\/15\/tras-tres-meses-profugo-capturaron-al-ultimo-preso-que-habia-escapado-de-una-comisaria-de-mendoza\/#primaryimage"},"thumbnailUrl":"https:\/\/lobosnews.com.ar\/wp-content\/uploads\/2026\/03\/tras-tres-meses-profugo-capturaron-al-ultimo-preso-que-habia-escapado-de-una-comisaria-de-mendoza-4.jpg","articleSection":["Actualidad","Argentina","econom\u00eda","inseguridad","masradios.com","nacionales","seguridad","sociedad"],"inLanguage":"es","potentialAction":[{"@type":"CommentAction","name":"Comment","target":["https:\/\/lobosnews.com.ar\/index.php\/2026\/03\/15\/tras-tres-meses-profugo-capturaron-al-ultimo-preso-que-habia-escapado-de-una-comisaria-de-mendoza\/#respond"]}]},{"@type":"WebPage","@id":"https:\/\/lobosnews.com.ar\/index.php\/2026\/03\/15\/tras-tres-meses-profugo-capturaron-al-ultimo-preso-que-habia-escapado-de-una-comisaria-de-mendoza\/","url":"https:\/\/lobosnews.com.ar\/index.php\/2026\/03\/15\/tras-tres-meses-profugo-capturaron-al-ultimo-preso-que-habia-escapado-de-una-comisaria-de-mendoza\/","name":"Tras tres meses pr\u00f3fugo, capturaron al \u00faltimo preso que hab\u00eda escapado de una comisar\u00eda de Mendoza - Lobos News","isPartOf":{"@id":"https:\/\/lobosnews.com.ar\/#website"},"primaryImageOfPage":{"@id":"https:\/\/lobosnews.com.ar\/index.php\/2026\/03\/15\/tras-tres-meses-profugo-capturaron-al-ultimo-preso-que-habia-escapado-de-una-comisaria-de-mendoza\/#primaryimage"},"image":{"@id":"https:\/\/lobosnews.com.ar\/index.php\/2026\/03\/15\/tras-tres-meses-profugo-capturaron-al-ultimo-preso-que-habia-escapado-de-una-comisaria-de-mendoza\/#primaryimage"},"thumbnailUrl":"https:\/\/lobosnews.com.ar\/wp-content\/uploads\/2026\/03\/tras-tres-meses-profugo-capturaron-al-ultimo-preso-que-habia-escapado-de-una-comisaria-de-mendoza-4.jpg","datePublished":"2026-03-15T07:35:47+00:00","dateModified":"2026-03-15T12:42:59+00:00","breadcrumb":{"@id":"https:\/\/lobosnews.com.ar\/index.php\/2026\/03\/15\/tras-tres-meses-profugo-capturaron-al-ultimo-preso-que-habia-escapado-de-una-comisaria-de-mendoza\/#breadcrumb"},"inLanguage":"es","potentialAction":[{"@type":"ReadAction","target":["https:\/\/lobosnews.com.ar\/index.php\/2026\/03\/15\/tras-tres-meses-profugo-capturaron-al-ultimo-preso-que-habia-escapado-de-una-comisaria-de-mendoza\/"]}]},{"@type":"ImageObject","inLanguage":"es","@id":"https:\/\/lobosnews.com.ar\/index.php\/2026\/03\/15\/tras-tres-meses-profugo-capturaron-al-ultimo-preso-que-habia-escapado-de-una-comisaria-de-mendoza\/#primaryimage","url":"https:\/\/lobosnews.com.ar\/wp-content\/uploads\/2026\/03\/tras-tres-meses-profugo-capturaron-al-ultimo-preso-que-habia-escapado-de-una-comisaria-de-mendoza-4.jpg","contentUrl":"https:\/\/lobosnews.com.ar\/wp-content\/uploads\/2026\/03\/tras-tres-meses-profugo-capturaron-al-ultimo-preso-que-habia-escapado-de-una-comisaria-de-mendoza-4.jpg","width":790,"height":502,"caption":"Tras tres meses pr\u00f3fugo, capturaron al \u00faltimo preso que hab\u00eda escapado de una comisar\u00eda de Mendoza"},{"@type":"BreadcrumbList","@id":"https:\/\/lobosnews.com.ar\/index.php\/2026\/03\/15\/tras-tres-meses-profugo-capturaron-al-ultimo-preso-que-habia-escapado-de-una-comisaria-de-mendoza\/#breadcrumb","itemListElement":[{"@type":"ListItem","position":1,"name":"Portada","item":"https:\/\/lobosnews.com.ar\/"},{"@type":"ListItem","position":2,"name":"Tras tres meses pr\u00f3fugo, capturaron al \u00faltimo preso que hab\u00eda escapado de una comisar\u00eda de Mendoza"}]},{"@type":"WebSite","@id":"https:\/\/lobosnews.com.ar\/#website","url":"https:\/\/lobosnews.com.ar\/","name":"Lobos News","description":"Informaci\u00f3n a cada instante","publisher":{"@id":"https:\/\/lobosnews.com.ar\/#organization"},"potentialAction":[{"@type":"SearchAction","target":{"@type":"EntryPoint","urlTemplate":"https:\/\/lobosnews.com.ar\/?s={search_term_string}"},"query-input":{"@type":"PropertyValueSpecification","valueRequired":true,"valueName":"search_term_string"}}],"inLanguage":"es"},{"@type":"Organization","@id":"https:\/\/lobosnews.com.ar\/#organization","name":"Lobos News","url":"https:\/\/lobosnews.com.ar\/","logo":{"@type":"ImageObject","inLanguage":"es","@id":"https:\/\/lobosnews.com.ar\/#\/schema\/logo\/image\/","url":"https:\/\/lobosnews.com.ar\/wp-content\/uploads\/2026\/01\/logo-lobosnews.png","contentUrl":"https:\/\/lobosnews.com.ar\/wp-content\/uploads\/2026\/01\/logo-lobosnews.png","width":500,"height":200,"caption":"Lobos News"},"image":{"@id":"https:\/\/lobosnews.com.ar\/#\/schema\/logo\/image\/"}},{"@type":"Person","@id":"https:\/\/lobosnews.com.ar\/#\/schema\/person\/232422a593d5c541dd9aef6aaed10943","name":"admin","image":{"@type":"ImageObject","inLanguage":"es","@id":"https:\/\/lobosnews.com.ar\/#\/schema\/person\/image\/","url":"https:\/\/secure.gravatar.com\/avatar\/76e419471a2083bc3ceab22a763dbbf9b0c1bd15a6214cf3280e2c2dde4580f9?s=96&d=mm&r=g","contentUrl":"https:\/\/secure.gravatar.com\/avatar\/76e419471a2083bc3ceab22a763dbbf9b0c1bd15a6214cf3280e2c2dde4580f9?s=96&d=mm&r=g","caption":"admin"},"sameAs":["https:\/\/lobosnews.com.ar"],"url":"https:\/\/lobosnews.com.ar\/index.php\/author\/lobos-news\/"}]}},"jetpack_featured_media_url":"https:\/\/lobosnews.com.ar\/wp-content\/uploads\/2026\/03\/tras-tres-meses-profugo-capturaron-al-ultimo-preso-que-habia-escapado-de-una-comisaria-de-mendoza-4.jpg","jetpack_sharing_enabled":true,"_links":{"self":[{"href":"https:\/\/lobosnews.com.ar\/index.php\/wp-json\/wp\/v2\/posts\/33869","targetHints":{"allow":["GET"]}}],"collection":[{"href":"https:\/\/lobosnews.com.ar\/index.php\/wp-json\/wp\/v2\/posts"}],"about":[{"href":"https:\/\/lobosnews.com.ar\/index.php\/wp-json\/wp\/v2\/types\/post"}],"author":[{"embeddable":true,"href":"https:\/\/lobosnews.com.ar\/index.php\/wp-json\/wp\/v2\/users\/1"}],"replies":[{"embeddable":true,"href":"https:\/\/lobosnews.com.ar\/index.php\/wp-json\/wp\/v2\/comments?post=33869"}],"version-history":[{"count":1,"href":"https:\/\/lobosnews.com.ar\/index.php\/wp-json\/wp\/v2\/posts\/33869\/revisions"}],"predecessor-version":[{"id":33873,"href":"https:\/\/lobosnews.com.ar\/index.php\/wp-json\/wp\/v2\/posts\/33869\/revisions\/33873"}],"wp:featuredmedia":[{"embeddable":true,"href":"https:\/\/lobosnews.com.ar\/index.php\/wp-json\/wp\/v2\/media\/33874"}],"wp:attachment":[{"href":"https:\/\/lobosnews.com.ar\/index.php\/wp-json\/wp\/v2\/media?parent=33869"}],"wp:term":[{"taxonomy":"category","embeddable":true,"href":"https:\/\/lobosnews.com.ar\/index.php\/wp-json\/wp\/v2\/categories?post=33869"},{"taxonomy":"post_tag","embeddable":true,"href":"https:\/\/lobosnews.com.ar\/index.php\/wp-json\/wp\/v2\/tags?post=33869"}],"curies":[{"name":"wp","href":"https:\/\/api.w.org\/{rel}","templated":true}]}}