{"id":33862,"date":"2026-03-15T07:51:46","date_gmt":"2026-03-15T07:51:46","guid":{"rendered":"https:\/\/lobosnews.com.ar\/index.php\/2026\/03\/15\/brutal-femicidio-asesino-a-su-expareja-escondio-el-cuerpo-y-se-fue-al-carnaval-con-la-ropa-manchada-de-sangre\/"},"modified":"2026-03-15T12:42:53","modified_gmt":"2026-03-15T12:42:53","slug":"brutal-femicidio-asesino-a-su-expareja-escondio-el-cuerpo-y-se-fue-al-carnaval-con-la-ropa-manchada-de-sangre","status":"publish","type":"post","link":"https:\/\/lobosnews.com.ar\/index.php\/2026\/03\/15\/brutal-femicidio-asesino-a-su-expareja-escondio-el-cuerpo-y-se-fue-al-carnaval-con-la-ropa-manchada-de-sangre\/","title":{"rendered":"Brutal femicidio: asesin\u00f3 a su expareja, escondi\u00f3 el cuerpo y se fue al carnaval con la ropa manchada de sangre"},"content":{"rendered":"<p><img loading=\"lazy\" decoding=\"async\" src=\"https:\/\/lobosnews.com.ar\/wp-content\/uploads\/2026\/03\/brutal-femicidio-asesino-a-su-expareja-escondio-el-cuerpo-y-se-fue-al-carnaval-con-la-ropa-manchada-de-sangre.jpg\" alt=\"El sospechoso, Javier Flores y su victima Eugenia Mendiburu, de 43 a\u00f1os\" height=\"540\" width=\"953\"\/><\/p>\n<p>Un hombre <span class=\"waslinkname\"><b>asesin\u00f3 a su expareja<\/b><\/span><b> <\/b>en la localidad de General Lavalle y tras esconder su cuerpo atr\u00e1s del sill\u00f3n de la casa de la v\u00edctima, <b>se fue al carnaval de la ciudad<\/b>. El sospechoso todav\u00eda ten\u00eda la ropa manchada de sangre mientras festejaba en el corso minutos despu\u00e9s. <\/p>\n<p>La mujer v\u00edctima del brutal episodio fue identificada como <b>Eugenia Mendiburu<\/b>, una empleada municipal de 43 a\u00f1os. Su expareja y principal sospechoso del crimen es <b>Javier Flores<\/b> de 49 a\u00f1os con quien <b>habr\u00eda mantenido una relaci\u00f3n violenta y de denuncias.<\/b><\/p>\n<p>Eugenia fue hallada sin vida por la polic\u00eda de Buenos Aires en su vivienda de la intersecci\u00f3n de <b>Cordine y Bartolom\u00e9 Mitre<\/b>, ubicada a pocas cuadras de los festejos. Actualmente, la causa est\u00e1 bajo investigaci\u00f3n de la <b>Justicia de Buenos Aires<\/b>, que busca determinar si el sospechoso actu\u00f3 en complicidad. <\/p>\n<p><img loading=\"lazy\" decoding=\"async\" src=\"https:\/\/lobosnews.com.ar\/wp-content\/uploads\/2026\/03\/brutal-femicidio-asesino-a-su-expareja-escondio-el-cuerpo-y-se-fue-al-carnaval-con-la-ropa-manchada-de-sangre-1.jpg\" alt=\"intersecci\u00f3n de las calles Cordine y Bartolom\u00e9 Mitre donde la v\u00edctima fue hallada sin vida\" height=\"735\" width=\"1364\"\/><\/p>\n<p>Seg\u00fan las fuentes policiales, la mujer fue atacada por un <b>objeto punzante<\/b>. La situaci\u00f3n levant\u00f3 sospecha cuando conocidos de Eugenia Mendiburu vieron <b>el estado desprolijo de Javier<\/b> y al intentar contactarla, no lo lograron. Sabiendo los antecedentes y los problemas previos de la expareja, alertaron a las fuerzas de seguridad. <\/p>\n<p>Luego de la notificaci\u00f3n a la polic\u00eda, los agentes <b>encontraron el cuerpo<\/b> detr\u00e1s de un sill\u00f3n y detuvieron al principal sospechoso, seg\u00fan <i>El Tribuno<\/i>. <\/p>\n<p>Los testigos se\u00f1alaron que el atacante lleg\u00f3 al carnaval con<b> marcas de sangre en la ropa, lesiones visibles en la nuca y<\/b> <b>un dedo cortado.<\/b> Las prendas manchadas de sangre fueron secuestradas como parte de la investigaci\u00f3n.<\/p>\n<p>La causa qued\u00f3 a cargo de la Justicia de la Provincia de Buenos Aires bajo \u201c<b>Homicidio agravado por el v\u00ednculo y por mediar violencia de g\u00e9nero<\/b>\u201d. Sin embargo, la causa a\u00fan no trascendi\u00f3. <\/p>\n<p><img loading=\"lazy\" decoding=\"async\" src=\"https:\/\/lobosnews.com.ar\/wp-content\/uploads\/2026\/03\/brutal-femicidio-asesino-a-su-expareja-escondio-el-cuerpo-y-se-fue-al-carnaval-con-la-ropa-manchada-de-sangre-2.jpg\" alt=\"La intervenci\u00f3n policial permiti\u00f3 descubrir a la v\u00edctima tras recibir una denuncia por parte de vecinos\" height=\"359\" width=\"850\"\/><\/p>\n<h2>Casos similares de femicidio <\/h2>\n<p>El caso de Eugenia Mendiburu en General Lavalle se suma a una serie de cr\u00edmenes recientes que reflejan la persistencia de la violencia de g\u00e9nero en distintas regiones del pa\u00eds. La provincia de <span class=\"waslinkname\"><i><b>Chaco<\/b><\/i><\/span><i><b> <\/b><\/i>fue escenario de un doble femicidio en Quitilipi, donde <span class=\"waslinkname\"><b>una mujer y su hija adolescente fueron asesinadas<\/b><\/span><b> presuntamente por la expareja de la v\u00edctima<\/b>. Ambos casos exponen patrones similares de violencia extrema, v\u00ednculos previos y la urgencia de prevenir estos delitos. <\/p>\n<p>El martes por la tarde, la Polic\u00eda hall\u00f3 los cuerpos sin vida de una <b>madre de 37 a\u00f1os y su hija adolescente de 17<\/b>, ambas asesinadas con extrema violencia en su hogar de Quitilipi. El caso<b> <\/b>desencaden\u00f3 un operativo policial urgente. <\/p>\n<p>El crimen ocurri\u00f3 durante la noche del cumplea\u00f1os de la mujer y, seg\u00fan la Fiscal\u00eda, el presunto autor (su expareja, identificado como D. O.) fue capturado pocas horas despu\u00e9s. Las autoridades explicaron que una herramienta contundente, posiblemente un <b>hacha<\/b>, habr\u00eda sido utilizada para cometer el <b>doble femicidio<\/b>, y el caso ha sido calificado como uno de los m\u00e1s impactantes en la regi\u00f3n por la brutalidad de la escena. <\/p>\n<p><img loading=\"lazy\" decoding=\"async\" src=\"https:\/\/lobosnews.com.ar\/wp-content\/uploads\/2026\/03\/brutal-femicidio-asesino-a-su-expareja-escondio-el-cuerpo-y-se-fue-al-carnaval-con-la-ropa-manchada-de-sangre-3.jpg\" alt=\"El acusado fue detenido cerca de las 20:00 horas a unos kil\u00f3metros de la escena del crimen (Facebook: DiarioYa)\" height=\"1080\" width=\"1980\"\/><\/p>\n<p>El procedimiento de b\u00fasqueda, dirigido por el fiscal C\u00e9sar Luis Collado de la Fiscal\u00eda de Investigaci\u00f3n Penal N\u00b01 y dispuesto por el ministro de Seguridad de Chaco, Hugo Matkovich, se ejecut\u00f3 con apoyo de equipos especializados. La captura de D. O. ocurri\u00f3 en las primeras horas siguientes al hallazgo, cuando el sospechoso fue localizado a escasos kil\u00f3metros del lugar de los asesinatos, caminando entre las rutas 4 y 16. Al momento de ser detenido, el individuo manifest\u00f3 intenciones suicidas, que fueron neutralizadas por los efectivos, seg\u00fan confirmaron las fuentes policiales.<\/p>\n<p>La gravedad de este doble femicidio motiv\u00f3 la supervisi\u00f3n directa de los m\u00e1ximos responsables de las fuerzas de seguridad provinciales. El jefe de la <b>Polic\u00eda del Chaco<\/b>, comisario general Fernando Romero, y el subjefe, comisario general Manuel Victoriano Silva, coordinaron tanto la aprehensi\u00f3n como el resguardo de pruebas clave vinculadas al caso. Al momento de la detenci\u00f3n, los oficiales secuestraron el tel\u00e9fono m\u00f3vil del acusado, dispositivo que ahora ser\u00e1 peritado en busca de elementos que aporten a la reconstrucci\u00f3n de los hechos. <\/p>\n","protected":false},"excerpt":{"rendered":"<p>Un hombre asesin\u00f3 a su expareja en la localidad de General Lavalle y tras esconder su cuerpo atr\u00e1s del sill\u00f3n de la casa de la v\u00edctima, se fue al carnaval de la ciudad. El sospechoso todav\u00eda ten\u00eda la ropa manchada de sangre mientras festejaba en el corso minutos despu\u00e9s. La mujer v\u00edctima del brutal episodio&#8230;<\/p>\n","protected":false},"author":1,"featured_media":33868,"comment_status":"open","ping_status":"closed","sticky":false,"template":"","format":"standard","meta":{"_jetpack_memberships_contains_paid_content":false,"footnotes":""},"categories":[31,30,32,77,84,35,36,37],"tags":[],"class_list":["post-33862","post","type-post","status-publish","format-standard","has-post-thumbnail","hentry","category-actualidad","category-argentina","category-economia","category-inseguridad","category-masradios-com","category-nacionales","category-seguridad","category-sociedad"],"magazineBlocksPostFeaturedMedia":{"thumbnail":"https:\/\/lobosnews.com.ar\/wp-content\/uploads\/2026\/03\/brutal-femicidio-asesino-a-su-expareja-escondio-el-cuerpo-y-se-fue-al-carnaval-con-la-ropa-manchada-de-sangre-6-150x150.jpg","medium":"https:\/\/lobosnews.com.ar\/wp-content\/uploads\/2026\/03\/brutal-femicidio-asesino-a-su-expareja-escondio-el-cuerpo-y-se-fue-al-carnaval-con-la-ropa-manchada-de-sangre-6-300x164.jpg","medium_large":"https:\/\/lobosnews.com.ar\/wp-content\/uploads\/2026\/03\/brutal-femicidio-asesino-a-su-expareja-escondio-el-cuerpo-y-se-fue-al-carnaval-con-la-ropa-manchada-de-sangre-6-768x419.jpg","large":"https:\/\/lobosnews.com.ar\/wp-content\/uploads\/2026\/03\/brutal-femicidio-asesino-a-su-expareja-escondio-el-cuerpo-y-se-fue-al-carnaval-con-la-ropa-manchada-de-sangre-6-1024x559.jpg","1536x1536":"https:\/\/lobosnews.com.ar\/wp-content\/uploads\/2026\/03\/brutal-femicidio-asesino-a-su-expareja-escondio-el-cuerpo-y-se-fue-al-carnaval-con-la-ropa-manchada-de-sangre-6-1536x838.jpg","2048x2048":"https:\/\/lobosnews.com.ar\/wp-content\/uploads\/2026\/03\/brutal-femicidio-asesino-a-su-expareja-escondio-el-cuerpo-y-se-fue-al-carnaval-con-la-ropa-manchada-de-sangre-6.jpg","newsmatic-featured":"https:\/\/lobosnews.com.ar\/wp-content\/uploads\/2026\/03\/brutal-femicidio-asesino-a-su-expareja-escondio-el-cuerpo-y-se-fue-al-carnaval-con-la-ropa-manchada-de-sangre-6-820x545.jpg","newsmatic-list":"https:\/\/lobosnews.com.ar\/wp-content\/uploads\/2026\/03\/brutal-femicidio-asesino-a-su-expareja-escondio-el-cuerpo-y-se-fue-al-carnaval-con-la-ropa-manchada-de-sangre-6-600x400.jpg","newsmatic-thumb":"https:\/\/lobosnews.com.ar\/wp-content\/uploads\/2026\/03\/brutal-femicidio-asesino-a-su-expareja-escondio-el-cuerpo-y-se-fue-al-carnaval-con-la-ropa-manchada-de-sangre-6-300x200.jpg","newsmatic-small":"https:\/\/lobosnews.com.ar\/wp-content\/uploads\/2026\/03\/brutal-femicidio-asesino-a-su-expareja-escondio-el-cuerpo-y-se-fue-al-carnaval-con-la-ropa-manchada-de-sangre-6-150x95.jpg","newsmatic-grid":"https:\/\/lobosnews.com.ar\/wp-content\/uploads\/2026\/03\/brutal-femicidio-asesino-a-su-expareja-escondio-el-cuerpo-y-se-fue-al-carnaval-con-la-ropa-manchada-de-sangre-6-400x250.jpg"},"magazineBlocksPostAuthor":{"name":"admin","avatar":"https:\/\/secure.gravatar.com\/avatar\/76e419471a2083bc3ceab22a763dbbf9b0c1bd15a6214cf3280e2c2dde4580f9?s=96&d=mm&r=g"},"magazineBlocksPostCommentsNumber":"0","magazineBlocksPostExcerpt":"Un hombre asesin\u00f3 a su expareja en la localidad de General Lavalle y tras esconder su cuerpo atr\u00e1s del sill\u00f3n de la casa de la v\u00edctima, se fue al carnaval de la ciudad. El sospechoso todav\u00eda ten\u00eda la ropa manchada de sangre mientras festejaba en el corso minutos despu\u00e9s. La mujer v\u00edctima del brutal episodio...","magazineBlocksPostCategories":["Actualidad","Argentina","econom\u00eda","inseguridad","masradios.com","nacionales","seguridad","sociedad"],"magazineBlocksPostViewCount":81,"magazineBlocksPostReadTime":4,"magazine_blocks_featured_image_url":{"full":["https:\/\/lobosnews.com.ar\/wp-content\/uploads\/2026\/03\/brutal-femicidio-asesino-a-su-expareja-escondio-el-cuerpo-y-se-fue-al-carnaval-con-la-ropa-manchada-de-sangre-6.jpg",1980,1080,false],"medium":["https:\/\/lobosnews.com.ar\/wp-content\/uploads\/2026\/03\/brutal-femicidio-asesino-a-su-expareja-escondio-el-cuerpo-y-se-fue-al-carnaval-con-la-ropa-manchada-de-sangre-6-300x164.jpg",300,164,true],"thumbnail":["https:\/\/lobosnews.com.ar\/wp-content\/uploads\/2026\/03\/brutal-femicidio-asesino-a-su-expareja-escondio-el-cuerpo-y-se-fue-al-carnaval-con-la-ropa-manchada-de-sangre-6-150x150.jpg",150,150,true]},"magazine_blocks_author":{"display_name":"admin","author_link":"https:\/\/lobosnews.com.ar\/index.php\/author\/lobos-news\/"},"magazine_blocks_comment":0,"magazine_blocks_author_image":"https:\/\/secure.gravatar.com\/avatar\/76e419471a2083bc3ceab22a763dbbf9b0c1bd15a6214cf3280e2c2dde4580f9?s=96&d=mm&r=g","magazine_blocks_category":"<a href=\"#\" class=\"category-link category-link-31\">Actualidad<\/a> <a href=\"#\" class=\"category-link category-link-30\">Argentina<\/a> <a href=\"#\" class=\"category-link category-link-32\">econom\u00eda<\/a> <a href=\"#\" class=\"category-link category-link-77\">inseguridad<\/a> <a href=\"#\" class=\"category-link category-link-84\">masradios.com<\/a> <a href=\"#\" class=\"category-link category-link-35\">nacionales<\/a> <a href=\"#\" class=\"category-link category-link-36\">seguridad<\/a> <a href=\"#\" class=\"category-link category-link-37\">sociedad<\/a>","yoast_head":"<!-- This site is optimized with the Yoast SEO plugin v26.6 - https:\/\/yoast.com\/wordpress\/plugins\/seo\/ -->\n<title>Brutal femicidio: asesin\u00f3 a su expareja, escondi\u00f3 el cuerpo y se fue al carnaval con la ropa manchada de sangre - Lobos News<\/title>\n<meta name=\"robots\" content=\"index, follow, max-snippet:-1, max-image-preview:large, max-video-preview:-1\" \/>\n<link rel=\"canonical\" href=\"https:\/\/lobosnews.com.ar\/index.php\/2026\/03\/15\/brutal-femicidio-asesino-a-su-expareja-escondio-el-cuerpo-y-se-fue-al-carnaval-con-la-ropa-manchada-de-sangre\/\" \/>\n<meta property=\"og:locale\" content=\"es_ES\" \/>\n<meta property=\"og:type\" content=\"article\" \/>\n<meta property=\"og:title\" content=\"Brutal femicidio: asesin\u00f3 a su expareja, escondi\u00f3 el cuerpo y se fue al carnaval con la ropa manchada de sangre - Lobos News\" \/>\n<meta property=\"og:description\" content=\"Un hombre asesin\u00f3 a su expareja en la localidad de General Lavalle y tras esconder su cuerpo atr\u00e1s del sill\u00f3n de la casa de la v\u00edctima, se fue al carnaval de la ciudad. El sospechoso todav\u00eda ten\u00eda la ropa manchada de sangre mientras festejaba en el corso minutos despu\u00e9s. La mujer v\u00edctima del brutal episodio...\" \/>\n<meta property=\"og:url\" content=\"https:\/\/lobosnews.com.ar\/index.php\/2026\/03\/15\/brutal-femicidio-asesino-a-su-expareja-escondio-el-cuerpo-y-se-fue-al-carnaval-con-la-ropa-manchada-de-sangre\/\" \/>\n<meta property=\"og:site_name\" content=\"Lobos News\" \/>\n<meta property=\"article:published_time\" content=\"2026-03-15T07:51:46+00:00\" \/>\n<meta property=\"article:modified_time\" content=\"2026-03-15T12:42:53+00:00\" \/>\n<meta property=\"og:image\" content=\"https:\/\/lobosnews.com.ar\/wp-content\/uploads\/2026\/03\/brutal-femicidio-asesino-a-su-expareja-escondio-el-cuerpo-y-se-fue-al-carnaval-con-la-ropa-manchada-de-sangre.jpg\" \/>\n<meta name=\"author\" content=\"admin\" \/>\n<meta name=\"twitter:card\" content=\"summary_large_image\" \/>\n<meta name=\"twitter:label1\" content=\"Escrito por\" \/>\n\t<meta name=\"twitter:data1\" content=\"admin\" \/>\n\t<meta name=\"twitter:label2\" content=\"Tiempo de lectura\" \/>\n\t<meta name=\"twitter:data2\" content=\"3 minutos\" \/>\n<script type=\"application\/ld+json\" class=\"yoast-schema-graph\">{\"@context\":\"https:\/\/schema.org\",\"@graph\":[{\"@type\":\"Article\",\"@id\":\"https:\/\/lobosnews.com.ar\/index.php\/2026\/03\/15\/brutal-femicidio-asesino-a-su-expareja-escondio-el-cuerpo-y-se-fue-al-carnaval-con-la-ropa-manchada-de-sangre\/#article\",\"isPartOf\":{\"@id\":\"https:\/\/lobosnews.com.ar\/index.php\/2026\/03\/15\/brutal-femicidio-asesino-a-su-expareja-escondio-el-cuerpo-y-se-fue-al-carnaval-con-la-ropa-manchada-de-sangre\/\"},\"author\":{\"name\":\"admin\",\"@id\":\"https:\/\/lobosnews.com.ar\/#\/schema\/person\/232422a593d5c541dd9aef6aaed10943\"},\"headline\":\"Brutal femicidio: asesin\u00f3 a su expareja, escondi\u00f3 el cuerpo y se fue al carnaval con la ropa manchada de sangre\",\"datePublished\":\"2026-03-15T07:51:46+00:00\",\"dateModified\":\"2026-03-15T12:42:53+00:00\",\"mainEntityOfPage\":{\"@id\":\"https:\/\/lobosnews.com.ar\/index.php\/2026\/03\/15\/brutal-femicidio-asesino-a-su-expareja-escondio-el-cuerpo-y-se-fue-al-carnaval-con-la-ropa-manchada-de-sangre\/\"},\"wordCount\":711,\"commentCount\":0,\"publisher\":{\"@id\":\"https:\/\/lobosnews.com.ar\/#organization\"},\"image\":{\"@id\":\"https:\/\/lobosnews.com.ar\/index.php\/2026\/03\/15\/brutal-femicidio-asesino-a-su-expareja-escondio-el-cuerpo-y-se-fue-al-carnaval-con-la-ropa-manchada-de-sangre\/#primaryimage\"},\"thumbnailUrl\":\"https:\/\/lobosnews.com.ar\/wp-content\/uploads\/2026\/03\/brutal-femicidio-asesino-a-su-expareja-escondio-el-cuerpo-y-se-fue-al-carnaval-con-la-ropa-manchada-de-sangre-6.jpg\",\"articleSection\":[\"Actualidad\",\"Argentina\",\"econom\u00eda\",\"inseguridad\",\"masradios.com\",\"nacionales\",\"seguridad\",\"sociedad\"],\"inLanguage\":\"es\",\"potentialAction\":[{\"@type\":\"CommentAction\",\"name\":\"Comment\",\"target\":[\"https:\/\/lobosnews.com.ar\/index.php\/2026\/03\/15\/brutal-femicidio-asesino-a-su-expareja-escondio-el-cuerpo-y-se-fue-al-carnaval-con-la-ropa-manchada-de-sangre\/#respond\"]}]},{\"@type\":\"WebPage\",\"@id\":\"https:\/\/lobosnews.com.ar\/index.php\/2026\/03\/15\/brutal-femicidio-asesino-a-su-expareja-escondio-el-cuerpo-y-se-fue-al-carnaval-con-la-ropa-manchada-de-sangre\/\",\"url\":\"https:\/\/lobosnews.com.ar\/index.php\/2026\/03\/15\/brutal-femicidio-asesino-a-su-expareja-escondio-el-cuerpo-y-se-fue-al-carnaval-con-la-ropa-manchada-de-sangre\/\",\"name\":\"Brutal femicidio: asesin\u00f3 a su expareja, escondi\u00f3 el cuerpo y se fue al carnaval con la ropa manchada de sangre - Lobos News\",\"isPartOf\":{\"@id\":\"https:\/\/lobosnews.com.ar\/#website\"},\"primaryImageOfPage\":{\"@id\":\"https:\/\/lobosnews.com.ar\/index.php\/2026\/03\/15\/brutal-femicidio-asesino-a-su-expareja-escondio-el-cuerpo-y-se-fue-al-carnaval-con-la-ropa-manchada-de-sangre\/#primaryimage\"},\"image\":{\"@id\":\"https:\/\/lobosnews.com.ar\/index.php\/2026\/03\/15\/brutal-femicidio-asesino-a-su-expareja-escondio-el-cuerpo-y-se-fue-al-carnaval-con-la-ropa-manchada-de-sangre\/#primaryimage\"},\"thumbnailUrl\":\"https:\/\/lobosnews.com.ar\/wp-content\/uploads\/2026\/03\/brutal-femicidio-asesino-a-su-expareja-escondio-el-cuerpo-y-se-fue-al-carnaval-con-la-ropa-manchada-de-sangre-6.jpg\",\"datePublished\":\"2026-03-15T07:51:46+00:00\",\"dateModified\":\"2026-03-15T12:42:53+00:00\",\"breadcrumb\":{\"@id\":\"https:\/\/lobosnews.com.ar\/index.php\/2026\/03\/15\/brutal-femicidio-asesino-a-su-expareja-escondio-el-cuerpo-y-se-fue-al-carnaval-con-la-ropa-manchada-de-sangre\/#breadcrumb\"},\"inLanguage\":\"es\",\"potentialAction\":[{\"@type\":\"ReadAction\",\"target\":[\"https:\/\/lobosnews.com.ar\/index.php\/2026\/03\/15\/brutal-femicidio-asesino-a-su-expareja-escondio-el-cuerpo-y-se-fue-al-carnaval-con-la-ropa-manchada-de-sangre\/\"]}]},{\"@type\":\"ImageObject\",\"inLanguage\":\"es\",\"@id\":\"https:\/\/lobosnews.com.ar\/index.php\/2026\/03\/15\/brutal-femicidio-asesino-a-su-expareja-escondio-el-cuerpo-y-se-fue-al-carnaval-con-la-ropa-manchada-de-sangre\/#primaryimage\",\"url\":\"https:\/\/lobosnews.com.ar\/wp-content\/uploads\/2026\/03\/brutal-femicidio-asesino-a-su-expareja-escondio-el-cuerpo-y-se-fue-al-carnaval-con-la-ropa-manchada-de-sangre-6.jpg\",\"contentUrl\":\"https:\/\/lobosnews.com.ar\/wp-content\/uploads\/2026\/03\/brutal-femicidio-asesino-a-su-expareja-escondio-el-cuerpo-y-se-fue-al-carnaval-con-la-ropa-manchada-de-sangre-6.jpg\",\"width\":1980,\"height\":1080,\"caption\":\"Brutal femicidio: asesin\u00f3 a su expareja, escondi\u00f3 el cuerpo y se fue al carnaval con la ropa manchada de sangre\"},{\"@type\":\"BreadcrumbList\",\"@id\":\"https:\/\/lobosnews.com.ar\/index.php\/2026\/03\/15\/brutal-femicidio-asesino-a-su-expareja-escondio-el-cuerpo-y-se-fue-al-carnaval-con-la-ropa-manchada-de-sangre\/#breadcrumb\",\"itemListElement\":[{\"@type\":\"ListItem\",\"position\":1,\"name\":\"Portada\",\"item\":\"https:\/\/lobosnews.com.ar\/\"},{\"@type\":\"ListItem\",\"position\":2,\"name\":\"Brutal femicidio: asesin\u00f3 a su expareja, escondi\u00f3 el cuerpo y se fue al carnaval con la ropa manchada de sangre\"}]},{\"@type\":\"WebSite\",\"@id\":\"https:\/\/lobosnews.com.ar\/#website\",\"url\":\"https:\/\/lobosnews.com.ar\/\",\"name\":\"Lobos News\",\"description\":\"Informaci\u00f3n a cada instante\",\"publisher\":{\"@id\":\"https:\/\/lobosnews.com.ar\/#organization\"},\"potentialAction\":[{\"@type\":\"SearchAction\",\"target\":{\"@type\":\"EntryPoint\",\"urlTemplate\":\"https:\/\/lobosnews.com.ar\/?s={search_term_string}\"},\"query-input\":{\"@type\":\"PropertyValueSpecification\",\"valueRequired\":true,\"valueName\":\"search_term_string\"}}],\"inLanguage\":\"es\"},{\"@type\":\"Organization\",\"@id\":\"https:\/\/lobosnews.com.ar\/#organization\",\"name\":\"Lobos News\",\"url\":\"https:\/\/lobosnews.com.ar\/\",\"logo\":{\"@type\":\"ImageObject\",\"inLanguage\":\"es\",\"@id\":\"https:\/\/lobosnews.com.ar\/#\/schema\/logo\/image\/\",\"url\":\"https:\/\/lobosnews.com.ar\/wp-content\/uploads\/2026\/01\/logo-lobosnews.png\",\"contentUrl\":\"https:\/\/lobosnews.com.ar\/wp-content\/uploads\/2026\/01\/logo-lobosnews.png\",\"width\":500,\"height\":200,\"caption\":\"Lobos News\"},\"image\":{\"@id\":\"https:\/\/lobosnews.com.ar\/#\/schema\/logo\/image\/\"}},{\"@type\":\"Person\",\"@id\":\"https:\/\/lobosnews.com.ar\/#\/schema\/person\/232422a593d5c541dd9aef6aaed10943\",\"name\":\"admin\",\"image\":{\"@type\":\"ImageObject\",\"inLanguage\":\"es\",\"@id\":\"https:\/\/lobosnews.com.ar\/#\/schema\/person\/image\/\",\"url\":\"https:\/\/secure.gravatar.com\/avatar\/76e419471a2083bc3ceab22a763dbbf9b0c1bd15a6214cf3280e2c2dde4580f9?s=96&d=mm&r=g\",\"contentUrl\":\"https:\/\/secure.gravatar.com\/avatar\/76e419471a2083bc3ceab22a763dbbf9b0c1bd15a6214cf3280e2c2dde4580f9?s=96&d=mm&r=g\",\"caption\":\"admin\"},\"sameAs\":[\"https:\/\/lobosnews.com.ar\"],\"url\":\"https:\/\/lobosnews.com.ar\/index.php\/author\/lobos-news\/\"}]}<\/script>\n<!-- \/ Yoast SEO plugin. -->","yoast_head_json":{"title":"Brutal femicidio: asesin\u00f3 a su expareja, escondi\u00f3 el cuerpo y se fue al carnaval con la ropa manchada de sangre - Lobos News","robots":{"index":"index","follow":"follow","max-snippet":"max-snippet:-1","max-image-preview":"max-image-preview:large","max-video-preview":"max-video-preview:-1"},"canonical":"https:\/\/lobosnews.com.ar\/index.php\/2026\/03\/15\/brutal-femicidio-asesino-a-su-expareja-escondio-el-cuerpo-y-se-fue-al-carnaval-con-la-ropa-manchada-de-sangre\/","og_locale":"es_ES","og_type":"article","og_title":"Brutal femicidio: asesin\u00f3 a su expareja, escondi\u00f3 el cuerpo y se fue al carnaval con la ropa manchada de sangre - Lobos News","og_description":"Un hombre asesin\u00f3 a su expareja en la localidad de General Lavalle y tras esconder su cuerpo atr\u00e1s del sill\u00f3n de la casa de la v\u00edctima, se fue al carnaval de la ciudad. El sospechoso todav\u00eda ten\u00eda la ropa manchada de sangre mientras festejaba en el corso minutos despu\u00e9s. La mujer v\u00edctima del brutal episodio...","og_url":"https:\/\/lobosnews.com.ar\/index.php\/2026\/03\/15\/brutal-femicidio-asesino-a-su-expareja-escondio-el-cuerpo-y-se-fue-al-carnaval-con-la-ropa-manchada-de-sangre\/","og_site_name":"Lobos News","article_published_time":"2026-03-15T07:51:46+00:00","article_modified_time":"2026-03-15T12:42:53+00:00","og_image":[{"url":"https:\/\/lobosnews.com.ar\/wp-content\/uploads\/2026\/03\/brutal-femicidio-asesino-a-su-expareja-escondio-el-cuerpo-y-se-fue-al-carnaval-con-la-ropa-manchada-de-sangre.jpg","type":"","width":"","height":""}],"author":"admin","twitter_card":"summary_large_image","twitter_misc":{"Escrito por":"admin","Tiempo de lectura":"3 minutos"},"schema":{"@context":"https:\/\/schema.org","@graph":[{"@type":"Article","@id":"https:\/\/lobosnews.com.ar\/index.php\/2026\/03\/15\/brutal-femicidio-asesino-a-su-expareja-escondio-el-cuerpo-y-se-fue-al-carnaval-con-la-ropa-manchada-de-sangre\/#article","isPartOf":{"@id":"https:\/\/lobosnews.com.ar\/index.php\/2026\/03\/15\/brutal-femicidio-asesino-a-su-expareja-escondio-el-cuerpo-y-se-fue-al-carnaval-con-la-ropa-manchada-de-sangre\/"},"author":{"name":"admin","@id":"https:\/\/lobosnews.com.ar\/#\/schema\/person\/232422a593d5c541dd9aef6aaed10943"},"headline":"Brutal femicidio: asesin\u00f3 a su expareja, escondi\u00f3 el cuerpo y se fue al carnaval con la ropa manchada de sangre","datePublished":"2026-03-15T07:51:46+00:00","dateModified":"2026-03-15T12:42:53+00:00","mainEntityOfPage":{"@id":"https:\/\/lobosnews.com.ar\/index.php\/2026\/03\/15\/brutal-femicidio-asesino-a-su-expareja-escondio-el-cuerpo-y-se-fue-al-carnaval-con-la-ropa-manchada-de-sangre\/"},"wordCount":711,"commentCount":0,"publisher":{"@id":"https:\/\/lobosnews.com.ar\/#organization"},"image":{"@id":"https:\/\/lobosnews.com.ar\/index.php\/2026\/03\/15\/brutal-femicidio-asesino-a-su-expareja-escondio-el-cuerpo-y-se-fue-al-carnaval-con-la-ropa-manchada-de-sangre\/#primaryimage"},"thumbnailUrl":"https:\/\/lobosnews.com.ar\/wp-content\/uploads\/2026\/03\/brutal-femicidio-asesino-a-su-expareja-escondio-el-cuerpo-y-se-fue-al-carnaval-con-la-ropa-manchada-de-sangre-6.jpg","articleSection":["Actualidad","Argentina","econom\u00eda","inseguridad","masradios.com","nacionales","seguridad","sociedad"],"inLanguage":"es","potentialAction":[{"@type":"CommentAction","name":"Comment","target":["https:\/\/lobosnews.com.ar\/index.php\/2026\/03\/15\/brutal-femicidio-asesino-a-su-expareja-escondio-el-cuerpo-y-se-fue-al-carnaval-con-la-ropa-manchada-de-sangre\/#respond"]}]},{"@type":"WebPage","@id":"https:\/\/lobosnews.com.ar\/index.php\/2026\/03\/15\/brutal-femicidio-asesino-a-su-expareja-escondio-el-cuerpo-y-se-fue-al-carnaval-con-la-ropa-manchada-de-sangre\/","url":"https:\/\/lobosnews.com.ar\/index.php\/2026\/03\/15\/brutal-femicidio-asesino-a-su-expareja-escondio-el-cuerpo-y-se-fue-al-carnaval-con-la-ropa-manchada-de-sangre\/","name":"Brutal femicidio: asesin\u00f3 a su expareja, escondi\u00f3 el cuerpo y se fue al carnaval con la ropa manchada de sangre - Lobos News","isPartOf":{"@id":"https:\/\/lobosnews.com.ar\/#website"},"primaryImageOfPage":{"@id":"https:\/\/lobosnews.com.ar\/index.php\/2026\/03\/15\/brutal-femicidio-asesino-a-su-expareja-escondio-el-cuerpo-y-se-fue-al-carnaval-con-la-ropa-manchada-de-sangre\/#primaryimage"},"image":{"@id":"https:\/\/lobosnews.com.ar\/index.php\/2026\/03\/15\/brutal-femicidio-asesino-a-su-expareja-escondio-el-cuerpo-y-se-fue-al-carnaval-con-la-ropa-manchada-de-sangre\/#primaryimage"},"thumbnailUrl":"https:\/\/lobosnews.com.ar\/wp-content\/uploads\/2026\/03\/brutal-femicidio-asesino-a-su-expareja-escondio-el-cuerpo-y-se-fue-al-carnaval-con-la-ropa-manchada-de-sangre-6.jpg","datePublished":"2026-03-15T07:51:46+00:00","dateModified":"2026-03-15T12:42:53+00:00","breadcrumb":{"@id":"https:\/\/lobosnews.com.ar\/index.php\/2026\/03\/15\/brutal-femicidio-asesino-a-su-expareja-escondio-el-cuerpo-y-se-fue-al-carnaval-con-la-ropa-manchada-de-sangre\/#breadcrumb"},"inLanguage":"es","potentialAction":[{"@type":"ReadAction","target":["https:\/\/lobosnews.com.ar\/index.php\/2026\/03\/15\/brutal-femicidio-asesino-a-su-expareja-escondio-el-cuerpo-y-se-fue-al-carnaval-con-la-ropa-manchada-de-sangre\/"]}]},{"@type":"ImageObject","inLanguage":"es","@id":"https:\/\/lobosnews.com.ar\/index.php\/2026\/03\/15\/brutal-femicidio-asesino-a-su-expareja-escondio-el-cuerpo-y-se-fue-al-carnaval-con-la-ropa-manchada-de-sangre\/#primaryimage","url":"https:\/\/lobosnews.com.ar\/wp-content\/uploads\/2026\/03\/brutal-femicidio-asesino-a-su-expareja-escondio-el-cuerpo-y-se-fue-al-carnaval-con-la-ropa-manchada-de-sangre-6.jpg","contentUrl":"https:\/\/lobosnews.com.ar\/wp-content\/uploads\/2026\/03\/brutal-femicidio-asesino-a-su-expareja-escondio-el-cuerpo-y-se-fue-al-carnaval-con-la-ropa-manchada-de-sangre-6.jpg","width":1980,"height":1080,"caption":"Brutal femicidio: asesin\u00f3 a su expareja, escondi\u00f3 el cuerpo y se fue al carnaval con la ropa manchada de sangre"},{"@type":"BreadcrumbList","@id":"https:\/\/lobosnews.com.ar\/index.php\/2026\/03\/15\/brutal-femicidio-asesino-a-su-expareja-escondio-el-cuerpo-y-se-fue-al-carnaval-con-la-ropa-manchada-de-sangre\/#breadcrumb","itemListElement":[{"@type":"ListItem","position":1,"name":"Portada","item":"https:\/\/lobosnews.com.ar\/"},{"@type":"ListItem","position":2,"name":"Brutal femicidio: asesin\u00f3 a su expareja, escondi\u00f3 el cuerpo y se fue al carnaval con la ropa manchada de sangre"}]},{"@type":"WebSite","@id":"https:\/\/lobosnews.com.ar\/#website","url":"https:\/\/lobosnews.com.ar\/","name":"Lobos News","description":"Informaci\u00f3n a cada instante","publisher":{"@id":"https:\/\/lobosnews.com.ar\/#organization"},"potentialAction":[{"@type":"SearchAction","target":{"@type":"EntryPoint","urlTemplate":"https:\/\/lobosnews.com.ar\/?s={search_term_string}"},"query-input":{"@type":"PropertyValueSpecification","valueRequired":true,"valueName":"search_term_string"}}],"inLanguage":"es"},{"@type":"Organization","@id":"https:\/\/lobosnews.com.ar\/#organization","name":"Lobos News","url":"https:\/\/lobosnews.com.ar\/","logo":{"@type":"ImageObject","inLanguage":"es","@id":"https:\/\/lobosnews.com.ar\/#\/schema\/logo\/image\/","url":"https:\/\/lobosnews.com.ar\/wp-content\/uploads\/2026\/01\/logo-lobosnews.png","contentUrl":"https:\/\/lobosnews.com.ar\/wp-content\/uploads\/2026\/01\/logo-lobosnews.png","width":500,"height":200,"caption":"Lobos News"},"image":{"@id":"https:\/\/lobosnews.com.ar\/#\/schema\/logo\/image\/"}},{"@type":"Person","@id":"https:\/\/lobosnews.com.ar\/#\/schema\/person\/232422a593d5c541dd9aef6aaed10943","name":"admin","image":{"@type":"ImageObject","inLanguage":"es","@id":"https:\/\/lobosnews.com.ar\/#\/schema\/person\/image\/","url":"https:\/\/secure.gravatar.com\/avatar\/76e419471a2083bc3ceab22a763dbbf9b0c1bd15a6214cf3280e2c2dde4580f9?s=96&d=mm&r=g","contentUrl":"https:\/\/secure.gravatar.com\/avatar\/76e419471a2083bc3ceab22a763dbbf9b0c1bd15a6214cf3280e2c2dde4580f9?s=96&d=mm&r=g","caption":"admin"},"sameAs":["https:\/\/lobosnews.com.ar"],"url":"https:\/\/lobosnews.com.ar\/index.php\/author\/lobos-news\/"}]}},"jetpack_featured_media_url":"https:\/\/lobosnews.com.ar\/wp-content\/uploads\/2026\/03\/brutal-femicidio-asesino-a-su-expareja-escondio-el-cuerpo-y-se-fue-al-carnaval-con-la-ropa-manchada-de-sangre-6.jpg","jetpack_sharing_enabled":true,"_links":{"self":[{"href":"https:\/\/lobosnews.com.ar\/index.php\/wp-json\/wp\/v2\/posts\/33862","targetHints":{"allow":["GET"]}}],"collection":[{"href":"https:\/\/lobosnews.com.ar\/index.php\/wp-json\/wp\/v2\/posts"}],"about":[{"href":"https:\/\/lobosnews.com.ar\/index.php\/wp-json\/wp\/v2\/types\/post"}],"author":[{"embeddable":true,"href":"https:\/\/lobosnews.com.ar\/index.php\/wp-json\/wp\/v2\/users\/1"}],"replies":[{"embeddable":true,"href":"https:\/\/lobosnews.com.ar\/index.php\/wp-json\/wp\/v2\/comments?post=33862"}],"version-history":[{"count":1,"href":"https:\/\/lobosnews.com.ar\/index.php\/wp-json\/wp\/v2\/posts\/33862\/revisions"}],"predecessor-version":[{"id":33867,"href":"https:\/\/lobosnews.com.ar\/index.php\/wp-json\/wp\/v2\/posts\/33862\/revisions\/33867"}],"wp:featuredmedia":[{"embeddable":true,"href":"https:\/\/lobosnews.com.ar\/index.php\/wp-json\/wp\/v2\/media\/33868"}],"wp:attachment":[{"href":"https:\/\/lobosnews.com.ar\/index.php\/wp-json\/wp\/v2\/media?parent=33862"}],"wp:term":[{"taxonomy":"category","embeddable":true,"href":"https:\/\/lobosnews.com.ar\/index.php\/wp-json\/wp\/v2\/categories?post=33862"},{"taxonomy":"post_tag","embeddable":true,"href":"https:\/\/lobosnews.com.ar\/index.php\/wp-json\/wp\/v2\/tags?post=33862"}],"curies":[{"name":"wp","href":"https:\/\/api.w.org\/{rel}","templated":true}]}}