{"id":33856,"date":"2026-03-15T09:25:53","date_gmt":"2026-03-15T09:25:53","guid":{"rendered":"https:\/\/lobosnews.com.ar\/index.php\/2026\/03\/15\/se-espera-un-dia-nublado-con-temperaturas-de-verano-en-el-amba-pero-advirtieron-que-volvera-a-llover\/"},"modified":"2026-03-15T12:42:45","modified_gmt":"2026-03-15T12:42:45","slug":"se-espera-un-dia-nublado-con-temperaturas-de-verano-en-el-amba-pero-advirtieron-que-volvera-a-llover","status":"publish","type":"post","link":"https:\/\/lobosnews.com.ar\/index.php\/2026\/03\/15\/se-espera-un-dia-nublado-con-temperaturas-de-verano-en-el-amba-pero-advirtieron-que-volvera-a-llover\/","title":{"rendered":"Se espera un d\u00eda nublado con temperaturas de verano en el AMBA, pero advirtieron que volver\u00e1 a llover"},"content":{"rendered":"<p><img fetchpriority=\"high\" decoding=\"async\" src=\"https:\/\/lobosnews.com.ar\/wp-content\/uploads\/2026\/03\/se-espera-un-dia-nublado-con-temperaturas-de-verano-en-el-amba-pero-advirtieron-que-volvera-a-llover.jpg\" alt=\"Pese a que habr\u00e1 un aumento de la temperatura, no se tratar\u00e1 de una ola de calor (Imagen Ilustrativa Infobae)\" height=\"768\" width=\"1408\"\/><\/p>\n<p>En el cierre del fin de semana, el <span class=\"waslinkname\"><b>\u00c1rea Metropolitana de Buenos Aires (AMBA)<\/b><\/span> se prepara para experimentar un cambio en las condiciones meteorol\u00f3gicas que se extender\u00e1 durante los pr\u00f3ximos d\u00edas. Para este domingo se esperan calores veraniegos, pero el <span class=\"waslinkname\"><b>Servicio Meteorol\u00f3gico Nacional (SMN)<\/b><\/span><b> <\/b>alert\u00f3 por la proximidad de las lluvias.<\/p>\n<p>A pesar de que el verano est\u00e1 cerca de finalizar su temporada, el pron\u00f3stico indic\u00f3 que se esperan <b>temperaturas que oscilar\u00e1n entre los 21 grados y los 31 grados<\/b>, lo que mantendr\u00e1 el ambiente c\u00e1lido en la regi\u00f3n. No obstante, informaron que el cielo estar\u00e1 <b>parcialmente nublado <\/b>gran parte de la jornada.<\/p>\n<p>Para <b>el lunes<\/b>, las previsiones se\u00f1alaron que el cielo estar\u00e1 completamente cubierto por las nubes. Sin embargo, destacaron que habr\u00e1 un aumento en el term\u00f3metro, ya que la <b>m\u00ednima ascender\u00e1 a 23 grados y la m\u00e1xima alcanzar\u00e1 un pico de 32 grados<\/b>.<\/p>\n<p>No obstante, el aumento en la temperatura ser\u00eda un indicio que marcar\u00eda la llegada de un per\u00edodo de inestabilidad en la zona. De acuerdo con el informe clim\u00e1tico extendido, <b>esa misma noche se dar\u00edan las primeras tormentas aisladas<\/b>.<\/p>\n<p><img loading=\"lazy\" decoding=\"async\" src=\"https:\/\/lobosnews.com.ar\/wp-content\/uploads\/2026\/03\/se-espera-un-dia-nublado-con-temperaturas-de-verano-en-el-amba-pero-advirtieron-que-volvera-a-llover.png\" alt=\"En el Conurbano, las temperaturas podr\u00edan variar entre uno y dos grados\" height=\"283\" width=\"1203\"\/><\/p>\n<p>De hecho, para <b>el martes se estipula que las tormentas perdurar\u00e1n a lo largo de toda la jornada<\/b>. Incluso, los registros t\u00e9rmicos mostrar\u00e1n un descenso, ya que la<b> <\/b>temperatura m\u00ednima ser\u00e1 de 24 grados y la m\u00e1xima apenas llegar\u00e1 a 28 grados.<\/p>\n<p>De la misma manera, el Servicio Meteorol\u00f3gico Nacional indic\u00f3 que las precipitaciones ya no estar\u00edan presentes ni el mi\u00e9rcoles, ni el resto de la semana. Pese a esto, los d\u00edas seguir\u00e1n marcados por la alta nubosidad y m\u00e1ximas que no llegar\u00edan a sobrepasar los 26 grados.<\/p>\n<h2>Las alertas que estar\u00e1n vigentes en el resto del pa\u00eds<\/h2>\n<p>En el sector este de <b>La Pampa <\/b>y el suroeste de la provincia de <b>Buenos Aires <\/b>estar\u00e1n bajo <b>alerta amarilla por tormentas<\/b>. Seg\u00fan indicaron las autoridades del SMN, estas condiciones pueden provocar lluvias intensas en cortos per\u00edodos, r\u00e1fagas de viento y posible ca\u00edda de granizo.<\/p>\n<p>Por este motivo, advirtieron que las condiciones clim\u00e1ticas podr\u00edan afectar la circulaci\u00f3n y generar acumulaci\u00f3n de agua en las zonas urbanas y rurales.<\/p>\n<p><img loading=\"lazy\" decoding=\"async\" src=\"https:\/\/lobosnews.com.ar\/wp-content\/uploads\/2026\/03\/se-espera-un-dia-nublado-con-temperaturas-de-verano-en-el-amba-pero-advirtieron-que-volvera-a-llover-1.jpg\" alt=\"Las zonas del pa\u00eds que estar\u00e1n bajo alertas este domingo\" height=\"580\" width=\"405\"\/><\/p>\n<p>Por un lado, el sur de <b>Mendoza <\/b>tendr\u00e1<b> alerta amarilla por viento zonda<\/b>, mientras que el <b>oeste de Neuqu\u00e9n<\/b> estar\u00e1 bajo alerta naranja por <b>lluvias<\/b> y amarilla por <b>vientos<\/b>. Asimismo, en la <b>cordillera de R\u00edo Negro<\/b>, regir\u00e1 una <b>alerta amarilla por lluvias<\/b>, que pueden ser persistentes y alcanzar valores de precipitaci\u00f3n elevados.<\/p>\n<p>Finalmente, en la provincia de Tierra del Fuego se mantendr\u00e1 activa una <b>alerta amarilla por lluvias<\/b>, con pron\u00f3stico de precipitaciones de intensidad moderada a fuerte.<\/p>\n<p>Ante estas condiciones, las autoridades recomendaron a los habitantes de las zonas afectadas:<\/p>\n<ul>\n<li>Evitar las actividades al aire libre y, sobre todo, cercanas a playas, r\u00edos, piscinas y lagunas.<\/li>\n<li>Mantenerse informados a trav\u00e9s de los canales oficiales del Servicio Meteorol\u00f3gico Nacional y Defensa Civil.<\/li>\n<li>Evitar circular por calles anegadas y zonas inundables durante y despu\u00e9s de las lluvias.<\/li>\n<li>Asegurar objetos que puedan ser desplazados por el viento.<\/li>\n<li>No refugiarse bajo \u00e1rboles o estructuras inestables durante tormentas el\u00e9ctricas.<\/li>\n<li>En caso de estar en ruta, disminuir la velocidad y aumentar la distancia de frenado.<\/li>\n<li>Preparar elementos de emergencia como linternas, agua potable y cargadores de celular.<\/li>\n<li>Seguir indicaciones de las autoridades locales y evaluar la posibilidad de postergar actividades al aire libre en las \u00e1reas con alerta vigente.<\/li>\n<\/ul>\n<p>Las alertas podr\u00edan modificarse seg\u00fan la evoluci\u00f3n de las condiciones meteorol\u00f3gicas. Por esta raz\u00f3n, recomendaron consultar los medios locales y priorizar la seguridad familiar.<\/p>\n","protected":false},"excerpt":{"rendered":"<p>En el cierre del fin de semana, el \u00c1rea Metropolitana de Buenos Aires (AMBA) se prepara para experimentar un cambio en las condiciones meteorol\u00f3gicas que se extender\u00e1 durante los pr\u00f3ximos d\u00edas. Para este domingo se esperan calores veraniegos, pero el Servicio Meteorol\u00f3gico Nacional (SMN) alert\u00f3 por la proximidad de las lluvias. A pesar de que&#8230;<\/p>\n","protected":false},"author":1,"featured_media":33861,"comment_status":"open","ping_status":"closed","sticky":false,"template":"","format":"standard","meta":{"_jetpack_memberships_contains_paid_content":false,"footnotes":""},"categories":[31,30,32,77,84,35,36,37],"tags":[],"class_list":["post-33856","post","type-post","status-publish","format-standard","has-post-thumbnail","hentry","category-actualidad","category-argentina","category-economia","category-inseguridad","category-masradios-com","category-nacionales","category-seguridad","category-sociedad"],"magazineBlocksPostFeaturedMedia":{"thumbnail":"https:\/\/lobosnews.com.ar\/wp-content\/uploads\/2026\/03\/se-espera-un-dia-nublado-con-temperaturas-de-verano-en-el-amba-pero-advirtieron-que-volvera-a-llover-2-150x150.jpg","medium":"https:\/\/lobosnews.com.ar\/wp-content\/uploads\/2026\/03\/se-espera-un-dia-nublado-con-temperaturas-de-verano-en-el-amba-pero-advirtieron-que-volvera-a-llover-2-209x300.jpg","medium_large":"https:\/\/lobosnews.com.ar\/wp-content\/uploads\/2026\/03\/se-espera-un-dia-nublado-con-temperaturas-de-verano-en-el-amba-pero-advirtieron-que-volvera-a-llover-2.jpg","large":"https:\/\/lobosnews.com.ar\/wp-content\/uploads\/2026\/03\/se-espera-un-dia-nublado-con-temperaturas-de-verano-en-el-amba-pero-advirtieron-que-volvera-a-llover-2.jpg","1536x1536":"https:\/\/lobosnews.com.ar\/wp-content\/uploads\/2026\/03\/se-espera-un-dia-nublado-con-temperaturas-de-verano-en-el-amba-pero-advirtieron-que-volvera-a-llover-2.jpg","2048x2048":"https:\/\/lobosnews.com.ar\/wp-content\/uploads\/2026\/03\/se-espera-un-dia-nublado-con-temperaturas-de-verano-en-el-amba-pero-advirtieron-que-volvera-a-llover-2.jpg","newsmatic-featured":"https:\/\/lobosnews.com.ar\/wp-content\/uploads\/2026\/03\/se-espera-un-dia-nublado-con-temperaturas-de-verano-en-el-amba-pero-advirtieron-que-volvera-a-llover-2-405x545.jpg","newsmatic-list":"https:\/\/lobosnews.com.ar\/wp-content\/uploads\/2026\/03\/se-espera-un-dia-nublado-con-temperaturas-de-verano-en-el-amba-pero-advirtieron-que-volvera-a-llover-2-405x400.jpg","newsmatic-thumb":"https:\/\/lobosnews.com.ar\/wp-content\/uploads\/2026\/03\/se-espera-un-dia-nublado-con-temperaturas-de-verano-en-el-amba-pero-advirtieron-que-volvera-a-llover-2-300x200.jpg","newsmatic-small":"https:\/\/lobosnews.com.ar\/wp-content\/uploads\/2026\/03\/se-espera-un-dia-nublado-con-temperaturas-de-verano-en-el-amba-pero-advirtieron-que-volvera-a-llover-2-150x95.jpg","newsmatic-grid":"https:\/\/lobosnews.com.ar\/wp-content\/uploads\/2026\/03\/se-espera-un-dia-nublado-con-temperaturas-de-verano-en-el-amba-pero-advirtieron-que-volvera-a-llover-2-400x250.jpg"},"magazineBlocksPostAuthor":{"name":"admin","avatar":"https:\/\/secure.gravatar.com\/avatar\/76e419471a2083bc3ceab22a763dbbf9b0c1bd15a6214cf3280e2c2dde4580f9?s=96&d=mm&r=g"},"magazineBlocksPostCommentsNumber":"0","magazineBlocksPostExcerpt":"En el cierre del fin de semana, el \u00c1rea Metropolitana de Buenos Aires (AMBA) se prepara para experimentar un cambio en las condiciones meteorol\u00f3gicas que se extender\u00e1 durante los pr\u00f3ximos d\u00edas. Para este domingo se esperan calores veraniegos, pero el Servicio Meteorol\u00f3gico Nacional (SMN) alert\u00f3 por la proximidad de las lluvias. A pesar de que...","magazineBlocksPostCategories":["Actualidad","Argentina","econom\u00eda","inseguridad","masradios.com","nacionales","seguridad","sociedad"],"magazineBlocksPostViewCount":77,"magazineBlocksPostReadTime":4,"magazine_blocks_featured_image_url":{"full":["https:\/\/lobosnews.com.ar\/wp-content\/uploads\/2026\/03\/se-espera-un-dia-nublado-con-temperaturas-de-verano-en-el-amba-pero-advirtieron-que-volvera-a-llover-2.jpg",405,580,false],"medium":["https:\/\/lobosnews.com.ar\/wp-content\/uploads\/2026\/03\/se-espera-un-dia-nublado-con-temperaturas-de-verano-en-el-amba-pero-advirtieron-que-volvera-a-llover-2-209x300.jpg",209,300,true],"thumbnail":["https:\/\/lobosnews.com.ar\/wp-content\/uploads\/2026\/03\/se-espera-un-dia-nublado-con-temperaturas-de-verano-en-el-amba-pero-advirtieron-que-volvera-a-llover-2-150x150.jpg",150,150,true]},"magazine_blocks_author":{"display_name":"admin","author_link":"https:\/\/lobosnews.com.ar\/index.php\/author\/lobos-news\/"},"magazine_blocks_comment":0,"magazine_blocks_author_image":"https:\/\/secure.gravatar.com\/avatar\/76e419471a2083bc3ceab22a763dbbf9b0c1bd15a6214cf3280e2c2dde4580f9?s=96&d=mm&r=g","magazine_blocks_category":"<a href=\"#\" class=\"category-link category-link-31\">Actualidad<\/a> <a href=\"#\" class=\"category-link category-link-30\">Argentina<\/a> <a href=\"#\" class=\"category-link category-link-32\">econom\u00eda<\/a> <a href=\"#\" class=\"category-link category-link-77\">inseguridad<\/a> <a href=\"#\" class=\"category-link category-link-84\">masradios.com<\/a> <a href=\"#\" class=\"category-link category-link-35\">nacionales<\/a> <a href=\"#\" class=\"category-link category-link-36\">seguridad<\/a> <a href=\"#\" class=\"category-link category-link-37\">sociedad<\/a>","yoast_head":"<!-- This site is optimized with the Yoast SEO plugin v26.6 - https:\/\/yoast.com\/wordpress\/plugins\/seo\/ -->\n<title>Se espera un d\u00eda nublado con temperaturas de verano en el AMBA, pero advirtieron que volver\u00e1 a llover - Lobos News<\/title>\n<meta name=\"robots\" content=\"index, follow, max-snippet:-1, max-image-preview:large, max-video-preview:-1\" \/>\n<link rel=\"canonical\" href=\"https:\/\/lobosnews.com.ar\/index.php\/2026\/03\/15\/se-espera-un-dia-nublado-con-temperaturas-de-verano-en-el-amba-pero-advirtieron-que-volvera-a-llover\/\" \/>\n<meta property=\"og:locale\" content=\"es_ES\" \/>\n<meta property=\"og:type\" content=\"article\" \/>\n<meta property=\"og:title\" content=\"Se espera un d\u00eda nublado con temperaturas de verano en el AMBA, pero advirtieron que volver\u00e1 a llover - Lobos News\" \/>\n<meta property=\"og:description\" content=\"En el cierre del fin de semana, el \u00c1rea Metropolitana de Buenos Aires (AMBA) se prepara para experimentar un cambio en las condiciones meteorol\u00f3gicas que se extender\u00e1 durante los pr\u00f3ximos d\u00edas. Para este domingo se esperan calores veraniegos, pero el Servicio Meteorol\u00f3gico Nacional (SMN) alert\u00f3 por la proximidad de las lluvias. A pesar de que...\" \/>\n<meta property=\"og:url\" content=\"https:\/\/lobosnews.com.ar\/index.php\/2026\/03\/15\/se-espera-un-dia-nublado-con-temperaturas-de-verano-en-el-amba-pero-advirtieron-que-volvera-a-llover\/\" \/>\n<meta property=\"og:site_name\" content=\"Lobos News\" \/>\n<meta property=\"article:published_time\" content=\"2026-03-15T09:25:53+00:00\" \/>\n<meta property=\"article:modified_time\" content=\"2026-03-15T12:42:45+00:00\" \/>\n<meta property=\"og:image\" content=\"https:\/\/lobosnews.com.ar\/wp-content\/uploads\/2026\/03\/se-espera-un-dia-nublado-con-temperaturas-de-verano-en-el-amba-pero-advirtieron-que-volvera-a-llover.jpg\" \/>\n<meta name=\"author\" content=\"admin\" \/>\n<meta name=\"twitter:card\" content=\"summary_large_image\" \/>\n<meta name=\"twitter:label1\" content=\"Escrito por\" \/>\n\t<meta name=\"twitter:data1\" content=\"admin\" \/>\n\t<meta name=\"twitter:label2\" content=\"Tiempo de lectura\" \/>\n\t<meta name=\"twitter:data2\" content=\"3 minutos\" \/>\n<script type=\"application\/ld+json\" class=\"yoast-schema-graph\">{\"@context\":\"https:\/\/schema.org\",\"@graph\":[{\"@type\":\"Article\",\"@id\":\"https:\/\/lobosnews.com.ar\/index.php\/2026\/03\/15\/se-espera-un-dia-nublado-con-temperaturas-de-verano-en-el-amba-pero-advirtieron-que-volvera-a-llover\/#article\",\"isPartOf\":{\"@id\":\"https:\/\/lobosnews.com.ar\/index.php\/2026\/03\/15\/se-espera-un-dia-nublado-con-temperaturas-de-verano-en-el-amba-pero-advirtieron-que-volvera-a-llover\/\"},\"author\":{\"name\":\"admin\",\"@id\":\"https:\/\/lobosnews.com.ar\/#\/schema\/person\/232422a593d5c541dd9aef6aaed10943\"},\"headline\":\"Se espera un d\u00eda nublado con temperaturas de verano en el AMBA, pero advirtieron que volver\u00e1 a llover\",\"datePublished\":\"2026-03-15T09:25:53+00:00\",\"dateModified\":\"2026-03-15T12:42:45+00:00\",\"mainEntityOfPage\":{\"@id\":\"https:\/\/lobosnews.com.ar\/index.php\/2026\/03\/15\/se-espera-un-dia-nublado-con-temperaturas-de-verano-en-el-amba-pero-advirtieron-que-volvera-a-llover\/\"},\"wordCount\":642,\"commentCount\":0,\"publisher\":{\"@id\":\"https:\/\/lobosnews.com.ar\/#organization\"},\"image\":{\"@id\":\"https:\/\/lobosnews.com.ar\/index.php\/2026\/03\/15\/se-espera-un-dia-nublado-con-temperaturas-de-verano-en-el-amba-pero-advirtieron-que-volvera-a-llover\/#primaryimage\"},\"thumbnailUrl\":\"https:\/\/lobosnews.com.ar\/wp-content\/uploads\/2026\/03\/se-espera-un-dia-nublado-con-temperaturas-de-verano-en-el-amba-pero-advirtieron-que-volvera-a-llover-2.jpg\",\"articleSection\":[\"Actualidad\",\"Argentina\",\"econom\u00eda\",\"inseguridad\",\"masradios.com\",\"nacionales\",\"seguridad\",\"sociedad\"],\"inLanguage\":\"es\",\"potentialAction\":[{\"@type\":\"CommentAction\",\"name\":\"Comment\",\"target\":[\"https:\/\/lobosnews.com.ar\/index.php\/2026\/03\/15\/se-espera-un-dia-nublado-con-temperaturas-de-verano-en-el-amba-pero-advirtieron-que-volvera-a-llover\/#respond\"]}]},{\"@type\":\"WebPage\",\"@id\":\"https:\/\/lobosnews.com.ar\/index.php\/2026\/03\/15\/se-espera-un-dia-nublado-con-temperaturas-de-verano-en-el-amba-pero-advirtieron-que-volvera-a-llover\/\",\"url\":\"https:\/\/lobosnews.com.ar\/index.php\/2026\/03\/15\/se-espera-un-dia-nublado-con-temperaturas-de-verano-en-el-amba-pero-advirtieron-que-volvera-a-llover\/\",\"name\":\"Se espera un d\u00eda nublado con temperaturas de verano en el AMBA, pero advirtieron que volver\u00e1 a llover - Lobos News\",\"isPartOf\":{\"@id\":\"https:\/\/lobosnews.com.ar\/#website\"},\"primaryImageOfPage\":{\"@id\":\"https:\/\/lobosnews.com.ar\/index.php\/2026\/03\/15\/se-espera-un-dia-nublado-con-temperaturas-de-verano-en-el-amba-pero-advirtieron-que-volvera-a-llover\/#primaryimage\"},\"image\":{\"@id\":\"https:\/\/lobosnews.com.ar\/index.php\/2026\/03\/15\/se-espera-un-dia-nublado-con-temperaturas-de-verano-en-el-amba-pero-advirtieron-que-volvera-a-llover\/#primaryimage\"},\"thumbnailUrl\":\"https:\/\/lobosnews.com.ar\/wp-content\/uploads\/2026\/03\/se-espera-un-dia-nublado-con-temperaturas-de-verano-en-el-amba-pero-advirtieron-que-volvera-a-llover-2.jpg\",\"datePublished\":\"2026-03-15T09:25:53+00:00\",\"dateModified\":\"2026-03-15T12:42:45+00:00\",\"breadcrumb\":{\"@id\":\"https:\/\/lobosnews.com.ar\/index.php\/2026\/03\/15\/se-espera-un-dia-nublado-con-temperaturas-de-verano-en-el-amba-pero-advirtieron-que-volvera-a-llover\/#breadcrumb\"},\"inLanguage\":\"es\",\"potentialAction\":[{\"@type\":\"ReadAction\",\"target\":[\"https:\/\/lobosnews.com.ar\/index.php\/2026\/03\/15\/se-espera-un-dia-nublado-con-temperaturas-de-verano-en-el-amba-pero-advirtieron-que-volvera-a-llover\/\"]}]},{\"@type\":\"ImageObject\",\"inLanguage\":\"es\",\"@id\":\"https:\/\/lobosnews.com.ar\/index.php\/2026\/03\/15\/se-espera-un-dia-nublado-con-temperaturas-de-verano-en-el-amba-pero-advirtieron-que-volvera-a-llover\/#primaryimage\",\"url\":\"https:\/\/lobosnews.com.ar\/wp-content\/uploads\/2026\/03\/se-espera-un-dia-nublado-con-temperaturas-de-verano-en-el-amba-pero-advirtieron-que-volvera-a-llover-2.jpg\",\"contentUrl\":\"https:\/\/lobosnews.com.ar\/wp-content\/uploads\/2026\/03\/se-espera-un-dia-nublado-con-temperaturas-de-verano-en-el-amba-pero-advirtieron-que-volvera-a-llover-2.jpg\",\"width\":405,\"height\":580,\"caption\":\"Se espera un d\u00eda nublado con temperaturas de verano en el AMBA, pero advirtieron que volver\u00e1 a llover\"},{\"@type\":\"BreadcrumbList\",\"@id\":\"https:\/\/lobosnews.com.ar\/index.php\/2026\/03\/15\/se-espera-un-dia-nublado-con-temperaturas-de-verano-en-el-amba-pero-advirtieron-que-volvera-a-llover\/#breadcrumb\",\"itemListElement\":[{\"@type\":\"ListItem\",\"position\":1,\"name\":\"Portada\",\"item\":\"https:\/\/lobosnews.com.ar\/\"},{\"@type\":\"ListItem\",\"position\":2,\"name\":\"Se espera un d\u00eda nublado con temperaturas de verano en el AMBA, pero advirtieron que volver\u00e1 a llover\"}]},{\"@type\":\"WebSite\",\"@id\":\"https:\/\/lobosnews.com.ar\/#website\",\"url\":\"https:\/\/lobosnews.com.ar\/\",\"name\":\"Lobos News\",\"description\":\"Informaci\u00f3n a cada instante\",\"publisher\":{\"@id\":\"https:\/\/lobosnews.com.ar\/#organization\"},\"potentialAction\":[{\"@type\":\"SearchAction\",\"target\":{\"@type\":\"EntryPoint\",\"urlTemplate\":\"https:\/\/lobosnews.com.ar\/?s={search_term_string}\"},\"query-input\":{\"@type\":\"PropertyValueSpecification\",\"valueRequired\":true,\"valueName\":\"search_term_string\"}}],\"inLanguage\":\"es\"},{\"@type\":\"Organization\",\"@id\":\"https:\/\/lobosnews.com.ar\/#organization\",\"name\":\"Lobos News\",\"url\":\"https:\/\/lobosnews.com.ar\/\",\"logo\":{\"@type\":\"ImageObject\",\"inLanguage\":\"es\",\"@id\":\"https:\/\/lobosnews.com.ar\/#\/schema\/logo\/image\/\",\"url\":\"https:\/\/lobosnews.com.ar\/wp-content\/uploads\/2026\/01\/logo-lobosnews.png\",\"contentUrl\":\"https:\/\/lobosnews.com.ar\/wp-content\/uploads\/2026\/01\/logo-lobosnews.png\",\"width\":500,\"height\":200,\"caption\":\"Lobos News\"},\"image\":{\"@id\":\"https:\/\/lobosnews.com.ar\/#\/schema\/logo\/image\/\"}},{\"@type\":\"Person\",\"@id\":\"https:\/\/lobosnews.com.ar\/#\/schema\/person\/232422a593d5c541dd9aef6aaed10943\",\"name\":\"admin\",\"image\":{\"@type\":\"ImageObject\",\"inLanguage\":\"es\",\"@id\":\"https:\/\/lobosnews.com.ar\/#\/schema\/person\/image\/\",\"url\":\"https:\/\/secure.gravatar.com\/avatar\/76e419471a2083bc3ceab22a763dbbf9b0c1bd15a6214cf3280e2c2dde4580f9?s=96&d=mm&r=g\",\"contentUrl\":\"https:\/\/secure.gravatar.com\/avatar\/76e419471a2083bc3ceab22a763dbbf9b0c1bd15a6214cf3280e2c2dde4580f9?s=96&d=mm&r=g\",\"caption\":\"admin\"},\"sameAs\":[\"https:\/\/lobosnews.com.ar\"],\"url\":\"https:\/\/lobosnews.com.ar\/index.php\/author\/lobos-news\/\"}]}<\/script>\n<!-- \/ Yoast SEO plugin. -->","yoast_head_json":{"title":"Se espera un d\u00eda nublado con temperaturas de verano en el AMBA, pero advirtieron que volver\u00e1 a llover - Lobos News","robots":{"index":"index","follow":"follow","max-snippet":"max-snippet:-1","max-image-preview":"max-image-preview:large","max-video-preview":"max-video-preview:-1"},"canonical":"https:\/\/lobosnews.com.ar\/index.php\/2026\/03\/15\/se-espera-un-dia-nublado-con-temperaturas-de-verano-en-el-amba-pero-advirtieron-que-volvera-a-llover\/","og_locale":"es_ES","og_type":"article","og_title":"Se espera un d\u00eda nublado con temperaturas de verano en el AMBA, pero advirtieron que volver\u00e1 a llover - Lobos News","og_description":"En el cierre del fin de semana, el \u00c1rea Metropolitana de Buenos Aires (AMBA) se prepara para experimentar un cambio en las condiciones meteorol\u00f3gicas que se extender\u00e1 durante los pr\u00f3ximos d\u00edas. Para este domingo se esperan calores veraniegos, pero el Servicio Meteorol\u00f3gico Nacional (SMN) alert\u00f3 por la proximidad de las lluvias. A pesar de que...","og_url":"https:\/\/lobosnews.com.ar\/index.php\/2026\/03\/15\/se-espera-un-dia-nublado-con-temperaturas-de-verano-en-el-amba-pero-advirtieron-que-volvera-a-llover\/","og_site_name":"Lobos News","article_published_time":"2026-03-15T09:25:53+00:00","article_modified_time":"2026-03-15T12:42:45+00:00","og_image":[{"url":"https:\/\/lobosnews.com.ar\/wp-content\/uploads\/2026\/03\/se-espera-un-dia-nublado-con-temperaturas-de-verano-en-el-amba-pero-advirtieron-que-volvera-a-llover.jpg","type":"","width":"","height":""}],"author":"admin","twitter_card":"summary_large_image","twitter_misc":{"Escrito por":"admin","Tiempo de lectura":"3 minutos"},"schema":{"@context":"https:\/\/schema.org","@graph":[{"@type":"Article","@id":"https:\/\/lobosnews.com.ar\/index.php\/2026\/03\/15\/se-espera-un-dia-nublado-con-temperaturas-de-verano-en-el-amba-pero-advirtieron-que-volvera-a-llover\/#article","isPartOf":{"@id":"https:\/\/lobosnews.com.ar\/index.php\/2026\/03\/15\/se-espera-un-dia-nublado-con-temperaturas-de-verano-en-el-amba-pero-advirtieron-que-volvera-a-llover\/"},"author":{"name":"admin","@id":"https:\/\/lobosnews.com.ar\/#\/schema\/person\/232422a593d5c541dd9aef6aaed10943"},"headline":"Se espera un d\u00eda nublado con temperaturas de verano en el AMBA, pero advirtieron que volver\u00e1 a llover","datePublished":"2026-03-15T09:25:53+00:00","dateModified":"2026-03-15T12:42:45+00:00","mainEntityOfPage":{"@id":"https:\/\/lobosnews.com.ar\/index.php\/2026\/03\/15\/se-espera-un-dia-nublado-con-temperaturas-de-verano-en-el-amba-pero-advirtieron-que-volvera-a-llover\/"},"wordCount":642,"commentCount":0,"publisher":{"@id":"https:\/\/lobosnews.com.ar\/#organization"},"image":{"@id":"https:\/\/lobosnews.com.ar\/index.php\/2026\/03\/15\/se-espera-un-dia-nublado-con-temperaturas-de-verano-en-el-amba-pero-advirtieron-que-volvera-a-llover\/#primaryimage"},"thumbnailUrl":"https:\/\/lobosnews.com.ar\/wp-content\/uploads\/2026\/03\/se-espera-un-dia-nublado-con-temperaturas-de-verano-en-el-amba-pero-advirtieron-que-volvera-a-llover-2.jpg","articleSection":["Actualidad","Argentina","econom\u00eda","inseguridad","masradios.com","nacionales","seguridad","sociedad"],"inLanguage":"es","potentialAction":[{"@type":"CommentAction","name":"Comment","target":["https:\/\/lobosnews.com.ar\/index.php\/2026\/03\/15\/se-espera-un-dia-nublado-con-temperaturas-de-verano-en-el-amba-pero-advirtieron-que-volvera-a-llover\/#respond"]}]},{"@type":"WebPage","@id":"https:\/\/lobosnews.com.ar\/index.php\/2026\/03\/15\/se-espera-un-dia-nublado-con-temperaturas-de-verano-en-el-amba-pero-advirtieron-que-volvera-a-llover\/","url":"https:\/\/lobosnews.com.ar\/index.php\/2026\/03\/15\/se-espera-un-dia-nublado-con-temperaturas-de-verano-en-el-amba-pero-advirtieron-que-volvera-a-llover\/","name":"Se espera un d\u00eda nublado con temperaturas de verano en el AMBA, pero advirtieron que volver\u00e1 a llover - Lobos News","isPartOf":{"@id":"https:\/\/lobosnews.com.ar\/#website"},"primaryImageOfPage":{"@id":"https:\/\/lobosnews.com.ar\/index.php\/2026\/03\/15\/se-espera-un-dia-nublado-con-temperaturas-de-verano-en-el-amba-pero-advirtieron-que-volvera-a-llover\/#primaryimage"},"image":{"@id":"https:\/\/lobosnews.com.ar\/index.php\/2026\/03\/15\/se-espera-un-dia-nublado-con-temperaturas-de-verano-en-el-amba-pero-advirtieron-que-volvera-a-llover\/#primaryimage"},"thumbnailUrl":"https:\/\/lobosnews.com.ar\/wp-content\/uploads\/2026\/03\/se-espera-un-dia-nublado-con-temperaturas-de-verano-en-el-amba-pero-advirtieron-que-volvera-a-llover-2.jpg","datePublished":"2026-03-15T09:25:53+00:00","dateModified":"2026-03-15T12:42:45+00:00","breadcrumb":{"@id":"https:\/\/lobosnews.com.ar\/index.php\/2026\/03\/15\/se-espera-un-dia-nublado-con-temperaturas-de-verano-en-el-amba-pero-advirtieron-que-volvera-a-llover\/#breadcrumb"},"inLanguage":"es","potentialAction":[{"@type":"ReadAction","target":["https:\/\/lobosnews.com.ar\/index.php\/2026\/03\/15\/se-espera-un-dia-nublado-con-temperaturas-de-verano-en-el-amba-pero-advirtieron-que-volvera-a-llover\/"]}]},{"@type":"ImageObject","inLanguage":"es","@id":"https:\/\/lobosnews.com.ar\/index.php\/2026\/03\/15\/se-espera-un-dia-nublado-con-temperaturas-de-verano-en-el-amba-pero-advirtieron-que-volvera-a-llover\/#primaryimage","url":"https:\/\/lobosnews.com.ar\/wp-content\/uploads\/2026\/03\/se-espera-un-dia-nublado-con-temperaturas-de-verano-en-el-amba-pero-advirtieron-que-volvera-a-llover-2.jpg","contentUrl":"https:\/\/lobosnews.com.ar\/wp-content\/uploads\/2026\/03\/se-espera-un-dia-nublado-con-temperaturas-de-verano-en-el-amba-pero-advirtieron-que-volvera-a-llover-2.jpg","width":405,"height":580,"caption":"Se espera un d\u00eda nublado con temperaturas de verano en el AMBA, pero advirtieron que volver\u00e1 a llover"},{"@type":"BreadcrumbList","@id":"https:\/\/lobosnews.com.ar\/index.php\/2026\/03\/15\/se-espera-un-dia-nublado-con-temperaturas-de-verano-en-el-amba-pero-advirtieron-que-volvera-a-llover\/#breadcrumb","itemListElement":[{"@type":"ListItem","position":1,"name":"Portada","item":"https:\/\/lobosnews.com.ar\/"},{"@type":"ListItem","position":2,"name":"Se espera un d\u00eda nublado con temperaturas de verano en el AMBA, pero advirtieron que volver\u00e1 a llover"}]},{"@type":"WebSite","@id":"https:\/\/lobosnews.com.ar\/#website","url":"https:\/\/lobosnews.com.ar\/","name":"Lobos News","description":"Informaci\u00f3n a cada instante","publisher":{"@id":"https:\/\/lobosnews.com.ar\/#organization"},"potentialAction":[{"@type":"SearchAction","target":{"@type":"EntryPoint","urlTemplate":"https:\/\/lobosnews.com.ar\/?s={search_term_string}"},"query-input":{"@type":"PropertyValueSpecification","valueRequired":true,"valueName":"search_term_string"}}],"inLanguage":"es"},{"@type":"Organization","@id":"https:\/\/lobosnews.com.ar\/#organization","name":"Lobos News","url":"https:\/\/lobosnews.com.ar\/","logo":{"@type":"ImageObject","inLanguage":"es","@id":"https:\/\/lobosnews.com.ar\/#\/schema\/logo\/image\/","url":"https:\/\/lobosnews.com.ar\/wp-content\/uploads\/2026\/01\/logo-lobosnews.png","contentUrl":"https:\/\/lobosnews.com.ar\/wp-content\/uploads\/2026\/01\/logo-lobosnews.png","width":500,"height":200,"caption":"Lobos News"},"image":{"@id":"https:\/\/lobosnews.com.ar\/#\/schema\/logo\/image\/"}},{"@type":"Person","@id":"https:\/\/lobosnews.com.ar\/#\/schema\/person\/232422a593d5c541dd9aef6aaed10943","name":"admin","image":{"@type":"ImageObject","inLanguage":"es","@id":"https:\/\/lobosnews.com.ar\/#\/schema\/person\/image\/","url":"https:\/\/secure.gravatar.com\/avatar\/76e419471a2083bc3ceab22a763dbbf9b0c1bd15a6214cf3280e2c2dde4580f9?s=96&d=mm&r=g","contentUrl":"https:\/\/secure.gravatar.com\/avatar\/76e419471a2083bc3ceab22a763dbbf9b0c1bd15a6214cf3280e2c2dde4580f9?s=96&d=mm&r=g","caption":"admin"},"sameAs":["https:\/\/lobosnews.com.ar"],"url":"https:\/\/lobosnews.com.ar\/index.php\/author\/lobos-news\/"}]}},"jetpack_featured_media_url":"https:\/\/lobosnews.com.ar\/wp-content\/uploads\/2026\/03\/se-espera-un-dia-nublado-con-temperaturas-de-verano-en-el-amba-pero-advirtieron-que-volvera-a-llover-2.jpg","jetpack_sharing_enabled":true,"_links":{"self":[{"href":"https:\/\/lobosnews.com.ar\/index.php\/wp-json\/wp\/v2\/posts\/33856","targetHints":{"allow":["GET"]}}],"collection":[{"href":"https:\/\/lobosnews.com.ar\/index.php\/wp-json\/wp\/v2\/posts"}],"about":[{"href":"https:\/\/lobosnews.com.ar\/index.php\/wp-json\/wp\/v2\/types\/post"}],"author":[{"embeddable":true,"href":"https:\/\/lobosnews.com.ar\/index.php\/wp-json\/wp\/v2\/users\/1"}],"replies":[{"embeddable":true,"href":"https:\/\/lobosnews.com.ar\/index.php\/wp-json\/wp\/v2\/comments?post=33856"}],"version-history":[{"count":1,"href":"https:\/\/lobosnews.com.ar\/index.php\/wp-json\/wp\/v2\/posts\/33856\/revisions"}],"predecessor-version":[{"id":33860,"href":"https:\/\/lobosnews.com.ar\/index.php\/wp-json\/wp\/v2\/posts\/33856\/revisions\/33860"}],"wp:featuredmedia":[{"embeddable":true,"href":"https:\/\/lobosnews.com.ar\/index.php\/wp-json\/wp\/v2\/media\/33861"}],"wp:attachment":[{"href":"https:\/\/lobosnews.com.ar\/index.php\/wp-json\/wp\/v2\/media?parent=33856"}],"wp:term":[{"taxonomy":"category","embeddable":true,"href":"https:\/\/lobosnews.com.ar\/index.php\/wp-json\/wp\/v2\/categories?post=33856"},{"taxonomy":"post_tag","embeddable":true,"href":"https:\/\/lobosnews.com.ar\/index.php\/wp-json\/wp\/v2\/tags?post=33856"}],"curies":[{"name":"wp","href":"https:\/\/api.w.org\/{rel}","templated":true}]}}