{"id":33849,"date":"2026-03-15T07:00:00","date_gmt":"2026-03-15T07:00:00","guid":{"rendered":"https:\/\/lobosnews.com.ar\/index.php\/2026\/03\/15\/cuando-dormir-se-convierte-en-una-pesadilla-como-reconocer-la-somnifobia\/"},"modified":"2026-03-15T09:48:50","modified_gmt":"2026-03-15T09:48:50","slug":"cuando-dormir-se-convierte-en-una-pesadilla-como-reconocer-la-somnifobia","status":"publish","type":"post","link":"https:\/\/lobosnews.com.ar\/index.php\/2026\/03\/15\/cuando-dormir-se-convierte-en-una-pesadilla-como-reconocer-la-somnifobia\/","title":{"rendered":"Cuando dormir se convierte en una pesadilla: c\u00f3mo reconocer la somnifobia"},"content":{"rendered":"<p><img loading=\"lazy\" decoding=\"async\" src=\"https:\/\/lobosnews.com.ar\/wp-content\/uploads\/2026\/03\/cuando-dormir-se-convierte-en-una-pesadilla-como-reconocer-la-somnifobia.jpg\" alt=\"El miedo intenso a dormir, conocido como somnifobia, puede derivar en insomnio, ansiedad y depresi\u00f3n, y requiere diagn\u00f3stico profesional y tratamiento especializado para prevenir severas alteraciones en la calidad de vida y el bienestar general. (Imagen Ilustrativa Infobae)\" height=\"768\" width=\"1408\"\/><\/p>\n<p>La <b>somnifobia <\/b>es un trastorno caracterizado por un miedo extremo a <span class=\"waslinkname\">dormir<\/span>, que puede afectar a personas de todas las edades y puede tener consecuencias graves sobre la salud f\u00edsica y emocional. Este temor<b> se manifiesta en quienes, durante el d\u00eda, anticipan con <\/b><span class=\"waslinkname\"><b>ansiedad <\/b><\/span><b>la llegada de la noche<\/b>, evitan acostarse o experimentan angustia ante la posibilidad de dormir. La somnifobia, aunque poco frecuente, interfiere con las actividades cotidianas y puede derivar en insomnio y fatiga persistente.<\/p>\n<p>De acuerdo con <i>Cleveland Clinic<\/i>, este miedo suele surgir por experiencias previas de pesadillas, par\u00e1lisis del sue\u00f1o o traumas nocturnos. El factor de riesgo m\u00e1s importante es el historial de parasomnias, siendo que las <b>personas con trastorno de ansiedad generalizada, p\u00e1nico nocturno o antecedentes de trauma presentan mayor probabilidad de desarrollar somnifobia.<\/b> <\/p>\n<p>Adem\u00e1s, otro art\u00edculo reciente publicado en el sitio <span class=\"waslinkname\"><i>Oxford Academic <\/i><\/span>respald\u00f3 la teor\u00eda de que el miedo a dormir suele desarrollarse tras una exposici\u00f3n a un trauma y puede desempe\u00f1ar un papel clave en el mantenimiento de los s\u00edntomas de insomnio.<\/p>\n<p><img loading=\"lazy\" decoding=\"async\" src=\"https:\/\/lobosnews.com.ar\/wp-content\/uploads\/2026\/03\/cuando-dormir-se-convierte-en-una-pesadilla-como-reconocer-la-somnifobia-1.jpg\" alt=\"Diversos estudios se\u00f1alan que experiencias previas como pesadillas, par\u00e1lisis del sue\u00f1o o eventos traum\u00e1ticos aumentan el riesgo de desarrollar somnifobia, afectando significativamente el descanso y la estabilidad emocional de quienes la padecen. (Imagen Ilustrativa Infobae)\" height=\"1536\" width=\"2752\"\/><\/p>\n<p>Los s\u00edntomas de la somnifobia incluyen angustia intensa al pensar en dormir, irritabilidad, dificultad para concentrarse y cambios de humor. Los afectados pueden dejar las luces encendidas, evitar la cama o resistirse a dormir por miedo a alucinaciones, pesadillas o incluso a no despertar. En casos graves, se pueden presentar ataques de p\u00e1nico con sudoraci\u00f3n, palpitaciones, n\u00e1useas y temblores.<\/p>\n<h2>Causas y formas de manifestaci\u00f3n<\/h2>\n<p><b>El origen de la somnifobia no est\u00e1 completamente definido<\/b>. Seg\u00fan los especialistas, el miedo a dormir puede estar motivado por temores irracionales a morir durante el sue\u00f1o, experimentar alucinaciones o sufrir episodios de par\u00e1lisis. El trastorno de estr\u00e9s postraum\u00e1tico (TEPT) y otros eventos similares pueden incrementar la susceptibilidad a desarrollar esta fobia. Puede estar vinculada a otros trastornos del sue\u00f1o, como narcolepsia, s\u00edndrome de piernas inquietas o apnea del sue\u00f1o.<\/p>\n<p>Las personas afectadas suelen evitar dormir tanto como les sea posible. Es com\u00fan que dejen dispositivos electr\u00f3nicos encendidos, busquen compa\u00f1\u00eda o se levanten repetidamente durante la noche. En el caso de los ni\u00f1os, los episodios pueden manifestarse con llanto, resistencia a ir a la cama, rabietas o necesidad de estar cerca de sus cuidadores. La preocupaci\u00f3n constante por el sue\u00f1o puede dificultar el rendimiento laboral, acad\u00e9mico y afectar la vida social.<\/p>\n<h2>Diagn\u00f3stico, tratamiento y pron\u00f3stico<\/h2>\n<p><img loading=\"lazy\" decoding=\"async\" src=\"https:\/\/lobosnews.com.ar\/wp-content\/uploads\/2026\/03\/cuando-dormir-se-convierte-en-una-pesadilla-como-reconocer-la-somnifobia-2.jpg\" alt=\"Especialistas indican que la terapia de exposici\u00f3n y la terapia cognitivo-conductual han mostrado eficacia en el tratamiento de este trastorno, y pueden combinarse con apoyo farmacol\u00f3gico bajo supervisi\u00f3n m\u00e9dica para mejores resultados. (Imagen Ilustrativa Infobae)\" height=\"768\" width=\"1408\"\/><\/p>\n<p>El diagn\u00f3stico de la somnifobia se basa en la evaluaci\u00f3n cl\u00ednica, donde<b> los profesionales valoran la intensidad y duraci\u00f3n del miedo<\/b>, su impacto en la vida diaria y la presencia de otros s\u00edntomas de ansiedad. El trastorno se confirma si la preocupaci\u00f3n por dormir persiste por al menos seis meses y afecta las actividades habituales o la salud emocional y f\u00edsica del paciente.<\/p>\n<p>De acuerdo con expertos de <i>Cleveland Clinic<\/i>, <b>el tratamiento m\u00e1s efectivo suele ser la terapia de exposici\u00f3n<\/b>, que ayuda a la persona a enfrentar gradualmente el miedo a dormir. La terapia cognitivo-conductual (TCC) tambi\u00e9n se utiliza para identificar y modificar los pensamientos angustiantes relacionados con el sue\u00f1o. En casos derivados de traumas, la desensibilizaci\u00f3n y reprocesamiento por movimientos oculares (EMDR) puede resultar especialmente \u00fatil. Algunas personas pueden beneficiarse de medicaci\u00f3n ansiol\u00edtica o sedante como apoyo temporal, siempre bajo supervisi\u00f3n m\u00e9dica.<\/p>\n<p>El pron\u00f3stico var\u00eda seg\u00fan la gravedad del caso y el acceso a tratamiento. Muchas personas logran aliviar o controlar los s\u00edntomas con apoyo profesional, mientras que otras requieren estrategias a largo plazo para mantener la calidad del sue\u00f1o. La falta de tratamiento puede derivar en insomnio cr\u00f3nico y aumentar el riesgo de enfermedades como depresi\u00f3n, hipertensi\u00f3n, obesidad, diabetes y problemas cardiovasculares.<\/p>\n<h2>Prevenci\u00f3n y recomendaciones para el bienestar<\/h2>\n<p><img loading=\"lazy\" decoding=\"async\" src=\"https:\/\/lobosnews.com.ar\/wp-content\/uploads\/2026\/03\/cuando-dormir-se-convierte-en-una-pesadilla-como-reconocer-la-somnifobia-3.jpg\" alt=\"Adoptar h\u00e1bitos de sue\u00f1o saludables y buscar ayuda profesional son claves para prevenir y superar la somnifobia y mejorar la calidad del sue\u00f1o. (Imagen Ilustrativa Infobae)\" height=\"768\" width=\"1408\"\/><\/p>\n<p>No existe una medida \u00fanica para prevenir la somnifobia, pero adoptar h\u00e1bitos de sue\u00f1o saludables puede disminuir el riesgo. Los especialistas en salud mental de <i>Cleveland Clinic<\/i> sugieren <b>evitar el uso de pantallas antes de dormir, mantener una dieta equilibrada, realizar ejercicio regular y limitar el consumo de cafe\u00edna y alcohol<\/b>. Dormir en un ambiente fresco y oscuro favorece la conciliaci\u00f3n del sue\u00f1o.<\/p>\n<p>En caso de experimentar miedo persistente o angustia relacionada con el descanso nocturno, es recomendable <b>consultar a un profesional de la salud mental<\/b>. <b>El abordaje temprano mejora las posibilidades de recuperaci\u00f3n y previene complicaciones asociadas a la privaci\u00f3n de sue\u00f1o.<\/b> La educaci\u00f3n sobre higiene del sue\u00f1o y el acompa\u00f1amiento terap\u00e9utico son claves para superar este trastorno.<\/p>\n","protected":false},"excerpt":{"rendered":"<p>La somnifobia es un trastorno caracterizado por un miedo extremo a dormir, que puede afectar a personas de todas las edades y puede tener consecuencias graves sobre la salud f\u00edsica y emocional. Este temor se manifiesta en quienes, durante el d\u00eda, anticipan con ansiedad la llegada de la noche, evitan acostarse o experimentan angustia ante&#8230;<\/p>\n","protected":false},"author":1,"featured_media":33855,"comment_status":"open","ping_status":"closed","sticky":false,"template":"","format":"standard","meta":{"_jetpack_memberships_contains_paid_content":false,"footnotes":""},"categories":[81],"tags":[],"class_list":["post-33849","post","type-post","status-publish","format-standard","has-post-thumbnail","hentry","category-salud"],"magazineBlocksPostFeaturedMedia":{"thumbnail":"https:\/\/lobosnews.com.ar\/wp-content\/uploads\/2026\/03\/cuando-dormir-se-convierte-en-una-pesadilla-como-reconocer-la-somnifobia-6-150x150.jpg","medium":"https:\/\/lobosnews.com.ar\/wp-content\/uploads\/2026\/03\/cuando-dormir-se-convierte-en-una-pesadilla-como-reconocer-la-somnifobia-6-300x164.jpg","medium_large":"https:\/\/lobosnews.com.ar\/wp-content\/uploads\/2026\/03\/cuando-dormir-se-convierte-en-una-pesadilla-como-reconocer-la-somnifobia-6-768x419.jpg","large":"https:\/\/lobosnews.com.ar\/wp-content\/uploads\/2026\/03\/cuando-dormir-se-convierte-en-una-pesadilla-como-reconocer-la-somnifobia-6-1024x559.jpg","1536x1536":"https:\/\/lobosnews.com.ar\/wp-content\/uploads\/2026\/03\/cuando-dormir-se-convierte-en-una-pesadilla-como-reconocer-la-somnifobia-6.jpg","2048x2048":"https:\/\/lobosnews.com.ar\/wp-content\/uploads\/2026\/03\/cuando-dormir-se-convierte-en-una-pesadilla-como-reconocer-la-somnifobia-6.jpg","newsmatic-featured":"https:\/\/lobosnews.com.ar\/wp-content\/uploads\/2026\/03\/cuando-dormir-se-convierte-en-una-pesadilla-como-reconocer-la-somnifobia-6-820x545.jpg","newsmatic-list":"https:\/\/lobosnews.com.ar\/wp-content\/uploads\/2026\/03\/cuando-dormir-se-convierte-en-una-pesadilla-como-reconocer-la-somnifobia-6-600x400.jpg","newsmatic-thumb":"https:\/\/lobosnews.com.ar\/wp-content\/uploads\/2026\/03\/cuando-dormir-se-convierte-en-una-pesadilla-como-reconocer-la-somnifobia-6-300x200.jpg","newsmatic-small":"https:\/\/lobosnews.com.ar\/wp-content\/uploads\/2026\/03\/cuando-dormir-se-convierte-en-una-pesadilla-como-reconocer-la-somnifobia-6-150x95.jpg","newsmatic-grid":"https:\/\/lobosnews.com.ar\/wp-content\/uploads\/2026\/03\/cuando-dormir-se-convierte-en-una-pesadilla-como-reconocer-la-somnifobia-6-400x250.jpg"},"magazineBlocksPostAuthor":{"name":"admin","avatar":"https:\/\/secure.gravatar.com\/avatar\/76e419471a2083bc3ceab22a763dbbf9b0c1bd15a6214cf3280e2c2dde4580f9?s=96&d=mm&r=g"},"magazineBlocksPostCommentsNumber":"0","magazineBlocksPostExcerpt":"La somnifobia es un trastorno caracterizado por un miedo extremo a dormir, que puede afectar a personas de todas las edades y puede tener consecuencias graves sobre la salud f\u00edsica y emocional. Este temor se manifiesta en quienes, durante el d\u00eda, anticipan con ansiedad la llegada de la noche, evitan acostarse o experimentan angustia ante...","magazineBlocksPostCategories":["Salud"],"magazineBlocksPostViewCount":97,"magazineBlocksPostReadTime":4,"magazine_blocks_featured_image_url":{"full":["https:\/\/lobosnews.com.ar\/wp-content\/uploads\/2026\/03\/cuando-dormir-se-convierte-en-una-pesadilla-como-reconocer-la-somnifobia-6.jpg",1408,768,false],"medium":["https:\/\/lobosnews.com.ar\/wp-content\/uploads\/2026\/03\/cuando-dormir-se-convierte-en-una-pesadilla-como-reconocer-la-somnifobia-6-300x164.jpg",300,164,true],"thumbnail":["https:\/\/lobosnews.com.ar\/wp-content\/uploads\/2026\/03\/cuando-dormir-se-convierte-en-una-pesadilla-como-reconocer-la-somnifobia-6-150x150.jpg",150,150,true]},"magazine_blocks_author":{"display_name":"admin","author_link":"https:\/\/lobosnews.com.ar\/index.php\/author\/lobos-news\/"},"magazine_blocks_comment":0,"magazine_blocks_author_image":"https:\/\/secure.gravatar.com\/avatar\/76e419471a2083bc3ceab22a763dbbf9b0c1bd15a6214cf3280e2c2dde4580f9?s=96&d=mm&r=g","magazine_blocks_category":"<a href=\"#\" class=\"category-link category-link-81\">Salud<\/a>","yoast_head":"<!-- This site is optimized with the Yoast SEO plugin v26.6 - https:\/\/yoast.com\/wordpress\/plugins\/seo\/ -->\n<title>Cuando dormir se convierte en una pesadilla: c\u00f3mo reconocer la somnifobia - Lobos News<\/title>\n<meta name=\"robots\" content=\"index, follow, max-snippet:-1, max-image-preview:large, max-video-preview:-1\" \/>\n<link rel=\"canonical\" href=\"https:\/\/lobosnews.com.ar\/index.php\/2026\/03\/15\/cuando-dormir-se-convierte-en-una-pesadilla-como-reconocer-la-somnifobia\/\" \/>\n<meta property=\"og:locale\" content=\"es_ES\" \/>\n<meta property=\"og:type\" content=\"article\" \/>\n<meta property=\"og:title\" content=\"Cuando dormir se convierte en una pesadilla: c\u00f3mo reconocer la somnifobia - Lobos News\" \/>\n<meta property=\"og:description\" content=\"La somnifobia es un trastorno caracterizado por un miedo extremo a dormir, que puede afectar a personas de todas las edades y puede tener consecuencias graves sobre la salud f\u00edsica y emocional. Este temor se manifiesta en quienes, durante el d\u00eda, anticipan con ansiedad la llegada de la noche, evitan acostarse o experimentan angustia ante...\" \/>\n<meta property=\"og:url\" content=\"https:\/\/lobosnews.com.ar\/index.php\/2026\/03\/15\/cuando-dormir-se-convierte-en-una-pesadilla-como-reconocer-la-somnifobia\/\" \/>\n<meta property=\"og:site_name\" content=\"Lobos News\" \/>\n<meta property=\"article:published_time\" content=\"2026-03-15T07:00:00+00:00\" \/>\n<meta property=\"article:modified_time\" content=\"2026-03-15T09:48:50+00:00\" \/>\n<meta property=\"og:image\" content=\"https:\/\/lobosnews.com.ar\/wp-content\/uploads\/2026\/03\/cuando-dormir-se-convierte-en-una-pesadilla-como-reconocer-la-somnifobia.jpg\" \/>\n<meta name=\"author\" content=\"admin\" \/>\n<meta name=\"twitter:card\" content=\"summary_large_image\" \/>\n<meta name=\"twitter:label1\" content=\"Escrito por\" \/>\n\t<meta name=\"twitter:data1\" content=\"admin\" \/>\n\t<meta name=\"twitter:label2\" content=\"Tiempo de lectura\" \/>\n\t<meta name=\"twitter:data2\" content=\"4 minutos\" \/>\n<script type=\"application\/ld+json\" class=\"yoast-schema-graph\">{\"@context\":\"https:\/\/schema.org\",\"@graph\":[{\"@type\":\"Article\",\"@id\":\"https:\/\/lobosnews.com.ar\/index.php\/2026\/03\/15\/cuando-dormir-se-convierte-en-una-pesadilla-como-reconocer-la-somnifobia\/#article\",\"isPartOf\":{\"@id\":\"https:\/\/lobosnews.com.ar\/index.php\/2026\/03\/15\/cuando-dormir-se-convierte-en-una-pesadilla-como-reconocer-la-somnifobia\/\"},\"author\":{\"name\":\"admin\",\"@id\":\"https:\/\/lobosnews.com.ar\/#\/schema\/person\/232422a593d5c541dd9aef6aaed10943\"},\"headline\":\"Cuando dormir se convierte en una pesadilla: c\u00f3mo reconocer la somnifobia\",\"datePublished\":\"2026-03-15T07:00:00+00:00\",\"dateModified\":\"2026-03-15T09:48:50+00:00\",\"mainEntityOfPage\":{\"@id\":\"https:\/\/lobosnews.com.ar\/index.php\/2026\/03\/15\/cuando-dormir-se-convierte-en-una-pesadilla-como-reconocer-la-somnifobia\/\"},\"wordCount\":791,\"commentCount\":0,\"publisher\":{\"@id\":\"https:\/\/lobosnews.com.ar\/#organization\"},\"image\":{\"@id\":\"https:\/\/lobosnews.com.ar\/index.php\/2026\/03\/15\/cuando-dormir-se-convierte-en-una-pesadilla-como-reconocer-la-somnifobia\/#primaryimage\"},\"thumbnailUrl\":\"https:\/\/lobosnews.com.ar\/wp-content\/uploads\/2026\/03\/cuando-dormir-se-convierte-en-una-pesadilla-como-reconocer-la-somnifobia-6.jpg\",\"articleSection\":[\"Salud\"],\"inLanguage\":\"es\",\"potentialAction\":[{\"@type\":\"CommentAction\",\"name\":\"Comment\",\"target\":[\"https:\/\/lobosnews.com.ar\/index.php\/2026\/03\/15\/cuando-dormir-se-convierte-en-una-pesadilla-como-reconocer-la-somnifobia\/#respond\"]}]},{\"@type\":\"WebPage\",\"@id\":\"https:\/\/lobosnews.com.ar\/index.php\/2026\/03\/15\/cuando-dormir-se-convierte-en-una-pesadilla-como-reconocer-la-somnifobia\/\",\"url\":\"https:\/\/lobosnews.com.ar\/index.php\/2026\/03\/15\/cuando-dormir-se-convierte-en-una-pesadilla-como-reconocer-la-somnifobia\/\",\"name\":\"Cuando dormir se convierte en una pesadilla: c\u00f3mo reconocer la somnifobia - Lobos News\",\"isPartOf\":{\"@id\":\"https:\/\/lobosnews.com.ar\/#website\"},\"primaryImageOfPage\":{\"@id\":\"https:\/\/lobosnews.com.ar\/index.php\/2026\/03\/15\/cuando-dormir-se-convierte-en-una-pesadilla-como-reconocer-la-somnifobia\/#primaryimage\"},\"image\":{\"@id\":\"https:\/\/lobosnews.com.ar\/index.php\/2026\/03\/15\/cuando-dormir-se-convierte-en-una-pesadilla-como-reconocer-la-somnifobia\/#primaryimage\"},\"thumbnailUrl\":\"https:\/\/lobosnews.com.ar\/wp-content\/uploads\/2026\/03\/cuando-dormir-se-convierte-en-una-pesadilla-como-reconocer-la-somnifobia-6.jpg\",\"datePublished\":\"2026-03-15T07:00:00+00:00\",\"dateModified\":\"2026-03-15T09:48:50+00:00\",\"breadcrumb\":{\"@id\":\"https:\/\/lobosnews.com.ar\/index.php\/2026\/03\/15\/cuando-dormir-se-convierte-en-una-pesadilla-como-reconocer-la-somnifobia\/#breadcrumb\"},\"inLanguage\":\"es\",\"potentialAction\":[{\"@type\":\"ReadAction\",\"target\":[\"https:\/\/lobosnews.com.ar\/index.php\/2026\/03\/15\/cuando-dormir-se-convierte-en-una-pesadilla-como-reconocer-la-somnifobia\/\"]}]},{\"@type\":\"ImageObject\",\"inLanguage\":\"es\",\"@id\":\"https:\/\/lobosnews.com.ar\/index.php\/2026\/03\/15\/cuando-dormir-se-convierte-en-una-pesadilla-como-reconocer-la-somnifobia\/#primaryimage\",\"url\":\"https:\/\/lobosnews.com.ar\/wp-content\/uploads\/2026\/03\/cuando-dormir-se-convierte-en-una-pesadilla-como-reconocer-la-somnifobia-6.jpg\",\"contentUrl\":\"https:\/\/lobosnews.com.ar\/wp-content\/uploads\/2026\/03\/cuando-dormir-se-convierte-en-una-pesadilla-como-reconocer-la-somnifobia-6.jpg\",\"width\":1408,\"height\":768,\"caption\":\"Cuando dormir se convierte en una pesadilla: c\u00f3mo reconocer la somnifobia\"},{\"@type\":\"BreadcrumbList\",\"@id\":\"https:\/\/lobosnews.com.ar\/index.php\/2026\/03\/15\/cuando-dormir-se-convierte-en-una-pesadilla-como-reconocer-la-somnifobia\/#breadcrumb\",\"itemListElement\":[{\"@type\":\"ListItem\",\"position\":1,\"name\":\"Portada\",\"item\":\"https:\/\/lobosnews.com.ar\/\"},{\"@type\":\"ListItem\",\"position\":2,\"name\":\"Cuando dormir se convierte en una pesadilla: c\u00f3mo reconocer la somnifobia\"}]},{\"@type\":\"WebSite\",\"@id\":\"https:\/\/lobosnews.com.ar\/#website\",\"url\":\"https:\/\/lobosnews.com.ar\/\",\"name\":\"Lobos News\",\"description\":\"Informaci\u00f3n a cada instante\",\"publisher\":{\"@id\":\"https:\/\/lobosnews.com.ar\/#organization\"},\"potentialAction\":[{\"@type\":\"SearchAction\",\"target\":{\"@type\":\"EntryPoint\",\"urlTemplate\":\"https:\/\/lobosnews.com.ar\/?s={search_term_string}\"},\"query-input\":{\"@type\":\"PropertyValueSpecification\",\"valueRequired\":true,\"valueName\":\"search_term_string\"}}],\"inLanguage\":\"es\"},{\"@type\":\"Organization\",\"@id\":\"https:\/\/lobosnews.com.ar\/#organization\",\"name\":\"Lobos News\",\"url\":\"https:\/\/lobosnews.com.ar\/\",\"logo\":{\"@type\":\"ImageObject\",\"inLanguage\":\"es\",\"@id\":\"https:\/\/lobosnews.com.ar\/#\/schema\/logo\/image\/\",\"url\":\"https:\/\/lobosnews.com.ar\/wp-content\/uploads\/2026\/01\/logo-lobosnews.png\",\"contentUrl\":\"https:\/\/lobosnews.com.ar\/wp-content\/uploads\/2026\/01\/logo-lobosnews.png\",\"width\":500,\"height\":200,\"caption\":\"Lobos News\"},\"image\":{\"@id\":\"https:\/\/lobosnews.com.ar\/#\/schema\/logo\/image\/\"}},{\"@type\":\"Person\",\"@id\":\"https:\/\/lobosnews.com.ar\/#\/schema\/person\/232422a593d5c541dd9aef6aaed10943\",\"name\":\"admin\",\"image\":{\"@type\":\"ImageObject\",\"inLanguage\":\"es\",\"@id\":\"https:\/\/lobosnews.com.ar\/#\/schema\/person\/image\/\",\"url\":\"https:\/\/secure.gravatar.com\/avatar\/76e419471a2083bc3ceab22a763dbbf9b0c1bd15a6214cf3280e2c2dde4580f9?s=96&d=mm&r=g\",\"contentUrl\":\"https:\/\/secure.gravatar.com\/avatar\/76e419471a2083bc3ceab22a763dbbf9b0c1bd15a6214cf3280e2c2dde4580f9?s=96&d=mm&r=g\",\"caption\":\"admin\"},\"sameAs\":[\"https:\/\/lobosnews.com.ar\"],\"url\":\"https:\/\/lobosnews.com.ar\/index.php\/author\/lobos-news\/\"}]}<\/script>\n<!-- \/ Yoast SEO plugin. -->","yoast_head_json":{"title":"Cuando dormir se convierte en una pesadilla: c\u00f3mo reconocer la somnifobia - Lobos News","robots":{"index":"index","follow":"follow","max-snippet":"max-snippet:-1","max-image-preview":"max-image-preview:large","max-video-preview":"max-video-preview:-1"},"canonical":"https:\/\/lobosnews.com.ar\/index.php\/2026\/03\/15\/cuando-dormir-se-convierte-en-una-pesadilla-como-reconocer-la-somnifobia\/","og_locale":"es_ES","og_type":"article","og_title":"Cuando dormir se convierte en una pesadilla: c\u00f3mo reconocer la somnifobia - Lobos News","og_description":"La somnifobia es un trastorno caracterizado por un miedo extremo a dormir, que puede afectar a personas de todas las edades y puede tener consecuencias graves sobre la salud f\u00edsica y emocional. Este temor se manifiesta en quienes, durante el d\u00eda, anticipan con ansiedad la llegada de la noche, evitan acostarse o experimentan angustia ante...","og_url":"https:\/\/lobosnews.com.ar\/index.php\/2026\/03\/15\/cuando-dormir-se-convierte-en-una-pesadilla-como-reconocer-la-somnifobia\/","og_site_name":"Lobos News","article_published_time":"2026-03-15T07:00:00+00:00","article_modified_time":"2026-03-15T09:48:50+00:00","og_image":[{"url":"https:\/\/lobosnews.com.ar\/wp-content\/uploads\/2026\/03\/cuando-dormir-se-convierte-en-una-pesadilla-como-reconocer-la-somnifobia.jpg","type":"","width":"","height":""}],"author":"admin","twitter_card":"summary_large_image","twitter_misc":{"Escrito por":"admin","Tiempo de lectura":"4 minutos"},"schema":{"@context":"https:\/\/schema.org","@graph":[{"@type":"Article","@id":"https:\/\/lobosnews.com.ar\/index.php\/2026\/03\/15\/cuando-dormir-se-convierte-en-una-pesadilla-como-reconocer-la-somnifobia\/#article","isPartOf":{"@id":"https:\/\/lobosnews.com.ar\/index.php\/2026\/03\/15\/cuando-dormir-se-convierte-en-una-pesadilla-como-reconocer-la-somnifobia\/"},"author":{"name":"admin","@id":"https:\/\/lobosnews.com.ar\/#\/schema\/person\/232422a593d5c541dd9aef6aaed10943"},"headline":"Cuando dormir se convierte en una pesadilla: c\u00f3mo reconocer la somnifobia","datePublished":"2026-03-15T07:00:00+00:00","dateModified":"2026-03-15T09:48:50+00:00","mainEntityOfPage":{"@id":"https:\/\/lobosnews.com.ar\/index.php\/2026\/03\/15\/cuando-dormir-se-convierte-en-una-pesadilla-como-reconocer-la-somnifobia\/"},"wordCount":791,"commentCount":0,"publisher":{"@id":"https:\/\/lobosnews.com.ar\/#organization"},"image":{"@id":"https:\/\/lobosnews.com.ar\/index.php\/2026\/03\/15\/cuando-dormir-se-convierte-en-una-pesadilla-como-reconocer-la-somnifobia\/#primaryimage"},"thumbnailUrl":"https:\/\/lobosnews.com.ar\/wp-content\/uploads\/2026\/03\/cuando-dormir-se-convierte-en-una-pesadilla-como-reconocer-la-somnifobia-6.jpg","articleSection":["Salud"],"inLanguage":"es","potentialAction":[{"@type":"CommentAction","name":"Comment","target":["https:\/\/lobosnews.com.ar\/index.php\/2026\/03\/15\/cuando-dormir-se-convierte-en-una-pesadilla-como-reconocer-la-somnifobia\/#respond"]}]},{"@type":"WebPage","@id":"https:\/\/lobosnews.com.ar\/index.php\/2026\/03\/15\/cuando-dormir-se-convierte-en-una-pesadilla-como-reconocer-la-somnifobia\/","url":"https:\/\/lobosnews.com.ar\/index.php\/2026\/03\/15\/cuando-dormir-se-convierte-en-una-pesadilla-como-reconocer-la-somnifobia\/","name":"Cuando dormir se convierte en una pesadilla: c\u00f3mo reconocer la somnifobia - Lobos News","isPartOf":{"@id":"https:\/\/lobosnews.com.ar\/#website"},"primaryImageOfPage":{"@id":"https:\/\/lobosnews.com.ar\/index.php\/2026\/03\/15\/cuando-dormir-se-convierte-en-una-pesadilla-como-reconocer-la-somnifobia\/#primaryimage"},"image":{"@id":"https:\/\/lobosnews.com.ar\/index.php\/2026\/03\/15\/cuando-dormir-se-convierte-en-una-pesadilla-como-reconocer-la-somnifobia\/#primaryimage"},"thumbnailUrl":"https:\/\/lobosnews.com.ar\/wp-content\/uploads\/2026\/03\/cuando-dormir-se-convierte-en-una-pesadilla-como-reconocer-la-somnifobia-6.jpg","datePublished":"2026-03-15T07:00:00+00:00","dateModified":"2026-03-15T09:48:50+00:00","breadcrumb":{"@id":"https:\/\/lobosnews.com.ar\/index.php\/2026\/03\/15\/cuando-dormir-se-convierte-en-una-pesadilla-como-reconocer-la-somnifobia\/#breadcrumb"},"inLanguage":"es","potentialAction":[{"@type":"ReadAction","target":["https:\/\/lobosnews.com.ar\/index.php\/2026\/03\/15\/cuando-dormir-se-convierte-en-una-pesadilla-como-reconocer-la-somnifobia\/"]}]},{"@type":"ImageObject","inLanguage":"es","@id":"https:\/\/lobosnews.com.ar\/index.php\/2026\/03\/15\/cuando-dormir-se-convierte-en-una-pesadilla-como-reconocer-la-somnifobia\/#primaryimage","url":"https:\/\/lobosnews.com.ar\/wp-content\/uploads\/2026\/03\/cuando-dormir-se-convierte-en-una-pesadilla-como-reconocer-la-somnifobia-6.jpg","contentUrl":"https:\/\/lobosnews.com.ar\/wp-content\/uploads\/2026\/03\/cuando-dormir-se-convierte-en-una-pesadilla-como-reconocer-la-somnifobia-6.jpg","width":1408,"height":768,"caption":"Cuando dormir se convierte en una pesadilla: c\u00f3mo reconocer la somnifobia"},{"@type":"BreadcrumbList","@id":"https:\/\/lobosnews.com.ar\/index.php\/2026\/03\/15\/cuando-dormir-se-convierte-en-una-pesadilla-como-reconocer-la-somnifobia\/#breadcrumb","itemListElement":[{"@type":"ListItem","position":1,"name":"Portada","item":"https:\/\/lobosnews.com.ar\/"},{"@type":"ListItem","position":2,"name":"Cuando dormir se convierte en una pesadilla: c\u00f3mo reconocer la somnifobia"}]},{"@type":"WebSite","@id":"https:\/\/lobosnews.com.ar\/#website","url":"https:\/\/lobosnews.com.ar\/","name":"Lobos News","description":"Informaci\u00f3n a cada instante","publisher":{"@id":"https:\/\/lobosnews.com.ar\/#organization"},"potentialAction":[{"@type":"SearchAction","target":{"@type":"EntryPoint","urlTemplate":"https:\/\/lobosnews.com.ar\/?s={search_term_string}"},"query-input":{"@type":"PropertyValueSpecification","valueRequired":true,"valueName":"search_term_string"}}],"inLanguage":"es"},{"@type":"Organization","@id":"https:\/\/lobosnews.com.ar\/#organization","name":"Lobos News","url":"https:\/\/lobosnews.com.ar\/","logo":{"@type":"ImageObject","inLanguage":"es","@id":"https:\/\/lobosnews.com.ar\/#\/schema\/logo\/image\/","url":"https:\/\/lobosnews.com.ar\/wp-content\/uploads\/2026\/01\/logo-lobosnews.png","contentUrl":"https:\/\/lobosnews.com.ar\/wp-content\/uploads\/2026\/01\/logo-lobosnews.png","width":500,"height":200,"caption":"Lobos News"},"image":{"@id":"https:\/\/lobosnews.com.ar\/#\/schema\/logo\/image\/"}},{"@type":"Person","@id":"https:\/\/lobosnews.com.ar\/#\/schema\/person\/232422a593d5c541dd9aef6aaed10943","name":"admin","image":{"@type":"ImageObject","inLanguage":"es","@id":"https:\/\/lobosnews.com.ar\/#\/schema\/person\/image\/","url":"https:\/\/secure.gravatar.com\/avatar\/76e419471a2083bc3ceab22a763dbbf9b0c1bd15a6214cf3280e2c2dde4580f9?s=96&d=mm&r=g","contentUrl":"https:\/\/secure.gravatar.com\/avatar\/76e419471a2083bc3ceab22a763dbbf9b0c1bd15a6214cf3280e2c2dde4580f9?s=96&d=mm&r=g","caption":"admin"},"sameAs":["https:\/\/lobosnews.com.ar"],"url":"https:\/\/lobosnews.com.ar\/index.php\/author\/lobos-news\/"}]}},"jetpack_featured_media_url":"https:\/\/lobosnews.com.ar\/wp-content\/uploads\/2026\/03\/cuando-dormir-se-convierte-en-una-pesadilla-como-reconocer-la-somnifobia-6.jpg","jetpack_sharing_enabled":true,"_links":{"self":[{"href":"https:\/\/lobosnews.com.ar\/index.php\/wp-json\/wp\/v2\/posts\/33849","targetHints":{"allow":["GET"]}}],"collection":[{"href":"https:\/\/lobosnews.com.ar\/index.php\/wp-json\/wp\/v2\/posts"}],"about":[{"href":"https:\/\/lobosnews.com.ar\/index.php\/wp-json\/wp\/v2\/types\/post"}],"author":[{"embeddable":true,"href":"https:\/\/lobosnews.com.ar\/index.php\/wp-json\/wp\/v2\/users\/1"}],"replies":[{"embeddable":true,"href":"https:\/\/lobosnews.com.ar\/index.php\/wp-json\/wp\/v2\/comments?post=33849"}],"version-history":[{"count":1,"href":"https:\/\/lobosnews.com.ar\/index.php\/wp-json\/wp\/v2\/posts\/33849\/revisions"}],"predecessor-version":[{"id":33854,"href":"https:\/\/lobosnews.com.ar\/index.php\/wp-json\/wp\/v2\/posts\/33849\/revisions\/33854"}],"wp:featuredmedia":[{"embeddable":true,"href":"https:\/\/lobosnews.com.ar\/index.php\/wp-json\/wp\/v2\/media\/33855"}],"wp:attachment":[{"href":"https:\/\/lobosnews.com.ar\/index.php\/wp-json\/wp\/v2\/media?parent=33849"}],"wp:term":[{"taxonomy":"category","embeddable":true,"href":"https:\/\/lobosnews.com.ar\/index.php\/wp-json\/wp\/v2\/categories?post=33849"},{"taxonomy":"post_tag","embeddable":true,"href":"https:\/\/lobosnews.com.ar\/index.php\/wp-json\/wp\/v2\/tags?post=33849"}],"curies":[{"name":"wp","href":"https:\/\/api.w.org\/{rel}","templated":true}]}}