{"id":33805,"date":"2026-03-15T05:00:00","date_gmt":"2026-03-15T05:00:00","guid":{"rendered":"https:\/\/lobosnews.com.ar\/index.php\/2026\/03\/15\/natalia-oreiro-empece-a-vaciarme-de-mi-propia-historia-para-entregarle-mi-cuerpo-a-la-de-otros\/"},"modified":"2026-03-15T09:28:44","modified_gmt":"2026-03-15T09:28:44","slug":"natalia-oreiro-empece-a-vaciarme-de-mi-propia-historia-para-entregarle-mi-cuerpo-a-la-de-otros","status":"publish","type":"post","link":"https:\/\/lobosnews.com.ar\/index.php\/2026\/03\/15\/natalia-oreiro-empece-a-vaciarme-de-mi-propia-historia-para-entregarle-mi-cuerpo-a-la-de-otros\/","title":{"rendered":"Natalia Oreiro: \u201cEmpec\u00e9 a vaciarme de mi propia historia para entregarle mi cuerpo a la de otros\u201d"},"content":{"rendered":"<p>La actriz<span class=\"waslinkname\"> <b>Natalia Oreiro<\/b><\/span> en di\u00e1logo con <i>Teleshow<\/i> desde <b>Espa\u00f1a<\/b>, reflej\u00f3 su contexto profesional actual, la alegr\u00eda con que recibi\u00f3 su premio y cada uno de los emotivos momentos de la cedremonia. La solidez de su trayectoria en <b>m\u00fasica<\/b>, <b>televisi\u00f3n<\/b> y <b>cinematograf\u00eda<\/b> le ha permitido acumular un portafolio de proyectos de alto rendimiento en distintos aspectos.<\/p>\n<p>En la conversaci\u00f3n con <i>Teleshow<\/i>, Oreiro revel\u00f3 una agenda orientada al contacto directo con admiradoras provenientes de <b>diversos pa\u00edses:<\/b> <b>\u201cApenas termine la charla me encuentro con un grupo de fan\u00e1ticas de todo el mundo\u201d<\/b>, relat\u00f3 feliz la artista.<\/p>\n<p><img loading=\"lazy\" decoding=\"async\" src=\"https:\/\/lobosnews.com.ar\/wp-content\/uploads\/2026\/03\/natalia-oreiro-empece-a-vaciarme-de-mi-propia-historia-para-entregarle-mi-cuerpo-a-la-de-otros.jpg\" alt=\"Natalia Oreiro compariendo fotos y selfies con el p\u00fablico\" height=\"2560\" width=\"1920\"\/><\/p>\n<p><span class=\"waslinkname\"><b>La entrega de la Biznaga de Honor a Natalia Oreiro en el 29.\u00ba Festival de M\u00e1laga consagr\u00f3 a la actriz uruguaya como referente del audiovisual latinoamericano. <\/b><\/span>El Teatro Cervantes acogi\u00f3 una gala emotiva en la que se celebr\u00f3 el reconocimiento a una <b>trayectoria art\u00edstica singular<\/b>.<\/p>\n<p>La actriz recibi\u00f3 la distinci\u00f3n como un homenaje a su capacidad para conectar distintas generaciones y por el lazo personal que la une a M\u00e1laga y su historia familiar.<\/p>\n<p>La gala fue presentada por <b>Elisa Zulueta<\/b>, actriz y dramaturga chilena, quien defini\u00f3 a Oreiro como <b>\u201cuna int\u00e9rprete fundamental en el cine y la televisi\u00f3n de Am\u00e9rica Latina, capaz de brillar durante d\u00e9cadas en todo tipo de papeles, g\u00e9neros y formatos\u201d<\/b><\/p>\n<p><img loading=\"lazy\" decoding=\"async\" src=\"https:\/\/lobosnews.com.ar\/wp-content\/uploads\/2026\/03\/natalia-oreiro-empece-a-vaciarme-de-mi-propia-historia-para-entregarle-mi-cuerpo-a-la-de-otros-1.jpg\" alt=\"Natalia Oreiro recibi\u00f3 la Biznaga de Honor en el Festival de M\u00e1laga por su destacada trayectoria en m\u00fasica, cine y televisi\u00f3n latinoamericana\" height=\"2560\" width=\"1920\"\/><\/p>\n<p><span class=\"waslinkname\"><b>\u201cLo que quer\u00eda no era ser actriz, lo que quer\u00eda era que me quieran\u201d<\/b><\/span>, confes\u00f3 Natalia Oreiro en M\u00e1laga tras recibir el premio y repasar su recorrido desde la infancia migrante hasta el reconocimiento internacional. La emoci\u00f3n la atraves\u00f3 en una noche marcada por la sorpresa y la memoria, en el emblem\u00e1tico Teatro Cervantes de la ciudad espa\u00f1ola.<\/p>\n<h3>La emoci\u00f3n y el sentido del reconocimiento en M\u00e1laga<\/h3>\n<p><b>\u2014Se te escucha a\u00fan muy emocionada por recibir la Biznaga de Honor en M\u00e1laga, y mencionaste que quer\u00edan que te quieran?<\/b><\/p>\n<p>\u2014Eso me surgi\u00f3 en el momento. Ni lo pens\u00e9, me pas\u00f3 genuinamente. Antes de que yo subiera a recibirla, hicieron como una retrospectiva de mis trabajos y tres directores que trabajaron conmigo los invitaron para subir. Y eso era una sorpresa, yo no sab\u00eda eso nada. Fue Mar\u00eda Laura Berch, Benjam\u00edn \u00c1vila y Lorena Mu\u00f1oz, enormes amigos, del mundo del cine y de la vida. Eso fue una sorpresa total. Lo que dijeron, me trascendi\u00f3 el alma, porque no es que hablaban de m\u00ed como int\u00e9rprete, hablaban de m\u00ed como persona.<\/p>\n<p><b>\u2014\u00bfQu\u00e9 te hizo pensar ese momento?<\/b><\/p>\n<p>\u2014Cuando sub\u00ed, la reflexi\u00f3n que tuve fue darme cuenta que yo no s\u00e9 si, lo que quer\u00eda era ser actriz, lo que quer\u00eda es que me quieran. Y lo que quise decir es que evidentemente es algo que queremos todos, por supuesto.<\/p>\n<p><img loading=\"lazy\" decoding=\"async\" src=\"https:\/\/lobosnews.com.ar\/wp-content\/uploads\/2026\/03\/natalia-oreiro-empece-a-vaciarme-de-mi-propia-historia-para-entregarle-mi-cuerpo-a-la-de-otros-2.jpg\" alt=\"Natalia Oreiro comparti\u00f3 aspectos \u00edntimos de su vida familiar y su relaci\u00f3n con las redes sociales, reflejando el valor de la calidez y la empat\u00eda en tiempos dif\u00edciles\" height=\"2560\" width=\"1920\"\/><\/p>\n<p><b>\u2014Mencionaste tu infancia en el discurso de agradecimiento.<\/b><\/p>\n<p>\u2014Porque yo viv\u00ed en M\u00e1laga. Los del festival no sab\u00edan nada de eso, no es que me lo entregaron porque yo hab\u00eda vivido ac\u00e1. No es algo que sea conocido ni que tampoco yo lo haya contado mucho. Pero s\u00ed mis padres\u2026 yo tambi\u00e9n lo que cont\u00e9, en parte de lo que dije, es que de la misma manera que mis abuelos gallegos a principios del siglo emigraron de Espa\u00f1a a Uruguay y luego nosotros, ochenta a\u00f1os despu\u00e9s, emigramos de Uruguay a Espa\u00f1a.<\/p>\n<p><b>\u2014\u00bfC\u00f3mo fue tu regreso a M\u00e1laga despu\u00e9s de tantos a\u00f1os?<\/b><\/p>\n<p>\u2014Cuando yo llego a M\u00e1laga, lo primero que hago es irme al barrio de mi infancia. Yo ten\u00eda seis a\u00f1os, hice la primaria ac\u00e1. Hab\u00eda regresado un solo d\u00eda en el a\u00f1o 2000 como cantante a un festival de m\u00fasica muy grande que se hace en la playa y me acuerdo que me reun\u00ed con mi madrina, que a la que ve\u00eda siempre porque viajaba mucho a Uruguay. Mis padrinos viv\u00edan ac\u00e1, fallecieron el a\u00f1o pasado. Fue un flash porque volv\u00ed, siendo un poco m\u00e1s que adolescente, ten\u00eda veinte a\u00f1os, y a cantar. Hab\u00eda ochenta mil personas en el festival, pero yo estaba de gira. Entonces vine, estuve con ella y no pude salir a recorrer tanto. <\/p>\n<p><img loading=\"lazy\" decoding=\"async\" src=\"https:\/\/lobosnews.com.ar\/wp-content\/uploads\/2026\/03\/natalia-oreiro-empece-a-vaciarme-de-mi-propia-historia-para-entregarle-mi-cuerpo-a-la-de-otros-3.jpg\" alt=\"Natalia Oreiro caminando por las calles de M\u00e1laga ciudad en la que vivi\u00f3 cuando era peque\u00f1a\" height=\"2560\" width=\"1920\"\/><\/p>\n<p><b>\u2014\u00bfQu\u00e9 sentiste al recorrer tu antiguo barrio?<\/b><\/p>\n<p>\u2014Ped\u00ed llegar un d\u00eda antes de la ceremonia. Supongo que tiene que ver tambi\u00e9n con la edad, que uno intenta, en este mundo tan acelerado en el que vivimos, frenar un poquito y mirarse para adentro y reencontrarse con ello, y eso a m\u00ed me est\u00e1 pasando mucho. Creo que son una mezcla de situaciones. Obviamente, tiene que ver con una madurez natural y biol\u00f3gica. Por el otro lado, siento un v\u00e9rtigo muy grande en estos \u00faltimos tiempos del mundo en general y en lo personal mucho, y adem\u00e1s muchas pel\u00edculas muy dram\u00e1ticas.<\/p>\n<p><b>\u2014\u00bfTe sentiste reflejada en las ni\u00f1as que viste all\u00ed?<\/b><\/p>\n<p>\u2014Superreflejada. Ese barrio es una zona de inmigrantes y me impact\u00f3 porque, aunque yo ten\u00eda abuelos espa\u00f1oles, pas\u00e9 mucho tiempo y nunca dej\u00e9 de sentirme una inmigrante cuando viv\u00eda en M\u00e1laga. El sentido de pertenencia me pasa todo el tiempo.<\/p>\n<p><img loading=\"lazy\" decoding=\"async\" src=\"https:\/\/lobosnews.com.ar\/wp-content\/uploads\/2026\/03\/natalia-oreiro-empece-a-vaciarme-de-mi-propia-historia-para-entregarle-mi-cuerpo-a-la-de-otros-5.jpg\" alt=\"La reconocida artista comparti\u00f3 c\u00f3mo la sorpresa, el cari\u00f1o de colegas y el peso de su historia familiar dieron un sentido especial al premio recibido\" height=\"1080\" width=\"1920\"\/><\/p>\n<p><b>\u2014\u00bfCu\u00e1nto tiempo viviste en M\u00e1laga y por qu\u00e9 migraron?<\/b><\/p>\n<p>\u2014Dos a\u00f1os, porque mis padres vinieron en 1984, hasta 1986. En Uruguay, adem\u00e1s de la vuelta de la democracia, hubo algo que se llam\u00f3 el efecto tablita, que fue un problema econ\u00f3mico muy grande que sucedi\u00f3 tambi\u00e9n en Argentina, y que repercuti\u00f3 en el Uruguay. Mi pap\u00e1 se qued\u00f3 sin trabajo. Hab\u00eda colas y colas de uruguayos sacando pasaporte extranjero y y\u00e9ndose. <\/p>\n<p><b>\u2014\u00bfC\u00f3mo afecta a tu vida interpretar personajes tan intensos?<\/b><\/p>\n<p>\u2014Empec\u00e9 a sentir como este desdoblamiento profesional de vaciarme de mi propia historia para entregarle como mi herramienta, mi cuerpo, a la historia de otros. Me vienen tocando personajes muy duros, castigados, que me dejan movilizada y como corrida de qui\u00e9n soy yo. <\/p>\n<p><b>\u2014\u00bfPor qu\u00e9 necesit\u00e1s hacer comedia cada tanto?<\/b><\/p>\n<p>\u2014Yo necesito hacer comedia cada a\u00f1o. Yo me doy cuenta de que soy muy melanc\u00f3lica. No soy una persona dram\u00e1tica. Soy una persona optimista, pero muy melanc\u00f3lica. Eso es muy rioplatense, eso de tener un r\u00edo marr\u00f3n, el tango, Jorge Drexler. Pero yo necesito hacer comedia. No solo es que me gusta lo que se genera, el clima que se genera, la empat\u00eda que genera con el p\u00fablico, es lo que me pasa a m\u00ed. Yo vuelvo cambiada. Con la serie <i>Yosi, Evita, La noche sin m\u00ed, La mujer de la fila<\/i>, son todos unos dramones que claro, yo volv\u00eda a mi casa muy cargada. Hablo mucho con la gente que estoy interpretando, las personas que est\u00e1n involucradas. Me cuesta mucho tomar distancia.<\/p>\n<p><b>\u2014\u00bfC\u00f3mo fue la presentaci\u00f3n de La mujer de la fila en una c\u00e1rcel de M\u00e1laga<\/b><\/p>\n<p>\u2014La devoluci\u00f3n fue muy emotiva. Estaban muy conmovidos, porque lo que pasa con la pel\u00edcula, es que la pel\u00edcula habla de las familias que est\u00e1n fuera. Y que de alguna manera, socialmente est\u00e1n tambi\u00e9n siendo culpabilizadas, como si hubieran cometido el delito. Adem\u00e1s todo lo que tienen que pasar estas familias, en su gran mayor\u00eda mujeres, por eso se llama <i>La mujer de la fila.<\/i> Los presos, no saben ese derrotero que hacen ellos, para poder visitarlos, y que muchas veces no se lo cuentan.<\/p>\n<h3>El homenaje de colegas y figuras del cine latinoamericano<\/h3>\n<p><img loading=\"lazy\" decoding=\"async\" src=\"https:\/\/lobosnews.com.ar\/wp-content\/uploads\/2026\/03\/natalia-oreiro-empece-a-vaciarme-de-mi-propia-historia-para-entregarle-mi-cuerpo-a-la-de-otros-7.jpg\" alt=\"El homenaje a Oreiro reuni\u00f3 a colegas y directores que resaltaron su sensibilidad y el impacto emocional de sus interpretaciones en diversos g\u00e9neros\" height=\"2559\" width=\"1920\"\/><\/p>\n<p>A lo largo del evento, colegas y profesionales vinculados a la carrera de Oreiro se sumaron al homenaje. La directora <b>Lorena Mu\u00f1oz<\/b> realiz\u00f3 un emotivo repaso de los personajes encarnados por la actriz: <b>\u201cNati, con tu interpretaci\u00f3n muchas vidas fueron posibles. Nos invitaste a tu primera boda, fuiste madre, estuviste reloca, casi muerta y asfixiada. Te fuiste de campamento, pasaste la noche sin vos y fuiste la primera mujer de la fila. Te quiero\u201d<\/b>.<\/p>\n<p>Tambi\u00e9n participaron la <b>directora de casting Mar\u00eda Laura Berch<\/b> y el <b>cineasta Benjam\u00edn \u00c1vila<\/b>. Berch destac\u00f3 <b>\u201cel inmenso amor por su profesi\u00f3n, la sensibilidad y la honestidad con la que trabaja. Siempre eleva la vara con una mirada minuciosa y con un respeto absoluto hacia todos los que estamos detr\u00e1s de c\u00e1mara\u201d<\/b>. \u00c1vila, por su parte, record\u00f3: <b>\u201cLa primera vez que nos sentamos a hablar fue en su casa. La vi leyendo el guion con una mirada muy profunda, no solo sobre el personaje, tambi\u00e9n sobre la historia. Me di cuenta de que estaba frente a una persona especial. Ten\u00e9s la virtud de llevarnos siempre a estar mejor\u201d<\/b>.<\/p>\n<p><img loading=\"lazy\" decoding=\"async\" src=\"https:\/\/lobosnews.com.ar\/wp-content\/uploads\/2026\/03\/natalia-oreiro-empece-a-vaciarme-de-mi-propia-historia-para-entregarle-mi-cuerpo-a-la-de-otros-8.jpg\" alt=\"La actriz confirm\u00f3 futuros proyectos con grandes plataformas como Amazon y Netflix, destacando su decisi\u00f3n de incursionar en la comedia y el terror este a\u00f1\" height=\"2560\" width=\"1920\"\/><\/p>\n<p>La actriz asegur\u00f3 que el reconocimiento posee un valor muy personal, asociado tanto a su recorrido profesional como a su ni\u00f1ez. Dedic\u00f3 el premio a la ni\u00f1a que fue y a quienes inician nuevas etapas lejos de su lugar de origen.<\/p>\n<p><b>\u2014\u00bfQu\u00e9 proyectos ten\u00e9s para este a\u00f1o?<\/b><\/p>\n<p>\u2014Tengo el estreno de varias pel\u00edculas, primero<i> La casaca de Dios <\/i>con Jorge Marrale, dirigida por Fern\u00e1n Mir\u00e1s. En mayo estreno una muy buena de Juan Taratuto, una comedia rom\u00e1ntica con Gael Garc\u00eda Bernal como compa\u00f1ero. Despu\u00e9s estrenamos otra con Gael, una pel\u00edcula de \u00e9l, como director y como actor, que filmamos en M\u00e9xico el a\u00f1o pasado. Despu\u00e9s estreno en agosto la pel\u00edcula <i>Yo, Narciso<\/i>, de Adri\u00e1n como director y como actor. Tengo una seguidilla de estrenos de pel\u00edculas este a\u00f1o interesante, de distintos g\u00e9neros, por suerte.<\/p>\n<p><img loading=\"lazy\" decoding=\"async\" src=\"https:\/\/www.infobae.com\/resizer\/v2\/OWC26IFCGFGEFBCW7PGN474SJU.jpg?auth=a5b28b23f748cdd65fc604c831b319dbb21995e515bdd70a10ae91e881dd5fb7&#038;smart=true&#038;width=1066&#038;height=1600\" alt=\"Natalia Oreiro en la alfombra roja, del Festival de Cine de M\u00e1laga, luciendo un dise\u00f1o de Javier Saiach\" height=\"1600\" width=\"1066\"\/><\/p>\n<p><b>\u2014\u00bfY qu\u00e9 se viene a futuro?<\/b><\/p>\n<p>\u2014Empiezo a filmar ahora una peli para Amazon dirigida por Mart\u00edn Sastre. Basada en la novela <i>Orgullo y prejuicio<\/i> de Jane Austen, pero es una adaptaci\u00f3n muy actual de Sastre, Y despu\u00e9s voy a filmar una pel\u00edcula de terror, que es la primera vez que voy a hacer. Estoy probando nuevos g\u00e9neros. Me anim\u00e9 con un guion superbueno de un director argentino-mexicano. Despu\u00e9s filmo una serie con coproducci\u00f3n con Espa\u00f1a, que se llama<i> Punta blanca<\/i>. Es un policial que se graba en Punta del Este. A fin de a\u00f1o vuelvo a filmar una peli para Netflix con Mart\u00edn Hosadeli, otra comedia. Un poquito de todo.<\/p>\n<h3>Vida personal, familia y v\u00ednculos p\u00fablicos<\/h3>\n<p><img loading=\"lazy\" decoding=\"async\" src=\"https:\/\/www.infobae.com\/resizer\/v2\/NG53S74FZFA7ZFEHFWZKMATH4M.jpg?auth=0816f2d9b0ac0f1b9e91cf175c6a10a800f9ddcad879f8d39d61fd0ff1f62592&#038;smart=true&#038;width=1080&#038;height=1920\" alt=\"Natalia confiesa su amor por las recetas dulces\" height=\"1920\" width=\"1080\"\/><\/p>\n<p><b>\u2014\u00bfC\u00f3mo est\u00e1 tu familia actualmente?<\/b><\/p>\n<p>\u2014Muy bien, mi hijo, ya tiene catorce a\u00f1os, no lo puedo creer.<\/p>\n<p><b>\u2014Se percibe mucha calidez en tu casa, a trav\u00e9s de las fotos en tu cocina, que public\u00e1s en tu Instagram&#8230;<\/b><\/p>\n<p>\u2014Soy fan\u00e1tica de la reposter\u00eda, de las plantas y los dulces. Tengo muchos frutales. A m\u00ed me cuesta mucho compartir, siento que uno pone algo y abre algo para que los dem\u00e1s\u2026 Pero bueno, cada tanto trato de compartir algo m\u00e1s personal.<\/p>\n<p><b>\u2014\u00bfC\u00f3mo viv\u00eds tu relaci\u00f3n con las redes sociales?<\/b><\/p>\n<p>\u2014Me cost\u00f3. Fui de las \u00faltimas en tener Instagram y siempre me cost\u00f3 bastante eso. De hecho, mi casa anterior se conoci\u00f3 cuando estaba vendida por otro. La pas\u00f3 un due\u00f1o con sus nuevos muebles. Yo dec\u00eda: \u201cPero mi casa no era as\u00ed\u201d.<\/p>\n<p><img loading=\"lazy\" decoding=\"async\" src=\"https:\/\/www.infobae.com\/resizer\/v2\/JNWPAWPQSBCYTCGWYNWXRUCCOE.jpg?auth=59cab492418f92208bf23ba4a21d9d879e12f8f4987a05ca0cf21755c7f77329&#038;smart=true&#038;width=1080&#038;height=1228\" alt=\"Natalia Oreiro comparti\u00f3 sus postales m\u00e1s personales: su casa, su vajilla\" height=\"1228\" width=\"1080\"\/><\/p>\n<p><b>\u2014Vi en tu instagram el comentario amoroso que te puso Nancy Dupl\u00e1a por este premio&#8230;<\/b><\/p>\n<p>\u2014Fue una de las primeras que escribi\u00f3. A m\u00ed me encanta Nancy como actriz. Yo dije incansables veces que eso no, que yo nunca viv\u00ed eso, el episodio de supuestos abucheos en el Mart\u00edn Fierro. Pero bueno, se instalan mitos. Me cae superbi\u00e9n. Eso lo tengo como muy puesto en un buen lugar. Cuando dec\u00eds qu\u00e9 bueno que las personas encuentren su camino en la vida y el amor me parece lo mejor.<\/p>\n<p><b>\u2014\u00bfC\u00f3mo enfrent\u00e1s los momentos dif\u00edciles a nivel personal y social?<\/b><\/p>\n<p>\u2014Estamos viviendo momentos muy duros a nivel mundial. Muy duros. Tratarse con delicadeza es fundamental. Es mirar a los ojos y decir buen d\u00eda y gracias y sonre\u00edr. Esos son gestos peque\u00f1os que cambian realmente la percepci\u00f3n del otro y de tu entorno. Detenerse a respirar y mirar al otro es fundamental, porque si no la energ\u00eda no fluye, se traba ah\u00ed.<\/p>\n","protected":false},"excerpt":{"rendered":"<p>La actriz Natalia Oreiro en di\u00e1logo con Teleshow desde Espa\u00f1a, reflej\u00f3 su contexto profesional actual, la alegr\u00eda con que recibi\u00f3 su premio y cada uno de los emotivos momentos de la cedremonia. La solidez de su trayectoria en m\u00fasica, televisi\u00f3n y cinematograf\u00eda le ha permitido acumular un portafolio de proyectos de alto rendimiento en distintos&#8230;<\/p>\n","protected":false},"author":1,"featured_media":33822,"comment_status":"open","ping_status":"closed","sticky":false,"template":"","format":"standard","meta":{"_jetpack_memberships_contains_paid_content":false,"footnotes":""},"categories":[79],"tags":[],"class_list":["post-33805","post","type-post","status-publish","format-standard","has-post-thumbnail","hentry","category-cine-y-series"],"magazineBlocksPostFeaturedMedia":{"thumbnail":"https:\/\/lobosnews.com.ar\/wp-content\/uploads\/2026\/03\/natalia-oreiro-empece-a-vaciarme-de-mi-propia-historia-para-entregarle-mi-cuerpo-a-la-de-otros-27-150x150.jpg","medium":"https:\/\/lobosnews.com.ar\/wp-content\/uploads\/2026\/03\/natalia-oreiro-empece-a-vaciarme-de-mi-propia-historia-para-entregarle-mi-cuerpo-a-la-de-otros-27-264x300.jpg","medium_large":"https:\/\/lobosnews.com.ar\/wp-content\/uploads\/2026\/03\/natalia-oreiro-empece-a-vaciarme-de-mi-propia-historia-para-entregarle-mi-cuerpo-a-la-de-otros-27-768x873.jpg","large":"https:\/\/lobosnews.com.ar\/wp-content\/uploads\/2026\/03\/natalia-oreiro-empece-a-vaciarme-de-mi-propia-historia-para-entregarle-mi-cuerpo-a-la-de-otros-27-901x1024.jpg","1536x1536":"https:\/\/lobosnews.com.ar\/wp-content\/uploads\/2026\/03\/natalia-oreiro-empece-a-vaciarme-de-mi-propia-historia-para-entregarle-mi-cuerpo-a-la-de-otros-27.jpg","2048x2048":"https:\/\/lobosnews.com.ar\/wp-content\/uploads\/2026\/03\/natalia-oreiro-empece-a-vaciarme-de-mi-propia-historia-para-entregarle-mi-cuerpo-a-la-de-otros-27.jpg","newsmatic-featured":"https:\/\/lobosnews.com.ar\/wp-content\/uploads\/2026\/03\/natalia-oreiro-empece-a-vaciarme-de-mi-propia-historia-para-entregarle-mi-cuerpo-a-la-de-otros-27-820x545.jpg","newsmatic-list":"https:\/\/lobosnews.com.ar\/wp-content\/uploads\/2026\/03\/natalia-oreiro-empece-a-vaciarme-de-mi-propia-historia-para-entregarle-mi-cuerpo-a-la-de-otros-27-600x400.jpg","newsmatic-thumb":"https:\/\/lobosnews.com.ar\/wp-content\/uploads\/2026\/03\/natalia-oreiro-empece-a-vaciarme-de-mi-propia-historia-para-entregarle-mi-cuerpo-a-la-de-otros-27-300x200.jpg","newsmatic-small":"https:\/\/lobosnews.com.ar\/wp-content\/uploads\/2026\/03\/natalia-oreiro-empece-a-vaciarme-de-mi-propia-historia-para-entregarle-mi-cuerpo-a-la-de-otros-27-150x95.jpg","newsmatic-grid":"https:\/\/lobosnews.com.ar\/wp-content\/uploads\/2026\/03\/natalia-oreiro-empece-a-vaciarme-de-mi-propia-historia-para-entregarle-mi-cuerpo-a-la-de-otros-27-400x250.jpg"},"magazineBlocksPostAuthor":{"name":"admin","avatar":"https:\/\/secure.gravatar.com\/avatar\/76e419471a2083bc3ceab22a763dbbf9b0c1bd15a6214cf3280e2c2dde4580f9?s=96&d=mm&r=g"},"magazineBlocksPostCommentsNumber":"0","magazineBlocksPostExcerpt":"La actriz Natalia Oreiro en di\u00e1logo con Teleshow desde Espa\u00f1a, reflej\u00f3 su contexto profesional actual, la alegr\u00eda con que recibi\u00f3 su premio y cada uno de los emotivos momentos de la cedremonia. La solidez de su trayectoria en m\u00fasica, televisi\u00f3n y cinematograf\u00eda le ha permitido acumular un portafolio de proyectos de alto rendimiento en distintos...","magazineBlocksPostCategories":["Cine y Series"],"magazineBlocksPostViewCount":87,"magazineBlocksPostReadTime":11,"magazine_blocks_featured_image_url":{"full":["https:\/\/lobosnews.com.ar\/wp-content\/uploads\/2026\/03\/natalia-oreiro-empece-a-vaciarme-de-mi-propia-historia-para-entregarle-mi-cuerpo-a-la-de-otros-27.jpg",1080,1228,false],"medium":["https:\/\/lobosnews.com.ar\/wp-content\/uploads\/2026\/03\/natalia-oreiro-empece-a-vaciarme-de-mi-propia-historia-para-entregarle-mi-cuerpo-a-la-de-otros-27-264x300.jpg",264,300,true],"thumbnail":["https:\/\/lobosnews.com.ar\/wp-content\/uploads\/2026\/03\/natalia-oreiro-empece-a-vaciarme-de-mi-propia-historia-para-entregarle-mi-cuerpo-a-la-de-otros-27-150x150.jpg",150,150,true]},"magazine_blocks_author":{"display_name":"admin","author_link":"https:\/\/lobosnews.com.ar\/index.php\/author\/lobos-news\/"},"magazine_blocks_comment":0,"magazine_blocks_author_image":"https:\/\/secure.gravatar.com\/avatar\/76e419471a2083bc3ceab22a763dbbf9b0c1bd15a6214cf3280e2c2dde4580f9?s=96&d=mm&r=g","magazine_blocks_category":"<a href=\"#\" class=\"category-link category-link-79\">Cine y Series<\/a>","yoast_head":"<!-- This site is optimized with the Yoast SEO plugin v26.6 - https:\/\/yoast.com\/wordpress\/plugins\/seo\/ -->\n<title>Natalia Oreiro: \u201cEmpec\u00e9 a vaciarme de mi propia historia para entregarle mi cuerpo a la de otros\u201d - Lobos News<\/title>\n<meta name=\"robots\" content=\"index, follow, max-snippet:-1, max-image-preview:large, max-video-preview:-1\" \/>\n<link rel=\"canonical\" href=\"https:\/\/lobosnews.com.ar\/index.php\/2026\/03\/15\/natalia-oreiro-empece-a-vaciarme-de-mi-propia-historia-para-entregarle-mi-cuerpo-a-la-de-otros\/\" \/>\n<meta property=\"og:locale\" content=\"es_ES\" \/>\n<meta property=\"og:type\" content=\"article\" \/>\n<meta property=\"og:title\" content=\"Natalia Oreiro: \u201cEmpec\u00e9 a vaciarme de mi propia historia para entregarle mi cuerpo a la de otros\u201d - Lobos News\" \/>\n<meta property=\"og:description\" content=\"La actriz Natalia Oreiro en di\u00e1logo con Teleshow desde Espa\u00f1a, reflej\u00f3 su contexto profesional actual, la alegr\u00eda con que recibi\u00f3 su premio y cada uno de los emotivos momentos de la cedremonia. La solidez de su trayectoria en m\u00fasica, televisi\u00f3n y cinematograf\u00eda le ha permitido acumular un portafolio de proyectos de alto rendimiento en distintos...\" \/>\n<meta property=\"og:url\" content=\"https:\/\/lobosnews.com.ar\/index.php\/2026\/03\/15\/natalia-oreiro-empece-a-vaciarme-de-mi-propia-historia-para-entregarle-mi-cuerpo-a-la-de-otros\/\" \/>\n<meta property=\"og:site_name\" content=\"Lobos News\" \/>\n<meta property=\"article:published_time\" content=\"2026-03-15T05:00:00+00:00\" \/>\n<meta property=\"article:modified_time\" content=\"2026-03-15T09:28:44+00:00\" \/>\n<meta property=\"og:image\" content=\"https:\/\/lobosnews.com.ar\/wp-content\/uploads\/2026\/03\/natalia-oreiro-empece-a-vaciarme-de-mi-propia-historia-para-entregarle-mi-cuerpo-a-la-de-otros.jpg\" \/>\n<meta name=\"author\" content=\"admin\" \/>\n<meta name=\"twitter:card\" content=\"summary_large_image\" \/>\n<meta name=\"twitter:label1\" content=\"Escrito por\" \/>\n\t<meta name=\"twitter:data1\" content=\"admin\" \/>\n\t<meta name=\"twitter:label2\" content=\"Tiempo de lectura\" \/>\n\t<meta name=\"twitter:data2\" content=\"10 minutos\" \/>\n<script type=\"application\/ld+json\" class=\"yoast-schema-graph\">{\"@context\":\"https:\/\/schema.org\",\"@graph\":[{\"@type\":\"Article\",\"@id\":\"https:\/\/lobosnews.com.ar\/index.php\/2026\/03\/15\/natalia-oreiro-empece-a-vaciarme-de-mi-propia-historia-para-entregarle-mi-cuerpo-a-la-de-otros\/#article\",\"isPartOf\":{\"@id\":\"https:\/\/lobosnews.com.ar\/index.php\/2026\/03\/15\/natalia-oreiro-empece-a-vaciarme-de-mi-propia-historia-para-entregarle-mi-cuerpo-a-la-de-otros\/\"},\"author\":{\"name\":\"admin\",\"@id\":\"https:\/\/lobosnews.com.ar\/#\/schema\/person\/232422a593d5c541dd9aef6aaed10943\"},\"headline\":\"Natalia Oreiro: \u201cEmpec\u00e9 a vaciarme de mi propia historia para entregarle mi cuerpo a la de otros\u201d\",\"datePublished\":\"2026-03-15T05:00:00+00:00\",\"dateModified\":\"2026-03-15T09:28:44+00:00\",\"mainEntityOfPage\":{\"@id\":\"https:\/\/lobosnews.com.ar\/index.php\/2026\/03\/15\/natalia-oreiro-empece-a-vaciarme-de-mi-propia-historia-para-entregarle-mi-cuerpo-a-la-de-otros\/\"},\"wordCount\":2076,\"commentCount\":0,\"publisher\":{\"@id\":\"https:\/\/lobosnews.com.ar\/#organization\"},\"image\":{\"@id\":\"https:\/\/lobosnews.com.ar\/index.php\/2026\/03\/15\/natalia-oreiro-empece-a-vaciarme-de-mi-propia-historia-para-entregarle-mi-cuerpo-a-la-de-otros\/#primaryimage\"},\"thumbnailUrl\":\"https:\/\/lobosnews.com.ar\/wp-content\/uploads\/2026\/03\/natalia-oreiro-empece-a-vaciarme-de-mi-propia-historia-para-entregarle-mi-cuerpo-a-la-de-otros-27.jpg\",\"articleSection\":[\"Cine y Series\"],\"inLanguage\":\"es\",\"potentialAction\":[{\"@type\":\"CommentAction\",\"name\":\"Comment\",\"target\":[\"https:\/\/lobosnews.com.ar\/index.php\/2026\/03\/15\/natalia-oreiro-empece-a-vaciarme-de-mi-propia-historia-para-entregarle-mi-cuerpo-a-la-de-otros\/#respond\"]}]},{\"@type\":\"WebPage\",\"@id\":\"https:\/\/lobosnews.com.ar\/index.php\/2026\/03\/15\/natalia-oreiro-empece-a-vaciarme-de-mi-propia-historia-para-entregarle-mi-cuerpo-a-la-de-otros\/\",\"url\":\"https:\/\/lobosnews.com.ar\/index.php\/2026\/03\/15\/natalia-oreiro-empece-a-vaciarme-de-mi-propia-historia-para-entregarle-mi-cuerpo-a-la-de-otros\/\",\"name\":\"Natalia Oreiro: \u201cEmpec\u00e9 a vaciarme de mi propia historia para entregarle mi cuerpo a la de otros\u201d - Lobos News\",\"isPartOf\":{\"@id\":\"https:\/\/lobosnews.com.ar\/#website\"},\"primaryImageOfPage\":{\"@id\":\"https:\/\/lobosnews.com.ar\/index.php\/2026\/03\/15\/natalia-oreiro-empece-a-vaciarme-de-mi-propia-historia-para-entregarle-mi-cuerpo-a-la-de-otros\/#primaryimage\"},\"image\":{\"@id\":\"https:\/\/lobosnews.com.ar\/index.php\/2026\/03\/15\/natalia-oreiro-empece-a-vaciarme-de-mi-propia-historia-para-entregarle-mi-cuerpo-a-la-de-otros\/#primaryimage\"},\"thumbnailUrl\":\"https:\/\/lobosnews.com.ar\/wp-content\/uploads\/2026\/03\/natalia-oreiro-empece-a-vaciarme-de-mi-propia-historia-para-entregarle-mi-cuerpo-a-la-de-otros-27.jpg\",\"datePublished\":\"2026-03-15T05:00:00+00:00\",\"dateModified\":\"2026-03-15T09:28:44+00:00\",\"breadcrumb\":{\"@id\":\"https:\/\/lobosnews.com.ar\/index.php\/2026\/03\/15\/natalia-oreiro-empece-a-vaciarme-de-mi-propia-historia-para-entregarle-mi-cuerpo-a-la-de-otros\/#breadcrumb\"},\"inLanguage\":\"es\",\"potentialAction\":[{\"@type\":\"ReadAction\",\"target\":[\"https:\/\/lobosnews.com.ar\/index.php\/2026\/03\/15\/natalia-oreiro-empece-a-vaciarme-de-mi-propia-historia-para-entregarle-mi-cuerpo-a-la-de-otros\/\"]}]},{\"@type\":\"ImageObject\",\"inLanguage\":\"es\",\"@id\":\"https:\/\/lobosnews.com.ar\/index.php\/2026\/03\/15\/natalia-oreiro-empece-a-vaciarme-de-mi-propia-historia-para-entregarle-mi-cuerpo-a-la-de-otros\/#primaryimage\",\"url\":\"https:\/\/lobosnews.com.ar\/wp-content\/uploads\/2026\/03\/natalia-oreiro-empece-a-vaciarme-de-mi-propia-historia-para-entregarle-mi-cuerpo-a-la-de-otros-27.jpg\",\"contentUrl\":\"https:\/\/lobosnews.com.ar\/wp-content\/uploads\/2026\/03\/natalia-oreiro-empece-a-vaciarme-de-mi-propia-historia-para-entregarle-mi-cuerpo-a-la-de-otros-27.jpg\",\"width\":1080,\"height\":1228,\"caption\":\"Natalia Oreiro: \u201cEmpec\u00e9 a vaciarme de mi propia historia para entregarle mi cuerpo a la de otros\u201d\"},{\"@type\":\"BreadcrumbList\",\"@id\":\"https:\/\/lobosnews.com.ar\/index.php\/2026\/03\/15\/natalia-oreiro-empece-a-vaciarme-de-mi-propia-historia-para-entregarle-mi-cuerpo-a-la-de-otros\/#breadcrumb\",\"itemListElement\":[{\"@type\":\"ListItem\",\"position\":1,\"name\":\"Portada\",\"item\":\"https:\/\/lobosnews.com.ar\/\"},{\"@type\":\"ListItem\",\"position\":2,\"name\":\"Natalia Oreiro: \u201cEmpec\u00e9 a vaciarme de mi propia historia para entregarle mi cuerpo a la de otros\u201d\"}]},{\"@type\":\"WebSite\",\"@id\":\"https:\/\/lobosnews.com.ar\/#website\",\"url\":\"https:\/\/lobosnews.com.ar\/\",\"name\":\"Lobos News\",\"description\":\"Informaci\u00f3n a cada instante\",\"publisher\":{\"@id\":\"https:\/\/lobosnews.com.ar\/#organization\"},\"potentialAction\":[{\"@type\":\"SearchAction\",\"target\":{\"@type\":\"EntryPoint\",\"urlTemplate\":\"https:\/\/lobosnews.com.ar\/?s={search_term_string}\"},\"query-input\":{\"@type\":\"PropertyValueSpecification\",\"valueRequired\":true,\"valueName\":\"search_term_string\"}}],\"inLanguage\":\"es\"},{\"@type\":\"Organization\",\"@id\":\"https:\/\/lobosnews.com.ar\/#organization\",\"name\":\"Lobos News\",\"url\":\"https:\/\/lobosnews.com.ar\/\",\"logo\":{\"@type\":\"ImageObject\",\"inLanguage\":\"es\",\"@id\":\"https:\/\/lobosnews.com.ar\/#\/schema\/logo\/image\/\",\"url\":\"https:\/\/lobosnews.com.ar\/wp-content\/uploads\/2026\/01\/logo-lobosnews.png\",\"contentUrl\":\"https:\/\/lobosnews.com.ar\/wp-content\/uploads\/2026\/01\/logo-lobosnews.png\",\"width\":500,\"height\":200,\"caption\":\"Lobos News\"},\"image\":{\"@id\":\"https:\/\/lobosnews.com.ar\/#\/schema\/logo\/image\/\"}},{\"@type\":\"Person\",\"@id\":\"https:\/\/lobosnews.com.ar\/#\/schema\/person\/232422a593d5c541dd9aef6aaed10943\",\"name\":\"admin\",\"image\":{\"@type\":\"ImageObject\",\"inLanguage\":\"es\",\"@id\":\"https:\/\/lobosnews.com.ar\/#\/schema\/person\/image\/\",\"url\":\"https:\/\/secure.gravatar.com\/avatar\/76e419471a2083bc3ceab22a763dbbf9b0c1bd15a6214cf3280e2c2dde4580f9?s=96&d=mm&r=g\",\"contentUrl\":\"https:\/\/secure.gravatar.com\/avatar\/76e419471a2083bc3ceab22a763dbbf9b0c1bd15a6214cf3280e2c2dde4580f9?s=96&d=mm&r=g\",\"caption\":\"admin\"},\"sameAs\":[\"https:\/\/lobosnews.com.ar\"],\"url\":\"https:\/\/lobosnews.com.ar\/index.php\/author\/lobos-news\/\"}]}<\/script>\n<!-- \/ Yoast SEO plugin. -->","yoast_head_json":{"title":"Natalia Oreiro: \u201cEmpec\u00e9 a vaciarme de mi propia historia para entregarle mi cuerpo a la de otros\u201d - Lobos News","robots":{"index":"index","follow":"follow","max-snippet":"max-snippet:-1","max-image-preview":"max-image-preview:large","max-video-preview":"max-video-preview:-1"},"canonical":"https:\/\/lobosnews.com.ar\/index.php\/2026\/03\/15\/natalia-oreiro-empece-a-vaciarme-de-mi-propia-historia-para-entregarle-mi-cuerpo-a-la-de-otros\/","og_locale":"es_ES","og_type":"article","og_title":"Natalia Oreiro: \u201cEmpec\u00e9 a vaciarme de mi propia historia para entregarle mi cuerpo a la de otros\u201d - Lobos News","og_description":"La actriz Natalia Oreiro en di\u00e1logo con Teleshow desde Espa\u00f1a, reflej\u00f3 su contexto profesional actual, la alegr\u00eda con que recibi\u00f3 su premio y cada uno de los emotivos momentos de la cedremonia. La solidez de su trayectoria en m\u00fasica, televisi\u00f3n y cinematograf\u00eda le ha permitido acumular un portafolio de proyectos de alto rendimiento en distintos...","og_url":"https:\/\/lobosnews.com.ar\/index.php\/2026\/03\/15\/natalia-oreiro-empece-a-vaciarme-de-mi-propia-historia-para-entregarle-mi-cuerpo-a-la-de-otros\/","og_site_name":"Lobos News","article_published_time":"2026-03-15T05:00:00+00:00","article_modified_time":"2026-03-15T09:28:44+00:00","og_image":[{"url":"https:\/\/lobosnews.com.ar\/wp-content\/uploads\/2026\/03\/natalia-oreiro-empece-a-vaciarme-de-mi-propia-historia-para-entregarle-mi-cuerpo-a-la-de-otros.jpg","type":"","width":"","height":""}],"author":"admin","twitter_card":"summary_large_image","twitter_misc":{"Escrito por":"admin","Tiempo de lectura":"10 minutos"},"schema":{"@context":"https:\/\/schema.org","@graph":[{"@type":"Article","@id":"https:\/\/lobosnews.com.ar\/index.php\/2026\/03\/15\/natalia-oreiro-empece-a-vaciarme-de-mi-propia-historia-para-entregarle-mi-cuerpo-a-la-de-otros\/#article","isPartOf":{"@id":"https:\/\/lobosnews.com.ar\/index.php\/2026\/03\/15\/natalia-oreiro-empece-a-vaciarme-de-mi-propia-historia-para-entregarle-mi-cuerpo-a-la-de-otros\/"},"author":{"name":"admin","@id":"https:\/\/lobosnews.com.ar\/#\/schema\/person\/232422a593d5c541dd9aef6aaed10943"},"headline":"Natalia Oreiro: \u201cEmpec\u00e9 a vaciarme de mi propia historia para entregarle mi cuerpo a la de otros\u201d","datePublished":"2026-03-15T05:00:00+00:00","dateModified":"2026-03-15T09:28:44+00:00","mainEntityOfPage":{"@id":"https:\/\/lobosnews.com.ar\/index.php\/2026\/03\/15\/natalia-oreiro-empece-a-vaciarme-de-mi-propia-historia-para-entregarle-mi-cuerpo-a-la-de-otros\/"},"wordCount":2076,"commentCount":0,"publisher":{"@id":"https:\/\/lobosnews.com.ar\/#organization"},"image":{"@id":"https:\/\/lobosnews.com.ar\/index.php\/2026\/03\/15\/natalia-oreiro-empece-a-vaciarme-de-mi-propia-historia-para-entregarle-mi-cuerpo-a-la-de-otros\/#primaryimage"},"thumbnailUrl":"https:\/\/lobosnews.com.ar\/wp-content\/uploads\/2026\/03\/natalia-oreiro-empece-a-vaciarme-de-mi-propia-historia-para-entregarle-mi-cuerpo-a-la-de-otros-27.jpg","articleSection":["Cine y Series"],"inLanguage":"es","potentialAction":[{"@type":"CommentAction","name":"Comment","target":["https:\/\/lobosnews.com.ar\/index.php\/2026\/03\/15\/natalia-oreiro-empece-a-vaciarme-de-mi-propia-historia-para-entregarle-mi-cuerpo-a-la-de-otros\/#respond"]}]},{"@type":"WebPage","@id":"https:\/\/lobosnews.com.ar\/index.php\/2026\/03\/15\/natalia-oreiro-empece-a-vaciarme-de-mi-propia-historia-para-entregarle-mi-cuerpo-a-la-de-otros\/","url":"https:\/\/lobosnews.com.ar\/index.php\/2026\/03\/15\/natalia-oreiro-empece-a-vaciarme-de-mi-propia-historia-para-entregarle-mi-cuerpo-a-la-de-otros\/","name":"Natalia Oreiro: \u201cEmpec\u00e9 a vaciarme de mi propia historia para entregarle mi cuerpo a la de otros\u201d - Lobos News","isPartOf":{"@id":"https:\/\/lobosnews.com.ar\/#website"},"primaryImageOfPage":{"@id":"https:\/\/lobosnews.com.ar\/index.php\/2026\/03\/15\/natalia-oreiro-empece-a-vaciarme-de-mi-propia-historia-para-entregarle-mi-cuerpo-a-la-de-otros\/#primaryimage"},"image":{"@id":"https:\/\/lobosnews.com.ar\/index.php\/2026\/03\/15\/natalia-oreiro-empece-a-vaciarme-de-mi-propia-historia-para-entregarle-mi-cuerpo-a-la-de-otros\/#primaryimage"},"thumbnailUrl":"https:\/\/lobosnews.com.ar\/wp-content\/uploads\/2026\/03\/natalia-oreiro-empece-a-vaciarme-de-mi-propia-historia-para-entregarle-mi-cuerpo-a-la-de-otros-27.jpg","datePublished":"2026-03-15T05:00:00+00:00","dateModified":"2026-03-15T09:28:44+00:00","breadcrumb":{"@id":"https:\/\/lobosnews.com.ar\/index.php\/2026\/03\/15\/natalia-oreiro-empece-a-vaciarme-de-mi-propia-historia-para-entregarle-mi-cuerpo-a-la-de-otros\/#breadcrumb"},"inLanguage":"es","potentialAction":[{"@type":"ReadAction","target":["https:\/\/lobosnews.com.ar\/index.php\/2026\/03\/15\/natalia-oreiro-empece-a-vaciarme-de-mi-propia-historia-para-entregarle-mi-cuerpo-a-la-de-otros\/"]}]},{"@type":"ImageObject","inLanguage":"es","@id":"https:\/\/lobosnews.com.ar\/index.php\/2026\/03\/15\/natalia-oreiro-empece-a-vaciarme-de-mi-propia-historia-para-entregarle-mi-cuerpo-a-la-de-otros\/#primaryimage","url":"https:\/\/lobosnews.com.ar\/wp-content\/uploads\/2026\/03\/natalia-oreiro-empece-a-vaciarme-de-mi-propia-historia-para-entregarle-mi-cuerpo-a-la-de-otros-27.jpg","contentUrl":"https:\/\/lobosnews.com.ar\/wp-content\/uploads\/2026\/03\/natalia-oreiro-empece-a-vaciarme-de-mi-propia-historia-para-entregarle-mi-cuerpo-a-la-de-otros-27.jpg","width":1080,"height":1228,"caption":"Natalia Oreiro: \u201cEmpec\u00e9 a vaciarme de mi propia historia para entregarle mi cuerpo a la de otros\u201d"},{"@type":"BreadcrumbList","@id":"https:\/\/lobosnews.com.ar\/index.php\/2026\/03\/15\/natalia-oreiro-empece-a-vaciarme-de-mi-propia-historia-para-entregarle-mi-cuerpo-a-la-de-otros\/#breadcrumb","itemListElement":[{"@type":"ListItem","position":1,"name":"Portada","item":"https:\/\/lobosnews.com.ar\/"},{"@type":"ListItem","position":2,"name":"Natalia Oreiro: \u201cEmpec\u00e9 a vaciarme de mi propia historia para entregarle mi cuerpo a la de otros\u201d"}]},{"@type":"WebSite","@id":"https:\/\/lobosnews.com.ar\/#website","url":"https:\/\/lobosnews.com.ar\/","name":"Lobos News","description":"Informaci\u00f3n a cada instante","publisher":{"@id":"https:\/\/lobosnews.com.ar\/#organization"},"potentialAction":[{"@type":"SearchAction","target":{"@type":"EntryPoint","urlTemplate":"https:\/\/lobosnews.com.ar\/?s={search_term_string}"},"query-input":{"@type":"PropertyValueSpecification","valueRequired":true,"valueName":"search_term_string"}}],"inLanguage":"es"},{"@type":"Organization","@id":"https:\/\/lobosnews.com.ar\/#organization","name":"Lobos News","url":"https:\/\/lobosnews.com.ar\/","logo":{"@type":"ImageObject","inLanguage":"es","@id":"https:\/\/lobosnews.com.ar\/#\/schema\/logo\/image\/","url":"https:\/\/lobosnews.com.ar\/wp-content\/uploads\/2026\/01\/logo-lobosnews.png","contentUrl":"https:\/\/lobosnews.com.ar\/wp-content\/uploads\/2026\/01\/logo-lobosnews.png","width":500,"height":200,"caption":"Lobos News"},"image":{"@id":"https:\/\/lobosnews.com.ar\/#\/schema\/logo\/image\/"}},{"@type":"Person","@id":"https:\/\/lobosnews.com.ar\/#\/schema\/person\/232422a593d5c541dd9aef6aaed10943","name":"admin","image":{"@type":"ImageObject","inLanguage":"es","@id":"https:\/\/lobosnews.com.ar\/#\/schema\/person\/image\/","url":"https:\/\/secure.gravatar.com\/avatar\/76e419471a2083bc3ceab22a763dbbf9b0c1bd15a6214cf3280e2c2dde4580f9?s=96&d=mm&r=g","contentUrl":"https:\/\/secure.gravatar.com\/avatar\/76e419471a2083bc3ceab22a763dbbf9b0c1bd15a6214cf3280e2c2dde4580f9?s=96&d=mm&r=g","caption":"admin"},"sameAs":["https:\/\/lobosnews.com.ar"],"url":"https:\/\/lobosnews.com.ar\/index.php\/author\/lobos-news\/"}]}},"jetpack_featured_media_url":"https:\/\/lobosnews.com.ar\/wp-content\/uploads\/2026\/03\/natalia-oreiro-empece-a-vaciarme-de-mi-propia-historia-para-entregarle-mi-cuerpo-a-la-de-otros-27.jpg","jetpack_sharing_enabled":true,"_links":{"self":[{"href":"https:\/\/lobosnews.com.ar\/index.php\/wp-json\/wp\/v2\/posts\/33805","targetHints":{"allow":["GET"]}}],"collection":[{"href":"https:\/\/lobosnews.com.ar\/index.php\/wp-json\/wp\/v2\/posts"}],"about":[{"href":"https:\/\/lobosnews.com.ar\/index.php\/wp-json\/wp\/v2\/types\/post"}],"author":[{"embeddable":true,"href":"https:\/\/lobosnews.com.ar\/index.php\/wp-json\/wp\/v2\/users\/1"}],"replies":[{"embeddable":true,"href":"https:\/\/lobosnews.com.ar\/index.php\/wp-json\/wp\/v2\/comments?post=33805"}],"version-history":[{"count":1,"href":"https:\/\/lobosnews.com.ar\/index.php\/wp-json\/wp\/v2\/posts\/33805\/revisions"}],"predecessor-version":[{"id":33821,"href":"https:\/\/lobosnews.com.ar\/index.php\/wp-json\/wp\/v2\/posts\/33805\/revisions\/33821"}],"wp:featuredmedia":[{"embeddable":true,"href":"https:\/\/lobosnews.com.ar\/index.php\/wp-json\/wp\/v2\/media\/33822"}],"wp:attachment":[{"href":"https:\/\/lobosnews.com.ar\/index.php\/wp-json\/wp\/v2\/media?parent=33805"}],"wp:term":[{"taxonomy":"category","embeddable":true,"href":"https:\/\/lobosnews.com.ar\/index.php\/wp-json\/wp\/v2\/categories?post=33805"},{"taxonomy":"post_tag","embeddable":true,"href":"https:\/\/lobosnews.com.ar\/index.php\/wp-json\/wp\/v2\/tags?post=33805"}],"curies":[{"name":"wp","href":"https:\/\/api.w.org\/{rel}","templated":true}]}}