{"id":33767,"date":"2026-03-15T08:22:30","date_gmt":"2026-03-15T08:22:30","guid":{"rendered":"https:\/\/lobosnews.com.ar\/index.php\/2026\/03\/15\/la-guardia-revolucionaria-de-iran-prometio-perseguir-y-matar-al-primer-ministro-israeli-benjamin-netanyahu\/"},"modified":"2026-03-15T09:18:53","modified_gmt":"2026-03-15T09:18:53","slug":"la-guardia-revolucionaria-de-iran-prometio-perseguir-y-matar-al-primer-ministro-israeli-benjamin-netanyahu","status":"publish","type":"post","link":"https:\/\/lobosnews.com.ar\/index.php\/2026\/03\/15\/la-guardia-revolucionaria-de-iran-prometio-perseguir-y-matar-al-primer-ministro-israeli-benjamin-netanyahu\/","title":{"rendered":"La Guardia Revolucionaria de Ir\u00e1n prometi\u00f3 \u201cperseguir y matar\u201d al primer ministro israel\u00ed Benjamin Netanyahu"},"content":{"rendered":"<p><img fetchpriority=\"high\" decoding=\"async\" src=\"https:\/\/lobosnews.com.ar\/wp-content\/uploads\/2026\/03\/la-guardia-revolucionaria-de-iran-prometio-perseguir-y-matar-al-primer-ministro-israeli-benjamin-netanyahu.jpg\" alt=\"Miembros de la Guardia Revolucionaria de Ir\u00e1n (Europa Press)\" height=\"1363\" width=\"1920\"\/><\/p>\n<p>La <b>Guardia Revolucionaria iran\u00ed<\/b> afirm\u00f3 este domingo que \u201c<b>perseguir\u00e1 sin descanso<\/b>\u201d al primer ministro israel\u00ed, <b>Benjamin Netanyahu<\/b>, con el objetivo de acabar con su vida. La amenaza surge en medio de <\/p>\n<p>\u201c<b>Seguiremos persiguiendo sin descanso y mataremos con fuerza al criminal primer ministro sionista, si es que sigue con vida<\/b>\u201d, indic\u00f3 el ej\u00e9rcito ideol\u00f3gico del r\u00e9gimen en un comunicado difundido por su oficina de relaciones p\u00fablicas y publicado en la web <i>Sepah News<\/i>.<\/p>\n<p>La amenaza se produjo en paralelo al anuncio de la 52\u00aa oleada de ataques iran\u00edes contra sectores industriales en Israel y fuerzas estadounidenses en Medio Oriente, seg\u00fan la Guardia Revolucionaria, que no detall\u00f3 el pa\u00eds atacado.<\/p>\n<p>El 28 de febrero, inicio del conflicto, murieron varios altos cargos iran\u00edes, entre ellos el entonces l\u00edder supremo Ali Khamenei, el comandante en jefe de la Guardia Revolucionaria, general <b>Mohamad Pakpur<\/b>, y el jefe del Estado Mayor de las Fuerzas Armadas, general <b>Abdorrahim Musavi<\/b>.<\/p>\n<p>Desde entonces, <b>Estados Unidos<\/b> e <b>Israel<\/b> bombardearon diariamente territorio iran\u00ed, mientras que Teher\u00e1n responde con ataques a instalaciones estadounidenses y energ\u00e9ticas en la regi\u00f3n, adem\u00e1s de mantener un supuesto bloqueo del <b>Estrecho de Ormuz<\/b>.<\/p>\n<p><img loading=\"lazy\" decoding=\"async\" src=\"https:\/\/lobosnews.com.ar\/wp-content\/uploads\/2026\/03\/la-guardia-revolucionaria-de-iran-prometio-perseguir-y-matar-al-primer-ministro-israeli-benjamin-netanyahu-1.jpg\" alt=\"Un misil del Cuerpo de la Guardia Revolucionaria Isl\u00e1mica (CGRI) es lanzado durante un ejercicio militar frente a la costa sur de Ir\u00e1n (Europa Press) \" height=\"1080\" width=\"1920\"\/><\/p>\n<p>Desde la capital iran\u00ed, el canciller iran\u00ed <b>Abbas Araghchi<\/b> neg\u00f3 el s\u00e1bado que existan problemas de salud en el nuevo l\u00edder supremo, <b>Mojtaba Khamenei<\/b>, en un intento por disipar las dudas surgidas tras el ataque militar conjunto de EEUU e Israel, en el que muri\u00f3 <b>Ali Khamenei<\/b> y varios familiares directos en <b>Teher\u00e1n<\/b>. \u201cNo hay ning\u00fan problema con el nuevo l\u00edder supremo. Envi\u00f3 su mensaje ayer y cumplir\u00e1 con sus deberes\u201d, afirm\u00f3 Araghchi.<\/p>\n<p>Sin embargo, el presidente estadounidense, <b>Donald Trump<\/b>, gener\u00f3 incertidumbre al declarar que no est\u00e1 claro si el nuevo l\u00edder supremo sigue con vida. Durante una entrevista telef\u00f3nica con<i> NBC News<\/i>, el mandatario afirm\u00f3: \u201c<b>No s\u00e9 si siquiera est\u00e1 vivo. Hasta ahora, nadie ha podido demostrarlo<\/b>\u201d.<\/p>\n<p>Las palabras de Trump abrieron interrogantes sobre la situaci\u00f3n y el paradero de Khamenei. En ese sentido, indic\u00f3 que recibi\u00f3 versiones contradictorias sobre el estado del ayatollah. \u201c<b>He o\u00eddo que no est\u00e1 vivo, y si lo est\u00e1, deber\u00eda hacer algo muy inteligente por su pa\u00eds, y eso es rendirse<\/b>\u201d, declar\u00f3, aunque reconoci\u00f3 que la noticia de su posible muerte circula como \u201cun rumor\u201d.<\/p>\n<p><img loading=\"lazy\" decoding=\"async\" src=\"https:\/\/lobosnews.com.ar\/wp-content\/uploads\/2026\/03\/la-guardia-revolucionaria-de-iran-prometio-perseguir-y-matar-al-primer-ministro-israeli-benjamin-netanyahu-2.jpg\" alt=\"El presidente de Estados Unidos, Donald Trump, con el secretario de Defensa, Pete Hegseth, a su lado, habla con periodistas a bordo del Air Force One durante un vuelo desde Dover, Delaware, a Miami, Florida (REUTERS\/Kevin Lamarque\/Archivo)\" height=\"2432\" width=\"3482\"\/><\/p>\n<p>Por su parte, el secretario de Guerra estadounidense, <b>Pete Hegseth<\/b>, sostuvo que Khamenei est\u00e1 \u201c<b>herido y probablemente desfigurado<\/b>\u201d tras los bombardeos iniciales contra el complejo donde resid\u00eda en <b>Teher\u00e1n<\/b>. Hegseth calific\u00f3 de \u201cd\u00e9bil\u201d la reciente declaraci\u00f3n escrita atribuida al l\u00edder iran\u00ed y a\u00f1adi\u00f3: \u201cSabemos que el nuevo l\u00edder, no tan supremo, est\u00e1 herido y probablemente desfigurado. <b>Desesperado y escondido, se ocult\u00f3. Cobarde<\/b>. Eso es lo que hacen las ratas\u201d.<\/p>\n<p>El viernes,<b> Estados Unidos<\/b> ofreci\u00f3 una recompensa de hasta 10 millones de d\u00f3lares por informaci\u00f3n sobre el paradero del nuevo l\u00edder supremo iran\u00ed, <b>Mojtaba Khamenei<\/b>, como parte del programa <b>Recompensas por la Justicia<\/b> del <b>Departamento de Estado<\/b>. La iniciativa solicita datos sobre \u201cl\u00edderes terroristas iran\u00edes\u201d, con la posibilidad de reubicaci\u00f3n para quienes aporten informaci\u00f3n relevante.<\/p>\n<p><img loading=\"lazy\" decoding=\"async\" src=\"https:\/\/lobosnews.com.ar\/wp-content\/uploads\/2026\/03\/la-guardia-revolucionaria-de-iran-prometio-perseguir-y-matar-al-primer-ministro-israeli-benjamin-netanyahu-3.jpg\" alt=\"Este p\u00f3ster del Departamento de Estado de EE. UU. anuncia una recompensa de hasta $10 millones por informaci\u00f3n sobre l\u00edderes clave del IRGC de Ir\u00e1n, como el Ayatol\u00e1 Mojtaba Khamenei, por su implicaci\u00f3n en terrorismo global. (Departamento de Estado de Estados Unidos)\" height=\"1200\" width=\"2048\"\/><\/p>\n<p>El Departamento de Estado sostiene que estos individuos \u201ccomandan y dirigen diversos elementos del Cuerpo de la Guardia Revolucionaria Isl\u00e1mica de Ir\u00e1n (CGRI), que planifica, organiza y ejecuta actos terroristas en todo el mundo\u201d<\/p>\n<p> Entre los funcionarios sobre los que se busca informaci\u00f3n figuran el ministro de Inteligencia, <b>Esmail Khatib<\/b>; el jefe adjunto del Estado Mayor, <b>Ali Asghar Hejazi<\/b>; el general de divisi\u00f3n <b>Yahya Rahim Safavi<\/b>; el general de brigada <b>Eskandar Momeni<\/b>; y el secretario del Consejo Supremo, <b>Ali Larijani<\/b>.<\/p>\n<p>Mientras tanto, en el contexto del ofrecimiento millonario de la administraci\u00f3n del presidente estadounidense <b>Donald Trump<\/b>, <b>Israel<\/b> afirma que ataca puestos de control de seguridad de la <b>Basij<\/b> y del <b>Cuerpo de la Guardia Revolucionaria Isl\u00e1mica (IRGC)<\/b> en <b>Teher\u00e1n<\/b>, y sostiene que agentes de inteligencia y observadores colaboran en el terreno.<\/p>\n<p><i>(Con informaci\u00f3n de EFE)<\/i><\/p>\n","protected":false},"excerpt":{"rendered":"<p>La Guardia Revolucionaria iran\u00ed afirm\u00f3 este domingo que \u201cperseguir\u00e1 sin descanso\u201d al primer ministro israel\u00ed, Benjamin Netanyahu, con el objetivo de acabar con su vida. La amenaza surge en medio de \u201cSeguiremos persiguiendo sin descanso y mataremos con fuerza al criminal primer ministro sionista, si es que sigue con vida\u201d, indic\u00f3 el ej\u00e9rcito ideol\u00f3gico del&#8230;<\/p>\n","protected":false},"author":1,"featured_media":33773,"comment_status":"open","ping_status":"closed","sticky":false,"template":"","format":"standard","meta":{"_jetpack_memberships_contains_paid_content":false,"footnotes":""},"categories":[31],"tags":[],"class_list":["post-33767","post","type-post","status-publish","format-standard","has-post-thumbnail","hentry","category-actualidad"],"magazineBlocksPostFeaturedMedia":{"thumbnail":"https:\/\/lobosnews.com.ar\/wp-content\/uploads\/2026\/03\/la-guardia-revolucionaria-de-iran-prometio-perseguir-y-matar-al-primer-ministro-israeli-benjamin-netanyahu-6-150x150.jpg","medium":"https:\/\/lobosnews.com.ar\/wp-content\/uploads\/2026\/03\/la-guardia-revolucionaria-de-iran-prometio-perseguir-y-matar-al-primer-ministro-israeli-benjamin-netanyahu-6-300x176.jpg","medium_large":"https:\/\/lobosnews.com.ar\/wp-content\/uploads\/2026\/03\/la-guardia-revolucionaria-de-iran-prometio-perseguir-y-matar-al-primer-ministro-israeli-benjamin-netanyahu-6-768x450.jpg","large":"https:\/\/lobosnews.com.ar\/wp-content\/uploads\/2026\/03\/la-guardia-revolucionaria-de-iran-prometio-perseguir-y-matar-al-primer-ministro-israeli-benjamin-netanyahu-6-1024x600.jpg","1536x1536":"https:\/\/lobosnews.com.ar\/wp-content\/uploads\/2026\/03\/la-guardia-revolucionaria-de-iran-prometio-perseguir-y-matar-al-primer-ministro-israeli-benjamin-netanyahu-6-1536x900.jpg","2048x2048":"https:\/\/lobosnews.com.ar\/wp-content\/uploads\/2026\/03\/la-guardia-revolucionaria-de-iran-prometio-perseguir-y-matar-al-primer-ministro-israeli-benjamin-netanyahu-6.jpg","newsmatic-featured":"https:\/\/lobosnews.com.ar\/wp-content\/uploads\/2026\/03\/la-guardia-revolucionaria-de-iran-prometio-perseguir-y-matar-al-primer-ministro-israeli-benjamin-netanyahu-6-820x545.jpg","newsmatic-list":"https:\/\/lobosnews.com.ar\/wp-content\/uploads\/2026\/03\/la-guardia-revolucionaria-de-iran-prometio-perseguir-y-matar-al-primer-ministro-israeli-benjamin-netanyahu-6-600x400.jpg","newsmatic-thumb":"https:\/\/lobosnews.com.ar\/wp-content\/uploads\/2026\/03\/la-guardia-revolucionaria-de-iran-prometio-perseguir-y-matar-al-primer-ministro-israeli-benjamin-netanyahu-6-300x200.jpg","newsmatic-small":"https:\/\/lobosnews.com.ar\/wp-content\/uploads\/2026\/03\/la-guardia-revolucionaria-de-iran-prometio-perseguir-y-matar-al-primer-ministro-israeli-benjamin-netanyahu-6-150x95.jpg","newsmatic-grid":"https:\/\/lobosnews.com.ar\/wp-content\/uploads\/2026\/03\/la-guardia-revolucionaria-de-iran-prometio-perseguir-y-matar-al-primer-ministro-israeli-benjamin-netanyahu-6-400x250.jpg"},"magazineBlocksPostAuthor":{"name":"admin","avatar":"https:\/\/secure.gravatar.com\/avatar\/76e419471a2083bc3ceab22a763dbbf9b0c1bd15a6214cf3280e2c2dde4580f9?s=96&d=mm&r=g"},"magazineBlocksPostCommentsNumber":"0","magazineBlocksPostExcerpt":"La Guardia Revolucionaria iran\u00ed afirm\u00f3 este domingo que \u201cperseguir\u00e1 sin descanso\u201d al primer ministro israel\u00ed, Benjamin Netanyahu, con el objetivo de acabar con su vida. La amenaza surge en medio de \u201cSeguiremos persiguiendo sin descanso y mataremos con fuerza al criminal primer ministro sionista, si es que sigue con vida\u201d, indic\u00f3 el ej\u00e9rcito ideol\u00f3gico del...","magazineBlocksPostCategories":["Actualidad"],"magazineBlocksPostViewCount":85,"magazineBlocksPostReadTime":4,"magazine_blocks_featured_image_url":{"full":["https:\/\/lobosnews.com.ar\/wp-content\/uploads\/2026\/03\/la-guardia-revolucionaria-de-iran-prometio-perseguir-y-matar-al-primer-ministro-israeli-benjamin-netanyahu-6.jpg",2048,1200,false],"medium":["https:\/\/lobosnews.com.ar\/wp-content\/uploads\/2026\/03\/la-guardia-revolucionaria-de-iran-prometio-perseguir-y-matar-al-primer-ministro-israeli-benjamin-netanyahu-6-300x176.jpg",300,176,true],"thumbnail":["https:\/\/lobosnews.com.ar\/wp-content\/uploads\/2026\/03\/la-guardia-revolucionaria-de-iran-prometio-perseguir-y-matar-al-primer-ministro-israeli-benjamin-netanyahu-6-150x150.jpg",150,150,true]},"magazine_blocks_author":{"display_name":"admin","author_link":"https:\/\/lobosnews.com.ar\/index.php\/author\/lobos-news\/"},"magazine_blocks_comment":0,"magazine_blocks_author_image":"https:\/\/secure.gravatar.com\/avatar\/76e419471a2083bc3ceab22a763dbbf9b0c1bd15a6214cf3280e2c2dde4580f9?s=96&d=mm&r=g","magazine_blocks_category":"<a href=\"#\" class=\"category-link category-link-31\">Actualidad<\/a>","yoast_head":"<!-- This site is optimized with the Yoast SEO plugin v26.6 - https:\/\/yoast.com\/wordpress\/plugins\/seo\/ -->\n<title>La Guardia Revolucionaria de Ir\u00e1n prometi\u00f3 \u201cperseguir y matar\u201d al primer ministro israel\u00ed Benjamin Netanyahu - Lobos News<\/title>\n<meta name=\"robots\" content=\"index, follow, max-snippet:-1, max-image-preview:large, max-video-preview:-1\" \/>\n<link rel=\"canonical\" href=\"https:\/\/lobosnews.com.ar\/index.php\/2026\/03\/15\/la-guardia-revolucionaria-de-iran-prometio-perseguir-y-matar-al-primer-ministro-israeli-benjamin-netanyahu\/\" \/>\n<meta property=\"og:locale\" content=\"es_ES\" \/>\n<meta property=\"og:type\" content=\"article\" \/>\n<meta property=\"og:title\" content=\"La Guardia Revolucionaria de Ir\u00e1n prometi\u00f3 \u201cperseguir y matar\u201d al primer ministro israel\u00ed Benjamin Netanyahu - Lobos News\" \/>\n<meta property=\"og:description\" content=\"La Guardia Revolucionaria iran\u00ed afirm\u00f3 este domingo que \u201cperseguir\u00e1 sin descanso\u201d al primer ministro israel\u00ed, Benjamin Netanyahu, con el objetivo de acabar con su vida. La amenaza surge en medio de \u201cSeguiremos persiguiendo sin descanso y mataremos con fuerza al criminal primer ministro sionista, si es que sigue con vida\u201d, indic\u00f3 el ej\u00e9rcito ideol\u00f3gico del...\" \/>\n<meta property=\"og:url\" content=\"https:\/\/lobosnews.com.ar\/index.php\/2026\/03\/15\/la-guardia-revolucionaria-de-iran-prometio-perseguir-y-matar-al-primer-ministro-israeli-benjamin-netanyahu\/\" \/>\n<meta property=\"og:site_name\" content=\"Lobos News\" \/>\n<meta property=\"article:published_time\" content=\"2026-03-15T08:22:30+00:00\" \/>\n<meta property=\"article:modified_time\" content=\"2026-03-15T09:18:53+00:00\" \/>\n<meta property=\"og:image\" content=\"https:\/\/lobosnews.com.ar\/wp-content\/uploads\/2026\/03\/la-guardia-revolucionaria-de-iran-prometio-perseguir-y-matar-al-primer-ministro-israeli-benjamin-netanyahu.jpg\" \/>\n<meta name=\"author\" content=\"admin\" \/>\n<meta name=\"twitter:card\" content=\"summary_large_image\" \/>\n<meta name=\"twitter:label1\" content=\"Escrito por\" \/>\n\t<meta name=\"twitter:data1\" content=\"admin\" \/>\n\t<meta name=\"twitter:label2\" content=\"Tiempo de lectura\" \/>\n\t<meta name=\"twitter:data2\" content=\"3 minutos\" \/>\n<script type=\"application\/ld+json\" class=\"yoast-schema-graph\">{\"@context\":\"https:\/\/schema.org\",\"@graph\":[{\"@type\":\"Article\",\"@id\":\"https:\/\/lobosnews.com.ar\/index.php\/2026\/03\/15\/la-guardia-revolucionaria-de-iran-prometio-perseguir-y-matar-al-primer-ministro-israeli-benjamin-netanyahu\/#article\",\"isPartOf\":{\"@id\":\"https:\/\/lobosnews.com.ar\/index.php\/2026\/03\/15\/la-guardia-revolucionaria-de-iran-prometio-perseguir-y-matar-al-primer-ministro-israeli-benjamin-netanyahu\/\"},\"author\":{\"name\":\"admin\",\"@id\":\"https:\/\/lobosnews.com.ar\/#\/schema\/person\/232422a593d5c541dd9aef6aaed10943\"},\"headline\":\"La Guardia Revolucionaria de Ir\u00e1n prometi\u00f3 \u201cperseguir y matar\u201d al primer ministro israel\u00ed Benjamin Netanyahu\",\"datePublished\":\"2026-03-15T08:22:30+00:00\",\"dateModified\":\"2026-03-15T09:18:53+00:00\",\"mainEntityOfPage\":{\"@id\":\"https:\/\/lobosnews.com.ar\/index.php\/2026\/03\/15\/la-guardia-revolucionaria-de-iran-prometio-perseguir-y-matar-al-primer-ministro-israeli-benjamin-netanyahu\/\"},\"wordCount\":686,\"commentCount\":0,\"publisher\":{\"@id\":\"https:\/\/lobosnews.com.ar\/#organization\"},\"image\":{\"@id\":\"https:\/\/lobosnews.com.ar\/index.php\/2026\/03\/15\/la-guardia-revolucionaria-de-iran-prometio-perseguir-y-matar-al-primer-ministro-israeli-benjamin-netanyahu\/#primaryimage\"},\"thumbnailUrl\":\"https:\/\/lobosnews.com.ar\/wp-content\/uploads\/2026\/03\/la-guardia-revolucionaria-de-iran-prometio-perseguir-y-matar-al-primer-ministro-israeli-benjamin-netanyahu-6.jpg\",\"articleSection\":[\"Actualidad\"],\"inLanguage\":\"es\",\"potentialAction\":[{\"@type\":\"CommentAction\",\"name\":\"Comment\",\"target\":[\"https:\/\/lobosnews.com.ar\/index.php\/2026\/03\/15\/la-guardia-revolucionaria-de-iran-prometio-perseguir-y-matar-al-primer-ministro-israeli-benjamin-netanyahu\/#respond\"]}]},{\"@type\":\"WebPage\",\"@id\":\"https:\/\/lobosnews.com.ar\/index.php\/2026\/03\/15\/la-guardia-revolucionaria-de-iran-prometio-perseguir-y-matar-al-primer-ministro-israeli-benjamin-netanyahu\/\",\"url\":\"https:\/\/lobosnews.com.ar\/index.php\/2026\/03\/15\/la-guardia-revolucionaria-de-iran-prometio-perseguir-y-matar-al-primer-ministro-israeli-benjamin-netanyahu\/\",\"name\":\"La Guardia Revolucionaria de Ir\u00e1n prometi\u00f3 \u201cperseguir y matar\u201d al primer ministro israel\u00ed Benjamin Netanyahu - Lobos News\",\"isPartOf\":{\"@id\":\"https:\/\/lobosnews.com.ar\/#website\"},\"primaryImageOfPage\":{\"@id\":\"https:\/\/lobosnews.com.ar\/index.php\/2026\/03\/15\/la-guardia-revolucionaria-de-iran-prometio-perseguir-y-matar-al-primer-ministro-israeli-benjamin-netanyahu\/#primaryimage\"},\"image\":{\"@id\":\"https:\/\/lobosnews.com.ar\/index.php\/2026\/03\/15\/la-guardia-revolucionaria-de-iran-prometio-perseguir-y-matar-al-primer-ministro-israeli-benjamin-netanyahu\/#primaryimage\"},\"thumbnailUrl\":\"https:\/\/lobosnews.com.ar\/wp-content\/uploads\/2026\/03\/la-guardia-revolucionaria-de-iran-prometio-perseguir-y-matar-al-primer-ministro-israeli-benjamin-netanyahu-6.jpg\",\"datePublished\":\"2026-03-15T08:22:30+00:00\",\"dateModified\":\"2026-03-15T09:18:53+00:00\",\"breadcrumb\":{\"@id\":\"https:\/\/lobosnews.com.ar\/index.php\/2026\/03\/15\/la-guardia-revolucionaria-de-iran-prometio-perseguir-y-matar-al-primer-ministro-israeli-benjamin-netanyahu\/#breadcrumb\"},\"inLanguage\":\"es\",\"potentialAction\":[{\"@type\":\"ReadAction\",\"target\":[\"https:\/\/lobosnews.com.ar\/index.php\/2026\/03\/15\/la-guardia-revolucionaria-de-iran-prometio-perseguir-y-matar-al-primer-ministro-israeli-benjamin-netanyahu\/\"]}]},{\"@type\":\"ImageObject\",\"inLanguage\":\"es\",\"@id\":\"https:\/\/lobosnews.com.ar\/index.php\/2026\/03\/15\/la-guardia-revolucionaria-de-iran-prometio-perseguir-y-matar-al-primer-ministro-israeli-benjamin-netanyahu\/#primaryimage\",\"url\":\"https:\/\/lobosnews.com.ar\/wp-content\/uploads\/2026\/03\/la-guardia-revolucionaria-de-iran-prometio-perseguir-y-matar-al-primer-ministro-israeli-benjamin-netanyahu-6.jpg\",\"contentUrl\":\"https:\/\/lobosnews.com.ar\/wp-content\/uploads\/2026\/03\/la-guardia-revolucionaria-de-iran-prometio-perseguir-y-matar-al-primer-ministro-israeli-benjamin-netanyahu-6.jpg\",\"width\":2048,\"height\":1200,\"caption\":\"La Guardia Revolucionaria de Ir\u00e1n prometi\u00f3 \u201cperseguir y matar\u201d al primer ministro israel\u00ed Benjamin Netanyahu\"},{\"@type\":\"BreadcrumbList\",\"@id\":\"https:\/\/lobosnews.com.ar\/index.php\/2026\/03\/15\/la-guardia-revolucionaria-de-iran-prometio-perseguir-y-matar-al-primer-ministro-israeli-benjamin-netanyahu\/#breadcrumb\",\"itemListElement\":[{\"@type\":\"ListItem\",\"position\":1,\"name\":\"Portada\",\"item\":\"https:\/\/lobosnews.com.ar\/\"},{\"@type\":\"ListItem\",\"position\":2,\"name\":\"La Guardia Revolucionaria de Ir\u00e1n prometi\u00f3 \u201cperseguir y matar\u201d al primer ministro israel\u00ed Benjamin Netanyahu\"}]},{\"@type\":\"WebSite\",\"@id\":\"https:\/\/lobosnews.com.ar\/#website\",\"url\":\"https:\/\/lobosnews.com.ar\/\",\"name\":\"Lobos News\",\"description\":\"Informaci\u00f3n a cada instante\",\"publisher\":{\"@id\":\"https:\/\/lobosnews.com.ar\/#organization\"},\"potentialAction\":[{\"@type\":\"SearchAction\",\"target\":{\"@type\":\"EntryPoint\",\"urlTemplate\":\"https:\/\/lobosnews.com.ar\/?s={search_term_string}\"},\"query-input\":{\"@type\":\"PropertyValueSpecification\",\"valueRequired\":true,\"valueName\":\"search_term_string\"}}],\"inLanguage\":\"es\"},{\"@type\":\"Organization\",\"@id\":\"https:\/\/lobosnews.com.ar\/#organization\",\"name\":\"Lobos News\",\"url\":\"https:\/\/lobosnews.com.ar\/\",\"logo\":{\"@type\":\"ImageObject\",\"inLanguage\":\"es\",\"@id\":\"https:\/\/lobosnews.com.ar\/#\/schema\/logo\/image\/\",\"url\":\"https:\/\/lobosnews.com.ar\/wp-content\/uploads\/2026\/01\/logo-lobosnews.png\",\"contentUrl\":\"https:\/\/lobosnews.com.ar\/wp-content\/uploads\/2026\/01\/logo-lobosnews.png\",\"width\":500,\"height\":200,\"caption\":\"Lobos News\"},\"image\":{\"@id\":\"https:\/\/lobosnews.com.ar\/#\/schema\/logo\/image\/\"}},{\"@type\":\"Person\",\"@id\":\"https:\/\/lobosnews.com.ar\/#\/schema\/person\/232422a593d5c541dd9aef6aaed10943\",\"name\":\"admin\",\"image\":{\"@type\":\"ImageObject\",\"inLanguage\":\"es\",\"@id\":\"https:\/\/lobosnews.com.ar\/#\/schema\/person\/image\/\",\"url\":\"https:\/\/secure.gravatar.com\/avatar\/76e419471a2083bc3ceab22a763dbbf9b0c1bd15a6214cf3280e2c2dde4580f9?s=96&d=mm&r=g\",\"contentUrl\":\"https:\/\/secure.gravatar.com\/avatar\/76e419471a2083bc3ceab22a763dbbf9b0c1bd15a6214cf3280e2c2dde4580f9?s=96&d=mm&r=g\",\"caption\":\"admin\"},\"sameAs\":[\"https:\/\/lobosnews.com.ar\"],\"url\":\"https:\/\/lobosnews.com.ar\/index.php\/author\/lobos-news\/\"}]}<\/script>\n<!-- \/ Yoast SEO plugin. -->","yoast_head_json":{"title":"La Guardia Revolucionaria de Ir\u00e1n prometi\u00f3 \u201cperseguir y matar\u201d al primer ministro israel\u00ed Benjamin Netanyahu - Lobos News","robots":{"index":"index","follow":"follow","max-snippet":"max-snippet:-1","max-image-preview":"max-image-preview:large","max-video-preview":"max-video-preview:-1"},"canonical":"https:\/\/lobosnews.com.ar\/index.php\/2026\/03\/15\/la-guardia-revolucionaria-de-iran-prometio-perseguir-y-matar-al-primer-ministro-israeli-benjamin-netanyahu\/","og_locale":"es_ES","og_type":"article","og_title":"La Guardia Revolucionaria de Ir\u00e1n prometi\u00f3 \u201cperseguir y matar\u201d al primer ministro israel\u00ed Benjamin Netanyahu - Lobos News","og_description":"La Guardia Revolucionaria iran\u00ed afirm\u00f3 este domingo que \u201cperseguir\u00e1 sin descanso\u201d al primer ministro israel\u00ed, Benjamin Netanyahu, con el objetivo de acabar con su vida. La amenaza surge en medio de \u201cSeguiremos persiguiendo sin descanso y mataremos con fuerza al criminal primer ministro sionista, si es que sigue con vida\u201d, indic\u00f3 el ej\u00e9rcito ideol\u00f3gico del...","og_url":"https:\/\/lobosnews.com.ar\/index.php\/2026\/03\/15\/la-guardia-revolucionaria-de-iran-prometio-perseguir-y-matar-al-primer-ministro-israeli-benjamin-netanyahu\/","og_site_name":"Lobos News","article_published_time":"2026-03-15T08:22:30+00:00","article_modified_time":"2026-03-15T09:18:53+00:00","og_image":[{"url":"https:\/\/lobosnews.com.ar\/wp-content\/uploads\/2026\/03\/la-guardia-revolucionaria-de-iran-prometio-perseguir-y-matar-al-primer-ministro-israeli-benjamin-netanyahu.jpg","type":"","width":"","height":""}],"author":"admin","twitter_card":"summary_large_image","twitter_misc":{"Escrito por":"admin","Tiempo de lectura":"3 minutos"},"schema":{"@context":"https:\/\/schema.org","@graph":[{"@type":"Article","@id":"https:\/\/lobosnews.com.ar\/index.php\/2026\/03\/15\/la-guardia-revolucionaria-de-iran-prometio-perseguir-y-matar-al-primer-ministro-israeli-benjamin-netanyahu\/#article","isPartOf":{"@id":"https:\/\/lobosnews.com.ar\/index.php\/2026\/03\/15\/la-guardia-revolucionaria-de-iran-prometio-perseguir-y-matar-al-primer-ministro-israeli-benjamin-netanyahu\/"},"author":{"name":"admin","@id":"https:\/\/lobosnews.com.ar\/#\/schema\/person\/232422a593d5c541dd9aef6aaed10943"},"headline":"La Guardia Revolucionaria de Ir\u00e1n prometi\u00f3 \u201cperseguir y matar\u201d al primer ministro israel\u00ed Benjamin Netanyahu","datePublished":"2026-03-15T08:22:30+00:00","dateModified":"2026-03-15T09:18:53+00:00","mainEntityOfPage":{"@id":"https:\/\/lobosnews.com.ar\/index.php\/2026\/03\/15\/la-guardia-revolucionaria-de-iran-prometio-perseguir-y-matar-al-primer-ministro-israeli-benjamin-netanyahu\/"},"wordCount":686,"commentCount":0,"publisher":{"@id":"https:\/\/lobosnews.com.ar\/#organization"},"image":{"@id":"https:\/\/lobosnews.com.ar\/index.php\/2026\/03\/15\/la-guardia-revolucionaria-de-iran-prometio-perseguir-y-matar-al-primer-ministro-israeli-benjamin-netanyahu\/#primaryimage"},"thumbnailUrl":"https:\/\/lobosnews.com.ar\/wp-content\/uploads\/2026\/03\/la-guardia-revolucionaria-de-iran-prometio-perseguir-y-matar-al-primer-ministro-israeli-benjamin-netanyahu-6.jpg","articleSection":["Actualidad"],"inLanguage":"es","potentialAction":[{"@type":"CommentAction","name":"Comment","target":["https:\/\/lobosnews.com.ar\/index.php\/2026\/03\/15\/la-guardia-revolucionaria-de-iran-prometio-perseguir-y-matar-al-primer-ministro-israeli-benjamin-netanyahu\/#respond"]}]},{"@type":"WebPage","@id":"https:\/\/lobosnews.com.ar\/index.php\/2026\/03\/15\/la-guardia-revolucionaria-de-iran-prometio-perseguir-y-matar-al-primer-ministro-israeli-benjamin-netanyahu\/","url":"https:\/\/lobosnews.com.ar\/index.php\/2026\/03\/15\/la-guardia-revolucionaria-de-iran-prometio-perseguir-y-matar-al-primer-ministro-israeli-benjamin-netanyahu\/","name":"La Guardia Revolucionaria de Ir\u00e1n prometi\u00f3 \u201cperseguir y matar\u201d al primer ministro israel\u00ed Benjamin Netanyahu - Lobos News","isPartOf":{"@id":"https:\/\/lobosnews.com.ar\/#website"},"primaryImageOfPage":{"@id":"https:\/\/lobosnews.com.ar\/index.php\/2026\/03\/15\/la-guardia-revolucionaria-de-iran-prometio-perseguir-y-matar-al-primer-ministro-israeli-benjamin-netanyahu\/#primaryimage"},"image":{"@id":"https:\/\/lobosnews.com.ar\/index.php\/2026\/03\/15\/la-guardia-revolucionaria-de-iran-prometio-perseguir-y-matar-al-primer-ministro-israeli-benjamin-netanyahu\/#primaryimage"},"thumbnailUrl":"https:\/\/lobosnews.com.ar\/wp-content\/uploads\/2026\/03\/la-guardia-revolucionaria-de-iran-prometio-perseguir-y-matar-al-primer-ministro-israeli-benjamin-netanyahu-6.jpg","datePublished":"2026-03-15T08:22:30+00:00","dateModified":"2026-03-15T09:18:53+00:00","breadcrumb":{"@id":"https:\/\/lobosnews.com.ar\/index.php\/2026\/03\/15\/la-guardia-revolucionaria-de-iran-prometio-perseguir-y-matar-al-primer-ministro-israeli-benjamin-netanyahu\/#breadcrumb"},"inLanguage":"es","potentialAction":[{"@type":"ReadAction","target":["https:\/\/lobosnews.com.ar\/index.php\/2026\/03\/15\/la-guardia-revolucionaria-de-iran-prometio-perseguir-y-matar-al-primer-ministro-israeli-benjamin-netanyahu\/"]}]},{"@type":"ImageObject","inLanguage":"es","@id":"https:\/\/lobosnews.com.ar\/index.php\/2026\/03\/15\/la-guardia-revolucionaria-de-iran-prometio-perseguir-y-matar-al-primer-ministro-israeli-benjamin-netanyahu\/#primaryimage","url":"https:\/\/lobosnews.com.ar\/wp-content\/uploads\/2026\/03\/la-guardia-revolucionaria-de-iran-prometio-perseguir-y-matar-al-primer-ministro-israeli-benjamin-netanyahu-6.jpg","contentUrl":"https:\/\/lobosnews.com.ar\/wp-content\/uploads\/2026\/03\/la-guardia-revolucionaria-de-iran-prometio-perseguir-y-matar-al-primer-ministro-israeli-benjamin-netanyahu-6.jpg","width":2048,"height":1200,"caption":"La Guardia Revolucionaria de Ir\u00e1n prometi\u00f3 \u201cperseguir y matar\u201d al primer ministro israel\u00ed Benjamin Netanyahu"},{"@type":"BreadcrumbList","@id":"https:\/\/lobosnews.com.ar\/index.php\/2026\/03\/15\/la-guardia-revolucionaria-de-iran-prometio-perseguir-y-matar-al-primer-ministro-israeli-benjamin-netanyahu\/#breadcrumb","itemListElement":[{"@type":"ListItem","position":1,"name":"Portada","item":"https:\/\/lobosnews.com.ar\/"},{"@type":"ListItem","position":2,"name":"La Guardia Revolucionaria de Ir\u00e1n prometi\u00f3 \u201cperseguir y matar\u201d al primer ministro israel\u00ed Benjamin Netanyahu"}]},{"@type":"WebSite","@id":"https:\/\/lobosnews.com.ar\/#website","url":"https:\/\/lobosnews.com.ar\/","name":"Lobos News","description":"Informaci\u00f3n a cada instante","publisher":{"@id":"https:\/\/lobosnews.com.ar\/#organization"},"potentialAction":[{"@type":"SearchAction","target":{"@type":"EntryPoint","urlTemplate":"https:\/\/lobosnews.com.ar\/?s={search_term_string}"},"query-input":{"@type":"PropertyValueSpecification","valueRequired":true,"valueName":"search_term_string"}}],"inLanguage":"es"},{"@type":"Organization","@id":"https:\/\/lobosnews.com.ar\/#organization","name":"Lobos News","url":"https:\/\/lobosnews.com.ar\/","logo":{"@type":"ImageObject","inLanguage":"es","@id":"https:\/\/lobosnews.com.ar\/#\/schema\/logo\/image\/","url":"https:\/\/lobosnews.com.ar\/wp-content\/uploads\/2026\/01\/logo-lobosnews.png","contentUrl":"https:\/\/lobosnews.com.ar\/wp-content\/uploads\/2026\/01\/logo-lobosnews.png","width":500,"height":200,"caption":"Lobos News"},"image":{"@id":"https:\/\/lobosnews.com.ar\/#\/schema\/logo\/image\/"}},{"@type":"Person","@id":"https:\/\/lobosnews.com.ar\/#\/schema\/person\/232422a593d5c541dd9aef6aaed10943","name":"admin","image":{"@type":"ImageObject","inLanguage":"es","@id":"https:\/\/lobosnews.com.ar\/#\/schema\/person\/image\/","url":"https:\/\/secure.gravatar.com\/avatar\/76e419471a2083bc3ceab22a763dbbf9b0c1bd15a6214cf3280e2c2dde4580f9?s=96&d=mm&r=g","contentUrl":"https:\/\/secure.gravatar.com\/avatar\/76e419471a2083bc3ceab22a763dbbf9b0c1bd15a6214cf3280e2c2dde4580f9?s=96&d=mm&r=g","caption":"admin"},"sameAs":["https:\/\/lobosnews.com.ar"],"url":"https:\/\/lobosnews.com.ar\/index.php\/author\/lobos-news\/"}]}},"jetpack_featured_media_url":"https:\/\/lobosnews.com.ar\/wp-content\/uploads\/2026\/03\/la-guardia-revolucionaria-de-iran-prometio-perseguir-y-matar-al-primer-ministro-israeli-benjamin-netanyahu-6.jpg","jetpack_sharing_enabled":true,"_links":{"self":[{"href":"https:\/\/lobosnews.com.ar\/index.php\/wp-json\/wp\/v2\/posts\/33767","targetHints":{"allow":["GET"]}}],"collection":[{"href":"https:\/\/lobosnews.com.ar\/index.php\/wp-json\/wp\/v2\/posts"}],"about":[{"href":"https:\/\/lobosnews.com.ar\/index.php\/wp-json\/wp\/v2\/types\/post"}],"author":[{"embeddable":true,"href":"https:\/\/lobosnews.com.ar\/index.php\/wp-json\/wp\/v2\/users\/1"}],"replies":[{"embeddable":true,"href":"https:\/\/lobosnews.com.ar\/index.php\/wp-json\/wp\/v2\/comments?post=33767"}],"version-history":[{"count":1,"href":"https:\/\/lobosnews.com.ar\/index.php\/wp-json\/wp\/v2\/posts\/33767\/revisions"}],"predecessor-version":[{"id":33772,"href":"https:\/\/lobosnews.com.ar\/index.php\/wp-json\/wp\/v2\/posts\/33767\/revisions\/33772"}],"wp:featuredmedia":[{"embeddable":true,"href":"https:\/\/lobosnews.com.ar\/index.php\/wp-json\/wp\/v2\/media\/33773"}],"wp:attachment":[{"href":"https:\/\/lobosnews.com.ar\/index.php\/wp-json\/wp\/v2\/media?parent=33767"}],"wp:term":[{"taxonomy":"category","embeddable":true,"href":"https:\/\/lobosnews.com.ar\/index.php\/wp-json\/wp\/v2\/categories?post=33767"},{"taxonomy":"post_tag","embeddable":true,"href":"https:\/\/lobosnews.com.ar\/index.php\/wp-json\/wp\/v2\/tags?post=33767"}],"curies":[{"name":"wp","href":"https:\/\/api.w.org\/{rel}","templated":true}]}}